{"id":10082,"date":"2020-04-30T19:46:30","date_gmt":"2020-04-30T17:46:30","guid":{"rendered":"https:\/\/news.museofratellicozzi.com\/?p=10082"},"modified":"2024-01-17T16:19:32","modified_gmt":"2024-01-17T15:19:32","slug":"segni-particolari-bellissimi","status":"publish","type":"post","link":"https:\/\/www.museofratellicozzi.com\/news\/segni-particolari-bellissimi\/","title":{"rendered":"Tutti al Cinema 4 PUNTATA"},"content":{"rendered":"\n[et_pb_section fb_built=&#8221;1&#8243; custom_padding=&#8221;0px|||&#8221; custom_width_percent=&#8221;80&#8243; admin_label=&#8221;Sezione&#8221;][et_pb_row make_fullwidth=&#8221;on&#8221; custom_width_percent=&#8221;80&#8243; use_custom_gutter=&#8221;on&#8221; gutter_width=&#8221;1&#8243; custom_padding=&#8221;0px|||&#8221; parallax_method_1=&#8221;off&#8221; disabled_on=&#8221;off|off|off&#8221; admin_label=&#8221;Riga&#8221;][et_pb_column type=&#8221;4_4&#8243; parallax=&#8221;off&#8221; parallax_method=&#8221;off&#8221;][et_pb_video src=&#8221;https:\/\/youtu.be\/lMWllCWccMs&#8221; admin_label=&#8221;Video&#8221;]\r\n[\/et_pb_video][\/et_pb_column][\/et_pb_row][et_pb_row custom_width_percent=&#8221;80&#8243; custom_padding=&#8221;22px||0px|&#8221; parallax_method_1=&#8221;off&#8221; admin_label=&#8221;Riga&#8221;][et_pb_column type=&#8221;4_4&#8243; parallax=&#8221;off&#8221; parallax_method=&#8221;off&#8221;][et_pb_text admin_label=&#8221;Categoria&#8221; header_font_size=&#8221;30&#8243; header_letter_spacing=&#8221;0&#8243; header_line_height=&#8221;1&#8243; text_text_color=&#8221;#bcbcbc&#8221; text_letter_spacing=&#8221;2&#8243; text_line_height=&#8221;1.7&#8243; custom_margin=&#8221;||10px|&#8221; custom_margin_last_edited=&#8221;on|tablet&#8221;]\r\n\r\n<strong>CINEMALFA 3\u00b0PUNTATA<\/strong>\r\n\r\n[\/et_pb_text][et_pb_text admin_label=&#8221;Titolo&#8221; header_font=&#8221;PT Sans||||&#8221; header_font_size=&#8221;48&#8243; header_font_size_tablet=&#8221;46&#8243; header_font_size_last_edited=&#8221;on|desktop&#8221; header_text_color=&#8221;#000000&#8243; header_letter_spacing=&#8221;0&#8243; header_line_height=&#8221;1.2&#8243; text_font=&#8221;PT Sans||||&#8221; text_font_size=&#8221;72&#8243; text_font_size_tablet=&#8221;60&#8243; text_font_size_last_edited=&#8221;on|desktop&#8221; text_text_color=&#8221;#000000&#8243; text_letter_spacing=&#8221;0&#8243; text_letter_spacing_last_edited=&#8221;on|desktop&#8221; text_line_height=&#8221;1.1&#8243; text_line_height_last_edited=&#8221;on|&#8221; custom_margin=&#8221;0px||0px|&#8221;]\r\n<p style=\"margin-bottom: 0cm; line-height: 100%; orphans: 0; widows: 0;\">Segni particolari? Bellissimo!<\/p>\r\n[\/et_pb_text][et_pb_text admin_label=&#8221;Data&#8221; header_font_size=&#8221;30&#8243; header_letter_spacing=&#8221;0&#8243; header_line_height=&#8221;1&#8243; text_font=&#8221;PT Sans|on|||&#8221; text_font_size=&#8221;18&#8243; text_text_color=&#8221;#363636&#8243; text_letter_spacing=&#8221;0&#8243; text_line_height=&#8221;1.7&#8243; custom_margin=&#8221;10px||0px|&#8221;]\r\n\r\n01 maggio, 2020\r\n\r\n[\/et_pb_text][\/et_pb_column][\/et_pb_row][\/et_pb_section][et_pb_section fb_built=&#8221;1&#8243; background_color=&#8221;#f7f7f4&#8243; custom_padding=&#8221;36.4219px|0px|36.4219px|5px&#8221; custom_width_percent=&#8221;80&#8243; admin_label=&#8221;Section&#8221;][et_pb_row custom_width_percent=&#8221;80&#8243; custom_padding=&#8221;0px|||&#8221; padding_mobile=&#8221;on&#8221; column_padding_mobile=&#8221;on&#8221; parallax_method_1=&#8221;off&#8221; parallax_method_2=&#8221;off&#8221; admin_label=&#8221;row&#8221;][et_pb_column type=&#8221;1_3&#8243; parallax=&#8221;off&#8221; parallax_method=&#8221;off&#8221; column_padding_mobile=&#8221;on&#8221;][\/et_pb_column][et_pb_column type=&#8221;2_3&#8243; parallax=&#8221;off&#8221; parallax_method=&#8221;off&#8221; column_padding_mobile=&#8221;on&#8221;][et_pb_text max_width=&#8221;620px&#8221; admin_label=&#8221;Occhiello&#8221; header_font_size=&#8221;30&#8243; header_letter_spacing=&#8221;0&#8243; header_line_height=&#8221;1&#8243; text_font=&#8221;PT Sans|on|||&#8221; text_font_size=&#8221;24&#8243; text_font_size_last_edited=&#8221;on|desktop&#8221; text_text_color=&#8221;#363636&#8243; text_letter_spacing=&#8221;0&#8243; text_line_height=&#8221;1.4&#8243; custom_margin=&#8221;10px||0px|&#8221;]\r\n\r\nE qui non c&#8217;\u00e8 storia! Comunque la pensiate in fatto di motori, nessuno pu\u00f2 battere un Duetto che impenna&#8230; perch\u00e9 &#8220;con la moto \u00e8 facile&#8221;. Avete gi\u00e0 capito di che film parleremo oggi nella 4\u00b0 puntata del nostro Drive-In.\r\n\r\n[\/et_pb_text][et_pb_text max_width=&#8221;620px&#8221; admin_label=&#8221;Blocco testo 1&#8243; header_font_size=&#8221;30&#8243; header_letter_spacing=&#8221;0&#8243; header_line_height=&#8221;1&#8243; text_font=&#8221;PT Sans||||&#8221; text_font_size=&#8221;20&#8243; text_font_size_last_edited=&#8221;on|tablet&#8221; text_text_color=&#8221;#363636&#8243; text_letter_spacing=&#8221;0&#8243; text_line_height=&#8221;1.5&#8243; custom_margin=&#8221;30px||0px|&#8221;]<p>Restiamo negli anni &#8217;80 con un film che segue la scia del &#8220;Bisbetico Domato&#8221;. Anche in questa pellicola Adrian \u00e8 bello e irraggiungibile con donne bellissime che farebbero qualunque cosa per lui e, anche se non siamo proprio nel genere fantasy, ci troveremo davanti a scene di &#8220;realt\u00e0 aumentata&#8221;. Ma inutile distrarci in disamine, vogliamo vedere lei, la vera protagonista di questa pellicola:\u00a0&#8220;Alfa Romeo Spider Aerodinamica rossa&#8221;<\/p>\n<p style=\"text-align: center;\"><span style=\"color: #ff0000;\">#LaCulturaNonSiFerma #DistantiMaUniti<\/span><\/p>\n<p style=\"text-align: center;\"><span style=\"color: #ff0000;\">#LaCulturaCura #InsiemePerIlClassico<\/span><\/p>\n[\/et_pb_text][\/et_pb_column][\/et_pb_row][et_pb_row custom_width_percent=&#8221;80&#8243; custom_padding=&#8221;50px|||&#8221; custom_padding_tablet=&#8221;17px|||&#8221; column_padding_mobile=&#8221;on&#8221; parallax_method_1=&#8221;off&#8221; parallax_method_2=&#8221;off&#8221; disabled_on=&#8221;off||&#8221; admin_label=&#8221;Row&#8221; custom_padding_last_edited=&#8221;on|tablet&#8221;][et_pb_column type=&#8221;1_4&#8243; parallax=&#8221;off&#8221; parallax_method=&#8221;off&#8221; column_padding_mobile=&#8221;on&#8221;][\/et_pb_column][et_pb_column type=&#8221;3_4&#8243; parallax=&#8221;off&#8221; parallax_method=&#8221;off&#8221; column_padding_mobile=&#8221;on&#8221;][et_pb_gallery gallery_ids=&#8221;10083,10084,10085,10086,10087,10088,10089,10090,10091,10092&#8243; fullwidth=&#8221;on&#8221; admin_label=&#8221;Galleria&#8221; caption_letter_spacing_tablet=&#8221;0&#8243; caption_letter_spacing_phone=&#8221;0&#8243; caption_line_height_tablet=&#8221;18&#8243; caption_line_height_phone=&#8221;18&#8243; title_letter_spacing=&#8221;0&#8243; title_line_height=&#8221;1&#8243;]\r\n[\/et_pb_gallery][\/et_pb_column][\/et_pb_row][et_pb_row custom_width_percent=&#8221;80&#8243; custom_padding=&#8221;0px|||&#8221; padding_mobile=&#8221;on&#8221; column_padding_mobile=&#8221;on&#8221; parallax_method_1=&#8221;off&#8221; parallax_method_2=&#8221;off&#8221; admin_label=&#8221;row&#8221;][et_pb_column type=&#8221;1_3&#8243; parallax=&#8221;off&#8221; parallax_method=&#8221;off&#8221; column_padding_mobile=&#8221;on&#8221;][\/et_pb_column][et_pb_column type=&#8221;2_3&#8243; parallax=&#8221;off&#8221; parallax_method=&#8221;off&#8221; column_padding_mobile=&#8221;on&#8221;][et_pb_text max_width=&#8221;620px&#8221; admin_label=&#8221;Blocco testo 1&#8243; header_font_size=&#8221;30&#8243; header_letter_spacing=&#8221;0&#8243; header_line_height=&#8221;1&#8243; text_font=&#8221;PT Sans||||&#8221; text_font_size=&#8221;20&#8243; text_font_size_last_edited=&#8221;on|tablet&#8221; text_text_color=&#8221;#363636&#8243; text_letter_spacing=&#8221;0&#8243; text_line_height=&#8221;1.5&#8243; custom_margin=&#8221;30px||0px|&#8221;]<p><a href=\"http:\/\/www.cinemalfa.it\/\" target=\"_blank\" rel=\"noopener\"><strong>CINEMALFA PRESENTA: Segni particolari: bellissimo (1983)<\/strong><\/a><\/p>\n<p>Durata 95 minuti \u2013 Genere: commedia \u2013 Regia: Castellano e Pipolo<br \/>\nCast: Adriano Celentano, Federica Moro, Gianni Bonagura, Anna Kanakis, Tiberio Murgia, Enzo De Toma, Silvio Spaccesi, Giacomo Rosselli, Jimmy Il Fenomeno.<\/p>\n<p>Il \u201cmolleggiato\u201d arriva al cinema facendo registrare il quinto posto nella stagione cinematografica 1983-1984 e lo fa con questa commedia a tratti surreale in cui interpreta Mattia, un playboy e scrittore di successo che due giorni prima del matrimonio decide di confessarsi ripercorrendo tutte le sue vicende e le sue effimere e fugaci relazioni amorose. In tutte queste storie pi\u00f9 o meno durature la sua giovane vicina di casa finge ogni volta di essere sua figlia per poter permettere a Mattia di liberarsi, con le scuse pi\u00f9 disparate, delle donne che vorrebbero una storia con lui. Ma la giovane vicina \u00e8 fondamentalmente innamorata di Mattia nonostante la forte differenza d\u2019et\u00e0. A tal proposito c\u2019\u00e8 il bellissimo e surreale discorso col benzinaio (Enzo De Toma) prima che l\u2019Adriano nazionale parta con la sua bellissima Alfa Romeo Spider Aerodinamica rossa per una tranquilla passeggiata che si trasforma in una sfida. Infatti il Duetto si \u201cingarella\u201d in una sfida con una SWM XN350 arrivando addirittura ad impennare dopo aver detto la famosa frase: \u201c..beh certo con la motocicletta \u00e8 facile. E\u2019 con la macchina che \u00e8 difficile!\u201d.<br \/>\nPer inciso, Mattia e la sua giovane vicina si sposeranno.<\/p>\n<p><strong>Curiosit\u00e0:<\/strong> la discoteca dalla quale esce <strong>Adriano<\/strong> con la donna appena conosciuta ed entra a bordo della Spider molleggiando \u00e8 ancora esistente: si tratta del Fairy Club a Calolziocorte (LC). La donna invece \u00e8\u00a0Katherine Quaye, in arte\u00a0<strong>Taffy,<\/strong> cantante statunitense, prodotta da Claudio Cecchetto, che ebbe un discreto successo anche in Italia: suo il brano\u00a0 &#8220;Walk Into The Daylight&#8221; che fu la prima sigla di Deejay television su Italia 1.<\/p>\n<p>Il benzinaio <strong>Enzo De Toma<\/strong> moltissimi lo ricorderanno per essere il famoso personaggio in bicicletta della pubblicit\u00e0 dei pennelli \u201cCinghiale\u201d con il celeberrimo slogan.<\/p>\n[\/et_pb_text][\/et_pb_column][\/et_pb_row][et_pb_row custom_width_percent=&#8221;80&#8243; custom_padding=&#8221;50px|||&#8221; custom_padding_tablet=&#8221;17px|||&#8221; column_padding_mobile=&#8221;on&#8221; parallax_method_1=&#8221;off&#8221; parallax_method_2=&#8221;off&#8221; disabled_on=&#8221;off||&#8221; admin_label=&#8221;Row&#8221; custom_padding_last_edited=&#8221;on|tablet&#8221;][et_pb_column type=&#8221;1_2&#8243; parallax=&#8221;off&#8221; parallax_method=&#8221;off&#8221; column_padding_mobile=&#8221;on&#8221;][et_pb_image src=&#8221;https:\/\/www.museofratellicozzi.com\/news\/wp-content\/uploads\/2020\/04\/Immagine-MUSEO-interno-articolo-Divi-4.png&#8221; admin_label=&#8221;Immagine&#8221;] [\/et_pb_image][\/et_pb_column][et_pb_column type=&#8221;1_2&#8243; parallax=&#8221;off&#8221; parallax_method=&#8221;off&#8221; column_padding_mobile=&#8221;on&#8221;][et_pb_image src=&#8221;https:\/\/www.museofratellicozzi.com\/news\/wp-content\/uploads\/2020\/04\/Immagine-MUSEO-interno-articolo-Divi-5.png&#8221; admin_label=&#8221;Immagine&#8221;]\r\n[\/et_pb_image][\/et_pb_column][\/et_pb_row][et_pb_row custom_width_percent=&#8221;80&#8243; custom_padding=&#8221;0px|||&#8221; padding_mobile=&#8221;on&#8221; column_padding_mobile=&#8221;on&#8221; parallax_method_1=&#8221;off&#8221; parallax_method_2=&#8221;off&#8221; admin_label=&#8221;row&#8221;][et_pb_column type=&#8221;1_3&#8243; parallax=&#8221;off&#8221; parallax_method=&#8221;off&#8221; column_padding_mobile=&#8221;on&#8221;][\/et_pb_column][et_pb_column type=&#8221;2_3&#8243; parallax=&#8221;off&#8221; parallax_method=&#8221;off&#8221; column_padding_mobile=&#8221;on&#8221;][et_pb_text max_width=&#8221;620px&#8221; admin_label=&#8221;Blocco testo 1&#8243; header_font_size=&#8221;30&#8243; header_letter_spacing=&#8221;0&#8243; header_line_height=&#8221;1&#8243; text_font=&#8221;PT Sans||||&#8221; text_font_size=&#8221;20&#8243; text_font_size_last_edited=&#8221;on|tablet&#8221; text_text_color=&#8221;#363636&#8243; text_letter_spacing=&#8221;0&#8243; text_line_height=&#8221;1.5&#8243; custom_margin=&#8221;30px||0px|&#8221;]<p><a href=\"http:\/\/www.museo-fisogni.org\/\" target=\"_blank\" rel=\"noopener\"><strong>FACCIAMO IL PIENO CON MUSEO FISOGNI<\/strong><\/a><\/p>\n<p>Tra le scene pi&ugrave; divertenti del film, vi &egrave; certamente quella ambientata all&rsquo;area di servizio IP (situata in via XXV aprile a Valmadrera, oggi a marchio ENI), nella quale Celentano racconta a un confuso benzinaio i suoi problemi di cuore. Una cosa, vedendo questo film, &egrave; sicura: il benzinaio, oltre ad essere un efficiente addetto al rifornimento, pu&ograve; anche un ottimo ascoltatore; se negli anni &rsquo;50 i cinegiornali intervistavano un gestore milanese con la passione per l&rsquo;arte, un <a href=\"https:\/\/patrimonio.archivioluce.com\/luce-web\/detail\/IL5000054093\/2\/milano-pittore-benzinaio.html?startPage=0&amp;amp;jsonVal=%7b%22jsonVal%22:%7b%22query%22:%5b%22benzinaio%20pittore%22%5d,%22fieldDate%22:%22dataNormal%22,%22_perPage%22:20%7d%7d\" target=\"_blank\" rel=\"noopener\">&ldquo;pittore-benzinaio&rdquo;<\/a>,&nbsp;&nbsp;Celentano offre il ritratto dello &ldquo;psicologo-benzinaio&rdquo;.<br \/> Per quanto riguarda la IP di quegli anni, si trattava di una societ&agrave; giovane ma al contempo antica: la Italiana Petroli nacque infatti nel 1974, dopo la cessione della Shell delle proprie attivit&agrave; all&rsquo;AGIP (salvo poi tornare negli anni &rsquo;80 con la Monteshell), ma la sua storia affonda le radici nella vecchia societ&agrave; &ldquo;Nafta&rdquo; (la Shell in Italia, appunto), nata nel 1912. Il marchio IP sarebbe diventato noto al grande pubblico soprattutto dalla met&agrave; degli anni &rsquo;80, con la sponsorizzazione della Nazionale di calcio. Dal 2005, la IP sarebbe poi entrata nell&rsquo;attuale gruppo Api e IP.<\/p>[\/et_pb_text][\/et_pb_column][\/et_pb_row][\/et_pb_section]\n","protected":false},"excerpt":{"rendered":"<p>#RestateACasa\u2026 ci pensiamo noi a farvi compagnia e a portarvi al cinema, in Alfa ovviamente: 4\u00b0 puntata &#8220;Segni particolari bellissimo&#8221;<\/p>\n","protected":false},"author":5,"featured_media":10095,"comment_status":"closed","ping_status":"closed","sticky":false,"template":"","format":"standard","meta":{"_et_pb_use_builder":"on","_et_pb_old_content":"","_et_gb_content_width":"","_jetpack_memberships_contains_paid_content":false,"footnotes":""},"categories":[151,805],"tags":[21,352,574,474,456,587,575,588,580],"class_list":["post-10082","post","type-post","status-publish","format-standard","has-post-thumbnail","hentry","category-eventi","category-succede-al-museo","tag-alfa-romeo","tag-cinema","tag-cinemalfa","tag-drive-in","tag-evento","tag-parigi","tag-pellicola","tag-valeria-golino","tag-web-laculturacura","et-has-post-format-content","et_post_format-et-post-format-standard"],"yoast_head":"<!-- This site is optimized with the Yoast SEO plugin v26.8 - https:\/\/yoast.com\/product\/yoast-seo-wordpress\/ -->\n<title>Tutti al Cinema 4 PUNTATA - eNews Museo Fratelli Cozzi<\/title>\n<meta name=\"description\" content=\"4 Puntata #RestateACasa #LaCulturaNonSiFerma\u2026 ci pensiamo noi a farvi compagnia e a portarvi al cinema, in Alfa ovviamente. Non dimenticate il pop corn\" \/>\n<meta name=\"robots\" content=\"index, follow, max-snippet:-1, max-image-preview:large, max-video-preview:-1\" \/>\n<link rel=\"canonical\" href=\"https:\/\/www.museofratellicozzi.com\/news\/segni-particolari-bellissimi\/\" \/>\n<meta property=\"og:locale\" content=\"it_IT\" \/>\n<meta property=\"og:type\" content=\"article\" \/>\n<meta property=\"og:title\" content=\"Tutti al Cinema 4 PUNTATA - eNews Museo Fratelli Cozzi\" \/>\n<meta property=\"og:description\" content=\"4 Puntata #RestateACasa #LaCulturaNonSiFerma\u2026 ci pensiamo noi a farvi compagnia e a portarvi al cinema, in Alfa ovviamente. Non dimenticate il pop corn\" \/>\n<meta property=\"og:url\" content=\"https:\/\/www.museofratellicozzi.com\/news\/segni-particolari-bellissimi\/\" \/>\n<meta property=\"og:site_name\" content=\"eNews Museo Fratelli Cozzi\" \/>\n<meta property=\"article:published_time\" content=\"2020-04-30T17:46:30+00:00\" \/>\n<meta property=\"article:modified_time\" content=\"2024-01-17T15:19:32+00:00\" \/>\n<meta property=\"og:image\" content=\"https:\/\/www.museofratellicozzi.com\/news\/wp-content\/uploads\/2020\/04\/Immagine-evidenza-WIP-9.png\" \/>\n\t<meta property=\"og:image:width\" content=\"560\" \/>\n\t<meta property=\"og:image:height\" content=\"315\" \/>\n\t<meta property=\"og:image:type\" content=\"image\/png\" \/>\n<meta name=\"author\" content=\"Laura Defendi\" \/>\n<meta name=\"twitter:card\" content=\"summary_large_image\" \/>\n<meta name=\"twitter:label1\" content=\"Scritto da\" \/>\n\t<meta name=\"twitter:data1\" content=\"Laura Defendi\" \/>\n\t<meta name=\"twitter:label2\" content=\"Tempo di lettura stimato\" \/>\n\t<meta name=\"twitter:data2\" content=\"4 minuti\" \/>\n<script type=\"application\/ld+json\" class=\"yoast-schema-graph\">{\"@context\":\"https:\/\/schema.org\",\"@graph\":[{\"@type\":\"Article\",\"@id\":\"https:\/\/www.museofratellicozzi.com\/news\/segni-particolari-bellissimi\/#article\",\"isPartOf\":{\"@id\":\"https:\/\/www.museofratellicozzi.com\/news\/segni-particolari-bellissimi\/\"},\"author\":{\"name\":\"Laura Defendi\",\"@id\":\"https:\/\/www.museofratellicozzi.com\/news\/#\/schema\/person\/9c1de5abfab71104e0bfe41cca1b7072\"},\"headline\":\"Tutti al Cinema 4 PUNTATA\",\"datePublished\":\"2020-04-30T17:46:30+00:00\",\"dateModified\":\"2024-01-17T15:19:32+00:00\",\"mainEntityOfPage\":{\"@id\":\"https:\/\/www.museofratellicozzi.com\/news\/segni-particolari-bellissimi\/\"},\"wordCount\":1519,\"publisher\":{\"@id\":\"https:\/\/www.museofratellicozzi.com\/news\/#organization\"},\"image\":{\"@id\":\"https:\/\/www.museofratellicozzi.com\/news\/segni-particolari-bellissimi\/#primaryimage\"},\"thumbnailUrl\":\"https:\/\/www.museofratellicozzi.com\/news\/wp-content\/uploads\/2020\/04\/Immagine-evidenza-WIP-9.png\",\"keywords\":[\"alfa romeo\",\"cinema\",\"Cinemalfa\",\"drive in\",\"evento\",\"Parigi\",\"Pellicola\",\"Valeria Golino\",\"web #Laculturacura\"],\"articleSection\":[\"Eventi\",\"Succede al museo\"],\"inLanguage\":\"it-IT\"},{\"@type\":\"WebPage\",\"@id\":\"https:\/\/www.museofratellicozzi.com\/news\/segni-particolari-bellissimi\/\",\"url\":\"https:\/\/www.museofratellicozzi.com\/news\/segni-particolari-bellissimi\/\",\"name\":\"Tutti al Cinema 4 PUNTATA - eNews Museo Fratelli Cozzi\",\"isPartOf\":{\"@id\":\"https:\/\/www.museofratellicozzi.com\/news\/#website\"},\"primaryImageOfPage\":{\"@id\":\"https:\/\/www.museofratellicozzi.com\/news\/segni-particolari-bellissimi\/#primaryimage\"},\"image\":{\"@id\":\"https:\/\/www.museofratellicozzi.com\/news\/segni-particolari-bellissimi\/#primaryimage\"},\"thumbnailUrl\":\"https:\/\/www.museofratellicozzi.com\/news\/wp-content\/uploads\/2020\/04\/Immagine-evidenza-WIP-9.png\",\"datePublished\":\"2020-04-30T17:46:30+00:00\",\"dateModified\":\"2024-01-17T15:19:32+00:00\",\"description\":\"4 Puntata #RestateACasa #LaCulturaNonSiFerma\u2026 ci pensiamo noi a farvi compagnia e a portarvi al cinema, in Alfa ovviamente. Non dimenticate il pop corn\",\"breadcrumb\":{\"@id\":\"https:\/\/www.museofratellicozzi.com\/news\/segni-particolari-bellissimi\/#breadcrumb\"},\"inLanguage\":\"it-IT\",\"potentialAction\":[{\"@type\":\"ReadAction\",\"target\":[\"https:\/\/www.museofratellicozzi.com\/news\/segni-particolari-bellissimi\/\"]}]},{\"@type\":\"ImageObject\",\"inLanguage\":\"it-IT\",\"@id\":\"https:\/\/www.museofratellicozzi.com\/news\/segni-particolari-bellissimi\/#primaryimage\",\"url\":\"https:\/\/www.museofratellicozzi.com\/news\/wp-content\/uploads\/2020\/04\/Immagine-evidenza-WIP-9.png\",\"contentUrl\":\"https:\/\/www.museofratellicozzi.com\/news\/wp-content\/uploads\/2020\/04\/Immagine-evidenza-WIP-9.png\",\"width\":560,\"height\":315},{\"@type\":\"BreadcrumbList\",\"@id\":\"https:\/\/www.museofratellicozzi.com\/news\/segni-particolari-bellissimi\/#breadcrumb\",\"itemListElement\":[{\"@type\":\"ListItem\",\"position\":1,\"name\":\"Home\",\"item\":\"https:\/\/www.museofratellicozzi.com\/news\/\"},{\"@type\":\"ListItem\",\"position\":2,\"name\":\"Tutti al Cinema 4 PUNTATA\"}]},{\"@type\":\"WebSite\",\"@id\":\"https:\/\/www.museofratellicozzi.com\/news\/#website\",\"url\":\"https:\/\/www.museofratellicozzi.com\/news\/\",\"name\":\"eNews Museo Fratelli Cozzi\",\"description\":\"Alfa Romeo: un mito che resiste al tempo\",\"publisher\":{\"@id\":\"https:\/\/www.museofratellicozzi.com\/news\/#organization\"},\"potentialAction\":[{\"@type\":\"SearchAction\",\"target\":{\"@type\":\"EntryPoint\",\"urlTemplate\":\"https:\/\/www.museofratellicozzi.com\/news\/?s={search_term_string}\"},\"query-input\":{\"@type\":\"PropertyValueSpecification\",\"valueRequired\":true,\"valueName\":\"search_term_string\"}}],\"inLanguage\":\"it-IT\"},{\"@type\":\"Organization\",\"@id\":\"https:\/\/www.museofratellicozzi.com\/news\/#organization\",\"name\":\"Museo Fratelli Cozzi\",\"url\":\"https:\/\/www.museofratellicozzi.com\/news\/\",\"logo\":{\"@type\":\"ImageObject\",\"inLanguage\":\"it-IT\",\"@id\":\"https:\/\/www.museofratellicozzi.com\/news\/#\/schema\/logo\/image\/\",\"url\":\"https:\/\/www.museofratellicozzi.com\/news\/wp-content\/uploads\/2017\/04\/home.png\",\"contentUrl\":\"https:\/\/www.museofratellicozzi.com\/news\/wp-content\/uploads\/2017\/04\/home.png\",\"width\":497,\"height\":512,\"caption\":\"Museo Fratelli Cozzi\"},\"image\":{\"@id\":\"https:\/\/www.museofratellicozzi.com\/news\/#\/schema\/logo\/image\/\"}},{\"@type\":\"Person\",\"@id\":\"https:\/\/www.museofratellicozzi.com\/news\/#\/schema\/person\/9c1de5abfab71104e0bfe41cca1b7072\",\"name\":\"Laura Defendi\",\"image\":{\"@type\":\"ImageObject\",\"inLanguage\":\"it-IT\",\"@id\":\"https:\/\/www.museofratellicozzi.com\/news\/#\/schema\/person\/image\/\",\"url\":\"https:\/\/secure.gravatar.com\/avatar\/fa196a116a28416a994aad4b629b4ae8?s=96&d=mm&r=g\",\"contentUrl\":\"https:\/\/secure.gravatar.com\/avatar\/fa196a116a28416a994aad4b629b4ae8?s=96&d=mm&r=g\",\"caption\":\"Laura Defendi\"}}]}<\/script>\n<!-- \/ Yoast SEO plugin. -->","yoast_head_json":{"title":"Tutti al Cinema 4 PUNTATA - eNews Museo Fratelli Cozzi","description":"4 Puntata #RestateACasa #LaCulturaNonSiFerma\u2026 ci pensiamo noi a farvi compagnia e a portarvi al cinema, in Alfa ovviamente. Non dimenticate il pop corn","robots":{"index":"index","follow":"follow","max-snippet":"max-snippet:-1","max-image-preview":"max-image-preview:large","max-video-preview":"max-video-preview:-1"},"canonical":"https:\/\/www.museofratellicozzi.com\/news\/segni-particolari-bellissimi\/","og_locale":"it_IT","og_type":"article","og_title":"Tutti al Cinema 4 PUNTATA - eNews Museo Fratelli Cozzi","og_description":"4 Puntata #RestateACasa #LaCulturaNonSiFerma\u2026 ci pensiamo noi a farvi compagnia e a portarvi al cinema, in Alfa ovviamente. Non dimenticate il pop corn","og_url":"https:\/\/www.museofratellicozzi.com\/news\/segni-particolari-bellissimi\/","og_site_name":"eNews Museo Fratelli Cozzi","article_published_time":"2020-04-30T17:46:30+00:00","article_modified_time":"2024-01-17T15:19:32+00:00","og_image":[{"width":560,"height":315,"url":"https:\/\/www.museofratellicozzi.com\/news\/wp-content\/uploads\/2020\/04\/Immagine-evidenza-WIP-9.png","type":"image\/png"}],"author":"Laura Defendi","twitter_card":"summary_large_image","twitter_misc":{"Scritto da":"Laura Defendi","Tempo di lettura stimato":"4 minuti"},"schema":{"@context":"https:\/\/schema.org","@graph":[{"@type":"Article","@id":"https:\/\/www.museofratellicozzi.com\/news\/segni-particolari-bellissimi\/#article","isPartOf":{"@id":"https:\/\/www.museofratellicozzi.com\/news\/segni-particolari-bellissimi\/"},"author":{"name":"Laura Defendi","@id":"https:\/\/www.museofratellicozzi.com\/news\/#\/schema\/person\/9c1de5abfab71104e0bfe41cca1b7072"},"headline":"Tutti al Cinema 4 PUNTATA","datePublished":"2020-04-30T17:46:30+00:00","dateModified":"2024-01-17T15:19:32+00:00","mainEntityOfPage":{"@id":"https:\/\/www.museofratellicozzi.com\/news\/segni-particolari-bellissimi\/"},"wordCount":1519,"publisher":{"@id":"https:\/\/www.museofratellicozzi.com\/news\/#organization"},"image":{"@id":"https:\/\/www.museofratellicozzi.com\/news\/segni-particolari-bellissimi\/#primaryimage"},"thumbnailUrl":"https:\/\/www.museofratellicozzi.com\/news\/wp-content\/uploads\/2020\/04\/Immagine-evidenza-WIP-9.png","keywords":["alfa romeo","cinema","Cinemalfa","drive in","evento","Parigi","Pellicola","Valeria Golino","web #Laculturacura"],"articleSection":["Eventi","Succede al museo"],"inLanguage":"it-IT"},{"@type":"WebPage","@id":"https:\/\/www.museofratellicozzi.com\/news\/segni-particolari-bellissimi\/","url":"https:\/\/www.museofratellicozzi.com\/news\/segni-particolari-bellissimi\/","name":"Tutti al Cinema 4 PUNTATA - eNews Museo Fratelli Cozzi","isPartOf":{"@id":"https:\/\/www.museofratellicozzi.com\/news\/#website"},"primaryImageOfPage":{"@id":"https:\/\/www.museofratellicozzi.com\/news\/segni-particolari-bellissimi\/#primaryimage"},"image":{"@id":"https:\/\/www.museofratellicozzi.com\/news\/segni-particolari-bellissimi\/#primaryimage"},"thumbnailUrl":"https:\/\/www.museofratellicozzi.com\/news\/wp-content\/uploads\/2020\/04\/Immagine-evidenza-WIP-9.png","datePublished":"2020-04-30T17:46:30+00:00","dateModified":"2024-01-17T15:19:32+00:00","description":"4 Puntata #RestateACasa #LaCulturaNonSiFerma\u2026 ci pensiamo noi a farvi compagnia e a portarvi al cinema, in Alfa ovviamente. Non dimenticate il pop corn","breadcrumb":{"@id":"https:\/\/www.museofratellicozzi.com\/news\/segni-particolari-bellissimi\/#breadcrumb"},"inLanguage":"it-IT","potentialAction":[{"@type":"ReadAction","target":["https:\/\/www.museofratellicozzi.com\/news\/segni-particolari-bellissimi\/"]}]},{"@type":"ImageObject","inLanguage":"it-IT","@id":"https:\/\/www.museofratellicozzi.com\/news\/segni-particolari-bellissimi\/#primaryimage","url":"https:\/\/www.museofratellicozzi.com\/news\/wp-content\/uploads\/2020\/04\/Immagine-evidenza-WIP-9.png","contentUrl":"https:\/\/www.museofratellicozzi.com\/news\/wp-content\/uploads\/2020\/04\/Immagine-evidenza-WIP-9.png","width":560,"height":315},{"@type":"BreadcrumbList","@id":"https:\/\/www.museofratellicozzi.com\/news\/segni-particolari-bellissimi\/#breadcrumb","itemListElement":[{"@type":"ListItem","position":1,"name":"Home","item":"https:\/\/www.museofratellicozzi.com\/news\/"},{"@type":"ListItem","position":2,"name":"Tutti al Cinema 4 PUNTATA"}]},{"@type":"WebSite","@id":"https:\/\/www.museofratellicozzi.com\/news\/#website","url":"https:\/\/www.museofratellicozzi.com\/news\/","name":"eNews Museo Fratelli Cozzi","description":"Alfa Romeo: un mito che resiste al tempo","publisher":{"@id":"https:\/\/www.museofratellicozzi.com\/news\/#organization"},"potentialAction":[{"@type":"SearchAction","target":{"@type":"EntryPoint","urlTemplate":"https:\/\/www.museofratellicozzi.com\/news\/?s={search_term_string}"},"query-input":{"@type":"PropertyValueSpecification","valueRequired":true,"valueName":"search_term_string"}}],"inLanguage":"it-IT"},{"@type":"Organization","@id":"https:\/\/www.museofratellicozzi.com\/news\/#organization","name":"Museo Fratelli Cozzi","url":"https:\/\/www.museofratellicozzi.com\/news\/","logo":{"@type":"ImageObject","inLanguage":"it-IT","@id":"https:\/\/www.museofratellicozzi.com\/news\/#\/schema\/logo\/image\/","url":"https:\/\/www.museofratellicozzi.com\/news\/wp-content\/uploads\/2017\/04\/home.png","contentUrl":"https:\/\/www.museofratellicozzi.com\/news\/wp-content\/uploads\/2017\/04\/home.png","width":497,"height":512,"caption":"Museo Fratelli Cozzi"},"image":{"@id":"https:\/\/www.museofratellicozzi.com\/news\/#\/schema\/logo\/image\/"}},{"@type":"Person","@id":"https:\/\/www.museofratellicozzi.com\/news\/#\/schema\/person\/9c1de5abfab71104e0bfe41cca1b7072","name":"Laura Defendi","image":{"@type":"ImageObject","inLanguage":"it-IT","@id":"https:\/\/www.museofratellicozzi.com\/news\/#\/schema\/person\/image\/","url":"https:\/\/secure.gravatar.com\/avatar\/fa196a116a28416a994aad4b629b4ae8?s=96&d=mm&r=g","contentUrl":"https:\/\/secure.gravatar.com\/avatar\/fa196a116a28416a994aad4b629b4ae8?s=96&d=mm&r=g","caption":"Laura Defendi"}}]}},"jetpack_featured_media_url":"https:\/\/www.museofratellicozzi.com\/news\/wp-content\/uploads\/2020\/04\/Immagine-evidenza-WIP-9.png","jetpack_shortlink":"https:\/\/wp.me\/p90Eth-2CC","jetpack_sharing_enabled":true,"post_mailing_queue_ids":[],"_links":{"self":[{"href":"https:\/\/www.museofratellicozzi.com\/news\/wp-json\/wp\/v2\/posts\/10082","targetHints":{"allow":["GET"]}}],"collection":[{"href":"https:\/\/www.museofratellicozzi.com\/news\/wp-json\/wp\/v2\/posts"}],"about":[{"href":"https:\/\/www.museofratellicozzi.com\/news\/wp-json\/wp\/v2\/types\/post"}],"author":[{"embeddable":true,"href":"https:\/\/www.museofratellicozzi.com\/news\/wp-json\/wp\/v2\/users\/5"}],"replies":[{"embeddable":true,"href":"https:\/\/www.museofratellicozzi.com\/news\/wp-json\/wp\/v2\/comments?post=10082"}],"version-history":[{"count":9,"href":"https:\/\/www.museofratellicozzi.com\/news\/wp-json\/wp\/v2\/posts\/10082\/revisions"}],"predecessor-version":[{"id":11640,"href":"https:\/\/www.museofratellicozzi.com\/news\/wp-json\/wp\/v2\/posts\/10082\/revisions\/11640"}],"wp:featuredmedia":[{"embeddable":true,"href":"https:\/\/www.museofratellicozzi.com\/news\/wp-json\/wp\/v2\/media\/10095"}],"wp:attachment":[{"href":"https:\/\/www.museofratellicozzi.com\/news\/wp-json\/wp\/v2\/media?parent=10082"}],"wp:term":[{"taxonomy":"category","embeddable":true,"href":"https:\/\/www.museofratellicozzi.com\/news\/wp-json\/wp\/v2\/categories?post=10082"},{"taxonomy":"post_tag","embeddable":true,"href":"https:\/\/www.museofratellicozzi.com\/news\/wp-json\/wp\/v2\/tags?post=10082"}],"curies":[{"name":"wp","href":"https:\/\/api.w.org\/{rel}","templated":true}]}}