{"id":10140,"date":"2020-05-15T15:10:35","date_gmt":"2020-05-15T13:10:35","guid":{"rendered":"https:\/\/news.museofratellicozzi.com\/?p=10140"},"modified":"2024-01-17T16:19:32","modified_gmt":"2024-01-17T15:19:32","slug":"bella-lodi","status":"publish","type":"post","link":"https:\/\/www.museofratellicozzi.com\/news\/bella-lodi\/","title":{"rendered":"Tutti al Cinema 6 PUNTATA"},"content":{"rendered":"\n[et_pb_section bb_built=&#8221;1&#8243; admin_label=&#8221;Sezione&#8221; custom_padding=&#8221;0px|||&#8221; custom_width_percent=&#8221;80&#8243;][et_pb_row admin_label=&#8221;Riga&#8221; make_fullwidth=&#8221;on&#8221; custom_width_percent=&#8221;80&#8243; use_custom_gutter=&#8221;on&#8221; gutter_width=&#8221;1&#8243; custom_padding=&#8221;0px|||&#8221; parallax_method_1=&#8221;off&#8221; disabled_on=&#8221;off|off|off&#8221;][et_pb_column type=&#8221;4_4&#8243;][et_pb_video admin_label=&#8221;Video&#8221; src=&#8221;https:\/\/youtu.be\/Ul62ORa0IbU&#8221;]\r\n\r\n&nbsp;\r\n\r\n[\/et_pb_video][\/et_pb_column][\/et_pb_row][et_pb_row admin_label=&#8221;Riga&#8221; custom_width_percent=&#8221;80&#8243; custom_padding=&#8221;22px||0px|&#8221; parallax_method_1=&#8221;off&#8221;][et_pb_column type=&#8221;4_4&#8243;][et_pb_text admin_label=&#8221;Categoria&#8221; header_font_size=&#8221;30&#8243; header_letter_spacing=&#8221;0&#8243; header_line_height=&#8221;1&#8243; text_text_color=&#8221;#bcbcbc&#8221; text_letter_spacing=&#8221;2&#8243; text_line_height=&#8221;1.7&#8243; custom_margin=&#8221;||10px|&#8221; custom_margin_last_edited=&#8221;on|tablet&#8221;]\r\n\r\n<strong>CINEMALFA 6\u00b0PUNTATA<\/strong>\r\n\r\n[\/et_pb_text][et_pb_text admin_label=&#8221;Titolo&#8221; header_font=&#8221;PT Sans||||&#8221; header_font_size=&#8221;48&#8243; header_font_size_tablet=&#8221;46&#8243; header_font_size_last_edited=&#8221;on|desktop&#8221; header_text_color=&#8221;#000000&#8243; header_letter_spacing=&#8221;0&#8243; header_line_height=&#8221;1.2&#8243; text_font=&#8221;PT Sans||||&#8221; text_font_size=&#8221;72&#8243; text_font_size_tablet=&#8221;60&#8243; text_font_size_last_edited=&#8221;on|desktop&#8221; text_text_color=&#8221;#000000&#8243; text_letter_spacing=&#8221;0&#8243; text_letter_spacing_last_edited=&#8221;on|desktop&#8221; text_line_height=&#8221;1.1&#8243; text_line_height_last_edited=&#8221;on|&#8221; custom_margin=&#8221;0px||0px|&#8221;]\r\n<p style=\"margin-bottom: 0cm; line-height: 100%; orphans: 0; widows: 0;\">La bella di Lodi<\/p>\r\n[\/et_pb_text][et_pb_text admin_label=&#8221;Data&#8221; header_font_size=&#8221;30&#8243; header_letter_spacing=&#8221;0&#8243; header_line_height=&#8221;1&#8243; text_font=&#8221;PT Sans|on|||&#8221; text_font_size=&#8221;18&#8243; text_text_color=&#8221;#363636&#8243; text_letter_spacing=&#8221;0&#8243; text_line_height=&#8221;1.7&#8243; custom_margin=&#8221;10px||0px|&#8221;]\r\n\r\n15 maggio, 2020\r\n\r\n[\/et_pb_text][\/et_pb_column][\/et_pb_row][\/et_pb_section][et_pb_section bb_built=&#8221;1&#8243; admin_label=&#8221;Section&#8221; background_color=&#8221;#f7f7f4&#8243; custom_padding=&#8221;36.4219px|0px|36.4219px|5px&#8221; custom_width_percent=&#8221;80&#8243;][et_pb_row admin_label=&#8221;row&#8221; custom_width_percent=&#8221;80&#8243; custom_padding=&#8221;0px|||&#8221; padding_mobile=&#8221;on&#8221; column_padding_mobile=&#8221;on&#8221; parallax_method_1=&#8221;off&#8221; parallax_method_2=&#8221;off&#8221;][et_pb_column type=&#8221;1_3&#8243;][\/et_pb_column][et_pb_column type=&#8221;2_3&#8243;][et_pb_text admin_label=&#8221;Occhiello&#8221; max_width=&#8221;620px&#8221; header_font_size=&#8221;30&#8243; header_letter_spacing=&#8221;0&#8243; header_line_height=&#8221;1&#8243; text_font=&#8221;PT Sans|on|||&#8221; text_font_size=&#8221;24&#8243; text_font_size_last_edited=&#8221;on|desktop&#8221; text_text_color=&#8221;#363636&#8243; text_letter_spacing=&#8221;0&#8243; text_line_height=&#8221;1.4&#8243; custom_margin=&#8221;10px||0px|&#8221;]\r\n\r\nOggi torniamo nei fantastici anni &#8217;60 con una giovanissima Stefania Sandrelli&#8230;e Giulietta.\r\n\r\n[\/et_pb_text][et_pb_text admin_label=&#8221;Blocco testo 1&#8243; max_width=&#8221;620px&#8221; header_font_size=&#8221;30&#8243; header_letter_spacing=&#8221;0&#8243; header_line_height=&#8221;1&#8243; text_font=&#8221;PT Sans||||&#8221; text_font_size=&#8221;20&#8243; text_font_size_last_edited=&#8221;on|tablet&#8221; text_text_color=&#8221;#363636&#8243; text_letter_spacing=&#8221;0&#8243; text_line_height=&#8221;1.5&#8243; custom_margin=&#8221;30px||0px|&#8221;]\r\n\r\nSiamo nel 1963, Stefania Sandrelli \u00e8 giovanissima. Il lodigiano fa da sfondo a questa pellicola che vede protagonista la bellissima Giulietta. Una carrellata di grandi brand ricompone il puzzle dei ricordi legati, volenti o nolenti, alla pubblicit\u00e0 che capeggiava ovunque. Tutti elementi che rendono imperdibile questo nuovo appuntamento con il nostro Drive-In virtuale, in compagnia degli amici di <a href=\"http:\/\/www.cinemalfa.it\/\" target=\"_blank\" rel=\"noopener\">Cinemalfa<\/a> e<a href=\"https:\/\/www.museofratellicozzi.com\/news\/chiamatemi-giulietta\/\" target=\"_blank\" rel=\"noopener\"> Museo Fisogni.<\/a> Buona Visione\r\n<p style=\"text-align: center;\"><span style=\"color: #ff0000;\">#LaCulturaNonSiFerma #DistantiMaUniti<\/span><\/p>\r\n<p style=\"text-align: center;\"><span style=\"color: #ff0000;\">#LaCulturaCura #InsiemePerIlClassico<\/span><\/p>\r\n[\/et_pb_text][\/et_pb_column][\/et_pb_row][et_pb_row admin_label=&#8221;Row&#8221; custom_width_percent=&#8221;80&#8243; custom_padding=&#8221;50px|||&#8221; custom_padding_tablet=&#8221;17px|||&#8221; column_padding_mobile=&#8221;on&#8221; parallax_method_1=&#8221;off&#8221; parallax_method_2=&#8221;off&#8221; disabled_on=&#8221;off||&#8221; custom_padding_last_edited=&#8221;on|tablet&#8221;][et_pb_column type=&#8221;1_4&#8243;][\/et_pb_column][et_pb_column type=&#8221;3_4&#8243;][et_pb_gallery admin_label=&#8221;Galleria&#8221; gallery_ids=&#8221;10144,10145,10146,10147,10148,10149,10150,10151,10160,10161,10162&#8243; fullwidth=&#8221;on&#8221; caption_letter_spacing_tablet=&#8221;0&#8243; caption_line_height_tablet=&#8221;18&#8243; title_letter_spacing=&#8221;0&#8243; title_line_height=&#8221;1&#8243; orientation=&#8221;landscape&#8221; show_title_and_caption=&#8221;on&#8221; show_pagination=&#8221;on&#8221; background_layout=&#8221;light&#8221; auto=&#8221;off&#8221; hover_overlay_color=&#8221;rgba(255,255,255,0.9)&#8221; caption_letter_spacing=&#8221;0&#8243; caption_line_height=&#8221;18&#8243; use_border_color=&#8221;off&#8221; border_color=&#8221;#ffffff&#8221; border_width=&#8221;1&#8243; border_style=&#8221;solid&#8221;]\r\n\r\n&nbsp;\r\n\r\n[\/et_pb_gallery][\/et_pb_column][\/et_pb_row][et_pb_row admin_label=&#8221;row&#8221; custom_width_percent=&#8221;80&#8243; custom_padding=&#8221;0px|||&#8221; padding_mobile=&#8221;on&#8221; column_padding_mobile=&#8221;on&#8221; parallax_method_1=&#8221;off&#8221; parallax_method_2=&#8221;off&#8221;][et_pb_column type=&#8221;1_3&#8243;][\/et_pb_column][et_pb_column type=&#8221;2_3&#8243;][et_pb_text admin_label=&#8221;Blocco testo 1&#8243; max_width=&#8221;620px&#8221; header_font_size=&#8221;30&#8243; header_letter_spacing=&#8221;0&#8243; header_line_height=&#8221;1&#8243; text_font=&#8221;PT Sans||||&#8221; text_font_size=&#8221;20&#8243; text_font_size_last_edited=&#8221;on|tablet&#8221; text_text_color=&#8221;#363636&#8243; text_letter_spacing=&#8221;0&#8243; text_line_height=&#8221;1.5&#8243; custom_margin=&#8221;30px||0px|&#8221;]\r\n\r\n<a href=\"http:\/\/www.cinemalfa.it\/\" target=\"_blank\" rel=\"noopener\"><strong>CINEMALFA PRESENTA: &#8220;La bella di Lodi&#8221; (1963)<\/strong><\/a>\r\n\r\nDurata 80 minuti \u2013 Genere: commedia \u2013 Regia: Mario Missiroli\r\nCast: Stefania Sandrelli, Angel Aranda, Elena Borgo, Maria Monti, Renato Montalbano, Mario Missiroli.\r\n\r\nUna bella e diciassettenne <strong>Stefania Sandrelli<\/strong> interpreta il ruolo di Roberta che conosce Franco su una spiaggia in un pomeriggio d\u2019estate. Tra i due nasce una relazione che li porter\u00e0 in varie localit\u00e0 del nord Italia. La giovane ragazza, proprietaria terriera lombarda cercher\u00e0 in tutti i modi di portare Franco, un meccanico senza scrupoli, a diventare un uomo d\u2019affari introducendolo nel commercio delle automobili e a tale scopo gli compra un garage.\r\nViaggi, fughe e incontri che avvengono a bordo di una <strong>Giulietta spider bianca<\/strong> guidata dalla Sandrelli che nel suo itinere incontra altri Alfisti o sarebbe meglio dire \u201cspideristi\u201d dato che ad un certo punto del film si sente la frase \u201c..se non ci si aiuta tra spider!\u201d.\r\nSiamo nel boom economico, un\u2019Italia che si \u00e8 ripresa dalle ferite della guerra e che in modo a volte indolente, vive una fase di ripresa molto importante. Lo si vede dalle scene del film dove le aree di servizio, i motel, le autostrade \u201cprofumano di nuovo\u201d. L\u2019automobile diventa elemento protagonista di questo film, ricordando che dal 1960 al 1968 si pass\u00f2 dalle 253.000 al 1.000.000 di vetture immatricolate. Ovviamente la scelta delle auto \u00e8 indicativa di una classe sociale, di un distacco dal \u201cpopolo delle 500\u201d che viene sottolineato anche da alcune frasi nel film stesso.\r\nMario Missiroli \u00e8 alla regia per l\u2019unico film della sua carriera dato che stiamo parlando di uno dei registi teatrali pi\u00f9 importanti e l\u2019elenco delle sue regie \u00e8 davvero infinito.\r\n\r\nCuriosit\u00e0: nel racconto del 1961 apparso su \u201cIl Mondo\u201d, Roberta si chiama Giulia come la mitica auto.\r\n\r\n[\/et_pb_text][\/et_pb_column][\/et_pb_row][et_pb_row admin_label=&#8221;Row&#8221; custom_width_percent=&#8221;80&#8243; custom_padding=&#8221;50px|||&#8221; custom_padding_tablet=&#8221;17px|||&#8221; column_padding_mobile=&#8221;on&#8221; parallax_method_1=&#8221;off&#8221; parallax_method_2=&#8221;off&#8221; disabled_on=&#8221;off||&#8221; custom_padding_last_edited=&#8221;on|tablet&#8221;][et_pb_column type=&#8221;1_2&#8243;][et_pb_image admin_label=&#8221;Immagine&#8221; src=&#8221;https:\/\/www.museofratellicozzi.com\/news\/wp-content\/uploads\/2020\/05\/Immagine-MUSEO-interno-articolo-Divi-3.jpg&#8221;]\r\n\r\n&nbsp;\r\n\r\n[\/et_pb_image][\/et_pb_column][et_pb_column type=&#8221;1_2&#8243;][et_pb_image admin_label=&#8221;Immagine&#8221; src=&#8221;https:\/\/www.museofratellicozzi.com\/news\/wp-content\/uploads\/2020\/05\/Immagine-MUSEO-interno-articolo-Divi-2.jpg&#8221;]\r\n\r\n&nbsp;\r\n\r\n[\/et_pb_image][\/et_pb_column][\/et_pb_row][et_pb_row admin_label=&#8221;row&#8221; custom_width_percent=&#8221;80&#8243; custom_padding=&#8221;0px|||&#8221; padding_mobile=&#8221;on&#8221; column_padding_mobile=&#8221;on&#8221; parallax_method_1=&#8221;off&#8221; parallax_method_2=&#8221;off&#8221;][et_pb_column type=&#8221;1_3&#8243;][\/et_pb_column][et_pb_column type=&#8221;2_3&#8243;][et_pb_text admin_label=&#8221;Blocco testo 1&#8243; max_width=&#8221;620px&#8221; header_font_size=&#8221;30&#8243; header_letter_spacing=&#8221;0&#8243; header_line_height=&#8221;1&#8243; text_font=&#8221;PT Sans||||&#8221; text_font_size=&#8221;20&#8243; text_font_size_last_edited=&#8221;on|tablet&#8221; text_text_color=&#8221;#363636&#8243; text_letter_spacing=&#8221;0&#8243; text_line_height=&#8221;1.5&#8243; custom_margin=&#8221;30px||0px|&#8221; background_layout=&#8221;light&#8221; text_orientation=&#8221;left&#8221; use_border_color=&#8221;off&#8221; border_color=&#8221;#ffffff&#8221; border_width=&#8221;1&#8243; border_style=&#8221;solid&#8221;]\r\n\r\n<strong>ALLA TRIENNALE CON IL <a href=\"http:\/\/www.museo-fisogni.org\/\" target=\"_blank\" rel=\"noopener\">MUSEO FISOGNI<\/a><\/strong>\r\n\r\n<span style=\"font-weight: 400;\">Particolarmente ricorrenti in questo film sono le stazioni di servizio; in particolare, sono numerosissime le scene ambientate presso impianti e <strong>hotel AGIP<\/strong>, al punto che alcuni hanno affermato che sembra quasi che la compagnia italiana abbia sponsorizzato la pellicola. Viene da pensare, allora, che non sia un caso che la prima edizione del racconto, pubblicata su \u201cIl Mondo\u201d nel 1961, fosse accompagnata da una pubblicit\u00e0 AGIP.<\/span>\r\n\r\n<span style=\"font-weight: 400;\">Quello che \u00e8 certo, \u00e8 che dal film emergono tutte le caratteristiche delle stazioni di servizio in quest\u2019epoca di benessere ed espansione economica.\u00a0<\/span>\r\n\r\n<span style=\"font-weight: 400;\">Dal ristorante Esso al motel AGIP (vero simbolo di un tempo che fu), si nota ovunque una ventata di modernit\u00e0 e freschezza. Le strutture AGIP, in particolare, si denotano per la loro architettura moderna (con la tipica pensilina inclinata verso l\u2019altro, opera della matita dell\u2019architetto Mario Bacciocchi) e per l\u2019onnipresenza del cane a 6 zampe: sui muri del motel, sugli ombrelloni, sui vasi delle piante\u2026 e ovviamente sulle targhe pubblicitarie (o, come si chiamavano all\u2019epoca, \u201cinsegne reclamistiche\u201d). Nel film, del resto, appaiono tanti marchi diversi, tra cui la gi\u00e0 citata Esso, la Pirelli o la Michelin con l\u2019inconfondibile omino (il \u201cBibendum\u201d). Degna di nota anche la grafica storica della \u201cFiat officina autorizzata\u201d, che compare sul furgone dell\u2019ACI parcheggiato alla stazione di servizio.<\/span>\r\n\r\n[\/et_pb_text][\/et_pb_column][\/et_pb_row][et_pb_row admin_label=&#8221;Row&#8221; custom_width_percent=&#8221;80&#8243; custom_padding=&#8221;50px|||&#8221; custom_padding_tablet=&#8221;17px|||&#8221; column_padding_mobile=&#8221;on&#8221; parallax_method_1=&#8221;off&#8221; parallax_method_2=&#8221;off&#8221; disabled_on=&#8221;off||&#8221; custom_padding_last_edited=&#8221;on|tablet&#8221;][et_pb_column type=&#8221;1_4&#8243;][\/et_pb_column][et_pb_column type=&#8221;3_4&#8243;][et_pb_image admin_label=&#8221;Immagine&#8221; src=&#8221;https:\/\/www.museofratellicozzi.com\/news\/wp-content\/uploads\/2020\/05\/POMPE.png&#8221;]\r\n\r\n&nbsp;\r\n\r\n[\/et_pb_image][\/et_pb_column][\/et_pb_row][et_pb_row admin_label=&#8221;row&#8221; custom_width_percent=&#8221;80&#8243; custom_padding=&#8221;0px|||&#8221; padding_mobile=&#8221;on&#8221; column_padding_mobile=&#8221;on&#8221; parallax_method_1=&#8221;off&#8221; parallax_method_2=&#8221;off&#8221;][et_pb_column type=&#8221;1_3&#8243;][\/et_pb_column][et_pb_column type=&#8221;2_3&#8243;][et_pb_text admin_label=&#8221;Blocco testo 1&#8243; max_width=&#8221;620px&#8221; header_font_size=&#8221;30&#8243; header_letter_spacing=&#8221;0&#8243; header_line_height=&#8221;1&#8243; text_font=&#8221;PT Sans||||&#8221; text_font_size=&#8221;20&#8243; text_font_size_last_edited=&#8221;on|tablet&#8221; text_text_color=&#8221;#363636&#8243; text_letter_spacing=&#8221;0&#8243; text_line_height=&#8221;1.5&#8243; custom_margin=&#8221;30px||0px|&#8221; background_layout=&#8221;light&#8221; text_orientation=&#8221;left&#8221; use_border_color=&#8221;off&#8221; border_color=&#8221;#ffffff&#8221; border_width=&#8221;1&#8243; border_style=&#8221;solid&#8221;]\r\n\r\n&nbsp;\r\n\r\n<span style=\"font-weight: 400;\">Riguardo alle pompe di benzina, ne compaiono sostanzialmente due tipologie; se negli impianti pi\u00f9 piccoli vi erano le tipiche pompe anni \u201950, con fasciame a frigorifero e uguali per tutti i costruttori, nei benzinai pi\u00f9 moderni si nota invece un oggetto inconfondibile, dal design rivoluzionario per l\u2019epoca: si tratta dei distributori prodotti dalla Nuovo Pignone per AGIP, disegnati da un grande del design italiano, Marcello Nizzoli, insieme a Mario Olivieri. Questi modelli, progettati alla fine degli anni \u201950 e rimasti pressoch\u00e9 inalterati (almeno da un punto di vista estetico) fino agli anni \u201980, anticipavano le forme squadrate degli anni \u201960 e \u201970 e sono tra i pi\u00f9 ricercati, soprattutto con la livrea <strong>\u201cSupercortemaggiore\u201d<\/strong> che appare nel film. Il Museo Fisogni ne possiede tre esemplari, di cui uno proprio con questa grafica; quest\u2019ultimo pezzo, per\u00f2, <strong>non \u00e8 in mostra alla sede di Tradate ma \u00e8 conservato \u2013 in prestito gratuito \u2013 alla Triennale di Milano, che lo espone in occasione di eventi e mostre sul design italiano.<\/strong><\/span>\r\n\r\n[\/et_pb_text][\/et_pb_column][\/et_pb_row][\/et_pb_section]\n","protected":false},"excerpt":{"rendered":"<p>#RestateACasa\u2026 ci pensiamo noi a farvi compagnia e a portarvi al cinema, in Alfa ovviamente: 6\u00b0 puntata &#8220;La bella di Lodi&#8221;<\/p>\n","protected":false},"author":5,"featured_media":10147,"comment_status":"closed","ping_status":"closed","sticky":false,"template":"","format":"standard","meta":{"_et_pb_use_builder":"on","_et_pb_old_content":"","_et_gb_content_width":"","_jetpack_memberships_contains_paid_content":false,"footnotes":""},"categories":[151,805],"tags":[21,352,574,474,456,600,587,575,599,580],"class_list":["post-10140","post","type-post","status-publish","format-standard","has-post-thumbnail","hentry","category-eventi","category-succede-al-museo","tag-alfa-romeo","tag-cinema","tag-cinemalfa","tag-drive-in","tag-evento","tag-lodi","tag-parigi","tag-pellicola","tag-stefania-sandrelli","tag-web-laculturacura","et-has-post-format-content","et_post_format-et-post-format-standard"],"yoast_head":"<!-- This site is optimized with the Yoast SEO plugin v26.8 - https:\/\/yoast.com\/product\/yoast-seo-wordpress\/ -->\n<title>Tutti al Cinema 6 PUNTATA - eNews Museo Fratelli Cozzi<\/title>\n<meta name=\"description\" content=\"Puntata numero 6 #RestateACasa #LaCulturaNonSiFerma\u2026 ci pensiamo noi a farvi compagnia e a portarvi al cinema, in Alfa ovviamente. Non dimenticate il pop corn\" \/>\n<meta name=\"robots\" content=\"index, follow, max-snippet:-1, max-image-preview:large, max-video-preview:-1\" \/>\n<link rel=\"canonical\" href=\"https:\/\/www.museofratellicozzi.com\/news\/bella-lodi\/\" \/>\n<meta property=\"og:locale\" content=\"it_IT\" \/>\n<meta property=\"og:type\" content=\"article\" \/>\n<meta property=\"og:title\" content=\"Tutti al Cinema 6 PUNTATA - eNews Museo Fratelli Cozzi\" \/>\n<meta property=\"og:description\" content=\"Puntata numero 6 #RestateACasa #LaCulturaNonSiFerma\u2026 ci pensiamo noi a farvi compagnia e a portarvi al cinema, in Alfa ovviamente. Non dimenticate il pop corn\" \/>\n<meta property=\"og:url\" content=\"https:\/\/www.museofratellicozzi.com\/news\/bella-lodi\/\" \/>\n<meta property=\"og:site_name\" content=\"eNews Museo Fratelli Cozzi\" \/>\n<meta property=\"article:published_time\" content=\"2020-05-15T13:10:35+00:00\" \/>\n<meta property=\"article:modified_time\" content=\"2024-01-17T15:19:32+00:00\" \/>\n<meta property=\"og:image\" content=\"https:\/\/www.museofratellicozzi.com\/news\/wp-content\/uploads\/2020\/05\/4-4.jpg\" \/>\n\t<meta property=\"og:image:width\" content=\"1234\" \/>\n\t<meta property=\"og:image:height\" content=\"672\" \/>\n\t<meta property=\"og:image:type\" content=\"image\/jpeg\" \/>\n<meta name=\"author\" content=\"Laura Defendi\" \/>\n<meta name=\"twitter:card\" content=\"summary_large_image\" \/>\n<meta name=\"twitter:label1\" content=\"Scritto da\" \/>\n\t<meta name=\"twitter:data1\" content=\"Laura Defendi\" \/>\n\t<meta name=\"twitter:label2\" content=\"Tempo di lettura stimato\" \/>\n\t<meta name=\"twitter:data2\" content=\"5 minuti\" \/>\n<script type=\"application\/ld+json\" class=\"yoast-schema-graph\">{\"@context\":\"https:\/\/schema.org\",\"@graph\":[{\"@type\":\"Article\",\"@id\":\"https:\/\/www.museofratellicozzi.com\/news\/bella-lodi\/#article\",\"isPartOf\":{\"@id\":\"https:\/\/www.museofratellicozzi.com\/news\/bella-lodi\/\"},\"author\":{\"name\":\"Laura Defendi\",\"@id\":\"https:\/\/www.museofratellicozzi.com\/news\/#\/schema\/person\/9c1de5abfab71104e0bfe41cca1b7072\"},\"headline\":\"Tutti al Cinema 6 PUNTATA\",\"datePublished\":\"2020-05-15T13:10:35+00:00\",\"dateModified\":\"2024-01-17T15:19:32+00:00\",\"mainEntityOfPage\":{\"@id\":\"https:\/\/www.museofratellicozzi.com\/news\/bella-lodi\/\"},\"wordCount\":1764,\"publisher\":{\"@id\":\"https:\/\/www.museofratellicozzi.com\/news\/#organization\"},\"image\":{\"@id\":\"https:\/\/www.museofratellicozzi.com\/news\/bella-lodi\/#primaryimage\"},\"thumbnailUrl\":\"https:\/\/www.museofratellicozzi.com\/news\/wp-content\/uploads\/2020\/05\/4-4.jpg\",\"keywords\":[\"alfa romeo\",\"cinema\",\"Cinemalfa\",\"drive in\",\"evento\",\"Lodi\",\"Parigi\",\"Pellicola\",\"Stefania Sandrelli\",\"web #Laculturacura\"],\"articleSection\":[\"Eventi\",\"Succede al museo\"],\"inLanguage\":\"it-IT\"},{\"@type\":\"WebPage\",\"@id\":\"https:\/\/www.museofratellicozzi.com\/news\/bella-lodi\/\",\"url\":\"https:\/\/www.museofratellicozzi.com\/news\/bella-lodi\/\",\"name\":\"Tutti al Cinema 6 PUNTATA - eNews Museo Fratelli Cozzi\",\"isPartOf\":{\"@id\":\"https:\/\/www.museofratellicozzi.com\/news\/#website\"},\"primaryImageOfPage\":{\"@id\":\"https:\/\/www.museofratellicozzi.com\/news\/bella-lodi\/#primaryimage\"},\"image\":{\"@id\":\"https:\/\/www.museofratellicozzi.com\/news\/bella-lodi\/#primaryimage\"},\"thumbnailUrl\":\"https:\/\/www.museofratellicozzi.com\/news\/wp-content\/uploads\/2020\/05\/4-4.jpg\",\"datePublished\":\"2020-05-15T13:10:35+00:00\",\"dateModified\":\"2024-01-17T15:19:32+00:00\",\"description\":\"Puntata numero 6 #RestateACasa #LaCulturaNonSiFerma\u2026 ci pensiamo noi a farvi compagnia e a portarvi al cinema, in Alfa ovviamente. Non dimenticate il pop corn\",\"breadcrumb\":{\"@id\":\"https:\/\/www.museofratellicozzi.com\/news\/bella-lodi\/#breadcrumb\"},\"inLanguage\":\"it-IT\",\"potentialAction\":[{\"@type\":\"ReadAction\",\"target\":[\"https:\/\/www.museofratellicozzi.com\/news\/bella-lodi\/\"]}]},{\"@type\":\"ImageObject\",\"inLanguage\":\"it-IT\",\"@id\":\"https:\/\/www.museofratellicozzi.com\/news\/bella-lodi\/#primaryimage\",\"url\":\"https:\/\/www.museofratellicozzi.com\/news\/wp-content\/uploads\/2020\/05\/4-4.jpg\",\"contentUrl\":\"https:\/\/www.museofratellicozzi.com\/news\/wp-content\/uploads\/2020\/05\/4-4.jpg\",\"width\":1234,\"height\":672},{\"@type\":\"BreadcrumbList\",\"@id\":\"https:\/\/www.museofratellicozzi.com\/news\/bella-lodi\/#breadcrumb\",\"itemListElement\":[{\"@type\":\"ListItem\",\"position\":1,\"name\":\"Home\",\"item\":\"https:\/\/www.museofratellicozzi.com\/news\/\"},{\"@type\":\"ListItem\",\"position\":2,\"name\":\"Tutti al Cinema 6 PUNTATA\"}]},{\"@type\":\"WebSite\",\"@id\":\"https:\/\/www.museofratellicozzi.com\/news\/#website\",\"url\":\"https:\/\/www.museofratellicozzi.com\/news\/\",\"name\":\"eNews Museo Fratelli Cozzi\",\"description\":\"Alfa Romeo: un mito che resiste al tempo\",\"publisher\":{\"@id\":\"https:\/\/www.museofratellicozzi.com\/news\/#organization\"},\"potentialAction\":[{\"@type\":\"SearchAction\",\"target\":{\"@type\":\"EntryPoint\",\"urlTemplate\":\"https:\/\/www.museofratellicozzi.com\/news\/?s={search_term_string}\"},\"query-input\":{\"@type\":\"PropertyValueSpecification\",\"valueRequired\":true,\"valueName\":\"search_term_string\"}}],\"inLanguage\":\"it-IT\"},{\"@type\":\"Organization\",\"@id\":\"https:\/\/www.museofratellicozzi.com\/news\/#organization\",\"name\":\"Museo Fratelli Cozzi\",\"url\":\"https:\/\/www.museofratellicozzi.com\/news\/\",\"logo\":{\"@type\":\"ImageObject\",\"inLanguage\":\"it-IT\",\"@id\":\"https:\/\/www.museofratellicozzi.com\/news\/#\/schema\/logo\/image\/\",\"url\":\"https:\/\/www.museofratellicozzi.com\/news\/wp-content\/uploads\/2017\/04\/home.png\",\"contentUrl\":\"https:\/\/www.museofratellicozzi.com\/news\/wp-content\/uploads\/2017\/04\/home.png\",\"width\":497,\"height\":512,\"caption\":\"Museo Fratelli Cozzi\"},\"image\":{\"@id\":\"https:\/\/www.museofratellicozzi.com\/news\/#\/schema\/logo\/image\/\"}},{\"@type\":\"Person\",\"@id\":\"https:\/\/www.museofratellicozzi.com\/news\/#\/schema\/person\/9c1de5abfab71104e0bfe41cca1b7072\",\"name\":\"Laura Defendi\",\"image\":{\"@type\":\"ImageObject\",\"inLanguage\":\"it-IT\",\"@id\":\"https:\/\/www.museofratellicozzi.com\/news\/#\/schema\/person\/image\/\",\"url\":\"https:\/\/secure.gravatar.com\/avatar\/fa196a116a28416a994aad4b629b4ae8?s=96&d=mm&r=g\",\"contentUrl\":\"https:\/\/secure.gravatar.com\/avatar\/fa196a116a28416a994aad4b629b4ae8?s=96&d=mm&r=g\",\"caption\":\"Laura Defendi\"}}]}<\/script>\n<!-- \/ Yoast SEO plugin. -->","yoast_head_json":{"title":"Tutti al Cinema 6 PUNTATA - eNews Museo Fratelli Cozzi","description":"Puntata numero 6 #RestateACasa #LaCulturaNonSiFerma\u2026 ci pensiamo noi a farvi compagnia e a portarvi al cinema, in Alfa ovviamente. Non dimenticate il pop corn","robots":{"index":"index","follow":"follow","max-snippet":"max-snippet:-1","max-image-preview":"max-image-preview:large","max-video-preview":"max-video-preview:-1"},"canonical":"https:\/\/www.museofratellicozzi.com\/news\/bella-lodi\/","og_locale":"it_IT","og_type":"article","og_title":"Tutti al Cinema 6 PUNTATA - eNews Museo Fratelli Cozzi","og_description":"Puntata numero 6 #RestateACasa #LaCulturaNonSiFerma\u2026 ci pensiamo noi a farvi compagnia e a portarvi al cinema, in Alfa ovviamente. Non dimenticate il pop corn","og_url":"https:\/\/www.museofratellicozzi.com\/news\/bella-lodi\/","og_site_name":"eNews Museo Fratelli Cozzi","article_published_time":"2020-05-15T13:10:35+00:00","article_modified_time":"2024-01-17T15:19:32+00:00","og_image":[{"width":1234,"height":672,"url":"https:\/\/www.museofratellicozzi.com\/news\/wp-content\/uploads\/2020\/05\/4-4.jpg","type":"image\/jpeg"}],"author":"Laura Defendi","twitter_card":"summary_large_image","twitter_misc":{"Scritto da":"Laura Defendi","Tempo di lettura stimato":"5 minuti"},"schema":{"@context":"https:\/\/schema.org","@graph":[{"@type":"Article","@id":"https:\/\/www.museofratellicozzi.com\/news\/bella-lodi\/#article","isPartOf":{"@id":"https:\/\/www.museofratellicozzi.com\/news\/bella-lodi\/"},"author":{"name":"Laura Defendi","@id":"https:\/\/www.museofratellicozzi.com\/news\/#\/schema\/person\/9c1de5abfab71104e0bfe41cca1b7072"},"headline":"Tutti al Cinema 6 PUNTATA","datePublished":"2020-05-15T13:10:35+00:00","dateModified":"2024-01-17T15:19:32+00:00","mainEntityOfPage":{"@id":"https:\/\/www.museofratellicozzi.com\/news\/bella-lodi\/"},"wordCount":1764,"publisher":{"@id":"https:\/\/www.museofratellicozzi.com\/news\/#organization"},"image":{"@id":"https:\/\/www.museofratellicozzi.com\/news\/bella-lodi\/#primaryimage"},"thumbnailUrl":"https:\/\/www.museofratellicozzi.com\/news\/wp-content\/uploads\/2020\/05\/4-4.jpg","keywords":["alfa romeo","cinema","Cinemalfa","drive in","evento","Lodi","Parigi","Pellicola","Stefania Sandrelli","web #Laculturacura"],"articleSection":["Eventi","Succede al museo"],"inLanguage":"it-IT"},{"@type":"WebPage","@id":"https:\/\/www.museofratellicozzi.com\/news\/bella-lodi\/","url":"https:\/\/www.museofratellicozzi.com\/news\/bella-lodi\/","name":"Tutti al Cinema 6 PUNTATA - eNews Museo Fratelli Cozzi","isPartOf":{"@id":"https:\/\/www.museofratellicozzi.com\/news\/#website"},"primaryImageOfPage":{"@id":"https:\/\/www.museofratellicozzi.com\/news\/bella-lodi\/#primaryimage"},"image":{"@id":"https:\/\/www.museofratellicozzi.com\/news\/bella-lodi\/#primaryimage"},"thumbnailUrl":"https:\/\/www.museofratellicozzi.com\/news\/wp-content\/uploads\/2020\/05\/4-4.jpg","datePublished":"2020-05-15T13:10:35+00:00","dateModified":"2024-01-17T15:19:32+00:00","description":"Puntata numero 6 #RestateACasa #LaCulturaNonSiFerma\u2026 ci pensiamo noi a farvi compagnia e a portarvi al cinema, in Alfa ovviamente. Non dimenticate il pop corn","breadcrumb":{"@id":"https:\/\/www.museofratellicozzi.com\/news\/bella-lodi\/#breadcrumb"},"inLanguage":"it-IT","potentialAction":[{"@type":"ReadAction","target":["https:\/\/www.museofratellicozzi.com\/news\/bella-lodi\/"]}]},{"@type":"ImageObject","inLanguage":"it-IT","@id":"https:\/\/www.museofratellicozzi.com\/news\/bella-lodi\/#primaryimage","url":"https:\/\/www.museofratellicozzi.com\/news\/wp-content\/uploads\/2020\/05\/4-4.jpg","contentUrl":"https:\/\/www.museofratellicozzi.com\/news\/wp-content\/uploads\/2020\/05\/4-4.jpg","width":1234,"height":672},{"@type":"BreadcrumbList","@id":"https:\/\/www.museofratellicozzi.com\/news\/bella-lodi\/#breadcrumb","itemListElement":[{"@type":"ListItem","position":1,"name":"Home","item":"https:\/\/www.museofratellicozzi.com\/news\/"},{"@type":"ListItem","position":2,"name":"Tutti al Cinema 6 PUNTATA"}]},{"@type":"WebSite","@id":"https:\/\/www.museofratellicozzi.com\/news\/#website","url":"https:\/\/www.museofratellicozzi.com\/news\/","name":"eNews Museo Fratelli Cozzi","description":"Alfa Romeo: un mito che resiste al tempo","publisher":{"@id":"https:\/\/www.museofratellicozzi.com\/news\/#organization"},"potentialAction":[{"@type":"SearchAction","target":{"@type":"EntryPoint","urlTemplate":"https:\/\/www.museofratellicozzi.com\/news\/?s={search_term_string}"},"query-input":{"@type":"PropertyValueSpecification","valueRequired":true,"valueName":"search_term_string"}}],"inLanguage":"it-IT"},{"@type":"Organization","@id":"https:\/\/www.museofratellicozzi.com\/news\/#organization","name":"Museo Fratelli Cozzi","url":"https:\/\/www.museofratellicozzi.com\/news\/","logo":{"@type":"ImageObject","inLanguage":"it-IT","@id":"https:\/\/www.museofratellicozzi.com\/news\/#\/schema\/logo\/image\/","url":"https:\/\/www.museofratellicozzi.com\/news\/wp-content\/uploads\/2017\/04\/home.png","contentUrl":"https:\/\/www.museofratellicozzi.com\/news\/wp-content\/uploads\/2017\/04\/home.png","width":497,"height":512,"caption":"Museo Fratelli Cozzi"},"image":{"@id":"https:\/\/www.museofratellicozzi.com\/news\/#\/schema\/logo\/image\/"}},{"@type":"Person","@id":"https:\/\/www.museofratellicozzi.com\/news\/#\/schema\/person\/9c1de5abfab71104e0bfe41cca1b7072","name":"Laura Defendi","image":{"@type":"ImageObject","inLanguage":"it-IT","@id":"https:\/\/www.museofratellicozzi.com\/news\/#\/schema\/person\/image\/","url":"https:\/\/secure.gravatar.com\/avatar\/fa196a116a28416a994aad4b629b4ae8?s=96&d=mm&r=g","contentUrl":"https:\/\/secure.gravatar.com\/avatar\/fa196a116a28416a994aad4b629b4ae8?s=96&d=mm&r=g","caption":"Laura Defendi"}}]}},"jetpack_featured_media_url":"https:\/\/www.museofratellicozzi.com\/news\/wp-content\/uploads\/2020\/05\/4-4.jpg","jetpack_shortlink":"https:\/\/wp.me\/p90Eth-2Dy","jetpack_sharing_enabled":true,"post_mailing_queue_ids":[],"_links":{"self":[{"href":"https:\/\/www.museofratellicozzi.com\/news\/wp-json\/wp\/v2\/posts\/10140","targetHints":{"allow":["GET"]}}],"collection":[{"href":"https:\/\/www.museofratellicozzi.com\/news\/wp-json\/wp\/v2\/posts"}],"about":[{"href":"https:\/\/www.museofratellicozzi.com\/news\/wp-json\/wp\/v2\/types\/post"}],"author":[{"embeddable":true,"href":"https:\/\/www.museofratellicozzi.com\/news\/wp-json\/wp\/v2\/users\/5"}],"replies":[{"embeddable":true,"href":"https:\/\/www.museofratellicozzi.com\/news\/wp-json\/wp\/v2\/comments?post=10140"}],"version-history":[{"count":7,"href":"https:\/\/www.museofratellicozzi.com\/news\/wp-json\/wp\/v2\/posts\/10140\/revisions"}],"predecessor-version":[{"id":11661,"href":"https:\/\/www.museofratellicozzi.com\/news\/wp-json\/wp\/v2\/posts\/10140\/revisions\/11661"}],"wp:featuredmedia":[{"embeddable":true,"href":"https:\/\/www.museofratellicozzi.com\/news\/wp-json\/wp\/v2\/media\/10147"}],"wp:attachment":[{"href":"https:\/\/www.museofratellicozzi.com\/news\/wp-json\/wp\/v2\/media?parent=10140"}],"wp:term":[{"taxonomy":"category","embeddable":true,"href":"https:\/\/www.museofratellicozzi.com\/news\/wp-json\/wp\/v2\/categories?post=10140"},{"taxonomy":"post_tag","embeddable":true,"href":"https:\/\/www.museofratellicozzi.com\/news\/wp-json\/wp\/v2\/tags?post=10140"}],"curies":[{"name":"wp","href":"https:\/\/api.w.org\/{rel}","templated":true}]}}