{"id":11824,"date":"2021-02-18T19:44:43","date_gmt":"2021-02-18T18:44:43","guid":{"rendered":"https:\/\/news.museofratellicozzi.com\/?p=11824"},"modified":"2024-01-17T16:34:43","modified_gmt":"2024-01-17T15:34:43","slug":"il-quadrifoglio-1967","status":"publish","type":"post","link":"https:\/\/www.museofratellicozzi.com\/news\/il-quadrifoglio-1967\/","title":{"rendered":"Il quadrifoglio 67"},"content":{"rendered":"\n\n[et_pb_section fb_built=&#8221;1&#8243; admin_label=&#8221;Sezione&#8221; _builder_version=&#8221;3.22&#8243; custom_padding=&#8221;0px|||&#8221; transparent_background=&#8221;off&#8221; make_fullwidth=&#8221;off&#8221; use_custom_width=&#8221;off&#8221; width_unit=&#8221;on&#8221; custom_width_px=&#8221;1080&#8243; custom_width_percent=&#8221;80&#8243;][et_pb_row use_custom_gutter=&#8221;on&#8221; gutter_width=&#8221;1&#8243; disabled_on=&#8221;off|off|off&#8221; admin_label=&#8221;Riga&#8221; module_class=&#8221; et_pb_row_fullwidth&#8221; _builder_version=&#8221;3.25&#8243; background_size=&#8221;initial&#8221; background_position=&#8221;top_left&#8221; background_repeat=&#8221;repeat&#8221; width=&#8221;100%&#8221; width_tablet=&#8221;100%&#8221; width_phone=&#8221;&#8221; width_last_edited=&#8221;on|desktop&#8221; max_width=&#8221;100%&#8221; max_width_tablet=&#8221;100%&#8221; max_width_phone=&#8221;&#8221; max_width_last_edited=&#8221;on|desktop&#8221; custom_padding=&#8221;0px|||&#8221; make_fullwidth=&#8221;on&#8221; use_custom_width=&#8221;off&#8221; width_unit=&#8221;on&#8221; custom_width_px=&#8221;1080&#8243; custom_width_percent=&#8221;80&#8243;][et_pb_column type=&#8221;4_4&#8243; _builder_version=&#8221;3.25&#8243; custom_padding=&#8221;|||&#8221; custom_padding__hover=&#8221;|||&#8221;][et_pb_image src=&#8221;https:\/\/www.museofratellicozzi.com\/news\/wp-content\/uploads\/2021\/02\/Giallo-Elegante-Moderno-Testimone-Invito-21.png&#8221; title_text=&#8221;Giallo Elegante Moderno Testimone Invito (21)&#8221; force_fullwidth=&#8221;on&#8221; align_tablet=&#8221;center&#8221; align_phone=&#8221;&#8221; align_last_edited=&#8221;on|desktop&#8221; admin_label=&#8221;Immagine principale&#8221; _builder_version=&#8221;4.8.2&#8243; animation=&#8221;off&#8221; sticky=&#8221;off&#8221; use_border_color=&#8221;off&#8221; border_color=&#8221;#ffffff&#8221; border_width=&#8221;1&#8243; border_style=&#8221;solid&#8221; always_center_on_mobile=&#8221;on&#8221;][\/et_pb_image][\/et_pb_column][\/et_pb_row][et_pb_row admin_label=&#8221;Riga&#8221; _builder_version=&#8221;4.7.3&#8243; background_size=&#8221;initial&#8221; background_position=&#8221;top_left&#8221; background_repeat=&#8221;repeat&#8221; custom_padding=&#8221;20px||0px|&#8221; make_fullwidth=&#8221;off&#8221; use_custom_width=&#8221;off&#8221; width_unit=&#8221;on&#8221; custom_width_px=&#8221;1080&#8243; custom_width_percent=&#8221;80&#8243;][et_pb_column type=&#8221;4_4&#8243; _builder_version=&#8221;3.25&#8243; custom_padding=&#8221;|||&#8221; custom_padding__hover=&#8221;|||&#8221;][et_pb_text admin_label=&#8221;Categoria&#8221; _builder_version=&#8221;4.8.2&#8243; text_text_color=&#8221;#bcbcbc&#8221; text_letter_spacing=&#8221;2&#8243; text_line_height=&#8221;1.7&#8243; header_font_size=&#8221;30&#8243; header_letter_spacing=&#8221;0&#8243; header_line_height=&#8221;1&#8243; background_size=&#8221;initial&#8221; background_position=&#8221;top_left&#8221; background_repeat=&#8221;repeat&#8221; custom_margin=&#8221;||10px|&#8221; custom_margin_tablet=&#8221;&#8221; custom_margin_phone=&#8221;&#8221; custom_margin_last_edited=&#8221;on|tablet&#8221; custom_padding=&#8221;||0px|||&#8221; hover_enabled=&#8221;0&#8243; use_border_color=&#8221;off&#8221; border_color=&#8221;#ffffff&#8221; border_width=&#8221;1&#8243; border_style=&#8221;solid&#8221; sticky_enabled=&#8221;0&#8243;]<p><b>Passione<\/b><\/p>[\/et_pb_text][et_pb_text admin_label=&#8221;Titolo&#8221; _builder_version=&#8221;3.27.4&#8243; text_font=&#8221;PT Sans||||&#8221; text_text_color=&#8221;#000000&#8243; text_font_size=&#8221;72&#8243; text_letter_spacing=&#8221;0&#8243; text_line_height=&#8221;1.1&#8243; header_font=&#8221;PT Sans||||&#8221; header_text_color=&#8221;#000000&#8243; header_font_size=&#8221;48&#8243; header_letter_spacing=&#8221;0&#8243; header_line_height=&#8221;1.2&#8243; background_size=&#8221;initial&#8221; background_position=&#8221;top_left&#8221; background_repeat=&#8221;repeat&#8221; custom_margin=&#8221;0px||0px|&#8221; text_font_size_tablet=&#8221;60&#8243; text_font_size_phone=&#8221;&#8221; text_font_size_last_edited=&#8221;on|desktop&#8221; text_letter_spacing_tablet=&#8221;&#8221; text_letter_spacing_phone=&#8221;&#8221; text_letter_spacing_last_edited=&#8221;on|desktop&#8221; text_line_height_tablet=&#8221;&#8221; text_line_height_phone=&#8221;&#8221; text_line_height_last_edited=&#8221;on|&#8221; header_font_size_tablet=&#8221;46&#8243; header_font_size_phone=&#8221;&#8221; header_font_size_last_edited=&#8221;on|desktop&#8221; use_border_color=&#8221;off&#8221; border_color=&#8221;#ffffff&#8221; border_width=&#8221;1&#8243; border_style=&#8221;solid&#8221;]<p>Il Quadrifoglio 1967<\/p>[\/et_pb_text][et_pb_text admin_label=&#8221;Data&#8221; _builder_version=&#8221;4.7.3&#8243; text_font=&#8221;PT Sans|on|||&#8221; text_text_color=&#8221;#363636&#8243; text_font_size=&#8221;18&#8243; text_letter_spacing=&#8221;0&#8243; text_line_height=&#8221;1.7&#8243; header_font_size=&#8221;30&#8243; header_letter_spacing=&#8221;0&#8243; header_line_height=&#8221;1&#8243; background_size=&#8221;initial&#8221; background_position=&#8221;top_left&#8221; background_repeat=&#8221;repeat&#8221; custom_margin=&#8221;10px||0px|&#8221; use_border_color=&#8221;off&#8221; border_color=&#8221;#ffffff&#8221; border_width=&#8221;1&#8243; border_style=&#8221;solid&#8221;]<p>29\/01\/2021<\/p>[\/et_pb_text][\/et_pb_column][\/et_pb_row][\/et_pb_section][et_pb_section fb_built=&#8221;1&#8243; admin_label=&#8221;Section&#8221; _builder_version=&#8221;3.22&#8243; background_color=&#8221;#f7f7f4&#8243; transparent_background=&#8221;off&#8221; make_fullwidth=&#8221;off&#8221; use_custom_width=&#8221;off&#8221; width_unit=&#8221;on&#8221; custom_width_px=&#8221;1080&#8243; custom_width_percent=&#8221;80&#8243;][et_pb_row column_structure=&#8221;1_3,2_3&#8243; padding_mobile=&#8221;on&#8221; column_padding_mobile=&#8221;on&#8221; admin_label=&#8221;row&#8221; _builder_version=&#8221;3.25&#8243; background_size=&#8221;initial&#8221; background_position=&#8221;top_left&#8221; background_repeat=&#8221;repeat&#8221; custom_padding=&#8221;0px|||&#8221; make_fullwidth=&#8221;off&#8221; use_custom_width=&#8221;off&#8221; width_unit=&#8221;on&#8221; custom_width_px=&#8221;1080&#8243; custom_width_percent=&#8221;80&#8243;][et_pb_column type=&#8221;1_3&#8243; _builder_version=&#8221;3.25&#8243; custom_padding=&#8221;|||&#8221; custom_padding__hover=&#8221;|||&#8221;][\/et_pb_column][et_pb_column type=&#8221;2_3&#8243; _builder_version=&#8221;3.25&#8243; custom_padding=&#8221;|||&#8221; custom_padding__hover=&#8221;|||&#8221;][et_pb_text admin_label=&#8221;Occhiello&#8221; _builder_version=&#8221;3.27.4&#8243; text_font=&#8221;PT Sans|on|||&#8221; text_text_color=&#8221;#363636&#8243; text_font_size=&#8221;24&#8243; text_letter_spacing=&#8221;0&#8243; text_line_height=&#8221;1.4&#8243; header_font_size=&#8221;30&#8243; header_letter_spacing=&#8221;0&#8243; header_line_height=&#8221;1&#8243; background_size=&#8221;initial&#8221; background_position=&#8221;top_left&#8221; background_repeat=&#8221;repeat&#8221; max_width=&#8221;620px&#8221; custom_margin=&#8221;10px||0px|&#8221; custom_padding=&#8221;||0px|||&#8221; text_font_size_tablet=&#8221;&#8221; text_font_size_phone=&#8221;&#8221; text_font_size_last_edited=&#8221;on|desktop&#8221; use_border_color=&#8221;off&#8221; border_color=&#8221;#ffffff&#8221; border_width=&#8221;1&#8243; border_style=&#8221;solid&#8221;]<p>&#8220;<em>Si \u00e8 fatto\u00a0 vivo per noi il bisogno di disporre di un facile e simpatico mezzo di contatto, di informazione continua, che ci permetta di farci sentire vicini e di aggiornare direttamente tutti gli alfisti&#8221;.\u00a0 Giuseppe Luraghi.<\/em><\/p>[\/et_pb_text][et_pb_text admin_label=&#8221;Blocco testo 1&#8243; _builder_version=&#8221;4.8.2&#8243; text_font=&#8221;PT Sans||||&#8221; text_text_color=&#8221;#363636&#8243; text_font_size=&#8221;20&#8243; text_letter_spacing=&#8221;0&#8243; text_line_height=&#8221;1.5&#8243; header_font_size=&#8221;30&#8243; header_letter_spacing=&#8221;0&#8243; header_line_height=&#8221;1&#8243; background_size=&#8221;initial&#8221; background_position=&#8221;top_left&#8221; background_repeat=&#8221;repeat&#8221; max_width=&#8221;620px&#8221; custom_margin=&#8221;30px||0px|&#8221; text_font_size_tablet=&#8221;&#8221; text_font_size_phone=&#8221;&#8221; text_font_size_last_edited=&#8221;on|tablet&#8221; use_border_color=&#8221;off&#8221; border_color=&#8221;#ffffff&#8221; border_width=&#8221;1&#8243; border_style=&#8221;solid&#8221;]<p>Leggere nel 2021 le statistiche e gli indici di crescita del 1967, lo ammettiamo, fa un certo effetto. &#8220;Incremento delle immatricolazioni del 13,3 per cento rispetto ai corrispondenti dieci mesi del 1965. Per le esportazioni, le statistiche ufficiali, riferite allo stesso periodo dell&#8217;anno, segnano un aumento del 21 per cento&#8221;. Cifre per\u00f2, che non devono farci sospirare con amarezza, ma ricordarci che dopo i periodi difficili, c&#8217;\u00e8 sempre una rinascita che ci attende. Proseguiamo quindi questo tuffo nel 1968, ma prima di scoprire gli argomenti cult, vogliamo condividere il commento di Maurizio Sala che ci aiuta a comprendere meglio, l&#8217;importanza de Il Quadrifoglio:<\/p>\n<blockquote>\n<p><span>&#8220;Oggi tutti conoscono l\u2019importanza di un\u00a0serio programma CRM: il tempestivo e regolare ricontatto di\u00a0Lead, prospect e clienti acquisiti \u00e8 fondamentale. Negli anni 60 questo non era norma: CRM e\u00a0Lead Management\u00a0erano termini sconosciuti a concessionari e costruttori (ancora oggi ci sono casi di\u00a0\u201canalfabetismo\u201d\u00a0in quest\u2019area). L\u2019Alfa che noi tutti amiamo \u00e8 sempre stata all\u2019avanguardia in tutti i campi: 60 anni fa -40 anni prima di Internet e Facebook- Giuseppe Luraghi e Leonardo Sinisgalli (uno dei poeti e critici d\u2019arte italiani pi\u00f9 influenti dal 1930 alla fine degli anni 80), inventarono <strong>una pubblicazione di alto profilo,\u00a0una newsletter trimestrale inviata gratuitamente a tutti gli Alfisti<\/strong> che acquistavano un&#8217;auto. Dopo 8 anni, 28 numeri e centinaia di articoli, testi e fotografie straordinarie, nel 1975 (quando Giuseppe Luraghi si dimise dal suo incarico), la nuova gestione dell&#8217;Alfa decise di interrompere la pubblicazione de &#8220;il Quadrifoglio\u201d di cui \u2013per fortuna\u2013 il <\/span><a data-control-name=\"mention\" href=\"https:\/\/www.linkedin.com\/company\/18843944\/\" id=\"ember4935\" class=\"feed-link feed-shared-main-content__mention ember-view\" role=\"link\" tabindex=\"0\"><span data-entity-hovercard-id=\"urn:li:fs_miniCompany:18843944\">Museo Fratelli Cozzi<\/span><\/a><span> ha conservato la memoria e l\u2019intera collezione!&#8221;.\u00a0<\/span><\/p>\n<\/blockquote>[\/et_pb_text][\/et_pb_column][\/et_pb_row][et_pb_row column_structure=&#8221;1_2,1_2&#8243; column_padding_mobile=&#8221;on&#8221; custom_padding_last_edited=&#8221;on|tablet&#8221; disabled_on=&#8221;off||&#8221; admin_label=&#8221;Row&#8221; _builder_version=&#8221;3.25&#8243; background_size=&#8221;initial&#8221; background_position=&#8221;top_left&#8221; background_repeat=&#8221;repeat&#8221; custom_padding=&#8221;50px|||&#8221; custom_padding_tablet=&#8221;17px|||&#8221; custom_padding_phone=&#8221;&#8221; make_fullwidth=&#8221;off&#8221; use_custom_width=&#8221;off&#8221; width_unit=&#8221;on&#8221; custom_width_px=&#8221;1080&#8243; custom_width_percent=&#8221;80&#8243;][et_pb_column type=&#8221;1_2&#8243; _builder_version=&#8221;3.25&#8243; custom_padding=&#8221;|||&#8221; custom_padding__hover=&#8221;|||&#8221;][et_pb_image src=&#8221;https:\/\/www.museofratellicozzi.com\/news\/wp-content\/uploads\/2021\/02\/1.png&#8221; title_text=&#8221;1&#8243; show_bottom_space=&#8221;off&#8221; align_tablet=&#8221;center&#8221; align_phone=&#8221;&#8221; align_last_edited=&#8221;on|desktop&#8221; admin_label=&#8221;Immagine&#8221; _builder_version=&#8221;4.8.2&#8243; animation_style=&#8221;fade&#8221; animation_duration=&#8221;500ms&#8221; animation=&#8221;fade_in&#8221; sticky=&#8221;on&#8221; use_border_color=&#8221;off&#8221; border_color=&#8221;#ffffff&#8221; border_width=&#8221;1&#8243; border_style=&#8221;solid&#8221; always_center_on_mobile=&#8221;on&#8221;][\/et_pb_image][\/et_pb_column][et_pb_column type=&#8221;1_2&#8243; _builder_version=&#8221;3.25&#8243; custom_padding=&#8221;|||&#8221; custom_padding__hover=&#8221;|||&#8221;][et_pb_image src=&#8221;https:\/\/www.museofratellicozzi.com\/news\/wp-content\/uploads\/2021\/02\/10.png&#8221; title_text=&#8221;10&#8243; _builder_version=&#8221;4.8.2&#8243; _module_preset=&#8221;default&#8221;][\/et_pb_image][\/et_pb_column][\/et_pb_row][et_pb_row column_structure=&#8221;1_3,2_3&#8243; padding_mobile=&#8221;on&#8221; column_padding_mobile=&#8221;on&#8221; admin_label=&#8221;row&#8221; _builder_version=&#8221;3.25&#8243; background_size=&#8221;initial&#8221; background_position=&#8221;top_left&#8221; background_repeat=&#8221;repeat&#8221; custom_padding=&#8221;0px|||&#8221; make_fullwidth=&#8221;off&#8221; use_custom_width=&#8221;off&#8221; width_unit=&#8221;on&#8221;][et_pb_column type=&#8221;1_3&#8243; _builder_version=&#8221;3.25&#8243; custom_padding=&#8221;|||&#8221; custom_padding__hover=&#8221;|||&#8221;][\/et_pb_column][et_pb_column type=&#8221;2_3&#8243; _builder_version=&#8221;3.25&#8243; custom_padding=&#8221;|||&#8221; custom_padding__hover=&#8221;|||&#8221;][et_pb_text admin_label=&#8221;Blocco testo 2&#8243; _builder_version=&#8221;4.8.2&#8243; text_font=&#8221;PT Sans||||&#8221; text_text_color=&#8221;#363636&#8243; text_font_size=&#8221;20&#8243; text_letter_spacing=&#8221;0&#8243; text_line_height=&#8221;1.5&#8243; header_font_size=&#8221;30&#8243; header_letter_spacing=&#8221;0&#8243; header_line_height=&#8221;1&#8243; background_size=&#8221;initial&#8221; background_position=&#8221;top_left&#8221; background_repeat=&#8221;repeat&#8221; max_width=&#8221;620px&#8221; custom_margin=&#8221;30px||0px|&#8221; text_font_size_tablet=&#8221;&#8221; text_font_size_phone=&#8221;&#8221; text_font_size_last_edited=&#8221;on|tablet&#8221; use_border_color=&#8221;off&#8221; border_color=&#8221;#ffffff&#8221; border_width=&#8221;1&#8243; border_style=&#8221;solid&#8221;]<h2>LA CORSA DI GIUSEPPE LURAGHI CONTINUA<\/h2>\n<p>La distanza siderale che separa l&#8217;economia del 1967 e quella del 2021 \u00e8 tutta racchiusa in una percentuale a due cifre e che vede l&#8217;incremento delle immatricolazioni sul mercato nazionale pari al\u00a0 13.3% e un +21% per il mercato estero.<\/p>\n<p>Altri tempi, rinati dopo la ricostruzione post bellica, un&#8217;isola dorata che gi\u00e0 vede all&#8217;orizzonte l&#8217;inizio di una nuova rivoluzione come si intuisce dalle parole dello stesso Luraghi: &#8220;<em>Per quanto riguarda direttamente l&#8217;Alfa Romeo, la richiesta di sue autovetture in Italia e all&#8217;estero \u00e8 stata, e continua ad essere, molto forte. I pesanti scioperi verificatesi proprio nei mesi di maggiore attivit\u00e0 del mercato automobilistico, hanno influito sensibilmente sulle vendite, ma superate le difficolt\u00e0 di tale periodo, le consegne hanno potuto riprendere tanto rapidamente che,\u00a0 a tutto ottobre, le immatricolazioni hanno superato del 15,1 per cento quelle del periodo corrispondente 1965 ed a loro volta le esportazioni sono state superiori del 23 per cento<\/em>&#8220;.<\/p>\n<p><strong style=\"letter-spacing: 0px;\">Nota linguistica:<\/strong><\/p>\n<p>Rileggendo il testo di Luraghi, si riassapora il gusto di un italiano lento ed esaustivo, che non disdegna l&#8217;uso di avverbi in -mente (particolarmente, eccezionalmente, direttamente&#8230;) e l&#8217;uso di numerose frasi subordinate. Assolutamente assente l&#8217;uso delle abbreviazioni. Un testo che manderebbe in fibrillazione ogni algoritmo SEO dei tempi moderni .\u00a0<span style=\"letter-spacing: 0px;\">\u00a0<\/span><span style=\"letter-spacing: 0px;\">\u00a0<\/span><\/p>[\/et_pb_text][\/et_pb_column][\/et_pb_row][et_pb_row padding_mobile=&#8221;on&#8221; column_padding_mobile=&#8221;on&#8221; disabled_on=&#8221;off|off|off&#8221; admin_label=&#8221;Row&#8221; _builder_version=&#8221;3.25&#8243; background_size=&#8221;initial&#8221; background_position=&#8221;top_left&#8221; background_repeat=&#8221;repeat&#8221; custom_padding=&#8221;50px|||&#8221; make_fullwidth=&#8221;off&#8221; use_custom_width=&#8221;off&#8221; width_unit=&#8221;on&#8221; custom_width_px=&#8221;1080&#8243; custom_width_percent=&#8221;80&#8243;][et_pb_column type=&#8221;4_4&#8243; _builder_version=&#8221;3.25&#8243; custom_padding=&#8221;|||&#8221; custom_padding__hover=&#8221;|||&#8221;][et_pb_divider color=&#8221;#aeaeac&#8221; admin_label=&#8221;Linea citazione&#8221; _builder_version=&#8221;3.2&#8243; hide_on_mobile=&#8221;off&#8221;][\/et_pb_divider][et_pb_text admin_label=&#8221;Citazione&#8221; _builder_version=&#8221;3.27.4&#8243; text_font=&#8221;PT Serif||||&#8221; text_text_color=&#8221;#363636&#8243; text_font_size=&#8221;48&#8243; text_letter_spacing=&#8221;0&#8243; text_line_height=&#8221;1.3&#8243; header_font_size=&#8221;30&#8243; header_letter_spacing=&#8221;0&#8243; header_line_height=&#8221;1&#8243; background_size=&#8221;initial&#8221; background_position=&#8221;top_left&#8221; background_repeat=&#8221;repeat&#8221; text_orientation=&#8221;center&#8221; max_width=&#8221;900px&#8221; module_alignment=&#8221;center&#8221; custom_margin=&#8221;16px||30px|&#8221; text_font_size_tablet=&#8221;38&#8243; text_font_size_phone=&#8221;&#8221; text_font_size_last_edited=&#8221;on|tablet&#8221; text_letter_spacing_tablet=&#8221;0&#8243; text_letter_spacing_phone=&#8221;0&#8243; text_line_height_tablet=&#8221;1.3&#8243; text_line_height_phone=&#8221;1.3&#8243; header_font_size_tablet=&#8221;30&#8243; header_font_size_phone=&#8221;30&#8243; header_letter_spacing_tablet=&#8221;0&#8243; header_letter_spacing_phone=&#8221;0&#8243; header_line_height_tablet=&#8221;1&#8243; header_line_height_phone=&#8221;1&#8243; use_border_color=&#8221;off&#8221; border_color=&#8221;#ffffff&#8221; border_width=&#8221;1&#8243; border_style=&#8221;solid&#8221;]<p>&#8220;Ma ad un certo punto si \u00e8 soli al volante, le regole non servono pi\u00f9 a nessuno e nessuno pu\u00f2 pi\u00f9 dare una mano.&#8221;<\/p>[\/et_pb_text][et_pb_divider color=&#8221;#aeaeac&#8221; admin_label=&#8221;Linea citazione&#8221; _builder_version=&#8221;3.2&#8243; hide_on_mobile=&#8221;off&#8221;][\/et_pb_divider][\/et_pb_column][\/et_pb_row][et_pb_row column_structure=&#8221;1_3,2_3&#8243; padding_mobile=&#8221;on&#8221; column_padding_mobile=&#8221;on&#8221; admin_label=&#8221;row&#8221; _builder_version=&#8221;3.25&#8243; background_size=&#8221;initial&#8221; background_position=&#8221;top_left&#8221; background_repeat=&#8221;repeat&#8221; custom_padding=&#8221;17px|||&#8221; make_fullwidth=&#8221;off&#8221; use_custom_width=&#8221;off&#8221; width_unit=&#8221;on&#8221;][et_pb_column type=&#8221;1_3&#8243; _builder_version=&#8221;3.25&#8243; custom_padding=&#8221;|||&#8221; custom_padding__hover=&#8221;|||&#8221;][\/et_pb_column][et_pb_column type=&#8221;2_3&#8243; _builder_version=&#8221;3.25&#8243; custom_padding=&#8221;|||&#8221; custom_padding__hover=&#8221;|||&#8221;][et_pb_text admin_label=&#8221;Blocco testo 3&#8243; _builder_version=&#8221;4.7.3&#8243; text_font=&#8221;PT Sans||||&#8221; text_text_color=&#8221;#363636&#8243; text_font_size=&#8221;20&#8243; text_letter_spacing=&#8221;0&#8243; text_line_height=&#8221;1.5&#8243; header_font_size=&#8221;30&#8243; header_letter_spacing=&#8221;0&#8243; header_line_height=&#8221;1&#8243; background_size=&#8221;initial&#8221; background_position=&#8221;top_left&#8221; background_repeat=&#8221;repeat&#8221; max_width=&#8221;620px&#8221; custom_margin=&#8221;30px||0px|&#8221; text_font_size_tablet=&#8221;&#8221; text_font_size_phone=&#8221;&#8221; text_font_size_last_edited=&#8221;on|tablet&#8221; use_border_color=&#8221;off&#8221; border_color=&#8221;#ffffff&#8221; border_width=&#8221;1&#8243; border_style=&#8221;solid&#8221;]<h2>Quando l&#8217;america si sentiva &#8220;insicura&#8221;<\/h2>\n<p><span style=\"letter-spacing: 0px;\">Il numero n. 2 de Il Quadrifoglio del gennaio 1967 vede in copertina un giovane Andrea De Adamich ed \u00e8 subito chiaro che il tema &#8220;sicurezza&#8221; sar\u00e0 centrale nelle pagine interne.\u00a0<\/span><\/p>\n<p><span style=\"letter-spacing: 0px;\"><\/span><\/p>\n<p><span style=\"letter-spacing: 0px;\"><\/span><\/p>\n<p><span style=\"letter-spacing: 0px;\"><\/span><\/p>\n<p><span style=\"letter-spacing: 0px;\"><\/span><\/p>\n<p><span style=\"letter-spacing: 0px;\"><\/span><\/p>\n<p><span style=\"letter-spacing: 0px;\">Un bisogno di sicurezza sociale, con quel &#8217;68 alle porte e sicurezza economica, con il fronte americano che fa pressione sui mercati europei: <em>&#8220;Il problema della &#8220;sicurezza&#8221; delle automobili \u00e8 venuto clamorosamente alla ribalta in questi ultimi tempi, soprattutto in seguito allo scalpore sollevato dalle nuove prescrizioni ufficiali americane. A parte i sospetti che hanno accompagnato tale colpo del Governo statunitense allo strapotere dell&#8217;industria automobilistica (che ha visto subito calare sensibilmente le proprie vendite); a parte i sospetti qui e l\u00e0 espressi che lo stesso Governo statunitense abbia contemporaneamente voluto colpire indirettamente anche le importazioni di vetture europee&#8230;&#8221;<\/em>.<\/span><\/p>\n<p><span style=\"letter-spacing: 0px;\"><\/span><\/p>\n<p><span style=\"letter-spacing: 0px;\">Per Alfa Romeo <strong>&#8220;sicurezza&#8221; fa rima con Giulia<\/strong> e a lei dedica il corposo articolo accompagnato dal bozzetto della scocca della Giulia a resistenza differenziata, dettaglio studiato dall&#8217;Alfa.<\/span><\/p>\n<p><span style=\"letter-spacing: 0px;\">Ma al di l\u00e0 delle disamine socio-economiche-automobilistiche, il vero segreto per sentirsi sicuri al volante, lo svela Ferruccio Bernab\u00f2 con il suo articolo intitolato &#8220;SICUREZZA E&#8217; SAPER GUIDARE&#8221; a cui fanno da occhiello le statistiche: &#8220;<em>Ogni ora sulle strade d&#8217;Italia: un morto e 35 feriti. Questa \u00e8 la misura del tributo che l&#8217;uomo paga alla civilt\u00e0 del motore&#8221;. Un tributo che, per quanto amanti dei motori, \u00e8 bene non pagare e, sicuramente, qualche indicazione importante puoi arrivare dalle &#8220;3 B&#8221;: Businello, Baghetti e Bandini che raccontano a Marco Mascardi &#8220;Come si diventa piloti<\/em>&#8220;.<\/span><\/p>[\/et_pb_text][\/et_pb_column][\/et_pb_row][et_pb_row column_structure=&#8221;1_4,3_4&#8243; use_custom_gutter=&#8221;on&#8221; padding_mobile=&#8221;on&#8221; column_padding_mobile=&#8221;on&#8221; custom_padding_last_edited=&#8221;on|tablet&#8221; admin_label=&#8221;Row&#8221; _builder_version=&#8221;3.25&#8243; background_size=&#8221;initial&#8221; background_position=&#8221;top_left&#8221; background_repeat=&#8221;repeat&#8221; custom_padding=&#8221;50px|||&#8221; custom_padding_tablet=&#8221;30px|||&#8221; custom_padding_phone=&#8221;&#8221; make_fullwidth=&#8221;off&#8221; use_custom_width=&#8221;off&#8221; width_unit=&#8221;on&#8221;][et_pb_column type=&#8221;1_4&#8243; _builder_version=&#8221;3.25&#8243; custom_padding=&#8221;|||&#8221; custom_padding__hover=&#8221;|||&#8221;][\/et_pb_column][et_pb_column type=&#8221;3_4&#8243; _builder_version=&#8221;3.25&#8243; custom_padding=&#8221;|||&#8221; custom_padding__hover=&#8221;|||&#8221;][et_pb_image src=&#8221;https:\/\/www.museofratellicozzi.com\/news\/wp-content\/uploads\/2021\/02\/9.png&#8221; title_text=&#8221;9&#8243; align_tablet=&#8221;center&#8221; align_phone=&#8221;&#8221; align_last_edited=&#8221;on|desktop&#8221; admin_label=&#8221;immagine&#8221; _builder_version=&#8221;4.8.2&#8243; animation_style=&#8221;fade&#8221; animation_duration=&#8221;500ms&#8221; animation=&#8221;fade_in&#8221; sticky=&#8221;off&#8221; use_border_color=&#8221;off&#8221; border_color=&#8221;#ffffff&#8221; border_width=&#8221;1&#8243; border_style=&#8221;solid&#8221; always_center_on_mobile=&#8221;on&#8221;][\/et_pb_image][\/et_pb_column][\/et_pb_row][et_pb_row column_structure=&#8221;1_3,2_3&#8243; padding_mobile=&#8221;on&#8221; column_padding_mobile=&#8221;on&#8221; admin_label=&#8221;row&#8221; _builder_version=&#8221;3.25&#8243; background_size=&#8221;initial&#8221; background_position=&#8221;top_left&#8221; background_repeat=&#8221;repeat&#8221; custom_padding=&#8221;17px|||&#8221; make_fullwidth=&#8221;off&#8221; use_custom_width=&#8221;off&#8221; width_unit=&#8221;on&#8221;][et_pb_column type=&#8221;1_3&#8243; _builder_version=&#8221;3.25&#8243; custom_padding=&#8221;|||&#8221; custom_padding__hover=&#8221;|||&#8221;][\/et_pb_column][et_pb_column type=&#8221;2_3&#8243; _builder_version=&#8221;3.25&#8243; custom_padding=&#8221;|||&#8221; custom_padding__hover=&#8221;|||&#8221;][et_pb_text admin_label=&#8221;Blocco testo 4&#8243; _builder_version=&#8221;4.8.2&#8243; text_font=&#8221;PT Sans||||&#8221; text_text_color=&#8221;#363636&#8243; text_font_size=&#8221;20&#8243; text_letter_spacing=&#8221;0&#8243; text_line_height=&#8221;1.5&#8243; header_font_size=&#8221;30&#8243; header_letter_spacing=&#8221;0&#8243; header_line_height=&#8221;1&#8243; background_size=&#8221;initial&#8221; background_position=&#8221;top_left&#8221; background_repeat=&#8221;repeat&#8221; max_width=&#8221;620px&#8221; custom_margin=&#8221;30px||0px|&#8221; custom_padding=&#8221;2px|||||&#8221; text_font_size_tablet=&#8221;&#8221; text_font_size_phone=&#8221;&#8221; text_font_size_last_edited=&#8221;on|tablet&#8221; use_border_color=&#8221;off&#8221; border_color=&#8221;#ffffff&#8221; border_width=&#8221;1&#8243; border_style=&#8221;solid&#8221;]<h2>le rubrICHE<\/h2>\n<p>Nel numero di gennaio 1967 non manca una citazione dell&#8217;Alfa Romeo protagonista del cinema, tema amato dal Museo Fratelli Cozzi che ha dedicato in passato l&#8217;approfondimento<a href=\"https:\/\/www.museofratellicozzi.com\/news\/tutti-al-cinema\/\" target=\"_blank\" rel=\"noopener noreferrer\"> &#8220;<strong>Tutti al cinema<\/strong>&#8220;<\/a>, realizzato in collaborazione con<a href=\"http:\/\/www.cinemalfa.it\/\" target=\"_blank\" rel=\"noopener noreferrer\"> Cinemalfa<\/a> e, come sempre, si ritrova l&#8217;appuntamento con le immancabili rubriche.\u00a0<span style=\"letter-spacing: 0px;\">\u00a0<\/span><\/p>\n<p>L<strong>&#8216;ALFA VINCE<\/strong>, alla Coppa delle Alpi (Francia), 500 chilometri di Interiagos (Brasile), 6 ore di Green Walley (Texas), alla Coupe de l&#8217;Avenir a Zolder (Belgio), solo per citare alcune delle 25 vittorie assegnate al Biscione nel trimestre. L&#8217;Alfa conquista anche nella motonautica come racconta Mario Bernasconi.<\/p>\n<p>Immancabili le vittorie nella categoria Turismo con &#8220;oltre 300 vittorie, una vittoria al giorno. Lo Challenge Europeo, il Campionato Transamericano, Tre campionaiti nazionali in Italia e dieci all&#8217;estero. Il Trofeo Costruttori in Francia, la Coppa del Presidente in America, a Mitropa Cup in Europa. Questo il 1966 sportivo dell&#8217;Alfa Romeo. Un Record di vittorie. Ogni vittoria un record. Il Quadrifoglio \u00e8 tornato alfiere dell&#8217;automobilismo italiano nel mondo.&#8221;<\/p>\n<p>Come sempre non manca la <strong>rassegna stampa nazionale e internazionale<\/strong> che vede protagonista assoluta<\/p>\n<p>&#8220;La GT 1300 Junior al giudizio della stampa&#8221; presentata da Severo Boschi che ci riporta su quella &#8220;Bastia-Balocco&#8221; che molto ha da raccontare.<span style=\"letter-spacing: 0px;\">\u00a0<\/span><\/p>\n<h2>Curiosit\u00e0:<\/h2>\n<p>.\u00a0 La &#8220;Questione femminile&#8221; fa capolino anche sulle pagine de Il Quadrifoglio&#8230; ma di questo parleremo prossimamente, dedicando un approfondimento a un tema a noi caro.<span style=\"letter-spacing: 0px;\">\u00a0<\/span><\/p>[\/et_pb_text][\/et_pb_column][\/et_pb_row][et_pb_row column_structure=&#8221;1_2,1_2&#8243; use_custom_gutter=&#8221;on&#8221; padding_mobile=&#8221;on&#8221; column_padding_mobile=&#8221;on&#8221; custom_padding_last_edited=&#8221;on|tablet&#8221; admin_label=&#8221;Row&#8221; _builder_version=&#8221;3.25&#8243; background_size=&#8221;initial&#8221; background_position=&#8221;top_left&#8221; background_repeat=&#8221;repeat&#8221; custom_padding=&#8221;50px|||&#8221; custom_padding_tablet=&#8221;30px|||&#8221; custom_padding_phone=&#8221;&#8221; make_fullwidth=&#8221;off&#8221; use_custom_width=&#8221;off&#8221; width_unit=&#8221;on&#8221;][et_pb_column type=&#8221;1_2&#8243; _builder_version=&#8221;3.25&#8243; custom_padding=&#8221;|||&#8221; custom_padding__hover=&#8221;|||&#8221;][et_pb_image src=&#8221;https:\/\/www.museofratellicozzi.com\/news\/wp-content\/uploads\/2021\/02\/Giallo-Elegante-Moderno-Testimone-Invito-22.png&#8221; title_text=&#8221;Giallo Elegante Moderno Testimone Invito (22)&#8221; force_fullwidth=&#8221;on&#8221; align_tablet=&#8221;center&#8221; align_phone=&#8221;&#8221; align_last_edited=&#8221;on|desktop&#8221; admin_label=&#8221;immagine&#8221; _builder_version=&#8221;4.8.2&#8243; animation_style=&#8221;fade&#8221; animation_duration=&#8221;500ms&#8221; animation=&#8221;fade_in&#8221; sticky=&#8221;off&#8221; use_border_color=&#8221;off&#8221; border_color=&#8221;#ffffff&#8221; border_width=&#8221;1&#8243; border_style=&#8221;solid&#8221; always_center_on_mobile=&#8221;on&#8221;][\/et_pb_image][\/et_pb_column][et_pb_column type=&#8221;1_2&#8243; _builder_version=&#8221;3.25&#8243; custom_padding=&#8221;|||&#8221; custom_padding__hover=&#8221;|||&#8221;][et_pb_image src=&#8221;https:\/\/www.museofratellicozzi.com\/news\/wp-content\/uploads\/2021\/02\/Giallo-Elegante-Moderno-Testimone-Invito-23.png&#8221; title_text=&#8221;Giallo Elegante Moderno Testimone Invito (23)&#8221; align_tablet=&#8221;center&#8221; align_phone=&#8221;&#8221; align_last_edited=&#8221;on|desktop&#8221; admin_label=&#8221;immagine&#8221; _builder_version=&#8221;4.8.2&#8243; animation_style=&#8221;fade&#8221; animation_duration=&#8221;500ms&#8221; animation=&#8221;fade_in&#8221; sticky=&#8221;off&#8221; use_border_color=&#8221;off&#8221; border_color=&#8221;#ffffff&#8221; border_width=&#8221;1&#8243; border_style=&#8221;solid&#8221; always_center_on_mobile=&#8221;on&#8221;][\/et_pb_image][\/et_pb_column][\/et_pb_row][et_pb_row column_structure=&#8221;1_3,2_3&#8243; padding_mobile=&#8221;on&#8221; column_padding_mobile=&#8221;on&#8221; admin_label=&#8221;row&#8221; _builder_version=&#8221;3.25&#8243; background_size=&#8221;initial&#8221; background_position=&#8221;top_left&#8221; background_repeat=&#8221;repeat&#8221; custom_padding=&#8221;17px|||&#8221; make_fullwidth=&#8221;off&#8221; use_custom_width=&#8221;off&#8221; width_unit=&#8221;on&#8221;][et_pb_column type=&#8221;1_3&#8243; _builder_version=&#8221;3.25&#8243; custom_padding=&#8221;|||&#8221; custom_padding__hover=&#8221;|||&#8221;][\/et_pb_column][et_pb_column type=&#8221;2_3&#8243; _builder_version=&#8221;3.25&#8243; custom_padding=&#8221;|||&#8221; custom_padding__hover=&#8221;|||&#8221;][et_pb_text admin_label=&#8221;Blocco testo 4&#8243; _builder_version=&#8221;4.8.2&#8243; text_font=&#8221;PT Sans||||&#8221; text_text_color=&#8221;#363636&#8243; text_font_size=&#8221;20&#8243; text_letter_spacing=&#8221;0&#8243; text_line_height=&#8221;1.5&#8243; header_font_size=&#8221;30&#8243; header_letter_spacing=&#8221;0&#8243; header_line_height=&#8221;1&#8243; background_size=&#8221;initial&#8221; background_position=&#8221;top_left&#8221; background_repeat=&#8221;repeat&#8221; max_width=&#8221;620px&#8221; custom_margin=&#8221;30px||0px|&#8221; custom_padding=&#8221;2px|||||&#8221; text_font_size_tablet=&#8221;&#8221; text_font_size_phone=&#8221;&#8221; text_font_size_last_edited=&#8221;on|tablet&#8221; use_border_color=&#8221;off&#8221; border_color=&#8221;#ffffff&#8221; border_width=&#8221;1&#8243; border_style=&#8221;solid&#8221;]<p>E chiudiamo questo articolo dedicato al 1967 cos\u00ec come lo abbiamo iniziato, ovvero con la <strong>Montreal<\/strong> che iniziava il suo cammino verso il sogno alfista.<\/p>\n<p><em>Nel padiglione &#8220;L&#8217;uomo, il produttore&#8221;, carrellata delle ultime prodigiose conquiste tecniche e imprenditoriali, \u00e8 raccolto il meglio dell&#8217;industria mondiale. &#8211; <\/em>scriveva Guido Vergani<em> &#8211; Una sezione\u00a0 \u00e8 riservata ai prototipi, a quei simboli cio\u00e8 non avveniristici ma reali che, mentre rappresentano un sicuro e insuperato punto di arrivo, lasciano intravedere traguardi ormai a portata di mano in questa &#8220;Cittadella del futuro&#8221; non poteva mancare un modello di vettura che suggerisce un&#8217;idea degli approdi possibili a breve scadenza. Questa automobile-simbolo \u00e8 un&#8217;Alfa Romeo&#8221; .<\/em><\/p>\n<p>&#8220;<em>Una dimostrazione che l&#8217;Alfa Romeo &#8211; <\/em>aggiunge Vincenzo Moro<em> &#8211; \u00e8 diventata una vera e propria aspirazione nella valutazione di ogni automobilista, data dall&#8217;Esposizione Universale Internazionale di Montreal, che si aprir\u00e0 a fine aprile a celebrazione del centenario della Confederazione Canadese. Il comitato organizzatore dell&#8217;Esposizione, che ha come tema &#8220;l&#8217;uomo e il suo mondo&#8221;, ha spontaneamente scelto, fra tutte le marche, due autovetture Alfa Romeo, da collocare al centro del padiglione dedicato all&#8217;Uomo Produttore, quale simbolo delle produzione automobilistica mondiale<\/em>&#8220;.<\/p>[\/et_pb_text][\/et_pb_column][\/et_pb_row][et_pb_row use_custom_gutter=&#8221;on&#8221; padding_mobile=&#8221;on&#8221; column_padding_mobile=&#8221;on&#8221; custom_padding_last_edited=&#8221;on|tablet&#8221; admin_label=&#8221;Row&#8221; _builder_version=&#8221;3.25&#8243; background_size=&#8221;initial&#8221; background_position=&#8221;top_left&#8221; background_repeat=&#8221;repeat&#8221; custom_padding=&#8221;50px|||&#8221; custom_padding_tablet=&#8221;30px|||&#8221; custom_padding_phone=&#8221;&#8221; make_fullwidth=&#8221;off&#8221; use_custom_width=&#8221;off&#8221; width_unit=&#8221;on&#8221;][et_pb_column type=&#8221;4_4&#8243; _builder_version=&#8221;3.25&#8243; custom_padding=&#8221;|||&#8221; custom_padding__hover=&#8221;|||&#8221;][et_pb_image src=&#8221;https:\/\/www.museofratellicozzi.com\/news\/wp-content\/uploads\/2021\/02\/11.png&#8221; title_text=&#8221;11&#8243; force_fullwidth=&#8221;on&#8221; align_tablet=&#8221;center&#8221; align_phone=&#8221;&#8221; align_last_edited=&#8221;on|desktop&#8221; admin_label=&#8221;immagine&#8221; _builder_version=&#8221;4.8.2&#8243; animation_style=&#8221;fade&#8221; animation_duration=&#8221;500ms&#8221; animation=&#8221;fade_in&#8221; sticky=&#8221;off&#8221; use_border_color=&#8221;off&#8221; border_color=&#8221;#ffffff&#8221; border_width=&#8221;1&#8243; border_style=&#8221;solid&#8221; always_center_on_mobile=&#8221;on&#8221;][\/et_pb_image][\/et_pb_column][\/et_pb_row][\/et_pb_section]\n\n","protected":false},"excerpt":{"rendered":"<p>Ecco l&#8217;atteso appuntamento con IL QUADRIFOGLIO\ud83c\udf40 che questa volta ci porter\u00e0 nel 1967 dove il quadro economico non era esattamente come quello attuale.<\/p>\n","protected":false},"author":5,"featured_media":12179,"comment_status":"open","ping_status":"open","sticky":false,"template":"","format":"standard","meta":{"_et_pb_use_builder":"on","_et_pb_old_content":"","_et_gb_content_width":"","_jetpack_memberships_contains_paid_content":false,"footnotes":""},"categories":[152,399],"tags":[21,406,592,78],"class_list":["post-11824","post","type-post","status-publish","format-standard","has-post-thumbnail","hentry","category-passione","category-vita-da-alfista","tag-alfa-romeo","tag-museo-fratelli-cozzi","tag-press","tag-quadrifoglio","et-has-post-format-content","et_post_format-et-post-format-standard"],"yoast_head":"<!-- This site is optimized with the Yoast SEO plugin v26.8 - https:\/\/yoast.com\/product\/yoast-seo-wordpress\/ -->\n<title>Il quadrifoglio 67 -<\/title>\n<meta name=\"description\" content=\"Ecco l&#039;atteso appuntamento con IL QUADRIFOGLIO\ud83c\udf40 che questa volta ci porter\u00e0 nel 1967 gli anni del boom economico.\" \/>\n<meta name=\"robots\" content=\"index, follow, max-snippet:-1, max-image-preview:large, max-video-preview:-1\" \/>\n<link rel=\"canonical\" href=\"https:\/\/www.museofratellicozzi.com\/news\/il-quadrifoglio-1967\/\" \/>\n<meta property=\"og:locale\" content=\"it_IT\" \/>\n<meta property=\"og:type\" content=\"article\" \/>\n<meta property=\"og:title\" content=\"Il quadrifoglio 67 -\" \/>\n<meta property=\"og:description\" content=\"Ecco l&#039;atteso appuntamento con IL QUADRIFOGLIO\ud83c\udf40 che questa volta ci porter\u00e0 nel 1967 gli anni del boom economico.\" \/>\n<meta property=\"og:url\" content=\"https:\/\/www.museofratellicozzi.com\/news\/il-quadrifoglio-1967\/\" \/>\n<meta property=\"og:site_name\" content=\"eNews Museo Fratelli Cozzi\" \/>\n<meta property=\"article:published_time\" content=\"2021-02-18T18:44:43+00:00\" \/>\n<meta property=\"article:modified_time\" content=\"2024-01-17T15:34:43+00:00\" \/>\n<meta property=\"og:image\" content=\"https:\/\/www.museofratellicozzi.com\/news\/wp-content\/uploads\/2021\/02\/Immagine-in-Evidenza-MUSEO-5.png\" \/>\n\t<meta property=\"og:image:width\" content=\"1280\" \/>\n\t<meta property=\"og:image:height\" content=\"720\" \/>\n\t<meta property=\"og:image:type\" content=\"image\/png\" \/>\n<meta name=\"author\" content=\"Laura Defendi\" \/>\n<meta name=\"twitter:card\" content=\"summary_large_image\" \/>\n<meta name=\"twitter:label1\" content=\"Scritto da\" \/>\n\t<meta name=\"twitter:data1\" content=\"Laura Defendi\" \/>\n\t<meta name=\"twitter:label2\" content=\"Tempo di lettura stimato\" \/>\n\t<meta name=\"twitter:data2\" content=\"10 minuti\" \/>\n<script type=\"application\/ld+json\" class=\"yoast-schema-graph\">{\"@context\":\"https:\/\/schema.org\",\"@graph\":[{\"@type\":\"Article\",\"@id\":\"https:\/\/www.museofratellicozzi.com\/news\/il-quadrifoglio-1967\/#article\",\"isPartOf\":{\"@id\":\"https:\/\/www.museofratellicozzi.com\/news\/il-quadrifoglio-1967\/\"},\"author\":{\"name\":\"Laura Defendi\",\"@id\":\"https:\/\/www.museofratellicozzi.com\/news\/#\/schema\/person\/9c1de5abfab71104e0bfe41cca1b7072\"},\"headline\":\"Il quadrifoglio 67\",\"datePublished\":\"2021-02-18T18:44:43+00:00\",\"dateModified\":\"2024-01-17T15:34:43+00:00\",\"mainEntityOfPage\":{\"@id\":\"https:\/\/www.museofratellicozzi.com\/news\/il-quadrifoglio-1967\/\"},\"wordCount\":3478,\"commentCount\":0,\"publisher\":{\"@id\":\"https:\/\/www.museofratellicozzi.com\/news\/#organization\"},\"image\":{\"@id\":\"https:\/\/www.museofratellicozzi.com\/news\/il-quadrifoglio-1967\/#primaryimage\"},\"thumbnailUrl\":\"https:\/\/www.museofratellicozzi.com\/news\/wp-content\/uploads\/2021\/02\/Immagine-in-Evidenza-MUSEO-5.png\",\"keywords\":[\"alfa romeo\",\"Museo Fratelli Cozzi\",\"Press\",\"quadrifoglio\"],\"articleSection\":[\"Passione Alfa\",\"Vita da Alfista\"],\"inLanguage\":\"it-IT\",\"potentialAction\":[{\"@type\":\"CommentAction\",\"name\":\"Comment\",\"target\":[\"https:\/\/www.museofratellicozzi.com\/news\/il-quadrifoglio-1967\/#respond\"]}]},{\"@type\":\"WebPage\",\"@id\":\"https:\/\/www.museofratellicozzi.com\/news\/il-quadrifoglio-1967\/\",\"url\":\"https:\/\/www.museofratellicozzi.com\/news\/il-quadrifoglio-1967\/\",\"name\":\"Il quadrifoglio 67 -\",\"isPartOf\":{\"@id\":\"https:\/\/www.museofratellicozzi.com\/news\/#website\"},\"primaryImageOfPage\":{\"@id\":\"https:\/\/www.museofratellicozzi.com\/news\/il-quadrifoglio-1967\/#primaryimage\"},\"image\":{\"@id\":\"https:\/\/www.museofratellicozzi.com\/news\/il-quadrifoglio-1967\/#primaryimage\"},\"thumbnailUrl\":\"https:\/\/www.museofratellicozzi.com\/news\/wp-content\/uploads\/2021\/02\/Immagine-in-Evidenza-MUSEO-5.png\",\"datePublished\":\"2021-02-18T18:44:43+00:00\",\"dateModified\":\"2024-01-17T15:34:43+00:00\",\"description\":\"Ecco l'atteso appuntamento con IL QUADRIFOGLIO\ud83c\udf40 che questa volta ci porter\u00e0 nel 1967 gli anni del boom economico.\",\"breadcrumb\":{\"@id\":\"https:\/\/www.museofratellicozzi.com\/news\/il-quadrifoglio-1967\/#breadcrumb\"},\"inLanguage\":\"it-IT\",\"potentialAction\":[{\"@type\":\"ReadAction\",\"target\":[\"https:\/\/www.museofratellicozzi.com\/news\/il-quadrifoglio-1967\/\"]}]},{\"@type\":\"ImageObject\",\"inLanguage\":\"it-IT\",\"@id\":\"https:\/\/www.museofratellicozzi.com\/news\/il-quadrifoglio-1967\/#primaryimage\",\"url\":\"https:\/\/www.museofratellicozzi.com\/news\/wp-content\/uploads\/2021\/02\/Immagine-in-Evidenza-MUSEO-5.png\",\"contentUrl\":\"https:\/\/www.museofratellicozzi.com\/news\/wp-content\/uploads\/2021\/02\/Immagine-in-Evidenza-MUSEO-5.png\",\"width\":1280,\"height\":720},{\"@type\":\"BreadcrumbList\",\"@id\":\"https:\/\/www.museofratellicozzi.com\/news\/il-quadrifoglio-1967\/#breadcrumb\",\"itemListElement\":[{\"@type\":\"ListItem\",\"position\":1,\"name\":\"Home\",\"item\":\"https:\/\/www.museofratellicozzi.com\/news\/\"},{\"@type\":\"ListItem\",\"position\":2,\"name\":\"Il quadrifoglio 67\"}]},{\"@type\":\"WebSite\",\"@id\":\"https:\/\/www.museofratellicozzi.com\/news\/#website\",\"url\":\"https:\/\/www.museofratellicozzi.com\/news\/\",\"name\":\"eNews Museo Fratelli Cozzi\",\"description\":\"Alfa Romeo: un mito che resiste al tempo\",\"publisher\":{\"@id\":\"https:\/\/www.museofratellicozzi.com\/news\/#organization\"},\"potentialAction\":[{\"@type\":\"SearchAction\",\"target\":{\"@type\":\"EntryPoint\",\"urlTemplate\":\"https:\/\/www.museofratellicozzi.com\/news\/?s={search_term_string}\"},\"query-input\":{\"@type\":\"PropertyValueSpecification\",\"valueRequired\":true,\"valueName\":\"search_term_string\"}}],\"inLanguage\":\"it-IT\"},{\"@type\":\"Organization\",\"@id\":\"https:\/\/www.museofratellicozzi.com\/news\/#organization\",\"name\":\"Museo Fratelli Cozzi\",\"url\":\"https:\/\/www.museofratellicozzi.com\/news\/\",\"logo\":{\"@type\":\"ImageObject\",\"inLanguage\":\"it-IT\",\"@id\":\"https:\/\/www.museofratellicozzi.com\/news\/#\/schema\/logo\/image\/\",\"url\":\"https:\/\/www.museofratellicozzi.com\/news\/wp-content\/uploads\/2017\/04\/home.png\",\"contentUrl\":\"https:\/\/www.museofratellicozzi.com\/news\/wp-content\/uploads\/2017\/04\/home.png\",\"width\":497,\"height\":512,\"caption\":\"Museo Fratelli Cozzi\"},\"image\":{\"@id\":\"https:\/\/www.museofratellicozzi.com\/news\/#\/schema\/logo\/image\/\"}},{\"@type\":\"Person\",\"@id\":\"https:\/\/www.museofratellicozzi.com\/news\/#\/schema\/person\/9c1de5abfab71104e0bfe41cca1b7072\",\"name\":\"Laura Defendi\",\"image\":{\"@type\":\"ImageObject\",\"inLanguage\":\"it-IT\",\"@id\":\"https:\/\/www.museofratellicozzi.com\/news\/#\/schema\/person\/image\/\",\"url\":\"https:\/\/secure.gravatar.com\/avatar\/fa196a116a28416a994aad4b629b4ae8?s=96&d=mm&r=g\",\"contentUrl\":\"https:\/\/secure.gravatar.com\/avatar\/fa196a116a28416a994aad4b629b4ae8?s=96&d=mm&r=g\",\"caption\":\"Laura Defendi\"}}]}<\/script>\n<!-- \/ Yoast SEO plugin. -->","yoast_head_json":{"title":"Il quadrifoglio 67 -","description":"Ecco l'atteso appuntamento con IL QUADRIFOGLIO\ud83c\udf40 che questa volta ci porter\u00e0 nel 1967 gli anni del boom economico.","robots":{"index":"index","follow":"follow","max-snippet":"max-snippet:-1","max-image-preview":"max-image-preview:large","max-video-preview":"max-video-preview:-1"},"canonical":"https:\/\/www.museofratellicozzi.com\/news\/il-quadrifoglio-1967\/","og_locale":"it_IT","og_type":"article","og_title":"Il quadrifoglio 67 -","og_description":"Ecco l'atteso appuntamento con IL QUADRIFOGLIO\ud83c\udf40 che questa volta ci porter\u00e0 nel 1967 gli anni del boom economico.","og_url":"https:\/\/www.museofratellicozzi.com\/news\/il-quadrifoglio-1967\/","og_site_name":"eNews Museo Fratelli Cozzi","article_published_time":"2021-02-18T18:44:43+00:00","article_modified_time":"2024-01-17T15:34:43+00:00","og_image":[{"width":1280,"height":720,"url":"https:\/\/www.museofratellicozzi.com\/news\/wp-content\/uploads\/2021\/02\/Immagine-in-Evidenza-MUSEO-5.png","type":"image\/png"}],"author":"Laura Defendi","twitter_card":"summary_large_image","twitter_misc":{"Scritto da":"Laura Defendi","Tempo di lettura stimato":"10 minuti"},"schema":{"@context":"https:\/\/schema.org","@graph":[{"@type":"Article","@id":"https:\/\/www.museofratellicozzi.com\/news\/il-quadrifoglio-1967\/#article","isPartOf":{"@id":"https:\/\/www.museofratellicozzi.com\/news\/il-quadrifoglio-1967\/"},"author":{"name":"Laura Defendi","@id":"https:\/\/www.museofratellicozzi.com\/news\/#\/schema\/person\/9c1de5abfab71104e0bfe41cca1b7072"},"headline":"Il quadrifoglio 67","datePublished":"2021-02-18T18:44:43+00:00","dateModified":"2024-01-17T15:34:43+00:00","mainEntityOfPage":{"@id":"https:\/\/www.museofratellicozzi.com\/news\/il-quadrifoglio-1967\/"},"wordCount":3478,"commentCount":0,"publisher":{"@id":"https:\/\/www.museofratellicozzi.com\/news\/#organization"},"image":{"@id":"https:\/\/www.museofratellicozzi.com\/news\/il-quadrifoglio-1967\/#primaryimage"},"thumbnailUrl":"https:\/\/www.museofratellicozzi.com\/news\/wp-content\/uploads\/2021\/02\/Immagine-in-Evidenza-MUSEO-5.png","keywords":["alfa romeo","Museo Fratelli Cozzi","Press","quadrifoglio"],"articleSection":["Passione Alfa","Vita da Alfista"],"inLanguage":"it-IT","potentialAction":[{"@type":"CommentAction","name":"Comment","target":["https:\/\/www.museofratellicozzi.com\/news\/il-quadrifoglio-1967\/#respond"]}]},{"@type":"WebPage","@id":"https:\/\/www.museofratellicozzi.com\/news\/il-quadrifoglio-1967\/","url":"https:\/\/www.museofratellicozzi.com\/news\/il-quadrifoglio-1967\/","name":"Il quadrifoglio 67 -","isPartOf":{"@id":"https:\/\/www.museofratellicozzi.com\/news\/#website"},"primaryImageOfPage":{"@id":"https:\/\/www.museofratellicozzi.com\/news\/il-quadrifoglio-1967\/#primaryimage"},"image":{"@id":"https:\/\/www.museofratellicozzi.com\/news\/il-quadrifoglio-1967\/#primaryimage"},"thumbnailUrl":"https:\/\/www.museofratellicozzi.com\/news\/wp-content\/uploads\/2021\/02\/Immagine-in-Evidenza-MUSEO-5.png","datePublished":"2021-02-18T18:44:43+00:00","dateModified":"2024-01-17T15:34:43+00:00","description":"Ecco l'atteso appuntamento con IL QUADRIFOGLIO\ud83c\udf40 che questa volta ci porter\u00e0 nel 1967 gli anni del boom economico.","breadcrumb":{"@id":"https:\/\/www.museofratellicozzi.com\/news\/il-quadrifoglio-1967\/#breadcrumb"},"inLanguage":"it-IT","potentialAction":[{"@type":"ReadAction","target":["https:\/\/www.museofratellicozzi.com\/news\/il-quadrifoglio-1967\/"]}]},{"@type":"ImageObject","inLanguage":"it-IT","@id":"https:\/\/www.museofratellicozzi.com\/news\/il-quadrifoglio-1967\/#primaryimage","url":"https:\/\/www.museofratellicozzi.com\/news\/wp-content\/uploads\/2021\/02\/Immagine-in-Evidenza-MUSEO-5.png","contentUrl":"https:\/\/www.museofratellicozzi.com\/news\/wp-content\/uploads\/2021\/02\/Immagine-in-Evidenza-MUSEO-5.png","width":1280,"height":720},{"@type":"BreadcrumbList","@id":"https:\/\/www.museofratellicozzi.com\/news\/il-quadrifoglio-1967\/#breadcrumb","itemListElement":[{"@type":"ListItem","position":1,"name":"Home","item":"https:\/\/www.museofratellicozzi.com\/news\/"},{"@type":"ListItem","position":2,"name":"Il quadrifoglio 67"}]},{"@type":"WebSite","@id":"https:\/\/www.museofratellicozzi.com\/news\/#website","url":"https:\/\/www.museofratellicozzi.com\/news\/","name":"eNews Museo Fratelli Cozzi","description":"Alfa Romeo: un mito che resiste al tempo","publisher":{"@id":"https:\/\/www.museofratellicozzi.com\/news\/#organization"},"potentialAction":[{"@type":"SearchAction","target":{"@type":"EntryPoint","urlTemplate":"https:\/\/www.museofratellicozzi.com\/news\/?s={search_term_string}"},"query-input":{"@type":"PropertyValueSpecification","valueRequired":true,"valueName":"search_term_string"}}],"inLanguage":"it-IT"},{"@type":"Organization","@id":"https:\/\/www.museofratellicozzi.com\/news\/#organization","name":"Museo Fratelli Cozzi","url":"https:\/\/www.museofratellicozzi.com\/news\/","logo":{"@type":"ImageObject","inLanguage":"it-IT","@id":"https:\/\/www.museofratellicozzi.com\/news\/#\/schema\/logo\/image\/","url":"https:\/\/www.museofratellicozzi.com\/news\/wp-content\/uploads\/2017\/04\/home.png","contentUrl":"https:\/\/www.museofratellicozzi.com\/news\/wp-content\/uploads\/2017\/04\/home.png","width":497,"height":512,"caption":"Museo Fratelli Cozzi"},"image":{"@id":"https:\/\/www.museofratellicozzi.com\/news\/#\/schema\/logo\/image\/"}},{"@type":"Person","@id":"https:\/\/www.museofratellicozzi.com\/news\/#\/schema\/person\/9c1de5abfab71104e0bfe41cca1b7072","name":"Laura Defendi","image":{"@type":"ImageObject","inLanguage":"it-IT","@id":"https:\/\/www.museofratellicozzi.com\/news\/#\/schema\/person\/image\/","url":"https:\/\/secure.gravatar.com\/avatar\/fa196a116a28416a994aad4b629b4ae8?s=96&d=mm&r=g","contentUrl":"https:\/\/secure.gravatar.com\/avatar\/fa196a116a28416a994aad4b629b4ae8?s=96&d=mm&r=g","caption":"Laura Defendi"}}]}},"jetpack_featured_media_url":"https:\/\/www.museofratellicozzi.com\/news\/wp-content\/uploads\/2021\/02\/Immagine-in-Evidenza-MUSEO-5.png","jetpack_shortlink":"https:\/\/wp.me\/p90Eth-34I","jetpack_sharing_enabled":true,"post_mailing_queue_ids":[],"_links":{"self":[{"href":"https:\/\/www.museofratellicozzi.com\/news\/wp-json\/wp\/v2\/posts\/11824","targetHints":{"allow":["GET"]}}],"collection":[{"href":"https:\/\/www.museofratellicozzi.com\/news\/wp-json\/wp\/v2\/posts"}],"about":[{"href":"https:\/\/www.museofratellicozzi.com\/news\/wp-json\/wp\/v2\/types\/post"}],"author":[{"embeddable":true,"href":"https:\/\/www.museofratellicozzi.com\/news\/wp-json\/wp\/v2\/users\/5"}],"replies":[{"embeddable":true,"href":"https:\/\/www.museofratellicozzi.com\/news\/wp-json\/wp\/v2\/comments?post=11824"}],"version-history":[{"count":44,"href":"https:\/\/www.museofratellicozzi.com\/news\/wp-json\/wp\/v2\/posts\/11824\/revisions"}],"predecessor-version":[{"id":12228,"href":"https:\/\/www.museofratellicozzi.com\/news\/wp-json\/wp\/v2\/posts\/11824\/revisions\/12228"}],"wp:featuredmedia":[{"embeddable":true,"href":"https:\/\/www.museofratellicozzi.com\/news\/wp-json\/wp\/v2\/media\/12179"}],"wp:attachment":[{"href":"https:\/\/www.museofratellicozzi.com\/news\/wp-json\/wp\/v2\/media?parent=11824"}],"wp:term":[{"taxonomy":"category","embeddable":true,"href":"https:\/\/www.museofratellicozzi.com\/news\/wp-json\/wp\/v2\/categories?post=11824"},{"taxonomy":"post_tag","embeddable":true,"href":"https:\/\/www.museofratellicozzi.com\/news\/wp-json\/wp\/v2\/tags?post=11824"}],"curies":[{"name":"wp","href":"https:\/\/api.w.org\/{rel}","templated":true}]}}