{"id":12964,"date":"2021-08-30T19:02:38","date_gmt":"2021-08-30T17:02:38","guid":{"rendered":"https:\/\/news.museofratellicozzi.com\/?p=12964"},"modified":"2024-01-17T16:19:25","modified_gmt":"2024-01-17T15:19:25","slug":"velca-mostra-legnano-designweek","status":"publish","type":"post","link":"https:\/\/www.museofratellicozzi.com\/news\/velca-mostra-legnano-designweek\/","title":{"rendered":"Dove c&#8217;\u00e8 gente, c&#8217;\u00e8 Velca"},"content":{"rendered":"<p>[et_pb_section fb_built=&#8221;1&#8243; admin_label=&#8221;Sezione&#8221; _builder_version=&#8221;3.22&#8243; custom_padding=&#8221;0px|||&#8221; transparent_background=&#8221;off&#8221; make_fullwidth=&#8221;off&#8221; use_custom_width=&#8221;off&#8221; width_unit=&#8221;on&#8221; custom_width_px=&#8221;1080&#8243; custom_width_percent=&#8221;80&#8243;][et_pb_row use_custom_gutter=&#8221;on&#8221; gutter_width=&#8221;1&#8243; disabled_on=&#8221;off|off|off&#8221; admin_label=&#8221;Riga&#8221; module_class=&#8221; et_pb_row_fullwidth&#8221; _builder_version=&#8221;3.25&#8243; background_size=&#8221;initial&#8221; background_position=&#8221;top_left&#8221; background_repeat=&#8221;repeat&#8221; width=&#8221;100%&#8221; width_tablet=&#8221;100%&#8221; width_phone=&#8221;&#8221; width_last_edited=&#8221;on|desktop&#8221; max_width=&#8221;100%&#8221; max_width_tablet=&#8221;100%&#8221; max_width_phone=&#8221;&#8221; max_width_last_edited=&#8221;on|desktop&#8221; custom_padding=&#8221;0px|||&#8221; make_fullwidth=&#8221;on&#8221; use_custom_width=&#8221;off&#8221; width_unit=&#8221;on&#8221; custom_width_px=&#8221;1080&#8243; custom_width_percent=&#8221;80&#8243;][et_pb_column type=&#8221;4_4&#8243; _builder_version=&#8221;3.25&#8243; custom_padding=&#8221;|||&#8221; custom_padding__hover=&#8221;|||&#8221;][et_pb_image src=&#8221;https:\/\/www.museofratellicozzi.com\/news\/wp-content\/uploads\/2021\/08\/MAIN-1.jpeg&#8221; title_text=&#8221;MAIN-1&#8243; force_fullwidth=&#8221;on&#8221; align_tablet=&#8221;center&#8221; align_phone=&#8221;&#8221; align_last_edited=&#8221;on|desktop&#8221; admin_label=&#8221;Immagine principale&#8221; _builder_version=&#8221;4.8.2&#8243; animation=&#8221;off&#8221; sticky=&#8221;off&#8221; use_border_color=&#8221;off&#8221; border_color=&#8221;#ffffff&#8221; border_width=&#8221;1&#8243; border_style=&#8221;solid&#8221; always_center_on_mobile=&#8221;on&#8221;][\/et_pb_image][\/et_pb_column][\/et_pb_row][et_pb_row admin_label=&#8221;Riga&#8221; _builder_version=&#8221;3.25&#8243; background_size=&#8221;initial&#8221; background_position=&#8221;top_left&#8221; background_repeat=&#8221;repeat&#8221; custom_padding=&#8221;20px||0px|&#8221; make_fullwidth=&#8221;off&#8221; use_custom_width=&#8221;off&#8221; width_unit=&#8221;on&#8221; custom_width_px=&#8221;1080&#8243; custom_width_percent=&#8221;80&#8243;][et_pb_column type=&#8221;4_4&#8243; _builder_version=&#8221;3.25&#8243; custom_padding=&#8221;|||&#8221; custom_padding__hover=&#8221;|||&#8221;][et_pb_text admin_label=&#8221;Titolo&#8221; _builder_version=&#8221;4.8.2&#8243; text_font=&#8221;PT Sans||||&#8221; text_text_color=&#8221;#000000&#8243; text_font_size=&#8221;72&#8243; text_letter_spacing=&#8221;0&#8243; text_line_height=&#8221;1.1&#8243; header_font=&#8221;PT Sans||||&#8221; header_text_color=&#8221;#000000&#8243; header_font_size=&#8221;48&#8243; header_letter_spacing=&#8221;0&#8243; header_line_height=&#8221;1.1em&#8221; background_size=&#8221;initial&#8221; background_position=&#8221;top_left&#8221; background_repeat=&#8221;repeat&#8221; custom_margin=&#8221;0px||0px|&#8221; text_font_size_tablet=&#8221;60&#8243; text_font_size_phone=&#8221;&#8221; text_font_size_last_edited=&#8221;on|phone&#8221; text_letter_spacing_tablet=&#8221;&#8221; text_letter_spacing_phone=&#8221;&#8221; text_letter_spacing_last_edited=&#8221;on|desktop&#8221; text_line_height_tablet=&#8221;&#8221; text_line_height_phone=&#8221;&#8221; text_line_height_last_edited=&#8221;on|&#8221; header_font_size_tablet=&#8221;46&#8243; header_font_size_phone=&#8221;38px&#8221; header_font_size_last_edited=&#8221;on|phone&#8221; use_border_color=&#8221;off&#8221; border_color=&#8221;#ffffff&#8221; border_width=&#8221;1&#8243; border_style=&#8221;solid&#8221;]<\/p>\n<h1>Dove c&#8217;\u00e8 gente, c&#8217;\u00e8 velca &#8211; da legnano al moma\u00a0<\/h1>\n<p>[\/et_pb_text][et_pb_text admin_label=&#8221;Data&#8221; _builder_version=&#8221;4.8.2&#8243; text_font=&#8221;PT Sans|on|||&#8221; text_text_color=&#8221;#363636&#8243; text_font_size=&#8221;18&#8243; text_letter_spacing=&#8221;0&#8243; text_line_height=&#8221;1.7&#8243; header_font_size=&#8221;30&#8243; header_letter_spacing=&#8221;0&#8243; header_line_height=&#8221;1&#8243; background_size=&#8221;initial&#8221; background_position=&#8221;top_left&#8221; background_repeat=&#8221;repeat&#8221; custom_margin=&#8221;10px||0px|&#8221; custom_padding=&#8221;||0px|||&#8221; use_border_color=&#8221;off&#8221; border_color=&#8221;#ffffff&#8221; border_width=&#8221;1&#8243; border_style=&#8221;solid&#8221;]<\/p>\n<p>20 agosto, 2021<\/p>\n<p>[\/et_pb_text][\/et_pb_column][\/et_pb_row][\/et_pb_section][et_pb_section fb_built=&#8221;1&#8243; admin_label=&#8221;Section&#8221; _builder_version=&#8221;3.22&#8243; background_color=&#8221;#f7f7f4&#8243; transparent_background=&#8221;off&#8221; make_fullwidth=&#8221;off&#8221; use_custom_width=&#8221;off&#8221; width_unit=&#8221;on&#8221; custom_width_px=&#8221;1080&#8243; custom_width_percent=&#8221;80&#8243;][et_pb_row column_structure=&#8221;1_3,2_3&#8243; padding_mobile=&#8221;on&#8221; column_padding_mobile=&#8221;on&#8221; admin_label=&#8221;row&#8221; _builder_version=&#8221;4.8.2&#8243; background_size=&#8221;initial&#8221; background_position=&#8221;top_left&#8221; background_repeat=&#8221;repeat&#8221; custom_margin=&#8221;10px||||false|false&#8221; custom_padding=&#8221;0px|||&#8221; make_fullwidth=&#8221;off&#8221; use_custom_width=&#8221;off&#8221; width_unit=&#8221;on&#8221; custom_width_px=&#8221;1080&#8243; custom_width_percent=&#8221;80&#8243;][et_pb_column type=&#8221;1_3&#8243; _builder_version=&#8221;3.25&#8243; custom_padding=&#8221;|||&#8221; custom_padding__hover=&#8221;|||&#8221;][et_pb_text admin_label=&#8221;Occhiello&#8221; _builder_version=&#8221;4.8.2&#8243; text_font=&#8221;PT Sans|on|||&#8221; text_text_color=&#8221;#363636&#8243; text_font_size=&#8221;24&#8243; text_letter_spacing=&#8221;0&#8243; text_line_height=&#8221;1.4&#8243; header_font_size=&#8221;30&#8243; header_letter_spacing=&#8221;0&#8243; header_line_height=&#8221;1&#8243; header_3_font_size=&#8221;19px&#8221; header_3_line_height=&#8221;1.2em&#8221; background_size=&#8221;initial&#8221; background_position=&#8221;top_left&#8221; background_repeat=&#8221;repeat&#8221; max_width=&#8221;620px&#8221; custom_margin=&#8221;0px|20px|0px||false|false&#8221; custom_padding=&#8221;||0px|||&#8221; text_font_size_tablet=&#8221;&#8221; text_font_size_phone=&#8221;&#8221; text_font_size_last_edited=&#8221;on|desktop&#8221; use_border_color=&#8221;off&#8221; border_color=&#8221;#ffffff&#8221; border_width=&#8221;1&#8243; border_style=&#8221;solid&#8221;]<\/p>\n<h3><span>Dal 4 al 12 settembre l&#8217;evento per la Design Week: la mostra in sala rossa vedr\u00e0 protagonisti gli iconici prodotti della legnanese velca<\/span><\/h3>\n<p>[\/et_pb_text][\/et_pb_column][et_pb_column type=&#8221;2_3&#8243; _builder_version=&#8221;3.25&#8243; custom_padding=&#8221;|||&#8221; custom_padding__hover=&#8221;|||&#8221;][et_pb_text admin_label=&#8221;Blocco testo 1&#8243; _builder_version=&#8221;4.8.2&#8243; text_font=&#8221;PT Sans||||&#8221; text_text_color=&#8221;#363636&#8243; text_font_size=&#8221;20&#8243; text_letter_spacing=&#8221;0&#8243; text_line_height=&#8221;1.2em&#8221; header_font_size=&#8221;30&#8243; header_letter_spacing=&#8221;0&#8243; header_line_height=&#8221;1&#8243; background_size=&#8221;initial&#8221; background_position=&#8221;top_left&#8221; background_repeat=&#8221;repeat&#8221; max_width=&#8221;620px&#8221; custom_margin=&#8221;0px||0px||false|false&#8221; text_font_size_tablet=&#8221;&#8221; text_font_size_phone=&#8221;&#8221; text_font_size_last_edited=&#8221;on|tablet&#8221; use_border_color=&#8221;off&#8221; border_color=&#8221;#ffffff&#8221; border_width=&#8221;1&#8243; border_style=&#8221;solid&#8221;]<\/p>\n<p><span style=\"font-weight: 400;\">Museo Fratelli Cozzi e Legnano stanno bene insieme.<\/span><\/p>\n<p><span style=\"font-weight: 400;\">E non solo perch\u00e9 il Museo ha conquistato il <\/span><strong>Traveller\u2019s choice award 2020 di Tripadvisor<\/strong> <span style=\"font-weight: 400;\">che lo colloca tra il 10% delle migliori attrazioni al mondo e come prima attrazione della citt\u00e0 di Legnano (grazie!), ma anche perch\u00e9 \u00e8 sempre stato un nostro preciso impegno valorizzare e promuovere le imprese e la storia legnanesi attraverso un racconto che vede le nostre automobili come protagoniste, talvolta, o come comprimarie.\u00a0<\/span><\/p>\n<p><span style=\"font-weight: 400;\">In occasione della<\/span><strong> Design Week e del programma di eventi per il Fuorisalone 2021<\/strong><span style=\"font-weight: 400;\"><strong>,<\/strong> in collaborazione con <\/span><strong>il distretto 5VIE<\/strong><b>, <\/b><span style=\"font-weight: 400;\">abbiamo deciso di proporre una mostra-evento per far conoscere non solo il Museo ma anche la storia di un\u2019altra importante realt\u00e0 imprenditoriale di Legnano che oggi non c\u2019\u00e8 pi\u00f9: <\/span><strong>Velca Legnano.\u00a0<\/strong><\/p>\n<p><span style=\"font-weight: 400;\">Conosci Velca? Scaleo, Vip e Golf sono solo alcuni tra i prodotti pi\u00f9 famosi del marchio legnanese che ha fatto la storia del design. Si tratta di un marchio riconosciuto a livello mondiale: Scaleo (1974) addirittura fa parte della <\/span><strong>collezione del MoMA &#8211; Museum of Modern Art di New York.\u00a0<\/strong><\/p>\n<p><span style=\"font-weight: 400;\">Tra i designer che hanno collaborato con Velca Legnano ci sono nomi davvero noti, talenti indimenticabili come <\/span><strong>Renzo Piano e Oliviero Toscani, Roberto Lucci, Paolo Orlandini, Claudio Platania, Benanti &amp; Brunori, Franco Annoni e Albert Leclerc.\u00a0<\/strong><\/p>\n<p>[\/et_pb_text][\/et_pb_column][\/et_pb_row][et_pb_row padding_mobile=&#8221;on&#8221; column_padding_mobile=&#8221;on&#8221; disabled_on=&#8221;off|off|off&#8221; admin_label=&#8221;Row&#8221; _builder_version=&#8221;4.8.2&#8243; background_size=&#8221;initial&#8221; background_position=&#8221;top_left&#8221; background_repeat=&#8221;repeat&#8221; custom_padding=&#8221;2px|||||&#8221; make_fullwidth=&#8221;off&#8221; use_custom_width=&#8221;off&#8221; width_unit=&#8221;on&#8221; custom_width_px=&#8221;1080&#8243; custom_width_percent=&#8221;80&#8243;][et_pb_column type=&#8221;4_4&#8243; _builder_version=&#8221;3.25&#8243; custom_padding=&#8221;|||&#8221; custom_padding__hover=&#8221;|||&#8221;][et_pb_text _builder_version=&#8221;4.8.2&#8243; _module_preset=&#8221;default&#8221; text_font=&#8221;PT Serif||||||||&#8221; text_text_color=&#8221;#000000&#8243; text_font_size=&#8221;40px&#8221;]<\/p>\n<p><em><i><span>La scaletta Scaleo (1974)\u00a0 fa parte della <strong>collezione del MoMA di New York.\u00a0<\/strong><\/span><\/i><\/em><\/p>\n<p>[\/et_pb_text][\/et_pb_column][\/et_pb_row][et_pb_row column_structure=&#8221;1_3,1_3,1_3&#8243; column_padding_mobile=&#8221;on&#8221; custom_padding_last_edited=&#8221;on|tablet&#8221; disabled_on=&#8221;off||&#8221; admin_label=&#8221;Row&#8221; _builder_version=&#8221;4.8.2&#8243; background_size=&#8221;initial&#8221; background_position=&#8221;top_left&#8221; background_repeat=&#8221;repeat&#8221; custom_padding=&#8221;1px|||||&#8221; custom_padding_tablet=&#8221;17px|||&#8221; custom_padding_phone=&#8221;&#8221; make_fullwidth=&#8221;off&#8221; use_custom_width=&#8221;off&#8221; width_unit=&#8221;on&#8221; custom_width_px=&#8221;1080&#8243; custom_width_percent=&#8221;80&#8243;][et_pb_column type=&#8221;1_3&#8243; _builder_version=&#8221;3.25&#8243; custom_padding=&#8221;|||&#8221; custom_padding__hover=&#8221;|||&#8221;][et_pb_image src=&#8221;https:\/\/www.museofratellicozzi.com\/news\/wp-content\/uploads\/2021\/08\/WhatsApp-Image-2021-08-30-at-13.57.08-1.jpeg&#8221; title_text=&#8221;WhatsApp Image 2021-08-30 at 13.57.08 (1)&#8221; _builder_version=&#8221;4.8.2&#8243; _module_preset=&#8221;default&#8221; custom_margin=&#8221;||21px|||&#8221; custom_padding=&#8221;||20px|||&#8221;][\/et_pb_image][\/et_pb_column][et_pb_column type=&#8221;1_3&#8243; _builder_version=&#8221;3.25&#8243; custom_padding=&#8221;|||&#8221; custom_padding__hover=&#8221;|||&#8221;][et_pb_image src=&#8221;https:\/\/www.museofratellicozzi.com\/news\/wp-content\/uploads\/2021\/08\/WhatsApp-Image-2021-08-30-at-13.57.02-2.jpeg&#8221; title_text=&#8221;WhatsApp Image 2021-08-30 at 13.57.02 (2)&#8221; _builder_version=&#8221;4.8.2&#8243; _module_preset=&#8221;default&#8221; width=&#8221;99.1%&#8221; custom_padding=&#8221;|18px|0px|0px||&#8221;][\/et_pb_image][\/et_pb_column][et_pb_column type=&#8221;1_3&#8243; _builder_version=&#8221;3.25&#8243; custom_padding=&#8221;|||&#8221; custom_padding__hover=&#8221;|||&#8221;][et_pb_image src=&#8221;https:\/\/www.museofratellicozzi.com\/news\/wp-content\/uploads\/2021\/08\/WhatsApp-Image-2021-08-30-at-13.57.01.jpeg&#8221; title_text=&#8221;WhatsApp Image 2021-08-30 at 13.57.01&#8243; _builder_version=&#8221;4.8.2&#8243; _module_preset=&#8221;default&#8221;][\/et_pb_image][\/et_pb_column][\/et_pb_row][et_pb_row column_structure=&#8221;1_3,2_3&#8243; padding_mobile=&#8221;on&#8221; column_padding_mobile=&#8221;on&#8221; admin_label=&#8221;row&#8221; _builder_version=&#8221;3.25&#8243; background_size=&#8221;initial&#8221; background_position=&#8221;top_left&#8221; background_repeat=&#8221;repeat&#8221; custom_margin=&#8221;21px|auto||auto||&#8221; custom_padding=&#8221;0px|||&#8221; make_fullwidth=&#8221;off&#8221; use_custom_width=&#8221;off&#8221; width_unit=&#8221;on&#8221;][et_pb_column type=&#8221;1_3&#8243; _builder_version=&#8221;3.25&#8243; custom_padding=&#8221;|||&#8221; custom_padding__hover=&#8221;|||&#8221;][\/et_pb_column][et_pb_column type=&#8221;2_3&#8243; _builder_version=&#8221;3.25&#8243; custom_padding=&#8221;|||&#8221; custom_padding__hover=&#8221;|||&#8221;][et_pb_text admin_label=&#8221;Blocco testo 2&#8243; _builder_version=&#8221;4.8.2&#8243; text_font=&#8221;PT Sans||||&#8221; text_text_color=&#8221;#363636&#8243; text_font_size=&#8221;20&#8243; text_letter_spacing=&#8221;0&#8243; text_line_height=&#8221;1.2em&#8221; header_font_size=&#8221;30&#8243; header_letter_spacing=&#8221;0&#8243; header_line_height=&#8221;1&#8243; background_size=&#8221;initial&#8221; background_position=&#8221;top_left&#8221; background_repeat=&#8221;repeat&#8221; max_width=&#8221;620px&#8221; custom_margin=&#8221;0px||0px|||&#8221; custom_padding=&#8221;1px|||||&#8221; text_font_size_tablet=&#8221;&#8221; text_font_size_phone=&#8221;&#8221; text_font_size_last_edited=&#8221;on|tablet&#8221; use_border_color=&#8221;off&#8221; border_color=&#8221;#ffffff&#8221; border_width=&#8221;1&#8243; border_style=&#8221;solid&#8221;]<\/p>\n<p><strong>Perch\u00e9 vogliamo raccontare la storia di Velca?<\/strong><\/p>\n<p><span style=\"font-weight: 400;\">Per riportare alla memoria dei legnanesi in primis ma anche di tutti gli appassionati di impresa e di design una straordinaria storia aziendale. Cultura di impresa: quello che le imprese italiane insegnano al mondo.<\/span><\/p>\n<p><span style=\"font-weight: 400;\">Nel 1954, quando all\u2019indomani delle macerie lasciate sul campo dalla guerra tutto sembrava possibile, Aldo Casaroli e Luigi Vedani, in un piccolo capannone di via Balbo, cominciano a costruire la storia di un\u2019azienda che da laboratorio artigianale arriver\u00e0 ad avere, nel momento di massima espansione a cavallo tra la fine degli anni Settanta e i primi Ottanta, ben 140 dipendenti. <\/span><strong>Un\u2019azienda che lascer\u00e0 un segno indelebile, fino ad ora mai raccontato<\/strong><span style=\"font-weight: 400;\"> e ricostruito nei passaggi fondamentali, nella storia industriale della citt\u00e0 e del design dell\u2019arredamento da ufficio.<\/span><\/p>\n<p><span style=\"font-weight: 400;\">Attraverso un percorso con i pannelli e con gli oggetti in esposizione raccontiamo &#8211; grazie al contributo del <\/span><strong>giornalista QN-Il Giorno Paolo Girotti e del figlio di uno dei fondatori, Gabriele Vedani<\/strong><span style=\"font-weight: 400;\"><strong> &#8211;<\/strong> la storia di questa azienda cos\u00ec importante per il panorama legnanese, e non solo.\u00a0<\/span><\/p>\n<p>[\/et_pb_text][\/et_pb_column][\/et_pb_row][et_pb_row column_structure=&#8221;1_3,1_3,1_3&#8243; column_padding_mobile=&#8221;on&#8221; custom_padding_last_edited=&#8221;on|tablet&#8221; disabled_on=&#8221;off||&#8221; admin_label=&#8221;Row&#8221; _builder_version=&#8221;4.8.2&#8243; background_size=&#8221;initial&#8221; background_position=&#8221;top_left&#8221; background_repeat=&#8221;repeat&#8221; custom_padding=&#8221;1px|||||&#8221; custom_padding_tablet=&#8221;17px|||&#8221; custom_padding_phone=&#8221;&#8221; make_fullwidth=&#8221;off&#8221; use_custom_width=&#8221;off&#8221; width_unit=&#8221;on&#8221; custom_width_px=&#8221;1080&#8243; custom_width_percent=&#8221;80&#8243;][et_pb_column type=&#8221;1_3&#8243; _builder_version=&#8221;3.25&#8243; custom_padding=&#8221;|||&#8221; custom_padding__hover=&#8221;|||&#8221;][et_pb_image src=&#8221;https:\/\/www.museofratellicozzi.com\/news\/wp-content\/uploads\/2021\/08\/WhatsApp-Image-2021-08-30-at-13.57.05.jpeg&#8221; title_text=&#8221;WhatsApp Image 2021-08-30 at 13.57.05&#8243; _builder_version=&#8221;4.8.2&#8243; _module_preset=&#8221;default&#8221; custom_padding=&#8221;|31px||||&#8221;][\/et_pb_image][\/et_pb_column][et_pb_column type=&#8221;1_3&#8243; _builder_version=&#8221;3.25&#8243; custom_padding=&#8221;|||&#8221; custom_padding__hover=&#8221;|||&#8221;][et_pb_image src=&#8221;https:\/\/www.museofratellicozzi.com\/news\/wp-content\/uploads\/2021\/08\/WhatsApp-Image-2021-08-30-at-13.57.04.jpeg&#8221; title_text=&#8221;WhatsApp Image 2021-08-30 at 13.57.04&#8243; _builder_version=&#8221;4.8.2&#8243; _module_preset=&#8221;default&#8221; custom_padding=&#8221;||44px|||&#8221;][\/et_pb_image][\/et_pb_column][et_pb_column type=&#8221;1_3&#8243; _builder_version=&#8221;3.25&#8243; custom_padding=&#8221;|||&#8221; custom_padding__hover=&#8221;|||&#8221;][et_pb_image src=&#8221;https:\/\/www.museofratellicozzi.com\/news\/wp-content\/uploads\/2021\/08\/WhatsApp-Image-2021-08-30-at-13.57.03.jpeg&#8221; title_text=&#8221;WhatsApp Image 2021-08-30 at 13.57.03&#8243; _builder_version=&#8221;4.8.2&#8243; _module_preset=&#8221;default&#8221; custom_padding=&#8221;|||33px||&#8221;][\/et_pb_image][\/et_pb_column][\/et_pb_row][et_pb_row padding_mobile=&#8221;on&#8221; column_padding_mobile=&#8221;on&#8221; admin_label=&#8221;row&#8221; _builder_version=&#8221;4.8.2&#8243; background_size=&#8221;initial&#8221; background_position=&#8221;top_left&#8221; background_repeat=&#8221;repeat&#8221; custom_padding=&#8221;0px|||&#8221; make_fullwidth=&#8221;off&#8221; use_custom_width=&#8221;off&#8221; width_unit=&#8221;on&#8221;][et_pb_column type=&#8221;4_4&#8243; _builder_version=&#8221;3.25&#8243; custom_padding=&#8221;|||&#8221; custom_padding__hover=&#8221;|||&#8221;][et_pb_text _builder_version=&#8221;4.8.2&#8243; _module_preset=&#8221;default&#8221;]<\/p>\n<p><span style=\"font-weight: 400;\">GS1 ha scelto come location il nostro Museo per la riunione della nuova organizzazione del reparto Marketing e Comunicazione<\/span><\/p>\n<p>[\/et_pb_text][\/et_pb_column][\/et_pb_row][et_pb_row column_structure=&#8221;1_3,2_3&#8243; padding_mobile=&#8221;on&#8221; column_padding_mobile=&#8221;on&#8221; admin_label=&#8221;row&#8221; _builder_version=&#8221;3.25&#8243; background_size=&#8221;initial&#8221; background_position=&#8221;top_left&#8221; background_repeat=&#8221;repeat&#8221; custom_margin=&#8221;21px|auto||auto||&#8221; custom_padding=&#8221;0px|||&#8221; make_fullwidth=&#8221;off&#8221; use_custom_width=&#8221;off&#8221; width_unit=&#8221;on&#8221;][et_pb_column type=&#8221;1_3&#8243; _builder_version=&#8221;3.25&#8243; custom_padding=&#8221;|||&#8221; custom_padding__hover=&#8221;|||&#8221;][\/et_pb_column][et_pb_column type=&#8221;2_3&#8243; _builder_version=&#8221;3.25&#8243; custom_padding=&#8221;|||&#8221; custom_padding__hover=&#8221;|||&#8221;][et_pb_text admin_label=&#8221;Blocco testo 2&#8243; _builder_version=&#8221;4.8.2&#8243; text_font=&#8221;PT Sans||||&#8221; text_text_color=&#8221;#363636&#8243; text_font_size=&#8221;20&#8243; text_letter_spacing=&#8221;0&#8243; text_line_height=&#8221;1.2em&#8221; header_font_size=&#8221;30&#8243; header_letter_spacing=&#8221;0&#8243; header_line_height=&#8221;1&#8243; background_size=&#8221;initial&#8221; background_position=&#8221;top_left&#8221; background_repeat=&#8221;repeat&#8221; max_width=&#8221;620px&#8221; custom_margin=&#8221;0px||0px|||&#8221; custom_padding=&#8221;1px|||||&#8221; text_font_size_tablet=&#8221;&#8221; text_font_size_phone=&#8221;&#8221; text_font_size_last_edited=&#8221;on|tablet&#8221; use_border_color=&#8221;off&#8221; border_color=&#8221;#ffffff&#8221; border_width=&#8221;1&#8243; border_style=&#8221;solid&#8221;]<\/p>\n<p><span style=\"font-weight: 400;\">Nella <strong>Sala Rossa<\/strong> in occasione del Fuorisalone 2021 (4-12 settembre) verr\u00e0 allestita la mostra dedicata a Velca.<\/span><\/p>\n<p><span style=\"font-weight: 400;\">La mostra verr\u00e0 inaugurata con una conferenza stampa sabato 4 settembre alle 11 e successivamente alle 18 alla presenza delle autorit\u00e0.\u00a0<\/span><\/p>\n<p><span style=\"font-weight: 400;\">Le <strong>visite guidate<\/strong> con accesso al Museo sono previste domenica 5 settembre alle 11 e alle 18, sabato 11 settembre alle 11 e alle 18 e domenica 12 settembre alle 11.<\/span><\/p>\n<p><span style=\"font-weight: 400;\">L\u2019apertura al pubblico della mostra \u00e8 prevista invece nei seguenti orari:<\/span><\/p>\n<ul>\n<li><span style=\"font-weight: 400;\">Domenica 5 settembre: dalle 10 alle 13 e dalle 17 alle 20<\/span><\/li>\n<li>Marted\u00ec 7 settembre: dalle 12 alle 15<\/li>\n<li>Mercoled\u00ec 8 settembre: dalle 17 alle 19.30<\/li>\n<li>Gioved\u00ec 9 settembre: dalle 12 alle 15<\/li>\n<li>Venerd\u00ec 10 settembre: dalle 17 alle 19.30<\/li>\n<li>Sabato 11 settembre: dalle 10 alle 13 e dalle 17 alle 20<\/li>\n<li>Domenica 12 settembre: dalle 10 alle 13 e dalle 17 alle 20<\/li>\n<\/ul>\n<p><strong>Domenica 12 settembre alle 18 l&#8217;evento di chiusura:\u00a0<\/strong><\/p>\n<p><span style=\"font-weight: 400; letter-spacing: 0px;\">una chiacchierata in libert\u00e0, all&#8217;interno dell&#8217;area museale, in mezzo alle nostre Alfa Romeo, con ospiti straordinari, moderati da <\/span><em style=\"font-weight: 400; letter-spacing: 0px;\">Paolo Girotti.\u00a0\u00a0<\/em><span style=\"font-weight: 400; letter-spacing: 0px;\">I\u00a0designer di Velca\u00a0<\/span><strong style=\"letter-spacing: 0px;\">Roberto Lucci<\/strong><span style=\"font-weight: 400; letter-spacing: 0px;\">, <\/span><strong style=\"letter-spacing: 0px;\">Paolo Orlandini<\/strong><span style=\"font-weight: 400; letter-spacing: 0px;\"> e <\/span><strong style=\"letter-spacing: 0px;\">Claudio Platania,<\/strong><span style=\"font-weight: 400; letter-spacing: 0px;\"> insieme ai figli dei fondatori<\/span><strong style=\"letter-spacing: 0px;\"> Daniele Casaroli e Gabriele Vedani,\u00a0<\/strong><span style=\"font-weight: 400; letter-spacing: 0px;\">racconteranno quegli anni memorabili.<\/span><\/p>\n<p><span style=\"font-weight: 400;\"><em><strong>Attenzione<\/strong>: prenotarsi a <a href=\"mailto:info@museofratellicozzi.com\">info@museofratellicozzi.com<\/a>\u00a0&#8211; posti disponibili fino a capienza massima secondo le normative anti Covid 19<\/em><\/span><\/p>\n<p><span style=\"font-weight: 400;\">Le visite guidate possono essere prenotate solo su Eventbrite al link che trovi in fondo alla news\u00a0<\/span><span style=\"font-weight: 400;\">mentre l\u2019accesso alla mostra \u00e8 gratuito su prenotazione scrivendo a <\/span><a href=\"mailto:info@museofratellicozzi.com\"><span style=\"font-weight: 400;\">info@museofratellicozzi.com<\/span><\/a><span style=\"font-weight: 400;\">.<\/span><\/p>\n<p><strong>Qualche informazione aggiuntiva<\/strong><\/p>\n<p><span style=\"font-weight: 400;\">Nel rispetto della normativa sanitaria Anti COVID 19, l&#8217;accesso \u00e8 consentito solo ai possessori di Green Pass o con tampone negativo effettuato nelle 48 ore precedenti.<\/span><\/p>\n<p><span style=\"font-weight: 400;\">All&#8217;interno dei locali \u00e8 obbligatorio l&#8217;uso della mascherina ed il mantenimento del corretto distanziamento.<\/span><\/p>\n<p><span style=\"font-weight: 400;\">Il Museo \u00e8 convenzionato con Aci Storico, Asi, Rivs. Le convenzioni non sono cumulabili con i biglietti promozionali.<\/span><\/p>\n<p><span style=\"font-weight: 400;\">L&#8217;accesso \u00e8 gratuito ai ragazzi sino ai 18 anni non compiuti.<\/span><\/p>\n<p><span style=\"font-weight: 400;\">Si prega di segnalare la presenza di persone diversamente abili per agevolare la preparazione delle modalit\u00e0 di ingresso previste.<\/span><\/p>\n<p>[\/et_pb_text][\/et_pb_column][\/et_pb_row][et_pb_row _builder_version=&#8221;4.8.2&#8243; _module_preset=&#8221;default&#8221;][et_pb_column type=&#8221;4_4&#8243; _builder_version=&#8221;4.8.2&#8243; _module_preset=&#8221;default&#8221;][et_pb_cta title=&#8221;DOVE C&#8217;\u00e8 GENTE, C&#8217;\u00e8 VELCA&#8221; button_url=&#8221;https:\/\/www.eventbrite.it\/e\/biglietti-visita-guidata-al-museo-e-mostra-di-velca-fuorisalone-2021-164864471071?aff=ebdsoporgprofile&#8221; url_new_window=&#8221;on&#8221; button_text=&#8221;Registrati&#8221; _builder_version=&#8221;4.8.2&#8243; _module_preset=&#8221;default&#8221;]<\/p>\n<p>Partecipa alla mostra registrandoti su Eventbrite<\/p>\n<p>[\/et_pb_cta][\/et_pb_column][\/et_pb_row][\/et_pb_section]<\/p>\n","protected":false},"excerpt":{"rendered":"<p>[et_pb_section fb_built=&#8221;1&#8243; admin_label=&#8221;Sezione&#8221; _builder_version=&#8221;3.22&#8243; custom_padding=&#8221;0px|||&#8221; transparent_background=&#8221;off&#8221; make_fullwidth=&#8221;off&#8221; use_custom_width=&#8221;off&#8221; width_unit=&#8221;on&#8221; custom_width_px=&#8221;1080&#8243; custom_width_percent=&#8221;80&#8243;][et_pb_row use_custom_gutter=&#8221;on&#8221; gutter_width=&#8221;1&#8243; disabled_on=&#8221;off|off|off&#8221; admin_label=&#8221;Riga&#8221; module_class=&#8221; et_pb_row_fullwidth&#8221; _builder_version=&#8221;3.25&#8243; background_size=&#8221;initial&#8221; background_position=&#8221;top_left&#8221; background_repeat=&#8221;repeat&#8221; width=&#8221;100%&#8221; width_tablet=&#8221;100%&#8221; width_phone=&#8221;&#8221; width_last_edited=&#8221;on|desktop&#8221; max_width=&#8221;100%&#8221; max_width_tablet=&#8221;100%&#8221; max_width_phone=&#8221;&#8221; max_width_last_edited=&#8221;on|desktop&#8221; custom_padding=&#8221;0px|||&#8221; make_fullwidth=&#8221;on&#8221; use_custom_width=&#8221;off&#8221; width_unit=&#8221;on&#8221; custom_width_px=&#8221;1080&#8243; custom_width_percent=&#8221;80&#8243;][et_pb_column type=&#8221;4_4&#8243; _builder_version=&#8221;3.25&#8243; custom_padding=&#8221;|||&#8221; custom_padding__hover=&#8221;|||&#8221;][et_pb_image src=&#8221;https:\/\/www.museofratellicozzi.com\/news\/wp-content\/uploads\/2021\/08\/MAIN-1.jpeg&#8221; title_text=&#8221;MAIN-1&#8243; force_fullwidth=&#8221;on&#8221; align_tablet=&#8221;center&#8221; align_phone=&#8221;&#8221; align_last_edited=&#8221;on|desktop&#8221; admin_label=&#8221;Immagine principale&#8221; _builder_version=&#8221;4.8.2&#8243; animation=&#8221;off&#8221; sticky=&#8221;off&#8221; use_border_color=&#8221;off&#8221; border_color=&#8221;#ffffff&#8221; border_width=&#8221;1&#8243; border_style=&#8221;solid&#8221; always_center_on_mobile=&#8221;on&#8221;][\/et_pb_image][\/et_pb_column][\/et_pb_row][et_pb_row [&hellip;]<\/p>\n","protected":false},"author":10,"featured_media":12995,"comment_status":"open","ping_status":"open","sticky":false,"template":"","format":"standard","meta":{"_et_pb_use_builder":"on","_et_pb_old_content":"","_et_gb_content_width":"","_jetpack_memberships_contains_paid_content":false,"footnotes":""},"categories":[775,777,151,805],"tags":[741,21,209,180,310,456,365,406,740],"class_list":["post-12964","post","type-post","status-publish","format-standard","has-post-thumbnail","hentry","category-associazione","category-cultura-dimpresa","category-eventi","category-succede-al-museo","tag-5vie","tag-alfa-romeo","tag-automotive","tag-cozzi","tag-design-week","tag-evento","tag-mostra","tag-museo-fratelli-cozzi","tag-velca","et-has-post-format-content","et_post_format-et-post-format-standard"],"yoast_head":"<!-- This site is optimized with the Yoast SEO plugin v26.8 - https:\/\/yoast.com\/product\/yoast-seo-wordpress\/ -->\n<title>Dove c&#039;\u00e8 gente, c&#039;\u00e8 Velca - Museo Fratelli Cozzi<\/title>\n<meta name=\"description\" content=\"Dove c&#039;\u00e8 gente, c&#039;\u00e8 Velca. Partecipa alla mostra di settembre - Design Week 5VIE, link per il biglietto e la visita guidata\" \/>\n<meta name=\"robots\" content=\"index, follow, max-snippet:-1, max-image-preview:large, max-video-preview:-1\" \/>\n<link rel=\"canonical\" href=\"https:\/\/www.museofratellicozzi.com\/news\/velca-mostra-legnano-designweek\/\" \/>\n<meta property=\"og:locale\" content=\"it_IT\" \/>\n<meta property=\"og:type\" content=\"article\" \/>\n<meta property=\"og:title\" content=\"Dove c&#039;\u00e8 gente, c&#039;\u00e8 Velca - Museo Fratelli Cozzi\" \/>\n<meta property=\"og:description\" content=\"Dove c&#039;\u00e8 gente, c&#039;\u00e8 Velca. Partecipa alla mostra di settembre - Design Week 5VIE, link per il biglietto e la visita guidata\" \/>\n<meta property=\"og:url\" content=\"https:\/\/www.museofratellicozzi.com\/news\/velca-mostra-legnano-designweek\/\" \/>\n<meta property=\"og:site_name\" content=\"eNews Museo Fratelli Cozzi\" \/>\n<meta property=\"article:published_time\" content=\"2021-08-30T17:02:38+00:00\" \/>\n<meta property=\"article:modified_time\" content=\"2024-01-17T15:19:25+00:00\" \/>\n<meta property=\"og:image\" content=\"https:\/\/www.museofratellicozzi.com\/news\/wp-content\/uploads\/2021\/08\/MAIN-1.jpeg\" \/>\n\t<meta property=\"og:image:width\" content=\"1024\" \/>\n\t<meta property=\"og:image:height\" content=\"589\" \/>\n\t<meta property=\"og:image:type\" content=\"image\/jpeg\" \/>\n<meta name=\"author\" content=\"Camilla Garavaglia\" \/>\n<meta name=\"twitter:card\" content=\"summary_large_image\" \/>\n<meta name=\"twitter:label1\" content=\"Scritto da\" \/>\n\t<meta name=\"twitter:data1\" content=\"Camilla Garavaglia\" \/>\n\t<meta name=\"twitter:label2\" content=\"Tempo di lettura stimato\" \/>\n\t<meta name=\"twitter:data2\" content=\"6 minuti\" \/>\n<script type=\"application\/ld+json\" class=\"yoast-schema-graph\">{\"@context\":\"https:\/\/schema.org\",\"@graph\":[{\"@type\":\"Article\",\"@id\":\"https:\/\/www.museofratellicozzi.com\/news\/velca-mostra-legnano-designweek\/#article\",\"isPartOf\":{\"@id\":\"https:\/\/www.museofratellicozzi.com\/news\/velca-mostra-legnano-designweek\/\"},\"author\":{\"name\":\"Camilla Garavaglia\",\"@id\":\"https:\/\/www.museofratellicozzi.com\/news\/#\/schema\/person\/591cf0de75ecd17d6ca09a67f9e54bcc\"},\"headline\":\"Dove c&#8217;\u00e8 gente, c&#8217;\u00e8 Velca\",\"datePublished\":\"2021-08-30T17:02:38+00:00\",\"dateModified\":\"2024-01-17T15:19:25+00:00\",\"mainEntityOfPage\":{\"@id\":\"https:\/\/www.museofratellicozzi.com\/news\/velca-mostra-legnano-designweek\/\"},\"wordCount\":2438,\"commentCount\":1,\"publisher\":{\"@id\":\"https:\/\/www.museofratellicozzi.com\/news\/#organization\"},\"image\":{\"@id\":\"https:\/\/www.museofratellicozzi.com\/news\/velca-mostra-legnano-designweek\/#primaryimage\"},\"thumbnailUrl\":\"https:\/\/www.museofratellicozzi.com\/news\/wp-content\/uploads\/2021\/08\/MAIN-1.jpeg\",\"keywords\":[\"5vie\",\"alfa romeo\",\"automotive\",\"cozzi\",\"design. week\",\"evento\",\"mostra\",\"Museo Fratelli Cozzi\",\"Velca\"],\"articleSection\":[\"Associazione\",\"Cultura d'impresa\",\"Eventi\",\"Succede al museo\"],\"inLanguage\":\"it-IT\",\"potentialAction\":[{\"@type\":\"CommentAction\",\"name\":\"Comment\",\"target\":[\"https:\/\/www.museofratellicozzi.com\/news\/velca-mostra-legnano-designweek\/#respond\"]}]},{\"@type\":\"WebPage\",\"@id\":\"https:\/\/www.museofratellicozzi.com\/news\/velca-mostra-legnano-designweek\/\",\"url\":\"https:\/\/www.museofratellicozzi.com\/news\/velca-mostra-legnano-designweek\/\",\"name\":\"Dove c'\u00e8 gente, c'\u00e8 Velca - Museo Fratelli Cozzi\",\"isPartOf\":{\"@id\":\"https:\/\/www.museofratellicozzi.com\/news\/#website\"},\"primaryImageOfPage\":{\"@id\":\"https:\/\/www.museofratellicozzi.com\/news\/velca-mostra-legnano-designweek\/#primaryimage\"},\"image\":{\"@id\":\"https:\/\/www.museofratellicozzi.com\/news\/velca-mostra-legnano-designweek\/#primaryimage\"},\"thumbnailUrl\":\"https:\/\/www.museofratellicozzi.com\/news\/wp-content\/uploads\/2021\/08\/MAIN-1.jpeg\",\"datePublished\":\"2021-08-30T17:02:38+00:00\",\"dateModified\":\"2024-01-17T15:19:25+00:00\",\"description\":\"Dove c'\u00e8 gente, c'\u00e8 Velca. Partecipa alla mostra di settembre - Design Week 5VIE, link per il biglietto e la visita guidata\",\"breadcrumb\":{\"@id\":\"https:\/\/www.museofratellicozzi.com\/news\/velca-mostra-legnano-designweek\/#breadcrumb\"},\"inLanguage\":\"it-IT\",\"potentialAction\":[{\"@type\":\"ReadAction\",\"target\":[\"https:\/\/www.museofratellicozzi.com\/news\/velca-mostra-legnano-designweek\/\"]}]},{\"@type\":\"ImageObject\",\"inLanguage\":\"it-IT\",\"@id\":\"https:\/\/www.museofratellicozzi.com\/news\/velca-mostra-legnano-designweek\/#primaryimage\",\"url\":\"https:\/\/www.museofratellicozzi.com\/news\/wp-content\/uploads\/2021\/08\/MAIN-1.jpeg\",\"contentUrl\":\"https:\/\/www.museofratellicozzi.com\/news\/wp-content\/uploads\/2021\/08\/MAIN-1.jpeg\",\"width\":1024,\"height\":589},{\"@type\":\"BreadcrumbList\",\"@id\":\"https:\/\/www.museofratellicozzi.com\/news\/velca-mostra-legnano-designweek\/#breadcrumb\",\"itemListElement\":[{\"@type\":\"ListItem\",\"position\":1,\"name\":\"Home\",\"item\":\"https:\/\/www.museofratellicozzi.com\/news\/\"},{\"@type\":\"ListItem\",\"position\":2,\"name\":\"Dove c&#8217;\u00e8 gente, c&#8217;\u00e8 Velca\"}]},{\"@type\":\"WebSite\",\"@id\":\"https:\/\/www.museofratellicozzi.com\/news\/#website\",\"url\":\"https:\/\/www.museofratellicozzi.com\/news\/\",\"name\":\"eNews Museo Fratelli Cozzi\",\"description\":\"Alfa Romeo: un mito che resiste al tempo\",\"publisher\":{\"@id\":\"https:\/\/www.museofratellicozzi.com\/news\/#organization\"},\"potentialAction\":[{\"@type\":\"SearchAction\",\"target\":{\"@type\":\"EntryPoint\",\"urlTemplate\":\"https:\/\/www.museofratellicozzi.com\/news\/?s={search_term_string}\"},\"query-input\":{\"@type\":\"PropertyValueSpecification\",\"valueRequired\":true,\"valueName\":\"search_term_string\"}}],\"inLanguage\":\"it-IT\"},{\"@type\":\"Organization\",\"@id\":\"https:\/\/www.museofratellicozzi.com\/news\/#organization\",\"name\":\"Museo Fratelli Cozzi\",\"url\":\"https:\/\/www.museofratellicozzi.com\/news\/\",\"logo\":{\"@type\":\"ImageObject\",\"inLanguage\":\"it-IT\",\"@id\":\"https:\/\/www.museofratellicozzi.com\/news\/#\/schema\/logo\/image\/\",\"url\":\"https:\/\/www.museofratellicozzi.com\/news\/wp-content\/uploads\/2017\/04\/home.png\",\"contentUrl\":\"https:\/\/www.museofratellicozzi.com\/news\/wp-content\/uploads\/2017\/04\/home.png\",\"width\":497,\"height\":512,\"caption\":\"Museo Fratelli Cozzi\"},\"image\":{\"@id\":\"https:\/\/www.museofratellicozzi.com\/news\/#\/schema\/logo\/image\/\"}},{\"@type\":\"Person\",\"@id\":\"https:\/\/www.museofratellicozzi.com\/news\/#\/schema\/person\/591cf0de75ecd17d6ca09a67f9e54bcc\",\"name\":\"Camilla Garavaglia\",\"image\":{\"@type\":\"ImageObject\",\"inLanguage\":\"it-IT\",\"@id\":\"https:\/\/www.museofratellicozzi.com\/news\/#\/schema\/person\/image\/\",\"url\":\"https:\/\/secure.gravatar.com\/avatar\/d32c6de5a7b53525b34fdbeda5511e00?s=96&d=mm&r=g\",\"contentUrl\":\"https:\/\/secure.gravatar.com\/avatar\/d32c6de5a7b53525b34fdbeda5511e00?s=96&d=mm&r=g\",\"caption\":\"Camilla Garavaglia\"}}]}<\/script>\n<!-- \/ Yoast SEO plugin. -->","yoast_head_json":{"title":"Dove c'\u00e8 gente, c'\u00e8 Velca - Museo Fratelli Cozzi","description":"Dove c'\u00e8 gente, c'\u00e8 Velca. Partecipa alla mostra di settembre - Design Week 5VIE, link per il biglietto e la visita guidata","robots":{"index":"index","follow":"follow","max-snippet":"max-snippet:-1","max-image-preview":"max-image-preview:large","max-video-preview":"max-video-preview:-1"},"canonical":"https:\/\/www.museofratellicozzi.com\/news\/velca-mostra-legnano-designweek\/","og_locale":"it_IT","og_type":"article","og_title":"Dove c'\u00e8 gente, c'\u00e8 Velca - Museo Fratelli Cozzi","og_description":"Dove c'\u00e8 gente, c'\u00e8 Velca. Partecipa alla mostra di settembre - Design Week 5VIE, link per il biglietto e la visita guidata","og_url":"https:\/\/www.museofratellicozzi.com\/news\/velca-mostra-legnano-designweek\/","og_site_name":"eNews Museo Fratelli Cozzi","article_published_time":"2021-08-30T17:02:38+00:00","article_modified_time":"2024-01-17T15:19:25+00:00","og_image":[{"width":1024,"height":589,"url":"https:\/\/www.museofratellicozzi.com\/news\/wp-content\/uploads\/2021\/08\/MAIN-1.jpeg","type":"image\/jpeg"}],"author":"Camilla Garavaglia","twitter_card":"summary_large_image","twitter_misc":{"Scritto da":"Camilla Garavaglia","Tempo di lettura stimato":"6 minuti"},"schema":{"@context":"https:\/\/schema.org","@graph":[{"@type":"Article","@id":"https:\/\/www.museofratellicozzi.com\/news\/velca-mostra-legnano-designweek\/#article","isPartOf":{"@id":"https:\/\/www.museofratellicozzi.com\/news\/velca-mostra-legnano-designweek\/"},"author":{"name":"Camilla Garavaglia","@id":"https:\/\/www.museofratellicozzi.com\/news\/#\/schema\/person\/591cf0de75ecd17d6ca09a67f9e54bcc"},"headline":"Dove c&#8217;\u00e8 gente, c&#8217;\u00e8 Velca","datePublished":"2021-08-30T17:02:38+00:00","dateModified":"2024-01-17T15:19:25+00:00","mainEntityOfPage":{"@id":"https:\/\/www.museofratellicozzi.com\/news\/velca-mostra-legnano-designweek\/"},"wordCount":2438,"commentCount":1,"publisher":{"@id":"https:\/\/www.museofratellicozzi.com\/news\/#organization"},"image":{"@id":"https:\/\/www.museofratellicozzi.com\/news\/velca-mostra-legnano-designweek\/#primaryimage"},"thumbnailUrl":"https:\/\/www.museofratellicozzi.com\/news\/wp-content\/uploads\/2021\/08\/MAIN-1.jpeg","keywords":["5vie","alfa romeo","automotive","cozzi","design. week","evento","mostra","Museo Fratelli Cozzi","Velca"],"articleSection":["Associazione","Cultura d'impresa","Eventi","Succede al museo"],"inLanguage":"it-IT","potentialAction":[{"@type":"CommentAction","name":"Comment","target":["https:\/\/www.museofratellicozzi.com\/news\/velca-mostra-legnano-designweek\/#respond"]}]},{"@type":"WebPage","@id":"https:\/\/www.museofratellicozzi.com\/news\/velca-mostra-legnano-designweek\/","url":"https:\/\/www.museofratellicozzi.com\/news\/velca-mostra-legnano-designweek\/","name":"Dove c'\u00e8 gente, c'\u00e8 Velca - Museo Fratelli Cozzi","isPartOf":{"@id":"https:\/\/www.museofratellicozzi.com\/news\/#website"},"primaryImageOfPage":{"@id":"https:\/\/www.museofratellicozzi.com\/news\/velca-mostra-legnano-designweek\/#primaryimage"},"image":{"@id":"https:\/\/www.museofratellicozzi.com\/news\/velca-mostra-legnano-designweek\/#primaryimage"},"thumbnailUrl":"https:\/\/www.museofratellicozzi.com\/news\/wp-content\/uploads\/2021\/08\/MAIN-1.jpeg","datePublished":"2021-08-30T17:02:38+00:00","dateModified":"2024-01-17T15:19:25+00:00","description":"Dove c'\u00e8 gente, c'\u00e8 Velca. Partecipa alla mostra di settembre - Design Week 5VIE, link per il biglietto e la visita guidata","breadcrumb":{"@id":"https:\/\/www.museofratellicozzi.com\/news\/velca-mostra-legnano-designweek\/#breadcrumb"},"inLanguage":"it-IT","potentialAction":[{"@type":"ReadAction","target":["https:\/\/www.museofratellicozzi.com\/news\/velca-mostra-legnano-designweek\/"]}]},{"@type":"ImageObject","inLanguage":"it-IT","@id":"https:\/\/www.museofratellicozzi.com\/news\/velca-mostra-legnano-designweek\/#primaryimage","url":"https:\/\/www.museofratellicozzi.com\/news\/wp-content\/uploads\/2021\/08\/MAIN-1.jpeg","contentUrl":"https:\/\/www.museofratellicozzi.com\/news\/wp-content\/uploads\/2021\/08\/MAIN-1.jpeg","width":1024,"height":589},{"@type":"BreadcrumbList","@id":"https:\/\/www.museofratellicozzi.com\/news\/velca-mostra-legnano-designweek\/#breadcrumb","itemListElement":[{"@type":"ListItem","position":1,"name":"Home","item":"https:\/\/www.museofratellicozzi.com\/news\/"},{"@type":"ListItem","position":2,"name":"Dove c&#8217;\u00e8 gente, c&#8217;\u00e8 Velca"}]},{"@type":"WebSite","@id":"https:\/\/www.museofratellicozzi.com\/news\/#website","url":"https:\/\/www.museofratellicozzi.com\/news\/","name":"eNews Museo Fratelli Cozzi","description":"Alfa Romeo: un mito che resiste al tempo","publisher":{"@id":"https:\/\/www.museofratellicozzi.com\/news\/#organization"},"potentialAction":[{"@type":"SearchAction","target":{"@type":"EntryPoint","urlTemplate":"https:\/\/www.museofratellicozzi.com\/news\/?s={search_term_string}"},"query-input":{"@type":"PropertyValueSpecification","valueRequired":true,"valueName":"search_term_string"}}],"inLanguage":"it-IT"},{"@type":"Organization","@id":"https:\/\/www.museofratellicozzi.com\/news\/#organization","name":"Museo Fratelli Cozzi","url":"https:\/\/www.museofratellicozzi.com\/news\/","logo":{"@type":"ImageObject","inLanguage":"it-IT","@id":"https:\/\/www.museofratellicozzi.com\/news\/#\/schema\/logo\/image\/","url":"https:\/\/www.museofratellicozzi.com\/news\/wp-content\/uploads\/2017\/04\/home.png","contentUrl":"https:\/\/www.museofratellicozzi.com\/news\/wp-content\/uploads\/2017\/04\/home.png","width":497,"height":512,"caption":"Museo Fratelli Cozzi"},"image":{"@id":"https:\/\/www.museofratellicozzi.com\/news\/#\/schema\/logo\/image\/"}},{"@type":"Person","@id":"https:\/\/www.museofratellicozzi.com\/news\/#\/schema\/person\/591cf0de75ecd17d6ca09a67f9e54bcc","name":"Camilla Garavaglia","image":{"@type":"ImageObject","inLanguage":"it-IT","@id":"https:\/\/www.museofratellicozzi.com\/news\/#\/schema\/person\/image\/","url":"https:\/\/secure.gravatar.com\/avatar\/d32c6de5a7b53525b34fdbeda5511e00?s=96&d=mm&r=g","contentUrl":"https:\/\/secure.gravatar.com\/avatar\/d32c6de5a7b53525b34fdbeda5511e00?s=96&d=mm&r=g","caption":"Camilla Garavaglia"}}]}},"jetpack_featured_media_url":"https:\/\/www.museofratellicozzi.com\/news\/wp-content\/uploads\/2021\/08\/MAIN-1.jpeg","jetpack_shortlink":"https:\/\/wp.me\/p90Eth-3n6","jetpack_sharing_enabled":true,"post_mailing_queue_ids":[],"_links":{"self":[{"href":"https:\/\/www.museofratellicozzi.com\/news\/wp-json\/wp\/v2\/posts\/12964","targetHints":{"allow":["GET"]}}],"collection":[{"href":"https:\/\/www.museofratellicozzi.com\/news\/wp-json\/wp\/v2\/posts"}],"about":[{"href":"https:\/\/www.museofratellicozzi.com\/news\/wp-json\/wp\/v2\/types\/post"}],"author":[{"embeddable":true,"href":"https:\/\/www.museofratellicozzi.com\/news\/wp-json\/wp\/v2\/users\/10"}],"replies":[{"embeddable":true,"href":"https:\/\/www.museofratellicozzi.com\/news\/wp-json\/wp\/v2\/comments?post=12964"}],"version-history":[{"count":9,"href":"https:\/\/www.museofratellicozzi.com\/news\/wp-json\/wp\/v2\/posts\/12964\/revisions"}],"predecessor-version":[{"id":13050,"href":"https:\/\/www.museofratellicozzi.com\/news\/wp-json\/wp\/v2\/posts\/12964\/revisions\/13050"}],"wp:featuredmedia":[{"embeddable":true,"href":"https:\/\/www.museofratellicozzi.com\/news\/wp-json\/wp\/v2\/media\/12995"}],"wp:attachment":[{"href":"https:\/\/www.museofratellicozzi.com\/news\/wp-json\/wp\/v2\/media?parent=12964"}],"wp:term":[{"taxonomy":"category","embeddable":true,"href":"https:\/\/www.museofratellicozzi.com\/news\/wp-json\/wp\/v2\/categories?post=12964"},{"taxonomy":"post_tag","embeddable":true,"href":"https:\/\/www.museofratellicozzi.com\/news\/wp-json\/wp\/v2\/tags?post=12964"}],"curies":[{"name":"wp","href":"https:\/\/api.w.org\/{rel}","templated":true}]}}