{"id":14477,"date":"2022-11-15T21:59:31","date_gmt":"2022-11-15T20:59:31","guid":{"rendered":"https:\/\/news.museofratellicozzi.com\/?p=14477"},"modified":"2024-01-17T16:15:44","modified_gmt":"2024-01-17T15:15:44","slug":"oscar-di-montigny-2022","status":"publish","type":"post","link":"https:\/\/www.museofratellicozzi.com\/news\/oscar-di-montigny-2022\/","title":{"rendered":"Che bello essere umani! Oscar di Montigny torna al Museo"},"content":{"rendered":"<p>[et_pb_section fb_built=&#8221;1&#8243; admin_label=&#8221;Sezione&#8221; _builder_version=&#8221;3.22&#8243; custom_padding=&#8221;0px|||&#8221; transparent_background=&#8221;off&#8221; make_fullwidth=&#8221;off&#8221; use_custom_width=&#8221;off&#8221; width_unit=&#8221;on&#8221; custom_width_px=&#8221;1080&#8243; custom_width_percent=&#8221;80&#8243;][et_pb_row use_custom_gutter=&#8221;on&#8221; gutter_width=&#8221;1&#8243; disabled_on=&#8221;off|off|off&#8221; admin_label=&#8221;Riga&#8221; module_class=&#8221; et_pb_row_fullwidth&#8221; _builder_version=&#8221;3.25&#8243; background_size=&#8221;initial&#8221; background_position=&#8221;top_left&#8221; background_repeat=&#8221;repeat&#8221; width=&#8221;100%&#8221; width_tablet=&#8221;100%&#8221; width_phone=&#8221;&#8221; width_last_edited=&#8221;on|desktop&#8221; max_width=&#8221;100%&#8221; max_width_tablet=&#8221;100%&#8221; max_width_phone=&#8221;&#8221; max_width_last_edited=&#8221;on|desktop&#8221; custom_padding=&#8221;0px|||&#8221; make_fullwidth=&#8221;on&#8221; use_custom_width=&#8221;off&#8221; width_unit=&#8221;on&#8221; custom_width_px=&#8221;1080&#8243; custom_width_percent=&#8221;80&#8243;][et_pb_column type=&#8221;4_4&#8243; _builder_version=&#8221;3.25&#8243; custom_padding=&#8221;|||&#8221; custom_padding__hover=&#8221;|||&#8221;][et_pb_image src=&#8221;https:\/\/www.museofratellicozzi.com\/news\/wp-content\/uploads\/2022\/11\/DUE-scaled.jpg&#8221; title_text=&#8221;DUE&#8221; force_fullwidth=&#8221;on&#8221; align_tablet=&#8221;center&#8221; align_phone=&#8221;&#8221; align_last_edited=&#8221;on|desktop&#8221; admin_label=&#8221;Immagine principale&#8221; _builder_version=&#8221;4.8.2&#8243; hover_enabled=&#8221;0&#8243; animation=&#8221;off&#8221; sticky=&#8221;off&#8221; use_border_color=&#8221;off&#8221; border_color=&#8221;#ffffff&#8221; border_width=&#8221;1&#8243; border_style=&#8221;solid&#8221; always_center_on_mobile=&#8221;on&#8221; sticky_enabled=&#8221;0&#8243;][\/et_pb_image][\/et_pb_column][\/et_pb_row][et_pb_row admin_label=&#8221;Riga&#8221; _builder_version=&#8221;3.25&#8243; background_size=&#8221;initial&#8221; background_position=&#8221;top_left&#8221; background_repeat=&#8221;repeat&#8221; custom_padding=&#8221;20px||0px|&#8221; make_fullwidth=&#8221;off&#8221; use_custom_width=&#8221;off&#8221; width_unit=&#8221;on&#8221; custom_width_px=&#8221;1080&#8243; custom_width_percent=&#8221;80&#8243;][et_pb_column type=&#8221;4_4&#8243; _builder_version=&#8221;3.25&#8243; custom_padding=&#8221;|||&#8221; custom_padding__hover=&#8221;|||&#8221;][et_pb_text admin_label=&#8221;Titolo&#8221; _builder_version=&#8221;4.8.2&#8243; text_font=&#8221;PT Sans||||&#8221; text_text_color=&#8221;#000000&#8243; text_font_size=&#8221;72&#8243; text_letter_spacing=&#8221;0&#8243; text_line_height=&#8221;1.1&#8243; header_font=&#8221;PT Sans||||&#8221; header_text_color=&#8221;#000000&#8243; header_font_size=&#8221;48px&#8221; header_letter_spacing=&#8221;0&#8243; header_line_height=&#8221;1.1em&#8221; background_size=&#8221;initial&#8221; background_position=&#8221;top_left&#8221; background_repeat=&#8221;repeat&#8221; custom_margin=&#8221;0px||0px|&#8221; hover_enabled=&#8221;0&#8243; text_font_size_tablet=&#8221;60&#8243; text_font_size_phone=&#8221;&#8221; text_font_size_last_edited=&#8221;on|desktop&#8221; text_letter_spacing_tablet=&#8221;&#8221; text_letter_spacing_phone=&#8221;&#8221; text_letter_spacing_last_edited=&#8221;on|desktop&#8221; text_line_height_tablet=&#8221;&#8221; text_line_height_phone=&#8221;&#8221; text_line_height_last_edited=&#8221;on|&#8221; header_font_size_tablet=&#8221;46&#8243; header_font_size_phone=&#8221;38px&#8221; header_font_size_last_edited=&#8221;on|desktop&#8221; use_border_color=&#8221;off&#8221; border_color=&#8221;#ffffff&#8221; border_width=&#8221;1&#8243; border_style=&#8221;solid&#8221; sticky_enabled=&#8221;0&#8243;]<\/p>\n<h1><span data-contrast=\"auto\" xml:lang=\"IT\" lang=\"IT\" class=\"TextRun SCXW16081797 BCX0\"><span class=\"NormalTextRun SCXW16081797 BCX0\" data-ccp-parastyle=\"Title\">CHE BELLO ESSERE UMANI! OSCAR DI MONTIGNY TORNA AL MUSEO<\/span><\/span><\/h1>\n<p>[\/et_pb_text][et_pb_text admin_label=&#8221;Data&#8221; _builder_version=&#8221;4.8.2&#8243; text_font=&#8221;PT Sans|on|||&#8221; text_text_color=&#8221;#363636&#8243; text_font_size=&#8221;18&#8243; text_letter_spacing=&#8221;0&#8243; text_line_height=&#8221;1.7&#8243; header_font_size=&#8221;30&#8243; header_letter_spacing=&#8221;0&#8243; header_line_height=&#8221;1&#8243; background_size=&#8221;initial&#8221; background_position=&#8221;top_left&#8221; background_repeat=&#8221;repeat&#8221; custom_margin=&#8221;10px||0px|&#8221; custom_padding=&#8221;||0px|||&#8221; hover_enabled=&#8221;0&#8243; use_border_color=&#8221;off&#8221; border_color=&#8221;#ffffff&#8221; border_width=&#8221;1&#8243; border_style=&#8221;solid&#8221; sticky_enabled=&#8221;0&#8243;]<\/p>\n<p>8 novembre, 2022<\/p>\n<p>[\/et_pb_text][\/et_pb_column][\/et_pb_row][\/et_pb_section][et_pb_section fb_built=&#8221;1&#8243; admin_label=&#8221;Section&#8221; _builder_version=&#8221;3.22&#8243; background_color=&#8221;#f7f7f4&#8243; transparent_background=&#8221;off&#8221; make_fullwidth=&#8221;off&#8221; use_custom_width=&#8221;off&#8221; width_unit=&#8221;on&#8221; custom_width_px=&#8221;1080&#8243; custom_width_percent=&#8221;80&#8243;][et_pb_row column_structure=&#8221;1_3,2_3&#8243; padding_mobile=&#8221;on&#8221; column_padding_mobile=&#8221;on&#8221; admin_label=&#8221;row&#8221; _builder_version=&#8221;3.25&#8243; background_size=&#8221;initial&#8221; background_position=&#8221;top_left&#8221; background_repeat=&#8221;repeat&#8221; custom_margin=&#8221;21px|auto||auto||&#8221; custom_padding=&#8221;0px|||&#8221; make_fullwidth=&#8221;off&#8221; use_custom_width=&#8221;off&#8221; width_unit=&#8221;on&#8221;][et_pb_column type=&#8221;1_3&#8243; _builder_version=&#8221;3.25&#8243; custom_padding=&#8221;|||&#8221; custom_padding__hover=&#8221;|||&#8221;][et_pb_image src=&#8221;https:\/\/www.museofratellicozzi.com\/news\/wp-content\/uploads\/2022\/10\/2022.11.08-FDO_8NOVEMBRE_Post.png&#8221; _builder_version=&#8221;4.8.2&#8243; _module_preset=&#8221;default&#8221; title_text=&#8221;2022.11.08 &#8211; FDO_8NOVEMBRE_Post&#8221; hover_enabled=&#8221;0&#8243; sticky_enabled=&#8221;0&#8243;][\/et_pb_image][\/et_pb_column][et_pb_column type=&#8221;2_3&#8243; _builder_version=&#8221;3.25&#8243; custom_padding=&#8221;|||&#8221; custom_padding__hover=&#8221;|||&#8221;][et_pb_divider color=&#8221;#aeaeac&#8221; admin_label=&#8221;Linea citazione&#8221; _builder_version=&#8221;3.2&#8243; custom_margin=&#8221;||20px|||&#8221; hide_on_mobile=&#8221;off&#8221;][\/et_pb_divider][et_pb_text admin_label=&#8221;Blocco testo 2&#8243; _builder_version=&#8221;4.8.2&#8243; text_font=&#8221;PT Sans||||&#8221; text_text_color=&#8221;#363636&#8243; text_font_size=&#8221;20&#8243; text_letter_spacing=&#8221;0&#8243; text_line_height=&#8221;1.2em&#8221; header_font_size=&#8221;30&#8243; header_letter_spacing=&#8221;0&#8243; header_line_height=&#8221;1&#8243; background_size=&#8221;initial&#8221; background_position=&#8221;top_left&#8221; background_repeat=&#8221;repeat&#8221; max_width=&#8221;620px&#8221; custom_margin=&#8221;0px||0px|||&#8221; custom_padding=&#8221;1px|||||&#8221; hover_enabled=&#8221;0&#8243; text_font_size_tablet=&#8221;&#8221; text_font_size_phone=&#8221;&#8221; text_font_size_last_edited=&#8221;on|tablet&#8221; use_border_color=&#8221;off&#8221; border_color=&#8221;#ffffff&#8221; border_width=&#8221;1&#8243; border_style=&#8221;solid&#8221; sticky_enabled=&#8221;0&#8243;]<\/p>\n<p>Oscar di Montigny \u00e8 tornato al Museo Fratelli Cozzi e anche questa volta ha lasciato al pubblico non solo tanti spunti di riflessione ma una motivazione a fare di pi\u00f9, ogni giorno:<\/p>\n<p><em>&#8220;Se non cambierai le cose tu, chi lo far\u00e0 per te?&#8221;<\/em><\/p>\n<p>Dissacrante, ironico, schietto, filosofico: noi al Museo siamo grandi fan di Oscar (lo sappiamo, si era gi\u00e0 capito!) perch\u00e9 il suo sguardo sulla storia e sul presente \u00e8 uno dei pi\u00f9 lucidi e moderni.<\/p>\n<p><strong>&#8220;6&#215;2 &#8211; sei brevi lezioni da due maestri del marketing&#8221; \u00e8 il nuovo libro di Oscar di Montigny e Oscar Farinetti<\/strong> che in sostanza parla di marketing etico, anche se, come ha detto l&#8217;Oscar pi\u00f9 giovane durante la serata, non ha senso parlare di marketing etico, impresa etica, impresa sostenibile.<\/p>\n<p><em>&#8220;Perch\u00e9 questo vorrebbe dire ammettere che esiste un&#8217;impresa non etica e non sostenibile.\u00a0 E avvallarla. Giusto?&#8221;<\/em><\/p>\n<p>Quando si fa impresa, impariamo, <strong>le parole sono lo strumento pi\u00f9 potente che abbiamo a disposizione per farci capire.<\/strong> E la narrazione d\u2019impresa \u2013 se fatta bene \u2013 ha capacit\u00e0 straordinaria di ispirare, di emozionare, di trasmettere i nostri valori al pubblico, collaboratori e clienti. E anche di trovare nuove strade per ricominciare dopo una crisi.<\/p>\n<p>[\/et_pb_text][\/et_pb_column][\/et_pb_row][et_pb_row _builder_version=&#8221;4.8.2&#8243; _module_preset=&#8221;default&#8221; column_structure=&#8221;1_3,1_3,1_3&#8243;][et_pb_column type=&#8221;1_3&#8243; _builder_version=&#8221;4.8.2&#8243; _module_preset=&#8221;default&#8221;][et_pb_image src=&#8221;https:\/\/www.museofratellicozzi.com\/news\/wp-content\/uploads\/2022\/11\/005-scaled.jpg&#8221; title_text=&#8221;005&#8243; _builder_version=&#8221;4.8.2&#8243; _module_preset=&#8221;default&#8221; hover_enabled=&#8221;0&#8243; sticky_enabled=&#8221;0&#8243;][\/et_pb_image][\/et_pb_column][et_pb_column type=&#8221;1_3&#8243; _builder_version=&#8221;4.8.2&#8243; _module_preset=&#8221;default&#8221;][et_pb_image src=&#8221;https:\/\/www.museofratellicozzi.com\/news\/wp-content\/uploads\/2022\/11\/043-scaled.jpg&#8221; _builder_version=&#8221;4.8.2&#8243; _module_preset=&#8221;default&#8221; title_text=&#8221;043&#8243; hover_enabled=&#8221;0&#8243; sticky_enabled=&#8221;0&#8243;][\/et_pb_image][\/et_pb_column][et_pb_column type=&#8221;1_3&#8243; _builder_version=&#8221;4.8.2&#8243; _module_preset=&#8221;default&#8221;][et_pb_image src=&#8221;https:\/\/www.museofratellicozzi.com\/news\/wp-content\/uploads\/2022\/11\/092-scaled.jpg&#8221; _builder_version=&#8221;4.8.2&#8243; _module_preset=&#8221;default&#8221; title_text=&#8221;092&#8243; hover_enabled=&#8221;0&#8243; sticky_enabled=&#8221;0&#8243;][\/et_pb_image][\/et_pb_column][\/et_pb_row][et_pb_row _builder_version=&#8221;4.8.2&#8243; _module_preset=&#8221;default&#8221; column_structure=&#8221;1_2,1_2&#8243;][et_pb_column type=&#8221;1_2&#8243; _builder_version=&#8221;4.8.2&#8243; _module_preset=&#8221;default&#8221;][et_pb_image src=&#8221;https:\/\/www.museofratellicozzi.com\/news\/wp-content\/uploads\/2022\/11\/063-scaled.jpg&#8221; title_text=&#8221;063&#8243; _builder_version=&#8221;4.8.2&#8243; _module_preset=&#8221;default&#8221; hover_enabled=&#8221;0&#8243; sticky_enabled=&#8221;0&#8243;][\/et_pb_image][\/et_pb_column][et_pb_column type=&#8221;1_2&#8243; _builder_version=&#8221;4.8.2&#8243; _module_preset=&#8221;default&#8221;][et_pb_image src=&#8221;https:\/\/www.museofratellicozzi.com\/news\/wp-content\/uploads\/2022\/11\/243-scaled.jpg&#8221; _builder_version=&#8221;4.8.2&#8243; _module_preset=&#8221;default&#8221; title_text=&#8221;243&#8243; hover_enabled=&#8221;0&#8243; sticky_enabled=&#8221;0&#8243;][\/et_pb_image][\/et_pb_column][\/et_pb_row][et_pb_row column_structure=&#8221;1_3,2_3&#8243; padding_mobile=&#8221;on&#8221; column_padding_mobile=&#8221;on&#8221; admin_label=&#8221;row&#8221; _builder_version=&#8221;3.25&#8243; background_size=&#8221;initial&#8221; background_position=&#8221;top_left&#8221; background_repeat=&#8221;repeat&#8221; custom_margin=&#8221;21px|auto||auto||&#8221; custom_padding=&#8221;0px|||&#8221; make_fullwidth=&#8221;off&#8221; use_custom_width=&#8221;off&#8221; width_unit=&#8221;on&#8221;][et_pb_column type=&#8221;1_3&#8243; _builder_version=&#8221;3.25&#8243; custom_padding=&#8221;|||&#8221; custom_padding__hover=&#8221;|||&#8221;][et_pb_image src=&#8221;https:\/\/www.museofratellicozzi.com\/news\/wp-content\/uploads\/2022\/11\/136-scaled.jpg&#8221; title_text=&#8221;136&#8243; _builder_version=&#8221;4.8.2&#8243; _module_preset=&#8221;default&#8221; hover_enabled=&#8221;0&#8243; sticky_enabled=&#8221;0&#8243;][\/et_pb_image][\/et_pb_column][et_pb_column type=&#8221;2_3&#8243; _builder_version=&#8221;3.25&#8243; custom_padding=&#8221;|||&#8221; custom_padding__hover=&#8221;|||&#8221;][et_pb_divider color=&#8221;#aeaeac&#8221; admin_label=&#8221;Linea citazione&#8221; _builder_version=&#8221;3.2&#8243; custom_margin=&#8221;||20px|||&#8221; hide_on_mobile=&#8221;off&#8221;][\/et_pb_divider][et_pb_text admin_label=&#8221;Blocco testo 2&#8243; _builder_version=&#8221;4.8.2&#8243; text_font=&#8221;PT Sans||||&#8221; text_text_color=&#8221;#363636&#8243; text_font_size=&#8221;20&#8243; text_letter_spacing=&#8221;0&#8243; text_line_height=&#8221;1.2em&#8221; header_font_size=&#8221;30&#8243; header_letter_spacing=&#8221;0&#8243; header_line_height=&#8221;1&#8243; background_size=&#8221;initial&#8221; background_position=&#8221;top_left&#8221; background_repeat=&#8221;repeat&#8221; max_width=&#8221;620px&#8221; custom_margin=&#8221;0px||0px|||&#8221; custom_padding=&#8221;1px|||||&#8221; hover_enabled=&#8221;0&#8243; text_font_size_tablet=&#8221;&#8221; text_font_size_phone=&#8221;&#8221; text_font_size_last_edited=&#8221;on|tablet&#8221; use_border_color=&#8221;off&#8221; border_color=&#8221;#ffffff&#8221; border_width=&#8221;1&#8243; border_style=&#8221;solid&#8221; sticky_enabled=&#8221;0&#8243;]<\/p>\n<p>Abbiamo scelto di avviare la<span>\u00a0<\/span><strong>XXI Settimana della Cultura d\u2019Impresa<\/strong>\u00a0con FDO e<strong>\u00a0<\/strong>Oscar di Montigny per un evento nell&#8217;evento: una lezione &#8220;A scuola d&#8217;impresa&#8221; con i ragazzi della LIUC e un aperitivo\u00a0offerto dall\u2019<strong>Enoteca Longo.<\/strong><\/p>\n<p>Abbiamo fatto proprio bene, anche perch\u00e9 tra tutte le parole proposte da Oscar ce n&#8217;\u00e8 una a cui teniamo particolarmente, ed \u00e8 la parola <strong>pace.<\/strong><\/p>\n<p><em>&#8220;La pace non \u00e8 mai banale:\u00a0comprendiamo\u00a0 il senso della pace soltanto quando siamo in guerra, senza capire che invece \u00e8 proprio la pace l\u2019unica condizione necessaria.<\/em><span>\u00a0<\/span><em>Anche nel business siamo cresciuti con l&#8217;idea della competizione obbligatoria, perch\u00e9 la nostra storia \u00e8 sempre stata scandita dal tempo della guerra. Impariamo invece a godere della gara e non della vittoria&#8221;.\u00a0<\/em><\/p>\n<p>Grazie ancora per essere tornato al Museo, Oscar: le nostre porte (e tutte le portiere delle nostre Alfa Romeo) sono sempre aperte per te!<\/p>\n<p>[\/et_pb_text][\/et_pb_column][\/et_pb_row][et_pb_row _builder_version=&#8221;4.8.2&#8243; _module_preset=&#8221;default&#8221; column_structure=&#8221;1_2,1_2&#8243;][et_pb_column type=&#8221;1_2&#8243; _builder_version=&#8221;4.8.2&#8243; _module_preset=&#8221;default&#8221;][et_pb_image src=&#8221;https:\/\/www.museofratellicozzi.com\/news\/wp-content\/uploads\/2022\/11\/328-scaled.jpg&#8221; title_text=&#8221;328&#8243; _builder_version=&#8221;4.8.2&#8243; _module_preset=&#8221;default&#8221; hover_enabled=&#8221;0&#8243; sticky_enabled=&#8221;0&#8243;][\/et_pb_image][\/et_pb_column][et_pb_column type=&#8221;1_2&#8243; _builder_version=&#8221;4.8.2&#8243; _module_preset=&#8221;default&#8221;][et_pb_image src=&#8221;https:\/\/www.museofratellicozzi.com\/news\/wp-content\/uploads\/2022\/11\/259-scaled.jpg&#8221; _builder_version=&#8221;4.8.2&#8243; _module_preset=&#8221;default&#8221; title_text=&#8221;259&#8243; hover_enabled=&#8221;0&#8243; sticky_enabled=&#8221;0&#8243;][\/et_pb_image][\/et_pb_column][\/et_pb_row][et_pb_row _builder_version=&#8221;4.8.2&#8243; _module_preset=&#8221;default&#8221; column_structure=&#8221;1_2,1_2&#8243;][et_pb_column type=&#8221;1_2&#8243; _builder_version=&#8221;4.8.2&#8243; _module_preset=&#8221;default&#8221;][et_pb_image src=&#8221;https:\/\/www.museofratellicozzi.com\/news\/wp-content\/uploads\/2022\/11\/276-scaled.jpg&#8221; title_text=&#8221;276&#8243; _builder_version=&#8221;4.8.2&#8243; _module_preset=&#8221;default&#8221; hover_enabled=&#8221;0&#8243; sticky_enabled=&#8221;0&#8243;][\/et_pb_image][\/et_pb_column][et_pb_column type=&#8221;1_2&#8243; _builder_version=&#8221;4.8.2&#8243; _module_preset=&#8221;default&#8221;][et_pb_image src=&#8221;https:\/\/www.museofratellicozzi.com\/news\/wp-content\/uploads\/2022\/11\/271-scaled.jpg&#8221; _builder_version=&#8221;4.8.2&#8243; _module_preset=&#8221;default&#8221; title_text=&#8221;271&#8243; hover_enabled=&#8221;0&#8243; sticky_enabled=&#8221;0&#8243;][\/et_pb_image][\/et_pb_column][\/et_pb_row][et_pb_row column_structure=&#8221;1_3,2_3&#8243; padding_mobile=&#8221;on&#8221; column_padding_mobile=&#8221;on&#8221; admin_label=&#8221;row&#8221; _builder_version=&#8221;4.8.2&#8243; background_size=&#8221;initial&#8221; background_position=&#8221;top_left&#8221; background_repeat=&#8221;repeat&#8221; custom_margin=&#8221;10px||||false|false&#8221; custom_padding=&#8221;97px|||||&#8221; make_fullwidth=&#8221;off&#8221; use_custom_width=&#8221;off&#8221; width_unit=&#8221;on&#8221; custom_width_px=&#8221;1080&#8243; custom_width_percent=&#8221;80&#8243;][et_pb_column type=&#8221;1_3&#8243; _builder_version=&#8221;3.25&#8243; custom_padding=&#8221;|||&#8221; custom_padding__hover=&#8221;|||&#8221;][\/et_pb_column][et_pb_column type=&#8221;2_3&#8243; _builder_version=&#8221;3.25&#8243; custom_padding=&#8221;|||&#8221; custom_padding__hover=&#8221;|||&#8221;][et_pb_text admin_label=&#8221;Blocco testo 1&#8243; _builder_version=&#8221;4.8.2&#8243; text_font=&#8221;PT Sans||||&#8221; text_text_color=&#8221;#363636&#8243; text_font_size=&#8221;20&#8243; text_letter_spacing=&#8221;0&#8243; text_line_height=&#8221;1.2em&#8221; header_font_size=&#8221;30&#8243; header_letter_spacing=&#8221;0&#8243; header_line_height=&#8221;1&#8243; background_size=&#8221;initial&#8221; background_position=&#8221;top_left&#8221; background_repeat=&#8221;repeat&#8221; max_width=&#8221;620px&#8221; custom_margin=&#8221;0px||0px||false|false&#8221; hover_enabled=&#8221;0&#8243; text_font_size_tablet=&#8221;&#8221; text_font_size_phone=&#8221;&#8221; text_font_size_last_edited=&#8221;on|tablet&#8221; use_border_color=&#8221;off&#8221; border_color=&#8221;#ffffff&#8221; border_width=&#8221;1&#8243; border_style=&#8221;solid&#8221; sticky_enabled=&#8221;0&#8243;]<\/p>\n<p><span face=\"Optima\"><span><strong>CONOSCI OSCAR DI MONTIGNY?<\/strong><\/span><\/span><\/p>\n<p><span face=\"Optima\"><span><strong>Oscar di Montigny<\/strong>\u00a0\u00e8\u00a0<\/span><span>Chief Innovation, Sustainability &amp; Value Strategy Officer di Banca Mediolanum<\/span><span color=\"#383838\"><span>, e Amministratore Delegato di Mediolanum Comunicazione.\u00a0<\/span><span>\u00c8<\/span><span>\u00a0<\/span><\/span><span>Presidente di\u00a0<\/span><span>Flowe<\/span><span>, neonata Societa\u0300 Benefit, B Corporation Certificata\u00ae e Carbon Neutral del Gruppo Bancario Mediolanum, che ha lo scopo di educare le nuove generazioni ai temi\u00a0<\/span><span>dell\u2019innovazione\u00a0<\/span><span>e della sostenibilita\u0300 economica, sociale ed ambientale.<\/span><\/span><\/p>\n<p><span face=\"Optima\"><span color=\"#383838\"><span>\u00c8<\/span><span>\u00a0stato Chief Marketing Communication Officer del Gruppo Mediolanum dal 2000 al 2018.<\/span><\/span><\/span><\/p>\n<p><span face=\"Optima\"><span>Crede\u00a0<\/span><span>nell\u2019educazione\u00a0<\/span><span>come elemento fondante per la crescita e lo sviluppo sia personale sia collettivo. Per questo, come professionista ha posto\u00a0<\/span><span>l\u2019educazione\u00a0<\/span><span>al centro sia del progetto di\u00a0<\/span><span>Mediolanum Corporate University<\/span><span>, istituto educativo al servizio della Community Mediolanum (Rete di Vendita, Sede, clienti) che ha ideato, fondato e gestito dal 2009, sia di\u00a0<\/span><span><a href=\"http:\/\/centodieci.it\/\" hspace=\"streak-track\" target=\"_blank\" data-saferedirecturl=\"https:\/\/www.google.com\/url?q=http:\/\/Centodieci.it&amp;source=gmail&amp;ust=1668636875630000&amp;usg=AOvVaw3wwo3dz7cDeiNgKDSRKVSm\" rel=\"noopener\">Centodieci.it<\/a><\/span><span>,\u00a0<\/span><span>la piattaforma culturale di Banca Mediolanum che ha ideato e lanciato nel 2013.<\/span><\/span><\/p>\n<p><span face=\"Optima\"><span>Ha coniato il neologismo \u00ab<\/span><span>Humanovability<\/span><span>\u00ae<\/span><span>\u00bb ad indicare\u00a0<\/span><span>l\u2019urgenza\u00a0<\/span><span>di agire sempre, in ogni ambito di azione, per la propria sfera di influenza, lungo tre direttrici di sviluppo: centralita\u0300\u00a0<\/span><span>dell\u2019essere\u00a0<\/span><span>umano (\u00abHuman centricity\u00bb), Innovazione (\u00abInnovation\u00bb), Sostenibilita\u0300 (\u00abSustainability\u00bb). Ha evoluto il concetto di Economia Circolare in \u00abEconomia Sferica\u00ae\u00bb per tendere ad un sistema economico che generi prosperita\u0300 e non solo ricchezza, rimettendo\u00a0<\/span><span>l\u2019essere\u00a0<\/span><span>umano al centro\u00a0<\/span><span>dell\u2019intero\u00a0<\/span><span>sistema sociale. Crede in coloro che definisce \u00abwise innovator\u00bb, innovatori consapevoli, creativi risolutori di problemi, che pensano, sentono e agiscono in modo nuovo, con mente imprenditoriale, cuore sociale e anima ecologica, in modo da generare un impatto positivo sulle sette dimensioni dello sviluppo sostenibile riorganizzate secondo il modello delle 7P: Person, People, Partnership, Profit, Prosperity, Planet, Peace.<\/span><\/span><\/p>\n<p><span face=\"Optima\"><span>Sostiene\u00a0<\/span><span>l\u2019importanza\u00a0<\/span><span>di trasformare le organizzazioni in \u00ab<\/span><span>Gratefulbrand<\/span><span>\u00ae<\/span><span>\u00bb, quali espressione di quelle aziende illuminate che agiscono per-il-Bene, generando nei confronti di tutti gli stakeholder amore, rispetto e gratitudine. Crede fortemente al valore\u00a0<\/span><span>dell\u2019Education\u00a0<\/span><span>come chiave per la crescita non solo personale, e\u00a0<\/span><span>all\u2019importanza\u00a0<\/span><span>del Purpose come radice e anima di ogni impresa.<\/span><\/span><\/p>\n<p><span><span face=\"Optima\">Divulga i medesimi principi attraverso un percorso integrato di attivita\u0300 editoriali, keynote speech in consessi internazionali, lectio magistralis in scuole e universita\u0300, e attivita\u0300 di advocacy presso gruppi imprenditoriali.\u00a0<\/span><\/span><\/p>\n<p>&nbsp;<\/p>\n<p>[\/et_pb_text][\/et_pb_column][\/et_pb_row][\/et_pb_section]<\/p>\n","protected":false},"excerpt":{"rendered":"<p>[et_pb_section fb_built=&#8221;1&#8243; admin_label=&#8221;Sezione&#8221; _builder_version=&#8221;3.22&#8243; custom_padding=&#8221;0px|||&#8221; transparent_background=&#8221;off&#8221; make_fullwidth=&#8221;off&#8221; use_custom_width=&#8221;off&#8221; width_unit=&#8221;on&#8221; custom_width_px=&#8221;1080&#8243; custom_width_percent=&#8221;80&#8243;][et_pb_row use_custom_gutter=&#8221;on&#8221; gutter_width=&#8221;1&#8243; disabled_on=&#8221;off|off|off&#8221; admin_label=&#8221;Riga&#8221; module_class=&#8221; et_pb_row_fullwidth&#8221; _builder_version=&#8221;3.25&#8243; background_size=&#8221;initial&#8221; background_position=&#8221;top_left&#8221; background_repeat=&#8221;repeat&#8221; width=&#8221;100%&#8221; width_tablet=&#8221;100%&#8221; width_phone=&#8221;&#8221; width_last_edited=&#8221;on|desktop&#8221; max_width=&#8221;100%&#8221; max_width_tablet=&#8221;100%&#8221; max_width_phone=&#8221;&#8221; max_width_last_edited=&#8221;on|desktop&#8221; custom_padding=&#8221;0px|||&#8221; make_fullwidth=&#8221;on&#8221; use_custom_width=&#8221;off&#8221; width_unit=&#8221;on&#8221; custom_width_px=&#8221;1080&#8243; custom_width_percent=&#8221;80&#8243;][et_pb_column type=&#8221;4_4&#8243; _builder_version=&#8221;3.25&#8243; custom_padding=&#8221;|||&#8221; custom_padding__hover=&#8221;|||&#8221;][et_pb_image src=&#8221;https:\/\/www.museofratellicozzi.com\/news\/wp-content\/uploads\/2022\/11\/DUE-scaled.jpg&#8221; title_text=&#8221;DUE&#8221; force_fullwidth=&#8221;on&#8221; align_tablet=&#8221;center&#8221; align_phone=&#8221;&#8221; align_last_edited=&#8221;on|desktop&#8221; admin_label=&#8221;Immagine principale&#8221; _builder_version=&#8221;4.8.2&#8243; hover_enabled=&#8221;0&#8243; animation=&#8221;off&#8221; sticky=&#8221;off&#8221; use_border_color=&#8221;off&#8221; border_color=&#8221;#ffffff&#8221; border_width=&#8221;1&#8243; border_style=&#8221;solid&#8221; [&hellip;]<\/p>\n","protected":false},"author":10,"featured_media":14489,"comment_status":"open","ping_status":"open","sticky":false,"template":"","format":"standard","meta":{"_et_pb_use_builder":"on","_et_pb_old_content":"","_et_gb_content_width":"","_jetpack_memberships_contains_paid_content":false,"footnotes":""},"categories":[775,6,777,805],"tags":[21,209,180,403,758,13,406,220],"class_list":["post-14477","post","type-post","status-publish","format-standard","has-post-thumbnail","hentry","category-associazione","category-cultura","category-cultura-dimpresa","category-succede-al-museo","tag-alfa-romeo","tag-automotive","tag-cozzi","tag-fdo","tag-friends","tag-legnano","tag-museo-fratelli-cozzi","tag-oscar-di-montigny","et-has-post-format-content","et_post_format-et-post-format-standard"],"yoast_head":"<!-- This site is optimized with the Yoast SEO plugin v26.8 - https:\/\/yoast.com\/product\/yoast-seo-wordpress\/ -->\n<title>Che bello essere umani! Oscar di Montigny torna al Museo -<\/title>\n<meta name=\"description\" content=\"Che bello rivedere Oscar di Montigny al Museo: grazie all&#039;evento di FDO abbiamo incontrato nuovamente lo scrittore\" \/>\n<meta name=\"robots\" content=\"index, follow, max-snippet:-1, max-image-preview:large, max-video-preview:-1\" \/>\n<link rel=\"canonical\" href=\"https:\/\/www.museofratellicozzi.com\/news\/oscar-di-montigny-2022\/\" \/>\n<meta property=\"og:locale\" content=\"it_IT\" \/>\n<meta property=\"og:type\" content=\"article\" \/>\n<meta property=\"og:title\" content=\"Che bello essere umani! Oscar di Montigny torna al Museo -\" \/>\n<meta property=\"og:description\" content=\"Che bello rivedere Oscar di Montigny al Museo: grazie all&#039;evento di FDO abbiamo incontrato nuovamente lo scrittore\" \/>\n<meta property=\"og:url\" content=\"https:\/\/www.museofratellicozzi.com\/news\/oscar-di-montigny-2022\/\" \/>\n<meta property=\"og:site_name\" content=\"eNews Museo Fratelli Cozzi\" \/>\n<meta property=\"article:published_time\" content=\"2022-11-15T20:59:31+00:00\" \/>\n<meta property=\"article:modified_time\" content=\"2024-01-17T15:15:44+00:00\" \/>\n<meta property=\"og:image\" content=\"https:\/\/www.museofratellicozzi.com\/news\/wp-content\/uploads\/2022\/11\/DUE-scaled.jpg\" \/>\n\t<meta property=\"og:image:width\" content=\"2560\" \/>\n\t<meta property=\"og:image:height\" content=\"1707\" \/>\n\t<meta property=\"og:image:type\" content=\"image\/jpeg\" \/>\n<meta name=\"author\" content=\"Camilla Garavaglia\" \/>\n<meta name=\"twitter:card\" content=\"summary_large_image\" \/>\n<meta name=\"twitter:label1\" content=\"Scritto da\" \/>\n\t<meta name=\"twitter:data1\" content=\"Camilla Garavaglia\" \/>\n\t<meta name=\"twitter:label2\" content=\"Tempo di lettura stimato\" \/>\n\t<meta name=\"twitter:data2\" content=\"4 minuti\" \/>\n<script type=\"application\/ld+json\" class=\"yoast-schema-graph\">{\"@context\":\"https:\/\/schema.org\",\"@graph\":[{\"@type\":\"Article\",\"@id\":\"https:\/\/www.museofratellicozzi.com\/news\/oscar-di-montigny-2022\/#article\",\"isPartOf\":{\"@id\":\"https:\/\/www.museofratellicozzi.com\/news\/oscar-di-montigny-2022\/\"},\"author\":{\"name\":\"Camilla Garavaglia\",\"@id\":\"https:\/\/www.museofratellicozzi.com\/news\/#\/schema\/person\/591cf0de75ecd17d6ca09a67f9e54bcc\"},\"headline\":\"Che bello essere umani! Oscar di Montigny torna al Museo\",\"datePublished\":\"2022-11-15T20:59:31+00:00\",\"dateModified\":\"2024-01-17T15:15:44+00:00\",\"mainEntityOfPage\":{\"@id\":\"https:\/\/www.museofratellicozzi.com\/news\/oscar-di-montigny-2022\/\"},\"wordCount\":2202,\"commentCount\":0,\"publisher\":{\"@id\":\"https:\/\/www.museofratellicozzi.com\/news\/#organization\"},\"image\":{\"@id\":\"https:\/\/www.museofratellicozzi.com\/news\/oscar-di-montigny-2022\/#primaryimage\"},\"thumbnailUrl\":\"https:\/\/www.museofratellicozzi.com\/news\/wp-content\/uploads\/2022\/11\/DUE-scaled.jpg\",\"keywords\":[\"alfa romeo\",\"automotive\",\"cozzi\",\"fdo\",\"friends\",\"Legnano\",\"Museo Fratelli Cozzi\",\"oscar di montigny\"],\"articleSection\":[\"Associazione\",\"Cultura\",\"Cultura d'impresa\",\"Succede al museo\"],\"inLanguage\":\"it-IT\",\"potentialAction\":[{\"@type\":\"CommentAction\",\"name\":\"Comment\",\"target\":[\"https:\/\/www.museofratellicozzi.com\/news\/oscar-di-montigny-2022\/#respond\"]}]},{\"@type\":\"WebPage\",\"@id\":\"https:\/\/www.museofratellicozzi.com\/news\/oscar-di-montigny-2022\/\",\"url\":\"https:\/\/www.museofratellicozzi.com\/news\/oscar-di-montigny-2022\/\",\"name\":\"Che bello essere umani! Oscar di Montigny torna al Museo -\",\"isPartOf\":{\"@id\":\"https:\/\/www.museofratellicozzi.com\/news\/#website\"},\"primaryImageOfPage\":{\"@id\":\"https:\/\/www.museofratellicozzi.com\/news\/oscar-di-montigny-2022\/#primaryimage\"},\"image\":{\"@id\":\"https:\/\/www.museofratellicozzi.com\/news\/oscar-di-montigny-2022\/#primaryimage\"},\"thumbnailUrl\":\"https:\/\/www.museofratellicozzi.com\/news\/wp-content\/uploads\/2022\/11\/DUE-scaled.jpg\",\"datePublished\":\"2022-11-15T20:59:31+00:00\",\"dateModified\":\"2024-01-17T15:15:44+00:00\",\"description\":\"Che bello rivedere Oscar di Montigny al Museo: grazie all'evento di FDO abbiamo incontrato nuovamente lo scrittore\",\"breadcrumb\":{\"@id\":\"https:\/\/www.museofratellicozzi.com\/news\/oscar-di-montigny-2022\/#breadcrumb\"},\"inLanguage\":\"it-IT\",\"potentialAction\":[{\"@type\":\"ReadAction\",\"target\":[\"https:\/\/www.museofratellicozzi.com\/news\/oscar-di-montigny-2022\/\"]}]},{\"@type\":\"ImageObject\",\"inLanguage\":\"it-IT\",\"@id\":\"https:\/\/www.museofratellicozzi.com\/news\/oscar-di-montigny-2022\/#primaryimage\",\"url\":\"https:\/\/www.museofratellicozzi.com\/news\/wp-content\/uploads\/2022\/11\/DUE-scaled.jpg\",\"contentUrl\":\"https:\/\/www.museofratellicozzi.com\/news\/wp-content\/uploads\/2022\/11\/DUE-scaled.jpg\",\"width\":1600,\"height\":1067},{\"@type\":\"BreadcrumbList\",\"@id\":\"https:\/\/www.museofratellicozzi.com\/news\/oscar-di-montigny-2022\/#breadcrumb\",\"itemListElement\":[{\"@type\":\"ListItem\",\"position\":1,\"name\":\"Home\",\"item\":\"https:\/\/www.museofratellicozzi.com\/news\/\"},{\"@type\":\"ListItem\",\"position\":2,\"name\":\"Che bello essere umani! Oscar di Montigny torna al Museo\"}]},{\"@type\":\"WebSite\",\"@id\":\"https:\/\/www.museofratellicozzi.com\/news\/#website\",\"url\":\"https:\/\/www.museofratellicozzi.com\/news\/\",\"name\":\"eNews Museo Fratelli Cozzi\",\"description\":\"Alfa Romeo: un mito che resiste al tempo\",\"publisher\":{\"@id\":\"https:\/\/www.museofratellicozzi.com\/news\/#organization\"},\"potentialAction\":[{\"@type\":\"SearchAction\",\"target\":{\"@type\":\"EntryPoint\",\"urlTemplate\":\"https:\/\/www.museofratellicozzi.com\/news\/?s={search_term_string}\"},\"query-input\":{\"@type\":\"PropertyValueSpecification\",\"valueRequired\":true,\"valueName\":\"search_term_string\"}}],\"inLanguage\":\"it-IT\"},{\"@type\":\"Organization\",\"@id\":\"https:\/\/www.museofratellicozzi.com\/news\/#organization\",\"name\":\"Museo Fratelli Cozzi\",\"url\":\"https:\/\/www.museofratellicozzi.com\/news\/\",\"logo\":{\"@type\":\"ImageObject\",\"inLanguage\":\"it-IT\",\"@id\":\"https:\/\/www.museofratellicozzi.com\/news\/#\/schema\/logo\/image\/\",\"url\":\"https:\/\/www.museofratellicozzi.com\/news\/wp-content\/uploads\/2017\/04\/home.png\",\"contentUrl\":\"https:\/\/www.museofratellicozzi.com\/news\/wp-content\/uploads\/2017\/04\/home.png\",\"width\":497,\"height\":512,\"caption\":\"Museo Fratelli Cozzi\"},\"image\":{\"@id\":\"https:\/\/www.museofratellicozzi.com\/news\/#\/schema\/logo\/image\/\"}},{\"@type\":\"Person\",\"@id\":\"https:\/\/www.museofratellicozzi.com\/news\/#\/schema\/person\/591cf0de75ecd17d6ca09a67f9e54bcc\",\"name\":\"Camilla Garavaglia\",\"image\":{\"@type\":\"ImageObject\",\"inLanguage\":\"it-IT\",\"@id\":\"https:\/\/www.museofratellicozzi.com\/news\/#\/schema\/person\/image\/\",\"url\":\"https:\/\/secure.gravatar.com\/avatar\/d32c6de5a7b53525b34fdbeda5511e00?s=96&d=mm&r=g\",\"contentUrl\":\"https:\/\/secure.gravatar.com\/avatar\/d32c6de5a7b53525b34fdbeda5511e00?s=96&d=mm&r=g\",\"caption\":\"Camilla Garavaglia\"}}]}<\/script>\n<!-- \/ Yoast SEO plugin. -->","yoast_head_json":{"title":"Che bello essere umani! Oscar di Montigny torna al Museo -","description":"Che bello rivedere Oscar di Montigny al Museo: grazie all'evento di FDO abbiamo incontrato nuovamente lo scrittore","robots":{"index":"index","follow":"follow","max-snippet":"max-snippet:-1","max-image-preview":"max-image-preview:large","max-video-preview":"max-video-preview:-1"},"canonical":"https:\/\/www.museofratellicozzi.com\/news\/oscar-di-montigny-2022\/","og_locale":"it_IT","og_type":"article","og_title":"Che bello essere umani! Oscar di Montigny torna al Museo -","og_description":"Che bello rivedere Oscar di Montigny al Museo: grazie all'evento di FDO abbiamo incontrato nuovamente lo scrittore","og_url":"https:\/\/www.museofratellicozzi.com\/news\/oscar-di-montigny-2022\/","og_site_name":"eNews Museo Fratelli Cozzi","article_published_time":"2022-11-15T20:59:31+00:00","article_modified_time":"2024-01-17T15:15:44+00:00","og_image":[{"width":2560,"height":1707,"url":"https:\/\/www.museofratellicozzi.com\/news\/wp-content\/uploads\/2022\/11\/DUE-scaled.jpg","type":"image\/jpeg"}],"author":"Camilla Garavaglia","twitter_card":"summary_large_image","twitter_misc":{"Scritto da":"Camilla Garavaglia","Tempo di lettura stimato":"4 minuti"},"schema":{"@context":"https:\/\/schema.org","@graph":[{"@type":"Article","@id":"https:\/\/www.museofratellicozzi.com\/news\/oscar-di-montigny-2022\/#article","isPartOf":{"@id":"https:\/\/www.museofratellicozzi.com\/news\/oscar-di-montigny-2022\/"},"author":{"name":"Camilla Garavaglia","@id":"https:\/\/www.museofratellicozzi.com\/news\/#\/schema\/person\/591cf0de75ecd17d6ca09a67f9e54bcc"},"headline":"Che bello essere umani! Oscar di Montigny torna al Museo","datePublished":"2022-11-15T20:59:31+00:00","dateModified":"2024-01-17T15:15:44+00:00","mainEntityOfPage":{"@id":"https:\/\/www.museofratellicozzi.com\/news\/oscar-di-montigny-2022\/"},"wordCount":2202,"commentCount":0,"publisher":{"@id":"https:\/\/www.museofratellicozzi.com\/news\/#organization"},"image":{"@id":"https:\/\/www.museofratellicozzi.com\/news\/oscar-di-montigny-2022\/#primaryimage"},"thumbnailUrl":"https:\/\/www.museofratellicozzi.com\/news\/wp-content\/uploads\/2022\/11\/DUE-scaled.jpg","keywords":["alfa romeo","automotive","cozzi","fdo","friends","Legnano","Museo Fratelli Cozzi","oscar di montigny"],"articleSection":["Associazione","Cultura","Cultura d'impresa","Succede al museo"],"inLanguage":"it-IT","potentialAction":[{"@type":"CommentAction","name":"Comment","target":["https:\/\/www.museofratellicozzi.com\/news\/oscar-di-montigny-2022\/#respond"]}]},{"@type":"WebPage","@id":"https:\/\/www.museofratellicozzi.com\/news\/oscar-di-montigny-2022\/","url":"https:\/\/www.museofratellicozzi.com\/news\/oscar-di-montigny-2022\/","name":"Che bello essere umani! Oscar di Montigny torna al Museo -","isPartOf":{"@id":"https:\/\/www.museofratellicozzi.com\/news\/#website"},"primaryImageOfPage":{"@id":"https:\/\/www.museofratellicozzi.com\/news\/oscar-di-montigny-2022\/#primaryimage"},"image":{"@id":"https:\/\/www.museofratellicozzi.com\/news\/oscar-di-montigny-2022\/#primaryimage"},"thumbnailUrl":"https:\/\/www.museofratellicozzi.com\/news\/wp-content\/uploads\/2022\/11\/DUE-scaled.jpg","datePublished":"2022-11-15T20:59:31+00:00","dateModified":"2024-01-17T15:15:44+00:00","description":"Che bello rivedere Oscar di Montigny al Museo: grazie all'evento di FDO abbiamo incontrato nuovamente lo scrittore","breadcrumb":{"@id":"https:\/\/www.museofratellicozzi.com\/news\/oscar-di-montigny-2022\/#breadcrumb"},"inLanguage":"it-IT","potentialAction":[{"@type":"ReadAction","target":["https:\/\/www.museofratellicozzi.com\/news\/oscar-di-montigny-2022\/"]}]},{"@type":"ImageObject","inLanguage":"it-IT","@id":"https:\/\/www.museofratellicozzi.com\/news\/oscar-di-montigny-2022\/#primaryimage","url":"https:\/\/www.museofratellicozzi.com\/news\/wp-content\/uploads\/2022\/11\/DUE-scaled.jpg","contentUrl":"https:\/\/www.museofratellicozzi.com\/news\/wp-content\/uploads\/2022\/11\/DUE-scaled.jpg","width":1600,"height":1067},{"@type":"BreadcrumbList","@id":"https:\/\/www.museofratellicozzi.com\/news\/oscar-di-montigny-2022\/#breadcrumb","itemListElement":[{"@type":"ListItem","position":1,"name":"Home","item":"https:\/\/www.museofratellicozzi.com\/news\/"},{"@type":"ListItem","position":2,"name":"Che bello essere umani! Oscar di Montigny torna al Museo"}]},{"@type":"WebSite","@id":"https:\/\/www.museofratellicozzi.com\/news\/#website","url":"https:\/\/www.museofratellicozzi.com\/news\/","name":"eNews Museo Fratelli Cozzi","description":"Alfa Romeo: un mito che resiste al tempo","publisher":{"@id":"https:\/\/www.museofratellicozzi.com\/news\/#organization"},"potentialAction":[{"@type":"SearchAction","target":{"@type":"EntryPoint","urlTemplate":"https:\/\/www.museofratellicozzi.com\/news\/?s={search_term_string}"},"query-input":{"@type":"PropertyValueSpecification","valueRequired":true,"valueName":"search_term_string"}}],"inLanguage":"it-IT"},{"@type":"Organization","@id":"https:\/\/www.museofratellicozzi.com\/news\/#organization","name":"Museo Fratelli Cozzi","url":"https:\/\/www.museofratellicozzi.com\/news\/","logo":{"@type":"ImageObject","inLanguage":"it-IT","@id":"https:\/\/www.museofratellicozzi.com\/news\/#\/schema\/logo\/image\/","url":"https:\/\/www.museofratellicozzi.com\/news\/wp-content\/uploads\/2017\/04\/home.png","contentUrl":"https:\/\/www.museofratellicozzi.com\/news\/wp-content\/uploads\/2017\/04\/home.png","width":497,"height":512,"caption":"Museo Fratelli Cozzi"},"image":{"@id":"https:\/\/www.museofratellicozzi.com\/news\/#\/schema\/logo\/image\/"}},{"@type":"Person","@id":"https:\/\/www.museofratellicozzi.com\/news\/#\/schema\/person\/591cf0de75ecd17d6ca09a67f9e54bcc","name":"Camilla Garavaglia","image":{"@type":"ImageObject","inLanguage":"it-IT","@id":"https:\/\/www.museofratellicozzi.com\/news\/#\/schema\/person\/image\/","url":"https:\/\/secure.gravatar.com\/avatar\/d32c6de5a7b53525b34fdbeda5511e00?s=96&d=mm&r=g","contentUrl":"https:\/\/secure.gravatar.com\/avatar\/d32c6de5a7b53525b34fdbeda5511e00?s=96&d=mm&r=g","caption":"Camilla Garavaglia"}}]}},"jetpack_featured_media_url":"https:\/\/www.museofratellicozzi.com\/news\/wp-content\/uploads\/2022\/11\/DUE-scaled.jpg","jetpack_shortlink":"https:\/\/wp.me\/p90Eth-3Lv","jetpack_sharing_enabled":true,"post_mailing_queue_ids":[],"_links":{"self":[{"href":"https:\/\/www.museofratellicozzi.com\/news\/wp-json\/wp\/v2\/posts\/14477","targetHints":{"allow":["GET"]}}],"collection":[{"href":"https:\/\/www.museofratellicozzi.com\/news\/wp-json\/wp\/v2\/posts"}],"about":[{"href":"https:\/\/www.museofratellicozzi.com\/news\/wp-json\/wp\/v2\/types\/post"}],"author":[{"embeddable":true,"href":"https:\/\/www.museofratellicozzi.com\/news\/wp-json\/wp\/v2\/users\/10"}],"replies":[{"embeddable":true,"href":"https:\/\/www.museofratellicozzi.com\/news\/wp-json\/wp\/v2\/comments?post=14477"}],"version-history":[{"count":5,"href":"https:\/\/www.museofratellicozzi.com\/news\/wp-json\/wp\/v2\/posts\/14477\/revisions"}],"predecessor-version":[{"id":14530,"href":"https:\/\/www.museofratellicozzi.com\/news\/wp-json\/wp\/v2\/posts\/14477\/revisions\/14530"}],"wp:featuredmedia":[{"embeddable":true,"href":"https:\/\/www.museofratellicozzi.com\/news\/wp-json\/wp\/v2\/media\/14489"}],"wp:attachment":[{"href":"https:\/\/www.museofratellicozzi.com\/news\/wp-json\/wp\/v2\/media?parent=14477"}],"wp:term":[{"taxonomy":"category","embeddable":true,"href":"https:\/\/www.museofratellicozzi.com\/news\/wp-json\/wp\/v2\/categories?post=14477"},{"taxonomy":"post_tag","embeddable":true,"href":"https:\/\/www.museofratellicozzi.com\/news\/wp-json\/wp\/v2\/tags?post=14477"}],"curies":[{"name":"wp","href":"https:\/\/api.w.org\/{rel}","templated":true}]}}