{"id":16874,"date":"2024-02-28T12:51:45","date_gmt":"2024-02-28T11:51:45","guid":{"rendered":"https:\/\/www.museofratellicozzi.com\/news\/?p=16874"},"modified":"2024-03-25T12:21:53","modified_gmt":"2024-03-25T11:21:53","slug":"dicono-di-noi-la-rassegna-stampa-di-febbraio","status":"publish","type":"post","link":"https:\/\/www.museofratellicozzi.com\/news\/dicono-di-noi-la-rassegna-stampa-di-febbraio\/","title":{"rendered":"Dicono di noi: la rassegna stampa di febbraio"},"content":{"rendered":"<p>[et_pb_section fb_built=&#8221;1&#8243; admin_label=&#8221;Sezione&#8221; _builder_version=&#8221;3.22&#8243; custom_padding=&#8221;0px|||&#8221; transparent_background=&#8221;off&#8221; make_fullwidth=&#8221;off&#8221; use_custom_width=&#8221;off&#8221; width_unit=&#8221;on&#8221; custom_width_px=&#8221;1080&#8243; custom_width_percent=&#8221;80&#8243;][et_pb_row use_custom_gutter=&#8221;on&#8221; gutter_width=&#8221;1&#8243; disabled_on=&#8221;off|off|off&#8221; admin_label=&#8221;Riga&#8221; module_class=&#8221; et_pb_row_fullwidth&#8221; _builder_version=&#8221;3.25&#8243; background_size=&#8221;initial&#8221; background_position=&#8221;top_left&#8221; background_repeat=&#8221;repeat&#8221; width=&#8221;100%&#8221; width_tablet=&#8221;100%&#8221; width_phone=&#8221;&#8221; width_last_edited=&#8221;on|desktop&#8221; max_width=&#8221;100%&#8221; max_width_tablet=&#8221;100%&#8221; max_width_phone=&#8221;&#8221; max_width_last_edited=&#8221;on|desktop&#8221; custom_padding=&#8221;0px|||&#8221; make_fullwidth=&#8221;on&#8221; use_custom_width=&#8221;off&#8221; width_unit=&#8221;on&#8221; custom_width_px=&#8221;1080&#8243; custom_width_percent=&#8221;80&#8243;][et_pb_column type=&#8221;4_4&#8243; _builder_version=&#8221;3.25&#8243; custom_padding=&#8221;|||&#8221; custom_padding__hover=&#8221;|||&#8221;][et_pb_image src=&#8221;https:\/\/www.museofratellicozzi.com\/news\/wp-content\/uploads\/2024\/02\/6.rassegna-stampa-feb24.png&#8221; alt=&#8221;rassegna stampa&#8221; title_text=&#8221;6.rassegna stampa feb24&#8243; force_fullwidth=&#8221;on&#8221; align_tablet=&#8221;center&#8221; align_phone=&#8221;&#8221; align_last_edited=&#8221;on|desktop&#8221; admin_label=&#8221;Immagine principale&#8221; _builder_version=&#8221;4.8.2&#8243; animation=&#8221;off&#8221; sticky=&#8221;off&#8221; use_border_color=&#8221;off&#8221; border_color=&#8221;#ffffff&#8221; border_width=&#8221;1&#8243; border_style=&#8221;solid&#8221; always_center_on_mobile=&#8221;on&#8221;][\/et_pb_image][\/et_pb_column][\/et_pb_row][et_pb_row admin_label=&#8221;Riga&#8221; _builder_version=&#8221;4.8.2&#8243; background_size=&#8221;initial&#8221; background_position=&#8221;top_left&#8221; background_repeat=&#8221;repeat&#8221; custom_padding=&#8221;20px||0px|&#8221; make_fullwidth=&#8221;off&#8221; use_custom_width=&#8221;off&#8221; width_unit=&#8221;on&#8221; custom_width_px=&#8221;1080&#8243; custom_width_percent=&#8221;80&#8243;][et_pb_column type=&#8221;4_4&#8243; _builder_version=&#8221;3.25&#8243; custom_padding=&#8221;|||&#8221; custom_padding__hover=&#8221;|||&#8221;][et_pb_text admin_label=&#8221;Titolo&#8221; _builder_version=&#8221;4.8.2&#8243; text_font=&#8221;PT Sans||||&#8221; text_text_color=&#8221;#000000&#8243; text_font_size=&#8221;72&#8243; text_letter_spacing=&#8221;0&#8243; text_line_height=&#8221;1.1&#8243; header_font=&#8221;PT Sans||||&#8221; header_text_color=&#8221;#000000&#8243; header_font_size=&#8221;48&#8243; header_letter_spacing=&#8221;0&#8243; header_line_height=&#8221;1.1em&#8221; background_size=&#8221;initial&#8221; background_position=&#8221;top_left&#8221; background_repeat=&#8221;repeat&#8221; custom_margin=&#8221;0px||0px|&#8221; text_font_size_tablet=&#8221;60&#8243; text_font_size_phone=&#8221;&#8221; text_font_size_last_edited=&#8221;on|phone&#8221; text_letter_spacing_tablet=&#8221;&#8221; text_letter_spacing_phone=&#8221;&#8221; text_letter_spacing_last_edited=&#8221;on|desktop&#8221; text_line_height_tablet=&#8221;&#8221; text_line_height_phone=&#8221;&#8221; text_line_height_last_edited=&#8221;on|&#8221; header_font_size_tablet=&#8221;46&#8243; header_font_size_phone=&#8221;38px&#8221; header_font_size_last_edited=&#8221;on|phone&#8221; use_border_color=&#8221;off&#8221; border_color=&#8221;#ffffff&#8221; border_width=&#8221;1&#8243; border_style=&#8221;solid&#8221;]<\/p>\n<h1><span>Dicono di noi: la rassegna stampa di febbraio<\/span><\/h1>\n<p>[\/et_pb_text][et_pb_text admin_label=&#8221;Data&#8221; _builder_version=&#8221;4.8.2&#8243; text_font=&#8221;PT Sans|on|||&#8221; text_text_color=&#8221;#363636&#8243; text_font_size=&#8221;18&#8243; text_letter_spacing=&#8221;0&#8243; text_line_height=&#8221;1.7&#8243; header_font_size=&#8221;30&#8243; header_letter_spacing=&#8221;0&#8243; header_line_height=&#8221;1&#8243; background_size=&#8221;initial&#8221; background_position=&#8221;top_left&#8221; background_repeat=&#8221;repeat&#8221; custom_margin=&#8221;10px||0px|&#8221; custom_padding=&#8221;||0px|||&#8221; hover_enabled=&#8221;0&#8243; use_border_color=&#8221;off&#8221; border_color=&#8221;#ffffff&#8221; border_width=&#8221;1&#8243; border_style=&#8221;solid&#8221; sticky_enabled=&#8221;0&#8243;]<\/p>\n<p>28 febbraio, 2024<\/p>\n<p>[\/et_pb_text][\/et_pb_column][\/et_pb_row][\/et_pb_section][et_pb_section fb_built=&#8221;1&#8243; admin_label=&#8221;Section&#8221; _builder_version=&#8221;3.22&#8243; background_color=&#8221;#f7f7f4&#8243; transparent_background=&#8221;off&#8221; make_fullwidth=&#8221;off&#8221; use_custom_width=&#8221;off&#8221; width_unit=&#8221;on&#8221; custom_width_px=&#8221;1080&#8243; custom_width_percent=&#8221;80&#8243;][et_pb_row column_structure=&#8221;1_3,2_3&#8243; padding_mobile=&#8221;on&#8221; column_padding_mobile=&#8221;on&#8221; admin_label=&#8221;row&#8221; _builder_version=&#8221;4.8.2&#8243; background_size=&#8221;initial&#8221; background_position=&#8221;top_left&#8221; background_repeat=&#8221;repeat&#8221; custom_margin=&#8221;10px||||false|false&#8221; custom_padding=&#8221;0px|||&#8221; make_fullwidth=&#8221;off&#8221; use_custom_width=&#8221;off&#8221; width_unit=&#8221;on&#8221; custom_width_px=&#8221;1080&#8243; custom_width_percent=&#8221;80&#8243;][et_pb_column type=&#8221;1_3&#8243; _builder_version=&#8221;3.25&#8243; custom_padding=&#8221;|||&#8221; custom_padding__hover=&#8221;|||&#8221;][et_pb_text admin_label=&#8221;Occhiello&#8221; _builder_version=&#8221;4.8.2&#8243; text_font=&#8221;PT Sans|on|||&#8221; text_text_color=&#8221;#363636&#8243; text_font_size=&#8221;24&#8243; text_letter_spacing=&#8221;0&#8243; text_line_height=&#8221;1.4&#8243; header_font_size=&#8221;30&#8243; header_letter_spacing=&#8221;0&#8243; header_line_height=&#8221;1&#8243; header_3_font_size=&#8221;19px&#8221; header_3_line_height=&#8221;1.2em&#8221; background_size=&#8221;initial&#8221; background_position=&#8221;top_left&#8221; background_repeat=&#8221;repeat&#8221; max_width=&#8221;620px&#8221; custom_margin=&#8221;0px|20px|0px||false|false&#8221; custom_padding=&#8221;||0px|||&#8221; text_font_size_tablet=&#8221;&#8221; text_font_size_phone=&#8221;&#8221; text_font_size_last_edited=&#8221;on|desktop&#8221; use_border_color=&#8221;off&#8221; border_color=&#8221;#ffffff&#8221; border_width=&#8221;1&#8243; border_style=&#8221;solid&#8221;]<\/p>\n<h3><span>Come ogni mese non pu\u00f2 mancare la nostra rassegna stampa: leggi con noi gli articoli di chi ci ha dedicato uno spazio!<\/span><\/h3>\n<p>[\/et_pb_text][\/et_pb_column][et_pb_column type=&#8221;2_3&#8243; _builder_version=&#8221;3.25&#8243; custom_padding=&#8221;|||&#8221; custom_padding__hover=&#8221;|||&#8221;][et_pb_text admin_label=&#8221;Blocco testo 1&#8243; _builder_version=&#8221;4.8.2&#8243; text_font=&#8221;PT Sans||||&#8221; text_text_color=&#8221;#363636&#8243; text_font_size=&#8221;20&#8243; text_letter_spacing=&#8221;0&#8243; text_line_height=&#8221;1.2em&#8221; header_font_size=&#8221;30&#8243; header_letter_spacing=&#8221;0&#8243; header_line_height=&#8221;1&#8243; background_size=&#8221;initial&#8221; background_position=&#8221;top_left&#8221; background_repeat=&#8221;repeat&#8221; max_width=&#8221;620px&#8221; custom_margin=&#8221;0px||0px||false|false&#8221; text_font_size_tablet=&#8221;&#8221; text_font_size_phone=&#8221;&#8221; text_font_size_last_edited=&#8221;on|tablet&#8221; use_border_color=&#8221;off&#8221; border_color=&#8221;#ffffff&#8221; border_width=&#8221;1&#8243; border_style=&#8221;solid&#8221;]<\/p>\n<p>Come ogni mese, anche a febbraio pubblichiamo l&#8217;immancabile<strong> rassegna stampa<\/strong>. Ecco cosa dicono di noi le testate locali e nazionali.<\/p>\n<p>Partiamo con il prossimo evento che si terr\u00e0 proprio\u00a0qui al Museo: &#8220;<strong>Arna, l&#8217;Alfa con gli occhi a mandorla. Speciale Museocity 2024<\/strong>&#8220;. Come suggerisce il titolo, la protagonista sar\u00e0 l&#8217;Arna, modello TI. Una data allinterno della cornice di MuseoCity 2024. Ne ha parlato:<\/p>\n<p>&#8211; <span style=\"text-decoration: underline;\"><a href=\"https:\/\/www.motoremotion.it\/2024\/02\/01\/arna-lalfa-con-gli-occhi-a-mandorla-al-museo-cozzi\/\">MotorEmotion<\/a><\/span><\/p>\n<p><span style=\"text-decoration: underline;\">&#8211; <a href=\"https:\/\/www.mentelocale.it\/milano\/47875-museo-segreto-itinerario-in-oltre-60-musei-per-museocity-2024.htm\">Mente Locale Milano<\/a><\/span><\/p>\n<p><a href=\"https:\/\/www.sempionenews.it\/territorio\/museocity-2024-una-grande-mostra-diffusa\/\"><span style=\"text-decoration: underline;\">&#8211; SempioneNews<\/span><\/a><\/p>\n<p><span style=\"text-decoration: underline;\"><\/span><\/p>\n<p>Sempre a proposito di eventi, non possiamo non parlarvi del centenario della Citt\u00e0 di Legnano. Per celebrare questa importante ricorrenza, \u00e8 stato scelto proprio il nostro Museo come location per la Cena di Gala con le massime autorit\u00e0.<\/p>\n<p>Ne ha parlato SempioneNews in due articoli. Puoi leggerli di seguito:<\/p>\n<p><span style=\"text-decoration: underline;\">&#8211;<a href=\"https:\/\/www.sempionenews.it\/territorio\/cena-di-gala-per-i-100-anni-di-legnano-citta\/\"> Sempione News<\/a><\/span><\/p>\n<p><span style=\"text-decoration: underline;\">&#8211;<a href=\"https:\/\/www.sempionenews.it\/territorio\/cena-di-gala-per-i-100-anni-di-legnano-citta\/\"> Sempione News<\/a><\/span><\/p>\n<p>e inoltre\u00a0<\/p>\n<p><a href=\"https:\/\/www.rete55.it\/notizie\/costume\/legnano-cena-di-gala-per-il-centenario-di-legnano-citta\/\"><u>&#8211; Rete 55<\/u><\/a><\/p>\n<p>&nbsp;<\/p>\n<p>[\/et_pb_text][\/et_pb_column][\/et_pb_row][et_pb_row column_structure=&#8221;1_2,1_2&#8243; _builder_version=&#8221;4.8.2&#8243; _module_preset=&#8221;default&#8221;][et_pb_column type=&#8221;1_2&#8243; _builder_version=&#8221;4.8.2&#8243; _module_preset=&#8221;default&#8221;][et_pb_image src=&#8221;https:\/\/www.museofratellicozzi.com\/news\/wp-content\/uploads\/2024\/02\/IMG20240228151544-scaled.jpg&#8221; alt=&#8221;rassegna stampa Profumo di Alfa&#8221; title_text=&#8221;IMG20240228151544&#8243; _builder_version=&#8221;4.8.2&#8243; _module_preset=&#8221;default&#8221;][\/et_pb_image][\/et_pb_column][et_pb_column type=&#8221;1_2&#8243; _builder_version=&#8221;4.8.2&#8243; _module_preset=&#8221;default&#8221;][et_pb_image src=&#8221;https:\/\/www.museofratellicozzi.com\/news\/wp-content\/uploads\/2024\/02\/IMG20240228151608-scaled.jpg&#8221; alt=&#8221;rassegna stampa&#8221; title_text=&#8221;IMG20240228151608&#8243; _builder_version=&#8221;4.8.2&#8243; _module_preset=&#8221;default&#8221;][\/et_pb_image][\/et_pb_column][\/et_pb_row][et_pb_row column_structure=&#8221;1_3,2_3&#8243; padding_mobile=&#8221;on&#8221; column_padding_mobile=&#8221;on&#8221; admin_label=&#8221;row&#8221; _builder_version=&#8221;4.8.2&#8243; background_size=&#8221;initial&#8221; background_position=&#8221;top_left&#8221; background_repeat=&#8221;repeat&#8221; custom_margin=&#8221;10px||||false|false&#8221; custom_padding=&#8221;0px|||&#8221; make_fullwidth=&#8221;off&#8221; use_custom_width=&#8221;off&#8221; width_unit=&#8221;on&#8221; custom_width_px=&#8221;1080&#8243; custom_width_percent=&#8221;80&#8243;][et_pb_column type=&#8221;1_3&#8243; _builder_version=&#8221;3.25&#8243; custom_padding=&#8221;|||&#8221; custom_padding__hover=&#8221;|||&#8221;][\/et_pb_column][et_pb_column type=&#8221;2_3&#8243; _builder_version=&#8221;3.25&#8243; custom_padding=&#8221;|||&#8221; custom_padding__hover=&#8221;|||&#8221;][et_pb_text admin_label=&#8221;Blocco testo 1&#8243; _builder_version=&#8221;4.8.2&#8243; text_font=&#8221;PT Sans||||&#8221; text_text_color=&#8221;#363636&#8243; text_font_size=&#8221;20&#8243; text_letter_spacing=&#8221;0&#8243; text_line_height=&#8221;1.2em&#8221; header_font_size=&#8221;30&#8243; header_letter_spacing=&#8221;0&#8243; header_line_height=&#8221;1&#8243; background_size=&#8221;initial&#8221; background_position=&#8221;top_left&#8221; background_repeat=&#8221;repeat&#8221; max_width=&#8221;620px&#8221; custom_margin=&#8221;0px||0px||false|false&#8221; text_font_size_tablet=&#8221;&#8221; text_font_size_phone=&#8221;&#8221; text_font_size_last_edited=&#8221;on|tablet&#8221; use_border_color=&#8221;off&#8221; border_color=&#8221;#ffffff&#8221; border_width=&#8221;1&#8243; border_style=&#8221;solid&#8221;]<\/p>\n<p>Infine anche la nostra mostra itinerante &#8220;Donne e motori? Gioie e basta&#8221; ha destato interesse tra i media locali. Ne hanno parlato in questo articolo:<\/p>\n<p>&#8211;<a href=\"https:\/\/www.sempionenews.it\/cultura\/filosofarti-2024-parte-con-uno-sguardo-sulla-guerra\/\"><span style=\"text-decoration: underline;\"> SempioneNews<\/span><\/a><\/p>\n<p><a href=\"https:\/\/www.legnanonews.com\/aree-geografiche\/varesotto\/2024\/02\/05\/a-castellanza-il-fotoreportage-storie-di-popoli-e-persone\/1171371\/\"><span style=\"text-decoration: underline;\">&#8211; LegnanoNews<\/span><\/a><\/p>\n<p><a href=\"https:\/\/www.malpensanews.it\/2024\/02\/a-castellanza-il-fotoreportage-storie-di-popoli-e-persone\/902781\/\"><span style=\"text-decoration: underline;\">&#8211; MalpensaNews<\/span><\/a><\/p>\n<p><a href=\"https:\/\/www.ilgiorno.it\/sondrio\/cronaca\/azerbaigian-ucraina-sguardi-sul-mondo-e-dai-fronti-di-guerra-3b01c1ae\"><span style=\"text-decoration: underline;\">&#8211; il Giorno<\/span><\/a><\/p>\n<p><span style=\"text-decoration: underline;\"><\/span><\/p>\n<p>E infine ringraziamo gli amici di<em>\u00a0Overheard Cams<\/em>.<span style=\"text-decoration: underline;\"><em><a href=\"https:\/\/alfaromeoassociation.org\/content.aspx?page_id=722&amp;club_id=233974&amp;emtid=241033847408&amp;mtid=421641112579&amp;ht=1\">\u00a0Leggi qui\u00a0<\/a><\/em><\/span>cos\u2019hanno scritto.<\/p>\n<p>[\/et_pb_text][\/et_pb_column][\/et_pb_row][et_pb_row column_structure=&#8221;1_2,1_2&#8243; _builder_version=&#8221;4.8.2&#8243; _module_preset=&#8221;default&#8221;][et_pb_column type=&#8221;1_2&#8243; _builder_version=&#8221;4.8.2&#8243; _module_preset=&#8221;default&#8221;][et_pb_image src=&#8221;https:\/\/www.museofratellicozzi.com\/news\/wp-content\/uploads\/2024\/02\/IMG20240228151533-scaled.jpg&#8221; alt=&#8221;rassegna stampa Profumo di Alfa&#8221; title_text=&#8221;IMG20240228151533&#8243; _builder_version=&#8221;4.8.2&#8243; _module_preset=&#8221;default&#8221;][\/et_pb_image][\/et_pb_column][et_pb_column type=&#8221;1_2&#8243; _builder_version=&#8221;4.8.2&#8243; _module_preset=&#8221;default&#8221;][et_pb_image src=&#8221;https:\/\/www.museofratellicozzi.com\/news\/wp-content\/uploads\/2024\/02\/IMG20240228151448-scaled.jpg&#8221; alt=&#8221;rassegna stampa&#8221; title_text=&#8221;IMG20240228151448&#8243; _builder_version=&#8221;4.8.2&#8243; _module_preset=&#8221;default&#8221;][\/et_pb_image][\/et_pb_column][\/et_pb_row][et_pb_row _builder_version=&#8221;4.8.2&#8243; _module_preset=&#8221;default&#8221;][et_pb_column type=&#8221;4_4&#8243; _builder_version=&#8221;4.8.2&#8243; _module_preset=&#8221;default&#8221;][et_pb_text _builder_version=&#8221;4.8.2&#8243; _module_preset=&#8221;default&#8221;]<\/p>\n<p>Alcuni articoli sul Museo sulle riviste cartacee Profumo di Alfa e Youngclassic<\/p>\n<p>[\/et_pb_text][\/et_pb_column][\/et_pb_row][et_pb_row _builder_version=&#8221;4.8.2&#8243; _module_preset=&#8221;default&#8221;][et_pb_column type=&#8221;4_4&#8243; _builder_version=&#8221;4.8.2&#8243; _module_preset=&#8221;default&#8221;][et_pb_cta title=&#8221;Hai scritto un articolo su di noi? Non dimenticare di segnalarcelo per la nostra rassegna stampa!&#8221; button_url=&#8221;https:\/\/www.museofratellicozzi.com\/rendi-indimenticabile-il-tuo-evento-aziendale\/&#8221; _builder_version=&#8221;4.8.2&#8243; _module_preset=&#8221;default&#8221;]<\/p>\n<p>Scrivi una mail a <strong><a href=\"mailto:eventi@museofratellicozzi.com\">info@museofratellicozzi.com<\/a>\u00a0<\/strong><\/p>\n<p>[\/et_pb_cta][\/et_pb_column][\/et_pb_row][\/et_pb_section]<\/p>\n","protected":false},"excerpt":{"rendered":"<p>[et_pb_section fb_built=&#8221;1&#8243; admin_label=&#8221;Sezione&#8221; _builder_version=&#8221;3.22&#8243; custom_padding=&#8221;0px|||&#8221; transparent_background=&#8221;off&#8221; make_fullwidth=&#8221;off&#8221; use_custom_width=&#8221;off&#8221; width_unit=&#8221;on&#8221; custom_width_px=&#8221;1080&#8243; custom_width_percent=&#8221;80&#8243;][et_pb_row use_custom_gutter=&#8221;on&#8221; gutter_width=&#8221;1&#8243; disabled_on=&#8221;off|off|off&#8221; admin_label=&#8221;Riga&#8221; module_class=&#8221; et_pb_row_fullwidth&#8221; _builder_version=&#8221;3.25&#8243; background_size=&#8221;initial&#8221; background_position=&#8221;top_left&#8221; background_repeat=&#8221;repeat&#8221; width=&#8221;100%&#8221; width_tablet=&#8221;100%&#8221; width_phone=&#8221;&#8221; width_last_edited=&#8221;on|desktop&#8221; max_width=&#8221;100%&#8221; max_width_tablet=&#8221;100%&#8221; max_width_phone=&#8221;&#8221; max_width_last_edited=&#8221;on|desktop&#8221; custom_padding=&#8221;0px|||&#8221; make_fullwidth=&#8221;on&#8221; use_custom_width=&#8221;off&#8221; width_unit=&#8221;on&#8221; custom_width_px=&#8221;1080&#8243; custom_width_percent=&#8221;80&#8243;][et_pb_column type=&#8221;4_4&#8243; _builder_version=&#8221;3.25&#8243; custom_padding=&#8221;|||&#8221; custom_padding__hover=&#8221;|||&#8221;][et_pb_image src=&#8221;https:\/\/www.museofratellicozzi.com\/news\/wp-content\/uploads\/2024\/02\/6.rassegna-stampa-feb24.png&#8221; alt=&#8221;rassegna stampa&#8221; title_text=&#8221;6.rassegna stampa feb24&#8243; force_fullwidth=&#8221;on&#8221; align_tablet=&#8221;center&#8221; align_phone=&#8221;&#8221; align_last_edited=&#8221;on|desktop&#8221; admin_label=&#8221;Immagine principale&#8221; _builder_version=&#8221;4.8.2&#8243; animation=&#8221;off&#8221; sticky=&#8221;off&#8221; use_border_color=&#8221;off&#8221; [&hellip;]<\/p>\n","protected":false},"author":7,"featured_media":16877,"comment_status":"open","ping_status":"open","sticky":false,"template":"","format":"standard","meta":{"_et_pb_use_builder":"on","_et_pb_old_content":"","_et_gb_content_width":"","_jetpack_memberships_contains_paid_content":false,"footnotes":""},"categories":[109],"tags":[21,209,180,406],"class_list":["post-16874","post","type-post","status-publish","format-standard","has-post-thumbnail","hentry","category-rassegna-stampa","tag-alfa-romeo","tag-automotive","tag-cozzi","tag-museo-fratelli-cozzi","et-has-post-format-content","et_post_format-et-post-format-standard"],"yoast_head":"<!-- This site is optimized with the Yoast SEO plugin v26.8 - https:\/\/yoast.com\/product\/yoast-seo-wordpress\/ -->\n<title>Dicono di noi: la rassegna stampa di febbraio -<\/title>\n<meta name=\"description\" content=\"Hai gi\u00e0 pensato a come organizzare la prossima cena aziendale natalizia? Festeggia in modo originale nel nostro Museo di auto storiche!\" \/>\n<meta name=\"robots\" content=\"index, follow, max-snippet:-1, max-image-preview:large, max-video-preview:-1\" \/>\n<link rel=\"canonical\" href=\"https:\/\/www.museofratellicozzi.com\/news\/dicono-di-noi-la-rassegna-stampa-di-febbraio\/\" \/>\n<meta property=\"og:locale\" content=\"it_IT\" \/>\n<meta property=\"og:type\" content=\"article\" \/>\n<meta property=\"og:title\" content=\"Dicono di noi: la rassegna stampa di febbraio -\" \/>\n<meta property=\"og:description\" content=\"Hai gi\u00e0 pensato a come organizzare la prossima cena aziendale natalizia? Festeggia in modo originale nel nostro Museo di auto storiche!\" \/>\n<meta property=\"og:url\" content=\"https:\/\/www.museofratellicozzi.com\/news\/dicono-di-noi-la-rassegna-stampa-di-febbraio\/\" \/>\n<meta property=\"og:site_name\" content=\"eNews Museo Fratelli Cozzi\" \/>\n<meta property=\"article:published_time\" content=\"2024-02-28T11:51:45+00:00\" \/>\n<meta property=\"article:modified_time\" content=\"2024-03-25T11:21:53+00:00\" \/>\n<meta property=\"og:image\" content=\"https:\/\/www.museofratellicozzi.com\/news\/wp-content\/uploads\/2024\/02\/6.rassegna-stampa-feb24.png\" \/>\n\t<meta property=\"og:image:width\" content=\"1115\" \/>\n\t<meta property=\"og:image:height\" content=\"836\" \/>\n\t<meta property=\"og:image:type\" content=\"image\/png\" \/>\n<meta name=\"author\" content=\"Elisabetta Cozzi\" \/>\n<meta name=\"twitter:card\" content=\"summary_large_image\" \/>\n<meta name=\"twitter:label1\" content=\"Scritto da\" \/>\n\t<meta name=\"twitter:data1\" content=\"Elisabetta Cozzi\" \/>\n\t<meta name=\"twitter:label2\" content=\"Tempo di lettura stimato\" \/>\n\t<meta name=\"twitter:data2\" content=\"6 minuti\" \/>\n<script type=\"application\/ld+json\" class=\"yoast-schema-graph\">{\"@context\":\"https:\/\/schema.org\",\"@graph\":[{\"@type\":\"Article\",\"@id\":\"https:\/\/www.museofratellicozzi.com\/news\/dicono-di-noi-la-rassegna-stampa-di-febbraio\/#article\",\"isPartOf\":{\"@id\":\"https:\/\/www.museofratellicozzi.com\/news\/dicono-di-noi-la-rassegna-stampa-di-febbraio\/\"},\"author\":{\"name\":\"Elisabetta Cozzi\",\"@id\":\"https:\/\/www.museofratellicozzi.com\/news\/#\/schema\/person\/3c2c242e79e59f9be7b62a0d9673e40d\"},\"headline\":\"Dicono di noi: la rassegna stampa di febbraio\",\"datePublished\":\"2024-02-28T11:51:45+00:00\",\"dateModified\":\"2024-03-25T11:21:53+00:00\",\"mainEntityOfPage\":{\"@id\":\"https:\/\/www.museofratellicozzi.com\/news\/dicono-di-noi-la-rassegna-stampa-di-febbraio\/\"},\"wordCount\":1430,\"commentCount\":0,\"publisher\":{\"@id\":\"https:\/\/www.museofratellicozzi.com\/news\/#organization\"},\"image\":{\"@id\":\"https:\/\/www.museofratellicozzi.com\/news\/dicono-di-noi-la-rassegna-stampa-di-febbraio\/#primaryimage\"},\"thumbnailUrl\":\"https:\/\/www.museofratellicozzi.com\/news\/wp-content\/uploads\/2024\/02\/6.rassegna-stampa-feb24.png\",\"keywords\":[\"alfa romeo\",\"automotive\",\"cozzi\",\"Museo Fratelli Cozzi\"],\"articleSection\":[\"Rassegna stampa\"],\"inLanguage\":\"it-IT\",\"potentialAction\":[{\"@type\":\"CommentAction\",\"name\":\"Comment\",\"target\":[\"https:\/\/www.museofratellicozzi.com\/news\/dicono-di-noi-la-rassegna-stampa-di-febbraio\/#respond\"]}]},{\"@type\":\"WebPage\",\"@id\":\"https:\/\/www.museofratellicozzi.com\/news\/dicono-di-noi-la-rassegna-stampa-di-febbraio\/\",\"url\":\"https:\/\/www.museofratellicozzi.com\/news\/dicono-di-noi-la-rassegna-stampa-di-febbraio\/\",\"name\":\"Dicono di noi: la rassegna stampa di febbraio -\",\"isPartOf\":{\"@id\":\"https:\/\/www.museofratellicozzi.com\/news\/#website\"},\"primaryImageOfPage\":{\"@id\":\"https:\/\/www.museofratellicozzi.com\/news\/dicono-di-noi-la-rassegna-stampa-di-febbraio\/#primaryimage\"},\"image\":{\"@id\":\"https:\/\/www.museofratellicozzi.com\/news\/dicono-di-noi-la-rassegna-stampa-di-febbraio\/#primaryimage\"},\"thumbnailUrl\":\"https:\/\/www.museofratellicozzi.com\/news\/wp-content\/uploads\/2024\/02\/6.rassegna-stampa-feb24.png\",\"datePublished\":\"2024-02-28T11:51:45+00:00\",\"dateModified\":\"2024-03-25T11:21:53+00:00\",\"description\":\"Hai gi\u00e0 pensato a come organizzare la prossima cena aziendale natalizia? Festeggia in modo originale nel nostro Museo di auto storiche!\",\"breadcrumb\":{\"@id\":\"https:\/\/www.museofratellicozzi.com\/news\/dicono-di-noi-la-rassegna-stampa-di-febbraio\/#breadcrumb\"},\"inLanguage\":\"it-IT\",\"potentialAction\":[{\"@type\":\"ReadAction\",\"target\":[\"https:\/\/www.museofratellicozzi.com\/news\/dicono-di-noi-la-rassegna-stampa-di-febbraio\/\"]}]},{\"@type\":\"ImageObject\",\"inLanguage\":\"it-IT\",\"@id\":\"https:\/\/www.museofratellicozzi.com\/news\/dicono-di-noi-la-rassegna-stampa-di-febbraio\/#primaryimage\",\"url\":\"https:\/\/www.museofratellicozzi.com\/news\/wp-content\/uploads\/2024\/02\/6.rassegna-stampa-feb24.png\",\"contentUrl\":\"https:\/\/www.museofratellicozzi.com\/news\/wp-content\/uploads\/2024\/02\/6.rassegna-stampa-feb24.png\",\"width\":1115,\"height\":836,\"caption\":\"rassegna stampa\"},{\"@type\":\"BreadcrumbList\",\"@id\":\"https:\/\/www.museofratellicozzi.com\/news\/dicono-di-noi-la-rassegna-stampa-di-febbraio\/#breadcrumb\",\"itemListElement\":[{\"@type\":\"ListItem\",\"position\":1,\"name\":\"Home\",\"item\":\"https:\/\/www.museofratellicozzi.com\/news\/\"},{\"@type\":\"ListItem\",\"position\":2,\"name\":\"Dicono di noi: la rassegna stampa di febbraio\"}]},{\"@type\":\"WebSite\",\"@id\":\"https:\/\/www.museofratellicozzi.com\/news\/#website\",\"url\":\"https:\/\/www.museofratellicozzi.com\/news\/\",\"name\":\"eNews Museo Fratelli Cozzi\",\"description\":\"Alfa Romeo: un mito che resiste al tempo\",\"publisher\":{\"@id\":\"https:\/\/www.museofratellicozzi.com\/news\/#organization\"},\"potentialAction\":[{\"@type\":\"SearchAction\",\"target\":{\"@type\":\"EntryPoint\",\"urlTemplate\":\"https:\/\/www.museofratellicozzi.com\/news\/?s={search_term_string}\"},\"query-input\":{\"@type\":\"PropertyValueSpecification\",\"valueRequired\":true,\"valueName\":\"search_term_string\"}}],\"inLanguage\":\"it-IT\"},{\"@type\":\"Organization\",\"@id\":\"https:\/\/www.museofratellicozzi.com\/news\/#organization\",\"name\":\"Museo Fratelli Cozzi\",\"url\":\"https:\/\/www.museofratellicozzi.com\/news\/\",\"logo\":{\"@type\":\"ImageObject\",\"inLanguage\":\"it-IT\",\"@id\":\"https:\/\/www.museofratellicozzi.com\/news\/#\/schema\/logo\/image\/\",\"url\":\"https:\/\/www.museofratellicozzi.com\/news\/wp-content\/uploads\/2017\/04\/home.png\",\"contentUrl\":\"https:\/\/www.museofratellicozzi.com\/news\/wp-content\/uploads\/2017\/04\/home.png\",\"width\":497,\"height\":512,\"caption\":\"Museo Fratelli Cozzi\"},\"image\":{\"@id\":\"https:\/\/www.museofratellicozzi.com\/news\/#\/schema\/logo\/image\/\"}},{\"@type\":\"Person\",\"@id\":\"https:\/\/www.museofratellicozzi.com\/news\/#\/schema\/person\/3c2c242e79e59f9be7b62a0d9673e40d\",\"name\":\"Elisabetta Cozzi\",\"image\":{\"@type\":\"ImageObject\",\"inLanguage\":\"it-IT\",\"@id\":\"https:\/\/www.museofratellicozzi.com\/news\/#\/schema\/person\/image\/\",\"url\":\"https:\/\/secure.gravatar.com\/avatar\/a761e7642145a4506dbd3685a69db0fc?s=96&d=mm&r=g\",\"contentUrl\":\"https:\/\/secure.gravatar.com\/avatar\/a761e7642145a4506dbd3685a69db0fc?s=96&d=mm&r=g\",\"caption\":\"Elisabetta Cozzi\"}}]}<\/script>\n<!-- \/ Yoast SEO plugin. -->","yoast_head_json":{"title":"Dicono di noi: la rassegna stampa di febbraio -","description":"Hai gi\u00e0 pensato a come organizzare la prossima cena aziendale natalizia? Festeggia in modo originale nel nostro Museo di auto storiche!","robots":{"index":"index","follow":"follow","max-snippet":"max-snippet:-1","max-image-preview":"max-image-preview:large","max-video-preview":"max-video-preview:-1"},"canonical":"https:\/\/www.museofratellicozzi.com\/news\/dicono-di-noi-la-rassegna-stampa-di-febbraio\/","og_locale":"it_IT","og_type":"article","og_title":"Dicono di noi: la rassegna stampa di febbraio -","og_description":"Hai gi\u00e0 pensato a come organizzare la prossima cena aziendale natalizia? Festeggia in modo originale nel nostro Museo di auto storiche!","og_url":"https:\/\/www.museofratellicozzi.com\/news\/dicono-di-noi-la-rassegna-stampa-di-febbraio\/","og_site_name":"eNews Museo Fratelli Cozzi","article_published_time":"2024-02-28T11:51:45+00:00","article_modified_time":"2024-03-25T11:21:53+00:00","og_image":[{"width":1115,"height":836,"url":"https:\/\/www.museofratellicozzi.com\/news\/wp-content\/uploads\/2024\/02\/6.rassegna-stampa-feb24.png","type":"image\/png"}],"author":"Elisabetta Cozzi","twitter_card":"summary_large_image","twitter_misc":{"Scritto da":"Elisabetta Cozzi","Tempo di lettura stimato":"6 minuti"},"schema":{"@context":"https:\/\/schema.org","@graph":[{"@type":"Article","@id":"https:\/\/www.museofratellicozzi.com\/news\/dicono-di-noi-la-rassegna-stampa-di-febbraio\/#article","isPartOf":{"@id":"https:\/\/www.museofratellicozzi.com\/news\/dicono-di-noi-la-rassegna-stampa-di-febbraio\/"},"author":{"name":"Elisabetta Cozzi","@id":"https:\/\/www.museofratellicozzi.com\/news\/#\/schema\/person\/3c2c242e79e59f9be7b62a0d9673e40d"},"headline":"Dicono di noi: la rassegna stampa di febbraio","datePublished":"2024-02-28T11:51:45+00:00","dateModified":"2024-03-25T11:21:53+00:00","mainEntityOfPage":{"@id":"https:\/\/www.museofratellicozzi.com\/news\/dicono-di-noi-la-rassegna-stampa-di-febbraio\/"},"wordCount":1430,"commentCount":0,"publisher":{"@id":"https:\/\/www.museofratellicozzi.com\/news\/#organization"},"image":{"@id":"https:\/\/www.museofratellicozzi.com\/news\/dicono-di-noi-la-rassegna-stampa-di-febbraio\/#primaryimage"},"thumbnailUrl":"https:\/\/www.museofratellicozzi.com\/news\/wp-content\/uploads\/2024\/02\/6.rassegna-stampa-feb24.png","keywords":["alfa romeo","automotive","cozzi","Museo Fratelli Cozzi"],"articleSection":["Rassegna stampa"],"inLanguage":"it-IT","potentialAction":[{"@type":"CommentAction","name":"Comment","target":["https:\/\/www.museofratellicozzi.com\/news\/dicono-di-noi-la-rassegna-stampa-di-febbraio\/#respond"]}]},{"@type":"WebPage","@id":"https:\/\/www.museofratellicozzi.com\/news\/dicono-di-noi-la-rassegna-stampa-di-febbraio\/","url":"https:\/\/www.museofratellicozzi.com\/news\/dicono-di-noi-la-rassegna-stampa-di-febbraio\/","name":"Dicono di noi: la rassegna stampa di febbraio -","isPartOf":{"@id":"https:\/\/www.museofratellicozzi.com\/news\/#website"},"primaryImageOfPage":{"@id":"https:\/\/www.museofratellicozzi.com\/news\/dicono-di-noi-la-rassegna-stampa-di-febbraio\/#primaryimage"},"image":{"@id":"https:\/\/www.museofratellicozzi.com\/news\/dicono-di-noi-la-rassegna-stampa-di-febbraio\/#primaryimage"},"thumbnailUrl":"https:\/\/www.museofratellicozzi.com\/news\/wp-content\/uploads\/2024\/02\/6.rassegna-stampa-feb24.png","datePublished":"2024-02-28T11:51:45+00:00","dateModified":"2024-03-25T11:21:53+00:00","description":"Hai gi\u00e0 pensato a come organizzare la prossima cena aziendale natalizia? Festeggia in modo originale nel nostro Museo di auto storiche!","breadcrumb":{"@id":"https:\/\/www.museofratellicozzi.com\/news\/dicono-di-noi-la-rassegna-stampa-di-febbraio\/#breadcrumb"},"inLanguage":"it-IT","potentialAction":[{"@type":"ReadAction","target":["https:\/\/www.museofratellicozzi.com\/news\/dicono-di-noi-la-rassegna-stampa-di-febbraio\/"]}]},{"@type":"ImageObject","inLanguage":"it-IT","@id":"https:\/\/www.museofratellicozzi.com\/news\/dicono-di-noi-la-rassegna-stampa-di-febbraio\/#primaryimage","url":"https:\/\/www.museofratellicozzi.com\/news\/wp-content\/uploads\/2024\/02\/6.rassegna-stampa-feb24.png","contentUrl":"https:\/\/www.museofratellicozzi.com\/news\/wp-content\/uploads\/2024\/02\/6.rassegna-stampa-feb24.png","width":1115,"height":836,"caption":"rassegna stampa"},{"@type":"BreadcrumbList","@id":"https:\/\/www.museofratellicozzi.com\/news\/dicono-di-noi-la-rassegna-stampa-di-febbraio\/#breadcrumb","itemListElement":[{"@type":"ListItem","position":1,"name":"Home","item":"https:\/\/www.museofratellicozzi.com\/news\/"},{"@type":"ListItem","position":2,"name":"Dicono di noi: la rassegna stampa di febbraio"}]},{"@type":"WebSite","@id":"https:\/\/www.museofratellicozzi.com\/news\/#website","url":"https:\/\/www.museofratellicozzi.com\/news\/","name":"eNews Museo Fratelli Cozzi","description":"Alfa Romeo: un mito che resiste al tempo","publisher":{"@id":"https:\/\/www.museofratellicozzi.com\/news\/#organization"},"potentialAction":[{"@type":"SearchAction","target":{"@type":"EntryPoint","urlTemplate":"https:\/\/www.museofratellicozzi.com\/news\/?s={search_term_string}"},"query-input":{"@type":"PropertyValueSpecification","valueRequired":true,"valueName":"search_term_string"}}],"inLanguage":"it-IT"},{"@type":"Organization","@id":"https:\/\/www.museofratellicozzi.com\/news\/#organization","name":"Museo Fratelli Cozzi","url":"https:\/\/www.museofratellicozzi.com\/news\/","logo":{"@type":"ImageObject","inLanguage":"it-IT","@id":"https:\/\/www.museofratellicozzi.com\/news\/#\/schema\/logo\/image\/","url":"https:\/\/www.museofratellicozzi.com\/news\/wp-content\/uploads\/2017\/04\/home.png","contentUrl":"https:\/\/www.museofratellicozzi.com\/news\/wp-content\/uploads\/2017\/04\/home.png","width":497,"height":512,"caption":"Museo Fratelli Cozzi"},"image":{"@id":"https:\/\/www.museofratellicozzi.com\/news\/#\/schema\/logo\/image\/"}},{"@type":"Person","@id":"https:\/\/www.museofratellicozzi.com\/news\/#\/schema\/person\/3c2c242e79e59f9be7b62a0d9673e40d","name":"Elisabetta Cozzi","image":{"@type":"ImageObject","inLanguage":"it-IT","@id":"https:\/\/www.museofratellicozzi.com\/news\/#\/schema\/person\/image\/","url":"https:\/\/secure.gravatar.com\/avatar\/a761e7642145a4506dbd3685a69db0fc?s=96&d=mm&r=g","contentUrl":"https:\/\/secure.gravatar.com\/avatar\/a761e7642145a4506dbd3685a69db0fc?s=96&d=mm&r=g","caption":"Elisabetta Cozzi"}}]}},"jetpack_featured_media_url":"https:\/\/www.museofratellicozzi.com\/news\/wp-content\/uploads\/2024\/02\/6.rassegna-stampa-feb24.png","jetpack_shortlink":"https:\/\/wp.me\/p90Eth-4oa","jetpack_sharing_enabled":true,"post_mailing_queue_ids":[],"_links":{"self":[{"href":"https:\/\/www.museofratellicozzi.com\/news\/wp-json\/wp\/v2\/posts\/16874","targetHints":{"allow":["GET"]}}],"collection":[{"href":"https:\/\/www.museofratellicozzi.com\/news\/wp-json\/wp\/v2\/posts"}],"about":[{"href":"https:\/\/www.museofratellicozzi.com\/news\/wp-json\/wp\/v2\/types\/post"}],"author":[{"embeddable":true,"href":"https:\/\/www.museofratellicozzi.com\/news\/wp-json\/wp\/v2\/users\/7"}],"replies":[{"embeddable":true,"href":"https:\/\/www.museofratellicozzi.com\/news\/wp-json\/wp\/v2\/comments?post=16874"}],"version-history":[{"count":9,"href":"https:\/\/www.museofratellicozzi.com\/news\/wp-json\/wp\/v2\/posts\/16874\/revisions"}],"predecessor-version":[{"id":17212,"href":"https:\/\/www.museofratellicozzi.com\/news\/wp-json\/wp\/v2\/posts\/16874\/revisions\/17212"}],"wp:featuredmedia":[{"embeddable":true,"href":"https:\/\/www.museofratellicozzi.com\/news\/wp-json\/wp\/v2\/media\/16877"}],"wp:attachment":[{"href":"https:\/\/www.museofratellicozzi.com\/news\/wp-json\/wp\/v2\/media?parent=16874"}],"wp:term":[{"taxonomy":"category","embeddable":true,"href":"https:\/\/www.museofratellicozzi.com\/news\/wp-json\/wp\/v2\/categories?post=16874"},{"taxonomy":"post_tag","embeddable":true,"href":"https:\/\/www.museofratellicozzi.com\/news\/wp-json\/wp\/v2\/tags?post=16874"}],"curies":[{"name":"wp","href":"https:\/\/api.w.org\/{rel}","templated":true}]}}