{"id":17404,"date":"2024-04-24T10:08:14","date_gmt":"2024-04-24T08:08:14","guid":{"rendered":"https:\/\/www.museofratellicozzi.com\/news\/?p=17404"},"modified":"2024-06-09T12:21:17","modified_gmt":"2024-06-09T10:21:17","slug":"le-tappe-di-aprile-della-mostra-fotografica","status":"publish","type":"post","link":"https:\/\/www.museofratellicozzi.com\/news\/le-tappe-di-aprile-della-mostra-fotografica\/","title":{"rendered":"Le tappe di aprile della mostra fotografica"},"content":{"rendered":"<p>[et_pb_section fb_built=&#8221;1&#8243; admin_label=&#8221;Sezione&#8221; _builder_version=&#8221;3.22&#8243; custom_padding=&#8221;0px|||&#8221; transparent_background=&#8221;off&#8221; make_fullwidth=&#8221;off&#8221; use_custom_width=&#8221;off&#8221; width_unit=&#8221;on&#8221; custom_width_px=&#8221;1080&#8243; custom_width_percent=&#8221;80&#8243;][et_pb_row use_custom_gutter=&#8221;on&#8221; gutter_width=&#8221;1&#8243; disabled_on=&#8221;off|off|off&#8221; admin_label=&#8221;Riga&#8221; module_class=&#8221; et_pb_row_fullwidth&#8221; _builder_version=&#8221;3.25&#8243; background_size=&#8221;initial&#8221; background_position=&#8221;top_left&#8221; background_repeat=&#8221;repeat&#8221; width=&#8221;100%&#8221; width_tablet=&#8221;100%&#8221; width_phone=&#8221;&#8221; width_last_edited=&#8221;on|desktop&#8221; max_width=&#8221;100%&#8221; max_width_tablet=&#8221;100%&#8221; max_width_phone=&#8221;&#8221; max_width_last_edited=&#8221;on|desktop&#8221; custom_padding=&#8221;0px|||&#8221; make_fullwidth=&#8221;on&#8221; use_custom_width=&#8221;off&#8221; width_unit=&#8221;on&#8221; custom_width_px=&#8221;1080&#8243; custom_width_percent=&#8221;80&#8243;][et_pb_column type=&#8221;4_4&#8243; _builder_version=&#8221;3.25&#8243; custom_padding=&#8221;|||&#8221; custom_padding__hover=&#8221;|||&#8221;][et_pb_image src=&#8221;https:\/\/www.museofratellicozzi.com\/news\/wp-content\/uploads\/2024\/04\/FOTO-MAIN.jpg&#8221; alt=&#8221;w leadership&#8221; title_text=&#8221;FOTO MAIN&#8221; force_fullwidth=&#8221;on&#8221; align_tablet=&#8221;center&#8221; align_phone=&#8221;&#8221; align_last_edited=&#8221;on|desktop&#8221; admin_label=&#8221;Immagine principale&#8221; _builder_version=&#8221;4.8.2&#8243; animation=&#8221;off&#8221; sticky=&#8221;off&#8221; use_border_color=&#8221;off&#8221; border_color=&#8221;#ffffff&#8221; border_width=&#8221;1&#8243; border_style=&#8221;solid&#8221; always_center_on_mobile=&#8221;on&#8221;][\/et_pb_image][\/et_pb_column][\/et_pb_row][et_pb_row admin_label=&#8221;Riga&#8221; _builder_version=&#8221;4.8.2&#8243; background_size=&#8221;initial&#8221; background_position=&#8221;top_left&#8221; background_repeat=&#8221;repeat&#8221; custom_padding=&#8221;20px||0px|&#8221; make_fullwidth=&#8221;off&#8221; use_custom_width=&#8221;off&#8221; width_unit=&#8221;on&#8221; custom_width_px=&#8221;1080&#8243; custom_width_percent=&#8221;80&#8243;][et_pb_column type=&#8221;4_4&#8243; _builder_version=&#8221;3.25&#8243; custom_padding=&#8221;|||&#8221; custom_padding__hover=&#8221;|||&#8221;][et_pb_text admin_label=&#8221;Titolo&#8221; _builder_version=&#8221;4.8.2&#8243; text_font=&#8221;PT Sans||||&#8221; text_text_color=&#8221;#000000&#8243; text_font_size=&#8221;72&#8243; text_letter_spacing=&#8221;0&#8243; text_line_height=&#8221;1.1&#8243; header_font=&#8221;PT Sans||||&#8221; header_text_color=&#8221;#000000&#8243; header_font_size=&#8221;48&#8243; header_letter_spacing=&#8221;0&#8243; header_line_height=&#8221;1.1em&#8221; background_size=&#8221;initial&#8221; background_position=&#8221;top_left&#8221; background_repeat=&#8221;repeat&#8221; custom_margin=&#8221;0px||0px|&#8221; text_font_size_tablet=&#8221;60&#8243; text_font_size_phone=&#8221;&#8221; text_font_size_last_edited=&#8221;on|phone&#8221; text_letter_spacing_tablet=&#8221;&#8221; text_letter_spacing_phone=&#8221;&#8221; text_letter_spacing_last_edited=&#8221;on|desktop&#8221; text_line_height_tablet=&#8221;&#8221; text_line_height_phone=&#8221;&#8221; text_line_height_last_edited=&#8221;on|&#8221; header_font_size_tablet=&#8221;46&#8243; header_font_size_phone=&#8221;38px&#8221; header_font_size_last_edited=&#8221;on|phone&#8221; use_border_color=&#8221;off&#8221; border_color=&#8221;#ffffff&#8221; border_width=&#8221;1&#8243; border_style=&#8221;solid&#8221;]<\/p>\n<h1>Le tappe di aprile della mostra fotografica<\/h1>\n<p>[\/et_pb_text][et_pb_text admin_label=&#8221;Data&#8221; _builder_version=&#8221;4.8.2&#8243; text_font=&#8221;PT Sans|on|||&#8221; text_text_color=&#8221;#363636&#8243; text_font_size=&#8221;18&#8243; text_letter_spacing=&#8221;0&#8243; text_line_height=&#8221;1.7&#8243; header_font_size=&#8221;30&#8243; header_letter_spacing=&#8221;0&#8243; header_line_height=&#8221;1&#8243; background_size=&#8221;initial&#8221; background_position=&#8221;top_left&#8221; background_repeat=&#8221;repeat&#8221; custom_margin=&#8221;10px||0px|&#8221; custom_padding=&#8221;||0px|||&#8221; use_border_color=&#8221;off&#8221; border_color=&#8221;#ffffff&#8221; border_width=&#8221;1&#8243; border_style=&#8221;solid&#8221;]<\/p>\n<p>26 aprile 2024<\/p>\n<p>[\/et_pb_text][\/et_pb_column][\/et_pb_row][\/et_pb_section][et_pb_section fb_built=&#8221;1&#8243; admin_label=&#8221;Section&#8221; _builder_version=&#8221;3.22&#8243; background_color=&#8221;#f7f7f4&#8243; transparent_background=&#8221;off&#8221; make_fullwidth=&#8221;off&#8221; use_custom_width=&#8221;off&#8221; width_unit=&#8221;on&#8221; custom_width_px=&#8221;1080&#8243; custom_width_percent=&#8221;80&#8243;][et_pb_row column_structure=&#8221;1_3,2_3&#8243; padding_mobile=&#8221;on&#8221; column_padding_mobile=&#8221;on&#8221; admin_label=&#8221;row&#8221; _builder_version=&#8221;4.8.2&#8243; background_size=&#8221;initial&#8221; background_position=&#8221;top_left&#8221; background_repeat=&#8221;repeat&#8221; custom_margin=&#8221;10px||||false|false&#8221; custom_padding=&#8221;0px|||&#8221; make_fullwidth=&#8221;off&#8221; use_custom_width=&#8221;off&#8221; width_unit=&#8221;on&#8221; custom_width_px=&#8221;1080&#8243; custom_width_percent=&#8221;80&#8243;][et_pb_column type=&#8221;1_3&#8243; _builder_version=&#8221;3.25&#8243; custom_padding=&#8221;|||&#8221; custom_padding__hover=&#8221;|||&#8221;][et_pb_text admin_label=&#8221;Occhiello&#8221; _builder_version=&#8221;4.8.2&#8243; text_font=&#8221;PT Sans|on|||&#8221; text_text_color=&#8221;#363636&#8243; text_font_size=&#8221;24&#8243; text_letter_spacing=&#8221;0&#8243; text_line_height=&#8221;1.4&#8243; header_font_size=&#8221;30&#8243; header_letter_spacing=&#8221;0&#8243; header_line_height=&#8221;1&#8243; header_3_font_size=&#8221;19px&#8221; header_3_line_height=&#8221;1.2em&#8221; background_size=&#8221;initial&#8221; background_position=&#8221;top_left&#8221; background_repeat=&#8221;repeat&#8221; max_width=&#8221;620px&#8221; custom_margin=&#8221;0px|20px|0px||false|false&#8221; custom_padding=&#8221;||0px|||&#8221; text_font_size_tablet=&#8221;&#8221; text_font_size_phone=&#8221;&#8221; text_font_size_last_edited=&#8221;on|desktop&#8221; use_border_color=&#8221;off&#8221; border_color=&#8221;#ffffff&#8221; border_width=&#8221;1&#8243; border_style=&#8221;solid&#8221;]<\/p>\n<h3><span>La nostra mostra \u201cDonne e motori? Gioie e basta\u201d \u00e8 sempre pi\u00f9 itinerante. Scopri tutte le tappe del mese appena trascorso.<\/span><\/h3>\n<p>[\/et_pb_text][\/et_pb_column][et_pb_column type=&#8221;2_3&#8243; _builder_version=&#8221;3.25&#8243; custom_padding=&#8221;|||&#8221; custom_padding__hover=&#8221;|||&#8221;][et_pb_text admin_label=&#8221;Blocco testo 1&#8243; _builder_version=&#8221;4.8.2&#8243; text_font=&#8221;PT Sans||||&#8221; text_text_color=&#8221;#363636&#8243; text_font_size=&#8221;20&#8243; text_letter_spacing=&#8221;0&#8243; text_line_height=&#8221;1.2em&#8221; header_font_size=&#8221;30&#8243; header_letter_spacing=&#8221;0&#8243; header_line_height=&#8221;1&#8243; background_size=&#8221;initial&#8221; background_position=&#8221;top_left&#8221; background_repeat=&#8221;repeat&#8221; max_width=&#8221;620px&#8221; custom_margin=&#8221;0px||0px||false|false&#8221; text_font_size_tablet=&#8221;&#8221; text_font_size_phone=&#8221;&#8221; text_font_size_last_edited=&#8221;on|tablet&#8221; use_border_color=&#8221;off&#8221; border_color=&#8221;#ffffff&#8221; border_width=&#8221;1&#8243; border_style=&#8221;solid&#8221;]<\/p>\n<p><strong><\/strong>La nostra <strong>mostra fotografica &#8220;Donne e motori? Gioie e basta&#8221;<\/strong> non smette di viaggiare e di ispirare. Anche nel mese di aprile ha infatti portato bellezza e cultura in luoghi meravigliosi e, soprattutto, che condividono i nostri valori. Vuoi scoprire quali?<\/p>\n<p>Partiamo dalle scuole: abbiamo avuto il privilegio di portare la mostra in <strong>due scuole di Legnano, l&#8217;Istituto Tirinnanzi e l&#8217;Istituto Dell&#8217;Acqua.<\/strong> In questo caso pi\u00f9 che mai, le fotografie sono state<strong> lo spunto formativo per intraprendere un dialogo significativo con le studentesse e gli studenti<\/strong>. Abbiamo raccontato a ragazze e ragazzi il vero significato dietro queste foto, del motivo per cui \u00e8 cos\u00ec importante cambiare la narrazione attorno al rapporto tra donne e motori. Quest&#8217;anno la tematica ci sta particolarmente a cuore perch\u00e9 il contest promosso dalla nostra Associazione Friends of Museo Fratelli Cozzi, dedicato alle scuole superiori, ha proprio come titolo &#8220;<em>Il gender gap per la generazione Z<\/em>&#8220;.<\/p>\n<p>[\/et_pb_text][\/et_pb_column][\/et_pb_row][et_pb_row column_structure=&#8221;1_2,1_2&#8243; _builder_version=&#8221;4.8.2&#8243; _module_preset=&#8221;default&#8221;][et_pb_column type=&#8221;1_2&#8243; _builder_version=&#8221;4.8.2&#8243; _module_preset=&#8221;default&#8221;][et_pb_image src=&#8221;https:\/\/www.museofratellicozzi.com\/news\/wp-content\/uploads\/2024\/04\/Mostra-Donne-e-Motori-allIstituto-Carlo-dellAcqua-1.jpg&#8221; _builder_version=&#8221;4.8.2&#8243; _module_preset=&#8221;default&#8221;][\/et_pb_image][et_pb_image src=&#8221;https:\/\/www.museofratellicozzi.com\/news\/wp-content\/uploads\/2024\/04\/Mostra-Donne-e-Motori-allIstituto-Carlo-dellAcqua-2.jpg&#8221; _builder_version=&#8221;4.8.2&#8243; _module_preset=&#8221;default&#8221;][\/et_pb_image][\/et_pb_column][et_pb_column type=&#8221;1_2&#8243; _builder_version=&#8221;4.8.2&#8243; _module_preset=&#8221;default&#8221;][et_pb_image src=&#8221;https:\/\/www.museofratellicozzi.com\/news\/wp-content\/uploads\/2024\/04\/Mostra-Donne-e-Motori-allIstituto-Tirinnanzi_present-di-Elisabetta-2.jpg&#8221; _builder_version=&#8221;4.8.2&#8243; _module_preset=&#8221;default&#8221;][\/et_pb_image][et_pb_image src=&#8221;https:\/\/www.museofratellicozzi.com\/news\/wp-content\/uploads\/2024\/04\/Mostra-Donne-e-Motori-Istituto-Tirinnanzi_presentazione-di-Elisabetta.jpg&#8221; _builder_version=&#8221;4.8.2&#8243; _module_preset=&#8221;default&#8221;][\/et_pb_image][\/et_pb_column][\/et_pb_row][et_pb_row padding_mobile=&#8221;on&#8221; column_padding_mobile=&#8221;on&#8221; admin_label=&#8221;row&#8221; _builder_version=&#8221;4.8.2&#8243; background_size=&#8221;initial&#8221; background_position=&#8221;top_left&#8221; background_repeat=&#8221;repeat&#8221; custom_margin=&#8221;10px||||false|false&#8221; custom_padding=&#8221;0px|||&#8221; make_fullwidth=&#8221;off&#8221; use_custom_width=&#8221;off&#8221; width_unit=&#8221;on&#8221; custom_width_px=&#8221;1080&#8243; custom_width_percent=&#8221;80&#8243;][et_pb_column type=&#8221;4_4&#8243; _builder_version=&#8221;3.25&#8243; custom_padding=&#8221;|||&#8221; custom_padding__hover=&#8221;|||&#8221;][et_pb_text _builder_version=&#8221;4.8.2&#8243; _module_preset=&#8221;default&#8221;]<\/p>\n<p>Le foto della mostra all&#8217;Istituto Tirinnanzi e l&#8217;Istituto Dell&#8217;Acqua di Legnano.<\/p>\n<p>[\/et_pb_text][\/et_pb_column][\/et_pb_row][et_pb_row column_structure=&#8221;1_3,2_3&#8243; padding_mobile=&#8221;on&#8221; column_padding_mobile=&#8221;on&#8221; admin_label=&#8221;row&#8221; _builder_version=&#8221;4.8.2&#8243; background_size=&#8221;initial&#8221; background_position=&#8221;top_left&#8221; background_repeat=&#8221;repeat&#8221; custom_margin=&#8221;10px||||false|false&#8221; custom_padding=&#8221;0px|||&#8221; make_fullwidth=&#8221;off&#8221; use_custom_width=&#8221;off&#8221; width_unit=&#8221;on&#8221; custom_width_px=&#8221;1080&#8243; custom_width_percent=&#8221;80&#8243;][et_pb_column type=&#8221;1_3&#8243; _builder_version=&#8221;3.25&#8243; custom_padding=&#8221;|||&#8221; custom_padding__hover=&#8221;|||&#8221;][\/et_pb_column][et_pb_column type=&#8221;2_3&#8243; _builder_version=&#8221;3.25&#8243; custom_padding=&#8221;|||&#8221; custom_padding__hover=&#8221;|||&#8221;][et_pb_text admin_label=&#8221;Blocco testo 1&#8243; _builder_version=&#8221;4.8.2&#8243; text_font=&#8221;PT Sans||||&#8221; text_text_color=&#8221;#363636&#8243; text_font_size=&#8221;20&#8243; text_letter_spacing=&#8221;0&#8243; text_line_height=&#8221;1.2em&#8221; header_font_size=&#8221;30&#8243; header_letter_spacing=&#8221;0&#8243; header_line_height=&#8221;1&#8243; background_size=&#8221;initial&#8221; background_position=&#8221;top_left&#8221; background_repeat=&#8221;repeat&#8221; max_width=&#8221;620px&#8221; custom_margin=&#8221;0px||0px||false|false&#8221; text_font_size_tablet=&#8221;&#8221; text_font_size_phone=&#8221;&#8221; text_font_size_last_edited=&#8221;on|tablet&#8221; use_border_color=&#8221;off&#8221; border_color=&#8221;#ffffff&#8221; border_width=&#8221;1&#8243; border_style=&#8221;solid&#8221;]<\/p>\n<p><strong><\/strong>La mostra \u00e8 anche ospitata negli spazi della <strong>LIUC &#8211; Universit\u00e0\u00a0 Cattaneo di Castellanza,<\/strong> fino al 10 maggio.<\/p>\n<p>Ma non \u00e8 finita qui! Il progetto fotografico \u00e8 stato ospitato anche dal<strong> Museo Fisogni di Tradate<\/strong> dal 19 al 21 aprile, partecipando alla<strong><a href=\"https:\/\/www.italianmotorweek.it\/\"><span style=\"text-decoration: underline;\">\u00a0Italian Motor Week<\/span><\/a>.<\/strong> E per chi non fosse riuscito a visitarla: la mostra rimarr\u00e0 qui esposta fino al 2 maggio, quindi c&#8217;\u00e8 ancora tempo per andarla a vedere. E cos\u00ec anche poter visitare il meraviglioso Museo Fisogni delle pompe di benzina.<\/p>\n<p>[\/et_pb_text][\/et_pb_column][\/et_pb_row][et_pb_row column_structure=&#8221;1_2,1_2&#8243; padding_mobile=&#8221;on&#8221; column_padding_mobile=&#8221;on&#8221; admin_label=&#8221;row&#8221; _builder_version=&#8221;4.8.2&#8243; background_size=&#8221;initial&#8221; background_position=&#8221;top_left&#8221; background_repeat=&#8221;repeat&#8221; custom_margin=&#8221;10px||||false|false&#8221; custom_padding=&#8221;0px|||&#8221; make_fullwidth=&#8221;off&#8221; use_custom_width=&#8221;off&#8221; width_unit=&#8221;on&#8221; custom_width_px=&#8221;1080&#8243; custom_width_percent=&#8221;80&#8243;][et_pb_column type=&#8221;1_2&#8243; _builder_version=&#8221;3.25&#8243; custom_padding=&#8221;|||&#8221; custom_padding__hover=&#8221;|||&#8221;][et_pb_image src=&#8221;https:\/\/www.museofratellicozzi.com\/news\/wp-content\/uploads\/2024\/04\/PHOTO-2024-04-24-10-31-57-3.jpg&#8221; _builder_version=&#8221;4.8.2&#8243; _module_preset=&#8221;default&#8221;][\/et_pb_image][\/et_pb_column][et_pb_column type=&#8221;1_2&#8243; _builder_version=&#8221;3.25&#8243; custom_padding=&#8221;|||&#8221; custom_padding__hover=&#8221;|||&#8221;][et_pb_image src=&#8221;https:\/\/www.museofratellicozzi.com\/news\/wp-content\/uploads\/2024\/04\/PHOTO-2024-04-24-10-31-56-1.jpg&#8221; _builder_version=&#8221;4.8.2&#8243; _module_preset=&#8221;default&#8221;][\/et_pb_image][\/et_pb_column][\/et_pb_row][et_pb_row padding_mobile=&#8221;on&#8221; column_padding_mobile=&#8221;on&#8221; admin_label=&#8221;row&#8221; _builder_version=&#8221;4.8.2&#8243; background_size=&#8221;initial&#8221; background_position=&#8221;top_left&#8221; background_repeat=&#8221;repeat&#8221; custom_margin=&#8221;10px||||false|false&#8221; custom_padding=&#8221;0px|||&#8221; make_fullwidth=&#8221;off&#8221; use_custom_width=&#8221;off&#8221; width_unit=&#8221;on&#8221; custom_width_px=&#8221;1080&#8243; custom_width_percent=&#8221;80&#8243;][et_pb_column type=&#8221;4_4&#8243; _builder_version=&#8221;3.25&#8243; custom_padding=&#8221;|||&#8221; custom_padding__hover=&#8221;|||&#8221;][et_pb_text _builder_version=&#8221;4.8.2&#8243; _module_preset=&#8221;default&#8221;]<\/p>\n<p>Le foto della mostra all&#8217;Universit\u00e0 Liuc di Castellanza.<\/p>\n<p>[\/et_pb_text][\/et_pb_column][\/et_pb_row][et_pb_row column_structure=&#8221;1_3,2_3&#8243; padding_mobile=&#8221;on&#8221; column_padding_mobile=&#8221;on&#8221; admin_label=&#8221;row&#8221; _builder_version=&#8221;4.8.2&#8243; background_size=&#8221;initial&#8221; background_position=&#8221;top_left&#8221; background_repeat=&#8221;repeat&#8221; custom_margin=&#8221;10px||||false|false&#8221; custom_padding=&#8221;0px|||&#8221; make_fullwidth=&#8221;off&#8221; use_custom_width=&#8221;off&#8221; width_unit=&#8221;on&#8221; custom_width_px=&#8221;1080&#8243; custom_width_percent=&#8221;80&#8243;][et_pb_column type=&#8221;1_3&#8243; _builder_version=&#8221;3.25&#8243; custom_padding=&#8221;|||&#8221; custom_padding__hover=&#8221;|||&#8221;][\/et_pb_column][et_pb_column type=&#8221;2_3&#8243; _builder_version=&#8221;3.25&#8243; custom_padding=&#8221;|||&#8221; custom_padding__hover=&#8221;|||&#8221;][et_pb_text admin_label=&#8221;Blocco testo 1&#8243; _builder_version=&#8221;4.8.2&#8243; text_font=&#8221;PT Sans||||&#8221; text_text_color=&#8221;#363636&#8243; text_font_size=&#8221;20&#8243; text_letter_spacing=&#8221;0&#8243; text_line_height=&#8221;1.2em&#8221; header_font_size=&#8221;30&#8243; header_letter_spacing=&#8221;0&#8243; header_line_height=&#8221;1&#8243; background_size=&#8221;initial&#8221; background_position=&#8221;top_left&#8221; background_repeat=&#8221;repeat&#8221; max_width=&#8221;620px&#8221; custom_margin=&#8221;0px||0px||false|false&#8221; text_font_size_tablet=&#8221;&#8221; text_font_size_phone=&#8221;&#8221; text_font_size_last_edited=&#8221;on|tablet&#8221; use_border_color=&#8221;off&#8221; border_color=&#8221;#ffffff&#8221; border_width=&#8221;1&#8243; border_style=&#8221;solid&#8221;]<\/p>\n<p><strong><\/strong>Infine, c\u2019\u00e8 una buona notizia per chi ancora non avesse avuto l&#8217;opportunit\u00e0 di visitare la mostra: ci sono altri appuntamenti in programma nel mese di maggio. In occasione della Civil Week, &#8220;Donne e motori? Gioie e Basta&#8221; <strong>sar\u00e0 esposta sia all&#8217;Ufficio Anagrafe del Comune di Legnano che a Palazzo Malinverni sempre a Legnano.<\/strong> <span style=\"text-decoration: underline;\"><a href=\"https:\/\/www.museofratellicozzi.com\/news\/civil-week-e-musei-aperti\/\">In questo articolo<\/a><\/span>\u00a0puoi vedere gli orari e altre informazioni dettagliate.<\/p>\n<p>&nbsp;<\/p>\n<p>Come sempre un ringraziamento speciale va a chi ha creduto fin dall\u2019inizio in questa iniziativa: Fineco, NiEW, W\u00fcrth e Wyler Vetta come sponsor, Quattroruote e Ruoteclassiche come media partner, Universit\u00e0 LIUC per la collaborazione e ACI Storico, ASI e FIVA per il prestigioso patrocinio all\u2019iniziativa.<\/p>\n<p>Il progetto supporta le attivit\u00e0 del CIF \u2013 Centro Italiano Femminile di Legnano.<\/p>\n<p>[\/et_pb_text][\/et_pb_column][\/et_pb_row][et_pb_row column_structure=&#8221;1_3,1_3,1_3&#8243; padding_mobile=&#8221;on&#8221; column_padding_mobile=&#8221;on&#8221; admin_label=&#8221;row&#8221; _builder_version=&#8221;4.8.2&#8243; background_size=&#8221;initial&#8221; background_position=&#8221;top_left&#8221; background_repeat=&#8221;repeat&#8221; custom_margin=&#8221;10px||||false|false&#8221; custom_padding=&#8221;0px|||&#8221; make_fullwidth=&#8221;off&#8221; use_custom_width=&#8221;off&#8221; width_unit=&#8221;on&#8221; custom_width_px=&#8221;1080&#8243; custom_width_percent=&#8221;80&#8243;][et_pb_column type=&#8221;1_3&#8243; _builder_version=&#8221;3.25&#8243; custom_padding=&#8221;|||&#8221; custom_padding__hover=&#8221;|||&#8221;][et_pb_image src=&#8221;https:\/\/www.museofratellicozzi.com\/news\/wp-content\/uploads\/2024\/04\/La-mostra-al-Museo-Fisogni-Italian-Motor-Week-2024-.jpeg&#8221; _builder_version=&#8221;4.8.2&#8243; _module_preset=&#8221;default&#8221;][\/et_pb_image][\/et_pb_column][et_pb_column type=&#8221;1_3&#8243; _builder_version=&#8221;3.25&#8243; custom_padding=&#8221;|||&#8221; custom_padding__hover=&#8221;|||&#8221;][et_pb_image src=&#8221;https:\/\/www.museofratellicozzi.com\/news\/wp-content\/uploads\/2024\/04\/La-mostra-fotografica-al-Museo-Fisogni-in-occasione-della-Italian-Motor-Week-2024_2.jpeg&#8221; _builder_version=&#8221;4.8.2&#8243; _module_preset=&#8221;default&#8221;][\/et_pb_image][\/et_pb_column][et_pb_column type=&#8221;1_3&#8243; _builder_version=&#8221;3.25&#8243; custom_padding=&#8221;|||&#8221; custom_padding__hover=&#8221;|||&#8221;][et_pb_image src=&#8221;https:\/\/www.museofratellicozzi.com\/news\/wp-content\/uploads\/2024\/04\/La-mostra-fotografica-al-Museo-Fisogni-in-occasione-della-Italian-Motor-Week-2024_5.jpeg&#8221; _builder_version=&#8221;4.8.2&#8243; _module_preset=&#8221;default&#8221;][\/et_pb_image][\/et_pb_column][\/et_pb_row][et_pb_row column_structure=&#8221;1_3,1_3,1_3&#8243; padding_mobile=&#8221;on&#8221; column_padding_mobile=&#8221;on&#8221; admin_label=&#8221;row&#8221; _builder_version=&#8221;4.8.2&#8243; background_size=&#8221;initial&#8221; background_position=&#8221;top_left&#8221; background_repeat=&#8221;repeat&#8221; custom_margin=&#8221;10px||||false|false&#8221; custom_padding=&#8221;0px|||&#8221; make_fullwidth=&#8221;off&#8221; use_custom_width=&#8221;off&#8221; width_unit=&#8221;on&#8221; custom_width_px=&#8221;1080&#8243; custom_width_percent=&#8221;80&#8243;][et_pb_column type=&#8221;1_3&#8243; _builder_version=&#8221;3.25&#8243; custom_padding=&#8221;|||&#8221; custom_padding__hover=&#8221;|||&#8221;][et_pb_image src=&#8221;https:\/\/www.museofratellicozzi.com\/news\/wp-content\/uploads\/2024\/04\/La-mostra-fotografica-al-Museo-Fisogni-in-occasione-della-Italian-Motor-Week-2024_3.jpeg&#8221; _builder_version=&#8221;4.8.2&#8243; _module_preset=&#8221;default&#8221;][\/et_pb_image][\/et_pb_column][et_pb_column type=&#8221;1_3&#8243; _builder_version=&#8221;3.25&#8243; custom_padding=&#8221;|||&#8221; custom_padding__hover=&#8221;|||&#8221;][et_pb_image src=&#8221;https:\/\/www.museofratellicozzi.com\/news\/wp-content\/uploads\/2024\/04\/La-mostra-fotografica-al-Museo-Fisogni-in-occasione-della-Italian-Motor-Week-2024_4.jpeg&#8221; _builder_version=&#8221;4.8.2&#8243; _module_preset=&#8221;default&#8221;][\/et_pb_image][\/et_pb_column][et_pb_column type=&#8221;1_3&#8243; _builder_version=&#8221;3.25&#8243; custom_padding=&#8221;|||&#8221; custom_padding__hover=&#8221;|||&#8221;][et_pb_image src=&#8221;https:\/\/www.museofratellicozzi.com\/news\/wp-content\/uploads\/2024\/04\/La-mostra-fotografica-al-Museo-Fisogni-in-occasione-della-Italian-Motor-Week-2024_6.jpeg&#8221; _builder_version=&#8221;4.8.2&#8243; _module_preset=&#8221;default&#8221;][\/et_pb_image][\/et_pb_column][\/et_pb_row][et_pb_row padding_mobile=&#8221;on&#8221; column_padding_mobile=&#8221;on&#8221; admin_label=&#8221;row&#8221; _builder_version=&#8221;4.8.2&#8243; background_size=&#8221;initial&#8221; background_position=&#8221;top_left&#8221; background_repeat=&#8221;repeat&#8221; custom_margin=&#8221;10px||||false|false&#8221; custom_padding=&#8221;0px|||&#8221; make_fullwidth=&#8221;off&#8221; use_custom_width=&#8221;off&#8221; width_unit=&#8221;on&#8221; custom_width_px=&#8221;1080&#8243; custom_width_percent=&#8221;80&#8243;][et_pb_column type=&#8221;4_4&#8243; _builder_version=&#8221;3.25&#8243; custom_padding=&#8221;|||&#8221; custom_padding__hover=&#8221;|||&#8221;][et_pb_text _builder_version=&#8221;4.8.2&#8243; _module_preset=&#8221;default&#8221;]<\/p>\n<p>Le foto della mostra al Museo Fisogni di Tradate nel corso dell&#8217;Italian Motor Week.<\/p>\n<p>[\/et_pb_text][\/et_pb_column][\/et_pb_row][\/et_pb_section]<\/p>\n","protected":false},"excerpt":{"rendered":"<p>[et_pb_section fb_built=&#8221;1&#8243; admin_label=&#8221;Sezione&#8221; _builder_version=&#8221;3.22&#8243; custom_padding=&#8221;0px|||&#8221; transparent_background=&#8221;off&#8221; make_fullwidth=&#8221;off&#8221; use_custom_width=&#8221;off&#8221; width_unit=&#8221;on&#8221; custom_width_px=&#8221;1080&#8243; custom_width_percent=&#8221;80&#8243;][et_pb_row use_custom_gutter=&#8221;on&#8221; gutter_width=&#8221;1&#8243; disabled_on=&#8221;off|off|off&#8221; admin_label=&#8221;Riga&#8221; module_class=&#8221; et_pb_row_fullwidth&#8221; _builder_version=&#8221;3.25&#8243; background_size=&#8221;initial&#8221; background_position=&#8221;top_left&#8221; background_repeat=&#8221;repeat&#8221; width=&#8221;100%&#8221; width_tablet=&#8221;100%&#8221; width_phone=&#8221;&#8221; width_last_edited=&#8221;on|desktop&#8221; max_width=&#8221;100%&#8221; max_width_tablet=&#8221;100%&#8221; max_width_phone=&#8221;&#8221; max_width_last_edited=&#8221;on|desktop&#8221; custom_padding=&#8221;0px|||&#8221; make_fullwidth=&#8221;on&#8221; use_custom_width=&#8221;off&#8221; width_unit=&#8221;on&#8221; custom_width_px=&#8221;1080&#8243; custom_width_percent=&#8221;80&#8243;][et_pb_column type=&#8221;4_4&#8243; _builder_version=&#8221;3.25&#8243; custom_padding=&#8221;|||&#8221; custom_padding__hover=&#8221;|||&#8221;][et_pb_image src=&#8221;https:\/\/www.museofratellicozzi.com\/news\/wp-content\/uploads\/2024\/04\/FOTO-MAIN.jpg&#8221; alt=&#8221;w leadership&#8221; title_text=&#8221;FOTO MAIN&#8221; force_fullwidth=&#8221;on&#8221; align_tablet=&#8221;center&#8221; align_phone=&#8221;&#8221; align_last_edited=&#8221;on|desktop&#8221; admin_label=&#8221;Immagine principale&#8221; _builder_version=&#8221;4.8.2&#8243; animation=&#8221;off&#8221; sticky=&#8221;off&#8221; use_border_color=&#8221;off&#8221; border_color=&#8221;#ffffff&#8221; [&hellip;]<\/p>\n","protected":false},"author":7,"featured_media":17439,"comment_status":"open","ping_status":"open","sticky":false,"template":"","format":"standard","meta":{"_et_pb_use_builder":"on","_et_pb_old_content":"","_et_gb_content_width":"","_jetpack_memberships_contains_paid_content":false,"footnotes":""},"categories":[775,6,776],"tags":[21,209,180,406],"class_list":["post-17404","post","type-post","status-publish","format-standard","has-post-thumbnail","hentry","category-associazione","category-cultura","category-woman-in-power","tag-alfa-romeo","tag-automotive","tag-cozzi","tag-museo-fratelli-cozzi","et-has-post-format-content","et_post_format-et-post-format-standard"],"yoast_head":"<!-- This site is optimized with the Yoast SEO plugin v26.8 - https:\/\/yoast.com\/product\/yoast-seo-wordpress\/ -->\n<title>Le tappe di aprile della mostra fotografica -<\/title>\n<meta name=\"description\" content=\"Hai gi\u00e0 pensato a come organizzare la prossima cena aziendale natalizia? Festeggia in modo originale nel nostro Museo di auto storiche!\" \/>\n<meta name=\"robots\" content=\"index, follow, max-snippet:-1, max-image-preview:large, max-video-preview:-1\" \/>\n<link rel=\"canonical\" href=\"https:\/\/www.museofratellicozzi.com\/news\/le-tappe-di-aprile-della-mostra-fotografica\/\" \/>\n<meta property=\"og:locale\" content=\"it_IT\" \/>\n<meta property=\"og:type\" content=\"article\" \/>\n<meta property=\"og:title\" content=\"Le tappe di aprile della mostra fotografica -\" \/>\n<meta property=\"og:description\" content=\"Hai gi\u00e0 pensato a come organizzare la prossima cena aziendale natalizia? Festeggia in modo originale nel nostro Museo di auto storiche!\" \/>\n<meta property=\"og:url\" content=\"https:\/\/www.museofratellicozzi.com\/news\/le-tappe-di-aprile-della-mostra-fotografica\/\" \/>\n<meta property=\"og:site_name\" content=\"eNews Museo Fratelli Cozzi\" \/>\n<meta property=\"article:published_time\" content=\"2024-04-24T08:08:14+00:00\" \/>\n<meta property=\"article:modified_time\" content=\"2024-06-09T10:21:17+00:00\" \/>\n<meta property=\"og:image\" content=\"https:\/\/www.museofratellicozzi.com\/news\/wp-content\/uploads\/2024\/04\/FOTO-MAIN.jpg\" \/>\n\t<meta property=\"og:image:width\" content=\"851\" \/>\n\t<meta property=\"og:image:height\" content=\"752\" \/>\n\t<meta property=\"og:image:type\" content=\"image\/jpeg\" \/>\n<meta name=\"author\" content=\"Elisabetta Cozzi\" \/>\n<meta name=\"twitter:card\" content=\"summary_large_image\" \/>\n<meta name=\"twitter:label1\" content=\"Scritto da\" \/>\n\t<meta name=\"twitter:data1\" content=\"Elisabetta Cozzi\" \/>\n\t<meta name=\"twitter:label2\" content=\"Tempo di lettura stimato\" \/>\n\t<meta name=\"twitter:data2\" content=\"6 minuti\" \/>\n<script type=\"application\/ld+json\" class=\"yoast-schema-graph\">{\"@context\":\"https:\/\/schema.org\",\"@graph\":[{\"@type\":\"Article\",\"@id\":\"https:\/\/www.museofratellicozzi.com\/news\/le-tappe-di-aprile-della-mostra-fotografica\/#article\",\"isPartOf\":{\"@id\":\"https:\/\/www.museofratellicozzi.com\/news\/le-tappe-di-aprile-della-mostra-fotografica\/\"},\"author\":{\"name\":\"Elisabetta Cozzi\",\"@id\":\"https:\/\/www.museofratellicozzi.com\/news\/#\/schema\/person\/3c2c242e79e59f9be7b62a0d9673e40d\"},\"headline\":\"Le tappe di aprile della mostra fotografica\",\"datePublished\":\"2024-04-24T08:08:14+00:00\",\"dateModified\":\"2024-06-09T10:21:17+00:00\",\"mainEntityOfPage\":{\"@id\":\"https:\/\/www.museofratellicozzi.com\/news\/le-tappe-di-aprile-della-mostra-fotografica\/\"},\"wordCount\":2301,\"commentCount\":0,\"publisher\":{\"@id\":\"https:\/\/www.museofratellicozzi.com\/news\/#organization\"},\"image\":{\"@id\":\"https:\/\/www.museofratellicozzi.com\/news\/le-tappe-di-aprile-della-mostra-fotografica\/#primaryimage\"},\"thumbnailUrl\":\"https:\/\/www.museofratellicozzi.com\/news\/wp-content\/uploads\/2024\/04\/FOTO-MAIN.jpg\",\"keywords\":[\"alfa romeo\",\"automotive\",\"cozzi\",\"Museo Fratelli Cozzi\"],\"articleSection\":[\"Associazione\",\"Cultura\",\"Empowerment femminile\"],\"inLanguage\":\"it-IT\",\"potentialAction\":[{\"@type\":\"CommentAction\",\"name\":\"Comment\",\"target\":[\"https:\/\/www.museofratellicozzi.com\/news\/le-tappe-di-aprile-della-mostra-fotografica\/#respond\"]}]},{\"@type\":\"WebPage\",\"@id\":\"https:\/\/www.museofratellicozzi.com\/news\/le-tappe-di-aprile-della-mostra-fotografica\/\",\"url\":\"https:\/\/www.museofratellicozzi.com\/news\/le-tappe-di-aprile-della-mostra-fotografica\/\",\"name\":\"Le tappe di aprile della mostra fotografica -\",\"isPartOf\":{\"@id\":\"https:\/\/www.museofratellicozzi.com\/news\/#website\"},\"primaryImageOfPage\":{\"@id\":\"https:\/\/www.museofratellicozzi.com\/news\/le-tappe-di-aprile-della-mostra-fotografica\/#primaryimage\"},\"image\":{\"@id\":\"https:\/\/www.museofratellicozzi.com\/news\/le-tappe-di-aprile-della-mostra-fotografica\/#primaryimage\"},\"thumbnailUrl\":\"https:\/\/www.museofratellicozzi.com\/news\/wp-content\/uploads\/2024\/04\/FOTO-MAIN.jpg\",\"datePublished\":\"2024-04-24T08:08:14+00:00\",\"dateModified\":\"2024-06-09T10:21:17+00:00\",\"description\":\"Hai gi\u00e0 pensato a come organizzare la prossima cena aziendale natalizia? Festeggia in modo originale nel nostro Museo di auto storiche!\",\"breadcrumb\":{\"@id\":\"https:\/\/www.museofratellicozzi.com\/news\/le-tappe-di-aprile-della-mostra-fotografica\/#breadcrumb\"},\"inLanguage\":\"it-IT\",\"potentialAction\":[{\"@type\":\"ReadAction\",\"target\":[\"https:\/\/www.museofratellicozzi.com\/news\/le-tappe-di-aprile-della-mostra-fotografica\/\"]}]},{\"@type\":\"ImageObject\",\"inLanguage\":\"it-IT\",\"@id\":\"https:\/\/www.museofratellicozzi.com\/news\/le-tappe-di-aprile-della-mostra-fotografica\/#primaryimage\",\"url\":\"https:\/\/www.museofratellicozzi.com\/news\/wp-content\/uploads\/2024\/04\/FOTO-MAIN.jpg\",\"contentUrl\":\"https:\/\/www.museofratellicozzi.com\/news\/wp-content\/uploads\/2024\/04\/FOTO-MAIN.jpg\",\"width\":851,\"height\":752},{\"@type\":\"BreadcrumbList\",\"@id\":\"https:\/\/www.museofratellicozzi.com\/news\/le-tappe-di-aprile-della-mostra-fotografica\/#breadcrumb\",\"itemListElement\":[{\"@type\":\"ListItem\",\"position\":1,\"name\":\"Home\",\"item\":\"https:\/\/www.museofratellicozzi.com\/news\/\"},{\"@type\":\"ListItem\",\"position\":2,\"name\":\"Le tappe di aprile della mostra fotografica\"}]},{\"@type\":\"WebSite\",\"@id\":\"https:\/\/www.museofratellicozzi.com\/news\/#website\",\"url\":\"https:\/\/www.museofratellicozzi.com\/news\/\",\"name\":\"eNews Museo Fratelli Cozzi\",\"description\":\"Alfa Romeo: un mito che resiste al tempo\",\"publisher\":{\"@id\":\"https:\/\/www.museofratellicozzi.com\/news\/#organization\"},\"potentialAction\":[{\"@type\":\"SearchAction\",\"target\":{\"@type\":\"EntryPoint\",\"urlTemplate\":\"https:\/\/www.museofratellicozzi.com\/news\/?s={search_term_string}\"},\"query-input\":{\"@type\":\"PropertyValueSpecification\",\"valueRequired\":true,\"valueName\":\"search_term_string\"}}],\"inLanguage\":\"it-IT\"},{\"@type\":\"Organization\",\"@id\":\"https:\/\/www.museofratellicozzi.com\/news\/#organization\",\"name\":\"Museo Fratelli Cozzi\",\"url\":\"https:\/\/www.museofratellicozzi.com\/news\/\",\"logo\":{\"@type\":\"ImageObject\",\"inLanguage\":\"it-IT\",\"@id\":\"https:\/\/www.museofratellicozzi.com\/news\/#\/schema\/logo\/image\/\",\"url\":\"https:\/\/www.museofratellicozzi.com\/news\/wp-content\/uploads\/2017\/04\/home.png\",\"contentUrl\":\"https:\/\/www.museofratellicozzi.com\/news\/wp-content\/uploads\/2017\/04\/home.png\",\"width\":497,\"height\":512,\"caption\":\"Museo Fratelli Cozzi\"},\"image\":{\"@id\":\"https:\/\/www.museofratellicozzi.com\/news\/#\/schema\/logo\/image\/\"}},{\"@type\":\"Person\",\"@id\":\"https:\/\/www.museofratellicozzi.com\/news\/#\/schema\/person\/3c2c242e79e59f9be7b62a0d9673e40d\",\"name\":\"Elisabetta Cozzi\",\"image\":{\"@type\":\"ImageObject\",\"inLanguage\":\"it-IT\",\"@id\":\"https:\/\/www.museofratellicozzi.com\/news\/#\/schema\/person\/image\/\",\"url\":\"https:\/\/secure.gravatar.com\/avatar\/a761e7642145a4506dbd3685a69db0fc?s=96&d=mm&r=g\",\"contentUrl\":\"https:\/\/secure.gravatar.com\/avatar\/a761e7642145a4506dbd3685a69db0fc?s=96&d=mm&r=g\",\"caption\":\"Elisabetta Cozzi\"}}]}<\/script>\n<!-- \/ Yoast SEO plugin. -->","yoast_head_json":{"title":"Le tappe di aprile della mostra fotografica -","description":"Hai gi\u00e0 pensato a come organizzare la prossima cena aziendale natalizia? Festeggia in modo originale nel nostro Museo di auto storiche!","robots":{"index":"index","follow":"follow","max-snippet":"max-snippet:-1","max-image-preview":"max-image-preview:large","max-video-preview":"max-video-preview:-1"},"canonical":"https:\/\/www.museofratellicozzi.com\/news\/le-tappe-di-aprile-della-mostra-fotografica\/","og_locale":"it_IT","og_type":"article","og_title":"Le tappe di aprile della mostra fotografica -","og_description":"Hai gi\u00e0 pensato a come organizzare la prossima cena aziendale natalizia? Festeggia in modo originale nel nostro Museo di auto storiche!","og_url":"https:\/\/www.museofratellicozzi.com\/news\/le-tappe-di-aprile-della-mostra-fotografica\/","og_site_name":"eNews Museo Fratelli Cozzi","article_published_time":"2024-04-24T08:08:14+00:00","article_modified_time":"2024-06-09T10:21:17+00:00","og_image":[{"width":851,"height":752,"url":"https:\/\/www.museofratellicozzi.com\/news\/wp-content\/uploads\/2024\/04\/FOTO-MAIN.jpg","type":"image\/jpeg"}],"author":"Elisabetta Cozzi","twitter_card":"summary_large_image","twitter_misc":{"Scritto da":"Elisabetta Cozzi","Tempo di lettura stimato":"6 minuti"},"schema":{"@context":"https:\/\/schema.org","@graph":[{"@type":"Article","@id":"https:\/\/www.museofratellicozzi.com\/news\/le-tappe-di-aprile-della-mostra-fotografica\/#article","isPartOf":{"@id":"https:\/\/www.museofratellicozzi.com\/news\/le-tappe-di-aprile-della-mostra-fotografica\/"},"author":{"name":"Elisabetta Cozzi","@id":"https:\/\/www.museofratellicozzi.com\/news\/#\/schema\/person\/3c2c242e79e59f9be7b62a0d9673e40d"},"headline":"Le tappe di aprile della mostra fotografica","datePublished":"2024-04-24T08:08:14+00:00","dateModified":"2024-06-09T10:21:17+00:00","mainEntityOfPage":{"@id":"https:\/\/www.museofratellicozzi.com\/news\/le-tappe-di-aprile-della-mostra-fotografica\/"},"wordCount":2301,"commentCount":0,"publisher":{"@id":"https:\/\/www.museofratellicozzi.com\/news\/#organization"},"image":{"@id":"https:\/\/www.museofratellicozzi.com\/news\/le-tappe-di-aprile-della-mostra-fotografica\/#primaryimage"},"thumbnailUrl":"https:\/\/www.museofratellicozzi.com\/news\/wp-content\/uploads\/2024\/04\/FOTO-MAIN.jpg","keywords":["alfa romeo","automotive","cozzi","Museo Fratelli Cozzi"],"articleSection":["Associazione","Cultura","Empowerment femminile"],"inLanguage":"it-IT","potentialAction":[{"@type":"CommentAction","name":"Comment","target":["https:\/\/www.museofratellicozzi.com\/news\/le-tappe-di-aprile-della-mostra-fotografica\/#respond"]}]},{"@type":"WebPage","@id":"https:\/\/www.museofratellicozzi.com\/news\/le-tappe-di-aprile-della-mostra-fotografica\/","url":"https:\/\/www.museofratellicozzi.com\/news\/le-tappe-di-aprile-della-mostra-fotografica\/","name":"Le tappe di aprile della mostra fotografica -","isPartOf":{"@id":"https:\/\/www.museofratellicozzi.com\/news\/#website"},"primaryImageOfPage":{"@id":"https:\/\/www.museofratellicozzi.com\/news\/le-tappe-di-aprile-della-mostra-fotografica\/#primaryimage"},"image":{"@id":"https:\/\/www.museofratellicozzi.com\/news\/le-tappe-di-aprile-della-mostra-fotografica\/#primaryimage"},"thumbnailUrl":"https:\/\/www.museofratellicozzi.com\/news\/wp-content\/uploads\/2024\/04\/FOTO-MAIN.jpg","datePublished":"2024-04-24T08:08:14+00:00","dateModified":"2024-06-09T10:21:17+00:00","description":"Hai gi\u00e0 pensato a come organizzare la prossima cena aziendale natalizia? Festeggia in modo originale nel nostro Museo di auto storiche!","breadcrumb":{"@id":"https:\/\/www.museofratellicozzi.com\/news\/le-tappe-di-aprile-della-mostra-fotografica\/#breadcrumb"},"inLanguage":"it-IT","potentialAction":[{"@type":"ReadAction","target":["https:\/\/www.museofratellicozzi.com\/news\/le-tappe-di-aprile-della-mostra-fotografica\/"]}]},{"@type":"ImageObject","inLanguage":"it-IT","@id":"https:\/\/www.museofratellicozzi.com\/news\/le-tappe-di-aprile-della-mostra-fotografica\/#primaryimage","url":"https:\/\/www.museofratellicozzi.com\/news\/wp-content\/uploads\/2024\/04\/FOTO-MAIN.jpg","contentUrl":"https:\/\/www.museofratellicozzi.com\/news\/wp-content\/uploads\/2024\/04\/FOTO-MAIN.jpg","width":851,"height":752},{"@type":"BreadcrumbList","@id":"https:\/\/www.museofratellicozzi.com\/news\/le-tappe-di-aprile-della-mostra-fotografica\/#breadcrumb","itemListElement":[{"@type":"ListItem","position":1,"name":"Home","item":"https:\/\/www.museofratellicozzi.com\/news\/"},{"@type":"ListItem","position":2,"name":"Le tappe di aprile della mostra fotografica"}]},{"@type":"WebSite","@id":"https:\/\/www.museofratellicozzi.com\/news\/#website","url":"https:\/\/www.museofratellicozzi.com\/news\/","name":"eNews Museo Fratelli Cozzi","description":"Alfa Romeo: un mito che resiste al tempo","publisher":{"@id":"https:\/\/www.museofratellicozzi.com\/news\/#organization"},"potentialAction":[{"@type":"SearchAction","target":{"@type":"EntryPoint","urlTemplate":"https:\/\/www.museofratellicozzi.com\/news\/?s={search_term_string}"},"query-input":{"@type":"PropertyValueSpecification","valueRequired":true,"valueName":"search_term_string"}}],"inLanguage":"it-IT"},{"@type":"Organization","@id":"https:\/\/www.museofratellicozzi.com\/news\/#organization","name":"Museo Fratelli Cozzi","url":"https:\/\/www.museofratellicozzi.com\/news\/","logo":{"@type":"ImageObject","inLanguage":"it-IT","@id":"https:\/\/www.museofratellicozzi.com\/news\/#\/schema\/logo\/image\/","url":"https:\/\/www.museofratellicozzi.com\/news\/wp-content\/uploads\/2017\/04\/home.png","contentUrl":"https:\/\/www.museofratellicozzi.com\/news\/wp-content\/uploads\/2017\/04\/home.png","width":497,"height":512,"caption":"Museo Fratelli Cozzi"},"image":{"@id":"https:\/\/www.museofratellicozzi.com\/news\/#\/schema\/logo\/image\/"}},{"@type":"Person","@id":"https:\/\/www.museofratellicozzi.com\/news\/#\/schema\/person\/3c2c242e79e59f9be7b62a0d9673e40d","name":"Elisabetta Cozzi","image":{"@type":"ImageObject","inLanguage":"it-IT","@id":"https:\/\/www.museofratellicozzi.com\/news\/#\/schema\/person\/image\/","url":"https:\/\/secure.gravatar.com\/avatar\/a761e7642145a4506dbd3685a69db0fc?s=96&d=mm&r=g","contentUrl":"https:\/\/secure.gravatar.com\/avatar\/a761e7642145a4506dbd3685a69db0fc?s=96&d=mm&r=g","caption":"Elisabetta Cozzi"}}]}},"jetpack_featured_media_url":"https:\/\/www.museofratellicozzi.com\/news\/wp-content\/uploads\/2024\/04\/FOTO-MAIN.jpg","jetpack_shortlink":"https:\/\/wp.me\/p90Eth-4wI","jetpack_sharing_enabled":true,"post_mailing_queue_ids":[],"_links":{"self":[{"href":"https:\/\/www.museofratellicozzi.com\/news\/wp-json\/wp\/v2\/posts\/17404","targetHints":{"allow":["GET"]}}],"collection":[{"href":"https:\/\/www.museofratellicozzi.com\/news\/wp-json\/wp\/v2\/posts"}],"about":[{"href":"https:\/\/www.museofratellicozzi.com\/news\/wp-json\/wp\/v2\/types\/post"}],"author":[{"embeddable":true,"href":"https:\/\/www.museofratellicozzi.com\/news\/wp-json\/wp\/v2\/users\/7"}],"replies":[{"embeddable":true,"href":"https:\/\/www.museofratellicozzi.com\/news\/wp-json\/wp\/v2\/comments?post=17404"}],"version-history":[{"count":13,"href":"https:\/\/www.museofratellicozzi.com\/news\/wp-json\/wp\/v2\/posts\/17404\/revisions"}],"predecessor-version":[{"id":17746,"href":"https:\/\/www.museofratellicozzi.com\/news\/wp-json\/wp\/v2\/posts\/17404\/revisions\/17746"}],"wp:featuredmedia":[{"embeddable":true,"href":"https:\/\/www.museofratellicozzi.com\/news\/wp-json\/wp\/v2\/media\/17439"}],"wp:attachment":[{"href":"https:\/\/www.museofratellicozzi.com\/news\/wp-json\/wp\/v2\/media?parent=17404"}],"wp:term":[{"taxonomy":"category","embeddable":true,"href":"https:\/\/www.museofratellicozzi.com\/news\/wp-json\/wp\/v2\/categories?post=17404"},{"taxonomy":"post_tag","embeddable":true,"href":"https:\/\/www.museofratellicozzi.com\/news\/wp-json\/wp\/v2\/tags?post=17404"}],"curies":[{"name":"wp","href":"https:\/\/api.w.org\/{rel}","templated":true}]}}