{"id":20927,"date":"2025-02-24T13:56:33","date_gmt":"2025-02-24T12:56:33","guid":{"rendered":"https:\/\/www.museofratellicozzi.com\/news\/?p=20927"},"modified":"2025-09-16T15:21:50","modified_gmt":"2025-09-16T13:21:50","slug":"donne-e-motori-storie-in-tour-febbraio","status":"publish","type":"post","link":"https:\/\/www.museofratellicozzi.com\/news\/donne-e-motori-storie-in-tour-febbraio\/","title":{"rendered":"&#8220;Donne e motori&#8221; storie in tour febbraio"},"content":{"rendered":"<p>[et_pb_section fb_built=&#8221;1&#8243; admin_label=&#8221;Sezione&#8221; _builder_version=&#8221;3.22&#8243; custom_padding=&#8221;0px|||&#8221; transparent_background=&#8221;off&#8221; make_fullwidth=&#8221;off&#8221; use_custom_width=&#8221;off&#8221; width_unit=&#8221;on&#8221; custom_width_px=&#8221;1080&#8243; custom_width_percent=&#8221;80&#8243;][et_pb_row use_custom_gutter=&#8221;on&#8221; gutter_width=&#8221;1&#8243; disabled_on=&#8221;off|off|off&#8221; admin_label=&#8221;Riga&#8221; module_class=&#8221; et_pb_row_fullwidth&#8221; _builder_version=&#8221;3.25&#8243; background_size=&#8221;initial&#8221; background_position=&#8221;top_left&#8221; background_repeat=&#8221;repeat&#8221; width=&#8221;100%&#8221; width_tablet=&#8221;100%&#8221; width_phone=&#8221;&#8221; width_last_edited=&#8221;on|desktop&#8221; max_width=&#8221;100%&#8221; max_width_tablet=&#8221;100%&#8221; max_width_phone=&#8221;&#8221; max_width_last_edited=&#8221;on|desktop&#8221; custom_padding=&#8221;0px|||&#8221; make_fullwidth=&#8221;on&#8221; use_custom_width=&#8221;off&#8221; width_unit=&#8221;on&#8221; custom_width_px=&#8221;1080&#8243; custom_width_percent=&#8221;80&#8243;][et_pb_column type=&#8221;4_4&#8243; _builder_version=&#8221;3.25&#8243; custom_padding=&#8221;|||&#8221; custom_padding__hover=&#8221;|||&#8221;][et_pb_image src=&#8221;https:\/\/www.museofratellicozzi.com\/news\/wp-content\/uploads\/2025\/02\/MUSEO-slide-foto-11.jpg&#8221; alt=&#8221;Donne e motori in tour 2025&#8243; title_text=&#8221;Donne e motori in tour 2025&#8243; force_fullwidth=&#8221;on&#8221; align_tablet=&#8221;center&#8221; align_phone=&#8221;&#8221; align_last_edited=&#8221;on|desktop&#8221; admin_label=&#8221;Immagine principale&#8221; _builder_version=&#8221;4.8.2&#8243; animation=&#8221;off&#8221; sticky=&#8221;off&#8221; use_border_color=&#8221;off&#8221; border_color=&#8221;#ffffff&#8221; border_width=&#8221;1&#8243; border_style=&#8221;solid&#8221; always_center_on_mobile=&#8221;on&#8221;][\/et_pb_image][\/et_pb_column][\/et_pb_row][et_pb_row admin_label=&#8221;Riga&#8221; _builder_version=&#8221;4.8.2&#8243; background_size=&#8221;initial&#8221; background_position=&#8221;top_left&#8221; background_repeat=&#8221;repeat&#8221; custom_padding=&#8221;20px||0px|&#8221; make_fullwidth=&#8221;off&#8221; use_custom_width=&#8221;off&#8221; width_unit=&#8221;on&#8221; custom_width_px=&#8221;1080&#8243; custom_width_percent=&#8221;80&#8243;][et_pb_column type=&#8221;4_4&#8243; _builder_version=&#8221;3.25&#8243; custom_padding=&#8221;|||&#8221; custom_padding__hover=&#8221;|||&#8221;][et_pb_text admin_label=&#8221;Titolo&#8221; _builder_version=&#8221;4.8.2&#8243; text_font=&#8221;PT Sans||||&#8221; text_text_color=&#8221;#000000&#8243; text_font_size=&#8221;72&#8243; text_letter_spacing=&#8221;0&#8243; text_line_height=&#8221;1.1&#8243; header_font=&#8221;PT Sans||||&#8221; header_text_color=&#8221;#000000&#8243; header_font_size=&#8221;48&#8243; header_letter_spacing=&#8221;0&#8243; header_line_height=&#8221;1.1em&#8221; background_size=&#8221;initial&#8221; background_position=&#8221;top_left&#8221; background_repeat=&#8221;repeat&#8221; custom_margin=&#8221;0px||0px|&#8221; text_font_size_tablet=&#8221;60&#8243; text_font_size_phone=&#8221;&#8221; text_font_size_last_edited=&#8221;on|phone&#8221; text_letter_spacing_tablet=&#8221;&#8221; text_letter_spacing_phone=&#8221;&#8221; text_letter_spacing_last_edited=&#8221;on|desktop&#8221; text_line_height_tablet=&#8221;&#8221; text_line_height_phone=&#8221;&#8221; text_line_height_last_edited=&#8221;on|&#8221; header_font_size_tablet=&#8221;46&#8243; header_font_size_phone=&#8221;38px&#8221; header_font_size_last_edited=&#8221;on|phone&#8221; use_border_color=&#8221;off&#8221; border_color=&#8221;#ffffff&#8221; border_width=&#8221;1&#8243; border_style=&#8221;solid&#8221;]<\/p>\n<p>Le &#8220;sorelle&#8221; si fanno notare!<\/p>\n<p>[\/et_pb_text][et_pb_text admin_label=&#8221;Data&#8221; _builder_version=&#8221;4.8.2&#8243; text_font=&#8221;PT Sans|on|||&#8221; text_text_color=&#8221;#363636&#8243; text_font_size=&#8221;18&#8243; text_letter_spacing=&#8221;0&#8243; text_line_height=&#8221;1.7&#8243; header_font_size=&#8221;30&#8243; header_letter_spacing=&#8221;0&#8243; header_line_height=&#8221;1&#8243; background_size=&#8221;initial&#8221; background_position=&#8221;top_left&#8221; background_repeat=&#8221;repeat&#8221; custom_margin=&#8221;10px||0px|&#8221; custom_padding=&#8221;||0px|||&#8221; use_border_color=&#8221;off&#8221; border_color=&#8221;#ffffff&#8221; border_width=&#8221;1&#8243; border_style=&#8221;solid&#8221;]<\/p>\n<p>28 febbraio, 2025<\/p>\n<p>[\/et_pb_text][\/et_pb_column][\/et_pb_row][\/et_pb_section][et_pb_section fb_built=&#8221;1&#8243; admin_label=&#8221;Section&#8221; _builder_version=&#8221;3.22&#8243; background_color=&#8221;#f7f7f4&#8243; transparent_background=&#8221;off&#8221; make_fullwidth=&#8221;off&#8221; use_custom_width=&#8221;off&#8221; width_unit=&#8221;on&#8221; custom_width_px=&#8221;1080&#8243; custom_width_percent=&#8221;80&#8243;][et_pb_row column_structure=&#8221;1_3,2_3&#8243; padding_mobile=&#8221;on&#8221; column_padding_mobile=&#8221;on&#8221; admin_label=&#8221;row&#8221; _builder_version=&#8221;4.8.2&#8243; background_size=&#8221;initial&#8221; background_position=&#8221;top_left&#8221; background_repeat=&#8221;repeat&#8221; custom_margin=&#8221;10px||||false|false&#8221; custom_padding=&#8221;0px|||&#8221; make_fullwidth=&#8221;off&#8221; use_custom_width=&#8221;off&#8221; width_unit=&#8221;on&#8221; custom_width_px=&#8221;1080&#8243; custom_width_percent=&#8221;80&#8243;][et_pb_column type=&#8221;1_3&#8243; _builder_version=&#8221;3.25&#8243; custom_padding=&#8221;|||&#8221; custom_padding__hover=&#8221;|||&#8221;][et_pb_testimonial portrait_url=&#8221;https:\/\/www.museofratellicozzi.com\/news\/wp-content\/uploads\/2025\/01\/Foto-bio-redazione-MUSEO-1.png&#8221; _builder_version=&#8221;4.8.2&#8243; _module_preset=&#8221;default&#8221; box_shadow_style_image=&#8221;preset1&#8243;]<\/p>\n<h4><span>RITA PAPARELLA\u00a0<\/span><\/h4>\n<p><span>Ingegnere nucleare, PhD in fisica delle particelle. Giornalista pubblicista e consulente tecnico in progetti industriali di innovazione e R&amp;D<\/span><\/p>\n<p>[\/et_pb_testimonial][\/et_pb_column][et_pb_column type=&#8221;2_3&#8243; _builder_version=&#8221;3.25&#8243; custom_padding=&#8221;|||&#8221; custom_padding__hover=&#8221;|||&#8221;][et_pb_text admin_label=&#8221;Blocco testo 1&#8243; _builder_version=&#8221;4.8.2&#8243; text_font=&#8221;PT Sans||||&#8221; text_text_color=&#8221;#363636&#8243; text_font_size=&#8221;20&#8243; text_letter_spacing=&#8221;0&#8243; text_line_height=&#8221;1.2em&#8221; header_font_size=&#8221;30&#8243; header_letter_spacing=&#8221;0&#8243; header_line_height=&#8221;1&#8243; background_size=&#8221;initial&#8221; background_position=&#8221;top_left&#8221; background_repeat=&#8221;repeat&#8221; max_width=&#8221;620px&#8221; custom_margin=&#8221;0px||0px||false|false&#8221; custom_padding=&#8221;||0px|||&#8221; text_font_size_tablet=&#8221;&#8221; text_font_size_phone=&#8221;&#8221; text_font_size_last_edited=&#8221;on|tablet&#8221; use_border_color=&#8221;off&#8221; border_color=&#8221;#ffffff&#8221; border_width=&#8221;1&#8243; border_style=&#8221;solid&#8221;]<\/p>\n<p><strong>Se \u00e8 la tua prima volta qui, benvenuta\/benvenuto!\u00a0\u00a0<\/strong><\/p>\n<p><span data-contrast=\"auto\">&#8220;Donne e Motori? Gioie e basta&#8221; \u00e8 il progetto fotografico del <\/span><strong>Museo Fratelli Cozzi<\/strong><span data-contrast=\"auto\"> che sfida i pregiudizi di genere, raccontando la forza di <\/span><strong>40 donne<\/strong><span data-contrast=\"auto\"> attraverso gli scatti di <\/span><strong>Camilla Albertini<\/strong><span data-contrast=\"auto\">. La <\/span><strong>terza edizione<\/strong><span data-contrast=\"auto\"> celebra la <\/span><strong>sorellanza<\/strong><span data-contrast=\"auto\">, per superare gli stereotipi sulla solidariet\u00e0 femminile.<\/span><span data-ccp-props=\"{&quot;335551550&quot;:6,&quot;335551620&quot;:6,&quot;335559739&quot;:0}\">\u00a0<\/span><\/p>\n<p><span data-contrast=\"auto\">Vuoi saperne di pi\u00f9? Clicca su questo link:<\/span><span data-ccp-props=\"{&quot;335551550&quot;:6,&quot;335551620&quot;:6,&quot;335559739&quot;:0}\">\u00a0<\/span><span style=\"color: #800000;\"><strong><a style=\"color: #800000;\" href=\"https:\/\/www.museofratellicozzi.com\/news\/donne-e-motori-gioie-e-basta-le-protagoniste-terza-edizione\/\" target=\"_blank\" rel=\"noopener\">Vuoi saperne di pi\u00f9? Clicca qui<\/a><\/strong><\/span><span style=\"letter-spacing: 0px; text-align: left;\">\u00a0<\/span><\/p>\n<p><strong><span style=\"letter-spacing: 0px; text-align: left;\">Come ogni mese, vi accompagniamo alla scoperta delle donne protagoniste e dei luoghi che hanno ospitato e ospiteranno la mostra e il progetto.\u00a0<\/span><\/strong><\/p>\n<p>[\/et_pb_text][\/et_pb_column][\/et_pb_row][et_pb_row _builder_version=&#8221;4.8.2&#8243; _module_preset=&#8221;default&#8221;][et_pb_column type=&#8221;4_4&#8243; _builder_version=&#8221;4.8.2&#8243; _module_preset=&#8221;default&#8221;][et_pb_divider _builder_version=&#8221;4.8.2&#8243; _module_preset=&#8221;default&#8221;][\/et_pb_divider][\/et_pb_column][\/et_pb_row][et_pb_row _builder_version=&#8221;4.8.2&#8243; _module_preset=&#8221;default&#8221;][et_pb_column type=&#8221;4_4&#8243; _builder_version=&#8221;4.8.2&#8243; _module_preset=&#8221;default&#8221;][et_pb_image src=&#8221;https:\/\/www.museofratellicozzi.com\/news\/wp-content\/uploads\/2025\/02\/MUSEO-slide-foto-1-1.png&#8221; alt=&#8221;Monica Secondino&#8221; title_text=&#8221;MUSEO slide foto (1)&#8221; _builder_version=&#8221;4.8.2&#8243; _module_preset=&#8221;default&#8221;][\/et_pb_image][et_pb_text _builder_version=&#8221;4.8.2&#8243; _module_preset=&#8221;default&#8221;]<\/p>\n<p>Monica Secondino al\u00a0WWCOTY\u00a0<\/p>\n<p>[\/et_pb_text][\/et_pb_column][\/et_pb_row][et_pb_row column_structure=&#8221;1_3,2_3&#8243; padding_mobile=&#8221;on&#8221; column_padding_mobile=&#8221;on&#8221; admin_label=&#8221;row&#8221; _builder_version=&#8221;4.8.2&#8243; background_size=&#8221;initial&#8221; background_position=&#8221;top_left&#8221; background_repeat=&#8221;repeat&#8221; custom_margin=&#8221;10px||||false|false&#8221; custom_padding=&#8221;0px|||&#8221; make_fullwidth=&#8221;off&#8221; use_custom_width=&#8221;off&#8221; width_unit=&#8221;on&#8221; custom_width_px=&#8221;1080&#8243; custom_width_percent=&#8221;80&#8243;][et_pb_column type=&#8221;1_3&#8243; _builder_version=&#8221;3.25&#8243; custom_padding=&#8221;|||&#8221; custom_padding__hover=&#8221;|||&#8221;][\/et_pb_column][et_pb_column type=&#8221;2_3&#8243; _builder_version=&#8221;3.25&#8243; custom_padding=&#8221;|||&#8221; custom_padding__hover=&#8221;|||&#8221;][et_pb_text admin_label=&#8221;Blocco testo 1&#8243; _builder_version=&#8221;4.8.2&#8243; text_font=&#8221;PT Sans||||&#8221; text_text_color=&#8221;#363636&#8243; text_font_size=&#8221;20&#8243; text_letter_spacing=&#8221;0&#8243; text_line_height=&#8221;1.2em&#8221; header_font_size=&#8221;30&#8243; header_letter_spacing=&#8221;0&#8243; header_line_height=&#8221;1&#8243; background_size=&#8221;initial&#8221; background_position=&#8221;top_left&#8221; background_repeat=&#8221;repeat&#8221; max_width=&#8221;620px&#8221; custom_margin=&#8221;0px||0px||false|false&#8221; custom_padding=&#8221;||0px|||&#8221; text_font_size_tablet=&#8221;&#8221; text_font_size_phone=&#8221;&#8221; text_font_size_last_edited=&#8221;on|tablet&#8221; use_border_color=&#8221;off&#8221; border_color=&#8221;#ffffff&#8221; border_width=&#8221;1&#8243; border_style=&#8221;solid&#8221;]<\/p>\n<h3><b><span data-contrast=\"auto\">Monica Secondino: una donna che sfida gli stereotipi nel mondo dell\u2019automobile<\/span><\/b><span data-ccp-props=\"{&quot;335551550&quot;:6,&quot;335551620&quot;:6,&quot;335559739&quot;:0}\">\u00a0<\/span><\/h3>\n<p><span data-contrast=\"auto\">Portfolio Manager, Giornalista freelance. Founder di Donne in Auto. Giurata del Women\u2019s Worldwide Car of The Year (WWCOTY)<\/span><span data-ccp-props=\"{&quot;335551550&quot;:6,&quot;335551620&quot;:6,&quot;335559739&quot;:0}\">\u00a0<\/span><\/p>\n<p><span data-contrast=\"auto\">Nel mondo dell\u2019automobile, un settore storicamente dominato dagli uomini, Monica Secondino (nella foto) rappresenta un\u2019eccezione che sta contribuendo a cambiare le regole del gioco. Giurata da quasi due anni nel <\/span><strong>WWCOTY (Women\u2019s Worldwide Car of The Year)<\/strong><span data-contrast=\"auto\">, fa parte di una giuria in continua espansione che conta oggi 83 donne provenienti da ogni parte del mondo. Con lei, in Italia, ci sono solo altre due professioniste, tra le quali Ilaria Salzano, altra testimonial del progetto fotografico \u201cDonne e Motori? Gioie e basta\u201d.<\/span><span data-ccp-props=\"{&quot;335551550&quot;:6,&quot;335551620&quot;:6,&quot;335559739&quot;:0}\">\u00a0<\/span><\/p>\n<p><span data-contrast=\"auto\">L\u2019obiettivo del WWCOTY \u00e8 chiaro e ambizioso: <\/span><strong>dare voce alle donne in un ambiente ancora fortemente maschile<\/strong><span data-contrast=\"auto\">, affinch\u00e9 a tutti sia chiaro che \u00e8 naturale anche per noi parlare di automobili con professionalit\u00e0 e competenza. &#8220;<\/span><strong>Non esistono auto per donne e per uomini<\/strong><span data-contrast=\"auto\">&#8220;, afferma Monica, &#8220;esistono solo auto che rispondono a esigenze diverse&#8221;. Il messaggio \u00e8 potente: l\u2019auto \u00e8 un mezzo universale e la sua analisi tecnica deve essere svolta senza stereotipi di genere. Concetto che sta proprio alle origini della mostra del Museo Fratelli Cozzi.<\/span><span data-ccp-props=\"{&quot;335551550&quot;:6,&quot;335551620&quot;:6,&quot;335559739&quot;:0}\">\u00a0<\/span><\/p>\n<p>&#8220;<strong>Dalla diversit\u00e0 nasce il valore&#8221;<\/strong><span data-contrast=\"auto\">, sottolinea Monica, il cui sogno sarebbe quello di un\u2019unica giuria equamente rappresentata, dove il contributo di tutti, uomini e donne, venga riconosciuto.<\/span><span data-ccp-props=\"{&quot;335551550&quot;:6,&quot;335551620&quot;:6,&quot;335559739&quot;:0}\">\u00a0<\/span><\/p>\n<p><span data-ccp-props=\"{&quot;335551550&quot;:6,&quot;335551620&quot;:6,&quot;335559739&quot;:0}\"><\/span><\/p>\n<p>[\/et_pb_text][et_pb_image src=&#8221;https:\/\/www.museofratellicozzi.com\/news\/wp-content\/uploads\/2025\/02\/MUSEO-Foto-interne-articolo-NL-2025-02-26T113356.406.png&#8221; title_text=&#8221;Monica Secondino &#8221; _builder_version=&#8221;4.8.2&#8243; _module_preset=&#8221;default&#8221;][\/et_pb_image][et_pb_text admin_label=&#8221;Blocco testo 1&#8243; _builder_version=&#8221;4.8.2&#8243; text_font=&#8221;PT Sans||||&#8221; text_text_color=&#8221;#363636&#8243; text_font_size=&#8221;20&#8243; text_letter_spacing=&#8221;0&#8243; text_line_height=&#8221;1.2em&#8221; header_font_size=&#8221;30&#8243; header_letter_spacing=&#8221;0&#8243; header_line_height=&#8221;1&#8243; background_size=&#8221;initial&#8221; background_position=&#8221;top_left&#8221; background_repeat=&#8221;repeat&#8221; max_width=&#8221;620px&#8221; custom_margin=&#8221;0px||0px||false|false&#8221; custom_padding=&#8221;||0px|||&#8221; text_font_size_tablet=&#8221;&#8221; text_font_size_phone=&#8221;&#8221; text_font_size_last_edited=&#8221;on|tablet&#8221; use_border_color=&#8221;off&#8221; border_color=&#8221;#ffffff&#8221; border_width=&#8221;1&#8243; border_style=&#8221;solid&#8221;]<\/p>\n<p><span data-contrast=\"auto\"><\/span><\/p>\n<p><span data-contrast=\"auto\">Essere parte del WWCOTY significa aprire un varco verso nuove prospettive, uscire dal proprio piccolo orticello per confrontarsi con una realt\u00e0 globale, in cui esistono ancora soprusi nei confronti delle donne. &#8220;Sento il dovere di contribuire al cambiamento, anche attraverso il linguaggio, combattendo gli stereotipi, non solo quelli evidenti, ma anche quelli verbali e inconsci che perpetuano pregiudizi radicati&#8221;.<\/span><span data-ccp-props=\"{&quot;335551550&quot;:6,&quot;335551620&quot;:6,&quot;335559739&quot;:0}\">\u00a0<\/span><\/p>\n<p><span data-contrast=\"auto\">Il 18 e 19 febbraio <\/span><span data-contrast=\"none\">Nissan ha organizzato a Roma un test-drive ad hoc per le giurate del WWCOTY. \u201cIn realt\u00e0 \u00e8 stato molto pi\u00f9 di questo: un viaggio condiviso, un intreccio di voci e storie provenienti da ogni angolo del mondo. 32 giornaliste, dall&#8217;Europa all\u2019Oceania, passando per India, Africa, Israele e Turchia, si sono ritrovate non solo per guidare, ma per ascoltarsi, ispirarsi e celebrare le loro diversit\u00e0. Torniamo a casa con il cuore pi\u00f9 ricco, la mente pi\u00f9 aperta e la consapevolezza che l\u2019auto \u00e8 molto pi\u00f9 di un mezzo: \u00e8 <\/span><strong>un ponte tra culture, esperienze ed emozioni.\u201d<\/strong><\/p>\n<p>[\/et_pb_text][\/et_pb_column][\/et_pb_row][et_pb_row _builder_version=&#8221;4.8.2&#8243; _module_preset=&#8221;default&#8221;][et_pb_column type=&#8221;4_4&#8243; _builder_version=&#8221;4.8.2&#8243; _module_preset=&#8221;default&#8221;][et_pb_divider _builder_version=&#8221;4.8.2&#8243; _module_preset=&#8221;default&#8221;][\/et_pb_divider][\/et_pb_column][\/et_pb_row][et_pb_row column_structure=&#8221;1_3,1_3,1_3&#8243; _builder_version=&#8221;4.8.2&#8243; _module_preset=&#8221;default&#8221;][et_pb_column type=&#8221;1_3&#8243; _builder_version=&#8221;4.8.2&#8243; _module_preset=&#8221;default&#8221;][et_pb_image src=&#8221;https:\/\/www.museofratellicozzi.com\/news\/wp-content\/uploads\/2025\/02\/MUSEO-Foto-interne-articolo-NL-97.png&#8221; alt=&#8221;Martina Rabbolini, nutrizionista&#8221; title_text=&#8221;Martina Rabbolini &#8221; _builder_version=&#8221;4.8.2&#8243; _module_preset=&#8221;default&#8221;][\/et_pb_image][et_pb_text _builder_version=&#8221;4.8.2&#8243; _module_preset=&#8221;default&#8221;]<\/p>\n<p>Martina Rabbolini: p<span class=\"NormalTextRun SCXW141595332 BCX0\">rima b<\/span><span class=\"NormalTextRun SCXW141595332 BCX0\">iologa nutrizionista<\/span><span class=\"NormalTextRun SCXW141595332 BCX0\"> sportiva<\/span><span class=\"NormalTextRun SCXW141595332 BCX0\"> non vedente<\/span><span class=\"NormalTextRun SCXW141595332 BCX0\"> <\/span><span class=\"NormalTextRun SCXW141595332 BCX0\">in Europa<\/span><\/p>\n<p>[\/et_pb_text][\/et_pb_column][et_pb_column type=&#8221;1_3&#8243; _builder_version=&#8221;4.8.2&#8243; _module_preset=&#8221;default&#8221;][et_pb_image src=&#8221;https:\/\/www.museofratellicozzi.com\/news\/wp-content\/uploads\/2025\/02\/MUSEO-Foto-interne-articolo-NL-98.png&#8221; alt=&#8221;Francesca Gasperi&#8221; title_text=&#8221;MUSEO Foto interne articolo NL (98)&#8221; _builder_version=&#8221;4.8.2&#8243; _module_preset=&#8221;default&#8221;][\/et_pb_image][et_pb_text _builder_version=&#8221;4.8.2&#8243; _module_preset=&#8221;default&#8221;]<\/p>\n<p>Martina Rabbolini: nuotatrice paralimpica durante un tuffo<\/p>\n<p>[\/et_pb_text][\/et_pb_column][et_pb_column type=&#8221;1_3&#8243; _builder_version=&#8221;4.8.2&#8243; _module_preset=&#8221;default&#8221;][et_pb_image src=&#8221;https:\/\/www.museofratellicozzi.com\/news\/wp-content\/uploads\/2025\/02\/MUSEO-Foto-interne-articolo-NL-96.png&#8221; alt=&#8221;Martina Rabbolini alle paraolimpiadi Paris 2024&#8243; title_text=&#8221;Martina Rabbolini (2)&#8221; _builder_version=&#8221;4.8.2&#8243; _module_preset=&#8221;default&#8221;][\/et_pb_image][et_pb_text _builder_version=&#8221;4.8.2&#8243; _module_preset=&#8221;default&#8221;]<\/p>\n<p>Martina Rabbolini alle paralimpiadi Paris 2024<\/p>\n<p>[\/et_pb_text][\/et_pb_column][\/et_pb_row][et_pb_row column_structure=&#8221;1_3,2_3&#8243; padding_mobile=&#8221;on&#8221; column_padding_mobile=&#8221;on&#8221; admin_label=&#8221;row&#8221; _builder_version=&#8221;4.8.2&#8243; background_size=&#8221;initial&#8221; background_position=&#8221;top_left&#8221; background_repeat=&#8221;repeat&#8221; custom_margin=&#8221;10px||||false|false&#8221; custom_padding=&#8221;0px|||&#8221; make_fullwidth=&#8221;off&#8221; use_custom_width=&#8221;off&#8221; width_unit=&#8221;on&#8221; custom_width_px=&#8221;1080&#8243; custom_width_percent=&#8221;80&#8243;][et_pb_column type=&#8221;1_3&#8243; _builder_version=&#8221;3.25&#8243; custom_padding=&#8221;|||&#8221; custom_padding__hover=&#8221;|||&#8221;][\/et_pb_column][et_pb_column type=&#8221;2_3&#8243; _builder_version=&#8221;3.25&#8243; custom_padding=&#8221;|||&#8221; custom_padding__hover=&#8221;|||&#8221;][et_pb_text admin_label=&#8221;Blocco testo 1&#8243; _builder_version=&#8221;4.8.2&#8243; text_font=&#8221;PT Sans||||&#8221; text_text_color=&#8221;#363636&#8243; text_font_size=&#8221;20&#8243; text_letter_spacing=&#8221;0&#8243; text_line_height=&#8221;1.2em&#8221; header_font_size=&#8221;30&#8243; header_letter_spacing=&#8221;0&#8243; header_line_height=&#8221;1&#8243; background_size=&#8221;initial&#8221; background_position=&#8221;top_left&#8221; background_repeat=&#8221;repeat&#8221; max_width=&#8221;620px&#8221; custom_margin=&#8221;0px||0px||false|false&#8221; text_font_size_tablet=&#8221;&#8221; text_font_size_phone=&#8221;&#8221; text_font_size_last_edited=&#8221;on|tablet&#8221; use_border_color=&#8221;off&#8221; border_color=&#8221;#ffffff&#8221; border_width=&#8221;1&#8243; border_style=&#8221;solid&#8221;]<\/p>\n<h3><b><span data-contrast=\"auto\">Martina Rabbolini:\u00a0<\/span><\/b><span data-ccp-props=\"{&quot;335551550&quot;:6,&quot;335551620&quot;:6,&quot;335559739&quot;:0}\">\u00a0<\/span><\/h3>\n<p><span data-contrast=\"auto\">Nuotatrice paralimpica non vedente. Prima biologa nutrizionista sportiva non vedente in Europa. Brand Ambassador per e-work e promotrice di inclusione e crescita personale.<\/span><span data-ccp-props=\"{&quot;335551550&quot;:6,&quot;335551620&quot;:6,&quot;335559739&quot;:0}\">\u00a0<\/span><\/p>\n<p><span data-contrast=\"auto\">8\u00b0 posto nei 100 m rana con record italiano<\/span><span data-ccp-props=\"{&quot;335551550&quot;:6,&quot;335551620&quot;:6,&quot;335559739&quot;:0}\">\u00a0<\/span><\/p>\n<p><span data-contrast=\"auto\">10\u00b0 posto nei 100 m dorso<\/span><span data-ccp-props=\"{&quot;335551550&quot;:6,&quot;335551620&quot;:6,&quot;335559739&quot;:0}\">\u00a0<\/span><\/p>\n<p><span data-contrast=\"auto\">11\u00b0 posto nei 400 m stile libero<\/span><span data-ccp-props=\"{&quot;335551550&quot;:6,&quot;335551620&quot;:6,&quot;335559739&quot;:0}\">\u00a0<\/span><\/p>\n<p><span data-contrast=\"auto\">Questi sono i piazzamenti di Martina nelle passate Olimpiadi Paralimpiche di Parigi 2024.<\/span><span data-ccp-props=\"{&quot;335551550&quot;:6,&quot;335551620&quot;:6,&quot;335559739&quot;:0}\">\u00a0<\/span><\/p>\n<p><span data-contrast=\"auto\">Il 16 gennaio \u00e8 stata protagonista di un evento a Malta, organizzato dalla <\/span><span style=\"color: #800000;\"><strong><a href=\"https:\/\/www.finp.it\/\" target=\"_blank\" rel=\"noopener noreferrer\" style=\"color: #800000;\">Federazione Italiana Nuoto Paralimpico (FINP)<\/a><\/strong><\/span><span data-contrast=\"auto\"> in collaborazione con il comitato paralimpico maltese. L\u2019obiettivo? Aiutare il movimento paralimpico maltese a crescere e a <\/span><strong>fornire agli atleti con disabilit\u00e0 visiva gli strumenti per affrontare l\u2019acqua con sicurezza e consapevolezza.\u00a0<\/strong><\/p>\n<p><span data-contrast=\"auto\">Raccontare la sua esperienza personale, spiegando come ha superato le difficolt\u00e0 iniziali da bambina e come gli allenatori possano supportare i pi\u00f9 piccoli nel percorso di apprendimento del nuoto, \u00e8 stato sicuramente un contributo importante per questo workshop, ma ancora di pi\u00f9, forse, un dono ricevuto a livello personale. \u201c\u00c8 stata un\u2019esperienza stupenda. Vedere i bambini fidarsi di me e che grazie a questa fiducia concessami tanti abbiano superato le loro paure, \u00e8 stato eccezionale\u201d.<\/span><span data-ccp-props=\"{&quot;335551550&quot;:6,&quot;335551620&quot;:6,&quot;335559739&quot;:0}\">\u00a0<\/span><\/p>\n<p><span data-contrast=\"auto\">Nonostante gli impegni professionali, dal recente esame finale di un <\/span><strong>master internazionale in nutrizione sportiva<\/strong><span data-contrast=\"auto\"> all\u2019apertura del suo studio a <\/span><strong>Villa Cortese, Martina<\/strong><span data-contrast=\"auto\"> continua a eccellere in vasca. Il <\/span><strong>2 febbraio<\/strong><span data-contrast=\"auto\">, al <\/span><strong>17\u00b0 Trofeo FINP &#8220;Citt\u00e0 di Tradate&#8221;<\/strong><span data-contrast=\"auto\">, ha conquistato il <strong>titolo italiano nei <\/strong><\/span><strong>100 rana e 50 delfino<\/strong><span data-contrast=\"auto\">, superando ogni aspettativa, persino la propria: &#8220;<em>La vittoria nei 100 rana \u00e8 stata una sorpresa. Ero in fase di ripresa post-Paralimpiade e con molte sfide professionali, ma ho abbassato di molto il record italiano&#8221;.<\/em><\/span><em>\u00a0<\/em><\/p>\n<p><span data-contrast=\"auto\">A <\/span><strong>marzo<\/strong><span data-contrast=\"auto\"> torner\u00e0 in gara nella <\/span><strong>tappa di Coppa del Mondo di Lignano Sabbiadoro<\/strong><span data-contrast=\"auto\">, competendo nei <\/span><strong>50 e 100 rana, 50 e 100 dorso e 200 misti<\/strong><span data-contrast=\"auto\">, in vista anche dei <\/span><strong>Campionati Italiani<\/strong><span data-contrast=\"auto\">.<\/span><span data-ccp-props=\"{&quot;335551550&quot;:6,&quot;335551620&quot;:6,&quot;335559739&quot;:0}\">\u00a0<\/span><\/p>\n<p><span data-contrast=\"auto\">Co-protagonista di uno dei pannelli della terza edizione della mostra, \u00e8 la prova vivente che non esistono ostacoli insormontabili. Per chi volesse seguirla e conoscere meglio il suo lavoro, Martina \u00e8 attiva su <\/span><b><span data-contrast=\"auto\">Instagram (@martyrabbolini_)<\/span><\/b><span data-contrast=\"auto\">, dove condivide le sue esperienze, i suoi successi sportivi e i suoi consigli di nutrizione sportiva.<\/span><span data-ccp-props=\"{&quot;335551550&quot;:6,&quot;335551620&quot;:6,&quot;335559739&quot;:0}\">\u00a0<\/span><\/p>\n<p>[\/et_pb_text][\/et_pb_column][\/et_pb_row][et_pb_row _builder_version=&#8221;4.8.2&#8243; _module_preset=&#8221;default&#8221;][et_pb_column type=&#8221;4_4&#8243; _builder_version=&#8221;4.8.2&#8243; _module_preset=&#8221;default&#8221;][et_pb_divider _builder_version=&#8221;4.8.2&#8243; _module_preset=&#8221;default&#8221;][\/et_pb_divider][\/et_pb_column][\/et_pb_row][et_pb_row column_structure=&#8221;1_2,1_2&#8243; _builder_version=&#8221;4.8.2&#8243; _module_preset=&#8221;default&#8221;][et_pb_column type=&#8221;1_2&#8243; _builder_version=&#8221;4.8.2&#8243; _module_preset=&#8221;default&#8221;][et_pb_image src=&#8221;https:\/\/www.museofratellicozzi.com\/news\/wp-content\/uploads\/2025\/02\/MUSEO-Foto-interne-articolo-NL-100.png&#8221; title_text=&#8221;MUSEO Foto interne articolo NL (100)&#8221; _builder_version=&#8221;4.8.2&#8243; _module_preset=&#8221;default&#8221;][\/et_pb_image][et_pb_text _builder_version=&#8221;4.8.2&#8243; _module_preset=&#8221;default&#8221;]<\/p>\n<p>Elisabetta Cozzi con Barbara Cincotto<\/p>\n<p>[\/et_pb_text][\/et_pb_column][et_pb_column type=&#8221;1_2&#8243; _builder_version=&#8221;4.8.2&#8243; _module_preset=&#8221;default&#8221;][et_pb_image src=&#8221;https:\/\/www.museofratellicozzi.com\/news\/wp-content\/uploads\/2025\/02\/MUSEO-Foto-interne-articolo-NL-99.png&#8221; title_text=&#8221;MUSEO Foto interne articolo NL (99)&#8221; _builder_version=&#8221;4.8.2&#8243; _module_preset=&#8221;default&#8221;][\/et_pb_image][et_pb_text _builder_version=&#8221;4.8.2&#8243; _module_preset=&#8221;default&#8221;]<\/p>\n<p>Elisabetta Cozzi, immagine guida DriveHer<\/p>\n<p>[\/et_pb_text][\/et_pb_column][\/et_pb_row][et_pb_row column_structure=&#8221;1_3,2_3&#8243; padding_mobile=&#8221;on&#8221; column_padding_mobile=&#8221;on&#8221; admin_label=&#8221;row&#8221; _builder_version=&#8221;4.8.2&#8243; background_size=&#8221;initial&#8221; background_position=&#8221;top_left&#8221; background_repeat=&#8221;repeat&#8221; custom_margin=&#8221;10px||||false|false&#8221; custom_padding=&#8221;0px|||&#8221; make_fullwidth=&#8221;off&#8221; use_custom_width=&#8221;off&#8221; width_unit=&#8221;on&#8221; custom_width_px=&#8221;1080&#8243; custom_width_percent=&#8221;80&#8243;][et_pb_column type=&#8221;1_3&#8243; _builder_version=&#8221;3.25&#8243; custom_padding=&#8221;|||&#8221; custom_padding__hover=&#8221;|||&#8221;][\/et_pb_column][et_pb_column type=&#8221;2_3&#8243; _builder_version=&#8221;3.25&#8243; custom_padding=&#8221;|||&#8221; custom_padding__hover=&#8221;|||&#8221;][et_pb_text admin_label=&#8221;Blocco testo 1&#8243; _builder_version=&#8221;4.8.2&#8243; text_font=&#8221;PT Sans||||&#8221; text_text_color=&#8221;#363636&#8243; text_font_size=&#8221;20&#8243; text_letter_spacing=&#8221;0&#8243; text_line_height=&#8221;1.2em&#8221; header_font_size=&#8221;30&#8243; header_letter_spacing=&#8221;0&#8243; header_line_height=&#8221;1&#8243; background_size=&#8221;initial&#8221; background_position=&#8221;top_left&#8221; background_repeat=&#8221;repeat&#8221; max_width=&#8221;620px&#8221; custom_margin=&#8221;0px||0px||false|false&#8221; text_font_size_tablet=&#8221;&#8221; text_font_size_phone=&#8221;&#8221; text_font_size_last_edited=&#8221;on|tablet&#8221; use_border_color=&#8221;off&#8221; border_color=&#8221;#ffffff&#8221; border_width=&#8221;1&#8243; border_style=&#8221;solid&#8221;]<\/p>\n<h3><\/h3>\n<h3>Anche Elisabetta Cozzi \u00e8 in tour!<\/h3>\n<p>L&#8217;11 febbraio, al Rotary Club di Varedo e Seveso, <strong>Elisabetta Cozzi<\/strong> ha parlato di <strong>imprenditoria femminile e responsabilit\u00e0 sociale<\/strong>, evidenziando il valore del rispetto e dell\u2019empowerment delle donne, temi alla base della Mostra (nella foto con Barbara Cincotto del Rotary Club Varedo e del Seveso).<\/p>\n<p>Quasi <strong>cinquant\u2019anni fa<\/strong>, nel 1977, il Rotary Club di Duarte (California) sfid\u00f2 le regole accogliendo le prime <strong>tre donne socie<\/strong>, anticipando l\u2019apertura ufficiale del Rotary International nel 1989. In Italia, la prima rotariana fu <strong>Aura Scarsella<\/strong> (1989-90), mentre <strong>Marisa Conti<\/strong> fu la prima presidente di Club (1993-94). Ancora oggi, alcuni Club italiani non applicano pienamente il nuovo statuto inclusivo.<\/p>\n<p><span data-contrast=\"auto\">Il 28 febbraio si terr\u00e0 a Roma l\u2019evento <\/span><strong>DriveHer Forward: Empowering Women in Automotive \u2013 Accelerare il cambiamento, ispirare il domani!<\/strong><span data-contrast=\"auto\"> Il convegno si propone di affrontare e contribuire a ridurre il gender gap nel settore automobilistico ed \u00e8 organizzato da LeadHEr_Europe, la prima e pi\u00f9 grande community in cui donne di nazionalit\u00e0 differente e di diverse generazioni si uniscono per contrastare la disparit\u00e0 di genere. Potrebbe forse mancare la nostra <\/span><strong>Elisabetta<\/strong><span data-contrast=\"auto\">? Assolutamente no! E infatti, l\u2019ideatrice della mostra \u00e8 stata invitata per raccontare il suo impegno su questo tema.<\/span><span data-ccp-props=\"{&quot;335551550&quot;:6,&quot;335551620&quot;:6,&quot;335559739&quot;:0}\">\u00a0<\/span><\/p>\n<p><span data-contrast=\"auto\">Ma non \u00e8 l\u2019unica Sister chiamata a intervenire, in quanto lo stesso palco sar\u00e0 calcato da due protagoniste della III edizione:<\/span><span data-ccp-props=\"{&quot;335551550&quot;:6,&quot;335551620&quot;:6,&quot;335559739&quot;:0}\">\u00a0<\/span><\/p>\n<p><strong>Irma Conti<\/strong><span data-contrast=\"auto\">: Garante Nazionale delle persone private della libert\u00e0 personale, avvocata cassazionista esperta in materia penale, consigliere dell\u2019Ordine degli Avvocati di Roma, presidente dell\u2019Associazione Donne Giuriste Italia.<\/span><span data-ccp-props=\"{&quot;335551550&quot;:6,&quot;335551620&quot;:6,&quot;335559739&quot;:0}\">\u00a0<\/span><\/p>\n<p><strong>Maria Paola Stola Ariusso<\/strong><span data-contrast=\"auto\">: Founder STUDIOTORINO. Docente IED Torino. Volontario ASI Commissione Case Costruttrici e Designers. Collezionista auto storiche.<\/span><span data-ccp-props=\"{&quot;335551550&quot;:6,&quot;335551620&quot;:6,&quot;335559739&quot;:0}\">\u00a0<\/span><\/p>\n<p><span data-contrast=\"auto\">E due protagoniste della II edizione:<\/span><span data-ccp-props=\"{&quot;335551550&quot;:6,&quot;335551620&quot;:6,&quot;335559739&quot;:0}\">\u00a0<\/span><\/p>\n<p><strong>Laura Confalonieri<\/strong><span data-contrast=\"auto\">: giornalista, vicedirettrice di Quattroruote e Ruoteclassiche.<\/span><span data-ccp-props=\"{&quot;335551550&quot;:6,&quot;335551620&quot;:6,&quot;335559739&quot;:0}\">\u00a0<\/span><\/p>\n<p><strong>Maria Bussolati Bonera<\/strong><span data-contrast=\"auto\">: Direttrice Museo Mille Miglia.<\/span><\/p>\n<p>[\/et_pb_text][\/et_pb_column][\/et_pb_row][et_pb_row column_structure=&#8221;1_3,2_3&#8243; _builder_version=&#8221;4.8.2&#8243; _module_preset=&#8221;default&#8221;][et_pb_column type=&#8221;1_3&#8243; _builder_version=&#8221;4.8.2&#8243; _module_preset=&#8221;default&#8221;][\/et_pb_column][et_pb_column type=&#8221;2_3&#8243; _builder_version=&#8221;4.8.2&#8243; _module_preset=&#8221;default&#8221;][et_pb_text _builder_version=&#8221;4.8.2&#8243; _module_preset=&#8221;default&#8221; link_option_url_new_window=&#8221;on&#8221;]<\/p>\n<blockquote class=\"wp-embedded-content\" data-secret=\"UBUlB0XsxH\"><p><a href=\"https:\/\/casaradio.it\/micheline-lopes\/\">Al volante del cambiamento: Micheline Lopes e l&#8217;ascesa femminile nel mondo automotive<\/a><\/p><\/blockquote>\n<p><iframe loading=\"lazy\" class=\"wp-embedded-content\" sandbox=\"allow-scripts\" security=\"restricted\" style=\"position: absolute; visibility: hidden;\" title=\"&#8220;Al volante del cambiamento: Micheline Lopes e l&#8217;ascesa femminile nel mondo automotive&#8221; &#8212; Casa Radio \ud83d\udd34\" src=\"https:\/\/casaradio.it\/micheline-lopes\/embed\/#?secret=SdZSsXc5O2#?secret=UBUlB0XsxH\" data-secret=\"UBUlB0XsxH\" width=\"600\" height=\"338\" frameborder=\"0\" marginwidth=\"0\" marginheight=\"0\" scrolling=\"no\"><\/iframe><\/p>\n<p>[\/et_pb_text][et_pb_text _builder_version=&#8221;4.8.2&#8243; _module_preset=&#8221;default&#8221;]<\/p>\n<p><strong>Micheline Lopes<\/strong>, intervistata da Paolo Leccese ed Emiliano Cioffarelli a &#8220;Casa Radio&#8221; in cui parla di DriveHer e di &#8220;Donne e Motori? Gioie e basta. Clicca e ascolta il podcast.<\/p>\n<p>[\/et_pb_text][\/et_pb_column][\/et_pb_row][et_pb_row _builder_version=&#8221;4.8.2&#8243; _module_preset=&#8221;default&#8221;][et_pb_column type=&#8221;4_4&#8243; _builder_version=&#8221;4.8.2&#8243; _module_preset=&#8221;default&#8221;][et_pb_divider _builder_version=&#8221;4.8.2&#8243; _module_preset=&#8221;default&#8221;][\/et_pb_divider][\/et_pb_column][\/et_pb_row][et_pb_row column_structure=&#8221;1_3,2_3&#8243; padding_mobile=&#8221;on&#8221; column_padding_mobile=&#8221;on&#8221; admin_label=&#8221;row&#8221; _builder_version=&#8221;4.8.2&#8243; background_size=&#8221;initial&#8221; background_position=&#8221;top_left&#8221; background_repeat=&#8221;repeat&#8221; custom_margin=&#8221;10px||||false|false&#8221; custom_padding=&#8221;0px|||&#8221; make_fullwidth=&#8221;off&#8221; use_custom_width=&#8221;off&#8221; width_unit=&#8221;on&#8221; custom_width_px=&#8221;1080&#8243; custom_width_percent=&#8221;80&#8243;][et_pb_column type=&#8221;1_3&#8243; _builder_version=&#8221;3.25&#8243; custom_padding=&#8221;|||&#8221; custom_padding__hover=&#8221;|||&#8221;][\/et_pb_column][et_pb_column type=&#8221;2_3&#8243; _builder_version=&#8221;3.25&#8243; custom_padding=&#8221;|||&#8221; custom_padding__hover=&#8221;|||&#8221;][et_pb_text admin_label=&#8221;Blocco testo 1&#8243; _builder_version=&#8221;4.8.2&#8243; text_font=&#8221;PT Sans||||&#8221; text_text_color=&#8221;#363636&#8243; text_font_size=&#8221;20&#8243; text_letter_spacing=&#8221;0&#8243; text_line_height=&#8221;1.2em&#8221; header_font_size=&#8221;30&#8243; header_letter_spacing=&#8221;0&#8243; header_line_height=&#8221;1&#8243; background_size=&#8221;initial&#8221; background_position=&#8221;top_left&#8221; background_repeat=&#8221;repeat&#8221; max_width=&#8221;620px&#8221; custom_margin=&#8221;0px||0px||false|false&#8221; text_font_size_tablet=&#8221;&#8221; text_font_size_phone=&#8221;&#8221; text_font_size_last_edited=&#8221;on|tablet&#8221; use_border_color=&#8221;off&#8221; border_color=&#8221;#ffffff&#8221; border_width=&#8221;1&#8243; border_style=&#8221;solid&#8221;]<\/p>\n<h3><b><span data-contrast=\"auto\">Le sorelle in tour: i prossimi appuntamenti<\/span><\/b><span data-ccp-props=\"{&quot;335551550&quot;:6,&quot;335551620&quot;:6,&quot;335559739&quot;:0}\">\u00a0<\/span><\/h3>\n<p><strong>Milano<\/strong><b><span data-contrast=\"auto\">, <\/span><\/b><span data-contrast=\"auto\">il <\/span><strong>6 marzo<\/strong><span data-contrast=\"auto\"> torna il <\/span><strong>Pink Motor Day<\/strong><span data-contrast=\"auto\">, alla quarta edizione, con un focus sull\u2019inclusione nella mobilit\u00e0 aziendale. L\u2019evento approfondir\u00e0 il valore della diversit\u00e0 nelle imprese del settore, evidenziandone il ruolo strategico se ben gestita. <\/span><strong>Elisabetta<\/strong><span data-contrast=\"auto\"> interverr\u00e0 attraverso una video-intervista e l\u2019esposizione del progetto fotografico sar\u00e0 in formato digitale attraverso un video.<\/span><span data-ccp-props=\"{&quot;335551550&quot;:6,&quot;335551620&quot;:6,&quot;335559739&quot;:0}\">\u00a0<\/span><\/p>\n<p><strong>Parma, 8-16 marzo<\/strong><span data-contrast=\"auto\">, la mostra sar\u00e0 esposta a Parma nell&#8217;ambito della sessione primaverile del <\/span><strong><span style=\"color: #800000;\"><a href=\"https:\/\/www.mercanteinfiera.it\/?gad_source=1&amp;gclid=CjwKCAiAn9a9BhBtEiwAbKg6fg5mvscX4GKZLGrfx1Frx09XDVkfQMrzx_yuvZ_pbjCQcN3rvv28LhoCd_MQAvD_BwE\" target=\"_blank\" rel=\"noopener noreferrer\" style=\"color: #800000;\">Mercanteinfiera<\/a><\/span> (Pad. 4 stand D010<\/strong><span data-contrast=\"auto\"><strong>)<\/strong> e personalmente presenter\u00f2 il progetto il <\/span><strong>9 marzo<\/strong><span data-contrast=\"auto\"> alle ore <\/span><strong>11:30<\/strong><span data-contrast=\"auto\">,\u202fin occasione di <\/span><span style=\"color: #800000;\"><a href=\"https:\/\/www.automotoretro.it\/salone\/\" target=\"_blank\" rel=\"noopener noreferrer\" style=\"color: #800000;\"><strong>Automotoretr\u00f2<\/strong><\/a><\/span><span data-contrast=\"auto\">, uno dei saloni di riferimento dedicati al Motorismo Storico con espositori e visitatori da tutta Europa.\u00a0<\/span><span data-contrast=\"auto\">L\u2019orario di apertura al pubblico \u00e8 dalle 10:00 alle 19:00.<\/span><span data-ccp-props=\"{&quot;335551550&quot;:6,&quot;335551620&quot;:6,&quot;335559739&quot;:0}\">\u00a0<\/span><span data-ccp-props=\"{&quot;335551550&quot;:6,&quot;335551620&quot;:6,&quot;335559739&quot;:0}\">\u00a0<\/span><\/p>\n<p><strong>Imola, 7-8 marzo:<\/strong><span data-contrast=\"auto\"> Altra possibilit\u00e0 di ammirare la mostra \u00e8 quella di <\/span><span style=\"color: #800000;\"><a href=\"https:\/\/www.autodromoimola.it\/wow-women-motor\/\" target=\"_blank\" rel=\"noopener noreferrer\" style=\"color: #800000;\"><b>WOW Women Motor<\/b><\/a><\/span><span data-contrast=\"auto\"><span style=\"color: #800000;\"><a href=\"https:\/\/www.autodromoimola.it\/wow-women-motor\/\" target=\"_blank\" rel=\"noopener noreferrer\" style=\"color: #800000;\">,<\/a> <\/span>l\u2019evento che si tiene ogni anno a Imola l\u20198 marzo e che mette in pista l\u2019empowerment femminile. \u201cDonne e Motori? Gioie e basta\u201d scalder\u00e0 i motori a partire dalla sera prima, in un evento specifico che moderer\u00f2 io stessa, <\/span><strong>dalle ore 17.30<\/strong><span data-contrast=\"auto\"> presso la <\/span><strong>Sala Senna<\/strong><span data-contrast=\"auto\"> dell\u2019autodromo, per poi rimanere esposta nella Galleria dei Campioni fino alla fine della manifestazione.<\/span><span data-ccp-props=\"{&quot;335551550&quot;:6,&quot;335551620&quot;:6,&quot;335559739&quot;:0}\">\u00a0<\/span><\/p>\n<p><strong>Reggio Emilia, 10-15 marzo:<\/strong><span data-contrast=\"auto\"> Come gi\u00e0 era successo per la seconda edizione, anche la terza sar\u00e0 ospitata presso gli uffici di <\/span><strong>Banca Mediolanum di Reggio Emilia<\/strong><span data-contrast=\"auto\"> su espressa richiesta della sezione provinciale dell\u2019<\/span><strong>ADGI<\/strong><span data-contrast=\"auto\"> (Associazione Donne Giuriste Italia). Sar\u00e0 possibile visitarla negli orari <\/span><strong>9-13<\/strong> <span data-contrast=\"auto\">e <\/span><strong>14-18<\/strong><b><span data-contrast=\"auto\">, <\/span><\/b><span data-contrast=\"auto\">da<\/span><strong> luned\u00ec<\/strong> <span data-contrast=\"auto\">a<\/span> <strong>venerd\u00ec<\/strong><span data-contrast=\"auto\">, e durante un evento di presentazione che si terr\u00e0<\/span> <strong>sabato 15 marzo<\/strong> <span data-contrast=\"auto\">dalle<\/span><strong> ore 10.30<\/strong><span data-contrast=\"auto\">.<\/span><span data-ccp-props=\"{&quot;335551550&quot;:6,&quot;335551620&quot;:6,&quot;335559739&quot;:0}\">\u00a0<\/span><\/p>\n<p><b><span data-contrast=\"auto\">Condividi i nostri valori e vuoi anche tu far parte del cambiamento ospitando gratuitamente la mostra?<\/span><\/b><span data-ccp-props=\"{&quot;335551550&quot;:6,&quot;335551620&quot;:6,&quot;335559739&quot;:0}\">\u00a0<\/span><\/p>\n<p><span data-contrast=\"auto\">Scrivi a <\/span><a href=\"mailto:info@museofratellicozzi.com\"><span data-contrast=\"none\">info@museofratellicozzi.com<\/span><\/a><span data-contrast=\"auto\"> e scopri come poterla accogliere visitando la pagina:<\/span><span data-ccp-props=\"{&quot;335551550&quot;:6,&quot;335551620&quot;:6,&quot;335559739&quot;:0}\">\u00a0<span style=\"color: #800000;\"><a href=\"https:\/\/www.museofratellicozzi.com\/news\/donne-motori-nuovo-tour\/\u00a0\" target=\"_blank\" rel=\"noopener noreferrer\" style=\"color: #800000;\"><strong>Donne e motori nuovo tour\u00a0<\/strong><\/a><\/span><\/span><\/p>\n<p><span data-contrast=\"auto\">Ringraziamo i nostri sostenitori: <a href=\"https:\/\/www.mawdy.it\/\" target=\"_blank\" rel=\"noopener noreferrer\"><strong>Mawdy Services<\/strong><\/a> e <span style=\"color: #800000;\"><a href=\"https:\/\/www.pirelli.com\/tyres\/it-it\/auto\/home\" target=\"_blank\" rel=\"noopener noreferrer\" style=\"color: #800000;\"><strong>Pirelli<\/strong> <\/a><\/span>come sponsor, <a href=\"https:\/\/www.quattroruote.it\/\" target=\"_blank\" rel=\"noopener noreferrer\"><strong>Quattroruote<\/strong> <\/a>e <a href=\"https:\/\/ruoteclassiche.quattroruote.it\/\" target=\"_blank\" rel=\"noopener noreferrer\"><strong>Ruoteclassiche <\/strong><\/a>come media partner, <a href=\"https:\/\/www.liuc.it\/\" target=\"_blank\" rel=\"noopener noreferrer\"><strong>Universit\u00e0 LIUC<\/strong><\/a>, <a href=\"https:\/\/www.clubacistorico.it\/index.html?no_cache=1\" target=\"_blank\" rel=\"noopener noreferrer\"><strong>ACI Storico<\/strong><\/a>, <a href=\"https:\/\/www.asifed.it\/\" target=\"_blank\" rel=\"noopener noreferrer\"><strong>ASI<\/strong> <\/a>e <a href=\"https:\/\/www.fiva.it\/\" target=\"_blank\" rel=\"noopener noreferrer\"><strong>FIVA<\/strong><\/a> per il prestigioso patrocinio all\u2019iniziativa.<\/span><span style=\"letter-spacing: 0px;\">\u00a0<\/span><\/p>\n<p>[\/et_pb_text][\/et_pb_column][\/et_pb_row][et_pb_row _builder_version=&#8221;4.8.2&#8243; _module_preset=&#8221;default&#8221;][et_pb_column type=&#8221;4_4&#8243; _builder_version=&#8221;4.8.2&#8243; _module_preset=&#8221;default&#8221;][et_pb_gallery gallery_ids=&#8221;20958,20959,20960,20961,20962,20963,20964,20956,20965,20955&#8243; fullwidth=&#8221;on&#8221; _builder_version=&#8221;4.8.2&#8243; _module_preset=&#8221;default&#8221;][\/et_pb_gallery][et_pb_text _builder_version=&#8221;4.8.2&#8243; _module_preset=&#8221;default&#8221;]<\/p>\n<p>&#8220;Donne e motori? Gioie e basta&#8221; in tour a Bologna e Maranello<\/p>\n<p>[\/et_pb_text][\/et_pb_column][\/et_pb_row][\/et_pb_section]<\/p>\n","protected":false},"excerpt":{"rendered":"<p>[et_pb_section fb_built=&#8221;1&#8243; admin_label=&#8221;Sezione&#8221; _builder_version=&#8221;3.22&#8243; custom_padding=&#8221;0px|||&#8221; transparent_background=&#8221;off&#8221; make_fullwidth=&#8221;off&#8221; use_custom_width=&#8221;off&#8221; width_unit=&#8221;on&#8221; custom_width_px=&#8221;1080&#8243; custom_width_percent=&#8221;80&#8243;][et_pb_row use_custom_gutter=&#8221;on&#8221; gutter_width=&#8221;1&#8243; disabled_on=&#8221;off|off|off&#8221; admin_label=&#8221;Riga&#8221; module_class=&#8221; et_pb_row_fullwidth&#8221; _builder_version=&#8221;3.25&#8243; background_size=&#8221;initial&#8221; background_position=&#8221;top_left&#8221; background_repeat=&#8221;repeat&#8221; width=&#8221;100%&#8221; width_tablet=&#8221;100%&#8221; width_phone=&#8221;&#8221; width_last_edited=&#8221;on|desktop&#8221; max_width=&#8221;100%&#8221; max_width_tablet=&#8221;100%&#8221; max_width_phone=&#8221;&#8221; max_width_last_edited=&#8221;on|desktop&#8221; custom_padding=&#8221;0px|||&#8221; make_fullwidth=&#8221;on&#8221; use_custom_width=&#8221;off&#8221; width_unit=&#8221;on&#8221; custom_width_px=&#8221;1080&#8243; custom_width_percent=&#8221;80&#8243;][et_pb_column type=&#8221;4_4&#8243; _builder_version=&#8221;3.25&#8243; custom_padding=&#8221;|||&#8221; custom_padding__hover=&#8221;|||&#8221;][et_pb_image src=&#8221;https:\/\/www.museofratellicozzi.com\/news\/wp-content\/uploads\/2025\/02\/MUSEO-slide-foto-11.jpg&#8221; alt=&#8221;Donne e motori in tour 2025&#8243; title_text=&#8221;Donne e motori in tour 2025&#8243; force_fullwidth=&#8221;on&#8221; align_tablet=&#8221;center&#8221; align_phone=&#8221;&#8221; [&hellip;]<\/p>\n","protected":false},"author":7,"featured_media":20963,"comment_status":"open","ping_status":"open","sticky":false,"template":"","format":"standard","meta":{"_et_pb_use_builder":"on","_et_pb_old_content":"","_et_gb_content_width":"","_jetpack_memberships_contains_paid_content":false,"footnotes":""},"categories":[775,6,872,776],"tags":[21,209,180,841,849,406,847],"class_list":["post-20927","post","type-post","status-publish","format-standard","has-post-thumbnail","hentry","category-associazione","category-cultura","category-donne-e-motori","category-woman-in-power","tag-alfa-romeo","tag-automotive","tag-cozzi","tag-donne-e-motori","tag-maria-leitner","tag-museo-fratelli-cozzi","tag-semenzato","et-has-post-format-content","et_post_format-et-post-format-standard"],"yoast_head":"<!-- This site is optimized with the Yoast SEO plugin v26.8 - https:\/\/yoast.com\/product\/yoast-seo-wordpress\/ -->\n<title>&quot;Donne e motori&quot; storie in tour febbraio -<\/title>\n<meta name=\"description\" content=\"Conosciamo le protagoniste della terza edizione della mostra fotografica &quot;Donne e motori? Gioie e basta&quot;\" \/>\n<meta name=\"robots\" content=\"index, follow, max-snippet:-1, max-image-preview:large, max-video-preview:-1\" \/>\n<link rel=\"canonical\" href=\"https:\/\/www.museofratellicozzi.com\/news\/donne-e-motori-storie-in-tour-febbraio\/\" \/>\n<meta property=\"og:locale\" content=\"it_IT\" \/>\n<meta property=\"og:type\" content=\"article\" \/>\n<meta property=\"og:title\" content=\"&quot;Donne e motori&quot; storie in tour febbraio -\" \/>\n<meta property=\"og:description\" content=\"Conosciamo le protagoniste della terza edizione della mostra fotografica &quot;Donne e motori? Gioie e basta&quot;\" \/>\n<meta property=\"og:url\" content=\"https:\/\/www.museofratellicozzi.com\/news\/donne-e-motori-storie-in-tour-febbraio\/\" \/>\n<meta property=\"og:site_name\" content=\"eNews Museo Fratelli Cozzi\" \/>\n<meta property=\"article:published_time\" content=\"2025-02-24T12:56:33+00:00\" \/>\n<meta property=\"article:modified_time\" content=\"2025-09-16T13:21:50+00:00\" \/>\n<meta property=\"og:image\" content=\"https:\/\/www.museofratellicozzi.com\/news\/wp-content\/uploads\/2025\/02\/MUSEO-slide-foto-11-1.jpg\" \/>\n\t<meta property=\"og:image:width\" content=\"1600\" \/>\n\t<meta property=\"og:image:height\" content=\"900\" \/>\n\t<meta property=\"og:image:type\" content=\"image\/jpeg\" \/>\n<meta name=\"author\" content=\"Elisabetta Cozzi\" \/>\n<meta name=\"twitter:card\" content=\"summary_large_image\" \/>\n<meta name=\"twitter:label1\" content=\"Scritto da\" \/>\n\t<meta name=\"twitter:data1\" content=\"Elisabetta Cozzi\" \/>\n\t<meta name=\"twitter:label2\" content=\"Tempo di lettura stimato\" \/>\n\t<meta name=\"twitter:data2\" content=\"10 minuti\" \/>\n<script type=\"application\/ld+json\" class=\"yoast-schema-graph\">{\"@context\":\"https:\/\/schema.org\",\"@graph\":[{\"@type\":\"Article\",\"@id\":\"https:\/\/www.museofratellicozzi.com\/news\/donne-e-motori-storie-in-tour-febbraio\/#article\",\"isPartOf\":{\"@id\":\"https:\/\/www.museofratellicozzi.com\/news\/donne-e-motori-storie-in-tour-febbraio\/\"},\"author\":{\"name\":\"Elisabetta Cozzi\",\"@id\":\"https:\/\/www.museofratellicozzi.com\/news\/#\/schema\/person\/3c2c242e79e59f9be7b62a0d9673e40d\"},\"headline\":\"&#8220;Donne e motori&#8221; storie in tour febbraio\",\"datePublished\":\"2025-02-24T12:56:33+00:00\",\"dateModified\":\"2025-09-16T13:21:50+00:00\",\"mainEntityOfPage\":{\"@id\":\"https:\/\/www.museofratellicozzi.com\/news\/donne-e-motori-storie-in-tour-febbraio\/\"},\"wordCount\":3595,\"commentCount\":1,\"publisher\":{\"@id\":\"https:\/\/www.museofratellicozzi.com\/news\/#organization\"},\"image\":{\"@id\":\"https:\/\/www.museofratellicozzi.com\/news\/donne-e-motori-storie-in-tour-febbraio\/#primaryimage\"},\"thumbnailUrl\":\"https:\/\/www.museofratellicozzi.com\/news\/wp-content\/uploads\/2025\/02\/MUSEO-slide-foto-11-1.jpg\",\"keywords\":[\"alfa romeo\",\"automotive\",\"cozzi\",\"donne e motori\",\"Maria Leitner\",\"Museo Fratelli Cozzi\",\"Semenzato\"],\"articleSection\":[\"Associazione\",\"Cultura\",\"Donne e Motori\",\"Empowerment femminile\"],\"inLanguage\":\"it-IT\",\"potentialAction\":[{\"@type\":\"CommentAction\",\"name\":\"Comment\",\"target\":[\"https:\/\/www.museofratellicozzi.com\/news\/donne-e-motori-storie-in-tour-febbraio\/#respond\"]}]},{\"@type\":\"WebPage\",\"@id\":\"https:\/\/www.museofratellicozzi.com\/news\/donne-e-motori-storie-in-tour-febbraio\/\",\"url\":\"https:\/\/www.museofratellicozzi.com\/news\/donne-e-motori-storie-in-tour-febbraio\/\",\"name\":\"\\\"Donne e motori\\\" storie in tour febbraio -\",\"isPartOf\":{\"@id\":\"https:\/\/www.museofratellicozzi.com\/news\/#website\"},\"primaryImageOfPage\":{\"@id\":\"https:\/\/www.museofratellicozzi.com\/news\/donne-e-motori-storie-in-tour-febbraio\/#primaryimage\"},\"image\":{\"@id\":\"https:\/\/www.museofratellicozzi.com\/news\/donne-e-motori-storie-in-tour-febbraio\/#primaryimage\"},\"thumbnailUrl\":\"https:\/\/www.museofratellicozzi.com\/news\/wp-content\/uploads\/2025\/02\/MUSEO-slide-foto-11-1.jpg\",\"datePublished\":\"2025-02-24T12:56:33+00:00\",\"dateModified\":\"2025-09-16T13:21:50+00:00\",\"description\":\"Conosciamo le protagoniste della terza edizione della mostra fotografica \\\"Donne e motori? Gioie e basta\\\"\",\"breadcrumb\":{\"@id\":\"https:\/\/www.museofratellicozzi.com\/news\/donne-e-motori-storie-in-tour-febbraio\/#breadcrumb\"},\"inLanguage\":\"it-IT\",\"potentialAction\":[{\"@type\":\"ReadAction\",\"target\":[\"https:\/\/www.museofratellicozzi.com\/news\/donne-e-motori-storie-in-tour-febbraio\/\"]}]},{\"@type\":\"ImageObject\",\"inLanguage\":\"it-IT\",\"@id\":\"https:\/\/www.museofratellicozzi.com\/news\/donne-e-motori-storie-in-tour-febbraio\/#primaryimage\",\"url\":\"https:\/\/www.museofratellicozzi.com\/news\/wp-content\/uploads\/2025\/02\/MUSEO-slide-foto-11-1.jpg\",\"contentUrl\":\"https:\/\/www.museofratellicozzi.com\/news\/wp-content\/uploads\/2025\/02\/MUSEO-slide-foto-11-1.jpg\",\"width\":1600,\"height\":900},{\"@type\":\"BreadcrumbList\",\"@id\":\"https:\/\/www.museofratellicozzi.com\/news\/donne-e-motori-storie-in-tour-febbraio\/#breadcrumb\",\"itemListElement\":[{\"@type\":\"ListItem\",\"position\":1,\"name\":\"Home\",\"item\":\"https:\/\/www.museofratellicozzi.com\/news\/\"},{\"@type\":\"ListItem\",\"position\":2,\"name\":\"&#8220;Donne e motori&#8221; storie in tour febbraio\"}]},{\"@type\":\"WebSite\",\"@id\":\"https:\/\/www.museofratellicozzi.com\/news\/#website\",\"url\":\"https:\/\/www.museofratellicozzi.com\/news\/\",\"name\":\"eNews Museo Fratelli Cozzi\",\"description\":\"Alfa Romeo: un mito che resiste al tempo\",\"publisher\":{\"@id\":\"https:\/\/www.museofratellicozzi.com\/news\/#organization\"},\"potentialAction\":[{\"@type\":\"SearchAction\",\"target\":{\"@type\":\"EntryPoint\",\"urlTemplate\":\"https:\/\/www.museofratellicozzi.com\/news\/?s={search_term_string}\"},\"query-input\":{\"@type\":\"PropertyValueSpecification\",\"valueRequired\":true,\"valueName\":\"search_term_string\"}}],\"inLanguage\":\"it-IT\"},{\"@type\":\"Organization\",\"@id\":\"https:\/\/www.museofratellicozzi.com\/news\/#organization\",\"name\":\"Museo Fratelli Cozzi\",\"url\":\"https:\/\/www.museofratellicozzi.com\/news\/\",\"logo\":{\"@type\":\"ImageObject\",\"inLanguage\":\"it-IT\",\"@id\":\"https:\/\/www.museofratellicozzi.com\/news\/#\/schema\/logo\/image\/\",\"url\":\"https:\/\/www.museofratellicozzi.com\/news\/wp-content\/uploads\/2017\/04\/home.png\",\"contentUrl\":\"https:\/\/www.museofratellicozzi.com\/news\/wp-content\/uploads\/2017\/04\/home.png\",\"width\":497,\"height\":512,\"caption\":\"Museo Fratelli Cozzi\"},\"image\":{\"@id\":\"https:\/\/www.museofratellicozzi.com\/news\/#\/schema\/logo\/image\/\"}},{\"@type\":\"Person\",\"@id\":\"https:\/\/www.museofratellicozzi.com\/news\/#\/schema\/person\/3c2c242e79e59f9be7b62a0d9673e40d\",\"name\":\"Elisabetta Cozzi\",\"image\":{\"@type\":\"ImageObject\",\"inLanguage\":\"it-IT\",\"@id\":\"https:\/\/www.museofratellicozzi.com\/news\/#\/schema\/person\/image\/\",\"url\":\"https:\/\/secure.gravatar.com\/avatar\/a761e7642145a4506dbd3685a69db0fc?s=96&d=mm&r=g\",\"contentUrl\":\"https:\/\/secure.gravatar.com\/avatar\/a761e7642145a4506dbd3685a69db0fc?s=96&d=mm&r=g\",\"caption\":\"Elisabetta Cozzi\"}}]}<\/script>\n<!-- \/ Yoast SEO plugin. -->","yoast_head_json":{"title":"\"Donne e motori\" storie in tour febbraio -","description":"Conosciamo le protagoniste della terza edizione della mostra fotografica \"Donne e motori? Gioie e basta\"","robots":{"index":"index","follow":"follow","max-snippet":"max-snippet:-1","max-image-preview":"max-image-preview:large","max-video-preview":"max-video-preview:-1"},"canonical":"https:\/\/www.museofratellicozzi.com\/news\/donne-e-motori-storie-in-tour-febbraio\/","og_locale":"it_IT","og_type":"article","og_title":"\"Donne e motori\" storie in tour febbraio -","og_description":"Conosciamo le protagoniste della terza edizione della mostra fotografica \"Donne e motori? Gioie e basta\"","og_url":"https:\/\/www.museofratellicozzi.com\/news\/donne-e-motori-storie-in-tour-febbraio\/","og_site_name":"eNews Museo Fratelli Cozzi","article_published_time":"2025-02-24T12:56:33+00:00","article_modified_time":"2025-09-16T13:21:50+00:00","og_image":[{"width":1600,"height":900,"url":"https:\/\/www.museofratellicozzi.com\/news\/wp-content\/uploads\/2025\/02\/MUSEO-slide-foto-11-1.jpg","type":"image\/jpeg"}],"author":"Elisabetta Cozzi","twitter_card":"summary_large_image","twitter_misc":{"Scritto da":"Elisabetta Cozzi","Tempo di lettura stimato":"10 minuti"},"schema":{"@context":"https:\/\/schema.org","@graph":[{"@type":"Article","@id":"https:\/\/www.museofratellicozzi.com\/news\/donne-e-motori-storie-in-tour-febbraio\/#article","isPartOf":{"@id":"https:\/\/www.museofratellicozzi.com\/news\/donne-e-motori-storie-in-tour-febbraio\/"},"author":{"name":"Elisabetta Cozzi","@id":"https:\/\/www.museofratellicozzi.com\/news\/#\/schema\/person\/3c2c242e79e59f9be7b62a0d9673e40d"},"headline":"&#8220;Donne e motori&#8221; storie in tour febbraio","datePublished":"2025-02-24T12:56:33+00:00","dateModified":"2025-09-16T13:21:50+00:00","mainEntityOfPage":{"@id":"https:\/\/www.museofratellicozzi.com\/news\/donne-e-motori-storie-in-tour-febbraio\/"},"wordCount":3595,"commentCount":1,"publisher":{"@id":"https:\/\/www.museofratellicozzi.com\/news\/#organization"},"image":{"@id":"https:\/\/www.museofratellicozzi.com\/news\/donne-e-motori-storie-in-tour-febbraio\/#primaryimage"},"thumbnailUrl":"https:\/\/www.museofratellicozzi.com\/news\/wp-content\/uploads\/2025\/02\/MUSEO-slide-foto-11-1.jpg","keywords":["alfa romeo","automotive","cozzi","donne e motori","Maria Leitner","Museo Fratelli Cozzi","Semenzato"],"articleSection":["Associazione","Cultura","Donne e Motori","Empowerment femminile"],"inLanguage":"it-IT","potentialAction":[{"@type":"CommentAction","name":"Comment","target":["https:\/\/www.museofratellicozzi.com\/news\/donne-e-motori-storie-in-tour-febbraio\/#respond"]}]},{"@type":"WebPage","@id":"https:\/\/www.museofratellicozzi.com\/news\/donne-e-motori-storie-in-tour-febbraio\/","url":"https:\/\/www.museofratellicozzi.com\/news\/donne-e-motori-storie-in-tour-febbraio\/","name":"\"Donne e motori\" storie in tour febbraio -","isPartOf":{"@id":"https:\/\/www.museofratellicozzi.com\/news\/#website"},"primaryImageOfPage":{"@id":"https:\/\/www.museofratellicozzi.com\/news\/donne-e-motori-storie-in-tour-febbraio\/#primaryimage"},"image":{"@id":"https:\/\/www.museofratellicozzi.com\/news\/donne-e-motori-storie-in-tour-febbraio\/#primaryimage"},"thumbnailUrl":"https:\/\/www.museofratellicozzi.com\/news\/wp-content\/uploads\/2025\/02\/MUSEO-slide-foto-11-1.jpg","datePublished":"2025-02-24T12:56:33+00:00","dateModified":"2025-09-16T13:21:50+00:00","description":"Conosciamo le protagoniste della terza edizione della mostra fotografica \"Donne e motori? Gioie e basta\"","breadcrumb":{"@id":"https:\/\/www.museofratellicozzi.com\/news\/donne-e-motori-storie-in-tour-febbraio\/#breadcrumb"},"inLanguage":"it-IT","potentialAction":[{"@type":"ReadAction","target":["https:\/\/www.museofratellicozzi.com\/news\/donne-e-motori-storie-in-tour-febbraio\/"]}]},{"@type":"ImageObject","inLanguage":"it-IT","@id":"https:\/\/www.museofratellicozzi.com\/news\/donne-e-motori-storie-in-tour-febbraio\/#primaryimage","url":"https:\/\/www.museofratellicozzi.com\/news\/wp-content\/uploads\/2025\/02\/MUSEO-slide-foto-11-1.jpg","contentUrl":"https:\/\/www.museofratellicozzi.com\/news\/wp-content\/uploads\/2025\/02\/MUSEO-slide-foto-11-1.jpg","width":1600,"height":900},{"@type":"BreadcrumbList","@id":"https:\/\/www.museofratellicozzi.com\/news\/donne-e-motori-storie-in-tour-febbraio\/#breadcrumb","itemListElement":[{"@type":"ListItem","position":1,"name":"Home","item":"https:\/\/www.museofratellicozzi.com\/news\/"},{"@type":"ListItem","position":2,"name":"&#8220;Donne e motori&#8221; storie in tour febbraio"}]},{"@type":"WebSite","@id":"https:\/\/www.museofratellicozzi.com\/news\/#website","url":"https:\/\/www.museofratellicozzi.com\/news\/","name":"eNews Museo Fratelli Cozzi","description":"Alfa Romeo: un mito che resiste al tempo","publisher":{"@id":"https:\/\/www.museofratellicozzi.com\/news\/#organization"},"potentialAction":[{"@type":"SearchAction","target":{"@type":"EntryPoint","urlTemplate":"https:\/\/www.museofratellicozzi.com\/news\/?s={search_term_string}"},"query-input":{"@type":"PropertyValueSpecification","valueRequired":true,"valueName":"search_term_string"}}],"inLanguage":"it-IT"},{"@type":"Organization","@id":"https:\/\/www.museofratellicozzi.com\/news\/#organization","name":"Museo Fratelli Cozzi","url":"https:\/\/www.museofratellicozzi.com\/news\/","logo":{"@type":"ImageObject","inLanguage":"it-IT","@id":"https:\/\/www.museofratellicozzi.com\/news\/#\/schema\/logo\/image\/","url":"https:\/\/www.museofratellicozzi.com\/news\/wp-content\/uploads\/2017\/04\/home.png","contentUrl":"https:\/\/www.museofratellicozzi.com\/news\/wp-content\/uploads\/2017\/04\/home.png","width":497,"height":512,"caption":"Museo Fratelli Cozzi"},"image":{"@id":"https:\/\/www.museofratellicozzi.com\/news\/#\/schema\/logo\/image\/"}},{"@type":"Person","@id":"https:\/\/www.museofratellicozzi.com\/news\/#\/schema\/person\/3c2c242e79e59f9be7b62a0d9673e40d","name":"Elisabetta Cozzi","image":{"@type":"ImageObject","inLanguage":"it-IT","@id":"https:\/\/www.museofratellicozzi.com\/news\/#\/schema\/person\/image\/","url":"https:\/\/secure.gravatar.com\/avatar\/a761e7642145a4506dbd3685a69db0fc?s=96&d=mm&r=g","contentUrl":"https:\/\/secure.gravatar.com\/avatar\/a761e7642145a4506dbd3685a69db0fc?s=96&d=mm&r=g","caption":"Elisabetta Cozzi"}}]}},"jetpack_featured_media_url":"https:\/\/www.museofratellicozzi.com\/news\/wp-content\/uploads\/2025\/02\/MUSEO-slide-foto-11-1.jpg","jetpack_shortlink":"https:\/\/wp.me\/p90Eth-5rx","jetpack_sharing_enabled":true,"post_mailing_queue_ids":[],"_links":{"self":[{"href":"https:\/\/www.museofratellicozzi.com\/news\/wp-json\/wp\/v2\/posts\/20927","targetHints":{"allow":["GET"]}}],"collection":[{"href":"https:\/\/www.museofratellicozzi.com\/news\/wp-json\/wp\/v2\/posts"}],"about":[{"href":"https:\/\/www.museofratellicozzi.com\/news\/wp-json\/wp\/v2\/types\/post"}],"author":[{"embeddable":true,"href":"https:\/\/www.museofratellicozzi.com\/news\/wp-json\/wp\/v2\/users\/7"}],"replies":[{"embeddable":true,"href":"https:\/\/www.museofratellicozzi.com\/news\/wp-json\/wp\/v2\/comments?post=20927"}],"version-history":[{"count":25,"href":"https:\/\/www.museofratellicozzi.com\/news\/wp-json\/wp\/v2\/posts\/20927\/revisions"}],"predecessor-version":[{"id":21590,"href":"https:\/\/www.museofratellicozzi.com\/news\/wp-json\/wp\/v2\/posts\/20927\/revisions\/21590"}],"wp:featuredmedia":[{"embeddable":true,"href":"https:\/\/www.museofratellicozzi.com\/news\/wp-json\/wp\/v2\/media\/20963"}],"wp:attachment":[{"href":"https:\/\/www.museofratellicozzi.com\/news\/wp-json\/wp\/v2\/media?parent=20927"}],"wp:term":[{"taxonomy":"category","embeddable":true,"href":"https:\/\/www.museofratellicozzi.com\/news\/wp-json\/wp\/v2\/categories?post=20927"},{"taxonomy":"post_tag","embeddable":true,"href":"https:\/\/www.museofratellicozzi.com\/news\/wp-json\/wp\/v2\/tags?post=20927"}],"curies":[{"name":"wp","href":"https:\/\/api.w.org\/{rel}","templated":true}]}}