{"id":21226,"date":"2025-03-25T17:43:26","date_gmt":"2025-03-25T16:43:26","guid":{"rendered":"https:\/\/www.museofratellicozzi.com\/news\/?p=21226"},"modified":"2025-09-16T15:21:34","modified_gmt":"2025-09-16T13:21:34","slug":"donne-e-motori-storie-in-tour-marzo","status":"publish","type":"post","link":"https:\/\/www.museofratellicozzi.com\/news\/donne-e-motori-storie-in-tour-marzo\/","title":{"rendered":"&#8220;Donne e motori&#8221; storie in tour marzo"},"content":{"rendered":"<p>[et_pb_section fb_built=&#8221;1&#8243; admin_label=&#8221;Sezione&#8221; _builder_version=&#8221;3.22&#8243; custom_padding=&#8221;0px|||&#8221; transparent_background=&#8221;off&#8221; make_fullwidth=&#8221;off&#8221; use_custom_width=&#8221;off&#8221; width_unit=&#8221;on&#8221; custom_width_px=&#8221;1080&#8243; custom_width_percent=&#8221;80&#8243;][et_pb_row use_custom_gutter=&#8221;on&#8221; gutter_width=&#8221;1&#8243; disabled_on=&#8221;off|off|off&#8221; admin_label=&#8221;Riga&#8221; module_class=&#8221; et_pb_row_fullwidth&#8221; _builder_version=&#8221;3.25&#8243; background_size=&#8221;initial&#8221; background_position=&#8221;top_left&#8221; background_repeat=&#8221;repeat&#8221; width=&#8221;100%&#8221; width_tablet=&#8221;100%&#8221; width_phone=&#8221;&#8221; width_last_edited=&#8221;on|desktop&#8221; max_width=&#8221;100%&#8221; max_width_tablet=&#8221;100%&#8221; max_width_phone=&#8221;&#8221; max_width_last_edited=&#8221;on|desktop&#8221; custom_padding=&#8221;0px|||&#8221; make_fullwidth=&#8221;on&#8221; use_custom_width=&#8221;off&#8221; width_unit=&#8221;on&#8221; custom_width_px=&#8221;1080&#8243; custom_width_percent=&#8221;80&#8243;][et_pb_column type=&#8221;4_4&#8243; _builder_version=&#8221;3.25&#8243; custom_padding=&#8221;|||&#8221; custom_padding__hover=&#8221;|||&#8221;][et_pb_image src=&#8221;https:\/\/www.museofratellicozzi.com\/news\/wp-content\/uploads\/2025\/03\/MUSEO-slide-foto-14.jpg&#8221; alt=&#8221;Donne e motori in tour 2025&#8243; title_text=&#8221;MUSEO slide foto (14)&#8221; force_fullwidth=&#8221;on&#8221; align_tablet=&#8221;center&#8221; align_phone=&#8221;&#8221; align_last_edited=&#8221;on|desktop&#8221; admin_label=&#8221;Immagine principale&#8221; _builder_version=&#8221;4.8.2&#8243; animation=&#8221;off&#8221; sticky=&#8221;off&#8221; use_border_color=&#8221;off&#8221; border_color=&#8221;#ffffff&#8221; border_width=&#8221;1&#8243; border_style=&#8221;solid&#8221; always_center_on_mobile=&#8221;on&#8221;][\/et_pb_image][\/et_pb_column][\/et_pb_row][et_pb_row admin_label=&#8221;Riga&#8221; _builder_version=&#8221;4.8.2&#8243; background_size=&#8221;initial&#8221; background_position=&#8221;top_left&#8221; background_repeat=&#8221;repeat&#8221; custom_padding=&#8221;20px||0px|&#8221; make_fullwidth=&#8221;off&#8221; use_custom_width=&#8221;off&#8221; width_unit=&#8221;on&#8221; custom_width_px=&#8221;1080&#8243; custom_width_percent=&#8221;80&#8243;][et_pb_column type=&#8221;4_4&#8243; _builder_version=&#8221;3.25&#8243; custom_padding=&#8221;|||&#8221; custom_padding__hover=&#8221;|||&#8221;][et_pb_text admin_label=&#8221;Titolo&#8221; _builder_version=&#8221;4.8.2&#8243; text_font=&#8221;PT Sans||||&#8221; text_text_color=&#8221;#000000&#8243; text_font_size=&#8221;72&#8243; text_letter_spacing=&#8221;0&#8243; text_line_height=&#8221;1.1&#8243; header_font=&#8221;PT Sans||||&#8221; header_text_color=&#8221;#000000&#8243; header_font_size=&#8221;48&#8243; header_letter_spacing=&#8221;0&#8243; header_line_height=&#8221;1.1em&#8221; background_size=&#8221;initial&#8221; background_position=&#8221;top_left&#8221; background_repeat=&#8221;repeat&#8221; custom_margin=&#8221;0px||0px|&#8221; text_font_size_tablet=&#8221;60&#8243; text_font_size_phone=&#8221;&#8221; text_font_size_last_edited=&#8221;on|phone&#8221; text_letter_spacing_tablet=&#8221;&#8221; text_letter_spacing_phone=&#8221;&#8221; text_letter_spacing_last_edited=&#8221;on|desktop&#8221; text_line_height_tablet=&#8221;&#8221; text_line_height_phone=&#8221;&#8221; text_line_height_last_edited=&#8221;on|&#8221; header_font_size_tablet=&#8221;46&#8243; header_font_size_phone=&#8221;38px&#8221; header_font_size_last_edited=&#8221;on|phone&#8221; use_border_color=&#8221;off&#8221; border_color=&#8221;#ffffff&#8221; border_width=&#8221;1&#8243; border_style=&#8221;solid&#8221;]<\/p>\n<p>Donne e motori tour: marzo<\/p>\n<p>[\/et_pb_text][et_pb_text admin_label=&#8221;Data&#8221; _builder_version=&#8221;4.8.2&#8243; text_font=&#8221;PT Sans|on|||&#8221; text_text_color=&#8221;#363636&#8243; text_font_size=&#8221;18&#8243; text_letter_spacing=&#8221;0&#8243; text_line_height=&#8221;1.7&#8243; header_font_size=&#8221;30&#8243; header_letter_spacing=&#8221;0&#8243; header_line_height=&#8221;1&#8243; background_size=&#8221;initial&#8221; background_position=&#8221;top_left&#8221; background_repeat=&#8221;repeat&#8221; custom_margin=&#8221;10px||0px|&#8221; custom_padding=&#8221;||0px|||&#8221; use_border_color=&#8221;off&#8221; border_color=&#8221;#ffffff&#8221; border_width=&#8221;1&#8243; border_style=&#8221;solid&#8221;]<\/p>\n<p>Marzo 2025<\/p>\n<p>[\/et_pb_text][\/et_pb_column][\/et_pb_row][\/et_pb_section][et_pb_section fb_built=&#8221;1&#8243; admin_label=&#8221;Section&#8221; _builder_version=&#8221;3.22&#8243; background_color=&#8221;#f7f7f4&#8243; transparent_background=&#8221;off&#8221; make_fullwidth=&#8221;off&#8221; use_custom_width=&#8221;off&#8221; width_unit=&#8221;on&#8221; custom_width_px=&#8221;1080&#8243; custom_width_percent=&#8221;80&#8243;][et_pb_row column_structure=&#8221;1_3,2_3&#8243; padding_mobile=&#8221;on&#8221; column_padding_mobile=&#8221;on&#8221; admin_label=&#8221;row&#8221; _builder_version=&#8221;4.8.2&#8243; background_size=&#8221;initial&#8221; background_position=&#8221;top_left&#8221; background_repeat=&#8221;repeat&#8221; custom_margin=&#8221;10px||||false|false&#8221; custom_padding=&#8221;0px|||&#8221; make_fullwidth=&#8221;off&#8221; use_custom_width=&#8221;off&#8221; width_unit=&#8221;on&#8221; custom_width_px=&#8221;1080&#8243; custom_width_percent=&#8221;80&#8243;][et_pb_column type=&#8221;1_3&#8243; _builder_version=&#8221;3.25&#8243; custom_padding=&#8221;|||&#8221; custom_padding__hover=&#8221;|||&#8221;][et_pb_testimonial portrait_url=&#8221;https:\/\/www.museofratellicozzi.com\/news\/wp-content\/uploads\/2025\/01\/Foto-bio-redazione-MUSEO-1.png&#8221; _builder_version=&#8221;4.8.2&#8243; _module_preset=&#8221;default&#8221; box_shadow_style_image=&#8221;preset1&#8243;]<\/p>\n<h4>RITA PAPARELLA<\/h4>\n<p>Ingegnere nucleare, PhD in fisica delle particelle. Giornalista pubblicista e consulente tecnico in progetti industriali di innovazione e R&amp;D[\/et_pb_testimonial][\/et_pb_column][et_pb_column type=&#8221;2_3&#8243; _builder_version=&#8221;3.25&#8243; custom_padding=&#8221;|||&#8221; custom_padding__hover=&#8221;|||&#8221;][et_pb_text admin_label=&#8221;Blocco testo 1&#8243; _builder_version=&#8221;4.8.2&#8243; text_font=&#8221;PT Sans||||&#8221; text_text_color=&#8221;#363636&#8243; text_font_size=&#8221;20&#8243; text_letter_spacing=&#8221;0&#8243; text_line_height=&#8221;1.2em&#8221; header_font_size=&#8221;30&#8243; header_letter_spacing=&#8221;0&#8243; header_line_height=&#8221;1&#8243; background_size=&#8221;initial&#8221; background_position=&#8221;top_left&#8221; background_repeat=&#8221;repeat&#8221; max_width=&#8221;620px&#8221; custom_margin=&#8221;0px||0px||false|false&#8221; custom_padding=&#8221;||0px|||&#8221; text_font_size_tablet=&#8221;&#8221; text_font_size_phone=&#8221;&#8221; text_font_size_last_edited=&#8221;on|tablet&#8221; use_border_color=&#8221;off&#8221; border_color=&#8221;#ffffff&#8221; border_width=&#8221;1&#8243; border_style=&#8221;solid&#8221;]<strong>Se \u00e8 la tua prima volta qui, benvenuta\/benvenuto!\u00a0\u00a0<\/strong><\/p>\n<p><span data-contrast=\"auto\">&#8220;Donne e Motori? Gioie e basta&#8221; \u00e8 il progetto fotografico del <\/span><strong>Museo Fratelli Cozzi<\/strong><span data-contrast=\"auto\"> che sfida i pregiudizi di genere, raccontando la forza di <\/span><strong>40 donne<\/strong><span data-contrast=\"auto\"> attraverso gli scatti di <\/span><strong>Camilla Albertini<\/strong><span data-contrast=\"auto\">. La <\/span><strong>terza edizione<\/strong><span data-contrast=\"auto\"> celebra la <\/span><strong>sorellanza<\/strong><span data-contrast=\"auto\">, per superare gli stereotipi sulla solidariet\u00e0 femminile.<\/span><span data-ccp-props=\"{&quot;335551550&quot;:6,&quot;335551620&quot;:6,&quot;335559739&quot;:0}\">\u00a0<\/span><\/p>\n<p><span data-contrast=\"auto\">Vuoi saperne di pi\u00f9? Clicca su questo link:<\/span><span data-ccp-props=\"{&quot;335551550&quot;:6,&quot;335551620&quot;:6,&quot;335559739&quot;:0}\">\u00a0<\/span><span style=\"color: #800000;\"><strong><a style=\"color: #800000;\" href=\"https:\/\/www.museofratellicozzi.com\/news\/donne-e-motori-gioie-e-basta-le-protagoniste-terza-edizione\/\" target=\"_blank\" rel=\"noopener\">Vuoi saperne di pi\u00f9? Clicca qui<\/a><\/strong><\/span><span style=\"letter-spacing: 0px; text-align: left;\">\u00a0<\/span><\/p>\n<p><strong><span style=\"letter-spacing: 0px; text-align: left;\">Come ogni mese, vi accompagniamo alla scoperta delle donne protagoniste e dei luoghi che hanno ospitato e ospiteranno la mostra e il progetto.\u00a0<\/span><\/strong>[\/et_pb_text][\/et_pb_column][\/et_pb_row][et_pb_row _builder_version=&#8221;4.8.2&#8243; _module_preset=&#8221;default&#8221;][et_pb_column type=&#8221;4_4&#8243; _builder_version=&#8221;4.8.2&#8243; _module_preset=&#8221;default&#8221;][et_pb_divider _builder_version=&#8221;4.8.2&#8243; _module_preset=&#8221;default&#8221;][\/et_pb_divider][\/et_pb_column][\/et_pb_row][et_pb_row column_structure=&#8221;1_2,1_2&#8243; _builder_version=&#8221;4.8.2&#8243; _module_preset=&#8221;default&#8221;][et_pb_column type=&#8221;1_2&#8243; _builder_version=&#8221;4.8.2&#8243; _module_preset=&#8221;default&#8221;][et_pb_image src=&#8221;https:\/\/www.museofratellicozzi.com\/news\/wp-content\/uploads\/2025\/03\/Copia-di-MUSEO-Foto-interne-articolo-NL-2.png&#8221; title_text=&#8221;Desir\u00e9e Baldini&#8221; _builder_version=&#8221;4.8.2&#8243; _module_preset=&#8221;default&#8221;][\/et_pb_image][et_pb_text _builder_version=&#8221;4.8.2&#8243; _module_preset=&#8221;default&#8221;]<\/p>\n<p>\u201cThe ICE\u201d a Saint-Moritz<\/p>\n<p>[\/et_pb_text][\/et_pb_column][et_pb_column type=&#8221;1_2&#8243; _builder_version=&#8221;4.8.2&#8243; _module_preset=&#8221;default&#8221;][et_pb_image src=&#8221;https:\/\/www.museofratellicozzi.com\/news\/wp-content\/uploads\/2025\/03\/Copia-di-MUSEO-Foto-interne-articolo-NL-1.png&#8221; title_text=&#8221;Copia di MUSEO Foto interne articolo NL (1)&#8221; _builder_version=&#8221;4.8.2&#8243; _module_preset=&#8221;default&#8221;][\/et_pb_image][et_pb_text _builder_version=&#8221;4.8.2&#8243; _module_preset=&#8221;default&#8221;]<\/p>\n<p>Milano Autoclassica<\/p>\n<p>[\/et_pb_text][\/et_pb_column][\/et_pb_row][et_pb_row column_structure=&#8221;1_3,2_3&#8243; padding_mobile=&#8221;on&#8221; column_padding_mobile=&#8221;on&#8221; admin_label=&#8221;row&#8221; _builder_version=&#8221;4.8.2&#8243; background_size=&#8221;initial&#8221; background_position=&#8221;top_left&#8221; background_repeat=&#8221;repeat&#8221; custom_margin=&#8221;10px||||false|false&#8221; custom_padding=&#8221;0px|||&#8221; make_fullwidth=&#8221;off&#8221; use_custom_width=&#8221;off&#8221; width_unit=&#8221;on&#8221; custom_width_px=&#8221;1080&#8243; custom_width_percent=&#8221;80&#8243;][et_pb_column type=&#8221;1_3&#8243; _builder_version=&#8221;3.25&#8243; custom_padding=&#8221;|||&#8221; custom_padding__hover=&#8221;|||&#8221;][\/et_pb_column][et_pb_column type=&#8221;2_3&#8243; _builder_version=&#8221;3.25&#8243; custom_padding=&#8221;|||&#8221; custom_padding__hover=&#8221;|||&#8221;][et_pb_text admin_label=&#8221;Blocco testo 1&#8243; _builder_version=&#8221;4.8.2&#8243; text_font=&#8221;PT Sans||||&#8221; text_text_color=&#8221;#363636&#8243; text_font_size=&#8221;20&#8243; text_letter_spacing=&#8221;0&#8243; text_line_height=&#8221;1.2em&#8221; header_font_size=&#8221;30&#8243; header_letter_spacing=&#8221;0&#8243; header_line_height=&#8221;1&#8243; background_size=&#8221;initial&#8221; background_position=&#8221;top_left&#8221; background_repeat=&#8221;repeat&#8221; max_width=&#8221;620px&#8221; custom_margin=&#8221;0px||0px||false|false&#8221; custom_padding=&#8221;||0px|||&#8221; hover_enabled=&#8221;0&#8243; text_font_size_tablet=&#8221;&#8221; text_font_size_phone=&#8221;&#8221; text_font_size_last_edited=&#8221;on|tablet&#8221; use_border_color=&#8221;off&#8221; border_color=&#8221;#ffffff&#8221; border_width=&#8221;1&#8243; border_style=&#8221;solid&#8221; sticky_enabled=&#8221;0&#8243;]<\/p>\n<p><strong>Desir\u00e9e Baldini<\/strong>:<strong> una carriera tra motori e parole<\/strong><\/p>\n<p>Consulente PR &amp; Media Relations, attenta alle relazioni umane, senza distinzioni di genere. Dal food all\u2019automotive, specializzata in vetture classiche &amp; vintage.<\/p>\n<p>\u201c<em>Quando iniziai la mia carriera, negli anni \u201990, nell\u2019ambito della comunicazione a 360\u00b0 nel settore automotive, le presenze femminili erano rarissime. Ricordo con gratitudine la mia prima responsabile\u00a0 Teresa Prastaro,\u00a0<\/em><em>una vera pioniera ante litteram: lavorava da sempre in questo mondo e mi accolse durante gli anni universitari, offrendomi la possibilit\u00e0 di collaborare come hostess a un evento stampa di grande prestigio<\/em>\u201d.<\/p>\n<p>Da quell\u2019esperienza iniziale, D\u00e9sir\u00e9e comincia a lavorare stabilmente e d\u00e0 avvio al suo percorso professionale, sotto la guida di una donna che le insegna a navigare in un contesto completamente dominato dagli uomini.<span style=\"letter-spacing: 0px;\">\u00a0<\/span><\/p>\n<p><em>\u201cAll\u2019inizio degli anni 2000, invece, si assistette a una sorta di <strong>rivincita<\/strong>: eravamo in tante, quasi tutte donne, a presidiare ruoli prima impensabili per il nostro genere. Eppure, le difficolt\u00e0 non vennero meno. In questo tipo di incarichi, <strong>essere donna significava spesso dover affrontare un doppio giudizio<\/strong>: uno legato alle competenze e l\u2019altro, pi\u00f9 subdolo, legato alla possibilit\u00e0 di diventare madre.\u201d<\/em><\/p>\n<p><span style=\"letter-spacing: 0px;\">\u00a0<\/span><\/p>\n<p>[\/et_pb_text][et_pb_image src=&#8221;https:\/\/www.museofratellicozzi.com\/news\/wp-content\/uploads\/2025\/03\/Copia-di-MUSEO-Foto-interne-articolo-NL-.png&#8221; title_text=&#8221;Desir\u00e9e Baldini&#8221; _builder_version=&#8221;4.8.2&#8243; _module_preset=&#8221;default&#8221;][\/et_pb_image][et_pb_text _builder_version=&#8221;4.8.2&#8243; _module_preset=&#8221;default&#8221;]<\/p>\n<p>DESIR\u00c9E BALDINI:\u00a0Consulente PR &amp; Media Relations, attenta alle relazioni umane<\/p>\n<p>[\/et_pb_text][et_pb_text admin_label=&#8221;Blocco testo 1&#8243; _builder_version=&#8221;4.8.2&#8243; text_font=&#8221;PT Sans||||&#8221; text_text_color=&#8221;#363636&#8243; text_font_size=&#8221;20&#8243; text_letter_spacing=&#8221;0&#8243; text_line_height=&#8221;1.2em&#8221; header_font_size=&#8221;30&#8243; header_letter_spacing=&#8221;0&#8243; header_line_height=&#8221;1&#8243; background_size=&#8221;initial&#8221; background_position=&#8221;top_left&#8221; background_repeat=&#8221;repeat&#8221; max_width=&#8221;620px&#8221; custom_margin=&#8221;0px||0px||false|false&#8221; custom_padding=&#8221;||0px|||&#8221; text_font_size_tablet=&#8221;&#8221; text_font_size_phone=&#8221;&#8221; text_font_size_last_edited=&#8221;on|tablet&#8221; use_border_color=&#8221;off&#8221; border_color=&#8221;#ffffff&#8221; border_width=&#8221;1&#8243; border_style=&#8221;solid&#8221;]<\/p>\n<p>D\u00e9sir\u00e9e, in diverse fasi della sua carriera, si vede costretta a <strong>mettere da parte importanti opportunit\u00e0 lavorative<\/strong> per preservare la propria <strong>autonomia personale<\/strong>. La scelta di diventare madre senza rinunciare alla crescita professionale si rivela un percorso costellato di ostacoli: una fatica costante nel riaffermare il proprio valore, tra pregiudizi persistenti e il timore, spesso taciuto, di non ritrovare lo stesso spazio al proprio ritorno.<\/p>\n<p>\u201c<em>Nel 2008, in piena crisi globale, decisi di fare un <strong>salto coraggioso<\/strong>: avviai la mia attivit\u00e0 da libera professionista, offrendo consulenza in comunicazione nei settori dell\u2019automotive, del food &amp; beverage, per alcune onlus e altri progetti multidisciplinari. In questo modo, sono riuscita a gestire meglio la mia doppia identit\u00e0 di madre e professionista<\/em>.\u201d<\/p>\n<p>Negli ultimi anni si \u00e8 specializzata nel mondo del collezionismo, dei musei e dei veicoli d\u2019epoca. Dal 2020 collabora con il prestigioso concorso d\u2019eleganza <strong>\u201cThe ICE\u201d <\/strong>a<strong> Saint-Moritz<\/strong>, segue <strong>Milano Autoclassica<\/strong> dal 2017, il <strong>4&#215;4 Fest<\/strong> dal 2010, il <strong>Vicenza Classic Show<\/strong> dal 2024 ed \u00e8 consulente in comunicazione per <strong>Canossa Events<\/strong>. Collabora anche con la storica <strong>Scuderia Sant Ambroeus<\/strong> di Milano, con la <strong>Fiera Ecomondo di Rimini<\/strong>, e ha lavorato per un anno alla <strong>Targa Florio<\/strong>.\u201d<\/p>\n<p>D\u00e9sir\u00e9e \u00e8 una testimonianza concreta di quello che Richiard Thaler, in the Nudge, ha spiegato come un approccio attivo all\u2019architettura delle scelte, le nostre ma anche quelle di chi ha in mano il nostro destino. Facendosi scudo di una resilienza determinata, ha superato ogni limite imposto da pregiudizi e ostacoli di genere e ha contribuito ad un cambiamento del paradigma, senza imposizioni o guerre, ma con una delicata spinta nella direzione giusta.<\/p>\n<p>[\/et_pb_text][\/et_pb_column][\/et_pb_row][et_pb_row _builder_version=&#8221;4.8.2&#8243; _module_preset=&#8221;default&#8221;][et_pb_column type=&#8221;4_4&#8243; _builder_version=&#8221;4.8.2&#8243; _module_preset=&#8221;default&#8221;][et_pb_divider _builder_version=&#8221;4.8.2&#8243; _module_preset=&#8221;default&#8221;][\/et_pb_divider][\/et_pb_column][\/et_pb_row][et_pb_row column_structure=&#8221;1_3,2_3&#8243; _builder_version=&#8221;4.8.2&#8243; _module_preset=&#8221;default&#8221;][et_pb_column type=&#8221;1_3&#8243; _builder_version=&#8221;4.8.2&#8243; _module_preset=&#8221;default&#8221;][\/et_pb_column][et_pb_column type=&#8221;2_3&#8243; _builder_version=&#8221;4.8.2&#8243; _module_preset=&#8221;default&#8221;][et_pb_image src=&#8221;https:\/\/www.museofratellicozzi.com\/news\/wp-content\/uploads\/2025\/03\/Copia-di-MUSEO-Foto-interne-articolo-NL-5.png&#8221; alt=&#8221;Francesca Gasperi&#8221; title_text=&#8221;Copia di MUSEO Foto interne articolo NL (5)&#8221; _builder_version=&#8221;4.8.2&#8243; _module_preset=&#8221;default&#8221;][\/et_pb_image][et_pb_text _builder_version=&#8221;4.8.2&#8243; _module_preset=&#8221;default&#8221;]<\/p>\n<p>CECILIA TABARELLI: Valorizzare il talento femminile nel settore delle vendite e dei servizi automotive<\/p>\n<p>[\/et_pb_text][\/et_pb_column][\/et_pb_row][et_pb_row column_structure=&#8221;1_3,2_3&#8243; padding_mobile=&#8221;on&#8221; column_padding_mobile=&#8221;on&#8221; admin_label=&#8221;row&#8221; _builder_version=&#8221;4.8.2&#8243; background_size=&#8221;initial&#8221; background_position=&#8221;top_left&#8221; background_repeat=&#8221;repeat&#8221; custom_margin=&#8221;10px||||false|false&#8221; custom_padding=&#8221;0px|||&#8221; make_fullwidth=&#8221;off&#8221; use_custom_width=&#8221;off&#8221; width_unit=&#8221;on&#8221; custom_width_px=&#8221;1080&#8243; custom_width_percent=&#8221;80&#8243;][et_pb_column type=&#8221;1_3&#8243; _builder_version=&#8221;3.25&#8243; custom_padding=&#8221;|||&#8221; custom_padding__hover=&#8221;|||&#8221;][\/et_pb_column][et_pb_column type=&#8221;2_3&#8243; _builder_version=&#8221;3.25&#8243; custom_padding=&#8221;|||&#8221; custom_padding__hover=&#8221;|||&#8221;][et_pb_text admin_label=&#8221;Blocco testo 1&#8243; _builder_version=&#8221;4.8.2&#8243; text_font=&#8221;PT Sans||||&#8221; text_text_color=&#8221;#363636&#8243; text_font_size=&#8221;20&#8243; text_letter_spacing=&#8221;0&#8243; text_line_height=&#8221;1.2em&#8221; header_font_size=&#8221;30&#8243; header_letter_spacing=&#8221;0&#8243; header_line_height=&#8221;1&#8243; background_size=&#8221;initial&#8221; background_position=&#8221;top_left&#8221; background_repeat=&#8221;repeat&#8221; max_width=&#8221;620px&#8221; custom_margin=&#8221;0px||0px||false|false&#8221; text_font_size_tablet=&#8221;&#8221; text_font_size_phone=&#8221;&#8221; text_font_size_last_edited=&#8221;on|tablet&#8221; use_border_color=&#8221;off&#8221; border_color=&#8221;#ffffff&#8221; border_width=&#8221;1&#8243; border_style=&#8221;solid&#8221;]<\/p>\n<p><span data-ccp-props=\"{&quot;335551550&quot;:6,&quot;335551620&quot;:6,&quot;335559739&quot;:0}\"><\/span><\/p>\n<h3>Cecilia Tabarelli: Valorizzare il talento femminile nel settore delle vendite e dei servizi automotive<\/h3>\n<p>Direttore marketing Strategico e Comunicazione Mawdy e Mawdy Services<\/p>\n<p>Cecilia \u00e8 una figura dirigenziale di rilievo nel panorama del marketing e della comunicazione, con un consolidato expertise in svariati settori. Dopo una prima esperienza nel settore dell\u2019elettronica per comunicazioni impiantistiche, che l\u2019ha portata a lavorare tra <strong>Cina, Taiwan e piattaforme petrolifere<\/strong>, rientra in Italia e, a causa di un vincolo di non concorrenza che le impedisce di proseguire in quel settore, giovane e motivata, decide di trasformare la sua passione per il mondo dei <strong>motori, auto e moto<\/strong> in un percorso professionale.<\/p>\n<p>Nel 1999 entra nel <strong>Gruppo Fassina<\/strong>, tra i primi grandi gruppi di concessionarie in Italia, dove cresce rapidamente: da responsabile dell\u2019usato e dell\u2019area commerciale, diventa a soli <strong>29 anni<\/strong> direttrice di concessionarie e poi <strong>Direttore Generale <\/strong>di Volvo Svezia Car, per poi seguire anche l\u2019acquisizione della concessionaria Jeep nel 2011.<\/p>\n<p>Nel 2017, con la nascita di sua figlia, si prende una pausa per vivere la maternit\u00e0, ma presto sente il desiderio di <strong>nuove sfide<\/strong> e decide di uscire dalla propria zona di comfort. Diventa <strong>Direttore Commerciale e B2B di eBay Automotive Italia<\/strong>, un\u2019esperienza che lei stessa definisce una vera &#8220;palestra&#8221; professionale e umana.<\/p>\n<p>[\/et_pb_text][\/et_pb_column][\/et_pb_row][et_pb_row _builder_version=&#8221;4.8.2&#8243; _module_preset=&#8221;default&#8221;][et_pb_column type=&#8221;4_4&#8243; _builder_version=&#8221;4.8.2&#8243; _module_preset=&#8221;default&#8221;][et_pb_divider _builder_version=&#8221;4.8.2&#8243; _module_preset=&#8221;default&#8221;][\/et_pb_divider][\/et_pb_column][\/et_pb_row][et_pb_row column_structure=&#8221;1_2,1_2&#8243; _builder_version=&#8221;4.8.2&#8243; _module_preset=&#8221;default&#8221;][et_pb_column type=&#8221;1_2&#8243; _builder_version=&#8221;4.8.2&#8243; _module_preset=&#8221;default&#8221;][et_pb_image src=&#8221;https:\/\/www.museofratellicozzi.com\/news\/wp-content\/uploads\/2025\/03\/Copia-di-MUSEO-Foto-interne-articolo-NL-4.png&#8221; title_text=&#8221;Copia di MUSEO Foto interne articolo NL (4)&#8221; _builder_version=&#8221;4.8.2&#8243; _module_preset=&#8221;default&#8221;][\/et_pb_image][et_pb_text _builder_version=&#8221;4.8.2&#8243; _module_preset=&#8221;default&#8221;]<\/p>\n<p>Cecilia Tabarelli<\/p>\n<p>[\/et_pb_text][\/et_pb_column][et_pb_column type=&#8221;1_2&#8243; _builder_version=&#8221;4.8.2&#8243; _module_preset=&#8221;default&#8221;][et_pb_image src=&#8221;https:\/\/www.museofratellicozzi.com\/news\/wp-content\/uploads\/2025\/03\/Copia-di-MUSEO-Foto-interne-articolo-NL-3.png&#8221; title_text=&#8221;Copia di MUSEO Foto interne articolo NL (3)&#8221; _builder_version=&#8221;4.8.2&#8243; _module_preset=&#8221;default&#8221;][\/et_pb_image][et_pb_text _builder_version=&#8221;4.8.2&#8243; _module_preset=&#8221;default&#8221;]<\/p>\n<p>Cecilia Tabarelli<\/p>\n<p>[\/et_pb_text][\/et_pb_column][\/et_pb_row][et_pb_row column_structure=&#8221;1_3,2_3&#8243; padding_mobile=&#8221;on&#8221; column_padding_mobile=&#8221;on&#8221; admin_label=&#8221;row&#8221; _builder_version=&#8221;4.8.2&#8243; background_size=&#8221;initial&#8221; background_position=&#8221;top_left&#8221; background_repeat=&#8221;repeat&#8221; custom_margin=&#8221;10px||||false|false&#8221; custom_padding=&#8221;0px|||&#8221; make_fullwidth=&#8221;off&#8221; use_custom_width=&#8221;off&#8221; width_unit=&#8221;on&#8221; custom_width_px=&#8221;1080&#8243; custom_width_percent=&#8221;80&#8243;][et_pb_column type=&#8221;1_3&#8243; _builder_version=&#8221;3.25&#8243; custom_padding=&#8221;|||&#8221; custom_padding__hover=&#8221;|||&#8221;][\/et_pb_column][et_pb_column type=&#8221;2_3&#8243; _builder_version=&#8221;3.25&#8243; custom_padding=&#8221;|||&#8221; custom_padding__hover=&#8221;|||&#8221;][et_pb_text admin_label=&#8221;Blocco testo 1&#8243; _builder_version=&#8221;4.8.2&#8243; text_font=&#8221;PT Sans||||&#8221; text_text_color=&#8221;#363636&#8243; text_font_size=&#8221;20&#8243; text_letter_spacing=&#8221;0&#8243; text_line_height=&#8221;1.2em&#8221; header_font_size=&#8221;30&#8243; header_letter_spacing=&#8221;0&#8243; header_line_height=&#8221;1&#8243; background_size=&#8221;initial&#8221; background_position=&#8221;top_left&#8221; background_repeat=&#8221;repeat&#8221; max_width=&#8221;620px&#8221; custom_margin=&#8221;0px||0px||false|false&#8221; text_font_size_tablet=&#8221;&#8221; text_font_size_phone=&#8221;&#8221; text_font_size_last_edited=&#8221;on|tablet&#8221; use_border_color=&#8221;off&#8221; border_color=&#8221;#ffffff&#8221; border_width=&#8221;1&#8243; border_style=&#8221;solid&#8221;]<\/p>\n<p>Attualmente \u00e8 <strong>Direttore Marketing e Comunicazione di MAWDY Services<\/strong>, realt\u00e0 internazionale attiva in 23 Paesi e specializzata in modelli di distribuzione digitali e servizi innovativi, complementari all\u2019assicurazione tradizionale.<\/p>\n<p>Nel suo ruolo, Cecilia ha guidato con visione strategica il <strong>rebranding globale<\/strong> dell\u2019azienda, traghettandola da MAPFRE Warranty alla nuova identit\u00e0 MAWDY Services. Il suo contributo \u00e8 stato cruciale nel posizionare il brand come player digitale e internazionale, capace di anticipare i bisogni dei partner con soluzioni distintive.<\/p>\n<p>Protagonista di eventi di settore, come l\u2019<strong>Automotive Dealer Day 2023<\/strong>, Cecilia porta avanti una narrazione di innovazione e trasformazione, presentando strumenti all\u2019avanguardia e nuove proposte di valore per il mercato.<\/p>\n<p>Convinta sostenitrice della leadership femminile, ha recentemente lanciato il <strong>&#8220;Woman\u2019s Got Talent Award&#8221;<\/strong>, promosso da <strong>MAWDY Services<\/strong>, un&#8217;iniziativa volta a valorizzare il contributo femminile nel settore dei <strong>dealer<\/strong>. Il premio \u00e8 dedicato alle donne che lavorano in concessionarie o rivenditori indipendenti e che si sono distinte per visione, talento e capacit\u00e0 di innovare.<\/p>\n<p>Saranno selezionati i <strong>tre migliori progetti<\/strong> che abbiano contribuito a rafforzare l\u2019identit\u00e0 del brand aziendale attraverso strategie innovative nei settori della <strong>Customer Satisfaction<\/strong>, del <strong>Marketing<\/strong>, dell\u2019<strong>Area Commerciale<\/strong> o in una combinazione di questi ambiti. L\u2019obiettivo \u00e8 evidenziare come l\u2019approccio femminile possa rappresentare un <strong>valore aggiunto determinante<\/strong> in un mercato sempre pi\u00f9 competitivo. I progetti, pensati o portati avanti da una figura femminile dipendente dell\u2019azienda, saranno valutati da una giuria di esperti di alto profilo, composta da\u00a0<strong>Nadia Padovani Gresini<\/strong>, Team Principal di Gresini Racing, <u>prima donna manager nella MotoGP<\/u>, la nostra\u00a0<strong>Elisabetta Cozzi<\/strong>, e\u00a0<strong>Vincenzo Bozzo<\/strong>, Strategic Marketing Automotive, Motorbike &amp; Digital Director di Quattroruote Professional.<\/p>\n<p>Il progetto ritenuto in assoluto pi\u00f9 significativo porter\u00e0 la vincitrice ad essere tra le protagoniste della <strong>quarta edizione<\/strong> della mostra fotografica\u00a0\u201c<strong>Donne e Motori? Gioie e Basta<\/strong>\u201d.<\/p>\n<p>[\/et_pb_text][\/et_pb_column][\/et_pb_row][et_pb_row column_structure=&#8221;1_3,1_3,1_3&#8243; _builder_version=&#8221;4.8.2&#8243; _module_preset=&#8221;default&#8221;][et_pb_column type=&#8221;1_3&#8243; _builder_version=&#8221;4.8.2&#8243; _module_preset=&#8221;default&#8221;][et_pb_image src=&#8221;https:\/\/www.museofratellicozzi.com\/news\/wp-content\/uploads\/2025\/03\/Copia-di-MUSEO-Foto-interne-articolo-NL-6.png&#8221; alt=&#8221;Martina Rabbolini, nutrizionista&#8221; title_text=&#8221;Copia di MUSEO Foto interne articolo NL (6)&#8221; _builder_version=&#8221;4.8.2&#8243; _module_preset=&#8221;default&#8221;][\/et_pb_image][et_pb_text _builder_version=&#8221;4.8.2&#8243; _module_preset=&#8221;default&#8221;]<\/p>\n<p>&#8220;DriveHer Forward: Empowering Women in Automotive&#8221; Elisabetta Cozzi, dettaglio etichetta\u00a0<\/p>\n<p>[\/et_pb_text][\/et_pb_column][et_pb_column type=&#8221;1_3&#8243; _builder_version=&#8221;4.8.2&#8243; _module_preset=&#8221;default&#8221;][et_pb_image src=&#8221;https:\/\/www.museofratellicozzi.com\/news\/wp-content\/uploads\/2025\/03\/Copia-di-MUSEO-Foto-interne-articolo-NL-8.png&#8221; alt=&#8221;Francesca Gasperi&#8221; title_text=&#8221;Copia di MUSEO Foto interne articolo NL (8)&#8221; _builder_version=&#8221;4.8.2&#8243; _module_preset=&#8221;default&#8221;][\/et_pb_image][et_pb_text _builder_version=&#8221;4.8.2&#8243; _module_preset=&#8221;default&#8221;]<\/p>\n<p>&#8220;DriveHer Forward: Empowering Women in Automotive&#8221;, organizzato dall\u2019associazione Lead\u2019Her Europe panoramica relatrici<br \/>.\u00a0<\/p>\n<p>[\/et_pb_text][\/et_pb_column][et_pb_column type=&#8221;1_3&#8243; _builder_version=&#8221;4.8.2&#8243; _module_preset=&#8221;default&#8221;][et_pb_image src=&#8221;https:\/\/www.museofratellicozzi.com\/news\/wp-content\/uploads\/2025\/03\/Copia-di-MUSEO-Foto-interne-articolo-NL-7.png&#8221; alt=&#8221;Martina Rabbolini alle paraolimpiadi Paris 2024&#8243; title_text=&#8221;Copia di MUSEO Foto interne articolo NL (7)&#8221; _builder_version=&#8221;4.8.2&#8243; _module_preset=&#8221;default&#8221;][\/et_pb_image][et_pb_text _builder_version=&#8221;4.8.2&#8243; _module_preset=&#8221;default&#8221;]<\/p>\n<p>Regione Lazio &#8211;\u00a0 la Sala Tevere ha ospitato &#8220;DriveHer Forward: Empowering Women in Automotive&#8221;<br \/>.\u00a0<\/p>\n<p>[\/et_pb_text][\/et_pb_column][\/et_pb_row][et_pb_row column_structure=&#8221;1_3,2_3&#8243; padding_mobile=&#8221;on&#8221; column_padding_mobile=&#8221;on&#8221; admin_label=&#8221;row&#8221; _builder_version=&#8221;4.8.2&#8243; background_size=&#8221;initial&#8221; background_position=&#8221;top_left&#8221; background_repeat=&#8221;repeat&#8221; custom_margin=&#8221;10px||||false|false&#8221; custom_padding=&#8221;0px|||&#8221; make_fullwidth=&#8221;off&#8221; use_custom_width=&#8221;off&#8221; width_unit=&#8221;on&#8221; custom_width_px=&#8221;1080&#8243; custom_width_percent=&#8221;80&#8243;][et_pb_column type=&#8221;1_3&#8243; _builder_version=&#8221;3.25&#8243; custom_padding=&#8221;|||&#8221; custom_padding__hover=&#8221;|||&#8221;][\/et_pb_column][et_pb_column type=&#8221;2_3&#8243; _builder_version=&#8221;3.25&#8243; custom_padding=&#8221;|||&#8221; custom_padding__hover=&#8221;|||&#8221;][et_pb_text admin_label=&#8221;Blocco testo 1&#8243; _builder_version=&#8221;4.8.2&#8243; text_font=&#8221;PT Sans||||&#8221; text_text_color=&#8221;#363636&#8243; text_font_size=&#8221;20&#8243; text_letter_spacing=&#8221;0&#8243; text_line_height=&#8221;1.2em&#8221; header_font_size=&#8221;30&#8243; header_letter_spacing=&#8221;0&#8243; header_line_height=&#8221;1&#8243; background_size=&#8221;initial&#8221; background_position=&#8221;top_left&#8221; background_repeat=&#8221;repeat&#8221; max_width=&#8221;620px&#8221; custom_margin=&#8221;0px||0px||false|false&#8221; text_font_size_tablet=&#8221;&#8221; text_font_size_phone=&#8221;&#8221; text_font_size_last_edited=&#8221;on|tablet&#8221; use_border_color=&#8221;off&#8221; border_color=&#8221;#ffffff&#8221; border_width=&#8221;1&#8243; border_style=&#8221;solid&#8221;]<\/p>\n<h4><strong>Le sorelle si fanno notare!<\/strong><\/h4>\n<p>L\u2019autodeterminazione femminile e il superamento dei pregiudizi di genere rappresentano una conquista non solo per le donne, ma per l\u2019intera societ\u00e0. \u00c8 un\u2019<strong>evoluzione silenziosa e potente <\/strong>che porta equilibrio, ricchezza e profondit\u00e0 nelle relazioni, nel lavoro, nella visione del mondo. Laddove cade un pregiudizio, nasce un\u2019opportunit\u00e0: di collaborazione, di confronto, di crescita reciproca. \u00c8 un invito a camminare insieme, diversi ma uguali nel valore, nell\u2019ascolto, nella possibilit\u00e0 di costruire un mondo pi\u00f9 giusto, pi\u00f9 umano, pi\u00f9 vero.<\/p>\n<p>Questo \u00e8 ci\u00f2 che ha spinto <strong>Marco Capiluppi<\/strong>, Private Banker di Reggio Emilia per Banca Mediolanum, padre di una bambina da ispirare oggi e testimonial di un nuovo modello di domani, a supportare il progetto \u201cDonne e Motori? Gioie e Basta\u201d promuovendo la realizzazione di una <strong>terza copia<\/strong>, che, come le altre, maciner\u00e0 chilometri sfrecciando per tutta l\u2019Italia con un messaggio importante da recapitare!<\/p>\n<p>\u200bL&#8217;evento <strong>&#8220;DriveHer Forward: Empowering Women in Automotive \u2013 Accelerare il cambiamento, ispirare il domani&#8221;<\/strong>, organizzato dall\u2019associazione <strong>Lead\u2019Her Europe<\/strong>, si \u00e8 svolto lo scorso 28 febbraio nella suggestiva cornice della Sala Tevere della Regione Lazio, richiamando un pubblico numeroso e fortemente partecipato, in prevalenza femminile. I presenti hanno potuto vivere un momento di straordinaria intensit\u00e0, arricchito dagli interventi di alcune tra le voci pi\u00f9 autorevoli del panorama automobilistico e dell\u2019imprenditoria al femminile. Un incontro carico di ispirazione e prospettive, che ha acceso il dialogo su un futuro in cui la parit\u00e0 di genere non sia solo obiettivo, ma realt\u00e0 condivisa, grazie anche all&#8217;entusiasmo e alla partecipazione attiva di una platea profondamente coinvolta.<\/p>\n<p>Tra le relatrici di spicco hanno figurato:\u200b<\/p>\n<ul>\n<li><strong>Elisabetta Cozzi<\/strong>, che con il suo intervento ha sottolineato l&#8217;importanza del rispetto e dell&#8217;empowerment delle donne nel settore. \u200b<\/li>\n<li><strong>Irma Conti<\/strong>, avvocata cassazionista esperta in diritto penale, Consigliera dell\u2019Ordine degli Avvocati di Roma e Presidente dell\u2019Associazione Donne Giuriste Italia.<\/li>\n<li><strong>Maria Paola Stola Ariusso<\/strong>: fondatrice di STUDIOTORINO e docente presso lo IED di Torino.<\/li>\n<li><strong>Laura Confalonieri<\/strong>: giornalista e vicedirettrice di Quattroruote e Ruoteclassiche.<\/li>\n<li><strong>Maria Bussolati Bonera<\/strong>: direttrice del Museo Mille Miglia.<\/li>\n<\/ul>\n<p>[\/et_pb_text][\/et_pb_column][\/et_pb_row][et_pb_row column_structure=&#8221;1_5,1_5,1_5,1_5,1_5&#8243; _builder_version=&#8221;4.8.2&#8243; _module_preset=&#8221;default&#8221;][et_pb_column type=&#8221;1_5&#8243; _builder_version=&#8221;4.8.2&#8243; _module_preset=&#8221;default&#8221;][et_pb_image src=&#8221;https:\/\/www.museofratellicozzi.com\/news\/wp-content\/uploads\/2025\/03\/Copia-di-MUSEO-Foto-interne-articolo-NL-15.png&#8221; title_text=&#8221;Copia di MUSEO Foto interne articolo NL (15)&#8221; _builder_version=&#8221;4.8.2&#8243; _module_preset=&#8221;default&#8221;][\/et_pb_image][et_pb_text _builder_version=&#8221;4.8.2&#8243; _module_preset=&#8221;default&#8221;]<\/p>\n<p>&#8220;DriveHer Forward: Empowering Women in Automotive&#8221; &#8211; Elisabetta Cozzi\u00a0<\/p>\n<p>[\/et_pb_text][\/et_pb_column][et_pb_column type=&#8221;1_5&#8243; _builder_version=&#8221;4.8.2&#8243; _module_preset=&#8221;default&#8221;][et_pb_image src=&#8221;https:\/\/www.museofratellicozzi.com\/news\/wp-content\/uploads\/2025\/03\/Copia-di-MUSEO-Foto-interne-articolo-NL-16.png&#8221; title_text=&#8221;Copia di MUSEO Foto interne articolo NL (16)&#8221; _builder_version=&#8221;4.8.2&#8243; _module_preset=&#8221;default&#8221;][\/et_pb_image][et_pb_text admin_label=&#8221;Testo&#8221; _builder_version=&#8221;4.8.2&#8243; _module_preset=&#8221;default&#8221;]<\/p>\n<p>&#8220;DriveHer Forward: Empowering Women in Automotive&#8221; &#8211; Maria Paola Stola\u00a0<\/p>\n<p>[\/et_pb_text][\/et_pb_column][et_pb_column type=&#8221;1_5&#8243; _builder_version=&#8221;4.8.2&#8243; _module_preset=&#8221;default&#8221;][et_pb_image src=&#8221;https:\/\/www.museofratellicozzi.com\/news\/wp-content\/uploads\/2025\/03\/Copia-di-MUSEO-Foto-interne-articolo-NL-19.png&#8221; title_text=&#8221;Copia di MUSEO Foto interne articolo NL (19)&#8221; _builder_version=&#8221;4.8.2&#8243; _module_preset=&#8221;default&#8221;][\/et_pb_image][et_pb_text _builder_version=&#8221;4.8.2&#8243; _module_preset=&#8221;default&#8221;]<\/p>\n<p>&#8220;DriveHer Forward: Empowering Women in Automotive&#8221; &#8211; Avv.to Irma Conti<\/p>\n<p>[\/et_pb_text][\/et_pb_column][et_pb_column type=&#8221;1_5&#8243; _builder_version=&#8221;4.8.2&#8243; _module_preset=&#8221;default&#8221;][et_pb_image src=&#8221;https:\/\/www.museofratellicozzi.com\/news\/wp-content\/uploads\/2025\/03\/Copia-di-MUSEO-Foto-interne-articolo-NL-18.png&#8221; title_text=&#8221;Copia di MUSEO Foto interne articolo NL (18)&#8221; _builder_version=&#8221;4.8.2&#8243; _module_preset=&#8221;default&#8221;][\/et_pb_image][et_pb_text _builder_version=&#8221;4.8.2&#8243; _module_preset=&#8221;default&#8221;]<\/p>\n<p>&#8220;DriveHer Forward: Empowering Women in Automotive&#8221; &#8211; Maria Bussolati Bonera<\/p>\n<p>[\/et_pb_text][\/et_pb_column][et_pb_column type=&#8221;1_5&#8243; _builder_version=&#8221;4.8.2&#8243; _module_preset=&#8221;default&#8221;][et_pb_image src=&#8221;https:\/\/www.museofratellicozzi.com\/news\/wp-content\/uploads\/2025\/03\/Copia-di-MUSEO-Foto-interne-articolo-NL-20.png&#8221; title_text=&#8221;Copia di MUSEO Foto interne articolo NL (20)&#8221; _builder_version=&#8221;4.8.2&#8243; _module_preset=&#8221;default&#8221;][\/et_pb_image][et_pb_text _builder_version=&#8221;4.8.2&#8243; _module_preset=&#8221;default&#8221;]<\/p>\n<p>&#8220;DriveHer Forward: Empowering Women in Automotive&#8221; &#8211; Laura Confalonieri<\/p>\n<p>[\/et_pb_text][\/et_pb_column][\/et_pb_row][et_pb_row _builder_version=&#8221;4.8.2&#8243; _module_preset=&#8221;default&#8221;][et_pb_column type=&#8221;4_4&#8243; _builder_version=&#8221;4.8.2&#8243; _module_preset=&#8221;default&#8221;][et_pb_divider _builder_version=&#8221;4.8.2&#8243; _module_preset=&#8221;default&#8221;][\/et_pb_divider][\/et_pb_column][\/et_pb_row][et_pb_row column_structure=&#8221;1_3,2_3&#8243; _builder_version=&#8221;4.8.2&#8243; _module_preset=&#8221;default&#8221;][et_pb_column type=&#8221;1_3&#8243; _builder_version=&#8221;4.8.2&#8243; _module_preset=&#8221;default&#8221;][et_pb_image src=&#8221;https:\/\/www.museofratellicozzi.com\/news\/wp-content\/uploads\/2025\/03\/Copia-di-MUSEO-Foto-interne-articolo-NL-9.png&#8221; title_text=&#8221;Copia di MUSEO Foto interne articolo NL (9)&#8221; _builder_version=&#8221;4.8.2&#8243; _module_preset=&#8221;default&#8221;][\/et_pb_image][et_pb_text _builder_version=&#8221;4.8.2&#8243; _module_preset=&#8221;default&#8221;]<\/p>\n<p>Mercanteinfiera, 8-16 Marzo:<\/p>\n<p>[\/et_pb_text][et_pb_image src=&#8221;https:\/\/www.museofratellicozzi.com\/news\/wp-content\/uploads\/2025\/03\/Copia-di-MUSEO-Foto-interne-articolo-NL-13.png&#8221; title_text=&#8221;Copia di MUSEO Foto interne articolo NL (13)&#8221; _builder_version=&#8221;4.8.2&#8243; _module_preset=&#8221;default&#8221;][\/et_pb_image][et_pb_text _builder_version=&#8221;4.8.2&#8243; _module_preset=&#8221;default&#8221;]<\/p>\n<p>WOW \u2013 Women Motor 2025 (7-8\/03)<\/p>\n<p>[\/et_pb_text][et_pb_image src=&#8221;https:\/\/www.museofratellicozzi.com\/news\/wp-content\/uploads\/2025\/03\/Copia-di-MUSEO-Foto-interne-articolo-NL-10.png&#8221; title_text=&#8221;Copia di MUSEO Foto interne articolo NL (10)&#8221; _builder_version=&#8221;4.8.2&#8243; _module_preset=&#8221;default&#8221;][\/et_pb_image][et_pb_text _builder_version=&#8221;4.8.2&#8243; _module_preset=&#8221;default&#8221;]<\/p>\n<p>WOW \u2013 Women Motor 2025 (7-8\/03)<\/p>\n<p>[\/et_pb_text][et_pb_image src=&#8221;https:\/\/www.museofratellicozzi.com\/news\/wp-content\/uploads\/2025\/03\/Copia-di-MUSEO-Foto-interne-articolo-NL-11.png&#8221; title_text=&#8221;Copia di MUSEO Foto interne articolo NL (11)&#8221; _builder_version=&#8221;4.8.2&#8243; _module_preset=&#8221;default&#8221;][\/et_pb_image][et_pb_text _builder_version=&#8221;4.8.2&#8243; _module_preset=&#8221;default&#8221;]<\/p>\n<p>Evento ADGI \u2013 Reggio Emilia (15\/03). Rita Paparella con<strong> Elena Carletti, Presidente Commissione Pari Opportunit\u00e0 Regione Emilia-Romagna.<\/strong><\/p>\n<p>[\/et_pb_text][et_pb_image src=&#8221;https:\/\/www.museofratellicozzi.com\/news\/wp-content\/uploads\/2025\/03\/Copia-di-MUSEO-Foto-interne-articolo-NL-12.png&#8221; title_text=&#8221;Copia di MUSEO Foto interne articolo NL (12)&#8221; _builder_version=&#8221;4.8.2&#8243; _module_preset=&#8221;default&#8221;][\/et_pb_image][et_pb_text _builder_version=&#8221;4.8.2&#8243; _module_preset=&#8221;default&#8221;]<\/p>\n<p>Sala degli Affreschi, San Polo d\u2019Enza (17-25\/03)<\/p>\n<p>[\/et_pb_text][et_pb_image src=&#8221;https:\/\/www.museofratellicozzi.com\/news\/wp-content\/uploads\/2025\/03\/Copia-di-MUSEO-Foto-interne-articolo-NL-14.png&#8221; title_text=&#8221;Copia di MUSEO Foto interne articolo NL (14)&#8221; _builder_version=&#8221;4.8.2&#8243; _module_preset=&#8221;default&#8221;][\/et_pb_image][et_pb_text _builder_version=&#8221;4.8.2&#8243; _module_preset=&#8221;default&#8221;]<\/p>\n<p>Evento ADGI \u2013 Reggio Emilia (15\/03)<\/p>\n<p>[\/et_pb_text][\/et_pb_column][et_pb_column type=&#8221;2_3&#8243; _builder_version=&#8221;4.8.2&#8243; _module_preset=&#8221;default&#8221;][et_pb_text admin_label=&#8221;Blocco testo 1&#8243; _builder_version=&#8221;4.8.2&#8243; text_font=&#8221;PT Sans||||&#8221; text_text_color=&#8221;#363636&#8243; text_font_size=&#8221;20&#8243; text_letter_spacing=&#8221;0&#8243; text_line_height=&#8221;1.2em&#8221; header_font_size=&#8221;30&#8243; header_letter_spacing=&#8221;0&#8243; header_line_height=&#8221;1&#8243; background_size=&#8221;initial&#8221; background_position=&#8221;top_left&#8221; background_repeat=&#8221;repeat&#8221; max_width=&#8221;620px&#8221; custom_margin=&#8221;0px||0px||false|false&#8221; text_font_size_tablet=&#8221;&#8221; text_font_size_phone=&#8221;&#8221; text_font_size_last_edited=&#8221;on|tablet&#8221; use_border_color=&#8221;off&#8221; border_color=&#8221;#ffffff&#8221; border_width=&#8221;1&#8243; border_style=&#8221;solid&#8221;]<\/p>\n<h4><strong>Le sorelle in tour: come si sono divertite in quest\u2019ultimo mese!<\/strong><\/h4>\n<p><strong>Mercanteinfiera, 8-16 Marzo:<\/strong> una delle manifestazioni internazionali pi\u00f9 prestigiose nel settore dell\u2019antiquariato, del modernariato e del collezionismo quest\u2019anno ha ospitato anche la mostra del Museo Fratelli Cozzi, cogliendo la connessione ad <strong>Automotoretr\u00f2<\/strong>, uno dei saloni di riferimento dedicati al Motorismo Storico con espositori e visitatori da tutta Europa.<\/p>\n<p><strong style=\"letter-spacing: 0px;\">WOW \u2013 Women Motor 2025 (7-8\/03)<\/strong><span style=\"letter-spacing: 0px;\">: la manifestazione che, presso l&#8217;<\/span><strong style=\"letter-spacing: 0px;\">Autodromo Internazionale Enzo e Dino Ferrari di Imola<\/strong><span style=\"letter-spacing: 0px;\">, ha celebrato il ruolo delle donne nel motorsport e nell&#8217;industria automobilistica. La mostra \u201cDonne e Motori? Gioie e Basta\u201d \u00e8 stata protagonista di un momento di incontro e confronto sul tema della sorellanza, con la partecipazione di rappresentanti delle amministrazioni del Nuovo Circondario Imolese e della stessa Imola. Il progetto \u00e8 stato esposto per tutta la durata di WOW presso la Sala dei Campioni dell\u2019autodromo e l\u2019ideatrice del progetto, Elisabetta Cozzi, \u00e8 stata virtualmente presente attraverso un video di presentazione che \u00e8 stato trasmesso tra un panel e l\u2019altro nel pomeriggio dell\u20198\/03.<\/span><span style=\"letter-spacing: 0px;\">\u00a0<\/span><\/p>\n<p><strong>Evento ADGI \u2013 Reggio Emilia (15\/03)<\/strong>: L\u2019Associazione Donne Giuriste Italia ha organizzato presso gli uffici di <strong>Banca Mediolanum di Reggio Emilia<\/strong> e con il supporto di <strong>Marco Capiluppi<\/strong>, private banker, una mattina di approfondimento relativamente alla collaborazione in ambito professionale e al diritto di equit\u00e0 anche salariale e retributiva come strumento di valorizzazione della figura femminile, di indipendenza e di contrasto alla violenza fisica e psicologica nei confronti delle donne. L\u2019argomento \u00e8 stato eviscerato nelle sue diverse sfaccettature, grazie ai relatori presenti:<\/p>\n<p><strong>Avv. Carmen Pisanello<\/strong>, Presidente ADGI Reggio Emilia, che ha introdotto e moderato l\u2019evento<\/p>\n<p><strong>Avv. Stefania Montanari<\/strong>, Vice Presidente ADGI Reggio Emilia e testimonianza concreta di come la collaborazione tra colleghe possa essere determinante nell\u2019approcciare il diritto di famiglia<\/p>\n<p><strong>Francesco Criscuolo<\/strong>, Dirigente Responsabile del Settore Femminile presso l&#8217;Associazione Calcio Reggiana 1919. Sotto la sua guida, il settore femminile ha registrato una crescita significativa, passando da 36 a oltre 150 atlete in cinque anni, includendo una Prima Squadra neovincitrice del campionato di Eccellenza.<\/p>\n<p><strong>Rita Paparella<\/strong>, ambasciatrice e testimonial della mostra \u201cDonne e motori? Gioie e Basta\u201d.<\/p>\n<p><strong>Sala degli Affreschi, San Polo d\u2019Enza (17-25\/03)<\/strong>: con un aperitivo inaugurale, le nostre \u201cSisters\u201d sono state ufficialmente presentate in una cornice di grande fascino: un castello incastonato nel cuore delle <strong>Terre Matildiche<\/strong>. Durante quasi tutta la durata dell\u2019esposizione, la mostra ha accolto numerose classi della scuola secondaria, offrendo loro l\u2019opportunit\u00e0 di riflettere sul percorso di trasformazione del ruolo femminile nel corso della storia e sull\u2019importante contributo che donne di spicco hanno dato al progresso scientifico e all\u2019evoluzione della societ\u00e0.<span style=\"letter-spacing: 0px;\">\u00a0<\/span><\/p>\n<p><strong>Concorso d&#8217;Eleganza Stresa (29-30\/03)<\/strong>: noto come <strong>Stresa Classica<\/strong>, \u00e8 un prestigioso evento dedicato alle automobili classiche e youngtimer. L&#8217;evento, ispirato al concorso storico svoltosi tra il 1932 e il 1957, \u00e8 organizzato dal Milano Historic Cars Club &amp; Youngtimer Club Milano, in collaborazione con il Club ACI Storico di Milano. Durante il weekend, oltre alle vetture che hanno sfilato in Piazza Guglielmo Marconi e sono rimaste esposte presso l&#8217;Hotel Regina Palace, il pubblico ha avuto l&#8217;opportunit\u00e0 di ammirare modelli che hanno segnato la storia dell&#8217;automobilismo, anche negli eccezionali scatti di Camilla Albertini per \u201cDonne e Motori? Gioie e Basta\u201d.<span style=\"letter-spacing: 0px;\">\u00a0<\/span><\/p>\n<p>[\/et_pb_text][\/et_pb_column][\/et_pb_row][et_pb_row _builder_version=&#8221;4.8.2&#8243; _module_preset=&#8221;default&#8221;][et_pb_column type=&#8221;4_4&#8243; _builder_version=&#8221;4.8.2&#8243; _module_preset=&#8221;default&#8221;][et_pb_gallery gallery_ids=&#8221;21543,21540,21541,21542,21544&#8243; fullwidth=&#8221;on&#8221; _builder_version=&#8221;4.8.2&#8243; _module_preset=&#8221;default&#8221;][\/et_pb_gallery][et_pb_text _builder_version=&#8221;4.8.2&#8243; _module_preset=&#8221;default&#8221;]<\/p>\n<p>Gallery fotografica &#8220;Stresa Classica 2025&#8221;. Nella prima foto Elisabetta Cozzi insieme alla celebre fotografa <span style=\"color: #800000;\"><a href=\"https:\/\/www.yoshienishikawa.com\/\" target=\"_blank\" rel=\"noopener noreferrer\" style=\"color: #800000;\"><strong>Yoshie Nishikawa\u00a0<\/strong><\/a><\/span><\/p>\n<p>[\/et_pb_text][\/et_pb_column][\/et_pb_row][et_pb_row column_structure=&#8221;1_3,2_3&#8243; _builder_version=&#8221;4.8.2&#8243; _module_preset=&#8221;default&#8221;][et_pb_column type=&#8221;1_3&#8243; _builder_version=&#8221;4.8.2&#8243; _module_preset=&#8221;default&#8221;][\/et_pb_column][et_pb_column type=&#8221;2_3&#8243; _builder_version=&#8221;4.8.2&#8243; _module_preset=&#8221;default&#8221;][et_pb_text admin_label=&#8221;Blocco testo 1&#8243; _builder_version=&#8221;4.8.2&#8243; text_font=&#8221;PT Sans||||&#8221; text_text_color=&#8221;#363636&#8243; text_font_size=&#8221;20&#8243; text_letter_spacing=&#8221;0&#8243; text_line_height=&#8221;1.2em&#8221; header_font_size=&#8221;30&#8243; header_letter_spacing=&#8221;0&#8243; header_line_height=&#8221;1&#8243; background_size=&#8221;initial&#8221; background_position=&#8221;top_left&#8221; background_repeat=&#8221;repeat&#8221; max_width=&#8221;620px&#8221; custom_margin=&#8221;0px||0px||false|false&#8221; text_font_size_tablet=&#8221;&#8221; text_font_size_phone=&#8221;&#8221; text_font_size_last_edited=&#8221;on|tablet&#8221; use_border_color=&#8221;off&#8221; border_color=&#8221;#ffffff&#8221; border_width=&#8221;1&#8243; border_style=&#8221;solid&#8221;]<\/p>\n<h4><strong>Le sorelle in tour: i prossimi appuntamenti<\/strong><\/h4>\n<p><strong>Auto Moto Tourin Show (<\/strong><a href=\"https:\/\/lingottofiere.it\/events\/amts-auto-moto-turin-show\/\"><strong>AMTS<\/strong><\/a><strong>), lingotto fiere dal 4 al 6 aprile: <\/strong>evento\u00a0imperdibile\u00a0per gli\u00a0appassionati\u00a0di\u00a0auto\u00a0e\u00a0moto.<\/p>\n<p>Con un mix di\u00a0veicoli d\u2019epoca,\u00a0supercar,\u00a0tuning\u00a0e\u00a0innovazione,\u00a0AMTS\u00a0offre esperienze uniche come\u00a0test drive,\u00a0drifting\u00a0e\u00a0spettacoli mozzafiato. Un\u2019opportunit\u00e0\u00a0per scoprire il\u00a0futuro della mobilit\u00e0, tra\u00a0sostenibilit\u00e0,\u00a0design\u00a0e\u00a0adrenalina pura. Anche il progetto di Friends of Fratelli Cozzi ETS offrir\u00e0 ai visitatori un <strong>nuovo paradigma per \u201cDonne e motori\u201d<\/strong>.<\/p>\n<p><strong>Quando?<\/strong> <strong>Opening<\/strong> Venerd\u00ec 4 Aprile h 11. Ven \u2013 Dom:\u00a010.00 \u2013 19:30.<\/p>\n<p><strong>Dove? <\/strong>AMTS ARENA Padiglione 3, Oval Lingotto Fiere.<\/p>\n<p><a href=\"https:\/\/www.mumac.it\/eventi\/giornata-nazionale-del-made-in-italy\"><strong>Giornata Nazionale del Made in Italy<\/strong><\/a><strong> al MUMAC<\/strong>, Museo della macchina per caff\u00e8, in collaborazione con Museo Fratelli Cozzi. Sotto il titolo <em>\u201c<strong>Imprese tra storia, design, identit\u00e0 e innovazione<\/strong>\u201d<\/em>, la giornata proporr\u00e0 una tavola rotonda e la presentazione della mostra fotografica <em>\u201cDonne motori? Gioie e basta\u201d<\/em>, unitamente all\u2019esposizione di immagini storiche tratte dalla mostra diffusa <em>\u201cFAEMA 80&#215;80\u201d<\/em>.<\/p>\n<p>Per l\u2019occasione, il Museo Fratelli Cozzi approder\u00e0 al MUMAC con uno scatto inedito e d\u2019eccezione realizzato dalla fotografa <strong>Camilla Albertini<\/strong>. Protagoniste dell\u2019immagine saranno <strong>Barbara Foglia<\/strong>, Direttrice MUMAC e membro del Consiglio Direttivo Museimpresa, <strong>Elisabetta Cozzi<\/strong> e <strong>Fabrizia Cimbali<\/strong>, AD Cimbali Group e membro del Consiglio<\/p>\n<p>Direttivo di Assolombarda, ritratte accanto a un\u2019iconica Alfa Romeo Giulia SS: un omaggio al dialogo tra femminilit\u00e0, passione per i motori e cultura d\u2019impresa.<\/p>\n<p>L\u2019iniziativa sottolinea ancora una volta il valore della collaborazione tra musei d\u2019impresa, custodi di storie, visioni e identit\u00e0 che si fanno marchio distintivo nel panorama del Made in Italy.<\/p>\n<p><strong>Quando?<\/strong> 6 aprile 2025, apertura straordinaria dalle 16.30 alle 21.00; tavola rotonda dalle 18:00 alle 19:30. <u>Ingresso gratuito fino a esaurimento posti. Aperitivo finale<\/u>. La mostra rimarr\u00e0 in esposizione dal <strong>6 al 17 aprile<\/strong>.<\/p>\n<p><strong>Dove?<\/strong> <a href=\"https:\/\/www.mumac.it\/\">MUMAC<\/a>, Via Pablo Neruda n.2, 20082 Binasco (MI).<\/p>\n<p>\u200b<strong>Motorsport Technical School (<\/strong><a href=\"https:\/\/mtschool.it\/\"><strong>MTS<\/strong><\/a><strong>)<\/strong> \u00e8 la prima realt\u00e0 in Italia interamente dedicata alla formazione di meccanici e ingegneri specializzati nel mondo del motorsport. Situata a Lesmo (MB), la scuola propone percorsi didattici che integrano sapientemente teoria e pratica, con l\u2019obiettivo di preparare figure altamente qualificate per il settore delle competizioni automobilistiche e motociclistiche.<\/p>\n<p>La mostra sar\u00e0 ospitata presso la sede della scuola.<\/p>\n<p><strong>Quando?<\/strong> 22 aprile &#8211; 5 maggio. <strong>Per prenotazione visite<\/strong>: <a href=\"mailto:info@mtschool.it\">info@mtschool.it<\/a>, 340-25.86.905.<\/p>\n<p><strong>Dove? <\/strong>MTS &#8211; Via Caduti per la Patria 67, Lesmo (MB).<\/p>\n<p><strong>LKQ RHIAG<\/strong> fa parte del principale gruppo europeo nella distribuzione di ricambi per autovetture, veicoli commerciali e industriali. Dipendenti, fornitori e collaboratori avranno l\u2019opportunit\u00e0 di esplorare da vicino il progetto fotografico attraverso un\u2019esposizione riservata nell\u2019auditorium aziendale.<\/p>\n<p><strong>Elisabetta Cozzi <\/strong>ripercorrer\u00e0 le origini della mostra e ne approfondir\u00e0 il contenuto valoriale il <strong>16 aprile<\/strong> durante un\u2019occasione speciale organizzata per celebrare il conseguimento, da parte di LKQ RHIAG, della certificazione per la parit\u00e0 di genere. All\u2019iniziativa saranno invitati rappresentanti della stampa e operatori del settore, per approfondire insieme il tema della presenza femminile nell\u2019ambito dell\u2019Automotive Aftermarket e per presentare le prossime iniziative aziendali dedicate all\u2019empowerment femminile.<\/p>\n<p><strong>Quando?<\/strong> Dal 9 al 16 aprile. <u>Esposizione riservata.<\/u><\/p>\n<p><strong>Dove? <\/strong>Auditorium LKQ RHIAG, via Monti 23, Pero (Milano)<\/p>\n<p><strong>Cascina Merlata<\/strong>, una delle pi\u00f9 antiche cascine meneghine, il cuore del primo smart district di Milano, far\u00e0 da cornice alla mostra nel periodo pi\u00f9 frenetico della primavera, in concomitanza con i ponti e le festivit\u00e0 pasquali. Un\u2019occasione pensata per offrire a <strong>famiglie, residenti e visitatori<\/strong> un momento di bellezza e riflessione, da vivere all\u2019insegna della cultura e del tempo di qualit\u00e0 condiviso.<\/p>\n<p><strong>Quando? <\/strong>17 aprile \u2013 18 maggio.<\/p>\n<p><strong>Dove?<\/strong> Via Pier Paolo Pasolini 3, Milano.<\/p>\n<p>&nbsp;<\/p>\n<p>[\/et_pb_text][\/et_pb_column][\/et_pb_row][\/et_pb_section]<\/p>\n","protected":false},"excerpt":{"rendered":"<p>[et_pb_section fb_built=&#8221;1&#8243; admin_label=&#8221;Sezione&#8221; _builder_version=&#8221;3.22&#8243; custom_padding=&#8221;0px|||&#8221; transparent_background=&#8221;off&#8221; make_fullwidth=&#8221;off&#8221; use_custom_width=&#8221;off&#8221; width_unit=&#8221;on&#8221; custom_width_px=&#8221;1080&#8243; custom_width_percent=&#8221;80&#8243;][et_pb_row use_custom_gutter=&#8221;on&#8221; gutter_width=&#8221;1&#8243; disabled_on=&#8221;off|off|off&#8221; admin_label=&#8221;Riga&#8221; module_class=&#8221; et_pb_row_fullwidth&#8221; _builder_version=&#8221;3.25&#8243; background_size=&#8221;initial&#8221; background_position=&#8221;top_left&#8221; background_repeat=&#8221;repeat&#8221; width=&#8221;100%&#8221; width_tablet=&#8221;100%&#8221; width_phone=&#8221;&#8221; width_last_edited=&#8221;on|desktop&#8221; max_width=&#8221;100%&#8221; max_width_tablet=&#8221;100%&#8221; max_width_phone=&#8221;&#8221; max_width_last_edited=&#8221;on|desktop&#8221; custom_padding=&#8221;0px|||&#8221; make_fullwidth=&#8221;on&#8221; use_custom_width=&#8221;off&#8221; width_unit=&#8221;on&#8221; custom_width_px=&#8221;1080&#8243; custom_width_percent=&#8221;80&#8243;][et_pb_column type=&#8221;4_4&#8243; _builder_version=&#8221;3.25&#8243; custom_padding=&#8221;|||&#8221; custom_padding__hover=&#8221;|||&#8221;][et_pb_image src=&#8221;https:\/\/www.museofratellicozzi.com\/news\/wp-content\/uploads\/2025\/03\/MUSEO-slide-foto-14.jpg&#8221; alt=&#8221;Donne e motori in tour 2025&#8243; title_text=&#8221;MUSEO slide foto (14)&#8221; force_fullwidth=&#8221;on&#8221; align_tablet=&#8221;center&#8221; align_phone=&#8221;&#8221; align_last_edited=&#8221;on|desktop&#8221; admin_label=&#8221;Immagine [&hellip;]<\/p>\n","protected":false},"author":7,"featured_media":21493,"comment_status":"open","ping_status":"open","sticky":true,"template":"","format":"standard","meta":{"_et_pb_use_builder":"on","_et_pb_old_content":"","_et_gb_content_width":"","_jetpack_memberships_contains_paid_content":false,"footnotes":""},"categories":[775,872,776],"tags":[21,209,180,841,849,406,847],"class_list":["post-21226","post","type-post","status-publish","format-standard","has-post-thumbnail","hentry","category-associazione","category-donne-e-motori","category-woman-in-power","tag-alfa-romeo","tag-automotive","tag-cozzi","tag-donne-e-motori","tag-maria-leitner","tag-museo-fratelli-cozzi","tag-semenzato","et-has-post-format-content","et_post_format-et-post-format-standard"],"yoast_head":"<!-- This site is optimized with the Yoast SEO plugin v26.8 - https:\/\/yoast.com\/product\/yoast-seo-wordpress\/ -->\n<title>&quot;Donne e motori&quot; storie in tour marzo -<\/title>\n<meta name=\"description\" content=\"&quot;Donne e motori? Gioie e basta&quot; segui il tour e scopri le protagoniste. Ecco dove sono state le testimonial nel mese di marzo\" \/>\n<meta name=\"robots\" content=\"index, follow, max-snippet:-1, max-image-preview:large, max-video-preview:-1\" \/>\n<link rel=\"canonical\" href=\"https:\/\/www.museofratellicozzi.com\/news\/donne-e-motori-storie-in-tour-marzo\/\" \/>\n<meta property=\"og:locale\" content=\"it_IT\" \/>\n<meta property=\"og:type\" content=\"article\" \/>\n<meta property=\"og:title\" content=\"&quot;Donne e motori&quot; storie in tour marzo -\" \/>\n<meta property=\"og:description\" content=\"&quot;Donne e motori? Gioie e basta&quot; segui il tour e scopri le protagoniste. Ecco dove sono state le testimonial nel mese di marzo\" \/>\n<meta property=\"og:url\" content=\"https:\/\/www.museofratellicozzi.com\/news\/donne-e-motori-storie-in-tour-marzo\/\" \/>\n<meta property=\"og:site_name\" content=\"eNews Museo Fratelli Cozzi\" \/>\n<meta property=\"article:published_time\" content=\"2025-03-25T16:43:26+00:00\" \/>\n<meta property=\"article:modified_time\" content=\"2025-09-16T13:21:34+00:00\" \/>\n<meta property=\"og:image\" content=\"https:\/\/www.museofratellicozzi.com\/news\/wp-content\/uploads\/2025\/03\/MUSEO-slide-foto-14.jpg\" \/>\n\t<meta property=\"og:image:width\" content=\"1920\" \/>\n\t<meta property=\"og:image:height\" content=\"1080\" \/>\n\t<meta property=\"og:image:type\" content=\"image\/jpeg\" \/>\n<meta name=\"author\" content=\"Elisabetta Cozzi\" \/>\n<meta name=\"twitter:card\" content=\"summary_large_image\" \/>\n<meta name=\"twitter:label1\" content=\"Scritto da\" \/>\n\t<meta name=\"twitter:data1\" content=\"Elisabetta Cozzi\" \/>\n\t<meta name=\"twitter:label2\" content=\"Tempo di lettura stimato\" \/>\n\t<meta name=\"twitter:data2\" content=\"10 minuti\" \/>\n<script type=\"application\/ld+json\" class=\"yoast-schema-graph\">{\"@context\":\"https:\/\/schema.org\",\"@graph\":[{\"@type\":\"Article\",\"@id\":\"https:\/\/www.museofratellicozzi.com\/news\/donne-e-motori-storie-in-tour-marzo\/#article\",\"isPartOf\":{\"@id\":\"https:\/\/www.museofratellicozzi.com\/news\/donne-e-motori-storie-in-tour-marzo\/\"},\"author\":{\"name\":\"Elisabetta Cozzi\",\"@id\":\"https:\/\/www.museofratellicozzi.com\/news\/#\/schema\/person\/3c2c242e79e59f9be7b62a0d9673e40d\"},\"headline\":\"&#8220;Donne e motori&#8221; storie in tour marzo\",\"datePublished\":\"2025-03-25T16:43:26+00:00\",\"dateModified\":\"2025-09-16T13:21:34+00:00\",\"mainEntityOfPage\":{\"@id\":\"https:\/\/www.museofratellicozzi.com\/news\/donne-e-motori-storie-in-tour-marzo\/\"},\"wordCount\":5628,\"commentCount\":1,\"publisher\":{\"@id\":\"https:\/\/www.museofratellicozzi.com\/news\/#organization\"},\"image\":{\"@id\":\"https:\/\/www.museofratellicozzi.com\/news\/donne-e-motori-storie-in-tour-marzo\/#primaryimage\"},\"thumbnailUrl\":\"https:\/\/www.museofratellicozzi.com\/news\/wp-content\/uploads\/2025\/03\/MUSEO-slide-foto-14.jpg\",\"keywords\":[\"alfa romeo\",\"automotive\",\"cozzi\",\"donne e motori\",\"Maria Leitner\",\"Museo Fratelli Cozzi\",\"Semenzato\"],\"articleSection\":[\"Associazione\",\"Donne e Motori\",\"Empowerment femminile\"],\"inLanguage\":\"it-IT\",\"potentialAction\":[{\"@type\":\"CommentAction\",\"name\":\"Comment\",\"target\":[\"https:\/\/www.museofratellicozzi.com\/news\/donne-e-motori-storie-in-tour-marzo\/#respond\"]}]},{\"@type\":\"WebPage\",\"@id\":\"https:\/\/www.museofratellicozzi.com\/news\/donne-e-motori-storie-in-tour-marzo\/\",\"url\":\"https:\/\/www.museofratellicozzi.com\/news\/donne-e-motori-storie-in-tour-marzo\/\",\"name\":\"\\\"Donne e motori\\\" storie in tour marzo -\",\"isPartOf\":{\"@id\":\"https:\/\/www.museofratellicozzi.com\/news\/#website\"},\"primaryImageOfPage\":{\"@id\":\"https:\/\/www.museofratellicozzi.com\/news\/donne-e-motori-storie-in-tour-marzo\/#primaryimage\"},\"image\":{\"@id\":\"https:\/\/www.museofratellicozzi.com\/news\/donne-e-motori-storie-in-tour-marzo\/#primaryimage\"},\"thumbnailUrl\":\"https:\/\/www.museofratellicozzi.com\/news\/wp-content\/uploads\/2025\/03\/MUSEO-slide-foto-14.jpg\",\"datePublished\":\"2025-03-25T16:43:26+00:00\",\"dateModified\":\"2025-09-16T13:21:34+00:00\",\"description\":\"\\\"Donne e motori? Gioie e basta\\\" segui il tour e scopri le protagoniste. Ecco dove sono state le testimonial nel mese di marzo\",\"breadcrumb\":{\"@id\":\"https:\/\/www.museofratellicozzi.com\/news\/donne-e-motori-storie-in-tour-marzo\/#breadcrumb\"},\"inLanguage\":\"it-IT\",\"potentialAction\":[{\"@type\":\"ReadAction\",\"target\":[\"https:\/\/www.museofratellicozzi.com\/news\/donne-e-motori-storie-in-tour-marzo\/\"]}]},{\"@type\":\"ImageObject\",\"inLanguage\":\"it-IT\",\"@id\":\"https:\/\/www.museofratellicozzi.com\/news\/donne-e-motori-storie-in-tour-marzo\/#primaryimage\",\"url\":\"https:\/\/www.museofratellicozzi.com\/news\/wp-content\/uploads\/2025\/03\/MUSEO-slide-foto-14.jpg\",\"contentUrl\":\"https:\/\/www.museofratellicozzi.com\/news\/wp-content\/uploads\/2025\/03\/MUSEO-slide-foto-14.jpg\",\"width\":1920,\"height\":1080},{\"@type\":\"BreadcrumbList\",\"@id\":\"https:\/\/www.museofratellicozzi.com\/news\/donne-e-motori-storie-in-tour-marzo\/#breadcrumb\",\"itemListElement\":[{\"@type\":\"ListItem\",\"position\":1,\"name\":\"Home\",\"item\":\"https:\/\/www.museofratellicozzi.com\/news\/\"},{\"@type\":\"ListItem\",\"position\":2,\"name\":\"&#8220;Donne e motori&#8221; storie in tour marzo\"}]},{\"@type\":\"WebSite\",\"@id\":\"https:\/\/www.museofratellicozzi.com\/news\/#website\",\"url\":\"https:\/\/www.museofratellicozzi.com\/news\/\",\"name\":\"eNews Museo Fratelli Cozzi\",\"description\":\"Alfa Romeo: un mito che resiste al tempo\",\"publisher\":{\"@id\":\"https:\/\/www.museofratellicozzi.com\/news\/#organization\"},\"potentialAction\":[{\"@type\":\"SearchAction\",\"target\":{\"@type\":\"EntryPoint\",\"urlTemplate\":\"https:\/\/www.museofratellicozzi.com\/news\/?s={search_term_string}\"},\"query-input\":{\"@type\":\"PropertyValueSpecification\",\"valueRequired\":true,\"valueName\":\"search_term_string\"}}],\"inLanguage\":\"it-IT\"},{\"@type\":\"Organization\",\"@id\":\"https:\/\/www.museofratellicozzi.com\/news\/#organization\",\"name\":\"Museo Fratelli Cozzi\",\"url\":\"https:\/\/www.museofratellicozzi.com\/news\/\",\"logo\":{\"@type\":\"ImageObject\",\"inLanguage\":\"it-IT\",\"@id\":\"https:\/\/www.museofratellicozzi.com\/news\/#\/schema\/logo\/image\/\",\"url\":\"https:\/\/www.museofratellicozzi.com\/news\/wp-content\/uploads\/2017\/04\/home.png\",\"contentUrl\":\"https:\/\/www.museofratellicozzi.com\/news\/wp-content\/uploads\/2017\/04\/home.png\",\"width\":497,\"height\":512,\"caption\":\"Museo Fratelli Cozzi\"},\"image\":{\"@id\":\"https:\/\/www.museofratellicozzi.com\/news\/#\/schema\/logo\/image\/\"}},{\"@type\":\"Person\",\"@id\":\"https:\/\/www.museofratellicozzi.com\/news\/#\/schema\/person\/3c2c242e79e59f9be7b62a0d9673e40d\",\"name\":\"Elisabetta Cozzi\",\"image\":{\"@type\":\"ImageObject\",\"inLanguage\":\"it-IT\",\"@id\":\"https:\/\/www.museofratellicozzi.com\/news\/#\/schema\/person\/image\/\",\"url\":\"https:\/\/secure.gravatar.com\/avatar\/a761e7642145a4506dbd3685a69db0fc?s=96&d=mm&r=g\",\"contentUrl\":\"https:\/\/secure.gravatar.com\/avatar\/a761e7642145a4506dbd3685a69db0fc?s=96&d=mm&r=g\",\"caption\":\"Elisabetta Cozzi\"}}]}<\/script>\n<!-- \/ Yoast SEO plugin. -->","yoast_head_json":{"title":"\"Donne e motori\" storie in tour marzo -","description":"\"Donne e motori? Gioie e basta\" segui il tour e scopri le protagoniste. Ecco dove sono state le testimonial nel mese di marzo","robots":{"index":"index","follow":"follow","max-snippet":"max-snippet:-1","max-image-preview":"max-image-preview:large","max-video-preview":"max-video-preview:-1"},"canonical":"https:\/\/www.museofratellicozzi.com\/news\/donne-e-motori-storie-in-tour-marzo\/","og_locale":"it_IT","og_type":"article","og_title":"\"Donne e motori\" storie in tour marzo -","og_description":"\"Donne e motori? Gioie e basta\" segui il tour e scopri le protagoniste. Ecco dove sono state le testimonial nel mese di marzo","og_url":"https:\/\/www.museofratellicozzi.com\/news\/donne-e-motori-storie-in-tour-marzo\/","og_site_name":"eNews Museo Fratelli Cozzi","article_published_time":"2025-03-25T16:43:26+00:00","article_modified_time":"2025-09-16T13:21:34+00:00","og_image":[{"width":1920,"height":1080,"url":"https:\/\/www.museofratellicozzi.com\/news\/wp-content\/uploads\/2025\/03\/MUSEO-slide-foto-14.jpg","type":"image\/jpeg"}],"author":"Elisabetta Cozzi","twitter_card":"summary_large_image","twitter_misc":{"Scritto da":"Elisabetta Cozzi","Tempo di lettura stimato":"10 minuti"},"schema":{"@context":"https:\/\/schema.org","@graph":[{"@type":"Article","@id":"https:\/\/www.museofratellicozzi.com\/news\/donne-e-motori-storie-in-tour-marzo\/#article","isPartOf":{"@id":"https:\/\/www.museofratellicozzi.com\/news\/donne-e-motori-storie-in-tour-marzo\/"},"author":{"name":"Elisabetta Cozzi","@id":"https:\/\/www.museofratellicozzi.com\/news\/#\/schema\/person\/3c2c242e79e59f9be7b62a0d9673e40d"},"headline":"&#8220;Donne e motori&#8221; storie in tour marzo","datePublished":"2025-03-25T16:43:26+00:00","dateModified":"2025-09-16T13:21:34+00:00","mainEntityOfPage":{"@id":"https:\/\/www.museofratellicozzi.com\/news\/donne-e-motori-storie-in-tour-marzo\/"},"wordCount":5628,"commentCount":1,"publisher":{"@id":"https:\/\/www.museofratellicozzi.com\/news\/#organization"},"image":{"@id":"https:\/\/www.museofratellicozzi.com\/news\/donne-e-motori-storie-in-tour-marzo\/#primaryimage"},"thumbnailUrl":"https:\/\/www.museofratellicozzi.com\/news\/wp-content\/uploads\/2025\/03\/MUSEO-slide-foto-14.jpg","keywords":["alfa romeo","automotive","cozzi","donne e motori","Maria Leitner","Museo Fratelli Cozzi","Semenzato"],"articleSection":["Associazione","Donne e Motori","Empowerment femminile"],"inLanguage":"it-IT","potentialAction":[{"@type":"CommentAction","name":"Comment","target":["https:\/\/www.museofratellicozzi.com\/news\/donne-e-motori-storie-in-tour-marzo\/#respond"]}]},{"@type":"WebPage","@id":"https:\/\/www.museofratellicozzi.com\/news\/donne-e-motori-storie-in-tour-marzo\/","url":"https:\/\/www.museofratellicozzi.com\/news\/donne-e-motori-storie-in-tour-marzo\/","name":"\"Donne e motori\" storie in tour marzo -","isPartOf":{"@id":"https:\/\/www.museofratellicozzi.com\/news\/#website"},"primaryImageOfPage":{"@id":"https:\/\/www.museofratellicozzi.com\/news\/donne-e-motori-storie-in-tour-marzo\/#primaryimage"},"image":{"@id":"https:\/\/www.museofratellicozzi.com\/news\/donne-e-motori-storie-in-tour-marzo\/#primaryimage"},"thumbnailUrl":"https:\/\/www.museofratellicozzi.com\/news\/wp-content\/uploads\/2025\/03\/MUSEO-slide-foto-14.jpg","datePublished":"2025-03-25T16:43:26+00:00","dateModified":"2025-09-16T13:21:34+00:00","description":"\"Donne e motori? Gioie e basta\" segui il tour e scopri le protagoniste. Ecco dove sono state le testimonial nel mese di marzo","breadcrumb":{"@id":"https:\/\/www.museofratellicozzi.com\/news\/donne-e-motori-storie-in-tour-marzo\/#breadcrumb"},"inLanguage":"it-IT","potentialAction":[{"@type":"ReadAction","target":["https:\/\/www.museofratellicozzi.com\/news\/donne-e-motori-storie-in-tour-marzo\/"]}]},{"@type":"ImageObject","inLanguage":"it-IT","@id":"https:\/\/www.museofratellicozzi.com\/news\/donne-e-motori-storie-in-tour-marzo\/#primaryimage","url":"https:\/\/www.museofratellicozzi.com\/news\/wp-content\/uploads\/2025\/03\/MUSEO-slide-foto-14.jpg","contentUrl":"https:\/\/www.museofratellicozzi.com\/news\/wp-content\/uploads\/2025\/03\/MUSEO-slide-foto-14.jpg","width":1920,"height":1080},{"@type":"BreadcrumbList","@id":"https:\/\/www.museofratellicozzi.com\/news\/donne-e-motori-storie-in-tour-marzo\/#breadcrumb","itemListElement":[{"@type":"ListItem","position":1,"name":"Home","item":"https:\/\/www.museofratellicozzi.com\/news\/"},{"@type":"ListItem","position":2,"name":"&#8220;Donne e motori&#8221; storie in tour marzo"}]},{"@type":"WebSite","@id":"https:\/\/www.museofratellicozzi.com\/news\/#website","url":"https:\/\/www.museofratellicozzi.com\/news\/","name":"eNews Museo Fratelli Cozzi","description":"Alfa Romeo: un mito che resiste al tempo","publisher":{"@id":"https:\/\/www.museofratellicozzi.com\/news\/#organization"},"potentialAction":[{"@type":"SearchAction","target":{"@type":"EntryPoint","urlTemplate":"https:\/\/www.museofratellicozzi.com\/news\/?s={search_term_string}"},"query-input":{"@type":"PropertyValueSpecification","valueRequired":true,"valueName":"search_term_string"}}],"inLanguage":"it-IT"},{"@type":"Organization","@id":"https:\/\/www.museofratellicozzi.com\/news\/#organization","name":"Museo Fratelli Cozzi","url":"https:\/\/www.museofratellicozzi.com\/news\/","logo":{"@type":"ImageObject","inLanguage":"it-IT","@id":"https:\/\/www.museofratellicozzi.com\/news\/#\/schema\/logo\/image\/","url":"https:\/\/www.museofratellicozzi.com\/news\/wp-content\/uploads\/2017\/04\/home.png","contentUrl":"https:\/\/www.museofratellicozzi.com\/news\/wp-content\/uploads\/2017\/04\/home.png","width":497,"height":512,"caption":"Museo Fratelli Cozzi"},"image":{"@id":"https:\/\/www.museofratellicozzi.com\/news\/#\/schema\/logo\/image\/"}},{"@type":"Person","@id":"https:\/\/www.museofratellicozzi.com\/news\/#\/schema\/person\/3c2c242e79e59f9be7b62a0d9673e40d","name":"Elisabetta Cozzi","image":{"@type":"ImageObject","inLanguage":"it-IT","@id":"https:\/\/www.museofratellicozzi.com\/news\/#\/schema\/person\/image\/","url":"https:\/\/secure.gravatar.com\/avatar\/a761e7642145a4506dbd3685a69db0fc?s=96&d=mm&r=g","contentUrl":"https:\/\/secure.gravatar.com\/avatar\/a761e7642145a4506dbd3685a69db0fc?s=96&d=mm&r=g","caption":"Elisabetta Cozzi"}}]}},"jetpack_featured_media_url":"https:\/\/www.museofratellicozzi.com\/news\/wp-content\/uploads\/2025\/03\/MUSEO-slide-foto-14.jpg","jetpack_shortlink":"https:\/\/wp.me\/p90Eth-5wm","jetpack_sharing_enabled":true,"post_mailing_queue_ids":[],"_links":{"self":[{"href":"https:\/\/www.museofratellicozzi.com\/news\/wp-json\/wp\/v2\/posts\/21226","targetHints":{"allow":["GET"]}}],"collection":[{"href":"https:\/\/www.museofratellicozzi.com\/news\/wp-json\/wp\/v2\/posts"}],"about":[{"href":"https:\/\/www.museofratellicozzi.com\/news\/wp-json\/wp\/v2\/types\/post"}],"author":[{"embeddable":true,"href":"https:\/\/www.museofratellicozzi.com\/news\/wp-json\/wp\/v2\/users\/7"}],"replies":[{"embeddable":true,"href":"https:\/\/www.museofratellicozzi.com\/news\/wp-json\/wp\/v2\/comments?post=21226"}],"version-history":[{"count":27,"href":"https:\/\/www.museofratellicozzi.com\/news\/wp-json\/wp\/v2\/posts\/21226\/revisions"}],"predecessor-version":[{"id":21647,"href":"https:\/\/www.museofratellicozzi.com\/news\/wp-json\/wp\/v2\/posts\/21226\/revisions\/21647"}],"wp:featuredmedia":[{"embeddable":true,"href":"https:\/\/www.museofratellicozzi.com\/news\/wp-json\/wp\/v2\/media\/21493"}],"wp:attachment":[{"href":"https:\/\/www.museofratellicozzi.com\/news\/wp-json\/wp\/v2\/media?parent=21226"}],"wp:term":[{"taxonomy":"category","embeddable":true,"href":"https:\/\/www.museofratellicozzi.com\/news\/wp-json\/wp\/v2\/categories?post=21226"},{"taxonomy":"post_tag","embeddable":true,"href":"https:\/\/www.museofratellicozzi.com\/news\/wp-json\/wp\/v2\/tags?post=21226"}],"curies":[{"name":"wp","href":"https:\/\/api.w.org\/{rel}","templated":true}]}}