{"id":22595,"date":"2025-06-17T16:41:01","date_gmt":"2025-06-17T14:41:01","guid":{"rendered":"https:\/\/www.museofratellicozzi.com\/news\/?p=22595"},"modified":"2025-07-29T14:55:55","modified_gmt":"2025-07-29T12:55:55","slug":"donne-e-motori-le-testimonial-di-giugno","status":"publish","type":"post","link":"https:\/\/www.museofratellicozzi.com\/news\/donne-e-motori-le-testimonial-di-giugno\/","title":{"rendered":"&#8220;Donne e motori&#8221; le testimonial di giugno"},"content":{"rendered":"<p>[et_pb_section fb_built=&#8221;1&#8243; admin_label=&#8221;Sezione&#8221; _builder_version=&#8221;3.22&#8243; custom_padding=&#8221;0px||38px|||&#8221; transparent_background=&#8221;off&#8221; make_fullwidth=&#8221;off&#8221; use_custom_width=&#8221;off&#8221; width_unit=&#8221;on&#8221; custom_width_px=&#8221;1080&#8243; custom_width_percent=&#8221;80&#8243;][et_pb_row use_custom_gutter=&#8221;on&#8221; gutter_width=&#8221;1&#8243; disabled_on=&#8221;off|off|off&#8221; admin_label=&#8221;Riga&#8221; module_class=&#8221; et_pb_row_fullwidth&#8221; _builder_version=&#8221;3.25&#8243; background_size=&#8221;initial&#8221; background_position=&#8221;top_left&#8221; background_repeat=&#8221;repeat&#8221; width=&#8221;100%&#8221; width_tablet=&#8221;100%&#8221; width_phone=&#8221;&#8221; width_last_edited=&#8221;on|desktop&#8221; max_width=&#8221;100%&#8221; max_width_tablet=&#8221;100%&#8221; max_width_phone=&#8221;&#8221; max_width_last_edited=&#8221;on|desktop&#8221; custom_padding=&#8221;0px|||&#8221; make_fullwidth=&#8221;on&#8221; use_custom_width=&#8221;off&#8221; width_unit=&#8221;on&#8221; custom_width_px=&#8221;1080&#8243; custom_width_percent=&#8221;80&#8243;][et_pb_column type=&#8221;4_4&#8243; _builder_version=&#8221;3.25&#8243; custom_padding=&#8221;|||&#8221; custom_padding__hover=&#8221;|||&#8221;][et_pb_image src=&#8221;https:\/\/www.museofratellicozzi.com\/news\/wp-content\/uploads\/2025\/06\/MUSEO-slide-foto-4.jpg&#8221; alt=&#8221;Donne e motori in tour 2025&#8243; title_text=&#8221;MUSEO slide foto (4)&#8221; force_fullwidth=&#8221;on&#8221; align_tablet=&#8221;center&#8221; align_phone=&#8221;&#8221; align_last_edited=&#8221;on|desktop&#8221; admin_label=&#8221;Immagine principale&#8221; _builder_version=&#8221;4.8.2&#8243; animation=&#8221;off&#8221; sticky=&#8221;off&#8221; use_border_color=&#8221;off&#8221; border_color=&#8221;#ffffff&#8221; border_width=&#8221;1&#8243; border_style=&#8221;solid&#8221; always_center_on_mobile=&#8221;on&#8221;][\/et_pb_image][\/et_pb_column][\/et_pb_row][et_pb_row admin_label=&#8221;Riga&#8221; _builder_version=&#8221;4.8.2&#8243; background_size=&#8221;initial&#8221; background_position=&#8221;top_left&#8221; background_repeat=&#8221;repeat&#8221; custom_padding=&#8221;20px||0px|&#8221; make_fullwidth=&#8221;off&#8221; use_custom_width=&#8221;off&#8221; width_unit=&#8221;on&#8221; custom_width_px=&#8221;1080&#8243; custom_width_percent=&#8221;80&#8243;][et_pb_column type=&#8221;4_4&#8243; _builder_version=&#8221;3.25&#8243; custom_padding=&#8221;|||&#8221; custom_padding__hover=&#8221;|||&#8221;][et_pb_text admin_label=&#8221;Titolo&#8221; _builder_version=&#8221;4.8.2&#8243; text_font=&#8221;PT Sans||||&#8221; text_text_color=&#8221;#000000&#8243; text_font_size=&#8221;72&#8243; text_letter_spacing=&#8221;0&#8243; text_line_height=&#8221;1.1&#8243; header_font=&#8221;PT Sans||||&#8221; header_text_color=&#8221;#000000&#8243; header_font_size=&#8221;48&#8243; header_letter_spacing=&#8221;0&#8243; header_line_height=&#8221;1.1em&#8221; background_size=&#8221;initial&#8221; background_position=&#8221;top_left&#8221; background_repeat=&#8221;repeat&#8221; custom_margin=&#8221;0px||0px|&#8221; text_font_size_tablet=&#8221;60&#8243; text_font_size_phone=&#8221;&#8221; text_font_size_last_edited=&#8221;on|phone&#8221; text_letter_spacing_tablet=&#8221;&#8221; text_letter_spacing_phone=&#8221;&#8221; text_letter_spacing_last_edited=&#8221;on|desktop&#8221; text_line_height_tablet=&#8221;&#8221; text_line_height_phone=&#8221;&#8221; text_line_height_last_edited=&#8221;on|&#8221; header_font_size_tablet=&#8221;46&#8243; header_font_size_phone=&#8221;38px&#8221; header_font_size_last_edited=&#8221;on|phone&#8221; use_border_color=&#8221;off&#8221; border_color=&#8221;#ffffff&#8221; border_width=&#8221;1&#8243; border_style=&#8221;solid&#8221;]<\/p>\n<p>Donne e motori\u00a0<\/p>\n<p>[\/et_pb_text][et_pb_text admin_label=&#8221;Titolo&#8221; _builder_version=&#8221;4.8.2&#8243; text_font=&#8221;PT Sans||||&#8221; text_text_color=&#8221;#000000&#8243; text_font_size=&#8221;43px&#8221; text_letter_spacing=&#8221;0&#8243; text_line_height=&#8221;1.1&#8243; header_font=&#8221;PT Sans||||&#8221; header_text_color=&#8221;#000000&#8243; header_font_size=&#8221;48&#8243; header_letter_spacing=&#8221;0&#8243; header_line_height=&#8221;1.1em&#8221; background_size=&#8221;initial&#8221; background_position=&#8221;top_left&#8221; background_repeat=&#8221;repeat&#8221; custom_margin=&#8221;0px||0px|&#8221; custom_padding=&#8221;||0px|||&#8221; text_font_size_tablet=&#8221;60&#8243; text_font_size_phone=&#8221;&#8221; text_font_size_last_edited=&#8221;on|phone&#8221; text_letter_spacing_tablet=&#8221;&#8221; text_letter_spacing_phone=&#8221;&#8221; text_letter_spacing_last_edited=&#8221;on|desktop&#8221; text_line_height_tablet=&#8221;&#8221; text_line_height_phone=&#8221;&#8221; text_line_height_last_edited=&#8221;on|&#8221; header_font_size_tablet=&#8221;46&#8243; header_font_size_phone=&#8221;38px&#8221; header_font_size_last_edited=&#8221;on|phone&#8221; use_border_color=&#8221;off&#8221; border_color=&#8221;#ffffff&#8221; border_width=&#8221;1&#8243; border_style=&#8221;solid&#8221;]<\/p>\n<p>Irma Conti, Elisabetta Cozzi, Rita Paparella, Laura Lavizzari e Alessia Branca<\/p>\n<p>[\/et_pb_text][et_pb_text admin_label=&#8221;Data&#8221; _builder_version=&#8221;4.8.2&#8243; text_font=&#8221;PT Sans|on|||&#8221; text_text_color=&#8221;#363636&#8243; text_font_size=&#8221;18&#8243; text_letter_spacing=&#8221;0&#8243; text_line_height=&#8221;1.7&#8243; header_font_size=&#8221;30&#8243; header_letter_spacing=&#8221;0&#8243; header_line_height=&#8221;1&#8243; background_size=&#8221;initial&#8221; background_position=&#8221;top_left&#8221; background_repeat=&#8221;repeat&#8221; custom_margin=&#8221;10px||0px|&#8221; custom_padding=&#8221;||0px|||&#8221; use_border_color=&#8221;off&#8221; border_color=&#8221;#ffffff&#8221; border_width=&#8221;1&#8243; border_style=&#8221;solid&#8221;]<\/p>\n<p>Maggio 2025<\/p>\n<p>[\/et_pb_text][\/et_pb_column][\/et_pb_row][\/et_pb_section][et_pb_section fb_built=&#8221;1&#8243; admin_label=&#8221;Section&#8221; _builder_version=&#8221;3.22&#8243; background_color=&#8221;#f7f7f4&#8243; transparent_background=&#8221;off&#8221; make_fullwidth=&#8221;off&#8221; use_custom_width=&#8221;off&#8221; width_unit=&#8221;on&#8221; custom_width_px=&#8221;1080&#8243; custom_width_percent=&#8221;80&#8243;][et_pb_row column_structure=&#8221;1_3,2_3&#8243; padding_mobile=&#8221;on&#8221; column_padding_mobile=&#8221;on&#8221; admin_label=&#8221;row&#8221; _builder_version=&#8221;4.8.2&#8243; background_size=&#8221;initial&#8221; background_position=&#8221;top_left&#8221; background_repeat=&#8221;repeat&#8221; custom_margin=&#8221;10px||||false|false&#8221; custom_padding=&#8221;0px|||&#8221; make_fullwidth=&#8221;off&#8221; use_custom_width=&#8221;off&#8221; width_unit=&#8221;on&#8221; custom_width_px=&#8221;1080&#8243; custom_width_percent=&#8221;80&#8243;][et_pb_column type=&#8221;1_3&#8243; _builder_version=&#8221;3.25&#8243; custom_padding=&#8221;|||&#8221; custom_padding__hover=&#8221;|||&#8221;][et_pb_testimonial portrait_url=&#8221;https:\/\/www.museofratellicozzi.com\/news\/wp-content\/uploads\/2025\/01\/Foto-bio-redazione-MUSEO-1.png&#8221; _builder_version=&#8221;4.8.2&#8243; _module_preset=&#8221;default&#8221; box_shadow_style_image=&#8221;preset1&#8243;]<\/p>\n<h4>RITA PAPARELLA<\/h4>\n<p>Ingegnere nucleare, PhD in fisica delle particelle. Giornalista pubblicista e consulente tecnico in progetti industriali di innovazione e R&amp;D[\/et_pb_testimonial][\/et_pb_column][et_pb_column type=&#8221;2_3&#8243; _builder_version=&#8221;3.25&#8243; custom_padding=&#8221;|||&#8221; custom_padding__hover=&#8221;|||&#8221;][et_pb_text admin_label=&#8221;Blocco testo 1&#8243; _builder_version=&#8221;4.8.2&#8243; text_font=&#8221;PT Sans||||&#8221; text_text_color=&#8221;#363636&#8243; text_font_size=&#8221;20&#8243; text_letter_spacing=&#8221;0&#8243; text_line_height=&#8221;1.2em&#8221; header_font_size=&#8221;30&#8243; header_letter_spacing=&#8221;0&#8243; header_line_height=&#8221;1&#8243; background_size=&#8221;initial&#8221; background_position=&#8221;top_left&#8221; background_repeat=&#8221;repeat&#8221; max_width=&#8221;620px&#8221; custom_margin=&#8221;0px||0px||false|false&#8221; custom_padding=&#8221;||0px|||&#8221; text_font_size_tablet=&#8221;&#8221; text_font_size_phone=&#8221;&#8221; text_font_size_last_edited=&#8221;on|tablet&#8221; use_border_color=&#8221;off&#8221; border_color=&#8221;#ffffff&#8221; border_width=&#8221;1&#8243; border_style=&#8221;solid&#8221;]<strong>Se \u00e8 la tua prima volta qui, benvenuta\/benvenuto!\u00a0\u00a0<\/strong><\/p>\n<p><span data-contrast=\"auto\">&#8220;Donne e Motori? Gioie e basta&#8221; \u00e8 il progetto fotografico del <\/span><strong>Museo Fratelli Cozzi<\/strong><span data-contrast=\"auto\"> che sfida i pregiudizi di genere, raccontando la forza di <\/span><strong>40 donne<\/strong><span data-contrast=\"auto\"> attraverso gli scatti di <\/span><strong>Camilla Albertini<\/strong><span data-contrast=\"auto\">. La <\/span><strong>terza edizione<\/strong><span data-contrast=\"auto\"> celebra la <\/span><strong>sorellanza<\/strong><span data-contrast=\"auto\">, per superare gli stereotipi sulla solidariet\u00e0 femminile.<\/span><span data-ccp-props=\"{&quot;335551550&quot;:6,&quot;335551620&quot;:6,&quot;335559739&quot;:0}\">\u00a0<\/span><\/p>\n<p><span data-contrast=\"auto\">Vuoi saperne di pi\u00f9? Clicca su questo link:<\/span><span data-ccp-props=\"{&quot;335551550&quot;:6,&quot;335551620&quot;:6,&quot;335559739&quot;:0}\">\u00a0<\/span><span style=\"color: #800000;\"><strong><a style=\"color: #800000;\" href=\"https:\/\/www.museofratellicozzi.com\/news\/donne-e-motori-gioie-e-basta-le-protagoniste-terza-edizione\/\" target=\"_blank\" rel=\"noopener\">Vuoi saperne di pi\u00f9? Clicca qui<\/a><\/strong><\/span><span style=\"letter-spacing: 0px; text-align: left;\">\u00a0<\/span><\/p>\n<p><strong><span style=\"letter-spacing: 0px; text-align: left;\">Come ogni mese, vi accompagniamo alla scoperta delle donne protagoniste e dei luoghi che hanno ospitato e ospiteranno la mostra e il progetto.\u00a0<\/span><\/strong>[\/et_pb_text][\/et_pb_column][\/et_pb_row][et_pb_row _builder_version=&#8221;4.8.2&#8243; _module_preset=&#8221;default&#8221;][et_pb_column type=&#8221;4_4&#8243; _builder_version=&#8221;4.8.2&#8243; _module_preset=&#8221;default&#8221;][et_pb_divider _builder_version=&#8221;4.8.2&#8243; _module_preset=&#8221;default&#8221;][\/et_pb_divider][\/et_pb_column][\/et_pb_row][et_pb_row column_structure=&#8221;1_3,2_3&#8243; padding_mobile=&#8221;on&#8221; column_padding_mobile=&#8221;on&#8221; admin_label=&#8221;row&#8221; _builder_version=&#8221;4.8.2&#8243; background_size=&#8221;initial&#8221; background_position=&#8221;top_left&#8221; background_repeat=&#8221;repeat&#8221; custom_margin=&#8221;10px||||false|false&#8221; custom_padding=&#8221;0px|||&#8221; make_fullwidth=&#8221;off&#8221; use_custom_width=&#8221;off&#8221; width_unit=&#8221;on&#8221; custom_width_px=&#8221;1080&#8243; custom_width_percent=&#8221;80&#8243;][et_pb_column type=&#8221;1_3&#8243; _builder_version=&#8221;3.25&#8243; custom_padding=&#8221;|||&#8221; custom_padding__hover=&#8221;|||&#8221;][\/et_pb_column][et_pb_column type=&#8221;2_3&#8243; _builder_version=&#8221;3.25&#8243; custom_padding=&#8221;|||&#8221; custom_padding__hover=&#8221;|||&#8221;][et_pb_text admin_label=&#8221;Blocco testo 1&#8243; _builder_version=&#8221;4.8.2&#8243; text_font=&#8221;PT Sans||||&#8221; text_text_color=&#8221;#363636&#8243; text_font_size=&#8221;20&#8243; text_letter_spacing=&#8221;0&#8243; text_line_height=&#8221;1.2em&#8221; header_font_size=&#8221;30&#8243; header_letter_spacing=&#8221;0&#8243; header_line_height=&#8221;1&#8243; background_size=&#8221;initial&#8221; background_position=&#8221;top_left&#8221; background_repeat=&#8221;repeat&#8221; max_width=&#8221;620px&#8221; custom_margin=&#8221;0px||0px||false|false&#8221; custom_padding=&#8221;1px||0px|||&#8221; text_font_size_tablet=&#8221;&#8221; text_font_size_phone=&#8221;&#8221; text_font_size_last_edited=&#8221;on|tablet&#8221; use_border_color=&#8221;off&#8221; border_color=&#8221;#ffffff&#8221; border_width=&#8221;1&#8243; border_style=&#8221;solid&#8221;]<\/p>\n<h3><b><span data-contrast=\"auto\">Irma Conti: la forza della competenza e dei valori al servizio della giustizia<\/span><\/b><span data-ccp-props=\"{&quot;335551550&quot;:6,&quot;335551620&quot;:6,&quot;335559739&quot;:0}\">\u00a0<\/span><\/h3>\n<p><em><strong>Garante Nazionale delle persone private della libert\u00e0 personale.<\/strong> Avvocato Cassazionista esperta in materia penale. Consigliere dell\u2019Ordine degli Avvocati di Roma. Presidente dell\u2019Associazione Donne Giuriste Italia.\u00a0<\/em><\/p>\n<p><span data-contrast=\"auto\">In un\u2019epoca in cui la leadership si misura sempre pi\u00f9 sulla capacit\u00e0 di unire competenza, visione e integrit\u00e0, la figura dell\u2019Avv. Irma Conti emerge come <\/span><strong>simbolo esemplare di determinazione, onest\u00e0 e impegno civico<\/strong><span data-contrast=\"auto\">. Parlando con lei della sua storia risulta evidente come abbia saputo evolversi dinamicamente in una carriera giuridica brillante e profondamente etica, diventando un <\/span><strong>punto di riferimento nel panorama del diritto penale italiano<\/strong><span data-contrast=\"auto\"> e una <\/span><strong>voce autorevole nella promozione dei diritti e della parit\u00e0 di genere<\/strong><span data-contrast=\"auto\">. Insomma, la SISTER per eccellenza!<\/span><span data-ccp-props=\"{&quot;335551550&quot;:6,&quot;335551620&quot;:6,&quot;335559739&quot;:0}\">\u00a0<\/span><\/p>\n<p><span data-contrast=\"auto\">Gi\u00e0 laureandosi in Giurisprudenza presso l\u2019Universit\u00e0 \u201cLa Sapienza\u201d di Roma lascia il segno con una tesi innovativa sul trust, la seconda redatta in Italia su questo tema, dimostrando subito un acume critico e una capacit\u00e0 analitica fuori dal comune, con una lettura innovativa e rigorosa, anticipando dibattiti oggi attualissimi.<\/span><span data-ccp-props=\"{&quot;335551550&quot;:6,&quot;335551620&quot;:6,&quot;335559739&quot;:0}\">\u00a0<\/span><\/p>\n<p><span data-contrast=\"auto\">Alla formazione accademica si affianca una solida esperienza professionale: cultrice della materia e tutor in Procedura Penale fino al 2011, nel 2004 consegue l\u2019abilitazione forense, dopo un\u2019intensa pratica con l\u2019Avv. Alessandro Cassiani. Da l\u00ec, il cammino si fa deciso e coerente: patrocinio in Cassazione nel 2016, ruoli chiave nell\u2019Ordine degli Avvocati di Roma, e infine la fondazione nel 2021 dello Studio Legale Irma Conti \u2013 Founder &amp; CEO.<\/span><span data-ccp-props=\"{&quot;335551550&quot;:6,&quot;335551620&quot;:6,&quot;335559739&quot;:0}\">\u00a0<\/span><\/p>\n<p><span data-contrast=\"auto\">Oltre la tecnica giuridica, ci\u00f2 che rende la \u201cnostra\u201d Irma una professionista di riferimento \u00e8 la coerenza profonda con i suoi valori. La sua carriera \u00e8 un intreccio costante tra sapere giuridico e responsabilit\u00e0 sociale. Dal 2020 \u00e8 presidente nazionale dell\u2019Associazione Donne Giuriste Italia (ADGI), con la quale promuove riforme legislative, culturali e professionali a favore dell\u2019equit\u00e0 di genere.<\/span><span data-ccp-props=\"{&quot;335551550&quot;:6,&quot;335551620&quot;:6,&quot;335559739&quot;:0}\">\u00a0<\/span><\/p>\n<p><span data-contrast=\"auto\">La sua nomina nel 2024 come componente del <\/span><strong>Collegio del Garante nazionale dei diritti delle persone private della libert\u00e0 personale<\/strong><span data-contrast=\"auto\"> segna un\u2019ulteriore tappa nella sua missione: garantire che anche chi ha infranto il patto sociale non perda la dignit\u00e0 umana. \u201cLo Stato ha il potere di limitare la libert\u00e0, ma il dovere di tutelare i diritti anche delle persone private della libert\u00e0 personale,\u201d sottolinea, richiamando la centralit\u00e0 della funzione educativa della pena.<\/span><span data-ccp-props=\"{&quot;335551550&quot;:6,&quot;335551620&quot;:6,&quot;335559739&quot;:0}\">\u00a0<\/span><\/p>\n<p><span data-contrast=\"auto\">Irma \u00e8 una donna che non ha mai separato il suo impegno professionale dalla dimensione personale. Profondamente legata alla famiglia e alle radici, rivendica con orgoglio il patrimonio valoriale trasmessole dai genitori, imprenditori onesti e tenaci.\u00a0<\/span><span data-ccp-props=\"{&quot;335551550&quot;:6,&quot;335551620&quot;:6,&quot;335559739&quot;:0}\">\u00a0<\/span><\/p>\n<p><span data-contrast=\"auto\">\u201cLa passione e la determinazione portano alla pi\u00f9 grande soddisfazione. Nulla \u00e8 impossibile, ma nulla \u00e8 facile,\u201d afferma, lanciando un messaggio chiaro alle giovani professioniste: credere in se stesse, formarsi con seriet\u00e0 e non accettare compromessi sui propri sogni.<\/span><span data-ccp-props=\"{&quot;335551550&quot;:6,&quot;335551620&quot;:6,&quot;335559739&quot;:0}\">\u00a0<\/span><\/p>\n<p><span data-contrast=\"auto\">Un faro incrollabile nel mare della giustizia che ha fatto della propria visibilit\u00e0 un veicolo di consapevolezza collettiva. Da quando ha ricevuto l\u2019onorificenza di Cavaliere della Repubblica per l\u2019impegno nella lotta alla violenza di genere, ne indossa ogni giorno la rosellina sulla giacca. Non come gesto esibizionistico, ma come richiamo quotidiano al <\/span><strong>dovere morale di onorare quella battaglia<\/strong><span data-contrast=\"auto\">. La sua visione della sorellanza si fonda sull\u2019empatia ma anche sull\u2019esortazione alla responsabilit\u00e0 individuale: &#8220;La libert\u00e0 economica \u00e8 la base della libert\u00e0 di scelta per ogni donna&#8221;, afferma con fermezza. Ed \u00e8 in questo binomio (diritti e strumenti per esercitarli) che si gioca il futuro dell\u2019uguaglianza.<\/span><span data-ccp-props=\"{&quot;335551550&quot;:6,&quot;335551620&quot;:6,&quot;335559739&quot;:0}\">\u00a0<\/span><\/p>\n<p><span data-contrast=\"auto\">Nel 2025, Irma \u00e8 stata nominata Consigliera di Fiducia presso la LUISS Guido Carli di Roma, un ruolo che definisce un <\/span><b><span data-contrast=\"auto\">privilegio<\/span><\/b><span data-contrast=\"auto\"> e che incarna perfettamente la sua visione di guida etica e professionale per i giovani, che definisce \u201c<\/span><b><span data-contrast=\"auto\">la linfa vitale del Paese<\/span><\/b><span data-contrast=\"auto\">\u201d.<\/span><span data-ccp-props=\"{&quot;335551550&quot;:6,&quot;335551620&quot;:6,&quot;335559739&quot;:0}\">\u00a0<\/span><\/p>\n<p><span data-contrast=\"auto\">\u00a0\u201cTutto richiede impegno. Ma la soddisfazione di avercela fatta, con le proprie forze, \u00e8 la pi\u00f9 grande delle ricompense\u201d.<\/span><span data-ccp-props=\"{&quot;335551550&quot;:6,&quot;335551620&quot;:6,&quot;335559739&quot;:0}\">\u00a0<\/span><\/p>\n<p>[\/et_pb_text][\/et_pb_column][\/et_pb_row][et_pb_row _builder_version=&#8221;4.8.2&#8243; _module_preset=&#8221;default&#8221;][et_pb_column type=&#8221;4_4&#8243; _builder_version=&#8221;4.8.2&#8243; _module_preset=&#8221;default&#8221;][et_pb_image src=&#8221;https:\/\/www.museofratellicozzi.com\/news\/wp-content\/uploads\/2025\/06\/Paparella_Conti.jpeg&#8221; title_text=&#8221;Irma Conti e Rita Paparellai&#8221; _builder_version=&#8221;4.8.2&#8243; _module_preset=&#8221;default&#8221;][\/et_pb_image][et_pb_gallery gallery_ids=&#8221;22660,22713,22661,22715,22662,22663,22714,22716&#8243; show_title_and_caption=&#8221;off&#8221; show_pagination=&#8221;off&#8221; _builder_version=&#8221;4.8.2&#8243; _module_preset=&#8221;default&#8221; title_font=&#8221;Acme||||||||&#8221; caption_font=&#8221;Abhaya Libre|||on|||||&#8221; caption_font_size=&#8221;0px&#8221; pagination_text_color=&#8221;RGBA(0,0,0,0)&#8221;][\/et_pb_gallery][et_pb_text _builder_version=&#8221;4.8.2&#8243; _module_preset=&#8221;default&#8221;]<\/p>\n<p>Backstage mostra: Irma, nell&#8217;immagine\u00a0guida della III edizione di &#8220;Donne e Motori? Gioie e basta&#8221; \u00e8 con Rita Paparella<\/p>\n<p>[\/et_pb_text][\/et_pb_column][\/et_pb_row][et_pb_row _builder_version=&#8221;4.8.2&#8243; _module_preset=&#8221;default&#8221;][et_pb_column type=&#8221;4_4&#8243; _builder_version=&#8221;4.8.2&#8243; _module_preset=&#8221;default&#8221;][et_pb_divider _builder_version=&#8221;4.8.2&#8243; _module_preset=&#8221;default&#8221;][\/et_pb_divider][\/et_pb_column][\/et_pb_row][et_pb_row column_structure=&#8221;1_3,2_3&#8243; padding_mobile=&#8221;on&#8221; column_padding_mobile=&#8221;on&#8221; admin_label=&#8221;row&#8221; _builder_version=&#8221;4.8.2&#8243; background_size=&#8221;initial&#8221; background_position=&#8221;top_left&#8221; background_repeat=&#8221;repeat&#8221; custom_margin=&#8221;10px||||false|false&#8221; custom_padding=&#8221;0px|||&#8221; make_fullwidth=&#8221;off&#8221; use_custom_width=&#8221;off&#8221; width_unit=&#8221;on&#8221; custom_width_px=&#8221;1080&#8243; custom_width_percent=&#8221;80&#8243;][et_pb_column type=&#8221;1_3&#8243; _builder_version=&#8221;3.25&#8243; custom_padding=&#8221;|||&#8221; custom_padding__hover=&#8221;|||&#8221;][\/et_pb_column][et_pb_column type=&#8221;2_3&#8243; _builder_version=&#8221;3.25&#8243; custom_padding=&#8221;|||&#8221; custom_padding__hover=&#8221;|||&#8221;][et_pb_text admin_label=&#8221;Blocco testo 1&#8243; _builder_version=&#8221;4.8.2&#8243; text_font=&#8221;PT Sans||||&#8221; text_text_color=&#8221;#363636&#8243; text_font_size=&#8221;20&#8243; text_letter_spacing=&#8221;0&#8243; text_line_height=&#8221;1.2em&#8221; header_font_size=&#8221;30&#8243; header_letter_spacing=&#8221;0&#8243; header_line_height=&#8221;1&#8243; background_size=&#8221;initial&#8221; background_position=&#8221;top_left&#8221; background_repeat=&#8221;repeat&#8221; max_width=&#8221;620px&#8221; custom_margin=&#8221;0px||0px||false|false&#8221; text_font_size_tablet=&#8221;&#8221; text_font_size_phone=&#8221;&#8221; text_font_size_last_edited=&#8221;on|tablet&#8221; use_border_color=&#8221;off&#8221; border_color=&#8221;#ffffff&#8221; border_width=&#8221;1&#8243; border_style=&#8221;solid&#8221;]<\/p>\n<h3><b><span data-contrast=\"auto\">Rita Paparella: Come Garri Kasparov vs Deep Blue, io vs ChatGPT<\/span><\/b><span data-ccp-props=\"{&quot;335551550&quot;:6,&quot;335551620&quot;:6,&quot;335559739&quot;:0}\">\u00a0<\/span><\/h3>\n<p><em>Ingegnere nucleare, PhD in fisica delle particelle. Giornalista pubblicista e consulente tecnico in progetti industriali di innovazione e R&amp;D\u00a0<\/em><\/p>\n<p><span data-ccp-props=\"{&quot;335551550&quot;:6,&quot;335551620&quot;:6,&quot;335559739&quot;:0}\">\u00a0<\/span><b><span data-contrast=\"auto\">\ud83c\udf31<\/span><\/b><strong>Inizio e motivazioni\u00a0<\/strong><\/p>\n<ol>\n<li data-leveltext=\"%1.\" data-font=\"\" data-listid=\"8\" data-list-defn-props=\"{&quot;335552541&quot;:0,&quot;335559685&quot;:720,&quot;335559991&quot;:360,&quot;469769242&quot;:[65533,0],&quot;469777803&quot;:&quot;left&quot;,&quot;469777804&quot;:&quot;%1.&quot;,&quot;469777815&quot;:&quot;multilevel&quot;}\" aria-setsize=\"-1\" data-aria-posinset=\"1\" data-aria-level=\"1\"><em>Rita, partiamo dall&#8217;inizio: cosa ti ha spinto a scegliere ingegneria nucleare? C\u2019era un momento particolare che ha acceso questa passione?\u00a0<\/em><\/li>\n<\/ol>\n<p><span data-contrast=\"auto\">Fui affascinata dall\u2019ingegneria nucleare guardando, una notte, da ragazzina, un documentario sull\u2019incidente di Chernobyl. La passione per gli acceleratori di particelle, invece, me la trasmise il mio professore di fisica del liceo, Fausto Repetto.<\/span><span data-ccp-props=\"{&quot;335551550&quot;:6,&quot;335551620&quot;:6,&quot;335559739&quot;:0}\">\u00a0<\/span><\/p>\n<p><b><span data-contrast=\"auto\">\ud83e\udde0<\/span><\/b> <strong>Sfide nella formazione e nella ricerca\u00a0<\/strong><\/p>\n<ol>\n<li data-leveltext=\"%1.\" data-font=\"\" data-listid=\"2\" data-list-defn-props=\"{&quot;335551671&quot;:2,&quot;335552541&quot;:0,&quot;335559685&quot;:720,&quot;335559991&quot;:360,&quot;469769242&quot;:[65533,0],&quot;469777803&quot;:&quot;left&quot;,&quot;469777804&quot;:&quot;%1.&quot;,&quot;469777815&quot;:&quot;multilevel&quot;}\" aria-setsize=\"-1\" data-aria-posinset=\"2\" data-aria-level=\"1\"><em>Il tuo primo lavoro al CERN, un dottorato in fisica delle particelle in Francia, e affrontare esperienze nei pi\u00f9 grandi centri di ricerca sulla fisica delle particelle al mondo dev\u2019essere stato molto impegnativo: qual \u00e8 stata la sfida pi\u00f9 grande in quel periodo?\u00a0<\/em><\/li>\n<\/ol>\n<p><span data-contrast=\"auto\">La sfida contro me stessa e le mie paure. Ho sempre sofferto della sindrome dell\u2019impostore. Ma la voglia di partire, in primis per il CERN, era troppo grande per lasciarmi bloccare.<\/span><span data-ccp-props=\"{&quot;335551550&quot;:6,&quot;335551620&quot;:6,&quot;335559739&quot;:0}\">\u00a0<\/span><\/p>\n<ol>\n<li data-leveltext=\"%1.\" data-font=\"\" data-listid=\"2\" data-list-defn-props=\"{&quot;335551671&quot;:2,&quot;335552541&quot;:0,&quot;335559685&quot;:720,&quot;335559991&quot;:360,&quot;469769242&quot;:[65533,0],&quot;469777803&quot;:&quot;left&quot;,&quot;469777804&quot;:&quot;%1.&quot;,&quot;469777815&quot;:&quot;multilevel&quot;}\" aria-setsize=\"-1\" data-aria-posinset=\"3\" data-aria-level=\"1\"><em>Hai lavorato in ambienti altamente competitivi, spesso anche maschili. Hai mai sentito di dover \u201cdimostrare di pi\u00f9\u201d rispetto ai colleghi?<\/em><span data-ccp-props=\"{&quot;335551550&quot;:6,&quot;335551620&quot;:6,&quot;335559739&quot;:0}\">\u00a0<\/span><\/li>\n<\/ol>\n<p><span data-contrast=\"auto\">Sempre. Ma detesto le ingiustizie, quindi, non potevo farmi sopraffare.<\/span><span data-ccp-props=\"{&quot;335551550&quot;:6,&quot;335551620&quot;:6,&quot;335559739&quot;:0}\">\u00a0<\/span><\/p>\n<p><span data-contrast=\"auto\">La situazione si \u00e8 rivel\u00f2 particolarmente delicata nel 2007, quando mi fu affidata la responsabilit\u00e0 di team leader: una giovane donna a capo di un gruppo composto da ricercatori uomini, provenienti da tre Paesi diversi, ciascuno portatore di approcci, consuetudini professionali e modalit\u00e0 relazionali eterogenee. Ritengo che il mio responsabile, all\u2019epoca, avesse sottovalutato la complessit\u00e0 del contesto e la reazione del gruppo di lavoro. Non fu un successo clamoroso, ma con determinazione e rigore riuscii a conseguire il risultato atteso.<\/span><span data-ccp-props=\"{&quot;335551550&quot;:6,&quot;335551620&quot;:6,&quot;335559739&quot;:0}\">\u00a0<\/span><\/p>\n<p><span data-ccp-props=\"{&quot;335551550&quot;:6,&quot;335551620&quot;:6,&quot;335559739&quot;:0}\">\u00a0<\/span><b><span data-contrast=\"auto\">\ud83d\udd04<\/span><\/b> <strong>Transizione e cambiamento\u00a0<\/strong><\/p>\n<ol>\n<li data-leveltext=\"%1.\" data-font=\"\" data-listid=\"3\" data-list-defn-props=\"{&quot;335551671&quot;:4,&quot;335552541&quot;:0,&quot;335559685&quot;:720,&quot;335559991&quot;:360,&quot;469769242&quot;:[65533,0],&quot;469777803&quot;:&quot;left&quot;,&quot;469777804&quot;:&quot;%1.&quot;,&quot;469777815&quot;:&quot;multilevel&quot;}\" aria-setsize=\"-1\" data-aria-posinset=\"4\" data-aria-level=\"1\"><em>Il tuo passaggio dal mondo della ricerca accademica alla consulenza aziendale \u00e8 piuttosto insolito. Cosa ti ha spinto a questo cambiamento? Come sei riuscita a reinventarti mantenendo intatta la tua identit\u00e0 professionale?\u00a0<\/em><\/li>\n<\/ol>\n<p><span data-contrast=\"auto\">Ho scelto di interrompere la carriera nella ricerca per seguire un desiderio profondo: costruire una famiglia in Italia, l\u2019unico Paese in cui la persona che sarebbe poi diventata mio marito potesse vivere con serenit\u00e0. Purtroppo, proprio negli anni che, con il senno di poi, riconosco come tra i pi\u00f9 intensi e ricchi sul piano umano e professionale, mi sono lasciata frenare da insicurezze e da una percezione distorta di me stessa, convinta che la mia presenza in certi contesti fosse frutto del caso pi\u00f9 che del merito. Erano esperienze cariche di significato e momenti irripetibili. Con il tempo ho compreso che tutto pu\u00f2 essere appreso e realizzato, se affrontato con dedizione e impegno. Questo approccio mi ha permesso di affrontare temi completamente nuovi, sostenuta dalla mia curiosit\u00e0 e dal desiderio costante di crescita personale e professionale.<\/span><span data-ccp-props=\"{&quot;335551550&quot;:6,&quot;335551620&quot;:6,&quot;335559739&quot;:0}\">\u00a0<\/span><\/p>\n<p><b><span data-contrast=\"auto\">\ud83c\udf0d<\/span><\/b> <strong>Esperienze personali e visione\u00a0<\/strong><\/p>\n<ol>\n<li data-leveltext=\"%1.\" data-font=\"\" data-listid=\"5\" data-list-defn-props=\"{&quot;335551671&quot;:6,&quot;335552541&quot;:0,&quot;335559685&quot;:720,&quot;335559991&quot;:360,&quot;469769242&quot;:[65533,0],&quot;469777803&quot;:&quot;left&quot;,&quot;469777804&quot;:&quot;%1.&quot;,&quot;469777815&quot;:&quot;multilevel&quot;}\" aria-setsize=\"-1\" data-aria-posinset=\"6\" data-aria-level=\"1\"><em>Hai vissuto in contesti internazionali. In che modo il confronto con altre culture ha arricchito la tua visione del lavoro e della vita?\u00a0<\/em><\/li>\n<\/ol>\n<p><span data-contrast=\"auto\">Il dialogo con altre culture non \u00e8 solo uno scambio, ma un atto trasformativo: ogni incontro autentico allarga l\u2019orizzonte del pensiero, raffina le competenze, scolpisce l\u2019identit\u00e0. Come affermava Claude L\u00e9vi-Strauss, \u201cl\u2019umanit\u00e0 si trova meno nella somiglianza che nella diversit\u00e0\u201d; ed \u00e8 proprio in questa alterit\u00e0 che scopriamo nuove chiavi per leggere il mondo, arricchendo tanto la nostra vita professionale quanto quella interiore. In parole povere, rimanere in contatto con gli altri ci rende pi\u00f9 umani.<\/span><span data-ccp-props=\"{&quot;335551550&quot;:6,&quot;335551620&quot;:6,&quot;335559739&quot;:0}\">\u00a0<\/span><\/p>\n<p><b><span data-contrast=\"auto\">\ud83d\udcaa<\/span><\/b> <strong>Resilienza e ispirazione<\/strong><span data-ccp-props=\"{&quot;335551550&quot;:6,&quot;335551620&quot;:6,&quot;335559739&quot;:0}\">\u00a0<\/span><\/p>\n<ol>\n<li data-leveltext=\"%1.\" data-font=\"\" data-listid=\"6\" data-list-defn-props=\"{&quot;335551671&quot;:7,&quot;335552541&quot;:0,&quot;335559685&quot;:720,&quot;335559991&quot;:360,&quot;469769242&quot;:[65533,0],&quot;469777803&quot;:&quot;left&quot;,&quot;469777804&quot;:&quot;%1.&quot;,&quot;469777815&quot;:&quot;multilevel&quot;}\" aria-setsize=\"-1\" data-aria-posinset=\"7\" data-aria-level=\"1\"><em>In quale momento ti sei sentita davvero orgogliosa di te stessa, anche se magari nessuno se n\u2019\u00e8 accorto?\u00a0<\/em><\/li>\n<\/ol>\n<p><span data-contrast=\"auto\">Quando \u00e8 nato il mio primo bambino. Non avrei mai creduto di poterci riuscire. Mi ha regalato tutto quello che non sapevo di avere.<\/span><span data-ccp-props=\"{&quot;335551550&quot;:6,&quot;335551620&quot;:6,&quot;335559739&quot;:0}\">\u00a0<\/span><\/p>\n<p><b><span data-contrast=\"auto\">\ud83d\udca1<\/span><\/b> <strong>Messaggio alle giovani donne<\/strong><span data-ccp-props=\"{&quot;335551550&quot;:6,&quot;335551620&quot;:6,&quot;335559739&quot;:0}\">\u00a0<\/span><\/p>\n<ol>\n<li data-leveltext=\"%1.\" data-font=\"\" data-listid=\"7\" data-list-defn-props=\"{&quot;335551671&quot;:8,&quot;335552541&quot;:0,&quot;335559685&quot;:720,&quot;335559991&quot;:360,&quot;469769242&quot;:[65533,0],&quot;469777803&quot;:&quot;left&quot;,&quot;469777804&quot;:&quot;%1.&quot;,&quot;469777815&quot;:&quot;multilevel&quot;}\" aria-setsize=\"-1\" data-aria-posinset=\"8\" data-aria-level=\"1\"><em>Cosa diresti oggi a una giovane donna che si sente \u201cfuori posto\u201d in un mondo tecnico o scientifico? Se potessi parlare con la \u201cRita\u201d di vent\u2019anni fa, cosa le diresti?\u00a0<\/em><\/li>\n<\/ol>\n<p><span data-contrast=\"auto\">Di fare domande, tante, senza paura, e di concentrarsi sui suoi obiettivi. Le direi che, come ho imparato col tempo e ripeto ogni giorno a mia figlia, pu\u00f2 riuscire a fare qualunque cosa lei voglia, purch\u00e9 si impegni.<\/span><span data-ccp-props=\"{&quot;335551550&quot;:6,&quot;335551620&quot;:6,&quot;335559739&quot;:0}\">\u00a0<\/span><\/p>\n<p>[\/et_pb_text][\/et_pb_column][\/et_pb_row][et_pb_row _builder_version=&#8221;4.8.2&#8243; _module_preset=&#8221;default&#8221;][et_pb_column type=&#8221;4_4&#8243; _builder_version=&#8221;4.8.2&#8243; _module_preset=&#8221;default&#8221;][et_pb_divider _builder_version=&#8221;4.8.2&#8243; _module_preset=&#8221;default&#8221;][\/et_pb_divider][\/et_pb_column][\/et_pb_row][et_pb_row _builder_version=&#8221;4.8.2&#8243; _module_preset=&#8221;default&#8221;][et_pb_column type=&#8221;4_4&#8243; _builder_version=&#8221;4.8.2&#8243; _module_preset=&#8221;default&#8221;][et_pb_image src=&#8221;https:\/\/www.museofratellicozzi.com\/news\/wp-content\/uploads\/2025\/06\/MUSEO-slide-foto-23.jpg&#8221; title_text=&#8221;Donne e motori Elisabetta e Laura&#8221; _builder_version=&#8221;4.8.2&#8243; _module_preset=&#8221;default&#8221;][\/et_pb_image][et_pb_text _builder_version=&#8221;4.8.2&#8243; _module_preset=&#8221;default&#8221;]<\/p>\n<p>Elisabetta Cozzi e Laura Lavizzari con Germano Lanzoni<\/p>\n<p>[\/et_pb_text][\/et_pb_column][\/et_pb_row][et_pb_row column_structure=&#8221;1_3,2_3&#8243; padding_mobile=&#8221;on&#8221; column_padding_mobile=&#8221;on&#8221; admin_label=&#8221;row&#8221; _builder_version=&#8221;4.8.2&#8243; background_size=&#8221;initial&#8221; background_position=&#8221;top_left&#8221; background_repeat=&#8221;repeat&#8221; min_height=&#8221;2545.2px&#8221; custom_margin=&#8221;10px||||false|false&#8221; custom_padding=&#8221;0px|||&#8221; make_fullwidth=&#8221;off&#8221; use_custom_width=&#8221;off&#8221; width_unit=&#8221;on&#8221; custom_width_px=&#8221;1080&#8243; custom_width_percent=&#8221;80&#8243;][et_pb_column type=&#8221;1_3&#8243; _builder_version=&#8221;3.25&#8243; custom_padding=&#8221;|||&#8221; custom_padding__hover=&#8221;|||&#8221;][\/et_pb_column][et_pb_column type=&#8221;2_3&#8243; _builder_version=&#8221;3.25&#8243; custom_padding=&#8221;|||&#8221; custom_padding__hover=&#8221;|||&#8221;][et_pb_text admin_label=&#8221;Blocco testo 1&#8243; _builder_version=&#8221;4.8.2&#8243; text_font=&#8221;PT Sans||||&#8221; text_text_color=&#8221;#363636&#8243; text_font_size=&#8221;20&#8243; text_letter_spacing=&#8221;0&#8243; text_line_height=&#8221;1.2em&#8221; header_font_size=&#8221;30&#8243; header_letter_spacing=&#8221;0&#8243; header_line_height=&#8221;1&#8243; background_size=&#8221;initial&#8221; background_position=&#8221;top_left&#8221; background_repeat=&#8221;repeat&#8221; max_width=&#8221;620px&#8221; custom_margin=&#8221;0px||0px||false|false&#8221; custom_padding=&#8221;||0px|||&#8221; text_font_size_tablet=&#8221;&#8221; text_font_size_phone=&#8221;&#8221; text_font_size_last_edited=&#8221;on|tablet&#8221; use_border_color=&#8221;off&#8221; border_color=&#8221;#ffffff&#8221; border_width=&#8221;1&#8243; border_style=&#8221;solid&#8221;]<\/p>\n<h3><b><span data-contrast=\"auto\">Elisabetta Cozzi: l\u2019arte di trasformare ogni occasione in valore per tutti<\/span><\/b><span data-ccp-props=\"{&quot;335551550&quot;:6,&quot;335551620&quot;:6,&quot;335559739&quot;:0}\">\u00a0<\/span><\/h3>\n<p><em>Fondatrice e Presidente Museo Fratelli Cozzi. Presidente Associazione Friends of Museo Fratelli Cozzi\u00a0<\/em><\/p>\n<p><span data-contrast=\"auto\">Elisabetta Cozzi \u00e8 una di quelle persone capaci di vivere la propria storia personale e professionale come <\/span><strong>un\u2019opera aperta, in continuo divenire<\/strong><span data-contrast=\"auto\">, dove ogni ostacolo diventa possibilit\u00e0 e ogni traguardo, punto di partenza per qualcosa di pi\u00f9 grande, seguendo lo slancio di una profonda passione per le relazioni, per l\u2019incontro con l\u2019altro come occasione per apprendere, condividere e crescere. Ed \u00e8 proprio questa la cifra distintiva del suo percorso: l\u2019<\/span><strong>attitudine a fare rete, a nutrire cultura e spirito, a restituire valore alla comunit\u00e0.\u00a0<\/strong><\/p>\n<p><span data-contrast=\"auto\">Dopo la laurea in Economia Aziendale, indirizzo Marketing, dallo stage alla Rinascente, all\u2019esperienza in una multinazionale americana, Elisabetta sperimenta entusiasmo e pari opportunit\u00e0, ma anche <\/span><strong>crepe nascoste nel sistema<\/strong><span data-contrast=\"auto\">. Dopo aver accettato la sfida di trasformare l\u2019azienda di famiglia, portando metodo, visione e cultura del cliente, nel 2008 crea <\/span><strong>Woman In Power<\/strong><span data-contrast=\"auto\">, iniziativa volta ad avvicinare il mondo femminile alla concessionaria, finalista nel 2013 al concorso nazionale \u201c<\/span><strong>Premio Immagini Amiche<\/strong><span data-contrast=\"auto\">\u201d, sostenuto dall\u2019alto patronato del <\/span><strong>Presidente della Repubblica<\/strong><span data-contrast=\"auto\"> e dedicato all\u2019 impatto del marketing e della pubblicit\u00e0 sulla <\/span><strong>parit\u00e0 tra donne e uomini<\/strong><span data-contrast=\"auto\">.<\/span><span data-ccp-props=\"{&quot;134233117&quot;:false,&quot;134233118&quot;:false,&quot;201341983&quot;:0,&quot;335551550&quot;:6,&quot;335551620&quot;:6,&quot;335559738&quot;:0,&quot;335559739&quot;:0,&quot;335559740&quot;:257}\">\u00a0<\/span><\/p>\n<p><span data-contrast=\"auto\">Nel 2015 Elisabetta fonda il <\/span><strong>Museo Fratelli Cozzi<\/strong><span data-contrast=\"auto\">, per custodire la collezione di suo padre e valorizzare il patrimonio culturale dell\u2019automobile, rendendolo luogo vivo di relazioni, memoria e innovazione. Con almeno un esemplare di ogni modello Alfa Romeo commercializzato dal 1950 in poi, e un ricchissimo archivio di libri, riviste, poster, documenti, trofei e fotografie, il Museo \u00e8 oggi aperto a scuole, appassionati e studiosi. Rappresenta un <\/span><strong>punto di riferimento a livello mondiale<\/strong><span data-contrast=\"auto\"> per la narrazione della storia dell\u2019automobile, con particolare attenzione agli aspetti legati alla vendita, al marketing e al rapporto con il consumatore.<\/span><span data-ccp-props=\"{&quot;134233117&quot;:false,&quot;134233118&quot;:false,&quot;201341983&quot;:0,&quot;335551550&quot;:6,&quot;335551620&quot;:6,&quot;335559738&quot;:0,&quot;335559739&quot;:0,&quot;335559740&quot;:257}\">\u00a0<\/span><\/p>\n<p><span data-contrast=\"auto\">Il Museo \u00e8 membro di <\/span><strong>MuseoCity<\/strong><span data-contrast=\"auto\">, della rete di <\/span><strong>MuseImpresa <\/strong><span data-contrast=\"auto\">e del <\/span><strong>Circuito Lombardo dei Musei del Design<\/strong><span data-contrast=\"auto\">.<\/span><span data-ccp-props=\"{&quot;134233117&quot;:false,&quot;134233118&quot;:false,&quot;201341983&quot;:0,&quot;335551550&quot;:6,&quot;335551620&quot;:6,&quot;335559738&quot;:0,&quot;335559739&quot;:0,&quot;335559740&quot;:257}\">\u00a0<\/span><\/p>\n<p><span data-contrast=\"auto\">Nel 2021 <\/span><strong>ACI Storico, ASI, e RIVS<\/strong><span data-contrast=\"auto\"> hanno affiliato il Museo alle loro prestigiose associazioni, riconoscendone il ruolo istituzionale di valorizzazione della cultura motoristica italiana ed internazionale.<\/span><span data-ccp-props=\"{&quot;134233117&quot;:false,&quot;134233118&quot;:false,&quot;201341983&quot;:0,&quot;335551550&quot;:6,&quot;335551620&quot;:6,&quot;335559738&quot;:0,&quot;335559739&quot;:0,&quot;335559740&quot;:257}\">\u00a0<\/span><\/p>\n<p><span data-contrast=\"auto\">La sua architettura essenziale e sobria, progettata da Buratti Architetti, crea un dialogo tra auto e spazio, con un raffinato contrasto cromatico che contribuisce a renderlo il \u201c<\/span><strong>luogo dell\u2019emozione<\/strong><span data-contrast=\"auto\">\u201d e fulcro per iniziative culturali e formative.\u00a0 Mostre tematiche, rassegne, presentazioni e talk celebrano il patrimonio storico e la creativit\u00e0 legati al mondo dell\u2019automobile. Queste iniziative hanno un forte impatto culturale perch\u00e9 permettono di raccontare la storia industriale, artistica e sociale dell\u2019automobilismo italiano in modo accessibile e coinvolgente. Spesso gli eventi intrecciano l\u2019automobile con altre discipline, dal design alla moda, dal cinema alla letteratura, offrendo al pubblico un\u2019esperienza ricca di spunti. Appassionati di motori, famiglie, studenti e cittadini possono ritrovarsi al museo per condividere storie e passioni, alimentando una community locale e globale.\u00a0 Contest e laboratori per le scuole, inoltre, offrono una lettura attiva della storia industriale del territorio. \u201c<\/span><strong>Tradizione \u00e8 custodire il fuoco, non adorare le ceneri\u201d.\u00a0<\/strong><\/p>\n<p><span data-contrast=\"auto\">Con visione manageriale e attenzione al dettaglio, la fondatrice ha saputo trasformare il museo in una location versatile e d\u2019eccellenza, capace di accogliere eventi privati curati in ogni aspetto. La sua capacit\u00e0 organizzativa rende ogni esperienza unica, raffinata e perfettamente allineata ai desideri degli ospiti. Elisabetta, inoltre, si dimostra sempre attenta anche alle esigenze dei pi\u00f9 discriminati. Dal 2023 l\u2019impegno del Museo per l\u2019<\/span><strong>accessibilit\u00e0<\/strong><span data-contrast=\"auto\"> ha assunto concrete forme attraverso il progetto \u201c<\/span><strong>Museo per tutti<\/strong><span data-contrast=\"auto\">\u201d, con cui ha introdotto percorsi tattili per ipovedenti, interpreti LIS, video sottotitolati, sedie a rotelle, formazione del personale, visite dedicate a persone con autismo o disabilit\u00e0 psichiche, e adattamenti digitali e strutturali. Parallelamente, la <\/span><strong>sostenibilit\u00e0 e la riduzione delle disuguaglianze<\/strong><span data-contrast=\"auto\"> sono state al centro del programma educativo con il progetto didattico \u201cL\u2019inclusione. La generazione Z come accoglie le diversit\u00e0?\u201d, promosso con la Fondazione Ticino Olona e supportato dal Museo, che coinvolge le scuole superiori aderenti, stimolando la creazione di contenuti digitali sul patrimonio, l\u2019inclusione e la mobilit\u00e0 sostenibile.<\/span><span data-ccp-props=\"{&quot;134233117&quot;:false,&quot;134233118&quot;:false,&quot;201341983&quot;:0,&quot;335551550&quot;:6,&quot;335551620&quot;:6,&quot;335559738&quot;:0,&quot;335559739&quot;:0,&quot;335559740&quot;:257}\">\u00a0<\/span><\/p>\n<p><span data-contrast=\"auto\">La mostra \u201c<\/span><strong>Donne e Motori? Gioie e basta<\/strong><span data-contrast=\"auto\">\u201d, nata in seno all\u2019associazione senza scopo di lucro <\/span><strong>Friends of Museo Fratelli Cozzi<\/strong><span data-contrast=\"auto\">, fondata da Elisabetta, vede la luce nel 2022 come strumento culturale, un atto di ribellione contro gli stereotipi, che pone domande, stimola dialoghi, costruisce consapevolezza, crea connessioni. Il valore profondo della mostra non sta solo nell\u2019eleganza delle immagini, ma nella narrazione che promuove: un racconto corale di emancipazione e autenticit\u00e0, che unisce generazioni e territori. \u00c8 un atto di cultura e cura, capace di parlare a chiunque, restituendo al binomio \u201cdonne e motori\u201d una nuova dignit\u00e0, fatta di passione, competenza, libert\u00e0. La forza delle immagini a rappresentare il concetto assoluto di bellezza, la <\/span><strong>Kalokagathia<\/strong><span data-contrast=\"auto\"> greca, che si rifletteva anche nell&#8217;importanza attribuita alla conoscenza, alla saggezza e all&#8217;equilibrio emotivo.<\/span><span data-ccp-props=\"{&quot;134233117&quot;:false,&quot;134233118&quot;:false,&quot;201341983&quot;:0,&quot;335551550&quot;:6,&quot;335551620&quot;:6,&quot;335559738&quot;:0,&quot;335559739&quot;:0,&quot;335559740&quot;:257}\">\u00a0<\/span><\/p>\n<p><span data-contrast=\"auto\">La sua cifra, ancora una volta, \u00e8 questa<\/span>:<strong> fare e far sapere<\/strong><span data-contrast=\"auto\">. Rendere ogni gesto, ogni intuizione, un\u2019occasione per <\/span><strong>restituire valore<\/strong><span data-contrast=\"auto\">.<\/span><span data-ccp-props=\"{&quot;134233117&quot;:false,&quot;134233118&quot;:false,&quot;201341983&quot;:0,&quot;335551550&quot;:6,&quot;335551620&quot;:6,&quot;335559738&quot;:0,&quot;335559739&quot;:0,&quot;335559740&quot;:257}\">\u00a0<\/span><\/p>\n<p><span data-ccp-props=\"{&quot;335551550&quot;:6,&quot;335551620&quot;:6,&quot;335559739&quot;:0}\">\u00a0<\/span><\/p>\n<p>[\/et_pb_text][\/et_pb_column][\/et_pb_row][et_pb_row _builder_version=&#8221;4.8.2&#8243; _module_preset=&#8221;default&#8221; min_height=&#8221;352px&#8221; custom_margin=&#8221;-38px|auto|-45px|auto||&#8221; custom_padding=&#8221;||0px|||&#8221;][et_pb_column type=&#8221;4_4&#8243; _builder_version=&#8221;4.8.2&#8243; _module_preset=&#8221;default&#8221;][et_pb_gallery gallery_ids=&#8221;22815,22816,22817,22818,22819,22820,22821&#8243; fullwidth=&#8221;on&#8221; _builder_version=&#8221;4.8.2&#8243; _module_preset=&#8221;default&#8221; title_font=&#8221;Acme||||||||&#8221; pagination_text_color=&#8221;RGBA(0,0,0,0)&#8221;][\/et_pb_gallery][\/et_pb_column][\/et_pb_row][et_pb_row column_structure=&#8221;1_3,2_3&#8243; padding_mobile=&#8221;on&#8221; column_padding_mobile=&#8221;on&#8221; admin_label=&#8221;row&#8221; _builder_version=&#8221;4.8.2&#8243; background_size=&#8221;initial&#8221; background_position=&#8221;top_left&#8221; background_repeat=&#8221;repeat&#8221; custom_margin=&#8221;10px||||false|false&#8221; custom_padding=&#8221;0px|||&#8221; make_fullwidth=&#8221;off&#8221; use_custom_width=&#8221;off&#8221; width_unit=&#8221;on&#8221; custom_width_px=&#8221;1080&#8243; custom_width_percent=&#8221;80&#8243;][et_pb_column type=&#8221;1_3&#8243; _builder_version=&#8221;3.25&#8243; custom_padding=&#8221;|||&#8221; custom_padding__hover=&#8221;|||&#8221;][\/et_pb_column][et_pb_column type=&#8221;2_3&#8243; _builder_version=&#8221;3.25&#8243; custom_padding=&#8221;|||&#8221; custom_padding__hover=&#8221;|||&#8221;][et_pb_text admin_label=&#8221;Blocco testo 1&#8243; _builder_version=&#8221;4.8.2&#8243; text_font=&#8221;PT Sans||||&#8221; text_text_color=&#8221;#363636&#8243; text_font_size=&#8221;20&#8243; text_letter_spacing=&#8221;0&#8243; text_line_height=&#8221;1.2em&#8221; header_font_size=&#8221;30&#8243; header_letter_spacing=&#8221;0&#8243; header_line_height=&#8221;1&#8243; background_size=&#8221;initial&#8221; background_position=&#8221;top_left&#8221; background_repeat=&#8221;repeat&#8221; max_width=&#8221;620px&#8221; custom_margin=&#8221;0px||0px||false|false&#8221; custom_padding=&#8221;||0px|||&#8221; text_font_size_tablet=&#8221;&#8221; text_font_size_phone=&#8221;&#8221; text_font_size_last_edited=&#8221;on|tablet&#8221; use_border_color=&#8221;off&#8221; border_color=&#8221;#ffffff&#8221; border_width=&#8221;1&#8243; border_style=&#8221;solid&#8221;]<\/p>\n<h3><b><span data-contrast=\"auto\"><\/span><\/b><\/h3>\n<h3><b><span data-contrast=\"auto\">Laura Lavizzari: gentilezza, forza e scelte coraggiose<\/span><\/b><span data-ccp-props=\"{&quot;335551550&quot;:6,&quot;335551620&quot;:6,&quot;335559739&quot;:0}\">\u00a0<\/span><\/h3>\n<p><em>Senior Project Manager Museo Fratelli Cozzi. Volontaria Refettorio Ambrosiano\u00a0<\/em><\/p>\n<p><span data-contrast=\"auto\">Manager raffinata di giorno, volontaria instancabile di sera, Laura Lavizzari \u00e8 anche madre determinata, amica leale e spirito libero \u201ca sua insaputa\u201d, tranne quando si tratta di fare scelte importanti.\u00a0<\/span><span data-ccp-props=\"{&quot;335551550&quot;:6,&quot;335551620&quot;:6,&quot;335559739&quot;:0}\">\u00a0<\/span><\/p>\n<p><span data-contrast=\"auto\">Oggi \u00e8 <\/span><strong>Senior Project Manager<\/strong><span data-contrast=\"auto\"> al Museo Fratelli Cozzi, dove guida progetti culturali che trasformano una collezione di auto d\u2019epoca in un laboratorio di emozioni, valori e bellezza. \u201c\u00c8 un\u2019esperienza che lascia il segno\u201d. E quel segno arriva dritto, soprattutto quando si tratta di parlare ai ragazzi, accompagnandoli in riflessioni sul gender gap o sull\u2019inclusione. Ragazzi che entrano distratti e ne escono con idee forti e, a volte, persino poesia.<\/span><span data-ccp-props=\"{&quot;335551550&quot;:6,&quot;335551620&quot;:6,&quot;335559739&quot;:0}\">\u00a0<\/span><\/p>\n<p><span data-contrast=\"auto\">Di sera, invece, la si trova dietro le quinte del <\/span><strong>Refettorio Ambrosiano<\/strong><span data-contrast=\"auto\">, a lavare piatti o a servire a<\/span><span data-ccp-props=\"{&quot;335551550&quot;:6,&quot;335551620&quot;:6,&quot;335559739&quot;:0}\">\u00a0<\/span><\/p>\n<p><span data-contrast=\"auto\">tavola con l\u2019umilt\u00e0 di chi sa che il vero servizio non ha bisogno di platee.<\/span><span data-ccp-props=\"{&quot;335551550&quot;:6,&quot;335551620&quot;:6,&quot;335559739&quot;:0}\">\u00a0<\/span><\/p>\n<p><span data-contrast=\"auto\">La storia di Laura comincia prima, molto prima. Cresciuta a Milano, si iscrive a Lettere convinta di essere innamorata dell\u2019insegnamento. Poi cambia rotta: \u201cAvevo bisogno di <\/span><strong>indipendenza<\/strong><span data-contrast=\"auto\">, non volevo dover contare su nessuno, tantomeno su un uomo\u201d. Lascia l\u2019universit\u00e0 e, congiuntamente alla ritrosia della famiglia ad accettare la sua decisione, affronta anche il suo primo colloquio con candida onest\u00e0, \u201cNon ho esperienza, ma ho una gran voglia di imparare e di dare il mio contributo\u201d, e viene assunta, ovviamente. \u00c8 difficile resistere a tanta trasparenza armata di energia!<\/span><span data-ccp-props=\"{&quot;335551550&quot;:6,&quot;335551620&quot;:6,&quot;335559739&quot;:0}\">\u00a0<\/span><\/p>\n<p><span data-contrast=\"auto\">Da l\u00ec, una carriera costruita gradualmente, transitando per <\/span><strong>Information Resources Inc<\/strong><span data-contrast=\"auto\"><strong>.<\/strong>, dove<\/span><span data-ccp-props=\"{&quot;335551550&quot;:6,&quot;335551620&quot;:6,&quot;335559739&quot;:0}\">\u00a0<\/span><\/p>\n<p><span data-contrast=\"auto\">conoscer\u00e0 Elisabetta Cozzi, e poi <\/span><strong>Catalina Italia<\/strong><span data-contrast=\"auto\">, dove diventer\u00e0 <\/span><strong>Country Manager<\/strong><span data-contrast=\"auto\">.<\/span><span data-ccp-props=\"{&quot;335551550&quot;:6,&quot;335551620&quot;:6,&quot;335559739&quot;:0}\">\u00a0<\/span><\/p>\n<p><span data-contrast=\"auto\">Professionalmente cresce in ambienti dove il top management \u00e8 quasi esclusivamente maschile ma non percepisce nessun tipo di discriminazione, anzi, e in questo contesto Laura entra in punta di piedi ma con passo deciso. \u201cMi manca un po\u2019 quella incoscienza che mi ha sostenuto in tanti passaggi importanti\u201d.<\/span><span data-ccp-props=\"{&quot;335551550&quot;:6,&quot;335551620&quot;:6,&quot;335559739&quot;:0}\">\u00a0<\/span><\/p>\n<p><span data-contrast=\"auto\">I Nel 2020, in piena pandemia, lascia la sua bellissima carriera senza un piano B. \u201cNon avevo pi\u00f9 energie. <\/span><strong>Cos\u00ec ho scelto il presente<\/strong><span data-contrast=\"auto\">\u201d. Si prende il suo tempo, ritrova i gesti quotidiani insieme alla sua famiglia, si gode i momenti e quando Elisabetta la chiama per affiancarla nella sua sfida al Museo, lei risponde con l\u2019entusiasmo di sempre ma con un equilibrio interiore diverso. Insieme trasformano uno spazio chiuso a causa del COVID in un polo vitale, aperto alla comunit\u00e0, a nuovi progetti, ad un nuovo <\/span><strong>paradigma di bellezza.\u00a0<\/strong><\/p>\n<p><span data-contrast=\"auto\">Con un po\u2019 di commozione negli occhi, mi confida: &#8220;Abbiamo sempre lavorato bene insieme, pur essendo molto diverse. Forse quella sottile solitudine che sentivo nel mio cammino, in parte la conosce anche lei, pur non avendo bisogno di una spalla. Ma il nostro legame va oltre la sfera professionale e a proposito di sorellanza, con Elisabetta, <\/span><strong>ci siamo scelte<\/strong><span data-contrast=\"auto\"><strong>.<\/strong> Perch\u00e9 ci si pu\u00f2 scegliere per affinit\u00e0, per quel senso di appartenenza che non chiede nulla in cambio: \u00e8 <\/span><strong>esserci, con generosit\u00e0 piena, senza ombre n\u00e9 retropensieri.\u201d\u00a0<\/strong><\/p>\n<p><span data-contrast=\"auto\">Nel privato, anche qui, nessuno schema classico: Laura cresce sua figlia Asia da sola per i primi anni, poi, dopo un percorso condiviso, decide di sposare il compagno\u2026 ventidue anni dopo. \u201cNon era il caso di affrettarsi\u201d, verrebbe da dire!<\/span><span data-ccp-props=\"{&quot;335551550&quot;:6,&quot;335551620&quot;:6,&quot;335559739&quot;:0}\">\u00a0<\/span><\/p>\n<p><span data-contrast=\"auto\">\u201c<\/span><strong>I miei valori hanno sempre guidato le mie scelte portandomi spesso a seguire percorsi personali e professionali non convenzionali: l\u2019indipendenza in giovent\u00f9 e oggi la libert\u00e0 di scegliere cosa mi fa stare bene<\/strong><span data-contrast=\"auto\">\u201d. Una donna che sa scegliere, anche quando la scelta \u00e8 difficile.<\/span><span data-ccp-props=\"{&quot;335551550&quot;:6,&quot;335551620&quot;:6,&quot;335559739&quot;:0}\">\u00a0<\/span><\/p>\n<p><span data-contrast=\"auto\">Sempre con dignit\u00e0, con gentilezza, e con quel tocco da leonessa che afferra la vita e ne fa quel che vuole!<\/span><span data-ccp-props=\"{&quot;335551550&quot;:6,&quot;335551620&quot;:6,&quot;335559739&quot;:0}\">\u00a0<\/span><\/p>\n<p><span data-contrast=\"auto\">\u200b<\/span><span data-ccp-props=\"{&quot;335551550&quot;:6,&quot;335551620&quot;:6,&quot;335559739&quot;:0}\">\u00a0<\/span><\/p>\n<p>[\/et_pb_text][\/et_pb_column][\/et_pb_row][et_pb_row padding_mobile=&#8221;on&#8221; column_padding_mobile=&#8221;on&#8221; admin_label=&#8221;row&#8221; _builder_version=&#8221;4.8.2&#8243; background_size=&#8221;initial&#8221; background_position=&#8221;top_left&#8221; background_repeat=&#8221;repeat&#8221; custom_margin=&#8221;10px||||false|false&#8221; custom_padding=&#8221;0px|||&#8221; make_fullwidth=&#8221;off&#8221; use_custom_width=&#8221;off&#8221; width_unit=&#8221;on&#8221; custom_width_px=&#8221;1080&#8243; custom_width_percent=&#8221;80&#8243;][et_pb_column type=&#8221;4_4&#8243; _builder_version=&#8221;3.25&#8243; custom_padding=&#8221;|||&#8221; custom_padding__hover=&#8221;|||&#8221;][et_pb_image src=&#8221;https:\/\/www.museofratellicozzi.com\/news\/wp-content\/uploads\/2025\/06\/MUSEO-slide-foto-7.jpg&#8221; title_text=&#8221;Alessia&#8221; _builder_version=&#8221;4.8.2&#8243; _module_preset=&#8221;default&#8221;][\/et_pb_image][et_pb_text _builder_version=&#8221;4.8.2&#8243; _module_preset=&#8221;default&#8221;]<\/p>\n<p>Alessia Branca con la campionessa paralimpica Martina Rabbolini\u00a0<\/p>\n<p>[\/et_pb_text][\/et_pb_column][\/et_pb_row][et_pb_row column_structure=&#8221;1_3,2_3&#8243; padding_mobile=&#8221;on&#8221; column_padding_mobile=&#8221;on&#8221; admin_label=&#8221;row&#8221; _builder_version=&#8221;4.8.2&#8243; background_size=&#8221;initial&#8221; background_position=&#8221;top_left&#8221; background_repeat=&#8221;repeat&#8221; custom_margin=&#8221;10px||||false|false&#8221; custom_padding=&#8221;0px|||&#8221; make_fullwidth=&#8221;off&#8221; use_custom_width=&#8221;off&#8221; width_unit=&#8221;on&#8221; custom_width_px=&#8221;1080&#8243; custom_width_percent=&#8221;80&#8243;][et_pb_column type=&#8221;1_3&#8243; _builder_version=&#8221;3.25&#8243; custom_padding=&#8221;|||&#8221; custom_padding__hover=&#8221;|||&#8221;][\/et_pb_column][et_pb_column type=&#8221;2_3&#8243; _builder_version=&#8221;3.25&#8243; custom_padding=&#8221;|||&#8221; custom_padding__hover=&#8221;|||&#8221;][et_pb_text admin_label=&#8221;Blocco testo 1&#8243; _builder_version=&#8221;4.8.2&#8243; text_font=&#8221;PT Sans||||&#8221; text_text_color=&#8221;#363636&#8243; text_font_size=&#8221;20&#8243; text_letter_spacing=&#8221;0&#8243; text_line_height=&#8221;1.2em&#8221; header_font_size=&#8221;30&#8243; header_letter_spacing=&#8221;0&#8243; header_line_height=&#8221;1&#8243; background_size=&#8221;initial&#8221; background_position=&#8221;top_left&#8221; background_repeat=&#8221;repeat&#8221; max_width=&#8221;620px&#8221; custom_margin=&#8221;0px||0px||false|false&#8221; custom_padding=&#8221;||0px|||&#8221; text_font_size_tablet=&#8221;&#8221; text_font_size_phone=&#8221;&#8221; text_font_size_last_edited=&#8221;on|tablet&#8221; use_border_color=&#8221;off&#8221; border_color=&#8221;#ffffff&#8221; border_width=&#8221;1&#8243; border_style=&#8221;solid&#8221;]<\/p>\n<h3><b><span data-contrast=\"auto\">Alessia Branca: educare come atto sociale e vocazione civile<\/span><\/b><span data-ccp-props=\"{&quot;335551550&quot;:6,&quot;335551620&quot;:6,&quot;335559739&quot;:0}\">\u00a0<\/span><\/h3>\n<p><em>Pedagogista. Docente di sostegno\u00a0<\/em><\/p>\n<p><span data-contrast=\"auto\">C\u2019\u00e8 una forma di coraggio silenzioso che non fa rumore ma trasforma esistenze. Alessia Branca, pedagogista con quasi vent\u2019anni di esperienza, rappresenta con il suo lavoro quotidiano l\u2019essenza pi\u00f9 autentica dell\u2019impatto sociale che pu\u00f2 avere una persona quando sceglie di dedicarsi all\u2019altro, con competenza e dedizione.<\/span><span data-ccp-props=\"{&quot;335551550&quot;:6,&quot;335551620&quot;:6,&quot;335559739&quot;:0}\">\u00a0<\/span><\/p>\n<p><span data-contrast=\"auto\">Il suo percorso \u00e8 iniziato da educatrice domiciliare, a fianco di minori con <\/span><strong>disabilit\u00e0 o in condizioni di fragilit\u00e0 socio-economica<\/strong><span data-contrast=\"auto\">. \u201cHo fortemente desiderato di lavorare con ragazzi in difficolt\u00e0 per dare <\/span><strong>senso a ci\u00f2 che facevo<\/strong><span data-contrast=\"auto\">. Volevo un mestiere <\/span><strong>etico<\/strong><span data-contrast=\"auto\">, capace di lasciare un segno\u201d. E quel segno, Alessia lo ha lasciato, costruendo legami profondi e duraturi.\u00a0<\/span><span data-ccp-props=\"{&quot;335551550&quot;:6,&quot;335551620&quot;:6,&quot;335559739&quot;:0}\">\u00a0<\/span><\/p>\n<p><span data-contrast=\"auto\">Nel tempo, ha affinato una solida competenza nella comunicazione inclusiva, lavorando in particolare con utenti non vedenti per la <\/span><strong>Cooperativa La Ruota<\/strong><span data-contrast=\"auto\">. Un ambito, questo, ancora privo di una vera formazione sistemica: \u201cIl percorso di abilitazione italiano non prevede percorsi strutturati per l\u2019assistenza alla comunicazione. Ho imparato sul campo: il braille, gli ausili, le tecniche di accompagnamento, con corsi specifici ma anche grazie a una forte autoformazione\u00bb. Questo spirito di iniziativa ha fatto di lei una figura esperta e affidabile, capace di entrare in <\/span><strong>relazione profonda<\/strong><span data-contrast=\"auto\"> con chi \u00e8 pi\u00f9 fragile, anche nei contesti pi\u00f9 complessi.<\/span><span data-ccp-props=\"{&quot;335551550&quot;:6,&quot;335551620&quot;:6,&quot;335559739&quot;:0}\">\u00a0<\/span><\/p>\n<p><span data-contrast=\"auto\">Confrontarsi con un disabile non significa fare semplicemente \u201cassistenzialismo\u201d, ma significa rispetto per la persona, arricchimento umano oltre che professionale, desiderio di realizzare quegli obiettivi che le potenzialit\u00e0 e le risorse dell\u2019alunno ci permetteranno di prefissarci. L\u2019insegnante di sostegno, oggi, viene ad assumere compiti nuovi, pi\u00f9 specifici ed impegnativi, in quanto non \u00e8 solo di sostegno al disabile ma lo \u00e8 di tutto il gruppo, contribuendo ad un\u2019armonica integrazione e collaborazione reciproca.<\/span><span data-ccp-props=\"{&quot;335551550&quot;:6,&quot;335551620&quot;:6,&quot;335559739&quot;:0}\">\u00a0<\/span><\/p>\n<p><span data-contrast=\"auto\">Uno dei suoi maggiori punti di forza \u00e8 stato affrontare con determinazione le situazioni pi\u00f9 difficili. \u201cI casi pi\u00f9 delicati sono stati quelli legati ai disturbi dello spettro autistico, dove il primo compito \u00e8 spostare completamente il proprio paradigma comunicativo. \u00c8 faticoso, ma ti arricchisce. In questo modo, <\/span><strong>ho scoperto risorse interiori che non sapevo di avere<\/strong><span data-contrast=\"auto\">\u201d. Non \u00e8 mancato il confronto anche con le famiglie, talvolta segnato da divergenze, ma sempre vissuto con equilibrio, cercando soluzioni condivise che tutelassero il benessere del minore, tenendo conto anche delle difficolt\u00e0 o delle necessit\u00e0 della situazione famigliare.<\/span><span data-ccp-props=\"{&quot;335551550&quot;:6,&quot;335551620&quot;:6,&quot;335559739&quot;:0}\">\u00a0<\/span><\/p>\n<p><span data-contrast=\"auto\">La sua \u00e8 l\u2019esperienza di un lavoro educativo come <\/span><strong>progetto collettivo<\/strong><span data-contrast=\"auto\"> e profondamente femminile. \u201cIl nostro settore \u00e8 composto per il 90% da donne, e spesso si riescono a creare sinergie straordinarie, circoli virtuosi autentici. Chi fa questo mestiere lo fa per <\/span><strong>missione<\/strong><span data-contrast=\"auto\">, e questo crea <\/span><strong>squadre eccellenti<\/strong><span data-contrast=\"auto\">\u201d.\u00a0<\/span><span data-ccp-props=\"{&quot;335551550&quot;:6,&quot;335551620&quot;:6,&quot;335559739&quot;:0}\">\u00a0<\/span><\/p>\n<p><span data-contrast=\"auto\">Ci sembra un\u2019ottima testimonianza di <\/span><strong>sorellanza<\/strong><span data-contrast=\"auto\">, il tema della terza edizione della mostra, contrariamente al pregiudizio largamente diffuso sulla difficolt\u00e0 che le donne avrebbero nel collaborare.<\/span><span data-ccp-props=\"{&quot;335551550&quot;:6,&quot;335551620&quot;:6,&quot;335559739&quot;:0}\">\u00a0<\/span><\/p>\n<p><span data-contrast=\"auto\">Dopo il diploma di ragioneria, una prima laurea triennale in Scienze della Comunicazione e la magistrale in Pedagogia, ha deciso di rimettersi in gioco e, proprio lo scorso 17 giugno, conseguendo una seconda laurea magistrale in Linguistica Moderna, per ampliare le sue prospettive professionali nel mondo scuola.<\/span><span data-ccp-props=\"{&quot;335551550&quot;:6,&quot;335551620&quot;:6,&quot;335559739&quot;:0}\">\u00a0<\/span><\/p>\n<p><span data-contrast=\"auto\">\u201cSe tornassi indietro, seguirei da subito il mio istinto, che, invece, \u00e8 stato frenato dalla paura di non realizzarmi professionalmente o di praticare una professione mal retribuita. Sono felice di essermi rimessa in discussione: quello che ricevo ogni giorno in termini di qualit\u00e0 della vita e soddisfazione personale \u00e8 altissimo. Spero di diventare presto docente curricolare\u201d.<\/span><span data-ccp-props=\"{&quot;335551550&quot;:6,&quot;335551620&quot;:6,&quot;335559739&quot;:0}\">\u00a0<\/span><\/p>\n<p>[\/et_pb_text][\/et_pb_column][\/et_pb_row][\/et_pb_section]<\/p>\n","protected":false},"excerpt":{"rendered":"<p>[et_pb_section fb_built=&#8221;1&#8243; admin_label=&#8221;Sezione&#8221; _builder_version=&#8221;3.22&#8243; custom_padding=&#8221;0px||38px|||&#8221; transparent_background=&#8221;off&#8221; make_fullwidth=&#8221;off&#8221; use_custom_width=&#8221;off&#8221; width_unit=&#8221;on&#8221; custom_width_px=&#8221;1080&#8243; custom_width_percent=&#8221;80&#8243;][et_pb_row use_custom_gutter=&#8221;on&#8221; gutter_width=&#8221;1&#8243; disabled_on=&#8221;off|off|off&#8221; admin_label=&#8221;Riga&#8221; module_class=&#8221; et_pb_row_fullwidth&#8221; _builder_version=&#8221;3.25&#8243; background_size=&#8221;initial&#8221; background_position=&#8221;top_left&#8221; background_repeat=&#8221;repeat&#8221; width=&#8221;100%&#8221; width_tablet=&#8221;100%&#8221; width_phone=&#8221;&#8221; width_last_edited=&#8221;on|desktop&#8221; max_width=&#8221;100%&#8221; max_width_tablet=&#8221;100%&#8221; max_width_phone=&#8221;&#8221; max_width_last_edited=&#8221;on|desktop&#8221; custom_padding=&#8221;0px|||&#8221; make_fullwidth=&#8221;on&#8221; use_custom_width=&#8221;off&#8221; width_unit=&#8221;on&#8221; custom_width_px=&#8221;1080&#8243; custom_width_percent=&#8221;80&#8243;][et_pb_column type=&#8221;4_4&#8243; _builder_version=&#8221;3.25&#8243; custom_padding=&#8221;|||&#8221; custom_padding__hover=&#8221;|||&#8221;][et_pb_image src=&#8221;https:\/\/www.museofratellicozzi.com\/news\/wp-content\/uploads\/2025\/06\/MUSEO-slide-foto-4.jpg&#8221; alt=&#8221;Donne e motori in tour 2025&#8243; title_text=&#8221;MUSEO slide foto (4)&#8221; force_fullwidth=&#8221;on&#8221; align_tablet=&#8221;center&#8221; align_phone=&#8221;&#8221; align_last_edited=&#8221;on|desktop&#8221; admin_label=&#8221;Immagine [&hellip;]<\/p>\n","protected":false},"author":7,"featured_media":22665,"comment_status":"open","ping_status":"open","sticky":false,"template":"","format":"standard","meta":{"_et_pb_use_builder":"on","_et_pb_old_content":"","_et_gb_content_width":"","_jetpack_memberships_contains_paid_content":false,"footnotes":""},"categories":[775,872,776],"tags":[21,209,180,841,849,406,847],"class_list":["post-22595","post","type-post","status-publish","format-standard","has-post-thumbnail","hentry","category-associazione","category-donne-e-motori","category-woman-in-power","tag-alfa-romeo","tag-automotive","tag-cozzi","tag-donne-e-motori","tag-maria-leitner","tag-museo-fratelli-cozzi","tag-semenzato","et-has-post-format-content","et_post_format-et-post-format-standard"],"yoast_head":"<!-- This site is optimized with the Yoast SEO plugin v26.8 - https:\/\/yoast.com\/product\/yoast-seo-wordpress\/ -->\n<title>&quot;Donne e motori&quot; le testimonial di giugno -<\/title>\n<meta name=\"description\" content=\"&quot;Donne e motori? Gioie e basta&quot; segui il tour e scopri le protagoniste. Ecco dove sono state le testimonial nel mese di maggio\" \/>\n<meta name=\"robots\" content=\"index, follow, max-snippet:-1, max-image-preview:large, max-video-preview:-1\" \/>\n<link rel=\"canonical\" href=\"https:\/\/www.museofratellicozzi.com\/news\/donne-e-motori-le-testimonial-di-giugno\/\" \/>\n<meta property=\"og:locale\" content=\"it_IT\" \/>\n<meta property=\"og:type\" content=\"article\" \/>\n<meta property=\"og:title\" content=\"&quot;Donne e motori&quot; le testimonial di giugno -\" \/>\n<meta property=\"og:description\" content=\"&quot;Donne e motori? Gioie e basta&quot; segui il tour e scopri le protagoniste. Ecco dove sono state le testimonial nel mese di maggio\" \/>\n<meta property=\"og:url\" content=\"https:\/\/www.museofratellicozzi.com\/news\/donne-e-motori-le-testimonial-di-giugno\/\" \/>\n<meta property=\"og:site_name\" content=\"eNews Museo Fratelli Cozzi\" \/>\n<meta property=\"article:published_time\" content=\"2025-06-17T14:41:01+00:00\" \/>\n<meta property=\"article:modified_time\" content=\"2025-07-29T12:55:55+00:00\" \/>\n<meta property=\"og:image\" content=\"https:\/\/www.museofratellicozzi.com\/news\/wp-content\/uploads\/2025\/06\/MUSEO-slide-foto-4.jpg\" \/>\n\t<meta property=\"og:image:width\" content=\"1920\" \/>\n\t<meta property=\"og:image:height\" content=\"1080\" \/>\n\t<meta property=\"og:image:type\" content=\"image\/jpeg\" \/>\n<meta name=\"author\" content=\"Elisabetta Cozzi\" \/>\n<meta name=\"twitter:card\" content=\"summary_large_image\" \/>\n<meta name=\"twitter:label1\" content=\"Scritto da\" \/>\n\t<meta name=\"twitter:data1\" content=\"Elisabetta Cozzi\" \/>\n\t<meta name=\"twitter:label2\" content=\"Tempo di lettura stimato\" \/>\n\t<meta name=\"twitter:data2\" content=\"10 minuti\" \/>\n<script type=\"application\/ld+json\" class=\"yoast-schema-graph\">{\"@context\":\"https:\/\/schema.org\",\"@graph\":[{\"@type\":\"Article\",\"@id\":\"https:\/\/www.museofratellicozzi.com\/news\/donne-e-motori-le-testimonial-di-giugno\/#article\",\"isPartOf\":{\"@id\":\"https:\/\/www.museofratellicozzi.com\/news\/donne-e-motori-le-testimonial-di-giugno\/\"},\"author\":{\"name\":\"Elisabetta Cozzi\",\"@id\":\"https:\/\/www.museofratellicozzi.com\/news\/#\/schema\/person\/3c2c242e79e59f9be7b62a0d9673e40d\"},\"headline\":\"&#8220;Donne e motori&#8221; le testimonial di giugno\",\"datePublished\":\"2025-06-17T14:41:01+00:00\",\"dateModified\":\"2025-07-29T12:55:55+00:00\",\"mainEntityOfPage\":{\"@id\":\"https:\/\/www.museofratellicozzi.com\/news\/donne-e-motori-le-testimonial-di-giugno\/\"},\"wordCount\":5487,\"commentCount\":0,\"publisher\":{\"@id\":\"https:\/\/www.museofratellicozzi.com\/news\/#organization\"},\"image\":{\"@id\":\"https:\/\/www.museofratellicozzi.com\/news\/donne-e-motori-le-testimonial-di-giugno\/#primaryimage\"},\"thumbnailUrl\":\"https:\/\/www.museofratellicozzi.com\/news\/wp-content\/uploads\/2025\/06\/MUSEO-slide-foto-4.jpg\",\"keywords\":[\"alfa romeo\",\"automotive\",\"cozzi\",\"donne e motori\",\"Maria Leitner\",\"Museo Fratelli Cozzi\",\"Semenzato\"],\"articleSection\":[\"Associazione\",\"Donne e Motori\",\"Empowerment femminile\"],\"inLanguage\":\"it-IT\",\"potentialAction\":[{\"@type\":\"CommentAction\",\"name\":\"Comment\",\"target\":[\"https:\/\/www.museofratellicozzi.com\/news\/donne-e-motori-le-testimonial-di-giugno\/#respond\"]}]},{\"@type\":\"WebPage\",\"@id\":\"https:\/\/www.museofratellicozzi.com\/news\/donne-e-motori-le-testimonial-di-giugno\/\",\"url\":\"https:\/\/www.museofratellicozzi.com\/news\/donne-e-motori-le-testimonial-di-giugno\/\",\"name\":\"\\\"Donne e motori\\\" le testimonial di giugno -\",\"isPartOf\":{\"@id\":\"https:\/\/www.museofratellicozzi.com\/news\/#website\"},\"primaryImageOfPage\":{\"@id\":\"https:\/\/www.museofratellicozzi.com\/news\/donne-e-motori-le-testimonial-di-giugno\/#primaryimage\"},\"image\":{\"@id\":\"https:\/\/www.museofratellicozzi.com\/news\/donne-e-motori-le-testimonial-di-giugno\/#primaryimage\"},\"thumbnailUrl\":\"https:\/\/www.museofratellicozzi.com\/news\/wp-content\/uploads\/2025\/06\/MUSEO-slide-foto-4.jpg\",\"datePublished\":\"2025-06-17T14:41:01+00:00\",\"dateModified\":\"2025-07-29T12:55:55+00:00\",\"description\":\"\\\"Donne e motori? Gioie e basta\\\" segui il tour e scopri le protagoniste. Ecco dove sono state le testimonial nel mese di maggio\",\"breadcrumb\":{\"@id\":\"https:\/\/www.museofratellicozzi.com\/news\/donne-e-motori-le-testimonial-di-giugno\/#breadcrumb\"},\"inLanguage\":\"it-IT\",\"potentialAction\":[{\"@type\":\"ReadAction\",\"target\":[\"https:\/\/www.museofratellicozzi.com\/news\/donne-e-motori-le-testimonial-di-giugno\/\"]}]},{\"@type\":\"ImageObject\",\"inLanguage\":\"it-IT\",\"@id\":\"https:\/\/www.museofratellicozzi.com\/news\/donne-e-motori-le-testimonial-di-giugno\/#primaryimage\",\"url\":\"https:\/\/www.museofratellicozzi.com\/news\/wp-content\/uploads\/2025\/06\/MUSEO-slide-foto-4.jpg\",\"contentUrl\":\"https:\/\/www.museofratellicozzi.com\/news\/wp-content\/uploads\/2025\/06\/MUSEO-slide-foto-4.jpg\",\"width\":1920,\"height\":1080},{\"@type\":\"BreadcrumbList\",\"@id\":\"https:\/\/www.museofratellicozzi.com\/news\/donne-e-motori-le-testimonial-di-giugno\/#breadcrumb\",\"itemListElement\":[{\"@type\":\"ListItem\",\"position\":1,\"name\":\"Home\",\"item\":\"https:\/\/www.museofratellicozzi.com\/news\/\"},{\"@type\":\"ListItem\",\"position\":2,\"name\":\"&#8220;Donne e motori&#8221; le testimonial di giugno\"}]},{\"@type\":\"WebSite\",\"@id\":\"https:\/\/www.museofratellicozzi.com\/news\/#website\",\"url\":\"https:\/\/www.museofratellicozzi.com\/news\/\",\"name\":\"eNews Museo Fratelli Cozzi\",\"description\":\"Alfa Romeo: un mito che resiste al tempo\",\"publisher\":{\"@id\":\"https:\/\/www.museofratellicozzi.com\/news\/#organization\"},\"potentialAction\":[{\"@type\":\"SearchAction\",\"target\":{\"@type\":\"EntryPoint\",\"urlTemplate\":\"https:\/\/www.museofratellicozzi.com\/news\/?s={search_term_string}\"},\"query-input\":{\"@type\":\"PropertyValueSpecification\",\"valueRequired\":true,\"valueName\":\"search_term_string\"}}],\"inLanguage\":\"it-IT\"},{\"@type\":\"Organization\",\"@id\":\"https:\/\/www.museofratellicozzi.com\/news\/#organization\",\"name\":\"Museo Fratelli Cozzi\",\"url\":\"https:\/\/www.museofratellicozzi.com\/news\/\",\"logo\":{\"@type\":\"ImageObject\",\"inLanguage\":\"it-IT\",\"@id\":\"https:\/\/www.museofratellicozzi.com\/news\/#\/schema\/logo\/image\/\",\"url\":\"https:\/\/www.museofratellicozzi.com\/news\/wp-content\/uploads\/2017\/04\/home.png\",\"contentUrl\":\"https:\/\/www.museofratellicozzi.com\/news\/wp-content\/uploads\/2017\/04\/home.png\",\"width\":497,\"height\":512,\"caption\":\"Museo Fratelli Cozzi\"},\"image\":{\"@id\":\"https:\/\/www.museofratellicozzi.com\/news\/#\/schema\/logo\/image\/\"}},{\"@type\":\"Person\",\"@id\":\"https:\/\/www.museofratellicozzi.com\/news\/#\/schema\/person\/3c2c242e79e59f9be7b62a0d9673e40d\",\"name\":\"Elisabetta Cozzi\",\"image\":{\"@type\":\"ImageObject\",\"inLanguage\":\"it-IT\",\"@id\":\"https:\/\/www.museofratellicozzi.com\/news\/#\/schema\/person\/image\/\",\"url\":\"https:\/\/secure.gravatar.com\/avatar\/a761e7642145a4506dbd3685a69db0fc?s=96&d=mm&r=g\",\"contentUrl\":\"https:\/\/secure.gravatar.com\/avatar\/a761e7642145a4506dbd3685a69db0fc?s=96&d=mm&r=g\",\"caption\":\"Elisabetta Cozzi\"}}]}<\/script>\n<!-- \/ Yoast SEO plugin. -->","yoast_head_json":{"title":"\"Donne e motori\" le testimonial di giugno -","description":"\"Donne e motori? Gioie e basta\" segui il tour e scopri le protagoniste. Ecco dove sono state le testimonial nel mese di maggio","robots":{"index":"index","follow":"follow","max-snippet":"max-snippet:-1","max-image-preview":"max-image-preview:large","max-video-preview":"max-video-preview:-1"},"canonical":"https:\/\/www.museofratellicozzi.com\/news\/donne-e-motori-le-testimonial-di-giugno\/","og_locale":"it_IT","og_type":"article","og_title":"\"Donne e motori\" le testimonial di giugno -","og_description":"\"Donne e motori? Gioie e basta\" segui il tour e scopri le protagoniste. Ecco dove sono state le testimonial nel mese di maggio","og_url":"https:\/\/www.museofratellicozzi.com\/news\/donne-e-motori-le-testimonial-di-giugno\/","og_site_name":"eNews Museo Fratelli Cozzi","article_published_time":"2025-06-17T14:41:01+00:00","article_modified_time":"2025-07-29T12:55:55+00:00","og_image":[{"width":1920,"height":1080,"url":"https:\/\/www.museofratellicozzi.com\/news\/wp-content\/uploads\/2025\/06\/MUSEO-slide-foto-4.jpg","type":"image\/jpeg"}],"author":"Elisabetta Cozzi","twitter_card":"summary_large_image","twitter_misc":{"Scritto da":"Elisabetta Cozzi","Tempo di lettura stimato":"10 minuti"},"schema":{"@context":"https:\/\/schema.org","@graph":[{"@type":"Article","@id":"https:\/\/www.museofratellicozzi.com\/news\/donne-e-motori-le-testimonial-di-giugno\/#article","isPartOf":{"@id":"https:\/\/www.museofratellicozzi.com\/news\/donne-e-motori-le-testimonial-di-giugno\/"},"author":{"name":"Elisabetta Cozzi","@id":"https:\/\/www.museofratellicozzi.com\/news\/#\/schema\/person\/3c2c242e79e59f9be7b62a0d9673e40d"},"headline":"&#8220;Donne e motori&#8221; le testimonial di giugno","datePublished":"2025-06-17T14:41:01+00:00","dateModified":"2025-07-29T12:55:55+00:00","mainEntityOfPage":{"@id":"https:\/\/www.museofratellicozzi.com\/news\/donne-e-motori-le-testimonial-di-giugno\/"},"wordCount":5487,"commentCount":0,"publisher":{"@id":"https:\/\/www.museofratellicozzi.com\/news\/#organization"},"image":{"@id":"https:\/\/www.museofratellicozzi.com\/news\/donne-e-motori-le-testimonial-di-giugno\/#primaryimage"},"thumbnailUrl":"https:\/\/www.museofratellicozzi.com\/news\/wp-content\/uploads\/2025\/06\/MUSEO-slide-foto-4.jpg","keywords":["alfa romeo","automotive","cozzi","donne e motori","Maria Leitner","Museo Fratelli Cozzi","Semenzato"],"articleSection":["Associazione","Donne e Motori","Empowerment femminile"],"inLanguage":"it-IT","potentialAction":[{"@type":"CommentAction","name":"Comment","target":["https:\/\/www.museofratellicozzi.com\/news\/donne-e-motori-le-testimonial-di-giugno\/#respond"]}]},{"@type":"WebPage","@id":"https:\/\/www.museofratellicozzi.com\/news\/donne-e-motori-le-testimonial-di-giugno\/","url":"https:\/\/www.museofratellicozzi.com\/news\/donne-e-motori-le-testimonial-di-giugno\/","name":"\"Donne e motori\" le testimonial di giugno -","isPartOf":{"@id":"https:\/\/www.museofratellicozzi.com\/news\/#website"},"primaryImageOfPage":{"@id":"https:\/\/www.museofratellicozzi.com\/news\/donne-e-motori-le-testimonial-di-giugno\/#primaryimage"},"image":{"@id":"https:\/\/www.museofratellicozzi.com\/news\/donne-e-motori-le-testimonial-di-giugno\/#primaryimage"},"thumbnailUrl":"https:\/\/www.museofratellicozzi.com\/news\/wp-content\/uploads\/2025\/06\/MUSEO-slide-foto-4.jpg","datePublished":"2025-06-17T14:41:01+00:00","dateModified":"2025-07-29T12:55:55+00:00","description":"\"Donne e motori? Gioie e basta\" segui il tour e scopri le protagoniste. Ecco dove sono state le testimonial nel mese di maggio","breadcrumb":{"@id":"https:\/\/www.museofratellicozzi.com\/news\/donne-e-motori-le-testimonial-di-giugno\/#breadcrumb"},"inLanguage":"it-IT","potentialAction":[{"@type":"ReadAction","target":["https:\/\/www.museofratellicozzi.com\/news\/donne-e-motori-le-testimonial-di-giugno\/"]}]},{"@type":"ImageObject","inLanguage":"it-IT","@id":"https:\/\/www.museofratellicozzi.com\/news\/donne-e-motori-le-testimonial-di-giugno\/#primaryimage","url":"https:\/\/www.museofratellicozzi.com\/news\/wp-content\/uploads\/2025\/06\/MUSEO-slide-foto-4.jpg","contentUrl":"https:\/\/www.museofratellicozzi.com\/news\/wp-content\/uploads\/2025\/06\/MUSEO-slide-foto-4.jpg","width":1920,"height":1080},{"@type":"BreadcrumbList","@id":"https:\/\/www.museofratellicozzi.com\/news\/donne-e-motori-le-testimonial-di-giugno\/#breadcrumb","itemListElement":[{"@type":"ListItem","position":1,"name":"Home","item":"https:\/\/www.museofratellicozzi.com\/news\/"},{"@type":"ListItem","position":2,"name":"&#8220;Donne e motori&#8221; le testimonial di giugno"}]},{"@type":"WebSite","@id":"https:\/\/www.museofratellicozzi.com\/news\/#website","url":"https:\/\/www.museofratellicozzi.com\/news\/","name":"eNews Museo Fratelli Cozzi","description":"Alfa Romeo: un mito che resiste al tempo","publisher":{"@id":"https:\/\/www.museofratellicozzi.com\/news\/#organization"},"potentialAction":[{"@type":"SearchAction","target":{"@type":"EntryPoint","urlTemplate":"https:\/\/www.museofratellicozzi.com\/news\/?s={search_term_string}"},"query-input":{"@type":"PropertyValueSpecification","valueRequired":true,"valueName":"search_term_string"}}],"inLanguage":"it-IT"},{"@type":"Organization","@id":"https:\/\/www.museofratellicozzi.com\/news\/#organization","name":"Museo Fratelli Cozzi","url":"https:\/\/www.museofratellicozzi.com\/news\/","logo":{"@type":"ImageObject","inLanguage":"it-IT","@id":"https:\/\/www.museofratellicozzi.com\/news\/#\/schema\/logo\/image\/","url":"https:\/\/www.museofratellicozzi.com\/news\/wp-content\/uploads\/2017\/04\/home.png","contentUrl":"https:\/\/www.museofratellicozzi.com\/news\/wp-content\/uploads\/2017\/04\/home.png","width":497,"height":512,"caption":"Museo Fratelli Cozzi"},"image":{"@id":"https:\/\/www.museofratellicozzi.com\/news\/#\/schema\/logo\/image\/"}},{"@type":"Person","@id":"https:\/\/www.museofratellicozzi.com\/news\/#\/schema\/person\/3c2c242e79e59f9be7b62a0d9673e40d","name":"Elisabetta Cozzi","image":{"@type":"ImageObject","inLanguage":"it-IT","@id":"https:\/\/www.museofratellicozzi.com\/news\/#\/schema\/person\/image\/","url":"https:\/\/secure.gravatar.com\/avatar\/a761e7642145a4506dbd3685a69db0fc?s=96&d=mm&r=g","contentUrl":"https:\/\/secure.gravatar.com\/avatar\/a761e7642145a4506dbd3685a69db0fc?s=96&d=mm&r=g","caption":"Elisabetta Cozzi"}}]}},"jetpack_featured_media_url":"https:\/\/www.museofratellicozzi.com\/news\/wp-content\/uploads\/2025\/06\/MUSEO-slide-foto-4.jpg","jetpack_shortlink":"https:\/\/wp.me\/p90Eth-5Sr","jetpack_sharing_enabled":true,"post_mailing_queue_ids":[],"_links":{"self":[{"href":"https:\/\/www.museofratellicozzi.com\/news\/wp-json\/wp\/v2\/posts\/22595","targetHints":{"allow":["GET"]}}],"collection":[{"href":"https:\/\/www.museofratellicozzi.com\/news\/wp-json\/wp\/v2\/posts"}],"about":[{"href":"https:\/\/www.museofratellicozzi.com\/news\/wp-json\/wp\/v2\/types\/post"}],"author":[{"embeddable":true,"href":"https:\/\/www.museofratellicozzi.com\/news\/wp-json\/wp\/v2\/users\/7"}],"replies":[{"embeddable":true,"href":"https:\/\/www.museofratellicozzi.com\/news\/wp-json\/wp\/v2\/comments?post=22595"}],"version-history":[{"count":15,"href":"https:\/\/www.museofratellicozzi.com\/news\/wp-json\/wp\/v2\/posts\/22595\/revisions"}],"predecessor-version":[{"id":23046,"href":"https:\/\/www.museofratellicozzi.com\/news\/wp-json\/wp\/v2\/posts\/22595\/revisions\/23046"}],"wp:featuredmedia":[{"embeddable":true,"href":"https:\/\/www.museofratellicozzi.com\/news\/wp-json\/wp\/v2\/media\/22665"}],"wp:attachment":[{"href":"https:\/\/www.museofratellicozzi.com\/news\/wp-json\/wp\/v2\/media?parent=22595"}],"wp:term":[{"taxonomy":"category","embeddable":true,"href":"https:\/\/www.museofratellicozzi.com\/news\/wp-json\/wp\/v2\/categories?post=22595"},{"taxonomy":"post_tag","embeddable":true,"href":"https:\/\/www.museofratellicozzi.com\/news\/wp-json\/wp\/v2\/tags?post=22595"}],"curies":[{"name":"wp","href":"https:\/\/api.w.org\/{rel}","templated":true}]}}