{"id":22880,"date":"2025-07-17T16:25:45","date_gmt":"2025-07-17T14:25:45","guid":{"rendered":"https:\/\/www.museofratellicozzi.com\/news\/?p=22880"},"modified":"2025-07-29T18:50:56","modified_gmt":"2025-07-29T16:50:56","slug":"scuole-museo-secondarie-secondo-grado","status":"publish","type":"post","link":"https:\/\/www.museofratellicozzi.com\/news\/scuole-museo-secondarie-secondo-grado\/","title":{"rendered":"Che bella la scuola\u2026al museo"},"content":{"rendered":"<p>[et_pb_section fb_built=&#8221;1&#8243; admin_label=&#8221;Sezione&#8221; _builder_version=&#8221;3.22&#8243; custom_padding=&#8221;0px|||&#8221; transparent_background=&#8221;off&#8221; make_fullwidth=&#8221;off&#8221; use_custom_width=&#8221;off&#8221; width_unit=&#8221;on&#8221; custom_width_px=&#8221;1080&#8243; custom_width_percent=&#8221;80&#8243;][et_pb_row use_custom_gutter=&#8221;on&#8221; gutter_width=&#8221;1&#8243; disabled_on=&#8221;off|off|off&#8221; admin_label=&#8221;Riga&#8221; module_class=&#8221; et_pb_row_fullwidth&#8221; _builder_version=&#8221;3.25&#8243; background_size=&#8221;initial&#8221; background_position=&#8221;top_left&#8221; background_repeat=&#8221;repeat&#8221; width=&#8221;100%&#8221; width_tablet=&#8221;100%&#8221; width_phone=&#8221;&#8221; width_last_edited=&#8221;on|desktop&#8221; max_width=&#8221;100%&#8221; max_width_tablet=&#8221;100%&#8221; max_width_phone=&#8221;&#8221; max_width_last_edited=&#8221;on|desktop&#8221; custom_padding=&#8221;0px|||&#8221; make_fullwidth=&#8221;on&#8221; use_custom_width=&#8221;off&#8221; width_unit=&#8221;on&#8221; custom_width_px=&#8221;1080&#8243; custom_width_percent=&#8221;80&#8243;][et_pb_column type=&#8221;4_4&#8243; _builder_version=&#8221;3.25&#8243; custom_padding=&#8221;|||&#8221; custom_padding__hover=&#8221;|||&#8221;][et_pb_image src=&#8221;https:\/\/www.museofratellicozzi.com\/news\/wp-content\/uploads\/2025\/07\/2.png&#8221; alt=&#8221;Studenti presentano il lavoro %22Il Gender Gap per la Gen Z%22&#8243; title_text=&#8221;scuole al museo&#8221; force_fullwidth=&#8221;on&#8221; align_tablet=&#8221;center&#8221; align_phone=&#8221;&#8221; align_last_edited=&#8221;on|desktop&#8221; admin_label=&#8221;Immagine principale&#8221; _builder_version=&#8221;4.8.2&#8243; animation=&#8221;off&#8221; sticky=&#8221;off&#8221; use_border_color=&#8221;off&#8221; border_color=&#8221;#ffffff&#8221; border_width=&#8221;1&#8243; border_style=&#8221;solid&#8221; always_center_on_mobile=&#8221;on&#8221;][\/et_pb_image][\/et_pb_column][\/et_pb_row][et_pb_row admin_label=&#8221;Riga&#8221; _builder_version=&#8221;4.8.2&#8243; background_size=&#8221;initial&#8221; background_position=&#8221;top_left&#8221; background_repeat=&#8221;repeat&#8221; custom_padding=&#8221;20px||0px|&#8221; make_fullwidth=&#8221;off&#8221; use_custom_width=&#8221;off&#8221; width_unit=&#8221;on&#8221; custom_width_px=&#8221;1080&#8243; custom_width_percent=&#8221;80&#8243;][et_pb_column type=&#8221;4_4&#8243; _builder_version=&#8221;3.25&#8243; custom_padding=&#8221;|||&#8221; custom_padding__hover=&#8221;|||&#8221;][et_pb_text admin_label=&#8221;Titolo&#8221; _builder_version=&#8221;4.8.2&#8243; text_font=&#8221;PT Sans||||&#8221; text_text_color=&#8221;#000000&#8243; text_font_size=&#8221;67px&#8221; text_letter_spacing=&#8221;0&#8243; text_line_height=&#8221;1.1&#8243; header_font=&#8221;PT Sans||||&#8221; header_text_color=&#8221;#000000&#8243; header_font_size=&#8221;48&#8243; header_letter_spacing=&#8221;0&#8243; header_line_height=&#8221;1.1em&#8221; background_size=&#8221;initial&#8221; background_position=&#8221;top_left&#8221; background_repeat=&#8221;repeat&#8221; custom_margin=&#8221;0px||0px|&#8221; text_font_size_tablet=&#8221;60&#8243; text_font_size_phone=&#8221;&#8221; text_font_size_last_edited=&#8221;on|phone&#8221; text_letter_spacing_tablet=&#8221;&#8221; text_letter_spacing_phone=&#8221;&#8221; text_letter_spacing_last_edited=&#8221;on|desktop&#8221; text_line_height_tablet=&#8221;&#8221; text_line_height_phone=&#8221;&#8221; text_line_height_last_edited=&#8221;on|&#8221; header_font_size_tablet=&#8221;46&#8243; header_font_size_phone=&#8221;38px&#8221; header_font_size_last_edited=&#8221;on|phone&#8221; use_border_color=&#8221;off&#8221; border_color=&#8221;#ffffff&#8221; border_width=&#8221;1&#8243; border_style=&#8221;solid&#8221;]<\/p>\n<p>Che bella la scuola&#8230;al museo<\/p>\n<p>[\/et_pb_text][et_pb_text admin_label=&#8221;Data&#8221; _builder_version=&#8221;4.8.2&#8243; text_font=&#8221;PT Sans|on|||&#8221; text_text_color=&#8221;#363636&#8243; text_font_size=&#8221;18&#8243; text_letter_spacing=&#8221;0&#8243; text_line_height=&#8221;1.7&#8243; header_font_size=&#8221;30&#8243; header_letter_spacing=&#8221;0&#8243; header_line_height=&#8221;1&#8243; background_size=&#8221;initial&#8221; background_position=&#8221;top_left&#8221; background_repeat=&#8221;repeat&#8221; custom_margin=&#8221;10px||0px|&#8221; custom_padding=&#8221;||0px|||&#8221; use_border_color=&#8221;off&#8221; border_color=&#8221;#ffffff&#8221; border_width=&#8221;1&#8243; border_style=&#8221;solid&#8221;]<\/p>\n<p>31 luglio 2025<\/p>\n<p>[\/et_pb_text][\/et_pb_column][\/et_pb_row][\/et_pb_section][et_pb_section fb_built=&#8221;1&#8243; admin_label=&#8221;Section&#8221; _builder_version=&#8221;3.22&#8243; background_color=&#8221;#f7f7f4&#8243; transparent_background=&#8221;off&#8221; make_fullwidth=&#8221;off&#8221; use_custom_width=&#8221;off&#8221; width_unit=&#8221;on&#8221; custom_width_px=&#8221;1080&#8243; custom_width_percent=&#8221;80&#8243;][et_pb_row column_structure=&#8221;1_3,2_3&#8243; padding_mobile=&#8221;on&#8221; column_padding_mobile=&#8221;on&#8221; admin_label=&#8221;row&#8221; _builder_version=&#8221;4.8.2&#8243; background_size=&#8221;initial&#8221; background_position=&#8221;top_left&#8221; background_repeat=&#8221;repeat&#8221; custom_margin=&#8221;10px||||false|false&#8221; custom_padding=&#8221;0px|||&#8221; make_fullwidth=&#8221;off&#8221; use_custom_width=&#8221;off&#8221; width_unit=&#8221;on&#8221; custom_width_px=&#8221;1080&#8243; custom_width_percent=&#8221;80&#8243;][et_pb_column type=&#8221;1_3&#8243; _builder_version=&#8221;3.25&#8243; custom_padding=&#8221;|||&#8221; custom_padding__hover=&#8221;|||&#8221;][et_pb_text admin_label=&#8221;Occhiello&#8221; _builder_version=&#8221;4.8.2&#8243; text_font=&#8221;Alata|700|||||||&#8221; text_text_color=&#8221;#363636&#8243; text_font_size=&#8221;20px&#8221; text_letter_spacing=&#8221;0&#8243; text_line_height=&#8221;1.4&#8243; header_font_size=&#8221;30&#8243; header_letter_spacing=&#8221;0&#8243; header_line_height=&#8221;1&#8243; header_3_font_size=&#8221;19px&#8221; header_3_line_height=&#8221;1.2em&#8221; background_size=&#8221;initial&#8221; background_position=&#8221;top_left&#8221; background_repeat=&#8221;repeat&#8221; max_width=&#8221;620px&#8221; custom_margin=&#8221;0px|20px|0px||false|false&#8221; custom_padding=&#8221;||0px|||&#8221; text_font_size_tablet=&#8221;&#8221; text_font_size_phone=&#8221;&#8221; text_font_size_last_edited=&#8221;on|desktop&#8221; use_border_color=&#8221;off&#8221; border_color=&#8221;#ffffff&#8221; border_width=&#8221;1&#8243; border_style=&#8221;solid&#8221;]<\/p>\n<p><span style=\"color: #800000;\">Imparare\u00a0divertendosi<\/span>!<br \/><span data-contrast=\"auto\" xml:lang=\"IT-IT\" lang=\"IT-IT\" class=\"TextRun SCXW70801637 BCX0\"><span class=\"NormalTextRun SCXW70801637 BCX0\">Conoscere, coinvolgere, sperimentare: la scuola non \u00e8 mai stata pi\u00f9 bella di cos\u00ec. Scoprila al Museo<\/span><\/span><span class=\"EOP SCXW70801637 BCX0\" data-ccp-props=\"{}\">\u00a0<\/span><\/p>\n<p>[\/et_pb_text][\/et_pb_column][et_pb_column type=&#8221;2_3&#8243; _builder_version=&#8221;3.25&#8243; custom_padding=&#8221;|||&#8221; custom_padding__hover=&#8221;|||&#8221;][et_pb_text admin_label=&#8221;Blocco testo 1&#8243; _builder_version=&#8221;4.8.2&#8243; text_font=&#8221;PT Sans||||&#8221; text_text_color=&#8221;#363636&#8243; text_font_size=&#8221;20&#8243; text_letter_spacing=&#8221;0&#8243; text_line_height=&#8221;1.2em&#8221; header_font_size=&#8221;30&#8243; header_letter_spacing=&#8221;0&#8243; header_line_height=&#8221;1&#8243; background_size=&#8221;initial&#8221; background_position=&#8221;top_left&#8221; background_repeat=&#8221;repeat&#8221; max_width=&#8221;620px&#8221; custom_margin=&#8221;0px||0px||false|false&#8221; text_font_size_tablet=&#8221;&#8221; text_font_size_phone=&#8221;&#8221; text_font_size_last_edited=&#8221;on|tablet&#8221; use_border_color=&#8221;off&#8221; border_color=&#8221;#ffffff&#8221; border_width=&#8221;1&#8243; border_style=&#8221;solid&#8221;]<\/p>\n<h3><em>La scuola al museo&#8230; \u00e8 tutta un&#8217;altra storia<\/em><\/h3>\n<p><em><\/em><\/p>\n<p>I nostri figli e studenti non vorranno sentire parlare di scuola anche durante le vacanze estive, ma per genitori e docenti questo<strong> \u00e8 proprio il momento giusto<\/strong> per progettare un nuovo anno scolastico.<em><\/em><\/p>\n<p>Il Museo Fratelli Cozzi ha progetti dedicati alle scuole primarie, secondarie e alle universit\u00e0, ma vogliamo dedicare questa news alle <strong>scuole secondarie di secondo grado. <\/strong>Pensiamo sia importante poter garantire agli adolescenti momenti di\u00a0<strong>approfondimento<\/strong>,\u00a0<strong>orientamento<\/strong> e <strong>ispirazione.<\/strong><\/p>\n<p>La nostra narrazione usa un approccio complementare a quello didascalico e lavora sull&#8217;ingaggio e sul rendere i ragazzi e le ragazze protagonisti della storia, nella convinzione che\u00a0\u201c<em>Tradizione \u00e8 custodire il fuoco, non adorare le ceneri<\/em>\u201d, come diceva\u00a0Gustav Mahler!<\/p>\n<p>[\/et_pb_text][\/et_pb_column][\/et_pb_row][et_pb_row column_structure=&#8221;1_2,1_2&#8243; _builder_version=&#8221;4.8.2&#8243; _module_preset=&#8221;default&#8221;][et_pb_column type=&#8221;1_2&#8243; _builder_version=&#8221;4.8.2&#8243; _module_preset=&#8221;default&#8221;][et_pb_image src=&#8221;https:\/\/www.museofratellicozzi.com\/news\/wp-content\/uploads\/2025\/03\/MUSEO-Foto-interne-articolo-NL-2025-03-26T111541.667.png&#8221; alt=&#8221;Progetto scuole Gen z &#8221; title_text=&#8221;MUSEO Foto interne articolo NL &#8211; 2025-03-26T111541.667&#8243; _builder_version=&#8221;4.8.2&#8243; _module_preset=&#8221;default&#8221;][\/et_pb_image][et_pb_text _builder_version=&#8221;4.8.2&#8243; _module_preset=&#8221;default&#8221;]<\/p>\n<p>Ilaria Maffei &#8211; Assessora alla Comunit\u00e0 inclusiva, Legnano<\/p>\n<p>[\/et_pb_text][\/et_pb_column][et_pb_column type=&#8221;1_2&#8243; _builder_version=&#8221;4.8.2&#8243; _module_preset=&#8221;default&#8221;][et_pb_image src=&#8221;https:\/\/www.museofratellicozzi.com\/news\/wp-content\/uploads\/2025\/03\/MUSEO-Foto-interne-articolo-NL-2025-03-26T111416.159.png&#8221; title_text=&#8221;MUSEO Foto interne articolo NL &#8211; 2025-03-26T111416.159&#8243; _builder_version=&#8221;4.8.2&#8243; _module_preset=&#8221;default&#8221;][\/et_pb_image][et_pb_text _builder_version=&#8221;4.8.2&#8243; _module_preset=&#8221;default&#8221;]<\/p>\n<p>Guido Bragato, Assessore\u00a0<span>Qualit\u00e0 della Vita<\/span><\/p>\n<p>[\/et_pb_text][\/et_pb_column][\/et_pb_row][et_pb_row column_structure=&#8221;1_3,2_3&#8243; padding_mobile=&#8221;on&#8221; column_padding_mobile=&#8221;on&#8221; admin_label=&#8221;row&#8221; _builder_version=&#8221;4.8.2&#8243; background_size=&#8221;initial&#8221; background_position=&#8221;top_left&#8221; background_repeat=&#8221;repeat&#8221; custom_margin=&#8221;10px||||false|false&#8221; custom_padding=&#8221;0px|||11px||&#8221; make_fullwidth=&#8221;off&#8221; use_custom_width=&#8221;off&#8221; width_unit=&#8221;on&#8221; custom_width_px=&#8221;1080&#8243; custom_width_percent=&#8221;80&#8243;][et_pb_column type=&#8221;1_3&#8243; _builder_version=&#8221;3.25&#8243; custom_padding=&#8221;|||&#8221; custom_padding__hover=&#8221;|||&#8221;][\/et_pb_column][et_pb_column type=&#8221;2_3&#8243; _builder_version=&#8221;3.25&#8243; custom_padding=&#8221;|||&#8221; custom_padding__hover=&#8221;|||&#8221;][et_pb_text admin_label=&#8221;Blocco testo 1&#8243; _builder_version=&#8221;4.8.2&#8243; text_font=&#8221;PT Sans||||&#8221; text_text_color=&#8221;#363636&#8243; text_font_size=&#8221;20&#8243; text_letter_spacing=&#8221;0&#8243; text_line_height=&#8221;1.2em&#8221; header_font_size=&#8221;30&#8243; header_letter_spacing=&#8221;0&#8243; header_line_height=&#8221;1&#8243; background_size=&#8221;initial&#8221; background_position=&#8221;top_left&#8221; background_repeat=&#8221;repeat&#8221; max_width=&#8221;620px&#8221; custom_margin=&#8221;0px||0px||false|false&#8221; text_font_size_tablet=&#8221;&#8221; text_font_size_phone=&#8221;&#8221; text_font_size_last_edited=&#8221;on|tablet&#8221; use_border_color=&#8221;off&#8221; border_color=&#8221;#ffffff&#8221; border_width=&#8221;1&#8243; border_style=&#8221;solid&#8221;]<\/p>\n<h3>UN MUSEO TUTTO PER TE&#8230; E PER LA TUA SCUOLA<\/h3>\n<p>&nbsp;<\/p>\n<p>I nostri progetti sono possibili grazie all&#8217;<strong>Associazione Friends of Museo Fratelli Cozzi<\/strong>, agisce per la sensibilizzazione di studenti e studentesse, perseguendo anche gli obiettivi posti dall&#8217;Agenda 2030,\u00a0 in particolare su tematiche relative a uguaglianza di genere, valorizzazione della diversit\u00e0 culturale, contributo della cultura allo sviluppo sostenibile e all&#8217;inclusione.<\/p>\n<p>Il Museo Fratelli Cozzi ha elaborato un&#8217;offerta didattica\u00a0arricchita da <strong>approfondimenti tematici inerenti ai diversi percorsi di studio\u00a0<\/strong>e amiamo condividere nuovi progetti scolastici con docenti e studenti. Se <span style=\"color: #800000;\"><strong>hai un&#8217;idea in testa<\/strong><\/span>\u00a0contattaci, non vediamo l\u2019ora di scrivere insieme un\u2019altra pagina culturale che potrebbe iniziare da una\u00a0<strong>visita guidata.<\/strong><\/p>\n<p><strong><\/strong><\/p>\n<h4>Per maggiori informazioni <strong><span style=\"color: #800000;\">clicca sull&#8217;immagine seguente e scarica la presentazione<\/span><\/strong> e scrivi a info@museofratellicozzi.com<\/h4>\n<p>[\/et_pb_text][\/et_pb_column][\/et_pb_row][et_pb_row padding_mobile=&#8221;on&#8221; column_padding_mobile=&#8221;on&#8221; admin_label=&#8221;row&#8221; _builder_version=&#8221;4.8.2&#8243; background_size=&#8221;initial&#8221; background_position=&#8221;top_left&#8221; background_repeat=&#8221;repeat&#8221; custom_margin=&#8221;10px||||false|false&#8221; custom_padding=&#8221;0px|||11px||&#8221; make_fullwidth=&#8221;off&#8221; use_custom_width=&#8221;off&#8221; width_unit=&#8221;on&#8221; custom_width_px=&#8221;1080&#8243; custom_width_percent=&#8221;80&#8243;][et_pb_column type=&#8221;4_4&#8243; _builder_version=&#8221;3.25&#8243; custom_padding=&#8221;|||&#8221; custom_padding__hover=&#8221;|||&#8221;][et_pb_divider _builder_version=&#8221;4.8.2&#8243; _module_preset=&#8221;default&#8221;][\/et_pb_divider][\/et_pb_column][\/et_pb_row][et_pb_row _builder_version=&#8221;4.8.2&#8243; _module_preset=&#8221;default&#8221;][et_pb_column type=&#8221;4_4&#8243; _builder_version=&#8221;4.8.2&#8243; _module_preset=&#8221;default&#8221;][et_pb_image src=&#8221;https:\/\/www.museofratellicozzi.com\/news\/wp-content\/uploads\/2025\/05\/11.jpg&#8221; title_text=&#8221;11&#8243; url=&#8221;https:\/\/www.museofratellicozzi.com\/news\/wp-content\/uploads\/2025\/07\/Museo-Fratelli-Cozzi-2025_istituzionale.pdf&#8221; url_new_window=&#8221;on&#8221; _builder_version=&#8221;4.8.2&#8243; _module_preset=&#8221;default&#8221;][\/et_pb_image][\/et_pb_column][\/et_pb_row][et_pb_row _builder_version=&#8221;4.8.2&#8243; _module_preset=&#8221;default&#8221;][et_pb_column type=&#8221;4_4&#8243; _builder_version=&#8221;4.8.2&#8243; _module_preset=&#8221;default&#8221;][et_pb_text _builder_version=&#8221;4.8.2&#8243; _module_preset=&#8221;default&#8221;]<\/p>\n<p><strong>Clicca<\/strong> sull&#8217;immagine e <strong>scarica la presentazione<\/strong><\/p>\n<p>[\/et_pb_text][\/et_pb_column][\/et_pb_row][et_pb_row column_structure=&#8221;1_2,1_2&#8243; _builder_version=&#8221;4.8.2&#8243; _module_preset=&#8221;default&#8221;][et_pb_column type=&#8221;1_2&#8243; _builder_version=&#8221;4.8.2&#8243; _module_preset=&#8221;default&#8221;][et_pb_image src=&#8221;https:\/\/www.museofratellicozzi.com\/news\/wp-content\/uploads\/2025\/03\/MUSEO-Foto-interne-articolo-NL-2025-03-26T111244.558.png&#8221; alt=&#8221;Progetto scuole Gen z &#8221; title_text=&#8221;Gen Z studenti &#8221; _builder_version=&#8221;4.8.2&#8243; _module_preset=&#8221;default&#8221;][\/et_pb_image][et_pb_text _builder_version=&#8221;4.8.2&#8243; _module_preset=&#8221;default&#8221;]<\/p>\n<p>Studenti e studentesse in visita in posa davanti alle auto del museo<\/p>\n<p>[\/et_pb_text][\/et_pb_column][et_pb_column type=&#8221;1_2&#8243; _builder_version=&#8221;4.8.2&#8243; _module_preset=&#8221;default&#8221;][et_pb_image src=&#8221;https:\/\/www.museofratellicozzi.com\/news\/wp-content\/uploads\/2025\/03\/MUSEO-Foto-interne-articolo-NL-2025-03-26T111634.483.png&#8221; alt=&#8221;Progetto scuole Gen z &#8221; title_text=&#8221;Gen Z studenti &#8221; _builder_version=&#8221;4.8.2&#8243; _module_preset=&#8221;default&#8221;][\/et_pb_image][et_pb_text _builder_version=&#8221;4.8.2&#8243; _module_preset=&#8221;default&#8221;]<\/p>\n<p>Studenti e studentesse in visita davanti alle auto del museo<\/p>\n<p>[\/et_pb_text][\/et_pb_column][\/et_pb_row][et_pb_row padding_mobile=&#8221;on&#8221; column_padding_mobile=&#8221;on&#8221; admin_label=&#8221;row&#8221; _builder_version=&#8221;4.8.2&#8243; background_size=&#8221;initial&#8221; background_position=&#8221;top_left&#8221; background_repeat=&#8221;repeat&#8221; custom_margin=&#8221;10px||||false|false&#8221; custom_padding=&#8221;0px|||11px||&#8221; make_fullwidth=&#8221;off&#8221; use_custom_width=&#8221;off&#8221; width_unit=&#8221;on&#8221; custom_width_px=&#8221;1080&#8243; custom_width_percent=&#8221;80&#8243;][et_pb_column type=&#8221;4_4&#8243; _builder_version=&#8221;3.25&#8243; custom_padding=&#8221;|||&#8221; custom_padding__hover=&#8221;|||&#8221;][et_pb_divider _builder_version=&#8221;4.8.2&#8243; _module_preset=&#8221;default&#8221;][\/et_pb_divider][\/et_pb_column][\/et_pb_row][et_pb_row column_structure=&#8221;1_3,2_3&#8243; padding_mobile=&#8221;on&#8221; column_padding_mobile=&#8221;on&#8221; admin_label=&#8221;row&#8221; _builder_version=&#8221;4.8.2&#8243; background_size=&#8221;initial&#8221; background_position=&#8221;top_left&#8221; background_repeat=&#8221;repeat&#8221; custom_margin=&#8221;10px||||false|false&#8221; custom_padding=&#8221;0px|||&#8221; make_fullwidth=&#8221;off&#8221; use_custom_width=&#8221;off&#8221; width_unit=&#8221;on&#8221; custom_width_px=&#8221;1080&#8243; custom_width_percent=&#8221;80&#8243;][et_pb_column type=&#8221;1_3&#8243; _builder_version=&#8221;3.25&#8243; custom_padding=&#8221;|||&#8221; custom_padding__hover=&#8221;|||&#8221;][\/et_pb_column][et_pb_column type=&#8221;2_3&#8243; _builder_version=&#8221;3.25&#8243; custom_padding=&#8221;|||&#8221; custom_padding__hover=&#8221;|||&#8221;][et_pb_text admin_label=&#8221;Blocco testo 1&#8243; _builder_version=&#8221;4.8.2&#8243; text_font=&#8221;PT Sans||||&#8221; text_text_color=&#8221;#363636&#8243; text_font_size=&#8221;20&#8243; text_letter_spacing=&#8221;0&#8243; text_line_height=&#8221;1.2em&#8221; header_font_size=&#8221;30&#8243; header_letter_spacing=&#8221;0&#8243; header_line_height=&#8221;1&#8243; background_size=&#8221;initial&#8221; background_position=&#8221;top_left&#8221; background_repeat=&#8221;repeat&#8221; max_width=&#8221;620px&#8221; custom_margin=&#8221;0px||0px||false|false&#8221; text_font_size_tablet=&#8221;&#8221; text_font_size_phone=&#8221;&#8221; text_font_size_last_edited=&#8221;on|tablet&#8221; use_border_color=&#8221;off&#8221; border_color=&#8221;#ffffff&#8221; border_width=&#8221;1&#8243; border_style=&#8221;solid&#8221;]<\/p>\n<p><strong>ALTERNANZA SCUOLA-LAVORO<\/strong><\/p>\n<p>Oltre alla visita guidata e agli approfondimenti tematici, il Museo Fratelli Cozzi \u00e8 a disposizione anche per progetti di\u00a0<strong>alternanza scuola-lavoro PCTO<\/strong>, uno strumento prezioso e un&#8217;ottima occasione per ragazzi e ragazze di mettersi alla prova, a patto che sia data loro la giusta occasione di mettere piede nel mondo del lavoro in modo concreto.<\/p>\n<p>Con il progetto di alternanza al Museo gli studenti vengono coinvolti concretamente con l\u2019obiettivo di sviluppare soft skill sempre pi\u00f9 richieste negli ambienti lavorativi come:<\/p>\n<ul>\n<li>Relazionarsi nel campo dell\u2019accoglienza<\/li>\n<li>Lavorare in gruppo su obiettivi<\/li>\n<li>Parlare in pubblico<\/li>\n<li>Fare problem solving<\/li>\n<li>Partecipare all\u2019organizzazione di un evento<\/li>\n<li>Conoscere e interpretare una storia<\/li>\n<li>Fare storytelling<\/li>\n<\/ul>\n<p>Nell&#8217;attesa di incontrarvi nei prossimi mesi, vi consigliamo una visita virtuale sul nostro canale YouTube dove potrete trovare approfondimenti che ci auguriamo siano di vostro interesse. Qui sotto, invece, vi proponiamo i<a href=\"https:\/\/www.museofratellicozzi.com\/news\/contest-scuole-2025-ecco-i-vincitori\/\" target=\"_blank\" rel=\"noopener noreferrer\"><span style=\"color: #800000;\"><strong>l video vincitore del contest 2025 &#8220;L&#8217;inclusione per la Gen Z&#8221;,<\/strong><\/span><\/a><span style=\"color: #800000;\"><\/span> realizzato dagli studenti dell&#8217;ISIS Bernocchi di Legnano<\/p>\n<p>[\/et_pb_text][\/et_pb_column][\/et_pb_row][et_pb_row _builder_version=&#8221;4.8.2&#8243; _module_preset=&#8221;default&#8221;][et_pb_column type=&#8221;4_4&#8243; _builder_version=&#8221;4.8.2&#8243; _module_preset=&#8221;default&#8221;][et_pb_video src=&#8221;https:\/\/youtu.be\/JsHpz3Rc84w?si=IzDfTFpL4iPrJON9&#8243; _builder_version=&#8221;4.8.2&#8243; _module_preset=&#8221;default&#8221;][\/et_pb_video][et_pb_text _builder_version=&#8221;4.8.2&#8243; _module_preset=&#8221;default&#8221;]<\/p>\n<p>Il video vincitore del contest 2025 &#8220;L&#8217;inclusione per la Generazione Z&#8221;,\u00a0realizzato dagli studenti dell&#8217;ISIS Antonio Bernocchi di Legnano<\/p>\n<p>[\/et_pb_text][\/et_pb_column][\/et_pb_row][\/et_pb_section]<\/p>\n","protected":false},"excerpt":{"rendered":"<p>[et_pb_section fb_built=&#8221;1&#8243; admin_label=&#8221;Sezione&#8221; _builder_version=&#8221;3.22&#8243; custom_padding=&#8221;0px|||&#8221; transparent_background=&#8221;off&#8221; make_fullwidth=&#8221;off&#8221; use_custom_width=&#8221;off&#8221; width_unit=&#8221;on&#8221; custom_width_px=&#8221;1080&#8243; custom_width_percent=&#8221;80&#8243;][et_pb_row use_custom_gutter=&#8221;on&#8221; gutter_width=&#8221;1&#8243; disabled_on=&#8221;off|off|off&#8221; admin_label=&#8221;Riga&#8221; module_class=&#8221; et_pb_row_fullwidth&#8221; _builder_version=&#8221;3.25&#8243; background_size=&#8221;initial&#8221; background_position=&#8221;top_left&#8221; background_repeat=&#8221;repeat&#8221; width=&#8221;100%&#8221; width_tablet=&#8221;100%&#8221; width_phone=&#8221;&#8221; width_last_edited=&#8221;on|desktop&#8221; max_width=&#8221;100%&#8221; max_width_tablet=&#8221;100%&#8221; max_width_phone=&#8221;&#8221; max_width_last_edited=&#8221;on|desktop&#8221; custom_padding=&#8221;0px|||&#8221; make_fullwidth=&#8221;on&#8221; use_custom_width=&#8221;off&#8221; width_unit=&#8221;on&#8221; custom_width_px=&#8221;1080&#8243; custom_width_percent=&#8221;80&#8243;][et_pb_column type=&#8221;4_4&#8243; _builder_version=&#8221;3.25&#8243; custom_padding=&#8221;|||&#8221; custom_padding__hover=&#8221;|||&#8221;][et_pb_image src=&#8221;https:\/\/www.museofratellicozzi.com\/news\/wp-content\/uploads\/2025\/07\/2.png&#8221; alt=&#8221;Studenti presentano il lavoro %22Il Gender Gap per la Gen Z%22&#8243; title_text=&#8221;scuole al museo&#8221; force_fullwidth=&#8221;on&#8221; [&hellip;]<\/p>\n","protected":false},"author":7,"featured_media":22930,"comment_status":"open","ping_status":"open","sticky":true,"template":"","format":"standard","meta":{"_et_pb_use_builder":"on","_et_pb_old_content":"","_et_gb_content_width":"","_jetpack_memberships_contains_paid_content":false,"footnotes":""},"categories":[775,60],"tags":[21,898,209,180,876,877,406,191,61],"class_list":["post-22880","post","type-post","status-publish","format-standard","has-post-thumbnail","hentry","category-associazione","category-scuole","tag-alfa-romeo","tag-anno-scolastico","tag-automotive","tag-cozzi","tag-inclusione","tag-liceo","tag-museo-fratelli-cozzi","tag-scuole","tag-visita-didattica","et-has-post-format-content","et_post_format-et-post-format-standard"],"yoast_head":"<!-- This site is optimized with the Yoast SEO plugin v26.8 - https:\/\/yoast.com\/product\/yoast-seo-wordpress\/ -->\n<title>Che bella la scuola\u2026al museo -<\/title>\n<meta name=\"description\" content=\"Imparare\u00a0divertendosi! Nasce da questo presupposto il\u00a0programma didattico del Museo\u00a0Fratelli Cozzi. Ecco le novit\u00e0 per l&#039;anno scolastico 2025-26\" \/>\n<meta name=\"robots\" content=\"index, follow, max-snippet:-1, max-image-preview:large, max-video-preview:-1\" \/>\n<link rel=\"canonical\" href=\"https:\/\/www.museofratellicozzi.com\/news\/scuole-museo-secondarie-secondo-grado\/\" \/>\n<meta property=\"og:locale\" content=\"it_IT\" \/>\n<meta property=\"og:type\" content=\"article\" \/>\n<meta property=\"og:title\" content=\"Che bella la scuola\u2026al museo -\" \/>\n<meta property=\"og:description\" content=\"Imparare\u00a0divertendosi! Nasce da questo presupposto il\u00a0programma didattico del Museo\u00a0Fratelli Cozzi. Ecco le novit\u00e0 per l&#039;anno scolastico 2025-26\" \/>\n<meta property=\"og:url\" content=\"https:\/\/www.museofratellicozzi.com\/news\/scuole-museo-secondarie-secondo-grado\/\" \/>\n<meta property=\"og:site_name\" content=\"eNews Museo Fratelli Cozzi\" \/>\n<meta property=\"article:published_time\" content=\"2025-07-17T14:25:45+00:00\" \/>\n<meta property=\"article:modified_time\" content=\"2025-07-29T16:50:56+00:00\" \/>\n<meta property=\"og:image\" content=\"https:\/\/www.museofratellicozzi.com\/news\/wp-content\/uploads\/2025\/07\/2-1024x683.png\" \/>\n\t<meta property=\"og:image:width\" content=\"1024\" \/>\n\t<meta property=\"og:image:height\" content=\"683\" \/>\n\t<meta property=\"og:image:type\" content=\"image\/png\" \/>\n<meta name=\"author\" content=\"Elisabetta Cozzi\" \/>\n<meta name=\"twitter:card\" content=\"summary_large_image\" \/>\n<meta name=\"twitter:label1\" content=\"Scritto da\" \/>\n\t<meta name=\"twitter:data1\" content=\"Elisabetta Cozzi\" \/>\n\t<meta name=\"twitter:label2\" content=\"Tempo di lettura stimato\" \/>\n\t<meta name=\"twitter:data2\" content=\"6 minuti\" \/>\n<script type=\"application\/ld+json\" class=\"yoast-schema-graph\">{\"@context\":\"https:\/\/schema.org\",\"@graph\":[{\"@type\":\"Article\",\"@id\":\"https:\/\/www.museofratellicozzi.com\/news\/scuole-museo-secondarie-secondo-grado\/#article\",\"isPartOf\":{\"@id\":\"https:\/\/www.museofratellicozzi.com\/news\/scuole-museo-secondarie-secondo-grado\/\"},\"author\":{\"name\":\"Elisabetta Cozzi\",\"@id\":\"https:\/\/www.museofratellicozzi.com\/news\/#\/schema\/person\/3c2c242e79e59f9be7b62a0d9673e40d\"},\"headline\":\"Che bella la scuola\u2026al museo\",\"datePublished\":\"2025-07-17T14:25:45+00:00\",\"dateModified\":\"2025-07-29T16:50:56+00:00\",\"mainEntityOfPage\":{\"@id\":\"https:\/\/www.museofratellicozzi.com\/news\/scuole-museo-secondarie-secondo-grado\/\"},\"wordCount\":2142,\"commentCount\":0,\"publisher\":{\"@id\":\"https:\/\/www.museofratellicozzi.com\/news\/#organization\"},\"image\":{\"@id\":\"https:\/\/www.museofratellicozzi.com\/news\/scuole-museo-secondarie-secondo-grado\/#primaryimage\"},\"thumbnailUrl\":\"https:\/\/www.museofratellicozzi.com\/news\/wp-content\/uploads\/2025\/07\/2.png\",\"keywords\":[\"alfa romeo\",\"anno scolastico\",\"automotive\",\"cozzi\",\"inclusione\",\"liceo\",\"Museo Fratelli Cozzi\",\"scuole\",\"Visita didattica\"],\"articleSection\":[\"Associazione\",\"Scuole\"],\"inLanguage\":\"it-IT\",\"potentialAction\":[{\"@type\":\"CommentAction\",\"name\":\"Comment\",\"target\":[\"https:\/\/www.museofratellicozzi.com\/news\/scuole-museo-secondarie-secondo-grado\/#respond\"]}]},{\"@type\":\"WebPage\",\"@id\":\"https:\/\/www.museofratellicozzi.com\/news\/scuole-museo-secondarie-secondo-grado\/\",\"url\":\"https:\/\/www.museofratellicozzi.com\/news\/scuole-museo-secondarie-secondo-grado\/\",\"name\":\"Che bella la scuola\u2026al museo -\",\"isPartOf\":{\"@id\":\"https:\/\/www.museofratellicozzi.com\/news\/#website\"},\"primaryImageOfPage\":{\"@id\":\"https:\/\/www.museofratellicozzi.com\/news\/scuole-museo-secondarie-secondo-grado\/#primaryimage\"},\"image\":{\"@id\":\"https:\/\/www.museofratellicozzi.com\/news\/scuole-museo-secondarie-secondo-grado\/#primaryimage\"},\"thumbnailUrl\":\"https:\/\/www.museofratellicozzi.com\/news\/wp-content\/uploads\/2025\/07\/2.png\",\"datePublished\":\"2025-07-17T14:25:45+00:00\",\"dateModified\":\"2025-07-29T16:50:56+00:00\",\"description\":\"Imparare\u00a0divertendosi! Nasce da questo presupposto il\u00a0programma didattico del Museo\u00a0Fratelli Cozzi. Ecco le novit\u00e0 per l'anno scolastico 2025-26\",\"breadcrumb\":{\"@id\":\"https:\/\/www.museofratellicozzi.com\/news\/scuole-museo-secondarie-secondo-grado\/#breadcrumb\"},\"inLanguage\":\"it-IT\",\"potentialAction\":[{\"@type\":\"ReadAction\",\"target\":[\"https:\/\/www.museofratellicozzi.com\/news\/scuole-museo-secondarie-secondo-grado\/\"]}]},{\"@type\":\"ImageObject\",\"inLanguage\":\"it-IT\",\"@id\":\"https:\/\/www.museofratellicozzi.com\/news\/scuole-museo-secondarie-secondo-grado\/#primaryimage\",\"url\":\"https:\/\/www.museofratellicozzi.com\/news\/wp-content\/uploads\/2025\/07\/2.png\",\"contentUrl\":\"https:\/\/www.museofratellicozzi.com\/news\/wp-content\/uploads\/2025\/07\/2.png\",\"width\":1800,\"height\":1200},{\"@type\":\"BreadcrumbList\",\"@id\":\"https:\/\/www.museofratellicozzi.com\/news\/scuole-museo-secondarie-secondo-grado\/#breadcrumb\",\"itemListElement\":[{\"@type\":\"ListItem\",\"position\":1,\"name\":\"Home\",\"item\":\"https:\/\/www.museofratellicozzi.com\/news\/\"},{\"@type\":\"ListItem\",\"position\":2,\"name\":\"Che bella la scuola\u2026al museo\"}]},{\"@type\":\"WebSite\",\"@id\":\"https:\/\/www.museofratellicozzi.com\/news\/#website\",\"url\":\"https:\/\/www.museofratellicozzi.com\/news\/\",\"name\":\"eNews Museo Fratelli Cozzi\",\"description\":\"Alfa Romeo: un mito che resiste al tempo\",\"publisher\":{\"@id\":\"https:\/\/www.museofratellicozzi.com\/news\/#organization\"},\"potentialAction\":[{\"@type\":\"SearchAction\",\"target\":{\"@type\":\"EntryPoint\",\"urlTemplate\":\"https:\/\/www.museofratellicozzi.com\/news\/?s={search_term_string}\"},\"query-input\":{\"@type\":\"PropertyValueSpecification\",\"valueRequired\":true,\"valueName\":\"search_term_string\"}}],\"inLanguage\":\"it-IT\"},{\"@type\":\"Organization\",\"@id\":\"https:\/\/www.museofratellicozzi.com\/news\/#organization\",\"name\":\"Museo Fratelli Cozzi\",\"url\":\"https:\/\/www.museofratellicozzi.com\/news\/\",\"logo\":{\"@type\":\"ImageObject\",\"inLanguage\":\"it-IT\",\"@id\":\"https:\/\/www.museofratellicozzi.com\/news\/#\/schema\/logo\/image\/\",\"url\":\"https:\/\/www.museofratellicozzi.com\/news\/wp-content\/uploads\/2017\/04\/home.png\",\"contentUrl\":\"https:\/\/www.museofratellicozzi.com\/news\/wp-content\/uploads\/2017\/04\/home.png\",\"width\":497,\"height\":512,\"caption\":\"Museo Fratelli Cozzi\"},\"image\":{\"@id\":\"https:\/\/www.museofratellicozzi.com\/news\/#\/schema\/logo\/image\/\"}},{\"@type\":\"Person\",\"@id\":\"https:\/\/www.museofratellicozzi.com\/news\/#\/schema\/person\/3c2c242e79e59f9be7b62a0d9673e40d\",\"name\":\"Elisabetta Cozzi\",\"image\":{\"@type\":\"ImageObject\",\"inLanguage\":\"it-IT\",\"@id\":\"https:\/\/www.museofratellicozzi.com\/news\/#\/schema\/person\/image\/\",\"url\":\"https:\/\/secure.gravatar.com\/avatar\/a761e7642145a4506dbd3685a69db0fc?s=96&d=mm&r=g\",\"contentUrl\":\"https:\/\/secure.gravatar.com\/avatar\/a761e7642145a4506dbd3685a69db0fc?s=96&d=mm&r=g\",\"caption\":\"Elisabetta Cozzi\"}}]}<\/script>\n<!-- \/ Yoast SEO plugin. -->","yoast_head_json":{"title":"Che bella la scuola\u2026al museo -","description":"Imparare\u00a0divertendosi! Nasce da questo presupposto il\u00a0programma didattico del Museo\u00a0Fratelli Cozzi. Ecco le novit\u00e0 per l'anno scolastico 2025-26","robots":{"index":"index","follow":"follow","max-snippet":"max-snippet:-1","max-image-preview":"max-image-preview:large","max-video-preview":"max-video-preview:-1"},"canonical":"https:\/\/www.museofratellicozzi.com\/news\/scuole-museo-secondarie-secondo-grado\/","og_locale":"it_IT","og_type":"article","og_title":"Che bella la scuola\u2026al museo -","og_description":"Imparare\u00a0divertendosi! Nasce da questo presupposto il\u00a0programma didattico del Museo\u00a0Fratelli Cozzi. Ecco le novit\u00e0 per l'anno scolastico 2025-26","og_url":"https:\/\/www.museofratellicozzi.com\/news\/scuole-museo-secondarie-secondo-grado\/","og_site_name":"eNews Museo Fratelli Cozzi","article_published_time":"2025-07-17T14:25:45+00:00","article_modified_time":"2025-07-29T16:50:56+00:00","og_image":[{"width":1024,"height":683,"url":"https:\/\/www.museofratellicozzi.com\/news\/wp-content\/uploads\/2025\/07\/2-1024x683.png","type":"image\/png"}],"author":"Elisabetta Cozzi","twitter_card":"summary_large_image","twitter_misc":{"Scritto da":"Elisabetta Cozzi","Tempo di lettura stimato":"6 minuti"},"schema":{"@context":"https:\/\/schema.org","@graph":[{"@type":"Article","@id":"https:\/\/www.museofratellicozzi.com\/news\/scuole-museo-secondarie-secondo-grado\/#article","isPartOf":{"@id":"https:\/\/www.museofratellicozzi.com\/news\/scuole-museo-secondarie-secondo-grado\/"},"author":{"name":"Elisabetta Cozzi","@id":"https:\/\/www.museofratellicozzi.com\/news\/#\/schema\/person\/3c2c242e79e59f9be7b62a0d9673e40d"},"headline":"Che bella la scuola\u2026al museo","datePublished":"2025-07-17T14:25:45+00:00","dateModified":"2025-07-29T16:50:56+00:00","mainEntityOfPage":{"@id":"https:\/\/www.museofratellicozzi.com\/news\/scuole-museo-secondarie-secondo-grado\/"},"wordCount":2142,"commentCount":0,"publisher":{"@id":"https:\/\/www.museofratellicozzi.com\/news\/#organization"},"image":{"@id":"https:\/\/www.museofratellicozzi.com\/news\/scuole-museo-secondarie-secondo-grado\/#primaryimage"},"thumbnailUrl":"https:\/\/www.museofratellicozzi.com\/news\/wp-content\/uploads\/2025\/07\/2.png","keywords":["alfa romeo","anno scolastico","automotive","cozzi","inclusione","liceo","Museo Fratelli Cozzi","scuole","Visita didattica"],"articleSection":["Associazione","Scuole"],"inLanguage":"it-IT","potentialAction":[{"@type":"CommentAction","name":"Comment","target":["https:\/\/www.museofratellicozzi.com\/news\/scuole-museo-secondarie-secondo-grado\/#respond"]}]},{"@type":"WebPage","@id":"https:\/\/www.museofratellicozzi.com\/news\/scuole-museo-secondarie-secondo-grado\/","url":"https:\/\/www.museofratellicozzi.com\/news\/scuole-museo-secondarie-secondo-grado\/","name":"Che bella la scuola\u2026al museo -","isPartOf":{"@id":"https:\/\/www.museofratellicozzi.com\/news\/#website"},"primaryImageOfPage":{"@id":"https:\/\/www.museofratellicozzi.com\/news\/scuole-museo-secondarie-secondo-grado\/#primaryimage"},"image":{"@id":"https:\/\/www.museofratellicozzi.com\/news\/scuole-museo-secondarie-secondo-grado\/#primaryimage"},"thumbnailUrl":"https:\/\/www.museofratellicozzi.com\/news\/wp-content\/uploads\/2025\/07\/2.png","datePublished":"2025-07-17T14:25:45+00:00","dateModified":"2025-07-29T16:50:56+00:00","description":"Imparare\u00a0divertendosi! Nasce da questo presupposto il\u00a0programma didattico del Museo\u00a0Fratelli Cozzi. Ecco le novit\u00e0 per l'anno scolastico 2025-26","breadcrumb":{"@id":"https:\/\/www.museofratellicozzi.com\/news\/scuole-museo-secondarie-secondo-grado\/#breadcrumb"},"inLanguage":"it-IT","potentialAction":[{"@type":"ReadAction","target":["https:\/\/www.museofratellicozzi.com\/news\/scuole-museo-secondarie-secondo-grado\/"]}]},{"@type":"ImageObject","inLanguage":"it-IT","@id":"https:\/\/www.museofratellicozzi.com\/news\/scuole-museo-secondarie-secondo-grado\/#primaryimage","url":"https:\/\/www.museofratellicozzi.com\/news\/wp-content\/uploads\/2025\/07\/2.png","contentUrl":"https:\/\/www.museofratellicozzi.com\/news\/wp-content\/uploads\/2025\/07\/2.png","width":1800,"height":1200},{"@type":"BreadcrumbList","@id":"https:\/\/www.museofratellicozzi.com\/news\/scuole-museo-secondarie-secondo-grado\/#breadcrumb","itemListElement":[{"@type":"ListItem","position":1,"name":"Home","item":"https:\/\/www.museofratellicozzi.com\/news\/"},{"@type":"ListItem","position":2,"name":"Che bella la scuola\u2026al museo"}]},{"@type":"WebSite","@id":"https:\/\/www.museofratellicozzi.com\/news\/#website","url":"https:\/\/www.museofratellicozzi.com\/news\/","name":"eNews Museo Fratelli Cozzi","description":"Alfa Romeo: un mito che resiste al tempo","publisher":{"@id":"https:\/\/www.museofratellicozzi.com\/news\/#organization"},"potentialAction":[{"@type":"SearchAction","target":{"@type":"EntryPoint","urlTemplate":"https:\/\/www.museofratellicozzi.com\/news\/?s={search_term_string}"},"query-input":{"@type":"PropertyValueSpecification","valueRequired":true,"valueName":"search_term_string"}}],"inLanguage":"it-IT"},{"@type":"Organization","@id":"https:\/\/www.museofratellicozzi.com\/news\/#organization","name":"Museo Fratelli Cozzi","url":"https:\/\/www.museofratellicozzi.com\/news\/","logo":{"@type":"ImageObject","inLanguage":"it-IT","@id":"https:\/\/www.museofratellicozzi.com\/news\/#\/schema\/logo\/image\/","url":"https:\/\/www.museofratellicozzi.com\/news\/wp-content\/uploads\/2017\/04\/home.png","contentUrl":"https:\/\/www.museofratellicozzi.com\/news\/wp-content\/uploads\/2017\/04\/home.png","width":497,"height":512,"caption":"Museo Fratelli Cozzi"},"image":{"@id":"https:\/\/www.museofratellicozzi.com\/news\/#\/schema\/logo\/image\/"}},{"@type":"Person","@id":"https:\/\/www.museofratellicozzi.com\/news\/#\/schema\/person\/3c2c242e79e59f9be7b62a0d9673e40d","name":"Elisabetta Cozzi","image":{"@type":"ImageObject","inLanguage":"it-IT","@id":"https:\/\/www.museofratellicozzi.com\/news\/#\/schema\/person\/image\/","url":"https:\/\/secure.gravatar.com\/avatar\/a761e7642145a4506dbd3685a69db0fc?s=96&d=mm&r=g","contentUrl":"https:\/\/secure.gravatar.com\/avatar\/a761e7642145a4506dbd3685a69db0fc?s=96&d=mm&r=g","caption":"Elisabetta Cozzi"}}]}},"jetpack_featured_media_url":"https:\/\/www.museofratellicozzi.com\/news\/wp-content\/uploads\/2025\/07\/2.png","jetpack_shortlink":"https:\/\/wp.me\/p90Eth-5X2","jetpack_sharing_enabled":true,"post_mailing_queue_ids":[],"_links":{"self":[{"href":"https:\/\/www.museofratellicozzi.com\/news\/wp-json\/wp\/v2\/posts\/22880","targetHints":{"allow":["GET"]}}],"collection":[{"href":"https:\/\/www.museofratellicozzi.com\/news\/wp-json\/wp\/v2\/posts"}],"about":[{"href":"https:\/\/www.museofratellicozzi.com\/news\/wp-json\/wp\/v2\/types\/post"}],"author":[{"embeddable":true,"href":"https:\/\/www.museofratellicozzi.com\/news\/wp-json\/wp\/v2\/users\/7"}],"replies":[{"embeddable":true,"href":"https:\/\/www.museofratellicozzi.com\/news\/wp-json\/wp\/v2\/comments?post=22880"}],"version-history":[{"count":24,"href":"https:\/\/www.museofratellicozzi.com\/news\/wp-json\/wp\/v2\/posts\/22880\/revisions"}],"predecessor-version":[{"id":23068,"href":"https:\/\/www.museofratellicozzi.com\/news\/wp-json\/wp\/v2\/posts\/22880\/revisions\/23068"}],"wp:featuredmedia":[{"embeddable":true,"href":"https:\/\/www.museofratellicozzi.com\/news\/wp-json\/wp\/v2\/media\/22930"}],"wp:attachment":[{"href":"https:\/\/www.museofratellicozzi.com\/news\/wp-json\/wp\/v2\/media?parent=22880"}],"wp:term":[{"taxonomy":"category","embeddable":true,"href":"https:\/\/www.museofratellicozzi.com\/news\/wp-json\/wp\/v2\/categories?post=22880"},{"taxonomy":"post_tag","embeddable":true,"href":"https:\/\/www.museofratellicozzi.com\/news\/wp-json\/wp\/v2\/tags?post=22880"}],"curies":[{"name":"wp","href":"https:\/\/api.w.org\/{rel}","templated":true}]}}