{"id":22891,"date":"2025-07-17T16:37:52","date_gmt":"2025-07-17T14:37:52","guid":{"rendered":"https:\/\/www.museofratellicozzi.com\/news\/?p=22891"},"modified":"2025-08-29T20:10:01","modified_gmt":"2025-08-29T18:10:01","slug":"donne-e-motori-le-testimonial-di-luglio","status":"publish","type":"post","link":"https:\/\/www.museofratellicozzi.com\/news\/donne-e-motori-le-testimonial-di-luglio\/","title":{"rendered":"&#8220;Donne e motori&#8221; le testimonial di luglio"},"content":{"rendered":"<p>[et_pb_section fb_built=&#8221;1&#8243; admin_label=&#8221;Sezione&#8221; _builder_version=&#8221;3.22&#8243; custom_padding=&#8221;0px||38px|||&#8221; transparent_background=&#8221;off&#8221; make_fullwidth=&#8221;off&#8221; use_custom_width=&#8221;off&#8221; width_unit=&#8221;on&#8221; custom_width_px=&#8221;1080&#8243; custom_width_percent=&#8221;80&#8243;][et_pb_row use_custom_gutter=&#8221;on&#8221; gutter_width=&#8221;1&#8243; disabled_on=&#8221;off|off|off&#8221; admin_label=&#8221;Riga&#8221; module_class=&#8221; et_pb_row_fullwidth&#8221; _builder_version=&#8221;3.25&#8243; background_size=&#8221;initial&#8221; background_position=&#8221;top_left&#8221; background_repeat=&#8221;repeat&#8221; width=&#8221;100%&#8221; width_tablet=&#8221;100%&#8221; width_phone=&#8221;&#8221; width_last_edited=&#8221;on|desktop&#8221; max_width=&#8221;100%&#8221; max_width_tablet=&#8221;100%&#8221; max_width_phone=&#8221;&#8221; max_width_last_edited=&#8221;on|desktop&#8221; custom_padding=&#8221;0px|||&#8221; make_fullwidth=&#8221;on&#8221; use_custom_width=&#8221;off&#8221; width_unit=&#8221;on&#8221; custom_width_px=&#8221;1080&#8243; custom_width_percent=&#8221;80&#8243;][et_pb_column type=&#8221;4_4&#8243; _builder_version=&#8221;3.25&#8243; custom_padding=&#8221;|||&#8221; custom_padding__hover=&#8221;|||&#8221;][et_pb_image src=&#8221;https:\/\/www.museofratellicozzi.com\/news\/wp-content\/uploads\/2025\/07\/Black-Ballet-Photo-Collage.png&#8221; alt=&#8221;Donne e motori in tour 2025&#8243; title_text=&#8221;Donne e motori&#8221; force_fullwidth=&#8221;on&#8221; align_tablet=&#8221;center&#8221; align_phone=&#8221;&#8221; align_last_edited=&#8221;on|desktop&#8221; admin_label=&#8221;Immagine principale&#8221; _builder_version=&#8221;4.8.2&#8243; animation=&#8221;off&#8221; sticky=&#8221;off&#8221; use_border_color=&#8221;off&#8221; border_color=&#8221;#ffffff&#8221; border_width=&#8221;1&#8243; border_style=&#8221;solid&#8221; always_center_on_mobile=&#8221;on&#8221;][\/et_pb_image][\/et_pb_column][\/et_pb_row][et_pb_row admin_label=&#8221;Riga&#8221; _builder_version=&#8221;4.8.2&#8243; background_size=&#8221;initial&#8221; background_position=&#8221;top_left&#8221; background_repeat=&#8221;repeat&#8221; custom_padding=&#8221;20px||0px|&#8221; make_fullwidth=&#8221;off&#8221; use_custom_width=&#8221;off&#8221; width_unit=&#8221;on&#8221; custom_width_px=&#8221;1080&#8243; custom_width_percent=&#8221;80&#8243;][et_pb_column type=&#8221;4_4&#8243; _builder_version=&#8221;3.25&#8243; custom_padding=&#8221;|||&#8221; custom_padding__hover=&#8221;|||&#8221;][et_pb_text admin_label=&#8221;Titolo&#8221; _builder_version=&#8221;4.8.2&#8243; text_font=&#8221;PT Sans||||&#8221; text_text_color=&#8221;#000000&#8243; text_font_size=&#8221;72&#8243; text_letter_spacing=&#8221;0&#8243; text_line_height=&#8221;1.1&#8243; header_font=&#8221;PT Sans||||&#8221; header_text_color=&#8221;#000000&#8243; header_font_size=&#8221;48&#8243; header_letter_spacing=&#8221;0&#8243; header_line_height=&#8221;1.1em&#8221; background_size=&#8221;initial&#8221; background_position=&#8221;top_left&#8221; background_repeat=&#8221;repeat&#8221; custom_margin=&#8221;0px||0px|&#8221; text_font_size_tablet=&#8221;60&#8243; text_font_size_phone=&#8221;&#8221; text_font_size_last_edited=&#8221;on|phone&#8221; text_letter_spacing_tablet=&#8221;&#8221; text_letter_spacing_phone=&#8221;&#8221; text_letter_spacing_last_edited=&#8221;on|desktop&#8221; text_line_height_tablet=&#8221;&#8221; text_line_height_phone=&#8221;&#8221; text_line_height_last_edited=&#8221;on|&#8221; header_font_size_tablet=&#8221;46&#8243; header_font_size_phone=&#8221;38px&#8221; header_font_size_last_edited=&#8221;on|phone&#8221; use_border_color=&#8221;off&#8221; border_color=&#8221;#ffffff&#8221; border_width=&#8221;1&#8243; border_style=&#8221;solid&#8221;]<\/p>\n<p>Donne e motori\u00a0<\/p>\n<p>[\/et_pb_text][et_pb_text admin_label=&#8221;Titolo&#8221; _builder_version=&#8221;4.8.2&#8243; text_font=&#8221;PT Sans||||&#8221; text_text_color=&#8221;#000000&#8243; text_font_size=&#8221;43px&#8221; text_letter_spacing=&#8221;0&#8243; text_line_height=&#8221;1.1&#8243; header_font=&#8221;PT Sans||||&#8221; header_text_color=&#8221;#000000&#8243; header_font_size=&#8221;48&#8243; header_letter_spacing=&#8221;0&#8243; header_line_height=&#8221;1.1em&#8221; background_size=&#8221;initial&#8221; background_position=&#8221;top_left&#8221; background_repeat=&#8221;repeat&#8221; custom_margin=&#8221;0px||0px|&#8221; custom_padding=&#8221;||0px|||&#8221; text_font_size_tablet=&#8221;60&#8243; text_font_size_phone=&#8221;&#8221; text_font_size_last_edited=&#8221;on|phone&#8221; text_letter_spacing_tablet=&#8221;&#8221; text_letter_spacing_phone=&#8221;&#8221; text_letter_spacing_last_edited=&#8221;on|desktop&#8221; text_line_height_tablet=&#8221;&#8221; text_line_height_phone=&#8221;&#8221; text_line_height_last_edited=&#8221;on|&#8221; header_font_size_tablet=&#8221;46&#8243; header_font_size_phone=&#8221;38px&#8221; header_font_size_last_edited=&#8221;on|phone&#8221; use_border_color=&#8221;off&#8221; border_color=&#8221;#ffffff&#8221; border_width=&#8221;1&#8243; border_style=&#8221;solid&#8221;]<\/p>\n<p><span data-contrast=\"auto\" xml:lang=\"IT-IT\" lang=\"IT-IT\" class=\"TextRun SCXW26968376 BCX0\"><span class=\"NormalTextRun SCXW26968376 BCX0\">Claudia<\/span><span class=\"NormalTextRun SCXW26968376 BCX0\"> de Lillo, Daniela Bramati,\u00a0Marta Gasparin, Alessia del Corona e Tiziana Vallone<\/span><\/span><\/p>\n<p>[\/et_pb_text][et_pb_text admin_label=&#8221;Data&#8221; _builder_version=&#8221;4.8.2&#8243; text_font=&#8221;PT Sans|on|||&#8221; text_text_color=&#8221;#363636&#8243; text_font_size=&#8221;18&#8243; text_letter_spacing=&#8221;0&#8243; text_line_height=&#8221;1.7&#8243; header_font_size=&#8221;30&#8243; header_letter_spacing=&#8221;0&#8243; header_line_height=&#8221;1&#8243; background_size=&#8221;initial&#8221; background_position=&#8221;top_left&#8221; background_repeat=&#8221;repeat&#8221; custom_margin=&#8221;10px||0px|&#8221; custom_padding=&#8221;||0px|||&#8221; use_border_color=&#8221;off&#8221; border_color=&#8221;#ffffff&#8221; border_width=&#8221;1&#8243; border_style=&#8221;solid&#8221;]<\/p>\n<p>Luglio 2025<\/p>\n<p>[\/et_pb_text][\/et_pb_column][\/et_pb_row][\/et_pb_section][et_pb_section fb_built=&#8221;1&#8243; admin_label=&#8221;Section&#8221; _builder_version=&#8221;3.22&#8243; background_color=&#8221;#f7f7f4&#8243; transparent_background=&#8221;off&#8221; make_fullwidth=&#8221;off&#8221; use_custom_width=&#8221;off&#8221; width_unit=&#8221;on&#8221; custom_width_px=&#8221;1080&#8243; custom_width_percent=&#8221;80&#8243;][et_pb_row column_structure=&#8221;1_3,2_3&#8243; padding_mobile=&#8221;on&#8221; column_padding_mobile=&#8221;on&#8221; admin_label=&#8221;row&#8221; _builder_version=&#8221;4.8.2&#8243; background_size=&#8221;initial&#8221; background_position=&#8221;top_left&#8221; background_repeat=&#8221;repeat&#8221; custom_margin=&#8221;10px||||false|false&#8221; custom_padding=&#8221;0px|||&#8221; make_fullwidth=&#8221;off&#8221; use_custom_width=&#8221;off&#8221; width_unit=&#8221;on&#8221; custom_width_px=&#8221;1080&#8243; custom_width_percent=&#8221;80&#8243;][et_pb_column type=&#8221;1_3&#8243; _builder_version=&#8221;3.25&#8243; custom_padding=&#8221;|||&#8221; custom_padding__hover=&#8221;|||&#8221;][et_pb_testimonial portrait_url=&#8221;https:\/\/www.museofratellicozzi.com\/news\/wp-content\/uploads\/2025\/01\/Foto-bio-redazione-MUSEO-1.png&#8221; _builder_version=&#8221;4.8.2&#8243; _module_preset=&#8221;default&#8221; box_shadow_style_image=&#8221;preset1&#8243;]<\/p>\n<h4>RITA PAPARELLA<\/h4>\n<p>Ingegnere nucleare, PhD in fisica delle particelle. Giornalista pubblicista e consulente tecnico in progetti industriali di innovazione e R&amp;D[\/et_pb_testimonial][\/et_pb_column][et_pb_column type=&#8221;2_3&#8243; _builder_version=&#8221;3.25&#8243; custom_padding=&#8221;|||&#8221; custom_padding__hover=&#8221;|||&#8221;][et_pb_text admin_label=&#8221;Blocco testo 1&#8243; _builder_version=&#8221;4.8.2&#8243; text_font=&#8221;PT Sans||||&#8221; text_text_color=&#8221;#363636&#8243; text_font_size=&#8221;20&#8243; text_letter_spacing=&#8221;0&#8243; text_line_height=&#8221;1.2em&#8221; header_font_size=&#8221;30&#8243; header_letter_spacing=&#8221;0&#8243; header_line_height=&#8221;1&#8243; background_size=&#8221;initial&#8221; background_position=&#8221;top_left&#8221; background_repeat=&#8221;repeat&#8221; max_width=&#8221;620px&#8221; custom_margin=&#8221;0px||0px||false|false&#8221; custom_padding=&#8221;||0px|||&#8221; text_font_size_tablet=&#8221;&#8221; text_font_size_phone=&#8221;&#8221; text_font_size_last_edited=&#8221;on|tablet&#8221; use_border_color=&#8221;off&#8221; border_color=&#8221;#ffffff&#8221; border_width=&#8221;1&#8243; border_style=&#8221;solid&#8221;]<\/p>\n<p><strong>Se \u00e8 la tua prima volta qui, benvenuta\/benvenuto!\u00a0\u00a0<\/strong><\/p>\n<p><span data-contrast=\"auto\">&#8220;Donne e Motori? Gioie e basta&#8221; \u00e8 il progetto fotografico del <\/span><strong>Museo Fratelli Cozzi<\/strong><span data-contrast=\"auto\"> che sfida i pregiudizi di genere, raccontando la forza di <\/span><strong>40 donne<\/strong><span data-contrast=\"auto\"> attraverso gli scatti di <\/span><strong>Camilla Albertini<\/strong><span data-contrast=\"auto\">. La <\/span><strong>terza edizione<\/strong><span data-contrast=\"auto\"> celebra la <\/span><strong>sorellanza<\/strong><span data-contrast=\"auto\">, per superare gli stereotipi sulla solidariet\u00e0 femminile.<\/span><span data-ccp-props=\"{&quot;335551550&quot;:6,&quot;335551620&quot;:6,&quot;335559739&quot;:0}\">\u00a0<\/span><\/p>\n<p><span data-contrast=\"auto\">Vuoi saperne di pi\u00f9? Clicca su questo link:<\/span><span data-ccp-props=\"{&quot;335551550&quot;:6,&quot;335551620&quot;:6,&quot;335559739&quot;:0}\">\u00a0<\/span><span style=\"color: #800000;\"><strong><a style=\"color: #800000;\" href=\"https:\/\/www.museofratellicozzi.com\/news\/donne-e-motori-gioie-e-basta-le-protagoniste-terza-edizione\/\" target=\"_blank\" rel=\"noopener\">Vuoi saperne di pi\u00f9? Clicca qui<\/a><\/strong><\/span><span style=\"letter-spacing: 0px; text-align: left;\">\u00a0<\/span><\/p>\n<p><strong><span style=\"letter-spacing: 0px; text-align: left;\">Come ogni mese, vi accompagniamo alla scoperta delle donne protagoniste <span style=\"color: #800000;\"><a href=\"https:\/\/www.museofratellicozzi.com\/news\/donne-e-motori-storie-in-tour-luglio\/\" target=\"_blank\" rel=\"noopener noreferrer\" style=\"color: #800000;\">e dei luoghi<\/a><\/span> che hanno ospitato e ospiteranno la mostra e il progetto.\u00a0<\/span><\/strong><\/p>\n<p>[\/et_pb_text][\/et_pb_column][\/et_pb_row][et_pb_row _builder_version=&#8221;4.8.2&#8243; _module_preset=&#8221;default&#8221;][et_pb_column type=&#8221;4_4&#8243; _builder_version=&#8221;4.8.2&#8243; _module_preset=&#8221;default&#8221;][et_pb_divider _builder_version=&#8221;4.8.2&#8243; _module_preset=&#8221;default&#8221;][\/et_pb_divider][\/et_pb_column][\/et_pb_row][et_pb_row column_structure=&#8221;1_3,2_3&#8243; padding_mobile=&#8221;on&#8221; column_padding_mobile=&#8221;on&#8221; admin_label=&#8221;row&#8221; _builder_version=&#8221;4.8.2&#8243; background_size=&#8221;initial&#8221; background_position=&#8221;top_left&#8221; background_repeat=&#8221;repeat&#8221; custom_margin=&#8221;10px||||false|false&#8221; custom_padding=&#8221;0px|||&#8221; make_fullwidth=&#8221;off&#8221; use_custom_width=&#8221;off&#8221; width_unit=&#8221;on&#8221; custom_width_px=&#8221;1080&#8243; custom_width_percent=&#8221;80&#8243;][et_pb_column type=&#8221;1_3&#8243; _builder_version=&#8221;3.25&#8243; custom_padding=&#8221;|||&#8221; custom_padding__hover=&#8221;|||&#8221;][\/et_pb_column][et_pb_column type=&#8221;2_3&#8243; _builder_version=&#8221;3.25&#8243; custom_padding=&#8221;|||&#8221; custom_padding__hover=&#8221;|||&#8221;][et_pb_text admin_label=&#8221;Blocco testo 1&#8243; _builder_version=&#8221;4.8.2&#8243; text_font=&#8221;PT Sans||||&#8221; text_text_color=&#8221;#363636&#8243; text_font_size=&#8221;20&#8243; text_letter_spacing=&#8221;0&#8243; text_line_height=&#8221;1.2em&#8221; header_font_size=&#8221;30&#8243; header_letter_spacing=&#8221;0&#8243; header_line_height=&#8221;1&#8243; background_size=&#8221;initial&#8221; background_position=&#8221;top_left&#8221; background_repeat=&#8221;repeat&#8221; max_width=&#8221;620px&#8221; custom_margin=&#8221;0px||0px||false|false&#8221; custom_padding=&#8221;1px||0px|||&#8221; text_font_size_tablet=&#8221;&#8221; text_font_size_phone=&#8221;&#8221; text_font_size_last_edited=&#8221;on|tablet&#8221; use_border_color=&#8221;off&#8221; border_color=&#8221;#ffffff&#8221; border_width=&#8221;1&#8243; border_style=&#8221;solid&#8221;]<\/p>\n<h3>Claudia De Lillo: quando la curiosit\u00e0 \u00e8 un\u2019arte (e l&#8217;ironia un mestiere)<\/h3>\n<p><em><strong>Alias Elasti, Giornalista, scrittrice e conduttrice radiofonica.<\/strong> Fa yoga e dolci, anche insieme. Vive con quattro maschi, suo malgrado<\/em><\/p>\n<p><span data-contrast=\"auto\">Milanese DOC con DNA mediterraneo e mente da economista, ha saputo trasformare un blog aperto per gioco in una brillante carriera da scrittrice, giornalista e voce radiofonica. Tra tesi su modelli stocastici e risvegli all\u2019alba su <\/span><strong>Radio2<\/strong><span data-contrast=\"auto\">, ha colto ogni occasione con ironia, curiosit\u00e0 e zero timori. Da \u201c<\/span><strong>Elasti<\/strong><span data-contrast=\"auto\">\u201d a firma autorevole, \u00e8 l\u2019esempio elegante di chi sa reinventarsi senza perdere leggerezza (n\u00e9 mai la penna).<\/span><span data-ccp-props=\"{&quot;335551550&quot;:6,&quot;335551620&quot;:6,&quot;335559739&quot;:0}\">\u00a0<\/span><\/p>\n<p><span data-contrast=\"auto\">Laureata <\/span><i><span data-contrast=\"auto\">obtorto collo<\/span><\/i><span data-contrast=\"auto\"> in Economia alla Bocconi (\u201cMi piaceva la matematica, tutto qui\u201d), Claudia si ritrova catapultata, vestita di fresco e di buone intenzioni, nella sala operativa di una Societ\u00e0 di Intermediazione Mobiliare milanese degli <\/span><strong>anni Novanta<\/strong><span data-contrast=\"auto\">: un ambiente in cui le donne sono un elemento di discontinuit\u00e0 rispetto all\u2019ambiente totalmente maschile e molto scaramantico e, di conseguenza, viste come singolarit\u00e0 avverse.\u00a0 Lei resiste poco. Non per debolezza, ma per lucidit\u00e0: \u201cNon mi sentivo discriminata, ma non era il mio mondo\u201d. Gi\u00e0 qui si intravede un tratto distintivo: saper dire di no, anche a una promettente carriera \u201cdi successo\u201d.<\/span><span data-ccp-props=\"{&quot;335551550&quot;:6,&quot;335551620&quot;:6,&quot;335559739&quot;:0}\">\u00a0<\/span><\/p>\n<p><span data-contrast=\"auto\">La finanza, comunque, le fornisce un rigore che non abbandoner\u00e0 mai, nemmeno quando aprir\u00e0, quasi per caso, <\/span><strong>il blog \u201cNonsolomamma\u201d<\/strong><span data-contrast=\"auto\">, nel 2006. All\u2019inizio \u00e8 una valvola di sfogo, un esperimento a doppia identit\u00e0, con la scrittrice mascherata sotto lo pseudonimo di Elasti e l\u2019analista finanziaria che continua a battere i tassi d\u2019interesse durante il giorno. Ma la voce, ironica, autentica, affilata senza essere tagliente, trova subito il suo pubblico e, quando arriva la proposta editoriale, non \u00e8 un colpo di fortuna: \u00e8 il frutto di \u201canni di lavoro pazzo e disperato\u201d, come dice lei stessa.<\/span><span data-ccp-props=\"{&quot;335551550&quot;:6,&quot;335551620&quot;:6,&quot;335559739&quot;:0}\">\u00a0<\/span><\/p>\n<p><span data-contrast=\"auto\">Dietro alla penna che racconta con tenerezza e disincanto la maternit\u00e0, la famiglia, la vita in bilico, c\u2019\u00e8 una mente che sa come osservare, scegliere e dosare le parole. Che non si fa intimidire n\u00e9 dai mercati n\u00e9 dai colleghi radiofonici (\u201cTutti maschi da una vita\u201d), e che, anzi, sa come entrare nei gruppi pi\u00f9 coesi con leggerezza e fermezza, preferendo la persuasione intelligente allo scontro frontale. \u201cCon i maschi l\u2019accudimento funziona. Non materno, ma di <\/span><strong>rispetto<\/strong><span data-contrast=\"auto\">. Non ti impongono mai una scelta, ma se li porti piano piano dove vuoi, poi sono contenti\u201d. Il rispetto, ovviamente, deve essere biunivoco, come la parit\u00e0.<\/span><span data-ccp-props=\"{&quot;335551550&quot;:6,&quot;335551620&quot;:6,&quot;335559739&quot;:0}\">\u00a0<\/span><\/p>\n<p><span data-contrast=\"auto\">Nel 2012 arriva anche un\u2019onorificenza dal Quirinale. Claudia crede a uno scherzo. Invece \u00e8 tutto vero: <\/span><strong>Ufficiale dell\u2019Ordine al Merito della Repubblica Italiana<\/strong><span data-contrast=\"auto\"> per il personaggio di Elasti e il suo ruolo nel porre la <\/span><strong>conciliazione tra lavoro e maternit\u00e0 al centro del discorso pubblico<\/strong><span data-contrast=\"auto\">. \u201cUn riconoscimento che mio padre, sociologo e accademico, guardava con orgoglio e un filo di incredulit\u00e0\u201d.<\/span><span data-ccp-props=\"{&quot;335551550&quot;:6,&quot;335551620&quot;:6,&quot;335559739&quot;:0}\">\u00a0<\/span><\/p>\n<p><span data-contrast=\"auto\">Non c\u2019\u00e8 retorica nella sua narrazione. Nemmeno quando parla di sorellanza, da lei vissuta concretamente, tra contatti che diventano ponti, donne che la spingono avanti, e gruppi di yoga che diventano reti di solidariet\u00e0. \u201cLa rivalit\u00e0 tra donne? Una bella narrazione\u2026ma maschile\u201d.<\/span><span data-ccp-props=\"{&quot;335551550&quot;:6,&quot;335551620&quot;:6,&quot;335559739&quot;:0}\">\u00a0<\/span><\/p>\n<p><span data-contrast=\"auto\">E nonostante un blog seminale, libri pubblicati, radio, podcast, televisione, Claudia sa bene che c\u2019\u00e8 sempre qualcuno pronto a <\/span><strong>incasellarla<\/strong><span data-contrast=\"auto\"> come \u201cquella di Nonsolomamma\u201d. Ma non si scompone: sa che la voce giusta, se coerente e paziente, prima o poi arriva dove deve. E oggi che si appresta a far uscire un libriccino dedicato agli \u201c<\/span><strong>Esseri maschi, Istruzioni per macchine apparentemente semplici<\/strong><span data-contrast=\"auto\">\u201d, guarda al futuro con desideri chiari: altri libri e, chiss\u00e0, un <\/span><strong>programma radio tutto suo<\/strong><span data-contrast=\"auto\">. Magari ancora all\u2019alba, quando la citt\u00e0 sonnecchia e le persone escono gradualmente da quella sfera intima che, inevitabilmente, hanno ancora un po\u2019 appiccicata addosso come la bava notturna o le pieghe del cuscino.<\/span><span data-ccp-props=\"{&quot;335551550&quot;:6,&quot;335551620&quot;:6,&quot;335559739&quot;:0}\">\u00a0<\/span><\/p>\n<p>[\/et_pb_text][\/et_pb_column][\/et_pb_row][et_pb_row _builder_version=&#8221;4.8.2&#8243; _module_preset=&#8221;default&#8221;][et_pb_column type=&#8221;4_4&#8243; _builder_version=&#8221;4.8.2&#8243; _module_preset=&#8221;default&#8221;][et_pb_image src=&#8221;https:\/\/www.museofratellicozzi.com\/news\/wp-content\/uploads\/2025\/07\/MUSEO-slide-foto-94.jpg&#8221; title_text=&#8221;Claudia de Lillo &#8221; _builder_version=&#8221;4.8.2&#8243; _module_preset=&#8221;default&#8221;][\/et_pb_image][\/et_pb_column][\/et_pb_row][et_pb_row column_structure=&#8221;1_2,1_2&#8243; _builder_version=&#8221;4.8.2&#8243; _module_preset=&#8221;default&#8221; custom_padding=&#8221;||1px|||&#8221;][et_pb_column type=&#8221;1_2&#8243; _builder_version=&#8221;4.8.2&#8243; _module_preset=&#8221;default&#8221;][et_pb_image src=&#8221;https:\/\/www.museofratellicozzi.com\/news\/wp-content\/uploads\/2025\/07\/FOTO-DURALFA-.png&#8221; title_text=&#8221;FOTO DURALFA&#8221; _builder_version=&#8221;4.8.2&#8243; _module_preset=&#8221;default&#8221;][\/et_pb_image][et_pb_text _builder_version=&#8221;4.8.2&#8243; _module_preset=&#8221;default&#8221;]<\/p>\n<p>Claudia de Lillo<\/p>\n<p>[\/et_pb_text][\/et_pb_column][et_pb_column type=&#8221;1_2&#8243; _builder_version=&#8221;4.8.2&#8243; _module_preset=&#8221;default&#8221;][et_pb_image src=&#8221;https:\/\/www.museofratellicozzi.com\/news\/wp-content\/uploads\/2025\/07\/Foto-Paparella-9.png&#8221; title_text=&#8221;Claudia de Lillo&#8221; _builder_version=&#8221;4.8.2&#8243; _module_preset=&#8221;default&#8221;][\/et_pb_image][\/et_pb_column][\/et_pb_row][et_pb_row _builder_version=&#8221;4.8.2&#8243; _module_preset=&#8221;default&#8221;][et_pb_column type=&#8221;4_4&#8243; _builder_version=&#8221;4.8.2&#8243; _module_preset=&#8221;default&#8221;][et_pb_divider _builder_version=&#8221;4.8.2&#8243; _module_preset=&#8221;default&#8221;][\/et_pb_divider][\/et_pb_column][\/et_pb_row][et_pb_row column_structure=&#8221;1_3,2_3&#8243; padding_mobile=&#8221;on&#8221; column_padding_mobile=&#8221;on&#8221; admin_label=&#8221;row&#8221; _builder_version=&#8221;4.8.2&#8243; background_size=&#8221;initial&#8221; background_position=&#8221;top_left&#8221; background_repeat=&#8221;repeat&#8221; custom_margin=&#8221;10px||||false|false&#8221; custom_padding=&#8221;0px|||&#8221; make_fullwidth=&#8221;off&#8221; use_custom_width=&#8221;off&#8221; width_unit=&#8221;on&#8221; custom_width_px=&#8221;1080&#8243; custom_width_percent=&#8221;80&#8243;][et_pb_column type=&#8221;1_3&#8243; _builder_version=&#8221;3.25&#8243; custom_padding=&#8221;|||&#8221; custom_padding__hover=&#8221;|||&#8221;][\/et_pb_column][et_pb_column type=&#8221;2_3&#8243; _builder_version=&#8221;3.25&#8243; custom_padding=&#8221;|||&#8221; custom_padding__hover=&#8221;|||&#8221;][et_pb_text admin_label=&#8221;Blocco testo 1&#8243; _builder_version=&#8221;4.8.2&#8243; text_font=&#8221;PT Sans||||&#8221; text_text_color=&#8221;#363636&#8243; text_font_size=&#8221;20&#8243; text_letter_spacing=&#8221;0&#8243; text_line_height=&#8221;1.2em&#8221; header_font_size=&#8221;30&#8243; header_letter_spacing=&#8221;0&#8243; header_line_height=&#8221;1&#8243; background_size=&#8221;initial&#8221; background_position=&#8221;top_left&#8221; background_repeat=&#8221;repeat&#8221; max_width=&#8221;620px&#8221; custom_margin=&#8221;0px||0px||false|false&#8221; text_font_size_tablet=&#8221;&#8221; text_font_size_phone=&#8221;&#8221; text_font_size_last_edited=&#8221;on|tablet&#8221; use_border_color=&#8221;off&#8221; border_color=&#8221;#ffffff&#8221; border_width=&#8221;1&#8243; border_style=&#8221;solid&#8221;]<\/p>\n<h3><b><span data-contrast=\"auto\">Marta Gasparin: visione, passione e lucidit\u00e0 in un mondo ad alta velocit\u00e0<\/span><\/b><span data-ccp-props=\"{&quot;335551550&quot;:6,&quot;335551620&quot;:6,&quot;335559739&quot;:0}\">\u00a0<\/span><\/h3>\n<p><em><strong>Head of Pirelli Motorsport<\/strong> Commercial Operations and Marketing\u00a0<\/em><\/p>\n<p><span data-contrast=\"auto\">Determinata, lungimirante e profondamente consapevole, Marta Gasparin \u00e8 oggi una delle figure chiave del motorsport internazionale. Alla guida delle <\/span><strong><i>Commercial Operations and Marketing<\/i> di Pirelli Motorsport<\/strong><span data-contrast=\"auto\">, muove con competenza e autorevolezza i fili di <\/span><strong>strategie globali<\/strong><span data-contrast=\"auto\"> che legano l\u2019azienda milanese ai maggiori campionati mondiali, dalla Formula 1 al GT World Challenge. Una <\/span><strong>posizione di vertice in un contesto a forte predominanza maschile<\/strong><span data-contrast=\"auto\">, che Marta ha raggiunto senza scorciatoie, puntando tutto su competenza, reputazione e capacit\u00e0 di leggere il cambiamento.<\/span><span data-ccp-props=\"{&quot;335551550&quot;:6,&quot;335551620&quot;:6,&quot;335559739&quot;:0}\">\u00a0<\/span><\/p>\n<p><span data-contrast=\"auto\">\u201cNon ho mai pensato che il fatto di essere donna dovesse essere un vantaggio o un limite. Mi ha sempre infastidito sentirmi dire &#8220;Ah, sei una donna e fai questo lavoro?&#8221; come se ci fosse qualcosa di straordinario in questo\u201d. Una convinzione che ha orientato tutto il suo percorso: dalla <\/span><strong>laurea in Scienze della Comunicazione<\/strong><span data-contrast=\"auto\"> con una tesi sul marketing del lusso applicato all&#8217;automotive, allo stage in Porsche Italia che ha segnato l\u2019inizio della carriera. Non veniva da una famiglia di appassionati di motori, \u201cMamma e pap\u00e0 erano insegnanti\u201d, ma fin da ragazzina nutriva una passione che si \u00e8 trasformata in vocazione e infine in mestiere.<\/span><span data-ccp-props=\"{&quot;335551550&quot;:6,&quot;335551620&quot;:6,&quot;335559739&quot;:0}\">\u00a0<\/span><\/p>\n<p><span data-contrast=\"auto\">Dopo undici anni in <\/span><strong>Porsche<\/strong><span data-contrast=\"auto\">, dove ha lanciato iniziative innovative come la <\/span><strong><i>Boxster Lady Cup<\/i><\/strong><span data-contrast=\"auto\">, Marta \u00e8 stata \u201ccercata\u201d da Pirelli. \u201c\u00c8 stata la prima volta in cui ho sentito chiaramente quello che volevo e come\u201d. In un mondo ipercompetitivo, dove \u201cla macchina non si ferma mai\u201d, Marta ha saputo mantenere una lucidit\u00e0 rara. \u201cLa sfida pi\u00f9 grande \u00e8 non farsi inghiottire\u201d. Per lei, il <\/span><strong><i>work-life balance<\/i><\/strong><span data-contrast=\"auto\"> non \u00e8 uno slogan, ma un principio che difende con fermezza: quando pu\u00f2, cerca di non superare i 2 weekend al mese in campo gara. Ovviamente per esigenze di calendario pu\u00f2 capitare di superarli; in quei casi, si impegna per recuperare. Se ne fa tre, deve recuperare. Un modo per <\/span><strong>proteggere relazioni e spazi privati<\/strong><span data-contrast=\"auto\"><strong>:<\/strong> famiglia, amici, persone \u201cfuori dal paddock\u201d.<\/span><span data-ccp-props=\"{&quot;335551550&quot;:6,&quot;335551620&quot;:6,&quot;335559739&quot;:0}\">\u00a0<\/span><\/p>\n<p><span data-contrast=\"auto\">Accanto alla disciplina, c\u2019\u00e8 la consapevolezza che l\u2019equilibrio mentale si costruisce e si allena. Da qui l\u2019idea di investire nel <\/span><strong><i>mental coaching<\/i><\/strong><span data-contrast=\"auto\">, non solo per s\u00e9 ma anche per il suo team di 25 persone. \u201cHo voluto frequentare un\u2019<\/span><strong>accademia di coaching<\/strong> <span data-contrast=\"auto\">per dotarmi di strumenti, per crescere insieme al mio team, per imparare a gestire meglio me stessa e chi lavora con me\u201d. Marta \u00e8 convinta che il ruolo di un manager oggi non sia solo quello di guidare i risultati, ma anche quello di coltivare talenti e proteggere il benessere delle persone.<\/span><span data-ccp-props=\"{&quot;335551550&quot;:6,&quot;335551620&quot;:6,&quot;335559739&quot;:0}\">\u00a0<\/span><\/p>\n<p><span data-contrast=\"auto\">Ha le idee ben chiare sul tema del potere e della rappresentanza femminile: \u201cLe quote rosa, se inserite male, creano competizione tra donne, come se ogni traguardo fosse conquistato a <\/span><strong>scapito di un\u2019altra<\/strong><span data-contrast=\"auto\">\u201d. La sua risposta \u00e8 un\u2019altra: lavorare bene, sostenere altre donne, raccontare storie collettive. E continuare a imparare. \u201cSto bene quando <\/span><strong>continuo a crescere<\/strong><span data-contrast=\"auto\">, ed \u00e8 l\u00ec che sento di avere un vantaggio competitivo: conosco profondamente questo mondo, e sono felice di poter <\/span><strong>contribuire al successo<\/strong><span data-contrast=\"auto\"> dell\u2019azienda in cui lavoro\u00bb.<\/span><span data-ccp-props=\"{&quot;335551550&quot;:6,&quot;335551620&quot;:6,&quot;335559739&quot;:0}\">\u00a0<\/span><\/p>\n<p>[\/et_pb_text][\/et_pb_column][\/et_pb_row][et_pb_row column_structure=&#8221;1_2,1_2&#8243; _builder_version=&#8221;4.8.2&#8243; _module_preset=&#8221;default&#8221;][et_pb_column type=&#8221;1_2&#8243; _builder_version=&#8221;4.8.2&#8243; _module_preset=&#8221;default&#8221;][et_pb_image src=&#8221;https:\/\/www.museofratellicozzi.com\/news\/wp-content\/uploads\/2025\/07\/Foto-Paparella-4.png&#8221; title_text=&#8221;Marta Gasparin&#8221; _builder_version=&#8221;4.8.2&#8243; _module_preset=&#8221;default&#8221;][\/et_pb_image][et_pb_text _builder_version=&#8221;4.8.2&#8243; _module_preset=&#8221;default&#8221;]<\/p>\n<p>Marta Gasparin<\/p>\n<p>[\/et_pb_text][\/et_pb_column][et_pb_column type=&#8221;1_2&#8243; _builder_version=&#8221;4.8.2&#8243; _module_preset=&#8221;default&#8221;][et_pb_image src=&#8221;https:\/\/www.museofratellicozzi.com\/news\/wp-content\/uploads\/2025\/07\/Foto-Paparella-5.png&#8221; title_text=&#8221;Marta Gasparin&#8221; _builder_version=&#8221;4.8.2&#8243; _module_preset=&#8221;default&#8221;][\/et_pb_image][\/et_pb_column][\/et_pb_row][et_pb_row column_structure=&#8221;1_3,2_3&#8243; padding_mobile=&#8221;on&#8221; column_padding_mobile=&#8221;on&#8221; admin_label=&#8221;row&#8221; _builder_version=&#8221;4.8.2&#8243; background_size=&#8221;initial&#8221; background_position=&#8221;top_left&#8221; background_repeat=&#8221;repeat&#8221; custom_margin=&#8221;10px||||false|false&#8221; custom_padding=&#8221;0px|||&#8221; make_fullwidth=&#8221;off&#8221; use_custom_width=&#8221;off&#8221; width_unit=&#8221;on&#8221; custom_width_px=&#8221;1080&#8243; custom_width_percent=&#8221;80&#8243;][et_pb_column type=&#8221;1_3&#8243; _builder_version=&#8221;3.25&#8243; custom_padding=&#8221;|||&#8221; custom_padding__hover=&#8221;|||&#8221;][\/et_pb_column][et_pb_column type=&#8221;2_3&#8243; _builder_version=&#8221;3.25&#8243; custom_padding=&#8221;|||&#8221; custom_padding__hover=&#8221;|||&#8221;][et_pb_text admin_label=&#8221;Blocco testo 1&#8243; _builder_version=&#8221;4.8.2&#8243; text_font=&#8221;PT Sans||||&#8221; text_text_color=&#8221;#363636&#8243; text_font_size=&#8221;20&#8243; text_letter_spacing=&#8221;0&#8243; text_line_height=&#8221;1.2em&#8221; header_font_size=&#8221;30&#8243; header_letter_spacing=&#8221;0&#8243; header_line_height=&#8221;1&#8243; background_size=&#8221;initial&#8221; background_position=&#8221;top_left&#8221; background_repeat=&#8221;repeat&#8221; max_width=&#8221;620px&#8221; custom_margin=&#8221;0px||0px||false|false&#8221; text_font_size_tablet=&#8221;&#8221; text_font_size_phone=&#8221;&#8221; text_font_size_last_edited=&#8221;on|tablet&#8221; use_border_color=&#8221;off&#8221; border_color=&#8221;#ffffff&#8221; border_width=&#8221;1&#8243; border_style=&#8221;solid&#8221;]<\/p>\n<h3><b><span data-contrast=\"auto\">Alessia Del Corona Borgia: la cultura come appartenenza e rete per far crescere Milano<\/span><\/b><span data-ccp-props=\"{&quot;335551550&quot;:6,&quot;335551620&quot;:6,&quot;335559739&quot;:0}\">\u00a0<\/span><\/h3>\n<p><em><strong>Direttrice Fondazione Italia Patria della Bellezza<\/strong>. Assessora alla cultura e al marketing territoriale del Municipio 1 \u2013 Comune di Milano\u00a0<\/em><\/p>\n<p><span data-contrast=\"auto\">La bellezza di un territorio non \u00e8 fatta solo di monumenti, arte o paesaggi. \u00c8 fatta delle persone che lo vivono, delle mani che lo trasformano e delle idee che lo rendono vivo. Alessia Del Corona Borgia ha costruito il proprio percorso professionale e istituzionale a partire da questo principio semplice ma potente: <\/span><strong>valorizzare il patrimonio culturale come motore di identit\u00e0, economia e comunit\u00e0.\u00a0<\/strong><\/p>\n<p><span data-contrast=\"auto\">Dopo un\u2019esperienza internazionale a <\/span><strong>New York<\/strong><span data-contrast=\"auto\">, dove ha aperto l\u2019ufficio americano di <\/span><strong>Friends of FAI<\/strong><span data-contrast=\"auto\"> e conseguito un diploma in Arts Administration alla NYU, Alessia \u00e8 tornata a Milano con uno sguardo nuovo sul potenziale culturale italiano. &#8220;Chi cresce in Italia tende a dare per scontato il nostro patrimonio, ma viverlo da fuori ti fa capire quanto valore abbia e quanto poco ce ne rendiamo conto&#8221;.<\/span><span data-ccp-props=\"{&quot;335551550&quot;:6,&quot;335551620&quot;:6,&quot;335559739&quot;:0}\">\u00a0<\/span><\/p>\n<p><span data-contrast=\"auto\">Con questo spirito ha co-fondato il <\/span><strong>distretto culturale 5VIE<\/strong><span data-contrast=\"auto\">, un progetto di rigenerazione del centro storico milanese che unisce design, artigianato e innovazione sociale. \u201cVolevamo creare un modello di marketing territoriale capace di mettere in rete le eccellenze locali, partendo dalla convinzione che <\/span><strong>la cultura sia un volano di sviluppo se connessa al territorio<\/strong><span data-contrast=\"auto\">\u201d.<\/span><span data-ccp-props=\"{&quot;335551550&quot;:6,&quot;335551620&quot;:6,&quot;335559739&quot;:0}\">\u00a0<\/span><\/p>\n<p><span data-contrast=\"auto\">Da sempre attenta a favorire sinergie tra commercianti, artigiani, artisti e istituzioni, Alessia ha continuato il suo impegno nel pubblico, diventando <\/span><strong>Assessore alla Cultura, Turismo e Commercio di Prossimit\u00e0 del Municipio 1 di Milano<\/strong><span data-contrast=\"auto\">. Qui porta avanti una visione chiara: promuovere una cultura diffusa, radicata nella storia e nelle persone, e allo stesso tempo capace di <\/span><strong>generare reti e opportunit\u00e0<\/strong><span data-contrast=\"auto\">. \u201cLa cultura \u00e8 politica e scegliere di sostenerla \u00e8 un atto di <\/span><strong>responsabilit\u00e0 verso la comunit\u00e0<\/strong><span data-contrast=\"auto\">\u201d.<\/span><span data-ccp-props=\"{&quot;335551550&quot;:6,&quot;335551620&quot;:6,&quot;335559739&quot;:0}\">\u00a0<\/span><\/p>\n<p><span data-contrast=\"auto\">Il suo impegno si concentra anche nel superare l\u2019individualismo che spesso frena le collaborazioni. \u201cFare rete significa fare <\/span><strong>compromessi<\/strong><span data-contrast=\"auto\">, ma \u00e8 l\u2019unico modo per costruire qualcosa di pi\u00f9 grande insieme. Serve una visione condivisa e la capacit\u00e0 di guardare al lungo periodo\u201d.<\/span><span data-ccp-props=\"{&quot;335551550&quot;:6,&quot;335551620&quot;:6,&quot;335559739&quot;:0}\">\u00a0<\/span><\/p>\n<p><span data-contrast=\"auto\">In questo senso, la <\/span><strong>Fondazione \u201cItalia Patria della Bellezza<\/strong><b><span data-contrast=\"auto\">\u201d<\/span><\/b><span data-contrast=\"auto\">, di cui \u00e8 direttrice, gioca un ruolo chiave come acceleratore di progetti culturali capaci di generare impatto nei territori: musei, scuole, borghi, parchi archeologici, iniziative sociali. \u201cSosteniamo chi lavora sul campo, chi conosce davvero il proprio contesto e sa come valorizzarlo\u201d.<\/span><span data-ccp-props=\"{&quot;335551550&quot;:6,&quot;335551620&quot;:6,&quot;335559739&quot;:0}\">\u00a0<\/span><\/p>\n<p><span data-contrast=\"auto\">Essere donna, madre e professionista ha rappresentato una sfida ulteriore, ma anche un&#8217;opportunit\u00e0 per portare avanti un modello di leadership che unisce concretezza e sensibilit\u00e0. \u201cHo sempre lavorato meglio con le donne e oggi sono convinta che tra noi esista una naturale tendenza ad aiutarci, a <\/span><strong>fare squadra<\/strong><span data-contrast=\"auto\">\u201d.<\/span><span data-ccp-props=\"{&quot;335551550&quot;:6,&quot;335551620&quot;:6,&quot;335559739&quot;:0}\">\u00a0<\/span><\/p>\n<p><span data-contrast=\"auto\">Il percorso di Alessia Del Corona Borgia \u00e8 la prova che <\/span><strong>appartenenza e apertura non sono in contrasto<\/strong><span data-contrast=\"auto\"> e che la \u201c<\/span><strong>sorellanza<\/strong><span data-contrast=\"auto\">\u201d \u00e8 un concetto esteso, che vale per noi donne, come si propone di affermare la mostra, contrariamente ad un pregiudizio diffuso, ma che applicato genericamente in tutte le relazioni, consente di evolvere e dare valore in ogni contesto.<\/span><span data-ccp-props=\"{&quot;335551550&quot;:6,&quot;335551620&quot;:6,&quot;335559739&quot;:0}\">\u00a0<\/span><span style=\"letter-spacing: 0px;\">\u00a0<\/span><\/p>\n<p>[\/et_pb_text][\/et_pb_column][\/et_pb_row][et_pb_row column_structure=&#8221;1_2,1_2&#8243; _builder_version=&#8221;4.8.2&#8243; _module_preset=&#8221;default&#8221;][et_pb_column type=&#8221;1_2&#8243; _builder_version=&#8221;4.8.2&#8243; _module_preset=&#8221;default&#8221;][et_pb_image src=&#8221;https:\/\/www.museofratellicozzi.com\/news\/wp-content\/uploads\/2025\/07\/Foto-Paparella-6.png&#8221; title_text=&#8221;Alessia del Corona&#8221; _builder_version=&#8221;4.8.2&#8243; _module_preset=&#8221;default&#8221;][\/et_pb_image][et_pb_text _builder_version=&#8221;4.8.2&#8243; _module_preset=&#8221;default&#8221; min_height=&#8221;22.6px&#8221;]<\/p>\n<p>Alessia del Corona Borgia<\/p>\n<p>[\/et_pb_text][\/et_pb_column][et_pb_column type=&#8221;1_2&#8243; _builder_version=&#8221;4.8.2&#8243; _module_preset=&#8221;default&#8221;][et_pb_image src=&#8221;https:\/\/www.museofratellicozzi.com\/news\/wp-content\/uploads\/2025\/07\/Foto-Paparella-7.png&#8221; title_text=&#8221;Alessia del Corona&#8221; _builder_version=&#8221;4.8.2&#8243; _module_preset=&#8221;default&#8221;][\/et_pb_image][\/et_pb_column][\/et_pb_row][et_pb_row _builder_version=&#8221;4.8.2&#8243; _module_preset=&#8221;default&#8221;][et_pb_column type=&#8221;4_4&#8243; _builder_version=&#8221;4.8.2&#8243; _module_preset=&#8221;default&#8221;][et_pb_divider _builder_version=&#8221;4.8.2&#8243; _module_preset=&#8221;default&#8221;][\/et_pb_divider][\/et_pb_column][\/et_pb_row][et_pb_row column_structure=&#8221;1_3,2_3&#8243; padding_mobile=&#8221;on&#8221; column_padding_mobile=&#8221;on&#8221; admin_label=&#8221;row&#8221; _builder_version=&#8221;4.8.2&#8243; background_size=&#8221;initial&#8221; background_position=&#8221;top_left&#8221; background_repeat=&#8221;repeat&#8221; custom_margin=&#8221;10px||||false|false&#8221; custom_padding=&#8221;0px|||&#8221; make_fullwidth=&#8221;off&#8221; use_custom_width=&#8221;off&#8221; width_unit=&#8221;on&#8221; custom_width_px=&#8221;1080&#8243; custom_width_percent=&#8221;80&#8243;][et_pb_column type=&#8221;1_3&#8243; _builder_version=&#8221;3.25&#8243; custom_padding=&#8221;|||&#8221; custom_padding__hover=&#8221;|||&#8221;][\/et_pb_column][et_pb_column type=&#8221;2_3&#8243; _builder_version=&#8221;3.25&#8243; custom_padding=&#8221;|||&#8221; custom_padding__hover=&#8221;|||&#8221;][et_pb_text admin_label=&#8221;Blocco testo 1&#8243; _builder_version=&#8221;4.8.2&#8243; text_font=&#8221;PT Sans||||&#8221; text_text_color=&#8221;#363636&#8243; text_font_size=&#8221;20&#8243; text_letter_spacing=&#8221;0&#8243; text_line_height=&#8221;1.2em&#8221; header_font_size=&#8221;30&#8243; header_letter_spacing=&#8221;0&#8243; header_line_height=&#8221;1&#8243; background_size=&#8221;initial&#8221; background_position=&#8221;top_left&#8221; background_repeat=&#8221;repeat&#8221; max_width=&#8221;620px&#8221; custom_margin=&#8221;0px||0px||false|false&#8221; custom_padding=&#8221;||0px|||&#8221; text_font_size_tablet=&#8221;&#8221; text_font_size_phone=&#8221;&#8221; text_font_size_last_edited=&#8221;on|tablet&#8221; use_border_color=&#8221;off&#8221; border_color=&#8221;#ffffff&#8221; border_width=&#8221;1&#8243; border_style=&#8221;solid&#8221;]<\/p>\n<h3><b><span data-contrast=\"auto\">Daniela Bramati: afferrare le redini con le proprie mani e andare in una direzione per definita, senza timori<\/span><\/b><span data-ccp-props=\"{&quot;335551550&quot;:6,&quot;335551620&quot;:6,&quot;335559739&quot;:0}\">\u00a0<\/span><\/h3>\n<p><em><strong>Presidente e AD SEV S.p.A. Consigliere Fondazione BPM.<\/strong> Membro CDA e comitato esecutivo ANSA. Consigliera Camera di Commercio Varese. Membro del Consiglio FIEG\u00a0<\/em><\/p>\n<p><strong>A volte l\u2019appartenenza si conquista<\/strong><span data-contrast=\"auto\">. Daniela Bramati, milanese di nascita ma varesina d\u2019adozione, ha trasformato un incontro con il territorio in una scelta consapevole e determinata. Oggi \u00e8 <\/span><strong>Presidente e Amministratore Delegato di SEV S.p.A<\/strong><b><span data-contrast=\"auto\">.<\/span><\/b><span data-contrast=\"auto\">, holding editoriale che guida <\/span><strong>La Prealpina<\/strong><span data-contrast=\"auto\"> e altre realt\u00e0 centrali per l\u2019informazione e la comunicazione nella provincia di Varese. Ma il suo percorso non \u00e8 stato lineare: \u00e8 la storia di una donna che ha saputo prendere in mano una situazione complessa, accettare il cambiamento e trasformarlo in opportunit\u00e0.<\/span><span data-ccp-props=\"{&quot;335551550&quot;:6,&quot;335551620&quot;:6,&quot;335559739&quot;:0}\">\u00a0<\/span><\/p>\n<p><span data-contrast=\"auto\">Architetta di formazione, Daniela ha iniziato il suo viaggio professionale in un mondo creativo e razionale. Poi, la vita l\u2019ha portata a Busto Arsizio, dove, affrontando le difficolt\u00e0 di una nuova realt\u00e0 e di una cultura familiare fortemente legata a modelli tradizionali, ha scelto di <\/span><strong>non rinunciare alla propria identit\u00e0<\/strong><span data-contrast=\"auto\">. Ha iniziato nella parte commerciale del quotidiano del marito, muovendo i primi passi da neofita, imparando a conoscere la provincia attraverso le sue persone, le sue imprese, le sue storie.<\/span><span data-ccp-props=\"{&quot;335551550&quot;:6,&quot;335551620&quot;:6,&quot;335559739&quot;:0}\">\u00a0<\/span><\/p>\n<p><span data-contrast=\"auto\">\u201cNon conoscevo il giornale, n\u00e9 la provincia. Ho iniziato guardando le necrologie per orientarmi tra i nomi delle famiglie. \u00c8 stato il primo contatto con un <\/span><strong>tessuto sociale<\/strong><span data-contrast=\"auto\"> che poi ho voluto <\/span><strong>comprendere fino in fondo<\/strong><span data-contrast=\"auto\"><strong>.<\/strong>\u201d<\/span><span data-ccp-props=\"{&quot;335551550&quot;:6,&quot;335551620&quot;:6,&quot;335559739&quot;:0}\">\u00a0<\/span><\/p>\n<p><span data-contrast=\"auto\">Dopo la scomparsa del marito, Daniela ha assunto la guida totale della holding, affrontando non solo le <\/span><strong>sfide operative<\/strong><span data-contrast=\"auto\">, ma anche la <\/span><strong>crisi strutturale del mondo editoriale<\/strong><span data-contrast=\"auto\">. Ha rifiutato proposte di acquisizione da grandi gruppi, scegliendo con coraggio di <\/span><strong>mantenere l\u2019indipendenza e la missione di un giornale radicato nel territorio<\/strong><span data-contrast=\"auto\">. \u201cForse sono stata coraggiosa, ma sentivo che vendere sarebbe stato un tradimento, anche nei confronti di chi l\u2019aveva fondato e aveva profuso impegno prima di me\u201d.<\/span><span data-ccp-props=\"{&quot;335551550&quot;:6,&quot;335551620&quot;:6,&quot;335559739&quot;:0}\">\u00a0<\/span><\/p>\n<p><span data-contrast=\"auto\">Non ha paura del cambiamento, anzi, lo cerca, lo analizza, lo studia. Ogni passaggio viene metabolizzato con razionalit\u00e0 e visione. Ha condotto la <\/span><strong>transizione digitale, rilanciato la linea editoriale<\/strong><span data-contrast=\"auto\"><strong>,<\/strong> allargato il perimetro d\u2019azione del gruppo fino a renderlo un sistema integrato di informazione, comunicazione e servizi. Sempre con uno sguardo concreto e mai autoreferenziale: \u201c<\/span><strong>Non mi sento una persona arrivata. Lavoro e basta. E continuo a imparare<\/strong><span data-contrast=\"auto\">\u201d.<\/span><span data-ccp-props=\"{&quot;335551550&quot;:6,&quot;335551620&quot;:6,&quot;335559739&quot;:0}\">\u00a0<\/span><\/p>\n<p><span data-contrast=\"auto\">Daniela Bramati oggi siede in Consigli di Amministrazione di peso come <\/span><strong>ANSA, FIEG, Fondazione BPM e Camera di Commercio di Varese<\/strong><span data-contrast=\"auto\">. Ma \u00e8 nel quotidiano, nella redazione, negli uffici, nei contatti con il territorio, che trova il senso pi\u00f9 profondo del suo agire. \u201cIl giornale non deve solo informare, ma farsi strumento di coesione e sviluppo. Accendere i riflettori sulle problematiche locali \u00e8 il primo passo per contribuire a risolverle\u201d.<\/span><span data-ccp-props=\"{&quot;335551550&quot;:6,&quot;335551620&quot;:6,&quot;335559739&quot;:0}\">\u00a0<\/span><\/p>\n<p><span data-contrast=\"auto\">Il suo obiettivo \u00e8 che La Prealpina diventi un vero <\/span><strong>aggregatore provinciale<\/strong><span data-contrast=\"auto\">, capace di unire le forze frammentate del territorio e offrire strumenti di dialogo e proposta. In una provincia spesso divisa, dove ogni realt\u00e0 guarda al proprio campanile, Daniela lavora per unire: \u201cAnche attraverso gli eventi e le iniziative culturali vogliamo costruire <\/span><strong>un\u2019identit\u00e0 condivisa e attiva<\/strong><span data-contrast=\"auto\">\u201d.<\/span><span data-ccp-props=\"{&quot;335551550&quot;:6,&quot;335551620&quot;:6,&quot;335559739&quot;:0}\">\u00a0<\/span><\/p>\n<p><span data-contrast=\"auto\">Visione condivisa profondamente anche da Elisabetta Cozzi e dal suo Museo, che sin dall\u2019apertura operano in questa stessa direzione.<\/span><span data-ccp-props=\"{&quot;335551550&quot;:6,&quot;335551620&quot;:6,&quot;335559739&quot;:0}\">\u00a0<\/span><\/p>\n<p><span data-ccp-props=\"{&quot;335551550&quot;:6,&quot;335551620&quot;:6,&quot;335559739&quot;:0}\">\u00a0<\/span><\/p>\n<p>[\/et_pb_text][\/et_pb_column][\/et_pb_row][et_pb_row padding_mobile=&#8221;on&#8221; column_padding_mobile=&#8221;on&#8221; admin_label=&#8221;row&#8221; _builder_version=&#8221;4.8.2&#8243; background_size=&#8221;initial&#8221; background_position=&#8221;top_left&#8221; background_repeat=&#8221;repeat&#8221; custom_margin=&#8221;10px||||false|false&#8221; custom_padding=&#8221;0px|||&#8221; make_fullwidth=&#8221;off&#8221; use_custom_width=&#8221;off&#8221; width_unit=&#8221;on&#8221; custom_width_px=&#8221;1080&#8243; custom_width_percent=&#8221;80&#8243;][et_pb_column type=&#8221;4_4&#8243; _builder_version=&#8221;3.25&#8243; custom_padding=&#8221;|||&#8221; custom_padding__hover=&#8221;|||&#8221;][et_pb_image src=&#8221;https:\/\/www.museofratellicozzi.com\/news\/wp-content\/uploads\/2024\/11\/MUSEO-Foto-interne-articolo-NL-7.png&#8221; title_text=&#8221;Daniela Bramati e Paola Ferrario&#8221; _builder_version=&#8221;4.8.2&#8243; _module_preset=&#8221;default&#8221;][\/et_pb_image][et_pb_text _builder_version=&#8221;4.8.2&#8243; _module_preset=&#8221;default&#8221;]<\/p>\n<p>Daniela Bramati e la figlia Paola Ferrario<\/p>\n<p>[\/et_pb_text][\/et_pb_column][\/et_pb_row][et_pb_row column_structure=&#8221;1_3,2_3&#8243; padding_mobile=&#8221;on&#8221; column_padding_mobile=&#8221;on&#8221; admin_label=&#8221;row&#8221; _builder_version=&#8221;4.8.2&#8243; background_size=&#8221;initial&#8221; background_position=&#8221;top_left&#8221; background_repeat=&#8221;repeat&#8221; custom_margin=&#8221;10px||||false|false&#8221; custom_padding=&#8221;0px|||&#8221; make_fullwidth=&#8221;off&#8221; use_custom_width=&#8221;off&#8221; width_unit=&#8221;on&#8221; custom_width_px=&#8221;1080&#8243; custom_width_percent=&#8221;80&#8243;][et_pb_column type=&#8221;1_3&#8243; _builder_version=&#8221;3.25&#8243; custom_padding=&#8221;|||&#8221; custom_padding__hover=&#8221;|||&#8221;][\/et_pb_column][et_pb_column type=&#8221;2_3&#8243; _builder_version=&#8221;3.25&#8243; custom_padding=&#8221;|||&#8221; custom_padding__hover=&#8221;|||&#8221;][et_pb_text admin_label=&#8221;Blocco testo 1&#8243; _builder_version=&#8221;4.8.2&#8243; text_font=&#8221;PT Sans||||&#8221; text_text_color=&#8221;#363636&#8243; text_font_size=&#8221;20&#8243; text_letter_spacing=&#8221;0&#8243; text_line_height=&#8221;1.2em&#8221; header_font_size=&#8221;30&#8243; header_letter_spacing=&#8221;0&#8243; header_line_height=&#8221;1&#8243; background_size=&#8221;initial&#8221; background_position=&#8221;top_left&#8221; background_repeat=&#8221;repeat&#8221; max_width=&#8221;620px&#8221; custom_margin=&#8221;0px||0px||false|false&#8221; custom_padding=&#8221;||0px|||&#8221; text_font_size_tablet=&#8221;&#8221; text_font_size_phone=&#8221;&#8221; text_font_size_last_edited=&#8221;on|tablet&#8221; use_border_color=&#8221;off&#8221; border_color=&#8221;#ffffff&#8221; border_width=&#8221;1&#8243; border_style=&#8221;solid&#8221;]<\/p>\n<h3><b><span data-contrast=\"auto\">Tiziana Vallone: managerialit\u00e0 femminile, benessere aziendale e finanza responsabile per un futuro sostenibile<\/span><\/b><span data-ccp-props=\"{&quot;335551550&quot;:6,&quot;335551620&quot;:6,&quot;335559739&quot;:0}\">\u00a0<\/span><\/h3>\n<p><span data-contrast=\"auto\"><em><strong>Dottore Commercialista e Board<\/strong> member<\/em>. Vicepresidente Manageritalia. Consigliere nazionale Aidda<\/span><span data-ccp-props=\"{&quot;335551550&quot;:6,&quot;335551620&quot;:6,&quot;335559739&quot;:0}\">\u00a0<\/span><\/p>\n<p><span data-contrast=\"auto\">Approccio integrato e consapevole al mondo del lavoro, della finanza e del management sono i suoi segni distintivi. Dottore commercialista e revisore legale, con una carriera avviata nel 1998, Tiziana incarna una <\/span><strong>leadership femminile<\/strong><span data-contrast=\"auto\"> capace di coniugare <\/span><strong>visione strategica, attenzione ai valori umani e profondo impegno nel mondo associativo.\u00a0<\/strong><\/p>\n<p><span data-contrast=\"auto\">Fondatrice dello Studio Vallone a Milano, ha saputo evolversi professionalmente mantenendo un equilibrio dinamico tra libera professione e incarichi manageriali in azienda, maturando una visione a 360\u00b0 su finanza d\u2019impresa e governance. \u201cIl mio percorso si \u00e8 arricchito entrando anche direttamente nelle aziende, esperienza che ha ampliato la mia prospettiva oltre i confini della consulenza tradizionale\u201d.<\/span><span data-ccp-props=\"{&quot;335551550&quot;:6,&quot;335551620&quot;:6,&quot;335559739&quot;:0}\">\u00a0<\/span><\/p>\n<p><span data-contrast=\"auto\">Nel corso degli anni, Tiziana ha assunto ruoli chiave nei Consigli di Amministrazione di realt\u00e0 quotate, banche d\u2019affari e un fondo pensione, con un occhio sempre attento alla finanza responsabile. \u201cSeguo i temi della sostenibilit\u00e0 da tempi non sospetti, ma credo serva equilibrio: transizione digitale e sostenibile s\u00ec, ma senza compromettere il tessuto industriale autoctono\u201d. Proprio questa sensibilit\u00e0 ha guidato la sua scelta di occuparsi solo di ristrutturazioni aziendali che non prevedano tagli di personale, \u201cperch\u00e9 il lavoro deve restare una leva di dignit\u00e0, non solo una voce di bilancio\u201d.<\/span><span data-ccp-props=\"{&quot;134233117&quot;:false,&quot;134233118&quot;:false,&quot;201341983&quot;:0,&quot;335551550&quot;:6,&quot;335551620&quot;:6,&quot;335559738&quot;:0,&quot;335559739&quot;:0,&quot;335559740&quot;:257}\">\u00a0<\/span><\/p>\n<p><span data-contrast=\"auto\">Nel suo ruolo di Vicepresidente di <\/span><strong>Manageritalia Lombardia<\/strong><span data-contrast=\"auto\">, promuove il valore dei manager nel terziario avanzato e nell\u2019economia della conoscenza, con una visione che intreccia innovazione e benessere organizzativo. \u201cLa qualit\u00e0 del lavoro \u00e8 al centro del cambiamento e include il modo in cui si organizza, dal remote working agli strumenti di welfare. Oggi il benessere aziendale \u00e8 una priorit\u00e0 che non pu\u00f2 essere elusa\u201d.<\/span><span data-ccp-props=\"{&quot;335551550&quot;:6,&quot;335551620&quot;:6,&quot;335559739&quot;:0}\">\u00a0<\/span><\/p>\n<p><span data-contrast=\"auto\">Parallelamente, come <\/span><strong>Consigliera nazionale di AIDDA<\/strong><span data-contrast=\"auto\">, lavora per <\/span><strong>rafforzare il ruolo delle donne<\/strong><span data-contrast=\"auto\"> nella leadership e nell\u2019imprenditoria, sostenendo misure concrete come lo sviluppo di infrastrutture e servizi a supporto della conciliazione vita-lavoro. \u201cIl nostro sguardo femminile \u00e8 una risorsa e si esprime anche attraverso la <\/span><strong>sorellanza<\/strong><span data-contrast=\"auto\">, che nel mondo associativo femminile funziona ancora molto: costruire legami, reti, fiducia reciproca\u201d.<\/span><span data-ccp-props=\"{&quot;335551550&quot;:6,&quot;335551620&quot;:6,&quot;335559739&quot;:0}\">\u00a0<\/span><\/p>\n<p><span data-contrast=\"auto\">Uno dei nodi centrali del suo impegno \u00e8 proprio l\u2019<\/span><strong>associazionismo<\/strong><span data-contrast=\"auto\">, che in Lombardia vive ancora una cultura forte e collaborativa. Tiziana crede nella forza delle sinergie interassociative, come leva per la crescita del management italiano e per affrontare in modo coeso le sfide del futuro.<\/span><span data-ccp-props=\"{&quot;335551550&quot;:6,&quot;335551620&quot;:6,&quot;335559739&quot;:0}\">\u00a0<\/span><\/p>\n<p><span data-contrast=\"auto\">Il suo consiglio alle giovani professioniste \u00e8 chiaro: \u201c<\/span><strong>Curiosit\u00e0, studio continuo, apertura alle contaminazioni tra saperi<\/strong><span data-contrast=\"auto\">. Oggi \u00e8 fondamentale comprendere anche ci\u00f2 che non \u00e8 strettamente connesso alla propria disciplina. Solo cos\u00ec si costruisce una professionalit\u00e0 solida e capace di visione\u201d.<\/span><span data-ccp-props=\"{&quot;335551550&quot;:6,&quot;335551620&quot;:6,&quot;335559739&quot;:0}\">\u00a0<\/span><span style=\"letter-spacing: 0px;\">\u00a0<\/span><\/p>\n<p>[\/et_pb_text][\/et_pb_column][\/et_pb_row][et_pb_row _builder_version=&#8221;4.8.2&#8243; _module_preset=&#8221;default&#8221;][et_pb_column type=&#8221;4_4&#8243; _builder_version=&#8221;4.8.2&#8243; _module_preset=&#8221;default&#8221;][et_pb_image src=&#8221;https:\/\/www.museofratellicozzi.com\/news\/wp-content\/uploads\/2025\/07\/MUSEO-slide-foto-95.jpg&#8221; _builder_version=&#8221;4.8.2&#8243; _module_preset=&#8221;default&#8221;][\/et_pb_image][et_pb_text _builder_version=&#8221;4.8.2&#8243; _module_preset=&#8221;default&#8221;]<\/p>\n<p>Tiziana Vallone<\/p>\n<p>[\/et_pb_text][\/et_pb_column][\/et_pb_row][\/et_pb_section]<\/p>\n","protected":false},"excerpt":{"rendered":"<p>[et_pb_section fb_built=&#8221;1&#8243; admin_label=&#8221;Sezione&#8221; _builder_version=&#8221;3.22&#8243; custom_padding=&#8221;0px||38px|||&#8221; transparent_background=&#8221;off&#8221; make_fullwidth=&#8221;off&#8221; use_custom_width=&#8221;off&#8221; width_unit=&#8221;on&#8221; custom_width_px=&#8221;1080&#8243; custom_width_percent=&#8221;80&#8243;][et_pb_row use_custom_gutter=&#8221;on&#8221; gutter_width=&#8221;1&#8243; disabled_on=&#8221;off|off|off&#8221; admin_label=&#8221;Riga&#8221; module_class=&#8221; et_pb_row_fullwidth&#8221; _builder_version=&#8221;3.25&#8243; background_size=&#8221;initial&#8221; background_position=&#8221;top_left&#8221; background_repeat=&#8221;repeat&#8221; width=&#8221;100%&#8221; width_tablet=&#8221;100%&#8221; width_phone=&#8221;&#8221; width_last_edited=&#8221;on|desktop&#8221; max_width=&#8221;100%&#8221; max_width_tablet=&#8221;100%&#8221; max_width_phone=&#8221;&#8221; max_width_last_edited=&#8221;on|desktop&#8221; custom_padding=&#8221;0px|||&#8221; make_fullwidth=&#8221;on&#8221; use_custom_width=&#8221;off&#8221; width_unit=&#8221;on&#8221; custom_width_px=&#8221;1080&#8243; custom_width_percent=&#8221;80&#8243;][et_pb_column type=&#8221;4_4&#8243; _builder_version=&#8221;3.25&#8243; custom_padding=&#8221;|||&#8221; custom_padding__hover=&#8221;|||&#8221;][et_pb_image src=&#8221;https:\/\/www.museofratellicozzi.com\/news\/wp-content\/uploads\/2025\/07\/Black-Ballet-Photo-Collage.png&#8221; alt=&#8221;Donne e motori in tour 2025&#8243; title_text=&#8221;Donne e motori&#8221; force_fullwidth=&#8221;on&#8221; align_tablet=&#8221;center&#8221; align_phone=&#8221;&#8221; align_last_edited=&#8221;on|desktop&#8221; admin_label=&#8221;Immagine principale&#8221; [&hellip;]<\/p>\n","protected":false},"author":7,"featured_media":23015,"comment_status":"open","ping_status":"open","sticky":false,"template":"","format":"standard","meta":{"_et_pb_use_builder":"on","_et_pb_old_content":"","_et_gb_content_width":"","_jetpack_memberships_contains_paid_content":false,"footnotes":""},"categories":[775,872,776],"tags":[21,209,180,841,849,406,847],"class_list":["post-22891","post","type-post","status-publish","format-standard","has-post-thumbnail","hentry","category-associazione","category-donne-e-motori","category-woman-in-power","tag-alfa-romeo","tag-automotive","tag-cozzi","tag-donne-e-motori","tag-maria-leitner","tag-museo-fratelli-cozzi","tag-semenzato","et-has-post-format-content","et_post_format-et-post-format-standard"],"yoast_head":"<!-- This site is optimized with the Yoast SEO plugin v26.8 - https:\/\/yoast.com\/product\/yoast-seo-wordpress\/ -->\n<title>&quot;Donne e motori&quot; le testimonial di luglio -<\/title>\n<meta name=\"description\" content=\"&quot;Donne e motori? Gioie e basta&quot; segui il tour e scopri le protagoniste. Ecco dove sono state le testimonial nel mese di maggio\" \/>\n<meta name=\"robots\" content=\"index, follow, max-snippet:-1, max-image-preview:large, max-video-preview:-1\" \/>\n<link rel=\"canonical\" href=\"https:\/\/www.museofratellicozzi.com\/news\/donne-e-motori-le-testimonial-di-luglio\/\" \/>\n<meta property=\"og:locale\" content=\"it_IT\" \/>\n<meta property=\"og:type\" content=\"article\" \/>\n<meta property=\"og:title\" content=\"&quot;Donne e motori&quot; le testimonial di luglio -\" \/>\n<meta property=\"og:description\" content=\"&quot;Donne e motori? Gioie e basta&quot; segui il tour e scopri le protagoniste. Ecco dove sono state le testimonial nel mese di maggio\" \/>\n<meta property=\"og:url\" content=\"https:\/\/www.museofratellicozzi.com\/news\/donne-e-motori-le-testimonial-di-luglio\/\" \/>\n<meta property=\"og:site_name\" content=\"eNews Museo Fratelli Cozzi\" \/>\n<meta property=\"article:published_time\" content=\"2025-07-17T14:37:52+00:00\" \/>\n<meta property=\"article:modified_time\" content=\"2025-08-29T18:10:01+00:00\" \/>\n<meta property=\"og:image\" content=\"https:\/\/www.museofratellicozzi.com\/news\/wp-content\/uploads\/2025\/07\/Black-Ballet-Photo-Collage-2-1024x819.png\" \/>\n\t<meta property=\"og:image:width\" content=\"1024\" \/>\n\t<meta property=\"og:image:height\" content=\"819\" \/>\n\t<meta property=\"og:image:type\" content=\"image\/png\" \/>\n<meta name=\"author\" content=\"Elisabetta Cozzi\" \/>\n<meta name=\"twitter:card\" content=\"summary_large_image\" \/>\n<meta name=\"twitter:label1\" content=\"Scritto da\" \/>\n\t<meta name=\"twitter:data1\" content=\"Elisabetta Cozzi\" \/>\n\t<meta name=\"twitter:label2\" content=\"Tempo di lettura stimato\" \/>\n\t<meta name=\"twitter:data2\" content=\"10 minuti\" \/>\n<script type=\"application\/ld+json\" class=\"yoast-schema-graph\">{\"@context\":\"https:\/\/schema.org\",\"@graph\":[{\"@type\":\"Article\",\"@id\":\"https:\/\/www.museofratellicozzi.com\/news\/donne-e-motori-le-testimonial-di-luglio\/#article\",\"isPartOf\":{\"@id\":\"https:\/\/www.museofratellicozzi.com\/news\/donne-e-motori-le-testimonial-di-luglio\/\"},\"author\":{\"name\":\"Elisabetta Cozzi\",\"@id\":\"https:\/\/www.museofratellicozzi.com\/news\/#\/schema\/person\/3c2c242e79e59f9be7b62a0d9673e40d\"},\"headline\":\"&#8220;Donne e motori&#8221; le testimonial di luglio\",\"datePublished\":\"2025-07-17T14:37:52+00:00\",\"dateModified\":\"2025-08-29T18:10:01+00:00\",\"mainEntityOfPage\":{\"@id\":\"https:\/\/www.museofratellicozzi.com\/news\/donne-e-motori-le-testimonial-di-luglio\/\"},\"wordCount\":4983,\"commentCount\":0,\"publisher\":{\"@id\":\"https:\/\/www.museofratellicozzi.com\/news\/#organization\"},\"image\":{\"@id\":\"https:\/\/www.museofratellicozzi.com\/news\/donne-e-motori-le-testimonial-di-luglio\/#primaryimage\"},\"thumbnailUrl\":\"https:\/\/www.museofratellicozzi.com\/news\/wp-content\/uploads\/2025\/07\/Black-Ballet-Photo-Collage-2.png\",\"keywords\":[\"alfa romeo\",\"automotive\",\"cozzi\",\"donne e motori\",\"Maria Leitner\",\"Museo Fratelli Cozzi\",\"Semenzato\"],\"articleSection\":[\"Associazione\",\"Donne e Motori\",\"Empowerment femminile\"],\"inLanguage\":\"it-IT\",\"potentialAction\":[{\"@type\":\"CommentAction\",\"name\":\"Comment\",\"target\":[\"https:\/\/www.museofratellicozzi.com\/news\/donne-e-motori-le-testimonial-di-luglio\/#respond\"]}]},{\"@type\":\"WebPage\",\"@id\":\"https:\/\/www.museofratellicozzi.com\/news\/donne-e-motori-le-testimonial-di-luglio\/\",\"url\":\"https:\/\/www.museofratellicozzi.com\/news\/donne-e-motori-le-testimonial-di-luglio\/\",\"name\":\"\\\"Donne e motori\\\" le testimonial di luglio -\",\"isPartOf\":{\"@id\":\"https:\/\/www.museofratellicozzi.com\/news\/#website\"},\"primaryImageOfPage\":{\"@id\":\"https:\/\/www.museofratellicozzi.com\/news\/donne-e-motori-le-testimonial-di-luglio\/#primaryimage\"},\"image\":{\"@id\":\"https:\/\/www.museofratellicozzi.com\/news\/donne-e-motori-le-testimonial-di-luglio\/#primaryimage\"},\"thumbnailUrl\":\"https:\/\/www.museofratellicozzi.com\/news\/wp-content\/uploads\/2025\/07\/Black-Ballet-Photo-Collage-2.png\",\"datePublished\":\"2025-07-17T14:37:52+00:00\",\"dateModified\":\"2025-08-29T18:10:01+00:00\",\"description\":\"\\\"Donne e motori? Gioie e basta\\\" segui il tour e scopri le protagoniste. Ecco dove sono state le testimonial nel mese di maggio\",\"breadcrumb\":{\"@id\":\"https:\/\/www.museofratellicozzi.com\/news\/donne-e-motori-le-testimonial-di-luglio\/#breadcrumb\"},\"inLanguage\":\"it-IT\",\"potentialAction\":[{\"@type\":\"ReadAction\",\"target\":[\"https:\/\/www.museofratellicozzi.com\/news\/donne-e-motori-le-testimonial-di-luglio\/\"]}]},{\"@type\":\"ImageObject\",\"inLanguage\":\"it-IT\",\"@id\":\"https:\/\/www.museofratellicozzi.com\/news\/donne-e-motori-le-testimonial-di-luglio\/#primaryimage\",\"url\":\"https:\/\/www.museofratellicozzi.com\/news\/wp-content\/uploads\/2025\/07\/Black-Ballet-Photo-Collage-2.png\",\"contentUrl\":\"https:\/\/www.museofratellicozzi.com\/news\/wp-content\/uploads\/2025\/07\/Black-Ballet-Photo-Collage-2.png\",\"width\":2000,\"height\":1600},{\"@type\":\"BreadcrumbList\",\"@id\":\"https:\/\/www.museofratellicozzi.com\/news\/donne-e-motori-le-testimonial-di-luglio\/#breadcrumb\",\"itemListElement\":[{\"@type\":\"ListItem\",\"position\":1,\"name\":\"Home\",\"item\":\"https:\/\/www.museofratellicozzi.com\/news\/\"},{\"@type\":\"ListItem\",\"position\":2,\"name\":\"&#8220;Donne e motori&#8221; le testimonial di luglio\"}]},{\"@type\":\"WebSite\",\"@id\":\"https:\/\/www.museofratellicozzi.com\/news\/#website\",\"url\":\"https:\/\/www.museofratellicozzi.com\/news\/\",\"name\":\"eNews Museo Fratelli Cozzi\",\"description\":\"Alfa Romeo: un mito che resiste al tempo\",\"publisher\":{\"@id\":\"https:\/\/www.museofratellicozzi.com\/news\/#organization\"},\"potentialAction\":[{\"@type\":\"SearchAction\",\"target\":{\"@type\":\"EntryPoint\",\"urlTemplate\":\"https:\/\/www.museofratellicozzi.com\/news\/?s={search_term_string}\"},\"query-input\":{\"@type\":\"PropertyValueSpecification\",\"valueRequired\":true,\"valueName\":\"search_term_string\"}}],\"inLanguage\":\"it-IT\"},{\"@type\":\"Organization\",\"@id\":\"https:\/\/www.museofratellicozzi.com\/news\/#organization\",\"name\":\"Museo Fratelli Cozzi\",\"url\":\"https:\/\/www.museofratellicozzi.com\/news\/\",\"logo\":{\"@type\":\"ImageObject\",\"inLanguage\":\"it-IT\",\"@id\":\"https:\/\/www.museofratellicozzi.com\/news\/#\/schema\/logo\/image\/\",\"url\":\"https:\/\/www.museofratellicozzi.com\/news\/wp-content\/uploads\/2017\/04\/home.png\",\"contentUrl\":\"https:\/\/www.museofratellicozzi.com\/news\/wp-content\/uploads\/2017\/04\/home.png\",\"width\":497,\"height\":512,\"caption\":\"Museo Fratelli Cozzi\"},\"image\":{\"@id\":\"https:\/\/www.museofratellicozzi.com\/news\/#\/schema\/logo\/image\/\"}},{\"@type\":\"Person\",\"@id\":\"https:\/\/www.museofratellicozzi.com\/news\/#\/schema\/person\/3c2c242e79e59f9be7b62a0d9673e40d\",\"name\":\"Elisabetta Cozzi\",\"image\":{\"@type\":\"ImageObject\",\"inLanguage\":\"it-IT\",\"@id\":\"https:\/\/www.museofratellicozzi.com\/news\/#\/schema\/person\/image\/\",\"url\":\"https:\/\/secure.gravatar.com\/avatar\/a761e7642145a4506dbd3685a69db0fc?s=96&d=mm&r=g\",\"contentUrl\":\"https:\/\/secure.gravatar.com\/avatar\/a761e7642145a4506dbd3685a69db0fc?s=96&d=mm&r=g\",\"caption\":\"Elisabetta Cozzi\"}}]}<\/script>\n<!-- \/ Yoast SEO plugin. -->","yoast_head_json":{"title":"\"Donne e motori\" le testimonial di luglio -","description":"\"Donne e motori? Gioie e basta\" segui il tour e scopri le protagoniste. Ecco dove sono state le testimonial nel mese di maggio","robots":{"index":"index","follow":"follow","max-snippet":"max-snippet:-1","max-image-preview":"max-image-preview:large","max-video-preview":"max-video-preview:-1"},"canonical":"https:\/\/www.museofratellicozzi.com\/news\/donne-e-motori-le-testimonial-di-luglio\/","og_locale":"it_IT","og_type":"article","og_title":"\"Donne e motori\" le testimonial di luglio -","og_description":"\"Donne e motori? Gioie e basta\" segui il tour e scopri le protagoniste. Ecco dove sono state le testimonial nel mese di maggio","og_url":"https:\/\/www.museofratellicozzi.com\/news\/donne-e-motori-le-testimonial-di-luglio\/","og_site_name":"eNews Museo Fratelli Cozzi","article_published_time":"2025-07-17T14:37:52+00:00","article_modified_time":"2025-08-29T18:10:01+00:00","og_image":[{"width":1024,"height":819,"url":"https:\/\/www.museofratellicozzi.com\/news\/wp-content\/uploads\/2025\/07\/Black-Ballet-Photo-Collage-2-1024x819.png","type":"image\/png"}],"author":"Elisabetta Cozzi","twitter_card":"summary_large_image","twitter_misc":{"Scritto da":"Elisabetta Cozzi","Tempo di lettura stimato":"10 minuti"},"schema":{"@context":"https:\/\/schema.org","@graph":[{"@type":"Article","@id":"https:\/\/www.museofratellicozzi.com\/news\/donne-e-motori-le-testimonial-di-luglio\/#article","isPartOf":{"@id":"https:\/\/www.museofratellicozzi.com\/news\/donne-e-motori-le-testimonial-di-luglio\/"},"author":{"name":"Elisabetta Cozzi","@id":"https:\/\/www.museofratellicozzi.com\/news\/#\/schema\/person\/3c2c242e79e59f9be7b62a0d9673e40d"},"headline":"&#8220;Donne e motori&#8221; le testimonial di luglio","datePublished":"2025-07-17T14:37:52+00:00","dateModified":"2025-08-29T18:10:01+00:00","mainEntityOfPage":{"@id":"https:\/\/www.museofratellicozzi.com\/news\/donne-e-motori-le-testimonial-di-luglio\/"},"wordCount":4983,"commentCount":0,"publisher":{"@id":"https:\/\/www.museofratellicozzi.com\/news\/#organization"},"image":{"@id":"https:\/\/www.museofratellicozzi.com\/news\/donne-e-motori-le-testimonial-di-luglio\/#primaryimage"},"thumbnailUrl":"https:\/\/www.museofratellicozzi.com\/news\/wp-content\/uploads\/2025\/07\/Black-Ballet-Photo-Collage-2.png","keywords":["alfa romeo","automotive","cozzi","donne e motori","Maria Leitner","Museo Fratelli Cozzi","Semenzato"],"articleSection":["Associazione","Donne e Motori","Empowerment femminile"],"inLanguage":"it-IT","potentialAction":[{"@type":"CommentAction","name":"Comment","target":["https:\/\/www.museofratellicozzi.com\/news\/donne-e-motori-le-testimonial-di-luglio\/#respond"]}]},{"@type":"WebPage","@id":"https:\/\/www.museofratellicozzi.com\/news\/donne-e-motori-le-testimonial-di-luglio\/","url":"https:\/\/www.museofratellicozzi.com\/news\/donne-e-motori-le-testimonial-di-luglio\/","name":"\"Donne e motori\" le testimonial di luglio -","isPartOf":{"@id":"https:\/\/www.museofratellicozzi.com\/news\/#website"},"primaryImageOfPage":{"@id":"https:\/\/www.museofratellicozzi.com\/news\/donne-e-motori-le-testimonial-di-luglio\/#primaryimage"},"image":{"@id":"https:\/\/www.museofratellicozzi.com\/news\/donne-e-motori-le-testimonial-di-luglio\/#primaryimage"},"thumbnailUrl":"https:\/\/www.museofratellicozzi.com\/news\/wp-content\/uploads\/2025\/07\/Black-Ballet-Photo-Collage-2.png","datePublished":"2025-07-17T14:37:52+00:00","dateModified":"2025-08-29T18:10:01+00:00","description":"\"Donne e motori? Gioie e basta\" segui il tour e scopri le protagoniste. Ecco dove sono state le testimonial nel mese di maggio","breadcrumb":{"@id":"https:\/\/www.museofratellicozzi.com\/news\/donne-e-motori-le-testimonial-di-luglio\/#breadcrumb"},"inLanguage":"it-IT","potentialAction":[{"@type":"ReadAction","target":["https:\/\/www.museofratellicozzi.com\/news\/donne-e-motori-le-testimonial-di-luglio\/"]}]},{"@type":"ImageObject","inLanguage":"it-IT","@id":"https:\/\/www.museofratellicozzi.com\/news\/donne-e-motori-le-testimonial-di-luglio\/#primaryimage","url":"https:\/\/www.museofratellicozzi.com\/news\/wp-content\/uploads\/2025\/07\/Black-Ballet-Photo-Collage-2.png","contentUrl":"https:\/\/www.museofratellicozzi.com\/news\/wp-content\/uploads\/2025\/07\/Black-Ballet-Photo-Collage-2.png","width":2000,"height":1600},{"@type":"BreadcrumbList","@id":"https:\/\/www.museofratellicozzi.com\/news\/donne-e-motori-le-testimonial-di-luglio\/#breadcrumb","itemListElement":[{"@type":"ListItem","position":1,"name":"Home","item":"https:\/\/www.museofratellicozzi.com\/news\/"},{"@type":"ListItem","position":2,"name":"&#8220;Donne e motori&#8221; le testimonial di luglio"}]},{"@type":"WebSite","@id":"https:\/\/www.museofratellicozzi.com\/news\/#website","url":"https:\/\/www.museofratellicozzi.com\/news\/","name":"eNews Museo Fratelli Cozzi","description":"Alfa Romeo: un mito che resiste al tempo","publisher":{"@id":"https:\/\/www.museofratellicozzi.com\/news\/#organization"},"potentialAction":[{"@type":"SearchAction","target":{"@type":"EntryPoint","urlTemplate":"https:\/\/www.museofratellicozzi.com\/news\/?s={search_term_string}"},"query-input":{"@type":"PropertyValueSpecification","valueRequired":true,"valueName":"search_term_string"}}],"inLanguage":"it-IT"},{"@type":"Organization","@id":"https:\/\/www.museofratellicozzi.com\/news\/#organization","name":"Museo Fratelli Cozzi","url":"https:\/\/www.museofratellicozzi.com\/news\/","logo":{"@type":"ImageObject","inLanguage":"it-IT","@id":"https:\/\/www.museofratellicozzi.com\/news\/#\/schema\/logo\/image\/","url":"https:\/\/www.museofratellicozzi.com\/news\/wp-content\/uploads\/2017\/04\/home.png","contentUrl":"https:\/\/www.museofratellicozzi.com\/news\/wp-content\/uploads\/2017\/04\/home.png","width":497,"height":512,"caption":"Museo Fratelli Cozzi"},"image":{"@id":"https:\/\/www.museofratellicozzi.com\/news\/#\/schema\/logo\/image\/"}},{"@type":"Person","@id":"https:\/\/www.museofratellicozzi.com\/news\/#\/schema\/person\/3c2c242e79e59f9be7b62a0d9673e40d","name":"Elisabetta Cozzi","image":{"@type":"ImageObject","inLanguage":"it-IT","@id":"https:\/\/www.museofratellicozzi.com\/news\/#\/schema\/person\/image\/","url":"https:\/\/secure.gravatar.com\/avatar\/a761e7642145a4506dbd3685a69db0fc?s=96&d=mm&r=g","contentUrl":"https:\/\/secure.gravatar.com\/avatar\/a761e7642145a4506dbd3685a69db0fc?s=96&d=mm&r=g","caption":"Elisabetta Cozzi"}}]}},"jetpack_featured_media_url":"https:\/\/www.museofratellicozzi.com\/news\/wp-content\/uploads\/2025\/07\/Black-Ballet-Photo-Collage-2.png","jetpack_shortlink":"https:\/\/wp.me\/p90Eth-5Xd","jetpack_sharing_enabled":true,"post_mailing_queue_ids":[],"_links":{"self":[{"href":"https:\/\/www.museofratellicozzi.com\/news\/wp-json\/wp\/v2\/posts\/22891","targetHints":{"allow":["GET"]}}],"collection":[{"href":"https:\/\/www.museofratellicozzi.com\/news\/wp-json\/wp\/v2\/posts"}],"about":[{"href":"https:\/\/www.museofratellicozzi.com\/news\/wp-json\/wp\/v2\/types\/post"}],"author":[{"embeddable":true,"href":"https:\/\/www.museofratellicozzi.com\/news\/wp-json\/wp\/v2\/users\/7"}],"replies":[{"embeddable":true,"href":"https:\/\/www.museofratellicozzi.com\/news\/wp-json\/wp\/v2\/comments?post=22891"}],"version-history":[{"count":16,"href":"https:\/\/www.museofratellicozzi.com\/news\/wp-json\/wp\/v2\/posts\/22891\/revisions"}],"predecessor-version":[{"id":23011,"href":"https:\/\/www.museofratellicozzi.com\/news\/wp-json\/wp\/v2\/posts\/22891\/revisions\/23011"}],"wp:featuredmedia":[{"embeddable":true,"href":"https:\/\/www.museofratellicozzi.com\/news\/wp-json\/wp\/v2\/media\/23015"}],"wp:attachment":[{"href":"https:\/\/www.museofratellicozzi.com\/news\/wp-json\/wp\/v2\/media?parent=22891"}],"wp:term":[{"taxonomy":"category","embeddable":true,"href":"https:\/\/www.museofratellicozzi.com\/news\/wp-json\/wp\/v2\/categories?post=22891"},{"taxonomy":"post_tag","embeddable":true,"href":"https:\/\/www.museofratellicozzi.com\/news\/wp-json\/wp\/v2\/tags?post=22891"}],"curies":[{"name":"wp","href":"https:\/\/api.w.org\/{rel}","templated":true}]}}