{"id":24534,"date":"2025-12-02T15:51:58","date_gmt":"2025-12-02T14:51:58","guid":{"rendered":"https:\/\/www.museofratellicozzi.com\/news\/?p=24534"},"modified":"2025-12-10T19:02:05","modified_gmt":"2025-12-10T18:02:05","slug":"le-voci-dellalfa-romeo-pezzi-museo","status":"publish","type":"post","link":"https:\/\/www.museofratellicozzi.com\/news\/le-voci-dellalfa-romeo-pezzi-museo\/","title":{"rendered":"Voci dell&#8217;Alfa Romeo: per sempre pezzi del museo"},"content":{"rendered":"<p>[et_pb_section fb_built=&#8221;1&#8243; admin_label=&#8221;Sezione&#8221; _builder_version=&#8221;3.22&#8243; custom_padding=&#8221;0px|||&#8221; transparent_background=&#8221;off&#8221; make_fullwidth=&#8221;off&#8221; use_custom_width=&#8221;off&#8221; width_unit=&#8221;on&#8221; custom_width_px=&#8221;1080&#8243; custom_width_percent=&#8221;80&#8243;][et_pb_row use_custom_gutter=&#8221;on&#8221; gutter_width=&#8221;1&#8243; disabled_on=&#8221;off|off|off&#8221; admin_label=&#8221;Riga&#8221; module_class=&#8221; et_pb_row_fullwidth&#8221; _builder_version=&#8221;3.25&#8243; background_size=&#8221;initial&#8221; background_position=&#8221;top_left&#8221; background_repeat=&#8221;repeat&#8221; width=&#8221;100%&#8221; width_tablet=&#8221;100%&#8221; width_phone=&#8221;&#8221; width_last_edited=&#8221;on|desktop&#8221; max_width=&#8221;100%&#8221; max_width_tablet=&#8221;100%&#8221; max_width_phone=&#8221;&#8221; max_width_last_edited=&#8221;on|desktop&#8221; custom_padding=&#8221;0px|||&#8221; make_fullwidth=&#8221;on&#8221; use_custom_width=&#8221;off&#8221; width_unit=&#8221;on&#8221; custom_width_px=&#8221;1080&#8243; custom_width_percent=&#8221;80&#8243;][et_pb_column type=&#8221;4_4&#8243; _builder_version=&#8221;3.25&#8243; custom_padding=&#8221;|||&#8221; custom_padding__hover=&#8221;|||&#8221;][et_pb_image src=&#8221;https:\/\/www.museofratellicozzi.com\/news\/wp-content\/uploads\/2025\/12\/MUSEO-slide-foto-2025-12-02T172535.055.jpg&#8221; alt=&#8221;Alfa Romeo 75 Evoluzione &#8221; title_text=&#8221;Voci dell&#8217;Alfa Romeo&#8221; force_fullwidth=&#8221;on&#8221; align_tablet=&#8221;center&#8221; align_phone=&#8221;&#8221; align_last_edited=&#8221;on|desktop&#8221; admin_label=&#8221;Immagine principale&#8221; _builder_version=&#8221;4.8.2&#8243; animation=&#8221;off&#8221; sticky=&#8221;off&#8221; use_border_color=&#8221;off&#8221; border_color=&#8221;#ffffff&#8221; border_width=&#8221;1&#8243; border_style=&#8221;solid&#8221; always_center_on_mobile=&#8221;on&#8221;][\/et_pb_image][\/et_pb_column][\/et_pb_row][et_pb_row admin_label=&#8221;Riga&#8221; _builder_version=&#8221;4.8.2&#8243; background_size=&#8221;initial&#8221; background_position=&#8221;top_left&#8221; background_repeat=&#8221;repeat&#8221; custom_padding=&#8221;20px||0px|&#8221; make_fullwidth=&#8221;off&#8221; use_custom_width=&#8221;off&#8221; width_unit=&#8221;on&#8221; custom_width_px=&#8221;1080&#8243; custom_width_percent=&#8221;80&#8243;][et_pb_column type=&#8221;4_4&#8243; _builder_version=&#8221;3.25&#8243; custom_padding=&#8221;|||&#8221; custom_padding__hover=&#8221;|||&#8221;][et_pb_text admin_label=&#8221;Titolo&#8221; _builder_version=&#8221;4.8.2&#8243; text_font=&#8221;PT Sans||||&#8221; text_text_color=&#8221;#000000&#8243; text_font_size=&#8221;30px&#8221; text_letter_spacing=&#8221;0&#8243; text_line_height=&#8221;1.1&#8243; header_font=&#8221;PT Sans||||&#8221; header_text_color=&#8221;#000000&#8243; header_letter_spacing=&#8221;0&#8243; header_line_height=&#8221;1.1em&#8221; background_size=&#8221;initial&#8221; background_position=&#8221;top_left&#8221; background_repeat=&#8221;repeat&#8221; custom_margin=&#8221;0px||0px|&#8221; text_font_size_tablet=&#8221;60&#8243; text_font_size_phone=&#8221;&#8221; text_font_size_last_edited=&#8221;on|phone&#8221; text_letter_spacing_tablet=&#8221;&#8221; text_letter_spacing_phone=&#8221;&#8221; text_letter_spacing_last_edited=&#8221;on|desktop&#8221; text_line_height_tablet=&#8221;&#8221; text_line_height_phone=&#8221;&#8221; text_line_height_last_edited=&#8221;on|&#8221; header_font_size_tablet=&#8221;46&#8243; header_font_size_phone=&#8221;38px&#8221; header_font_size_last_edited=&#8221;on|phone&#8221; use_border_color=&#8221;off&#8221; border_color=&#8221;#ffffff&#8221; border_width=&#8221;1&#8243; border_style=&#8221;solid&#8221;]<\/p>\n<p><span style=\"color: #800000;\">Voci dell&#8217;Alfa Romeo<\/span><\/p>\n<p>[\/et_pb_text][et_pb_text admin_label=&#8221;Titolo&#8221; _builder_version=&#8221;4.8.2&#8243; text_font=&#8221;PT Sans||||&#8221; text_text_color=&#8221;#000000&#8243; text_font_size=&#8221;72&#8243; text_letter_spacing=&#8221;0&#8243; text_line_height=&#8221;1.1&#8243; header_font=&#8221;PT Sans||||&#8221; header_text_color=&#8221;#000000&#8243; header_font_size=&#8221;48&#8243; header_letter_spacing=&#8221;0&#8243; header_line_height=&#8221;1.1em&#8221; background_size=&#8221;initial&#8221; background_position=&#8221;top_left&#8221; background_repeat=&#8221;repeat&#8221; custom_margin=&#8221;0px||0px|&#8221; text_font_size_tablet=&#8221;60&#8243; text_font_size_phone=&#8221;&#8221; text_font_size_last_edited=&#8221;on|phone&#8221; text_letter_spacing_tablet=&#8221;&#8221; text_letter_spacing_phone=&#8221;&#8221; text_letter_spacing_last_edited=&#8221;on|desktop&#8221; text_line_height_tablet=&#8221;&#8221; text_line_height_phone=&#8221;&#8221; text_line_height_last_edited=&#8221;on|&#8221; header_font_size_tablet=&#8221;46&#8243; header_font_size_phone=&#8221;38px&#8221; header_font_size_last_edited=&#8221;on|phone&#8221; use_border_color=&#8221;off&#8221; border_color=&#8221;#ffffff&#8221; border_width=&#8221;1&#8243; border_style=&#8221;solid&#8221;]<\/p>\n<p>Per sempre pezzi del museo<\/p>\n<p>[\/et_pb_text][et_pb_image src=&#8221;https:\/\/www.museofratellicozzi.com\/news\/wp-content\/uploads\/2025\/02\/CulturAlfa_Logo_Black_v7.0.png&#8221; title_text=&#8221;logo CulturAlfa&#8221; _builder_version=&#8221;4.8.2&#8243; _module_preset=&#8221;default&#8221; width=&#8221;16%&#8221; max_width=&#8221;16%&#8221; module_alignment=&#8221;left&#8221;][\/et_pb_image][\/et_pb_column][\/et_pb_row][\/et_pb_section][et_pb_section fb_built=&#8221;1&#8243; admin_label=&#8221;Section&#8221; _builder_version=&#8221;3.22&#8243; background_color=&#8221;#f7f7f4&#8243; transparent_background=&#8221;off&#8221; make_fullwidth=&#8221;off&#8221; use_custom_width=&#8221;off&#8221; width_unit=&#8221;on&#8221; custom_width_px=&#8221;1080&#8243; custom_width_percent=&#8221;80&#8243;][et_pb_row column_structure=&#8221;1_3,2_3&#8243; padding_mobile=&#8221;on&#8221; column_padding_mobile=&#8221;on&#8221; admin_label=&#8221;row&#8221; _builder_version=&#8221;4.8.2&#8243; background_size=&#8221;initial&#8221; background_position=&#8221;top_left&#8221; background_repeat=&#8221;repeat&#8221; custom_margin=&#8221;10px||||false|false&#8221; custom_padding=&#8221;0px|||&#8221; make_fullwidth=&#8221;off&#8221; use_custom_width=&#8221;off&#8221; width_unit=&#8221;on&#8221; custom_width_px=&#8221;1080&#8243; custom_width_percent=&#8221;80&#8243;][et_pb_column type=&#8221;1_3&#8243; _builder_version=&#8221;3.25&#8243; custom_padding=&#8221;|||&#8221; custom_padding__hover=&#8221;|||&#8221;][et_pb_text admin_label=&#8221;Occhiello&#8221; _builder_version=&#8221;4.8.2&#8243; text_font=&#8221;PT Sans|on|||&#8221; text_text_color=&#8221;#363636&#8243; text_font_size=&#8221;24&#8243; text_letter_spacing=&#8221;0&#8243; text_line_height=&#8221;1.4&#8243; header_font_size=&#8221;30&#8243; header_letter_spacing=&#8221;0&#8243; header_line_height=&#8221;1&#8243; header_3_font_size=&#8221;19px&#8221; header_3_line_height=&#8221;1.2em&#8221; background_size=&#8221;initial&#8221; background_position=&#8221;top_left&#8221; background_repeat=&#8221;repeat&#8221; max_width=&#8221;620px&#8221; custom_margin=&#8221;0px|20px|0px||false|false&#8221; custom_padding=&#8221;||0px|||&#8221; text_font_size_tablet=&#8221;&#8221; text_font_size_phone=&#8221;&#8221; text_font_size_last_edited=&#8221;on|desktop&#8221; use_border_color=&#8221;off&#8221; border_color=&#8221;#ffffff&#8221; border_width=&#8221;1&#8243; border_style=&#8221;solid&#8221;]<\/p>\n<p><strong>Grazie a tutti coloro che hanno reso speciale l&#8217;evento &#8220;Voci dell&#8217;Alfa Romeo&#8221;<\/strong>, un memorabile pomeriggio insieme a<strong> <\/strong>chi ha costruito, vissuto e tramandato il mito Alfa Romeo<\/p>\n<p>[\/et_pb_text][\/et_pb_column][et_pb_column type=&#8221;2_3&#8243; _builder_version=&#8221;3.25&#8243; custom_padding=&#8221;|||&#8221; custom_padding__hover=&#8221;|||&#8221;][et_pb_text admin_label=&#8221;Blocco testo 1&#8243; _builder_version=&#8221;4.8.2&#8243; text_font=&#8221;PT Sans||||&#8221; text_text_color=&#8221;#363636&#8243; text_font_size=&#8221;20&#8243; text_letter_spacing=&#8221;0&#8243; text_line_height=&#8221;1.2em&#8221; header_font_size=&#8221;30&#8243; header_letter_spacing=&#8221;0&#8243; header_line_height=&#8221;1&#8243; background_size=&#8221;initial&#8221; background_position=&#8221;top_left&#8221; background_repeat=&#8221;repeat&#8221; max_width=&#8221;620px&#8221; custom_margin=&#8221;0px||0px||false|false&#8221; custom_padding=&#8221;||0px|||&#8221; text_font_size_tablet=&#8221;&#8221; text_font_size_phone=&#8221;&#8221; text_font_size_last_edited=&#8221;on|tablet&#8221; use_border_color=&#8221;off&#8221; border_color=&#8221;#ffffff&#8221; border_width=&#8221;1&#8243; border_style=&#8221;solid&#8221;]<\/p>\n<p>Il museo non \u00e8 solo il luogo in cui sono custodite le 60 stupende Alfa Romeo della collezione, da sempre \u00e8 anche <strong>il luogo in cui le storie alfiste vengono ascoltate, custodite e tramandate. <\/strong><\/p>\n<p>Domenica 30 novembre il nostro archivio emotivo si \u00e8 arricchito grazie alla testimonianza delle <span style=\"color: #800000;\"><strong><a href=\"https:\/\/www.museofratellicozzi.com\/news\/voci-alfa-romeo\/\" target=\"_blank\" rel=\"noopener noreferrer\" style=\"color: #800000;\">Voci dell&#8217;Alfa Romeo<\/a><\/strong><\/span> di\u00a0<em>Carlo Agazzi, Giuseppe Furlan, Gianni Tonti, Elvira Ruocco, Federico Moroni, Mariano Lavazza, Elisabetta Cozzi.\u00a0<\/em><\/p>\n<p>Uomini e donne che hanno raccontato in modo intimo e coinvolgente la loro storia in Alfa Romeo e tantissimi aneddoti pieni di emozioni, passioni, entusiasmi ma anche paure e difficolt\u00e0 dipingendo, attraverso ricordi personali, <strong>il quadro di epoche passate del nostro Paese<\/strong>.<\/p>\n<p><span style=\"color: #800000;\"><em>Sfoglia la galleria fotografica con i bellissimi scatti di Francesco Morello<\/em><\/span><strong><\/strong><\/p>\n<p>[\/et_pb_text][\/et_pb_column][\/et_pb_row][et_pb_row _builder_version=&#8221;4.8.2&#8243; _module_preset=&#8221;default&#8221;][et_pb_column type=&#8221;4_4&#8243; _builder_version=&#8221;4.8.2&#8243; _module_preset=&#8221;default&#8221;][et_pb_gallery gallery_ids=&#8221;24566,24603,24567,24552,24553,24554,24555,24556,24558,24559,24560,24561,24562,24563,24564,24565,24591,24592,24593,24594,24595&#8243; fullwidth=&#8221;on&#8221; _builder_version=&#8221;4.8.2&#8243; _module_preset=&#8221;default&#8221; animation_style=&#8221;fade&#8221;][\/et_pb_gallery][\/et_pb_column][\/et_pb_row][et_pb_row column_structure=&#8221;1_3,1_3,1_3&#8243; _builder_version=&#8221;4.8.2&#8243; _module_preset=&#8221;default&#8221;][et_pb_column type=&#8221;1_3&#8243; _builder_version=&#8221;4.8.2&#8243; _module_preset=&#8221;default&#8221;][et_pb_image src=&#8221;https:\/\/www.museofratellicozzi.com\/news\/wp-content\/uploads\/2025\/12\/Beige-Elegante-Vintage-Moodboard-Floreale-Collage-Foto-Orizzontale-3.png&#8221; title_text=&#8221;Voci dell&#8217;Alfa Romeo &#8221; _builder_version=&#8221;4.8.2&#8243; _module_preset=&#8221;default&#8221;][\/et_pb_image][et_pb_text _builder_version=&#8221;4.8.2&#8243; _module_preset=&#8221;default&#8221;]<\/p>\n<p>Accoglienza degli ospiti nella Sala Rossa<\/p>\n<p>[\/et_pb_text][\/et_pb_column][et_pb_column type=&#8221;1_3&#8243; _builder_version=&#8221;4.8.2&#8243; _module_preset=&#8221;default&#8221;][et_pb_image src=&#8221;https:\/\/www.museofratellicozzi.com\/news\/wp-content\/uploads\/2025\/12\/Beige-Elegante-Vintage-Moodboard-Floreale-Collage-Foto-Orizzontale-2.png&#8221; title_text=&#8221;Beige Elegante Vintage Moodboard Floreale Collage Foto Orizzontale (2)&#8221; _builder_version=&#8221;4.8.2&#8243; _module_preset=&#8221;default&#8221;][\/et_pb_image][et_pb_text _builder_version=&#8221;4.8.2&#8243; _module_preset=&#8221;default&#8221;]<\/p>\n<p>Emozionante ricordo di Pietro Cozzi<\/p>\n<p>[\/et_pb_text][\/et_pb_column][et_pb_column type=&#8221;1_3&#8243; _builder_version=&#8221;4.8.2&#8243; _module_preset=&#8221;default&#8221;][et_pb_image src=&#8221;https:\/\/www.museofratellicozzi.com\/news\/wp-content\/uploads\/2025\/12\/Beige-Elegante-Vintage-Moodboard-Floreale-Collage-Foto-Orizzontale-1.png&#8221; title_text=&#8221;Beige Elegante Vintage Moodboard Floreale Collage Foto Orizzontale (1)&#8221; _builder_version=&#8221;4.8.2&#8243; _module_preset=&#8221;default&#8221;][\/et_pb_image][et_pb_text _builder_version=&#8221;4.8.2&#8243; _module_preset=&#8221;default&#8221;]<\/p>\n<p>Strette di mano e condivisione\u00a0<\/p>\n<p>[\/et_pb_text][\/et_pb_column][\/et_pb_row][et_pb_row column_structure=&#8221;1_3,2_3&#8243; padding_mobile=&#8221;on&#8221; column_padding_mobile=&#8221;on&#8221; admin_label=&#8221;row&#8221; _builder_version=&#8221;4.8.2&#8243; background_size=&#8221;initial&#8221; background_position=&#8221;top_left&#8221; background_repeat=&#8221;repeat&#8221; custom_margin=&#8221;10px||||false|false&#8221; custom_padding=&#8221;0px|||&#8221; make_fullwidth=&#8221;off&#8221; use_custom_width=&#8221;off&#8221; width_unit=&#8221;on&#8221; custom_width_px=&#8221;1080&#8243; custom_width_percent=&#8221;80&#8243;][et_pb_column type=&#8221;1_3&#8243; _builder_version=&#8221;3.25&#8243; custom_padding=&#8221;|||&#8221; custom_padding__hover=&#8221;|||&#8221;][\/et_pb_column][et_pb_column type=&#8221;2_3&#8243; _builder_version=&#8221;3.25&#8243; custom_padding=&#8221;|||&#8221; custom_padding__hover=&#8221;|||&#8221;][et_pb_text admin_label=&#8221;Blocco testo 1&#8243; _builder_version=&#8221;4.8.2&#8243; text_font=&#8221;PT Sans||||&#8221; text_text_color=&#8221;#363636&#8243; text_font_size=&#8221;20&#8243; text_letter_spacing=&#8221;0&#8243; text_line_height=&#8221;1.2em&#8221; header_font_size=&#8221;30&#8243; header_letter_spacing=&#8221;0&#8243; header_line_height=&#8221;1&#8243; background_size=&#8221;initial&#8221; background_position=&#8221;top_left&#8221; background_repeat=&#8221;repeat&#8221; max_width=&#8221;620px&#8221; custom_margin=&#8221;0px||0px||false|false&#8221; custom_padding=&#8221;||0px|||&#8221; text_font_size_tablet=&#8221;&#8221; text_font_size_phone=&#8221;&#8221; text_font_size_last_edited=&#8221;on|tablet&#8221; use_border_color=&#8221;off&#8221; border_color=&#8221;#ffffff&#8221; border_width=&#8221;1&#8243; border_style=&#8221;solid&#8221;]<\/p>\n<p>L&#8217;industrializzazione post bellica, le migrazioni in cerca di lavoro, gli anni del terrorismo e delle conquiste femministe. Questi sono i temi che abbiamo voluto sviluppare in occasione della\u00a0<span style=\"color: #800000;\"><a style=\"color: #800000;\" href=\"https:\/\/museimpresa.com\/settimana-cultura\/\" target=\"_blank\" rel=\"noopener noreferrer\"><strong>Settimana della Cultura d\u2019Impresa<\/strong><\/a><\/span>, l&#8217;evento nazionale che ogni anno permette di scoprire l\u2019immenso patrimonio culturale custodito all\u2019interno dei musei e degli archivi di grandi, medie e piccole imprese italiane. Il tema scelto per questa edizione \u00e8 stato\u00a0<em>&#8220;Raccontare l\u2019intraprendenza. Per fare crescere le imprese aperte e connesse&#8221;<\/em>.<\/p>\n<p>Il progetto &#8220;Voci dell&#8217;Alfa Romeo&#8221;, targato <span><strong><a href=\"https:\/\/culturalfa.org\/\" target=\"_blank\" rel=\"noopener noreferrer\">CulturAlfa,\u00a0<\/a><\/strong><\/span>\u00e8 stato\u00a0ideato dall\u2019<strong>Associazione Friends of Museo Fratelli Cozzi <\/strong>e<strong>\u00a0<\/strong>curato da<strong> Paolo Girotti <\/strong>e\u00a0con la direzione scientifica della <strong>LIUC \u2013 Universit\u00e0 Cattaneo.<\/strong><\/p>\n<p><strong><\/strong><\/p>\n<p><em>\u00a0Ph credits Francesco Morello<\/em><\/p>\n<p>[\/et_pb_text][\/et_pb_column][\/et_pb_row][et_pb_row column_structure=&#8221;1_3,1_3,1_3&#8243; _builder_version=&#8221;4.8.2&#8243; _module_preset=&#8221;default&#8221;][et_pb_column type=&#8221;1_3&#8243; _builder_version=&#8221;4.8.2&#8243; _module_preset=&#8221;default&#8221;][et_pb_image src=&#8221;https:\/\/www.museofratellicozzi.com\/news\/wp-content\/uploads\/2025\/12\/Beige-Elegante-Vintage-Moodboard-Floreale-Collage-Foto-Orizzontale-8.png&#8221; title_text=&#8221;Voci dell&#8217;Alfa Romeo &#8221; _builder_version=&#8221;4.8.2&#8243; _module_preset=&#8221;default&#8221;][\/et_pb_image][et_pb_text _builder_version=&#8221;4.8.2&#8243; _module_preset=&#8221;default&#8221;]<\/p>\n<p>La targa &#8220;Seniores&#8221;\u00a0<\/p>\n<p>[\/et_pb_text][\/et_pb_column][et_pb_column type=&#8221;1_3&#8243; _builder_version=&#8221;4.8.2&#8243; _module_preset=&#8221;default&#8221;][et_pb_image src=&#8221;https:\/\/www.museofratellicozzi.com\/news\/wp-content\/uploads\/2025\/12\/Beige-Elegante-Vintage-Moodboard-Floreale-Collage-Foto-Orizzontale-7.png&#8221; title_text=&#8221;Voci dell&#8217;Alfa Romeo&#8221; _builder_version=&#8221;4.8.2&#8243; _module_preset=&#8221;default&#8221;][\/et_pb_image][et_pb_text _builder_version=&#8221;4.8.2&#8243; _module_preset=&#8221;default&#8221;]<\/p>\n<p>Elisabetta Cozzi mostra la targa<\/p>\n<p>[\/et_pb_text][\/et_pb_column][et_pb_column type=&#8221;1_3&#8243; _builder_version=&#8221;4.8.2&#8243; _module_preset=&#8221;default&#8221;][et_pb_image src=&#8221;https:\/\/www.museofratellicozzi.com\/news\/wp-content\/uploads\/2025\/12\/Beige-Elegante-Vintage-Moodboard-Floreale-Collage-Foto-Orizzontale-9.png&#8221; title_text=&#8221;Voci dell&#8217;Alfa Romeo &#8221; _builder_version=&#8221;4.8.2&#8243; _module_preset=&#8221;default&#8221;][\/et_pb_image][et_pb_text _builder_version=&#8221;4.8.2&#8243; _module_preset=&#8221;default&#8221;]<\/p>\n<p>Lettura motivazione premio<\/p>\n<p>[\/et_pb_text][et_pb_text _builder_version=&#8221;4.8.2&#8243; _module_preset=&#8221;default&#8221;][\/et_pb_text][\/et_pb_column][\/et_pb_row][et_pb_row column_structure=&#8221;1_3,2_3&#8243; padding_mobile=&#8221;on&#8221; column_padding_mobile=&#8221;on&#8221; admin_label=&#8221;row&#8221; _builder_version=&#8221;4.8.2&#8243; background_size=&#8221;initial&#8221; background_position=&#8221;top_left&#8221; background_repeat=&#8221;repeat&#8221; custom_margin=&#8221;10px||||false|false&#8221; custom_padding=&#8221;0px|||&#8221; make_fullwidth=&#8221;off&#8221; use_custom_width=&#8221;off&#8221; width_unit=&#8221;on&#8221; custom_width_px=&#8221;1080&#8243; custom_width_percent=&#8221;80&#8243;][et_pb_column type=&#8221;1_3&#8243; _builder_version=&#8221;3.25&#8243; custom_padding=&#8221;|||&#8221; custom_padding__hover=&#8221;|||&#8221;][\/et_pb_column][et_pb_column type=&#8221;2_3&#8243; _builder_version=&#8221;3.25&#8243; custom_padding=&#8221;|||&#8221; custom_padding__hover=&#8221;|||&#8221;][et_pb_text admin_label=&#8221;Blocco testo 1&#8243; _builder_version=&#8221;4.8.2&#8243; text_font=&#8221;PT Sans||||&#8221; text_text_color=&#8221;#363636&#8243; text_font_size=&#8221;20&#8243; text_letter_spacing=&#8221;0&#8243; text_line_height=&#8221;1.2em&#8221; header_font_size=&#8221;30&#8243; header_letter_spacing=&#8221;0&#8243; header_line_height=&#8221;1&#8243; background_size=&#8221;initial&#8221; background_position=&#8221;top_left&#8221; background_repeat=&#8221;repeat&#8221; max_width=&#8221;620px&#8221; custom_margin=&#8221;0px||0px||false|false&#8221; text_font_size_tablet=&#8221;&#8221; text_font_size_phone=&#8221;&#8221; text_font_size_last_edited=&#8221;on|tablet&#8221; use_border_color=&#8221;off&#8221; border_color=&#8221;#ffffff&#8221; border_width=&#8221;1&#8243; border_style=&#8221;solid&#8221;]<\/p>\n<h3><em>Elisabetta prima Seniores Onoraria Alfa Romeo<\/em><\/h3>\n<p>&nbsp;<\/p>\n<p>Durante l&#8217;evento si \u00e8 &#8220;dato voce&#8221; anche alla onorificenza ricevuta da Elisabetta insignita del titolo di <strong>Seniores Onoraria\u00a0<\/strong>da parte del<strong> Gruppo Seniores d&#8217;Azienda Alfa Romeo.<\/strong>\u00a0La Consegna ufficiale si \u00e8 svolta a Rho i<span>n occasione del 115\u00b0 anno di fondazione dell\u2019Alfa Romeo lo scorso 15 novembre e l&#8217;evento al museo \u00e8 stato l&#8217;occasione per condividere con il pubblico questo graditissimo riconoscimento. Il Gruppo Seniores degli ex dipendenti, riunito a\u00a0<\/span><span>Villa Burba per celebrare la storia del Biscione, ha conferito gli\u00a0<\/span><span>Attestati di fedelt\u00e0 a Enrico Lazzati, Luigi Luzzara, Mario Tironi e, alla memoria, Fiorenzo Ventura, la Targa al merito a Bruno Zara e la Targa di \u201cSocio Onorario\u201d a Marino Parolin ed Elisabetta Cozzi, <\/span><strong>prima donna a ricevere tale riconoscimento.<\/strong><\/p>\n<p>Ecco la motivazione:\u00a0&#8220;<em>Per la sua identificazione con il nostro sistema valoriale ed essere da sempre Alfista. Elisabetta ha operato nella storica concessionaria Alfa Romeo, la F.lli Cozzi di Legnano. Le sue esperienze manageriali si sono ancor pi\u00f9 valorizzate nella direzione del museo che espone le Alfa dagli anni &#8217;50 ai modelli pi\u00f9 recenti, collezionate dal padre Pietro. Del museo, Elisabetta ne ha fatto un Polo di cultura automobilistica. La sua dinamica creativa ha generato iniziative che hanno coinvolto Universit\u00e0, Scuole e Associazioni. A tali iniziative i Seniores hanno pi\u00f9 volte dato il loro contributo testimoniale<\/em>&#8220;.<span style=\"letter-spacing: 0px;\">\u00a0<\/span><\/p>\n<p>[\/et_pb_text][\/et_pb_column][\/et_pb_row][et_pb_row _builder_version=&#8221;4.8.2&#8243; _module_preset=&#8221;default&#8221;][et_pb_column type=&#8221;4_4&#8243; _builder_version=&#8221;4.8.2&#8243; _module_preset=&#8221;default&#8221;][et_pb_video src=&#8221;https:\/\/youtu.be\/X1e29FLHes4?si=6NQvhJEa4nRtTBZe&#8221; _builder_version=&#8221;4.8.2&#8243; _module_preset=&#8221;default&#8221;][\/et_pb_video][\/et_pb_column][\/et_pb_row][et_pb_row _builder_version=&#8221;4.8.2&#8243; _module_preset=&#8221;default&#8221;][et_pb_column type=&#8221;4_4&#8243; _builder_version=&#8221;4.8.2&#8243; _module_preset=&#8221;default&#8221;][et_pb_divider _builder_version=&#8221;4.8.2&#8243; _module_preset=&#8221;default&#8221;][\/et_pb_divider][\/et_pb_column][\/et_pb_row][et_pb_row column_structure=&#8221;1_3,2_3&#8243; padding_mobile=&#8221;on&#8221; column_padding_mobile=&#8221;on&#8221; admin_label=&#8221;row&#8221; _builder_version=&#8221;4.8.2&#8243; background_size=&#8221;initial&#8221; background_position=&#8221;top_left&#8221; background_repeat=&#8221;repeat&#8221; custom_margin=&#8221;10px||||false|false&#8221; custom_padding=&#8221;0px|||&#8221; make_fullwidth=&#8221;off&#8221; use_custom_width=&#8221;off&#8221; width_unit=&#8221;on&#8221; custom_width_px=&#8221;1080&#8243; custom_width_percent=&#8221;80&#8243;][et_pb_column type=&#8221;1_3&#8243; _builder_version=&#8221;3.25&#8243; custom_padding=&#8221;|||&#8221; custom_padding__hover=&#8221;|||&#8221;][et_pb_image src=&#8221;https:\/\/www.museofratellicozzi.com\/news\/wp-content\/uploads\/2025\/11\/grafica2.jpg&#8221; title_text=&#8221;grafica2&#8243; url=&#8221;https:\/\/www.museofratellicozzi.com\/news\/wp-content\/uploads\/2025\/11\/Le-voci-delle-imprese_il-progetto.pdf&#8221; url_new_window=&#8221;on&#8221; _builder_version=&#8221;4.8.2&#8243; _module_preset=&#8221;default&#8221;][\/et_pb_image][et_pb_text _builder_version=&#8221;4.8.2&#8243; _module_preset=&#8221;default&#8221;]<span data-contrast=\"auto\">Clicca sull&#8217;immagine e scarica la brochure completa del progetto<\/span><br \/>\n[\/et_pb_text][\/et_pb_column][et_pb_column type=&#8221;2_3&#8243; _builder_version=&#8221;3.25&#8243; custom_padding=&#8221;|||&#8221; custom_padding__hover=&#8221;|||&#8221;][et_pb_text admin_label=&#8221;Blocco testo 1&#8243; _builder_version=&#8221;4.8.2&#8243; text_font=&#8221;PT Sans||||&#8221; text_text_color=&#8221;#363636&#8243; text_font_size=&#8221;20&#8243; text_letter_spacing=&#8221;0&#8243; text_line_height=&#8221;1.2em&#8221; header_font_size=&#8221;30&#8243; header_letter_spacing=&#8221;0&#8243; header_line_height=&#8221;1&#8243; background_size=&#8221;initial&#8221; background_position=&#8221;top_left&#8221; background_repeat=&#8221;repeat&#8221; max_width=&#8221;620px&#8221; custom_margin=&#8221;0px||0px||false|false&#8221; text_font_size_tablet=&#8221;&#8221; text_font_size_phone=&#8221;&#8221; text_font_size_last_edited=&#8221;on|tablet&#8221; use_border_color=&#8221;off&#8221; border_color=&#8221;#ffffff&#8221; border_width=&#8221;1&#8243; border_style=&#8221;solid&#8221;]<\/p>\n<h3>IL PROGETTO<\/h3>\n<p>La raccolta delle testimonianze selezionate \u00e8 stata affidata alla competenza dell\u2019Archivio del Cinema Industriale dell\u2019Universit\u00e0 LIUC di Castellanza, con una metodologia consolidata e gi\u00e0 sperimentata in progetti simili (Cantoni, Caproni, Ferrovie Nord Milano, ecc).\u00a0Sotto la guida del <strong>professor Daniele Pozzi<\/strong>, direttore dell\u2019Archivio.<\/p>\n<p>In un secondo momento \u00e8 stata realizzata una nuova produzione video, strutturata sulle interviste raccolte nell\u2019ambito del progetto scientifico, dalle sttudentesse e dagli studenti dell\u2019ITS <span style=\"color: #800000;\"><strong><a style=\"color: #800000;\" href=\"https:\/\/itsincom.it\/\" target=\"_blank\" rel=\"noopener noreferrer\">INCOM di Busto Arsizio<\/a><\/strong><\/span>, chiamati a interpretare queste memorie con occhi e linguaggi contemporanei. Questo materiale \u00e8 ora <strong>un nuovo e prezioso pezzo DEL (e non da) Museo.<\/strong><\/p>\n<p>Le studentesse e gli studenti, presenti durante l&#8217;evento di domenica 30 novembre, hanno realizzato nuove riprese che poi hanno montato per attribuire un taglio diverso alle testimonianze attraverso un coinvolgimento non solo tecnico, ma anche progettuale e narrativo. Un&#8217;esperienza che ha permesso loro di tradurre\u00a0in concreto le competenze acquisite in aula<\/p>\n<p>In questo modo l\u2019urgenza di salvaguardare una memoria viva, radicata nel tessuto sociale e industriale del territorio, si \u00e8 concretizzata su due binari: da un lato, <strong>documentare e custodire<\/strong> le testimonianze raccolte in modo scientifico e duraturo; dall\u2019altro, <strong>rendere accessibile e coinvolgente questa memoria per le nuove generazioni e i nuovi cittadini del territorio<\/strong>.<\/p>\n<p>Il progetto \u00e8 stato realizzato con il supporto della <strong><a href=\"https:\/\/www.fondazioneticinoolona.it\/\" target=\"_blank\" rel=\"noopener noreferrer\"><span style=\"color: #800000;\">Fondazione Comunitaria Ticino Olona<\/span><\/a><\/strong> e della <strong><span style=\"color: #800000;\"><a style=\"color: #800000;\" href=\"https:\/\/fondazionebpm.bancobpm.it\/\" target=\"_blank\" rel=\"noopener noreferrer\">Fondazione BPM<\/a> <\/span><\/strong>e si inserisce nelle iniziative di <span style=\"color: #800000;\"><a style=\"color: #800000;\" href=\"https:\/\/culturalfa.org\/\" target=\"_blank\" rel=\"noopener noreferrer\"><strong>CulturAlfa<\/strong><\/a><\/span>.<\/p>\n<p>[\/et_pb_text][\/et_pb_column][\/et_pb_row][et_pb_row column_structure=&#8221;1_3,1_3,1_3&#8243; _builder_version=&#8221;4.8.2&#8243; _module_preset=&#8221;default&#8221;][et_pb_column type=&#8221;1_3&#8243; _builder_version=&#8221;4.8.2&#8243; _module_preset=&#8221;default&#8221;][et_pb_image src=&#8221;https:\/\/www.museofratellicozzi.com\/news\/wp-content\/uploads\/2025\/12\/Beige-Elegante-Vintage-Moodboard-Floreale-Collage-Foto-Orizzontale-13.png&#8221; title_text=&#8221;Beige Elegante Vintage Moodboard Floreale Collage Foto Orizzontale (13)&#8221; _builder_version=&#8221;4.8.2&#8243; _module_preset=&#8221;default&#8221;][\/et_pb_image][et_pb_text _builder_version=&#8221;4.8.2&#8243; _module_preset=&#8221;default&#8221;]<\/p>\n<p>La Direttrice Maria Rosaria\u00a0Ramponi e l&#8217;insegnante Marco Corso<\/p>\n<p>[\/et_pb_text][\/et_pb_column][et_pb_column type=&#8221;1_3&#8243; _builder_version=&#8221;4.8.2&#8243; _module_preset=&#8221;default&#8221;][et_pb_image src=&#8221;https:\/\/www.museofratellicozzi.com\/news\/wp-content\/uploads\/2025\/12\/Beige-Elegante-Vintage-Moodboard-Floreale-Collage-Foto-Orizzontale-14.png&#8221; title_text=&#8221;Beige Elegante Vintage Moodboard Floreale Collage Foto Orizzontale (14)&#8221; _builder_version=&#8221;4.8.2&#8243; _module_preset=&#8221;default&#8221;][\/et_pb_image][et_pb_text _builder_version=&#8221;4.8.2&#8243; _module_preset=&#8221;default&#8221;]<\/p>\n<p>La Direttrice Maria Rosaria\u00a0Ramponi e l&#8217;insegnante Marco Corso con la studentessa Sofia Canton e lo studente Alex Tassoni<\/p>\n<p>[\/et_pb_text][\/et_pb_column][et_pb_column type=&#8221;1_3&#8243; _builder_version=&#8221;4.8.2&#8243; _module_preset=&#8221;default&#8221;][et_pb_image src=&#8221;https:\/\/www.museofratellicozzi.com\/news\/wp-content\/uploads\/2025\/12\/Beige-Elegante-Vintage-Moodboard-Floreale-Collage-Foto-Orizzontale-15.png&#8221; title_text=&#8221;Beige Elegante Vintage Moodboard Floreale Collage Foto Orizzontale (15)&#8221; _builder_version=&#8221;4.8.2&#8243; _module_preset=&#8221;default&#8221;][\/et_pb_image][et_pb_text _builder_version=&#8221;4.8.2&#8243; _module_preset=&#8221;default&#8221;]<\/p>\n<p>Il Prof. Daniele Pozzi dell&#8217;universit\u00e0 LIUC<\/p>\n<p>[\/et_pb_text][\/et_pb_column][\/et_pb_row][et_pb_row _builder_version=&#8221;4.8.2&#8243; _module_preset=&#8221;default&#8221;][et_pb_column type=&#8221;4_4&#8243; _builder_version=&#8221;4.8.2&#8243; _module_preset=&#8221;default&#8221;][et_pb_divider _builder_version=&#8221;4.8.2&#8243; _module_preset=&#8221;default&#8221;][\/et_pb_divider][\/et_pb_column][\/et_pb_row][et_pb_row column_structure=&#8221;1_3,2_3&#8243; padding_mobile=&#8221;on&#8221; column_padding_mobile=&#8221;on&#8221; admin_label=&#8221;row&#8221; _builder_version=&#8221;4.8.2&#8243; background_size=&#8221;initial&#8221; background_position=&#8221;top_left&#8221; background_repeat=&#8221;repeat&#8221; custom_margin=&#8221;10px||||false|false&#8221; custom_padding=&#8221;0px|||&#8221; make_fullwidth=&#8221;off&#8221; use_custom_width=&#8221;off&#8221; width_unit=&#8221;on&#8221; custom_width_px=&#8221;1080&#8243; custom_width_percent=&#8221;80&#8243;][et_pb_column type=&#8221;1_3&#8243; _builder_version=&#8221;3.25&#8243; custom_padding=&#8221;|||&#8221; custom_padding__hover=&#8221;|||&#8221;][et_pb_image src=&#8221;https:\/\/www.museofratellicozzi.com\/news\/wp-content\/uploads\/2025\/12\/Beige-Elegante-Vintage-Moodboard-Floreale-Collage-Foto-Orizzontale-10.png&#8221; title_text=&#8221;Paolo Girotti&#8221; _builder_version=&#8221;4.8.2&#8243; _module_preset=&#8221;default&#8221;][\/et_pb_image][et_pb_text _builder_version=&#8221;4.8.2&#8243; _module_preset=&#8221;default&#8221;]<\/p>\n<p>Paolo Girotti &#8211; giornalista curatore del progetto<\/p>\n<p>[\/et_pb_text][\/et_pb_column][et_pb_column type=&#8221;2_3&#8243; _builder_version=&#8221;3.25&#8243; custom_padding=&#8221;|||&#8221; custom_padding__hover=&#8221;|||&#8221;][et_pb_text admin_label=&#8221;Blocco testo 1&#8243; _builder_version=&#8221;4.8.2&#8243; text_font=&#8221;PT Sans||||&#8221; text_text_color=&#8221;#363636&#8243; text_font_size=&#8221;20&#8243; text_letter_spacing=&#8221;0&#8243; text_line_height=&#8221;1.2em&#8221; header_font_size=&#8221;30&#8243; header_letter_spacing=&#8221;0&#8243; header_line_height=&#8221;1&#8243; background_size=&#8221;initial&#8221; background_position=&#8221;top_left&#8221; background_repeat=&#8221;repeat&#8221; max_width=&#8221;620px&#8221; custom_margin=&#8221;0px||0px||false|false&#8221; text_font_size_tablet=&#8221;&#8221; text_font_size_phone=&#8221;&#8221; text_font_size_last_edited=&#8221;on|tablet&#8221; use_border_color=&#8221;off&#8221; border_color=&#8221;#ffffff&#8221; border_width=&#8221;1&#8243; border_style=&#8221;solid&#8221;]<\/p>\n<p><strong>Il curatore Paolo Girotti<\/strong><\/p>\n<p>Paolo Girotti,\u00a0\u00e8 giornalista dalla fine degli anni Ottanta e collabora con il quotidiano \u201cIl Giorno\u201d dal 1996, dopo diverse collaborazioni con numerosi quotidiani, settimanali e mensili. In particolare si occupa di cronaca, arte, viaggi: interessato al contemporaneo, dice di guardare &#8220;<em>al passato solo in quanto seme dell\u2019oggi e ingrediente per capire che ricetta ci preparer\u00e0 il futuro<\/em>&#8220;.<\/p>\n<p>Per alcuni anni ha diretto una galleria d\u2019arte contemporanea e al Museo Fratelli Cozzi ha organizzato nel 2021 una mostra dedicata alla <strong><a href=\"https:\/\/www.museofratellicozzi.com\/news\/velca-mostra-legnano-designweek\/\" target=\"_blank\" rel=\"noopener\">Velca<\/a><\/strong>, azienda legnanese che tra gli anni Sessanta e Settanta si \u00e8 ritagliata uno spazio considerevole nella storia del design in Italia e una seconda esibizione nel 2022, incentrata sul mito delle biciclette Legnano; nel 2024 ha curato la mostra In Movimento e nel 2025 il progetto Voci dell&#8217;Alfa Romeo.\u00a0<\/p>\n<p>&nbsp;<\/p>\n<p>[\/et_pb_text][\/et_pb_column][\/et_pb_row][et_pb_row column_structure=&#8221;1_2,1_2&#8243; _builder_version=&#8221;4.8.2&#8243; _module_preset=&#8221;default&#8221;][et_pb_column type=&#8221;1_2&#8243; _builder_version=&#8221;4.8.2&#8243; _module_preset=&#8221;default&#8221;][et_pb_image src=&#8221;https:\/\/www.museofratellicozzi.com\/news\/wp-content\/uploads\/2025\/12\/Beige-Elegante-Vintage-Moodboard-Floreale-Collage-Foto-Orizzontale-11.png&#8221; title_text=&#8221;Beige Elegante Vintage Moodboard Floreale Collage Foto Orizzontale (11)&#8221; _builder_version=&#8221;4.8.2&#8243; _module_preset=&#8221;default&#8221;][\/et_pb_image][et_pb_text _builder_version=&#8221;4.8.2&#8243; _module_preset=&#8221;default&#8221;]<\/p>\n<p>Elisabetta Cozzi con Carlo Agazzi<\/p>\n<p>[\/et_pb_text][\/et_pb_column][et_pb_column type=&#8221;1_2&#8243; _builder_version=&#8221;4.8.2&#8243; _module_preset=&#8221;default&#8221;][et_pb_image src=&#8221;https:\/\/www.museofratellicozzi.com\/news\/wp-content\/uploads\/2025\/12\/Beige-Elegante-Vintage-Moodboard-Floreale-Collage-Foto-Orizzontale-12.png&#8221; title_text=&#8221;Beige Elegante Vintage Moodboard Floreale Collage Foto Orizzontale (12)&#8221; _builder_version=&#8221;4.8.2&#8243; _module_preset=&#8221;default&#8221;][\/et_pb_image][et_pb_text _builder_version=&#8221;4.8.2&#8243; _module_preset=&#8221;default&#8221;]<\/p>\n<p>Giuseppe Furlan, Mariano Lavazza, Ing. Gianni Tonti<\/p>\n<p>[\/et_pb_text][\/et_pb_column][\/et_pb_row][et_pb_row column_structure=&#8221;1_2,1_2&#8243; padding_mobile=&#8221;on&#8221; column_padding_mobile=&#8221;on&#8221; admin_label=&#8221;row&#8221; _builder_version=&#8221;4.8.2&#8243; background_size=&#8221;initial&#8221; background_position=&#8221;top_left&#8221; background_repeat=&#8221;repeat&#8221; custom_margin=&#8221;10px||||false|false&#8221; custom_padding=&#8221;0px|||&#8221; make_fullwidth=&#8221;off&#8221; use_custom_width=&#8221;off&#8221; width_unit=&#8221;on&#8221; custom_width_px=&#8221;1080&#8243; custom_width_percent=&#8221;80&#8243;][et_pb_column type=&#8221;1_2&#8243; _builder_version=&#8221;3.25&#8243; custom_padding=&#8221;|||&#8221; custom_padding__hover=&#8221;|||&#8221;][et_pb_text admin_label=&#8221;Blocco testo 1&#8243; _builder_version=&#8221;4.8.2&#8243; text_font=&#8221;PT Sans||||&#8221; text_text_color=&#8221;#363636&#8243; text_font_size=&#8221;20&#8243; text_letter_spacing=&#8221;0&#8243; text_line_height=&#8221;1.2em&#8221; header_font_size=&#8221;30&#8243; header_letter_spacing=&#8221;0&#8243; header_line_height=&#8221;1&#8243; background_size=&#8221;initial&#8221; background_position=&#8221;top_left&#8221; background_repeat=&#8221;repeat&#8221; max_width=&#8221;620px&#8221; custom_margin=&#8221;0px||0px||false|false&#8221; hover_enabled=&#8221;0&#8243; text_font_size_tablet=&#8221;&#8221; text_font_size_phone=&#8221;&#8221; text_font_size_last_edited=&#8221;on|tablet&#8221; use_border_color=&#8221;off&#8221; border_color=&#8221;#ffffff&#8221; border_width=&#8221;1&#8243; border_style=&#8221;solid&#8221; sticky_enabled=&#8221;0&#8243;]<\/p>\n<p><strong>Culturalfa: Italia e Svizzera unite per la cultura Alfa Romeo<\/strong><\/p>\n<p><strong>CulturAlfa nasce dalla passione di due persone per il marchio Alfa Romeo<\/strong>. Entrambe hanno storie importanti legate alla Casa del Biscione: <strong>Axel Marx,<\/strong> svizzero, che per pura passione ha creato negli anni una delle pi\u00f9 belle collezioni di Alfa Romeo al mondo ed <strong>Elisabetta Cozzi<\/strong>, italiana, che, cresciuta sin da bambina con l\u2019amore per il marchio, ha fondato un Museo con le auto conservate dal pap\u00e0 e ne ha fatto il suo lavoro.<\/p>\n<p><span style=\"letter-spacing: 0px;\">In questo <\/span><strong style=\"letter-spacing: 0px;\">laboratorio di storia e innovazione<\/strong><span style=\"letter-spacing: 0px;\">, Elisabetta ed Axel celebrano Alfa Romeo custodendo il fuoco delle sue leggende, proponendo testimonianze di personaggi interessanti e portando alla luce anche storie poco conosciute, condividendo cos\u00ec con gli appassionati ci\u00f2 che ha contribuito nei decenni a plasmare l\u2019iconico marchio.<\/span><\/p>\n<p><span style=\"letter-spacing: 0px;\">La Collezione Marx si trova a Mezzovico &#8211; Vira &#8211; Lugano &#8211; Svizzera<\/span><\/p>\n<p>[\/et_pb_text][\/et_pb_column][et_pb_column type=&#8221;1_2&#8243; _builder_version=&#8221;3.25&#8243; custom_padding=&#8221;|||&#8221; custom_padding__hover=&#8221;|||&#8221;][et_pb_text admin_label=&#8221;Blocco testo 1&#8243; _builder_version=&#8221;4.8.2&#8243; text_font=&#8221;PT Sans||||&#8221; text_text_color=&#8221;#363636&#8243; text_font_size=&#8221;20&#8243; text_letter_spacing=&#8221;0&#8243; text_line_height=&#8221;1.2em&#8221; header_font_size=&#8221;30&#8243; header_letter_spacing=&#8221;0&#8243; header_line_height=&#8221;1&#8243; background_size=&#8221;initial&#8221; background_position=&#8221;top_left&#8221; background_repeat=&#8221;repeat&#8221; max_width=&#8221;620px&#8221; custom_margin=&#8221;0px||0px||false|false&#8221; text_font_size_tablet=&#8221;&#8221; text_font_size_phone=&#8221;&#8221; text_font_size_last_edited=&#8221;on|tablet&#8221; use_border_color=&#8221;off&#8221; border_color=&#8221;#ffffff&#8221; border_width=&#8221;1&#8243; border_style=&#8221;solid&#8221;]<\/p>\n<p><strong>Friends of <\/strong><strong>Museo Fratelli Cozzi ETS<\/strong><\/p>\n<p>Friends of Museo Fratelli Cozzi, \u00e8 l\u2019associazione senza fini di lucro che\u00a0sostiene la valorizzazione e la <strong>divulgazione della cultura della scienza e della tecnica<\/strong> nel settore dell\u2019automobile e promuove lo <strong>sviluppo e la crescita del territorio<\/strong> attraverso il proprio patrimonio storico.<\/p>\n<p>L\u2019Associazione \u00e8 da anni impegnata su <strong>progetti di carattere sociale e culturale<\/strong>, a sostegno della parit\u00e0 di genere, dell&#8217;inclusione, delle giovani generazioni e della storia economica del territorio.<\/p>\n<p>In tema di inclusione, il museo \u00e8 in grado di accogliere visitatori con ogni tipo di disabilit\u00e0; in Italia solo il 6% dei musei \u00e8 in grado di farlo (dato La Repubblica luglio 2024).<\/p>\n<p>&nbsp;<\/p>\n<p>[\/et_pb_text][\/et_pb_column][\/et_pb_row][et_pb_row _builder_version=&#8221;4.8.2&#8243; _module_preset=&#8221;default&#8221;][et_pb_column type=&#8221;4_4&#8243; _builder_version=&#8221;4.8.2&#8243; _module_preset=&#8221;default&#8221;][et_pb_image src=&#8221;https:\/\/www.museofratellicozzi.com\/news\/wp-content\/uploads\/2025\/12\/MUSEO-slide-foto-2025-12-02T172610.177.jpg&#8221; title_text=&#8221;Voci dell&#8217;Alfa Romeo&#8221; _builder_version=&#8221;4.8.2&#8243; _module_preset=&#8221;default&#8221;][\/et_pb_image][\/et_pb_column][\/et_pb_row][et_pb_row padding_mobile=&#8221;on&#8221; column_padding_mobile=&#8221;on&#8221; admin_label=&#8221;row&#8221; _builder_version=&#8221;4.8.2&#8243; background_size=&#8221;initial&#8221; background_position=&#8221;top_left&#8221; background_repeat=&#8221;repeat&#8221; custom_margin=&#8221;10px||||false|false&#8221; custom_padding=&#8221;0px|||&#8221; make_fullwidth=&#8221;off&#8221; use_custom_width=&#8221;off&#8221; width_unit=&#8221;on&#8221; custom_width_px=&#8221;1080&#8243; custom_width_percent=&#8221;80&#8243;][et_pb_column type=&#8221;4_4&#8243; _builder_version=&#8221;3.25&#8243; custom_padding=&#8221;|||&#8221; custom_padding__hover=&#8221;|||&#8221;][et_pb_text _builder_version=&#8221;4.8.2&#8243; _module_preset=&#8221;default&#8221;]<\/p>\n<p>Giuseppe Furlan, Ing. Gianni Tonti, Elisabetta Cozzi, Axel Marx, Federico Moroni, Carlo Agazzi, Elvira Ruocco, Mariano Lavazza<\/p>\n<p>[\/et_pb_text][et_pb_text admin_label=&#8221;Data&#8221; _builder_version=&#8221;4.8.2&#8243; text_font=&#8221;PT Sans|on|||&#8221; text_text_color=&#8221;#363636&#8243; text_font_size=&#8221;18&#8243; text_letter_spacing=&#8221;0&#8243; text_line_height=&#8221;1.7&#8243; header_font_size=&#8221;30&#8243; header_letter_spacing=&#8221;0&#8243; header_line_height=&#8221;1&#8243; background_size=&#8221;initial&#8221; background_position=&#8221;top_left&#8221; background_repeat=&#8221;repeat&#8221; custom_margin=&#8221;10px||0px|&#8221; custom_padding=&#8221;||0px|||&#8221; use_border_color=&#8221;off&#8221; border_color=&#8221;#ffffff&#8221; border_width=&#8221;1&#8243; border_style=&#8221;solid&#8221;]Novembre 2025<br \/>\n[\/et_pb_text][\/et_pb_column][\/et_pb_row][\/et_pb_section]<\/p>\n","protected":false},"excerpt":{"rendered":"<p>[et_pb_section fb_built=&#8221;1&#8243; admin_label=&#8221;Sezione&#8221; _builder_version=&#8221;3.22&#8243; custom_padding=&#8221;0px|||&#8221; transparent_background=&#8221;off&#8221; make_fullwidth=&#8221;off&#8221; use_custom_width=&#8221;off&#8221; width_unit=&#8221;on&#8221; custom_width_px=&#8221;1080&#8243; custom_width_percent=&#8221;80&#8243;][et_pb_row use_custom_gutter=&#8221;on&#8221; gutter_width=&#8221;1&#8243; disabled_on=&#8221;off|off|off&#8221; admin_label=&#8221;Riga&#8221; module_class=&#8221; et_pb_row_fullwidth&#8221; _builder_version=&#8221;3.25&#8243; background_size=&#8221;initial&#8221; background_position=&#8221;top_left&#8221; background_repeat=&#8221;repeat&#8221; width=&#8221;100%&#8221; width_tablet=&#8221;100%&#8221; width_phone=&#8221;&#8221; width_last_edited=&#8221;on|desktop&#8221; max_width=&#8221;100%&#8221; max_width_tablet=&#8221;100%&#8221; max_width_phone=&#8221;&#8221; max_width_last_edited=&#8221;on|desktop&#8221; custom_padding=&#8221;0px|||&#8221; make_fullwidth=&#8221;on&#8221; use_custom_width=&#8221;off&#8221; width_unit=&#8221;on&#8221; custom_width_px=&#8221;1080&#8243; custom_width_percent=&#8221;80&#8243;][et_pb_column type=&#8221;4_4&#8243; _builder_version=&#8221;3.25&#8243; custom_padding=&#8221;|||&#8221; custom_padding__hover=&#8221;|||&#8221;][et_pb_image src=&#8221;https:\/\/www.museofratellicozzi.com\/news\/wp-content\/uploads\/2025\/12\/MUSEO-slide-foto-2025-12-02T172535.055.jpg&#8221; alt=&#8221;Alfa Romeo 75 Evoluzione &#8221; title_text=&#8221;Voci dell&#8217;Alfa Romeo&#8221; force_fullwidth=&#8221;on&#8221; align_tablet=&#8221;center&#8221; align_phone=&#8221;&#8221; align_last_edited=&#8221;on|desktop&#8221; admin_label=&#8221;Immagine principale&#8221; _builder_version=&#8221;4.8.2&#8243; [&hellip;]<\/p>\n","protected":false},"author":7,"featured_media":24567,"comment_status":"open","ping_status":"open","sticky":true,"template":"","format":"standard","meta":{"_et_pb_use_builder":"on","_et_pb_old_content":"","_et_gb_content_width":"","_jetpack_memberships_contains_paid_content":false,"footnotes":""},"categories":[152],"tags":[21,209,829,180,827,13,828,705,365,815,102,406,830,826],"class_list":["post-24534","post","type-post","status-publish","format-standard","has-post-thumbnail","hentry","category-passione","tag-alfa-romeo","tag-automotive","tag-biciclette-legnano","tag-cozzi","tag-fial","tag-legnano","tag-luna-rossa","tag-mauto","tag-mostra","tag-mts","tag-museimpresa","tag-museo-fratelli-cozzi","tag-saltafoss","tag-settimana-cultura-dimpresa","et-has-post-format-content","et_post_format-et-post-format-standard"],"yoast_head":"<!-- This site is optimized with the Yoast SEO plugin v26.8 - https:\/\/yoast.com\/product\/yoast-seo-wordpress\/ -->\n<title>Voci dell&#039;Alfa Romeo: per sempre pezzi del museo - Voci dell&#039;Alfa Romeo: per sempre pezzi del museo<\/title>\n<meta name=\"description\" content=\"Grazie a tutti coloro che hanno reso speciale l\u2019evento \u201cVoci dell\u2019Alfa Romeo\u201d, un memorabile pomeriggio insieme a chi ha costruito, vissuto e tramandato il mito Alfa Romeo\" \/>\n<meta name=\"robots\" content=\"index, follow, max-snippet:-1, max-image-preview:large, max-video-preview:-1\" \/>\n<link rel=\"canonical\" href=\"https:\/\/www.museofratellicozzi.com\/news\/le-voci-dellalfa-romeo-pezzi-museo\/\" \/>\n<meta property=\"og:locale\" content=\"it_IT\" \/>\n<meta property=\"og:type\" content=\"article\" \/>\n<meta property=\"og:title\" content=\"Voci dell&#039;Alfa Romeo: per sempre pezzi del museo - Voci dell&#039;Alfa Romeo: per sempre pezzi del museo\" \/>\n<meta property=\"og:description\" content=\"Grazie a tutti coloro che hanno reso speciale l\u2019evento \u201cVoci dell\u2019Alfa Romeo\u201d, un memorabile pomeriggio insieme a chi ha costruito, vissuto e tramandato il mito Alfa Romeo\" \/>\n<meta property=\"og:url\" content=\"https:\/\/www.museofratellicozzi.com\/news\/le-voci-dellalfa-romeo-pezzi-museo\/\" \/>\n<meta property=\"og:site_name\" content=\"eNews Museo Fratelli Cozzi\" \/>\n<meta property=\"article:published_time\" content=\"2025-12-02T14:51:58+00:00\" \/>\n<meta property=\"article:modified_time\" content=\"2025-12-10T18:02:05+00:00\" \/>\n<meta property=\"og:image\" content=\"https:\/\/www.museofratellicozzi.com\/news\/wp-content\/uploads\/2025\/12\/MUSEO-slide-foto-2025-12-02T172535.055.jpg\" \/>\n\t<meta property=\"og:image:width\" content=\"1920\" \/>\n\t<meta property=\"og:image:height\" content=\"1080\" \/>\n\t<meta property=\"og:image:type\" content=\"image\/jpeg\" \/>\n<meta name=\"author\" content=\"Elisabetta Cozzi\" \/>\n<meta name=\"twitter:card\" content=\"summary_large_image\" \/>\n<meta name=\"twitter:label1\" content=\"Scritto da\" \/>\n\t<meta name=\"twitter:data1\" content=\"Elisabetta Cozzi\" \/>\n\t<meta name=\"twitter:label2\" content=\"Tempo di lettura stimato\" \/>\n\t<meta name=\"twitter:data2\" content=\"6 minuti\" \/>\n<script type=\"application\/ld+json\" class=\"yoast-schema-graph\">{\"@context\":\"https:\/\/schema.org\",\"@graph\":[{\"@type\":\"Article\",\"@id\":\"https:\/\/www.museofratellicozzi.com\/news\/le-voci-dellalfa-romeo-pezzi-museo\/#article\",\"isPartOf\":{\"@id\":\"https:\/\/www.museofratellicozzi.com\/news\/le-voci-dellalfa-romeo-pezzi-museo\/\"},\"author\":{\"name\":\"Elisabetta Cozzi\",\"@id\":\"https:\/\/www.museofratellicozzi.com\/news\/#\/schema\/person\/3c2c242e79e59f9be7b62a0d9673e40d\"},\"headline\":\"Voci dell&#8217;Alfa Romeo: per sempre pezzi del museo\",\"datePublished\":\"2025-12-02T14:51:58+00:00\",\"dateModified\":\"2025-12-10T18:02:05+00:00\",\"mainEntityOfPage\":{\"@id\":\"https:\/\/www.museofratellicozzi.com\/news\/le-voci-dellalfa-romeo-pezzi-museo\/\"},\"wordCount\":4047,\"commentCount\":0,\"publisher\":{\"@id\":\"https:\/\/www.museofratellicozzi.com\/news\/#organization\"},\"image\":{\"@id\":\"https:\/\/www.museofratellicozzi.com\/news\/le-voci-dellalfa-romeo-pezzi-museo\/#primaryimage\"},\"thumbnailUrl\":\"https:\/\/www.museofratellicozzi.com\/news\/wp-content\/uploads\/2025\/12\/MUSEO-slide-foto-2025-12-02T172535.055.jpg\",\"keywords\":[\"alfa romeo\",\"automotive\",\"biciclette Legnano\",\"cozzi\",\"FIAL\",\"Legnano\",\"Luna Rossa\",\"Mauto\",\"mostra\",\"MTS\",\"museimpresa\",\"Museo Fratelli Cozzi\",\"Saltafoss\",\"Settimana Cultura d'Impresa\"],\"articleSection\":[\"Passione Alfa\"],\"inLanguage\":\"it-IT\",\"potentialAction\":[{\"@type\":\"CommentAction\",\"name\":\"Comment\",\"target\":[\"https:\/\/www.museofratellicozzi.com\/news\/le-voci-dellalfa-romeo-pezzi-museo\/#respond\"]}]},{\"@type\":\"WebPage\",\"@id\":\"https:\/\/www.museofratellicozzi.com\/news\/le-voci-dellalfa-romeo-pezzi-museo\/\",\"url\":\"https:\/\/www.museofratellicozzi.com\/news\/le-voci-dellalfa-romeo-pezzi-museo\/\",\"name\":\"Voci dell'Alfa Romeo: per sempre pezzi del museo - Voci dell'Alfa Romeo: per sempre pezzi del museo\",\"isPartOf\":{\"@id\":\"https:\/\/www.museofratellicozzi.com\/news\/#website\"},\"primaryImageOfPage\":{\"@id\":\"https:\/\/www.museofratellicozzi.com\/news\/le-voci-dellalfa-romeo-pezzi-museo\/#primaryimage\"},\"image\":{\"@id\":\"https:\/\/www.museofratellicozzi.com\/news\/le-voci-dellalfa-romeo-pezzi-museo\/#primaryimage\"},\"thumbnailUrl\":\"https:\/\/www.museofratellicozzi.com\/news\/wp-content\/uploads\/2025\/12\/MUSEO-slide-foto-2025-12-02T172535.055.jpg\",\"datePublished\":\"2025-12-02T14:51:58+00:00\",\"dateModified\":\"2025-12-10T18:02:05+00:00\",\"description\":\"Grazie a tutti coloro che hanno reso speciale l\u2019evento \u201cVoci dell\u2019Alfa Romeo\u201d, un memorabile pomeriggio insieme a chi ha costruito, vissuto e tramandato il mito Alfa Romeo\",\"breadcrumb\":{\"@id\":\"https:\/\/www.museofratellicozzi.com\/news\/le-voci-dellalfa-romeo-pezzi-museo\/#breadcrumb\"},\"inLanguage\":\"it-IT\",\"potentialAction\":[{\"@type\":\"ReadAction\",\"target\":[\"https:\/\/www.museofratellicozzi.com\/news\/le-voci-dellalfa-romeo-pezzi-museo\/\"]}]},{\"@type\":\"ImageObject\",\"inLanguage\":\"it-IT\",\"@id\":\"https:\/\/www.museofratellicozzi.com\/news\/le-voci-dellalfa-romeo-pezzi-museo\/#primaryimage\",\"url\":\"https:\/\/www.museofratellicozzi.com\/news\/wp-content\/uploads\/2025\/12\/MUSEO-slide-foto-2025-12-02T172535.055.jpg\",\"contentUrl\":\"https:\/\/www.museofratellicozzi.com\/news\/wp-content\/uploads\/2025\/12\/MUSEO-slide-foto-2025-12-02T172535.055.jpg\",\"width\":1920,\"height\":1080},{\"@type\":\"BreadcrumbList\",\"@id\":\"https:\/\/www.museofratellicozzi.com\/news\/le-voci-dellalfa-romeo-pezzi-museo\/#breadcrumb\",\"itemListElement\":[{\"@type\":\"ListItem\",\"position\":1,\"name\":\"Home\",\"item\":\"https:\/\/www.museofratellicozzi.com\/news\/\"},{\"@type\":\"ListItem\",\"position\":2,\"name\":\"Voci dell&#8217;Alfa Romeo: per sempre pezzi del museo\"}]},{\"@type\":\"WebSite\",\"@id\":\"https:\/\/www.museofratellicozzi.com\/news\/#website\",\"url\":\"https:\/\/www.museofratellicozzi.com\/news\/\",\"name\":\"eNews Museo Fratelli Cozzi\",\"description\":\"Alfa Romeo: un mito che resiste al tempo\",\"publisher\":{\"@id\":\"https:\/\/www.museofratellicozzi.com\/news\/#organization\"},\"potentialAction\":[{\"@type\":\"SearchAction\",\"target\":{\"@type\":\"EntryPoint\",\"urlTemplate\":\"https:\/\/www.museofratellicozzi.com\/news\/?s={search_term_string}\"},\"query-input\":{\"@type\":\"PropertyValueSpecification\",\"valueRequired\":true,\"valueName\":\"search_term_string\"}}],\"inLanguage\":\"it-IT\"},{\"@type\":\"Organization\",\"@id\":\"https:\/\/www.museofratellicozzi.com\/news\/#organization\",\"name\":\"Museo Fratelli Cozzi\",\"url\":\"https:\/\/www.museofratellicozzi.com\/news\/\",\"logo\":{\"@type\":\"ImageObject\",\"inLanguage\":\"it-IT\",\"@id\":\"https:\/\/www.museofratellicozzi.com\/news\/#\/schema\/logo\/image\/\",\"url\":\"https:\/\/www.museofratellicozzi.com\/news\/wp-content\/uploads\/2017\/04\/home.png\",\"contentUrl\":\"https:\/\/www.museofratellicozzi.com\/news\/wp-content\/uploads\/2017\/04\/home.png\",\"width\":497,\"height\":512,\"caption\":\"Museo Fratelli Cozzi\"},\"image\":{\"@id\":\"https:\/\/www.museofratellicozzi.com\/news\/#\/schema\/logo\/image\/\"}},{\"@type\":\"Person\",\"@id\":\"https:\/\/www.museofratellicozzi.com\/news\/#\/schema\/person\/3c2c242e79e59f9be7b62a0d9673e40d\",\"name\":\"Elisabetta Cozzi\",\"image\":{\"@type\":\"ImageObject\",\"inLanguage\":\"it-IT\",\"@id\":\"https:\/\/www.museofratellicozzi.com\/news\/#\/schema\/person\/image\/\",\"url\":\"https:\/\/secure.gravatar.com\/avatar\/a761e7642145a4506dbd3685a69db0fc?s=96&d=mm&r=g\",\"contentUrl\":\"https:\/\/secure.gravatar.com\/avatar\/a761e7642145a4506dbd3685a69db0fc?s=96&d=mm&r=g\",\"caption\":\"Elisabetta Cozzi\"}}]}<\/script>\n<!-- \/ Yoast SEO plugin. -->","yoast_head_json":{"title":"Voci dell'Alfa Romeo: per sempre pezzi del museo - Voci dell'Alfa Romeo: per sempre pezzi del museo","description":"Grazie a tutti coloro che hanno reso speciale l\u2019evento \u201cVoci dell\u2019Alfa Romeo\u201d, un memorabile pomeriggio insieme a chi ha costruito, vissuto e tramandato il mito Alfa Romeo","robots":{"index":"index","follow":"follow","max-snippet":"max-snippet:-1","max-image-preview":"max-image-preview:large","max-video-preview":"max-video-preview:-1"},"canonical":"https:\/\/www.museofratellicozzi.com\/news\/le-voci-dellalfa-romeo-pezzi-museo\/","og_locale":"it_IT","og_type":"article","og_title":"Voci dell'Alfa Romeo: per sempre pezzi del museo - Voci dell'Alfa Romeo: per sempre pezzi del museo","og_description":"Grazie a tutti coloro che hanno reso speciale l\u2019evento \u201cVoci dell\u2019Alfa Romeo\u201d, un memorabile pomeriggio insieme a chi ha costruito, vissuto e tramandato il mito Alfa Romeo","og_url":"https:\/\/www.museofratellicozzi.com\/news\/le-voci-dellalfa-romeo-pezzi-museo\/","og_site_name":"eNews Museo Fratelli Cozzi","article_published_time":"2025-12-02T14:51:58+00:00","article_modified_time":"2025-12-10T18:02:05+00:00","og_image":[{"width":1920,"height":1080,"url":"https:\/\/www.museofratellicozzi.com\/news\/wp-content\/uploads\/2025\/12\/MUSEO-slide-foto-2025-12-02T172535.055.jpg","type":"image\/jpeg"}],"author":"Elisabetta Cozzi","twitter_card":"summary_large_image","twitter_misc":{"Scritto da":"Elisabetta Cozzi","Tempo di lettura stimato":"6 minuti"},"schema":{"@context":"https:\/\/schema.org","@graph":[{"@type":"Article","@id":"https:\/\/www.museofratellicozzi.com\/news\/le-voci-dellalfa-romeo-pezzi-museo\/#article","isPartOf":{"@id":"https:\/\/www.museofratellicozzi.com\/news\/le-voci-dellalfa-romeo-pezzi-museo\/"},"author":{"name":"Elisabetta Cozzi","@id":"https:\/\/www.museofratellicozzi.com\/news\/#\/schema\/person\/3c2c242e79e59f9be7b62a0d9673e40d"},"headline":"Voci dell&#8217;Alfa Romeo: per sempre pezzi del museo","datePublished":"2025-12-02T14:51:58+00:00","dateModified":"2025-12-10T18:02:05+00:00","mainEntityOfPage":{"@id":"https:\/\/www.museofratellicozzi.com\/news\/le-voci-dellalfa-romeo-pezzi-museo\/"},"wordCount":4047,"commentCount":0,"publisher":{"@id":"https:\/\/www.museofratellicozzi.com\/news\/#organization"},"image":{"@id":"https:\/\/www.museofratellicozzi.com\/news\/le-voci-dellalfa-romeo-pezzi-museo\/#primaryimage"},"thumbnailUrl":"https:\/\/www.museofratellicozzi.com\/news\/wp-content\/uploads\/2025\/12\/MUSEO-slide-foto-2025-12-02T172535.055.jpg","keywords":["alfa romeo","automotive","biciclette Legnano","cozzi","FIAL","Legnano","Luna Rossa","Mauto","mostra","MTS","museimpresa","Museo Fratelli Cozzi","Saltafoss","Settimana Cultura d'Impresa"],"articleSection":["Passione Alfa"],"inLanguage":"it-IT","potentialAction":[{"@type":"CommentAction","name":"Comment","target":["https:\/\/www.museofratellicozzi.com\/news\/le-voci-dellalfa-romeo-pezzi-museo\/#respond"]}]},{"@type":"WebPage","@id":"https:\/\/www.museofratellicozzi.com\/news\/le-voci-dellalfa-romeo-pezzi-museo\/","url":"https:\/\/www.museofratellicozzi.com\/news\/le-voci-dellalfa-romeo-pezzi-museo\/","name":"Voci dell'Alfa Romeo: per sempre pezzi del museo - Voci dell'Alfa Romeo: per sempre pezzi del museo","isPartOf":{"@id":"https:\/\/www.museofratellicozzi.com\/news\/#website"},"primaryImageOfPage":{"@id":"https:\/\/www.museofratellicozzi.com\/news\/le-voci-dellalfa-romeo-pezzi-museo\/#primaryimage"},"image":{"@id":"https:\/\/www.museofratellicozzi.com\/news\/le-voci-dellalfa-romeo-pezzi-museo\/#primaryimage"},"thumbnailUrl":"https:\/\/www.museofratellicozzi.com\/news\/wp-content\/uploads\/2025\/12\/MUSEO-slide-foto-2025-12-02T172535.055.jpg","datePublished":"2025-12-02T14:51:58+00:00","dateModified":"2025-12-10T18:02:05+00:00","description":"Grazie a tutti coloro che hanno reso speciale l\u2019evento \u201cVoci dell\u2019Alfa Romeo\u201d, un memorabile pomeriggio insieme a chi ha costruito, vissuto e tramandato il mito Alfa Romeo","breadcrumb":{"@id":"https:\/\/www.museofratellicozzi.com\/news\/le-voci-dellalfa-romeo-pezzi-museo\/#breadcrumb"},"inLanguage":"it-IT","potentialAction":[{"@type":"ReadAction","target":["https:\/\/www.museofratellicozzi.com\/news\/le-voci-dellalfa-romeo-pezzi-museo\/"]}]},{"@type":"ImageObject","inLanguage":"it-IT","@id":"https:\/\/www.museofratellicozzi.com\/news\/le-voci-dellalfa-romeo-pezzi-museo\/#primaryimage","url":"https:\/\/www.museofratellicozzi.com\/news\/wp-content\/uploads\/2025\/12\/MUSEO-slide-foto-2025-12-02T172535.055.jpg","contentUrl":"https:\/\/www.museofratellicozzi.com\/news\/wp-content\/uploads\/2025\/12\/MUSEO-slide-foto-2025-12-02T172535.055.jpg","width":1920,"height":1080},{"@type":"BreadcrumbList","@id":"https:\/\/www.museofratellicozzi.com\/news\/le-voci-dellalfa-romeo-pezzi-museo\/#breadcrumb","itemListElement":[{"@type":"ListItem","position":1,"name":"Home","item":"https:\/\/www.museofratellicozzi.com\/news\/"},{"@type":"ListItem","position":2,"name":"Voci dell&#8217;Alfa Romeo: per sempre pezzi del museo"}]},{"@type":"WebSite","@id":"https:\/\/www.museofratellicozzi.com\/news\/#website","url":"https:\/\/www.museofratellicozzi.com\/news\/","name":"eNews Museo Fratelli Cozzi","description":"Alfa Romeo: un mito che resiste al tempo","publisher":{"@id":"https:\/\/www.museofratellicozzi.com\/news\/#organization"},"potentialAction":[{"@type":"SearchAction","target":{"@type":"EntryPoint","urlTemplate":"https:\/\/www.museofratellicozzi.com\/news\/?s={search_term_string}"},"query-input":{"@type":"PropertyValueSpecification","valueRequired":true,"valueName":"search_term_string"}}],"inLanguage":"it-IT"},{"@type":"Organization","@id":"https:\/\/www.museofratellicozzi.com\/news\/#organization","name":"Museo Fratelli Cozzi","url":"https:\/\/www.museofratellicozzi.com\/news\/","logo":{"@type":"ImageObject","inLanguage":"it-IT","@id":"https:\/\/www.museofratellicozzi.com\/news\/#\/schema\/logo\/image\/","url":"https:\/\/www.museofratellicozzi.com\/news\/wp-content\/uploads\/2017\/04\/home.png","contentUrl":"https:\/\/www.museofratellicozzi.com\/news\/wp-content\/uploads\/2017\/04\/home.png","width":497,"height":512,"caption":"Museo Fratelli Cozzi"},"image":{"@id":"https:\/\/www.museofratellicozzi.com\/news\/#\/schema\/logo\/image\/"}},{"@type":"Person","@id":"https:\/\/www.museofratellicozzi.com\/news\/#\/schema\/person\/3c2c242e79e59f9be7b62a0d9673e40d","name":"Elisabetta Cozzi","image":{"@type":"ImageObject","inLanguage":"it-IT","@id":"https:\/\/www.museofratellicozzi.com\/news\/#\/schema\/person\/image\/","url":"https:\/\/secure.gravatar.com\/avatar\/a761e7642145a4506dbd3685a69db0fc?s=96&d=mm&r=g","contentUrl":"https:\/\/secure.gravatar.com\/avatar\/a761e7642145a4506dbd3685a69db0fc?s=96&d=mm&r=g","caption":"Elisabetta Cozzi"}}]}},"jetpack_featured_media_url":"https:\/\/www.museofratellicozzi.com\/news\/wp-content\/uploads\/2025\/12\/MUSEO-slide-foto-2025-12-02T172535.055.jpg","jetpack_shortlink":"https:\/\/wp.me\/p90Eth-6nI","jetpack_sharing_enabled":true,"post_mailing_queue_ids":[],"_links":{"self":[{"href":"https:\/\/www.museofratellicozzi.com\/news\/wp-json\/wp\/v2\/posts\/24534","targetHints":{"allow":["GET"]}}],"collection":[{"href":"https:\/\/www.museofratellicozzi.com\/news\/wp-json\/wp\/v2\/posts"}],"about":[{"href":"https:\/\/www.museofratellicozzi.com\/news\/wp-json\/wp\/v2\/types\/post"}],"author":[{"embeddable":true,"href":"https:\/\/www.museofratellicozzi.com\/news\/wp-json\/wp\/v2\/users\/7"}],"replies":[{"embeddable":true,"href":"https:\/\/www.museofratellicozzi.com\/news\/wp-json\/wp\/v2\/comments?post=24534"}],"version-history":[{"count":26,"href":"https:\/\/www.museofratellicozzi.com\/news\/wp-json\/wp\/v2\/posts\/24534\/revisions"}],"predecessor-version":[{"id":24724,"href":"https:\/\/www.museofratellicozzi.com\/news\/wp-json\/wp\/v2\/posts\/24534\/revisions\/24724"}],"wp:featuredmedia":[{"embeddable":true,"href":"https:\/\/www.museofratellicozzi.com\/news\/wp-json\/wp\/v2\/media\/24567"}],"wp:attachment":[{"href":"https:\/\/www.museofratellicozzi.com\/news\/wp-json\/wp\/v2\/media?parent=24534"}],"wp:term":[{"taxonomy":"category","embeddable":true,"href":"https:\/\/www.museofratellicozzi.com\/news\/wp-json\/wp\/v2\/categories?post=24534"},{"taxonomy":"post_tag","embeddable":true,"href":"https:\/\/www.museofratellicozzi.com\/news\/wp-json\/wp\/v2\/tags?post=24534"}],"curies":[{"name":"wp","href":"https:\/\/api.w.org\/{rel}","templated":true}]}}