{"id":24657,"date":"2025-12-09T12:20:30","date_gmt":"2025-12-09T11:20:30","guid":{"rendered":"https:\/\/www.museofratellicozzi.com\/news\/?p=24657"},"modified":"2025-12-29T14:17:27","modified_gmt":"2025-12-29T13:17:27","slug":"donne-e-motori-gioie-e-basta-4-edizione-le-protagoniste-dicembre","status":"publish","type":"post","link":"https:\/\/www.museofratellicozzi.com\/news\/donne-e-motori-gioie-e-basta-4-edizione-le-protagoniste-dicembre\/","title":{"rendered":"&#8220;Donne e motori? Gioie e basta&#8221; testimonial di dicembre"},"content":{"rendered":"<p>[et_pb_section fb_built=&#8221;1&#8243; admin_label=&#8221;Sezione&#8221; _builder_version=&#8221;4.8.2&#8243; custom_padding=&#8221;0px|||&#8221; transparent_background=&#8221;off&#8221; make_fullwidth=&#8221;off&#8221; use_custom_width=&#8221;off&#8221; width_unit=&#8221;on&#8221; custom_width_px=&#8221;1080&#8243; custom_width_percent=&#8221;80&#8243;][et_pb_row use_custom_gutter=&#8221;on&#8221; gutter_width=&#8221;1&#8243; disabled_on=&#8221;off|off|off&#8221; admin_label=&#8221;Riga&#8221; module_class=&#8221; et_pb_row_fullwidth&#8221; _builder_version=&#8221;3.25&#8243; background_size=&#8221;initial&#8221; background_position=&#8221;top_left&#8221; background_repeat=&#8221;repeat&#8221; width=&#8221;100%&#8221; width_tablet=&#8221;100%&#8221; width_phone=&#8221;&#8221; width_last_edited=&#8221;on|desktop&#8221; max_width=&#8221;100%&#8221; max_width_tablet=&#8221;100%&#8221; max_width_phone=&#8221;&#8221; max_width_last_edited=&#8221;on|desktop&#8221; custom_padding=&#8221;0px|||&#8221; make_fullwidth=&#8221;on&#8221; use_custom_width=&#8221;off&#8221; width_unit=&#8221;on&#8221; custom_width_px=&#8221;1080&#8243; custom_width_percent=&#8221;80&#8243;][et_pb_column type=&#8221;4_4&#8243; _builder_version=&#8221;3.25&#8243; custom_padding=&#8221;|||&#8221; custom_padding__hover=&#8221;|||&#8221;][et_pb_image src=&#8221;https:\/\/www.museofratellicozzi.com\/news\/wp-content\/uploads\/2025\/12\/5-1.jpg&#8221; title_text=&#8221;Camilla Albertini&#8221; force_fullwidth=&#8221;on&#8221; align_tablet=&#8221;center&#8221; align_phone=&#8221;&#8221; align_last_edited=&#8221;on|desktop&#8221; admin_label=&#8221;Immagine principale&#8221; _builder_version=&#8221;4.8.2&#8243; animation=&#8221;off&#8221; sticky=&#8221;off&#8221; use_border_color=&#8221;off&#8221; border_color=&#8221;#ffffff&#8221; border_width=&#8221;1&#8243; border_style=&#8221;solid&#8221; always_center_on_mobile=&#8221;on&#8221;][\/et_pb_image][\/et_pb_column][\/et_pb_row][et_pb_row admin_label=&#8221;Riga&#8221; _builder_version=&#8221;4.8.2&#8243; background_size=&#8221;initial&#8221; background_position=&#8221;top_left&#8221; background_repeat=&#8221;repeat&#8221; custom_padding=&#8221;20px||0px|&#8221; make_fullwidth=&#8221;off&#8221; use_custom_width=&#8221;off&#8221; width_unit=&#8221;on&#8221; custom_width_px=&#8221;1080&#8243; custom_width_percent=&#8221;80&#8243;][et_pb_column type=&#8221;4_4&#8243; _builder_version=&#8221;3.25&#8243; custom_padding=&#8221;|||&#8221; custom_padding__hover=&#8221;|||&#8221;][et_pb_text admin_label=&#8221;Titolo&#8221; _builder_version=&#8221;4.8.2&#8243; text_font=&#8221;PT Sans||||&#8221; text_text_color=&#8221;#000000&#8243; text_font_size=&#8221;60px&#8221; text_letter_spacing=&#8221;0&#8243; text_line_height=&#8221;1.1&#8243; header_font=&#8221;PT Sans||||&#8221; header_text_color=&#8221;#000000&#8243; header_font_size=&#8221;48&#8243; header_letter_spacing=&#8221;0&#8243; header_line_height=&#8221;1.1em&#8221; background_size=&#8221;initial&#8221; background_position=&#8221;top_left&#8221; background_repeat=&#8221;repeat&#8221; custom_margin=&#8221;0px||0px|&#8221; text_font_size_tablet=&#8221;60&#8243; text_font_size_phone=&#8221;&#8221; text_font_size_last_edited=&#8221;on|phone&#8221; text_letter_spacing_tablet=&#8221;&#8221; text_letter_spacing_phone=&#8221;&#8221; text_letter_spacing_last_edited=&#8221;on|desktop&#8221; text_line_height_tablet=&#8221;&#8221; text_line_height_phone=&#8221;&#8221; text_line_height_last_edited=&#8221;on|&#8221; header_font_size_tablet=&#8221;46&#8243; header_font_size_phone=&#8221;38px&#8221; header_font_size_last_edited=&#8221;on|phone&#8221; use_border_color=&#8221;off&#8221; border_color=&#8221;#ffffff&#8221; border_width=&#8221;1&#8243; border_style=&#8221;solid&#8221;]<\/p>\n<p><span style=\"color: #800000;\">Donne e motori? Gioie e basta<\/span><\/p>\n<p>[\/et_pb_text][et_pb_text admin_label=&#8221;Titolo&#8221; _builder_version=&#8221;4.8.2&#8243; text_font=&#8221;PT Sans||||&#8221; text_text_color=&#8221;#000000&#8243; text_font_size=&#8221;60px&#8221; text_letter_spacing=&#8221;0&#8243; text_line_height=&#8221;1.1&#8243; header_font=&#8221;PT Sans||||&#8221; header_text_color=&#8221;#000000&#8243; header_font_size=&#8221;48&#8243; header_letter_spacing=&#8221;0&#8243; header_line_height=&#8221;1.1em&#8221; background_size=&#8221;initial&#8221; background_position=&#8221;top_left&#8221; background_repeat=&#8221;repeat&#8221; custom_margin=&#8221;0px||0px|&#8221; text_font_size_tablet=&#8221;60&#8243; text_font_size_phone=&#8221;&#8221; text_font_size_last_edited=&#8221;on|phone&#8221; text_letter_spacing_tablet=&#8221;&#8221; text_letter_spacing_phone=&#8221;&#8221; text_letter_spacing_last_edited=&#8221;on|desktop&#8221; text_line_height_tablet=&#8221;&#8221; text_line_height_phone=&#8221;&#8221; text_line_height_last_edited=&#8221;on|&#8221; header_font_size_tablet=&#8221;46&#8243; header_font_size_phone=&#8221;38px&#8221; header_font_size_last_edited=&#8221;on|phone&#8221; use_border_color=&#8221;off&#8221; border_color=&#8221;#ffffff&#8221; border_width=&#8221;1&#8243; border_style=&#8221;solid&#8221;]<\/p>\n<p>Nel backstage con la fotografa Camilla Albertini<\/p>\n<p>[\/et_pb_text][et_pb_text admin_label=&#8221;Data&#8221; _builder_version=&#8221;4.8.2&#8243; text_font=&#8221;PT Sans|on|||&#8221; text_text_color=&#8221;#363636&#8243; text_font_size=&#8221;18&#8243; text_letter_spacing=&#8221;0&#8243; text_line_height=&#8221;1.7&#8243; header_font_size=&#8221;30&#8243; header_letter_spacing=&#8221;0&#8243; header_line_height=&#8221;1&#8243; background_size=&#8221;initial&#8221; background_position=&#8221;top_left&#8221; background_repeat=&#8221;repeat&#8221; custom_margin=&#8221;10px||0px|&#8221; custom_padding=&#8221;||0px|||&#8221; use_border_color=&#8221;off&#8221; border_color=&#8221;#ffffff&#8221; border_width=&#8221;1&#8243; border_style=&#8221;solid&#8221;]<\/p>\n<p>Dicembre, 2025<\/p>\n<p>[\/et_pb_text][\/et_pb_column][\/et_pb_row][\/et_pb_section][et_pb_section fb_built=&#8221;1&#8243; admin_label=&#8221;Section&#8221; _builder_version=&#8221;4.8.2&#8243; background_color=&#8221;#f7f7f4&#8243; transparent_background=&#8221;off&#8221; make_fullwidth=&#8221;off&#8221; use_custom_width=&#8221;off&#8221; width_unit=&#8221;on&#8221; custom_width_px=&#8221;1080&#8243; custom_width_percent=&#8221;80&#8243; collapsed=&#8221;off&#8221;][et_pb_row column_structure=&#8221;1_3,2_3&#8243; padding_mobile=&#8221;on&#8221; column_padding_mobile=&#8221;on&#8221; admin_label=&#8221;row&#8221; _builder_version=&#8221;4.8.2&#8243; background_size=&#8221;initial&#8221; background_position=&#8221;top_left&#8221; background_repeat=&#8221;repeat&#8221; custom_margin=&#8221;10px||||false|false&#8221; custom_padding=&#8221;0px|||&#8221; make_fullwidth=&#8221;off&#8221; use_custom_width=&#8221;off&#8221; width_unit=&#8221;on&#8221; custom_width_px=&#8221;1080&#8243; custom_width_percent=&#8221;80&#8243;][et_pb_column type=&#8221;1_3&#8243; _builder_version=&#8221;3.25&#8243; custom_padding=&#8221;|||&#8221; custom_padding__hover=&#8221;|||&#8221;][et_pb_testimonial portrait_url=&#8221;https:\/\/www.museofratellicozzi.com\/news\/wp-content\/uploads\/2025\/01\/Foto-bio-redazione-MUSEO-1.png&#8221; _builder_version=&#8221;4.8.2&#8243; _module_preset=&#8221;default&#8221; box_shadow_style_image=&#8221;preset1&#8243;]<\/p>\n<h4><span>RITA PAPARELLA<\/span><\/h4>\n<p><span>Ingegnere nucleare, PhD in fisica delle particelle. Giornalista pubblicista e consulente tecnico in progetti industriali di innovazione e R&amp;D<\/span><\/p>\n<p>[\/et_pb_testimonial][\/et_pb_column][et_pb_column type=&#8221;2_3&#8243; _builder_version=&#8221;3.25&#8243; custom_padding=&#8221;|||&#8221; custom_padding__hover=&#8221;|||&#8221;][et_pb_text admin_label=&#8221;Blocco testo 1&#8243; _builder_version=&#8221;4.8.2&#8243; text_font=&#8221;PT Sans||||&#8221; text_text_color=&#8221;#363636&#8243; text_font_size=&#8221;20&#8243; text_letter_spacing=&#8221;0&#8243; text_line_height=&#8221;1.2em&#8221; header_font_size=&#8221;30&#8243; header_letter_spacing=&#8221;0&#8243; header_line_height=&#8221;1&#8243; background_size=&#8221;initial&#8221; background_position=&#8221;top_left&#8221; background_repeat=&#8221;repeat&#8221; max_width=&#8221;620px&#8221; custom_margin=&#8221;0px||0px||false|false&#8221; custom_padding=&#8221;||0px|||&#8221; hover_enabled=&#8221;0&#8243; text_font_size_tablet=&#8221;&#8221; text_font_size_phone=&#8221;&#8221; text_font_size_last_edited=&#8221;on|tablet&#8221; use_border_color=&#8221;off&#8221; border_color=&#8221;#ffffff&#8221; border_width=&#8221;1&#8243; border_style=&#8221;solid&#8221; sticky_enabled=&#8221;0&#8243;]<\/p>\n<h3>Siamo felici di accoglierti qui tra noi!<\/h3>\n<p>&nbsp;<\/p>\n<p>\u201c<strong><em>Donne e Motori? Gioie e basta<\/em><\/strong>\u201d \u00e8 il progetto del Museo Fratelli Cozzi che, negli scatti di Camilla Albertini e negli articoli di Rita Paparella, racconta <strong>20 donne e una parit\u00e0 di genere da costruire insieme<\/strong>. Seguite le news!<\/p>\n<p>Sei qui per caso e non conosci la mostra? <strong><span style=\"color: #800000;\"><a href=\"https:\/\/www.museofratellicozzi.com\/news\/donne-e-motori-gioie-e-basta-4-edizione-le-protagoniste\/\" target=\"_blank\" rel=\"noopener noreferrer\" style=\"color: #800000;\">Scopri tutto a questo link<\/a><\/span><\/strong><\/p>\n<p>In questo primo appuntamento della quarta edizione, vi sveliamo alcune suggestioni dal backstage e vi invitiamo a conoscere una delle donne che ne sono state protagoniste. Iniziamo proprio da <em>colei che, fin dall&#8217;esordio, ha saputo dare forma tangibile alla visione di Elisabetta.<\/em> Lo ha fatto con quella sua maniera tanto semplice quanto intensa di osservare la realt\u00e0:<strong> uno sguardo sereno e delicato<\/strong>, eppure <strong>straordinariamente personale e unico<\/strong>.<\/p>\n<p><em>(Nella foto di copertina Camilla Albertini fotografa Elena Penazzi e Andrea Pontremoli)<\/em><\/p>\n<p>[\/et_pb_text][\/et_pb_column][\/et_pb_row][et_pb_row column_structure=&#8221;1_2,1_2&#8243; _builder_version=&#8221;4.8.2&#8243; _module_preset=&#8221;default&#8221;][et_pb_column type=&#8221;1_2&#8243; _builder_version=&#8221;4.8.2&#8243; _module_preset=&#8221;default&#8221;][et_pb_image src=&#8221;https:\/\/www.museofratellicozzi.com\/news\/wp-content\/uploads\/2025\/12\/Beige-Elegante-Vintage-Moodboard-Floreale-Collage-Foto-Orizzontale-17.png&#8221; title_text=&#8221;Camilla Albertini &#8221; _builder_version=&#8221;4.8.2&#8243; _module_preset=&#8221;default&#8221;][\/et_pb_image][et_pb_text _builder_version=&#8221;4.8.2&#8243; _module_preset=&#8221;default&#8221; hover_enabled=&#8221;0&#8243; sticky_enabled=&#8221;0&#8243;]<\/p>\n<p>Camilla con la sua lagotta Marta &#8211; Ph. Paolo Carlini<\/p>\n<p>[\/et_pb_text][\/et_pb_column][et_pb_column type=&#8221;1_2&#8243; _builder_version=&#8221;4.8.2&#8243; _module_preset=&#8221;default&#8221;][et_pb_image src=&#8221;https:\/\/www.museofratellicozzi.com\/news\/wp-content\/uploads\/2025\/12\/Beige-Elegante-Vintage-Moodboard-Floreale-Collage-Foto-Orizzontale-19.png&#8221; title_text=&#8221;Beige Elegante Vintage Moodboard Floreale Collage Foto Orizzontale (19)&#8221; _builder_version=&#8221;4.8.2&#8243; _module_preset=&#8221;default&#8221;][\/et_pb_image][et_pb_text _builder_version=&#8221;4.8.2&#8243; _module_preset=&#8221;default&#8221;]<\/p>\n<p>Camilla Albertini backstage &#8211; Ph. Paolo Carlini<\/p>\n<p>[\/et_pb_text][\/et_pb_column][\/et_pb_row][et_pb_row column_structure=&#8221;1_3,2_3&#8243; padding_mobile=&#8221;on&#8221; column_padding_mobile=&#8221;on&#8221; admin_label=&#8221;row&#8221; _builder_version=&#8221;4.8.2&#8243; background_size=&#8221;initial&#8221; background_position=&#8221;top_left&#8221; background_repeat=&#8221;repeat&#8221; custom_margin=&#8221;10px||||false|false&#8221; custom_padding=&#8221;0px|||&#8221; make_fullwidth=&#8221;off&#8221; use_custom_width=&#8221;off&#8221; width_unit=&#8221;on&#8221; custom_width_px=&#8221;1080&#8243; custom_width_percent=&#8221;80&#8243;][et_pb_column type=&#8221;1_3&#8243; _builder_version=&#8221;3.25&#8243; custom_padding=&#8221;|||&#8221; custom_padding__hover=&#8221;|||&#8221;][et_pb_text admin_label=&#8221;Occhiello&#8221; _builder_version=&#8221;4.8.2&#8243; text_font=&#8221;PT Sans|on|||&#8221; text_text_color=&#8221;#363636&#8243; text_font_size=&#8221;24&#8243; text_letter_spacing=&#8221;0&#8243; text_line_height=&#8221;1.4&#8243; header_font_size=&#8221;30&#8243; header_letter_spacing=&#8221;0&#8243; header_line_height=&#8221;1&#8243; header_3_font_size=&#8221;19px&#8221; header_3_line_height=&#8221;1.2em&#8221; background_size=&#8221;initial&#8221; background_position=&#8221;top_left&#8221; background_repeat=&#8221;repeat&#8221; max_width=&#8221;620px&#8221; custom_margin=&#8221;0px|20px|0px||false|false&#8221; custom_padding=&#8221;||0px|||&#8221; text_font_size_tablet=&#8221;&#8221; text_font_size_phone=&#8221;&#8221; text_font_size_last_edited=&#8221;on|desktop&#8221; use_border_color=&#8221;off&#8221; border_color=&#8221;#ffffff&#8221; border_width=&#8221;1&#8243; border_style=&#8221;solid&#8221;]<\/p>\n<p>Vi portiamo nel backstage della IV edizione della mostra fotografica\u00a0&#8220;Donne e motori? Gioie e basta&#8221; con Camilla Albertini<\/p>\n<p>[\/et_pb_text][\/et_pb_column][et_pb_column type=&#8221;2_3&#8243; _builder_version=&#8221;3.25&#8243; custom_padding=&#8221;|||&#8221; custom_padding__hover=&#8221;|||&#8221;][et_pb_text admin_label=&#8221;Blocco testo 1&#8243; _builder_version=&#8221;4.8.2&#8243; text_font=&#8221;PT Sans||||||||&#8221; text_text_color=&#8221;#363636&#8243; text_font_size=&#8221;20&#8243; text_letter_spacing=&#8221;0&#8243; text_line_height=&#8221;1.2em&#8221; header_font_size=&#8221;30&#8243; header_letter_spacing=&#8221;0&#8243; header_line_height=&#8221;1&#8243; background_size=&#8221;initial&#8221; background_position=&#8221;top_left&#8221; background_repeat=&#8221;repeat&#8221; max_width=&#8221;620px&#8221; custom_margin=&#8221;0px||0px||false|false&#8221; custom_padding=&#8221;||0px|||&#8221; text_font_size_tablet=&#8221;&#8221; text_font_size_phone=&#8221;&#8221; text_font_size_last_edited=&#8221;on|tablet&#8221; use_border_color=&#8221;off&#8221; border_color=&#8221;#ffffff&#8221; border_width=&#8221;1&#8243; border_style=&#8221;solid&#8221;]<\/p>\n<h3>Il backstage di una trasformazione possibile<\/h3>\n<p>Al Museo Fratelli Cozzi, in questo scorcio finale del 2025, qualcosa di inatteso ha preso forma. Un silenzio sottile, appena incrinato da risate e dal fruscio di mani operose che intrecciano storie e luci, quasi per incanto, ha originato qualcosa di sorprendente, nitido, potente, necessario. La<strong> quarta edizione di <em>&#8220;Donne e motori? Gioie e basta!&#8221;<\/em><\/strong> ha tessuto nuove alleanze, ha fatto germogliare esempi luminosi di condivisione valoriale, con quella grazia che appartiene solo a ci\u00f2 che nasce dall&#8217;autenticit\u00e0.<\/p>\n<p>Le protagoniste femminili individuate da<strong> Elisabetta Cozzi<\/strong> per la loro capacit\u00e0 di incarnare il messaggio della mostra, a loro volta hanno scelto uomini, compagni di strada, alleati professionali, figure significative dei loro percorsi, che noi abbiamo conosciuto in occasione del backstage, come un regalo, arrivato, a volte, anche da molto lontano.<\/p>\n<p>Ascoltarli, osservare come si ponevano accanto alle donne e non davanti, capire quanto fossero pronti a interrogarsi sul proprio ruolo: tutto questo ha aperto orizzonti nuovi. Non erano l\u00ec per fare numero o riempire un&#8217;inquadratura. Erano<strong> voci consapevoli<\/strong>, disponibili a mettersi in discussione, capaci di portare un <strong>punto di vista diverso<\/strong> ma convergente. E le donne, dal canto loro, si sono lasciate osservare in una dimensione ancora pi\u00f9 ricca, pi\u00f9 complessa. Si sono svelate attraverso lo sguardo di chi le accompagnava, e viceversa.<\/p>\n<p><strong><\/strong><\/p>\n<p>[\/et_pb_text][\/et_pb_column][\/et_pb_row][et_pb_row _builder_version=&#8221;4.8.2&#8243; _module_preset=&#8221;default&#8221;][et_pb_column type=&#8221;4_4&#8243; _builder_version=&#8221;4.8.2&#8243; _module_preset=&#8221;default&#8221;][et_pb_image src=&#8221;https:\/\/www.museofratellicozzi.com\/news\/wp-content\/uploads\/2025\/12\/Beige-Elegante-Vintage-Moodboard-Floreale-Collage-Foto-Orizzontale-20.png&#8221; title_text=&#8221;Camilla Albertini &#8221; _builder_version=&#8221;4.8.2&#8243; _module_preset=&#8221;default&#8221;][\/et_pb_image][et_pb_text _builder_version=&#8221;4.8.2&#8243; _module_preset=&#8221;default&#8221;]<\/p>\n<p>Camilla Albertini &#8211; Ph. Paolo Carlini<\/p>\n<p>[\/et_pb_text][\/et_pb_column][\/et_pb_row][et_pb_row column_structure=&#8221;1_3,2_3&#8243; padding_mobile=&#8221;on&#8221; column_padding_mobile=&#8221;on&#8221; admin_label=&#8221;row&#8221; _builder_version=&#8221;4.8.2&#8243; background_size=&#8221;initial&#8221; background_position=&#8221;top_left&#8221; background_repeat=&#8221;repeat&#8221; custom_margin=&#8221;10px||||false|false&#8221; custom_padding=&#8221;0px|||&#8221; make_fullwidth=&#8221;off&#8221; use_custom_width=&#8221;off&#8221; width_unit=&#8221;on&#8221; custom_width_px=&#8221;1080&#8243; custom_width_percent=&#8221;80&#8243;][et_pb_column type=&#8221;1_3&#8243; _builder_version=&#8221;3.25&#8243; custom_padding=&#8221;|||&#8221; custom_padding__hover=&#8221;|||&#8221;][\/et_pb_column][et_pb_column type=&#8221;2_3&#8243; _builder_version=&#8221;3.25&#8243; custom_padding=&#8221;|||&#8221; custom_padding__hover=&#8221;|||&#8221;][et_pb_text admin_label=&#8221;Blocco testo 1&#8243; _builder_version=&#8221;4.8.2&#8243; text_font=&#8221;PT Sans||||||||&#8221; text_text_color=&#8221;#363636&#8243; text_font_size=&#8221;20&#8243; text_letter_spacing=&#8221;0&#8243; text_line_height=&#8221;1.2em&#8221; header_font_size=&#8221;30&#8243; header_letter_spacing=&#8221;0&#8243; header_line_height=&#8221;1&#8243; background_size=&#8221;initial&#8221; background_position=&#8221;top_left&#8221; background_repeat=&#8221;repeat&#8221; max_width=&#8221;620px&#8221; custom_margin=&#8221;0px||0px||false|false&#8221; custom_padding=&#8221;||0px|||&#8221; text_font_size_tablet=&#8221;&#8221; text_font_size_phone=&#8221;&#8221; text_font_size_last_edited=&#8221;on|tablet&#8221; use_border_color=&#8221;off&#8221; border_color=&#8221;#ffffff&#8221; border_width=&#8221;1&#8243; border_style=&#8221;solid&#8221;]<\/p>\n<p>Il backstage \u00e8 diventato cos\u00ec un luogo vivo, dove ogni pausa tra uno scatto e l&#8217;altro si \u00e8 trasformata in occasione di dialogo. Gli uomini hanno fatto emergere sfaccettature delle donne che forse stavano nell&#8217;ombra; le donne hanno raccontato i loro compagni di scatto con una sincerit\u00e0 disarmante.<\/p>\n<p>E piano piano, quasi senza accorgersene, si \u00e8 iniziato a <strong>immaginare qualcosa di pi\u00f9 grande<\/strong>: come tutte queste persone, <strong>donne e uomini insieme<\/strong>, possano diventare attori e attrici del cambiamento, protagonisti attivi di una mutazione culturale, capaci di incidere su quegli stereotipi che ancora ingabbiano la donna in ruoli prestabiliti, soprattutto in certi contesti.<\/p>\n<p>A tenere insieme tutto questo, con una delicatezza rara, c&#8217;\u00e8 stato l&#8217;obiettivo di <span style=\"color: #800000;\"><a href=\"https:\/\/camillaalbertini.com\/\" target=\"_blank\" rel=\"noopener noreferrer\" style=\"color: #800000;\"><strong>Camilla Albertini<\/strong><\/a><\/span>. Presente in ogni fase, Camilla non ha mai imposto la sua visione: l&#8217;ha lasciata emergere, accogliendo quello che ciascun protagonista ha scelto di condividere con lei e traducendolo in immagini. I suoi scatti hanno saputo cogliere frammenti di identit\u00e0, complicit\u00e0 silenziose, relazioni autentiche.<\/p>\n<p><em>Donne e motori? Gioie e basta<\/em> prosegue il suo cammino non come manifesto astratto, ma come pratica viva di trasformazione culturale. E questa volta, <strong>finalmente, insieme, uomini e donne.<\/strong><\/p>\n<p>[\/et_pb_text][\/et_pb_column][\/et_pb_row][et_pb_row column_structure=&#8221;1_3,1_3,1_3&#8243; _builder_version=&#8221;4.8.2&#8243; _module_preset=&#8221;default&#8221;][et_pb_column type=&#8221;1_3&#8243; _builder_version=&#8221;4.8.2&#8243; _module_preset=&#8221;default&#8221;][et_pb_image src=&#8221;https:\/\/www.museofratellicozzi.com\/news\/wp-content\/uploads\/2025\/12\/Foto-Paparella-21.jpg&#8221; title_text=&#8221;Camilla Albertini &#8221; _builder_version=&#8221;4.8.2&#8243; _module_preset=&#8221;default&#8221;][\/et_pb_image][et_pb_text _builder_version=&#8221;4.8.2&#8243; _module_preset=&#8221;default&#8221;]<\/p>\n<p>Come nasce uno scatto&#8230;<\/p>\n<p>[\/et_pb_text][\/et_pb_column][et_pb_column type=&#8221;1_3&#8243; _builder_version=&#8221;4.8.2&#8243; _module_preset=&#8221;default&#8221;][et_pb_image src=&#8221;https:\/\/www.museofratellicozzi.com\/news\/wp-content\/uploads\/2025\/12\/Foto-Paparella-22.jpg&#8221; title_text=&#8221;Camilla Albertini &#8221; _builder_version=&#8221;4.8.2&#8243; _module_preset=&#8221;default&#8221;][\/et_pb_image][et_pb_text _builder_version=&#8221;4.8.2&#8243; _module_preset=&#8221;default&#8221;]<\/p>\n<p>&#8230; Camilla fotografa Diana de Marchi e Aaron Pugliesi<\/p>\n<p>[\/et_pb_text][\/et_pb_column][et_pb_column type=&#8221;1_3&#8243; _builder_version=&#8221;4.8.2&#8243; _module_preset=&#8221;default&#8221;][et_pb_image src=&#8221;https:\/\/www.museofratellicozzi.com\/news\/wp-content\/uploads\/2025\/12\/Foto-Paparella-20.jpg&#8221; title_text=&#8221;Camilla Albertini &#8221; _builder_version=&#8221;4.8.2&#8243; _module_preset=&#8221;default&#8221;][\/et_pb_image][et_pb_text _builder_version=&#8221;4.8.2&#8243; _module_preset=&#8221;default&#8221;]<\/p>\n<p>Visi soddisfatti mentre guardano i primi scatti<\/p>\n<p>[\/et_pb_text][\/et_pb_column][\/et_pb_row][et_pb_row column_structure=&#8221;1_3,2_3&#8243; padding_mobile=&#8221;on&#8221; column_padding_mobile=&#8221;on&#8221; admin_label=&#8221;row&#8221; _builder_version=&#8221;4.8.2&#8243; background_size=&#8221;initial&#8221; background_position=&#8221;top_left&#8221; background_repeat=&#8221;repeat&#8221; custom_margin=&#8221;10px||||false|false&#8221; custom_padding=&#8221;0px|||&#8221; make_fullwidth=&#8221;off&#8221; use_custom_width=&#8221;off&#8221; width_unit=&#8221;on&#8221; custom_width_px=&#8221;1080&#8243; custom_width_percent=&#8221;80&#8243;][et_pb_column type=&#8221;1_3&#8243; _builder_version=&#8221;3.25&#8243; custom_padding=&#8221;|||&#8221; custom_padding__hover=&#8221;|||&#8221;][\/et_pb_column][et_pb_column type=&#8221;2_3&#8243; _builder_version=&#8221;3.25&#8243; custom_padding=&#8221;|||&#8221; custom_padding__hover=&#8221;|||&#8221;][et_pb_text admin_label=&#8221;Blocco testo 1&#8243; _builder_version=&#8221;4.8.2&#8243; text_font=&#8221;PT Sans||||&#8221; text_text_color=&#8221;#363636&#8243; text_font_size=&#8221;20&#8243; text_letter_spacing=&#8221;0&#8243; text_line_height=&#8221;1.2em&#8221; header_font_size=&#8221;30&#8243; header_letter_spacing=&#8221;0&#8243; header_line_height=&#8221;1&#8243; background_size=&#8221;initial&#8221; background_position=&#8221;top_left&#8221; background_repeat=&#8221;repeat&#8221; max_width=&#8221;620px&#8221; custom_margin=&#8221;0px||0px||false|false&#8221; text_font_size_tablet=&#8221;&#8221; text_font_size_phone=&#8221;&#8221; text_font_size_last_edited=&#8221;on|tablet&#8221; use_border_color=&#8221;off&#8221; border_color=&#8221;#ffffff&#8221; border_width=&#8221;1&#8243; border_style=&#8221;solid&#8221;]<\/p>\n<h3><span data-contrast=\"auto\">Fotografa, videomaker, illustratrice e giornalista<\/span><\/h3>\n<p><span data-contrast=\"auto\">Camilla non ama alzare la voce, nemmeno quando le sue immagini parlano forte. Il suo lavoro\u00a0\u00e8\u00a0fatto di fotografia, scrittura e osservazione silenziosa, con una<strong>\u00a0<\/strong><\/span><strong>delicatezza che non \u00e8 mai timidezza ma scelta consapevole<\/strong><span data-contrast=\"auto\">.\u00a0Se io\u00a0ne\u00a0capissi qualcosa di fotografia, penso che la paragonerei a\u00a0Luigi Ghirri\u00a0o\u00a0Guido Guidi, per il lavoro di \u201c<\/span><strong>sottrazione<\/strong><span data-contrast=\"auto\">\u201d, fino a scoprire l\u2019essenziale, quello invisibile agli occhi, come diceva il Piccolo Principe, ma, evidentemente, non all\u2019obiettivo fotografico di Camilla.<\/span><span data-ccp-props=\"{&quot;335551550&quot;:6,&quot;335551620&quot;:6,&quot;335559739&quot;:0}\">\u00a0<\/span><\/p>\n<p><span data-contrast=\"auto\">Nata a Milano, formata allo IED e cresciuta professionalmente attraversando mondi diversi,\u00a0dallo\u00a0still\u00a0life al reportage,\u00a0dall\u2019automotive\u00a0al ritratto,\u00a0Camilla ha costruito un percorso coerente proprio nella sua apparente variet\u00e0. \u00ab<em>Da quel che ricordo, <strong>ho da sempre la passione per la fotografia<\/strong>, sin dalle prime\u00a0macchine fotografiche ereditate in famiglia e le sperimentazioni del liceo artistico, vissute come un gioco serio, fatto di curiosit\u00e0 e libert\u00e0<\/em>\u00bb.<\/span><\/p>\n<p><span data-contrast=\"auto\">Quando\u00a0il soggetto sono\u00a0le persone, la macchina\u00a0fotografica\u00a0diventa per lei un ponte. \u00ab<em>\u00c8 uno strumento di sicurezza, per me e per loro,\u00a0che mi consente di entrare in contatto\u00a0e\u00a0diventa un oggetto-tramite<\/em>\u00bb. Un\u2019estensione naturale del suo modo di stare nel mondo, che mette a proprio agio chi \u00e8 davanti all\u2019obiettivo e chi scatta. Quando invece le figure umane scompaiono, il suo sguardo si fa ancora pi\u00f9 attento, quasi laterale: immagini \u201c<\/span><strong>prese un po\u2019 di nascosto<\/strong><span data-contrast=\"auto\">\u201d, capaci di leggere tra le righe della realt\u00e0, senza forzarla.<\/span><span data-ccp-props=\"{&quot;335551550&quot;:6,&quot;335551620&quot;:6,&quot;335559739&quot;:0}\">\u00a0<\/span><\/p>\n<p><span data-contrast=\"auto\">Questa sensibilit\u00e0 emerge con chiarezza anche nel suo modo di raccontare. Da giornalista pubblicista, Camilla attribuisce grande importanza alle parole che accompagnano le fotografie: il testo non come didascalia, ma come\u00a0<\/span><strong>ulteriore livello di\u00a0conoscenza<\/strong><span data-contrast=\"auto\"><strong>.<\/strong> Non \u00e8 un caso che tra i progetti a cui \u00e8 pi\u00f9 legata ci siano lavori profondamente umani, come il reportage sulle donne islandesi, immerse in un contesto naturale estremo e insieme quotidiano, o le interviste agli anziani della Casa Verdi per Musicisti, realizzate per il\u00a0<\/span><i><span data-contrast=\"auto\">Corriere della Sera<\/span><\/i><span data-contrast=\"auto\">. \u00ab<em>Sono particolarmente emozionata dalle cose pi\u00f9 piccoline, che sono le pi\u00f9 preziose\u00bb<\/em>.<\/span><span data-ccp-props=\"{&quot;335551550&quot;:6,&quot;335551620&quot;:6,&quot;335559739&quot;:0}\">\u00a0<\/span><\/p>\n<p><span data-ccp-props=\"{}\"><\/span><\/p>\n<p>[\/et_pb_text][\/et_pb_column][\/et_pb_row][et_pb_row column_structure=&#8221;1_2,1_2&#8243; _builder_version=&#8221;4.8.2&#8243; _module_preset=&#8221;default&#8221;][et_pb_column type=&#8221;1_2&#8243; _builder_version=&#8221;4.8.2&#8243; _module_preset=&#8221;default&#8221;][et_pb_image src=&#8221;https:\/\/www.museofratellicozzi.com\/news\/wp-content\/uploads\/2025\/12\/Beige-Elegante-Vintage-Moodboard-Floreale-Collage-Foto-Orizzontale-18.png&#8221; title_text=&#8221;Camilla Albertini &#8221; _builder_version=&#8221;4.8.2&#8243; _module_preset=&#8221;default&#8221; custom_margin=&#8221;||1px|||&#8221;][\/et_pb_image][et_pb_text _builder_version=&#8221;4.8.2&#8243; _module_preset=&#8221;default&#8221; hover_enabled=&#8221;0&#8243; sticky_enabled=&#8221;0&#8243;]<\/p>\n<p>\u00a0Cammilla Albertini &#8211; Ph Paolo Carlini<\/p>\n<p>[\/et_pb_text][\/et_pb_column][et_pb_column type=&#8221;1_2&#8243; _builder_version=&#8221;4.8.2&#8243; _module_preset=&#8221;default&#8221;][et_pb_image src=&#8221;https:\/\/www.museofratellicozzi.com\/news\/wp-content\/uploads\/2025\/12\/Beige-Elegante-Vintage-Moodboard-Floreale-Collage-Foto-Orizzontale-16.png&#8221; title_text=&#8221;Beige Elegante Vintage Moodboard Floreale Collage Foto Orizzontale (16)&#8221; _builder_version=&#8221;4.8.2&#8243; _module_preset=&#8221;default&#8221;][\/et_pb_image][et_pb_text _builder_version=&#8221;4.8.2&#8243; _module_preset=&#8221;default&#8221;]<\/p>\n<p>Cammilla Albertini &#8211; Ph Paolo Carlini\u00a0<\/p>\n<p>[\/et_pb_text][\/et_pb_column][\/et_pb_row][et_pb_row column_structure=&#8221;1_3,2_3&#8243; padding_mobile=&#8221;on&#8221; column_padding_mobile=&#8221;on&#8221; admin_label=&#8221;row&#8221; _builder_version=&#8221;4.8.2&#8243; background_size=&#8221;initial&#8221; background_position=&#8221;top_left&#8221; background_repeat=&#8221;repeat&#8221; custom_margin=&#8221;10px||||false|false&#8221; custom_padding=&#8221;0px|||&#8221; make_fullwidth=&#8221;off&#8221; use_custom_width=&#8221;off&#8221; width_unit=&#8221;on&#8221; custom_width_px=&#8221;1080&#8243; custom_width_percent=&#8221;80&#8243;][et_pb_column type=&#8221;1_3&#8243; _builder_version=&#8221;3.25&#8243; custom_padding=&#8221;|||&#8221; custom_padding__hover=&#8221;|||&#8221;][\/et_pb_column][et_pb_column type=&#8221;2_3&#8243; _builder_version=&#8221;3.25&#8243; custom_padding=&#8221;|||&#8221; custom_padding__hover=&#8221;|||&#8221;][et_pb_text admin_label=&#8221;Blocco testo 1&#8243; _builder_version=&#8221;4.8.2&#8243; text_font=&#8221;PT Sans||||&#8221; text_text_color=&#8221;#363636&#8243; text_font_size=&#8221;20&#8243; text_letter_spacing=&#8221;0&#8243; text_line_height=&#8221;1.2em&#8221; header_font_size=&#8221;30&#8243; header_letter_spacing=&#8221;0&#8243; header_line_height=&#8221;1&#8243; background_size=&#8221;initial&#8221; background_position=&#8221;top_left&#8221; background_repeat=&#8221;repeat&#8221; max_width=&#8221;620px&#8221; custom_margin=&#8221;0px||0px||false|false&#8221; text_font_size_tablet=&#8221;&#8221; text_font_size_phone=&#8221;&#8221; text_font_size_last_edited=&#8221;on|tablet&#8221; use_border_color=&#8221;off&#8221; border_color=&#8221;#ffffff&#8221; border_width=&#8221;1&#8243; border_style=&#8221;solid&#8221;]<\/p>\n<p><span data-ccp-props=\"{&quot;335551550&quot;:6,&quot;335551620&quot;:6,&quot;335559739&quot;:0}\"><\/span><\/p>\n<p><span data-contrast=\"auto\">Lo stesso sguardo attraversa\u00a0\u201c<\/span><i><span data-contrast=\"auto\">Donne e Motori? Gioie e basta\u201d,\u00a0<\/span><\/i><span data-contrast=\"auto\">che<\/span><i><span data-contrast=\"auto\">\u00a0<\/span><\/i><span data-contrast=\"auto\">si \u00e8 evoluta\u00a0nella IV Edizione\u00a0fino a includere anche gli uomini, chiamati a condividere il racconto di una parit\u00e0 possibile e quotidiana. \u00ab<em>\u00c8 qualcosa che \u00e8 venuto naturalmente. Uomini e donne capaci di raccontare la loro normalit\u00e0, <strong>senza pose ideologiche<\/strong><\/em>\u00bb.<\/span><\/p>\n<p><span data-contrast=\"auto\">Quando le chiedo di raccontarmi il\u00a0backstage della mostra, mi rendo conto che \u00e8\u00a0fatto della stessa materia delle immagini finali:\u00a0<\/span><strong>pazienza, ascolto, attenzione<\/strong><span data-contrast=\"auto\"><strong>.<\/strong> Shooting complessi, spesso realizzati dall\u2019alto, dalle scale, per restituire un\u00a0<\/span><strong>punto di vista non convenzionale<\/strong><span data-contrast=\"auto\">; soluzioni creative per\u00a0<\/span><strong>superare le distanze<\/strong><span data-contrast=\"auto\">, come nel caso di un protagonista collegato\u00a0dall\u2019Australia; scelte tecniche pensate per\u00a0<\/span>valorizzare anche l\u2019auto<span data-contrast=\"auto\">, con dettagli che parlano agli appassionati\u00a0alfisti,\u00a0senza rubare la scena alle persone.\u00a0Ho constatato io stessa nelle sue sessioni di Shooting come Camilla osservi e\u00a0lasci accadere.\u00a0Nota, ad esempio,\u00a0il fatto che\u00a0gli uomini abbiano spontaneamente cercato di mettere le donne in primo piano, segno di una stima reale, non costruita.<\/span><span data-ccp-props=\"{&quot;335551550&quot;:6,&quot;335551620&quot;:6,&quot;335559739&quot;:0}\">\u00a0<\/span><\/p>\n<p><span data-contrast=\"auto\">Fuori dal set, la sua vita segue lo stesso ritmo misurato. Da qualche anno vive lontano da Milano, in un contesto che le permette di riscoprire il valore delle cose semplici: il cielo, il tempo, la natura a chilometro zero. Un\u2019attitudine che si riflette anche nel lavoro, dove l\u2019idea di crescita non coincide mai con l\u2019accumulo, ma con l\u2019approfondimento, la sottrazione, appunto, e la valorizzazione della semplicit\u00e0, mai ingenua se guardata attraverso gli occhi e l\u2019obiettivo di Camilla.<\/span><span data-ccp-props=\"{&quot;335551550&quot;:6,&quot;335551620&quot;:6,&quot;335559739&quot;:0}\">\u00a0<\/span><span style=\"letter-spacing: 0px;\">\u00a0<\/span><\/p>\n<p>[\/et_pb_text][\/et_pb_column][\/et_pb_row][et_pb_row _builder_version=&#8221;4.8.2&#8243; _module_preset=&#8221;default&#8221;][et_pb_column type=&#8221;4_4&#8243; _builder_version=&#8221;4.8.2&#8243; _module_preset=&#8221;default&#8221;][et_pb_divider _builder_version=&#8221;4.8.2&#8243; _module_preset=&#8221;default&#8221;][\/et_pb_divider][et_pb_image src=&#8221;https:\/\/www.museofratellicozzi.com\/news\/wp-content\/uploads\/2025\/12\/Beige-Elegante-Vintage-Moodboard-Floreale-Collage-Foto-Orizzontale-4.png&#8221; title_text=&#8221;Camilla Albertini &#8221; _builder_version=&#8221;4.8.2&#8243; _module_preset=&#8221;default&#8221;][\/et_pb_image][et_pb_text _builder_version=&#8221;4.8.2&#8243; _module_preset=&#8221;default&#8221;]<\/p>\n<p>Camilla ancora sulla scala &#8230; con Linda Villano e Felipe Vergara<\/p>\n<div class=\"et_pb_column et_pb_column_1_3 et_pb_column_28  et_pb_css_mix_blend_mode_passthrough\"><\/div>\n<p>[\/et_pb_text][\/et_pb_column][\/et_pb_row][et_pb_row column_structure=&#8221;1_3,2_3&#8243; padding_mobile=&#8221;on&#8221; column_padding_mobile=&#8221;on&#8221; admin_label=&#8221;row&#8221; _builder_version=&#8221;4.8.2&#8243; background_size=&#8221;initial&#8221; background_position=&#8221;top_left&#8221; background_repeat=&#8221;repeat&#8221; custom_margin=&#8221;10px||||false|false&#8221; custom_padding=&#8221;0px|||&#8221; make_fullwidth=&#8221;off&#8221; use_custom_width=&#8221;off&#8221; width_unit=&#8221;on&#8221; custom_width_px=&#8221;1080&#8243; custom_width_percent=&#8221;80&#8243;][et_pb_column type=&#8221;1_3&#8243; _builder_version=&#8221;3.25&#8243; custom_padding=&#8221;|||&#8221; custom_padding__hover=&#8221;|||&#8221;][\/et_pb_column][et_pb_column type=&#8221;2_3&#8243; _builder_version=&#8221;3.25&#8243; custom_padding=&#8221;|||&#8221; custom_padding__hover=&#8221;|||&#8221;][et_pb_text admin_label=&#8221;Blocco testo 1&#8243; _builder_version=&#8221;4.8.2&#8243; text_font=&#8221;PT Sans||||&#8221; text_text_color=&#8221;#363636&#8243; text_font_size=&#8221;20&#8243; text_letter_spacing=&#8221;0&#8243; text_line_height=&#8221;1.2em&#8221; header_font_size=&#8221;30&#8243; header_letter_spacing=&#8221;0&#8243; header_line_height=&#8221;1&#8243; background_size=&#8221;initial&#8221; background_position=&#8221;top_left&#8221; background_repeat=&#8221;repeat&#8221; max_width=&#8221;620px&#8221; custom_margin=&#8221;0px||0px||false|false&#8221; text_font_size_tablet=&#8221;&#8221; text_font_size_phone=&#8221;&#8221; text_font_size_last_edited=&#8221;on|tablet&#8221; use_border_color=&#8221;off&#8221; border_color=&#8221;#ffffff&#8221; border_width=&#8221;1&#8243; border_style=&#8221;solid&#8221;]<\/p>\n<h2><strong>Vuoi ospitare la mostra? Ecco le info utili!<\/strong><\/h2>\n<p>La mostra <em>&#8220;Donne e Motori? Gioie e basta&#8221;<\/em> \u00e8 stata ideata per essere itinerante e per questo, come nelle precedenti edizioni,\u00a0gli scatti sono stati stampati in due copie su supporti ultraleggeri e le copie sono pronte a essere esposte nei<span>\u00a0<\/span><strong>palazzi istituzionali, nei luoghi di lavoro, nelle scuole e nelle biblioteche.\u00a0<\/strong><\/p>\n<p>In<span style=\"color: #800000;\"><a href=\"https:\/\/www.museofratellicozzi.com\/news\/donne-motori-nuovo-tour\/\" target=\"_blank\" rel=\"noopener noreferrer\" style=\"color: #800000;\"><strong> questo link<\/strong><\/a><\/span><a href=\"https:\/\/www.museofratellicozzi.com\/news\/donne-motori-nuovo-tour\/\" target=\"_blank\" rel=\"noopener noreferrer\"><strong><\/strong><\/a>\u00a0si trovano<span style=\"color: #800000;\">\u00a0<\/span>tutte le informazioni utili ed \u00e8 possibile vedere i luoghi in cui la mostra \u00e8 stata ospitata. Se qualche location \u00e8 stata d&#8217;ispirazione\u00a0e volete ospitare la mostra, potete contattarci alla mail <b><a href=\"mailto:info@museofratellicozzi.com\">info@museofratellicozzi.com.\u00a0<\/a>\u00a0<\/b><\/p>\n<p>[\/et_pb_text][\/et_pb_column][\/et_pb_row][et_pb_row _builder_version=&#8221;4.8.2&#8243; _module_preset=&#8221;default&#8221; custom_margin=&#8221;|auto|2px|auto||&#8221;][et_pb_column type=&#8221;4_4&#8243; _builder_version=&#8221;4.8.2&#8243; _module_preset=&#8221;default&#8221;][et_pb_divider _builder_version=&#8221;4.8.2&#8243; _module_preset=&#8221;default&#8221;][\/et_pb_divider][\/et_pb_column][\/et_pb_row][et_pb_row column_structure=&#8221;2_5,3_5&#8243; _builder_version=&#8221;4.8.2&#8243; _module_preset=&#8221;default&#8221;][et_pb_column type=&#8221;2_5&#8243; _builder_version=&#8221;4.8.2&#8243; _module_preset=&#8221;default&#8221;][et_pb_gallery gallery_ids=&#8221;24478&#8243; show_title_and_caption=&#8221;off&#8221; show_pagination=&#8221;off&#8221; _builder_version=&#8221;4.8.2&#8243; _module_preset=&#8221;default&#8221;][\/et_pb_gallery][et_pb_text _builder_version=&#8221;4.8.2&#8243; _module_preset=&#8221;default&#8221; hover_enabled=&#8221;0&#8243; sticky_enabled=&#8221;0&#8243;]<\/p>\n<p>Camilla Albertini &#8211; foto di Paolo Carlini<\/p>\n<p>[\/et_pb_text][\/et_pb_column][et_pb_column type=&#8221;3_5&#8243; _builder_version=&#8221;4.8.2&#8243; _module_preset=&#8221;default&#8221;][et_pb_text _builder_version=&#8221;4.8.2&#8243; _module_preset=&#8221;default&#8221;]<\/p>\n<h3>CAMILLA ALBERTINI<\/h3>\n<div><span><strong>Camilla Albertini<\/strong> \u00e8 fotografa, videomaker, illustratrice e giornalista. Nata a Milano, si \u00e8 laureata nel 2017 in fotografia presso l\u2019Istituto Europeo di Design e conta come freelance gi\u00e0 una lunga esperienza di lavoro in diversi ambiti: dallo still life in studio al reportage, dall\u2019automotive al corporate, dal ritratto al food. \u00c8 appassionata di disegno e di arti visive in genere. Ama viaggiare e cogliere nelle sue immagini l\u2019essenza dei luoghi con immagini mai scontate e di ricercata emozione. Con l\u2019occhio e il cuore sempre attenti alle tematiche femminili, ha realizzato nel 2019 un reportage sulle donne islandesi e nel 2022, 23, 24 e 25 una mostra fotografica, in collaborazione con il Museo Fratelli Cozzi, di ritratti di donne e automobili, per scardinare gli stereotipi legati a \u201cdonne e motori\u201d. Diverse le sue immagini e testi pubblicati nelle pagine del Corriere della sera di Milano e da riviste quali Quattroruote, Ruoteclassiche, Donna Moderna, Gardenia, il Bagno. Nel 2021, per Silvana Editoriale, ha pubblicato, con il collega Paolo Carlini, il libro fotografico \u201cItalia Cost to Coast\u201d.<\/span><\/div>\n<p>[\/et_pb_text][\/et_pb_column][\/et_pb_row][\/et_pb_section]<\/p>\n","protected":false},"excerpt":{"rendered":"<p>[et_pb_section fb_built=&#8221;1&#8243; admin_label=&#8221;Sezione&#8221; _builder_version=&#8221;4.8.2&#8243; custom_padding=&#8221;0px|||&#8221; transparent_background=&#8221;off&#8221; make_fullwidth=&#8221;off&#8221; use_custom_width=&#8221;off&#8221; width_unit=&#8221;on&#8221; custom_width_px=&#8221;1080&#8243; custom_width_percent=&#8221;80&#8243;][et_pb_row use_custom_gutter=&#8221;on&#8221; gutter_width=&#8221;1&#8243; disabled_on=&#8221;off|off|off&#8221; admin_label=&#8221;Riga&#8221; module_class=&#8221; et_pb_row_fullwidth&#8221; _builder_version=&#8221;3.25&#8243; background_size=&#8221;initial&#8221; background_position=&#8221;top_left&#8221; background_repeat=&#8221;repeat&#8221; width=&#8221;100%&#8221; width_tablet=&#8221;100%&#8221; width_phone=&#8221;&#8221; width_last_edited=&#8221;on|desktop&#8221; max_width=&#8221;100%&#8221; max_width_tablet=&#8221;100%&#8221; max_width_phone=&#8221;&#8221; max_width_last_edited=&#8221;on|desktop&#8221; custom_padding=&#8221;0px|||&#8221; make_fullwidth=&#8221;on&#8221; use_custom_width=&#8221;off&#8221; width_unit=&#8221;on&#8221; custom_width_px=&#8221;1080&#8243; custom_width_percent=&#8221;80&#8243;][et_pb_column type=&#8221;4_4&#8243; _builder_version=&#8221;3.25&#8243; custom_padding=&#8221;|||&#8221; custom_padding__hover=&#8221;|||&#8221;][et_pb_image src=&#8221;https:\/\/www.museofratellicozzi.com\/news\/wp-content\/uploads\/2025\/12\/5-1.jpg&#8221; title_text=&#8221;Camilla Albertini&#8221; force_fullwidth=&#8221;on&#8221; align_tablet=&#8221;center&#8221; align_phone=&#8221;&#8221; align_last_edited=&#8221;on|desktop&#8221; admin_label=&#8221;Immagine principale&#8221; _builder_version=&#8221;4.8.2&#8243; animation=&#8221;off&#8221; sticky=&#8221;off&#8221; use_border_color=&#8221;off&#8221; border_color=&#8221;#ffffff&#8221; border_width=&#8221;1&#8243; border_style=&#8221;solid&#8221; [&hellip;]<\/p>\n","protected":false},"author":7,"featured_media":24769,"comment_status":"open","ping_status":"open","sticky":false,"template":"","format":"standard","meta":{"_et_pb_use_builder":"on","_et_pb_old_content":"","_et_gb_content_width":"","_jetpack_memberships_contains_paid_content":false,"footnotes":""},"categories":[775,872,776],"tags":[21,209,180,841,125,406,847,921],"class_list":["post-24657","post","type-post","status-publish","format-standard","has-post-thumbnail","hentry","category-associazione","category-donne-e-motori","category-woman-in-power","tag-alfa-romeo","tag-automotive","tag-cozzi","tag-donne-e-motori","tag-heforshe","tag-museo-fratelli-cozzi","tag-semenzato","tag-united-nation","et-has-post-format-content","et_post_format-et-post-format-standard"],"yoast_head":"<!-- This site is optimized with the Yoast SEO plugin v26.8 - https:\/\/yoast.com\/product\/yoast-seo-wordpress\/ -->\n<title>&quot;Donne e motori? Gioie e basta&quot; testimonial di dicembre -<\/title>\n<meta name=\"description\" content=\"Prima di conoscere tutti i protagonisti della IV edizione della mostra &quot;Donne e motori? Gioie e basta&quot;, incontriamo la fotografa Camilla Albertini\" \/>\n<meta name=\"robots\" content=\"index, follow, max-snippet:-1, max-image-preview:large, max-video-preview:-1\" \/>\n<link rel=\"canonical\" href=\"https:\/\/www.museofratellicozzi.com\/news\/donne-e-motori-gioie-e-basta-4-edizione-le-protagoniste-dicembre\/\" \/>\n<meta property=\"og:locale\" content=\"it_IT\" \/>\n<meta property=\"og:type\" content=\"article\" \/>\n<meta property=\"og:title\" content=\"&quot;Donne e motori? Gioie e basta&quot; testimonial di dicembre -\" \/>\n<meta property=\"og:description\" content=\"Prima di conoscere tutti i protagonisti della IV edizione della mostra &quot;Donne e motori? Gioie e basta&quot;, incontriamo la fotografa Camilla Albertini\" \/>\n<meta property=\"og:url\" content=\"https:\/\/www.museofratellicozzi.com\/news\/donne-e-motori-gioie-e-basta-4-edizione-le-protagoniste-dicembre\/\" \/>\n<meta property=\"og:site_name\" content=\"eNews Museo Fratelli Cozzi\" \/>\n<meta property=\"article:published_time\" content=\"2025-12-09T11:20:30+00:00\" \/>\n<meta property=\"article:modified_time\" content=\"2025-12-29T13:17:27+00:00\" \/>\n<meta property=\"og:image\" content=\"https:\/\/www.museofratellicozzi.com\/news\/wp-content\/uploads\/2025\/12\/5-1.jpg\" \/>\n\t<meta property=\"og:image:width\" content=\"1920\" \/>\n\t<meta property=\"og:image:height\" content=\"1080\" \/>\n\t<meta property=\"og:image:type\" content=\"image\/jpeg\" \/>\n<meta name=\"author\" content=\"Elisabetta Cozzi\" \/>\n<meta name=\"twitter:card\" content=\"summary_large_image\" \/>\n<meta name=\"twitter:label1\" content=\"Scritto da\" \/>\n\t<meta name=\"twitter:data1\" content=\"Elisabetta Cozzi\" \/>\n\t<meta name=\"twitter:label2\" content=\"Tempo di lettura stimato\" \/>\n\t<meta name=\"twitter:data2\" content=\"10 minuti\" \/>\n<script type=\"application\/ld+json\" class=\"yoast-schema-graph\">{\"@context\":\"https:\/\/schema.org\",\"@graph\":[{\"@type\":\"Article\",\"@id\":\"https:\/\/www.museofratellicozzi.com\/news\/donne-e-motori-gioie-e-basta-4-edizione-le-protagoniste-dicembre\/#article\",\"isPartOf\":{\"@id\":\"https:\/\/www.museofratellicozzi.com\/news\/donne-e-motori-gioie-e-basta-4-edizione-le-protagoniste-dicembre\/\"},\"author\":{\"name\":\"Elisabetta Cozzi\",\"@id\":\"https:\/\/www.museofratellicozzi.com\/news\/#\/schema\/person\/3c2c242e79e59f9be7b62a0d9673e40d\"},\"headline\":\"&#8220;Donne e motori? Gioie e basta&#8221; testimonial di dicembre\",\"datePublished\":\"2025-12-09T11:20:30+00:00\",\"dateModified\":\"2025-12-29T13:17:27+00:00\",\"mainEntityOfPage\":{\"@id\":\"https:\/\/www.museofratellicozzi.com\/news\/donne-e-motori-gioie-e-basta-4-edizione-le-protagoniste-dicembre\/\"},\"wordCount\":3915,\"commentCount\":0,\"publisher\":{\"@id\":\"https:\/\/www.museofratellicozzi.com\/news\/#organization\"},\"image\":{\"@id\":\"https:\/\/www.museofratellicozzi.com\/news\/donne-e-motori-gioie-e-basta-4-edizione-le-protagoniste-dicembre\/#primaryimage\"},\"thumbnailUrl\":\"https:\/\/www.museofratellicozzi.com\/news\/wp-content\/uploads\/2025\/12\/5-1.jpg\",\"keywords\":[\"alfa romeo\",\"automotive\",\"cozzi\",\"donne e motori\",\"heforshe\",\"Museo Fratelli Cozzi\",\"Semenzato\",\"United Nation\"],\"articleSection\":[\"Associazione\",\"Donne e Motori\",\"Empowerment femminile\"],\"inLanguage\":\"it-IT\",\"potentialAction\":[{\"@type\":\"CommentAction\",\"name\":\"Comment\",\"target\":[\"https:\/\/www.museofratellicozzi.com\/news\/donne-e-motori-gioie-e-basta-4-edizione-le-protagoniste-dicembre\/#respond\"]}]},{\"@type\":\"WebPage\",\"@id\":\"https:\/\/www.museofratellicozzi.com\/news\/donne-e-motori-gioie-e-basta-4-edizione-le-protagoniste-dicembre\/\",\"url\":\"https:\/\/www.museofratellicozzi.com\/news\/donne-e-motori-gioie-e-basta-4-edizione-le-protagoniste-dicembre\/\",\"name\":\"\\\"Donne e motori? Gioie e basta\\\" testimonial di dicembre -\",\"isPartOf\":{\"@id\":\"https:\/\/www.museofratellicozzi.com\/news\/#website\"},\"primaryImageOfPage\":{\"@id\":\"https:\/\/www.museofratellicozzi.com\/news\/donne-e-motori-gioie-e-basta-4-edizione-le-protagoniste-dicembre\/#primaryimage\"},\"image\":{\"@id\":\"https:\/\/www.museofratellicozzi.com\/news\/donne-e-motori-gioie-e-basta-4-edizione-le-protagoniste-dicembre\/#primaryimage\"},\"thumbnailUrl\":\"https:\/\/www.museofratellicozzi.com\/news\/wp-content\/uploads\/2025\/12\/5-1.jpg\",\"datePublished\":\"2025-12-09T11:20:30+00:00\",\"dateModified\":\"2025-12-29T13:17:27+00:00\",\"description\":\"Prima di conoscere tutti i protagonisti della IV edizione della mostra \\\"Donne e motori? Gioie e basta\\\", incontriamo la fotografa Camilla Albertini\",\"breadcrumb\":{\"@id\":\"https:\/\/www.museofratellicozzi.com\/news\/donne-e-motori-gioie-e-basta-4-edizione-le-protagoniste-dicembre\/#breadcrumb\"},\"inLanguage\":\"it-IT\",\"potentialAction\":[{\"@type\":\"ReadAction\",\"target\":[\"https:\/\/www.museofratellicozzi.com\/news\/donne-e-motori-gioie-e-basta-4-edizione-le-protagoniste-dicembre\/\"]}]},{\"@type\":\"ImageObject\",\"inLanguage\":\"it-IT\",\"@id\":\"https:\/\/www.museofratellicozzi.com\/news\/donne-e-motori-gioie-e-basta-4-edizione-le-protagoniste-dicembre\/#primaryimage\",\"url\":\"https:\/\/www.museofratellicozzi.com\/news\/wp-content\/uploads\/2025\/12\/5-1.jpg\",\"contentUrl\":\"https:\/\/www.museofratellicozzi.com\/news\/wp-content\/uploads\/2025\/12\/5-1.jpg\",\"width\":1920,\"height\":1080},{\"@type\":\"BreadcrumbList\",\"@id\":\"https:\/\/www.museofratellicozzi.com\/news\/donne-e-motori-gioie-e-basta-4-edizione-le-protagoniste-dicembre\/#breadcrumb\",\"itemListElement\":[{\"@type\":\"ListItem\",\"position\":1,\"name\":\"Home\",\"item\":\"https:\/\/www.museofratellicozzi.com\/news\/\"},{\"@type\":\"ListItem\",\"position\":2,\"name\":\"&#8220;Donne e motori? Gioie e basta&#8221; testimonial di dicembre\"}]},{\"@type\":\"WebSite\",\"@id\":\"https:\/\/www.museofratellicozzi.com\/news\/#website\",\"url\":\"https:\/\/www.museofratellicozzi.com\/news\/\",\"name\":\"eNews Museo Fratelli Cozzi\",\"description\":\"Alfa Romeo: un mito che resiste al tempo\",\"publisher\":{\"@id\":\"https:\/\/www.museofratellicozzi.com\/news\/#organization\"},\"potentialAction\":[{\"@type\":\"SearchAction\",\"target\":{\"@type\":\"EntryPoint\",\"urlTemplate\":\"https:\/\/www.museofratellicozzi.com\/news\/?s={search_term_string}\"},\"query-input\":{\"@type\":\"PropertyValueSpecification\",\"valueRequired\":true,\"valueName\":\"search_term_string\"}}],\"inLanguage\":\"it-IT\"},{\"@type\":\"Organization\",\"@id\":\"https:\/\/www.museofratellicozzi.com\/news\/#organization\",\"name\":\"Museo Fratelli Cozzi\",\"url\":\"https:\/\/www.museofratellicozzi.com\/news\/\",\"logo\":{\"@type\":\"ImageObject\",\"inLanguage\":\"it-IT\",\"@id\":\"https:\/\/www.museofratellicozzi.com\/news\/#\/schema\/logo\/image\/\",\"url\":\"https:\/\/www.museofratellicozzi.com\/news\/wp-content\/uploads\/2017\/04\/home.png\",\"contentUrl\":\"https:\/\/www.museofratellicozzi.com\/news\/wp-content\/uploads\/2017\/04\/home.png\",\"width\":497,\"height\":512,\"caption\":\"Museo Fratelli Cozzi\"},\"image\":{\"@id\":\"https:\/\/www.museofratellicozzi.com\/news\/#\/schema\/logo\/image\/\"}},{\"@type\":\"Person\",\"@id\":\"https:\/\/www.museofratellicozzi.com\/news\/#\/schema\/person\/3c2c242e79e59f9be7b62a0d9673e40d\",\"name\":\"Elisabetta Cozzi\",\"image\":{\"@type\":\"ImageObject\",\"inLanguage\":\"it-IT\",\"@id\":\"https:\/\/www.museofratellicozzi.com\/news\/#\/schema\/person\/image\/\",\"url\":\"https:\/\/secure.gravatar.com\/avatar\/a761e7642145a4506dbd3685a69db0fc?s=96&d=mm&r=g\",\"contentUrl\":\"https:\/\/secure.gravatar.com\/avatar\/a761e7642145a4506dbd3685a69db0fc?s=96&d=mm&r=g\",\"caption\":\"Elisabetta Cozzi\"}}]}<\/script>\n<!-- \/ Yoast SEO plugin. -->","yoast_head_json":{"title":"\"Donne e motori? Gioie e basta\" testimonial di dicembre -","description":"Prima di conoscere tutti i protagonisti della IV edizione della mostra \"Donne e motori? Gioie e basta\", incontriamo la fotografa Camilla Albertini","robots":{"index":"index","follow":"follow","max-snippet":"max-snippet:-1","max-image-preview":"max-image-preview:large","max-video-preview":"max-video-preview:-1"},"canonical":"https:\/\/www.museofratellicozzi.com\/news\/donne-e-motori-gioie-e-basta-4-edizione-le-protagoniste-dicembre\/","og_locale":"it_IT","og_type":"article","og_title":"\"Donne e motori? Gioie e basta\" testimonial di dicembre -","og_description":"Prima di conoscere tutti i protagonisti della IV edizione della mostra \"Donne e motori? Gioie e basta\", incontriamo la fotografa Camilla Albertini","og_url":"https:\/\/www.museofratellicozzi.com\/news\/donne-e-motori-gioie-e-basta-4-edizione-le-protagoniste-dicembre\/","og_site_name":"eNews Museo Fratelli Cozzi","article_published_time":"2025-12-09T11:20:30+00:00","article_modified_time":"2025-12-29T13:17:27+00:00","og_image":[{"width":1920,"height":1080,"url":"https:\/\/www.museofratellicozzi.com\/news\/wp-content\/uploads\/2025\/12\/5-1.jpg","type":"image\/jpeg"}],"author":"Elisabetta Cozzi","twitter_card":"summary_large_image","twitter_misc":{"Scritto da":"Elisabetta Cozzi","Tempo di lettura stimato":"10 minuti"},"schema":{"@context":"https:\/\/schema.org","@graph":[{"@type":"Article","@id":"https:\/\/www.museofratellicozzi.com\/news\/donne-e-motori-gioie-e-basta-4-edizione-le-protagoniste-dicembre\/#article","isPartOf":{"@id":"https:\/\/www.museofratellicozzi.com\/news\/donne-e-motori-gioie-e-basta-4-edizione-le-protagoniste-dicembre\/"},"author":{"name":"Elisabetta Cozzi","@id":"https:\/\/www.museofratellicozzi.com\/news\/#\/schema\/person\/3c2c242e79e59f9be7b62a0d9673e40d"},"headline":"&#8220;Donne e motori? Gioie e basta&#8221; testimonial di dicembre","datePublished":"2025-12-09T11:20:30+00:00","dateModified":"2025-12-29T13:17:27+00:00","mainEntityOfPage":{"@id":"https:\/\/www.museofratellicozzi.com\/news\/donne-e-motori-gioie-e-basta-4-edizione-le-protagoniste-dicembre\/"},"wordCount":3915,"commentCount":0,"publisher":{"@id":"https:\/\/www.museofratellicozzi.com\/news\/#organization"},"image":{"@id":"https:\/\/www.museofratellicozzi.com\/news\/donne-e-motori-gioie-e-basta-4-edizione-le-protagoniste-dicembre\/#primaryimage"},"thumbnailUrl":"https:\/\/www.museofratellicozzi.com\/news\/wp-content\/uploads\/2025\/12\/5-1.jpg","keywords":["alfa romeo","automotive","cozzi","donne e motori","heforshe","Museo Fratelli Cozzi","Semenzato","United Nation"],"articleSection":["Associazione","Donne e Motori","Empowerment femminile"],"inLanguage":"it-IT","potentialAction":[{"@type":"CommentAction","name":"Comment","target":["https:\/\/www.museofratellicozzi.com\/news\/donne-e-motori-gioie-e-basta-4-edizione-le-protagoniste-dicembre\/#respond"]}]},{"@type":"WebPage","@id":"https:\/\/www.museofratellicozzi.com\/news\/donne-e-motori-gioie-e-basta-4-edizione-le-protagoniste-dicembre\/","url":"https:\/\/www.museofratellicozzi.com\/news\/donne-e-motori-gioie-e-basta-4-edizione-le-protagoniste-dicembre\/","name":"\"Donne e motori? Gioie e basta\" testimonial di dicembre -","isPartOf":{"@id":"https:\/\/www.museofratellicozzi.com\/news\/#website"},"primaryImageOfPage":{"@id":"https:\/\/www.museofratellicozzi.com\/news\/donne-e-motori-gioie-e-basta-4-edizione-le-protagoniste-dicembre\/#primaryimage"},"image":{"@id":"https:\/\/www.museofratellicozzi.com\/news\/donne-e-motori-gioie-e-basta-4-edizione-le-protagoniste-dicembre\/#primaryimage"},"thumbnailUrl":"https:\/\/www.museofratellicozzi.com\/news\/wp-content\/uploads\/2025\/12\/5-1.jpg","datePublished":"2025-12-09T11:20:30+00:00","dateModified":"2025-12-29T13:17:27+00:00","description":"Prima di conoscere tutti i protagonisti della IV edizione della mostra \"Donne e motori? Gioie e basta\", incontriamo la fotografa Camilla Albertini","breadcrumb":{"@id":"https:\/\/www.museofratellicozzi.com\/news\/donne-e-motori-gioie-e-basta-4-edizione-le-protagoniste-dicembre\/#breadcrumb"},"inLanguage":"it-IT","potentialAction":[{"@type":"ReadAction","target":["https:\/\/www.museofratellicozzi.com\/news\/donne-e-motori-gioie-e-basta-4-edizione-le-protagoniste-dicembre\/"]}]},{"@type":"ImageObject","inLanguage":"it-IT","@id":"https:\/\/www.museofratellicozzi.com\/news\/donne-e-motori-gioie-e-basta-4-edizione-le-protagoniste-dicembre\/#primaryimage","url":"https:\/\/www.museofratellicozzi.com\/news\/wp-content\/uploads\/2025\/12\/5-1.jpg","contentUrl":"https:\/\/www.museofratellicozzi.com\/news\/wp-content\/uploads\/2025\/12\/5-1.jpg","width":1920,"height":1080},{"@type":"BreadcrumbList","@id":"https:\/\/www.museofratellicozzi.com\/news\/donne-e-motori-gioie-e-basta-4-edizione-le-protagoniste-dicembre\/#breadcrumb","itemListElement":[{"@type":"ListItem","position":1,"name":"Home","item":"https:\/\/www.museofratellicozzi.com\/news\/"},{"@type":"ListItem","position":2,"name":"&#8220;Donne e motori? Gioie e basta&#8221; testimonial di dicembre"}]},{"@type":"WebSite","@id":"https:\/\/www.museofratellicozzi.com\/news\/#website","url":"https:\/\/www.museofratellicozzi.com\/news\/","name":"eNews Museo Fratelli Cozzi","description":"Alfa Romeo: un mito che resiste al tempo","publisher":{"@id":"https:\/\/www.museofratellicozzi.com\/news\/#organization"},"potentialAction":[{"@type":"SearchAction","target":{"@type":"EntryPoint","urlTemplate":"https:\/\/www.museofratellicozzi.com\/news\/?s={search_term_string}"},"query-input":{"@type":"PropertyValueSpecification","valueRequired":true,"valueName":"search_term_string"}}],"inLanguage":"it-IT"},{"@type":"Organization","@id":"https:\/\/www.museofratellicozzi.com\/news\/#organization","name":"Museo Fratelli Cozzi","url":"https:\/\/www.museofratellicozzi.com\/news\/","logo":{"@type":"ImageObject","inLanguage":"it-IT","@id":"https:\/\/www.museofratellicozzi.com\/news\/#\/schema\/logo\/image\/","url":"https:\/\/www.museofratellicozzi.com\/news\/wp-content\/uploads\/2017\/04\/home.png","contentUrl":"https:\/\/www.museofratellicozzi.com\/news\/wp-content\/uploads\/2017\/04\/home.png","width":497,"height":512,"caption":"Museo Fratelli Cozzi"},"image":{"@id":"https:\/\/www.museofratellicozzi.com\/news\/#\/schema\/logo\/image\/"}},{"@type":"Person","@id":"https:\/\/www.museofratellicozzi.com\/news\/#\/schema\/person\/3c2c242e79e59f9be7b62a0d9673e40d","name":"Elisabetta Cozzi","image":{"@type":"ImageObject","inLanguage":"it-IT","@id":"https:\/\/www.museofratellicozzi.com\/news\/#\/schema\/person\/image\/","url":"https:\/\/secure.gravatar.com\/avatar\/a761e7642145a4506dbd3685a69db0fc?s=96&d=mm&r=g","contentUrl":"https:\/\/secure.gravatar.com\/avatar\/a761e7642145a4506dbd3685a69db0fc?s=96&d=mm&r=g","caption":"Elisabetta Cozzi"}}]}},"jetpack_featured_media_url":"https:\/\/www.museofratellicozzi.com\/news\/wp-content\/uploads\/2025\/12\/5-1.jpg","jetpack_shortlink":"https:\/\/wp.me\/p90Eth-6pH","jetpack_sharing_enabled":true,"post_mailing_queue_ids":[],"_links":{"self":[{"href":"https:\/\/www.museofratellicozzi.com\/news\/wp-json\/wp\/v2\/posts\/24657","targetHints":{"allow":["GET"]}}],"collection":[{"href":"https:\/\/www.museofratellicozzi.com\/news\/wp-json\/wp\/v2\/posts"}],"about":[{"href":"https:\/\/www.museofratellicozzi.com\/news\/wp-json\/wp\/v2\/types\/post"}],"author":[{"embeddable":true,"href":"https:\/\/www.museofratellicozzi.com\/news\/wp-json\/wp\/v2\/users\/7"}],"replies":[{"embeddable":true,"href":"https:\/\/www.museofratellicozzi.com\/news\/wp-json\/wp\/v2\/comments?post=24657"}],"version-history":[{"count":12,"href":"https:\/\/www.museofratellicozzi.com\/news\/wp-json\/wp\/v2\/posts\/24657\/revisions"}],"predecessor-version":[{"id":24929,"href":"https:\/\/www.museofratellicozzi.com\/news\/wp-json\/wp\/v2\/posts\/24657\/revisions\/24929"}],"wp:featuredmedia":[{"embeddable":true,"href":"https:\/\/www.museofratellicozzi.com\/news\/wp-json\/wp\/v2\/media\/24769"}],"wp:attachment":[{"href":"https:\/\/www.museofratellicozzi.com\/news\/wp-json\/wp\/v2\/media?parent=24657"}],"wp:term":[{"taxonomy":"category","embeddable":true,"href":"https:\/\/www.museofratellicozzi.com\/news\/wp-json\/wp\/v2\/categories?post=24657"},{"taxonomy":"post_tag","embeddable":true,"href":"https:\/\/www.museofratellicozzi.com\/news\/wp-json\/wp\/v2\/tags?post=24657"}],"curies":[{"name":"wp","href":"https:\/\/api.w.org\/{rel}","templated":true}]}}