{"id":24662,"date":"2025-12-11T17:50:55","date_gmt":"2025-12-11T16:50:55","guid":{"rendered":"https:\/\/www.museofratellicozzi.com\/news\/?p=24662"},"modified":"2025-12-29T14:12:06","modified_gmt":"2025-12-29T13:12:06","slug":"donne-e-motori-nuovo-tour-4-edizione","status":"publish","type":"post","link":"https:\/\/www.museofratellicozzi.com\/news\/donne-e-motori-nuovo-tour-4-edizione\/","title":{"rendered":"Donne e motori nuovo tour IV edizione"},"content":{"rendered":"<p>[et_pb_section fb_built=&#8221;1&#8243; admin_label=&#8221;Sezione&#8221; _builder_version=&#8221;3.22&#8243; custom_padding=&#8221;0px|||&#8221; transparent_background=&#8221;off&#8221; make_fullwidth=&#8221;off&#8221; use_custom_width=&#8221;off&#8221; width_unit=&#8221;on&#8221; custom_width_px=&#8221;1080&#8243; custom_width_percent=&#8221;80&#8243;][et_pb_row use_custom_gutter=&#8221;on&#8221; gutter_width=&#8221;1&#8243; disabled_on=&#8221;off|off|off&#8221; admin_label=&#8221;Riga&#8221; module_class=&#8221; et_pb_row_fullwidth&#8221; _builder_version=&#8221;3.25&#8243; background_size=&#8221;initial&#8221; background_position=&#8221;top_left&#8221; background_repeat=&#8221;repeat&#8221; width=&#8221;100%&#8221; width_tablet=&#8221;100%&#8221; width_phone=&#8221;&#8221; width_last_edited=&#8221;on|desktop&#8221; max_width=&#8221;100%&#8221; max_width_tablet=&#8221;100%&#8221; max_width_phone=&#8221;&#8221; max_width_last_edited=&#8221;on|desktop&#8221; custom_padding=&#8221;0px|||&#8221; make_fullwidth=&#8221;on&#8221; use_custom_width=&#8221;off&#8221; width_unit=&#8221;on&#8221; custom_width_px=&#8221;1080&#8243; custom_width_percent=&#8221;80&#8243;][et_pb_column type=&#8221;4_4&#8243; _builder_version=&#8221;3.25&#8243; custom_padding=&#8221;|||&#8221; custom_padding__hover=&#8221;|||&#8221;][et_pb_image src=&#8221;https:\/\/www.museofratellicozzi.com\/news\/wp-content\/uploads\/2025\/12\/4-1.jpg&#8221; alt=&#8221;Elisabetta Cozzi presenta il Tour 2025 %22Donne e Motori? Gioie e basta%22&#8243; title_text=&#8221;4&#8243; _builder_version=&#8221;4.8.2&#8243; _module_preset=&#8221;default&#8221;][\/et_pb_image][\/et_pb_column][\/et_pb_row][et_pb_row admin_label=&#8221;Riga&#8221; _builder_version=&#8221;3.25&#8243; background_size=&#8221;initial&#8221; background_position=&#8221;top_left&#8221; background_repeat=&#8221;repeat&#8221; custom_padding=&#8221;20px||0px|&#8221; make_fullwidth=&#8221;off&#8221; use_custom_width=&#8221;off&#8221; width_unit=&#8221;on&#8221; custom_width_px=&#8221;1080&#8243; custom_width_percent=&#8221;80&#8243;][et_pb_column type=&#8221;4_4&#8243; _builder_version=&#8221;3.25&#8243; custom_padding=&#8221;|||&#8221; custom_padding__hover=&#8221;|||&#8221;][et_pb_text admin_label=&#8221;Titolo&#8221; _builder_version=&#8221;4.8.2&#8243; text_font=&#8221;PT Sans||||&#8221; text_text_color=&#8221;#000000&#8243; text_font_size=&#8221;72&#8243; text_letter_spacing=&#8221;0&#8243; text_line_height=&#8221;1.1&#8243; header_font=&#8221;PT Sans||||&#8221; header_text_color=&#8221;#000000&#8243; header_font_size=&#8221;48&#8243; header_letter_spacing=&#8221;0&#8243; header_line_height=&#8221;1.1em&#8221; background_size=&#8221;initial&#8221; background_position=&#8221;top_left&#8221; background_repeat=&#8221;repeat&#8221; custom_margin=&#8221;0px||0px|&#8221; text_font_size_tablet=&#8221;60&#8243; text_font_size_phone=&#8221;&#8221; text_font_size_last_edited=&#8221;on|phone&#8221; text_letter_spacing_tablet=&#8221;&#8221; text_letter_spacing_phone=&#8221;&#8221; text_letter_spacing_last_edited=&#8221;on|desktop&#8221; text_line_height_tablet=&#8221;&#8221; text_line_height_phone=&#8221;&#8221; text_line_height_last_edited=&#8221;on|&#8221; header_font_size_tablet=&#8221;46&#8243; header_font_size_phone=&#8221;38px&#8221; header_font_size_last_edited=&#8221;on|phone&#8221; use_border_color=&#8221;off&#8221; border_color=&#8221;#ffffff&#8221; border_width=&#8221;1&#8243; border_style=&#8221;solid&#8221;]<\/p>\n<p>Donne e Motori? Gioie e&#8230; un nuovo tour<\/p>\n<p>[\/et_pb_text][\/et_pb_column][\/et_pb_row][\/et_pb_section][et_pb_section fb_built=&#8221;1&#8243; admin_label=&#8221;Section&#8221; _builder_version=&#8221;3.22&#8243; background_color=&#8221;#f7f7f4&#8243; transparent_background=&#8221;off&#8221; make_fullwidth=&#8221;off&#8221; use_custom_width=&#8221;off&#8221; width_unit=&#8221;on&#8221; custom_width_px=&#8221;1080&#8243; custom_width_percent=&#8221;80&#8243;][et_pb_row column_structure=&#8221;1_3,2_3&#8243; padding_mobile=&#8221;on&#8221; column_padding_mobile=&#8221;on&#8221; admin_label=&#8221;row&#8221; _builder_version=&#8221;4.8.2&#8243; background_size=&#8221;initial&#8221; background_position=&#8221;top_left&#8221; background_repeat=&#8221;repeat&#8221; custom_margin=&#8221;10px||||false|false&#8221; custom_padding=&#8221;0px|||&#8221; make_fullwidth=&#8221;off&#8221; use_custom_width=&#8221;off&#8221; width_unit=&#8221;on&#8221; custom_width_px=&#8221;1080&#8243; custom_width_percent=&#8221;80&#8243;][et_pb_column type=&#8221;1_3&#8243; _builder_version=&#8221;3.25&#8243; custom_padding=&#8221;|||&#8221; custom_padding__hover=&#8221;|||&#8221;][et_pb_text admin_label=&#8221;Occhiello&#8221; _builder_version=&#8221;4.8.2&#8243; text_font=&#8221;PT Sans|on|||&#8221; text_text_color=&#8221;#363636&#8243; text_font_size=&#8221;24&#8243; text_letter_spacing=&#8221;0&#8243; text_line_height=&#8221;1.4&#8243; header_font_size=&#8221;30&#8243; header_letter_spacing=&#8221;0&#8243; header_line_height=&#8221;1&#8243; header_3_font_size=&#8221;19px&#8221; header_3_line_height=&#8221;1.2em&#8221; background_size=&#8221;initial&#8221; background_position=&#8221;top_left&#8221; background_repeat=&#8221;repeat&#8221; max_width=&#8221;620px&#8221; custom_margin=&#8221;0px|20px|0px||false|false&#8221; custom_padding=&#8221;||0px|||&#8221; text_font_size_tablet=&#8221;&#8221; text_font_size_phone=&#8221;&#8221; text_font_size_last_edited=&#8221;on|desktop&#8221; use_border_color=&#8221;off&#8221; border_color=&#8221;#ffffff&#8221; border_width=&#8221;1&#8243; border_style=&#8221;solid&#8221;]<\/p>\n<h3>Dopo l\u2019inaugurazione del 25 novembre, la IV edizione di \u201cDonne e motori? Gioie e basta\u201d \u00e8 pronta a partire in tour. Scopri come ospitare la mostra<\/h3>\n<p>[\/et_pb_text][\/et_pb_column][et_pb_column type=&#8221;2_3&#8243; _builder_version=&#8221;3.25&#8243; custom_padding=&#8221;|||&#8221; custom_padding__hover=&#8221;|||&#8221;][et_pb_text admin_label=&#8221;Blocco testo 1&#8243; _builder_version=&#8221;4.8.2&#8243; text_font=&#8221;PT Sans||||&#8221; text_text_color=&#8221;#363636&#8243; text_font_size=&#8221;20&#8243; text_letter_spacing=&#8221;0&#8243; text_line_height=&#8221;1.2em&#8221; header_font_size=&#8221;30&#8243; header_letter_spacing=&#8221;0&#8243; header_line_height=&#8221;1&#8243; background_size=&#8221;initial&#8221; background_position=&#8221;top_left&#8221; background_repeat=&#8221;repeat&#8221; max_width=&#8221;620px&#8221; custom_margin=&#8221;0px||0px||false|false&#8221; custom_padding=&#8221;||0px|||&#8221; text_font_size_tablet=&#8221;&#8221; text_font_size_phone=&#8221;&#8221; text_font_size_last_edited=&#8221;on|tablet&#8221; use_border_color=&#8221;off&#8221; border_color=&#8221;#ffffff&#8221; border_width=&#8221;1&#8243; border_style=&#8221;solid&#8221;]<\/p>\n<p>Nuovi volti, nuove storie, nuove persone da conoscere e incontrare: \u00e8 ufficialmente partita la nuova edizione della mostra fotografica itinerante <span style=\"color: #800000;\"><strong><a href=\"https:\/\/www.museofratellicozzi.com\/news\/donne-e-motori-gioie-e-basta-4-edizione-le-protagoniste\/\" target=\"_blank\" rel=\"noopener noreferrer\" style=\"color: #800000;\"><em>Donne e motori? Gioie e Basta<\/em><\/a><\/strong><\/span> e, dopo l&#8217;inaugurazione dello scorso 25 novembre al nostro Museo,\u00a0<strong><span>\u00e8 pronta a partire per il tour 2026.<\/span><\/strong><\/p>\n<p>Come per le precedenti edizioni gli scatti sono stati stampati in pi\u00f9 copie su supporti ultraleggeri e le copie sono pronte a essere esposte nei <strong>palazzi istituzionali, nei luoghi di lavoro, nelle scuole e nelle biblioteche.\u00a0<\/strong><\/p>\n<p>Ma prima di iniziare un nuovo anno on the road, non abbiamo voluto rinunciare ai due tradizionali appuntamenti: l&#8217;anteprima a<a href=\"https:\/\/www.museofratellicozzi.com\/news\/museo-aperto-con-milano-autoclassica\/\" target=\"_blank\" rel=\"noopener noreferrer\"><span style=\"color: #800000;\"><strong> Milano AutoClassica<\/strong><\/span> <\/a>e l&#8217;inaugurazione ufficiale al museo<\/p>\n<p>[\/et_pb_text][\/et_pb_column][\/et_pb_row][et_pb_row column_structure=&#8221;1_4,1_4,1_4,1_4&#8243; _builder_version=&#8221;4.8.2&#8243; _module_preset=&#8221;default&#8221;][et_pb_column type=&#8221;1_4&#8243; _builder_version=&#8221;4.8.2&#8243; _module_preset=&#8221;default&#8221;][et_pb_image src=&#8221;https:\/\/www.museofratellicozzi.com\/news\/wp-content\/uploads\/2025\/12\/Foto-Paparella-80.png&#8221; title_text=&#8221;Foto Paparella (80)&#8221; _builder_version=&#8221;4.8.2&#8243; _module_preset=&#8221;default&#8221;][\/et_pb_image][et_pb_text admin_label=&#8221;Testo&#8221; _builder_version=&#8221;4.8.2&#8243; _module_preset=&#8221;default&#8221;]<\/p>\n<p>Paolo Roggero (Direttore ACI Milano), Elisabetta Cozzi, Alessandra Zinno (Direttore Centrale ACI, Responsabile attivit\u00e0 ACI Storico) e Giovanni Battista Tombolato (Presidente ACI Storico in qualit\u00e0 di Sub Commissario di ACI)<\/p>\n<p>[\/et_pb_text][\/et_pb_column][et_pb_column type=&#8221;1_4&#8243; _builder_version=&#8221;4.8.2&#8243; _module_preset=&#8221;default&#8221;][et_pb_image src=&#8221;https:\/\/www.museofratellicozzi.com\/news\/wp-content\/uploads\/2025\/12\/Foto-Paparella-81.png&#8221; title_text=&#8221;Foto Paparella (81)&#8221; _builder_version=&#8221;4.8.2&#8243; _module_preset=&#8221;default&#8221;][\/et_pb_image][et_pb_text _builder_version=&#8221;4.8.2&#8243; _module_preset=&#8221;default&#8221;]<\/p>\n<p>Camilla Albertini, Elisabetta Cozzi, Marco Galassi Consigliere Federale ASI e Massimo Zecchini Scuderia Sant&#8217;Ambroeus\u00a0<\/p>\n<p>[\/et_pb_text][\/et_pb_column][et_pb_column type=&#8221;1_4&#8243; _builder_version=&#8221;4.8.2&#8243; _module_preset=&#8221;default&#8221;][et_pb_image src=&#8221;https:\/\/www.museofratellicozzi.com\/news\/wp-content\/uploads\/2025\/12\/Foto-Paparella-83.png&#8221; title_text=&#8221;Foto Paparella (83)&#8221; _builder_version=&#8221;4.8.2&#8243; _module_preset=&#8221;default&#8221;][\/et_pb_image][et_pb_text _builder_version=&#8221;4.8.2&#8243; _module_preset=&#8221;default&#8221; hover_enabled=&#8221;0&#8243; sticky_enabled=&#8221;0&#8243;]<\/p>\n<p>Elisabetta Cozzi e Camilla Albertini (fotografa della mostra)<\/p>\n<p>[\/et_pb_text][\/et_pb_column][et_pb_column type=&#8221;1_4&#8243; _builder_version=&#8221;4.8.2&#8243; _module_preset=&#8221;default&#8221;][et_pb_image src=&#8221;https:\/\/www.museofratellicozzi.com\/news\/wp-content\/uploads\/2025\/12\/Foto-Paparella-82.png&#8221; title_text=&#8221;Foto Paparella (82)&#8221; _builder_version=&#8221;4.8.2&#8243; _module_preset=&#8221;default&#8221;][\/et_pb_image][et_pb_text _builder_version=&#8221;4.8.2&#8243; _module_preset=&#8221;default&#8221;]<\/p>\n<p>Elisabetta Cozzi e\u00a0Yuko Noguchi testimonial III edizione della mostra<\/p>\n<p>[\/et_pb_text][\/et_pb_column][\/et_pb_row][et_pb_row column_structure=&#8221;1_3,2_3&#8243; padding_mobile=&#8221;on&#8221; column_padding_mobile=&#8221;on&#8221; admin_label=&#8221;row&#8221; _builder_version=&#8221;4.8.2&#8243; background_size=&#8221;initial&#8221; background_position=&#8221;top_left&#8221; background_repeat=&#8221;repeat&#8221; custom_margin=&#8221;10px||||false|false&#8221; custom_padding=&#8221;0px|||&#8221; make_fullwidth=&#8221;off&#8221; use_custom_width=&#8221;off&#8221; width_unit=&#8221;on&#8221; custom_width_px=&#8221;1080&#8243; custom_width_percent=&#8221;80&#8243;][et_pb_column type=&#8221;1_3&#8243; _builder_version=&#8221;3.25&#8243; custom_padding=&#8221;|||&#8221; custom_padding__hover=&#8221;|||&#8221;][\/et_pb_column][et_pb_column type=&#8221;2_3&#8243; _builder_version=&#8221;3.25&#8243; custom_padding=&#8221;|||&#8221; custom_padding__hover=&#8221;|||&#8221;][et_pb_text admin_label=&#8221;Blocco testo 1&#8243; _builder_version=&#8221;4.8.2&#8243; text_font=&#8221;PT Sans||||&#8221; text_text_color=&#8221;#363636&#8243; text_font_size=&#8221;20&#8243; text_letter_spacing=&#8221;0&#8243; text_line_height=&#8221;1.2em&#8221; header_font_size=&#8221;30&#8243; header_letter_spacing=&#8221;0&#8243; header_line_height=&#8221;1&#8243; background_size=&#8221;initial&#8221; background_position=&#8221;top_left&#8221; background_repeat=&#8221;repeat&#8221; max_width=&#8221;620px&#8221; custom_margin=&#8221;0px||0px||false|false&#8221; custom_padding=&#8221;||0px|||&#8221; text_font_size_tablet=&#8221;&#8221; text_font_size_phone=&#8221;&#8221; text_font_size_last_edited=&#8221;on|tablet&#8221; use_border_color=&#8221;off&#8221; border_color=&#8221;#ffffff&#8221; border_width=&#8221;1&#8243; border_style=&#8221;solid&#8221;]<\/p>\n<h3><\/h3>\n<h3>ANTEPRIMA A MILANO AUTOCLASSICA<\/h3>\n<p>Anche la IV edizione della mostra <em>Donne e motori? Gioie e basta <\/em>\u00e8 stata inaugurata durante la tre giorni di Milano AutoClassica.\u00a0Un appuntamento che ci onora e che ogni anno\u00a0 ci consente di condividere il nostro messaggio con tantissimi appassionati e appassionate di automobili.<\/p>\n<p>Quella appena conclusa,\u00a0 svoltasi dal 21 al 23 novembre nei padiglioni di Rho Fiera-Milano, \u00e8 stata un&#8217;edizione da record, registrando un nuovo record di affluenza con un saldo netto di<strong> +9% di visitatori<\/strong>.<\/p>\n<p>Ringraziamo<strong> Andrea Martini <\/strong>e<strong> Desiree Baldini<\/strong> per la loro sempre preziosa collaborazione.<span style=\"letter-spacing: 0px;\">\u00a0<\/span><\/p>\n<p>[\/et_pb_text][\/et_pb_column][\/et_pb_row][et_pb_row _builder_version=&#8221;4.8.2&#8243; _module_preset=&#8221;default&#8221;][et_pb_column type=&#8221;4_4&#8243; _builder_version=&#8221;4.8.2&#8243; _module_preset=&#8221;default&#8221;][et_pb_image src=&#8221;https:\/\/www.museofratellicozzi.com\/news\/wp-content\/uploads\/2025\/12\/Copertina-sito-CAFFE-UTOPIA-11.png&#8221; title_text=&#8221;Milano Auto Classica 2025 immagine guida&#8221; _builder_version=&#8221;4.8.2&#8243; _module_preset=&#8221;default&#8221;][\/et_pb_image][et_pb_text admin_label=&#8221;Testo&#8221; _builder_version=&#8221;4.8.2&#8243; _module_preset=&#8221;default&#8221; hover_enabled=&#8221;0&#8243; sticky_enabled=&#8221;0&#8243;]<\/p>\n<p>Elisabetta Cozzi con Laura Confalonieri\u00a0vicedirettrice di Ruoteclassiche<\/p>\n<p>[\/et_pb_text][\/et_pb_column][\/et_pb_row][et_pb_row column_structure=&#8221;1_3,2_3&#8243; padding_mobile=&#8221;on&#8221; column_padding_mobile=&#8221;on&#8221; admin_label=&#8221;row&#8221; _builder_version=&#8221;4.8.2&#8243; background_size=&#8221;initial&#8221; background_position=&#8221;top_left&#8221; background_repeat=&#8221;repeat&#8221; custom_margin=&#8221;10px||||false|false&#8221; custom_padding=&#8221;0px|||&#8221; make_fullwidth=&#8221;off&#8221; use_custom_width=&#8221;off&#8221; width_unit=&#8221;on&#8221; custom_width_px=&#8221;1080&#8243; custom_width_percent=&#8221;80&#8243;][et_pb_column type=&#8221;1_3&#8243; _builder_version=&#8221;3.25&#8243; custom_padding=&#8221;|||&#8221; custom_padding__hover=&#8221;|||&#8221;][\/et_pb_column][et_pb_column type=&#8221;2_3&#8243; _builder_version=&#8221;3.25&#8243; custom_padding=&#8221;|||&#8221; custom_padding__hover=&#8221;|||&#8221;][et_pb_text admin_label=&#8221;Blocco testo 1&#8243; _builder_version=&#8221;4.8.2&#8243; text_font=&#8221;PT Sans||||&#8221; text_text_color=&#8221;#363636&#8243; text_font_size=&#8221;20&#8243; text_letter_spacing=&#8221;0&#8243; text_line_height=&#8221;1.2em&#8221; header_font_size=&#8221;30&#8243; header_letter_spacing=&#8221;0&#8243; header_line_height=&#8221;1&#8243; background_size=&#8221;initial&#8221; background_position=&#8221;top_left&#8221; background_repeat=&#8221;repeat&#8221; max_width=&#8221;620px&#8221; custom_margin=&#8221;0px||0px||false|false&#8221; custom_padding=&#8221;||0px|||&#8221; hover_enabled=&#8221;0&#8243; text_font_size_tablet=&#8221;&#8221; text_font_size_phone=&#8221;&#8221; text_font_size_last_edited=&#8221;on|tablet&#8221; use_border_color=&#8221;off&#8221; border_color=&#8221;#ffffff&#8221; border_width=&#8221;1&#8243; border_style=&#8221;solid&#8221; sticky_enabled=&#8221;0&#8243;]<\/p>\n<h3>25 novembre: inaugurazione ufficiale<\/h3>\n<p><span>Dopo l&#8217;anteprima la mostra \u00e8 stata ufficialmente inaugurata al\u00a0<\/span><strong>Museo Fratelli Cozzi<\/strong><span>\u00a0marted\u00ec 25 novembre, in occasione della\u00a0<\/span><span>Giornata internazionale per l&#8217;eliminazione della violenza sulle Donne.\u00a0<\/span><\/p>\n<p><span>Al taglio del nastro erano presenti\u00a0<\/span>il Sindaco di Legnano <strong>Lorenzo Radice<\/strong> insieme all\u2019Assessora alla Comunit\u00e0 Inclusiva <strong>Ilaria Maffei<\/strong> e alla Presidente della Commissione Femminile Pari Opportunit\u00e0 di Legnano<strong> Paola Barbazza. Paola \u00e8\u00a0<\/strong>tra le testimonial della mostra insieme a <strong>Luca Donelli<\/strong> a bordo di una Alfa Romeo 1750 GT Veloce.<\/p>\n<p>\u00c8 sempre un momento emozionante e divertente quello in cui le testimonial possono vedere per la prima volta gli scatti stampati ed esposti ed \u00e8 un&#8217;occasione fondamentale per conoscere le loro storie e sentire i primi commenti.<\/p>\n<p>Molto apprezzato l\u2019intervento di <strong>Claudio Nader<\/strong>, docente, strategist culturale e founder di <span style=\"color: #800000;\"><strong><a href=\"https:\/\/www.osservatoriomaschile.it\/\" target=\"_blank\" rel=\"noopener noreferrer\" style=\"color: #800000;\">Osservatorio Maschile<\/a><\/strong><\/span> che, insieme a Elisabetta Cozzi ha posato nella mostra con un\u2019auto evocativa, l\u2019<strong><em>Alfa75 Evoluzione<\/em><\/strong>, nome che ben sintetizza il traguardo raggiunto con il coinvolgimento degli uomini come testimonial della parit\u00e0 di genere.<\/p>\n<p><span>La mostra \u00e8 stata esposta per due settimane nella Sala Rossa del museo e ora \u00e8 pronta per iniziare il nuovo tour. Lo scorso anno \u00e8 stata ospitata\u00a0<\/span><span>in oltre 50 luoghi espositivi confermandosi\u00a0<\/span><strong>uno dei pi\u00f9 importanti progetti culturali italiani, nel mondo dell\u2019automobile, dedicati alla valorizzazione femminile.<\/strong><\/p>\n<p>[\/et_pb_text][\/et_pb_column][\/et_pb_row][et_pb_row _builder_version=&#8221;4.8.2&#8243; _module_preset=&#8221;default&#8221;][et_pb_column type=&#8221;4_4&#8243; _builder_version=&#8221;4.8.2&#8243; _module_preset=&#8221;default&#8221;][et_pb_text admin_label=&#8221;Testo&#8221; _builder_version=&#8221;4.8.2&#8243; _module_preset=&#8221;default&#8221;]<\/p>\n<p>Elisabetta Cozzi osserva i pannelli della mostra\u00a0<\/p>\n<p>[\/et_pb_text][et_pb_image src=&#8221;https:\/\/www.museofratellicozzi.com\/news\/wp-content\/uploads\/2025\/12\/Copertina-sito-CAFFE-UTOPIA-10.jpg&#8221; title_text=&#8221;Copertina sito CAFFE&#8217; UTOPIA (10)&#8221; _builder_version=&#8221;4.8.2&#8243; _module_preset=&#8221;default&#8221;][\/et_pb_image][\/et_pb_column][\/et_pb_row][et_pb_row _builder_version=&#8221;4.8.2&#8243; _module_preset=&#8221;default&#8221; custom_padding=&#8221;||0px|||&#8221;][et_pb_column type=&#8221;4_4&#8243; _builder_version=&#8221;4.8.2&#8243; _module_preset=&#8221;default&#8221;][et_pb_text _builder_version=&#8221;4.8.2&#8243; _module_preset=&#8221;default&#8221;]<\/p>\n<p>Sfoglia la galleria fotografica dell&#8217;inaugurazione della IV edizione della mostra &#8211; Sala Rossa, Museo Fratelli Cozzi<\/p>\n<p>[\/et_pb_text][et_pb_gallery gallery_ids=&#8221;24815,24816,24817,24818,24819,24820,24821,24822,24823,24824,24825,24826,24827,24828,24829,24830,24831,24832,24833,24834,24835,24836,24837,24838,24839,24840,24841&#8243; show_title_and_caption=&#8221;off&#8221; _builder_version=&#8221;4.8.2&#8243; _module_preset=&#8221;default&#8221; min_height=&#8221;175.8px&#8221;][\/et_pb_gallery][\/et_pb_column][\/et_pb_row][et_pb_row padding_mobile=&#8221;on&#8221; column_padding_mobile=&#8221;on&#8221; admin_label=&#8221;row&#8221; _builder_version=&#8221;3.25&#8243; background_size=&#8221;initial&#8221; background_position=&#8221;top_left&#8221; background_repeat=&#8221;repeat&#8221; custom_margin=&#8221;21px|38px||auto||&#8221; custom_padding=&#8221;0px|||&#8221; make_fullwidth=&#8221;off&#8221; use_custom_width=&#8221;off&#8221; width_unit=&#8221;on&#8221;][et_pb_column type=&#8221;4_4&#8243; _builder_version=&#8221;3.25&#8243; custom_padding=&#8221;|||&#8221; custom_padding__hover=&#8221;|||&#8221;][et_pb_divider _builder_version=&#8221;4.8.2&#8243; _module_preset=&#8221;default&#8221;][\/et_pb_divider][\/et_pb_column][\/et_pb_row][et_pb_row column_structure=&#8221;1_3,2_3&#8243; padding_mobile=&#8221;on&#8221; column_padding_mobile=&#8221;on&#8221; admin_label=&#8221;row&#8221; _builder_version=&#8221;3.25&#8243; background_size=&#8221;initial&#8221; background_position=&#8221;top_left&#8221; background_repeat=&#8221;repeat&#8221; custom_margin=&#8221;21px|38px||auto||&#8221; custom_padding=&#8221;0px|||&#8221; make_fullwidth=&#8221;off&#8221; use_custom_width=&#8221;off&#8221; width_unit=&#8221;on&#8221;][et_pb_column type=&#8221;1_3&#8243; _builder_version=&#8221;3.25&#8243; custom_padding=&#8221;|||&#8221; custom_padding__hover=&#8221;|||&#8221;][\/et_pb_column][et_pb_column type=&#8221;2_3&#8243; _builder_version=&#8221;3.25&#8243; custom_padding=&#8221;|||&#8221; custom_padding__hover=&#8221;|||&#8221;][et_pb_text admin_label=&#8221;Blocco testo 2&#8243; _builder_version=&#8221;4.8.2&#8243; text_font=&#8221;PT Sans||||&#8221; text_text_color=&#8221;#363636&#8243; text_font_size=&#8221;20&#8243; text_letter_spacing=&#8221;0&#8243; text_line_height=&#8221;1.2em&#8221; header_font_size=&#8221;30&#8243; header_letter_spacing=&#8221;0&#8243; header_line_height=&#8221;1&#8243; background_size=&#8221;initial&#8221; background_position=&#8221;top_left&#8221; background_repeat=&#8221;repeat&#8221; max_width=&#8221;620px&#8221; custom_margin=&#8221;0px||0px|||&#8221; custom_padding=&#8221;1px|||||&#8221; text_font_size_tablet=&#8221;&#8221; text_font_size_phone=&#8221;&#8221; text_font_size_last_edited=&#8221;on|tablet&#8221; use_border_color=&#8221;off&#8221; border_color=&#8221;#ffffff&#8221; border_width=&#8221;1&#8243; border_style=&#8221;solid&#8221;]<\/p>\n<h2><strong>Vuoi ospitare la mostra? Ecco le info utili!<\/strong><\/h2>\n<p>La mostra<span>\u00a0<\/span><em>\u201cDonne e Motori? Gioie e basta\u201d<\/em><span>\u00a0<\/span>\u00e8 stata ideata per essere itinerante per questo, come nelle precedenti edizioni,\u00a0gli scatti sono stati stampati in due copie su supporti ultraleggeri e le copie sono pronte a essere esposte nei<span>\u00a0<\/span><strong>palazzi istituzionali, nei luoghi di lavoro, nelle scuole e nelle biblioteche.\u00a0<\/strong><\/p>\n<p>In<span><a href=\"https:\/\/www.museofratellicozzi.com\/news\/donne-motori-nuovo-tour\/\" target=\"_blank\" rel=\"noopener noreferrer\"><strong>\u00a0questo link<\/strong><\/a><\/span><a href=\"https:\/\/www.museofratellicozzi.com\/news\/donne-motori-nuovo-tour\/\" target=\"_blank\" rel=\"noopener noreferrer\"><strong><\/strong><\/a>\u00a0si trovano<span>\u00a0<\/span>tutte le informazioni utili ed \u00e8 possibile vedere i luoghi in cui la mostra \u00e8 stata ospitata. Se qualche location \u00e8 stata d\u2019ispirazione\u00a0e volete ospitare la mostra, potete contattarci all&#8217;indirizzo mail<span>\u00a0<\/span><b><a href=\"mailto:info@museofratellicozzi.com\">info@museofratellicozzi.com.\u00a0<\/a>\u00a0<\/b><\/p>\n<p>[\/et_pb_text][\/et_pb_column][\/et_pb_row][\/et_pb_section]<\/p>\n","protected":false},"excerpt":{"rendered":"<p>[et_pb_section fb_built=&#8221;1&#8243; admin_label=&#8221;Sezione&#8221; _builder_version=&#8221;3.22&#8243; custom_padding=&#8221;0px|||&#8221; transparent_background=&#8221;off&#8221; make_fullwidth=&#8221;off&#8221; use_custom_width=&#8221;off&#8221; width_unit=&#8221;on&#8221; custom_width_px=&#8221;1080&#8243; custom_width_percent=&#8221;80&#8243;][et_pb_row use_custom_gutter=&#8221;on&#8221; gutter_width=&#8221;1&#8243; disabled_on=&#8221;off|off|off&#8221; admin_label=&#8221;Riga&#8221; module_class=&#8221; et_pb_row_fullwidth&#8221; _builder_version=&#8221;3.25&#8243; background_size=&#8221;initial&#8221; background_position=&#8221;top_left&#8221; background_repeat=&#8221;repeat&#8221; width=&#8221;100%&#8221; width_tablet=&#8221;100%&#8221; width_phone=&#8221;&#8221; width_last_edited=&#8221;on|desktop&#8221; max_width=&#8221;100%&#8221; max_width_tablet=&#8221;100%&#8221; max_width_phone=&#8221;&#8221; max_width_last_edited=&#8221;on|desktop&#8221; custom_padding=&#8221;0px|||&#8221; make_fullwidth=&#8221;on&#8221; use_custom_width=&#8221;off&#8221; width_unit=&#8221;on&#8221; custom_width_px=&#8221;1080&#8243; custom_width_percent=&#8221;80&#8243;][et_pb_column type=&#8221;4_4&#8243; _builder_version=&#8221;3.25&#8243; custom_padding=&#8221;|||&#8221; custom_padding__hover=&#8221;|||&#8221;][et_pb_image src=&#8221;https:\/\/www.museofratellicozzi.com\/news\/wp-content\/uploads\/2025\/12\/4-1.jpg&#8221; alt=&#8221;Elisabetta Cozzi presenta il Tour 2025 %22Donne e Motori? Gioie e basta%22&#8243; title_text=&#8221;4&#8243; _builder_version=&#8221;4.8.2&#8243; _module_preset=&#8221;default&#8221;][\/et_pb_image][\/et_pb_column][\/et_pb_row][et_pb_row [&hellip;]<\/p>\n","protected":false},"author":7,"featured_media":24799,"comment_status":"open","ping_status":"open","sticky":true,"template":"","format":"standard","meta":{"_et_pb_use_builder":"on","_et_pb_old_content":"","_et_gb_content_width":"","_jetpack_memberships_contains_paid_content":false,"footnotes":""},"categories":[775,872,776],"tags":[21,209,845,842,180,843,841,291,365,796,846,844,191],"class_list":["post-24662","post","type-post","status-publish","format-standard","has-post-thumbnail","hentry","category-associazione","category-donne-e-motori","category-woman-in-power","tag-alfa-romeo","tag-automotive","tag-camera-di-commercio","tag-camilla-albertini","tag-cozzi","tag-deputati","tag-donne-e-motori","tag-gender-gap","tag-mostra","tag-museo-fratelli-cozzvarzi","tag-pari-opportunita","tag-regione","tag-scuole","et-has-post-format-content","et_post_format-et-post-format-standard"],"yoast_head":"<!-- This site is optimized with the Yoast SEO plugin v26.8 - https:\/\/yoast.com\/product\/yoast-seo-wordpress\/ -->\n<title>Donne e motori nuovo tour IV edizione -<\/title>\n<meta name=\"description\" content=\"La IV edizione di &quot;Donne e motori? Gioie e basta&quot; \u00e8 stata inaugurata ufficialmente e ora \u00e8 \u00e8 pronta a partire per il tour 2026\" \/>\n<meta name=\"robots\" content=\"index, follow, max-snippet:-1, max-image-preview:large, max-video-preview:-1\" \/>\n<link rel=\"canonical\" href=\"https:\/\/www.museofratellicozzi.com\/news\/donne-e-motori-nuovo-tour-4-edizione\/\" \/>\n<meta property=\"og:locale\" content=\"it_IT\" \/>\n<meta property=\"og:type\" content=\"article\" \/>\n<meta property=\"og:title\" content=\"Donne e motori nuovo tour IV edizione -\" \/>\n<meta property=\"og:description\" content=\"La IV edizione di &quot;Donne e motori? Gioie e basta&quot; \u00e8 stata inaugurata ufficialmente e ora \u00e8 \u00e8 pronta a partire per il tour 2026\" \/>\n<meta property=\"og:url\" content=\"https:\/\/www.museofratellicozzi.com\/news\/donne-e-motori-nuovo-tour-4-edizione\/\" \/>\n<meta property=\"og:site_name\" content=\"eNews Museo Fratelli Cozzi\" \/>\n<meta property=\"article:published_time\" content=\"2025-12-11T16:50:55+00:00\" \/>\n<meta property=\"article:modified_time\" content=\"2025-12-29T13:12:06+00:00\" \/>\n<meta property=\"og:image\" content=\"https:\/\/www.museofratellicozzi.com\/news\/wp-content\/uploads\/2025\/12\/4-1.jpg\" \/>\n\t<meta property=\"og:image:width\" content=\"1920\" \/>\n\t<meta property=\"og:image:height\" content=\"1080\" \/>\n\t<meta property=\"og:image:type\" content=\"image\/jpeg\" \/>\n<meta name=\"author\" content=\"Elisabetta Cozzi\" \/>\n<meta name=\"twitter:card\" content=\"summary_large_image\" \/>\n<meta name=\"twitter:label1\" content=\"Scritto da\" \/>\n\t<meta name=\"twitter:data1\" content=\"Elisabetta Cozzi\" \/>\n\t<meta name=\"twitter:label2\" content=\"Tempo di lettura stimato\" \/>\n\t<meta name=\"twitter:data2\" content=\"5 minuti\" \/>\n<script type=\"application\/ld+json\" class=\"yoast-schema-graph\">{\"@context\":\"https:\/\/schema.org\",\"@graph\":[{\"@type\":\"Article\",\"@id\":\"https:\/\/www.museofratellicozzi.com\/news\/donne-e-motori-nuovo-tour-4-edizione\/#article\",\"isPartOf\":{\"@id\":\"https:\/\/www.museofratellicozzi.com\/news\/donne-e-motori-nuovo-tour-4-edizione\/\"},\"author\":{\"name\":\"Elisabetta Cozzi\",\"@id\":\"https:\/\/www.museofratellicozzi.com\/news\/#\/schema\/person\/3c2c242e79e59f9be7b62a0d9673e40d\"},\"headline\":\"Donne e motori nuovo tour IV edizione\",\"datePublished\":\"2025-12-11T16:50:55+00:00\",\"dateModified\":\"2025-12-29T13:12:06+00:00\",\"mainEntityOfPage\":{\"@id\":\"https:\/\/www.museofratellicozzi.com\/news\/donne-e-motori-nuovo-tour-4-edizione\/\"},\"wordCount\":2255,\"commentCount\":0,\"publisher\":{\"@id\":\"https:\/\/www.museofratellicozzi.com\/news\/#organization\"},\"image\":{\"@id\":\"https:\/\/www.museofratellicozzi.com\/news\/donne-e-motori-nuovo-tour-4-edizione\/#primaryimage\"},\"thumbnailUrl\":\"https:\/\/www.museofratellicozzi.com\/news\/wp-content\/uploads\/2025\/12\/4-1.jpg\",\"keywords\":[\"alfa romeo\",\"automotive\",\"camera di commercio\",\"camilla albertini\",\"cozzi\",\"deputati\",\"donne e motori\",\"gender gap\",\"mostra\",\"Museo Fratelli Cozzvarzi\",\"Pari opportunit\u00e0\",\"regione\",\"scuole\"],\"articleSection\":[\"Associazione\",\"Donne e Motori\",\"Empowerment femminile\"],\"inLanguage\":\"it-IT\",\"potentialAction\":[{\"@type\":\"CommentAction\",\"name\":\"Comment\",\"target\":[\"https:\/\/www.museofratellicozzi.com\/news\/donne-e-motori-nuovo-tour-4-edizione\/#respond\"]}]},{\"@type\":\"WebPage\",\"@id\":\"https:\/\/www.museofratellicozzi.com\/news\/donne-e-motori-nuovo-tour-4-edizione\/\",\"url\":\"https:\/\/www.museofratellicozzi.com\/news\/donne-e-motori-nuovo-tour-4-edizione\/\",\"name\":\"Donne e motori nuovo tour IV edizione -\",\"isPartOf\":{\"@id\":\"https:\/\/www.museofratellicozzi.com\/news\/#website\"},\"primaryImageOfPage\":{\"@id\":\"https:\/\/www.museofratellicozzi.com\/news\/donne-e-motori-nuovo-tour-4-edizione\/#primaryimage\"},\"image\":{\"@id\":\"https:\/\/www.museofratellicozzi.com\/news\/donne-e-motori-nuovo-tour-4-edizione\/#primaryimage\"},\"thumbnailUrl\":\"https:\/\/www.museofratellicozzi.com\/news\/wp-content\/uploads\/2025\/12\/4-1.jpg\",\"datePublished\":\"2025-12-11T16:50:55+00:00\",\"dateModified\":\"2025-12-29T13:12:06+00:00\",\"description\":\"La IV edizione di \\\"Donne e motori? Gioie e basta\\\" \u00e8 stata inaugurata ufficialmente e ora \u00e8 \u00e8 pronta a partire per il tour 2026\",\"breadcrumb\":{\"@id\":\"https:\/\/www.museofratellicozzi.com\/news\/donne-e-motori-nuovo-tour-4-edizione\/#breadcrumb\"},\"inLanguage\":\"it-IT\",\"potentialAction\":[{\"@type\":\"ReadAction\",\"target\":[\"https:\/\/www.museofratellicozzi.com\/news\/donne-e-motori-nuovo-tour-4-edizione\/\"]}]},{\"@type\":\"ImageObject\",\"inLanguage\":\"it-IT\",\"@id\":\"https:\/\/www.museofratellicozzi.com\/news\/donne-e-motori-nuovo-tour-4-edizione\/#primaryimage\",\"url\":\"https:\/\/www.museofratellicozzi.com\/news\/wp-content\/uploads\/2025\/12\/4-1.jpg\",\"contentUrl\":\"https:\/\/www.museofratellicozzi.com\/news\/wp-content\/uploads\/2025\/12\/4-1.jpg\",\"width\":1920,\"height\":1080},{\"@type\":\"BreadcrumbList\",\"@id\":\"https:\/\/www.museofratellicozzi.com\/news\/donne-e-motori-nuovo-tour-4-edizione\/#breadcrumb\",\"itemListElement\":[{\"@type\":\"ListItem\",\"position\":1,\"name\":\"Home\",\"item\":\"https:\/\/www.museofratellicozzi.com\/news\/\"},{\"@type\":\"ListItem\",\"position\":2,\"name\":\"Donne e motori nuovo tour IV edizione\"}]},{\"@type\":\"WebSite\",\"@id\":\"https:\/\/www.museofratellicozzi.com\/news\/#website\",\"url\":\"https:\/\/www.museofratellicozzi.com\/news\/\",\"name\":\"eNews Museo Fratelli Cozzi\",\"description\":\"Alfa Romeo: un mito che resiste al tempo\",\"publisher\":{\"@id\":\"https:\/\/www.museofratellicozzi.com\/news\/#organization\"},\"potentialAction\":[{\"@type\":\"SearchAction\",\"target\":{\"@type\":\"EntryPoint\",\"urlTemplate\":\"https:\/\/www.museofratellicozzi.com\/news\/?s={search_term_string}\"},\"query-input\":{\"@type\":\"PropertyValueSpecification\",\"valueRequired\":true,\"valueName\":\"search_term_string\"}}],\"inLanguage\":\"it-IT\"},{\"@type\":\"Organization\",\"@id\":\"https:\/\/www.museofratellicozzi.com\/news\/#organization\",\"name\":\"Museo Fratelli Cozzi\",\"url\":\"https:\/\/www.museofratellicozzi.com\/news\/\",\"logo\":{\"@type\":\"ImageObject\",\"inLanguage\":\"it-IT\",\"@id\":\"https:\/\/www.museofratellicozzi.com\/news\/#\/schema\/logo\/image\/\",\"url\":\"https:\/\/www.museofratellicozzi.com\/news\/wp-content\/uploads\/2017\/04\/home.png\",\"contentUrl\":\"https:\/\/www.museofratellicozzi.com\/news\/wp-content\/uploads\/2017\/04\/home.png\",\"width\":497,\"height\":512,\"caption\":\"Museo Fratelli Cozzi\"},\"image\":{\"@id\":\"https:\/\/www.museofratellicozzi.com\/news\/#\/schema\/logo\/image\/\"}},{\"@type\":\"Person\",\"@id\":\"https:\/\/www.museofratellicozzi.com\/news\/#\/schema\/person\/3c2c242e79e59f9be7b62a0d9673e40d\",\"name\":\"Elisabetta Cozzi\",\"image\":{\"@type\":\"ImageObject\",\"inLanguage\":\"it-IT\",\"@id\":\"https:\/\/www.museofratellicozzi.com\/news\/#\/schema\/person\/image\/\",\"url\":\"https:\/\/secure.gravatar.com\/avatar\/a761e7642145a4506dbd3685a69db0fc?s=96&d=mm&r=g\",\"contentUrl\":\"https:\/\/secure.gravatar.com\/avatar\/a761e7642145a4506dbd3685a69db0fc?s=96&d=mm&r=g\",\"caption\":\"Elisabetta Cozzi\"}}]}<\/script>\n<!-- \/ Yoast SEO plugin. -->","yoast_head_json":{"title":"Donne e motori nuovo tour IV edizione -","description":"La IV edizione di \"Donne e motori? Gioie e basta\" \u00e8 stata inaugurata ufficialmente e ora \u00e8 \u00e8 pronta a partire per il tour 2026","robots":{"index":"index","follow":"follow","max-snippet":"max-snippet:-1","max-image-preview":"max-image-preview:large","max-video-preview":"max-video-preview:-1"},"canonical":"https:\/\/www.museofratellicozzi.com\/news\/donne-e-motori-nuovo-tour-4-edizione\/","og_locale":"it_IT","og_type":"article","og_title":"Donne e motori nuovo tour IV edizione -","og_description":"La IV edizione di \"Donne e motori? Gioie e basta\" \u00e8 stata inaugurata ufficialmente e ora \u00e8 \u00e8 pronta a partire per il tour 2026","og_url":"https:\/\/www.museofratellicozzi.com\/news\/donne-e-motori-nuovo-tour-4-edizione\/","og_site_name":"eNews Museo Fratelli Cozzi","article_published_time":"2025-12-11T16:50:55+00:00","article_modified_time":"2025-12-29T13:12:06+00:00","og_image":[{"width":1920,"height":1080,"url":"https:\/\/www.museofratellicozzi.com\/news\/wp-content\/uploads\/2025\/12\/4-1.jpg","type":"image\/jpeg"}],"author":"Elisabetta Cozzi","twitter_card":"summary_large_image","twitter_misc":{"Scritto da":"Elisabetta Cozzi","Tempo di lettura stimato":"5 minuti"},"schema":{"@context":"https:\/\/schema.org","@graph":[{"@type":"Article","@id":"https:\/\/www.museofratellicozzi.com\/news\/donne-e-motori-nuovo-tour-4-edizione\/#article","isPartOf":{"@id":"https:\/\/www.museofratellicozzi.com\/news\/donne-e-motori-nuovo-tour-4-edizione\/"},"author":{"name":"Elisabetta Cozzi","@id":"https:\/\/www.museofratellicozzi.com\/news\/#\/schema\/person\/3c2c242e79e59f9be7b62a0d9673e40d"},"headline":"Donne e motori nuovo tour IV edizione","datePublished":"2025-12-11T16:50:55+00:00","dateModified":"2025-12-29T13:12:06+00:00","mainEntityOfPage":{"@id":"https:\/\/www.museofratellicozzi.com\/news\/donne-e-motori-nuovo-tour-4-edizione\/"},"wordCount":2255,"commentCount":0,"publisher":{"@id":"https:\/\/www.museofratellicozzi.com\/news\/#organization"},"image":{"@id":"https:\/\/www.museofratellicozzi.com\/news\/donne-e-motori-nuovo-tour-4-edizione\/#primaryimage"},"thumbnailUrl":"https:\/\/www.museofratellicozzi.com\/news\/wp-content\/uploads\/2025\/12\/4-1.jpg","keywords":["alfa romeo","automotive","camera di commercio","camilla albertini","cozzi","deputati","donne e motori","gender gap","mostra","Museo Fratelli Cozzvarzi","Pari opportunit\u00e0","regione","scuole"],"articleSection":["Associazione","Donne e Motori","Empowerment femminile"],"inLanguage":"it-IT","potentialAction":[{"@type":"CommentAction","name":"Comment","target":["https:\/\/www.museofratellicozzi.com\/news\/donne-e-motori-nuovo-tour-4-edizione\/#respond"]}]},{"@type":"WebPage","@id":"https:\/\/www.museofratellicozzi.com\/news\/donne-e-motori-nuovo-tour-4-edizione\/","url":"https:\/\/www.museofratellicozzi.com\/news\/donne-e-motori-nuovo-tour-4-edizione\/","name":"Donne e motori nuovo tour IV edizione -","isPartOf":{"@id":"https:\/\/www.museofratellicozzi.com\/news\/#website"},"primaryImageOfPage":{"@id":"https:\/\/www.museofratellicozzi.com\/news\/donne-e-motori-nuovo-tour-4-edizione\/#primaryimage"},"image":{"@id":"https:\/\/www.museofratellicozzi.com\/news\/donne-e-motori-nuovo-tour-4-edizione\/#primaryimage"},"thumbnailUrl":"https:\/\/www.museofratellicozzi.com\/news\/wp-content\/uploads\/2025\/12\/4-1.jpg","datePublished":"2025-12-11T16:50:55+00:00","dateModified":"2025-12-29T13:12:06+00:00","description":"La IV edizione di \"Donne e motori? Gioie e basta\" \u00e8 stata inaugurata ufficialmente e ora \u00e8 \u00e8 pronta a partire per il tour 2026","breadcrumb":{"@id":"https:\/\/www.museofratellicozzi.com\/news\/donne-e-motori-nuovo-tour-4-edizione\/#breadcrumb"},"inLanguage":"it-IT","potentialAction":[{"@type":"ReadAction","target":["https:\/\/www.museofratellicozzi.com\/news\/donne-e-motori-nuovo-tour-4-edizione\/"]}]},{"@type":"ImageObject","inLanguage":"it-IT","@id":"https:\/\/www.museofratellicozzi.com\/news\/donne-e-motori-nuovo-tour-4-edizione\/#primaryimage","url":"https:\/\/www.museofratellicozzi.com\/news\/wp-content\/uploads\/2025\/12\/4-1.jpg","contentUrl":"https:\/\/www.museofratellicozzi.com\/news\/wp-content\/uploads\/2025\/12\/4-1.jpg","width":1920,"height":1080},{"@type":"BreadcrumbList","@id":"https:\/\/www.museofratellicozzi.com\/news\/donne-e-motori-nuovo-tour-4-edizione\/#breadcrumb","itemListElement":[{"@type":"ListItem","position":1,"name":"Home","item":"https:\/\/www.museofratellicozzi.com\/news\/"},{"@type":"ListItem","position":2,"name":"Donne e motori nuovo tour IV edizione"}]},{"@type":"WebSite","@id":"https:\/\/www.museofratellicozzi.com\/news\/#website","url":"https:\/\/www.museofratellicozzi.com\/news\/","name":"eNews Museo Fratelli Cozzi","description":"Alfa Romeo: un mito che resiste al tempo","publisher":{"@id":"https:\/\/www.museofratellicozzi.com\/news\/#organization"},"potentialAction":[{"@type":"SearchAction","target":{"@type":"EntryPoint","urlTemplate":"https:\/\/www.museofratellicozzi.com\/news\/?s={search_term_string}"},"query-input":{"@type":"PropertyValueSpecification","valueRequired":true,"valueName":"search_term_string"}}],"inLanguage":"it-IT"},{"@type":"Organization","@id":"https:\/\/www.museofratellicozzi.com\/news\/#organization","name":"Museo Fratelli Cozzi","url":"https:\/\/www.museofratellicozzi.com\/news\/","logo":{"@type":"ImageObject","inLanguage":"it-IT","@id":"https:\/\/www.museofratellicozzi.com\/news\/#\/schema\/logo\/image\/","url":"https:\/\/www.museofratellicozzi.com\/news\/wp-content\/uploads\/2017\/04\/home.png","contentUrl":"https:\/\/www.museofratellicozzi.com\/news\/wp-content\/uploads\/2017\/04\/home.png","width":497,"height":512,"caption":"Museo Fratelli Cozzi"},"image":{"@id":"https:\/\/www.museofratellicozzi.com\/news\/#\/schema\/logo\/image\/"}},{"@type":"Person","@id":"https:\/\/www.museofratellicozzi.com\/news\/#\/schema\/person\/3c2c242e79e59f9be7b62a0d9673e40d","name":"Elisabetta Cozzi","image":{"@type":"ImageObject","inLanguage":"it-IT","@id":"https:\/\/www.museofratellicozzi.com\/news\/#\/schema\/person\/image\/","url":"https:\/\/secure.gravatar.com\/avatar\/a761e7642145a4506dbd3685a69db0fc?s=96&d=mm&r=g","contentUrl":"https:\/\/secure.gravatar.com\/avatar\/a761e7642145a4506dbd3685a69db0fc?s=96&d=mm&r=g","caption":"Elisabetta Cozzi"}}]}},"jetpack_featured_media_url":"https:\/\/www.museofratellicozzi.com\/news\/wp-content\/uploads\/2025\/12\/4-1.jpg","jetpack_shortlink":"https:\/\/wp.me\/p90Eth-6pM","jetpack_sharing_enabled":true,"post_mailing_queue_ids":[],"_links":{"self":[{"href":"https:\/\/www.museofratellicozzi.com\/news\/wp-json\/wp\/v2\/posts\/24662","targetHints":{"allow":["GET"]}}],"collection":[{"href":"https:\/\/www.museofratellicozzi.com\/news\/wp-json\/wp\/v2\/posts"}],"about":[{"href":"https:\/\/www.museofratellicozzi.com\/news\/wp-json\/wp\/v2\/types\/post"}],"author":[{"embeddable":true,"href":"https:\/\/www.museofratellicozzi.com\/news\/wp-json\/wp\/v2\/users\/7"}],"replies":[{"embeddable":true,"href":"https:\/\/www.museofratellicozzi.com\/news\/wp-json\/wp\/v2\/comments?post=24662"}],"version-history":[{"count":11,"href":"https:\/\/www.museofratellicozzi.com\/news\/wp-json\/wp\/v2\/posts\/24662\/revisions"}],"predecessor-version":[{"id":24928,"href":"https:\/\/www.museofratellicozzi.com\/news\/wp-json\/wp\/v2\/posts\/24662\/revisions\/24928"}],"wp:featuredmedia":[{"embeddable":true,"href":"https:\/\/www.museofratellicozzi.com\/news\/wp-json\/wp\/v2\/media\/24799"}],"wp:attachment":[{"href":"https:\/\/www.museofratellicozzi.com\/news\/wp-json\/wp\/v2\/media?parent=24662"}],"wp:term":[{"taxonomy":"category","embeddable":true,"href":"https:\/\/www.museofratellicozzi.com\/news\/wp-json\/wp\/v2\/categories?post=24662"},{"taxonomy":"post_tag","embeddable":true,"href":"https:\/\/www.museofratellicozzi.com\/news\/wp-json\/wp\/v2\/tags?post=24662"}],"curies":[{"name":"wp","href":"https:\/\/api.w.org\/{rel}","templated":true}]}}