{"id":24991,"date":"2026-01-20T15:32:22","date_gmt":"2026-01-20T14:32:22","guid":{"rendered":"https:\/\/www.museofratellicozzi.com\/news\/?p=24991"},"modified":"2026-02-03T15:18:20","modified_gmt":"2026-02-03T14:18:20","slug":"il-papa-della-formula-boxer","status":"publish","type":"post","link":"https:\/\/www.museofratellicozzi.com\/news\/il-papa-della-formula-boxer\/","title":{"rendered":"Il pap\u00e0 della Formula Boxer"},"content":{"rendered":"<p>[et_pb_section fb_built=&#8221;1&#8243; admin_label=&#8221;Sezione&#8221; _builder_version=&#8221;3.22&#8243; custom_padding=&#8221;0px|||&#8221; transparent_background=&#8221;off&#8221; make_fullwidth=&#8221;off&#8221; use_custom_width=&#8221;off&#8221; width_unit=&#8221;on&#8221; custom_width_px=&#8221;1080&#8243; custom_width_percent=&#8221;80&#8243;][et_pb_row use_custom_gutter=&#8221;on&#8221; gutter_width=&#8221;1&#8243; disabled_on=&#8221;off|off|off&#8221; admin_label=&#8221;Riga&#8221; module_class=&#8221; et_pb_row_fullwidth&#8221; _builder_version=&#8221;3.25&#8243; background_size=&#8221;initial&#8221; background_position=&#8221;top_left&#8221; background_repeat=&#8221;repeat&#8221; width=&#8221;100%&#8221; width_tablet=&#8221;100%&#8221; width_phone=&#8221;&#8221; width_last_edited=&#8221;on|desktop&#8221; max_width=&#8221;100%&#8221; max_width_tablet=&#8221;100%&#8221; max_width_phone=&#8221;&#8221; max_width_last_edited=&#8221;on|desktop&#8221; custom_padding=&#8221;0px|||&#8221; make_fullwidth=&#8221;on&#8221; use_custom_width=&#8221;off&#8221; width_unit=&#8221;on&#8221; custom_width_px=&#8221;1080&#8243; custom_width_percent=&#8221;80&#8243;][et_pb_column type=&#8221;4_4&#8243; _builder_version=&#8221;3.25&#8243; custom_padding=&#8221;|||&#8221; custom_padding__hover=&#8221;|||&#8221;][et_pb_image src=&#8221;https:\/\/www.museofratellicozzi.com\/news\/wp-content\/uploads\/2026\/01\/You-Tube-SEMPIONE-77.jpg&#8221; alt=&#8221;Alfa Romeo 1900&#8243; title_text=&#8221;Gianni Tonti &#8211; Podcast &#8221; force_fullwidth=&#8221;on&#8221; align_tablet=&#8221;center&#8221; align_phone=&#8221;&#8221; align_last_edited=&#8221;on|desktop&#8221; admin_label=&#8221;Immagine principale&#8221; _builder_version=&#8221;4.8.2&#8243; animation=&#8221;off&#8221; sticky=&#8221;off&#8221; use_border_color=&#8221;off&#8221; border_color=&#8221;#ffffff&#8221; border_width=&#8221;1&#8243; border_style=&#8221;solid&#8221; always_center_on_mobile=&#8221;on&#8221;][\/et_pb_image][\/et_pb_column][\/et_pb_row][et_pb_row admin_label=&#8221;Riga&#8221; _builder_version=&#8221;4.8.2&#8243; background_size=&#8221;initial&#8221; background_position=&#8221;top_left&#8221; background_repeat=&#8221;repeat&#8221; custom_padding=&#8221;20px||0px|&#8221; make_fullwidth=&#8221;off&#8221; use_custom_width=&#8221;off&#8221; width_unit=&#8221;on&#8221; custom_width_px=&#8221;1080&#8243; custom_width_percent=&#8221;80&#8243;][et_pb_column type=&#8221;4_4&#8243; _builder_version=&#8221;3.25&#8243; custom_padding=&#8221;|||&#8221; custom_padding__hover=&#8221;|||&#8221;][et_pb_text admin_label=&#8221;Titolo&#8221; _builder_version=&#8221;4.8.2&#8243; text_font=&#8221;PT Sans||||&#8221; text_text_color=&#8221;#000000&#8243; text_font_size=&#8221;72&#8243; text_letter_spacing=&#8221;0&#8243; text_line_height=&#8221;1.1&#8243; header_font=&#8221;PT Sans||||&#8221; header_text_color=&#8221;#000000&#8243; header_font_size=&#8221;48&#8243; header_letter_spacing=&#8221;0&#8243; header_line_height=&#8221;1.1em&#8221; background_size=&#8221;initial&#8221; background_position=&#8221;top_left&#8221; background_repeat=&#8221;repeat&#8221; custom_margin=&#8221;0px||0px|&#8221; text_font_size_tablet=&#8221;60&#8243; text_font_size_phone=&#8221;&#8221; text_font_size_last_edited=&#8221;on|phone&#8221; text_letter_spacing_tablet=&#8221;&#8221; text_letter_spacing_phone=&#8221;&#8221; text_letter_spacing_last_edited=&#8221;on|desktop&#8221; text_line_height_tablet=&#8221;&#8221; text_line_height_phone=&#8221;&#8221; text_line_height_last_edited=&#8221;on|&#8221; header_font_size_tablet=&#8221;46&#8243; header_font_size_phone=&#8221;38px&#8221; header_font_size_last_edited=&#8221;on|phone&#8221; use_border_color=&#8221;off&#8221; border_color=&#8221;#ffffff&#8221; border_width=&#8221;1&#8243; border_style=&#8221;solid&#8221;]<\/p>\n<p>Nel \u201cReparto Corse\u201d con il pap\u00e0\u2026 della Formula Boxer<\/p>\n<p>[\/et_pb_text][\/et_pb_column][\/et_pb_row][\/et_pb_section][et_pb_section fb_built=&#8221;1&#8243; admin_label=&#8221;Section&#8221; _builder_version=&#8221;4.8.2&#8243; background_color=&#8221;#f7f7f4&#8243; transparent_background=&#8221;off&#8221; make_fullwidth=&#8221;off&#8221; use_custom_width=&#8221;off&#8221; width_unit=&#8221;on&#8221; custom_width_px=&#8221;1080&#8243; custom_width_percent=&#8221;80&#8243;][et_pb_row padding_mobile=&#8221;on&#8221; column_padding_mobile=&#8221;on&#8221; admin_label=&#8221;row&#8221; _builder_version=&#8221;4.8.2&#8243; background_size=&#8221;initial&#8221; background_position=&#8221;top_left&#8221; background_repeat=&#8221;repeat&#8221; custom_margin=&#8221;10px||||false|false&#8221; custom_padding=&#8221;0px|||&#8221; make_fullwidth=&#8221;off&#8221; use_custom_width=&#8221;off&#8221; width_unit=&#8221;on&#8221; custom_width_px=&#8221;1080&#8243; custom_width_percent=&#8221;80&#8243;][et_pb_column type=&#8221;4_4&#8243; _builder_version=&#8221;3.25&#8243; custom_padding=&#8221;|||&#8221; custom_padding__hover=&#8221;|||&#8221;][et_pb_divider _builder_version=&#8221;4.8.2&#8243; _module_preset=&#8221;default&#8221;][\/et_pb_divider][\/et_pb_column][\/et_pb_row][et_pb_row column_structure=&#8221;1_3,2_3&#8243; padding_mobile=&#8221;on&#8221; column_padding_mobile=&#8221;on&#8221; admin_label=&#8221;row&#8221; _builder_version=&#8221;4.8.2&#8243; background_size=&#8221;initial&#8221; background_position=&#8221;top_left&#8221; background_repeat=&#8221;repeat&#8221; custom_margin=&#8221;10px||||false|false&#8221; custom_padding=&#8221;0px|||&#8221; make_fullwidth=&#8221;off&#8221; use_custom_width=&#8221;off&#8221; width_unit=&#8221;on&#8221; custom_width_px=&#8221;1080&#8243; custom_width_percent=&#8221;80&#8243;][et_pb_column type=&#8221;1_3&#8243; _builder_version=&#8221;3.25&#8243; custom_padding=&#8221;|||&#8221; custom_padding__hover=&#8221;|||&#8221;][et_pb_text admin_label=&#8221;Occhiello&#8221; _builder_version=&#8221;4.8.2&#8243; text_font=&#8221;PT Sans|on|||&#8221; text_text_color=&#8221;#363636&#8243; text_font_size=&#8221;24&#8243; text_letter_spacing=&#8221;0&#8243; text_line_height=&#8221;1.4&#8243; header_font_size=&#8221;30&#8243; header_letter_spacing=&#8221;0&#8243; header_line_height=&#8221;1&#8243; header_3_font_size=&#8221;19px&#8221; header_3_line_height=&#8221;1.2em&#8221; background_size=&#8221;initial&#8221; background_position=&#8221;top_left&#8221; background_repeat=&#8221;repeat&#8221; max_width=&#8221;620px&#8221; custom_margin=&#8221;0px|20px|0px||false|false&#8221; custom_padding=&#8221;||0px|||&#8221; text_font_size_tablet=&#8221;&#8221; text_font_size_phone=&#8221;&#8221; text_font_size_last_edited=&#8221;on|desktop&#8221; use_border_color=&#8221;off&#8221; border_color=&#8221;#ffffff&#8221; border_width=&#8221;1&#8243; border_style=&#8221;solid&#8221;]<\/p>\n<p><strong>Ottavio e Gianni Tonti raccontano &#8220;il pap\u00e0 dell&#8217;Alfa Boxer&#8221;<\/strong><\/p>\n<p>[\/et_pb_text][\/et_pb_column][et_pb_column type=&#8221;2_3&#8243; _builder_version=&#8221;3.25&#8243; custom_padding=&#8221;|||&#8221; custom_padding__hover=&#8221;|||&#8221;][et_pb_text admin_label=&#8221;Blocco testo 1&#8243; _builder_version=&#8221;4.8.2&#8243; text_font=&#8221;PT Sans||||&#8221; text_text_color=&#8221;#363636&#8243; text_font_size=&#8221;20&#8243; text_letter_spacing=&#8221;0&#8243; text_line_height=&#8221;1.2em&#8221; header_font_size=&#8221;30&#8243; header_letter_spacing=&#8221;0&#8243; header_line_height=&#8221;1&#8243; background_size=&#8221;initial&#8221; background_position=&#8221;top_left&#8221; background_repeat=&#8221;repeat&#8221; max_width=&#8221;620px&#8221; custom_margin=&#8221;0px||0px||false|false&#8221; text_font_size_tablet=&#8221;&#8221; text_font_size_phone=&#8221;&#8221; text_font_size_last_edited=&#8221;on|tablet&#8221; use_border_color=&#8221;off&#8221; border_color=&#8221;#ffffff&#8221; border_width=&#8221;1&#8243; border_style=&#8221;solid&#8221;]<\/p>\n<p>A volte le storie sono giri di pista che passano, si doppiano, scambiano al bivio. Qualcuna resta ai box, altri provano a rincorrere record ma tutte, sanno fermarsi davanti davanti a una bella auto da contemplare e, soprattutto, alla storia che ha da raccontare.<\/p>\n<p>\u00c8 quello che abbiamo immaginato ascoltando prima la voce dell&#8217;<strong>Ing. Gianni Tonti,<\/strong> per noi il &#8220;<em>pap\u00e0 dell&#8217;Alfa Boxer<\/em>&#8221; e<strong><span style=\"color: #800000;\"><a href=\"https:\/\/www.museofratellicozzi.com\/news\/le-voci-dellalfa-romeo-pezzi-museo\/\" target=\"_blank\" rel=\"noopener noreferrer\" style=\"color: #800000;\"> Voce dell&#8217;Alfa Romeo<\/a> <\/span><\/strong>, e poi quella di <strong>Ottavio<\/strong>, suo figlio,<strong> p<\/strong><span><strong>ilota collaudatore per Quattroruote e Ruote Classiche<\/strong>. <\/span><\/p>\n<p>Nel suo canale <strong><a href=\"https:\/\/www.youtube.com\/@ottaviotonti\" target=\"_blank\" rel=\"noopener noreferrer\">Youtube<\/a>\u00a0<\/strong>Ottavio,<strong>\u00a0<\/strong>ama raccontare il <em><strong>Reparto Corse<\/strong><\/em>: \u00ab<span><em>La vita che viviamo, registrata, salvata, ricordata. Questo mi piace fare: ascoltare. Perch\u00e9 prima di tutto \u00e8 per me e poi \u00e8 per chi vuole e sa ascoltare<\/em>\u00bb.<\/span><\/p>\n<p><span>Tra le tante storie che ha raccontato non potevano mancare quelle vissute e scritte di pugno, dal padre Gianni, storico ingegnere di Lancia che ha regalato emozioni sportive anche ai cuori alfisti. <\/span><\/p>\n<p><span>Questa volta sar\u00e0 quindi Ottavio &#8220;alla guida&#8221; della chiacchierata in cui l&#8217;Ing. Tonti racconta al nostra Alfa Boxer.\u00a0<\/span><\/p>\n<p>[\/et_pb_text][\/et_pb_column][\/et_pb_row][et_pb_row _builder_version=&#8221;4.8.2&#8243; _module_preset=&#8221;default&#8221; min_height=&#8221;598.4px&#8221;][et_pb_column type=&#8221;4_4&#8243; _builder_version=&#8221;4.8.2&#8243; _module_preset=&#8221;default&#8221;][et_pb_video src=&#8221;https:\/\/youtu.be\/Cka3mzBAIZQ?si=KJ4kOxpDMbHTI8bS&#8221; _builder_version=&#8221;4.8.2&#8243; _module_preset=&#8221;default&#8221;][\/et_pb_video][et_pb_text _builder_version=&#8221;4.8.2&#8243; _module_preset=&#8221;default&#8221;]<\/p>\n<p>Clicca e ascolta l&#8217;intervista nel &#8220;Reparto Corse&#8221; realizzata da Ottavio Tonti<\/p>\n<p>[\/et_pb_text][\/et_pb_column][\/et_pb_row][et_pb_row column_structure=&#8221;1_3,2_3&#8243; padding_mobile=&#8221;on&#8221; column_padding_mobile=&#8221;on&#8221; admin_label=&#8221;row&#8221; _builder_version=&#8221;4.8.2&#8243; background_size=&#8221;initial&#8221; background_position=&#8221;top_left&#8221; background_repeat=&#8221;repeat&#8221; custom_margin=&#8221;10px||||false|false&#8221; custom_padding=&#8221;0px|||&#8221; make_fullwidth=&#8221;off&#8221; use_custom_width=&#8221;off&#8221; width_unit=&#8221;on&#8221; custom_width_px=&#8221;1080&#8243; custom_width_percent=&#8221;80&#8243;][et_pb_column type=&#8221;1_3&#8243; _builder_version=&#8221;3.25&#8243; custom_padding=&#8221;|||&#8221; custom_padding__hover=&#8221;|||&#8221;][\/et_pb_column][et_pb_column type=&#8221;2_3&#8243; _builder_version=&#8221;3.25&#8243; custom_padding=&#8221;|||&#8221; custom_padding__hover=&#8221;|||&#8221;][et_pb_divider _builder_version=&#8221;4.8.2&#8243; _module_preset=&#8221;default&#8221;][\/et_pb_divider][et_pb_text admin_label=&#8221;Blocco testo 1&#8243; _builder_version=&#8221;4.8.2&#8243; text_font=&#8221;PT Sans||||&#8221; text_text_color=&#8221;#363636&#8243; text_font_size=&#8221;20&#8243; text_letter_spacing=&#8221;0&#8243; text_line_height=&#8221;1.2em&#8221; header_font_size=&#8221;30&#8243; header_letter_spacing=&#8221;0&#8243; header_line_height=&#8221;1&#8243; background_size=&#8221;initial&#8221; background_position=&#8221;top_left&#8221; background_repeat=&#8221;repeat&#8221; max_width=&#8221;620px&#8221; custom_margin=&#8221;0px||0px||false|false&#8221; custom_padding=&#8221;||0px|||&#8221; hover_enabled=&#8221;0&#8243; text_font_size_tablet=&#8221;&#8221; text_font_size_phone=&#8221;&#8221; text_font_size_last_edited=&#8221;on|tablet&#8221; use_border_color=&#8221;off&#8221; border_color=&#8221;#ffffff&#8221; border_width=&#8221;1&#8243; border_style=&#8221;solid&#8221; sticky_enabled=&#8221;0&#8243;]<\/p>\n<h3>Una passione &#8220;spudoratamente trasferita&#8221;<\/h3>\n<p>Una bella storia, vero? Per una volta, per\u00f2, abbiamo voluto mettere &#8220;dall&#8217;altra parte del microfono&#8221; Ottavio e cos\u00ec lui, abituato a fare domande, ha raccontato<strong> la sua storia di pista, passione e motori<\/strong> e di come l&#8217;ha condivisa con il padre. Buona lettura&#8230;<\/p>\n<p><em>Come \u00e8 nata la tua passione per le auto?<\/em><\/p>\n<p>\u00ab<strong>La passione per le auto \u00e8 stata spudoratamente trasferita<\/strong> &#8211; racconta sorridendo &#8211;\u00a0\u00a0Mio pap\u00e0 \u00e8 entrato nella Lancia nel &#8217;67, io sono nato nel &#8217;74 e quindi arrivavano a casa i modellini, leggevo il giornale, come ad esempio Autosprint; lo sfogliavo e trovavo\u00a0la foto di mio pap\u00e0 con il pilota di turno, quindi il mio sogno \u00e8 sempre stato quello di lavorare nel mondo delle auto e di correre in macchina o di fare il pilota, insomma, di guidare. Anche la bicicletta diventava un&#8217;automobile! Quando andavamo in gita guidavo: il pap\u00e0 guidava bene e aveva a che fare con persone che sapevano guidare. Io, col mio volantino, mi mettevo nel sedile dietro e facevo le stesse manovre che faceva lui sull&#8217;autostrada, in mezzo alle colline, quando andavamo al lago &#8230;\u00bb.<\/p>\n<p><em>Insomma, un forte imprinting che hai fatto tuo&#8230;<\/em><\/p>\n<p>\u00abS\u00ec, un trasferimento di interesse anche se lui ha un approccio al mondo dell&#8217;automobile molto pi\u00f9 ingegneristico e tecnico, mentre per me<strong> la componente fisica<\/strong>, cio\u00e8 quella legata alla guida, <strong>\u00e8 stata fondamentale<\/strong>. Se\u00a0so come funziona una macchina, devo anche poterla sapere e poterla guidare\u00bb.<\/p>\n<p><em>A un certo punto le vostre carriere si sono incrociate e poi si sono divise&#8230;<\/em><\/p>\n<p>\u00abSi sono incrociate nel momento in cui ho cominciato a lavorare a Quattroruote come collaudatore, ventidue anni fa, e lui ha partecipato alla realizzazione del circuito, ma in realt\u00e0 non ero\u00a0direttamente legato alle sue auto\u00bb.<\/p>\n<p><strong>Spoiler<\/strong>: la prossima primavera potrebbe far realizzare a Ottavio un piccolo grande sogno, quello di arrivare in pista con cinque Lancia su cui ha lavorato il padre Gianni. \u00abQualcuna l\u2019ho gi\u00e0 guidata, come la Stratos e la LC2 ma mi mancano la Fulvia, la MonteCarlo Turbo e la LC1\u00bb e, aggiungiamo noi, la Formula Boxer.<\/p>\n<p>[\/et_pb_text][\/et_pb_column][\/et_pb_row][et_pb_row column_structure=&#8221;1_2,1_2&#8243; _builder_version=&#8221;4.8.2&#8243; _module_preset=&#8221;default&#8221;][et_pb_column type=&#8221;1_2&#8243; _builder_version=&#8221;4.8.2&#8243; _module_preset=&#8221;default&#8221;][et_pb_image src=&#8221;https:\/\/www.museofratellicozzi.com\/news\/wp-content\/uploads\/2026\/01\/Blu-Giallo-Nero-Compleanno-Foto-Collage-18-1.png&#8221; alt=&#8221;Foto 1.7: il motore a 4 cilindri bialbero di 1290 cc della Giulietta, in questo caso una \u201ct.i.\u201d del 1960 del museo F.lli Cozzi.&#8221; title_text=&#8221;Blu Giallo Nero Compleanno Foto Collage (18)&#8221; _builder_version=&#8221;4.8.2&#8243; _module_preset=&#8221;default&#8221;][\/et_pb_image][et_pb_text _builder_version=&#8221;4.8.2&#8243; _module_preset=&#8221;default&#8221;]<\/p>\n<p><span>Ottavio con la sorella e il modellino della Formula Boxer<\/span><\/p>\n<p>[\/et_pb_text][\/et_pb_column][et_pb_column type=&#8221;1_2&#8243; _builder_version=&#8221;4.8.2&#8243; _module_preset=&#8221;default&#8221;][et_pb_image src=&#8221;https:\/\/www.museofratellicozzi.com\/news\/wp-content\/uploads\/2026\/01\/Blu-Giallo-Nero-Compleanno-Foto-Collage-6-1.png&#8221; title_text=&#8221;Blu Giallo Nero Compleanno Foto Collage (6)&#8221; _builder_version=&#8221;4.8.2&#8243; _module_preset=&#8221;default&#8221;][\/et_pb_image][et_pb_text _builder_version=&#8221;4.8.2&#8243; _module_preset=&#8221;default&#8221;]<\/p>\n<p><span>Alfa Boxer presentazione Monza<\/span><\/p>\n<p>[\/et_pb_text][\/et_pb_column][\/et_pb_row][et_pb_row padding_mobile=&#8221;on&#8221; column_padding_mobile=&#8221;on&#8221; admin_label=&#8221;row&#8221; _builder_version=&#8221;4.8.2&#8243; background_size=&#8221;initial&#8221; background_position=&#8221;top_left&#8221; background_repeat=&#8221;repeat&#8221; custom_margin=&#8221;10px||||false|false&#8221; custom_padding=&#8221;0px|||&#8221; make_fullwidth=&#8221;off&#8221; use_custom_width=&#8221;off&#8221; width_unit=&#8221;on&#8221; custom_width_px=&#8221;1080&#8243; custom_width_percent=&#8221;80&#8243;][et_pb_column type=&#8221;4_4&#8243; _builder_version=&#8221;3.25&#8243; custom_padding=&#8221;|||&#8221; custom_padding__hover=&#8221;|||&#8221;][et_pb_divider _builder_version=&#8221;4.8.2&#8243; _module_preset=&#8221;default&#8221;][\/et_pb_divider][\/et_pb_column][\/et_pb_row][et_pb_row column_structure=&#8221;1_3,2_3&#8243; padding_mobile=&#8221;on&#8221; column_padding_mobile=&#8221;on&#8221; admin_label=&#8221;row&#8221; _builder_version=&#8221;4.8.2&#8243; background_size=&#8221;initial&#8221; background_position=&#8221;top_left&#8221; background_repeat=&#8221;repeat&#8221; min_height=&#8221;283.2px&#8221; custom_margin=&#8221;-3px|auto||auto|false|false&#8221; custom_padding=&#8221;0px|||&#8221; make_fullwidth=&#8221;off&#8221; use_custom_width=&#8221;off&#8221; width_unit=&#8221;on&#8221; custom_width_px=&#8221;1080&#8243; custom_width_percent=&#8221;80&#8243;][et_pb_column type=&#8221;1_3&#8243; _builder_version=&#8221;3.25&#8243; custom_padding=&#8221;|||&#8221; custom_padding__hover=&#8221;|||&#8221;][\/et_pb_column][et_pb_column type=&#8221;2_3&#8243; _builder_version=&#8221;3.25&#8243; custom_padding=&#8221;|||&#8221; custom_padding__hover=&#8221;|||&#8221;][et_pb_text admin_label=&#8221;Blocco testo 1&#8243; _builder_version=&#8221;4.8.2&#8243; text_font=&#8221;PT Sans||||&#8221; text_text_color=&#8221;#363636&#8243; text_font_size=&#8221;20&#8243; text_letter_spacing=&#8221;0&#8243; text_line_height=&#8221;1.2em&#8221; header_font_size=&#8221;30&#8243; header_letter_spacing=&#8221;0&#8243; header_line_height=&#8221;1&#8243; background_size=&#8221;initial&#8221; background_position=&#8221;top_left&#8221; background_repeat=&#8221;repeat&#8221; max_width=&#8221;620px&#8221; custom_margin=&#8221;0px||0px||false|false&#8221; text_font_size_tablet=&#8221;&#8221; text_font_size_phone=&#8221;&#8221; text_font_size_last_edited=&#8221;on|tablet&#8221; use_border_color=&#8221;off&#8221; border_color=&#8221;#ffffff&#8221; border_width=&#8221;1&#8243; border_style=&#8221;solid&#8221;]<\/p>\n<h3>\u00a0Alla guida&#8230;dell&#8217;intervista<\/h3>\n<p>Provate a immaginare di poter intervistare vostro padre, trovando l&#8217;equilibrio tra affetto e informazione, tra la voglia di ricordare insieme e quella di porre il giusto distacco &#8220;giornalistico&#8221;. Cosa provereste? L&#8217;abbiamo chiesto a Ottavio.<\/p>\n<p><em>Essere tu alla guida dell&#8217;intervista, raccontare quella storia, come \u00e8 stato?<\/em><\/p>\n<p>\u00abIn realt\u00e0 \u00e8 stato molto, molto naturale. Lui ogni tanto racconta, viene fuori con &#8220;mi viene in mente quella volta che&#8230;&#8221;. Chiacchierando ci sono sempre mille interruzioni perch\u00e9 siamo in famiglia, perch\u00e9 \u00e8 pronta la cena e allora mi sono detto: &#8220;l&#8217;ho convinto a scrivere il primo libro, perch\u00e9 non fare un&#8217;intervista&#8221;. E poi\u00a0<strong>fare domande mi viene naturale<\/strong>. Alla fine l&#8217;intervista la fa lui, cio\u00e8 io gli do il la e poi lui andrebbe avanti a raccontare anche il rapporto che aveva col fornitore delle turbin\u0435 che gli ha dato il bigliettino di viaggio&#8230;\u00bb.<\/p>\n<p>Il piacere di raccontare dell&#8217;Ing. Tonti \u00e8 stato il motivo che ci ha fatto pensare subito a lui quando abbiamo pensato a &#8220;<strong>L<\/strong><a href=\"https:\/\/www.museofratellicozzi.com\/news\/le-voci-dellalfa-romeo-pezzi-museo\/\" target=\"_blank\" rel=\"noopener noreferrer\"><strong>e voci dell&#8217;Alfa Romeo<\/strong><\/a>&#8220;, ma abbiamo ancora una fondamentale domanda da fare&#8230;<\/p>\n<p>[\/et_pb_text][\/et_pb_column][\/et_pb_row][et_pb_row column_structure=&#8221;1_2,1_2&#8243; _builder_version=&#8221;4.8.2&#8243; _module_preset=&#8221;default&#8221;][et_pb_column type=&#8221;1_2&#8243; _builder_version=&#8221;4.8.2&#8243; _module_preset=&#8221;default&#8221;][et_pb_image src=&#8221;https:\/\/www.museofratellicozzi.com\/news\/wp-content\/uploads\/2026\/01\/Blu-Giallo-Nero-Compleanno-Foto-Collage-19.png&#8221; alt=&#8221; Foto 1.9: la scritta posteriore della \u201cGiulietta t.i.\u201d del museo Cozzi.&#8221; title_text=&#8221;Blu Giallo Nero Compleanno Foto Collage (19)&#8221; _builder_version=&#8221;4.8.2&#8243; _module_preset=&#8221;default&#8221;][\/et_pb_image][et_pb_text _builder_version=&#8221;4.8.2&#8243; _module_preset=&#8221;default&#8221;]<\/p>\n<p>Il pilota Luigi &#8220;Nino&#8221; Bianco della Formula Boxer del Museo Fratelli Cozzi\u00a0<\/p>\n<p>[\/et_pb_text][\/et_pb_column][et_pb_column type=&#8221;1_2&#8243; _builder_version=&#8221;4.8.2&#8243; _module_preset=&#8221;default&#8221;][et_pb_image src=&#8221;https:\/\/www.museofratellicozzi.com\/news\/wp-content\/uploads\/2026\/01\/Blu-Giallo-Nero-Compleanno-Foto-Collage-20.png&#8221; alt=&#8221;Foto 1.10: un primo piano della plancia della Giulietta del museo F.lli Cozzi realizzato dal lunotto posteriore. &#8221; title_text=&#8221;Formula Boxer al Motor Show&#8221; _builder_version=&#8221;4.8.2&#8243; _module_preset=&#8221;default&#8221;][\/et_pb_image][et_pb_text _builder_version=&#8221;4.8.2&#8243; _module_preset=&#8221;default&#8221;]<\/p>\n<p>La Formula Boxer del museo esposta al Motor Show nel 2018<\/p>\n<p>[\/et_pb_text][\/et_pb_column][\/et_pb_row][et_pb_row padding_mobile=&#8221;on&#8221; column_padding_mobile=&#8221;on&#8221; admin_label=&#8221;row&#8221; _builder_version=&#8221;4.8.2&#8243; background_size=&#8221;initial&#8221; background_position=&#8221;top_left&#8221; background_repeat=&#8221;repeat&#8221; custom_margin=&#8221;10px||||false|false&#8221; custom_padding=&#8221;0px|||&#8221; make_fullwidth=&#8221;off&#8221; use_custom_width=&#8221;off&#8221; width_unit=&#8221;on&#8221; custom_width_px=&#8221;1080&#8243; custom_width_percent=&#8221;80&#8243;][et_pb_column type=&#8221;4_4&#8243; _builder_version=&#8221;3.25&#8243; custom_padding=&#8221;|||&#8221; custom_padding__hover=&#8221;|||&#8221;][et_pb_divider _builder_version=&#8221;4.8.2&#8243; _module_preset=&#8221;default&#8221;][\/et_pb_divider][\/et_pb_column][\/et_pb_row][et_pb_row column_structure=&#8221;1_3,2_3&#8243; padding_mobile=&#8221;on&#8221; column_padding_mobile=&#8221;on&#8221; admin_label=&#8221;row&#8221; _builder_version=&#8221;4.8.2&#8243; background_size=&#8221;initial&#8221; background_position=&#8221;top_left&#8221; background_repeat=&#8221;repeat&#8221; custom_margin=&#8221;10px||||false|false&#8221; custom_padding=&#8221;0px|||&#8221; make_fullwidth=&#8221;off&#8221; use_custom_width=&#8221;off&#8221; width_unit=&#8221;on&#8221; custom_width_px=&#8221;1080&#8243; custom_width_percent=&#8221;80&#8243;][et_pb_column type=&#8221;1_3&#8243; _builder_version=&#8221;3.25&#8243; custom_padding=&#8221;|||&#8221; custom_padding__hover=&#8221;|||&#8221;][\/et_pb_column][et_pb_column type=&#8221;2_3&#8243; _builder_version=&#8221;3.25&#8243; custom_padding=&#8221;|||&#8221; custom_padding__hover=&#8221;|||&#8221;][et_pb_text admin_label=&#8221;Blocco testo 1&#8243; _builder_version=&#8221;4.8.2&#8243; text_font=&#8221;PT Sans||||&#8221; text_text_color=&#8221;#363636&#8243; text_font_size=&#8221;20&#8243; text_letter_spacing=&#8221;0&#8243; text_line_height=&#8221;1.2em&#8221; header_font_size=&#8221;30&#8243; header_letter_spacing=&#8221;0&#8243; header_line_height=&#8221;1&#8243; background_size=&#8221;initial&#8221; background_position=&#8221;top_left&#8221; background_repeat=&#8221;repeat&#8221; max_width=&#8221;620px&#8221; custom_margin=&#8221;0px||0px||false|false&#8221; custom_padding=&#8221;||3px|||&#8221; text_font_size_tablet=&#8221;&#8221; text_font_size_phone=&#8221;&#8221; text_font_size_last_edited=&#8221;on|tablet&#8221; use_border_color=&#8221;off&#8221; border_color=&#8221;#ffffff&#8221; border_width=&#8221;1&#8243; border_style=&#8221;solid&#8221;]<\/p>\n<h4>La mitica valigia dell&#8217;Ingegnere e il &#8220;dettaglio pazzesco&#8221;<\/h4>\n<p>Da quando abbiamo avuto il piacere di conoscere di persona l&#8217;Ing. Tonti, qui al museo non smettiamo di chiederci: <em>ma cosa ci sar\u00e0 dentro la sua mitica valigetta di cuoio?\u00a0<\/em><\/p>\n<p>\u00abCi sono sempre degli appunti &#8211; ci confessa sorridendo Ottavio &#8211; perch\u00e9 la cosa impressionante \u00e8 che lui ha sempre una cartellina con un contenuto sempre diverso in base all&#8217;argomento di cui dovr\u00e0 parlare. Si segna sempre tutto! Io ho fatto un video in cui spiega i famosi &#8220;quaderni&#8221;. Per ogni Fulvia su cui ha lavorato, lui ha scritto il numero di telaio e di targa sulla copertina e poi, per risparmiare, l&#8217;ha girato sottosopra e ha scritto al contrario, come si faceva una volta, e gara per gara c&#8217;\u00e8 scritto chi ha guidato, che rapporti del cambio c&#8217;erano, il numero del motore&#8230; poi, ovviamente,\u00a0gara per gara \u00e8 indicato il primo classificato assoluto, il secondo assoluto&#8230; a vederli cos\u00ec, sono degli appunti scritti a penna molto ordinati, ci sono pochissime correzioni, cosa che io non riesco a capire come fa uno a scrivere senza fare correzioni\u00bb.<\/p>\n<p><strong>E c&#8217;\u00e8 un dettaglio\u00a0pazzesco:\u00a0<\/strong>di tutte queste cose, uno poi va a vedere e quello che c&#8217;\u00e8 scritto l\u00ec a penna e trova, non so, il Montecarlo del &#8217;72 vinto da Munari con la Fulvia contro Alpine, contro Porsche. Una vittoria che \u00e8 entrata nella storia, tanto che la Lancia rimise in catena di montaggio delle Fulvia, perch\u00e9 aveva realmente fatto il botto dal punto di vista mediatico, e hanno deciso di riavviare la produzione. Cio\u00e8, <strong>quella vittoria l\u00ec ha riportato in fabbrica gli operai<\/strong>!\u00a0Eppure io vedo quattro righe scritte cos\u00ec&#8230;\u00bb.<\/p>\n<p>Una ricordo che ispira una riflessione su quanto i motori in pista,\u00a0 possano essere anche motori dell&#8217;economia e, nel nostro caso, della cultura.<\/p>\n<p>[\/et_pb_text][\/et_pb_column][\/et_pb_row][et_pb_row _builder_version=&#8221;4.8.2&#8243; _module_preset=&#8221;default&#8221;][et_pb_column type=&#8221;4_4&#8243; _builder_version=&#8221;4.8.2&#8243; _module_preset=&#8221;default&#8221;][et_pb_divider _builder_version=&#8221;4.8.2&#8243; _module_preset=&#8221;default&#8221;][\/et_pb_divider][\/et_pb_column][\/et_pb_row][et_pb_row column_structure=&#8221;1_3,2_3&#8243; padding_mobile=&#8221;on&#8221; column_padding_mobile=&#8221;on&#8221; admin_label=&#8221;row&#8221; _builder_version=&#8221;4.8.2&#8243; background_size=&#8221;initial&#8221; background_position=&#8221;top_left&#8221; background_repeat=&#8221;repeat&#8221; custom_margin=&#8221;10px||||false|false&#8221; custom_padding=&#8221;0px|||&#8221; make_fullwidth=&#8221;off&#8221; use_custom_width=&#8221;off&#8221; width_unit=&#8221;on&#8221; custom_width_px=&#8221;1080&#8243; custom_width_percent=&#8221;80&#8243;][et_pb_column type=&#8221;1_3&#8243; _builder_version=&#8221;3.25&#8243; custom_padding=&#8221;|||&#8221; custom_padding__hover=&#8221;|||&#8221;][et_pb_image src=&#8221;https:\/\/www.museofratellicozzi.com\/news\/wp-content\/uploads\/2026\/01\/hqdefault.jpg&#8221; alt=&#8221;Martina Rabbolini alle paraolimpiadi Paris 2024&#8243; title_text=&#8221;Ottavio Tonti &#8221; _builder_version=&#8221;4.8.2&#8243; _module_preset=&#8221;default&#8221;][\/et_pb_image][et_pb_text _builder_version=&#8221;4.8.2&#8243; _module_preset=&#8221;default&#8221;]<\/p>\n<p>Ottavio Tonti, mentre intervista il pap\u00e0 Gianni<\/p>\n<p>[\/et_pb_text][\/et_pb_column][et_pb_column type=&#8221;2_3&#8243; _builder_version=&#8221;3.25&#8243; custom_padding=&#8221;|||&#8221; custom_padding__hover=&#8221;|||&#8221;][et_pb_text admin_label=&#8221;Blocco testo 1&#8243; _builder_version=&#8221;4.8.2&#8243; text_font=&#8221;PT Sans||||&#8221; text_text_color=&#8221;#363636&#8243; text_font_size=&#8221;20&#8243; text_letter_spacing=&#8221;0&#8243; text_line_height=&#8221;1.2em&#8221; header_font_size=&#8221;30&#8243; header_letter_spacing=&#8221;0&#8243; header_line_height=&#8221;1&#8243; background_size=&#8221;initial&#8221; background_position=&#8221;top_left&#8221; background_repeat=&#8221;repeat&#8221; max_width=&#8221;620px&#8221; custom_margin=&#8221;0px||0px||false|false&#8221; text_font_size_tablet=&#8221;&#8221; text_font_size_phone=&#8221;&#8221; text_font_size_last_edited=&#8221;on|tablet&#8221; use_border_color=&#8221;off&#8221; border_color=&#8221;#ffffff&#8221; border_width=&#8221;1&#8243; border_style=&#8221;solid&#8221;]<\/p>\n<h3>Ottavio Tonti\u00a0<\/h3>\n<p>Ho iniziato a lavorare molto presto, a 17 anni, mentre terminavo gli studi, in un&#8217;officina meccanica dove costruivamo <strong>i motori Alfa Romeo dell&#8217;Alfacorse<\/strong>, quelli cha facevano il DTM, il campionato tedesco turismo.\u00a0\u00c8 stata un&#8217;esperienza estremamente formativa, non solo per il tipo di competenze acquisite, ma soprattutto per l&#8217;approccio al lavoro, fatto di <strong>passione e cura dei dettagli<\/strong>.<\/p>\n<p>Nel 2000, grazie alla seconda mia grande passione, l&#8217;informatica, ho partecipato alla redazione di <strong>MotorShowOnline.it<\/strong>. In piena new economy, un sito sulla mobilit\u00e0 a 360\u00b0 diretto da Mauro Coppini, allora gi\u00e0 ex direttore di Quattroruote che si esaltava nella scoperta del &#8220;write&amp;publish&#8221;. Dopo un paio di anni, nel 2002, si libera un posto di collaudatore presso il <strong>Centro Prove Quattroruote<\/strong> e riesco a fare il lavoro che ho sempre sognato.<\/p>\n<p>Gli anni di formazione sono tanti, prima di poter dare la mia opinione ed iniziare ad essere &#8220;autorevole&#8221;, come la rivista richiede. Da oltre dieci anni mi occupo anche dell&#8217;analisi dati e della gestione degli strumenti, progettando nuove metodologie di prova per avere risultati sempre pi\u00f9 ripetibili, affidabili, solidi.<\/p>\n<p>L&#8217;ultima sfida \u00e8 la realizzazione e l&#8217;ottimizzazione della nostra banca dati prove. Un vero &#8220;istituto di credito&#8221; dove raccogliere i dati degli ultimi quindici anni, per poterli comparare, classificare e analizzare.<\/p>\n<p>&nbsp;<\/p>\n<p>[\/et_pb_text][\/et_pb_column][\/et_pb_row][et_pb_row column_structure=&#8221;1_3,2_3&#8243; padding_mobile=&#8221;on&#8221; column_padding_mobile=&#8221;on&#8221; admin_label=&#8221;row&#8221; _builder_version=&#8221;4.8.2&#8243; background_size=&#8221;initial&#8221; background_position=&#8221;top_left&#8221; background_repeat=&#8221;repeat&#8221; custom_margin=&#8221;10px||||false|false&#8221; custom_padding=&#8221;0px|||&#8221; make_fullwidth=&#8221;off&#8221; use_custom_width=&#8221;off&#8221; width_unit=&#8221;on&#8221; custom_width_px=&#8221;1080&#8243; custom_width_percent=&#8221;80&#8243;][et_pb_column type=&#8221;1_3&#8243; _builder_version=&#8221;3.25&#8243; custom_padding=&#8221;|||&#8221; custom_padding__hover=&#8221;|||&#8221;][et_pb_text admin_label=&#8221;Data&#8221; _builder_version=&#8221;4.8.2&#8243; text_font=&#8221;PT Sans|on|||&#8221; text_text_color=&#8221;#363636&#8243; text_font_size=&#8221;18&#8243; text_letter_spacing=&#8221;0&#8243; text_line_height=&#8221;1.7&#8243; header_font_size=&#8221;30&#8243; header_letter_spacing=&#8221;0&#8243; header_line_height=&#8221;1&#8243; background_size=&#8221;initial&#8221; background_position=&#8221;top_left&#8221; background_repeat=&#8221;repeat&#8221; custom_margin=&#8221;10px||0px|&#8221; custom_padding=&#8221;||0px|||&#8221; use_border_color=&#8221;off&#8221; border_color=&#8221;#ffffff&#8221; border_width=&#8221;1&#8243; border_style=&#8221;solid&#8221;]<\/p>\n<p>Gennaio 2026<\/p>\n<p>[\/et_pb_text][\/et_pb_column][et_pb_column type=&#8221;2_3&#8243; _builder_version=&#8221;3.25&#8243; custom_padding=&#8221;|||&#8221; custom_padding__hover=&#8221;|||&#8221;][\/et_pb_column][\/et_pb_row][\/et_pb_section]<\/p>\n","protected":false},"excerpt":{"rendered":"<p>[et_pb_section fb_built=&#8221;1&#8243; admin_label=&#8221;Sezione&#8221; _builder_version=&#8221;3.22&#8243; custom_padding=&#8221;0px|||&#8221; transparent_background=&#8221;off&#8221; make_fullwidth=&#8221;off&#8221; use_custom_width=&#8221;off&#8221; width_unit=&#8221;on&#8221; custom_width_px=&#8221;1080&#8243; custom_width_percent=&#8221;80&#8243;][et_pb_row use_custom_gutter=&#8221;on&#8221; gutter_width=&#8221;1&#8243; disabled_on=&#8221;off|off|off&#8221; admin_label=&#8221;Riga&#8221; module_class=&#8221; et_pb_row_fullwidth&#8221; _builder_version=&#8221;3.25&#8243; background_size=&#8221;initial&#8221; background_position=&#8221;top_left&#8221; background_repeat=&#8221;repeat&#8221; width=&#8221;100%&#8221; width_tablet=&#8221;100%&#8221; width_phone=&#8221;&#8221; width_last_edited=&#8221;on|desktop&#8221; max_width=&#8221;100%&#8221; max_width_tablet=&#8221;100%&#8221; max_width_phone=&#8221;&#8221; max_width_last_edited=&#8221;on|desktop&#8221; custom_padding=&#8221;0px|||&#8221; make_fullwidth=&#8221;on&#8221; use_custom_width=&#8221;off&#8221; width_unit=&#8221;on&#8221; custom_width_px=&#8221;1080&#8243; custom_width_percent=&#8221;80&#8243;][et_pb_column type=&#8221;4_4&#8243; _builder_version=&#8221;3.25&#8243; custom_padding=&#8221;|||&#8221; custom_padding__hover=&#8221;|||&#8221;][et_pb_image src=&#8221;https:\/\/www.museofratellicozzi.com\/news\/wp-content\/uploads\/2026\/01\/You-Tube-SEMPIONE-77.jpg&#8221; alt=&#8221;Alfa Romeo 1900&#8243; title_text=&#8221;Gianni Tonti &#8211; Podcast &#8221; force_fullwidth=&#8221;on&#8221; align_tablet=&#8221;center&#8221; align_phone=&#8221;&#8221; align_last_edited=&#8221;on|desktop&#8221; admin_label=&#8221;Immagine principale&#8221; _builder_version=&#8221;4.8.2&#8243; [&hellip;]<\/p>\n","protected":false},"author":7,"featured_media":24184,"comment_status":"open","ping_status":"open","sticky":false,"template":"","format":"standard","meta":{"_et_pb_use_builder":"on","_et_pb_old_content":"","_et_gb_content_width":"","_jetpack_memberships_contains_paid_content":false,"footnotes":""},"categories":[152],"tags":[21,852,853,180,868,406,78,229],"class_list":["post-24991","post","type-post","status-publish","format-standard","has-post-thumbnail","hentry","category-passione","tag-alfa-romeo","tag-auto-depoca","tag-auto-storiche","tag-cozzi","tag-duralfa","tag-museo-fratelli-cozzi","tag-quadrifoglio","tag-volanti","et-has-post-format-content","et_post_format-et-post-format-standard"],"yoast_head":"<!-- This site is optimized with the Yoast SEO plugin v26.8 - https:\/\/yoast.com\/product\/yoast-seo-wordpress\/ -->\n<title>Il pap\u00e0 della Formula Boxer -<\/title>\n<meta name=\"description\" content=\"Duralfa torna con una nuova serie di approfondimenti dedicati ai volanti Alfa Romeo Volanti: dall\u2019aristocratica \u201c6C 2500\u201d alla berlina disegnata dal vento\" \/>\n<meta name=\"robots\" content=\"index, follow, max-snippet:-1, max-image-preview:large, max-video-preview:-1\" \/>\n<link rel=\"canonical\" href=\"https:\/\/www.museofratellicozzi.com\/news\/il-papa-della-formula-boxer\/\" \/>\n<meta property=\"og:locale\" content=\"it_IT\" \/>\n<meta property=\"og:type\" content=\"article\" \/>\n<meta property=\"og:title\" content=\"Il pap\u00e0 della Formula Boxer -\" \/>\n<meta property=\"og:description\" content=\"Duralfa torna con una nuova serie di approfondimenti dedicati ai volanti Alfa Romeo Volanti: dall\u2019aristocratica \u201c6C 2500\u201d alla berlina disegnata dal vento\" \/>\n<meta property=\"og:url\" content=\"https:\/\/www.museofratellicozzi.com\/news\/il-papa-della-formula-boxer\/\" \/>\n<meta property=\"og:site_name\" content=\"eNews Museo Fratelli Cozzi\" \/>\n<meta property=\"article:published_time\" content=\"2026-01-20T14:32:22+00:00\" \/>\n<meta property=\"article:modified_time\" content=\"2026-02-03T14:18:20+00:00\" \/>\n<meta property=\"og:image\" content=\"https:\/\/www.museofratellicozzi.com\/news\/wp-content\/uploads\/2025\/11\/Foto-Paparella-71.png\" \/>\n\t<meta property=\"og:image:width\" content=\"1080\" \/>\n\t<meta property=\"og:image:height\" content=\"1350\" \/>\n\t<meta property=\"og:image:type\" content=\"image\/png\" \/>\n<meta name=\"author\" content=\"Elisabetta Cozzi\" \/>\n<meta name=\"twitter:card\" content=\"summary_large_image\" \/>\n<meta name=\"twitter:label1\" content=\"Scritto da\" \/>\n\t<meta name=\"twitter:data1\" content=\"Elisabetta Cozzi\" \/>\n\t<meta name=\"twitter:label2\" content=\"Tempo di lettura stimato\" \/>\n\t<meta name=\"twitter:data2\" content=\"6 minuti\" \/>\n<script type=\"application\/ld+json\" class=\"yoast-schema-graph\">{\"@context\":\"https:\/\/schema.org\",\"@graph\":[{\"@type\":\"Article\",\"@id\":\"https:\/\/www.museofratellicozzi.com\/news\/il-papa-della-formula-boxer\/#article\",\"isPartOf\":{\"@id\":\"https:\/\/www.museofratellicozzi.com\/news\/il-papa-della-formula-boxer\/\"},\"author\":{\"name\":\"Elisabetta Cozzi\",\"@id\":\"https:\/\/www.museofratellicozzi.com\/news\/#\/schema\/person\/3c2c242e79e59f9be7b62a0d9673e40d\"},\"headline\":\"Il pap\u00e0 della Formula Boxer\",\"datePublished\":\"2026-01-20T14:32:22+00:00\",\"dateModified\":\"2026-02-03T14:18:20+00:00\",\"mainEntityOfPage\":{\"@id\":\"https:\/\/www.museofratellicozzi.com\/news\/il-papa-della-formula-boxer\/\"},\"wordCount\":3437,\"commentCount\":0,\"publisher\":{\"@id\":\"https:\/\/www.museofratellicozzi.com\/news\/#organization\"},\"image\":{\"@id\":\"https:\/\/www.museofratellicozzi.com\/news\/il-papa-della-formula-boxer\/#primaryimage\"},\"thumbnailUrl\":\"https:\/\/www.museofratellicozzi.com\/news\/wp-content\/uploads\/2025\/11\/Foto-Paparella-71.png\",\"keywords\":[\"alfa romeo\",\"auto d'epoca\",\"auto storiche\",\"cozzi\",\"Duralfa\",\"Museo Fratelli Cozzi\",\"quadrifoglio\",\"volanti\"],\"articleSection\":[\"Passione Alfa\"],\"inLanguage\":\"it-IT\",\"potentialAction\":[{\"@type\":\"CommentAction\",\"name\":\"Comment\",\"target\":[\"https:\/\/www.museofratellicozzi.com\/news\/il-papa-della-formula-boxer\/#respond\"]}]},{\"@type\":\"WebPage\",\"@id\":\"https:\/\/www.museofratellicozzi.com\/news\/il-papa-della-formula-boxer\/\",\"url\":\"https:\/\/www.museofratellicozzi.com\/news\/il-papa-della-formula-boxer\/\",\"name\":\"Il pap\u00e0 della Formula Boxer -\",\"isPartOf\":{\"@id\":\"https:\/\/www.museofratellicozzi.com\/news\/#website\"},\"primaryImageOfPage\":{\"@id\":\"https:\/\/www.museofratellicozzi.com\/news\/il-papa-della-formula-boxer\/#primaryimage\"},\"image\":{\"@id\":\"https:\/\/www.museofratellicozzi.com\/news\/il-papa-della-formula-boxer\/#primaryimage\"},\"thumbnailUrl\":\"https:\/\/www.museofratellicozzi.com\/news\/wp-content\/uploads\/2025\/11\/Foto-Paparella-71.png\",\"datePublished\":\"2026-01-20T14:32:22+00:00\",\"dateModified\":\"2026-02-03T14:18:20+00:00\",\"description\":\"Duralfa torna con una nuova serie di approfondimenti dedicati ai volanti Alfa Romeo Volanti: dall\u2019aristocratica \u201c6C 2500\u201d alla berlina disegnata dal vento\",\"breadcrumb\":{\"@id\":\"https:\/\/www.museofratellicozzi.com\/news\/il-papa-della-formula-boxer\/#breadcrumb\"},\"inLanguage\":\"it-IT\",\"potentialAction\":[{\"@type\":\"ReadAction\",\"target\":[\"https:\/\/www.museofratellicozzi.com\/news\/il-papa-della-formula-boxer\/\"]}]},{\"@type\":\"ImageObject\",\"inLanguage\":\"it-IT\",\"@id\":\"https:\/\/www.museofratellicozzi.com\/news\/il-papa-della-formula-boxer\/#primaryimage\",\"url\":\"https:\/\/www.museofratellicozzi.com\/news\/wp-content\/uploads\/2025\/11\/Foto-Paparella-71.png\",\"contentUrl\":\"https:\/\/www.museofratellicozzi.com\/news\/wp-content\/uploads\/2025\/11\/Foto-Paparella-71.png\",\"width\":1080,\"height\":1350},{\"@type\":\"BreadcrumbList\",\"@id\":\"https:\/\/www.museofratellicozzi.com\/news\/il-papa-della-formula-boxer\/#breadcrumb\",\"itemListElement\":[{\"@type\":\"ListItem\",\"position\":1,\"name\":\"Home\",\"item\":\"https:\/\/www.museofratellicozzi.com\/news\/\"},{\"@type\":\"ListItem\",\"position\":2,\"name\":\"Il pap\u00e0 della Formula Boxer\"}]},{\"@type\":\"WebSite\",\"@id\":\"https:\/\/www.museofratellicozzi.com\/news\/#website\",\"url\":\"https:\/\/www.museofratellicozzi.com\/news\/\",\"name\":\"eNews Museo Fratelli Cozzi\",\"description\":\"Alfa Romeo: un mito che resiste al tempo\",\"publisher\":{\"@id\":\"https:\/\/www.museofratellicozzi.com\/news\/#organization\"},\"potentialAction\":[{\"@type\":\"SearchAction\",\"target\":{\"@type\":\"EntryPoint\",\"urlTemplate\":\"https:\/\/www.museofratellicozzi.com\/news\/?s={search_term_string}\"},\"query-input\":{\"@type\":\"PropertyValueSpecification\",\"valueRequired\":true,\"valueName\":\"search_term_string\"}}],\"inLanguage\":\"it-IT\"},{\"@type\":\"Organization\",\"@id\":\"https:\/\/www.museofratellicozzi.com\/news\/#organization\",\"name\":\"Museo Fratelli Cozzi\",\"url\":\"https:\/\/www.museofratellicozzi.com\/news\/\",\"logo\":{\"@type\":\"ImageObject\",\"inLanguage\":\"it-IT\",\"@id\":\"https:\/\/www.museofratellicozzi.com\/news\/#\/schema\/logo\/image\/\",\"url\":\"https:\/\/www.museofratellicozzi.com\/news\/wp-content\/uploads\/2017\/04\/home.png\",\"contentUrl\":\"https:\/\/www.museofratellicozzi.com\/news\/wp-content\/uploads\/2017\/04\/home.png\",\"width\":497,\"height\":512,\"caption\":\"Museo Fratelli Cozzi\"},\"image\":{\"@id\":\"https:\/\/www.museofratellicozzi.com\/news\/#\/schema\/logo\/image\/\"}},{\"@type\":\"Person\",\"@id\":\"https:\/\/www.museofratellicozzi.com\/news\/#\/schema\/person\/3c2c242e79e59f9be7b62a0d9673e40d\",\"name\":\"Elisabetta Cozzi\",\"image\":{\"@type\":\"ImageObject\",\"inLanguage\":\"it-IT\",\"@id\":\"https:\/\/www.museofratellicozzi.com\/news\/#\/schema\/person\/image\/\",\"url\":\"https:\/\/secure.gravatar.com\/avatar\/a761e7642145a4506dbd3685a69db0fc?s=96&d=mm&r=g\",\"contentUrl\":\"https:\/\/secure.gravatar.com\/avatar\/a761e7642145a4506dbd3685a69db0fc?s=96&d=mm&r=g\",\"caption\":\"Elisabetta Cozzi\"}}]}<\/script>\n<!-- \/ Yoast SEO plugin. -->","yoast_head_json":{"title":"Il pap\u00e0 della Formula Boxer -","description":"Duralfa torna con una nuova serie di approfondimenti dedicati ai volanti Alfa Romeo Volanti: dall\u2019aristocratica \u201c6C 2500\u201d alla berlina disegnata dal vento","robots":{"index":"index","follow":"follow","max-snippet":"max-snippet:-1","max-image-preview":"max-image-preview:large","max-video-preview":"max-video-preview:-1"},"canonical":"https:\/\/www.museofratellicozzi.com\/news\/il-papa-della-formula-boxer\/","og_locale":"it_IT","og_type":"article","og_title":"Il pap\u00e0 della Formula Boxer -","og_description":"Duralfa torna con una nuova serie di approfondimenti dedicati ai volanti Alfa Romeo Volanti: dall\u2019aristocratica \u201c6C 2500\u201d alla berlina disegnata dal vento","og_url":"https:\/\/www.museofratellicozzi.com\/news\/il-papa-della-formula-boxer\/","og_site_name":"eNews Museo Fratelli Cozzi","article_published_time":"2026-01-20T14:32:22+00:00","article_modified_time":"2026-02-03T14:18:20+00:00","og_image":[{"width":1080,"height":1350,"url":"https:\/\/www.museofratellicozzi.com\/news\/wp-content\/uploads\/2025\/11\/Foto-Paparella-71.png","type":"image\/png"}],"author":"Elisabetta Cozzi","twitter_card":"summary_large_image","twitter_misc":{"Scritto da":"Elisabetta Cozzi","Tempo di lettura stimato":"6 minuti"},"schema":{"@context":"https:\/\/schema.org","@graph":[{"@type":"Article","@id":"https:\/\/www.museofratellicozzi.com\/news\/il-papa-della-formula-boxer\/#article","isPartOf":{"@id":"https:\/\/www.museofratellicozzi.com\/news\/il-papa-della-formula-boxer\/"},"author":{"name":"Elisabetta Cozzi","@id":"https:\/\/www.museofratellicozzi.com\/news\/#\/schema\/person\/3c2c242e79e59f9be7b62a0d9673e40d"},"headline":"Il pap\u00e0 della Formula Boxer","datePublished":"2026-01-20T14:32:22+00:00","dateModified":"2026-02-03T14:18:20+00:00","mainEntityOfPage":{"@id":"https:\/\/www.museofratellicozzi.com\/news\/il-papa-della-formula-boxer\/"},"wordCount":3437,"commentCount":0,"publisher":{"@id":"https:\/\/www.museofratellicozzi.com\/news\/#organization"},"image":{"@id":"https:\/\/www.museofratellicozzi.com\/news\/il-papa-della-formula-boxer\/#primaryimage"},"thumbnailUrl":"https:\/\/www.museofratellicozzi.com\/news\/wp-content\/uploads\/2025\/11\/Foto-Paparella-71.png","keywords":["alfa romeo","auto d'epoca","auto storiche","cozzi","Duralfa","Museo Fratelli Cozzi","quadrifoglio","volanti"],"articleSection":["Passione Alfa"],"inLanguage":"it-IT","potentialAction":[{"@type":"CommentAction","name":"Comment","target":["https:\/\/www.museofratellicozzi.com\/news\/il-papa-della-formula-boxer\/#respond"]}]},{"@type":"WebPage","@id":"https:\/\/www.museofratellicozzi.com\/news\/il-papa-della-formula-boxer\/","url":"https:\/\/www.museofratellicozzi.com\/news\/il-papa-della-formula-boxer\/","name":"Il pap\u00e0 della Formula Boxer -","isPartOf":{"@id":"https:\/\/www.museofratellicozzi.com\/news\/#website"},"primaryImageOfPage":{"@id":"https:\/\/www.museofratellicozzi.com\/news\/il-papa-della-formula-boxer\/#primaryimage"},"image":{"@id":"https:\/\/www.museofratellicozzi.com\/news\/il-papa-della-formula-boxer\/#primaryimage"},"thumbnailUrl":"https:\/\/www.museofratellicozzi.com\/news\/wp-content\/uploads\/2025\/11\/Foto-Paparella-71.png","datePublished":"2026-01-20T14:32:22+00:00","dateModified":"2026-02-03T14:18:20+00:00","description":"Duralfa torna con una nuova serie di approfondimenti dedicati ai volanti Alfa Romeo Volanti: dall\u2019aristocratica \u201c6C 2500\u201d alla berlina disegnata dal vento","breadcrumb":{"@id":"https:\/\/www.museofratellicozzi.com\/news\/il-papa-della-formula-boxer\/#breadcrumb"},"inLanguage":"it-IT","potentialAction":[{"@type":"ReadAction","target":["https:\/\/www.museofratellicozzi.com\/news\/il-papa-della-formula-boxer\/"]}]},{"@type":"ImageObject","inLanguage":"it-IT","@id":"https:\/\/www.museofratellicozzi.com\/news\/il-papa-della-formula-boxer\/#primaryimage","url":"https:\/\/www.museofratellicozzi.com\/news\/wp-content\/uploads\/2025\/11\/Foto-Paparella-71.png","contentUrl":"https:\/\/www.museofratellicozzi.com\/news\/wp-content\/uploads\/2025\/11\/Foto-Paparella-71.png","width":1080,"height":1350},{"@type":"BreadcrumbList","@id":"https:\/\/www.museofratellicozzi.com\/news\/il-papa-della-formula-boxer\/#breadcrumb","itemListElement":[{"@type":"ListItem","position":1,"name":"Home","item":"https:\/\/www.museofratellicozzi.com\/news\/"},{"@type":"ListItem","position":2,"name":"Il pap\u00e0 della Formula Boxer"}]},{"@type":"WebSite","@id":"https:\/\/www.museofratellicozzi.com\/news\/#website","url":"https:\/\/www.museofratellicozzi.com\/news\/","name":"eNews Museo Fratelli Cozzi","description":"Alfa Romeo: un mito che resiste al tempo","publisher":{"@id":"https:\/\/www.museofratellicozzi.com\/news\/#organization"},"potentialAction":[{"@type":"SearchAction","target":{"@type":"EntryPoint","urlTemplate":"https:\/\/www.museofratellicozzi.com\/news\/?s={search_term_string}"},"query-input":{"@type":"PropertyValueSpecification","valueRequired":true,"valueName":"search_term_string"}}],"inLanguage":"it-IT"},{"@type":"Organization","@id":"https:\/\/www.museofratellicozzi.com\/news\/#organization","name":"Museo Fratelli Cozzi","url":"https:\/\/www.museofratellicozzi.com\/news\/","logo":{"@type":"ImageObject","inLanguage":"it-IT","@id":"https:\/\/www.museofratellicozzi.com\/news\/#\/schema\/logo\/image\/","url":"https:\/\/www.museofratellicozzi.com\/news\/wp-content\/uploads\/2017\/04\/home.png","contentUrl":"https:\/\/www.museofratellicozzi.com\/news\/wp-content\/uploads\/2017\/04\/home.png","width":497,"height":512,"caption":"Museo Fratelli Cozzi"},"image":{"@id":"https:\/\/www.museofratellicozzi.com\/news\/#\/schema\/logo\/image\/"}},{"@type":"Person","@id":"https:\/\/www.museofratellicozzi.com\/news\/#\/schema\/person\/3c2c242e79e59f9be7b62a0d9673e40d","name":"Elisabetta Cozzi","image":{"@type":"ImageObject","inLanguage":"it-IT","@id":"https:\/\/www.museofratellicozzi.com\/news\/#\/schema\/person\/image\/","url":"https:\/\/secure.gravatar.com\/avatar\/a761e7642145a4506dbd3685a69db0fc?s=96&d=mm&r=g","contentUrl":"https:\/\/secure.gravatar.com\/avatar\/a761e7642145a4506dbd3685a69db0fc?s=96&d=mm&r=g","caption":"Elisabetta Cozzi"}}]}},"jetpack_featured_media_url":"https:\/\/www.museofratellicozzi.com\/news\/wp-content\/uploads\/2025\/11\/Foto-Paparella-71.png","jetpack_shortlink":"https:\/\/wp.me\/p90Eth-6v5","jetpack_sharing_enabled":true,"post_mailing_queue_ids":[],"_links":{"self":[{"href":"https:\/\/www.museofratellicozzi.com\/news\/wp-json\/wp\/v2\/posts\/24991","targetHints":{"allow":["GET"]}}],"collection":[{"href":"https:\/\/www.museofratellicozzi.com\/news\/wp-json\/wp\/v2\/posts"}],"about":[{"href":"https:\/\/www.museofratellicozzi.com\/news\/wp-json\/wp\/v2\/types\/post"}],"author":[{"embeddable":true,"href":"https:\/\/www.museofratellicozzi.com\/news\/wp-json\/wp\/v2\/users\/7"}],"replies":[{"embeddable":true,"href":"https:\/\/www.museofratellicozzi.com\/news\/wp-json\/wp\/v2\/comments?post=24991"}],"version-history":[{"count":25,"href":"https:\/\/www.museofratellicozzi.com\/news\/wp-json\/wp\/v2\/posts\/24991\/revisions"}],"predecessor-version":[{"id":25141,"href":"https:\/\/www.museofratellicozzi.com\/news\/wp-json\/wp\/v2\/posts\/24991\/revisions\/25141"}],"wp:featuredmedia":[{"embeddable":true,"href":"https:\/\/www.museofratellicozzi.com\/news\/wp-json\/wp\/v2\/media\/24184"}],"wp:attachment":[{"href":"https:\/\/www.museofratellicozzi.com\/news\/wp-json\/wp\/v2\/media?parent=24991"}],"wp:term":[{"taxonomy":"category","embeddable":true,"href":"https:\/\/www.museofratellicozzi.com\/news\/wp-json\/wp\/v2\/categories?post=24991"},{"taxonomy":"post_tag","embeddable":true,"href":"https:\/\/www.museofratellicozzi.com\/news\/wp-json\/wp\/v2\/tags?post=24991"}],"curies":[{"name":"wp","href":"https:\/\/api.w.org\/{rel}","templated":true}]}}