{"id":25001,"date":"2026-01-20T16:09:32","date_gmt":"2026-01-20T15:09:32","guid":{"rendered":"https:\/\/www.museofratellicozzi.com\/news\/?p=25001"},"modified":"2026-01-30T15:58:44","modified_gmt":"2026-01-30T14:58:44","slug":"donne-e-motori-nuovo-tour-iv-edizione-gennaio","status":"publish","type":"post","link":"https:\/\/www.museofratellicozzi.com\/news\/donne-e-motori-nuovo-tour-iv-edizione-gennaio\/","title":{"rendered":"Donne e motori nuovo tour IV edizione &#8211; Gennaio"},"content":{"rendered":"<p>[et_pb_section fb_built=&#8221;1&#8243; admin_label=&#8221;Sezione&#8221; _builder_version=&#8221;3.22&#8243; custom_padding=&#8221;0px|||&#8221; transparent_background=&#8221;off&#8221; make_fullwidth=&#8221;off&#8221; use_custom_width=&#8221;off&#8221; width_unit=&#8221;on&#8221; custom_width_px=&#8221;1080&#8243; custom_width_percent=&#8221;80&#8243;][et_pb_row use_custom_gutter=&#8221;on&#8221; gutter_width=&#8221;1&#8243; disabled_on=&#8221;off|off|off&#8221; admin_label=&#8221;Riga&#8221; module_class=&#8221; et_pb_row_fullwidth&#8221; _builder_version=&#8221;3.25&#8243; background_size=&#8221;initial&#8221; background_position=&#8221;top_left&#8221; background_repeat=&#8221;repeat&#8221; width=&#8221;100%&#8221; width_tablet=&#8221;100%&#8221; width_phone=&#8221;&#8221; width_last_edited=&#8221;on|desktop&#8221; max_width=&#8221;100%&#8221; max_width_tablet=&#8221;100%&#8221; max_width_phone=&#8221;&#8221; max_width_last_edited=&#8221;on|desktop&#8221; custom_padding=&#8221;0px|||&#8221; make_fullwidth=&#8221;on&#8221; use_custom_width=&#8221;off&#8221; width_unit=&#8221;on&#8221; custom_width_px=&#8221;1080&#8243; custom_width_percent=&#8221;80&#8243;][et_pb_column type=&#8221;4_4&#8243; _builder_version=&#8221;3.25&#8243; custom_padding=&#8221;|||&#8221; custom_padding__hover=&#8221;|||&#8221;][et_pb_image src=&#8221;https:\/\/www.museofratellicozzi.com\/news\/wp-content\/uploads\/2026\/01\/You-Tube-SEMPIONE-50-1.jpg&#8221; alt=&#8221;Elisabetta Cozzi presenta il Tour 2025 %22Donne e Motori? Gioie e basta%22&#8243; title_text=&#8221;Tour gennaio 2026&#8243; _builder_version=&#8221;4.8.2&#8243; _module_preset=&#8221;default&#8221;][\/et_pb_image][\/et_pb_column][\/et_pb_row][et_pb_row admin_label=&#8221;Riga&#8221; _builder_version=&#8221;3.25&#8243; background_size=&#8221;initial&#8221; background_position=&#8221;top_left&#8221; background_repeat=&#8221;repeat&#8221; custom_padding=&#8221;20px||0px|&#8221; make_fullwidth=&#8221;off&#8221; use_custom_width=&#8221;off&#8221; width_unit=&#8221;on&#8221; custom_width_px=&#8221;1080&#8243; custom_width_percent=&#8221;80&#8243;][et_pb_column type=&#8221;4_4&#8243; _builder_version=&#8221;3.25&#8243; custom_padding=&#8221;|||&#8221; custom_padding__hover=&#8221;|||&#8221;][et_pb_text admin_label=&#8221;Titolo&#8221; _builder_version=&#8221;4.8.2&#8243; text_font=&#8221;PT Sans||||&#8221; text_text_color=&#8221;#000000&#8243; text_font_size=&#8221;72&#8243; text_letter_spacing=&#8221;0&#8243; text_line_height=&#8221;1.1&#8243; header_font=&#8221;PT Sans||||&#8221; header_text_color=&#8221;#000000&#8243; header_font_size=&#8221;48&#8243; header_letter_spacing=&#8221;0&#8243; header_line_height=&#8221;1.1em&#8221; background_size=&#8221;initial&#8221; background_position=&#8221;top_left&#8221; background_repeat=&#8221;repeat&#8221; custom_margin=&#8221;0px||0px|&#8221; text_font_size_tablet=&#8221;60&#8243; text_font_size_phone=&#8221;&#8221; text_font_size_last_edited=&#8221;on|phone&#8221; text_letter_spacing_tablet=&#8221;&#8221; text_letter_spacing_phone=&#8221;&#8221; text_letter_spacing_last_edited=&#8221;on|desktop&#8221; text_line_height_tablet=&#8221;&#8221; text_line_height_phone=&#8221;&#8221; text_line_height_last_edited=&#8221;on|&#8221; header_font_size_tablet=&#8221;46&#8243; header_font_size_phone=&#8221;38px&#8221; header_font_size_last_edited=&#8221;on|phone&#8221; use_border_color=&#8221;off&#8221; border_color=&#8221;#ffffff&#8221; border_width=&#8221;1&#8243; border_style=&#8221;solid&#8221;]<\/p>\n<p>Donne e Motori? Gioie e&#8230; un nuovo tour<\/p>\n<p>[\/et_pb_text][\/et_pb_column][\/et_pb_row][\/et_pb_section][et_pb_section fb_built=&#8221;1&#8243; admin_label=&#8221;Section&#8221; _builder_version=&#8221;3.22&#8243; background_color=&#8221;#f7f7f4&#8243; transparent_background=&#8221;off&#8221; make_fullwidth=&#8221;off&#8221; use_custom_width=&#8221;off&#8221; width_unit=&#8221;on&#8221; custom_width_px=&#8221;1080&#8243; custom_width_percent=&#8221;80&#8243;][et_pb_row column_structure=&#8221;1_3,2_3&#8243; padding_mobile=&#8221;on&#8221; column_padding_mobile=&#8221;on&#8221; admin_label=&#8221;row&#8221; _builder_version=&#8221;4.8.2&#8243; background_size=&#8221;initial&#8221; background_position=&#8221;top_left&#8221; background_repeat=&#8221;repeat&#8221; min_height=&#8221;459.2px&#8221; custom_margin=&#8221;10px||||false|false&#8221; custom_padding=&#8221;0px|||&#8221; make_fullwidth=&#8221;off&#8221; use_custom_width=&#8221;off&#8221; width_unit=&#8221;on&#8221; custom_width_px=&#8221;1080&#8243; custom_width_percent=&#8221;80&#8243;][et_pb_column type=&#8221;1_3&#8243; _builder_version=&#8221;3.25&#8243; custom_padding=&#8221;|||&#8221; custom_padding__hover=&#8221;|||&#8221;][et_pb_text admin_label=&#8221;Occhiello&#8221; _builder_version=&#8221;4.8.2&#8243; text_font=&#8221;PT Sans|on|||&#8221; text_text_color=&#8221;#363636&#8243; text_font_size=&#8221;24&#8243; text_letter_spacing=&#8221;0&#8243; text_line_height=&#8221;1.4&#8243; header_font_size=&#8221;30&#8243; header_letter_spacing=&#8221;0&#8243; header_line_height=&#8221;1&#8243; header_3_font_size=&#8221;19px&#8221; header_3_line_height=&#8221;1.2em&#8221; background_size=&#8221;initial&#8221; background_position=&#8221;top_left&#8221; background_repeat=&#8221;repeat&#8221; max_width=&#8221;620px&#8221; custom_margin=&#8221;0px|20px|0px||false|false&#8221; custom_padding=&#8221;||0px|||&#8221; text_font_size_tablet=&#8221;&#8221; text_font_size_phone=&#8221;&#8221; text_font_size_last_edited=&#8221;on|desktop&#8221; use_border_color=&#8221;off&#8221; border_color=&#8221;#ffffff&#8221; border_width=&#8221;1&#8243; border_style=&#8221;solid&#8221;]<\/p>\n<p><strong>Come ogni mese, vi accompagniamo alla scoperta dei luoghi che hanno ospitato e ospiteranno la mostra. Scopri dove sono stati i nostri compagni di viaggio\u00a0e motori del cambiamento\u00a0a\u00a0gennaio<\/strong><\/p>\n<p>[\/et_pb_text][\/et_pb_column][et_pb_column type=&#8221;2_3&#8243; _builder_version=&#8221;3.25&#8243; custom_padding=&#8221;|||&#8221; custom_padding__hover=&#8221;|||&#8221;][et_pb_text admin_label=&#8221;Blocco testo 1&#8243; _builder_version=&#8221;4.8.2&#8243; text_font=&#8221;PT Sans||||&#8221; text_text_color=&#8221;#363636&#8243; text_font_size=&#8221;20&#8243; text_letter_spacing=&#8221;0&#8243; text_line_height=&#8221;1.2em&#8221; header_font_size=&#8221;30&#8243; header_letter_spacing=&#8221;0&#8243; header_line_height=&#8221;1&#8243; background_size=&#8221;initial&#8221; background_position=&#8221;top_left&#8221; background_repeat=&#8221;repeat&#8221; max_width=&#8221;620px&#8221; custom_margin=&#8221;0px||0px||false|false&#8221; custom_padding=&#8221;||0px|||&#8221; text_font_size_tablet=&#8221;&#8221; text_font_size_phone=&#8221;&#8221; text_font_size_last_edited=&#8221;on|tablet&#8221; use_border_color=&#8221;off&#8221; border_color=&#8221;#ffffff&#8221; border_width=&#8221;1&#8243; border_style=&#8221;solid&#8221;]<\/p>\n<p><strong>Se \u00e8 la tua prima volta qui, benvenuta\/benvenuto!\u202f\u202f\u00a0<\/strong><\/p>\n<p><span data-contrast=\"auto\">Con il progetto\u00a0<\/span><em><span style=\"color: #800000;\"><a href=\"https:\/\/www.museofratellicozzi.com\/news\/donne-e-motori-gioie-e-basta-4-edizione-le-protagoniste\/\" target=\"_blank\" rel=\"noopener noreferrer\" style=\"color: #800000;\"><strong>Donne e motori? Gioie e basta<\/strong><\/a><\/span><\/em><b><span data-contrast=\"auto\">\u201d<\/span><\/b><span data-contrast=\"auto\">, il Museo Fratelli Cozzi accelera oltre i luoghi comuni e spezza gli stereotipi. Protagoniste:\u00a0<\/span><strong>20 donne, 20 storie di talento e determinazione<\/strong><span data-contrast=\"auto\">, raccontate attraverso lo sguardo intenso e autentico di\u00a0<\/span><strong>Camilla Albertini<\/strong><span data-contrast=\"auto\">.\u00a0E non solo!\u00a0La\u00a0<\/span><strong>quarta edizione<\/strong><span data-contrast=\"auto\">\u00a0ingrana una marcia in pi\u00f9: ogni testimonial \u00e8\u00a0stata\u00a0chiamata a scegliere il suo<strong>\u00a0<\/strong><\/span><strong>alleato al maschile<\/strong><span data-contrast=\"auto\">, chi ha davvero creduto nella parit\u00e0 e l\u2019ha sostenuta nel proprio percorso professionale.\u00a0<\/span><span data-ccp-props=\"{&quot;134233117&quot;:false,&quot;134233118&quot;:false,&quot;201341983&quot;:0,&quot;335551550&quot;:6,&quot;335551620&quot;:6,&quot;335559738&quot;:0,&quot;335559739&quot;:0,&quot;335559740&quot;:240}\">\u00a0<\/span><\/p>\n<p><span data-contrast=\"auto\">Un dettaglio che fa riflettere e parlare:\u00a0<\/span><strong>non tutte lo hanno ancora trovato<\/strong><span data-contrast=\"auto\">.<\/span><span data-ccp-props=\"{&quot;134233117&quot;:false,&quot;134233118&quot;:false,&quot;201341983&quot;:0,&quot;335551550&quot;:6,&quot;335551620&quot;:6,&quot;335559738&quot;:0,&quot;335559739&quot;:0,&quot;335559740&quot;:240}\">\u00a0<\/span><\/p>\n<p><span data-contrast=\"auto\">Non penserai mica che la parit\u00e0 sia\u00a0una corsa in solitaria, vero? Noi riteniamo che sia\u00a0un viaggio condiviso, una responsabilit\u00e0 collettiva che, insieme, pu\u00f2 ridisegnare il futuro e il progresso di tutti.<\/span><span data-ccp-props=\"{&quot;134233117&quot;:false,&quot;134233118&quot;:false,&quot;201341983&quot;:0,&quot;335551550&quot;:6,&quot;335551620&quot;:6,&quot;335559738&quot;:0,&quot;335559739&quot;:0,&quot;335559740&quot;:240}\">\u00a0<\/span><\/p>\n<p><strong><\/strong><\/p>\n<p>[\/et_pb_text][\/et_pb_column][\/et_pb_row][et_pb_row _builder_version=&#8221;4.8.2&#8243; _module_preset=&#8221;default&#8221;][et_pb_column type=&#8221;4_4&#8243; _builder_version=&#8221;4.8.2&#8243; _module_preset=&#8221;default&#8221;][et_pb_divider _builder_version=&#8221;4.8.2&#8243; _module_preset=&#8221;default&#8221;][\/et_pb_divider][\/et_pb_column][\/et_pb_row][et_pb_row column_structure=&#8221;1_3,2_3&#8243; padding_mobile=&#8221;on&#8221; column_padding_mobile=&#8221;on&#8221; admin_label=&#8221;row&#8221; _builder_version=&#8221;4.8.2&#8243; background_size=&#8221;initial&#8221; background_position=&#8221;top_left&#8221; background_repeat=&#8221;repeat&#8221; custom_margin=&#8221;10px||||false|false&#8221; custom_padding=&#8221;0px|||&#8221; make_fullwidth=&#8221;off&#8221; use_custom_width=&#8221;off&#8221; width_unit=&#8221;on&#8221; custom_width_px=&#8221;1080&#8243; custom_width_percent=&#8221;80&#8243;][et_pb_column type=&#8221;1_3&#8243; _builder_version=&#8221;3.25&#8243; custom_padding=&#8221;|||&#8221; custom_padding__hover=&#8221;|||&#8221;][\/et_pb_column][et_pb_column type=&#8221;2_3&#8243; _builder_version=&#8221;3.25&#8243; custom_padding=&#8221;|||&#8221; custom_padding__hover=&#8221;|||&#8221;][et_pb_text admin_label=&#8221;Blocco testo 1&#8243; _builder_version=&#8221;4.8.2&#8243; text_font=&#8221;PT Sans||||&#8221; text_text_color=&#8221;#363636&#8243; text_font_size=&#8221;20&#8243; text_letter_spacing=&#8221;0&#8243; text_line_height=&#8221;1.2em&#8221; header_font_size=&#8221;30&#8243; header_letter_spacing=&#8221;0&#8243; header_line_height=&#8221;1&#8243; background_size=&#8221;initial&#8221; background_position=&#8221;top_left&#8221; background_repeat=&#8221;repeat&#8221; max_width=&#8221;620px&#8221; custom_margin=&#8221;0px||0px||false|false&#8221; custom_padding=&#8221;||0px|||&#8221; text_font_size_tablet=&#8221;&#8221; text_font_size_phone=&#8221;&#8221; text_font_size_last_edited=&#8221;on|tablet&#8221; use_border_color=&#8221;off&#8221; border_color=&#8221;#ffffff&#8221; border_width=&#8221;1&#8243; border_style=&#8221;solid&#8221;]<\/p>\n<h3><\/h3>\n<h3><b><span data-contrast=\"auto\">Istituto Carlo Dell\u2019Acqua,\u00a0Legnano<\/span><\/b><span data-ccp-props=\"{&quot;335551550&quot;:6,&quot;335551620&quot;:6,&quot;335559739&quot;:0}\">\u00a0<\/span><\/h3>\n<p><span data-contrast=\"auto\">L\u2019Istituto Carlo Dell\u2019Acqua di Legnano \u00e8 una scuola superiore storica che offre licei e indirizzi tecnici, con una solida formazione culturale, scientifica e linguistica, attenta all\u2019innovazione e al territorio.<\/span><span data-ccp-props=\"{&quot;335551550&quot;:6,&quot;335551620&quot;:6,&quot;335559739&quot;:0}\">\u00a0<\/span><\/p>\n<p><span data-contrast=\"auto\">L\u2019esposizione della IV edizione della mostra\u00a0<\/span><i><span data-contrast=\"auto\">\u201cDonne e motori? Gioie e basta\u201d<\/span><\/i><span data-contrast=\"auto\">\u00a0del Museo Fratelli Cozzi ha arricchito l\u2019istituto valorizzando il dialogo tra cultura, parit\u00e0 di genere e innovazione, stimolando riflessione e partecipazione attiva degli studenti.<\/span><span data-ccp-props=\"{&quot;335551550&quot;:6,&quot;335551620&quot;:6,&quot;335559739&quot;:0}\">\u00a0<\/span><\/p>\n<p>[\/et_pb_text][\/et_pb_column][\/et_pb_row][et_pb_row column_structure=&#8221;1_2,1_2&#8243; _builder_version=&#8221;4.8.2&#8243; _module_preset=&#8221;default&#8221;][et_pb_column type=&#8221;1_2&#8243; _builder_version=&#8221;4.8.2&#8243; _module_preset=&#8221;default&#8221;][et_pb_image src=&#8221;https:\/\/www.museofratellicozzi.com\/news\/wp-content\/uploads\/2026\/01\/Blu-Giallo-Nero-Compleanno-Foto-Collage-14.png&#8221; title_text=&#8221;Blu Giallo Nero Compleanno Foto Collage (14)&#8221; _builder_version=&#8221;4.8.2&#8243; _module_preset=&#8221;default&#8221;][\/et_pb_image][\/et_pb_column][et_pb_column type=&#8221;1_2&#8243; _builder_version=&#8221;4.8.2&#8243; _module_preset=&#8221;default&#8221;][et_pb_image src=&#8221;https:\/\/www.museofratellicozzi.com\/news\/wp-content\/uploads\/2026\/01\/Blu-Giallo-Nero-Compleanno-Foto-Collage-15.png&#8221; title_text=&#8221;Blu Giallo Nero Compleanno Foto Collage (15)&#8221; _builder_version=&#8221;4.8.2&#8243; _module_preset=&#8221;default&#8221;][\/et_pb_image][\/et_pb_column][\/et_pb_row][et_pb_row column_structure=&#8221;1_3,1_3,1_3&#8243; _builder_version=&#8221;4.8.2&#8243; _module_preset=&#8221;default&#8221;][et_pb_column type=&#8221;1_3&#8243; _builder_version=&#8221;4.8.2&#8243; _module_preset=&#8221;default&#8221;][et_pb_image src=&#8221;https:\/\/www.museofratellicozzi.com\/news\/wp-content\/uploads\/2026\/01\/Blu-Giallo-Nero-Compleanno-Foto-Collage-13.png&#8221; title_text=&#8221;Blu Giallo Nero Compleanno Foto Collage (13)&#8221; _builder_version=&#8221;4.8.2&#8243; _module_preset=&#8221;default&#8221;][\/et_pb_image][et_pb_text admin_label=&#8221;Testo&#8221; _builder_version=&#8221;4.8.2&#8243; _module_preset=&#8221;default&#8221;]<\/p>\n<p>Studenti, studentesse e docenti dell&#8217;IS Carlo Dell&#8217;Acqua guardano la mostra nei corridoi dell&#8217;istituto<\/p>\n<p>[\/et_pb_text][\/et_pb_column][et_pb_column type=&#8221;1_3&#8243; _builder_version=&#8221;4.8.2&#8243; _module_preset=&#8221;default&#8221;][et_pb_image src=&#8221;https:\/\/www.museofratellicozzi.com\/news\/wp-content\/uploads\/2026\/01\/Blu-Giallo-Nero-Compleanno-Foto-Collage-12.png&#8221; title_text=&#8221;Blu Giallo Nero Compleanno Foto Collage (12)&#8221; _builder_version=&#8221;4.8.2&#8243; _module_preset=&#8221;default&#8221;][\/et_pb_image][\/et_pb_column][et_pb_column type=&#8221;1_3&#8243; _builder_version=&#8221;4.8.2&#8243; _module_preset=&#8221;default&#8221;][et_pb_image src=&#8221;https:\/\/www.museofratellicozzi.com\/news\/wp-content\/uploads\/2026\/01\/Blu-Giallo-Nero-Compleanno-Foto-Collage-11.png&#8221; title_text=&#8221;Blu Giallo Nero Compleanno Foto Collage (11)&#8221; _builder_version=&#8221;4.8.2&#8243; _module_preset=&#8221;default&#8221;][\/et_pb_image][\/et_pb_column][\/et_pb_row][et_pb_row column_structure=&#8221;1_3,2_3&#8243; padding_mobile=&#8221;on&#8221; column_padding_mobile=&#8221;on&#8221; admin_label=&#8221;row&#8221; _builder_version=&#8221;4.8.2&#8243; background_size=&#8221;initial&#8221; background_position=&#8221;top_left&#8221; background_repeat=&#8221;repeat&#8221; custom_margin=&#8221;10px||||false|false&#8221; custom_padding=&#8221;0px|||&#8221; make_fullwidth=&#8221;off&#8221; use_custom_width=&#8221;off&#8221; width_unit=&#8221;on&#8221; custom_width_px=&#8221;1080&#8243; custom_width_percent=&#8221;80&#8243;][et_pb_column type=&#8221;1_3&#8243; _builder_version=&#8221;3.25&#8243; custom_padding=&#8221;|||&#8221; custom_padding__hover=&#8221;|||&#8221;][\/et_pb_column][et_pb_column type=&#8221;2_3&#8243; _builder_version=&#8221;3.25&#8243; custom_padding=&#8221;|||&#8221; custom_padding__hover=&#8221;|||&#8221;][et_pb_text admin_label=&#8221;Blocco testo 1&#8243; _builder_version=&#8221;4.8.2&#8243; text_font=&#8221;PT Sans||||&#8221; text_text_color=&#8221;#363636&#8243; text_font_size=&#8221;20&#8243; text_letter_spacing=&#8221;0&#8243; text_line_height=&#8221;1.2em&#8221; header_font_size=&#8221;30&#8243; header_letter_spacing=&#8221;0&#8243; header_line_height=&#8221;1&#8243; background_size=&#8221;initial&#8221; background_position=&#8221;top_left&#8221; background_repeat=&#8221;repeat&#8221; max_width=&#8221;620px&#8221; custom_margin=&#8221;0px||0px||false|false&#8221; custom_padding=&#8221;||0px|||&#8221; text_font_size_tablet=&#8221;&#8221; text_font_size_phone=&#8221;&#8221; text_font_size_last_edited=&#8221;on|tablet&#8221; use_border_color=&#8221;off&#8221; border_color=&#8221;#ffffff&#8221; border_width=&#8221;1&#8243; border_style=&#8221;solid&#8221;]<\/p>\n<h3><b><span data-contrast=\"auto\">MTS School,\u00a0Monza<\/span><\/b><span data-ccp-props=\"{&quot;335551550&quot;:6,&quot;335551620&quot;:6,&quot;335559739&quot;:0}\">\u00a0<\/span><\/h3>\n<p><span data-contrast=\"auto\">MTS School di Monza \u00e8 un istituto d\u2019eccellenza dedicato alla formazione tecnica nel mondo del motorsport, capace di unire competenze professionali, innovazione e crescita personale. La scuola \u00e8 guidata da<strong>\u00a0<\/strong><\/span><strong>Eugenia Capanna<\/strong><span data-contrast=\"auto\">, pilota e Team Manager nel Motorsport, nonch\u00e9 CEO di MTS Motorsport Technical School, gi\u00e0 testimonial della terza edizione della mostra\u00a0<\/span><i><span data-contrast=\"auto\">\u201cDonne e\u00a0motori? Gioie e\u00a0basta\u201d<\/span><\/i><span data-contrast=\"auto\">. <\/span><\/p>\n<p><span data-contrast=\"auto\">Questa alleanza e continuit\u00e0 nella condivisione dei valori di parit\u00e0 e rispetto di genere hanno portato la scuola ad ospitare anche la quarta edizione della mostra in esposizione.<\/span><span data-ccp-props=\"{&quot;335551550&quot;:6,&quot;335551620&quot;:6,&quot;335559739&quot;:0}\">\u00a0<\/span><\/p>\n<p>[\/et_pb_text][\/et_pb_column][\/et_pb_row][et_pb_row column_structure=&#8221;1_3,1_3,1_3&#8243; _builder_version=&#8221;4.8.2&#8243; _module_preset=&#8221;default&#8221;][et_pb_column type=&#8221;1_3&#8243; _builder_version=&#8221;4.8.2&#8243; _module_preset=&#8221;default&#8221;][et_pb_image src=&#8221;https:\/\/www.museofratellicozzi.com\/news\/wp-content\/uploads\/2026\/01\/Blu-Giallo-Nero-Compleanno-Foto-Collage-8.png&#8221; title_text=&#8221;Mts 2026&#8243; _builder_version=&#8221;4.8.2&#8243; _module_preset=&#8221;default&#8221;][\/et_pb_image][\/et_pb_column][et_pb_column type=&#8221;1_3&#8243; _builder_version=&#8221;4.8.2&#8243; _module_preset=&#8221;default&#8221;][et_pb_image src=&#8221;https:\/\/www.museofratellicozzi.com\/news\/wp-content\/uploads\/2026\/01\/Blu-Giallo-Nero-Compleanno-Foto-Collage-6.png&#8221; title_text=&#8221;Mts 2026&#8243; _builder_version=&#8221;4.8.2&#8243; _module_preset=&#8221;default&#8221;][\/et_pb_image][\/et_pb_column][et_pb_column type=&#8221;1_3&#8243; _builder_version=&#8221;4.8.2&#8243; _module_preset=&#8221;default&#8221;][et_pb_image src=&#8221;https:\/\/www.museofratellicozzi.com\/news\/wp-content\/uploads\/2026\/01\/Blu-Giallo-Nero-Compleanno-Foto-Collage-10.png&#8221; title_text=&#8221;Mts 2026&#8243; _builder_version=&#8221;4.8.2&#8243; _module_preset=&#8221;default&#8221;][\/et_pb_image][\/et_pb_column][\/et_pb_row][et_pb_row column_structure=&#8221;1_2,1_2&#8243; _builder_version=&#8221;4.8.2&#8243; _module_preset=&#8221;default&#8221;][et_pb_column type=&#8221;1_2&#8243; _builder_version=&#8221;4.8.2&#8243; _module_preset=&#8221;default&#8221;][et_pb_image src=&#8221;https:\/\/www.museofratellicozzi.com\/news\/wp-content\/uploads\/2026\/01\/Blu-Giallo-Nero-Compleanno-Foto-Collage-7.png&#8221; title_text=&#8221;Blu Giallo Nero Compleanno Foto Collage (7)&#8221; _builder_version=&#8221;4.8.2&#8243; _module_preset=&#8221;default&#8221;][\/et_pb_image][et_pb_text admin_label=&#8221;Testo&#8221; _builder_version=&#8221;4.8.2&#8243; _module_preset=&#8221;default&#8221;]<\/p>\n<p>Studenti e docenti dell&#8217;MTS School Accademy guardano la mostra allestita nelle aule<\/p>\n<p>[\/et_pb_text][\/et_pb_column][et_pb_column type=&#8221;1_2&#8243; _builder_version=&#8221;4.8.2&#8243; _module_preset=&#8221;default&#8221;][et_pb_image src=&#8221;https:\/\/www.museofratellicozzi.com\/news\/wp-content\/uploads\/2026\/01\/Blu-Giallo-Nero-Compleanno-Foto-Collage-9.png&#8221; title_text=&#8221;Blu Giallo Nero Compleanno Foto Collage (9)&#8221; _builder_version=&#8221;4.8.2&#8243; _module_preset=&#8221;default&#8221;][\/et_pb_image][\/et_pb_column][\/et_pb_row][et_pb_row column_structure=&#8221;1_3,2_3&#8243; padding_mobile=&#8221;on&#8221; column_padding_mobile=&#8221;on&#8221; admin_label=&#8221;row&#8221; _builder_version=&#8221;4.8.2&#8243; background_size=&#8221;initial&#8221; background_position=&#8221;top_left&#8221; background_repeat=&#8221;repeat&#8221; custom_margin=&#8221;10px||||false|false&#8221; custom_padding=&#8221;0px|||&#8221; make_fullwidth=&#8221;off&#8221; use_custom_width=&#8221;off&#8221; width_unit=&#8221;on&#8221; custom_width_px=&#8221;1080&#8243; custom_width_percent=&#8221;80&#8243;][et_pb_column type=&#8221;1_3&#8243; _builder_version=&#8221;3.25&#8243; custom_padding=&#8221;|||&#8221; custom_padding__hover=&#8221;|||&#8221;][\/et_pb_column][et_pb_column type=&#8221;2_3&#8243; _builder_version=&#8221;3.25&#8243; custom_padding=&#8221;|||&#8221; custom_padding__hover=&#8221;|||&#8221;][et_pb_text admin_label=&#8221;Blocco testo 1&#8243; _builder_version=&#8221;4.8.2&#8243; text_font=&#8221;PT Sans||||&#8221; text_text_color=&#8221;#363636&#8243; text_font_size=&#8221;20&#8243; text_letter_spacing=&#8221;0&#8243; text_line_height=&#8221;1.2em&#8221; header_font_size=&#8221;30&#8243; header_letter_spacing=&#8221;0&#8243; header_line_height=&#8221;1&#8243; background_size=&#8221;initial&#8221; background_position=&#8221;top_left&#8221; background_repeat=&#8221;repeat&#8221; max_width=&#8221;620px&#8221; custom_margin=&#8221;0px||0px||false|false&#8221; custom_padding=&#8221;||0px|||&#8221; text_font_size_tablet=&#8221;&#8221; text_font_size_phone=&#8221;&#8221; text_font_size_last_edited=&#8221;on|tablet&#8221; use_border_color=&#8221;off&#8221; border_color=&#8221;#ffffff&#8221; border_width=&#8221;1&#8243; border_style=&#8221;solid&#8221;]<\/p>\n<h3><b><span data-contrast=\"auto\">Cascina Merlata spazio vivo UpTown, Milano<\/span><\/b><span data-ccp-props=\"{&quot;335551550&quot;:6,&quot;335551620&quot;:6,&quot;335559739&quot;:0}\">\u00a0<\/span><\/h3>\n<p><span data-contrast=\"auto\"><strong>Cascina Merlata <\/strong>\u00e8 un innovativo distretto urbano di Milano, pensato come spazio di incontro, socialit\u00e0 e cultura. All\u2019interno del quartiere, lo spazio delle\u00a0100\u00a0sedie rosse \u00e8 un luogo simbolico dedicato alla riflessione sui temi del rispetto, della memoria e dei diritti, diventato punto di riferimento per iniziative culturali e sociali. <\/span><\/p>\n<p><span data-contrast=\"auto\">Gi\u00e0 lo scorso anno\u00a0<\/span><strong>Cascina Merlata Spazio vivo UpTown<\/strong><b><span data-contrast=\"auto\">\u00a0<\/span><\/b><span data-contrast=\"auto\">\u00e8 stata sito di allestimento di un\u2019esposizione permanente della mostra\u00a0<\/span><i><span data-contrast=\"auto\">\u201cDonne e\u00a0motori? Gioie e\u00a0basta\u201d<\/span><\/i><span data-contrast=\"auto\">, e anche quest\u2019anno la quarta edizione\u00a0sar\u00e0 ospite\u00a0stabile\u00a0fino a novembre.\u202f\u202f<\/span><span data-ccp-props=\"{&quot;335551550&quot;:6,&quot;335551620&quot;:6,&quot;335559739&quot;:0}\">\u00a0<\/span><\/p>\n<p><span data-ccp-props=\"{&quot;335551550&quot;:6,&quot;335551620&quot;:6,&quot;335559739&quot;:0}\">Un ringraziamento a <strong>Euro Milano<\/strong>, proprietario di Uptown, sponsor della mostra.\u00a0<\/span><\/p>\n<p>[\/et_pb_text][\/et_pb_column][\/et_pb_row][et_pb_row _builder_version=&#8221;4.8.2&#8243; _module_preset=&#8221;default&#8221;][et_pb_column type=&#8221;4_4&#8243; _builder_version=&#8221;4.8.2&#8243; _module_preset=&#8221;default&#8221;][et_pb_image src=&#8221;https:\/\/www.museofratellicozzi.com\/news\/wp-content\/uploads\/2026\/01\/Blu-Giallo-Nero-Compleanno-Foto-Collage-17.png&#8221; title_text=&#8221;Cascina Merlata 2026&#8243; _builder_version=&#8221;4.8.2&#8243; _module_preset=&#8221;default&#8221;][\/et_pb_image][et_pb_text admin_label=&#8221;Testo&#8221; _builder_version=&#8221;4.8.2&#8243; _module_preset=&#8221;default&#8221;]<\/p>\n<p>La mostra esposta nel porticato di Cascina Merlata<\/p>\n<p>[\/et_pb_text][\/et_pb_column][\/et_pb_row][et_pb_row column_structure=&#8221;1_3,2_3&#8243; padding_mobile=&#8221;on&#8221; column_padding_mobile=&#8221;on&#8221; admin_label=&#8221;row&#8221; _builder_version=&#8221;4.8.2&#8243; background_size=&#8221;initial&#8221; background_position=&#8221;top_left&#8221; background_repeat=&#8221;repeat&#8221; custom_margin=&#8221;10px||||false|false&#8221; custom_padding=&#8221;0px|||&#8221; make_fullwidth=&#8221;off&#8221; use_custom_width=&#8221;off&#8221; width_unit=&#8221;on&#8221; custom_width_px=&#8221;1080&#8243; custom_width_percent=&#8221;80&#8243;][et_pb_column type=&#8221;1_3&#8243; _builder_version=&#8221;3.25&#8243; custom_padding=&#8221;|||&#8221; custom_padding__hover=&#8221;|||&#8221;][\/et_pb_column][et_pb_column type=&#8221;2_3&#8243; _builder_version=&#8221;3.25&#8243; custom_padding=&#8221;|||&#8221; custom_padding__hover=&#8221;|||&#8221;][et_pb_text admin_label=&#8221;Blocco testo 1&#8243; _builder_version=&#8221;4.8.2&#8243; text_font=&#8221;PT Sans||||&#8221; text_text_color=&#8221;#363636&#8243; text_font_size=&#8221;20&#8243; text_letter_spacing=&#8221;0&#8243; text_line_height=&#8221;1.2em&#8221; header_font_size=&#8221;30&#8243; header_letter_spacing=&#8221;0&#8243; header_line_height=&#8221;1&#8243; background_size=&#8221;initial&#8221; background_position=&#8221;top_left&#8221; background_repeat=&#8221;repeat&#8221; max_width=&#8221;620px&#8221; custom_margin=&#8221;0px||0px||false|false&#8221; custom_padding=&#8221;||0px|||&#8221; hover_enabled=&#8221;0&#8243; text_font_size_tablet=&#8221;&#8221; text_font_size_phone=&#8221;&#8221; text_font_size_last_edited=&#8221;on|tablet&#8221; use_border_color=&#8221;off&#8221; border_color=&#8221;#ffffff&#8221; border_width=&#8221;1&#8243; border_style=&#8221;solid&#8221; sticky_enabled=&#8221;0&#8243;]<\/p>\n<h3><b><span data-contrast=\"auto\">Radio24<\/span><\/b><span data-ccp-props=\"{&quot;134233117&quot;:false,&quot;134233118&quot;:false,&quot;201341983&quot;:0,&quot;335559738&quot;:0,&quot;335559739&quot;:0,&quot;335559740&quot;:240}\">\u00a0<\/span><\/h3>\n<p><strong>Luned\u00ec 26 gennaio\u00a0Elisabetta Cozzi<\/strong><span data-contrast=\"auto\">\u00a0\u00e8 stata ospite di<strong>\u00a0<\/strong><\/span><strong>SmartCar<\/strong><span data-contrast=\"auto\">, il programma di<strong>\u00a0<\/strong><\/span><strong>Radio24<\/strong><span data-contrast=\"auto\">\u00a0dedicato al mondo dell&#8217;auto e della mobilit\u00e0, per raccontare &#8220;<\/span><i><span data-contrast=\"auto\">Donne e motori? Gioie e basta<\/span><\/i><span data-contrast=\"auto\">&#8220;.<\/span><span data-ccp-props=\"{&quot;134233117&quot;:false,&quot;134233118&quot;:false,&quot;201341983&quot;:0,&quot;335551550&quot;:6,&quot;335551620&quot;:6,&quot;335559738&quot;:0,&quot;335559739&quot;:0,&quot;335559740&quot;:240}\">\u00a0<\/span><\/p>\n<p><span data-contrast=\"auto\">Un&#8217;occasione speciale per portare il messaggio della mostra\u00a0a\u00a0migliaia di ascoltatori appassionati di motori.\u00a0SmartCar, condotto da\u00a0<\/span><strong>Massimo De Donato<\/strong><span data-contrast=\"auto\"><strong>\u00a0<\/strong>e in onda\u00a0dal luned\u00ec al gioved\u00ec\u00a0alle ore 20.50, \u00e8 il punto di riferimento per chi vuole restare aggiornato su automotive, innovazione e cultura della mobilit\u00e0,\u00a0il palco perfetto per parlare di inclusivit\u00e0, rispetto, uguaglianza.\u00a0<\/span><span data-ccp-props=\"{&quot;134233117&quot;:false,&quot;134233118&quot;:false,&quot;201341983&quot;:0,&quot;335551550&quot;:6,&quot;335551620&quot;:6,&quot;335559738&quot;:0,&quot;335559739&quot;:0,&quot;335559740&quot;:240}\">\u00a0<\/span><\/p>\n<p><strong><span style=\"color: #800000;\"><a href=\"https:\/\/www.radio24.ilsole24ore.com\/home\/programmi\/smart-car\/puntata\/trasmissione-26-gennaio-2026-7000-2334577912870788\" target=\"_blank\" rel=\"noopener noreferrer\" style=\"color: #800000;\">Se ve la siete persa, potrete riascoltarla qui\u00a0<\/a><\/span><\/strong><\/p>\n<p><strong><span style=\"color: #800000;\"><\/span><\/strong><br \/> <iframe src=\"https:\/\/player-radio24.ilsole24ore.com\/?theme=standard&amp;episode=eyJpIjoiaHR0cHM6Ly9pMi5yZXMuMjRvLml0L3JhZGlvMjQvYXNzZXRzL2ltZy9SYWRpbzI0L19JbW1hZ2luaS8yMDI2LzAxLzE2MDEyNi1kb25uYS1waWxvdGEtYXV0by5qcGc\/cj01NzZ4MzYwJmZpbHRlcj1hcHAiLCJzIjoiaHR0cHM6Ly9wb2RjYXN0LXJhZGlvMjQuaWxzb2xlMjRvcmUuY29tL3JhZGlvMjRfYXVkaW8vMjAyNi8yNjAxMjYtc21hcnQtY2FyLm1wMz9hd0NvbGxlY3Rpb25JZD1zbWFydC1jYXImYXdFcGlzb2RlSWQ9MjYwMTI2LXNtYXJ0LWNhciIsInQiOiJEb25uZSBlIG1vdG9yaTogdW5hIHF1ZXN0aW9uZSBkaSBnZW5lcmUiLCJwIjoiU21hcnQgQ2FyIiwiZCI6IkNvbiBFbGlzYWJldHRhIENvenppLCBmb25kYXRyaWNlIGUgcHJlc2lkZW50ZSBkZWwgTXVzZW8gRnJhdGVsbGkgQ296emlJbCBwcm9nZXR0byBmb3RvZ3JhZmljbyBcIkRvbm5lIGUgTW90b3JpOiBHaW9pZSBlIGJhc3RhXCIgbWlyYSBhIHJpc2NyaXZlcmUgbGEgY3VsdHVyYSBkZWwgc2V0dG9yZSBhdXRvbW9iaWxpc3RpY28gcHJvbXVvdmVuZG8gdW5hIHJhcHByZXNlbnRhemlvbmUgZGVsbGEgZmlndXJhIGZlbW1pbmlsZSBjaGUgc2lhIGVsZWdhbnRlLCBwcm9mZXNzaW9uYWxlIGUgcmlzcGV0dG9zYSBhY2NhbnRvIGFsbGUgdmV0dHVyZS4gQXR0cmF2ZXJzbyBsJ3VzbyBkZWxsZSBhdXRvIGQnZXBvY2EgZSBkaSBtb3N0cmUgaXRpbmVyYW50aSwgc2kgc2NhcmRpbmFubyBjb3PDrCBpIHZlY2NoaSBwcmVnaXVkaXppIHBlciB2YWxvcml6emFyZSBsYSBwcmVzZW56YSBmZW1taW5pbGUgaW4gb2duaSBydW9sbyBkZWxsJ2F1dG9tb3RpdmUuIEwnaW5jbHVzaW9uZSBkaSBmaWd1cmUgbWFzY2hpbGkgaW4gcXVlc3RvIHBlcmNvcnNvLCBpbm9sdHJlLCBzb3R0b2xpbmVhIGNvbWUgbGEgcGFyaXTDoCBkaSBnZW5lcmUgbm9uIHNpYSBzb2xvIHVuYSBxdWVzdGlvbmUgZGkgZXF1aXTDoCwgbWEgdW5hIGZvbmRhbWVudGFsZSBvcHBvcnR1bml0w6AgZGkgc3ZpbHVwcG8gcGVyIGwnaW50ZXJvIG1vbmRvIGRlaSBtb3RvcmkgLSBzb3R0b2xpbmVhIEVsaXNhYmV0dGEgQ296emksIGZvbmRhdHJpY2UgZSBwcmVzaWRlbnRlIGRlbCBNdXNlbyBGcmF0ZWxsaSBDb3p6aS4iLCJsIjoiaHR0cHM6Ly93d3cucmFkaW8yNC5pbHNvbGUyNG9yZS5jb20vaG9tZS9wcm9ncmFtbWkvc21hcnQtY2FyL3B1bnRhdGEvdHJhc21pc3Npb25lLTI2LWdlbm5haW8tMjAyNi03MDAwLTIzMzQ1Nzc5MTI4NzA3ODgifQ==\" frameborder=\"0\" allow=\"autoplay; clipboard-write; encrypted-media; fullscreen; picture-in-picture\" loading=\"lazy\" allowfullscreen=\"\" style=\"width: 100%; height: 200px; border: 0px;\"><\/iframe><\/p>\n<p>[\/et_pb_text][\/et_pb_column][\/et_pb_row][et_pb_row padding_mobile=&#8221;on&#8221; column_padding_mobile=&#8221;on&#8221; admin_label=&#8221;row&#8221; _builder_version=&#8221;3.25&#8243; background_size=&#8221;initial&#8221; background_position=&#8221;top_left&#8221; background_repeat=&#8221;repeat&#8221; custom_margin=&#8221;21px|38px||auto||&#8221; custom_padding=&#8221;0px|||&#8221; make_fullwidth=&#8221;off&#8221; use_custom_width=&#8221;off&#8221; width_unit=&#8221;on&#8221;][et_pb_column type=&#8221;4_4&#8243; _builder_version=&#8221;3.25&#8243; custom_padding=&#8221;|||&#8221; custom_padding__hover=&#8221;|||&#8221;][et_pb_divider _builder_version=&#8221;4.8.2&#8243; _module_preset=&#8221;default&#8221;][\/et_pb_divider][\/et_pb_column][\/et_pb_row][et_pb_row column_structure=&#8221;1_3,2_3&#8243; padding_mobile=&#8221;on&#8221; column_padding_mobile=&#8221;on&#8221; admin_label=&#8221;row&#8221; _builder_version=&#8221;4.8.2&#8243; background_size=&#8221;initial&#8221; background_position=&#8221;top_left&#8221; background_repeat=&#8221;repeat&#8221; custom_margin=&#8221;10px||||false|false&#8221; custom_padding=&#8221;0px|||&#8221; make_fullwidth=&#8221;off&#8221; use_custom_width=&#8221;off&#8221; width_unit=&#8221;on&#8221; custom_width_px=&#8221;1080&#8243; custom_width_percent=&#8221;80&#8243;][et_pb_column type=&#8221;1_3&#8243; _builder_version=&#8221;3.25&#8243; custom_padding=&#8221;|||&#8221; custom_padding__hover=&#8221;|||&#8221;][\/et_pb_column][et_pb_column type=&#8221;2_3&#8243; _builder_version=&#8221;3.25&#8243; custom_padding=&#8221;|||&#8221; custom_padding__hover=&#8221;|||&#8221;][et_pb_text admin_label=&#8221;Blocco testo 1&#8243; _builder_version=&#8221;4.8.2&#8243; text_font=&#8221;PT Sans||||&#8221; text_text_color=&#8221;#363636&#8243; text_font_size=&#8221;20&#8243; text_letter_spacing=&#8221;0&#8243; text_line_height=&#8221;1.2em&#8221; header_font_size=&#8221;30&#8243; header_letter_spacing=&#8221;0&#8243; header_line_height=&#8221;1&#8243; background_size=&#8221;initial&#8221; background_position=&#8221;top_left&#8221; background_repeat=&#8221;repeat&#8221; max_width=&#8221;620px&#8221; custom_margin=&#8221;0px||0px||false|false&#8221; custom_padding=&#8221;||0px|||&#8221; text_font_size_tablet=&#8221;&#8221; text_font_size_phone=&#8221;&#8221; text_font_size_last_edited=&#8221;on|tablet&#8221; use_border_color=&#8221;off&#8221; border_color=&#8221;#ffffff&#8221; border_width=&#8221;1&#8243; border_style=&#8221;solid&#8221;]<\/p>\n<h3><span style=\"color: #800000;\">Ecco le prossime tappe del tour&#8230;<\/span><\/h3>\n<p>Continuano\u00a0le\u00a0esposizioni presso Cascina Merlata\u00a0e\u00a0MTS School, ma il tour prevede anche<strong>\u00a0nuove tappe<\/strong>:<\/p>\n<h3><span style=\"color: #800000;\">Racing Meeting, Vicenza\u00a0<\/span><\/h3>\n<p>Il Racing Meeting 2026 \u00e8 la grande fiera del motorsport ideata da Miki Biasion, in programma il 7 e l&#8217;8 febbraio presso la Fiera di Vicenza, e che celebra la passione racing in tutte le sue declinazioni. Dalla mostra<strong> \u201cItalia da Corsa\u201d con oltre 30 vetture storiche ai team e piloti di pista e rally<\/strong>, l\u2019evento unisce esposizioni, spettacoli, premiazioni e incontri con protagonisti delle corse.<strong> La Fiera ospiter\u00e0 \u201cDonne e motori? Gioie e basta\u201d<\/strong>, che sar\u00e0 ufficialmente presentata da Elisabetta Cozzi domenica 8 febbraio dalle ore 10.00. L&#8217;ideatrice del progetto ne illustrer\u00e0 origini, motivazioni e frutti, dialogando con il giornalista Marco Meletti<\/p>\n<p><strong>Quando?<\/strong>\u00a07\u00a0&#8211;\u00a08\u00a0febbraio.<\/p>\n<p><strong>Dove?<\/strong>\u00a0Fiera di Vicenza,\u00a0Via Oreficeria, 16,\u00a0Vicenza.<\/p>\n<h3><span style=\"color: #800000;\">\u00a0IEXS\u202fFOUNDATION\u00a0<\/span><\/h3>\n<p>La\u00a0<strong>IEXS FOUNDATION<\/strong> International School\u00a0di Reggio Emilia \u00e8 un\u2019istituzione educativa paritaria internazionale che reinventa la scuola ponendo la\u00a0persona al centro: qui gli studenti imparano con metodologie esperienziali, sviluppano competenze trasversali, intelligenza emotiva e soft skill e vengono accompagnati a esprimere i propri talenti in un ambiente stimolante e internazionale, preparandosi con equilibrio alle sfide del futuro.<\/p>\n<p>Tra febbraio e marzo la scuola ospiter\u00e0 la quarta edizione della mostra\u00a0\u201cDonne e\u00a0motori? Gioie e\u00a0basta\u201d, in un ciclo di eventi e dibattiti dedicati all\u2019emancipazione femminile e all\u2019alleanza tra i generi per la parit\u00e0, con esponenti di Confindustria e rappresentanti del mondo accademico e scientifico.<\/p>\n<p><strong>Quando?<\/strong>\u00a011 febbraio\u00a0&#8211;\u00a03\u00a0marzo.<\/p>\n<p><strong>Dove?<\/strong>\u00a0Via M. K. Gandhi, 8,\u00a0Reggio Emilia.<\/p>\n<h3><span style=\"color: #800000;\">Sydney Harbour Concours\u00a0d\u2019Elegance,\u00a0Sydney\u00a0(Australia)\u00a0<\/span><\/h3>\n<p>Il Sydney\u00a0Concours\u00a0d\u2019Elegance \u00e8 una celebrazione raffinata dell\u2019automobile come opera d\u2019arte, dove storia, design e ingegneria si incontrano in uno\u00a0scenario iconico. Tra carrozzerie leggendarie e restauri impeccabili, l\u2019evento esalta l\u2019eleganza senza tempo, premiando l\u2019eccellenza, la cura del dettaglio e la passione che rendono ogni vettura pura espressione di stile.<\/p>\n<p>Quest\u2019anno il concorso ospiter\u00e0\u00a0anche la quarta edizione della mostra\u00a0\u201cDonne e\u00a0motori? Gioie e\u00a0basta\u201d, in cui<strong>\u00a0James Nicholls<\/strong>, Founder of the Sydney Harbour\u00a0Concours\u00a0d\u2019Elegance, figura come testimonial insieme ad\u00a0<strong>Alessandra Giorgetti<\/strong>.<\/p>\n<p><strong>Quando?<\/strong>\u00a027 febbraio &#8211; 1\u00b0 marzo.\u202f Orari di apertura:10 \u2013 16.<\/p>\n<p><strong>Ticket<\/strong> link<a href=\"\u00a0https:\/\/sydneyharbourconcours.com.au\/ticket-options\/\u00a0\" target=\"_blank\" rel=\"noopener noreferrer\">\u00a0https:\/\/sydneyharbourconcours.com.au\/ticket-options\/\u00a0<\/a><\/p>\n<p><strong>Dove?\u00a0<\/strong>Cockatoo\u00a0Island, Sydney, Australia.<\/p>\n<h3><span style=\"color: #800000;\">Dallara Academy\u00a0<\/span><\/h3>\n<p>Dallara rappresenta un\u2019<strong>eccellenza assoluta dell\u2019ingegneria italiana applicata all\u2019automobilismo<\/strong> e al motorsport. Fondata da Gianpaolo Dallara, l\u2019azienda ha scritto pagine decisive della competizione internazionale, unendo ricerca, innovazione e precisione artigianale. Dalla Formula 1 alle monoposto pi\u00f9 avanzate, Dallara \u00e8 sinonimo di performance, visione e cultura tecnica al servizio della velocit\u00e0.<\/p>\n<p>Quest\u2019anno la Dallara Academy ospiter\u00e0 anche la quarta edizione della mostra\u00a0\u201cDonne e\u00a0motori? Gioie e\u00a0basta\u201d, con Gianpaolo Dallara\u00a0e sua figlia Angelica\u00a0come\u00a0alleati in uno degli scatti, e Andrea Pontremoli,\u00a0CEO and General Manager Dallara Group,\u00a0sostenitore di\u00a0Elena Penazzi,\u00a0Assessore Autodromo, Turismo e Grandi eventi Comune di Imola,\u00a0come suo\u00a0HeForShe.<\/p>\n<p><strong>Quando?<\/strong>\u00a023\u00a0febbraio\u00a0\u2013\u00a02\u00a0marzo.<\/p>\n<p><strong>Dove?<\/strong>\u00a0Via Provinciale, 33 A,\u00a0Varano de\u2019 Melegari\u00a0(PR)<\/p>\n<p>[\/et_pb_text][\/et_pb_column][\/et_pb_row][et_pb_row column_structure=&#8221;1_3,2_3&#8243; padding_mobile=&#8221;on&#8221; column_padding_mobile=&#8221;on&#8221; admin_label=&#8221;row&#8221; _builder_version=&#8221;4.8.2&#8243; background_size=&#8221;initial&#8221; background_position=&#8221;top_left&#8221; background_repeat=&#8221;repeat&#8221; custom_margin=&#8221;10px||||false|false&#8221; custom_padding=&#8221;0px|||&#8221; make_fullwidth=&#8221;off&#8221; use_custom_width=&#8221;off&#8221; width_unit=&#8221;on&#8221; custom_width_px=&#8221;1080&#8243; custom_width_percent=&#8221;80&#8243;][et_pb_column type=&#8221;1_3&#8243; _builder_version=&#8221;3.25&#8243; custom_padding=&#8221;|||&#8221; custom_padding__hover=&#8221;|||&#8221;][\/et_pb_column][et_pb_column type=&#8221;2_3&#8243; _builder_version=&#8221;3.25&#8243; custom_padding=&#8221;|||&#8221; custom_padding__hover=&#8221;|||&#8221;][et_pb_text admin_label=&#8221;Blocco testo 1&#8243; _builder_version=&#8221;4.8.2&#8243; text_font=&#8221;PT Sans||||&#8221; text_text_color=&#8221;#363636&#8243; text_font_size=&#8221;20&#8243; text_letter_spacing=&#8221;0&#8243; text_line_height=&#8221;1.2em&#8221; header_font_size=&#8221;30&#8243; header_letter_spacing=&#8221;0&#8243; header_line_height=&#8221;1&#8243; background_size=&#8221;initial&#8221; background_position=&#8221;top_left&#8221; background_repeat=&#8221;repeat&#8221; max_width=&#8221;620px&#8221; custom_margin=&#8221;0px||0px||false|false&#8221; custom_padding=&#8221;||0px|||&#8221; text_font_size_tablet=&#8221;&#8221; text_font_size_phone=&#8221;&#8221; text_font_size_last_edited=&#8221;on|tablet&#8221; use_border_color=&#8221;off&#8221; border_color=&#8221;#ffffff&#8221; border_width=&#8221;1&#8243; border_style=&#8221;solid&#8221;]<\/p>\n<p><strong>Condividi i nostri valori e vuoi anche tu\u00a0essere motore\u00a0del cambiamento ospitando gratuitamente la mostra?\u00a0<\/strong><br \/> Scrivi a\u00a0info@museofratellicozzi.com\u00a0e scopri come poterla accogliere <span style=\"color: #800000;\"><strong><a href=\"https:\/\/www.museofratellicozzi.com\/news\/donne-motori-nuovo-tour\/[\" target=\"_blank\" rel=\"noopener noreferrer\" style=\"color: #800000;\">visitando la pagina che trovi a questo link<\/a><\/strong><\/span><\/p>\n<p>Ringraziamo i sostenitori del progetto,\u00a0nostri preziosi alleati:<strong>\u00a0ACI Storico,\u00a0ASI,\u00a0FIVA<\/strong>,\u00a0<strong>Universit\u00e0 LIUC\u00a0<\/strong>e i nostri sponsor<strong>\u00a0Pirelli,\u00a0LKQ\u00a0Rhiag,\u00a0MAWDY Services,\u00a0Autopromotec,\u00a0EuroMilano<\/strong>. Grazie ai Media Partner che ci aiutano a divulgare il nostro messaggio:\u00a0<strong>Quattroruote|\u00a0Ruoteclassiche<\/strong>.<\/p>\n<p>[\/et_pb_text][\/et_pb_column][\/et_pb_row][\/et_pb_section]<\/p>\n","protected":false},"excerpt":{"rendered":"<p>[et_pb_section fb_built=&#8221;1&#8243; admin_label=&#8221;Sezione&#8221; _builder_version=&#8221;3.22&#8243; custom_padding=&#8221;0px|||&#8221; transparent_background=&#8221;off&#8221; make_fullwidth=&#8221;off&#8221; use_custom_width=&#8221;off&#8221; width_unit=&#8221;on&#8221; custom_width_px=&#8221;1080&#8243; custom_width_percent=&#8221;80&#8243;][et_pb_row use_custom_gutter=&#8221;on&#8221; gutter_width=&#8221;1&#8243; disabled_on=&#8221;off|off|off&#8221; admin_label=&#8221;Riga&#8221; module_class=&#8221; et_pb_row_fullwidth&#8221; _builder_version=&#8221;3.25&#8243; background_size=&#8221;initial&#8221; background_position=&#8221;top_left&#8221; background_repeat=&#8221;repeat&#8221; width=&#8221;100%&#8221; width_tablet=&#8221;100%&#8221; width_phone=&#8221;&#8221; width_last_edited=&#8221;on|desktop&#8221; max_width=&#8221;100%&#8221; max_width_tablet=&#8221;100%&#8221; max_width_phone=&#8221;&#8221; max_width_last_edited=&#8221;on|desktop&#8221; custom_padding=&#8221;0px|||&#8221; make_fullwidth=&#8221;on&#8221; use_custom_width=&#8221;off&#8221; width_unit=&#8221;on&#8221; custom_width_px=&#8221;1080&#8243; custom_width_percent=&#8221;80&#8243;][et_pb_column type=&#8221;4_4&#8243; _builder_version=&#8221;3.25&#8243; custom_padding=&#8221;|||&#8221; custom_padding__hover=&#8221;|||&#8221;][et_pb_image src=&#8221;https:\/\/www.museofratellicozzi.com\/news\/wp-content\/uploads\/2026\/01\/You-Tube-SEMPIONE-50-1.jpg&#8221; alt=&#8221;Elisabetta Cozzi presenta il Tour 2025 %22Donne e Motori? Gioie e basta%22&#8243; title_text=&#8221;Tour gennaio 2026&#8243; [&hellip;]<\/p>\n","protected":false},"author":7,"featured_media":25093,"comment_status":"open","ping_status":"open","sticky":false,"template":"","format":"standard","meta":{"_et_pb_use_builder":"on","_et_pb_old_content":"","_et_gb_content_width":"","_jetpack_memberships_contains_paid_content":false,"footnotes":""},"categories":[775,872,776],"tags":[21,209,845,842,180,843,841,291,365,796,846,844,191],"class_list":["post-25001","post","type-post","status-publish","format-standard","has-post-thumbnail","hentry","category-associazione","category-donne-e-motori","category-woman-in-power","tag-alfa-romeo","tag-automotive","tag-camera-di-commercio","tag-camilla-albertini","tag-cozzi","tag-deputati","tag-donne-e-motori","tag-gender-gap","tag-mostra","tag-museo-fratelli-cozzvarzi","tag-pari-opportunita","tag-regione","tag-scuole","et-has-post-format-content","et_post_format-et-post-format-standard"],"yoast_head":"<!-- This site is optimized with the Yoast SEO plugin v26.8 - https:\/\/yoast.com\/product\/yoast-seo-wordpress\/ -->\n<title>Donne e motori nuovo tour IV edizione - Gennaio -<\/title>\n<meta name=\"description\" content=\"La IV edizione di &quot;Donne e motori? Gioie e basta&quot; \u00e8 stata inaugurata ufficialmente e ora \u00e8 \u00e8 pronta a partire per il tour 2026\" \/>\n<meta name=\"robots\" content=\"index, follow, max-snippet:-1, max-image-preview:large, max-video-preview:-1\" \/>\n<link rel=\"canonical\" href=\"https:\/\/www.museofratellicozzi.com\/news\/donne-e-motori-nuovo-tour-iv-edizione-gennaio\/\" \/>\n<meta property=\"og:locale\" content=\"it_IT\" \/>\n<meta property=\"og:type\" content=\"article\" \/>\n<meta property=\"og:title\" content=\"Donne e motori nuovo tour IV edizione - Gennaio -\" \/>\n<meta property=\"og:description\" content=\"La IV edizione di &quot;Donne e motori? Gioie e basta&quot; \u00e8 stata inaugurata ufficialmente e ora \u00e8 \u00e8 pronta a partire per il tour 2026\" \/>\n<meta property=\"og:url\" content=\"https:\/\/www.museofratellicozzi.com\/news\/donne-e-motori-nuovo-tour-iv-edizione-gennaio\/\" \/>\n<meta property=\"og:site_name\" content=\"eNews Museo Fratelli Cozzi\" \/>\n<meta property=\"article:published_time\" content=\"2026-01-20T15:09:32+00:00\" \/>\n<meta property=\"article:modified_time\" content=\"2026-01-30T14:58:44+00:00\" \/>\n<meta property=\"og:image\" content=\"https:\/\/www.museofratellicozzi.com\/news\/wp-content\/uploads\/2026\/01\/You-Tube-SEMPIONE-50-1.jpg\" \/>\n\t<meta property=\"og:image:width\" content=\"1920\" \/>\n\t<meta property=\"og:image:height\" content=\"1080\" \/>\n\t<meta property=\"og:image:type\" content=\"image\/jpeg\" \/>\n<meta name=\"author\" content=\"Elisabetta Cozzi\" \/>\n<meta name=\"twitter:card\" content=\"summary_large_image\" \/>\n<meta name=\"twitter:label1\" content=\"Scritto da\" \/>\n\t<meta name=\"twitter:data1\" content=\"Elisabetta Cozzi\" \/>\n\t<meta name=\"twitter:label2\" content=\"Tempo di lettura stimato\" \/>\n\t<meta name=\"twitter:data2\" content=\"5 minuti\" \/>\n<script type=\"application\/ld+json\" class=\"yoast-schema-graph\">{\"@context\":\"https:\/\/schema.org\",\"@graph\":[{\"@type\":\"Article\",\"@id\":\"https:\/\/www.museofratellicozzi.com\/news\/donne-e-motori-nuovo-tour-iv-edizione-gennaio\/#article\",\"isPartOf\":{\"@id\":\"https:\/\/www.museofratellicozzi.com\/news\/donne-e-motori-nuovo-tour-iv-edizione-gennaio\/\"},\"author\":{\"name\":\"Elisabetta Cozzi\",\"@id\":\"https:\/\/www.museofratellicozzi.com\/news\/#\/schema\/person\/3c2c242e79e59f9be7b62a0d9673e40d\"},\"headline\":\"Donne e motori nuovo tour IV edizione &#8211; Gennaio\",\"datePublished\":\"2026-01-20T15:09:32+00:00\",\"dateModified\":\"2026-01-30T14:58:44+00:00\",\"mainEntityOfPage\":{\"@id\":\"https:\/\/www.museofratellicozzi.com\/news\/donne-e-motori-nuovo-tour-iv-edizione-gennaio\/\"},\"wordCount\":3448,\"commentCount\":0,\"publisher\":{\"@id\":\"https:\/\/www.museofratellicozzi.com\/news\/#organization\"},\"image\":{\"@id\":\"https:\/\/www.museofratellicozzi.com\/news\/donne-e-motori-nuovo-tour-iv-edizione-gennaio\/#primaryimage\"},\"thumbnailUrl\":\"https:\/\/www.museofratellicozzi.com\/news\/wp-content\/uploads\/2026\/01\/You-Tube-SEMPIONE-50-1.jpg\",\"keywords\":[\"alfa romeo\",\"automotive\",\"camera di commercio\",\"camilla albertini\",\"cozzi\",\"deputati\",\"donne e motori\",\"gender gap\",\"mostra\",\"Museo Fratelli Cozzvarzi\",\"Pari opportunit\u00e0\",\"regione\",\"scuole\"],\"articleSection\":[\"Associazione\",\"Donne e Motori\",\"Empowerment femminile\"],\"inLanguage\":\"it-IT\",\"potentialAction\":[{\"@type\":\"CommentAction\",\"name\":\"Comment\",\"target\":[\"https:\/\/www.museofratellicozzi.com\/news\/donne-e-motori-nuovo-tour-iv-edizione-gennaio\/#respond\"]}]},{\"@type\":\"WebPage\",\"@id\":\"https:\/\/www.museofratellicozzi.com\/news\/donne-e-motori-nuovo-tour-iv-edizione-gennaio\/\",\"url\":\"https:\/\/www.museofratellicozzi.com\/news\/donne-e-motori-nuovo-tour-iv-edizione-gennaio\/\",\"name\":\"Donne e motori nuovo tour IV edizione - Gennaio -\",\"isPartOf\":{\"@id\":\"https:\/\/www.museofratellicozzi.com\/news\/#website\"},\"primaryImageOfPage\":{\"@id\":\"https:\/\/www.museofratellicozzi.com\/news\/donne-e-motori-nuovo-tour-iv-edizione-gennaio\/#primaryimage\"},\"image\":{\"@id\":\"https:\/\/www.museofratellicozzi.com\/news\/donne-e-motori-nuovo-tour-iv-edizione-gennaio\/#primaryimage\"},\"thumbnailUrl\":\"https:\/\/www.museofratellicozzi.com\/news\/wp-content\/uploads\/2026\/01\/You-Tube-SEMPIONE-50-1.jpg\",\"datePublished\":\"2026-01-20T15:09:32+00:00\",\"dateModified\":\"2026-01-30T14:58:44+00:00\",\"description\":\"La IV edizione di \\\"Donne e motori? Gioie e basta\\\" \u00e8 stata inaugurata ufficialmente e ora \u00e8 \u00e8 pronta a partire per il tour 2026\",\"breadcrumb\":{\"@id\":\"https:\/\/www.museofratellicozzi.com\/news\/donne-e-motori-nuovo-tour-iv-edizione-gennaio\/#breadcrumb\"},\"inLanguage\":\"it-IT\",\"potentialAction\":[{\"@type\":\"ReadAction\",\"target\":[\"https:\/\/www.museofratellicozzi.com\/news\/donne-e-motori-nuovo-tour-iv-edizione-gennaio\/\"]}]},{\"@type\":\"ImageObject\",\"inLanguage\":\"it-IT\",\"@id\":\"https:\/\/www.museofratellicozzi.com\/news\/donne-e-motori-nuovo-tour-iv-edizione-gennaio\/#primaryimage\",\"url\":\"https:\/\/www.museofratellicozzi.com\/news\/wp-content\/uploads\/2026\/01\/You-Tube-SEMPIONE-50-1.jpg\",\"contentUrl\":\"https:\/\/www.museofratellicozzi.com\/news\/wp-content\/uploads\/2026\/01\/You-Tube-SEMPIONE-50-1.jpg\",\"width\":1920,\"height\":1080},{\"@type\":\"BreadcrumbList\",\"@id\":\"https:\/\/www.museofratellicozzi.com\/news\/donne-e-motori-nuovo-tour-iv-edizione-gennaio\/#breadcrumb\",\"itemListElement\":[{\"@type\":\"ListItem\",\"position\":1,\"name\":\"Home\",\"item\":\"https:\/\/www.museofratellicozzi.com\/news\/\"},{\"@type\":\"ListItem\",\"position\":2,\"name\":\"Donne e motori nuovo tour IV edizione &#8211; Gennaio\"}]},{\"@type\":\"WebSite\",\"@id\":\"https:\/\/www.museofratellicozzi.com\/news\/#website\",\"url\":\"https:\/\/www.museofratellicozzi.com\/news\/\",\"name\":\"eNews Museo Fratelli Cozzi\",\"description\":\"Alfa Romeo: un mito che resiste al tempo\",\"publisher\":{\"@id\":\"https:\/\/www.museofratellicozzi.com\/news\/#organization\"},\"potentialAction\":[{\"@type\":\"SearchAction\",\"target\":{\"@type\":\"EntryPoint\",\"urlTemplate\":\"https:\/\/www.museofratellicozzi.com\/news\/?s={search_term_string}\"},\"query-input\":{\"@type\":\"PropertyValueSpecification\",\"valueRequired\":true,\"valueName\":\"search_term_string\"}}],\"inLanguage\":\"it-IT\"},{\"@type\":\"Organization\",\"@id\":\"https:\/\/www.museofratellicozzi.com\/news\/#organization\",\"name\":\"Museo Fratelli Cozzi\",\"url\":\"https:\/\/www.museofratellicozzi.com\/news\/\",\"logo\":{\"@type\":\"ImageObject\",\"inLanguage\":\"it-IT\",\"@id\":\"https:\/\/www.museofratellicozzi.com\/news\/#\/schema\/logo\/image\/\",\"url\":\"https:\/\/www.museofratellicozzi.com\/news\/wp-content\/uploads\/2017\/04\/home.png\",\"contentUrl\":\"https:\/\/www.museofratellicozzi.com\/news\/wp-content\/uploads\/2017\/04\/home.png\",\"width\":497,\"height\":512,\"caption\":\"Museo Fratelli Cozzi\"},\"image\":{\"@id\":\"https:\/\/www.museofratellicozzi.com\/news\/#\/schema\/logo\/image\/\"}},{\"@type\":\"Person\",\"@id\":\"https:\/\/www.museofratellicozzi.com\/news\/#\/schema\/person\/3c2c242e79e59f9be7b62a0d9673e40d\",\"name\":\"Elisabetta Cozzi\",\"image\":{\"@type\":\"ImageObject\",\"inLanguage\":\"it-IT\",\"@id\":\"https:\/\/www.museofratellicozzi.com\/news\/#\/schema\/person\/image\/\",\"url\":\"https:\/\/secure.gravatar.com\/avatar\/a761e7642145a4506dbd3685a69db0fc?s=96&d=mm&r=g\",\"contentUrl\":\"https:\/\/secure.gravatar.com\/avatar\/a761e7642145a4506dbd3685a69db0fc?s=96&d=mm&r=g\",\"caption\":\"Elisabetta Cozzi\"}}]}<\/script>\n<!-- \/ Yoast SEO plugin. -->","yoast_head_json":{"title":"Donne e motori nuovo tour IV edizione - Gennaio -","description":"La IV edizione di \"Donne e motori? Gioie e basta\" \u00e8 stata inaugurata ufficialmente e ora \u00e8 \u00e8 pronta a partire per il tour 2026","robots":{"index":"index","follow":"follow","max-snippet":"max-snippet:-1","max-image-preview":"max-image-preview:large","max-video-preview":"max-video-preview:-1"},"canonical":"https:\/\/www.museofratellicozzi.com\/news\/donne-e-motori-nuovo-tour-iv-edizione-gennaio\/","og_locale":"it_IT","og_type":"article","og_title":"Donne e motori nuovo tour IV edizione - Gennaio -","og_description":"La IV edizione di \"Donne e motori? Gioie e basta\" \u00e8 stata inaugurata ufficialmente e ora \u00e8 \u00e8 pronta a partire per il tour 2026","og_url":"https:\/\/www.museofratellicozzi.com\/news\/donne-e-motori-nuovo-tour-iv-edizione-gennaio\/","og_site_name":"eNews Museo Fratelli Cozzi","article_published_time":"2026-01-20T15:09:32+00:00","article_modified_time":"2026-01-30T14:58:44+00:00","og_image":[{"width":1920,"height":1080,"url":"https:\/\/www.museofratellicozzi.com\/news\/wp-content\/uploads\/2026\/01\/You-Tube-SEMPIONE-50-1.jpg","type":"image\/jpeg"}],"author":"Elisabetta Cozzi","twitter_card":"summary_large_image","twitter_misc":{"Scritto da":"Elisabetta Cozzi","Tempo di lettura stimato":"5 minuti"},"schema":{"@context":"https:\/\/schema.org","@graph":[{"@type":"Article","@id":"https:\/\/www.museofratellicozzi.com\/news\/donne-e-motori-nuovo-tour-iv-edizione-gennaio\/#article","isPartOf":{"@id":"https:\/\/www.museofratellicozzi.com\/news\/donne-e-motori-nuovo-tour-iv-edizione-gennaio\/"},"author":{"name":"Elisabetta Cozzi","@id":"https:\/\/www.museofratellicozzi.com\/news\/#\/schema\/person\/3c2c242e79e59f9be7b62a0d9673e40d"},"headline":"Donne e motori nuovo tour IV edizione &#8211; Gennaio","datePublished":"2026-01-20T15:09:32+00:00","dateModified":"2026-01-30T14:58:44+00:00","mainEntityOfPage":{"@id":"https:\/\/www.museofratellicozzi.com\/news\/donne-e-motori-nuovo-tour-iv-edizione-gennaio\/"},"wordCount":3448,"commentCount":0,"publisher":{"@id":"https:\/\/www.museofratellicozzi.com\/news\/#organization"},"image":{"@id":"https:\/\/www.museofratellicozzi.com\/news\/donne-e-motori-nuovo-tour-iv-edizione-gennaio\/#primaryimage"},"thumbnailUrl":"https:\/\/www.museofratellicozzi.com\/news\/wp-content\/uploads\/2026\/01\/You-Tube-SEMPIONE-50-1.jpg","keywords":["alfa romeo","automotive","camera di commercio","camilla albertini","cozzi","deputati","donne e motori","gender gap","mostra","Museo Fratelli Cozzvarzi","Pari opportunit\u00e0","regione","scuole"],"articleSection":["Associazione","Donne e Motori","Empowerment femminile"],"inLanguage":"it-IT","potentialAction":[{"@type":"CommentAction","name":"Comment","target":["https:\/\/www.museofratellicozzi.com\/news\/donne-e-motori-nuovo-tour-iv-edizione-gennaio\/#respond"]}]},{"@type":"WebPage","@id":"https:\/\/www.museofratellicozzi.com\/news\/donne-e-motori-nuovo-tour-iv-edizione-gennaio\/","url":"https:\/\/www.museofratellicozzi.com\/news\/donne-e-motori-nuovo-tour-iv-edizione-gennaio\/","name":"Donne e motori nuovo tour IV edizione - Gennaio -","isPartOf":{"@id":"https:\/\/www.museofratellicozzi.com\/news\/#website"},"primaryImageOfPage":{"@id":"https:\/\/www.museofratellicozzi.com\/news\/donne-e-motori-nuovo-tour-iv-edizione-gennaio\/#primaryimage"},"image":{"@id":"https:\/\/www.museofratellicozzi.com\/news\/donne-e-motori-nuovo-tour-iv-edizione-gennaio\/#primaryimage"},"thumbnailUrl":"https:\/\/www.museofratellicozzi.com\/news\/wp-content\/uploads\/2026\/01\/You-Tube-SEMPIONE-50-1.jpg","datePublished":"2026-01-20T15:09:32+00:00","dateModified":"2026-01-30T14:58:44+00:00","description":"La IV edizione di \"Donne e motori? Gioie e basta\" \u00e8 stata inaugurata ufficialmente e ora \u00e8 \u00e8 pronta a partire per il tour 2026","breadcrumb":{"@id":"https:\/\/www.museofratellicozzi.com\/news\/donne-e-motori-nuovo-tour-iv-edizione-gennaio\/#breadcrumb"},"inLanguage":"it-IT","potentialAction":[{"@type":"ReadAction","target":["https:\/\/www.museofratellicozzi.com\/news\/donne-e-motori-nuovo-tour-iv-edizione-gennaio\/"]}]},{"@type":"ImageObject","inLanguage":"it-IT","@id":"https:\/\/www.museofratellicozzi.com\/news\/donne-e-motori-nuovo-tour-iv-edizione-gennaio\/#primaryimage","url":"https:\/\/www.museofratellicozzi.com\/news\/wp-content\/uploads\/2026\/01\/You-Tube-SEMPIONE-50-1.jpg","contentUrl":"https:\/\/www.museofratellicozzi.com\/news\/wp-content\/uploads\/2026\/01\/You-Tube-SEMPIONE-50-1.jpg","width":1920,"height":1080},{"@type":"BreadcrumbList","@id":"https:\/\/www.museofratellicozzi.com\/news\/donne-e-motori-nuovo-tour-iv-edizione-gennaio\/#breadcrumb","itemListElement":[{"@type":"ListItem","position":1,"name":"Home","item":"https:\/\/www.museofratellicozzi.com\/news\/"},{"@type":"ListItem","position":2,"name":"Donne e motori nuovo tour IV edizione &#8211; Gennaio"}]},{"@type":"WebSite","@id":"https:\/\/www.museofratellicozzi.com\/news\/#website","url":"https:\/\/www.museofratellicozzi.com\/news\/","name":"eNews Museo Fratelli Cozzi","description":"Alfa Romeo: un mito che resiste al tempo","publisher":{"@id":"https:\/\/www.museofratellicozzi.com\/news\/#organization"},"potentialAction":[{"@type":"SearchAction","target":{"@type":"EntryPoint","urlTemplate":"https:\/\/www.museofratellicozzi.com\/news\/?s={search_term_string}"},"query-input":{"@type":"PropertyValueSpecification","valueRequired":true,"valueName":"search_term_string"}}],"inLanguage":"it-IT"},{"@type":"Organization","@id":"https:\/\/www.museofratellicozzi.com\/news\/#organization","name":"Museo Fratelli Cozzi","url":"https:\/\/www.museofratellicozzi.com\/news\/","logo":{"@type":"ImageObject","inLanguage":"it-IT","@id":"https:\/\/www.museofratellicozzi.com\/news\/#\/schema\/logo\/image\/","url":"https:\/\/www.museofratellicozzi.com\/news\/wp-content\/uploads\/2017\/04\/home.png","contentUrl":"https:\/\/www.museofratellicozzi.com\/news\/wp-content\/uploads\/2017\/04\/home.png","width":497,"height":512,"caption":"Museo Fratelli Cozzi"},"image":{"@id":"https:\/\/www.museofratellicozzi.com\/news\/#\/schema\/logo\/image\/"}},{"@type":"Person","@id":"https:\/\/www.museofratellicozzi.com\/news\/#\/schema\/person\/3c2c242e79e59f9be7b62a0d9673e40d","name":"Elisabetta Cozzi","image":{"@type":"ImageObject","inLanguage":"it-IT","@id":"https:\/\/www.museofratellicozzi.com\/news\/#\/schema\/person\/image\/","url":"https:\/\/secure.gravatar.com\/avatar\/a761e7642145a4506dbd3685a69db0fc?s=96&d=mm&r=g","contentUrl":"https:\/\/secure.gravatar.com\/avatar\/a761e7642145a4506dbd3685a69db0fc?s=96&d=mm&r=g","caption":"Elisabetta Cozzi"}}]}},"jetpack_featured_media_url":"https:\/\/www.museofratellicozzi.com\/news\/wp-content\/uploads\/2026\/01\/You-Tube-SEMPIONE-50-1.jpg","jetpack_shortlink":"https:\/\/wp.me\/p90Eth-6vf","jetpack_sharing_enabled":true,"post_mailing_queue_ids":[],"_links":{"self":[{"href":"https:\/\/www.museofratellicozzi.com\/news\/wp-json\/wp\/v2\/posts\/25001","targetHints":{"allow":["GET"]}}],"collection":[{"href":"https:\/\/www.museofratellicozzi.com\/news\/wp-json\/wp\/v2\/posts"}],"about":[{"href":"https:\/\/www.museofratellicozzi.com\/news\/wp-json\/wp\/v2\/types\/post"}],"author":[{"embeddable":true,"href":"https:\/\/www.museofratellicozzi.com\/news\/wp-json\/wp\/v2\/users\/7"}],"replies":[{"embeddable":true,"href":"https:\/\/www.museofratellicozzi.com\/news\/wp-json\/wp\/v2\/comments?post=25001"}],"version-history":[{"count":21,"href":"https:\/\/www.museofratellicozzi.com\/news\/wp-json\/wp\/v2\/posts\/25001\/revisions"}],"predecessor-version":[{"id":25231,"href":"https:\/\/www.museofratellicozzi.com\/news\/wp-json\/wp\/v2\/posts\/25001\/revisions\/25231"}],"wp:featuredmedia":[{"embeddable":true,"href":"https:\/\/www.museofratellicozzi.com\/news\/wp-json\/wp\/v2\/media\/25093"}],"wp:attachment":[{"href":"https:\/\/www.museofratellicozzi.com\/news\/wp-json\/wp\/v2\/media?parent=25001"}],"wp:term":[{"taxonomy":"category","embeddable":true,"href":"https:\/\/www.museofratellicozzi.com\/news\/wp-json\/wp\/v2\/categories?post=25001"},{"taxonomy":"post_tag","embeddable":true,"href":"https:\/\/www.museofratellicozzi.com\/news\/wp-json\/wp\/v2\/tags?post=25001"}],"curies":[{"name":"wp","href":"https:\/\/api.w.org\/{rel}","templated":true}]}}