{"id":25024,"date":"2026-01-26T16:45:18","date_gmt":"2026-01-26T15:45:18","guid":{"rendered":"https:\/\/www.museofratellicozzi.com\/news\/?p=25024"},"modified":"2026-01-28T22:49:35","modified_gmt":"2026-01-28T21:49:35","slug":"donne-e-motori-gioie-e-basta-barbazza-donelli","status":"publish","type":"post","link":"https:\/\/www.museofratellicozzi.com\/news\/donne-e-motori-gioie-e-basta-barbazza-donelli\/","title":{"rendered":"&#8220;Donne e motori? Gioie e basta&#8221; Barbazza e Donelli"},"content":{"rendered":"<p>[et_pb_section fb_built=&#8221;1&#8243; admin_label=&#8221;Sezione&#8221; _builder_version=&#8221;4.8.2&#8243; custom_padding=&#8221;0px|||&#8221; transparent_background=&#8221;off&#8221; make_fullwidth=&#8221;off&#8221; use_custom_width=&#8221;off&#8221; width_unit=&#8221;on&#8221; custom_width_px=&#8221;1080&#8243; custom_width_percent=&#8221;80&#8243;][et_pb_row use_custom_gutter=&#8221;on&#8221; gutter_width=&#8221;1&#8243; disabled_on=&#8221;off|off|off&#8221; admin_label=&#8221;Riga&#8221; module_class=&#8221; et_pb_row_fullwidth&#8221; _builder_version=&#8221;3.25&#8243; background_size=&#8221;initial&#8221; background_position=&#8221;top_left&#8221; background_repeat=&#8221;repeat&#8221; width=&#8221;100%&#8221; width_tablet=&#8221;100%&#8221; width_phone=&#8221;&#8221; width_last_edited=&#8221;on|desktop&#8221; max_width=&#8221;100%&#8221; max_width_tablet=&#8221;100%&#8221; max_width_phone=&#8221;&#8221; max_width_last_edited=&#8221;on|desktop&#8221; custom_padding=&#8221;0px|||&#8221; make_fullwidth=&#8221;on&#8221; use_custom_width=&#8221;off&#8221; width_unit=&#8221;on&#8221; custom_width_px=&#8221;1080&#8243; custom_width_percent=&#8221;80&#8243;][et_pb_column type=&#8221;4_4&#8243; _builder_version=&#8221;3.25&#8243; custom_padding=&#8221;|||&#8221; custom_padding__hover=&#8221;|||&#8221;][et_pb_image src=&#8221;https:\/\/www.museofratellicozzi.com\/news\/wp-content\/uploads\/2025\/11\/MUSEO-slide-foto-2025-11-18T181048.558.jpg&#8221; title_text=&#8221;Paola Barbazza e Luca Donelli&#8221; force_fullwidth=&#8221;on&#8221; align_tablet=&#8221;center&#8221; align_phone=&#8221;&#8221; align_last_edited=&#8221;on|desktop&#8221; admin_label=&#8221;Immagine principale&#8221; _builder_version=&#8221;4.8.2&#8243; animation=&#8221;off&#8221; sticky=&#8221;off&#8221; use_border_color=&#8221;off&#8221; border_color=&#8221;#ffffff&#8221; border_width=&#8221;1&#8243; border_style=&#8221;solid&#8221; always_center_on_mobile=&#8221;on&#8221;][\/et_pb_image][\/et_pb_column][\/et_pb_row][et_pb_row admin_label=&#8221;Riga&#8221; _builder_version=&#8221;4.8.2&#8243; background_size=&#8221;initial&#8221; background_position=&#8221;top_left&#8221; background_repeat=&#8221;repeat&#8221; custom_padding=&#8221;20px||0px|&#8221; make_fullwidth=&#8221;off&#8221; use_custom_width=&#8221;off&#8221; width_unit=&#8221;on&#8221; custom_width_px=&#8221;1080&#8243; custom_width_percent=&#8221;80&#8243;][et_pb_column type=&#8221;4_4&#8243; _builder_version=&#8221;3.25&#8243; custom_padding=&#8221;|||&#8221; custom_padding__hover=&#8221;|||&#8221;][et_pb_text admin_label=&#8221;Titolo&#8221; _builder_version=&#8221;4.8.2&#8243; text_font=&#8221;PT Sans||||&#8221; text_text_color=&#8221;#000000&#8243; text_font_size=&#8221;60px&#8221; text_letter_spacing=&#8221;0&#8243; text_line_height=&#8221;1.1&#8243; header_font=&#8221;PT Sans||||&#8221; header_text_color=&#8221;#000000&#8243; header_font_size=&#8221;48&#8243; header_letter_spacing=&#8221;0&#8243; header_line_height=&#8221;1.1em&#8221; background_size=&#8221;initial&#8221; background_position=&#8221;top_left&#8221; background_repeat=&#8221;repeat&#8221; custom_margin=&#8221;0px||0px|&#8221; text_font_size_tablet=&#8221;60&#8243; text_font_size_phone=&#8221;&#8221; text_font_size_last_edited=&#8221;on|phone&#8221; text_letter_spacing_tablet=&#8221;&#8221; text_letter_spacing_phone=&#8221;&#8221; text_letter_spacing_last_edited=&#8221;on|desktop&#8221; text_line_height_tablet=&#8221;&#8221; text_line_height_phone=&#8221;&#8221; text_line_height_last_edited=&#8221;on|&#8221; header_font_size_tablet=&#8221;46&#8243; header_font_size_phone=&#8221;38px&#8221; header_font_size_last_edited=&#8221;on|phone&#8221; use_border_color=&#8221;off&#8221; border_color=&#8221;#ffffff&#8221; border_width=&#8221;1&#8243; border_style=&#8221;solid&#8221;]<\/p>\n<p><span style=\"color: #800000;\">Donne e motori? Gioie e basta<\/span><\/p>\n<p>[\/et_pb_text][et_pb_text admin_label=&#8221;Titolo&#8221; _builder_version=&#8221;4.8.2&#8243; text_font=&#8221;PT Sans||||&#8221; text_text_color=&#8221;#000000&#8243; text_font_size=&#8221;60px&#8221; text_letter_spacing=&#8221;0&#8243; text_line_height=&#8221;1.1&#8243; header_font=&#8221;PT Sans||||&#8221; header_text_color=&#8221;#000000&#8243; header_font_size=&#8221;48&#8243; header_letter_spacing=&#8221;0&#8243; header_line_height=&#8221;1.1em&#8221; background_size=&#8221;initial&#8221; background_position=&#8221;top_left&#8221; background_repeat=&#8221;repeat&#8221; custom_margin=&#8221;0px||0px|&#8221; text_font_size_tablet=&#8221;60&#8243; text_font_size_phone=&#8221;&#8221; text_font_size_last_edited=&#8221;on|phone&#8221; text_letter_spacing_tablet=&#8221;&#8221; text_letter_spacing_phone=&#8221;&#8221; text_letter_spacing_last_edited=&#8221;on|desktop&#8221; text_line_height_tablet=&#8221;&#8221; text_line_height_phone=&#8221;&#8221; text_line_height_last_edited=&#8221;on|&#8221; header_font_size_tablet=&#8221;46&#8243; header_font_size_phone=&#8221;38px&#8221; header_font_size_last_edited=&#8221;on|phone&#8221; use_border_color=&#8221;off&#8221; border_color=&#8221;#ffffff&#8221; border_width=&#8221;1&#8243; border_style=&#8221;solid&#8221;]<\/p>\n<p><span data-contrast=\"none\" xml:lang=\"IT-IT\" lang=\"IT-IT\" class=\"TextRun SCXW140801858 BCX0\"><span class=\"NormalTextRun SCXW140801858 BCX0\" data-ccp-parastyle=\"heading 2\">\u202fTrasformare le sfide in crescita, sempre<\/span><\/span><span class=\"EOP SCXW140801858 BCX0\" data-ccp-props=\"{&quot;134245418&quot;:true,&quot;134245529&quot;:true,&quot;335559738&quot;:0,&quot;335559739&quot;:0}\">\u00a0<\/span><\/p>\n<p>[\/et_pb_text][et_pb_text admin_label=&#8221;Data&#8221; _builder_version=&#8221;4.8.2&#8243; text_font=&#8221;PT Sans|on|||&#8221; text_text_color=&#8221;#363636&#8243; text_font_size=&#8221;18&#8243; text_letter_spacing=&#8221;0&#8243; text_line_height=&#8221;1.7&#8243; header_font_size=&#8221;30&#8243; header_letter_spacing=&#8221;0&#8243; header_line_height=&#8221;1&#8243; background_size=&#8221;initial&#8221; background_position=&#8221;top_left&#8221; background_repeat=&#8221;repeat&#8221; custom_margin=&#8221;10px||0px|&#8221; custom_padding=&#8221;||0px|||&#8221; use_border_color=&#8221;off&#8221; border_color=&#8221;#ffffff&#8221; border_width=&#8221;1&#8243; border_style=&#8221;solid&#8221;]<\/p>\n<p>Gennaio 2026<\/p>\n<p>[\/et_pb_text][\/et_pb_column][\/et_pb_row][\/et_pb_section][et_pb_section fb_built=&#8221;1&#8243; admin_label=&#8221;Section&#8221; _builder_version=&#8221;4.8.2&#8243; background_color=&#8221;#f7f7f4&#8243; transparent_background=&#8221;off&#8221; make_fullwidth=&#8221;off&#8221; use_custom_width=&#8221;off&#8221; width_unit=&#8221;on&#8221; custom_width_px=&#8221;1080&#8243; custom_width_percent=&#8221;80&#8243; collapsed=&#8221;off&#8221;][et_pb_row column_structure=&#8221;1_3,2_3&#8243; padding_mobile=&#8221;on&#8221; column_padding_mobile=&#8221;on&#8221; admin_label=&#8221;row&#8221; _builder_version=&#8221;4.8.2&#8243; background_size=&#8221;initial&#8221; background_position=&#8221;top_left&#8221; background_repeat=&#8221;repeat&#8221; custom_margin=&#8221;10px||||false|false&#8221; custom_padding=&#8221;0px|||&#8221; make_fullwidth=&#8221;off&#8221; use_custom_width=&#8221;off&#8221; width_unit=&#8221;on&#8221; custom_width_px=&#8221;1080&#8243; custom_width_percent=&#8221;80&#8243;][et_pb_column type=&#8221;1_3&#8243; _builder_version=&#8221;3.25&#8243; custom_padding=&#8221;|||&#8221; custom_padding__hover=&#8221;|||&#8221;][et_pb_testimonial portrait_url=&#8221;https:\/\/www.museofratellicozzi.com\/news\/wp-content\/uploads\/2025\/01\/Foto-bio-redazione-MUSEO-1.png&#8221; _builder_version=&#8221;4.8.2&#8243; _module_preset=&#8221;default&#8221; box_shadow_style_image=&#8221;preset1&#8243;]<\/p>\n<h4><span>RITA PAPARELLA<\/span><\/h4>\n<p><span>Ingegnere nucleare, PhD in fisica delle particelle. Giornalista pubblicista e consulente tecnico in progetti industriali di innovazione e R&amp;D<\/span><\/p>\n<p>[\/et_pb_testimonial][\/et_pb_column][et_pb_column type=&#8221;2_3&#8243; _builder_version=&#8221;3.25&#8243; custom_padding=&#8221;|||&#8221; custom_padding__hover=&#8221;|||&#8221;][et_pb_text admin_label=&#8221;Blocco testo 1&#8243; _builder_version=&#8221;4.8.2&#8243; text_font=&#8221;PT Sans||||&#8221; text_text_color=&#8221;#363636&#8243; text_font_size=&#8221;20&#8243; text_letter_spacing=&#8221;0&#8243; text_line_height=&#8221;1.2em&#8221; header_font_size=&#8221;30&#8243; header_letter_spacing=&#8221;0&#8243; header_line_height=&#8221;1&#8243; background_size=&#8221;initial&#8221; background_position=&#8221;top_left&#8221; background_repeat=&#8221;repeat&#8221; max_width=&#8221;620px&#8221; custom_margin=&#8221;0px||0px||false|false&#8221; custom_padding=&#8221;||0px|||&#8221; text_font_size_tablet=&#8221;&#8221; text_font_size_phone=&#8221;&#8221; text_font_size_last_edited=&#8221;on|tablet&#8221; use_border_color=&#8221;off&#8221; border_color=&#8221;#ffffff&#8221; border_width=&#8221;1&#8243; border_style=&#8221;solid&#8221;]<\/p>\n<p><b><span data-contrast=\"auto\">Se \u00e8 la tua prima volta qui, benvenuta\/benvenuto!<\/span><\/b><span data-contrast=\"auto\">\u00a0<\/span><span data-ccp-props=\"{&quot;335551550&quot;:6,&quot;335551620&quot;:6,&quot;335559739&quot;:0}\">\u00a0<\/span><\/p>\n<p><span data-contrast=\"auto\">Con il progetto <strong><span style=\"color: #800000;\"><a href=\"https:\/\/www.museofratellicozzi.com\/news\/donne-e-motori-gioie-e-basta-4-edizione-le-protagoniste\/\" target=\"_blank\" rel=\"noopener noreferrer\" style=\"color: #800000;\"><em>Donne e Motori? Gioie e basta<\/em><\/a><\/span><\/strong>\u00a0Il Museo Fratelli Cozzi ribalta gli stereotipi:<strong>\u00a0<\/strong><\/span><strong>20 donne, 20 storie di forza<\/strong><b><span data-contrast=\"auto\">\u00a0<\/span><\/b><span data-contrast=\"auto\">catturate dall&#8217;obiettivo di\u00a0<\/span><strong>Camilla Albertini<\/strong><span data-contrast=\"auto\">. La quarta edizione compie un passo oltre. Ogni testimonial sceglie il suo\u00a0<\/span><strong>alleato al maschile<\/strong><span data-contrast=\"auto\">: chi sostiene davvero la parit\u00e0 nel proprio percorso professionale. Il dettaglio che colpisce? Non tutte lo hanno ancora trovato.<\/span><span data-ccp-props=\"{&quot;335551550&quot;:6,&quot;335551620&quot;:6,&quot;335559739&quot;:0}\">\u00a0<\/span><\/p>\n<p><span data-contrast=\"auto\">La parit\u00e0 non \u00e8 una battaglia solitaria. \u00c8 una responsabilit\u00e0 condivisa che ridefinisce il progresso di tutti.<\/span><span data-ccp-props=\"{&quot;335551550&quot;:6,&quot;335551620&quot;:6,&quot;335559739&quot;:0}\">\u00a0<\/span><\/p>\n<p><span data-contrast=\"auto\">Segui questo viaggio tra presenze e attese. Alcune storie ti sorprenderanno.<\/span><span data-ccp-props=\"{&quot;335551550&quot;:6,&quot;335551620&quot;:6,&quot;335559739&quot;:0}\">\u00a0<\/span><\/p>\n<p>[\/et_pb_text][\/et_pb_column][\/et_pb_row][et_pb_row column_structure=&#8221;1_2,1_2&#8243; _builder_version=&#8221;4.8.2&#8243; _module_preset=&#8221;default&#8221;][et_pb_column type=&#8221;1_2&#8243; _builder_version=&#8221;4.8.2&#8243; _module_preset=&#8221;default&#8221;][et_pb_image src=&#8221;https:\/\/www.museofratellicozzi.com\/news\/wp-content\/uploads\/2026\/01\/Foto-Paparella-91.png&#8221; title_text=&#8221;Paola Barbazza&#8221; _builder_version=&#8221;4.8.2&#8243; _module_preset=&#8221;default&#8221;][\/et_pb_image][et_pb_text _builder_version=&#8221;4.8.2&#8243; _module_preset=&#8221;default&#8221;]<\/p>\n<p>Paola Barbazza<\/p>\n<p>[\/et_pb_text][\/et_pb_column][et_pb_column type=&#8221;1_2&#8243; _builder_version=&#8221;4.8.2&#8243; _module_preset=&#8221;default&#8221;][et_pb_image src=&#8221;https:\/\/www.museofratellicozzi.com\/news\/wp-content\/uploads\/2026\/01\/Foto-Paparella-99.png&#8221; title_text=&#8221;Luca Donelli&#8221; _builder_version=&#8221;4.8.2&#8243; _module_preset=&#8221;default&#8221;][\/et_pb_image][et_pb_text _builder_version=&#8221;4.8.2&#8243; _module_preset=&#8221;default&#8221;]<\/p>\n<p>Luca Donelli<\/p>\n<p>[\/et_pb_text][\/et_pb_column][\/et_pb_row][et_pb_row column_structure=&#8221;1_2,1_2&#8243; padding_mobile=&#8221;on&#8221; column_padding_mobile=&#8221;on&#8221; admin_label=&#8221;row&#8221; _builder_version=&#8221;4.8.2&#8243; background_size=&#8221;initial&#8221; background_position=&#8221;top_left&#8221; background_repeat=&#8221;repeat&#8221; custom_margin=&#8221;10px||||false|false&#8221; custom_padding=&#8221;0px|||&#8221; make_fullwidth=&#8221;off&#8221; use_custom_width=&#8221;off&#8221; width_unit=&#8221;on&#8221; custom_width_px=&#8221;1080&#8243; custom_width_percent=&#8221;80&#8243;][et_pb_column type=&#8221;1_2&#8243; _builder_version=&#8221;3.25&#8243; custom_padding=&#8221;|||&#8221; custom_padding__hover=&#8221;|||&#8221;][et_pb_text admin_label=&#8221;Blocco testo 1&#8243; _builder_version=&#8221;4.8.2&#8243; text_font=&#8221;PT Sans||||||||&#8221; text_text_color=&#8221;#363636&#8243; text_font_size=&#8221;20&#8243; text_letter_spacing=&#8221;0&#8243; text_line_height=&#8221;1.2em&#8221; header_font_size=&#8221;30&#8243; header_letter_spacing=&#8221;0&#8243; header_line_height=&#8221;1&#8243; background_size=&#8221;initial&#8221; background_position=&#8221;top_left&#8221; background_repeat=&#8221;repeat&#8221; max_width=&#8221;620px&#8221; custom_margin=&#8221;0px||0px||false|false&#8221; custom_padding=&#8221;||0px|||&#8221; text_font_size_tablet=&#8221;&#8221; text_font_size_phone=&#8221;&#8221; text_font_size_last_edited=&#8221;on|tablet&#8221; use_border_color=&#8221;off&#8221; border_color=&#8221;#ffffff&#8221; border_width=&#8221;1&#8243; border_style=&#8221;solid&#8221;]<\/p>\n<h3><span style=\"color: #800000;\"><b>Paola Barbazza<\/b>\u00a0<\/span><\/h3>\n<p><em><span data-contrast=\"auto\" xml:lang=\"IT-IT\" lang=\"IT-IT\" class=\"TextRun SCXW81270623 BCX0\"><span class=\"NormalTextRun SCXW81270623 BCX0\">PCFO Magazzini Generali della Brianza Spa \u2013 Presidente Commissione Pari Opportunit\u00e0 Comune Legnano<\/span><\/span><span class=\"EOP SCXW81270623 BCX0\" data-ccp-props=\"{&quot;335559739&quot;:0}\">\u00a0<\/span><\/em><\/p>\n<p><span data-contrast=\"auto\">Manager e presidente della Commissione Pari Opportunit\u00e0 di Legnano, racconta un percorso costruito con determinazione, resilienza e visione. <\/span><\/p>\n<p><span data-contrast=\"auto\">Dalla rinascita dell\u2019azienda familiare alla politica, supera sfide e stereotipi grazie anche al sostegno di uomini che hanno creduto in lei senza distinzioni di genere. Una storia di coraggio che si impara e si trasmette.<\/span><span data-ccp-props=\"{&quot;335551550&quot;:6,&quot;335551620&quot;:6}\">\u00a0<\/span><\/p>\n<p><strong><\/strong><\/p>\n<p>[\/et_pb_text][\/et_pb_column][et_pb_column type=&#8221;1_2&#8243; _builder_version=&#8221;4.8.2&#8243; _module_preset=&#8221;default&#8221;][et_pb_text admin_label=&#8221;Blocco testo 1&#8243; _builder_version=&#8221;4.8.2&#8243; text_font=&#8221;PT Sans||||||||&#8221; text_text_color=&#8221;#363636&#8243; text_font_size=&#8221;20&#8243; text_letter_spacing=&#8221;0&#8243; text_line_height=&#8221;1.2em&#8221; header_font_size=&#8221;30&#8243; header_letter_spacing=&#8221;0&#8243; header_line_height=&#8221;1&#8243; background_size=&#8221;initial&#8221; background_position=&#8221;top_left&#8221; background_repeat=&#8221;repeat&#8221; max_width=&#8221;620px&#8221; custom_margin=&#8221;0px||0px||false|false&#8221; custom_padding=&#8221;||0px|||&#8221; text_font_size_tablet=&#8221;&#8221; text_font_size_phone=&#8221;&#8221; text_font_size_last_edited=&#8221;on|tablet&#8221; use_border_color=&#8221;off&#8221; border_color=&#8221;#ffffff&#8221; border_width=&#8221;1&#8243; border_style=&#8221;solid&#8221;]<\/p>\n<h3><span style=\"color: #800000;\">Luca Donelli<\/span><\/h3>\n<p><em><span data-contrast=\"auto\" xml:lang=\"IT-IT\" lang=\"IT-IT\" class=\"TextRun SCXW240709748 BCX0\"><span class=\"NormalTextRun SCXW240709748 BCX0\">Market Dev. Manager at Donelli \u2013 VP Confindustria Varese<\/span><\/span><span class=\"EOP SCXW240709748 BCX0\" data-ccp-props=\"{&quot;201341983&quot;:0,&quot;335551550&quot;:6,&quot;335551620&quot;:6,&quot;335559739&quot;:0,&quot;335559740&quot;:240}\">\u00a0<\/span><\/em><\/p>\n<p>Market Dev. Manager at Donelli e VP Confindustria Varese, \u00e8 un leader capace di unire dedizione, visione internazionale ed empatia. Valorizza con convinzione i talenti femminili, promuove inclusione anche in settori tradizionali e crede in una leadership condivisa, dove equilibrio e ascolto guidano la crescita.<\/p>\n<p>La sua alleanza con Paola incarna lo spirito di He4She: camminare fianco a fianco per generare cambiamento reale.<\/p>\n<p>[\/et_pb_text][\/et_pb_column][\/et_pb_row][et_pb_row _builder_version=&#8221;4.8.2&#8243; _module_preset=&#8221;default&#8221;][et_pb_column type=&#8221;4_4&#8243; _builder_version=&#8221;4.8.2&#8243; _module_preset=&#8221;default&#8221;][et_pb_image src=&#8221;https:\/\/www.museofratellicozzi.com\/news\/wp-content\/uploads\/2026\/01\/Blu-Giallo-Nero-Compleanno-Foto-Collage-1.png&#8221; title_text=&#8221;Blu Giallo Nero Compleanno Foto Collage (1)&#8221; _builder_version=&#8221;4.8.2&#8243; _module_preset=&#8221;default&#8221;][\/et_pb_image][et_pb_text _builder_version=&#8221;4.8.2&#8243; _module_preset=&#8221;default&#8221;]<\/p>\n<p>Paola Barbazza con la Commissione Femminile Pari Opportunit\u00e0, il Sindaco di Legnano Lorenzo Radicee l&#8217;assessora Ilaria Maffei<\/p>\n<p>[\/et_pb_text][\/et_pb_column][\/et_pb_row][et_pb_row column_structure=&#8221;1_3,2_3&#8243; padding_mobile=&#8221;on&#8221; column_padding_mobile=&#8221;on&#8221; admin_label=&#8221;row&#8221; _builder_version=&#8221;4.8.2&#8243; background_size=&#8221;initial&#8221; background_position=&#8221;top_left&#8221; background_repeat=&#8221;repeat&#8221; custom_margin=&#8221;10px||||false|false&#8221; custom_padding=&#8221;0px|||&#8221; make_fullwidth=&#8221;off&#8221; use_custom_width=&#8221;off&#8221; width_unit=&#8221;on&#8221; custom_width_px=&#8221;1080&#8243; custom_width_percent=&#8221;80&#8243;][et_pb_column type=&#8221;1_3&#8243; _builder_version=&#8221;3.25&#8243; custom_padding=&#8221;|||&#8221; custom_padding__hover=&#8221;|||&#8221;][\/et_pb_column][et_pb_column type=&#8221;2_3&#8243; _builder_version=&#8221;3.25&#8243; custom_padding=&#8221;|||&#8221; custom_padding__hover=&#8221;|||&#8221;][et_pb_text admin_label=&#8221;Blocco testo 1&#8243; _builder_version=&#8221;4.8.2&#8243; text_font=&#8221;PT Sans||||||||&#8221; text_text_color=&#8221;#363636&#8243; text_font_size=&#8221;20&#8243; text_letter_spacing=&#8221;0&#8243; text_line_height=&#8221;1.2em&#8221; header_font_size=&#8221;30&#8243; header_letter_spacing=&#8221;0&#8243; header_line_height=&#8221;1&#8243; background_size=&#8221;initial&#8221; background_position=&#8221;top_left&#8221; background_repeat=&#8221;repeat&#8221; max_width=&#8221;620px&#8221; custom_margin=&#8221;0px||0px||false|false&#8221; custom_padding=&#8221;||0px|||&#8221; text_font_size_tablet=&#8221;&#8221; text_font_size_phone=&#8221;&#8221; text_font_size_last_edited=&#8221;on|tablet&#8221; use_border_color=&#8221;off&#8221; border_color=&#8221;#ffffff&#8221; border_width=&#8221;1&#8243; border_style=&#8221;solid&#8221;]<\/p>\n<h4>Paola Barbazza:\u202ftrasformare le sfide in crescita, sempre<\/h4>\n<p><span style=\"color: #800000;\"><strong>Origini e scintilla iniziale<\/strong><\/span><\/p>\n<p>Forse Carla Fracci aveva ricevuto una vocazione chiara fin da subito per la danza; qualcun altro invece compone il proprio percorso strada facendo. Paola Barbazza, appartiene alla seconda categoria: <strong>un cammino costruito attraverso studio, coraggio<\/strong> e un\u2019instancabile <strong>capacit\u00e0 di osservare<\/strong> il mondo mentre cambia.<\/p>\n<p>La sua passione per l\u2019economia, intesa come strumento per comprendere la realt\u00e0, affonda le radici negli anni del liceo Parini, dove imparare a muoversi in un contesto nuovo l\u2019ha costretta a mettersi alla prova. Da l\u00ec alla Bocconi, passando per un sogno diplomatico accarezzato e poi abbandonato, il passo non \u00e8 stato immediato, ma coerente. Il vero punto di svolta arriva per\u00f2 con l\u2019ingresso nell\u2019azienda di famiglia, una realt\u00e0 che <strong>da piccola scommessa si \u00e8 trasformata negli anni in una storia di rinascita<\/strong>, fatta di notti insonni e responsabilit\u00e0 condivise.<\/p>\n<p><span style=\"color: #800000;\"><strong>Sfide e stereotipi di genere: il coraggio imparato passo dopo passo<\/strong><\/span><\/p>\n<p>La logistica non \u00e8 un ambiente tenero. \u00c8 un settore tecnico, maschile, veloce. Eppure, Paola non ha mai pensato di arretrare. \u00ab<em>Sono una persona fortunata perch\u00e9 sono sempre stata circondata da persone di estremo valore<\/em>\u00bb. Su tutti, il padre e il fratello: uomini che hanno rappresentato non solo una guida, ma un modello di alleanza naturale, concreta. <strong>Nessuna distinzione tra uomo e donna, nessun pregiudizio<\/strong> su cosa potesse o non potesse fare.<\/p>\n<p>La strada non \u00e8 stata certamente priva di ostacoli. L\u2019ingresso in azienda a 25 anni, in un ruolo complesso, l\u2019ha costretta a crescere in fretta e, a volte, anche a cambiare strategia: \u201cIo ho iniziato a mettere i tacchi!\u201d. Un gesto semplice, simbolico, che l\u2019ha aiutata a sentirsi pi\u00f9 autorevole e ad esserlo anche agli occhi degli altri, che inizialmente si rivolgevano a lei come la ragazzina ultima arrivata. \u201cMa il vero passo avanti \u00e8 stato quando ho cominciato io stessa a fregarmene del giudizio degli altri\u201d.<\/p>\n<p><span style=\"color: #800000;\"><strong>Valori e visione personale: la forza di una leadership non convenzionale<\/strong><\/span><\/p>\n<p>Paola non si definisce mai eroica, eppure nelle sue parole si sente la determinazione di chi sceglie di non fermarsi davanti alla paura. \u00ab<strong>Il coraggio si impara\u00bb<\/strong>, le ripete da sempre il fratello. Ed \u00e8 diventato un mantra. La capacit\u00e0 di immaginare lo scenario peggiore per poi \u201cricostruire all\u2019indietro\u201d strategie e soluzioni \u00e8 diventata una competenza chiave, nata nel pieno della crisi del 2008, quando i primi fallimenti dei clienti iniziavano ad accumularsi sulla sua scrivania. Sono stati anni in cui ha imparato che un imprenditore pu\u00f2 essere solo, ma lei non lo era perch\u00e9 aveva tutta una famiglia alle spalle e con essa la responsabilit\u00e0 dei dipendenti.<\/p>\n<p>Parallelamente, l\u2019impegno nella <strong>Commissione Pari Opportunit\u00e0<\/strong> ha aggiunto uno strato nuovo alla sua consapevolezza. \u00ab<em>Mi ha aperto gli occhi. Entrare in contatto con mondi diversi, confrontarmi con il tema della violenza di genere, imparare a pesare le parole per arrivare agli altri senza farli chiudere: un esercizio continuo di empatia e responsabilit\u00e0<\/em>\u00bb.<\/p>\n<p>&nbsp;<\/p>\n<p>[\/et_pb_text][\/et_pb_column][\/et_pb_row][et_pb_row column_structure=&#8221;1_3,2_3&#8243; padding_mobile=&#8221;on&#8221; column_padding_mobile=&#8221;on&#8221; admin_label=&#8221;row&#8221; _builder_version=&#8221;4.8.2&#8243; background_size=&#8221;initial&#8221; background_position=&#8221;top_left&#8221; background_repeat=&#8221;repeat&#8221; custom_margin=&#8221;10px||||false|false&#8221; custom_padding=&#8221;0px|||&#8221; make_fullwidth=&#8221;off&#8221; use_custom_width=&#8221;off&#8221; width_unit=&#8221;on&#8221; custom_width_px=&#8221;1080&#8243; custom_width_percent=&#8221;80&#8243;][et_pb_column type=&#8221;1_3&#8243; _builder_version=&#8221;3.25&#8243; custom_padding=&#8221;|||&#8221; custom_padding__hover=&#8221;|||&#8221;][\/et_pb_column][et_pb_column type=&#8221;2_3&#8243; _builder_version=&#8221;3.25&#8243; custom_padding=&#8221;|||&#8221; custom_padding__hover=&#8221;|||&#8221;][et_pb_image src=&#8221;https:\/\/www.museofratellicozzi.com\/news\/wp-content\/uploads\/2026\/01\/Foto-Paparella-92.png&#8221; title_text=&#8221;Paola Barbazza&#8221; _builder_version=&#8221;4.8.2&#8243; _module_preset=&#8221;default&#8221;][\/et_pb_image][et_pb_text _builder_version=&#8221;4.8.2&#8243; _module_preset=&#8221;default&#8221;]<\/p>\n<p>Paola Barbazza\u00a0<\/p>\n<p>[\/et_pb_text][\/et_pb_column][\/et_pb_row][et_pb_row column_structure=&#8221;1_3,2_3&#8243; padding_mobile=&#8221;on&#8221; column_padding_mobile=&#8221;on&#8221; admin_label=&#8221;row&#8221; _builder_version=&#8221;4.8.2&#8243; background_size=&#8221;initial&#8221; background_position=&#8221;top_left&#8221; background_repeat=&#8221;repeat&#8221; custom_margin=&#8221;10px||||false|false&#8221; custom_padding=&#8221;0px|||&#8221; make_fullwidth=&#8221;off&#8221; use_custom_width=&#8221;off&#8221; width_unit=&#8221;on&#8221; custom_width_px=&#8221;1080&#8243; custom_width_percent=&#8221;80&#8243;][et_pb_column type=&#8221;1_3&#8243; _builder_version=&#8221;3.25&#8243; custom_padding=&#8221;|||&#8221; custom_padding__hover=&#8221;|||&#8221;][\/et_pb_column][et_pb_column type=&#8221;2_3&#8243; _builder_version=&#8221;3.25&#8243; custom_padding=&#8221;|||&#8221; custom_padding__hover=&#8221;|||&#8221;][et_pb_text admin_label=&#8221;Blocco testo 1&#8243; _builder_version=&#8221;4.8.2&#8243; text_font=&#8221;PT Sans||||||||&#8221; text_text_color=&#8221;#363636&#8243; text_font_size=&#8221;20&#8243; text_letter_spacing=&#8221;0&#8243; text_line_height=&#8221;1.2em&#8221; header_font_size=&#8221;30&#8243; header_letter_spacing=&#8221;0&#8243; header_line_height=&#8221;1&#8243; background_size=&#8221;initial&#8221; background_position=&#8221;top_left&#8221; background_repeat=&#8221;repeat&#8221; max_width=&#8221;620px&#8221; custom_margin=&#8221;0px||0px||false|false&#8221; custom_padding=&#8221;||0px|||&#8221; text_font_size_tablet=&#8221;&#8221; text_font_size_phone=&#8221;&#8221; text_font_size_last_edited=&#8221;on|tablet&#8221; use_border_color=&#8221;off&#8221; border_color=&#8221;#ffffff&#8221; border_width=&#8221;1&#8243; border_style=&#8221;solid&#8221;]<\/p>\n<p><span style=\"color: #800000;\"><strong>Momenti di svolta e resilienza: metterci la faccia, sempre<\/strong><\/span><\/p>\n<p>Dopo il Covid, qualcosa si \u00e8 mosso. Le parole della politica, ascoltate da casa, hanno acceso nuovamente il desiderio, rimasto in un cassetto per vent\u2019anni, di partecipare, contribuire, esporsi. \u00abHo provato il desiderio di fare qualcosa e metterci la faccia\u00bb. \u00c8 stato un ritorno coraggioso, fatto anche di critiche ricevute ai gazebo e confronto serrato, ma capace di generare <strong>cambiamenti piccoli e concreti<\/strong>, quelli che lasciano tracce reali.<\/p>\n<p>E poi la maternit\u00e0, vissuta con la paura tipicamente femminile di dover dimostrare pi\u00f9 degli altri. \u201cAvevo paura che pensassero che me la prendessi comoda\u201d. Ma \u00e8 proprio l\u00ec che Paola ha imparato a ridimensionare il giudizio esterno e a fare spazio alla propria misura, ai propri tempi.<\/p>\n<p><span style=\"color: #800000;\"><strong>He4She: L\u2019alleanza che fa crescere<\/strong><\/span><\/p>\n<p><strong>Luca Donelli<\/strong>, suo marito, un sostegno che non \u00e8 mai consolatorio, ma sfidante.<\/p>\n<p>\u00abC\u2019era in ballo l\u2019elezione del rappresentante di corso e lui, che era<strong> tra i 10 studenti eccellenti in Bocconi<\/strong>, si \u00e8 girato verso di me e mi ha detto: &#8220;Barbazza, se ti candidi, io ti appoggio&#8221;. Era la prima volta che mi rivolgeva la parola. Per me \u00e8 stata una dichiarazione d\u2019amore, senza che ci fossimo mai parlati prima. Dopo due anni, ci siamo messi insieme. Lui <strong>mi sprona a essere sempre pi\u00f9 forte di quello che penso di essere<\/strong>.\u201d<\/p>\n<p>\u00c8 un tipo di alleanza che non protegge: potenzia. Che non accompagna: rilancia. Che non riduce la paura del fallimento, ma aiuta a guardarlo con occhi diversi.<\/p>\n<p><strong>\u00c8 la dimostrazione che la parit\u00e0 non si costruisce \u201ccontro\u201d, ma insieme,<\/strong> con uomini capaci di eliminare la categoria \u201cuomo\/donna\u201d dal proprio vocabolario professionale.<\/p>\n<p>Ogni storia lascia una scia. Quella di Paola si traduce in un invito semplice e radicale: \u00ab<strong>Aumentare empatia e umanit\u00e0<\/strong>\u00bb. Vedere l\u2019altro senza sovrastrutture, senza paura delle fragilit\u00e0, riconoscendo la potenza della collaborazione e del rispetto reciproco. Il futuro, politico, sociale, professionale, non si costruisce con l\u2019eroismo individuale, ma con comunit\u00e0 che sappiano parlarsi. Ed \u00e8 forse questo il lato pi\u00f9 potente della sua testimonianza: la certezza che la determinazione \u00e8 contagiosa, e che il coraggio, s\u00ec, si impara. Sempre.<\/p>\n<p>[\/et_pb_text][\/et_pb_column][\/et_pb_row][et_pb_row _builder_version=&#8221;4.8.2&#8243; _module_preset=&#8221;default&#8221;][et_pb_column type=&#8221;4_4&#8243; _builder_version=&#8221;4.8.2&#8243; _module_preset=&#8221;default&#8221;][et_pb_image src=&#8221;https:\/\/www.museofratellicozzi.com\/news\/wp-content\/uploads\/2026\/01\/Blu-Giallo-Nero-Compleanno-Foto-Collage-3.png&#8221; title_text=&#8221;Luca Donelli &#8221; _builder_version=&#8221;4.8.2&#8243; _module_preset=&#8221;default&#8221;][\/et_pb_image][et_pb_text _builder_version=&#8221;4.8.2&#8243; _module_preset=&#8221;default&#8221;]<\/p>\n<p>Luca Donelli presso Regione Lombardia<\/p>\n<p>[\/et_pb_text][\/et_pb_column][\/et_pb_row][et_pb_row column_structure=&#8221;1_3,2_3&#8243; padding_mobile=&#8221;on&#8221; column_padding_mobile=&#8221;on&#8221; admin_label=&#8221;row&#8221; _builder_version=&#8221;4.8.2&#8243; background_size=&#8221;initial&#8221; background_position=&#8221;top_left&#8221; background_repeat=&#8221;repeat&#8221; custom_margin=&#8221;10px||||false|false&#8221; custom_padding=&#8221;0px|||&#8221; make_fullwidth=&#8221;off&#8221; use_custom_width=&#8221;off&#8221; width_unit=&#8221;on&#8221; custom_width_px=&#8221;1080&#8243; custom_width_percent=&#8221;80&#8243;][et_pb_column type=&#8221;1_3&#8243; _builder_version=&#8221;3.25&#8243; custom_padding=&#8221;|||&#8221; custom_padding__hover=&#8221;|||&#8221;][\/et_pb_column][et_pb_column type=&#8221;2_3&#8243; _builder_version=&#8221;3.25&#8243; custom_padding=&#8221;|||&#8221; custom_padding__hover=&#8221;|||&#8221;][et_pb_text admin_label=&#8221;Blocco testo 1&#8243; _builder_version=&#8221;4.8.2&#8243; text_font=&#8221;PT Sans||||&#8221; text_text_color=&#8221;#363636&#8243; text_font_size=&#8221;20&#8243; text_letter_spacing=&#8221;0&#8243; text_line_height=&#8221;1.2em&#8221; header_font_size=&#8221;30&#8243; header_letter_spacing=&#8221;0&#8243; header_line_height=&#8221;1&#8243; background_size=&#8221;initial&#8221; background_position=&#8221;top_left&#8221; background_repeat=&#8221;repeat&#8221; max_width=&#8221;620px&#8221; custom_margin=&#8221;0px||0px||false|false&#8221; text_font_size_tablet=&#8221;&#8221; text_font_size_phone=&#8221;&#8221; text_font_size_last_edited=&#8221;on|tablet&#8221; use_border_color=&#8221;off&#8221; border_color=&#8221;#ffffff&#8221; border_width=&#8221;1&#8243; border_style=&#8221;solid&#8221;]<\/p>\n<h4 aria-level=\"2\"><span data-contrast=\"none\">Luca Donelli:\u00a0leadership, equit\u00e0 ed empatia che generano valore<\/span><span data-ccp-props=\"{&quot;134245418&quot;:true,&quot;134245529&quot;:true,&quot;335559738&quot;:0,&quot;335559739&quot;:0}\">\u00a0<\/span><\/h4>\n<p aria-level=\"2\"><span style=\"color: #800000;\"><strong>L\u2019incontro: storia e visione condivisa\u00a0<\/strong><\/span><\/p>\n<p><span data-contrast=\"auto\">La storia professionale e personale di <strong>Luca Donelli<\/strong> prende forma gi\u00e0 dai banchi dell\u2019universit\u00e0, quando un primo scambio di idee con Paola d\u00e0 il via a un percorso di reciproca stima destinato ad ampliarsi nel tempo. Nel suo racconto emerge<strong> un uomo rigoroso, attento alle dinamiche relazionali e capace di riconoscere nei talenti femminili<\/strong> un valore determinante.\u00a0\u201cSe\u00a0Paola\u00a0avesse deciso di candidarsi, l\u2019avrei appoggiata volentieri.\u201d<\/span><span data-ccp-props=\"{&quot;335551550&quot;:6,&quot;335551620&quot;:6,&quot;335559685&quot;:720,&quot;335559739&quot;:0}\">\u00a0<\/span><\/p>\n<p><span data-contrast=\"auto\">Una predisposizione all\u2019ascolto e al sostegno che ritroviamo poi in tutto il suo cammino manageriale, costruito attraverso ruoli di responsabilit\u00e0 e una dedizione che lui stesso definisce frutto di <strong>equilibrio, costanza e consapevolezza<\/strong>. Oggi\u00a0Luca\u00a0guida strutture complesse, gestisce cantieri internazionali, ricopre incarichi associativi strategici e continua a farlo con una visione che d\u00e0 centralit\u00e0 non solo ai risultati, ma anche alle persone che li rendono possibili.<\/span><span data-ccp-props=\"{&quot;134233117&quot;:true,&quot;335551550&quot;:6,&quot;335551620&quot;:6,&quot;335559685&quot;:720,&quot;335559739&quot;:0}\">\u00a0<\/span><\/p>\n<p><strong><span style=\"color: #800000;\">La riflessione: leadership al femminile come leva di crescita<\/span><\/strong><\/p>\n<p><span data-contrast=\"auto\">Cresciuto professionalmente tra contesti molto diversi,\u00a0dalla consulenza all\u2019impresa di famiglia, Luca\u00a0sottolinea quanto <strong>la sua visione di leadership sia stata influenzata da figure femminili di grande preparazione<\/strong>:\u00a0<\/span><i><span data-contrast=\"auto\">\u00ab<\/span><\/i><span data-contrast=\"auto\">La maggior parte\u00a0degli insegnanti che reputo particolarmente importanti nella mia vita erano professoresse\u00bb.<\/span><span data-ccp-props=\"{&quot;335551550&quot;:6,&quot;335551620&quot;:6,&quot;335559685&quot;:720}\">\u00a0<\/span><\/p>\n<p><span data-contrast=\"auto\">La sua carriera si \u00e8 sviluppata a stretto contatto con team misti, nei quali spesso era \u201cl\u2019unico uomo\u201d in ruoli direttivi, come accade oggi, tra i Vice Presidenti\u00a0in Confindustria Varese. Un contesto che per lui \u00e8 stimolo e arricchimento: \u00ab<\/span><span data-contrast=\"auto\">Sono figure molto competenti e<strong> intellettualmente stimolanti nel processo di gestazione di idee<\/strong> e nuovi progetti\u00bb.<\/span><span data-ccp-props=\"{&quot;134233117&quot;:true,&quot;134233118&quot;:true,&quot;335551550&quot;:6,&quot;335551620&quot;:6,&quot;335559685&quot;:720}\">\u00a0<\/span><\/p>\n<p><span data-contrast=\"auto\">In queste parole si riflette una leadership moderna, capace di integrare competenze diverse e di riconoscere il valore dell\u2019approccio femminile nei processi decisionali e nella gestione delle relazioni, ambito che considera essenziale tanto quanto quello tecnico.<\/span><span data-ccp-props=\"{&quot;134233117&quot;:true,&quot;134233118&quot;:true,&quot;335551550&quot;:6,&quot;335551620&quot;:6,&quot;335559685&quot;:720}\">\u00a0<\/span><\/p>\n<p>[\/et_pb_text][\/et_pb_column][\/et_pb_row][et_pb_row column_structure=&#8221;1_2,1_2&#8243; _builder_version=&#8221;4.8.2&#8243; _module_preset=&#8221;default&#8221;][et_pb_column type=&#8221;1_2&#8243; _builder_version=&#8221;4.8.2&#8243; _module_preset=&#8221;default&#8221;][et_pb_image src=&#8221;https:\/\/www.museofratellicozzi.com\/news\/wp-content\/uploads\/2026\/01\/Foto-Paparella-94.png&#8221; title_text=&#8221;Luca Donelli &#8221; _builder_version=&#8221;4.8.2&#8243; _module_preset=&#8221;default&#8221;][\/et_pb_image][et_pb_text _builder_version=&#8221;4.8.2&#8243; _module_preset=&#8221;default&#8221;]<\/p>\n<p>Luca Donelli\u00a0<\/p>\n<p>[\/et_pb_text][\/et_pb_column][et_pb_column type=&#8221;1_2&#8243; _builder_version=&#8221;4.8.2&#8243; _module_preset=&#8221;default&#8221;][et_pb_image src=&#8221;https:\/\/www.museofratellicozzi.com\/news\/wp-content\/uploads\/2026\/01\/Foto-Paparella-95.png&#8221; title_text=&#8221;Foto Paparella (95)&#8221; _builder_version=&#8221;4.8.2&#8243; _module_preset=&#8221;default&#8221;][\/et_pb_image][et_pb_text _builder_version=&#8221;4.8.2&#8243; _module_preset=&#8221;default&#8221;]<\/p>\n<p>Luca Donelli\u00a0<\/p>\n<p>[\/et_pb_text][\/et_pb_column][\/et_pb_row][et_pb_row column_structure=&#8221;1_3,2_3&#8243; padding_mobile=&#8221;on&#8221; column_padding_mobile=&#8221;on&#8221; admin_label=&#8221;row&#8221; _builder_version=&#8221;4.8.2&#8243; background_size=&#8221;initial&#8221; background_position=&#8221;top_left&#8221; background_repeat=&#8221;repeat&#8221; custom_margin=&#8221;10px||||false|false&#8221; custom_padding=&#8221;0px|||&#8221; make_fullwidth=&#8221;off&#8221; use_custom_width=&#8221;off&#8221; width_unit=&#8221;on&#8221; custom_width_px=&#8221;1080&#8243; custom_width_percent=&#8221;80&#8243;][et_pb_column type=&#8221;1_3&#8243; _builder_version=&#8221;3.25&#8243; custom_padding=&#8221;|||&#8221; custom_padding__hover=&#8221;|||&#8221;][\/et_pb_column][et_pb_column type=&#8221;2_3&#8243; _builder_version=&#8221;3.25&#8243; custom_padding=&#8221;|||&#8221; custom_padding__hover=&#8221;|||&#8221;][et_pb_text admin_label=&#8221;Blocco testo 1&#8243; _builder_version=&#8221;4.8.2&#8243; text_font=&#8221;PT Sans||||&#8221; text_text_color=&#8221;#363636&#8243; text_font_size=&#8221;20&#8243; text_letter_spacing=&#8221;0&#8243; text_line_height=&#8221;1.2em&#8221; header_font_size=&#8221;30&#8243; header_letter_spacing=&#8221;0&#8243; header_line_height=&#8221;1&#8243; background_size=&#8221;initial&#8221; background_position=&#8221;top_left&#8221; background_repeat=&#8221;repeat&#8221; max_width=&#8221;620px&#8221; custom_margin=&#8221;0px||0px||false|false&#8221; text_font_size_tablet=&#8221;&#8221; text_font_size_phone=&#8221;&#8221; text_font_size_last_edited=&#8221;on|tablet&#8221; use_border_color=&#8221;off&#8221; border_color=&#8221;#ffffff&#8221; border_width=&#8221;1&#8243; border_style=&#8221;solid&#8221;]<\/p>\n<p><span data-ccp-props=\"{&quot;134233117&quot;:true,&quot;134233118&quot;:true,&quot;335551550&quot;:6,&quot;335551620&quot;:6,&quot;335559685&quot;:720}\"><\/span><\/p>\n<p><strong><span style=\"color: #800000;\">Dal pensare al fare: inclusione nel settore metalmeccanico. Rompere muri, creare opportunit\u00e0<\/span><\/strong><span data-ccp-props=\"{&quot;335551550&quot;:6,&quot;335551620&quot;:6,&quot;335559685&quot;:720}\"><\/span><\/p>\n<p><span data-contrast=\"auto\">Nel mondo della verniciatura industriale,\u00a0tradizionalmente maschile, Luca\u00a0testimonia un impegno concreto verso la parit\u00e0, fatto di scelte quotidiane pi\u00f9 che di slogan. Racconta <strong>con orgoglio l\u2019ingresso delle prime verniciatrici<\/strong>: un cambiamento culturale prima ancora che\u00a0operativo. <i>\u00ab<\/i><\/span><span data-contrast=\"auto\">Abbiamo introdotto personale femminile trovando in particolare una donna che ha sempre verniciato di mestiere e ci ha permesso di abbattere un muro\u00bb.<\/span><span data-ccp-props=\"{&quot;335551550&quot;:6,&quot;335551620&quot;:6,&quot;335559685&quot;:720}\">\u00a0<\/span><\/p>\n<p><span data-contrast=\"auto\">La sua attenzione si estende anche ai <strong>rientri post-maternit\u00e0<\/strong>, tema che affronta con equilibrio e pragmatismo: \u00ab<\/span><span data-contrast=\"auto\">\u00c8 sfidante riuscire a mantenere un dialogo franco sulle esigenze per trovare\u00a0la via per\u00a0assecondarle nel modo pi\u00f9 sostenibile per l\u2019azienda e per la persona\u00bb.<\/span><span data-ccp-props=\"{&quot;134233117&quot;:true,&quot;134233118&quot;:true,&quot;335551550&quot;:6,&quot;335551620&quot;:6,&quot;335559685&quot;:720}\">\u00a0<\/span><\/p>\n<p><span data-contrast=\"auto\">Questa sensibilit\u00e0 non nasce da una visione paternalistica, ma dal<strong>l\u2019idea che l\u2019azienda debba essere un luogo di crescita per tutti<\/strong>, dove l\u2019empatia diventa strumento di gestione e il talento,\u00a0non il genere,\u00a0a definire il valore delle persone.<\/span><span data-ccp-props=\"{&quot;134233117&quot;:true,&quot;134233118&quot;:true,&quot;335551550&quot;:6,&quot;335551620&quot;:6,&quot;335559685&quot;:720}\">\u00a0<\/span><\/p>\n<p><span data-contrast=\"auto\">L\u2019<strong>apertura internazionale<\/strong> di\u00a0Luca, maturata\u00a0nel percorso di studi\u00a0e consolidata nei ruoli\u00a0di rappresentanza in associazioni a livello europeo, si traduce in una capacit\u00e0 di cogliere differenze culturali e trasformarle in insegnamenti operativi.\u00a0Il\u00a0confronto\u00a0continuo con altre realt\u00e0 e altre visioni\u00a0alimenta la sua convinzione che il cambiamento non possa essere delegato solo alle normative, ma passi dalla qualit\u00e0 delle relazioni, dal rispetto reciproco e da un equilibrio consapevole tra le diverse \u201csfere\u201d della vita\u00a0che\u00a0\u201cbisogna tenere bilanciate.\u201d<\/span><\/p>\n<p><strong><span style=\"color: #800000;\">He4She, il motore dell\u2019alleanza<\/span><\/strong><span data-ccp-props=\"{&quot;335551550&quot;:6,&quot;335551620&quot;:6,&quot;335559685&quot;:720}\"><\/span><\/p>\n<p><span data-contrast=\"auto\">Il percorso umano e professionale di Luca offre una risposta naturale alla domanda sul perch\u00e9 Paola lo abbia scelto come partner del progetto He4She. Nel suo racconto emerge un uomo consapevole, <strong>capace di accogliere la diversit\u00e0 come risorsa e di lasciarsi trasformare da essa<\/strong>. Lo dice con semplicit\u00e0: \u00ab<em>Lei mi ha migliorato molto, nel potenziare i punti in cui io ero debole\u00bb.<\/em><\/span><\/p>\n<p><span data-contrast=\"auto\">\u00c8 un\u2019alleanza fondata sull\u2019equilibrio dinamico, non su ruoli fissi: \u00ab<\/span><span data-contrast=\"auto\"><em>Perch\u00e9\u00a0si dice che\u00a0dietro un uomo ci sia\u00a0sempre una grande donna? Ma perch\u00e9 dietro? \u00c8 di fianco<\/em><i>\u00bb.<\/i><\/span><span data-ccp-props=\"{&quot;134233117&quot;:true,&quot;134233118&quot;:true,&quot;335551550&quot;:6,&quot;335551620&quot;:6,&quot;335559685&quot;:720}\">\u00a0<\/span><\/p>\n<p><span data-contrast=\"auto\">Questa visione paritetica, fatta di sostegno reciproco e crescita condivisa, \u00e8 esattamente lo spirito di He4She: non un gesto simbolico, ma la scelta di essere complici nel costruire un ambiente,\u00a0familiare, professionale, sociale,\u00a0in cui ciascuno possa esprimere pienamente il proprio potenziale. \u00c8 questo, probabilmente, il vero motivo per cui Paola lo ha scelto: non per ci\u00f2 che rappresenta, ma per come agisce, <strong>ascolta e si mette in gioco, ogni giorno<\/strong>, accanto alle persone.<\/span><span data-ccp-props=\"{&quot;134233117&quot;:true,&quot;134233118&quot;:true,&quot;335551550&quot;:6,&quot;335551620&quot;:6,&quot;335559685&quot;:720}\">\u00a0<\/span><\/p>\n<p>[\/et_pb_text][\/et_pb_column][\/et_pb_row][et_pb_row _builder_version=&#8221;4.8.2&#8243; _module_preset=&#8221;default&#8221;][et_pb_column type=&#8221;4_4&#8243; _builder_version=&#8221;4.8.2&#8243; _module_preset=&#8221;default&#8221;][et_pb_image src=&#8221;https:\/\/www.museofratellicozzi.com\/news\/wp-content\/uploads\/2026\/01\/Blu-Giallo-Nero-Compleanno-Foto-Collage-2.png&#8221; title_text=&#8221;Luca Donelli&#8221; _builder_version=&#8221;4.8.2&#8243; _module_preset=&#8221;default&#8221; custom_margin=&#8221;||1px|||&#8221;][\/et_pb_image][et_pb_text _builder_version=&#8221;4.8.2&#8243; _module_preset=&#8221;default&#8221;]<\/p>\n<p>Luca Donelli in barca a vela<\/p>\n<p>[\/et_pb_text][\/et_pb_column][\/et_pb_row][et_pb_row column_structure=&#8221;1_3,2_3&#8243; padding_mobile=&#8221;on&#8221; column_padding_mobile=&#8221;on&#8221; admin_label=&#8221;row&#8221; _builder_version=&#8221;4.8.2&#8243; background_size=&#8221;initial&#8221; background_position=&#8221;top_left&#8221; background_repeat=&#8221;repeat&#8221; custom_margin=&#8221;10px||||false|false&#8221; custom_padding=&#8221;0px|||&#8221; make_fullwidth=&#8221;off&#8221; use_custom_width=&#8221;off&#8221; width_unit=&#8221;on&#8221; custom_width_px=&#8221;1080&#8243; custom_width_percent=&#8221;80&#8243;][et_pb_column type=&#8221;1_3&#8243; _builder_version=&#8221;3.25&#8243; custom_padding=&#8221;|||&#8221; custom_padding__hover=&#8221;|||&#8221;][\/et_pb_column][et_pb_column type=&#8221;2_3&#8243; _builder_version=&#8221;3.25&#8243; custom_padding=&#8221;|||&#8221; custom_padding__hover=&#8221;|||&#8221;][et_pb_text admin_label=&#8221;Blocco testo 1&#8243; _builder_version=&#8221;4.8.2&#8243; text_font=&#8221;PT Sans||||&#8221; text_text_color=&#8221;#363636&#8243; text_font_size=&#8221;20&#8243; text_letter_spacing=&#8221;0&#8243; text_line_height=&#8221;1.2em&#8221; header_font_size=&#8221;30&#8243; header_letter_spacing=&#8221;0&#8243; header_line_height=&#8221;1&#8243; background_size=&#8221;initial&#8221; background_position=&#8221;top_left&#8221; background_repeat=&#8221;repeat&#8221; max_width=&#8221;620px&#8221; custom_margin=&#8221;0px||0px||false|false&#8221; text_font_size_tablet=&#8221;&#8221; text_font_size_phone=&#8221;&#8221; text_font_size_last_edited=&#8221;on|tablet&#8221; use_border_color=&#8221;off&#8221; border_color=&#8221;#ffffff&#8221; border_width=&#8221;1&#8243; border_style=&#8221;solid&#8221;]<\/p>\n<h2><strong>Vuoi ospitare la mostra? Ecco le info utili!<\/strong><\/h2>\n<p>La mostra <em>&#8220;Donne e Motori? Gioie e basta&#8221;<\/em> \u00e8 stata ideata per essere itinerante e per questo, come nelle precedenti edizioni,\u00a0gli scatti sono stati stampati in due copie su supporti ultraleggeri e le copie sono pronte a essere esposte nei<span>\u00a0<\/span><strong>palazzi istituzionali, nei luoghi di lavoro, nelle scuole e nelle biblioteche.\u00a0<\/strong><\/p>\n<p>In<span style=\"color: #800000;\"><a href=\"https:\/\/www.museofratellicozzi.com\/news\/donne-motori-nuovo-tour\/\" target=\"_blank\" rel=\"noopener noreferrer\" style=\"color: #800000;\"><strong> questo link<\/strong><\/a><\/span><a href=\"https:\/\/www.museofratellicozzi.com\/news\/donne-motori-nuovo-tour\/\" target=\"_blank\" rel=\"noopener noreferrer\"><strong><\/strong><\/a>\u00a0si trovano<span style=\"color: #800000;\">\u00a0<\/span>tutte le informazioni utili ed \u00e8 possibile vedere i luoghi in cui la mostra \u00e8 stata ospitata. Se qualche location \u00e8 stata d&#8217;ispirazione\u00a0e volete ospitare la mostra, potete contattarci alla mail <b><a href=\"mailto:info@museofratellicozzi.com\">info@museofratellicozzi.com.\u00a0<\/a>\u00a0<\/b><\/p>\n<p><b><span data-contrast=\"auto\">Vuoi saperne di pi\u00f9? <strong><a href=\"https:\/\/www.museofratellicozzi.com\/news\/donne-e-motori-gioie-e-basta-4-edizione-le-protagoniste\/\u00a0\" target=\"_blank\" rel=\"noopener noreferrer\">Clicca qui<\/a><\/strong><\/span><\/b><\/p>\n<p>[\/et_pb_text][\/et_pb_column][\/et_pb_row][et_pb_row padding_mobile=&#8221;on&#8221; column_padding_mobile=&#8221;on&#8221; admin_label=&#8221;row&#8221; _builder_version=&#8221;4.8.2&#8243; background_size=&#8221;initial&#8221; background_position=&#8221;top_left&#8221; background_repeat=&#8221;repeat&#8221; custom_margin=&#8221;10px||||false|false&#8221; custom_padding=&#8221;0px|||&#8221; make_fullwidth=&#8221;off&#8221; use_custom_width=&#8221;off&#8221; width_unit=&#8221;on&#8221; custom_width_px=&#8221;1080&#8243; custom_width_percent=&#8221;80&#8243;][et_pb_column type=&#8221;4_4&#8243; _builder_version=&#8221;3.25&#8243; custom_padding=&#8221;|||&#8221; custom_padding__hover=&#8221;|||&#8221;][et_pb_button button_url=&#8221;https:\/\/www.museofratellicozzi.com\/news\/donne-e-motori-gioie-e-basta-giorgetti-e-nicholls\/&#8221; url_new_window=&#8221;on&#8221; button_text=&#8221;Scopri i testimonial %22Donne e motori? Gioie e basta%22 &#8221; button_alignment=&#8221;center&#8221; _builder_version=&#8221;4.8.2&#8243; _module_preset=&#8221;default&#8221; custom_button=&#8221;on&#8221; button_text_size=&#8221;29px&#8221; button_text_color=&#8221;#000000&#8243; button_bg_color=&#8221;#E02B20&#8243; button_border_width=&#8221;2px&#8221; button_border_color=&#8221;#FFFFFF&#8221; animation_style=&#8221;slide&#8221; box_shadow_style=&#8221;preset1&#8243;][\/et_pb_button][\/et_pb_column][\/et_pb_row][et_pb_row _builder_version=&#8221;4.8.2&#8243; _module_preset=&#8221;default&#8221; custom_margin=&#8221;|auto|2px|auto||&#8221;][et_pb_column type=&#8221;4_4&#8243; _builder_version=&#8221;4.8.2&#8243; _module_preset=&#8221;default&#8221;][et_pb_divider _builder_version=&#8221;4.8.2&#8243; _module_preset=&#8221;default&#8221;][\/et_pb_divider][\/et_pb_column][\/et_pb_row][et_pb_row column_structure=&#8221;2_5,3_5&#8243; _builder_version=&#8221;4.8.2&#8243; _module_preset=&#8221;default&#8221;][et_pb_column type=&#8221;2_5&#8243; _builder_version=&#8221;4.8.2&#8243; _module_preset=&#8221;default&#8221;][et_pb_gallery gallery_ids=&#8221;24478&#8243; show_title_and_caption=&#8221;off&#8221; show_pagination=&#8221;off&#8221; _builder_version=&#8221;4.8.2&#8243; _module_preset=&#8221;default&#8221;][\/et_pb_gallery][et_pb_text _builder_version=&#8221;4.8.2&#8243; _module_preset=&#8221;default&#8221;]<\/p>\n<p>Camilla Albertini &#8211; foto di Paolo Carlini<\/p>\n<p>[\/et_pb_text][\/et_pb_column][et_pb_column type=&#8221;3_5&#8243; _builder_version=&#8221;4.8.2&#8243; _module_preset=&#8221;default&#8221;][et_pb_text _builder_version=&#8221;4.8.2&#8243; _module_preset=&#8221;default&#8221;]<\/p>\n<h3>CAMILLA ALBERTINI<\/h3>\n<div><span><strong>Camilla Albertini<\/strong> \u00e8 fotografa, videomaker, illustratrice e giornalista. Nata a Milano, si \u00e8 laureata nel 2017 in fotografia presso l\u2019Istituto Europeo di Design e conta come freelance gi\u00e0 una lunga esperienza di lavoro in diversi ambiti: dallo still life in studio al reportage, dall\u2019automotive al corporate, dal ritratto al food. \u00c8 appassionata di disegno e di arti visive in genere. Ama viaggiare e cogliere nelle sue immagini l\u2019essenza dei luoghi con immagini mai scontate e di ricercata emozione. Con l\u2019occhio e il cuore sempre attenti alle tematiche femminili, ha realizzato nel 2019 un reportage sulle donne islandesi e nel 2022, 23, 24 e 25 una mostra fotografica, in collaborazione con il Museo Fratelli Cozzi, di ritratti di donne e automobili, per scardinare gli stereotipi legati a \u201cdonne e motori\u201d. Diverse le sue immagini e testi pubblicati nelle pagine del Corriere della sera di Milano e da riviste quali Quattroruote, Ruoteclassiche, Donna Moderna, Gardenia, il Bagno. Nel 2021, per Silvana Editoriale, ha pubblicato, con il collega Paolo Carlini, il libro fotografico \u201cItalia Cost to Coast\u201d.<\/span><\/div>\n<p>[\/et_pb_text][\/et_pb_column][\/et_pb_row][\/et_pb_section]<\/p>\n","protected":false},"excerpt":{"rendered":"<p>[et_pb_section fb_built=&#8221;1&#8243; admin_label=&#8221;Sezione&#8221; _builder_version=&#8221;4.8.2&#8243; custom_padding=&#8221;0px|||&#8221; transparent_background=&#8221;off&#8221; make_fullwidth=&#8221;off&#8221; use_custom_width=&#8221;off&#8221; width_unit=&#8221;on&#8221; custom_width_px=&#8221;1080&#8243; custom_width_percent=&#8221;80&#8243;][et_pb_row use_custom_gutter=&#8221;on&#8221; gutter_width=&#8221;1&#8243; disabled_on=&#8221;off|off|off&#8221; admin_label=&#8221;Riga&#8221; module_class=&#8221; et_pb_row_fullwidth&#8221; _builder_version=&#8221;3.25&#8243; background_size=&#8221;initial&#8221; background_position=&#8221;top_left&#8221; background_repeat=&#8221;repeat&#8221; width=&#8221;100%&#8221; width_tablet=&#8221;100%&#8221; width_phone=&#8221;&#8221; width_last_edited=&#8221;on|desktop&#8221; max_width=&#8221;100%&#8221; max_width_tablet=&#8221;100%&#8221; max_width_phone=&#8221;&#8221; max_width_last_edited=&#8221;on|desktop&#8221; custom_padding=&#8221;0px|||&#8221; make_fullwidth=&#8221;on&#8221; use_custom_width=&#8221;off&#8221; width_unit=&#8221;on&#8221; custom_width_px=&#8221;1080&#8243; custom_width_percent=&#8221;80&#8243;][et_pb_column type=&#8221;4_4&#8243; _builder_version=&#8221;3.25&#8243; custom_padding=&#8221;|||&#8221; custom_padding__hover=&#8221;|||&#8221;][et_pb_image src=&#8221;https:\/\/www.museofratellicozzi.com\/news\/wp-content\/uploads\/2025\/11\/MUSEO-slide-foto-2025-11-18T181048.558.jpg&#8221; title_text=&#8221;Paola Barbazza e Luca Donelli&#8221; force_fullwidth=&#8221;on&#8221; align_tablet=&#8221;center&#8221; align_phone=&#8221;&#8221; align_last_edited=&#8221;on|desktop&#8221; admin_label=&#8221;Immagine principale&#8221; _builder_version=&#8221;4.8.2&#8243; animation=&#8221;off&#8221; sticky=&#8221;off&#8221; use_border_color=&#8221;off&#8221; [&hellip;]<\/p>\n","protected":false},"author":7,"featured_media":24380,"comment_status":"open","ping_status":"open","sticky":false,"template":"","format":"standard","meta":{"_et_pb_use_builder":"on","_et_pb_old_content":"","_et_gb_content_width":"","_jetpack_memberships_contains_paid_content":false,"footnotes":""},"categories":[775,872,776,802],"tags":[21,209,180,841,125,406,921],"class_list":["post-25024","post","type-post","status-publish","format-standard","has-post-thumbnail","hentry","category-associazione","category-donne-e-motori","category-woman-in-power","category-inclusione-e-attenzione-agli-altri","tag-alfa-romeo","tag-automotive","tag-cozzi","tag-donne-e-motori","tag-heforshe","tag-museo-fratelli-cozzi","tag-united-nation","et-has-post-format-content","et_post_format-et-post-format-standard"],"yoast_head":"<!-- This site is optimized with the Yoast SEO plugin v26.8 - https:\/\/yoast.com\/product\/yoast-seo-wordpress\/ -->\n<title>&quot;Donne e motori? Gioie e basta&quot; Barbazza e Donelli -<\/title>\n<meta name=\"description\" content=\"Prima di conoscere tutti i protagonisti della IV edizione della mostra &quot;Donne e motori? Gioie e basta&quot;: Paola Barbazza e Luca Donelli\" \/>\n<meta name=\"robots\" content=\"index, follow, max-snippet:-1, max-image-preview:large, max-video-preview:-1\" \/>\n<link rel=\"canonical\" href=\"https:\/\/www.museofratellicozzi.com\/news\/donne-e-motori-gioie-e-basta-barbazza-donelli\/\" \/>\n<meta property=\"og:locale\" content=\"it_IT\" \/>\n<meta property=\"og:type\" content=\"article\" \/>\n<meta property=\"og:title\" content=\"&quot;Donne e motori? Gioie e basta&quot; Barbazza e Donelli -\" \/>\n<meta property=\"og:description\" content=\"Prima di conoscere tutti i protagonisti della IV edizione della mostra &quot;Donne e motori? Gioie e basta&quot;: Paola Barbazza e Luca Donelli\" \/>\n<meta property=\"og:url\" content=\"https:\/\/www.museofratellicozzi.com\/news\/donne-e-motori-gioie-e-basta-barbazza-donelli\/\" \/>\n<meta property=\"og:site_name\" content=\"eNews Museo Fratelli Cozzi\" \/>\n<meta property=\"article:published_time\" content=\"2026-01-26T15:45:18+00:00\" \/>\n<meta property=\"article:modified_time\" content=\"2026-01-28T21:49:35+00:00\" \/>\n<meta property=\"og:image\" content=\"https:\/\/www.museofratellicozzi.com\/news\/wp-content\/uploads\/2025\/11\/MUSEO-slide-foto-2025-11-18T181048.558.jpg\" \/>\n\t<meta property=\"og:image:width\" content=\"1920\" \/>\n\t<meta property=\"og:image:height\" content=\"1080\" \/>\n\t<meta property=\"og:image:type\" content=\"image\/jpeg\" \/>\n<meta name=\"author\" content=\"Elisabetta Cozzi\" \/>\n<meta name=\"twitter:card\" content=\"summary_large_image\" \/>\n<meta name=\"twitter:label1\" content=\"Scritto da\" \/>\n\t<meta name=\"twitter:data1\" content=\"Elisabetta Cozzi\" \/>\n\t<meta name=\"twitter:label2\" content=\"Tempo di lettura stimato\" \/>\n\t<meta name=\"twitter:data2\" content=\"10 minuti\" \/>\n<script type=\"application\/ld+json\" class=\"yoast-schema-graph\">{\"@context\":\"https:\/\/schema.org\",\"@graph\":[{\"@type\":\"Article\",\"@id\":\"https:\/\/www.museofratellicozzi.com\/news\/donne-e-motori-gioie-e-basta-barbazza-donelli\/#article\",\"isPartOf\":{\"@id\":\"https:\/\/www.museofratellicozzi.com\/news\/donne-e-motori-gioie-e-basta-barbazza-donelli\/\"},\"author\":{\"name\":\"Elisabetta Cozzi\",\"@id\":\"https:\/\/www.museofratellicozzi.com\/news\/#\/schema\/person\/3c2c242e79e59f9be7b62a0d9673e40d\"},\"headline\":\"&#8220;Donne e motori? Gioie e basta&#8221; Barbazza e Donelli\",\"datePublished\":\"2026-01-26T15:45:18+00:00\",\"dateModified\":\"2026-01-28T21:49:35+00:00\",\"mainEntityOfPage\":{\"@id\":\"https:\/\/www.museofratellicozzi.com\/news\/donne-e-motori-gioie-e-basta-barbazza-donelli\/\"},\"wordCount\":4815,\"commentCount\":0,\"publisher\":{\"@id\":\"https:\/\/www.museofratellicozzi.com\/news\/#organization\"},\"image\":{\"@id\":\"https:\/\/www.museofratellicozzi.com\/news\/donne-e-motori-gioie-e-basta-barbazza-donelli\/#primaryimage\"},\"thumbnailUrl\":\"https:\/\/www.museofratellicozzi.com\/news\/wp-content\/uploads\/2025\/11\/MUSEO-slide-foto-2025-11-18T181048.558.jpg\",\"keywords\":[\"alfa romeo\",\"automotive\",\"cozzi\",\"donne e motori\",\"heforshe\",\"Museo Fratelli Cozzi\",\"United Nation\"],\"articleSection\":[\"Associazione\",\"Donne e Motori\",\"Empowerment femminile\",\"Inclusione e attenzione agli altri\"],\"inLanguage\":\"it-IT\",\"potentialAction\":[{\"@type\":\"CommentAction\",\"name\":\"Comment\",\"target\":[\"https:\/\/www.museofratellicozzi.com\/news\/donne-e-motori-gioie-e-basta-barbazza-donelli\/#respond\"]}]},{\"@type\":\"WebPage\",\"@id\":\"https:\/\/www.museofratellicozzi.com\/news\/donne-e-motori-gioie-e-basta-barbazza-donelli\/\",\"url\":\"https:\/\/www.museofratellicozzi.com\/news\/donne-e-motori-gioie-e-basta-barbazza-donelli\/\",\"name\":\"\\\"Donne e motori? Gioie e basta\\\" Barbazza e Donelli -\",\"isPartOf\":{\"@id\":\"https:\/\/www.museofratellicozzi.com\/news\/#website\"},\"primaryImageOfPage\":{\"@id\":\"https:\/\/www.museofratellicozzi.com\/news\/donne-e-motori-gioie-e-basta-barbazza-donelli\/#primaryimage\"},\"image\":{\"@id\":\"https:\/\/www.museofratellicozzi.com\/news\/donne-e-motori-gioie-e-basta-barbazza-donelli\/#primaryimage\"},\"thumbnailUrl\":\"https:\/\/www.museofratellicozzi.com\/news\/wp-content\/uploads\/2025\/11\/MUSEO-slide-foto-2025-11-18T181048.558.jpg\",\"datePublished\":\"2026-01-26T15:45:18+00:00\",\"dateModified\":\"2026-01-28T21:49:35+00:00\",\"description\":\"Prima di conoscere tutti i protagonisti della IV edizione della mostra \\\"Donne e motori? Gioie e basta\\\": Paola Barbazza e Luca Donelli\",\"breadcrumb\":{\"@id\":\"https:\/\/www.museofratellicozzi.com\/news\/donne-e-motori-gioie-e-basta-barbazza-donelli\/#breadcrumb\"},\"inLanguage\":\"it-IT\",\"potentialAction\":[{\"@type\":\"ReadAction\",\"target\":[\"https:\/\/www.museofratellicozzi.com\/news\/donne-e-motori-gioie-e-basta-barbazza-donelli\/\"]}]},{\"@type\":\"ImageObject\",\"inLanguage\":\"it-IT\",\"@id\":\"https:\/\/www.museofratellicozzi.com\/news\/donne-e-motori-gioie-e-basta-barbazza-donelli\/#primaryimage\",\"url\":\"https:\/\/www.museofratellicozzi.com\/news\/wp-content\/uploads\/2025\/11\/MUSEO-slide-foto-2025-11-18T181048.558.jpg\",\"contentUrl\":\"https:\/\/www.museofratellicozzi.com\/news\/wp-content\/uploads\/2025\/11\/MUSEO-slide-foto-2025-11-18T181048.558.jpg\",\"width\":1920,\"height\":1080},{\"@type\":\"BreadcrumbList\",\"@id\":\"https:\/\/www.museofratellicozzi.com\/news\/donne-e-motori-gioie-e-basta-barbazza-donelli\/#breadcrumb\",\"itemListElement\":[{\"@type\":\"ListItem\",\"position\":1,\"name\":\"Home\",\"item\":\"https:\/\/www.museofratellicozzi.com\/news\/\"},{\"@type\":\"ListItem\",\"position\":2,\"name\":\"&#8220;Donne e motori? Gioie e basta&#8221; Barbazza e Donelli\"}]},{\"@type\":\"WebSite\",\"@id\":\"https:\/\/www.museofratellicozzi.com\/news\/#website\",\"url\":\"https:\/\/www.museofratellicozzi.com\/news\/\",\"name\":\"eNews Museo Fratelli Cozzi\",\"description\":\"Alfa Romeo: un mito che resiste al tempo\",\"publisher\":{\"@id\":\"https:\/\/www.museofratellicozzi.com\/news\/#organization\"},\"potentialAction\":[{\"@type\":\"SearchAction\",\"target\":{\"@type\":\"EntryPoint\",\"urlTemplate\":\"https:\/\/www.museofratellicozzi.com\/news\/?s={search_term_string}\"},\"query-input\":{\"@type\":\"PropertyValueSpecification\",\"valueRequired\":true,\"valueName\":\"search_term_string\"}}],\"inLanguage\":\"it-IT\"},{\"@type\":\"Organization\",\"@id\":\"https:\/\/www.museofratellicozzi.com\/news\/#organization\",\"name\":\"Museo Fratelli Cozzi\",\"url\":\"https:\/\/www.museofratellicozzi.com\/news\/\",\"logo\":{\"@type\":\"ImageObject\",\"inLanguage\":\"it-IT\",\"@id\":\"https:\/\/www.museofratellicozzi.com\/news\/#\/schema\/logo\/image\/\",\"url\":\"https:\/\/www.museofratellicozzi.com\/news\/wp-content\/uploads\/2017\/04\/home.png\",\"contentUrl\":\"https:\/\/www.museofratellicozzi.com\/news\/wp-content\/uploads\/2017\/04\/home.png\",\"width\":497,\"height\":512,\"caption\":\"Museo Fratelli Cozzi\"},\"image\":{\"@id\":\"https:\/\/www.museofratellicozzi.com\/news\/#\/schema\/logo\/image\/\"}},{\"@type\":\"Person\",\"@id\":\"https:\/\/www.museofratellicozzi.com\/news\/#\/schema\/person\/3c2c242e79e59f9be7b62a0d9673e40d\",\"name\":\"Elisabetta Cozzi\",\"image\":{\"@type\":\"ImageObject\",\"inLanguage\":\"it-IT\",\"@id\":\"https:\/\/www.museofratellicozzi.com\/news\/#\/schema\/person\/image\/\",\"url\":\"https:\/\/secure.gravatar.com\/avatar\/a761e7642145a4506dbd3685a69db0fc?s=96&d=mm&r=g\",\"contentUrl\":\"https:\/\/secure.gravatar.com\/avatar\/a761e7642145a4506dbd3685a69db0fc?s=96&d=mm&r=g\",\"caption\":\"Elisabetta Cozzi\"}}]}<\/script>\n<!-- \/ Yoast SEO plugin. -->","yoast_head_json":{"title":"\"Donne e motori? Gioie e basta\" Barbazza e Donelli -","description":"Prima di conoscere tutti i protagonisti della IV edizione della mostra \"Donne e motori? Gioie e basta\": Paola Barbazza e Luca Donelli","robots":{"index":"index","follow":"follow","max-snippet":"max-snippet:-1","max-image-preview":"max-image-preview:large","max-video-preview":"max-video-preview:-1"},"canonical":"https:\/\/www.museofratellicozzi.com\/news\/donne-e-motori-gioie-e-basta-barbazza-donelli\/","og_locale":"it_IT","og_type":"article","og_title":"\"Donne e motori? Gioie e basta\" Barbazza e Donelli -","og_description":"Prima di conoscere tutti i protagonisti della IV edizione della mostra \"Donne e motori? Gioie e basta\": Paola Barbazza e Luca Donelli","og_url":"https:\/\/www.museofratellicozzi.com\/news\/donne-e-motori-gioie-e-basta-barbazza-donelli\/","og_site_name":"eNews Museo Fratelli Cozzi","article_published_time":"2026-01-26T15:45:18+00:00","article_modified_time":"2026-01-28T21:49:35+00:00","og_image":[{"width":1920,"height":1080,"url":"https:\/\/www.museofratellicozzi.com\/news\/wp-content\/uploads\/2025\/11\/MUSEO-slide-foto-2025-11-18T181048.558.jpg","type":"image\/jpeg"}],"author":"Elisabetta Cozzi","twitter_card":"summary_large_image","twitter_misc":{"Scritto da":"Elisabetta Cozzi","Tempo di lettura stimato":"10 minuti"},"schema":{"@context":"https:\/\/schema.org","@graph":[{"@type":"Article","@id":"https:\/\/www.museofratellicozzi.com\/news\/donne-e-motori-gioie-e-basta-barbazza-donelli\/#article","isPartOf":{"@id":"https:\/\/www.museofratellicozzi.com\/news\/donne-e-motori-gioie-e-basta-barbazza-donelli\/"},"author":{"name":"Elisabetta Cozzi","@id":"https:\/\/www.museofratellicozzi.com\/news\/#\/schema\/person\/3c2c242e79e59f9be7b62a0d9673e40d"},"headline":"&#8220;Donne e motori? Gioie e basta&#8221; Barbazza e Donelli","datePublished":"2026-01-26T15:45:18+00:00","dateModified":"2026-01-28T21:49:35+00:00","mainEntityOfPage":{"@id":"https:\/\/www.museofratellicozzi.com\/news\/donne-e-motori-gioie-e-basta-barbazza-donelli\/"},"wordCount":4815,"commentCount":0,"publisher":{"@id":"https:\/\/www.museofratellicozzi.com\/news\/#organization"},"image":{"@id":"https:\/\/www.museofratellicozzi.com\/news\/donne-e-motori-gioie-e-basta-barbazza-donelli\/#primaryimage"},"thumbnailUrl":"https:\/\/www.museofratellicozzi.com\/news\/wp-content\/uploads\/2025\/11\/MUSEO-slide-foto-2025-11-18T181048.558.jpg","keywords":["alfa romeo","automotive","cozzi","donne e motori","heforshe","Museo Fratelli Cozzi","United Nation"],"articleSection":["Associazione","Donne e Motori","Empowerment femminile","Inclusione e attenzione agli altri"],"inLanguage":"it-IT","potentialAction":[{"@type":"CommentAction","name":"Comment","target":["https:\/\/www.museofratellicozzi.com\/news\/donne-e-motori-gioie-e-basta-barbazza-donelli\/#respond"]}]},{"@type":"WebPage","@id":"https:\/\/www.museofratellicozzi.com\/news\/donne-e-motori-gioie-e-basta-barbazza-donelli\/","url":"https:\/\/www.museofratellicozzi.com\/news\/donne-e-motori-gioie-e-basta-barbazza-donelli\/","name":"\"Donne e motori? Gioie e basta\" Barbazza e Donelli -","isPartOf":{"@id":"https:\/\/www.museofratellicozzi.com\/news\/#website"},"primaryImageOfPage":{"@id":"https:\/\/www.museofratellicozzi.com\/news\/donne-e-motori-gioie-e-basta-barbazza-donelli\/#primaryimage"},"image":{"@id":"https:\/\/www.museofratellicozzi.com\/news\/donne-e-motori-gioie-e-basta-barbazza-donelli\/#primaryimage"},"thumbnailUrl":"https:\/\/www.museofratellicozzi.com\/news\/wp-content\/uploads\/2025\/11\/MUSEO-slide-foto-2025-11-18T181048.558.jpg","datePublished":"2026-01-26T15:45:18+00:00","dateModified":"2026-01-28T21:49:35+00:00","description":"Prima di conoscere tutti i protagonisti della IV edizione della mostra \"Donne e motori? Gioie e basta\": Paola Barbazza e Luca Donelli","breadcrumb":{"@id":"https:\/\/www.museofratellicozzi.com\/news\/donne-e-motori-gioie-e-basta-barbazza-donelli\/#breadcrumb"},"inLanguage":"it-IT","potentialAction":[{"@type":"ReadAction","target":["https:\/\/www.museofratellicozzi.com\/news\/donne-e-motori-gioie-e-basta-barbazza-donelli\/"]}]},{"@type":"ImageObject","inLanguage":"it-IT","@id":"https:\/\/www.museofratellicozzi.com\/news\/donne-e-motori-gioie-e-basta-barbazza-donelli\/#primaryimage","url":"https:\/\/www.museofratellicozzi.com\/news\/wp-content\/uploads\/2025\/11\/MUSEO-slide-foto-2025-11-18T181048.558.jpg","contentUrl":"https:\/\/www.museofratellicozzi.com\/news\/wp-content\/uploads\/2025\/11\/MUSEO-slide-foto-2025-11-18T181048.558.jpg","width":1920,"height":1080},{"@type":"BreadcrumbList","@id":"https:\/\/www.museofratellicozzi.com\/news\/donne-e-motori-gioie-e-basta-barbazza-donelli\/#breadcrumb","itemListElement":[{"@type":"ListItem","position":1,"name":"Home","item":"https:\/\/www.museofratellicozzi.com\/news\/"},{"@type":"ListItem","position":2,"name":"&#8220;Donne e motori? Gioie e basta&#8221; Barbazza e Donelli"}]},{"@type":"WebSite","@id":"https:\/\/www.museofratellicozzi.com\/news\/#website","url":"https:\/\/www.museofratellicozzi.com\/news\/","name":"eNews Museo Fratelli Cozzi","description":"Alfa Romeo: un mito che resiste al tempo","publisher":{"@id":"https:\/\/www.museofratellicozzi.com\/news\/#organization"},"potentialAction":[{"@type":"SearchAction","target":{"@type":"EntryPoint","urlTemplate":"https:\/\/www.museofratellicozzi.com\/news\/?s={search_term_string}"},"query-input":{"@type":"PropertyValueSpecification","valueRequired":true,"valueName":"search_term_string"}}],"inLanguage":"it-IT"},{"@type":"Organization","@id":"https:\/\/www.museofratellicozzi.com\/news\/#organization","name":"Museo Fratelli Cozzi","url":"https:\/\/www.museofratellicozzi.com\/news\/","logo":{"@type":"ImageObject","inLanguage":"it-IT","@id":"https:\/\/www.museofratellicozzi.com\/news\/#\/schema\/logo\/image\/","url":"https:\/\/www.museofratellicozzi.com\/news\/wp-content\/uploads\/2017\/04\/home.png","contentUrl":"https:\/\/www.museofratellicozzi.com\/news\/wp-content\/uploads\/2017\/04\/home.png","width":497,"height":512,"caption":"Museo Fratelli Cozzi"},"image":{"@id":"https:\/\/www.museofratellicozzi.com\/news\/#\/schema\/logo\/image\/"}},{"@type":"Person","@id":"https:\/\/www.museofratellicozzi.com\/news\/#\/schema\/person\/3c2c242e79e59f9be7b62a0d9673e40d","name":"Elisabetta Cozzi","image":{"@type":"ImageObject","inLanguage":"it-IT","@id":"https:\/\/www.museofratellicozzi.com\/news\/#\/schema\/person\/image\/","url":"https:\/\/secure.gravatar.com\/avatar\/a761e7642145a4506dbd3685a69db0fc?s=96&d=mm&r=g","contentUrl":"https:\/\/secure.gravatar.com\/avatar\/a761e7642145a4506dbd3685a69db0fc?s=96&d=mm&r=g","caption":"Elisabetta Cozzi"}}]}},"jetpack_featured_media_url":"https:\/\/www.museofratellicozzi.com\/news\/wp-content\/uploads\/2025\/11\/MUSEO-slide-foto-2025-11-18T181048.558.jpg","jetpack_shortlink":"https:\/\/wp.me\/p90Eth-6vC","jetpack_sharing_enabled":true,"post_mailing_queue_ids":[],"_links":{"self":[{"href":"https:\/\/www.museofratellicozzi.com\/news\/wp-json\/wp\/v2\/posts\/25024","targetHints":{"allow":["GET"]}}],"collection":[{"href":"https:\/\/www.museofratellicozzi.com\/news\/wp-json\/wp\/v2\/posts"}],"about":[{"href":"https:\/\/www.museofratellicozzi.com\/news\/wp-json\/wp\/v2\/types\/post"}],"author":[{"embeddable":true,"href":"https:\/\/www.museofratellicozzi.com\/news\/wp-json\/wp\/v2\/users\/7"}],"replies":[{"embeddable":true,"href":"https:\/\/www.museofratellicozzi.com\/news\/wp-json\/wp\/v2\/comments?post=25024"}],"version-history":[{"count":13,"href":"https:\/\/www.museofratellicozzi.com\/news\/wp-json\/wp\/v2\/posts\/25024\/revisions"}],"predecessor-version":[{"id":25169,"href":"https:\/\/www.museofratellicozzi.com\/news\/wp-json\/wp\/v2\/posts\/25024\/revisions\/25169"}],"wp:featuredmedia":[{"embeddable":true,"href":"https:\/\/www.museofratellicozzi.com\/news\/wp-json\/wp\/v2\/media\/24380"}],"wp:attachment":[{"href":"https:\/\/www.museofratellicozzi.com\/news\/wp-json\/wp\/v2\/media?parent=25024"}],"wp:term":[{"taxonomy":"category","embeddable":true,"href":"https:\/\/www.museofratellicozzi.com\/news\/wp-json\/wp\/v2\/categories?post=25024"},{"taxonomy":"post_tag","embeddable":true,"href":"https:\/\/www.museofratellicozzi.com\/news\/wp-json\/wp\/v2\/tags?post=25024"}],"curies":[{"name":"wp","href":"https:\/\/api.w.org\/{rel}","templated":true}]}}