{"id":25043,"date":"2026-01-26T17:57:33","date_gmt":"2026-01-26T16:57:33","guid":{"rendered":"https:\/\/www.museofratellicozzi.com\/news\/?p=25043"},"modified":"2026-01-30T15:49:17","modified_gmt":"2026-01-30T14:49:17","slug":"donne-e-motori-gioie-e-basta-giorgetti-e-nicholls","status":"publish","type":"post","link":"https:\/\/www.museofratellicozzi.com\/news\/donne-e-motori-gioie-e-basta-giorgetti-e-nicholls\/","title":{"rendered":"&#8220;Donne e motori? Gioie e basta&#8221; Giorgetti e Nicholls"},"content":{"rendered":"<p>[et_pb_section fb_built=&#8221;1&#8243; admin_label=&#8221;Sezione&#8221; _builder_version=&#8221;4.8.2&#8243; custom_padding=&#8221;0px|||&#8221; transparent_background=&#8221;off&#8221; make_fullwidth=&#8221;off&#8221; use_custom_width=&#8221;off&#8221; width_unit=&#8221;on&#8221; custom_width_px=&#8221;1080&#8243; custom_width_percent=&#8221;80&#8243;][et_pb_row use_custom_gutter=&#8221;on&#8221; gutter_width=&#8221;1&#8243; disabled_on=&#8221;off|off|off&#8221; admin_label=&#8221;Riga&#8221; module_class=&#8221; et_pb_row_fullwidth&#8221; _builder_version=&#8221;3.25&#8243; background_size=&#8221;initial&#8221; background_position=&#8221;top_left&#8221; background_repeat=&#8221;repeat&#8221; width=&#8221;100%&#8221; width_tablet=&#8221;100%&#8221; width_phone=&#8221;&#8221; width_last_edited=&#8221;on|desktop&#8221; max_width=&#8221;100%&#8221; max_width_tablet=&#8221;100%&#8221; max_width_phone=&#8221;&#8221; max_width_last_edited=&#8221;on|desktop&#8221; custom_padding=&#8221;0px|||&#8221; make_fullwidth=&#8221;on&#8221; use_custom_width=&#8221;off&#8221; width_unit=&#8221;on&#8221; custom_width_px=&#8221;1080&#8243; custom_width_percent=&#8221;80&#8243;][et_pb_column type=&#8221;4_4&#8243; _builder_version=&#8221;3.25&#8243; custom_padding=&#8221;|||&#8221; custom_padding__hover=&#8221;|||&#8221;][et_pb_image src=&#8221;https:\/\/www.museofratellicozzi.com\/news\/wp-content\/uploads\/2025\/11\/MUSEO-slide-foto-2025-11-18T181359.119.jpg&#8221; title_text=&#8221;Alessandra Giorgetti&#8221; force_fullwidth=&#8221;on&#8221; align_tablet=&#8221;center&#8221; align_phone=&#8221;&#8221; align_last_edited=&#8221;on|desktop&#8221; admin_label=&#8221;Immagine principale&#8221; _builder_version=&#8221;4.8.2&#8243; animation=&#8221;off&#8221; sticky=&#8221;off&#8221; use_border_color=&#8221;off&#8221; border_color=&#8221;#ffffff&#8221; border_width=&#8221;1&#8243; border_style=&#8221;solid&#8221; always_center_on_mobile=&#8221;on&#8221;][\/et_pb_image][\/et_pb_column][\/et_pb_row][et_pb_row admin_label=&#8221;Riga&#8221; _builder_version=&#8221;4.8.2&#8243; background_size=&#8221;initial&#8221; background_position=&#8221;top_left&#8221; background_repeat=&#8221;repeat&#8221; custom_padding=&#8221;20px||0px|&#8221; make_fullwidth=&#8221;off&#8221; use_custom_width=&#8221;off&#8221; width_unit=&#8221;on&#8221; custom_width_px=&#8221;1080&#8243; custom_width_percent=&#8221;80&#8243;][et_pb_column type=&#8221;4_4&#8243; _builder_version=&#8221;3.25&#8243; custom_padding=&#8221;|||&#8221; custom_padding__hover=&#8221;|||&#8221;][et_pb_text admin_label=&#8221;Titolo&#8221; _builder_version=&#8221;4.8.2&#8243; text_font=&#8221;PT Sans||||&#8221; text_text_color=&#8221;#000000&#8243; text_font_size=&#8221;60px&#8221; text_letter_spacing=&#8221;0&#8243; text_line_height=&#8221;1.1&#8243; header_font=&#8221;PT Sans||||&#8221; header_text_color=&#8221;#000000&#8243; header_font_size=&#8221;48&#8243; header_letter_spacing=&#8221;0&#8243; header_line_height=&#8221;1.1em&#8221; background_size=&#8221;initial&#8221; background_position=&#8221;top_left&#8221; background_repeat=&#8221;repeat&#8221; custom_margin=&#8221;0px||0px|&#8221; text_font_size_tablet=&#8221;60&#8243; text_font_size_phone=&#8221;&#8221; text_font_size_last_edited=&#8221;on|phone&#8221; text_letter_spacing_tablet=&#8221;&#8221; text_letter_spacing_phone=&#8221;&#8221; text_letter_spacing_last_edited=&#8221;on|desktop&#8221; text_line_height_tablet=&#8221;&#8221; text_line_height_phone=&#8221;&#8221; text_line_height_last_edited=&#8221;on|&#8221; header_font_size_tablet=&#8221;46&#8243; header_font_size_phone=&#8221;38px&#8221; header_font_size_last_edited=&#8221;on|phone&#8221; use_border_color=&#8221;off&#8221; border_color=&#8221;#ffffff&#8221; border_width=&#8221;1&#8243; border_style=&#8221;solid&#8221;]<\/p>\n<p><span style=\"color: #800000;\">Donne e motori? Gioie e basta<\/span><\/p>\n<p>[\/et_pb_text][et_pb_text admin_label=&#8221;Titolo&#8221; _builder_version=&#8221;4.8.2&#8243; text_font=&#8221;PT Sans||||&#8221; text_text_color=&#8221;#000000&#8243; text_font_size=&#8221;45px&#8221; text_letter_spacing=&#8221;0&#8243; text_line_height=&#8221;1.1&#8243; header_font=&#8221;PT Sans||||&#8221; header_text_color=&#8221;#000000&#8243; header_font_size=&#8221;48&#8243; header_letter_spacing=&#8221;0&#8243; header_line_height=&#8221;1.1em&#8221; background_size=&#8221;initial&#8221; background_position=&#8221;top_left&#8221; background_repeat=&#8221;repeat&#8221; custom_margin=&#8221;0px||0px|&#8221; text_font_size_tablet=&#8221;60&#8243; text_font_size_phone=&#8221;&#8221; text_font_size_last_edited=&#8221;on|phone&#8221; text_letter_spacing_tablet=&#8221;&#8221; text_letter_spacing_phone=&#8221;&#8221; text_letter_spacing_last_edited=&#8221;on|desktop&#8221; text_line_height_tablet=&#8221;&#8221; text_line_height_phone=&#8221;&#8221; text_line_height_last_edited=&#8221;on|&#8221; header_font_size_tablet=&#8221;46&#8243; header_font_size_phone=&#8221;38px&#8221; header_font_size_last_edited=&#8221;on|phone&#8221; use_border_color=&#8221;off&#8221; border_color=&#8221;#ffffff&#8221; border_width=&#8221;1&#8243; border_style=&#8221;solid&#8221;]<\/p>\n<p><span data-contrast=\"none\" xml:lang=\"IT-IT\" lang=\"IT-IT\" class=\"TextRun SCXW23414824 BCX0\"><span class=\"NormalTextRun SCXW23414824 BCX0\" data-ccp-parastyle=\"heading 1\">Da una scelta<span>\u00a0<\/span><\/span><span class=\"NormalTextRun SCXW23414824 BCX0\" data-ccp-parastyle=\"heading 1\">\u201c<\/span><span class=\"NormalTextRun SCXW23414824 BCX0\" data-ccp-parastyle=\"heading 1\">obbligata<\/span><span class=\"NormalTextRun SCXW23414824 BCX0\" data-ccp-parastyle=\"heading 1\">\u201d<\/span><span class=\"NormalTextRun SCXW23414824 BCX0\" data-ccp-parastyle=\"heading 1\"><span>\u00a0all&#8217;<\/span>autorevolezza riconosciuta<\/span><\/span><span class=\"EOP SCXW23414824 BCX0\" data-ccp-props=\"{&quot;134245418&quot;:true,&quot;134245529&quot;:true,&quot;201341983&quot;:0,&quot;335559738&quot;:0,&quot;335559739&quot;:0,&quot;335559740&quot;:240}\">\u00a0<\/span><\/p>\n<p>[\/et_pb_text][et_pb_text admin_label=&#8221;Data&#8221; _builder_version=&#8221;4.8.2&#8243; text_font=&#8221;PT Sans|on|||&#8221; text_text_color=&#8221;#363636&#8243; text_font_size=&#8221;18&#8243; text_letter_spacing=&#8221;0&#8243; text_line_height=&#8221;1.7&#8243; header_font_size=&#8221;30&#8243; header_letter_spacing=&#8221;0&#8243; header_line_height=&#8221;1&#8243; background_size=&#8221;initial&#8221; background_position=&#8221;top_left&#8221; background_repeat=&#8221;repeat&#8221; custom_margin=&#8221;10px||0px|&#8221; custom_padding=&#8221;||0px|||&#8221; use_border_color=&#8221;off&#8221; border_color=&#8221;#ffffff&#8221; border_width=&#8221;1&#8243; border_style=&#8221;solid&#8221;]<\/p>\n<p>Gennaio 2026<\/p>\n<p>[\/et_pb_text][\/et_pb_column][\/et_pb_row][\/et_pb_section][et_pb_section fb_built=&#8221;1&#8243; admin_label=&#8221;Section&#8221; _builder_version=&#8221;4.8.2&#8243; background_color=&#8221;#f7f7f4&#8243; transparent_background=&#8221;off&#8221; make_fullwidth=&#8221;off&#8221; use_custom_width=&#8221;off&#8221; width_unit=&#8221;on&#8221; custom_width_px=&#8221;1080&#8243; custom_width_percent=&#8221;80&#8243; collapsed=&#8221;off&#8221;][et_pb_row column_structure=&#8221;1_3,2_3&#8243; padding_mobile=&#8221;on&#8221; column_padding_mobile=&#8221;on&#8221; admin_label=&#8221;row&#8221; _builder_version=&#8221;4.8.2&#8243; background_size=&#8221;initial&#8221; background_position=&#8221;top_left&#8221; background_repeat=&#8221;repeat&#8221; custom_margin=&#8221;10px||||false|false&#8221; custom_padding=&#8221;0px|||&#8221; make_fullwidth=&#8221;off&#8221; use_custom_width=&#8221;off&#8221; width_unit=&#8221;on&#8221; custom_width_px=&#8221;1080&#8243; custom_width_percent=&#8221;80&#8243;][et_pb_column type=&#8221;1_3&#8243; _builder_version=&#8221;3.25&#8243; custom_padding=&#8221;|||&#8221; custom_padding__hover=&#8221;|||&#8221;][et_pb_testimonial portrait_url=&#8221;https:\/\/www.museofratellicozzi.com\/news\/wp-content\/uploads\/2025\/01\/Foto-bio-redazione-MUSEO-1.png&#8221; _builder_version=&#8221;4.8.2&#8243; _module_preset=&#8221;default&#8221; box_shadow_style_image=&#8221;preset1&#8243;]<\/p>\n<h4><span>RITA PAPARELLA<\/span><\/h4>\n<p><span>Ingegnere nucleare, PhD in fisica delle particelle. Giornalista pubblicista e consulente tecnico in progetti industriali di innovazione e R&amp;D<\/span><\/p>\n<p>[\/et_pb_testimonial][\/et_pb_column][et_pb_column type=&#8221;2_3&#8243; _builder_version=&#8221;3.25&#8243; custom_padding=&#8221;|||&#8221; custom_padding__hover=&#8221;|||&#8221;][et_pb_text admin_label=&#8221;Blocco testo 1&#8243; _builder_version=&#8221;4.8.2&#8243; text_font=&#8221;PT Sans||||&#8221; text_text_color=&#8221;#363636&#8243; text_font_size=&#8221;20&#8243; text_letter_spacing=&#8221;0&#8243; text_line_height=&#8221;1.2em&#8221; header_font_size=&#8221;30&#8243; header_letter_spacing=&#8221;0&#8243; header_line_height=&#8221;1&#8243; background_size=&#8221;initial&#8221; background_position=&#8221;top_left&#8221; background_repeat=&#8221;repeat&#8221; max_width=&#8221;620px&#8221; custom_margin=&#8221;0px||0px||false|false&#8221; custom_padding=&#8221;||0px|||&#8221; text_font_size_tablet=&#8221;&#8221; text_font_size_phone=&#8221;&#8221; text_font_size_last_edited=&#8221;on|tablet&#8221; use_border_color=&#8221;off&#8221; border_color=&#8221;#ffffff&#8221; border_width=&#8221;1&#8243; border_style=&#8221;solid&#8221;]<\/p>\n<p><b><span data-contrast=\"auto\">Se \u00e8 la tua prima volta qui, benvenuta\/benvenuto!<\/span><\/b><span data-contrast=\"auto\">\u00a0<\/span><span data-ccp-props=\"{&quot;335551550&quot;:6,&quot;335551620&quot;:6,&quot;335559739&quot;:0}\">\u00a0<\/span><\/p>\n<p><span data-contrast=\"auto\">Con il progetto <strong><span style=\"color: #800000;\"><a href=\"https:\/\/www.museofratellicozzi.com\/news\/donne-e-motori-gioie-e-basta-4-edizione-le-protagoniste\/\" target=\"_blank\" rel=\"noopener noreferrer\" style=\"color: #800000;\"><em>Donne e Motori? Gioie e basta<\/em><\/a><\/span><\/strong>\u00a0Il Museo Fratelli Cozzi ribalta gli stereotipi:<strong>\u00a0<\/strong><\/span><strong>20 donne, 20 storie di forza<\/strong><b><span data-contrast=\"auto\">\u00a0<\/span><\/b><span data-contrast=\"auto\">catturate dall&#8217;obiettivo di\u00a0<\/span><strong>Camilla Albertini<\/strong><span data-contrast=\"auto\">. La quarta edizione compie un passo oltre. Ogni testimonial sceglie il suo\u00a0<\/span><strong>alleato al maschile<\/strong><span data-contrast=\"auto\">: chi sostiene davvero la parit\u00e0 nel proprio percorso professionale. Il dettaglio che colpisce? Non tutte lo hanno ancora trovato.<\/span><span data-ccp-props=\"{&quot;335551550&quot;:6,&quot;335551620&quot;:6,&quot;335559739&quot;:0}\">\u00a0<\/span><\/p>\n<p><span data-contrast=\"auto\">La parit\u00e0 non \u00e8 una battaglia solitaria. \u00c8 una responsabilit\u00e0 condivisa che ridefinisce il progresso di tutti.<\/span><span data-ccp-props=\"{&quot;335551550&quot;:6,&quot;335551620&quot;:6,&quot;335559739&quot;:0}\">\u00a0<\/span><\/p>\n<p><span data-contrast=\"auto\">Segui questo viaggio tra presenze e attese. Alcune storie ti sorprenderanno.<\/span><span data-ccp-props=\"{&quot;335551550&quot;:6,&quot;335551620&quot;:6,&quot;335559739&quot;:0}\">\u00a0<\/span><\/p>\n<p>[\/et_pb_text][\/et_pb_column][\/et_pb_row][et_pb_row column_structure=&#8221;1_2,1_2&#8243; _builder_version=&#8221;4.8.2&#8243; _module_preset=&#8221;default&#8221;][et_pb_column type=&#8221;1_2&#8243; _builder_version=&#8221;4.8.2&#8243; _module_preset=&#8221;default&#8221;][et_pb_image src=&#8221;https:\/\/www.museofratellicozzi.com\/news\/wp-content\/uploads\/2026\/01\/Foto-Paparella-96.png&#8221; title_text=&#8221;Alessandra Giorgetti&#8221; _builder_version=&#8221;4.8.2&#8243; _module_preset=&#8221;default&#8221;][\/et_pb_image][et_pb_text _builder_version=&#8221;4.8.2&#8243; _module_preset=&#8221;default&#8221;]<\/p>\n<p>Alessandra Giorgetti<\/p>\n<p>[\/et_pb_text][\/et_pb_column][et_pb_column type=&#8221;1_2&#8243; _builder_version=&#8221;4.8.2&#8243; _module_preset=&#8221;default&#8221;][et_pb_image src=&#8221;https:\/\/www.museofratellicozzi.com\/news\/wp-content\/uploads\/2026\/01\/Foto-Paparella-97.png&#8221; title_text=&#8221;James Nicholls &#8221; _builder_version=&#8221;4.8.2&#8243; _module_preset=&#8221;default&#8221;][\/et_pb_image][et_pb_text _builder_version=&#8221;4.8.2&#8243; _module_preset=&#8221;default&#8221;]<\/p>\n<p><span data-contrast=\"auto\" xml:lang=\"IT-IT\" lang=\"IT-IT\" class=\"TextRun SCXW49355412 BCX0\"><span class=\"NormalTextRun SCXW49355412 BCX0\">Nicholls<\/span><\/span><span class=\"EOP SCXW49355412 BCX0\" data-ccp-props=\"{&quot;335551550&quot;:6,&quot;335551620&quot;:6}\">\u00a0<\/span><\/p>\n<p>[\/et_pb_text][\/et_pb_column][\/et_pb_row][et_pb_row column_structure=&#8221;1_2,1_2&#8243; padding_mobile=&#8221;on&#8221; column_padding_mobile=&#8221;on&#8221; admin_label=&#8221;row&#8221; _builder_version=&#8221;4.8.2&#8243; background_size=&#8221;initial&#8221; background_position=&#8221;top_left&#8221; background_repeat=&#8221;repeat&#8221; custom_margin=&#8221;10px||||false|false&#8221; custom_padding=&#8221;0px|||&#8221; make_fullwidth=&#8221;off&#8221; use_custom_width=&#8221;off&#8221; width_unit=&#8221;on&#8221; custom_width_px=&#8221;1080&#8243; custom_width_percent=&#8221;80&#8243;][et_pb_column type=&#8221;1_2&#8243; _builder_version=&#8221;3.25&#8243; custom_padding=&#8221;|||&#8221; custom_padding__hover=&#8221;|||&#8221;][et_pb_text admin_label=&#8221;Blocco testo 1&#8243; _builder_version=&#8221;4.8.2&#8243; text_font=&#8221;PT Sans||||||||&#8221; text_text_color=&#8221;#363636&#8243; text_font_size=&#8221;20&#8243; text_letter_spacing=&#8221;0&#8243; text_line_height=&#8221;1.2em&#8221; header_font_size=&#8221;30&#8243; header_letter_spacing=&#8221;0&#8243; header_line_height=&#8221;1&#8243; background_size=&#8221;initial&#8221; background_position=&#8221;top_left&#8221; background_repeat=&#8221;repeat&#8221; max_width=&#8221;620px&#8221; custom_margin=&#8221;0px||0px||false|false&#8221; custom_padding=&#8221;||0px|||&#8221; hover_enabled=&#8221;0&#8243; text_font_size_tablet=&#8221;&#8221; text_font_size_phone=&#8221;&#8221; text_font_size_last_edited=&#8221;on|tablet&#8221; use_border_color=&#8221;off&#8221; border_color=&#8221;#ffffff&#8221; border_width=&#8221;1&#8243; border_style=&#8221;solid&#8221; sticky_enabled=&#8221;0&#8243;]<\/p>\n<h3><span style=\"color: #800000;\"><b>Alessandra Giorgetti<\/b>\u00a0<\/span><\/h3>\n<p><em><span data-contrast=\"auto\" xml:lang=\"IT-IT\" lang=\"IT-IT\" class=\"TextRun SCXW237051334 BCX0\"><span class=\"NormalTextRun SCXW237051334 BCX0\">Responsabile Commerciale AFRA ricambi \u2013 Vice Presidente Registro Internazionale Touring Superleggera \u2013 Giudice Internazionale Concorsi d\u2019Eleganza Auto<\/span><\/span><span class=\"EOP SCXW237051334 BCX0\" data-ccp-props=\"{&quot;335559739&quot;:0}\">\u00a0<\/span><\/em><\/p>\n<p><em><span class=\"EOP SCXW237051334 BCX0\" data-ccp-props=\"{&quot;335559739&quot;:0}\"><\/span><\/em><\/p>\n<p><em><span class=\"EOP SCXW237051334 BCX0\" data-ccp-props=\"{&quot;335559739&quot;:0}\"><\/span><\/em><\/p>\n<p><span data-contrast=\"auto\"><\/span><\/p>\n<p><span data-contrast=\"auto\">Dalla moda ai motori d\u2019epoca per \u201cscelta obbligata\u201d: Alessandra trasforma un aut aut familiare in una carriera internazionale in un mondo maschile. <\/span><\/p>\n<p><span data-contrast=\"auto\">Valorizzata prima all&#8217;estero e poi in Italia, conquista giurie, ruoli apicali e autorevolezza con competenza e resilienza. La sua rivincita parte dal basso e arriva lontano.<\/span><span data-ccp-props=\"{&quot;335551550&quot;:6,&quot;335551620&quot;:6}\">\u00a0<\/span><\/p>\n<p>[\/et_pb_text][\/et_pb_column][et_pb_column type=&#8221;1_2&#8243; _builder_version=&#8221;4.8.2&#8243; _module_preset=&#8221;default&#8221;][et_pb_text admin_label=&#8221;Blocco testo 1&#8243; _builder_version=&#8221;4.8.2&#8243; text_font=&#8221;PT Sans||||||||&#8221; text_text_color=&#8221;#363636&#8243; text_font_size=&#8221;20&#8243; text_letter_spacing=&#8221;0&#8243; text_line_height=&#8221;1.2em&#8221; header_font_size=&#8221;30&#8243; header_letter_spacing=&#8221;0&#8243; header_line_height=&#8221;1&#8243; background_size=&#8221;initial&#8221; background_position=&#8221;top_left&#8221; background_repeat=&#8221;repeat&#8221; max_width=&#8221;620px&#8221; custom_margin=&#8221;0px||0px||false|false&#8221; custom_padding=&#8221;||0px|||&#8221; text_font_size_tablet=&#8221;&#8221; text_font_size_phone=&#8221;&#8221; text_font_size_last_edited=&#8221;on|tablet&#8221; use_border_color=&#8221;off&#8221; border_color=&#8221;#ffffff&#8221; border_width=&#8221;1&#8243; border_style=&#8221;solid&#8221;]<\/p>\n<h3><span style=\"color: #800000;\"><b>James\u00a0Nicholls<\/b>\u00a0<\/span><\/h3>\n<p><em><span data-contrast=\"auto\" xml:lang=\"EN-GB\" lang=\"EN-GB\" class=\"TextRun SCXW265626144 BCX0\"><span class=\"NormalTextRun SCXW265626144 BCX0\">Founder of the Sydney Harbour Concours d\u2019Elegance \u2013 Austaralasian delegate for the Riva Historical Society \u2013 Writer, Photographer, Broadcaster, Concours judge, Adviser and Auctioneer<\/span><\/span><span class=\"EOP SCXW265626144 BCX0\" data-ccp-props=\"{&quot;335559739&quot;:0}\">\u00a0<\/span><\/em><\/p>\n<p><span data-contrast=\"auto\">Dal cuore dei grandi concorsi internazionali nasce un\u2019alleanza che cambia le regole: James Nicholls, leader\u00a0dell\u2019automotive\u00a0storico, sceglie il merito prima del genere. <\/span><\/p>\n<p><span data-contrast=\"auto\">Tra talento riconosciuto, errori ammessi ed empatia concreta, racconta perch\u00e9 valorizzare le donne non \u00e8 un gesto simbolico, ma una scelta di eccellenza.<\/span><span data-ccp-props=\"{&quot;335551550&quot;:6,&quot;335551620&quot;:6}\">\u00a0<\/span><\/p>\n<p>[\/et_pb_text][\/et_pb_column][\/et_pb_row][et_pb_row _builder_version=&#8221;4.8.2&#8243; _module_preset=&#8221;default&#8221;][et_pb_column type=&#8221;4_4&#8243; _builder_version=&#8221;4.8.2&#8243; _module_preset=&#8221;default&#8221;][et_pb_image src=&#8221;https:\/\/www.museofratellicozzi.com\/news\/wp-content\/uploads\/2026\/01\/Blu-Giallo-Nero-Compleanno-Foto-Collage-4.png&#8221; title_text=&#8221;Alessandra Giorgetti&#8221; _builder_version=&#8221;4.8.2&#8243; _module_preset=&#8221;default&#8221;][\/et_pb_image][et_pb_text _builder_version=&#8221;4.8.2&#8243; _module_preset=&#8221;default&#8221;]<\/p>\n<p>Alessandra Giorgetti<\/p>\n<p>[\/et_pb_text][\/et_pb_column][\/et_pb_row][et_pb_row column_structure=&#8221;1_3,2_3&#8243; padding_mobile=&#8221;on&#8221; column_padding_mobile=&#8221;on&#8221; admin_label=&#8221;row&#8221; _builder_version=&#8221;4.8.2&#8243; background_size=&#8221;initial&#8221; background_position=&#8221;top_left&#8221; background_repeat=&#8221;repeat&#8221; custom_margin=&#8221;10px||||false|false&#8221; custom_padding=&#8221;0px|||&#8221; make_fullwidth=&#8221;off&#8221; use_custom_width=&#8221;off&#8221; width_unit=&#8221;on&#8221; custom_width_px=&#8221;1080&#8243; custom_width_percent=&#8221;80&#8243;][et_pb_column type=&#8221;1_3&#8243; _builder_version=&#8221;3.25&#8243; custom_padding=&#8221;|||&#8221; custom_padding__hover=&#8221;|||&#8221;][\/et_pb_column][et_pb_column type=&#8221;2_3&#8243; _builder_version=&#8221;3.25&#8243; custom_padding=&#8221;|||&#8221; custom_padding__hover=&#8221;|||&#8221;][et_pb_text admin_label=&#8221;Blocco testo 1&#8243; _builder_version=&#8221;4.8.2&#8243; text_font=&#8221;PT Sans||||||||&#8221; text_text_color=&#8221;#363636&#8243; text_font_size=&#8221;20&#8243; text_letter_spacing=&#8221;0&#8243; text_line_height=&#8221;1.2em&#8221; header_font_size=&#8221;30&#8243; header_letter_spacing=&#8221;0&#8243; header_line_height=&#8221;1&#8243; background_size=&#8221;initial&#8221; background_position=&#8221;top_left&#8221; background_repeat=&#8221;repeat&#8221; max_width=&#8221;620px&#8221; custom_margin=&#8221;0px||0px||false|false&#8221; custom_padding=&#8221;||0px|||&#8221; text_font_size_tablet=&#8221;&#8221; text_font_size_phone=&#8221;&#8221; text_font_size_last_edited=&#8221;on|tablet&#8221; use_border_color=&#8221;off&#8221; border_color=&#8221;#ffffff&#8221; border_width=&#8221;1&#8243; border_style=&#8221;solid&#8221;]<\/p>\n<p><strong><span style=\"color: #800000;\">Origini e scintilla iniziale<\/span><\/strong><span data-ccp-props=\"{&quot;335551550&quot;:6,&quot;335551620&quot;:6,&quot;335559685&quot;:720}\"><\/span><\/p>\n<p><span data-contrast=\"auto\">La storia professionale di Alessandra nasce molto prima della sua consapevolezza di farne parte. L\u2019azienda di famiglia,<strong> AFRA<\/strong>, specializzata in ricambi per auto storiche, affonda le radici nel secondo dopoguerra, quando il nonno,\u00a0tecnico Alfa Romeo,\u00a0intu\u00ec l\u2019urgenza di rimettere in strada i veicoli di un Paese che ripartiva. \u00abLa mia passione, come tutte le ragazze di Milano, era la moda\u00bb. Il primo lavoro \u00e8 infatti in Corso Como 10, tempio del fashion milanese,\u00a0di <strong>Carla Sozzani<\/strong>, giornalista di moda, editore e gallerista.\u00a0Un\u00a0punto di riferimento per il lusso e la moda di ricerca,\u00a0riconosciuto a livello mondiale come il primo vero e proprio &#8220;concept store&#8221;, unendo moda, arte, design, fotografia e cucina in un unico spazio rivoluzionario.<\/span><span data-ccp-props=\"{&quot;335551550&quot;:6,&quot;335551620&quot;:6,&quot;335559685&quot;:720}\">\u00a0<\/span><\/p>\n<p><span data-contrast=\"auto\">La svolta arriva dopo l\u2019universit\u00e0, con un aut aut paterno: \u201c<strong>O me o loro<\/strong>\u201d. Una scelta quasi obbligata\u00a0che Alessandra accetta\u00a0comunque\u00a0di buon grado. Entra in azienda nel 1999, partendo\u00a0dal basso, attraversando tutti i reparti, dal magazzino al commerciale, seguendo una regola semplice e severa: \u00ab<strong>Prima di comandare bisogna saper fare<\/strong>\u00bb.<\/span><span data-ccp-props=\"{&quot;335551550&quot;:6,&quot;335551620&quot;:6,&quot;335559685&quot;:720}\">\u00a0<\/span><\/p>\n<p><span style=\"color: #800000;\"><strong>Sfide e stereotipi di genere<\/strong><\/span><\/p>\n<p><span data-contrast=\"auto\">L\u2019automotive storico \u00e8 un mondo ancora profondamente maschile, soprattutto in Italia. Alessandra lo scopre presto\u00a0nel confronto con fornitori, clienti e interlocutori esterni. \u00abLa donna,\u00a0nel mondo delle auto,\u00a0per\u00a0gli uomini\u00a0non \u00e8 attendibile, non ha credibilit\u00e0\u201d. A lungo viene percepita come \u201c<strong>la ragazza che parla<\/strong>\u201d, efficiente ma non decisionale.<\/span><span data-ccp-props=\"{&quot;335551550&quot;:6,&quot;335551620&quot;:6,&quot;335559685&quot;:720}\">\u00a0<\/span><\/p>\n<p><span data-contrast=\"auto\">La difficolt\u00e0 non \u00e8 solo imporsi, ma essere riconosciuta per\u00a0la\u00a0competenza\u00a0e\u00a0non per ruolo ereditato o\u00a0per la\u00a0presenza simbolica. Nei contesti pubblici, nei concorsi di eleganza, Alessandra adotta una strategia consapevole, impegnandosi in\u00a0interventi tecnici puntuali,\u00a0comunicando la propria\u00a0sobriet\u00e0 nell\u2019immagine,\u00a0con un\u2019attenzione\u00a0nello\u00a0<strong>spostare il focus dall\u2019apparenza ai contenuti.\u00a0<\/strong><\/span><strong>\u00a0<\/strong><\/p>\n<p><strong><span style=\"color: #800000;\">Valori e visione personale<\/span><\/strong><span data-ccp-props=\"{&quot;335551550&quot;:6,&quot;335551620&quot;:6,&quot;335559685&quot;:720}\"><\/span><\/p>\n<p><span data-contrast=\"auto\">Il suo percorso \u00e8 segnato da una negoziazione continua tra fermezza e adattamento. \u00abSe devo puntare i piedi li punto, ma \u00e8 difficile\u00bb. La credibilit\u00e0, per Alessandra,\u00a0si costruisce soprattutto\u00a0con la <strong>coerenza<\/strong> e\u00a0con\u00a0la <strong>conoscenza<\/strong> profonda del settore, perch\u00e9 sia\u00a0individuato,\u00a0e confermato anche nel tempo, il valore della persona, donna o uomo che sia.<\/span><span data-ccp-props=\"{&quot;335551550&quot;:6,&quot;335551620&quot;:6,&quot;335559685&quot;:720}\">\u00a0<\/span><\/p>\n<p><span data-contrast=\"auto\">In tale ottica,\u00a0sviluppa una visione ampia dell\u2019automobile storica come patrimonio culturale\u00a0oltre che\u00a0come oggetto tecnico. Un approccio che trova terreno fertile soprattutto all\u2019estero, dove il<strong> dialogo tra competenze diverse<\/strong> \u00e8 pi\u00f9 naturale e meno gerarchico.<\/span><span data-ccp-props=\"{&quot;335551550&quot;:6,&quot;335551620&quot;:6,&quot;335559685&quot;:720}\">\u00a0<\/span><\/p>\n<p>[\/et_pb_text][\/et_pb_column][\/et_pb_row][et_pb_row _builder_version=&#8221;4.8.2&#8243; _module_preset=&#8221;default&#8221;][et_pb_column type=&#8221;4_4&#8243; _builder_version=&#8221;4.8.2&#8243; _module_preset=&#8221;default&#8221;][et_pb_divider _builder_version=&#8221;4.8.2&#8243; _module_preset=&#8221;default&#8221;][\/et_pb_divider][\/et_pb_column][\/et_pb_row][et_pb_row padding_mobile=&#8221;on&#8221; column_padding_mobile=&#8221;on&#8221; admin_label=&#8221;row&#8221; _builder_version=&#8221;4.8.2&#8243; background_size=&#8221;initial&#8221; background_position=&#8221;top_left&#8221; background_repeat=&#8221;repeat&#8221; custom_margin=&#8221;10px||||false|false&#8221; custom_padding=&#8221;0px|||&#8221; make_fullwidth=&#8221;off&#8221; use_custom_width=&#8221;off&#8221; width_unit=&#8221;on&#8221; custom_width_px=&#8221;1080&#8243; custom_width_percent=&#8221;80&#8243;][et_pb_column type=&#8221;4_4&#8243; _builder_version=&#8221;3.25&#8243; custom_padding=&#8221;|||&#8221; custom_padding__hover=&#8221;|||&#8221;][et_pb_text admin_label=&#8221;Titolo&#8221; _builder_version=&#8221;4.8.2&#8243; text_font=&#8221;PT Sans||on||||||&#8221; text_text_color=&#8221;#000000&#8243; text_font_size=&#8221;45px&#8221; text_letter_spacing=&#8221;0&#8243; text_line_height=&#8221;1.1&#8243; header_font=&#8221;PT Sans||||&#8221; header_text_color=&#8221;#000000&#8243; header_font_size=&#8221;48&#8243; header_letter_spacing=&#8221;0&#8243; header_line_height=&#8221;1.1em&#8221; background_size=&#8221;initial&#8221; background_position=&#8221;top_left&#8221; background_repeat=&#8221;repeat&#8221; custom_margin=&#8221;0px||0px|&#8221; text_font_size_tablet=&#8221;60&#8243; text_font_size_phone=&#8221;&#8221; text_font_size_last_edited=&#8221;on|phone&#8221; text_letter_spacing_tablet=&#8221;&#8221; text_letter_spacing_phone=&#8221;&#8221; text_letter_spacing_last_edited=&#8221;on|desktop&#8221; text_line_height_tablet=&#8221;&#8221; text_line_height_phone=&#8221;&#8221; text_line_height_last_edited=&#8221;on|&#8221; header_font_size_tablet=&#8221;46&#8243; header_font_size_phone=&#8221;38px&#8221; header_font_size_last_edited=&#8221;on|phone&#8221; use_border_color=&#8221;off&#8221; border_color=&#8221;#ffffff&#8221; border_width=&#8221;1&#8243; border_style=&#8221;solid&#8221;]<\/p>\n<p>&#8220;<span data-contrast=\"auto\"><em>James Nicholls \u00e8\u00a0stato il primo a darmi fiducia con un ruolo, per sua scelta effettiva<\/em><\/span>&#8220;<\/p>\n<p>[\/et_pb_text][\/et_pb_column][\/et_pb_row][et_pb_row _builder_version=&#8221;4.8.2&#8243; _module_preset=&#8221;default&#8221;][et_pb_column type=&#8221;4_4&#8243; _builder_version=&#8221;4.8.2&#8243; _module_preset=&#8221;default&#8221;][et_pb_divider _builder_version=&#8221;4.8.2&#8243; _module_preset=&#8221;default&#8221;][\/et_pb_divider][\/et_pb_column][\/et_pb_row][et_pb_row column_structure=&#8221;1_3,2_3&#8243; padding_mobile=&#8221;on&#8221; column_padding_mobile=&#8221;on&#8221; admin_label=&#8221;row&#8221; _builder_version=&#8221;4.8.2&#8243; background_size=&#8221;initial&#8221; background_position=&#8221;top_left&#8221; background_repeat=&#8221;repeat&#8221; custom_margin=&#8221;10px||||false|false&#8221; custom_padding=&#8221;0px|||&#8221; make_fullwidth=&#8221;off&#8221; use_custom_width=&#8221;off&#8221; width_unit=&#8221;on&#8221; custom_width_px=&#8221;1080&#8243; custom_width_percent=&#8221;80&#8243;][et_pb_column type=&#8221;1_3&#8243; _builder_version=&#8221;3.25&#8243; custom_padding=&#8221;|||&#8221; custom_padding__hover=&#8221;|||&#8221;][\/et_pb_column][et_pb_column type=&#8221;2_3&#8243; _builder_version=&#8221;3.25&#8243; custom_padding=&#8221;|||&#8221; custom_padding__hover=&#8221;|||&#8221;][et_pb_text admin_label=&#8221;Blocco testo 1&#8243; _builder_version=&#8221;4.8.2&#8243; text_font=&#8221;PT Sans||||||||&#8221; text_text_color=&#8221;#363636&#8243; text_font_size=&#8221;20&#8243; text_letter_spacing=&#8221;0&#8243; text_line_height=&#8221;1.2em&#8221; header_font_size=&#8221;30&#8243; header_letter_spacing=&#8221;0&#8243; header_line_height=&#8221;1&#8243; background_size=&#8221;initial&#8221; background_position=&#8221;top_left&#8221; background_repeat=&#8221;repeat&#8221; max_width=&#8221;620px&#8221; custom_margin=&#8221;0px||0px||false|false&#8221; custom_padding=&#8221;||0px|||&#8221; text_font_size_tablet=&#8221;&#8221; text_font_size_phone=&#8221;&#8221; text_font_size_last_edited=&#8221;on|tablet&#8221; use_border_color=&#8221;off&#8221; border_color=&#8221;#ffffff&#8221; border_width=&#8221;1&#8243; border_style=&#8221;solid&#8221;]<\/p>\n<p><strong><span style=\"color: #800000;\">Momenti di svolta e resilienza<\/span><\/strong><span data-ccp-props=\"{&quot;335551550&quot;:6,&quot;335551620&quot;:6,&quot;335559685&quot;:720}\"><\/span><\/p>\n<p><span data-contrast=\"auto\">Il punto di rottura arriva nel 2018, quando una professionista molto pi\u00f9 giovane le passa davanti senza avere competenze paragonabili. \u00abLa colpa era mia, perch\u00e9 di un\u2019altra generazione,\u00a0sono sempre remissiva\u00bb. Da l\u00ec nasce una nuova consapevolezza\u00a0legata al desiderio di\u00a0uscire dal ruolo informale di regista invisibile per rivendicare una posizione riconosciuta.<\/span><span data-ccp-props=\"{&quot;335551550&quot;:6,&quot;335551620&quot;:6,&quot;335559685&quot;:720}\">\u00a0<\/span><\/p>\n<p><span data-contrast=\"auto\"><strong>La svolta arriva grazie ad altre donne<\/strong>, quando, durante un raduno, sono le mogli dei partecipanti a chiedere apertamente che Alessandra diventi vicepresidente del Registro Internazionale Touring Superleggera. Un riconoscimento formale che apre nuove porte: giurie internazionali, concorsi in India, Australia, Svizzera.<\/span><span data-ccp-props=\"{&quot;335551550&quot;:6,&quot;335551620&quot;:6,&quot;335559685&quot;:720}\">\u00a0<\/span><\/p>\n<p><span data-contrast=\"auto\">In Australia, chiamata all\u2019ultimo momento come presidente di giuria, realizza la portata del suo percorso. Prepara documenti, coordina i lavori, guida un team internazionale. \u00ab<em>James Nicholls \u00e8\u00a0stato il primo a darmi fiducia con un ruolo, per sua scelta effettiva<\/em>\u00bb.<\/span><span data-ccp-props=\"{&quot;335551550&quot;:6,&quot;335551620&quot;:6,&quot;335559685&quot;:720}\">\u00a0<\/span><\/p>\n<p><span data-contrast=\"auto\">L\u2019Italia, per\u00f2, resta indietro. Solo nel 2023 arriva la chiamata come giurata al Concorso d\u2019Eleganza di Varignana. \u00abQuando mi sono seduta l\u00ec, mi sono detta \u2018sono arrivata\u2019\u00bb. Dopo che il resto del mondo l\u2019aveva gi\u00e0\u00a0legittimata.<\/span><span data-ccp-props=\"{&quot;335551550&quot;:6,&quot;335551620&quot;:6,&quot;335559685&quot;:720}\">\u00a0<\/span><\/p>\n<p><strong><span style=\"color: #800000;\">HeForShe<\/span><\/strong><\/p>\n<p><span data-contrast=\"auto\">Nel suo cammino, Alessandra ravvisa\u00a0il valore degli alleati uomini: il fratello Matteo, capace di mediare; il padre, critico ma formativo; Franco Ronchi, presidente del Registro Touring; James\u00a0Nicholls, collega internazionale che le affida ruoli chiave senza esitazioni.<\/span><span><br \/> <\/span><\/p>\n<p><span data-contrast=\"auto\">Ma, contrariamente allo stereotipo secondo il quale le donne non sanno fare squadra,\u00a0il sostegno pi\u00f9 costante arriva\u00a0proprio da loro. \u00ab<em>Ho sempre ricevuto grande supporto dalle donne\u2026 tutte quelle che sono cresciute senza poter mai prendere la parola<\/em>\u00bb.\u00a0Evitando la\u00a0contrapposizione, il suo impegno non \u00e8 una battaglia contro qualcuno, ma una spinta affinch\u00e9 altre possano trovare consapevolezza e sicurezza.<\/span><span data-ccp-props=\"{&quot;335551550&quot;:6,&quot;335551620&quot;:6,&quot;335559685&quot;:720,&quot;335559739&quot;:0}\">\u00a0<\/span><\/p>\n<p><span data-contrast=\"auto\">Fare buon viso a cattivo gioco, per Alessandra non ha significato subire, ma trasformare una strada non scelta in un percorso autorevole.\u00a0<\/span><span data-ccp-props=\"{&quot;335551550&quot;:6,&quot;335551620&quot;:6,&quot;335559685&quot;:720}\">\u00a0<\/span><\/p>\n<p>[\/et_pb_text][\/et_pb_column][\/et_pb_row][et_pb_row _builder_version=&#8221;4.8.2&#8243; _module_preset=&#8221;default&#8221;][et_pb_column type=&#8221;4_4&#8243; _builder_version=&#8221;4.8.2&#8243; _module_preset=&#8221;default&#8221;][et_pb_image src=&#8221;https:\/\/www.museofratellicozzi.com\/news\/wp-content\/uploads\/2026\/01\/Blu-Giallo-Nero-Compleanno-Foto-Collage-5.png&#8221; title_text=&#8221;James Nicholls&#8221; _builder_version=&#8221;4.8.2&#8243; _module_preset=&#8221;default&#8221;][\/et_pb_image][et_pb_text _builder_version=&#8221;4.8.2&#8243; _module_preset=&#8221;default&#8221;]<\/p>\n<p><span data-contrast=\"none\" xml:lang=\"IT-IT\" lang=\"IT-IT\" class=\"TextRun SCXW61225804 BCX0\"><span class=\"NormalTextRun SCXW61225804 BCX0\" data-ccp-parastyle=\"heading 1\">James Nicholls<\/span><\/span><\/p>\n<p>[\/et_pb_text][\/et_pb_column][\/et_pb_row][et_pb_row column_structure=&#8221;1_3,2_3&#8243; padding_mobile=&#8221;on&#8221; column_padding_mobile=&#8221;on&#8221; admin_label=&#8221;row&#8221; _builder_version=&#8221;4.8.2&#8243; background_size=&#8221;initial&#8221; background_position=&#8221;top_left&#8221; background_repeat=&#8221;repeat&#8221; custom_margin=&#8221;10px||||false|false&#8221; custom_padding=&#8221;0px|||&#8221; make_fullwidth=&#8221;off&#8221; use_custom_width=&#8221;off&#8221; width_unit=&#8221;on&#8221; custom_width_px=&#8221;1080&#8243; custom_width_percent=&#8221;80&#8243;][et_pb_column type=&#8221;1_3&#8243; _builder_version=&#8221;3.25&#8243; custom_padding=&#8221;|||&#8221; custom_padding__hover=&#8221;|||&#8221;][\/et_pb_column][et_pb_column type=&#8221;2_3&#8243; _builder_version=&#8221;3.25&#8243; custom_padding=&#8221;|||&#8221; custom_padding__hover=&#8221;|||&#8221;][et_pb_text admin_label=&#8221;Blocco testo 1&#8243; _builder_version=&#8221;4.8.2&#8243; text_font=&#8221;PT Sans||||&#8221; text_text_color=&#8221;#363636&#8243; text_font_size=&#8221;20&#8243; text_letter_spacing=&#8221;0&#8243; text_line_height=&#8221;1.2em&#8221; header_font_size=&#8221;30&#8243; header_letter_spacing=&#8221;0&#8243; header_line_height=&#8221;1&#8243; background_size=&#8221;initial&#8221; background_position=&#8221;top_left&#8221; background_repeat=&#8221;repeat&#8221; max_width=&#8221;620px&#8221; custom_margin=&#8221;0px||0px||false|false&#8221; text_font_size_tablet=&#8221;&#8221; text_font_size_phone=&#8221;&#8221; text_font_size_last_edited=&#8221;on|tablet&#8221; use_border_color=&#8221;off&#8221; border_color=&#8221;#ffffff&#8221; border_width=&#8221;1&#8243; border_style=&#8221;solid&#8221;]<\/p>\n<p><strong><span style=\"color: #800000;\">L\u2019incontro: riconoscere il talento prima dell\u2019etichetta<\/span><\/strong><span data-ccp-props=\"{&quot;335551550&quot;:6,&quot;335551620&quot;:6,&quot;335559685&quot;:720}\"><\/span><\/p>\n<p><span data-contrast=\"auto\">James Nicholls \u00e8 una <strong>figura centrale del panorama internazionale dell\u2019automotive storico<\/strong>: fondatore del Sydney Harbour Concours d\u2019Elegance, auctioneer, giornalista, fotografo, giurato nei pi\u00f9 importanti concorsi del mondo, da Chantilly a Zoute, dall\u2019India a Malta. Un percorso costruito su dedizione assoluta, studio continuo,\u00a0una visione\u00a0strategica, dinamismo, competenza e capacit\u00e0 di valorizzazione delle eccellenze.<\/span><span data-ccp-props=\"{&quot;335551550&quot;:6,&quot;335551620&quot;:6,&quot;335559685&quot;:720}\">\u00a0<\/span><\/p>\n<p><span data-contrast=\"auto\">Il primo incontro con Alessandra Giorgetti avviene in India, durante un concorso internazionale. \u00ab<em>Come si fa a non ricordare\u00a0il momento in cui si incontra per la prima volta\u00a0una persona cos\u00ec dinamica, entusiasta e competente<\/em>?\u00bb. <strong>Un approccio umano e professionale insieme\u00a0a competenze tecniche specifiche<\/strong>,\u00a0in una persona\u00a0capace di tenere insieme organizzazione, autorevolezza e relazione.\u00a0<\/span><span data-ccp-props=\"{&quot;335551550&quot;:6,&quot;335551620&quot;:6,&quot;335559685&quot;:720}\">\u00a0<\/span><\/p>\n<p><strong><span style=\"color: #800000;\">La riflessione: leadership, genere e merito<\/span><\/strong><\/p>\n<p><span data-contrast=\"auto\">Il percorso di\u00a0James\u00a0attraversa ambienti storicamente maschili, come le\u00a0aste internazionali,\u00a0il\u00a0collezionismo,\u00a0i<strong>\u00a0concorsi d\u2019eleganza<\/strong>.\u00a0Si tratta di un osservatorio privilegiato che lo\u00a0ha reso\u00a0lucido sulle disuguaglianze ancora presenti. \u00ab<em>Esiste un&#8217;evidente disparit\u00e0 nel rapporto tra uomini e donne e penso senza ombra di dubbio che\u00a0sia gusto che\u00a0le donne debbano\u00a0adoperarsi\u00a0per ottenere le stesse opportunit\u00e0<\/em>\u00bb.<\/span><span data-ccp-props=\"{&quot;335551550&quot;:6,&quot;335551620&quot;:6,&quot;335559685&quot;:720}\">\u00a0<\/span><\/p>\n<p><span data-contrast=\"auto\">Non \u00e8 una dichiarazione ideologica, ma una constatazione concreta, come quella che nel mondo dei concorsi vi sia una certa inerzia psicologica rispetto all\u2019apertura. \u00ab<em>Ci sono molti uomini anziani che a volte non sono ricettivi al cambiamento<\/em>\u00bb.\u00a0Superare questo ostacolo\u00a0significa rompere abitudini consolidate.<\/span><span data-ccp-props=\"{&quot;335551550&quot;:6,&quot;335551620&quot;:6,&quot;335559685&quot;:720}\">\u00a0<\/span><\/p>\n<p><strong><span style=\"color: #800000;\">Dal pensare al fare: incarichi, responsabilit\u00e0, fiducia<\/span><\/strong><\/p>\n<p><span data-contrast=\"auto\">Nel 2024, a poche settimane dall\u2019evento, il presidente di giuria designato del Sydney Harbour Concours diventa indisponibile.\u00a0James\u00a0deve decidere rapidamente. \u00abAle sembrava una scelta ovvia: intelligente, competente, organizzata, divertente e con l&#8217;importante capacit\u00e0 di andare d&#8217;accordo con le persone\u00bb.<\/span><span data-ccp-props=\"{&quot;335551550&quot;:6,&quot;335551620&quot;:6,&quot;335559685&quot;:720}\">\u00a0<\/span><\/p>\n<p><span data-contrast=\"auto\">La nomina di <strong>Alessandra Giorgetti a Presidente di Giuria<\/strong> nasce come risposta pratica a una necessit\u00e0 concreta, ma si evolve in un forte gesto simbolico. \u00ab<em>Ho anche pensato che scegliendo Ale avrei contribuito a promuovere lei e, per definizione pi\u00f9 ampia, le donne del settore<\/em>\u00bb.<\/span><span data-ccp-props=\"{&quot;335551550&quot;:6,&quot;335551620&quot;:6,&quot;335559685&quot;:720}\">\u00a0<\/span><\/p>\n<p><span data-contrast=\"auto\">Questa \u00e8\u00a0una leadership che agisce\u00a0prendendo posizione, fondata sulla responsabilit\u00e0 di chi guida progetti complessi e sa che il successo dipende dalle persone giuste\u00a0e concrete.<\/span><\/p>\n<p><strong><span style=\"color: #800000;\">HeForShe, il motore dell\u2019alleanza<\/span><\/strong><span data-ccp-props=\"{&quot;335551550&quot;:6,&quot;335551620&quot;:6,&quot;335559685&quot;:720}\"><\/span><\/p>\n<p><span data-contrast=\"auto\">Nel racconto di\u00a0James,\u00a0il tema dell\u2019errore ha un ruolo centrale. \u00ab<em>Ho fatto cos\u00ec tanti errori nella mia carriera\u2026 <strong>si cerca di imparare e andare avanti<\/strong>\u00bb.\u00a0Crescere significa anche riconoscere di aver sbagliato, talvolta \u201cessendo irrispettoso\u201d, e\u00a0poi\u00a0fare ammenda<\/em>\u00bb.<\/span><span data-ccp-props=\"{&quot;335551550&quot;:6,&quot;335551620&quot;:6,&quot;335559685&quot;:720}\">\u00a0<\/span><\/p>\n<p><span data-contrast=\"auto\">Questa attitudine si riflette anche nel suo impegno culturale. Partecipare alla mostra\u00a0<\/span><i><span data-contrast=\"auto\">\u201cDonne e Motori? Gioie e\u00a0basta\u201d<\/span><\/i><span data-contrast=\"auto\">\u00a0non \u00e8 per lui una semplice adesione formale. \u00ab\u00c8 stato un grande onore\u00a0essere stato invitato&#8230; e ne sono stato lusingato. Ancora di pi\u00f9 quando ho capito quanto\u00a0sia\u00a0importante questa iniziativa\u00bb. Un progetto che lo spinge ad interrogarsi su dinamiche\u00a0largamente diffuse, anche in contesti di nicchia come i concorsi, sebbene non sempre siano alla luce del sole e intuitivamente riconoscibili per chi non ne \u00e8 direttamente oggetto.<\/span><span data-ccp-props=\"{&quot;335551550&quot;:6,&quot;335551620&quot;:6,&quot;335559685&quot;:720}\">\u00a0<\/span><\/p>\n<p><span data-contrast=\"auto\">James\u00a0non si definisce un attivista,\u00a0definendosi piuttosto,<strong>\u00a0un alleato concreto<\/strong>\u00a0e la sua visione nasce anche da un\u2019esperienza personale. \u00abAvendo una madre italiana e due sorelle maggiori\u00a0ho ricevuto fin da piccolo\u00a0alcuni valori e discipline\u00bb.\u00a0Sono quegli stessi valori che oggi guidano le sue scelte professionali.<\/span><span data-ccp-props=\"{&quot;335551550&quot;:6,&quot;335551620&quot;:6,&quot;335559685&quot;:720}\">\u00a0<\/span><\/p>\n<p><span data-contrast=\"auto\">Anche\u00a0un settore che celebra bellezza e rarit\u00e0\u00a0pu\u00f2 essere motorizzato in maniera responsabile e inclusiva, oltre le inerzie mentali,\u00a0e questo\u00a0James\u00a0lo\u00a0dimostra\u00a0scegliendo le persone giuste, dando spazio al talento e contribuendo, con naturalezza, a cambiare la cultura dall\u2019interno.<\/span><span data-ccp-props=\"{&quot;335551550&quot;:6,&quot;335551620&quot;:6,&quot;335559685&quot;:720}\">\u00a0<\/span><\/p>\n<p>[\/et_pb_text][\/et_pb_column][\/et_pb_row][et_pb_row column_structure=&#8221;1_4,3_4&#8243; _builder_version=&#8221;4.8.2&#8243; _module_preset=&#8221;default&#8221;][et_pb_column type=&#8221;1_4&#8243; _builder_version=&#8221;4.8.2&#8243; _module_preset=&#8221;default&#8221;][\/et_pb_column][et_pb_column type=&#8221;3_4&#8243; _builder_version=&#8221;4.8.2&#8243; _module_preset=&#8221;default&#8221;][et_pb_image src=&#8221;https:\/\/www.museofratellicozzi.com\/news\/wp-content\/uploads\/2026\/01\/Foto-Paparella-98.png&#8221; title_text=&#8221;James Nicholls&#8221; _builder_version=&#8221;4.8.2&#8243; _module_preset=&#8221;default&#8221;][\/et_pb_image][et_pb_text _builder_version=&#8221;4.8.2&#8243; _module_preset=&#8221;default&#8221;]<\/p>\n<p><span data-contrast=\"none\" xml:lang=\"IT-IT\" lang=\"IT-IT\" class=\"TextRun SCXW61225804 BCX0\"><span class=\"NormalTextRun SCXW61225804 BCX0\" data-ccp-parastyle=\"heading 1\">James Nicholls<\/span><\/span><\/p>\n<p>[\/et_pb_text][\/et_pb_column][\/et_pb_row][et_pb_row column_structure=&#8221;1_3,2_3&#8243; padding_mobile=&#8221;on&#8221; column_padding_mobile=&#8221;on&#8221; admin_label=&#8221;row&#8221; _builder_version=&#8221;4.8.2&#8243; background_size=&#8221;initial&#8221; background_position=&#8221;top_left&#8221; background_repeat=&#8221;repeat&#8221; custom_margin=&#8221;10px||||false|false&#8221; custom_padding=&#8221;0px|||&#8221; make_fullwidth=&#8221;off&#8221; use_custom_width=&#8221;off&#8221; width_unit=&#8221;on&#8221; custom_width_px=&#8221;1080&#8243; custom_width_percent=&#8221;80&#8243;][et_pb_column type=&#8221;1_3&#8243; _builder_version=&#8221;3.25&#8243; custom_padding=&#8221;|||&#8221; custom_padding__hover=&#8221;|||&#8221;][\/et_pb_column][et_pb_column type=&#8221;2_3&#8243; _builder_version=&#8221;3.25&#8243; custom_padding=&#8221;|||&#8221; custom_padding__hover=&#8221;|||&#8221;][et_pb_text admin_label=&#8221;Blocco testo 1&#8243; _builder_version=&#8221;4.8.2&#8243; text_font=&#8221;PT Sans||||&#8221; text_text_color=&#8221;#363636&#8243; text_font_size=&#8221;20&#8243; text_letter_spacing=&#8221;0&#8243; text_line_height=&#8221;1.2em&#8221; header_font_size=&#8221;30&#8243; header_letter_spacing=&#8221;0&#8243; header_line_height=&#8221;1&#8243; background_size=&#8221;initial&#8221; background_position=&#8221;top_left&#8221; background_repeat=&#8221;repeat&#8221; max_width=&#8221;620px&#8221; custom_margin=&#8221;0px||0px||false|false&#8221; text_font_size_tablet=&#8221;&#8221; text_font_size_phone=&#8221;&#8221; text_font_size_last_edited=&#8221;on|tablet&#8221; use_border_color=&#8221;off&#8221; border_color=&#8221;#ffffff&#8221; border_width=&#8221;1&#8243; border_style=&#8221;solid&#8221;]<\/p>\n<p><strong><span style=\"color: #800000;\">HeForShe, il motore dell\u2019alleanza<\/span><\/strong><span data-ccp-props=\"{&quot;335551550&quot;:6,&quot;335551620&quot;:6,&quot;335559685&quot;:720}\"><\/span><\/p>\n<p><span data-contrast=\"auto\">Nel racconto di\u00a0James,\u00a0il tema dell\u2019errore ha un ruolo centrale. \u00ab<em>Ho fatto cos\u00ec tanti errori nella mia carriera\u2026 <strong>si cerca di imparare e andare avanti<\/strong>\u00bb.\u00a0Crescere significa anche riconoscere di aver sbagliato, talvolta \u201cessendo irrispettoso\u201d, e\u00a0poi\u00a0fare ammenda<\/em>\u00bb.<\/span><span data-ccp-props=\"{&quot;335551550&quot;:6,&quot;335551620&quot;:6,&quot;335559685&quot;:720}\">\u00a0<\/span><\/p>\n<p><span data-contrast=\"auto\">Questa attitudine si riflette anche nel suo impegno culturale. Partecipare alla mostra\u00a0<\/span><i><span data-contrast=\"auto\">\u201cDonne e Motori? Gioie e\u00a0basta\u201d<\/span><\/i><span data-contrast=\"auto\">\u00a0non \u00e8 per lui una semplice adesione formale. \u00ab\u00c8 stato un grande onore\u00a0essere stato invitato&#8230; e ne sono stato lusingato. Ancora di pi\u00f9 quando ho capito quanto\u00a0sia\u00a0importante questa iniziativa\u00bb. Un progetto che lo spinge ad interrogarsi su dinamiche\u00a0largamente diffuse, anche in contesti di nicchia come i concorsi, sebbene non sempre siano alla luce del sole e intuitivamente riconoscibili per chi non ne \u00e8 direttamente oggetto.<\/span><span data-ccp-props=\"{&quot;335551550&quot;:6,&quot;335551620&quot;:6,&quot;335559685&quot;:720}\">\u00a0<\/span><\/p>\n<p><span data-contrast=\"auto\">James\u00a0non si definisce un attivista,\u00a0definendosi piuttosto,<strong>\u00a0un alleato concreto<\/strong>\u00a0e la sua visione nasce anche da un\u2019esperienza personale. \u00abAvendo una madre italiana e due sorelle maggiori\u00a0ho ricevuto fin da piccolo\u00a0alcuni valori e discipline\u00bb.\u00a0Sono quegli stessi valori che oggi guidano le sue scelte professionali.<\/span><span data-ccp-props=\"{&quot;335551550&quot;:6,&quot;335551620&quot;:6,&quot;335559685&quot;:720}\">\u00a0<\/span><\/p>\n<p><span data-contrast=\"auto\">Anche\u00a0un settore che celebra bellezza e rarit\u00e0\u00a0pu\u00f2 essere motorizzato in maniera responsabile e inclusiva, oltre le inerzie mentali,\u00a0e questo\u00a0James\u00a0lo\u00a0dimostra\u00a0scegliendo le persone giuste, dando spazio al talento e contribuendo, con naturalezza, a cambiare la cultura dall\u2019interno.<\/span><span data-ccp-props=\"{&quot;335551550&quot;:6,&quot;335551620&quot;:6,&quot;335559685&quot;:720}\">\u00a0<\/span><\/p>\n<p>[\/et_pb_text][\/et_pb_column][\/et_pb_row][et_pb_row _builder_version=&#8221;4.8.2&#8243; _module_preset=&#8221;default&#8221;][et_pb_column type=&#8221;4_4&#8243; _builder_version=&#8221;4.8.2&#8243; _module_preset=&#8221;default&#8221;][et_pb_divider _builder_version=&#8221;4.8.2&#8243; _module_preset=&#8221;default&#8221; custom_margin=&#8221;-2px|||||&#8221;][\/et_pb_divider][\/et_pb_column][\/et_pb_row][et_pb_row _builder_version=&#8221;4.8.2&#8243; _module_preset=&#8221;default&#8221;][et_pb_column type=&#8221;4_4&#8243; _builder_version=&#8221;4.8.2&#8243; _module_preset=&#8221;default&#8221;][et_pb_text admin_label=&#8221;Titolo&#8221; _builder_version=&#8221;4.8.2&#8243; text_font=&#8221;PT Sans||on||||||&#8221; text_text_color=&#8221;#000000&#8243; text_font_size=&#8221;45px&#8221; text_letter_spacing=&#8221;0&#8243; text_line_height=&#8221;1.1&#8243; header_font=&#8221;PT Sans||||&#8221; header_text_color=&#8221;#000000&#8243; header_font_size=&#8221;48&#8243; header_letter_spacing=&#8221;0&#8243; header_line_height=&#8221;1.1em&#8221; background_size=&#8221;initial&#8221; background_position=&#8221;top_left&#8221; background_repeat=&#8221;repeat&#8221; custom_margin=&#8221;0px||0px|&#8221; text_font_size_tablet=&#8221;60&#8243; text_font_size_phone=&#8221;&#8221; text_font_size_last_edited=&#8221;on|phone&#8221; text_letter_spacing_tablet=&#8221;&#8221; text_letter_spacing_phone=&#8221;&#8221; text_letter_spacing_last_edited=&#8221;on|desktop&#8221; text_line_height_tablet=&#8221;&#8221; text_line_height_phone=&#8221;&#8221; text_line_height_last_edited=&#8221;on|&#8221; header_font_size_tablet=&#8221;46&#8243; header_font_size_phone=&#8221;38px&#8221; header_font_size_last_edited=&#8221;on|phone&#8221; use_border_color=&#8221;off&#8221; border_color=&#8221;#ffffff&#8221; border_width=&#8221;1&#8243; border_style=&#8221;solid&#8221;]<\/p>\n<p><span data-contrast=\"auto\">James\u00a0non si definisce un attivista,\u00a0definendosi piuttosto,<strong>\u00a0<\/strong>un alleato concreto\u00a0<\/span><\/p>\n<p>[\/et_pb_text][\/et_pb_column][\/et_pb_row][et_pb_row _builder_version=&#8221;4.8.2&#8243; _module_preset=&#8221;default&#8221;][et_pb_column type=&#8221;4_4&#8243; _builder_version=&#8221;4.8.2&#8243; _module_preset=&#8221;default&#8221;][et_pb_divider _builder_version=&#8221;4.8.2&#8243; _module_preset=&#8221;default&#8221; custom_margin=&#8221;-2px|||||&#8221;][\/et_pb_divider][\/et_pb_column][\/et_pb_row][et_pb_row column_structure=&#8221;1_3,2_3&#8243; padding_mobile=&#8221;on&#8221; column_padding_mobile=&#8221;on&#8221; admin_label=&#8221;row&#8221; _builder_version=&#8221;4.8.2&#8243; background_size=&#8221;initial&#8221; background_position=&#8221;top_left&#8221; background_repeat=&#8221;repeat&#8221; custom_margin=&#8221;10px||||false|false&#8221; custom_padding=&#8221;0px|||&#8221; make_fullwidth=&#8221;off&#8221; use_custom_width=&#8221;off&#8221; width_unit=&#8221;on&#8221; custom_width_px=&#8221;1080&#8243; custom_width_percent=&#8221;80&#8243;][et_pb_column type=&#8221;1_3&#8243; _builder_version=&#8221;3.25&#8243; custom_padding=&#8221;|||&#8221; custom_padding__hover=&#8221;|||&#8221;][\/et_pb_column][et_pb_column type=&#8221;2_3&#8243; _builder_version=&#8221;3.25&#8243; custom_padding=&#8221;|||&#8221; custom_padding__hover=&#8221;|||&#8221;][et_pb_text admin_label=&#8221;Blocco testo 1&#8243; _builder_version=&#8221;4.8.2&#8243; text_font=&#8221;PT Sans||||&#8221; text_text_color=&#8221;#363636&#8243; text_font_size=&#8221;20&#8243; text_letter_spacing=&#8221;0&#8243; text_line_height=&#8221;1.2em&#8221; header_font_size=&#8221;30&#8243; header_letter_spacing=&#8221;0&#8243; header_line_height=&#8221;1&#8243; background_size=&#8221;initial&#8221; background_position=&#8221;top_left&#8221; background_repeat=&#8221;repeat&#8221; max_width=&#8221;620px&#8221; custom_margin=&#8221;0px||0px||false|false&#8221; text_font_size_tablet=&#8221;&#8221; text_font_size_phone=&#8221;&#8221; text_font_size_last_edited=&#8221;on|tablet&#8221; use_border_color=&#8221;off&#8221; border_color=&#8221;#ffffff&#8221; border_width=&#8221;1&#8243; border_style=&#8221;solid&#8221;]<\/p>\n<h2><strong>Vuoi ospitare la mostra? Ecco le info utili!<\/strong><\/h2>\n<p>La mostra <em>&#8220;Donne e Motori? Gioie e basta&#8221;<\/em> \u00e8 stata ideata per essere itinerante e per questo, come nelle precedenti edizioni,\u00a0gli scatti sono stati stampati in due copie su supporti ultraleggeri e le copie sono pronte a essere esposte nei<span>\u00a0<\/span><strong>palazzi istituzionali, nei luoghi di lavoro, nelle scuole e nelle biblioteche.\u00a0<\/strong><\/p>\n<p>In<span style=\"color: #800000;\"><a href=\"https:\/\/www.museofratellicozzi.com\/news\/donne-motori-nuovo-tour\/\" target=\"_blank\" rel=\"noopener noreferrer\" style=\"color: #800000;\"><strong> questo link<\/strong><\/a><\/span><a href=\"https:\/\/www.museofratellicozzi.com\/news\/donne-motori-nuovo-tour\/\" target=\"_blank\" rel=\"noopener noreferrer\"><strong><\/strong><\/a>\u00a0si trovano<span style=\"color: #800000;\">\u00a0<\/span>tutte le informazioni utili ed \u00e8 possibile vedere i luoghi in cui la mostra \u00e8 stata ospitata. Se qualche location \u00e8 stata d&#8217;ispirazione\u00a0e volete ospitare la mostra, potete contattarci alla mail <b><a href=\"mailto:info@museofratellicozzi.com\">info@museofratellicozzi.com.\u00a0<\/a>\u00a0<\/b><\/p>\n<p><b><span data-contrast=\"auto\">Vuoi saperne di pi\u00f9? <strong><a href=\"https:\/\/www.museofratellicozzi.com\/news\/donne-e-motori-gioie-e-basta-4-edizione-le-protagoniste\/\u00a0\" target=\"_blank\" rel=\"noopener noreferrer\">Clicca qui<\/a><\/strong><\/span><\/b><\/p>\n<p>[\/et_pb_text][\/et_pb_column][\/et_pb_row][et_pb_row padding_mobile=&#8221;on&#8221; column_padding_mobile=&#8221;on&#8221; admin_label=&#8221;row&#8221; _builder_version=&#8221;4.8.2&#8243; background_size=&#8221;initial&#8221; background_position=&#8221;top_left&#8221; background_repeat=&#8221;repeat&#8221; custom_margin=&#8221;10px||||false|false&#8221; custom_padding=&#8221;0px|||&#8221; make_fullwidth=&#8221;off&#8221; use_custom_width=&#8221;off&#8221; width_unit=&#8221;on&#8221; custom_width_px=&#8221;1080&#8243; custom_width_percent=&#8221;80&#8243;][et_pb_column type=&#8221;4_4&#8243; _builder_version=&#8221;3.25&#8243; custom_padding=&#8221;|||&#8221; custom_padding__hover=&#8221;|||&#8221;][et_pb_button button_url=&#8221;https:\/\/www.museofratellicozzi.com\/news\/donne-e-motori-gioie-e-basta-barbazza-donelli\/&#8221; url_new_window=&#8221;on&#8221; button_text=&#8221;Scopri i testimonial %22Donne e motori&#8217; Gioie e basta%22&#8243; button_alignment=&#8221;center&#8221; _builder_version=&#8221;4.8.2&#8243; _module_preset=&#8221;default&#8221; custom_button=&#8221;on&#8221; button_text_size=&#8221;29px&#8221; button_text_color=&#8221;#000000&#8243; button_bg_color=&#8221;#E02B20&#8243; button_border_width=&#8221;2px&#8221; button_border_color=&#8221;#FFFFFF&#8221; animation_style=&#8221;slide&#8221; box_shadow_style=&#8221;preset1&#8243;][\/et_pb_button][\/et_pb_column][\/et_pb_row][et_pb_row _builder_version=&#8221;4.8.2&#8243; _module_preset=&#8221;default&#8221; custom_margin=&#8221;|auto|2px|auto||&#8221;][et_pb_column type=&#8221;4_4&#8243; _builder_version=&#8221;4.8.2&#8243; _module_preset=&#8221;default&#8221;][et_pb_divider _builder_version=&#8221;4.8.2&#8243; _module_preset=&#8221;default&#8221;][\/et_pb_divider][\/et_pb_column][\/et_pb_row][et_pb_row column_structure=&#8221;2_5,3_5&#8243; _builder_version=&#8221;4.8.2&#8243; _module_preset=&#8221;default&#8221;][et_pb_column type=&#8221;2_5&#8243; _builder_version=&#8221;4.8.2&#8243; _module_preset=&#8221;default&#8221;][et_pb_gallery gallery_ids=&#8221;24478&#8243; show_title_and_caption=&#8221;off&#8221; show_pagination=&#8221;off&#8221; _builder_version=&#8221;4.8.2&#8243; _module_preset=&#8221;default&#8221;][\/et_pb_gallery][et_pb_text _builder_version=&#8221;4.8.2&#8243; _module_preset=&#8221;default&#8221;]<\/p>\n<p>Camilla Albertini &#8211; foto di Paolo Carlini<\/p>\n<p>[\/et_pb_text][\/et_pb_column][et_pb_column type=&#8221;3_5&#8243; _builder_version=&#8221;4.8.2&#8243; _module_preset=&#8221;default&#8221;][et_pb_text _builder_version=&#8221;4.8.2&#8243; _module_preset=&#8221;default&#8221;]<\/p>\n<h3>CAMILLA ALBERTINI<\/h3>\n<div><span><strong>Camilla Albertini<\/strong> \u00e8 fotografa, videomaker, illustratrice e giornalista. Nata a Milano, si \u00e8 laureata nel 2017 in fotografia presso l\u2019Istituto Europeo di Design e conta come freelance gi\u00e0 una lunga esperienza di lavoro in diversi ambiti: dallo still life in studio al reportage, dall\u2019automotive al corporate, dal ritratto al food. \u00c8 appassionata di disegno e di arti visive in genere. Ama viaggiare e cogliere nelle sue immagini l\u2019essenza dei luoghi con immagini mai scontate e di ricercata emozione. Con l\u2019occhio e il cuore sempre attenti alle tematiche femminili, ha realizzato nel 2019 un reportage sulle donne islandesi e nel 2022, 23, 24 e 25 una mostra fotografica, in collaborazione con il Museo Fratelli Cozzi, di ritratti di donne e automobili, per scardinare gli stereotipi legati a \u201cdonne e motori\u201d. Diverse le sue immagini e testi pubblicati nelle pagine del Corriere della sera di Milano e da riviste quali Quattroruote, Ruoteclassiche, Donna Moderna, Gardenia, il Bagno. Nel 2021, per Silvana Editoriale, ha pubblicato, con il collega Paolo Carlini, il libro fotografico \u201cItalia Cost to Coast\u201d.<\/span><\/div>\n<p>[\/et_pb_text][\/et_pb_column][\/et_pb_row][\/et_pb_section]<\/p>\n","protected":false},"excerpt":{"rendered":"<p>[et_pb_section fb_built=&#8221;1&#8243; admin_label=&#8221;Sezione&#8221; _builder_version=&#8221;4.8.2&#8243; custom_padding=&#8221;0px|||&#8221; transparent_background=&#8221;off&#8221; make_fullwidth=&#8221;off&#8221; use_custom_width=&#8221;off&#8221; width_unit=&#8221;on&#8221; custom_width_px=&#8221;1080&#8243; custom_width_percent=&#8221;80&#8243;][et_pb_row use_custom_gutter=&#8221;on&#8221; gutter_width=&#8221;1&#8243; disabled_on=&#8221;off|off|off&#8221; admin_label=&#8221;Riga&#8221; module_class=&#8221; et_pb_row_fullwidth&#8221; _builder_version=&#8221;3.25&#8243; background_size=&#8221;initial&#8221; background_position=&#8221;top_left&#8221; background_repeat=&#8221;repeat&#8221; width=&#8221;100%&#8221; width_tablet=&#8221;100%&#8221; width_phone=&#8221;&#8221; width_last_edited=&#8221;on|desktop&#8221; max_width=&#8221;100%&#8221; max_width_tablet=&#8221;100%&#8221; max_width_phone=&#8221;&#8221; max_width_last_edited=&#8221;on|desktop&#8221; custom_padding=&#8221;0px|||&#8221; make_fullwidth=&#8221;on&#8221; use_custom_width=&#8221;off&#8221; width_unit=&#8221;on&#8221; custom_width_px=&#8221;1080&#8243; custom_width_percent=&#8221;80&#8243;][et_pb_column type=&#8221;4_4&#8243; _builder_version=&#8221;3.25&#8243; custom_padding=&#8221;|||&#8221; custom_padding__hover=&#8221;|||&#8221;][et_pb_image src=&#8221;https:\/\/www.museofratellicozzi.com\/news\/wp-content\/uploads\/2025\/11\/MUSEO-slide-foto-2025-11-18T181359.119.jpg&#8221; title_text=&#8221;Alessandra Giorgetti&#8221; force_fullwidth=&#8221;on&#8221; align_tablet=&#8221;center&#8221; align_phone=&#8221;&#8221; align_last_edited=&#8221;on|desktop&#8221; admin_label=&#8221;Immagine principale&#8221; _builder_version=&#8221;4.8.2&#8243; animation=&#8221;off&#8221; sticky=&#8221;off&#8221; use_border_color=&#8221;off&#8221; border_color=&#8221;#ffffff&#8221; border_width=&#8221;1&#8243; border_style=&#8221;solid&#8221; [&hellip;]<\/p>\n","protected":false},"author":7,"featured_media":24367,"comment_status":"open","ping_status":"open","sticky":false,"template":"","format":"standard","meta":{"_et_pb_use_builder":"on","_et_pb_old_content":"","_et_gb_content_width":"","_jetpack_memberships_contains_paid_content":false,"footnotes":""},"categories":[775,872,776,802],"tags":[21,209,180,841,125,406,847,921],"class_list":["post-25043","post","type-post","status-publish","format-standard","has-post-thumbnail","hentry","category-associazione","category-donne-e-motori","category-woman-in-power","category-inclusione-e-attenzione-agli-altri","tag-alfa-romeo","tag-automotive","tag-cozzi","tag-donne-e-motori","tag-heforshe","tag-museo-fratelli-cozzi","tag-semenzato","tag-united-nation","et-has-post-format-content","et_post_format-et-post-format-standard"],"yoast_head":"<!-- This site is optimized with the Yoast SEO plugin v26.8 - https:\/\/yoast.com\/product\/yoast-seo-wordpress\/ -->\n<title>&quot;Donne e motori? Gioie e basta&quot; Giorgetti e Nicholls -<\/title>\n<meta name=\"description\" content=\"Prima di conoscere tutti i protagonisti della IV edizione della mostra &quot;Donne e motori? Gioie e basta&quot;: Alessandra Giorgetti e James Nicholls\" \/>\n<meta name=\"robots\" content=\"index, follow, max-snippet:-1, max-image-preview:large, max-video-preview:-1\" \/>\n<link rel=\"canonical\" href=\"https:\/\/www.museofratellicozzi.com\/news\/donne-e-motori-gioie-e-basta-giorgetti-e-nicholls\/\" \/>\n<meta property=\"og:locale\" content=\"it_IT\" \/>\n<meta property=\"og:type\" content=\"article\" \/>\n<meta property=\"og:title\" content=\"&quot;Donne e motori? Gioie e basta&quot; Giorgetti e Nicholls -\" \/>\n<meta property=\"og:description\" content=\"Prima di conoscere tutti i protagonisti della IV edizione della mostra &quot;Donne e motori? Gioie e basta&quot;: Alessandra Giorgetti e James Nicholls\" \/>\n<meta property=\"og:url\" content=\"https:\/\/www.museofratellicozzi.com\/news\/donne-e-motori-gioie-e-basta-giorgetti-e-nicholls\/\" \/>\n<meta property=\"og:site_name\" content=\"eNews Museo Fratelli Cozzi\" \/>\n<meta property=\"article:published_time\" content=\"2026-01-26T16:57:33+00:00\" \/>\n<meta property=\"article:modified_time\" content=\"2026-01-30T14:49:17+00:00\" \/>\n<meta property=\"og:image\" content=\"https:\/\/www.museofratellicozzi.com\/news\/wp-content\/uploads\/2025\/11\/MUSEO-slide-foto-2025-11-18T181359.119.jpg\" \/>\n\t<meta property=\"og:image:width\" content=\"1920\" \/>\n\t<meta property=\"og:image:height\" content=\"1080\" \/>\n\t<meta property=\"og:image:type\" content=\"image\/jpeg\" \/>\n<meta name=\"author\" content=\"Elisabetta Cozzi\" \/>\n<meta name=\"twitter:card\" content=\"summary_large_image\" \/>\n<meta name=\"twitter:label1\" content=\"Scritto da\" \/>\n\t<meta name=\"twitter:data1\" content=\"Elisabetta Cozzi\" \/>\n\t<meta name=\"twitter:label2\" content=\"Tempo di lettura stimato\" \/>\n\t<meta name=\"twitter:data2\" content=\"10 minuti\" \/>\n<script type=\"application\/ld+json\" class=\"yoast-schema-graph\">{\"@context\":\"https:\/\/schema.org\",\"@graph\":[{\"@type\":\"Article\",\"@id\":\"https:\/\/www.museofratellicozzi.com\/news\/donne-e-motori-gioie-e-basta-giorgetti-e-nicholls\/#article\",\"isPartOf\":{\"@id\":\"https:\/\/www.museofratellicozzi.com\/news\/donne-e-motori-gioie-e-basta-giorgetti-e-nicholls\/\"},\"author\":{\"name\":\"Elisabetta Cozzi\",\"@id\":\"https:\/\/www.museofratellicozzi.com\/news\/#\/schema\/person\/3c2c242e79e59f9be7b62a0d9673e40d\"},\"headline\":\"&#8220;Donne e motori? Gioie e basta&#8221; Giorgetti e Nicholls\",\"datePublished\":\"2026-01-26T16:57:33+00:00\",\"dateModified\":\"2026-01-30T14:49:17+00:00\",\"mainEntityOfPage\":{\"@id\":\"https:\/\/www.museofratellicozzi.com\/news\/donne-e-motori-gioie-e-basta-giorgetti-e-nicholls\/\"},\"wordCount\":5020,\"commentCount\":0,\"publisher\":{\"@id\":\"https:\/\/www.museofratellicozzi.com\/news\/#organization\"},\"image\":{\"@id\":\"https:\/\/www.museofratellicozzi.com\/news\/donne-e-motori-gioie-e-basta-giorgetti-e-nicholls\/#primaryimage\"},\"thumbnailUrl\":\"https:\/\/www.museofratellicozzi.com\/news\/wp-content\/uploads\/2025\/11\/MUSEO-slide-foto-2025-11-18T181359.119.jpg\",\"keywords\":[\"alfa romeo\",\"automotive\",\"cozzi\",\"donne e motori\",\"heforshe\",\"Museo Fratelli Cozzi\",\"Semenzato\",\"United Nation\"],\"articleSection\":[\"Associazione\",\"Donne e Motori\",\"Empowerment femminile\",\"Inclusione e attenzione agli altri\"],\"inLanguage\":\"it-IT\",\"potentialAction\":[{\"@type\":\"CommentAction\",\"name\":\"Comment\",\"target\":[\"https:\/\/www.museofratellicozzi.com\/news\/donne-e-motori-gioie-e-basta-giorgetti-e-nicholls\/#respond\"]}]},{\"@type\":\"WebPage\",\"@id\":\"https:\/\/www.museofratellicozzi.com\/news\/donne-e-motori-gioie-e-basta-giorgetti-e-nicholls\/\",\"url\":\"https:\/\/www.museofratellicozzi.com\/news\/donne-e-motori-gioie-e-basta-giorgetti-e-nicholls\/\",\"name\":\"\\\"Donne e motori? Gioie e basta\\\" Giorgetti e Nicholls -\",\"isPartOf\":{\"@id\":\"https:\/\/www.museofratellicozzi.com\/news\/#website\"},\"primaryImageOfPage\":{\"@id\":\"https:\/\/www.museofratellicozzi.com\/news\/donne-e-motori-gioie-e-basta-giorgetti-e-nicholls\/#primaryimage\"},\"image\":{\"@id\":\"https:\/\/www.museofratellicozzi.com\/news\/donne-e-motori-gioie-e-basta-giorgetti-e-nicholls\/#primaryimage\"},\"thumbnailUrl\":\"https:\/\/www.museofratellicozzi.com\/news\/wp-content\/uploads\/2025\/11\/MUSEO-slide-foto-2025-11-18T181359.119.jpg\",\"datePublished\":\"2026-01-26T16:57:33+00:00\",\"dateModified\":\"2026-01-30T14:49:17+00:00\",\"description\":\"Prima di conoscere tutti i protagonisti della IV edizione della mostra \\\"Donne e motori? Gioie e basta\\\": Alessandra Giorgetti e James Nicholls\",\"breadcrumb\":{\"@id\":\"https:\/\/www.museofratellicozzi.com\/news\/donne-e-motori-gioie-e-basta-giorgetti-e-nicholls\/#breadcrumb\"},\"inLanguage\":\"it-IT\",\"potentialAction\":[{\"@type\":\"ReadAction\",\"target\":[\"https:\/\/www.museofratellicozzi.com\/news\/donne-e-motori-gioie-e-basta-giorgetti-e-nicholls\/\"]}]},{\"@type\":\"ImageObject\",\"inLanguage\":\"it-IT\",\"@id\":\"https:\/\/www.museofratellicozzi.com\/news\/donne-e-motori-gioie-e-basta-giorgetti-e-nicholls\/#primaryimage\",\"url\":\"https:\/\/www.museofratellicozzi.com\/news\/wp-content\/uploads\/2025\/11\/MUSEO-slide-foto-2025-11-18T181359.119.jpg\",\"contentUrl\":\"https:\/\/www.museofratellicozzi.com\/news\/wp-content\/uploads\/2025\/11\/MUSEO-slide-foto-2025-11-18T181359.119.jpg\",\"width\":1920,\"height\":1080},{\"@type\":\"BreadcrumbList\",\"@id\":\"https:\/\/www.museofratellicozzi.com\/news\/donne-e-motori-gioie-e-basta-giorgetti-e-nicholls\/#breadcrumb\",\"itemListElement\":[{\"@type\":\"ListItem\",\"position\":1,\"name\":\"Home\",\"item\":\"https:\/\/www.museofratellicozzi.com\/news\/\"},{\"@type\":\"ListItem\",\"position\":2,\"name\":\"&#8220;Donne e motori? Gioie e basta&#8221; Giorgetti e Nicholls\"}]},{\"@type\":\"WebSite\",\"@id\":\"https:\/\/www.museofratellicozzi.com\/news\/#website\",\"url\":\"https:\/\/www.museofratellicozzi.com\/news\/\",\"name\":\"eNews Museo Fratelli Cozzi\",\"description\":\"Alfa Romeo: un mito che resiste al tempo\",\"publisher\":{\"@id\":\"https:\/\/www.museofratellicozzi.com\/news\/#organization\"},\"potentialAction\":[{\"@type\":\"SearchAction\",\"target\":{\"@type\":\"EntryPoint\",\"urlTemplate\":\"https:\/\/www.museofratellicozzi.com\/news\/?s={search_term_string}\"},\"query-input\":{\"@type\":\"PropertyValueSpecification\",\"valueRequired\":true,\"valueName\":\"search_term_string\"}}],\"inLanguage\":\"it-IT\"},{\"@type\":\"Organization\",\"@id\":\"https:\/\/www.museofratellicozzi.com\/news\/#organization\",\"name\":\"Museo Fratelli Cozzi\",\"url\":\"https:\/\/www.museofratellicozzi.com\/news\/\",\"logo\":{\"@type\":\"ImageObject\",\"inLanguage\":\"it-IT\",\"@id\":\"https:\/\/www.museofratellicozzi.com\/news\/#\/schema\/logo\/image\/\",\"url\":\"https:\/\/www.museofratellicozzi.com\/news\/wp-content\/uploads\/2017\/04\/home.png\",\"contentUrl\":\"https:\/\/www.museofratellicozzi.com\/news\/wp-content\/uploads\/2017\/04\/home.png\",\"width\":497,\"height\":512,\"caption\":\"Museo Fratelli Cozzi\"},\"image\":{\"@id\":\"https:\/\/www.museofratellicozzi.com\/news\/#\/schema\/logo\/image\/\"}},{\"@type\":\"Person\",\"@id\":\"https:\/\/www.museofratellicozzi.com\/news\/#\/schema\/person\/3c2c242e79e59f9be7b62a0d9673e40d\",\"name\":\"Elisabetta Cozzi\",\"image\":{\"@type\":\"ImageObject\",\"inLanguage\":\"it-IT\",\"@id\":\"https:\/\/www.museofratellicozzi.com\/news\/#\/schema\/person\/image\/\",\"url\":\"https:\/\/secure.gravatar.com\/avatar\/a761e7642145a4506dbd3685a69db0fc?s=96&d=mm&r=g\",\"contentUrl\":\"https:\/\/secure.gravatar.com\/avatar\/a761e7642145a4506dbd3685a69db0fc?s=96&d=mm&r=g\",\"caption\":\"Elisabetta Cozzi\"}}]}<\/script>\n<!-- \/ Yoast SEO plugin. -->","yoast_head_json":{"title":"\"Donne e motori? Gioie e basta\" Giorgetti e Nicholls -","description":"Prima di conoscere tutti i protagonisti della IV edizione della mostra \"Donne e motori? Gioie e basta\": Alessandra Giorgetti e James Nicholls","robots":{"index":"index","follow":"follow","max-snippet":"max-snippet:-1","max-image-preview":"max-image-preview:large","max-video-preview":"max-video-preview:-1"},"canonical":"https:\/\/www.museofratellicozzi.com\/news\/donne-e-motori-gioie-e-basta-giorgetti-e-nicholls\/","og_locale":"it_IT","og_type":"article","og_title":"\"Donne e motori? Gioie e basta\" Giorgetti e Nicholls -","og_description":"Prima di conoscere tutti i protagonisti della IV edizione della mostra \"Donne e motori? Gioie e basta\": Alessandra Giorgetti e James Nicholls","og_url":"https:\/\/www.museofratellicozzi.com\/news\/donne-e-motori-gioie-e-basta-giorgetti-e-nicholls\/","og_site_name":"eNews Museo Fratelli Cozzi","article_published_time":"2026-01-26T16:57:33+00:00","article_modified_time":"2026-01-30T14:49:17+00:00","og_image":[{"width":1920,"height":1080,"url":"https:\/\/www.museofratellicozzi.com\/news\/wp-content\/uploads\/2025\/11\/MUSEO-slide-foto-2025-11-18T181359.119.jpg","type":"image\/jpeg"}],"author":"Elisabetta Cozzi","twitter_card":"summary_large_image","twitter_misc":{"Scritto da":"Elisabetta Cozzi","Tempo di lettura stimato":"10 minuti"},"schema":{"@context":"https:\/\/schema.org","@graph":[{"@type":"Article","@id":"https:\/\/www.museofratellicozzi.com\/news\/donne-e-motori-gioie-e-basta-giorgetti-e-nicholls\/#article","isPartOf":{"@id":"https:\/\/www.museofratellicozzi.com\/news\/donne-e-motori-gioie-e-basta-giorgetti-e-nicholls\/"},"author":{"name":"Elisabetta Cozzi","@id":"https:\/\/www.museofratellicozzi.com\/news\/#\/schema\/person\/3c2c242e79e59f9be7b62a0d9673e40d"},"headline":"&#8220;Donne e motori? Gioie e basta&#8221; Giorgetti e Nicholls","datePublished":"2026-01-26T16:57:33+00:00","dateModified":"2026-01-30T14:49:17+00:00","mainEntityOfPage":{"@id":"https:\/\/www.museofratellicozzi.com\/news\/donne-e-motori-gioie-e-basta-giorgetti-e-nicholls\/"},"wordCount":5020,"commentCount":0,"publisher":{"@id":"https:\/\/www.museofratellicozzi.com\/news\/#organization"},"image":{"@id":"https:\/\/www.museofratellicozzi.com\/news\/donne-e-motori-gioie-e-basta-giorgetti-e-nicholls\/#primaryimage"},"thumbnailUrl":"https:\/\/www.museofratellicozzi.com\/news\/wp-content\/uploads\/2025\/11\/MUSEO-slide-foto-2025-11-18T181359.119.jpg","keywords":["alfa romeo","automotive","cozzi","donne e motori","heforshe","Museo Fratelli Cozzi","Semenzato","United Nation"],"articleSection":["Associazione","Donne e Motori","Empowerment femminile","Inclusione e attenzione agli altri"],"inLanguage":"it-IT","potentialAction":[{"@type":"CommentAction","name":"Comment","target":["https:\/\/www.museofratellicozzi.com\/news\/donne-e-motori-gioie-e-basta-giorgetti-e-nicholls\/#respond"]}]},{"@type":"WebPage","@id":"https:\/\/www.museofratellicozzi.com\/news\/donne-e-motori-gioie-e-basta-giorgetti-e-nicholls\/","url":"https:\/\/www.museofratellicozzi.com\/news\/donne-e-motori-gioie-e-basta-giorgetti-e-nicholls\/","name":"\"Donne e motori? Gioie e basta\" Giorgetti e Nicholls -","isPartOf":{"@id":"https:\/\/www.museofratellicozzi.com\/news\/#website"},"primaryImageOfPage":{"@id":"https:\/\/www.museofratellicozzi.com\/news\/donne-e-motori-gioie-e-basta-giorgetti-e-nicholls\/#primaryimage"},"image":{"@id":"https:\/\/www.museofratellicozzi.com\/news\/donne-e-motori-gioie-e-basta-giorgetti-e-nicholls\/#primaryimage"},"thumbnailUrl":"https:\/\/www.museofratellicozzi.com\/news\/wp-content\/uploads\/2025\/11\/MUSEO-slide-foto-2025-11-18T181359.119.jpg","datePublished":"2026-01-26T16:57:33+00:00","dateModified":"2026-01-30T14:49:17+00:00","description":"Prima di conoscere tutti i protagonisti della IV edizione della mostra \"Donne e motori? Gioie e basta\": Alessandra Giorgetti e James Nicholls","breadcrumb":{"@id":"https:\/\/www.museofratellicozzi.com\/news\/donne-e-motori-gioie-e-basta-giorgetti-e-nicholls\/#breadcrumb"},"inLanguage":"it-IT","potentialAction":[{"@type":"ReadAction","target":["https:\/\/www.museofratellicozzi.com\/news\/donne-e-motori-gioie-e-basta-giorgetti-e-nicholls\/"]}]},{"@type":"ImageObject","inLanguage":"it-IT","@id":"https:\/\/www.museofratellicozzi.com\/news\/donne-e-motori-gioie-e-basta-giorgetti-e-nicholls\/#primaryimage","url":"https:\/\/www.museofratellicozzi.com\/news\/wp-content\/uploads\/2025\/11\/MUSEO-slide-foto-2025-11-18T181359.119.jpg","contentUrl":"https:\/\/www.museofratellicozzi.com\/news\/wp-content\/uploads\/2025\/11\/MUSEO-slide-foto-2025-11-18T181359.119.jpg","width":1920,"height":1080},{"@type":"BreadcrumbList","@id":"https:\/\/www.museofratellicozzi.com\/news\/donne-e-motori-gioie-e-basta-giorgetti-e-nicholls\/#breadcrumb","itemListElement":[{"@type":"ListItem","position":1,"name":"Home","item":"https:\/\/www.museofratellicozzi.com\/news\/"},{"@type":"ListItem","position":2,"name":"&#8220;Donne e motori? Gioie e basta&#8221; Giorgetti e Nicholls"}]},{"@type":"WebSite","@id":"https:\/\/www.museofratellicozzi.com\/news\/#website","url":"https:\/\/www.museofratellicozzi.com\/news\/","name":"eNews Museo Fratelli Cozzi","description":"Alfa Romeo: un mito che resiste al tempo","publisher":{"@id":"https:\/\/www.museofratellicozzi.com\/news\/#organization"},"potentialAction":[{"@type":"SearchAction","target":{"@type":"EntryPoint","urlTemplate":"https:\/\/www.museofratellicozzi.com\/news\/?s={search_term_string}"},"query-input":{"@type":"PropertyValueSpecification","valueRequired":true,"valueName":"search_term_string"}}],"inLanguage":"it-IT"},{"@type":"Organization","@id":"https:\/\/www.museofratellicozzi.com\/news\/#organization","name":"Museo Fratelli Cozzi","url":"https:\/\/www.museofratellicozzi.com\/news\/","logo":{"@type":"ImageObject","inLanguage":"it-IT","@id":"https:\/\/www.museofratellicozzi.com\/news\/#\/schema\/logo\/image\/","url":"https:\/\/www.museofratellicozzi.com\/news\/wp-content\/uploads\/2017\/04\/home.png","contentUrl":"https:\/\/www.museofratellicozzi.com\/news\/wp-content\/uploads\/2017\/04\/home.png","width":497,"height":512,"caption":"Museo Fratelli Cozzi"},"image":{"@id":"https:\/\/www.museofratellicozzi.com\/news\/#\/schema\/logo\/image\/"}},{"@type":"Person","@id":"https:\/\/www.museofratellicozzi.com\/news\/#\/schema\/person\/3c2c242e79e59f9be7b62a0d9673e40d","name":"Elisabetta Cozzi","image":{"@type":"ImageObject","inLanguage":"it-IT","@id":"https:\/\/www.museofratellicozzi.com\/news\/#\/schema\/person\/image\/","url":"https:\/\/secure.gravatar.com\/avatar\/a761e7642145a4506dbd3685a69db0fc?s=96&d=mm&r=g","contentUrl":"https:\/\/secure.gravatar.com\/avatar\/a761e7642145a4506dbd3685a69db0fc?s=96&d=mm&r=g","caption":"Elisabetta Cozzi"}}]}},"jetpack_featured_media_url":"https:\/\/www.museofratellicozzi.com\/news\/wp-content\/uploads\/2025\/11\/MUSEO-slide-foto-2025-11-18T181359.119.jpg","jetpack_shortlink":"https:\/\/wp.me\/p90Eth-6vV","jetpack_sharing_enabled":true,"post_mailing_queue_ids":[],"_links":{"self":[{"href":"https:\/\/www.museofratellicozzi.com\/news\/wp-json\/wp\/v2\/posts\/25043","targetHints":{"allow":["GET"]}}],"collection":[{"href":"https:\/\/www.museofratellicozzi.com\/news\/wp-json\/wp\/v2\/posts"}],"about":[{"href":"https:\/\/www.museofratellicozzi.com\/news\/wp-json\/wp\/v2\/types\/post"}],"author":[{"embeddable":true,"href":"https:\/\/www.museofratellicozzi.com\/news\/wp-json\/wp\/v2\/users\/7"}],"replies":[{"embeddable":true,"href":"https:\/\/www.museofratellicozzi.com\/news\/wp-json\/wp\/v2\/comments?post=25043"}],"version-history":[{"count":15,"href":"https:\/\/www.museofratellicozzi.com\/news\/wp-json\/wp\/v2\/posts\/25043\/revisions"}],"predecessor-version":[{"id":25225,"href":"https:\/\/www.museofratellicozzi.com\/news\/wp-json\/wp\/v2\/posts\/25043\/revisions\/25225"}],"wp:featuredmedia":[{"embeddable":true,"href":"https:\/\/www.museofratellicozzi.com\/news\/wp-json\/wp\/v2\/media\/24367"}],"wp:attachment":[{"href":"https:\/\/www.museofratellicozzi.com\/news\/wp-json\/wp\/v2\/media?parent=25043"}],"wp:term":[{"taxonomy":"category","embeddable":true,"href":"https:\/\/www.museofratellicozzi.com\/news\/wp-json\/wp\/v2\/categories?post=25043"},{"taxonomy":"post_tag","embeddable":true,"href":"https:\/\/www.museofratellicozzi.com\/news\/wp-json\/wp\/v2\/tags?post=25043"}],"curies":[{"name":"wp","href":"https:\/\/api.w.org\/{rel}","templated":true}]}}