{"id":25909,"date":"2026-04-28T19:55:08","date_gmt":"2026-04-28T17:55:08","guid":{"rendered":"https:\/\/www.museofratellicozzi.com\/news\/?p=25909"},"modified":"2026-04-29T22:57:05","modified_gmt":"2026-04-29T20:57:05","slug":"5-x-mille-al-museo-ecco-perche","status":"publish","type":"post","link":"https:\/\/www.museofratellicozzi.com\/news\/5-x-mille-al-museo-ecco-perche\/","title":{"rendered":"5 X Mille al Museo&#8230; ecco perch\u00e9"},"content":{"rendered":"<p>[et_pb_section fb_built=&#8221;1&#8243; admin_label=&#8221;Sezione&#8221; _builder_version=&#8221;3.22&#8243; custom_padding=&#8221;0px|||&#8221; transparent_background=&#8221;off&#8221; make_fullwidth=&#8221;off&#8221; use_custom_width=&#8221;off&#8221; width_unit=&#8221;on&#8221; custom_width_px=&#8221;1080&#8243; custom_width_percent=&#8221;80&#8243;][et_pb_row use_custom_gutter=&#8221;on&#8221; gutter_width=&#8221;1&#8243; disabled_on=&#8221;off|off|off&#8221; admin_label=&#8221;Riga&#8221; module_class=&#8221; et_pb_row_fullwidth&#8221; _builder_version=&#8221;3.25&#8243; background_size=&#8221;initial&#8221; background_position=&#8221;top_left&#8221; background_repeat=&#8221;repeat&#8221; width=&#8221;100%&#8221; width_tablet=&#8221;100%&#8221; width_phone=&#8221;&#8221; width_last_edited=&#8221;on|desktop&#8221; max_width=&#8221;100%&#8221; max_width_tablet=&#8221;100%&#8221; max_width_phone=&#8221;&#8221; max_width_last_edited=&#8221;on|desktop&#8221; custom_padding=&#8221;0px|||&#8221; make_fullwidth=&#8221;on&#8221; use_custom_width=&#8221;off&#8221; width_unit=&#8221;on&#8221; custom_width_px=&#8221;1080&#8243; custom_width_percent=&#8221;80&#8243;][et_pb_column type=&#8221;4_4&#8243; _builder_version=&#8221;3.25&#8243; custom_padding=&#8221;|||&#8221; custom_padding__hover=&#8221;|||&#8221;][et_pb_image src=&#8221;https:\/\/www.museofratellicozzi.com\/news\/wp-content\/uploads\/2026\/04\/Beige-Minimalist-Collage-Honeymoon-Memories-Photo-Card-2.png&#8221; alt=&#8221;contest scuole&#8221; title_text=&#8221;5&#215;1000&#8243; force_fullwidth=&#8221;on&#8221; align_tablet=&#8221;center&#8221; align_phone=&#8221;&#8221; align_last_edited=&#8221;on|desktop&#8221; admin_label=&#8221;Immagine principale&#8221; _builder_version=&#8221;4.8.2&#8243; animation=&#8221;off&#8221; sticky=&#8221;off&#8221; use_border_color=&#8221;off&#8221; border_color=&#8221;#ffffff&#8221; border_width=&#8221;1&#8243; border_style=&#8221;solid&#8221; always_center_on_mobile=&#8221;on&#8221;][\/et_pb_image][\/et_pb_column][\/et_pb_row][et_pb_row admin_label=&#8221;Riga&#8221; _builder_version=&#8221;3.25&#8243; background_size=&#8221;initial&#8221; background_position=&#8221;top_left&#8221; background_repeat=&#8221;repeat&#8221; custom_padding=&#8221;20px||0px|&#8221; make_fullwidth=&#8221;off&#8221; use_custom_width=&#8221;off&#8221; width_unit=&#8221;on&#8221; custom_width_px=&#8221;1080&#8243; custom_width_percent=&#8221;80&#8243;][et_pb_column type=&#8221;4_4&#8243; _builder_version=&#8221;3.25&#8243; custom_padding=&#8221;|||&#8221; custom_padding__hover=&#8221;|||&#8221;][et_pb_text admin_label=&#8221;Titolo&#8221; _builder_version=&#8221;4.8.2&#8243; text_font=&#8221;PT Sans||||&#8221; text_text_color=&#8221;#000000&#8243; text_font_size=&#8221;60px&#8221; text_letter_spacing=&#8221;0&#8243; text_line_height=&#8221;1.1&#8243; header_font=&#8221;PT Sans||||&#8221; header_text_color=&#8221;#000000&#8243; header_font_size=&#8221;48&#8243; header_letter_spacing=&#8221;0&#8243; header_line_height=&#8221;1.1em&#8221; background_size=&#8221;initial&#8221; background_position=&#8221;top_left&#8221; background_repeat=&#8221;repeat&#8221; custom_margin=&#8221;0px||0px|&#8221; text_font_size_tablet=&#8221;60&#8243; text_font_size_phone=&#8221;&#8221; text_font_size_last_edited=&#8221;on|phone&#8221; text_letter_spacing_tablet=&#8221;&#8221; text_letter_spacing_phone=&#8221;&#8221; text_letter_spacing_last_edited=&#8221;on|desktop&#8221; text_line_height_tablet=&#8221;&#8221; text_line_height_phone=&#8221;&#8221; text_line_height_last_edited=&#8221;on|&#8221; header_font_size_tablet=&#8221;46&#8243; header_font_size_phone=&#8221;38px&#8221; header_font_size_last_edited=&#8221;on|phone&#8221; use_border_color=&#8221;off&#8221; border_color=&#8221;#ffffff&#8221; border_width=&#8221;1&#8243; border_style=&#8221;solid&#8221;]<\/p>\n<p>Il 5 X mille a Friends of Museo Fratelli Cozzi ETS &#8230; ecco perch\u00e9<\/p>\n<p>[\/et_pb_text][et_pb_text admin_label=&#8221;Data&#8221; _builder_version=&#8221;4.8.2&#8243; text_font=&#8221;PT Sans|on|||&#8221; text_text_color=&#8221;#363636&#8243; text_font_size=&#8221;18&#8243; text_letter_spacing=&#8221;0&#8243; text_line_height=&#8221;1.7&#8243; header_font_size=&#8221;30&#8243; header_letter_spacing=&#8221;0&#8243; header_line_height=&#8221;1&#8243; background_size=&#8221;initial&#8221; background_position=&#8221;top_left&#8221; background_repeat=&#8221;repeat&#8221; custom_margin=&#8221;10px||0px|&#8221; custom_padding=&#8221;||0px|||&#8221; use_border_color=&#8221;off&#8221; border_color=&#8221;#ffffff&#8221; border_width=&#8221;1&#8243; border_style=&#8221;solid&#8221;]<\/p>\n<p>Aprile 2026<\/p>\n<p>[\/et_pb_text][\/et_pb_column][\/et_pb_row][\/et_pb_section][et_pb_section fb_built=&#8221;1&#8243; admin_label=&#8221;Section&#8221; _builder_version=&#8221;3.22&#8243; background_color=&#8221;#f7f7f4&#8243; transparent_background=&#8221;off&#8221; make_fullwidth=&#8221;off&#8221; use_custom_width=&#8221;off&#8221; width_unit=&#8221;on&#8221; custom_width_px=&#8221;1080&#8243; custom_width_percent=&#8221;80&#8243;][et_pb_row column_structure=&#8221;1_3,2_3&#8243; padding_mobile=&#8221;on&#8221; column_padding_mobile=&#8221;on&#8221; admin_label=&#8221;row&#8221; _builder_version=&#8221;4.8.2&#8243; background_size=&#8221;initial&#8221; background_position=&#8221;top_left&#8221; background_repeat=&#8221;repeat&#8221; custom_margin=&#8221;10px||||false|false&#8221; custom_padding=&#8221;0px|||&#8221; make_fullwidth=&#8221;off&#8221; use_custom_width=&#8221;off&#8221; width_unit=&#8221;on&#8221; custom_width_px=&#8221;1080&#8243; custom_width_percent=&#8221;80&#8243;][et_pb_column type=&#8221;1_3&#8243; _builder_version=&#8221;3.25&#8243; custom_padding=&#8221;|||&#8221; custom_padding__hover=&#8221;|||&#8221;][et_pb_text admin_label=&#8221;Occhiello&#8221; _builder_version=&#8221;4.8.2&#8243; text_font=&#8221;PT Sans|on|||&#8221; text_text_color=&#8221;#363636&#8243; text_font_size=&#8221;24&#8243; text_letter_spacing=&#8221;0&#8243; text_line_height=&#8221;1.4&#8243; header_font_size=&#8221;30&#8243; header_letter_spacing=&#8221;0&#8243; header_line_height=&#8221;1&#8243; header_3_font_size=&#8221;19px&#8221; header_3_line_height=&#8221;1.2em&#8221; background_size=&#8221;initial&#8221; background_position=&#8221;top_left&#8221; background_repeat=&#8221;repeat&#8221; max_width=&#8221;620px&#8221; custom_margin=&#8221;0px|20px|0px||false|false&#8221; custom_padding=&#8221;||0px|||&#8221; text_font_size_tablet=&#8221;&#8221; text_font_size_phone=&#8221;&#8221; text_font_size_last_edited=&#8221;on|desktop&#8221; use_border_color=&#8221;off&#8221; border_color=&#8221;#ffffff&#8221; border_width=&#8221;1&#8243; border_style=&#8221;solid&#8221;]<\/p>\n<p>Il tuo 5Xmille al Museo per sostenere cultura, inclusione, territorio&#8230; Cultura<\/p>\n<p>[\/et_pb_text][\/et_pb_column][et_pb_column type=&#8221;2_3&#8243; _builder_version=&#8221;3.25&#8243; custom_padding=&#8221;|||&#8221; custom_padding__hover=&#8221;|||&#8221;][et_pb_text admin_label=&#8221;Blocco testo 1&#8243; _builder_version=&#8221;4.8.2&#8243; text_font=&#8221;PT Sans||||&#8221; text_text_color=&#8221;#363636&#8243; text_font_size=&#8221;20&#8243; text_letter_spacing=&#8221;0&#8243; text_line_height=&#8221;1.2em&#8221; header_font_size=&#8221;30&#8243; header_letter_spacing=&#8221;0&#8243; header_line_height=&#8221;1&#8243; background_size=&#8221;initial&#8221; background_position=&#8221;top_left&#8221; background_repeat=&#8221;repeat&#8221; max_width=&#8221;620px&#8221; custom_margin=&#8221;0px||0px||false|false&#8221; hover_enabled=&#8221;0&#8243; text_font_size_tablet=&#8221;&#8221; text_font_size_phone=&#8221;&#8221; text_font_size_last_edited=&#8221;on|tablet&#8221; use_border_color=&#8221;off&#8221; border_color=&#8221;#ffffff&#8221; border_width=&#8221;1&#8243; border_style=&#8221;solid&#8221; sticky_enabled=&#8221;0&#8243;]<\/p>\n<p>Due sono le parole d&#8217;ordine al museo: storia e futuro, per questo anche quest&#8217;anno abbiamo voluto sostenere con la nostra associazione progetti culturali dedicati ai giovani della Gen Z e alle pari opportunit\u00e0. Il\u00a0<span style=\"color: #800000;\"><strong><a style=\"color: #800000;\" href=\"https:\/\/www.museofratellicozzi.com\/news\/contest-scuole-2025-ecco-i-vincitori\/\" target=\"_blank\" rel=\"noopener noreferrer\">contest dedicato alle scuole<\/a><\/strong><\/span>\u00a0del territorio e la mostra itinerante <span style=\"color: #800000;\"><strong><a style=\"color: #800000;\" href=\"https:\/\/www.museofratellicozzi.com\/news\/donne-e-motori-gioie-e-basta-4-edizione-le-protagoniste\/\" target=\"_blank\" rel=\"noopener noreferrer\">Donne e motori? Gioie e basta<\/a>, <\/strong><\/span>che, in questi quattro anni ha toccato molte regioni italiane, arrivando anche a varcare i confini del Paese per spingersi fino in Australia, sono un esempio del nostro impegno costante.<\/p>\n<p>Questi sono solo due esempi dei tanti <strong>progetti no profit<\/strong> che l&#8217;associazione Friends of Museo Fratelli Cozzi ETS sostiene per promuovere la <span style=\"color: #800000;\"><strong>Cultura<\/strong><\/span>, attraverso iniziative destinate alla valorizzazione del patrimonio storico dell&#8217;archivio, l&#8217;<span style=\"color: #800000;\"><strong>Inclusione<\/strong> <\/span>(progetto scuole, mostra fotografica, visite dedicate alle persone anziane, a quelle con disabilit\u00e0, coinvolgendo anche\u00a0<span style=\"color: #800000;\"><strong><a style=\"color: #800000;\" href=\"https:\/\/www.museofratellicozzi.com\/news\/museo-fratelli-cozzi-un-luogo-di-cultura-accessibile-e-inclusivo\/\" target=\"_blank\" rel=\"noopener\">persone cieche, sorde\u00a0<\/a><\/strong><\/span>e con disabilit\u00e0 psichiche).<\/p>\n<p>Importante per noi \u00e8 anche la <span style=\"color: #800000;\"><strong>valorizzazione del territorio<\/strong><\/span>, attraverso progetti culturali e mostre che possano raccontare<span style=\"color: #800000;\"><strong><a style=\"color: #800000;\" href=\"https:\/\/www.museofratellicozzi.com\/news\/legnano-in-movimento\/\" target=\"_blank\" rel=\"noopener\"> storie d&#8217;impresa<\/a><\/strong><\/span> che altrimenti rischierebbero l&#8217;oblio.<\/p>\n<p>Se anche per te cultura, inclusione e territorio sono colonne portanti della nostra societ\u00e0, dona il tuo 5Xmille all&#8217;associazione\u00a0<strong><a href=\"https:\/\/www.museofratellicozzi.com\/associazione-friends-of-mfc\/\" target=\"_blank\" rel=\"noopener\"><span style=\"color: #800000;\"><\/span><\/a><\/strong><strong><a href=\"https:\/\/www.museofratellicozzi.com\/associazione-friends-of-mfc\/\" target=\"_blank\" rel=\"noopener\"><span style=\"color: #800000;\">Friends of Museo Fratelli Cozzi ETS:<\/span><\/a><\/strong><span style=\"color: #800000;\"> <\/span><\/p>\n<h3 style=\"text-align: center;\"><span style=\"color: #800000;\">codice fiscale\u00a0<\/span><span style=\"color: #ff0000;\"><strong>92042520152<\/strong><\/span>.<\/h3>\n<p>Grazie!<span style=\"letter-spacing: 0px;\">\u00a0<\/span><\/p>\n<p>[\/et_pb_text][\/et_pb_column][\/et_pb_row][et_pb_row _builder_version=&#8221;4.8.2&#8243; _module_preset=&#8221;default&#8221; custom_margin=&#8221;-59px|auto|-30px|auto||&#8221; custom_padding=&#8221;60px|||||&#8221;][et_pb_column type=&#8221;4_4&#8243; _builder_version=&#8221;4.8.2&#8243; _module_preset=&#8221;default&#8221;][et_pb_divider _builder_version=&#8221;4.8.2&#8243; _module_preset=&#8221;default&#8221;][\/et_pb_divider][\/et_pb_column][\/et_pb_row][et_pb_row _builder_version=&#8221;4.8.2&#8243; _module_preset=&#8221;default&#8221; custom_margin=&#8221;-59px|auto|-30px|auto||&#8221; custom_padding=&#8221;60px|||||&#8221;][et_pb_column type=&#8221;4_4&#8243; _builder_version=&#8221;4.8.2&#8243; _module_preset=&#8221;default&#8221;][et_pb_image src=&#8221;https:\/\/www.museofratellicozzi.com\/news\/wp-content\/uploads\/2026\/04\/Progetto-senza-titolo-39.png&#8221; title_text=&#8221;Donne e motori IV edizione &#8221; _builder_version=&#8221;4.8.2&#8243; _module_preset=&#8221;default&#8221;][\/et_pb_image][et_pb_text _builder_version=&#8221;4.8.2&#8243; _module_preset=&#8221;default&#8221;]<\/p>\n<p>Darya Majidi\u2013President UN Women Italy e Corrado Tomassini\u2013UN Women Italy Board Member\u2013HeForShe Chapter Italy |Alfa Romeo Montreal<\/p>\n<p>[\/et_pb_text][\/et_pb_column][\/et_pb_row][et_pb_row column_structure=&#8221;1_3,2_3&#8243; padding_mobile=&#8221;on&#8221; column_padding_mobile=&#8221;on&#8221; admin_label=&#8221;row&#8221; _builder_version=&#8221;4.8.2&#8243; background_size=&#8221;initial&#8221; background_position=&#8221;top_left&#8221; background_repeat=&#8221;repeat&#8221; custom_margin=&#8221;10px||||false|false&#8221; custom_padding=&#8221;69px|||||&#8221; make_fullwidth=&#8221;off&#8221; use_custom_width=&#8221;off&#8221; width_unit=&#8221;on&#8221; custom_width_px=&#8221;1080&#8243; custom_width_percent=&#8221;80&#8243;][et_pb_column type=&#8221;1_3&#8243; _builder_version=&#8221;3.25&#8243; custom_padding=&#8221;|||&#8221; custom_padding__hover=&#8221;|||&#8221;][\/et_pb_column][et_pb_column type=&#8221;2_3&#8243; _builder_version=&#8221;3.25&#8243; custom_padding=&#8221;|||&#8221; custom_padding__hover=&#8221;|||&#8221;][et_pb_text admin_label=&#8221;Blocco testo 1&#8243; _builder_version=&#8221;4.8.2&#8243; text_font=&#8221;PT Sans||||&#8221; text_text_color=&#8221;#363636&#8243; text_font_size=&#8221;20&#8243; text_letter_spacing=&#8221;0&#8243; text_line_height=&#8221;1.2em&#8221; header_font_size=&#8221;30&#8243; header_letter_spacing=&#8221;0&#8243; header_line_height=&#8221;1&#8243; background_size=&#8221;initial&#8221; background_position=&#8221;top_left&#8221; background_repeat=&#8221;repeat&#8221; max_width=&#8221;620px&#8221; custom_margin=&#8221;0px||0px||false|false&#8221; text_font_size_tablet=&#8221;&#8221; text_font_size_phone=&#8221;&#8221; text_font_size_last_edited=&#8221;on|tablet&#8221; use_border_color=&#8221;off&#8221; border_color=&#8221;#ffffff&#8221; border_width=&#8221;1&#8243; border_style=&#8221;solid&#8221;]<\/p>\n<h3><span style=\"color: #800000;\"><strong><\/strong><\/span><\/h3>\n<h3><span style=\"color: #800000;\"><strong>HeForShe di United Nation Women<\/strong><\/span><\/h3>\n<p>Nel 2025 il\u00a0tema della IV edizione \u201c<span><em><strong>Uomini a fianco delle donne nel percorso per la parit\u00e0: ritratti di alleanza, motori di cambiamento<\/strong><\/em><\/span>\u201d, annuncia le due grande novit\u00e0 del 2025.\u00a0Le testimonial degli scatti firmati da Camilla Albertini,<span>\u00a0<\/span><strong>hanno posato insieme a uomini<\/strong><span>\u00a0<\/span>da loro scelti per il loro impegno nel superamento fattivo del gender gap, per affermare che la parit\u00e0 di genere \u00e8 una responsabilit\u00e0 condivisa, non una battaglia solo femminile.<\/p>\n<p>Un tema che ci ha permesso anche di ricevere il patrocinio della Commissione europea e l\u2019adesione al programma<strong><span>\u00a0<\/span>HeForShe di United Nation Women<\/strong>. Un riconoscimento che ci investe di entusiasmo e responsabilit\u00e0 nel proseguire il nostro cammino, consapevoli che il cambiamento \u00e8 possibile ed \u00e8 in ogni gesto della quotidianit\u00e0 personale e professionale.<\/p>\n<p>[\/et_pb_text][\/et_pb_column][\/et_pb_row][\/et_pb_section]<\/p>\n","protected":false},"excerpt":{"rendered":"<p>[et_pb_section fb_built=&#8221;1&#8243; admin_label=&#8221;Sezione&#8221; _builder_version=&#8221;3.22&#8243; custom_padding=&#8221;0px|||&#8221; transparent_background=&#8221;off&#8221; make_fullwidth=&#8221;off&#8221; use_custom_width=&#8221;off&#8221; width_unit=&#8221;on&#8221; custom_width_px=&#8221;1080&#8243; custom_width_percent=&#8221;80&#8243;][et_pb_row use_custom_gutter=&#8221;on&#8221; gutter_width=&#8221;1&#8243; disabled_on=&#8221;off|off|off&#8221; admin_label=&#8221;Riga&#8221; module_class=&#8221; et_pb_row_fullwidth&#8221; _builder_version=&#8221;3.25&#8243; background_size=&#8221;initial&#8221; background_position=&#8221;top_left&#8221; background_repeat=&#8221;repeat&#8221; width=&#8221;100%&#8221; width_tablet=&#8221;100%&#8221; width_phone=&#8221;&#8221; width_last_edited=&#8221;on|desktop&#8221; max_width=&#8221;100%&#8221; max_width_tablet=&#8221;100%&#8221; max_width_phone=&#8221;&#8221; max_width_last_edited=&#8221;on|desktop&#8221; custom_padding=&#8221;0px|||&#8221; make_fullwidth=&#8221;on&#8221; use_custom_width=&#8221;off&#8221; width_unit=&#8221;on&#8221; custom_width_px=&#8221;1080&#8243; custom_width_percent=&#8221;80&#8243;][et_pb_column type=&#8221;4_4&#8243; _builder_version=&#8221;3.25&#8243; custom_padding=&#8221;|||&#8221; custom_padding__hover=&#8221;|||&#8221;][et_pb_image src=&#8221;https:\/\/www.museofratellicozzi.com\/news\/wp-content\/uploads\/2026\/04\/Beige-Minimalist-Collage-Honeymoon-Memories-Photo-Card-2.png&#8221; alt=&#8221;contest scuole&#8221; title_text=&#8221;5&#215;1000&#8243; force_fullwidth=&#8221;on&#8221; align_tablet=&#8221;center&#8221; align_phone=&#8221;&#8221; align_last_edited=&#8221;on|desktop&#8221; admin_label=&#8221;Immagine principale&#8221; _builder_version=&#8221;4.8.2&#8243; animation=&#8221;off&#8221; sticky=&#8221;off&#8221; use_border_color=&#8221;off&#8221; border_color=&#8221;#ffffff&#8221; border_width=&#8221;1&#8243; [&hellip;]<\/p>\n","protected":false},"author":7,"featured_media":26006,"comment_status":"open","ping_status":"open","sticky":false,"template":"","format":"standard","meta":{"_et_pb_use_builder":"on","_et_pb_old_content":"","_et_gb_content_width":"","_jetpack_memberships_contains_paid_content":false,"footnotes":""},"categories":[775,6],"tags":[934,21,209,180,935,565,785,406],"class_list":["post-25909","post","type-post","status-publish","format-standard","has-post-thumbnail","hentry","category-associazione","category-cultura","tag-5x1000","tag-alfa-romeo","tag-automotive","tag-cozzi","tag-dichiarazione-redditi","tag-fondazione-ticino-olona","tag-gen-z","tag-museo-fratelli-cozzi","et-has-post-format-content","et_post_format-et-post-format-standard"],"yoast_head":"<!-- This site is optimized with the Yoast SEO plugin v26.8 - https:\/\/yoast.com\/product\/yoast-seo-wordpress\/ -->\n<title>5 X Mille al Museo... ecco perch\u00e9 -<\/title>\n<meta name=\"description\" content=\"Dona il tuo 5XMille per sostenere Cultura, Inclusione, Scuole e la storia del territorio attraverso l&#039;archivio d&#039;impresa\" \/>\n<meta name=\"robots\" content=\"index, follow, max-snippet:-1, max-image-preview:large, max-video-preview:-1\" \/>\n<link rel=\"canonical\" href=\"https:\/\/www.museofratellicozzi.com\/news\/5-x-mille-al-museo-ecco-perche\/\" \/>\n<meta property=\"og:locale\" content=\"it_IT\" \/>\n<meta property=\"og:type\" content=\"article\" \/>\n<meta property=\"og:title\" content=\"5 X Mille al Museo... ecco perch\u00e9 -\" \/>\n<meta property=\"og:description\" content=\"Dona il tuo 5XMille per sostenere Cultura, Inclusione, Scuole e la storia del territorio attraverso l&#039;archivio d&#039;impresa\" \/>\n<meta property=\"og:url\" content=\"https:\/\/www.museofratellicozzi.com\/news\/5-x-mille-al-museo-ecco-perche\/\" \/>\n<meta property=\"og:site_name\" content=\"eNews Museo Fratelli Cozzi\" \/>\n<meta property=\"article:published_time\" content=\"2026-04-28T17:55:08+00:00\" \/>\n<meta property=\"article:modified_time\" content=\"2026-04-29T20:57:05+00:00\" \/>\n<meta property=\"og:image\" content=\"https:\/\/www.museofratellicozzi.com\/news\/wp-content\/uploads\/2026\/04\/Beige-Minimalist-Collage-Honeymoon-Memories-Photo-Card-2-1024x683.png\" \/>\n\t<meta property=\"og:image:width\" content=\"1024\" \/>\n\t<meta property=\"og:image:height\" content=\"683\" \/>\n\t<meta property=\"og:image:type\" content=\"image\/png\" \/>\n<meta name=\"author\" content=\"Elisabetta Cozzi\" \/>\n<meta name=\"twitter:card\" content=\"summary_large_image\" \/>\n<meta name=\"twitter:label1\" content=\"Scritto da\" \/>\n\t<meta name=\"twitter:data1\" content=\"Elisabetta Cozzi\" \/>\n\t<meta name=\"twitter:label2\" content=\"Tempo di lettura stimato\" \/>\n\t<meta name=\"twitter:data2\" content=\"4 minuti\" \/>\n<script type=\"application\/ld+json\" class=\"yoast-schema-graph\">{\"@context\":\"https:\/\/schema.org\",\"@graph\":[{\"@type\":\"Article\",\"@id\":\"https:\/\/www.museofratellicozzi.com\/news\/5-x-mille-al-museo-ecco-perche\/#article\",\"isPartOf\":{\"@id\":\"https:\/\/www.museofratellicozzi.com\/news\/5-x-mille-al-museo-ecco-perche\/\"},\"author\":{\"name\":\"Elisabetta Cozzi\",\"@id\":\"https:\/\/www.museofratellicozzi.com\/news\/#\/schema\/person\/3c2c242e79e59f9be7b62a0d9673e40d\"},\"headline\":\"5 X Mille al Museo&#8230; ecco perch\u00e9\",\"datePublished\":\"2026-04-28T17:55:08+00:00\",\"dateModified\":\"2026-04-29T20:57:05+00:00\",\"mainEntityOfPage\":{\"@id\":\"https:\/\/www.museofratellicozzi.com\/news\/5-x-mille-al-museo-ecco-perche\/\"},\"wordCount\":1392,\"commentCount\":0,\"publisher\":{\"@id\":\"https:\/\/www.museofratellicozzi.com\/news\/#organization\"},\"image\":{\"@id\":\"https:\/\/www.museofratellicozzi.com\/news\/5-x-mille-al-museo-ecco-perche\/#primaryimage\"},\"thumbnailUrl\":\"https:\/\/www.museofratellicozzi.com\/news\/wp-content\/uploads\/2026\/04\/Beige-Minimalist-Collage-Honeymoon-Memories-Photo-Card-2.png\",\"keywords\":[\"5x1000\",\"alfa romeo\",\"automotive\",\"cozzi\",\"dichiarazione redditi\",\"Fondazione Ticino Olona\",\"gen z\",\"Museo Fratelli Cozzi\"],\"articleSection\":[\"Associazione\",\"Cultura\"],\"inLanguage\":\"it-IT\",\"potentialAction\":[{\"@type\":\"CommentAction\",\"name\":\"Comment\",\"target\":[\"https:\/\/www.museofratellicozzi.com\/news\/5-x-mille-al-museo-ecco-perche\/#respond\"]}]},{\"@type\":\"WebPage\",\"@id\":\"https:\/\/www.museofratellicozzi.com\/news\/5-x-mille-al-museo-ecco-perche\/\",\"url\":\"https:\/\/www.museofratellicozzi.com\/news\/5-x-mille-al-museo-ecco-perche\/\",\"name\":\"5 X Mille al Museo... ecco perch\u00e9 -\",\"isPartOf\":{\"@id\":\"https:\/\/www.museofratellicozzi.com\/news\/#website\"},\"primaryImageOfPage\":{\"@id\":\"https:\/\/www.museofratellicozzi.com\/news\/5-x-mille-al-museo-ecco-perche\/#primaryimage\"},\"image\":{\"@id\":\"https:\/\/www.museofratellicozzi.com\/news\/5-x-mille-al-museo-ecco-perche\/#primaryimage\"},\"thumbnailUrl\":\"https:\/\/www.museofratellicozzi.com\/news\/wp-content\/uploads\/2026\/04\/Beige-Minimalist-Collage-Honeymoon-Memories-Photo-Card-2.png\",\"datePublished\":\"2026-04-28T17:55:08+00:00\",\"dateModified\":\"2026-04-29T20:57:05+00:00\",\"description\":\"Dona il tuo 5XMille per sostenere Cultura, Inclusione, Scuole e la storia del territorio attraverso l'archivio d'impresa\",\"breadcrumb\":{\"@id\":\"https:\/\/www.museofratellicozzi.com\/news\/5-x-mille-al-museo-ecco-perche\/#breadcrumb\"},\"inLanguage\":\"it-IT\",\"potentialAction\":[{\"@type\":\"ReadAction\",\"target\":[\"https:\/\/www.museofratellicozzi.com\/news\/5-x-mille-al-museo-ecco-perche\/\"]}]},{\"@type\":\"ImageObject\",\"inLanguage\":\"it-IT\",\"@id\":\"https:\/\/www.museofratellicozzi.com\/news\/5-x-mille-al-museo-ecco-perche\/#primaryimage\",\"url\":\"https:\/\/www.museofratellicozzi.com\/news\/wp-content\/uploads\/2026\/04\/Beige-Minimalist-Collage-Honeymoon-Memories-Photo-Card-2.png\",\"contentUrl\":\"https:\/\/www.museofratellicozzi.com\/news\/wp-content\/uploads\/2026\/04\/Beige-Minimalist-Collage-Honeymoon-Memories-Photo-Card-2.png\",\"width\":1800,\"height\":1200},{\"@type\":\"BreadcrumbList\",\"@id\":\"https:\/\/www.museofratellicozzi.com\/news\/5-x-mille-al-museo-ecco-perche\/#breadcrumb\",\"itemListElement\":[{\"@type\":\"ListItem\",\"position\":1,\"name\":\"Home\",\"item\":\"https:\/\/www.museofratellicozzi.com\/news\/\"},{\"@type\":\"ListItem\",\"position\":2,\"name\":\"5 X Mille al Museo&#8230; ecco perch\u00e9\"}]},{\"@type\":\"WebSite\",\"@id\":\"https:\/\/www.museofratellicozzi.com\/news\/#website\",\"url\":\"https:\/\/www.museofratellicozzi.com\/news\/\",\"name\":\"eNews Museo Fratelli Cozzi\",\"description\":\"Alfa Romeo: un mito che resiste al tempo\",\"publisher\":{\"@id\":\"https:\/\/www.museofratellicozzi.com\/news\/#organization\"},\"potentialAction\":[{\"@type\":\"SearchAction\",\"target\":{\"@type\":\"EntryPoint\",\"urlTemplate\":\"https:\/\/www.museofratellicozzi.com\/news\/?s={search_term_string}\"},\"query-input\":{\"@type\":\"PropertyValueSpecification\",\"valueRequired\":true,\"valueName\":\"search_term_string\"}}],\"inLanguage\":\"it-IT\"},{\"@type\":\"Organization\",\"@id\":\"https:\/\/www.museofratellicozzi.com\/news\/#organization\",\"name\":\"Museo Fratelli Cozzi\",\"url\":\"https:\/\/www.museofratellicozzi.com\/news\/\",\"logo\":{\"@type\":\"ImageObject\",\"inLanguage\":\"it-IT\",\"@id\":\"https:\/\/www.museofratellicozzi.com\/news\/#\/schema\/logo\/image\/\",\"url\":\"https:\/\/www.museofratellicozzi.com\/news\/wp-content\/uploads\/2017\/04\/home.png\",\"contentUrl\":\"https:\/\/www.museofratellicozzi.com\/news\/wp-content\/uploads\/2017\/04\/home.png\",\"width\":497,\"height\":512,\"caption\":\"Museo Fratelli Cozzi\"},\"image\":{\"@id\":\"https:\/\/www.museofratellicozzi.com\/news\/#\/schema\/logo\/image\/\"}},{\"@type\":\"Person\",\"@id\":\"https:\/\/www.museofratellicozzi.com\/news\/#\/schema\/person\/3c2c242e79e59f9be7b62a0d9673e40d\",\"name\":\"Elisabetta Cozzi\",\"image\":{\"@type\":\"ImageObject\",\"inLanguage\":\"it-IT\",\"@id\":\"https:\/\/www.museofratellicozzi.com\/news\/#\/schema\/person\/image\/\",\"url\":\"https:\/\/secure.gravatar.com\/avatar\/a761e7642145a4506dbd3685a69db0fc?s=96&d=mm&r=g\",\"contentUrl\":\"https:\/\/secure.gravatar.com\/avatar\/a761e7642145a4506dbd3685a69db0fc?s=96&d=mm&r=g\",\"caption\":\"Elisabetta Cozzi\"}}]}<\/script>\n<!-- \/ Yoast SEO plugin. -->","yoast_head_json":{"title":"5 X Mille al Museo... ecco perch\u00e9 -","description":"Dona il tuo 5XMille per sostenere Cultura, Inclusione, Scuole e la storia del territorio attraverso l'archivio d'impresa","robots":{"index":"index","follow":"follow","max-snippet":"max-snippet:-1","max-image-preview":"max-image-preview:large","max-video-preview":"max-video-preview:-1"},"canonical":"https:\/\/www.museofratellicozzi.com\/news\/5-x-mille-al-museo-ecco-perche\/","og_locale":"it_IT","og_type":"article","og_title":"5 X Mille al Museo... ecco perch\u00e9 -","og_description":"Dona il tuo 5XMille per sostenere Cultura, Inclusione, Scuole e la storia del territorio attraverso l'archivio d'impresa","og_url":"https:\/\/www.museofratellicozzi.com\/news\/5-x-mille-al-museo-ecco-perche\/","og_site_name":"eNews Museo Fratelli Cozzi","article_published_time":"2026-04-28T17:55:08+00:00","article_modified_time":"2026-04-29T20:57:05+00:00","og_image":[{"width":1024,"height":683,"url":"https:\/\/www.museofratellicozzi.com\/news\/wp-content\/uploads\/2026\/04\/Beige-Minimalist-Collage-Honeymoon-Memories-Photo-Card-2-1024x683.png","type":"image\/png"}],"author":"Elisabetta Cozzi","twitter_card":"summary_large_image","twitter_misc":{"Scritto da":"Elisabetta Cozzi","Tempo di lettura stimato":"4 minuti"},"schema":{"@context":"https:\/\/schema.org","@graph":[{"@type":"Article","@id":"https:\/\/www.museofratellicozzi.com\/news\/5-x-mille-al-museo-ecco-perche\/#article","isPartOf":{"@id":"https:\/\/www.museofratellicozzi.com\/news\/5-x-mille-al-museo-ecco-perche\/"},"author":{"name":"Elisabetta Cozzi","@id":"https:\/\/www.museofratellicozzi.com\/news\/#\/schema\/person\/3c2c242e79e59f9be7b62a0d9673e40d"},"headline":"5 X Mille al Museo&#8230; ecco perch\u00e9","datePublished":"2026-04-28T17:55:08+00:00","dateModified":"2026-04-29T20:57:05+00:00","mainEntityOfPage":{"@id":"https:\/\/www.museofratellicozzi.com\/news\/5-x-mille-al-museo-ecco-perche\/"},"wordCount":1392,"commentCount":0,"publisher":{"@id":"https:\/\/www.museofratellicozzi.com\/news\/#organization"},"image":{"@id":"https:\/\/www.museofratellicozzi.com\/news\/5-x-mille-al-museo-ecco-perche\/#primaryimage"},"thumbnailUrl":"https:\/\/www.museofratellicozzi.com\/news\/wp-content\/uploads\/2026\/04\/Beige-Minimalist-Collage-Honeymoon-Memories-Photo-Card-2.png","keywords":["5x1000","alfa romeo","automotive","cozzi","dichiarazione redditi","Fondazione Ticino Olona","gen z","Museo Fratelli Cozzi"],"articleSection":["Associazione","Cultura"],"inLanguage":"it-IT","potentialAction":[{"@type":"CommentAction","name":"Comment","target":["https:\/\/www.museofratellicozzi.com\/news\/5-x-mille-al-museo-ecco-perche\/#respond"]}]},{"@type":"WebPage","@id":"https:\/\/www.museofratellicozzi.com\/news\/5-x-mille-al-museo-ecco-perche\/","url":"https:\/\/www.museofratellicozzi.com\/news\/5-x-mille-al-museo-ecco-perche\/","name":"5 X Mille al Museo... ecco perch\u00e9 -","isPartOf":{"@id":"https:\/\/www.museofratellicozzi.com\/news\/#website"},"primaryImageOfPage":{"@id":"https:\/\/www.museofratellicozzi.com\/news\/5-x-mille-al-museo-ecco-perche\/#primaryimage"},"image":{"@id":"https:\/\/www.museofratellicozzi.com\/news\/5-x-mille-al-museo-ecco-perche\/#primaryimage"},"thumbnailUrl":"https:\/\/www.museofratellicozzi.com\/news\/wp-content\/uploads\/2026\/04\/Beige-Minimalist-Collage-Honeymoon-Memories-Photo-Card-2.png","datePublished":"2026-04-28T17:55:08+00:00","dateModified":"2026-04-29T20:57:05+00:00","description":"Dona il tuo 5XMille per sostenere Cultura, Inclusione, Scuole e la storia del territorio attraverso l'archivio d'impresa","breadcrumb":{"@id":"https:\/\/www.museofratellicozzi.com\/news\/5-x-mille-al-museo-ecco-perche\/#breadcrumb"},"inLanguage":"it-IT","potentialAction":[{"@type":"ReadAction","target":["https:\/\/www.museofratellicozzi.com\/news\/5-x-mille-al-museo-ecco-perche\/"]}]},{"@type":"ImageObject","inLanguage":"it-IT","@id":"https:\/\/www.museofratellicozzi.com\/news\/5-x-mille-al-museo-ecco-perche\/#primaryimage","url":"https:\/\/www.museofratellicozzi.com\/news\/wp-content\/uploads\/2026\/04\/Beige-Minimalist-Collage-Honeymoon-Memories-Photo-Card-2.png","contentUrl":"https:\/\/www.museofratellicozzi.com\/news\/wp-content\/uploads\/2026\/04\/Beige-Minimalist-Collage-Honeymoon-Memories-Photo-Card-2.png","width":1800,"height":1200},{"@type":"BreadcrumbList","@id":"https:\/\/www.museofratellicozzi.com\/news\/5-x-mille-al-museo-ecco-perche\/#breadcrumb","itemListElement":[{"@type":"ListItem","position":1,"name":"Home","item":"https:\/\/www.museofratellicozzi.com\/news\/"},{"@type":"ListItem","position":2,"name":"5 X Mille al Museo&#8230; ecco perch\u00e9"}]},{"@type":"WebSite","@id":"https:\/\/www.museofratellicozzi.com\/news\/#website","url":"https:\/\/www.museofratellicozzi.com\/news\/","name":"eNews Museo Fratelli Cozzi","description":"Alfa Romeo: un mito che resiste al tempo","publisher":{"@id":"https:\/\/www.museofratellicozzi.com\/news\/#organization"},"potentialAction":[{"@type":"SearchAction","target":{"@type":"EntryPoint","urlTemplate":"https:\/\/www.museofratellicozzi.com\/news\/?s={search_term_string}"},"query-input":{"@type":"PropertyValueSpecification","valueRequired":true,"valueName":"search_term_string"}}],"inLanguage":"it-IT"},{"@type":"Organization","@id":"https:\/\/www.museofratellicozzi.com\/news\/#organization","name":"Museo Fratelli Cozzi","url":"https:\/\/www.museofratellicozzi.com\/news\/","logo":{"@type":"ImageObject","inLanguage":"it-IT","@id":"https:\/\/www.museofratellicozzi.com\/news\/#\/schema\/logo\/image\/","url":"https:\/\/www.museofratellicozzi.com\/news\/wp-content\/uploads\/2017\/04\/home.png","contentUrl":"https:\/\/www.museofratellicozzi.com\/news\/wp-content\/uploads\/2017\/04\/home.png","width":497,"height":512,"caption":"Museo Fratelli Cozzi"},"image":{"@id":"https:\/\/www.museofratellicozzi.com\/news\/#\/schema\/logo\/image\/"}},{"@type":"Person","@id":"https:\/\/www.museofratellicozzi.com\/news\/#\/schema\/person\/3c2c242e79e59f9be7b62a0d9673e40d","name":"Elisabetta Cozzi","image":{"@type":"ImageObject","inLanguage":"it-IT","@id":"https:\/\/www.museofratellicozzi.com\/news\/#\/schema\/person\/image\/","url":"https:\/\/secure.gravatar.com\/avatar\/a761e7642145a4506dbd3685a69db0fc?s=96&d=mm&r=g","contentUrl":"https:\/\/secure.gravatar.com\/avatar\/a761e7642145a4506dbd3685a69db0fc?s=96&d=mm&r=g","caption":"Elisabetta Cozzi"}}]}},"jetpack_featured_media_url":"https:\/\/www.museofratellicozzi.com\/news\/wp-content\/uploads\/2026\/04\/Beige-Minimalist-Collage-Honeymoon-Memories-Photo-Card-2.png","jetpack_shortlink":"https:\/\/wp.me\/p90Eth-6JT","jetpack_sharing_enabled":true,"post_mailing_queue_ids":[],"_links":{"self":[{"href":"https:\/\/www.museofratellicozzi.com\/news\/wp-json\/wp\/v2\/posts\/25909","targetHints":{"allow":["GET"]}}],"collection":[{"href":"https:\/\/www.museofratellicozzi.com\/news\/wp-json\/wp\/v2\/posts"}],"about":[{"href":"https:\/\/www.museofratellicozzi.com\/news\/wp-json\/wp\/v2\/types\/post"}],"author":[{"embeddable":true,"href":"https:\/\/www.museofratellicozzi.com\/news\/wp-json\/wp\/v2\/users\/7"}],"replies":[{"embeddable":true,"href":"https:\/\/www.museofratellicozzi.com\/news\/wp-json\/wp\/v2\/comments?post=25909"}],"version-history":[{"count":9,"href":"https:\/\/www.museofratellicozzi.com\/news\/wp-json\/wp\/v2\/posts\/25909\/revisions"}],"predecessor-version":[{"id":26121,"href":"https:\/\/www.museofratellicozzi.com\/news\/wp-json\/wp\/v2\/posts\/25909\/revisions\/26121"}],"wp:featuredmedia":[{"embeddable":true,"href":"https:\/\/www.museofratellicozzi.com\/news\/wp-json\/wp\/v2\/media\/26006"}],"wp:attachment":[{"href":"https:\/\/www.museofratellicozzi.com\/news\/wp-json\/wp\/v2\/media?parent=25909"}],"wp:term":[{"taxonomy":"category","embeddable":true,"href":"https:\/\/www.museofratellicozzi.com\/news\/wp-json\/wp\/v2\/categories?post=25909"},{"taxonomy":"post_tag","embeddable":true,"href":"https:\/\/www.museofratellicozzi.com\/news\/wp-json\/wp\/v2\/tags?post=25909"}],"curies":[{"name":"wp","href":"https:\/\/api.w.org\/{rel}","templated":true}]}}