{"id":25911,"date":"2026-04-26T19:11:48","date_gmt":"2026-04-26T17:11:48","guid":{"rendered":"https:\/\/www.museofratellicozzi.com\/news\/?p=25911"},"modified":"2026-04-29T23:39:42","modified_gmt":"2026-04-29T21:39:42","slug":"donne-e-motori-gioie-e-basta-villano-vergara","status":"publish","type":"post","link":"https:\/\/www.museofratellicozzi.com\/news\/donne-e-motori-gioie-e-basta-villano-vergara\/","title":{"rendered":"&#8220;Donne e motori? Gioie e basta&#8221; Villano &#038; Vergara"},"content":{"rendered":"<p>[et_pb_section fb_built=&#8221;1&#8243; admin_label=&#8221;Sezione&#8221; _builder_version=&#8221;4.8.2&#8243; custom_padding=&#8221;0px|||&#8221; transparent_background=&#8221;off&#8221; make_fullwidth=&#8221;off&#8221; use_custom_width=&#8221;off&#8221; width_unit=&#8221;on&#8221; custom_width_px=&#8221;1080&#8243; custom_width_percent=&#8221;80&#8243;][et_pb_row use_custom_gutter=&#8221;on&#8221; gutter_width=&#8221;1&#8243; disabled_on=&#8221;off|off|off&#8221; admin_label=&#8221;Riga&#8221; module_class=&#8221; et_pb_row_fullwidth&#8221; _builder_version=&#8221;3.25&#8243; background_size=&#8221;initial&#8221; background_position=&#8221;top_left&#8221; background_repeat=&#8221;repeat&#8221; width=&#8221;100%&#8221; width_tablet=&#8221;100%&#8221; width_phone=&#8221;&#8221; width_last_edited=&#8221;on|desktop&#8221; max_width=&#8221;100%&#8221; max_width_tablet=&#8221;100%&#8221; max_width_phone=&#8221;&#8221; max_width_last_edited=&#8221;on|desktop&#8221; custom_padding=&#8221;0px|||&#8221; make_fullwidth=&#8221;on&#8221; use_custom_width=&#8221;off&#8221; width_unit=&#8221;on&#8221; custom_width_px=&#8221;1080&#8243; custom_width_percent=&#8221;80&#8243;][et_pb_column type=&#8221;4_4&#8243; _builder_version=&#8221;3.25&#8243; custom_padding=&#8221;|||&#8221; custom_padding__hover=&#8221;|||&#8221;][et_pb_image src=&#8221;https:\/\/www.museofratellicozzi.com\/news\/wp-content\/uploads\/2026\/04\/You-Tube-SEMPIONE-51.jpg&#8221; title_text=&#8221;Villano &#8211; Vergara&#8221; force_fullwidth=&#8221;on&#8221; align_tablet=&#8221;center&#8221; align_phone=&#8221;&#8221; align_last_edited=&#8221;on|desktop&#8221; admin_label=&#8221;Immagine principale&#8221; _builder_version=&#8221;4.8.2&#8243; animation=&#8221;off&#8221; sticky=&#8221;off&#8221; use_border_color=&#8221;off&#8221; border_color=&#8221;#ffffff&#8221; border_width=&#8221;1&#8243; border_style=&#8221;solid&#8221; always_center_on_mobile=&#8221;on&#8221;][\/et_pb_image][\/et_pb_column][\/et_pb_row][et_pb_row admin_label=&#8221;Riga&#8221; _builder_version=&#8221;4.8.2&#8243; background_size=&#8221;initial&#8221; background_position=&#8221;top_left&#8221; background_repeat=&#8221;repeat&#8221; custom_padding=&#8221;20px||0px|&#8221; make_fullwidth=&#8221;off&#8221; use_custom_width=&#8221;off&#8221; width_unit=&#8221;on&#8221; custom_width_px=&#8221;1080&#8243; custom_width_percent=&#8221;80&#8243;][et_pb_column type=&#8221;4_4&#8243; _builder_version=&#8221;3.25&#8243; custom_padding=&#8221;|||&#8221; custom_padding__hover=&#8221;|||&#8221;][et_pb_text admin_label=&#8221;Titolo&#8221; _builder_version=&#8221;4.8.2&#8243; text_font=&#8221;PT Sans||||&#8221; text_text_color=&#8221;#000000&#8243; text_font_size=&#8221;60px&#8221; text_letter_spacing=&#8221;0&#8243; text_line_height=&#8221;1.1&#8243; header_font=&#8221;PT Sans||||&#8221; header_text_color=&#8221;#000000&#8243; header_font_size=&#8221;48&#8243; header_letter_spacing=&#8221;0&#8243; header_line_height=&#8221;1.1em&#8221; background_size=&#8221;initial&#8221; background_position=&#8221;top_left&#8221; background_repeat=&#8221;repeat&#8221; custom_margin=&#8221;0px||0px|&#8221; text_font_size_tablet=&#8221;60&#8243; text_font_size_phone=&#8221;&#8221; text_font_size_last_edited=&#8221;on|phone&#8221; text_letter_spacing_tablet=&#8221;&#8221; text_letter_spacing_phone=&#8221;&#8221; text_letter_spacing_last_edited=&#8221;on|desktop&#8221; text_line_height_tablet=&#8221;&#8221; text_line_height_phone=&#8221;&#8221; text_line_height_last_edited=&#8221;on|&#8221; header_font_size_tablet=&#8221;46&#8243; header_font_size_phone=&#8221;38px&#8221; header_font_size_last_edited=&#8221;on|phone&#8221; use_border_color=&#8221;off&#8221; border_color=&#8221;#ffffff&#8221; border_width=&#8221;1&#8243; border_style=&#8221;solid&#8221;]<\/p>\n<p><span style=\"color: #800000;\">Donne e motori? Gioie e basta<\/span><\/p>\n<p>[\/et_pb_text][et_pb_text admin_label=&#8221;Titolo&#8221; _builder_version=&#8221;4.8.2&#8243; text_font=&#8221;PT Sans||||&#8221; text_text_color=&#8221;#000000&#8243; text_font_size=&#8221;45px&#8221; text_letter_spacing=&#8221;0&#8243; text_line_height=&#8221;1.1&#8243; header_font=&#8221;PT Sans||||&#8221; header_text_color=&#8221;#000000&#8243; header_font_size=&#8221;48&#8243; header_letter_spacing=&#8221;0&#8243; header_line_height=&#8221;1.1em&#8221; background_size=&#8221;initial&#8221; background_position=&#8221;top_left&#8221; background_repeat=&#8221;repeat&#8221; custom_margin=&#8221;0px||0px|&#8221; text_font_size_tablet=&#8221;60&#8243; text_font_size_phone=&#8221;&#8221; text_font_size_last_edited=&#8221;on|phone&#8221; text_letter_spacing_tablet=&#8221;&#8221; text_letter_spacing_phone=&#8221;&#8221; text_letter_spacing_last_edited=&#8221;on|desktop&#8221; text_line_height_tablet=&#8221;&#8221; text_line_height_phone=&#8221;&#8221; text_line_height_last_edited=&#8221;on|&#8221; header_font_size_tablet=&#8221;46&#8243; header_font_size_phone=&#8221;38px&#8221; header_font_size_last_edited=&#8221;on|phone&#8221; use_border_color=&#8221;off&#8221; border_color=&#8221;#ffffff&#8221; border_width=&#8221;1&#8243; border_style=&#8221;solid&#8221;]<\/p>\n<p>Linda &amp; Felipe: curiosit\u00e0, quella vera<\/p>\n<p>[\/et_pb_text][et_pb_text admin_label=&#8221;Data&#8221; _builder_version=&#8221;4.8.2&#8243; text_font=&#8221;PT Sans|on|||&#8221; text_text_color=&#8221;#363636&#8243; text_font_size=&#8221;18&#8243; text_letter_spacing=&#8221;0&#8243; text_line_height=&#8221;1.7&#8243; header_font_size=&#8221;30&#8243; header_letter_spacing=&#8221;0&#8243; header_line_height=&#8221;1&#8243; background_size=&#8221;initial&#8221; background_position=&#8221;top_left&#8221; background_repeat=&#8221;repeat&#8221; custom_margin=&#8221;10px||0px|&#8221; custom_padding=&#8221;||0px|||&#8221; use_border_color=&#8221;off&#8221; border_color=&#8221;#ffffff&#8221; border_width=&#8221;1&#8243; border_style=&#8221;solid&#8221;]<\/p>\n<p>Aprile 2026<\/p>\n<p>[\/et_pb_text][\/et_pb_column][\/et_pb_row][\/et_pb_section][et_pb_section fb_built=&#8221;1&#8243; admin_label=&#8221;Section&#8221; _builder_version=&#8221;4.8.2&#8243; background_color=&#8221;#f7f7f4&#8243; transparent_background=&#8221;off&#8221; make_fullwidth=&#8221;off&#8221; use_custom_width=&#8221;off&#8221; width_unit=&#8221;on&#8221; custom_width_px=&#8221;1080&#8243; custom_width_percent=&#8221;80&#8243; collapsed=&#8221;off&#8221;][et_pb_row column_structure=&#8221;1_3,2_3&#8243; padding_mobile=&#8221;on&#8221; column_padding_mobile=&#8221;on&#8221; admin_label=&#8221;row&#8221; _builder_version=&#8221;4.8.2&#8243; background_size=&#8221;initial&#8221; background_position=&#8221;top_left&#8221; background_repeat=&#8221;repeat&#8221; custom_margin=&#8221;10px||||false|false&#8221; custom_padding=&#8221;0px|||&#8221; make_fullwidth=&#8221;off&#8221; use_custom_width=&#8221;off&#8221; width_unit=&#8221;on&#8221; custom_width_px=&#8221;1080&#8243; custom_width_percent=&#8221;80&#8243;][et_pb_column type=&#8221;1_3&#8243; _builder_version=&#8221;3.25&#8243; custom_padding=&#8221;|||&#8221; custom_padding__hover=&#8221;|||&#8221;][et_pb_testimonial portrait_url=&#8221;https:\/\/www.museofratellicozzi.com\/news\/wp-content\/uploads\/2025\/01\/Foto-bio-redazione-MUSEO-1.png&#8221; _builder_version=&#8221;4.8.2&#8243; _module_preset=&#8221;default&#8221; box_shadow_style_image=&#8221;preset1&#8243;]<\/p>\n<h4><span>RITA PAPARELLA<\/span><\/h4>\n<p><span>Ingegnere nucleare, PhD in fisica delle particelle. Giornalista pubblicista e consulente tecnico in progetti industriali di innovazione e R&amp;D<\/span><\/p>\n<p>[\/et_pb_testimonial][\/et_pb_column][et_pb_column type=&#8221;2_3&#8243; _builder_version=&#8221;3.25&#8243; custom_padding=&#8221;|||&#8221; custom_padding__hover=&#8221;|||&#8221;][et_pb_text admin_label=&#8221;Blocco testo 1&#8243; _builder_version=&#8221;4.8.2&#8243; text_font=&#8221;PT Sans||||&#8221; text_text_color=&#8221;#363636&#8243; text_font_size=&#8221;20&#8243; text_letter_spacing=&#8221;0&#8243; text_line_height=&#8221;1.2em&#8221; header_font_size=&#8221;30&#8243; header_letter_spacing=&#8221;0&#8243; header_line_height=&#8221;1&#8243; background_size=&#8221;initial&#8221; background_position=&#8221;top_left&#8221; background_repeat=&#8221;repeat&#8221; max_width=&#8221;620px&#8221; custom_margin=&#8221;0px||0px||false|false&#8221; custom_padding=&#8221;||0px|||&#8221; text_font_size_tablet=&#8221;&#8221; text_font_size_phone=&#8221;&#8221; text_font_size_last_edited=&#8221;on|tablet&#8221; use_border_color=&#8221;off&#8221; border_color=&#8221;#ffffff&#8221; border_width=&#8221;1&#8243; border_style=&#8221;solid&#8221;]<\/p>\n<p><b><span data-contrast=\"auto\">Se \u00e8 la tua prima volta qui, benvenuta\/benvenuto!<\/span><\/b><span data-contrast=\"auto\">\u00a0<\/span><span data-ccp-props=\"{&quot;335551550&quot;:6,&quot;335551620&quot;:6,&quot;335559739&quot;:0}\">\u00a0<\/span><\/p>\n<p><span data-contrast=\"auto\">Con il progetto <strong><span style=\"color: #800000;\"><a href=\"https:\/\/www.museofratellicozzi.com\/news\/donne-e-motori-gioie-e-basta-4-edizione-le-protagoniste\/\" target=\"_blank\" rel=\"noopener noreferrer\" style=\"color: #800000;\"><em>Donne e Motori? Gioie e basta<\/em><\/a><\/span><\/strong>\u00a0Il Museo Fratelli Cozzi ribalta gli stereotipi:<strong>\u00a0<\/strong><\/span><strong>20 donne, 20 storie di forza<\/strong><b><span data-contrast=\"auto\">\u00a0<\/span><\/b><span data-contrast=\"auto\">catturate dall&#8217;obiettivo di\u00a0<\/span><strong>Camilla Albertini<\/strong><span data-contrast=\"auto\">. La quarta edizione compie un passo oltre. Ogni testimonial sceglie il suo\u00a0<\/span><strong>alleato al maschile<\/strong><span data-contrast=\"auto\">: chi sostiene davvero la parit\u00e0 nel proprio percorso professionale. Il dettaglio che colpisce? Non tutte lo hanno ancora trovato.<\/span><span data-ccp-props=\"{&quot;335551550&quot;:6,&quot;335551620&quot;:6,&quot;335559739&quot;:0}\">\u00a0<\/span><\/p>\n<p><span data-contrast=\"auto\">La parit\u00e0 non \u00e8 una battaglia solitaria. \u00c8 una responsabilit\u00e0 condivisa che ridefinisce il progresso di tutti.<\/span><span data-ccp-props=\"{&quot;335551550&quot;:6,&quot;335551620&quot;:6,&quot;335559739&quot;:0}\">\u00a0<\/span><\/p>\n<p><span data-contrast=\"auto\">Segui questo viaggio tra presenze e attese. Alcune storie ti sorprenderanno.<\/span><span data-ccp-props=\"{&quot;335551550&quot;:6,&quot;335551620&quot;:6,&quot;335559739&quot;:0}\">\u00a0<\/span><\/p>\n<p>[\/et_pb_text][\/et_pb_column][\/et_pb_row][et_pb_row column_structure=&#8221;1_2,1_2&#8243; _builder_version=&#8221;4.8.2&#8243; _module_preset=&#8221;default&#8221;][et_pb_column type=&#8221;1_2&#8243; _builder_version=&#8221;4.8.2&#8243; _module_preset=&#8221;default&#8221;][et_pb_image src=&#8221;https:\/\/www.museofratellicozzi.com\/news\/wp-content\/uploads\/2026\/04\/Foto-Paparella-7.jpg&#8221; title_text=&#8221;Linda Villano&#8221; _builder_version=&#8221;4.8.2&#8243; _module_preset=&#8221;default&#8221;][\/et_pb_image][et_pb_text _builder_version=&#8221;4.8.2&#8243; _module_preset=&#8221;default&#8221;]<\/p>\n<p>Linda Villano<\/p>\n<p>[\/et_pb_text][\/et_pb_column][et_pb_column type=&#8221;1_2&#8243; _builder_version=&#8221;4.8.2&#8243; _module_preset=&#8221;default&#8221;][et_pb_image src=&#8221;https:\/\/www.museofratellicozzi.com\/news\/wp-content\/uploads\/2026\/04\/Foto-Paparella-11.jpg&#8221; title_text=&#8221;Felipe Vergara&#8221; _builder_version=&#8221;4.8.2&#8243; _module_preset=&#8221;default&#8221;][\/et_pb_image][et_pb_text _builder_version=&#8221;4.8.2&#8243; _module_preset=&#8221;default&#8221;]<\/p>\n<p>Felipe Vergara<\/p>\n<p>[\/et_pb_text][\/et_pb_column][\/et_pb_row][et_pb_row column_structure=&#8221;1_2,1_2&#8243; padding_mobile=&#8221;on&#8221; column_padding_mobile=&#8221;on&#8221; admin_label=&#8221;row&#8221; _builder_version=&#8221;4.8.2&#8243; background_size=&#8221;initial&#8221; background_position=&#8221;top_left&#8221; background_repeat=&#8221;repeat&#8221; custom_margin=&#8221;10px||||false|false&#8221; custom_padding=&#8221;0px|||&#8221; make_fullwidth=&#8221;off&#8221; use_custom_width=&#8221;off&#8221; width_unit=&#8221;on&#8221; custom_width_px=&#8221;1080&#8243; custom_width_percent=&#8221;80&#8243;][et_pb_column type=&#8221;1_2&#8243; _builder_version=&#8221;3.25&#8243; custom_padding=&#8221;|||&#8221; custom_padding__hover=&#8221;|||&#8221;][et_pb_text admin_label=&#8221;Blocco testo 1&#8243; _builder_version=&#8221;4.8.2&#8243; text_font=&#8221;PT Sans||||||||&#8221; text_text_color=&#8221;#363636&#8243; text_font_size=&#8221;20&#8243; text_letter_spacing=&#8221;0&#8243; text_line_height=&#8221;1.2em&#8221; header_font_size=&#8221;30&#8243; header_letter_spacing=&#8221;0&#8243; header_line_height=&#8221;1&#8243; background_size=&#8221;initial&#8221; background_position=&#8221;top_left&#8221; background_repeat=&#8221;repeat&#8221; max_width=&#8221;620px&#8221; custom_margin=&#8221;0px||0px||false|false&#8221; custom_padding=&#8221;||0px|||&#8221; text_font_size_tablet=&#8221;&#8221; text_font_size_phone=&#8221;&#8221; text_font_size_last_edited=&#8221;on|tablet&#8221; use_border_color=&#8221;off&#8221; border_color=&#8221;#ffffff&#8221; border_width=&#8221;1&#8243; border_style=&#8221;solid&#8221;]<\/p>\n<h3><span color=\"#800000\" style=\"color: #800000;\">Linda Villano<\/span><\/h3>\n<p>Dalla curiosit\u00e0 al design, fino a Forbes 100 Women: la storia di Linda Villano ribalta gli stereotipi dell\u2019automotive. Tra molestie, resilienza e scelte radicali contro il pink washing, nasce AIDA, la rete che vuole cambiare davvero il settore. Ecco come ha trasformato le difficolt\u00e0 in una rivoluzione concreta.<\/p>\n<p>[\/et_pb_text][\/et_pb_column][et_pb_column type=&#8221;1_2&#8243; _builder_version=&#8221;4.8.2&#8243; _module_preset=&#8221;default&#8221;][et_pb_text admin_label=&#8221;Blocco testo 1&#8243; _builder_version=&#8221;4.8.2&#8243; text_font=&#8221;PT Sans||||||||&#8221; text_text_color=&#8221;#363636&#8243; text_font_size=&#8221;20&#8243; text_letter_spacing=&#8221;0&#8243; text_line_height=&#8221;1.2em&#8221; header_font_size=&#8221;30&#8243; header_letter_spacing=&#8221;0&#8243; header_line_height=&#8221;1&#8243; background_size=&#8221;initial&#8221; background_position=&#8221;top_left&#8221; background_repeat=&#8221;repeat&#8221; max_width=&#8221;620px&#8221; custom_margin=&#8221;0px||0px||false|false&#8221; custom_padding=&#8221;||0px|||&#8221; text_font_size_tablet=&#8221;&#8221; text_font_size_phone=&#8221;&#8221; text_font_size_last_edited=&#8221;on|tablet&#8221; use_border_color=&#8221;off&#8221; border_color=&#8221;#ffffff&#8221; border_width=&#8221;1&#8243; border_style=&#8221;solid&#8221;]<\/p>\n<h3><span color=\"#800000\" style=\"color: #800000;\">Felipe Vergara<\/span><\/h3>\n<p>Nato tra tre culture, Felipe Vergara trasforma l\u2019automotive in un laboratorio di inclusione. Dai musei Ferrari a WORDS Srl, sfida stereotipi e costruisce team dove conta solo la competenza. HeForShe come pratica quotidiana e non soltanto uno slogan, \u00e8 questo a fare la differenza.<\/p>\n<p>[\/et_pb_text][\/et_pb_column][\/et_pb_row][et_pb_row _builder_version=&#8221;4.8.2&#8243; _module_preset=&#8221;default&#8221;][et_pb_column type=&#8221;4_4&#8243; _builder_version=&#8221;4.8.2&#8243; _module_preset=&#8221;default&#8221;][et_pb_divider _builder_version=&#8221;4.8.2&#8243; _module_preset=&#8221;default&#8221;][\/et_pb_divider][\/et_pb_column][\/et_pb_row][et_pb_row _builder_version=&#8221;4.8.2&#8243; _module_preset=&#8221;default&#8221;][et_pb_column type=&#8221;4_4&#8243; _builder_version=&#8221;4.8.2&#8243; _module_preset=&#8221;default&#8221;][et_pb_image src=&#8221;https:\/\/www.museofratellicozzi.com\/news\/wp-content\/uploads\/2026\/04\/You-Tube-SEMPIONE-49.jpg&#8221; title_text=&#8221;Linda Villano&#8221; _builder_version=&#8221;4.8.2&#8243; _module_preset=&#8221;default&#8221;][\/et_pb_image][et_pb_text _builder_version=&#8221;4.8.2&#8243; _module_preset=&#8221;default&#8221;]<\/p>\n<p>Linda Villano con la rivista &#8220;Forbes&#8221; che la ritrae<\/p>\n<p>[\/et_pb_text][\/et_pb_column][\/et_pb_row][et_pb_row column_structure=&#8221;1_3,2_3&#8243; padding_mobile=&#8221;on&#8221; column_padding_mobile=&#8221;on&#8221; admin_label=&#8221;row&#8221; _builder_version=&#8221;4.8.2&#8243; background_size=&#8221;initial&#8221; background_position=&#8221;top_left&#8221; background_repeat=&#8221;repeat&#8221; custom_margin=&#8221;10px||||false|false&#8221; custom_padding=&#8221;0px|||&#8221; make_fullwidth=&#8221;off&#8221; use_custom_width=&#8221;off&#8221; width_unit=&#8221;on&#8221; custom_width_px=&#8221;1080&#8243; custom_width_percent=&#8221;80&#8243;][et_pb_column type=&#8221;1_3&#8243; _builder_version=&#8221;3.25&#8243; custom_padding=&#8221;|||&#8221; custom_padding__hover=&#8221;|||&#8221;][\/et_pb_column][et_pb_column type=&#8221;2_3&#8243; _builder_version=&#8221;3.25&#8243; custom_padding=&#8221;|||&#8221; custom_padding__hover=&#8221;|||&#8221;][et_pb_text admin_label=&#8221;Blocco testo 1&#8243; _builder_version=&#8221;4.8.2&#8243; text_font=&#8221;PT Sans||||||||&#8221; text_text_color=&#8221;#363636&#8243; text_font_size=&#8221;20&#8243; text_letter_spacing=&#8221;0&#8243; text_line_height=&#8221;1.2em&#8221; header_font_size=&#8221;30&#8243; header_letter_spacing=&#8221;0&#8243; header_line_height=&#8221;1&#8243; background_size=&#8221;initial&#8221; background_position=&#8221;top_left&#8221; background_repeat=&#8221;repeat&#8221; max_width=&#8221;620px&#8221; custom_margin=&#8221;0px||0px||false|false&#8221; custom_padding=&#8221;||0px|||&#8221; text_font_size_tablet=&#8221;&#8221; text_font_size_phone=&#8221;&#8221; text_font_size_last_edited=&#8221;on|tablet&#8221; use_border_color=&#8221;off&#8221; border_color=&#8221;#ffffff&#8221; border_width=&#8221;1&#8243; border_style=&#8221;solid&#8221;]<\/p>\n<h3>Linda Villano: creativit\u00e0 e visione culturale in un settore tecnico coraggio delle nuove sfide<\/h3>\n<p><em>Presidente &amp; Co-founder AIDA Associazione Italiana Donne per l\u2019Automotive | Designer &amp; ESG Ambassador | 100 Forbes Women 2025<\/em><\/p>\n<p><span style=\"color: #800000;\"><strong>Origini e scintilla iniziale: la curiosit\u00e0 che accende un percorso inatteso<\/strong><\/span><\/p>\n<p>Considerando il fuoco nelle sue vene, la dedizione e la passione in tutto ci\u00f2 che concerne l\u2019automotive e il design, verrebbe da pensare che Linda giunga nel mondo dei motori partendo da una famiglia di appassionati, ma in realt\u00e0 non \u00e8 cos\u00ec. La <strong>curiosit\u00e0, quella vera<\/strong>, la stessa che spinge a smontare le cose per capire come funzionano, \u00e8 ci\u00f2 che la conduce sino a questo settore.<\/p>\n<p>Prima le <strong>arti figurative<\/strong>, poi la <strong>moda<\/strong>, poi quasi per caso il <strong>design industriale<\/strong>, dove scopre che l&#8217;automobile non \u00e8 solo un mezzo ma un sistema complesso, denso di storia e tecnica, capace di raccontare molto sul rapporto tra oggetti e persone.\u00a0\u00ab<strong><em>Vedevo l&#8217;auto come qualcosa che volevo imparare a progettare<\/em><\/strong>\u00bb. Ecco riassunta la voglia di entrare nel meccanismo, una fame di conoscenza che non si quieta facilmente, e che lei stessa riconosce come motore continuo del suo percorso.<\/p>\n<p><span style=\"color: #800000;\"><strong>Sfide e stereotipi di genere: attraversare un sistema che non \u00e8 ancora neutro<\/strong><\/span><\/p>\n<p>Come tutte le nostre testimonials, ma ancora di pi\u00f9 per il settore, si trova a fare i conti con un ambiente che non \u00e8, ancora, neutro. Per Linda questo diventa chiaro presto, attraverso un&#8217;esperienza diretta, in una concessionaria, che le ha mostrato il lato pi\u00f9 duro del sistema. <strong>Molestie, esclusioni, una cultura del lavoro ancora segnata da dinamiche difficili da scardinare,<\/strong> sono nel rovescio della medaglia. La sua risposta non \u00e8 l&#8217;allontanamento, ma l&#8217;osservazione.<\/p>\n<p>Sceglie di stare, di capire, di attraversare anche i contesti pi\u00f9 contraddittori per leggerli meglio. <strong>Gli stereotipi si manifestano nei dettagli<\/strong>, nei gruppi che cercano una guida uomo, nell&#8217;errore che pesa di pi\u00f9 se sei donna, nella sfiducia implicita nelle competenze femminili. Invece di adattarsi, Linda sceglie la preparazione come forma di risposta concreta. \u00ab<em>Cerco sempre di pormi in modo puntuale per abbattere il doppio stereotipo<\/em>\u00bb. <strong>Non \u00e8 una postura ideologica, \u00e8 una strategia<\/strong>.<\/p>\n<p>[\/et_pb_text][\/et_pb_column][\/et_pb_row][et_pb_row _builder_version=&#8221;4.8.2&#8243; _module_preset=&#8221;default&#8221;][et_pb_column type=&#8221;4_4&#8243; _builder_version=&#8221;4.8.2&#8243; _module_preset=&#8221;default&#8221;][et_pb_divider _builder_version=&#8221;4.8.2&#8243; _module_preset=&#8221;default&#8221;][\/et_pb_divider][\/et_pb_column][\/et_pb_row][et_pb_row column_structure=&#8221;1_2,1_2&#8243; padding_mobile=&#8221;on&#8221; column_padding_mobile=&#8221;on&#8221; admin_label=&#8221;row&#8221; _builder_version=&#8221;4.8.2&#8243; background_size=&#8221;initial&#8221; background_position=&#8221;top_left&#8221; background_repeat=&#8221;repeat&#8221; custom_margin=&#8221;10px||||false|false&#8221; custom_padding=&#8221;0px|||&#8221; make_fullwidth=&#8221;off&#8221; use_custom_width=&#8221;off&#8221; width_unit=&#8221;on&#8221; custom_width_px=&#8221;1080&#8243; custom_width_percent=&#8221;80&#8243;][et_pb_column type=&#8221;1_2&#8243; _builder_version=&#8221;3.25&#8243; custom_padding=&#8221;|||&#8221; custom_padding__hover=&#8221;|||&#8221;][et_pb_image src=&#8221;https:\/\/www.museofratellicozzi.com\/news\/wp-content\/uploads\/2026\/04\/Foto-Paparella-8.jpg&#8221; title_text=&#8221;Linda Villano&#8221; _builder_version=&#8221;4.8.2&#8243; _module_preset=&#8221;default&#8221;][\/et_pb_image][et_pb_text _builder_version=&#8221;4.8.2&#8243; _module_preset=&#8221;default&#8221;]<\/p>\n<p>Linda Villano al volante<\/p>\n<p>[\/et_pb_text][\/et_pb_column][et_pb_column type=&#8221;1_2&#8243; _builder_version=&#8221;3.25&#8243; custom_padding=&#8221;|||&#8221; custom_padding__hover=&#8221;|||&#8221;][et_pb_image src=&#8221;https:\/\/www.museofratellicozzi.com\/news\/wp-content\/uploads\/2026\/04\/Foto-Paparella-9.jpg&#8221; title_text=&#8221;Linda Villano&#8221; _builder_version=&#8221;4.8.2&#8243; _module_preset=&#8221;default&#8221;][\/et_pb_image][et_pb_text _builder_version=&#8221;4.8.2&#8243; _module_preset=&#8221;default&#8221;]<\/p>\n<p>Linda Villano ai Ceo Awards<\/p>\n<p>[\/et_pb_text][\/et_pb_column][\/et_pb_row][et_pb_row column_structure=&#8221;1_3,2_3&#8243; padding_mobile=&#8221;on&#8221; column_padding_mobile=&#8221;on&#8221; admin_label=&#8221;row&#8221; _builder_version=&#8221;4.8.2&#8243; background_size=&#8221;initial&#8221; background_position=&#8221;top_left&#8221; background_repeat=&#8221;repeat&#8221; custom_margin=&#8221;10px||||false|false&#8221; custom_padding=&#8221;0px|||&#8221; make_fullwidth=&#8221;off&#8221; use_custom_width=&#8221;off&#8221; width_unit=&#8221;on&#8221; custom_width_px=&#8221;1080&#8243; custom_width_percent=&#8221;80&#8243;][et_pb_column type=&#8221;1_3&#8243; _builder_version=&#8221;3.25&#8243; custom_padding=&#8221;|||&#8221; custom_padding__hover=&#8221;|||&#8221;][\/et_pb_column][et_pb_column type=&#8221;2_3&#8243; _builder_version=&#8221;3.25&#8243; custom_padding=&#8221;|||&#8221; custom_padding__hover=&#8221;|||&#8221;][et_pb_text admin_label=&#8221;Blocco testo 1&#8243; _builder_version=&#8221;4.8.2&#8243; text_font=&#8221;PT Sans||||||||&#8221; text_text_color=&#8221;#363636&#8243; text_font_size=&#8221;20&#8243; text_letter_spacing=&#8221;0&#8243; text_line_height=&#8221;1.2em&#8221; header_font_size=&#8221;30&#8243; header_letter_spacing=&#8221;0&#8243; header_line_height=&#8221;1&#8243; background_size=&#8221;initial&#8221; background_position=&#8221;top_left&#8221; background_repeat=&#8221;repeat&#8221; max_width=&#8221;620px&#8221; custom_margin=&#8221;0px||0px||false|false&#8221; custom_padding=&#8221;||0px|||&#8221; text_font_size_tablet=&#8221;&#8221; text_font_size_phone=&#8221;&#8221; text_font_size_last_edited=&#8221;on|tablet&#8221; use_border_color=&#8221;off&#8221; border_color=&#8221;#ffffff&#8221; border_width=&#8221;1&#8243; border_style=&#8221;solid&#8221;]<\/p>\n<p><span style=\"color: #800000;\"><strong>Valori e visione personale: migliorarsi per migliorare ci\u00f2 che ci circonda<\/strong><\/span><\/p>\n<p>Il filo che cuce tutto il lavoro di Linda \u00e8 uno solo, quello della crescita, per poter incidere. <strong>La curiosit\u00e0<\/strong> smette di essere solo una caratteristica personale e<strong> diventa responsabilit\u00e0<\/strong>, un modo di stare nel proprio mestiere con onest\u00e0 intellettuale. Questo si riflette nelle scelte professionali, a partire da quelle che rifiuta: non vuole prestare il proprio nome a brand che usano la diversit\u00e0 come operazione di facciata senza un cambiamento reale dietro. Il pink washing, per lei, non \u00e8 un&#8217;opzione.<\/p>\n<p>Il tema della terza edizione della Mostra era la sorellanza, quello della quarta \u00e8 un po\u2019 \u201c<em>l\u2019unione fa la forza<\/em>\u201d, e anche Linda pensa che la sua visione non possa rimaner individuale. <strong>Il progetto pi\u00f9 grande \u00e8 costruire una rete di persone<\/strong>, donne capaci di incidere concretamente nel settore, una community, inclusiva, che risponda alle esigenze delle aziende e che contribuisca a trasformare la cultura del lavoro dall&#8217;interno.<\/p>\n<p><span style=\"color: #800000;\"><strong>Momenti di svolta e resilienza: trasformare le difficolt\u00e0 in direzione<\/strong><\/span><\/p>\n<p>Da quell&#8217;esperienza negativa degli inizi nasce <strong>AIDA<\/strong>, progetto costruito insieme ad altre sette persone che hanno riconosciuto la stessa necessit\u00e0 di cambiamento. \u00c8 il momento in cui una difficolt\u00e0 personale smette di essere solo tale e diventa un&#8217;iniziativa collettiva, con una struttura, un&#8217;identit\u00e0, una direzione.<strong>Il riconoscimento di Forbes<\/strong> arriva dopo, e Linda lo accoglie con lucidit\u00e0: utile, s\u00ec, perch\u00e9 d\u00e0 visibilit\u00e0 al progetto e pi\u00f9 forza alla causa, ma non \u00e8 il punto. \u00ab<em>Dietro di me c&#8217;\u00e8 un importante lavoro di squadra<\/em>\u00bb, tiene a precisare. La resilienza, nel suo percorso, da resistenza silenziosa evolve in capacit\u00e0 di trasformare le esperienze, anche quelle pi\u00f9 dure, in qualcosa che abbia senso oltre se stesse.<\/p>\n<p><span style=\"color: #800000;\"><strong>HeForShe: costruire alleanze reali per cambiare davvero il sistema<\/strong><\/span><\/p>\n<p>AIDA non parla solo a un pubblico femminile. Coinvolgere gli uomini \u00e8 una scelta precisa, non simbolica, perch\u00e9 il cambiamento culturale funziona solo se \u00e8 condiviso. Linda sa distinguere subito <strong>chi partecipa in modo autentico da chi aderisce in superficie<\/strong>, e sa che la difficolt\u00e0 principale sta nel linguaggio. Spesso il dialogo si inceppa prima ancora di cominciare, bloccato da pregiudizi o da modalit\u00e0 comunicative che non si incontrano. Per questo adatta l&#8217;approccio all&#8217;interlocutore, mettendo in evidenza, quando serve, anche il valore strategico della diversit\u00e0.La figura che ha scelto come riferimento per il suo HeForShe la dice lunga: <strong>Felipe non ha espresso nessun pregiudizio<\/strong>, e l&#8217;ha accolta come avrebbe fatto con un collega qualsiasi. Un gesto semplice, che va a concretizzare i piccoli equilibri quotidiani che ci consentono di capire, costruire, cambiare.<\/p>\n<p>[\/et_pb_text][\/et_pb_column][\/et_pb_row][et_pb_row padding_mobile=&#8221;on&#8221; column_padding_mobile=&#8221;on&#8221; admin_label=&#8221;row&#8221; _builder_version=&#8221;4.8.2&#8243; background_size=&#8221;initial&#8221; background_position=&#8221;top_left&#8221; background_repeat=&#8221;repeat&#8221; custom_margin=&#8221;10px||||false|false&#8221; custom_padding=&#8221;0px|||&#8221; make_fullwidth=&#8221;off&#8221; use_custom_width=&#8221;off&#8221; width_unit=&#8221;on&#8221; custom_width_px=&#8221;1080&#8243; custom_width_percent=&#8221;80&#8243;][et_pb_column type=&#8221;4_4&#8243; _builder_version=&#8221;3.25&#8243; custom_padding=&#8221;|||&#8221; custom_padding__hover=&#8221;|||&#8221;][et_pb_divider _builder_version=&#8221;4.8.2&#8243; _module_preset=&#8221;default&#8221;][\/et_pb_divider][\/et_pb_column][\/et_pb_row][et_pb_row _builder_version=&#8221;4.8.2&#8243; _module_preset=&#8221;default&#8221;][et_pb_column type=&#8221;4_4&#8243; _builder_version=&#8221;4.8.2&#8243; _module_preset=&#8221;default&#8221;][et_pb_image src=&#8221;https:\/\/www.museofratellicozzi.com\/news\/wp-content\/uploads\/2026\/04\/You-Tube-SEMPIONE-50.jpg&#8221; title_text=&#8221;Felipe Vergara&#8221; _builder_version=&#8221;4.8.2&#8243; _module_preset=&#8221;default&#8221;][\/et_pb_image][et_pb_text _builder_version=&#8221;4.8.2&#8243; _module_preset=&#8221;default&#8221; hover_enabled=&#8221;0&#8243; sticky_enabled=&#8221;0&#8243;]<\/p>\n<p>Felipe Vergara con Davide Lorenzone<\/p>\n<p>[\/et_pb_text][\/et_pb_column][\/et_pb_row][et_pb_row column_structure=&#8221;1_3,2_3&#8243; padding_mobile=&#8221;on&#8221; column_padding_mobile=&#8221;on&#8221; admin_label=&#8221;row&#8221; _builder_version=&#8221;4.8.2&#8243; background_size=&#8221;initial&#8221; background_position=&#8221;top_left&#8221; background_repeat=&#8221;repeat&#8221; custom_margin=&#8221;10px||||false|false&#8221; custom_padding=&#8221;0px|||&#8221; make_fullwidth=&#8221;off&#8221; use_custom_width=&#8221;off&#8221; width_unit=&#8221;on&#8221; custom_width_px=&#8221;1080&#8243; custom_width_percent=&#8221;80&#8243;][et_pb_column type=&#8221;1_3&#8243; _builder_version=&#8221;3.25&#8243; custom_padding=&#8221;|||&#8221; custom_padding__hover=&#8221;|||&#8221;][\/et_pb_column][et_pb_column type=&#8221;2_3&#8243; _builder_version=&#8221;3.25&#8243; custom_padding=&#8221;|||&#8221; custom_padding__hover=&#8221;|||&#8221;][et_pb_text admin_label=&#8221;Blocco testo 1&#8243; _builder_version=&#8221;4.8.2&#8243; text_font=&#8221;PT Sans||||&#8221; text_text_color=&#8221;#363636&#8243; text_font_size=&#8221;20&#8243; text_letter_spacing=&#8221;0&#8243; text_line_height=&#8221;1.2em&#8221; header_font_size=&#8221;30&#8243; header_letter_spacing=&#8221;0&#8243; header_line_height=&#8221;1&#8243; background_size=&#8221;initial&#8221; background_position=&#8221;top_left&#8221; background_repeat=&#8221;repeat&#8221; max_width=&#8221;620px&#8221; custom_margin=&#8221;0px||0px||false|false&#8221; text_font_size_tablet=&#8221;&#8221; text_font_size_phone=&#8221;&#8221; text_font_size_last_edited=&#8221;on|tablet&#8221; use_border_color=&#8221;off&#8221; border_color=&#8221;#ffffff&#8221; border_width=&#8221;1&#8243; border_style=&#8221;solid&#8221;]<\/p>\n<h3>Felipe Vergara: radici, sguardo e alleanza<\/h3>\n<p><em>Director e Co-founder WORDS Srl<\/em><\/p>\n<p><span style=\"color: #800000;\"><strong>L&#8217;incontro: dalle radici internazionali alla costruzione di un progetto<\/strong><\/span><\/p>\n<p>Felipe Vergara porta nel suo nome <strong>una storia gi\u00e0 cosmopolita<\/strong>: nato in Messico da padre italiano e madre colombiana, cresce in mezzo a lingue diverse, abitudini che si sovrappongono, prospettive che non collimano mai del tutto. \u00c8 proprio questa continua negoziazione tra culture a formare il suo sguardo sul mondo. Dopo anni di formazione tra Italia, Germania e Spagna, il punto di svolta arriva quando automotive e patrimonio museale si incontrano nella sua traiettoria professionale.<\/p>\n<p>Insieme alla madre fonda<strong> WORDS Srl<\/strong>, con un obiettivo preciso: offrire servizi di guida museale ai marchi che vogliono raccontare la propria storia con la stessa cura con cui l&#8217;hanno costruita. Da l\u00ec in poi, il percorso si consolida attraverso collaborazioni con <strong>Musei Ferrari, Lamborghini, Maserati e Stellantis Heritage HUB<\/strong>. Un intreccio riuscito tra impresa, cultura e capacit\u00e0 di costruire relazioni che durano.<\/p>\n<p><span style=\"color: #800000;\"><strong>La riflessione: parit\u00e0 come leva competitiva, non come concessione<\/strong><\/span><\/p>\n<p>Lavorare nell&#8217;automotive significa fare i conti con un immaginario ancora molto marcato. Felipe lo capisce sul campo, osservando le reazioni dei visitatori nei musei: l&#8217;aspettativa implicita, quasi automatica, che la guida sia un uomo. <strong>Episodi di pregiudizio esplicito<\/strong>, che in altri contesti passerebbero inosservati, diventano qui occasioni per fermarsi e riflettere.<\/p>\n<p>Non si tratta, nelle sue parole, di una discriminazione sistemica nel senso pi\u00f9 rigido del termine, ma di qualcosa di pi\u00f9 sottile e pervasivo. \u00c8 un insieme di<strong> abitudini cognitive e comportamenti<\/strong> sedimentati che richiedono attenzione costante. Il suo approccio resta concreto e lui si impegna costantemente nell\u2019osservare, intervenire quando serve, e lavorare perch\u00e9 la competenza sia l&#8217;unico metro di misura realmente valido.<\/p>\n<p>[\/et_pb_text][\/et_pb_column][\/et_pb_row][et_pb_row column_structure=&#8221;1_3,2_3&#8243; _builder_version=&#8221;4.8.2&#8243; _module_preset=&#8221;default&#8221;][et_pb_column type=&#8221;1_3&#8243; _builder_version=&#8221;4.8.2&#8243; _module_preset=&#8221;default&#8221;][\/et_pb_column][et_pb_column type=&#8221;2_3&#8243; _builder_version=&#8221;4.8.2&#8243; _module_preset=&#8221;default&#8221;][et_pb_image src=&#8221;https:\/\/www.museofratellicozzi.com\/news\/wp-content\/uploads\/2026\/04\/Foto-Paparella-10.jpg&#8221; title_text=&#8221;Felipe Vergara&#8221; _builder_version=&#8221;4.8.2&#8243; _module_preset=&#8221;default&#8221;][\/et_pb_image][et_pb_text _builder_version=&#8221;4.8.2&#8243; _module_preset=&#8221;default&#8221;]<\/p>\n<p>Felipe Vergara<\/p>\n<p>[\/et_pb_text][\/et_pb_column][\/et_pb_row][et_pb_row column_structure=&#8221;1_3,2_3&#8243; padding_mobile=&#8221;on&#8221; column_padding_mobile=&#8221;on&#8221; admin_label=&#8221;row&#8221; _builder_version=&#8221;4.8.2&#8243; background_size=&#8221;initial&#8221; background_position=&#8221;top_left&#8221; background_repeat=&#8221;repeat&#8221; custom_margin=&#8221;10px||||false|false&#8221; custom_padding=&#8221;0px|||&#8221; make_fullwidth=&#8221;off&#8221; use_custom_width=&#8221;off&#8221; width_unit=&#8221;on&#8221; custom_width_px=&#8221;1080&#8243; custom_width_percent=&#8221;80&#8243;][et_pb_column type=&#8221;1_3&#8243; _builder_version=&#8221;3.25&#8243; custom_padding=&#8221;|||&#8221; custom_padding__hover=&#8221;|||&#8221;][\/et_pb_column][et_pb_column type=&#8221;2_3&#8243; _builder_version=&#8221;3.25&#8243; custom_padding=&#8221;|||&#8221; custom_padding__hover=&#8221;|||&#8221;][et_pb_text admin_label=&#8221;Blocco testo 1&#8243; _builder_version=&#8221;4.8.2&#8243; text_font=&#8221;PT Sans||||&#8221; text_text_color=&#8221;#363636&#8243; text_font_size=&#8221;20&#8243; text_letter_spacing=&#8221;0&#8243; text_line_height=&#8221;1.2em&#8221; header_font_size=&#8221;30&#8243; header_letter_spacing=&#8221;0&#8243; header_line_height=&#8221;1&#8243; background_size=&#8221;initial&#8221; background_position=&#8221;top_left&#8221; background_repeat=&#8221;repeat&#8221; max_width=&#8221;620px&#8221; custom_margin=&#8221;0px||0px||false|false&#8221; text_font_size_tablet=&#8221;&#8221; text_font_size_phone=&#8221;&#8221; text_font_size_last_edited=&#8221;on|tablet&#8221; use_border_color=&#8221;off&#8221; border_color=&#8221;#ffffff&#8221; border_width=&#8221;1&#8243; border_style=&#8221;solid&#8221;]<\/p>\n<p><span style=\"color: #800000;\"><strong>Dal pensare al fare: pratiche concrete, risultati misurabili<\/strong><\/span><\/p>\n<p><strong>La dimensione operativa<\/strong>, per Felipe, <strong>non \u00e8 mai separata da quella etica<\/strong>. Gestire team numerosi e articolati, spesso a maggioranza femminile, lo porta, nel tempo, a sviluppare una leadership fatta di ascolto e responsabilit\u00e0 condivisa. \u00ab<em>Abbiamo<strong> i nostri meriti nella selezione del personale<\/strong> e nel creare un ambiente di lavoro sicuro e pulito per tutti\u00bb.<\/em><\/p>\n<p>Le esperienze personali, dal periodo barcellonese al confronto con contesti familiari gi\u00e0 sensibili a questi temi, contribuiscono a rafforzare una visione organizzativa centrata sulla persona. \u00ab<strong><em>Siamo raccontastorie, e bisogna trasmettere la passione<\/em><\/strong>\u00bb. E\u2019 una frase che mi ha molto colpita perch\u00e9 dice molto nel suo superare qualsiasi distinzione di genere e mettere al centro qualcosa di pi\u00f9 semplice e insieme pi\u00f9 esigente, ossia autenticit\u00e0, competenza, empatia.<\/p>\n<p><span style=\"color: #800000;\"><strong>HeForShe, il motore dell&#8217;alleanza: il ruolo degli uomini nel cambiamento reale<\/strong><\/span><\/p>\n<p>Con Linda, il racconto cambia registro e diventa pi\u00f9 intimo. Non si tratta di una collaborazione costruita a tavolino, ma del <strong>risultato naturale di un rapporto edificato nel tempo<\/strong>, su basi di rispetto reciproco e affidabilit\u00e0. \u00ab<em>Dal momento zero<\/em>\u00bb, c&#8217;\u00e8 stato qualcosa che ha fatto tenuta tra loro e che non aveva bisogno di essere contrattato. La sostanza di quell&#8217;alleanza sta in un dettaglio che dice tutto: \u00ab<em>In WORDS abbiamo cercato di valorizzare Linda in quanto professionista, senza mai farla sentire come se avesse qualcosa di meno<\/em>\u00bb. HeForShe, in questo senso, non \u00e8 per lui un&#8217;etichetta da indossare n\u00e9 uno slogan da citare, ma una pratica quotidiana, fatta di presenza, ascolto e sostegno concreto. Ed \u00e8 probabilmente questa<strong> coerenza, silenziosa e continua<\/strong>, a renderlo un alleato davvero credibile nella costruzione di una cultura pi\u00f9 equa.<\/p>\n<p>[\/et_pb_text][\/et_pb_column][\/et_pb_row][et_pb_row _builder_version=&#8221;4.8.2&#8243; _module_preset=&#8221;default&#8221;][et_pb_column type=&#8221;4_4&#8243; _builder_version=&#8221;4.8.2&#8243; _module_preset=&#8221;default&#8221;][et_pb_divider _builder_version=&#8221;4.8.2&#8243; _module_preset=&#8221;default&#8221; custom_margin=&#8221;-2px|||||&#8221;][\/et_pb_divider][\/et_pb_column][\/et_pb_row][et_pb_row column_structure=&#8221;1_3,2_3&#8243; padding_mobile=&#8221;on&#8221; column_padding_mobile=&#8221;on&#8221; admin_label=&#8221;row&#8221; _builder_version=&#8221;4.8.2&#8243; background_size=&#8221;initial&#8221; background_position=&#8221;top_left&#8221; background_repeat=&#8221;repeat&#8221; custom_margin=&#8221;10px||||false|false&#8221; custom_padding=&#8221;0px|||&#8221; make_fullwidth=&#8221;off&#8221; use_custom_width=&#8221;off&#8221; width_unit=&#8221;on&#8221; custom_width_px=&#8221;1080&#8243; custom_width_percent=&#8221;80&#8243;][et_pb_column type=&#8221;1_3&#8243; _builder_version=&#8221;3.25&#8243; custom_padding=&#8221;|||&#8221; custom_padding__hover=&#8221;|||&#8221;][\/et_pb_column][et_pb_column type=&#8221;2_3&#8243; _builder_version=&#8221;3.25&#8243; custom_padding=&#8221;|||&#8221; custom_padding__hover=&#8221;|||&#8221;][et_pb_text admin_label=&#8221;Blocco testo 1&#8243; _builder_version=&#8221;4.8.2&#8243; text_font=&#8221;PT Sans||||&#8221; text_text_color=&#8221;#363636&#8243; text_font_size=&#8221;20&#8243; text_letter_spacing=&#8221;0&#8243; text_line_height=&#8221;1.2em&#8221; header_font_size=&#8221;30&#8243; header_letter_spacing=&#8221;0&#8243; header_line_height=&#8221;1&#8243; background_size=&#8221;initial&#8221; background_position=&#8221;top_left&#8221; background_repeat=&#8221;repeat&#8221; max_width=&#8221;620px&#8221; custom_margin=&#8221;0px||0px||false|false&#8221; text_font_size_tablet=&#8221;&#8221; text_font_size_phone=&#8221;&#8221; text_font_size_last_edited=&#8221;on|tablet&#8221; use_border_color=&#8221;off&#8221; border_color=&#8221;#ffffff&#8221; border_width=&#8221;1&#8243; border_style=&#8221;solid&#8221;]<\/p>\n<h2><strong>Vuoi ospitare la mostra? Ecco le info utili!<\/strong><\/h2>\n<p>La mostra <em>&#8220;Donne e Motori? Gioie e basta&#8221;<\/em> \u00e8 stata ideata per essere itinerante e per questo, come nelle precedenti edizioni,\u00a0gli scatti sono stati stampati in due copie su supporti ultraleggeri e le copie sono pronte a essere esposte nei<span>\u00a0<\/span><strong>palazzi istituzionali, nei luoghi di lavoro, nelle scuole e nelle biblioteche.\u00a0<\/strong><\/p>\n<p>In<span style=\"color: #800000;\"><a href=\"https:\/\/www.museofratellicozzi.com\/news\/donne-motori-nuovo-tour\/\" target=\"_blank\" rel=\"noopener noreferrer\" style=\"color: #800000;\"><strong> questo link<\/strong><\/a><\/span><a href=\"https:\/\/www.museofratellicozzi.com\/news\/donne-motori-nuovo-tour\/\" target=\"_blank\" rel=\"noopener noreferrer\"><strong><\/strong><\/a>\u00a0si trovano<span style=\"color: #800000;\">\u00a0<\/span>tutte le informazioni utili ed \u00e8 possibile vedere i luoghi in cui la mostra \u00e8 stata ospitata. Se qualche location \u00e8 stata d&#8217;ispirazione\u00a0e volete ospitare la mostra, potete contattarci alla mail <b><a href=\"mailto:info@museofratellicozzi.com\">info@museofratellicozzi.com.\u00a0<\/a>\u00a0<\/b><\/p>\n<p><b><span data-contrast=\"auto\">Vuoi saperne di pi\u00f9? <strong><a href=\"https:\/\/www.museofratellicozzi.com\/news\/donne-e-motori-gioie-e-basta-4-edizione-le-protagoniste\/\u00a0\" target=\"_blank\" rel=\"noopener noreferrer\">Clicca qui<\/a><\/strong><\/span><\/b><\/p>\n<p>[\/et_pb_text][\/et_pb_column][\/et_pb_row][et_pb_row padding_mobile=&#8221;on&#8221; column_padding_mobile=&#8221;on&#8221; admin_label=&#8221;row&#8221; _builder_version=&#8221;4.8.2&#8243; background_size=&#8221;initial&#8221; background_position=&#8221;top_left&#8221; background_repeat=&#8221;repeat&#8221; custom_margin=&#8221;10px||||false|false&#8221; custom_padding=&#8221;0px|||&#8221; make_fullwidth=&#8221;off&#8221; use_custom_width=&#8221;off&#8221; width_unit=&#8221;on&#8221; custom_width_px=&#8221;1080&#8243; custom_width_percent=&#8221;80&#8243;][et_pb_column type=&#8221;4_4&#8243; _builder_version=&#8221;3.25&#8243; custom_padding=&#8221;|||&#8221; custom_padding__hover=&#8221;|||&#8221;][et_pb_button button_url=&#8221;https:\/\/www.museofratellicozzi.com\/news\/donne-e-motori-gioie-e-basta-lorenzelli-di-cunto\/&#8221; url_new_window=&#8221;on&#8221; button_text=&#8221;Scopri i testimonial %22Donne e motori&#8217; Gioie e basta%22&#8243; button_alignment=&#8221;center&#8221; _builder_version=&#8221;4.8.2&#8243; _module_preset=&#8221;default&#8221; custom_button=&#8221;on&#8221; button_text_size=&#8221;29px&#8221; button_text_color=&#8221;#000000&#8243; button_bg_color=&#8221;#E02B20&#8243; button_border_width=&#8221;2px&#8221; button_border_color=&#8221;#FFFFFF&#8221; animation_style=&#8221;slide&#8221; box_shadow_style=&#8221;preset1&#8243;][\/et_pb_button][\/et_pb_column][\/et_pb_row][et_pb_row _builder_version=&#8221;4.8.2&#8243; _module_preset=&#8221;default&#8221; custom_margin=&#8221;|auto|2px|auto||&#8221;][et_pb_column type=&#8221;4_4&#8243; _builder_version=&#8221;4.8.2&#8243; _module_preset=&#8221;default&#8221;][et_pb_divider _builder_version=&#8221;4.8.2&#8243; _module_preset=&#8221;default&#8221;][\/et_pb_divider][\/et_pb_column][\/et_pb_row][et_pb_row column_structure=&#8221;2_5,3_5&#8243; _builder_version=&#8221;4.8.2&#8243; _module_preset=&#8221;default&#8221;][et_pb_column type=&#8221;2_5&#8243; _builder_version=&#8221;4.8.2&#8243; _module_preset=&#8221;default&#8221;][et_pb_gallery gallery_ids=&#8221;24478&#8243; show_title_and_caption=&#8221;off&#8221; show_pagination=&#8221;off&#8221; _builder_version=&#8221;4.8.2&#8243; _module_preset=&#8221;default&#8221;][\/et_pb_gallery][et_pb_text _builder_version=&#8221;4.8.2&#8243; _module_preset=&#8221;default&#8221;]<\/p>\n<p>Camilla Albertini &#8211; foto di Paolo Carlini<\/p>\n<p>[\/et_pb_text][\/et_pb_column][et_pb_column type=&#8221;3_5&#8243; _builder_version=&#8221;4.8.2&#8243; _module_preset=&#8221;default&#8221;][et_pb_text _builder_version=&#8221;4.8.2&#8243; _module_preset=&#8221;default&#8221;]<\/p>\n<h3>CAMILLA ALBERTINI<\/h3>\n<div><span><strong>Camilla Albertini<\/strong> \u00e8 fotografa, videomaker, illustratrice e giornalista. Nata a Milano, si \u00e8 laureata nel 2017 in fotografia presso l\u2019Istituto Europeo di Design e conta come freelance gi\u00e0 una lunga esperienza di lavoro in diversi ambiti: dallo still life in studio al reportage, dall\u2019automotive al corporate, dal ritratto al food. \u00c8 appassionata di disegno e di arti visive in genere. Ama viaggiare e cogliere nelle sue immagini l\u2019essenza dei luoghi con immagini mai scontate e di ricercata emozione. Con l\u2019occhio e il cuore sempre attenti alle tematiche femminili, ha realizzato nel 2019 un reportage sulle donne islandesi e nel 2022, 23, 24 e 25 una mostra fotografica, in collaborazione con il Museo Fratelli Cozzi, di ritratti di donne e automobili, per scardinare gli stereotipi legati a \u201cdonne e motori\u201d. Diverse le sue immagini e testi pubblicati nelle pagine del Corriere della sera di Milano e da riviste quali Quattroruote, Ruoteclassiche, Donna Moderna, Gardenia, il Bagno. Nel 2021, per Silvana Editoriale, ha pubblicato, con il collega Paolo Carlini, il libro fotografico \u201cItalia Cost to Coast\u201d.<\/span><\/div>\n<p>[\/et_pb_text][\/et_pb_column][\/et_pb_row][\/et_pb_section]<\/p>\n","protected":false},"excerpt":{"rendered":"<p>[et_pb_section fb_built=&#8221;1&#8243; admin_label=&#8221;Sezione&#8221; _builder_version=&#8221;4.8.2&#8243; custom_padding=&#8221;0px|||&#8221; transparent_background=&#8221;off&#8221; make_fullwidth=&#8221;off&#8221; use_custom_width=&#8221;off&#8221; width_unit=&#8221;on&#8221; custom_width_px=&#8221;1080&#8243; custom_width_percent=&#8221;80&#8243;][et_pb_row use_custom_gutter=&#8221;on&#8221; gutter_width=&#8221;1&#8243; disabled_on=&#8221;off|off|off&#8221; admin_label=&#8221;Riga&#8221; module_class=&#8221; et_pb_row_fullwidth&#8221; _builder_version=&#8221;3.25&#8243; background_size=&#8221;initial&#8221; background_position=&#8221;top_left&#8221; background_repeat=&#8221;repeat&#8221; width=&#8221;100%&#8221; width_tablet=&#8221;100%&#8221; width_phone=&#8221;&#8221; width_last_edited=&#8221;on|desktop&#8221; max_width=&#8221;100%&#8221; max_width_tablet=&#8221;100%&#8221; max_width_phone=&#8221;&#8221; max_width_last_edited=&#8221;on|desktop&#8221; custom_padding=&#8221;0px|||&#8221; make_fullwidth=&#8221;on&#8221; use_custom_width=&#8221;off&#8221; width_unit=&#8221;on&#8221; custom_width_px=&#8221;1080&#8243; custom_width_percent=&#8221;80&#8243;][et_pb_column type=&#8221;4_4&#8243; _builder_version=&#8221;3.25&#8243; custom_padding=&#8221;|||&#8221; custom_padding__hover=&#8221;|||&#8221;][et_pb_image src=&#8221;https:\/\/www.museofratellicozzi.com\/news\/wp-content\/uploads\/2026\/04\/You-Tube-SEMPIONE-51.jpg&#8221; title_text=&#8221;Villano &#8211; Vergara&#8221; force_fullwidth=&#8221;on&#8221; align_tablet=&#8221;center&#8221; align_phone=&#8221;&#8221; align_last_edited=&#8221;on|desktop&#8221; admin_label=&#8221;Immagine principale&#8221; _builder_version=&#8221;4.8.2&#8243; animation=&#8221;off&#8221; sticky=&#8221;off&#8221; use_border_color=&#8221;off&#8221; border_color=&#8221;#ffffff&#8221; border_width=&#8221;1&#8243; [&hellip;]<\/p>\n","protected":false},"author":7,"featured_media":25932,"comment_status":"open","ping_status":"open","sticky":false,"template":"","format":"standard","meta":{"_et_pb_use_builder":"on","_et_pb_old_content":"","_et_gb_content_width":"","_jetpack_memberships_contains_paid_content":false,"footnotes":""},"categories":[1],"tags":[21,209,180,841,125,406,921],"class_list":["post-25911","post","type-post","status-publish","format-standard","has-post-thumbnail","hentry","category-senza-categoria","tag-alfa-romeo","tag-automotive","tag-cozzi","tag-donne-e-motori","tag-heforshe","tag-museo-fratelli-cozzi","tag-united-nation","et-has-post-format-content","et_post_format-et-post-format-standard"],"yoast_head":"<!-- This site is optimized with the Yoast SEO plugin v26.8 - https:\/\/yoast.com\/product\/yoast-seo-wordpress\/ -->\n<title>&quot;Donne e motori? Gioie e basta&quot; Villano &amp; Vergara -<\/title>\n<meta name=\"description\" content=\"Prima di conoscere tutti i protagonisti della IV edizione della mostra &quot;Donne e motori? Gioie e basta&quot;: Linda Villano &amp; Felipe Vergara\" \/>\n<meta name=\"robots\" content=\"index, follow, max-snippet:-1, max-image-preview:large, max-video-preview:-1\" \/>\n<link rel=\"canonical\" href=\"https:\/\/www.museofratellicozzi.com\/news\/donne-e-motori-gioie-e-basta-villano-vergara\/\" \/>\n<meta property=\"og:locale\" content=\"it_IT\" \/>\n<meta property=\"og:type\" content=\"article\" \/>\n<meta property=\"og:title\" content=\"&quot;Donne e motori? Gioie e basta&quot; Villano &amp; Vergara -\" \/>\n<meta property=\"og:description\" content=\"Prima di conoscere tutti i protagonisti della IV edizione della mostra &quot;Donne e motori? Gioie e basta&quot;: Linda Villano &amp; Felipe Vergara\" \/>\n<meta property=\"og:url\" content=\"https:\/\/www.museofratellicozzi.com\/news\/donne-e-motori-gioie-e-basta-villano-vergara\/\" \/>\n<meta property=\"og:site_name\" content=\"eNews Museo Fratelli Cozzi\" \/>\n<meta property=\"article:published_time\" content=\"2026-04-26T17:11:48+00:00\" \/>\n<meta property=\"article:modified_time\" content=\"2026-04-29T21:39:42+00:00\" \/>\n<meta property=\"og:image\" content=\"https:\/\/www.museofratellicozzi.com\/news\/wp-content\/uploads\/2026\/04\/You-Tube-SEMPIONE-51.jpg\" \/>\n\t<meta property=\"og:image:width\" content=\"1920\" \/>\n\t<meta property=\"og:image:height\" content=\"1080\" \/>\n\t<meta property=\"og:image:type\" content=\"image\/jpeg\" \/>\n<meta name=\"author\" content=\"Elisabetta Cozzi\" \/>\n<meta name=\"twitter:card\" content=\"summary_large_image\" \/>\n<meta name=\"twitter:label1\" content=\"Scritto da\" \/>\n\t<meta name=\"twitter:data1\" content=\"Elisabetta Cozzi\" \/>\n\t<meta name=\"twitter:label2\" content=\"Tempo di lettura stimato\" \/>\n\t<meta name=\"twitter:data2\" content=\"10 minuti\" \/>\n<script type=\"application\/ld+json\" class=\"yoast-schema-graph\">{\"@context\":\"https:\/\/schema.org\",\"@graph\":[{\"@type\":\"Article\",\"@id\":\"https:\/\/www.museofratellicozzi.com\/news\/donne-e-motori-gioie-e-basta-villano-vergara\/#article\",\"isPartOf\":{\"@id\":\"https:\/\/www.museofratellicozzi.com\/news\/donne-e-motori-gioie-e-basta-villano-vergara\/\"},\"author\":{\"name\":\"Elisabetta Cozzi\",\"@id\":\"https:\/\/www.museofratellicozzi.com\/news\/#\/schema\/person\/3c2c242e79e59f9be7b62a0d9673e40d\"},\"headline\":\"&#8220;Donne e motori? Gioie e basta&#8221; Villano &#038; Vergara\",\"datePublished\":\"2026-04-26T17:11:48+00:00\",\"dateModified\":\"2026-04-29T21:39:42+00:00\",\"mainEntityOfPage\":{\"@id\":\"https:\/\/www.museofratellicozzi.com\/news\/donne-e-motori-gioie-e-basta-villano-vergara\/\"},\"wordCount\":4644,\"commentCount\":0,\"publisher\":{\"@id\":\"https:\/\/www.museofratellicozzi.com\/news\/#organization\"},\"image\":{\"@id\":\"https:\/\/www.museofratellicozzi.com\/news\/donne-e-motori-gioie-e-basta-villano-vergara\/#primaryimage\"},\"thumbnailUrl\":\"https:\/\/www.museofratellicozzi.com\/news\/wp-content\/uploads\/2026\/04\/You-Tube-SEMPIONE-51.jpg\",\"keywords\":[\"alfa romeo\",\"automotive\",\"cozzi\",\"donne e motori\",\"heforshe\",\"Museo Fratelli Cozzi\",\"United Nation\"],\"inLanguage\":\"it-IT\",\"potentialAction\":[{\"@type\":\"CommentAction\",\"name\":\"Comment\",\"target\":[\"https:\/\/www.museofratellicozzi.com\/news\/donne-e-motori-gioie-e-basta-villano-vergara\/#respond\"]}]},{\"@type\":\"WebPage\",\"@id\":\"https:\/\/www.museofratellicozzi.com\/news\/donne-e-motori-gioie-e-basta-villano-vergara\/\",\"url\":\"https:\/\/www.museofratellicozzi.com\/news\/donne-e-motori-gioie-e-basta-villano-vergara\/\",\"name\":\"\\\"Donne e motori? Gioie e basta\\\" Villano & Vergara -\",\"isPartOf\":{\"@id\":\"https:\/\/www.museofratellicozzi.com\/news\/#website\"},\"primaryImageOfPage\":{\"@id\":\"https:\/\/www.museofratellicozzi.com\/news\/donne-e-motori-gioie-e-basta-villano-vergara\/#primaryimage\"},\"image\":{\"@id\":\"https:\/\/www.museofratellicozzi.com\/news\/donne-e-motori-gioie-e-basta-villano-vergara\/#primaryimage\"},\"thumbnailUrl\":\"https:\/\/www.museofratellicozzi.com\/news\/wp-content\/uploads\/2026\/04\/You-Tube-SEMPIONE-51.jpg\",\"datePublished\":\"2026-04-26T17:11:48+00:00\",\"dateModified\":\"2026-04-29T21:39:42+00:00\",\"description\":\"Prima di conoscere tutti i protagonisti della IV edizione della mostra \\\"Donne e motori? Gioie e basta\\\": Linda Villano & Felipe Vergara\",\"breadcrumb\":{\"@id\":\"https:\/\/www.museofratellicozzi.com\/news\/donne-e-motori-gioie-e-basta-villano-vergara\/#breadcrumb\"},\"inLanguage\":\"it-IT\",\"potentialAction\":[{\"@type\":\"ReadAction\",\"target\":[\"https:\/\/www.museofratellicozzi.com\/news\/donne-e-motori-gioie-e-basta-villano-vergara\/\"]}]},{\"@type\":\"ImageObject\",\"inLanguage\":\"it-IT\",\"@id\":\"https:\/\/www.museofratellicozzi.com\/news\/donne-e-motori-gioie-e-basta-villano-vergara\/#primaryimage\",\"url\":\"https:\/\/www.museofratellicozzi.com\/news\/wp-content\/uploads\/2026\/04\/You-Tube-SEMPIONE-51.jpg\",\"contentUrl\":\"https:\/\/www.museofratellicozzi.com\/news\/wp-content\/uploads\/2026\/04\/You-Tube-SEMPIONE-51.jpg\",\"width\":1920,\"height\":1080},{\"@type\":\"BreadcrumbList\",\"@id\":\"https:\/\/www.museofratellicozzi.com\/news\/donne-e-motori-gioie-e-basta-villano-vergara\/#breadcrumb\",\"itemListElement\":[{\"@type\":\"ListItem\",\"position\":1,\"name\":\"Home\",\"item\":\"https:\/\/www.museofratellicozzi.com\/news\/\"},{\"@type\":\"ListItem\",\"position\":2,\"name\":\"&#8220;Donne e motori? Gioie e basta&#8221; Villano &#038; Vergara\"}]},{\"@type\":\"WebSite\",\"@id\":\"https:\/\/www.museofratellicozzi.com\/news\/#website\",\"url\":\"https:\/\/www.museofratellicozzi.com\/news\/\",\"name\":\"eNews Museo Fratelli Cozzi\",\"description\":\"Alfa Romeo: un mito che resiste al tempo\",\"publisher\":{\"@id\":\"https:\/\/www.museofratellicozzi.com\/news\/#organization\"},\"potentialAction\":[{\"@type\":\"SearchAction\",\"target\":{\"@type\":\"EntryPoint\",\"urlTemplate\":\"https:\/\/www.museofratellicozzi.com\/news\/?s={search_term_string}\"},\"query-input\":{\"@type\":\"PropertyValueSpecification\",\"valueRequired\":true,\"valueName\":\"search_term_string\"}}],\"inLanguage\":\"it-IT\"},{\"@type\":\"Organization\",\"@id\":\"https:\/\/www.museofratellicozzi.com\/news\/#organization\",\"name\":\"Museo Fratelli Cozzi\",\"url\":\"https:\/\/www.museofratellicozzi.com\/news\/\",\"logo\":{\"@type\":\"ImageObject\",\"inLanguage\":\"it-IT\",\"@id\":\"https:\/\/www.museofratellicozzi.com\/news\/#\/schema\/logo\/image\/\",\"url\":\"https:\/\/www.museofratellicozzi.com\/news\/wp-content\/uploads\/2017\/04\/home.png\",\"contentUrl\":\"https:\/\/www.museofratellicozzi.com\/news\/wp-content\/uploads\/2017\/04\/home.png\",\"width\":497,\"height\":512,\"caption\":\"Museo Fratelli Cozzi\"},\"image\":{\"@id\":\"https:\/\/www.museofratellicozzi.com\/news\/#\/schema\/logo\/image\/\"}},{\"@type\":\"Person\",\"@id\":\"https:\/\/www.museofratellicozzi.com\/news\/#\/schema\/person\/3c2c242e79e59f9be7b62a0d9673e40d\",\"name\":\"Elisabetta Cozzi\",\"image\":{\"@type\":\"ImageObject\",\"inLanguage\":\"it-IT\",\"@id\":\"https:\/\/www.museofratellicozzi.com\/news\/#\/schema\/person\/image\/\",\"url\":\"https:\/\/secure.gravatar.com\/avatar\/a761e7642145a4506dbd3685a69db0fc?s=96&d=mm&r=g\",\"contentUrl\":\"https:\/\/secure.gravatar.com\/avatar\/a761e7642145a4506dbd3685a69db0fc?s=96&d=mm&r=g\",\"caption\":\"Elisabetta Cozzi\"}}]}<\/script>\n<!-- \/ Yoast SEO plugin. -->","yoast_head_json":{"title":"\"Donne e motori? Gioie e basta\" Villano & Vergara -","description":"Prima di conoscere tutti i protagonisti della IV edizione della mostra \"Donne e motori? Gioie e basta\": Linda Villano & Felipe Vergara","robots":{"index":"index","follow":"follow","max-snippet":"max-snippet:-1","max-image-preview":"max-image-preview:large","max-video-preview":"max-video-preview:-1"},"canonical":"https:\/\/www.museofratellicozzi.com\/news\/donne-e-motori-gioie-e-basta-villano-vergara\/","og_locale":"it_IT","og_type":"article","og_title":"\"Donne e motori? Gioie e basta\" Villano & Vergara -","og_description":"Prima di conoscere tutti i protagonisti della IV edizione della mostra \"Donne e motori? Gioie e basta\": Linda Villano & Felipe Vergara","og_url":"https:\/\/www.museofratellicozzi.com\/news\/donne-e-motori-gioie-e-basta-villano-vergara\/","og_site_name":"eNews Museo Fratelli Cozzi","article_published_time":"2026-04-26T17:11:48+00:00","article_modified_time":"2026-04-29T21:39:42+00:00","og_image":[{"width":1920,"height":1080,"url":"https:\/\/www.museofratellicozzi.com\/news\/wp-content\/uploads\/2026\/04\/You-Tube-SEMPIONE-51.jpg","type":"image\/jpeg"}],"author":"Elisabetta Cozzi","twitter_card":"summary_large_image","twitter_misc":{"Scritto da":"Elisabetta Cozzi","Tempo di lettura stimato":"10 minuti"},"schema":{"@context":"https:\/\/schema.org","@graph":[{"@type":"Article","@id":"https:\/\/www.museofratellicozzi.com\/news\/donne-e-motori-gioie-e-basta-villano-vergara\/#article","isPartOf":{"@id":"https:\/\/www.museofratellicozzi.com\/news\/donne-e-motori-gioie-e-basta-villano-vergara\/"},"author":{"name":"Elisabetta Cozzi","@id":"https:\/\/www.museofratellicozzi.com\/news\/#\/schema\/person\/3c2c242e79e59f9be7b62a0d9673e40d"},"headline":"&#8220;Donne e motori? Gioie e basta&#8221; Villano &#038; Vergara","datePublished":"2026-04-26T17:11:48+00:00","dateModified":"2026-04-29T21:39:42+00:00","mainEntityOfPage":{"@id":"https:\/\/www.museofratellicozzi.com\/news\/donne-e-motori-gioie-e-basta-villano-vergara\/"},"wordCount":4644,"commentCount":0,"publisher":{"@id":"https:\/\/www.museofratellicozzi.com\/news\/#organization"},"image":{"@id":"https:\/\/www.museofratellicozzi.com\/news\/donne-e-motori-gioie-e-basta-villano-vergara\/#primaryimage"},"thumbnailUrl":"https:\/\/www.museofratellicozzi.com\/news\/wp-content\/uploads\/2026\/04\/You-Tube-SEMPIONE-51.jpg","keywords":["alfa romeo","automotive","cozzi","donne e motori","heforshe","Museo Fratelli Cozzi","United Nation"],"inLanguage":"it-IT","potentialAction":[{"@type":"CommentAction","name":"Comment","target":["https:\/\/www.museofratellicozzi.com\/news\/donne-e-motori-gioie-e-basta-villano-vergara\/#respond"]}]},{"@type":"WebPage","@id":"https:\/\/www.museofratellicozzi.com\/news\/donne-e-motori-gioie-e-basta-villano-vergara\/","url":"https:\/\/www.museofratellicozzi.com\/news\/donne-e-motori-gioie-e-basta-villano-vergara\/","name":"\"Donne e motori? Gioie e basta\" Villano & Vergara -","isPartOf":{"@id":"https:\/\/www.museofratellicozzi.com\/news\/#website"},"primaryImageOfPage":{"@id":"https:\/\/www.museofratellicozzi.com\/news\/donne-e-motori-gioie-e-basta-villano-vergara\/#primaryimage"},"image":{"@id":"https:\/\/www.museofratellicozzi.com\/news\/donne-e-motori-gioie-e-basta-villano-vergara\/#primaryimage"},"thumbnailUrl":"https:\/\/www.museofratellicozzi.com\/news\/wp-content\/uploads\/2026\/04\/You-Tube-SEMPIONE-51.jpg","datePublished":"2026-04-26T17:11:48+00:00","dateModified":"2026-04-29T21:39:42+00:00","description":"Prima di conoscere tutti i protagonisti della IV edizione della mostra \"Donne e motori? Gioie e basta\": Linda Villano & Felipe Vergara","breadcrumb":{"@id":"https:\/\/www.museofratellicozzi.com\/news\/donne-e-motori-gioie-e-basta-villano-vergara\/#breadcrumb"},"inLanguage":"it-IT","potentialAction":[{"@type":"ReadAction","target":["https:\/\/www.museofratellicozzi.com\/news\/donne-e-motori-gioie-e-basta-villano-vergara\/"]}]},{"@type":"ImageObject","inLanguage":"it-IT","@id":"https:\/\/www.museofratellicozzi.com\/news\/donne-e-motori-gioie-e-basta-villano-vergara\/#primaryimage","url":"https:\/\/www.museofratellicozzi.com\/news\/wp-content\/uploads\/2026\/04\/You-Tube-SEMPIONE-51.jpg","contentUrl":"https:\/\/www.museofratellicozzi.com\/news\/wp-content\/uploads\/2026\/04\/You-Tube-SEMPIONE-51.jpg","width":1920,"height":1080},{"@type":"BreadcrumbList","@id":"https:\/\/www.museofratellicozzi.com\/news\/donne-e-motori-gioie-e-basta-villano-vergara\/#breadcrumb","itemListElement":[{"@type":"ListItem","position":1,"name":"Home","item":"https:\/\/www.museofratellicozzi.com\/news\/"},{"@type":"ListItem","position":2,"name":"&#8220;Donne e motori? Gioie e basta&#8221; Villano &#038; Vergara"}]},{"@type":"WebSite","@id":"https:\/\/www.museofratellicozzi.com\/news\/#website","url":"https:\/\/www.museofratellicozzi.com\/news\/","name":"eNews Museo Fratelli Cozzi","description":"Alfa Romeo: un mito che resiste al tempo","publisher":{"@id":"https:\/\/www.museofratellicozzi.com\/news\/#organization"},"potentialAction":[{"@type":"SearchAction","target":{"@type":"EntryPoint","urlTemplate":"https:\/\/www.museofratellicozzi.com\/news\/?s={search_term_string}"},"query-input":{"@type":"PropertyValueSpecification","valueRequired":true,"valueName":"search_term_string"}}],"inLanguage":"it-IT"},{"@type":"Organization","@id":"https:\/\/www.museofratellicozzi.com\/news\/#organization","name":"Museo Fratelli Cozzi","url":"https:\/\/www.museofratellicozzi.com\/news\/","logo":{"@type":"ImageObject","inLanguage":"it-IT","@id":"https:\/\/www.museofratellicozzi.com\/news\/#\/schema\/logo\/image\/","url":"https:\/\/www.museofratellicozzi.com\/news\/wp-content\/uploads\/2017\/04\/home.png","contentUrl":"https:\/\/www.museofratellicozzi.com\/news\/wp-content\/uploads\/2017\/04\/home.png","width":497,"height":512,"caption":"Museo Fratelli Cozzi"},"image":{"@id":"https:\/\/www.museofratellicozzi.com\/news\/#\/schema\/logo\/image\/"}},{"@type":"Person","@id":"https:\/\/www.museofratellicozzi.com\/news\/#\/schema\/person\/3c2c242e79e59f9be7b62a0d9673e40d","name":"Elisabetta Cozzi","image":{"@type":"ImageObject","inLanguage":"it-IT","@id":"https:\/\/www.museofratellicozzi.com\/news\/#\/schema\/person\/image\/","url":"https:\/\/secure.gravatar.com\/avatar\/a761e7642145a4506dbd3685a69db0fc?s=96&d=mm&r=g","contentUrl":"https:\/\/secure.gravatar.com\/avatar\/a761e7642145a4506dbd3685a69db0fc?s=96&d=mm&r=g","caption":"Elisabetta Cozzi"}}]}},"jetpack_featured_media_url":"https:\/\/www.museofratellicozzi.com\/news\/wp-content\/uploads\/2026\/04\/You-Tube-SEMPIONE-51.jpg","jetpack_shortlink":"https:\/\/wp.me\/p90Eth-6JV","jetpack_sharing_enabled":true,"post_mailing_queue_ids":[],"_links":{"self":[{"href":"https:\/\/www.museofratellicozzi.com\/news\/wp-json\/wp\/v2\/posts\/25911","targetHints":{"allow":["GET"]}}],"collection":[{"href":"https:\/\/www.museofratellicozzi.com\/news\/wp-json\/wp\/v2\/posts"}],"about":[{"href":"https:\/\/www.museofratellicozzi.com\/news\/wp-json\/wp\/v2\/types\/post"}],"author":[{"embeddable":true,"href":"https:\/\/www.museofratellicozzi.com\/news\/wp-json\/wp\/v2\/users\/7"}],"replies":[{"embeddable":true,"href":"https:\/\/www.museofratellicozzi.com\/news\/wp-json\/wp\/v2\/comments?post=25911"}],"version-history":[{"count":13,"href":"https:\/\/www.museofratellicozzi.com\/news\/wp-json\/wp\/v2\/posts\/25911\/revisions"}],"predecessor-version":[{"id":26136,"href":"https:\/\/www.museofratellicozzi.com\/news\/wp-json\/wp\/v2\/posts\/25911\/revisions\/26136"}],"wp:featuredmedia":[{"embeddable":true,"href":"https:\/\/www.museofratellicozzi.com\/news\/wp-json\/wp\/v2\/media\/25932"}],"wp:attachment":[{"href":"https:\/\/www.museofratellicozzi.com\/news\/wp-json\/wp\/v2\/media?parent=25911"}],"wp:term":[{"taxonomy":"category","embeddable":true,"href":"https:\/\/www.museofratellicozzi.com\/news\/wp-json\/wp\/v2\/categories?post=25911"},{"taxonomy":"post_tag","embeddable":true,"href":"https:\/\/www.museofratellicozzi.com\/news\/wp-json\/wp\/v2\/tags?post=25911"}],"curies":[{"name":"wp","href":"https:\/\/api.w.org\/{rel}","templated":true}]}}