{"id":25935,"date":"2026-04-28T17:48:34","date_gmt":"2026-04-28T15:48:34","guid":{"rendered":"https:\/\/www.museofratellicozzi.com\/news\/?p=25935"},"modified":"2026-04-29T23:42:21","modified_gmt":"2026-04-29T21:42:21","slug":"donne-e-motori-gioie-e-basta-lorenzelli-di-cunto","status":"publish","type":"post","link":"https:\/\/www.museofratellicozzi.com\/news\/donne-e-motori-gioie-e-basta-lorenzelli-di-cunto\/","title":{"rendered":"&#8220;Donne e motori? Gioie e basta &#8220;Lorenzelli &#038; Di Cunto"},"content":{"rendered":"<p>[et_pb_section fb_built=&#8221;1&#8243; admin_label=&#8221;Sezione&#8221; _builder_version=&#8221;4.8.2&#8243; custom_padding=&#8221;0px|||&#8221; transparent_background=&#8221;off&#8221; make_fullwidth=&#8221;off&#8221; use_custom_width=&#8221;off&#8221; width_unit=&#8221;on&#8221; custom_width_px=&#8221;1080&#8243; custom_width_percent=&#8221;80&#8243;][et_pb_row use_custom_gutter=&#8221;on&#8221; gutter_width=&#8221;1&#8243; disabled_on=&#8221;off|off|off&#8221; admin_label=&#8221;Riga&#8221; module_class=&#8221; et_pb_row_fullwidth&#8221; _builder_version=&#8221;3.25&#8243; background_size=&#8221;initial&#8221; background_position=&#8221;top_left&#8221; background_repeat=&#8221;repeat&#8221; width=&#8221;100%&#8221; width_tablet=&#8221;100%&#8221; width_phone=&#8221;&#8221; width_last_edited=&#8221;on|desktop&#8221; max_width=&#8221;100%&#8221; max_width_tablet=&#8221;100%&#8221; max_width_phone=&#8221;&#8221; max_width_last_edited=&#8221;on|desktop&#8221; custom_padding=&#8221;0px|||&#8221; make_fullwidth=&#8221;on&#8221; use_custom_width=&#8221;off&#8221; width_unit=&#8221;on&#8221; custom_width_px=&#8221;1080&#8243; custom_width_percent=&#8221;80&#8243;][et_pb_column type=&#8221;4_4&#8243; _builder_version=&#8221;3.25&#8243; custom_padding=&#8221;|||&#8221; custom_padding__hover=&#8221;|||&#8221;][et_pb_image src=&#8221;https:\/\/www.museofratellicozzi.com\/news\/wp-content\/uploads\/2026\/04\/You-Tube-SEMPIONE-55.jpg&#8221; title_text=&#8221;Lorenzelli Di Cunto&#8221; force_fullwidth=&#8221;on&#8221; align_tablet=&#8221;center&#8221; align_phone=&#8221;&#8221; align_last_edited=&#8221;on|desktop&#8221; admin_label=&#8221;Immagine principale&#8221; _builder_version=&#8221;4.8.2&#8243; animation=&#8221;off&#8221; sticky=&#8221;off&#8221; use_border_color=&#8221;off&#8221; border_color=&#8221;#ffffff&#8221; border_width=&#8221;1&#8243; border_style=&#8221;solid&#8221; always_center_on_mobile=&#8221;on&#8221;][\/et_pb_image][\/et_pb_column][\/et_pb_row][et_pb_row admin_label=&#8221;Riga&#8221; _builder_version=&#8221;4.8.2&#8243; background_size=&#8221;initial&#8221; background_position=&#8221;top_left&#8221; background_repeat=&#8221;repeat&#8221; custom_padding=&#8221;20px||0px|&#8221; make_fullwidth=&#8221;off&#8221; use_custom_width=&#8221;off&#8221; width_unit=&#8221;on&#8221; custom_width_px=&#8221;1080&#8243; custom_width_percent=&#8221;80&#8243;][et_pb_column type=&#8221;4_4&#8243; _builder_version=&#8221;3.25&#8243; custom_padding=&#8221;|||&#8221; custom_padding__hover=&#8221;|||&#8221;][et_pb_text admin_label=&#8221;Titolo&#8221; _builder_version=&#8221;4.8.2&#8243; text_font=&#8221;PT Sans||||&#8221; text_text_color=&#8221;#000000&#8243; text_font_size=&#8221;60px&#8221; text_letter_spacing=&#8221;0&#8243; text_line_height=&#8221;1.1&#8243; header_font=&#8221;PT Sans||||&#8221; header_text_color=&#8221;#000000&#8243; header_font_size=&#8221;48&#8243; header_letter_spacing=&#8221;0&#8243; header_line_height=&#8221;1.1em&#8221; background_size=&#8221;initial&#8221; background_position=&#8221;top_left&#8221; background_repeat=&#8221;repeat&#8221; custom_margin=&#8221;0px||0px|&#8221; text_font_size_tablet=&#8221;60&#8243; text_font_size_phone=&#8221;&#8221; text_font_size_last_edited=&#8221;on|phone&#8221; text_letter_spacing_tablet=&#8221;&#8221; text_letter_spacing_phone=&#8221;&#8221; text_letter_spacing_last_edited=&#8221;on|desktop&#8221; text_line_height_tablet=&#8221;&#8221; text_line_height_phone=&#8221;&#8221; text_line_height_last_edited=&#8221;on|&#8221; header_font_size_tablet=&#8221;46&#8243; header_font_size_phone=&#8221;38px&#8221; header_font_size_last_edited=&#8221;on|phone&#8221; use_border_color=&#8221;off&#8221; border_color=&#8221;#ffffff&#8221; border_width=&#8221;1&#8243; border_style=&#8221;solid&#8221;]<\/p>\n<p><span style=\"color: #800000;\">Donne e motori? Gioie e basta<\/span><\/p>\n<p>[\/et_pb_text][et_pb_text admin_label=&#8221;Titolo&#8221; _builder_version=&#8221;4.8.2&#8243; text_font=&#8221;PT Sans||||&#8221; text_text_color=&#8221;#000000&#8243; text_font_size=&#8221;45px&#8221; text_letter_spacing=&#8221;0&#8243; text_line_height=&#8221;1.1&#8243; header_font=&#8221;PT Sans||||&#8221; header_text_color=&#8221;#000000&#8243; header_font_size=&#8221;48&#8243; header_letter_spacing=&#8221;0&#8243; header_line_height=&#8221;1.1em&#8221; background_size=&#8221;initial&#8221; background_position=&#8221;top_left&#8221; background_repeat=&#8221;repeat&#8221; custom_margin=&#8221;0px||0px|&#8221; text_font_size_tablet=&#8221;60&#8243; text_font_size_phone=&#8221;&#8221; text_font_size_last_edited=&#8221;on|phone&#8221; text_letter_spacing_tablet=&#8221;&#8221; text_letter_spacing_phone=&#8221;&#8221; text_letter_spacing_last_edited=&#8221;on|desktop&#8221; text_line_height_tablet=&#8221;&#8221; text_line_height_phone=&#8221;&#8221; text_line_height_last_edited=&#8221;on|&#8221; header_font_size_tablet=&#8221;46&#8243; header_font_size_phone=&#8221;38px&#8221; header_font_size_last_edited=&#8221;on|phone&#8221; use_border_color=&#8221;off&#8221; border_color=&#8221;#ffffff&#8221; border_width=&#8221;1&#8243; border_style=&#8221;solid&#8221;]<\/p>\n<p>Valeria &amp; Attilio: rigenerazione urbana&#8230; e sociale<\/p>\n<p>[\/et_pb_text][et_pb_text admin_label=&#8221;Data&#8221; _builder_version=&#8221;4.8.2&#8243; text_font=&#8221;PT Sans|on|||&#8221; text_text_color=&#8221;#363636&#8243; text_font_size=&#8221;18&#8243; text_letter_spacing=&#8221;0&#8243; text_line_height=&#8221;1.7&#8243; header_font_size=&#8221;30&#8243; header_letter_spacing=&#8221;0&#8243; header_line_height=&#8221;1&#8243; background_size=&#8221;initial&#8221; background_position=&#8221;top_left&#8221; background_repeat=&#8221;repeat&#8221; custom_margin=&#8221;10px||0px|&#8221; custom_padding=&#8221;||0px|||&#8221; use_border_color=&#8221;off&#8221; border_color=&#8221;#ffffff&#8221; border_width=&#8221;1&#8243; border_style=&#8221;solid&#8221;]<\/p>\n<p>Aprile 2026<\/p>\n<p>[\/et_pb_text][\/et_pb_column][\/et_pb_row][\/et_pb_section][et_pb_section fb_built=&#8221;1&#8243; admin_label=&#8221;Section&#8221; _builder_version=&#8221;4.8.2&#8243; background_color=&#8221;#f7f7f4&#8243; transparent_background=&#8221;off&#8221; make_fullwidth=&#8221;off&#8221; use_custom_width=&#8221;off&#8221; width_unit=&#8221;on&#8221; custom_width_px=&#8221;1080&#8243; custom_width_percent=&#8221;80&#8243; collapsed=&#8221;off&#8221;][et_pb_row column_structure=&#8221;1_3,2_3&#8243; padding_mobile=&#8221;on&#8221; column_padding_mobile=&#8221;on&#8221; admin_label=&#8221;row&#8221; _builder_version=&#8221;4.8.2&#8243; background_size=&#8221;initial&#8221; background_position=&#8221;top_left&#8221; background_repeat=&#8221;repeat&#8221; custom_margin=&#8221;10px||||false|false&#8221; custom_padding=&#8221;0px|||&#8221; make_fullwidth=&#8221;off&#8221; use_custom_width=&#8221;off&#8221; width_unit=&#8221;on&#8221; custom_width_px=&#8221;1080&#8243; custom_width_percent=&#8221;80&#8243;][et_pb_column type=&#8221;1_3&#8243; _builder_version=&#8221;3.25&#8243; custom_padding=&#8221;|||&#8221; custom_padding__hover=&#8221;|||&#8221;][et_pb_testimonial portrait_url=&#8221;https:\/\/www.museofratellicozzi.com\/news\/wp-content\/uploads\/2025\/01\/Foto-bio-redazione-MUSEO-1.png&#8221; _builder_version=&#8221;4.8.2&#8243; _module_preset=&#8221;default&#8221; box_shadow_style_image=&#8221;preset1&#8243;]<\/p>\n<h4><span>RITA PAPARELLA<\/span><\/h4>\n<p><span>Ingegnere nucleare, PhD in fisica delle particelle. Giornalista pubblicista e consulente tecnico in progetti industriali di innovazione e R&amp;D<\/span><\/p>\n<p>[\/et_pb_testimonial][\/et_pb_column][et_pb_column type=&#8221;2_3&#8243; _builder_version=&#8221;3.25&#8243; custom_padding=&#8221;|||&#8221; custom_padding__hover=&#8221;|||&#8221;][et_pb_text admin_label=&#8221;Blocco testo 1&#8243; _builder_version=&#8221;4.8.2&#8243; text_font=&#8221;PT Sans||||&#8221; text_text_color=&#8221;#363636&#8243; text_font_size=&#8221;20&#8243; text_letter_spacing=&#8221;0&#8243; text_line_height=&#8221;1.2em&#8221; header_font_size=&#8221;30&#8243; header_letter_spacing=&#8221;0&#8243; header_line_height=&#8221;1&#8243; background_size=&#8221;initial&#8221; background_position=&#8221;top_left&#8221; background_repeat=&#8221;repeat&#8221; max_width=&#8221;620px&#8221; custom_margin=&#8221;0px||0px||false|false&#8221; custom_padding=&#8221;||0px|||&#8221; text_font_size_tablet=&#8221;&#8221; text_font_size_phone=&#8221;&#8221; text_font_size_last_edited=&#8221;on|tablet&#8221; use_border_color=&#8221;off&#8221; border_color=&#8221;#ffffff&#8221; border_width=&#8221;1&#8243; border_style=&#8221;solid&#8221;]<\/p>\n<p><b><span data-contrast=\"auto\">Se \u00e8 la tua prima volta qui, benvenuta\/benvenuto!<\/span><\/b><span data-contrast=\"auto\">\u00a0<\/span><span data-ccp-props=\"{&quot;335551550&quot;:6,&quot;335551620&quot;:6,&quot;335559739&quot;:0}\">\u00a0<\/span><\/p>\n<p><span data-contrast=\"auto\">Con il progetto <strong><span style=\"color: #800000;\"><a href=\"https:\/\/www.museofratellicozzi.com\/news\/donne-e-motori-gioie-e-basta-4-edizione-le-protagoniste\/\" target=\"_blank\" rel=\"noopener noreferrer\" style=\"color: #800000;\"><em>Donne e Motori? Gioie e basta<\/em><\/a><\/span><\/strong>\u00a0Il Museo Fratelli Cozzi ribalta gli stereotipi:<strong>\u00a0<\/strong><\/span><strong>20 donne, 20 storie di forza<\/strong><b><span data-contrast=\"auto\">\u00a0<\/span><\/b><span data-contrast=\"auto\">catturate dall&#8217;obiettivo di\u00a0<\/span><strong>Camilla Albertini<\/strong><span data-contrast=\"auto\">. La quarta edizione compie un passo oltre. Ogni testimonial sceglie il suo\u00a0<\/span><strong>alleato al maschile<\/strong><span data-contrast=\"auto\">: chi sostiene davvero la parit\u00e0 nel proprio percorso professionale. Il dettaglio che colpisce? Non tutte lo hanno ancora trovato.<\/span><span data-ccp-props=\"{&quot;335551550&quot;:6,&quot;335551620&quot;:6,&quot;335559739&quot;:0}\">\u00a0<\/span><\/p>\n<p><span data-contrast=\"auto\">La parit\u00e0 non \u00e8 una battaglia solitaria. \u00c8 una responsabilit\u00e0 condivisa che ridefinisce il progresso di tutti.<\/span><span data-ccp-props=\"{&quot;335551550&quot;:6,&quot;335551620&quot;:6,&quot;335559739&quot;:0}\">\u00a0<\/span><\/p>\n<p><span data-contrast=\"auto\">Segui questo viaggio tra presenze e attese. Alcune storie ti sorprenderanno.<\/span><span data-ccp-props=\"{&quot;335551550&quot;:6,&quot;335551620&quot;:6,&quot;335559739&quot;:0}\">\u00a0<\/span><\/p>\n<p>[\/et_pb_text][\/et_pb_column][\/et_pb_row][et_pb_row column_structure=&#8221;1_2,1_2&#8243; _builder_version=&#8221;4.8.2&#8243; _module_preset=&#8221;default&#8221;][et_pb_column type=&#8221;1_2&#8243; _builder_version=&#8221;4.8.2&#8243; _module_preset=&#8221;default&#8221;][et_pb_image src=&#8221;https:\/\/www.museofratellicozzi.com\/news\/wp-content\/uploads\/2026\/04\/Foto-Paparella-13.jpg&#8221; title_text=&#8221;Valeria Lorenzelli&#8221; _builder_version=&#8221;4.8.2&#8243; _module_preset=&#8221;default&#8221;][\/et_pb_image][et_pb_text _builder_version=&#8221;4.8.2&#8243; _module_preset=&#8221;default&#8221;]<\/p>\n<p>Valeria Lorenzelli<\/p>\n<p>[\/et_pb_text][\/et_pb_column][et_pb_column type=&#8221;1_2&#8243; _builder_version=&#8221;4.8.2&#8243; _module_preset=&#8221;default&#8221;][et_pb_image src=&#8221;https:\/\/www.museofratellicozzi.com\/news\/wp-content\/uploads\/2026\/04\/Foto-Paparella-12.jpg&#8221; title_text=&#8221;Attilio di Cunto&#8221; _builder_version=&#8221;4.8.2&#8243; _module_preset=&#8221;default&#8221;][\/et_pb_image][et_pb_text _builder_version=&#8221;4.8.2&#8243; _module_preset=&#8221;default&#8221;]<\/p>\n<p>Attilio Di Cunto<\/p>\n<p>[\/et_pb_text][\/et_pb_column][\/et_pb_row][et_pb_row column_structure=&#8221;1_2,1_2&#8243; padding_mobile=&#8221;on&#8221; column_padding_mobile=&#8221;on&#8221; admin_label=&#8221;row&#8221; _builder_version=&#8221;4.8.2&#8243; background_size=&#8221;initial&#8221; background_position=&#8221;top_left&#8221; background_repeat=&#8221;repeat&#8221; custom_margin=&#8221;10px||||false|false&#8221; custom_padding=&#8221;0px|||&#8221; make_fullwidth=&#8221;off&#8221; use_custom_width=&#8221;off&#8221; width_unit=&#8221;on&#8221; custom_width_px=&#8221;1080&#8243; custom_width_percent=&#8221;80&#8243;][et_pb_column type=&#8221;1_2&#8243; _builder_version=&#8221;3.25&#8243; custom_padding=&#8221;|||&#8221; custom_padding__hover=&#8221;|||&#8221;][et_pb_text admin_label=&#8221;Blocco testo 1&#8243; _builder_version=&#8221;4.8.2&#8243; text_font=&#8221;PT Sans||||||||&#8221; text_text_color=&#8221;#363636&#8243; text_font_size=&#8221;20&#8243; text_letter_spacing=&#8221;0&#8243; text_line_height=&#8221;1.2em&#8221; header_font_size=&#8221;30&#8243; header_letter_spacing=&#8221;0&#8243; header_line_height=&#8221;1&#8243; background_size=&#8221;initial&#8221; background_position=&#8221;top_left&#8221; background_repeat=&#8221;repeat&#8221; max_width=&#8221;620px&#8221; custom_margin=&#8221;0px||0px||false|false&#8221; custom_padding=&#8221;||0px|||&#8221; text_font_size_tablet=&#8221;&#8221; text_font_size_phone=&#8221;&#8221; text_font_size_last_edited=&#8221;on|tablet&#8221; use_border_color=&#8221;off&#8221; border_color=&#8221;#ffffff&#8221; border_width=&#8221;1&#8243; border_style=&#8221;solid&#8221;]<\/p>\n<h3><span color=\"#800000\" style=\"color: #800000;\">Valeria Lorenzelli\u00a0<\/span><\/h3>\n<p>Dalla sperimentazione precoce al mobbing, fino alla rinascita in EuroMilano: Valeria Lorenzelli rivoluziona il concetto di citt\u00e0 trasformando UpTown in una comunit\u00e0 viva. Tra resilienza, marketing etico e battaglie per l\u2019equit\u00e0, la sua storia svela cosa serve davvero per cambiare il sistema dall\u2019interno.<\/p>\n<p>[\/et_pb_text][\/et_pb_column][et_pb_column type=&#8221;1_2&#8243; _builder_version=&#8221;4.8.2&#8243; _module_preset=&#8221;default&#8221;][et_pb_text admin_label=&#8221;Blocco testo 1&#8243; _builder_version=&#8221;4.8.2&#8243; text_font=&#8221;PT Sans||||||||&#8221; text_text_color=&#8221;#363636&#8243; text_font_size=&#8221;20&#8243; text_letter_spacing=&#8221;0&#8243; text_line_height=&#8221;1.2em&#8221; header_font_size=&#8221;30&#8243; header_letter_spacing=&#8221;0&#8243; header_line_height=&#8221;1&#8243; background_size=&#8221;initial&#8221; background_position=&#8221;top_left&#8221; background_repeat=&#8221;repeat&#8221; max_width=&#8221;620px&#8221; custom_margin=&#8221;0px||0px||false|false&#8221; custom_padding=&#8221;||0px|||&#8221; text_font_size_tablet=&#8221;&#8221; text_font_size_phone=&#8221;&#8221; text_font_size_last_edited=&#8221;on|tablet&#8221; use_border_color=&#8221;off&#8221; border_color=&#8221;#ffffff&#8221; border_width=&#8221;1&#8243; border_style=&#8221;solid&#8221;]<\/p>\n<h3><span color=\"#800000\" style=\"color: #800000;\">Attilio Di Cunto<\/span><\/h3>\n<p>Dalla finanza alla rigenerazione urbana, Attilio Di Cunto rompe gli schemi e guida citt\u00e0 pensate per le persone, non per il profitto. Tra crisi affrontate come \u201cguerre\u201d e scelte radicali sull\u2019inclusione, la sua leadership svela perch\u00e9 il cambiamento reale passa anche dagli uomini.<\/p>\n<p>[\/et_pb_text][\/et_pb_column][\/et_pb_row][et_pb_row _builder_version=&#8221;4.8.2&#8243; _module_preset=&#8221;default&#8221;][et_pb_column type=&#8221;4_4&#8243; _builder_version=&#8221;4.8.2&#8243; _module_preset=&#8221;default&#8221;][et_pb_divider _builder_version=&#8221;4.8.2&#8243; _module_preset=&#8221;default&#8221;][\/et_pb_divider][\/et_pb_column][\/et_pb_row][et_pb_row _builder_version=&#8221;4.8.2&#8243; _module_preset=&#8221;default&#8221;][et_pb_column type=&#8221;4_4&#8243; _builder_version=&#8221;4.8.2&#8243; _module_preset=&#8221;default&#8221;][et_pb_image src=&#8221;https:\/\/www.museofratellicozzi.com\/news\/wp-content\/uploads\/2026\/04\/You-Tube-SEMPIONE-56.jpg&#8221; title_text=&#8221;100 Sedie Rosse &#8221; _builder_version=&#8221;4.8.2&#8243; _module_preset=&#8221;default&#8221;][\/et_pb_image][et_pb_text _builder_version=&#8221;4.8.2&#8243; _module_preset=&#8221;default&#8221;]<\/p>\n<p>\u00a0Nella foto: Diana De Marchi, consigliera delegata della Citt\u00e0 metropolitana di Milano, Elisabetta Cozzi e Valeria Lorenzelli<\/p>\n<p>[\/et_pb_text][\/et_pb_column][\/et_pb_row][et_pb_row column_structure=&#8221;1_3,2_3&#8243; padding_mobile=&#8221;on&#8221; column_padding_mobile=&#8221;on&#8221; admin_label=&#8221;row&#8221; _builder_version=&#8221;4.8.2&#8243; background_size=&#8221;initial&#8221; background_position=&#8221;top_left&#8221; background_repeat=&#8221;repeat&#8221; custom_margin=&#8221;10px||||false|false&#8221; custom_padding=&#8221;0px|||&#8221; make_fullwidth=&#8221;off&#8221; use_custom_width=&#8221;off&#8221; width_unit=&#8221;on&#8221; custom_width_px=&#8221;1080&#8243; custom_width_percent=&#8221;80&#8243;][et_pb_column type=&#8221;1_3&#8243; _builder_version=&#8221;3.25&#8243; custom_padding=&#8221;|||&#8221; custom_padding__hover=&#8221;|||&#8221;][\/et_pb_column][et_pb_column type=&#8221;2_3&#8243; _builder_version=&#8221;3.25&#8243; custom_padding=&#8221;|||&#8221; custom_padding__hover=&#8221;|||&#8221;][et_pb_text admin_label=&#8221;Blocco testo 1&#8243; _builder_version=&#8221;4.8.2&#8243; text_font=&#8221;PT Sans||||||||&#8221; text_text_color=&#8221;#363636&#8243; text_font_size=&#8221;20&#8243; text_letter_spacing=&#8221;0&#8243; text_line_height=&#8221;1.2em&#8221; header_font_size=&#8221;30&#8243; header_letter_spacing=&#8221;0&#8243; header_line_height=&#8221;1&#8243; background_size=&#8221;initial&#8221; background_position=&#8221;top_left&#8221; background_repeat=&#8221;repeat&#8221; max_width=&#8221;620px&#8221; custom_margin=&#8221;0px||0px||false|false&#8221; custom_padding=&#8221;||0px|||&#8221; hover_enabled=&#8221;0&#8243; text_font_size_tablet=&#8221;&#8221; text_font_size_phone=&#8221;&#8221; text_font_size_last_edited=&#8221;on|tablet&#8221; use_border_color=&#8221;off&#8221; border_color=&#8221;#ffffff&#8221; border_width=&#8221;1&#8243; border_style=&#8221;solid&#8221; sticky_enabled=&#8221;0&#8243;]<\/p>\n<h3>Valeria Lorenzelli: progettare comunit\u00e0, attivare visioni<\/h3>\n<p><em>District Manager Uptown Milano \u2013 Responsabile Marketing Near Res Srl<\/em><\/p>\n<p><span style=\"color: #800000;\"><strong>Origini e scintilla iniziale: la sperimentazione come metodo<\/strong><\/span><\/p>\n<p>Il percorso di Valeria Lorenzelli \u00e8 caratterizzato sin da bambina dal <strong>gusto per la sperimentazione<\/strong> come metodo di lavoro e di pensiero. \u00c8 un imprinting che poi non l\u2019abbandona pi\u00f9.\u00a0Studia urbanistica al Politecnico di Milano, ma la disciplina, presa da sola, le va stretta fin da subito. C&#8217;\u00e8 gi\u00e0, in quegli anni, una spinta a contaminare i linguaggi, a non restare dentro un solo confine.<\/p>\n<p>L&#8217;esperienza nell\u2019unit\u00e0 urbanistica di Confcommercio \u00e8 la prima palestra vera, in cui impara ad<strong> ascoltare i territori, a costruire ponti<\/strong> tra istituzioni e comunit\u00e0, a fare un lavoro capillare. Ed \u00e8 l\u00ec che affina la capacit\u00e0 di progettare visioni a partire dai bisogni concreti.<\/p>\n<p><span style=\"color: #800000;\"><strong>Sfide e stereotipi di genere: resistere e ridefinire il proprio spazio<\/strong><\/span><\/p>\n<p>A venticinque anni \u00e8 <strong>vittima di gravi comportamenti di mobbing<\/strong>, senza che nessuno intervenga o la sostenga. Con un senso di sgomento difficile da contenere, si trova a dover respingere richieste a sfondo sessuale da parte di un superiore, allusioni e pretese che nulla hanno a che vedere con il lavoro e, al suo rifiuto, seguono ostacoli, velate ritorsioni, tentativi di colpevolizzazione e una progressiva, mortificante svalutazione.<\/p>\n<p>Una ferita che la spinge verso la libera professione, ma che porta con s\u00e9 anche una consapevolezza pi\u00f9 dura da digerire: ossia il fatto che il sistema, in certi contesti, non sia affatto neutro. Nel settore immobiliare e urbanistico, il peso si fa ancora pi\u00f9 concreto. \u00ab<em><strong>Fare la libera professionista da donna significa dover fare cinque volte quello che gli altri fanno una volta sola\u00bb<\/strong>.<\/em><\/p>\n<p>Le parole di Valeria ricordano subito quelle di Charlotte Whitton: \u00ab<em>Le donne devono fare qualunque cosa due volte meglio degli uomini per essere giudicate brave la met\u00e0. Per fortuna non \u00e8 difficile\u00bb<\/em>. \u00c8 una visione forse cinica, ma la crescita personale e professionale di Valeria denota anche la sua capacit\u00e0 di rimanere fedele a se stessa, di non cedere su ci\u00f2 che conta, di ridefinire il proprio spazio senza chiedere il permesso.<\/p>\n<p>[\/et_pb_text][\/et_pb_column][\/et_pb_row][et_pb_row _builder_version=&#8221;4.8.2&#8243; _module_preset=&#8221;default&#8221;][et_pb_column type=&#8221;4_4&#8243; _builder_version=&#8221;4.8.2&#8243; _module_preset=&#8221;default&#8221;][et_pb_divider _builder_version=&#8221;4.8.2&#8243; _module_preset=&#8221;default&#8221;][\/et_pb_divider][\/et_pb_column][\/et_pb_row][et_pb_row column_structure=&#8221;1_2,1_2&#8243; padding_mobile=&#8221;on&#8221; column_padding_mobile=&#8221;on&#8221; admin_label=&#8221;row&#8221; _builder_version=&#8221;4.8.2&#8243; background_size=&#8221;initial&#8221; background_position=&#8221;top_left&#8221; background_repeat=&#8221;repeat&#8221; custom_margin=&#8221;10px||||false|false&#8221; custom_padding=&#8221;0px|||&#8221; make_fullwidth=&#8221;off&#8221; use_custom_width=&#8221;off&#8221; width_unit=&#8221;on&#8221; custom_width_px=&#8221;1080&#8243; custom_width_percent=&#8221;80&#8243;][et_pb_column type=&#8221;1_2&#8243; _builder_version=&#8221;3.25&#8243; custom_padding=&#8221;|||&#8221; custom_padding__hover=&#8221;|||&#8221;][et_pb_image src=&#8221;https:\/\/www.museofratellicozzi.com\/news\/wp-content\/uploads\/2026\/04\/Foto-Paparella-16.jpg&#8221; title_text=&#8221;Valeria Lorenzelli&#8221; _builder_version=&#8221;4.8.2&#8243; _module_preset=&#8221;default&#8221;][\/et_pb_image][et_pb_text _builder_version=&#8221;4.8.2&#8243; _module_preset=&#8221;default&#8221;]<\/p>\n<p>Valeria Lorenzelli ed Elisabetta Cozzi\u00a0<\/p>\n<p>[\/et_pb_text][\/et_pb_column][et_pb_column type=&#8221;1_2&#8243; _builder_version=&#8221;3.25&#8243; custom_padding=&#8221;|||&#8221; custom_padding__hover=&#8221;|||&#8221;][et_pb_image src=&#8221;https:\/\/www.museofratellicozzi.com\/news\/wp-content\/uploads\/2026\/04\/Foto-Paparella-14.jpg&#8221; title_text=&#8221;Foto Paparella (14)&#8221; _builder_version=&#8221;4.8.2&#8243; _module_preset=&#8221;default&#8221;][\/et_pb_image][et_pb_text _builder_version=&#8221;4.8.2&#8243; _module_preset=&#8221;default&#8221;]<\/p>\n<p>Valeria Lorenzelli<\/p>\n<p>[\/et_pb_text][\/et_pb_column][\/et_pb_row][et_pb_row column_structure=&#8221;1_3,2_3&#8243; padding_mobile=&#8221;on&#8221; column_padding_mobile=&#8221;on&#8221; admin_label=&#8221;row&#8221; _builder_version=&#8221;4.8.2&#8243; background_size=&#8221;initial&#8221; background_position=&#8221;top_left&#8221; background_repeat=&#8221;repeat&#8221; custom_margin=&#8221;10px||||false|false&#8221; custom_padding=&#8221;0px|||&#8221; make_fullwidth=&#8221;off&#8221; use_custom_width=&#8221;off&#8221; width_unit=&#8221;on&#8221; custom_width_px=&#8221;1080&#8243; custom_width_percent=&#8221;80&#8243;][et_pb_column type=&#8221;1_3&#8243; _builder_version=&#8221;3.25&#8243; custom_padding=&#8221;|||&#8221; custom_padding__hover=&#8221;|||&#8221;][\/et_pb_column][et_pb_column type=&#8221;2_3&#8243; _builder_version=&#8221;3.25&#8243; custom_padding=&#8221;|||&#8221; custom_padding__hover=&#8221;|||&#8221;][et_pb_text admin_label=&#8221;Blocco testo 1&#8243; _builder_version=&#8221;4.8.2&#8243; text_font=&#8221;PT Sans||||||||&#8221; text_text_color=&#8221;#363636&#8243; text_font_size=&#8221;20&#8243; text_letter_spacing=&#8221;0&#8243; text_line_height=&#8221;1.2em&#8221; header_font_size=&#8221;30&#8243; header_letter_spacing=&#8221;0&#8243; header_line_height=&#8221;1&#8243; background_size=&#8221;initial&#8221; background_position=&#8221;top_left&#8221; background_repeat=&#8221;repeat&#8221; max_width=&#8221;620px&#8221; custom_margin=&#8221;0px||0px||false|false&#8221; custom_padding=&#8221;||0px|||&#8221; text_font_size_tablet=&#8221;&#8221; text_font_size_phone=&#8221;&#8221; text_font_size_last_edited=&#8221;on|tablet&#8221; use_border_color=&#8221;off&#8221; border_color=&#8221;#ffffff&#8221; border_width=&#8221;1&#8243; border_style=&#8221;solid&#8221;]<\/p>\n<p><span style=\"color: #800000;\"><strong>Valori e visione personale: etica, comunit\u00e0 e senso del progetto<\/strong><\/span><\/p>\n<p>Il filo che attraversa tutto il suo lavoro \u00e8 etico, prima ancora che tecnico. Fare cose che abbiano valore e senso non \u00e8 per Valeria un principio astratto da enunciare, ma un criterio operativo da applicare ogni volta che si prende una decisione. Il progetto UpTown Milano lo dimostra meglio di qualsiasi dichiarazione. In esso, il marketing immobiliare diventa un modo per costruire identit\u00e0, relazioni, appartenenza. \u00ab<strong><em>Un marketing etico, autentico e fattivo, non solo slogan<\/em><\/strong>\u00bb.<\/p>\n<p>Attorno a questo principio si dispiegano eventi, iniziative culturali, attivit\u00e0 per famiglie, attenzione al verde e alla biodiversit\u00e0. Lo spazio urbano non \u00e8 un contenitore, ma un organismo che vive se c&#8217;\u00e8 una comunit\u00e0 a tenerlo in vita e quella comunit\u00e0 non \u00e8 un effetto collaterale del progetto ma \u00e8 IL PROGETTO.<\/p>\n<p><span style=\"color: #800000;\"><strong>Momenti di svolta e resilienza: trasformare le crisi in direzione<\/strong><\/span><\/p>\n<p>Nel 2017 entra in EuroMilano (dal 2026 Near Res) con un compito preciso:<strong> costruire un quartiere a partire da un foglio bianco<\/strong>. \u00c8 il contesto in cui il suo approccio trova la sua forma pi\u00f9 compiuta, nell\u2019attivare spazi, generare partecipazione, dare senso a un luogo prima ancora che esista davvero. Poi arriva il lockdown, e invece di fermarsi, reinventa.<\/p>\n<p>Le <strong><em>100 sedie rosse<\/em>\u00a0<\/strong>nascono come strumento di distanziamento e diventano qualcosa di pi\u00f9, un luogo di incontro, un presidio educativo, un simbolo contro la violenza di genere. Un piccolo esempio di come la progettazione etica sia fattibile e non aleatoria e di come sappia adattarsi senza perdere la rotta. Nel frattempo, nella vita privata, la scelta di <strong>prendere in affido una ragazza adolescente<\/strong> racconta la stessa coerenza, mostrando una visione della cura che non resta a parole, ma si traduce in responsabilit\u00e0 quotidiana.<\/p>\n<p><span style=\"color: #800000;\"><strong>HeForShe: alleanze, sostenibilit\u00e0 e futuro condiviso<\/strong><\/span><\/p>\n<p>Come afferma fermamente la mostra \u201cDonne e Motori? Gioie e basta\u201d, anche per Valeria, il cambiamento non si costruisce da soli. Tra le figure che hanno segnato il suo percorso c&#8217;\u00e8 un uomo che,<strong> in un ambiente non sempre favorevole, ha scelto di creare condizioni di equit\u00e0 reale<\/strong>, dando spazio alle persone indipendentemente dal genere.<\/p>\n<p>Un gesto che lei riconosce come raro e che indica una direzione. Il tema non appartiene solo alle donne, \u00e8 una questione sistemica. Sul fronte della sostenibilit\u00e0, il ragionamento \u00e8 altrettanto netto e fare le cose bene, con una visione di lungo periodo, non \u00e8 semplice idealismo, ma \u00e8 buon senso. Il degrado urbano nasce quasi sempre dalla mancanza di chi si prender\u00e0 cura di uno spazio nel tempo. Progettare significa anche questo, pensare a chi verr\u00e0 dopo.<\/p>\n<p>[\/et_pb_text][\/et_pb_column][\/et_pb_row][et_pb_row padding_mobile=&#8221;on&#8221; column_padding_mobile=&#8221;on&#8221; admin_label=&#8221;row&#8221; _builder_version=&#8221;4.8.2&#8243; background_size=&#8221;initial&#8221; background_position=&#8221;top_left&#8221; background_repeat=&#8221;repeat&#8221; custom_margin=&#8221;10px||||false|false&#8221; custom_padding=&#8221;0px|||&#8221; make_fullwidth=&#8221;off&#8221; use_custom_width=&#8221;off&#8221; width_unit=&#8221;on&#8221; custom_width_px=&#8221;1080&#8243; custom_width_percent=&#8221;80&#8243;][et_pb_column type=&#8221;4_4&#8243; _builder_version=&#8221;3.25&#8243; custom_padding=&#8221;|||&#8221; custom_padding__hover=&#8221;|||&#8221;][et_pb_divider _builder_version=&#8221;4.8.2&#8243; _module_preset=&#8221;default&#8221;][\/et_pb_divider][\/et_pb_column][\/et_pb_row][et_pb_row _builder_version=&#8221;4.8.2&#8243; _module_preset=&#8221;default&#8221;][et_pb_column type=&#8221;4_4&#8243; _builder_version=&#8221;4.8.2&#8243; _module_preset=&#8221;default&#8221;][et_pb_image src=&#8221;https:\/\/www.museofratellicozzi.com\/news\/wp-content\/uploads\/2026\/04\/You-Tube-SEMPIONE-57.jpg&#8221; title_text=&#8221;Attilio di Cunto&#8221; _builder_version=&#8221;4.8.2&#8243; _module_preset=&#8221;default&#8221;][\/et_pb_image][et_pb_text _builder_version=&#8221;4.8.2&#8243; _module_preset=&#8221;default&#8221;]<\/p>\n<p>Attilio Di Cunto<\/p>\n<p>[\/et_pb_text][\/et_pb_column][\/et_pb_row][et_pb_row column_structure=&#8221;1_3,2_3&#8243; padding_mobile=&#8221;on&#8221; column_padding_mobile=&#8221;on&#8221; admin_label=&#8221;row&#8221; _builder_version=&#8221;4.8.2&#8243; background_size=&#8221;initial&#8221; background_position=&#8221;top_left&#8221; background_repeat=&#8221;repeat&#8221; custom_margin=&#8221;10px||||false|false&#8221; custom_padding=&#8221;0px|||&#8221; make_fullwidth=&#8221;off&#8221; use_custom_width=&#8221;off&#8221; width_unit=&#8221;on&#8221; custom_width_px=&#8221;1080&#8243; custom_width_percent=&#8221;80&#8243;][et_pb_column type=&#8221;1_3&#8243; _builder_version=&#8221;3.25&#8243; custom_padding=&#8221;|||&#8221; custom_padding__hover=&#8221;|||&#8221;][\/et_pb_column][et_pb_column type=&#8221;2_3&#8243; _builder_version=&#8221;3.25&#8243; custom_padding=&#8221;|||&#8221; custom_padding__hover=&#8221;|||&#8221;][et_pb_text admin_label=&#8221;Blocco testo 1&#8243; _builder_version=&#8221;4.8.2&#8243; text_font=&#8221;PT Sans||||&#8221; text_text_color=&#8221;#363636&#8243; text_font_size=&#8221;20&#8243; text_letter_spacing=&#8221;0&#8243; text_line_height=&#8221;1.2em&#8221; header_font_size=&#8221;30&#8243; header_letter_spacing=&#8221;0&#8243; header_line_height=&#8221;1&#8243; background_size=&#8221;initial&#8221; background_position=&#8221;top_left&#8221; background_repeat=&#8221;repeat&#8221; max_width=&#8221;620px&#8221; custom_margin=&#8221;0px||0px||false|false&#8221; text_font_size_tablet=&#8221;&#8221; text_font_size_phone=&#8221;&#8221; text_font_size_last_edited=&#8221;on|tablet&#8221; use_border_color=&#8221;off&#8221; border_color=&#8221;#ffffff&#8221; border_width=&#8221;1&#8243; border_style=&#8221;solid&#8221;]<\/p>\n<h3>Attilio Di Cunto: leadership, visione e responsabilit\u00e0 sociale nel costruire comunit\u00e0<\/h3>\n<p><em>CEO Near Res Srl<\/em><\/p>\n<p><span style=\"color: #800000;\"><strong>L&#8217;incontro: un percorso fuori dagli schemi<\/strong><\/span><\/p>\n<p>Il racconto di Attilio Di Cunto sicuramente non segue una traiettoria dritta. Somiglia piuttosto al circuito del Mugello, e la scelta dell\u2019autodromo toscano come paragone non \u00e8 casuale. La formazione in scienze economiche e bancarie a Siena si intreccia presto con una passione per l&#8217;agroalimentare, coltivata lavorando in quel settore gi\u00e0 durante gli anni universitari.<\/p>\n<p>Un legame con le radici che non scomparir\u00e0 mai del tutto, nemmeno quando il percorso lo porta lontano. Dalle assicurazioni alla consulenza in Arthur Andersen, poi alla Fondazione Monte dei Paschi, fino alla guida di EuroMilano, attraversando contesti diversi, spesso complessi, in cui Attilio ha costruito un profilo manageriale capace di tenere insieme <strong>rigore analitico e visione strategica<\/strong>.\u00a0A unire tutto c&#8217;\u00e8 una costante, che parlando con lui si legge nella ricerca di un senso nel lavoro, la tendenza a <strong>scegliere strade non obbligate.<\/strong><\/p>\n<p><span style=\"color: #800000;\"><strong>La riflessione: costruire citt\u00e0 per le persone<\/strong><\/span><\/p>\n<p>Dietro ogni progetto di rigenerazione urbana, una domanda c&#8217;\u00e8 la di fondo:<strong> per chi lo stiamo facendo<\/strong>? La risposta non \u00e8 mai solo economica. \u00ab<em>La rigenerazione urbana \u00e8 progettata per le persone che vanno ad abitare i luoghi, che devono essere pensati non per profitto ma per essere accoglienti e funzionali<\/em>\u00bb. Una posizione che suona quasi controcorrente in un settore dove i margini tendono a guidare le scelte, ma che per Attilio \u00e8 semplicemente il punto di partenza.<\/p>\n<p>In questa visione la citt\u00e0 \u00e8 un organismo vivo e non un insieme di metrature da valorizzare. <strong>Mixit\u00e9 sociale e culturale, sostenibilit\u00e0, senso di appartenenza<\/strong>, sono i criteri con cui valuta un progetto prima ancora di ragionare sui numeri. Questo \u00e8 un approccio in cui il valore delle persone, delle loro relazioni e dei loro bisogni, precede sempre quello delle strutture.<\/p>\n<p>[\/et_pb_text][\/et_pb_column][\/et_pb_row][et_pb_row column_structure=&#8221;1_3,2_3&#8243; _builder_version=&#8221;4.8.2&#8243; _module_preset=&#8221;default&#8221;][et_pb_column type=&#8221;1_3&#8243; _builder_version=&#8221;4.8.2&#8243; _module_preset=&#8221;default&#8221;][\/et_pb_column][et_pb_column type=&#8221;2_3&#8243; _builder_version=&#8221;4.8.2&#8243; _module_preset=&#8221;default&#8221;][et_pb_image src=&#8221;https:\/\/www.museofratellicozzi.com\/news\/wp-content\/uploads\/2026\/04\/Foto-Paparella-15.jpg&#8221; title_text=&#8221;Foto Paparella (15)&#8221; _builder_version=&#8221;4.8.2&#8243; _module_preset=&#8221;default&#8221;][\/et_pb_image][et_pb_text _builder_version=&#8221;4.8.2&#8243; _module_preset=&#8221;default&#8221;]<\/p>\n<p>Attilio Di Cunto<\/p>\n<p>[\/et_pb_text][\/et_pb_column][\/et_pb_row][et_pb_row column_structure=&#8221;1_3,2_3&#8243; padding_mobile=&#8221;on&#8221; column_padding_mobile=&#8221;on&#8221; admin_label=&#8221;row&#8221; _builder_version=&#8221;4.8.2&#8243; background_size=&#8221;initial&#8221; background_position=&#8221;top_left&#8221; background_repeat=&#8221;repeat&#8221; custom_margin=&#8221;10px||||false|false&#8221; custom_padding=&#8221;0px|||&#8221; make_fullwidth=&#8221;off&#8221; use_custom_width=&#8221;off&#8221; width_unit=&#8221;on&#8221; custom_width_px=&#8221;1080&#8243; custom_width_percent=&#8221;80&#8243;][et_pb_column type=&#8221;1_3&#8243; _builder_version=&#8221;3.25&#8243; custom_padding=&#8221;|||&#8221; custom_padding__hover=&#8221;|||&#8221;][\/et_pb_column][et_pb_column type=&#8221;2_3&#8243; _builder_version=&#8221;3.25&#8243; custom_padding=&#8221;|||&#8221; custom_padding__hover=&#8221;|||&#8221;][et_pb_text admin_label=&#8221;Blocco testo 1&#8243; _builder_version=&#8221;4.8.2&#8243; text_font=&#8221;PT Sans||||&#8221; text_text_color=&#8221;#363636&#8243; text_font_size=&#8221;20&#8243; text_letter_spacing=&#8221;0&#8243; text_line_height=&#8221;1.2em&#8221; header_font_size=&#8221;30&#8243; header_letter_spacing=&#8221;0&#8243; header_line_height=&#8221;1&#8243; background_size=&#8221;initial&#8221; background_position=&#8221;top_left&#8221; background_repeat=&#8221;repeat&#8221; max_width=&#8221;620px&#8221; custom_margin=&#8221;0px||0px||false|false&#8221; text_font_size_tablet=&#8221;&#8221; text_font_size_phone=&#8221;&#8221; text_font_size_last_edited=&#8221;on|tablet&#8221; use_border_color=&#8221;off&#8221; border_color=&#8221;#ffffff&#8221; border_width=&#8221;1&#8243; border_style=&#8221;solid&#8221;]<\/p>\n<p><span style=\"color: #800000;\"><strong> Dal pensare al fare: leadership nel momento della pressione<\/strong><\/span><\/p>\n<p>Ci sono passaggi nella carriera di Attilio in cui la posta in gioco era alta e le certezze poche. La<strong> crisi del Monte dei Paschi<\/strong> \u00e8 uno di questi, un periodo che lui stesso ricorda come una guerra combattuta su pi\u00f9 fronti. \u00ab<em>Ci sono state molte situazioni in cui la partita era persa\u2026 il fatto di inventarsi strategie era l&#8217;unico modo per riuscire a superare quelle guerre<\/em>\u00bb.<\/p>\n<p>Questa stessa capacit\u00e0 di agire sotto pressione si ritrova nel modo in cui ha costruito le sue organizzazioni. Da quando \u00e8 amministratore delegato, ha portato la <strong>presenza femminile a rappresentare pi\u00f9 del cinquanta per cento della popolazione aziendale<\/strong>, con donne anche in ruoli apicali. Un dato che potrebbe rappresentare un merito da esibire, eppure lui me lo snocciola come il risultato naturale di una scelta precisa, quella di valutare i talenti per ci\u00f2 che sono e non per il genere di chi li porta.<\/p>\n<p><span style=\"color: #800000;\"><strong>HeForShe, il motore dell&#8217;alleanza: il motore dell&#8217;alleanza<\/strong><\/span><\/p>\n<p>Testimonial della mostra per una posizione, anche, ideologica ma soprattutto per una convinzione maturata nel tempo e verificata nella pratica. <strong>Il cambiamento culturale nelle organizzazioni non arriva da solo<\/strong>, richiede che chi ha potere decisionale lo usi consapevolmente, e che lo faccia con continuit\u00e0, non solo quando conviene. \u00ab<em>\u00c8 fondamentale che l&#8217;uomo dia il suo contributo fattivo affinch\u00e9 le donne abbiano eguali possibilit\u00e0 ad ogni livello, soprattutto quando \u00e8 l\u2019uomo a decidere<\/em>\u00bb.<\/p>\n<p>Quindi il suo coinvolgimento nel progetto HeForShe non \u00e8 solo una scelta formale, ma si allinea perfettamente con lo sguardo etico che utilizza nel costruire spazi cittadini da lasciare in eredit\u00e0 a chi verr\u00e0 dopo. In un settore storicamente a dominanza maschile, la sua esperienza mostra che l&#8217;alleanza tra uomini e donne non \u00e8 soltanto uno slogan da apporre ai comunicati stampa, ma<strong> una pratica quotidiana fatta di scelte concrete, ascolto e, soprattutto, coerenza<\/strong> tra le parole e quello che succede davvero dentro un&#8217;organizzazione.<\/p>\n<p>&nbsp;<\/p>\n<p>[\/et_pb_text][\/et_pb_column][\/et_pb_row][et_pb_row _builder_version=&#8221;4.8.2&#8243; _module_preset=&#8221;default&#8221;][et_pb_column type=&#8221;4_4&#8243; _builder_version=&#8221;4.8.2&#8243; _module_preset=&#8221;default&#8221;][et_pb_divider _builder_version=&#8221;4.8.2&#8243; _module_preset=&#8221;default&#8221; custom_margin=&#8221;-2px|||||&#8221;][\/et_pb_divider][\/et_pb_column][\/et_pb_row][et_pb_row column_structure=&#8221;1_3,2_3&#8243; padding_mobile=&#8221;on&#8221; column_padding_mobile=&#8221;on&#8221; admin_label=&#8221;row&#8221; _builder_version=&#8221;4.8.2&#8243; background_size=&#8221;initial&#8221; background_position=&#8221;top_left&#8221; background_repeat=&#8221;repeat&#8221; custom_margin=&#8221;10px||||false|false&#8221; custom_padding=&#8221;0px|||&#8221; make_fullwidth=&#8221;off&#8221; use_custom_width=&#8221;off&#8221; width_unit=&#8221;on&#8221; custom_width_px=&#8221;1080&#8243; custom_width_percent=&#8221;80&#8243;][et_pb_column type=&#8221;1_3&#8243; _builder_version=&#8221;3.25&#8243; custom_padding=&#8221;|||&#8221; custom_padding__hover=&#8221;|||&#8221;][\/et_pb_column][et_pb_column type=&#8221;2_3&#8243; _builder_version=&#8221;3.25&#8243; custom_padding=&#8221;|||&#8221; custom_padding__hover=&#8221;|||&#8221;][et_pb_text admin_label=&#8221;Blocco testo 1&#8243; _builder_version=&#8221;4.8.2&#8243; text_font=&#8221;PT Sans||||&#8221; text_text_color=&#8221;#363636&#8243; text_font_size=&#8221;20&#8243; text_letter_spacing=&#8221;0&#8243; text_line_height=&#8221;1.2em&#8221; header_font_size=&#8221;30&#8243; header_letter_spacing=&#8221;0&#8243; header_line_height=&#8221;1&#8243; background_size=&#8221;initial&#8221; background_position=&#8221;top_left&#8221; background_repeat=&#8221;repeat&#8221; max_width=&#8221;620px&#8221; custom_margin=&#8221;0px||0px||false|false&#8221; text_font_size_tablet=&#8221;&#8221; text_font_size_phone=&#8221;&#8221; text_font_size_last_edited=&#8221;on|tablet&#8221; use_border_color=&#8221;off&#8221; border_color=&#8221;#ffffff&#8221; border_width=&#8221;1&#8243; border_style=&#8221;solid&#8221;]<\/p>\n<h2><strong>Vuoi ospitare la mostra? Ecco le info utili!<\/strong><\/h2>\n<p>La mostra <em>&#8220;Donne e Motori? Gioie e basta&#8221;<\/em> \u00e8 stata ideata per essere itinerante e per questo, come nelle precedenti edizioni,\u00a0gli scatti sono stati stampati in due copie su supporti ultraleggeri e le copie sono pronte a essere esposte nei<span>\u00a0<\/span><strong>palazzi istituzionali, nei luoghi di lavoro, nelle scuole e nelle biblioteche.\u00a0<\/strong><\/p>\n<p>In<span style=\"color: #800000;\"><a href=\"https:\/\/www.museofratellicozzi.com\/news\/donne-motori-nuovo-tour\/\" target=\"_blank\" rel=\"noopener noreferrer\" style=\"color: #800000;\"><strong> questo link<\/strong><\/a><\/span><a href=\"https:\/\/www.museofratellicozzi.com\/news\/donne-motori-nuovo-tour\/\" target=\"_blank\" rel=\"noopener noreferrer\"><strong><\/strong><\/a>\u00a0si trovano<span style=\"color: #800000;\">\u00a0<\/span>tutte le informazioni utili ed \u00e8 possibile vedere i luoghi in cui la mostra \u00e8 stata ospitata. Se qualche location \u00e8 stata d&#8217;ispirazione\u00a0e volete ospitare la mostra, potete contattarci alla mail <b><a href=\"mailto:info@museofratellicozzi.com\">info@museofratellicozzi.com.\u00a0<\/a>\u00a0<\/b><\/p>\n<p><b><span data-contrast=\"auto\">Vuoi saperne di pi\u00f9? <strong><a href=\"https:\/\/www.museofratellicozzi.com\/news\/donne-e-motori-gioie-e-basta-4-edizione-le-protagoniste\/\u00a0\" target=\"_blank\" rel=\"noopener noreferrer\">Clicca qui<\/a><\/strong><\/span><\/b><\/p>\n<p>[\/et_pb_text][\/et_pb_column][\/et_pb_row][et_pb_row padding_mobile=&#8221;on&#8221; column_padding_mobile=&#8221;on&#8221; admin_label=&#8221;row&#8221; _builder_version=&#8221;4.8.2&#8243; background_size=&#8221;initial&#8221; background_position=&#8221;top_left&#8221; background_repeat=&#8221;repeat&#8221; custom_margin=&#8221;10px||||false|false&#8221; custom_padding=&#8221;0px|||&#8221; make_fullwidth=&#8221;off&#8221; use_custom_width=&#8221;off&#8221; width_unit=&#8221;on&#8221; custom_width_px=&#8221;1080&#8243; custom_width_percent=&#8221;80&#8243;][et_pb_column type=&#8221;4_4&#8243; _builder_version=&#8221;3.25&#8243; custom_padding=&#8221;|||&#8221; custom_padding__hover=&#8221;|||&#8221;][et_pb_button button_url=&#8221;https:\/\/www.museofratellicozzi.com\/news\/donne-e-motori-gioie-e-basta-villano-vergara\/&#8221; url_new_window=&#8221;on&#8221; button_text=&#8221;Scopri i testimonial %22Donne e motori&#8217; Gioie e basta%22&#8243; button_alignment=&#8221;center&#8221; _builder_version=&#8221;4.8.2&#8243; _module_preset=&#8221;default&#8221; custom_button=&#8221;on&#8221; button_text_size=&#8221;29px&#8221; button_text_color=&#8221;#000000&#8243; button_bg_color=&#8221;#E02B20&#8243; button_border_width=&#8221;2px&#8221; button_border_color=&#8221;#FFFFFF&#8221; animation_style=&#8221;slide&#8221; box_shadow_style=&#8221;preset1&#8243;][\/et_pb_button][\/et_pb_column][\/et_pb_row][et_pb_row _builder_version=&#8221;4.8.2&#8243; _module_preset=&#8221;default&#8221; custom_margin=&#8221;|auto|2px|auto||&#8221;][et_pb_column type=&#8221;4_4&#8243; _builder_version=&#8221;4.8.2&#8243; _module_preset=&#8221;default&#8221;][et_pb_divider _builder_version=&#8221;4.8.2&#8243; _module_preset=&#8221;default&#8221;][\/et_pb_divider][\/et_pb_column][\/et_pb_row][et_pb_row column_structure=&#8221;2_5,3_5&#8243; _builder_version=&#8221;4.8.2&#8243; _module_preset=&#8221;default&#8221;][et_pb_column type=&#8221;2_5&#8243; _builder_version=&#8221;4.8.2&#8243; _module_preset=&#8221;default&#8221;][et_pb_gallery gallery_ids=&#8221;24478&#8243; show_title_and_caption=&#8221;off&#8221; show_pagination=&#8221;off&#8221; _builder_version=&#8221;4.8.2&#8243; _module_preset=&#8221;default&#8221;][\/et_pb_gallery][et_pb_text _builder_version=&#8221;4.8.2&#8243; _module_preset=&#8221;default&#8221;]<\/p>\n<p>Camilla Albertini &#8211; foto di Paolo Carlini<\/p>\n<p>[\/et_pb_text][\/et_pb_column][et_pb_column type=&#8221;3_5&#8243; _builder_version=&#8221;4.8.2&#8243; _module_preset=&#8221;default&#8221;][et_pb_text _builder_version=&#8221;4.8.2&#8243; _module_preset=&#8221;default&#8221;]<\/p>\n<h3>CAMILLA ALBERTINI<\/h3>\n<div><span><strong>Camilla Albertini<\/strong> \u00e8 fotografa, videomaker, illustratrice e giornalista. Nata a Milano, si \u00e8 laureata nel 2017 in fotografia presso l\u2019Istituto Europeo di Design e conta come freelance gi\u00e0 una lunga esperienza di lavoro in diversi ambiti: dallo still life in studio al reportage, dall\u2019automotive al corporate, dal ritratto al food. \u00c8 appassionata di disegno e di arti visive in genere. Ama viaggiare e cogliere nelle sue immagini l\u2019essenza dei luoghi con immagini mai scontate e di ricercata emozione. Con l\u2019occhio e il cuore sempre attenti alle tematiche femminili, ha realizzato nel 2019 un reportage sulle donne islandesi e nel 2022, 23, 24 e 25 una mostra fotografica, in collaborazione con il Museo Fratelli Cozzi, di ritratti di donne e automobili, per scardinare gli stereotipi legati a \u201cdonne e motori\u201d. Diverse le sue immagini e testi pubblicati nelle pagine del Corriere della sera di Milano e da riviste quali Quattroruote, Ruoteclassiche, Donna Moderna, Gardenia, il Bagno. Nel 2021, per Silvana Editoriale, ha pubblicato, con il collega Paolo Carlini, il libro fotografico \u201cItalia Cost to Coast\u201d.<\/span><\/div>\n<p>[\/et_pb_text][\/et_pb_column][\/et_pb_row][\/et_pb_section]<\/p>\n","protected":false},"excerpt":{"rendered":"<p>[et_pb_section fb_built=&#8221;1&#8243; admin_label=&#8221;Sezione&#8221; _builder_version=&#8221;4.8.2&#8243; custom_padding=&#8221;0px|||&#8221; transparent_background=&#8221;off&#8221; make_fullwidth=&#8221;off&#8221; use_custom_width=&#8221;off&#8221; width_unit=&#8221;on&#8221; custom_width_px=&#8221;1080&#8243; custom_width_percent=&#8221;80&#8243;][et_pb_row use_custom_gutter=&#8221;on&#8221; gutter_width=&#8221;1&#8243; disabled_on=&#8221;off|off|off&#8221; admin_label=&#8221;Riga&#8221; module_class=&#8221; et_pb_row_fullwidth&#8221; _builder_version=&#8221;3.25&#8243; background_size=&#8221;initial&#8221; background_position=&#8221;top_left&#8221; background_repeat=&#8221;repeat&#8221; width=&#8221;100%&#8221; width_tablet=&#8221;100%&#8221; width_phone=&#8221;&#8221; width_last_edited=&#8221;on|desktop&#8221; max_width=&#8221;100%&#8221; max_width_tablet=&#8221;100%&#8221; max_width_phone=&#8221;&#8221; max_width_last_edited=&#8221;on|desktop&#8221; custom_padding=&#8221;0px|||&#8221; make_fullwidth=&#8221;on&#8221; use_custom_width=&#8221;off&#8221; width_unit=&#8221;on&#8221; custom_width_px=&#8221;1080&#8243; custom_width_percent=&#8221;80&#8243;][et_pb_column type=&#8221;4_4&#8243; _builder_version=&#8221;3.25&#8243; custom_padding=&#8221;|||&#8221; custom_padding__hover=&#8221;|||&#8221;][et_pb_image src=&#8221;https:\/\/www.museofratellicozzi.com\/news\/wp-content\/uploads\/2026\/04\/You-Tube-SEMPIONE-55.jpg&#8221; title_text=&#8221;Lorenzelli Di Cunto&#8221; force_fullwidth=&#8221;on&#8221; align_tablet=&#8221;center&#8221; align_phone=&#8221;&#8221; align_last_edited=&#8221;on|desktop&#8221; admin_label=&#8221;Immagine principale&#8221; _builder_version=&#8221;4.8.2&#8243; animation=&#8221;off&#8221; sticky=&#8221;off&#8221; use_border_color=&#8221;off&#8221; border_color=&#8221;#ffffff&#8221; border_width=&#8221;1&#8243; [&hellip;]<\/p>\n","protected":false},"author":7,"featured_media":25944,"comment_status":"open","ping_status":"open","sticky":false,"template":"","format":"standard","meta":{"_et_pb_use_builder":"on","_et_pb_old_content":"","_et_gb_content_width":"","_jetpack_memberships_contains_paid_content":false,"footnotes":""},"categories":[1],"tags":[21,209,180,932,841,125,933,406,921],"class_list":["post-25935","post","type-post","status-publish","format-standard","has-post-thumbnail","hentry","category-senza-categoria","tag-alfa-romeo","tag-automotive","tag-cozzi","tag-di-cunto","tag-donne-e-motori","tag-heforshe","tag-lorenzelli","tag-museo-fratelli-cozzi","tag-united-nation","et-has-post-format-content","et_post_format-et-post-format-standard"],"yoast_head":"<!-- This site is optimized with the Yoast SEO plugin v26.8 - https:\/\/yoast.com\/product\/yoast-seo-wordpress\/ -->\n<title>&quot;Donne e motori? Gioie e basta &quot;Lorenzelli &amp; Di Cunto -<\/title>\n<meta name=\"description\" content=\"Prima di conoscere tutti i protagonisti della IV edizione della mostra &quot;Donne e motori? Gioie e basta&quot;: Valeria Lorenzelli &amp; Attilio Di Cunto\" \/>\n<meta name=\"robots\" content=\"index, follow, max-snippet:-1, max-image-preview:large, max-video-preview:-1\" \/>\n<link rel=\"canonical\" href=\"https:\/\/www.museofratellicozzi.com\/news\/donne-e-motori-gioie-e-basta-lorenzelli-di-cunto\/\" \/>\n<meta property=\"og:locale\" content=\"it_IT\" \/>\n<meta property=\"og:type\" content=\"article\" \/>\n<meta property=\"og:title\" content=\"&quot;Donne e motori? Gioie e basta &quot;Lorenzelli &amp; Di Cunto -\" \/>\n<meta property=\"og:description\" content=\"Prima di conoscere tutti i protagonisti della IV edizione della mostra &quot;Donne e motori? Gioie e basta&quot;: Valeria Lorenzelli &amp; Attilio Di Cunto\" \/>\n<meta property=\"og:url\" content=\"https:\/\/www.museofratellicozzi.com\/news\/donne-e-motori-gioie-e-basta-lorenzelli-di-cunto\/\" \/>\n<meta property=\"og:site_name\" content=\"eNews Museo Fratelli Cozzi\" \/>\n<meta property=\"article:published_time\" content=\"2026-04-28T15:48:34+00:00\" \/>\n<meta property=\"article:modified_time\" content=\"2026-04-29T21:42:21+00:00\" \/>\n<meta property=\"og:image\" content=\"https:\/\/www.museofratellicozzi.com\/news\/wp-content\/uploads\/2026\/04\/You-Tube-SEMPIONE-55.jpg\" \/>\n\t<meta property=\"og:image:width\" content=\"1920\" \/>\n\t<meta property=\"og:image:height\" content=\"1080\" \/>\n\t<meta property=\"og:image:type\" content=\"image\/jpeg\" \/>\n<meta name=\"author\" content=\"Elisabetta Cozzi\" \/>\n<meta name=\"twitter:card\" content=\"summary_large_image\" \/>\n<meta name=\"twitter:label1\" content=\"Scritto da\" \/>\n\t<meta name=\"twitter:data1\" content=\"Elisabetta Cozzi\" \/>\n\t<meta name=\"twitter:label2\" content=\"Tempo di lettura stimato\" \/>\n\t<meta name=\"twitter:data2\" content=\"10 minuti\" \/>\n<script type=\"application\/ld+json\" class=\"yoast-schema-graph\">{\"@context\":\"https:\/\/schema.org\",\"@graph\":[{\"@type\":\"Article\",\"@id\":\"https:\/\/www.museofratellicozzi.com\/news\/donne-e-motori-gioie-e-basta-lorenzelli-di-cunto\/#article\",\"isPartOf\":{\"@id\":\"https:\/\/www.museofratellicozzi.com\/news\/donne-e-motori-gioie-e-basta-lorenzelli-di-cunto\/\"},\"author\":{\"name\":\"Elisabetta Cozzi\",\"@id\":\"https:\/\/www.museofratellicozzi.com\/news\/#\/schema\/person\/3c2c242e79e59f9be7b62a0d9673e40d\"},\"headline\":\"&#8220;Donne e motori? Gioie e basta &#8220;Lorenzelli &#038; Di Cunto\",\"datePublished\":\"2026-04-28T15:48:34+00:00\",\"dateModified\":\"2026-04-29T21:42:21+00:00\",\"mainEntityOfPage\":{\"@id\":\"https:\/\/www.museofratellicozzi.com\/news\/donne-e-motori-gioie-e-basta-lorenzelli-di-cunto\/\"},\"wordCount\":4721,\"commentCount\":0,\"publisher\":{\"@id\":\"https:\/\/www.museofratellicozzi.com\/news\/#organization\"},\"image\":{\"@id\":\"https:\/\/www.museofratellicozzi.com\/news\/donne-e-motori-gioie-e-basta-lorenzelli-di-cunto\/#primaryimage\"},\"thumbnailUrl\":\"https:\/\/www.museofratellicozzi.com\/news\/wp-content\/uploads\/2026\/04\/You-Tube-SEMPIONE-55.jpg\",\"keywords\":[\"alfa romeo\",\"automotive\",\"cozzi\",\"Di Cunto\",\"donne e motori\",\"heforshe\",\"Lorenzelli\",\"Museo Fratelli Cozzi\",\"United Nation\"],\"inLanguage\":\"it-IT\",\"potentialAction\":[{\"@type\":\"CommentAction\",\"name\":\"Comment\",\"target\":[\"https:\/\/www.museofratellicozzi.com\/news\/donne-e-motori-gioie-e-basta-lorenzelli-di-cunto\/#respond\"]}]},{\"@type\":\"WebPage\",\"@id\":\"https:\/\/www.museofratellicozzi.com\/news\/donne-e-motori-gioie-e-basta-lorenzelli-di-cunto\/\",\"url\":\"https:\/\/www.museofratellicozzi.com\/news\/donne-e-motori-gioie-e-basta-lorenzelli-di-cunto\/\",\"name\":\"\\\"Donne e motori? Gioie e basta \\\"Lorenzelli & Di Cunto -\",\"isPartOf\":{\"@id\":\"https:\/\/www.museofratellicozzi.com\/news\/#website\"},\"primaryImageOfPage\":{\"@id\":\"https:\/\/www.museofratellicozzi.com\/news\/donne-e-motori-gioie-e-basta-lorenzelli-di-cunto\/#primaryimage\"},\"image\":{\"@id\":\"https:\/\/www.museofratellicozzi.com\/news\/donne-e-motori-gioie-e-basta-lorenzelli-di-cunto\/#primaryimage\"},\"thumbnailUrl\":\"https:\/\/www.museofratellicozzi.com\/news\/wp-content\/uploads\/2026\/04\/You-Tube-SEMPIONE-55.jpg\",\"datePublished\":\"2026-04-28T15:48:34+00:00\",\"dateModified\":\"2026-04-29T21:42:21+00:00\",\"description\":\"Prima di conoscere tutti i protagonisti della IV edizione della mostra \\\"Donne e motori? Gioie e basta\\\": Valeria Lorenzelli & Attilio Di Cunto\",\"breadcrumb\":{\"@id\":\"https:\/\/www.museofratellicozzi.com\/news\/donne-e-motori-gioie-e-basta-lorenzelli-di-cunto\/#breadcrumb\"},\"inLanguage\":\"it-IT\",\"potentialAction\":[{\"@type\":\"ReadAction\",\"target\":[\"https:\/\/www.museofratellicozzi.com\/news\/donne-e-motori-gioie-e-basta-lorenzelli-di-cunto\/\"]}]},{\"@type\":\"ImageObject\",\"inLanguage\":\"it-IT\",\"@id\":\"https:\/\/www.museofratellicozzi.com\/news\/donne-e-motori-gioie-e-basta-lorenzelli-di-cunto\/#primaryimage\",\"url\":\"https:\/\/www.museofratellicozzi.com\/news\/wp-content\/uploads\/2026\/04\/You-Tube-SEMPIONE-55.jpg\",\"contentUrl\":\"https:\/\/www.museofratellicozzi.com\/news\/wp-content\/uploads\/2026\/04\/You-Tube-SEMPIONE-55.jpg\",\"width\":1920,\"height\":1080},{\"@type\":\"BreadcrumbList\",\"@id\":\"https:\/\/www.museofratellicozzi.com\/news\/donne-e-motori-gioie-e-basta-lorenzelli-di-cunto\/#breadcrumb\",\"itemListElement\":[{\"@type\":\"ListItem\",\"position\":1,\"name\":\"Home\",\"item\":\"https:\/\/www.museofratellicozzi.com\/news\/\"},{\"@type\":\"ListItem\",\"position\":2,\"name\":\"&#8220;Donne e motori? Gioie e basta &#8220;Lorenzelli &#038; Di Cunto\"}]},{\"@type\":\"WebSite\",\"@id\":\"https:\/\/www.museofratellicozzi.com\/news\/#website\",\"url\":\"https:\/\/www.museofratellicozzi.com\/news\/\",\"name\":\"eNews Museo Fratelli Cozzi\",\"description\":\"Alfa Romeo: un mito che resiste al tempo\",\"publisher\":{\"@id\":\"https:\/\/www.museofratellicozzi.com\/news\/#organization\"},\"potentialAction\":[{\"@type\":\"SearchAction\",\"target\":{\"@type\":\"EntryPoint\",\"urlTemplate\":\"https:\/\/www.museofratellicozzi.com\/news\/?s={search_term_string}\"},\"query-input\":{\"@type\":\"PropertyValueSpecification\",\"valueRequired\":true,\"valueName\":\"search_term_string\"}}],\"inLanguage\":\"it-IT\"},{\"@type\":\"Organization\",\"@id\":\"https:\/\/www.museofratellicozzi.com\/news\/#organization\",\"name\":\"Museo Fratelli Cozzi\",\"url\":\"https:\/\/www.museofratellicozzi.com\/news\/\",\"logo\":{\"@type\":\"ImageObject\",\"inLanguage\":\"it-IT\",\"@id\":\"https:\/\/www.museofratellicozzi.com\/news\/#\/schema\/logo\/image\/\",\"url\":\"https:\/\/www.museofratellicozzi.com\/news\/wp-content\/uploads\/2017\/04\/home.png\",\"contentUrl\":\"https:\/\/www.museofratellicozzi.com\/news\/wp-content\/uploads\/2017\/04\/home.png\",\"width\":497,\"height\":512,\"caption\":\"Museo Fratelli Cozzi\"},\"image\":{\"@id\":\"https:\/\/www.museofratellicozzi.com\/news\/#\/schema\/logo\/image\/\"}},{\"@type\":\"Person\",\"@id\":\"https:\/\/www.museofratellicozzi.com\/news\/#\/schema\/person\/3c2c242e79e59f9be7b62a0d9673e40d\",\"name\":\"Elisabetta Cozzi\",\"image\":{\"@type\":\"ImageObject\",\"inLanguage\":\"it-IT\",\"@id\":\"https:\/\/www.museofratellicozzi.com\/news\/#\/schema\/person\/image\/\",\"url\":\"https:\/\/secure.gravatar.com\/avatar\/a761e7642145a4506dbd3685a69db0fc?s=96&d=mm&r=g\",\"contentUrl\":\"https:\/\/secure.gravatar.com\/avatar\/a761e7642145a4506dbd3685a69db0fc?s=96&d=mm&r=g\",\"caption\":\"Elisabetta Cozzi\"}}]}<\/script>\n<!-- \/ Yoast SEO plugin. -->","yoast_head_json":{"title":"\"Donne e motori? Gioie e basta \"Lorenzelli & Di Cunto -","description":"Prima di conoscere tutti i protagonisti della IV edizione della mostra \"Donne e motori? Gioie e basta\": Valeria Lorenzelli & Attilio Di Cunto","robots":{"index":"index","follow":"follow","max-snippet":"max-snippet:-1","max-image-preview":"max-image-preview:large","max-video-preview":"max-video-preview:-1"},"canonical":"https:\/\/www.museofratellicozzi.com\/news\/donne-e-motori-gioie-e-basta-lorenzelli-di-cunto\/","og_locale":"it_IT","og_type":"article","og_title":"\"Donne e motori? Gioie e basta \"Lorenzelli & Di Cunto -","og_description":"Prima di conoscere tutti i protagonisti della IV edizione della mostra \"Donne e motori? Gioie e basta\": Valeria Lorenzelli & Attilio Di Cunto","og_url":"https:\/\/www.museofratellicozzi.com\/news\/donne-e-motori-gioie-e-basta-lorenzelli-di-cunto\/","og_site_name":"eNews Museo Fratelli Cozzi","article_published_time":"2026-04-28T15:48:34+00:00","article_modified_time":"2026-04-29T21:42:21+00:00","og_image":[{"width":1920,"height":1080,"url":"https:\/\/www.museofratellicozzi.com\/news\/wp-content\/uploads\/2026\/04\/You-Tube-SEMPIONE-55.jpg","type":"image\/jpeg"}],"author":"Elisabetta Cozzi","twitter_card":"summary_large_image","twitter_misc":{"Scritto da":"Elisabetta Cozzi","Tempo di lettura stimato":"10 minuti"},"schema":{"@context":"https:\/\/schema.org","@graph":[{"@type":"Article","@id":"https:\/\/www.museofratellicozzi.com\/news\/donne-e-motori-gioie-e-basta-lorenzelli-di-cunto\/#article","isPartOf":{"@id":"https:\/\/www.museofratellicozzi.com\/news\/donne-e-motori-gioie-e-basta-lorenzelli-di-cunto\/"},"author":{"name":"Elisabetta Cozzi","@id":"https:\/\/www.museofratellicozzi.com\/news\/#\/schema\/person\/3c2c242e79e59f9be7b62a0d9673e40d"},"headline":"&#8220;Donne e motori? Gioie e basta &#8220;Lorenzelli &#038; Di Cunto","datePublished":"2026-04-28T15:48:34+00:00","dateModified":"2026-04-29T21:42:21+00:00","mainEntityOfPage":{"@id":"https:\/\/www.museofratellicozzi.com\/news\/donne-e-motori-gioie-e-basta-lorenzelli-di-cunto\/"},"wordCount":4721,"commentCount":0,"publisher":{"@id":"https:\/\/www.museofratellicozzi.com\/news\/#organization"},"image":{"@id":"https:\/\/www.museofratellicozzi.com\/news\/donne-e-motori-gioie-e-basta-lorenzelli-di-cunto\/#primaryimage"},"thumbnailUrl":"https:\/\/www.museofratellicozzi.com\/news\/wp-content\/uploads\/2026\/04\/You-Tube-SEMPIONE-55.jpg","keywords":["alfa romeo","automotive","cozzi","Di Cunto","donne e motori","heforshe","Lorenzelli","Museo Fratelli Cozzi","United Nation"],"inLanguage":"it-IT","potentialAction":[{"@type":"CommentAction","name":"Comment","target":["https:\/\/www.museofratellicozzi.com\/news\/donne-e-motori-gioie-e-basta-lorenzelli-di-cunto\/#respond"]}]},{"@type":"WebPage","@id":"https:\/\/www.museofratellicozzi.com\/news\/donne-e-motori-gioie-e-basta-lorenzelli-di-cunto\/","url":"https:\/\/www.museofratellicozzi.com\/news\/donne-e-motori-gioie-e-basta-lorenzelli-di-cunto\/","name":"\"Donne e motori? Gioie e basta \"Lorenzelli & Di Cunto -","isPartOf":{"@id":"https:\/\/www.museofratellicozzi.com\/news\/#website"},"primaryImageOfPage":{"@id":"https:\/\/www.museofratellicozzi.com\/news\/donne-e-motori-gioie-e-basta-lorenzelli-di-cunto\/#primaryimage"},"image":{"@id":"https:\/\/www.museofratellicozzi.com\/news\/donne-e-motori-gioie-e-basta-lorenzelli-di-cunto\/#primaryimage"},"thumbnailUrl":"https:\/\/www.museofratellicozzi.com\/news\/wp-content\/uploads\/2026\/04\/You-Tube-SEMPIONE-55.jpg","datePublished":"2026-04-28T15:48:34+00:00","dateModified":"2026-04-29T21:42:21+00:00","description":"Prima di conoscere tutti i protagonisti della IV edizione della mostra \"Donne e motori? Gioie e basta\": Valeria Lorenzelli & Attilio Di Cunto","breadcrumb":{"@id":"https:\/\/www.museofratellicozzi.com\/news\/donne-e-motori-gioie-e-basta-lorenzelli-di-cunto\/#breadcrumb"},"inLanguage":"it-IT","potentialAction":[{"@type":"ReadAction","target":["https:\/\/www.museofratellicozzi.com\/news\/donne-e-motori-gioie-e-basta-lorenzelli-di-cunto\/"]}]},{"@type":"ImageObject","inLanguage":"it-IT","@id":"https:\/\/www.museofratellicozzi.com\/news\/donne-e-motori-gioie-e-basta-lorenzelli-di-cunto\/#primaryimage","url":"https:\/\/www.museofratellicozzi.com\/news\/wp-content\/uploads\/2026\/04\/You-Tube-SEMPIONE-55.jpg","contentUrl":"https:\/\/www.museofratellicozzi.com\/news\/wp-content\/uploads\/2026\/04\/You-Tube-SEMPIONE-55.jpg","width":1920,"height":1080},{"@type":"BreadcrumbList","@id":"https:\/\/www.museofratellicozzi.com\/news\/donne-e-motori-gioie-e-basta-lorenzelli-di-cunto\/#breadcrumb","itemListElement":[{"@type":"ListItem","position":1,"name":"Home","item":"https:\/\/www.museofratellicozzi.com\/news\/"},{"@type":"ListItem","position":2,"name":"&#8220;Donne e motori? Gioie e basta &#8220;Lorenzelli &#038; Di Cunto"}]},{"@type":"WebSite","@id":"https:\/\/www.museofratellicozzi.com\/news\/#website","url":"https:\/\/www.museofratellicozzi.com\/news\/","name":"eNews Museo Fratelli Cozzi","description":"Alfa Romeo: un mito che resiste al tempo","publisher":{"@id":"https:\/\/www.museofratellicozzi.com\/news\/#organization"},"potentialAction":[{"@type":"SearchAction","target":{"@type":"EntryPoint","urlTemplate":"https:\/\/www.museofratellicozzi.com\/news\/?s={search_term_string}"},"query-input":{"@type":"PropertyValueSpecification","valueRequired":true,"valueName":"search_term_string"}}],"inLanguage":"it-IT"},{"@type":"Organization","@id":"https:\/\/www.museofratellicozzi.com\/news\/#organization","name":"Museo Fratelli Cozzi","url":"https:\/\/www.museofratellicozzi.com\/news\/","logo":{"@type":"ImageObject","inLanguage":"it-IT","@id":"https:\/\/www.museofratellicozzi.com\/news\/#\/schema\/logo\/image\/","url":"https:\/\/www.museofratellicozzi.com\/news\/wp-content\/uploads\/2017\/04\/home.png","contentUrl":"https:\/\/www.museofratellicozzi.com\/news\/wp-content\/uploads\/2017\/04\/home.png","width":497,"height":512,"caption":"Museo Fratelli Cozzi"},"image":{"@id":"https:\/\/www.museofratellicozzi.com\/news\/#\/schema\/logo\/image\/"}},{"@type":"Person","@id":"https:\/\/www.museofratellicozzi.com\/news\/#\/schema\/person\/3c2c242e79e59f9be7b62a0d9673e40d","name":"Elisabetta Cozzi","image":{"@type":"ImageObject","inLanguage":"it-IT","@id":"https:\/\/www.museofratellicozzi.com\/news\/#\/schema\/person\/image\/","url":"https:\/\/secure.gravatar.com\/avatar\/a761e7642145a4506dbd3685a69db0fc?s=96&d=mm&r=g","contentUrl":"https:\/\/secure.gravatar.com\/avatar\/a761e7642145a4506dbd3685a69db0fc?s=96&d=mm&r=g","caption":"Elisabetta Cozzi"}}]}},"jetpack_featured_media_url":"https:\/\/www.museofratellicozzi.com\/news\/wp-content\/uploads\/2026\/04\/You-Tube-SEMPIONE-55.jpg","jetpack_shortlink":"https:\/\/wp.me\/p90Eth-6Kj","jetpack_sharing_enabled":true,"post_mailing_queue_ids":[],"_links":{"self":[{"href":"https:\/\/www.museofratellicozzi.com\/news\/wp-json\/wp\/v2\/posts\/25935","targetHints":{"allow":["GET"]}}],"collection":[{"href":"https:\/\/www.museofratellicozzi.com\/news\/wp-json\/wp\/v2\/posts"}],"about":[{"href":"https:\/\/www.museofratellicozzi.com\/news\/wp-json\/wp\/v2\/types\/post"}],"author":[{"embeddable":true,"href":"https:\/\/www.museofratellicozzi.com\/news\/wp-json\/wp\/v2\/users\/7"}],"replies":[{"embeddable":true,"href":"https:\/\/www.museofratellicozzi.com\/news\/wp-json\/wp\/v2\/comments?post=25935"}],"version-history":[{"count":11,"href":"https:\/\/www.museofratellicozzi.com\/news\/wp-json\/wp\/v2\/posts\/25935\/revisions"}],"predecessor-version":[{"id":26137,"href":"https:\/\/www.museofratellicozzi.com\/news\/wp-json\/wp\/v2\/posts\/25935\/revisions\/26137"}],"wp:featuredmedia":[{"embeddable":true,"href":"https:\/\/www.museofratellicozzi.com\/news\/wp-json\/wp\/v2\/media\/25944"}],"wp:attachment":[{"href":"https:\/\/www.museofratellicozzi.com\/news\/wp-json\/wp\/v2\/media?parent=25935"}],"wp:term":[{"taxonomy":"category","embeddable":true,"href":"https:\/\/www.museofratellicozzi.com\/news\/wp-json\/wp\/v2\/categories?post=25935"},{"taxonomy":"post_tag","embeddable":true,"href":"https:\/\/www.museofratellicozzi.com\/news\/wp-json\/wp\/v2\/tags?post=25935"}],"curies":[{"name":"wp","href":"https:\/\/api.w.org\/{rel}","templated":true}]}}