{"id":25996,"date":"2026-04-29T15:59:12","date_gmt":"2026-04-29T13:59:12","guid":{"rendered":"https:\/\/www.museofratellicozzi.com\/news\/?p=25996"},"modified":"2026-04-29T23:11:03","modified_gmt":"2026-04-29T21:11:03","slug":"nel-nome-di-nicola-romeo","status":"publish","type":"post","link":"https:\/\/www.museofratellicozzi.com\/news\/nel-nome-di-nicola-romeo\/","title":{"rendered":"Nel nome di Nicola Romeo"},"content":{"rendered":"<p>[et_pb_section fb_built=&#8221;1&#8243; admin_label=&#8221;Sezione&#8221; _builder_version=&#8221;3.22&#8243; custom_padding=&#8221;0px|||&#8221; transparent_background=&#8221;off&#8221; make_fullwidth=&#8221;off&#8221; use_custom_width=&#8221;off&#8221; width_unit=&#8221;on&#8221; custom_width_px=&#8221;1080&#8243; custom_width_percent=&#8221;80&#8243;][et_pb_row _builder_version=&#8221;4.8.2&#8243; _module_preset=&#8221;default&#8221;][et_pb_column type=&#8221;4_4&#8243; _builder_version=&#8221;4.8.2&#8243; _module_preset=&#8221;default&#8221;][et_pb_image src=&#8221;https:\/\/www.museofratellicozzi.com\/news\/wp-content\/uploads\/2026\/04\/You-Tube-SEMPIONE-84.jpg&#8221; title_text=&#8221;Basilicata Nicola Romeo&#8221; _builder_version=&#8221;4.8.2&#8243; _module_preset=&#8221;default&#8221;][\/et_pb_image][et_pb_text admin_label=&#8221;Titolo&#8221; _builder_version=&#8221;4.8.2&#8243; text_font=&#8221;PT Sans||||&#8221; text_text_color=&#8221;#000000&#8243; text_font_size=&#8221;55px&#8221; text_letter_spacing=&#8221;0&#8243; text_line_height=&#8221;1.1&#8243; header_font=&#8221;PT Sans||||&#8221; header_text_color=&#8221;#000000&#8243; header_font_size=&#8221;48&#8243; header_letter_spacing=&#8221;0&#8243; header_line_height=&#8221;1.1em&#8221; background_size=&#8221;initial&#8221; background_position=&#8221;top_left&#8221; background_repeat=&#8221;repeat&#8221; custom_margin=&#8221;0px||0px|&#8221; text_font_size_tablet=&#8221;60&#8243; text_font_size_phone=&#8221;&#8221; text_font_size_last_edited=&#8221;on|phone&#8221; text_letter_spacing_tablet=&#8221;&#8221; text_letter_spacing_phone=&#8221;&#8221; text_letter_spacing_last_edited=&#8221;on|desktop&#8221; text_line_height_tablet=&#8221;&#8221; text_line_height_phone=&#8221;&#8221; text_line_height_last_edited=&#8221;on|&#8221; header_font_size_tablet=&#8221;46&#8243; header_font_size_phone=&#8221;38px&#8221; header_font_size_last_edited=&#8221;on|phone&#8221; use_border_color=&#8221;off&#8221; border_color=&#8221;#ffffff&#8221; border_width=&#8221;1&#8243; border_style=&#8221;solid&#8221;]<\/p>\n<p>Il turismo delle radici nel nome di<\/p>\n<p>[\/et_pb_text][et_pb_text admin_label=&#8221;Titolo&#8221; _builder_version=&#8221;4.8.2&#8243; text_font=&#8221;PT Sans||||&#8221; text_text_color=&#8221;#000000&#8243; text_font_size=&#8221;72&#8243; text_letter_spacing=&#8221;0&#8243; text_line_height=&#8221;1.1&#8243; header_font=&#8221;PT Sans||||&#8221; header_text_color=&#8221;#000000&#8243; header_font_size=&#8221;48&#8243; header_letter_spacing=&#8221;0&#8243; header_line_height=&#8221;1.1em&#8221; background_size=&#8221;initial&#8221; background_position=&#8221;top_left&#8221; background_repeat=&#8221;repeat&#8221; custom_margin=&#8221;0px||0px|&#8221; text_font_size_tablet=&#8221;60&#8243; text_font_size_phone=&#8221;&#8221; text_font_size_last_edited=&#8221;on|phone&#8221; text_letter_spacing_tablet=&#8221;&#8221; text_letter_spacing_phone=&#8221;&#8221; text_letter_spacing_last_edited=&#8221;on|desktop&#8221; text_line_height_tablet=&#8221;&#8221; text_line_height_phone=&#8221;&#8221; text_line_height_last_edited=&#8221;on|&#8221; header_font_size_tablet=&#8221;46&#8243; header_font_size_phone=&#8221;38px&#8221; header_font_size_last_edited=&#8221;on|phone&#8221; use_border_color=&#8221;off&#8221; border_color=&#8221;#ffffff&#8221; border_width=&#8221;1&#8243; border_style=&#8221;solid&#8221;]<\/p>\n<p><span style=\"color: #800000;\">Nicola Romeo<\/span><\/p>\n<p>[\/et_pb_text][\/et_pb_column][\/et_pb_row][\/et_pb_section][et_pb_section fb_built=&#8221;1&#8243; admin_label=&#8221;Section&#8221; _builder_version=&#8221;3.22&#8243; background_color=&#8221;#f7f7f4&#8243; transparent_background=&#8221;off&#8221; make_fullwidth=&#8221;off&#8221; use_custom_width=&#8221;off&#8221; width_unit=&#8221;on&#8221; custom_width_px=&#8221;1080&#8243; custom_width_percent=&#8221;80&#8243;][et_pb_row column_structure=&#8221;1_3,2_3&#8243; padding_mobile=&#8221;on&#8221; column_padding_mobile=&#8221;on&#8221; admin_label=&#8221;row&#8221; _builder_version=&#8221;4.8.2&#8243; background_size=&#8221;initial&#8221; background_position=&#8221;top_left&#8221; background_repeat=&#8221;repeat&#8221; custom_margin=&#8221;10px||||false|false&#8221; custom_padding=&#8221;0px|||&#8221; make_fullwidth=&#8221;off&#8221; use_custom_width=&#8221;off&#8221; width_unit=&#8221;on&#8221; custom_width_px=&#8221;1080&#8243; custom_width_percent=&#8221;80&#8243;][et_pb_column type=&#8221;1_3&#8243; _builder_version=&#8221;3.25&#8243; custom_padding=&#8221;|||&#8221; custom_padding__hover=&#8221;|||&#8221;][et_pb_text admin_label=&#8221;Occhiello&#8221; _builder_version=&#8221;4.8.2&#8243; text_font=&#8221;PT Sans|on|||&#8221; text_text_color=&#8221;#363636&#8243; text_font_size=&#8221;24&#8243; text_letter_spacing=&#8221;0&#8243; text_line_height=&#8221;1.4&#8243; header_font_size=&#8221;30&#8243; header_letter_spacing=&#8221;0&#8243; header_line_height=&#8221;1&#8243; header_3_font_size=&#8221;19px&#8221; header_3_line_height=&#8221;1.2em&#8221; background_size=&#8221;initial&#8221; background_position=&#8221;top_left&#8221; background_repeat=&#8221;repeat&#8221; max_width=&#8221;620px&#8221; custom_margin=&#8221;0px|20px|0px||false|false&#8221; custom_padding=&#8221;||0px|||&#8221; text_font_size_tablet=&#8221;&#8221; text_font_size_phone=&#8221;&#8221; text_font_size_last_edited=&#8221;on|desktop&#8221; use_border_color=&#8221;off&#8221; border_color=&#8221;#ffffff&#8221; border_width=&#8221;1&#8243; border_style=&#8221;solid&#8221;]<\/p>\n<p>Venite con noi sulle &#8220;Strade della Contraddizione&#8221; per riscoprire Sensi, Radici e Passioni<\/p>\n<p>[\/et_pb_text][\/et_pb_column][et_pb_column type=&#8221;2_3&#8243; _builder_version=&#8221;3.25&#8243; custom_padding=&#8221;|||&#8221; custom_padding__hover=&#8221;|||&#8221;][et_pb_text admin_label=&#8221;Blocco testo 1&#8243; _builder_version=&#8221;4.8.2&#8243; text_font=&#8221;PT Sans||||&#8221; text_text_color=&#8221;#363636&#8243; text_font_size=&#8221;20&#8243; text_letter_spacing=&#8221;0&#8243; text_line_height=&#8221;1.2em&#8221; header_font_size=&#8221;30&#8243; header_letter_spacing=&#8221;0&#8243; header_line_height=&#8221;1&#8243; background_size=&#8221;initial&#8221; background_position=&#8221;top_left&#8221; background_repeat=&#8221;repeat&#8221; max_width=&#8221;620px&#8221; custom_margin=&#8221;0px||0px||false|false&#8221; text_font_size_tablet=&#8221;&#8221; text_font_size_phone=&#8221;&#8221; text_font_size_last_edited=&#8221;on|tablet&#8221; use_border_color=&#8221;off&#8221; border_color=&#8221;#ffffff&#8221; border_width=&#8221;1&#8243; border_style=&#8221;solid&#8221;]<\/p>\n<p data-path-to-node=\"3\"><span style=\"color: #800000;\"><b data-path-to-node=\"3\" data-index-in-node=\"0\">Il \u201cTurismo delle Radici\u201d nel nome di Nicola Romeo<\/b><\/span><\/p>\n<p data-path-to-node=\"4\"><em>Venite con noi sulle \u201cStrade della Contraddizione\u201d per riscoprire Sensi, Radici e Passioni<\/em><\/p>\n<p>Dalle radici lucane alle strade del mondo. \u00c8 stato un onore poter partecipare alla tre giorni di <strong>Montalbano Jonico e Montemurro<\/strong> in cui abbiamo celebrato\u00a0<strong>Nicola Romeo <\/strong>nel 150\u00b0 anniversario dalla sua nascita. Il visionario che diede il nome all&#8217;Alfa Romeo non era solo il &#8220;milanese d&#8217;adozione&#8221; o il figlio della Campania: il suo DNA parla lucano con il padre\u00a0Maurizio di <strong>Montalbano Jonico<\/strong> e\u00a0il nonno Nicola di <strong>Cirigliano<\/strong>.<\/p>\n<p>Per questo <strong>Fondazione Super Sud,<\/strong> ha promosso un viaggio di tre giorni nei territori lucani tra <strong>industria e poesia, razionalit\u00e0 e sogno<\/strong>: non solo \u00ab<em>un omaggio a un protagonista dell&#8217;industria italiana, fondatore del marchio Alfa Romeo, ma una riscoperta del legame tra uomo e territorio, tra visione imprenditoriale e cultura delle origini<\/em>\u00bb.\u00a0Temi che al museo raccontiamo sempre ai nostri visitatori quando, entrati nella Sala Rossa, iniziano la loro visita guidata alla scoperta della storia che custodiamo.<\/p>\n<p>Quello in Basilicata \u00e8 un viaggio che non dimenticheremo perch\u00e9 ci ha regalato <strong>cultura, bellezza, un&#8217;Accoglienza straordinaria&#8230; e un premio<\/strong>. Elisabetta Cozzi \u00e8 stata infatti premiata \u00ab<em>Per l&#8217;impegno nel superare gli stereotipi di genere e nella diffusione della cultura industriale e automobilistica<\/em>\u00bb. Se ve lo state chiedendo, s\u00ec, la mostra fotografica <em><strong><a href=\"https:\/\/www.museofratellicozzi.com\/news\/donne-e-motori-gioie-e-basta-4-edizione-le-protagoniste\/\" target=\"_blank\" rel=\"noopener noreferrer\">Donne e motori? Gioie e basta<\/a><\/strong><\/em> \u00e8 arrivata fino in Lucania. Ma lasciamo che sia proprio Elisabetta a raccontarci questi tre giorni epici. Buona lettura!<\/p>\n<p>[\/et_pb_text][\/et_pb_column][\/et_pb_row][et_pb_row _builder_version=&#8221;4.8.2&#8243; _module_preset=&#8221;default&#8221;][et_pb_column type=&#8221;4_4&#8243; _builder_version=&#8221;4.8.2&#8243; _module_preset=&#8221;default&#8221;][et_pb_image src=&#8221;https:\/\/www.museofratellicozzi.com\/news\/wp-content\/uploads\/2026\/04\/You-Tube-SEMPIONE-75.jpg&#8221; title_text=&#8221;You Tube SEMPIONE (75)&#8221; url=&#8221;https:\/\/www.rainews.it\/tgr\/basilicata\/video\/2026\/04\/nicola-romeo-un-mito-che-continua-a-vivere-alfa-motori-9bccccd2-78a5-4b1c-b755-1309efce54b3.html&#8221; url_new_window=&#8221;on&#8221; _builder_version=&#8221;4.8.2&#8243; _module_preset=&#8221;default&#8221;][\/et_pb_image][et_pb_text _builder_version=&#8221;4.8.2&#8243; _module_preset=&#8221;default&#8221;]Clicca sull&#8217;immagine e guarda il servizio del TG R Basilicata<br \/>\n[\/et_pb_text][et_pb_text _builder_version=&#8221;4.8.2&#8243; _module_preset=&#8221;default&#8221;][\/et_pb_text][\/et_pb_column][\/et_pb_row][et_pb_row column_structure=&#8221;1_3,2_3&#8243; padding_mobile=&#8221;on&#8221; column_padding_mobile=&#8221;on&#8221; admin_label=&#8221;row&#8221; _builder_version=&#8221;4.8.2&#8243; background_size=&#8221;initial&#8221; background_position=&#8221;top_left&#8221; background_repeat=&#8221;repeat&#8221; custom_margin=&#8221;10px||||false|false&#8221; custom_padding=&#8221;0px|||&#8221; make_fullwidth=&#8221;off&#8221; use_custom_width=&#8221;off&#8221; width_unit=&#8221;on&#8221; custom_width_px=&#8221;1080&#8243; custom_width_percent=&#8221;80&#8243;][et_pb_column type=&#8221;1_3&#8243; _builder_version=&#8221;3.25&#8243; custom_padding=&#8221;|||&#8221; custom_padding__hover=&#8221;|||&#8221;][\/et_pb_column][et_pb_column type=&#8221;2_3&#8243; _builder_version=&#8221;3.25&#8243; custom_padding=&#8221;|||&#8221; custom_padding__hover=&#8221;|||&#8221;][et_pb_text admin_label=&#8221;Blocco testo 1&#8243; _builder_version=&#8221;4.8.2&#8243; text_font=&#8221;PT Sans||||&#8221; text_text_color=&#8221;#363636&#8243; text_font_size=&#8221;20&#8243; text_letter_spacing=&#8221;0&#8243; text_line_height=&#8221;1.2em&#8221; header_font_size=&#8221;30&#8243; header_letter_spacing=&#8221;0&#8243; header_line_height=&#8221;1&#8243; background_size=&#8221;initial&#8221; background_position=&#8221;top_left&#8221; background_repeat=&#8221;repeat&#8221; max_width=&#8221;620px&#8221; custom_margin=&#8221;0px||0px||false|false&#8221; text_font_size_tablet=&#8221;&#8221; text_font_size_phone=&#8221;&#8221; text_font_size_last_edited=&#8221;on|tablet&#8221; use_border_color=&#8221;off&#8221; border_color=&#8221;#ffffff&#8221; border_width=&#8221;1&#8243; border_style=&#8221;solid&#8221;]<\/p>\n<h3 dir=\"auto\"><span style=\"color: #800000;\">&#8220;Sensi, radici, passioni&#8221;\u00a0<\/span><\/h3>\n<p dir=\"auto\">Ci sono <strong>viaggi che iniziano con una partenza e altri che iniziano con un significato<\/strong>. Quello vissuto in Basilicata, in occasione del 150\u00b0 anniversario della nascita di Nicola Romeo, appartiene senza dubbio alla seconda categoria.<\/p>\n<p dir=\"auto\">\u00a0Non \u00e8 stato soltanto un evento celebrativo, ma un\u2019esperienza capace di unire<strong> memoria, identit\u00e0, territorio e visione,<\/strong> trasformandosi in qualcosa di molto pi\u00f9 profondo di una semplice successione di appuntamenti istituzionali.<\/p>\n<p dir=\"auto\">\u201c<em>Le strade delle contraddizioni, sensi, radici, passioni<\/em>\u201d: gi\u00e0 nel titolo si intuiva la natura di questo percorso. Nel cuore della Lucania ha preso vita un progetto intenso e autentico, capace di attraversare il tempo e parlare al futuro. Un omaggio a una delle figure pi\u00f9 importanti dell\u2019industria italiana, ma anche una riscoperta del<strong> legame tra uomo e terra d\u2019origine, tra cultura del lavoro e radici profonde<\/strong>. In queste parole, affidate dagli organizzatori alla presentazione dell\u2019iniziativa, era gi\u00e0 racchiuso lo spirito di ci\u00f2 che avremmo vissuto nei giorni successivi.<\/p>\n<p>Le radici lucane di Nicola Romeo non rappresentano soltanto un dato biografico. Sono il segno di una <strong>matrice culturale fatta di ingegno, sobriet\u00e0, senso del dovere e capacit\u00e0 di visione<\/strong>. Valori che hanno accompagnato il suo percorso imprenditoriale e che ancora oggi trovano eco nei luoghi da cui tutto ebbe inizio. Camminare in quei paesi, osservare quei paesaggi, incontrare quelle persone, ha restituito a questa storia una dimensione viva, concreta, umana.<br \/>\n[\/et_pb_text][\/et_pb_column][\/et_pb_row][et_pb_row padding_mobile=&#8221;on&#8221; column_padding_mobile=&#8221;on&#8221; admin_label=&#8221;row&#8221; _builder_version=&#8221;4.8.2&#8243; background_size=&#8221;initial&#8221; background_position=&#8221;top_left&#8221; background_repeat=&#8221;repeat&#8221; custom_margin=&#8221;10px||||false|false&#8221; custom_padding=&#8221;0px|||&#8221; make_fullwidth=&#8221;off&#8221; use_custom_width=&#8221;off&#8221; width_unit=&#8221;on&#8221; custom_width_px=&#8221;1080&#8243; custom_width_percent=&#8221;80&#8243;][et_pb_column type=&#8221;4_4&#8243; _builder_version=&#8221;3.25&#8243; custom_padding=&#8221;|||&#8221; custom_padding__hover=&#8221;|||&#8221;][et_pb_divider _builder_version=&#8221;4.8.2&#8243; _module_preset=&#8221;default&#8221;][\/et_pb_divider][\/et_pb_column][\/et_pb_row][et_pb_row _builder_version=&#8221;4.8.2&#8243; _module_preset=&#8221;default&#8221; custom_margin=&#8221;-27px|auto||auto||&#8221;][et_pb_column type=&#8221;4_4&#8243; _builder_version=&#8221;4.8.2&#8243; _module_preset=&#8221;default&#8221;][et_pb_text _builder_version=&#8221;4.8.2&#8243; _module_preset=&#8221;default&#8221;][\/et_pb_text][et_pb_text _builder_version=&#8221;4.8.2&#8243; _module_preset=&#8221;default&#8221;]Foto Backstage: Elisabetta Cozzi intervistata dalla troupe del TG R<br \/>\n[\/et_pb_text][et_pb_image src=&#8221;https:\/\/www.museofratellicozzi.com\/news\/wp-content\/uploads\/2026\/04\/You-Tube-SEMPIONE-86.jpg&#8221; title_text=&#8221;Basilicata Nicola Romeo&#8221; _builder_version=&#8221;4.8.2&#8243; _module_preset=&#8221;default&#8221;][\/et_pb_image][\/et_pb_column][\/et_pb_row][et_pb_row _builder_version=&#8221;4.8.2&#8243; _module_preset=&#8221;default&#8221;][et_pb_column type=&#8221;4_4&#8243; _builder_version=&#8221;4.8.2&#8243; _module_preset=&#8221;default&#8221;][et_pb_gallery gallery_ids=&#8221;26060,26061,26062,26063,26064,26065,26066,26067,26068,26069,26081,26080&#8243; orientation=&#8221;portrait&#8221; show_title_and_caption=&#8221;off&#8221; show_pagination=&#8221;off&#8221; _builder_version=&#8221;4.8.2&#8243; _module_preset=&#8221;default&#8221; hover_enabled=&#8221;0&#8243; sticky_enabled=&#8221;0&#8243;][\/et_pb_gallery][et_pb_text _builder_version=&#8221;4.8.2&#8243; _module_preset=&#8221;default&#8221;]Sfoglia la gallery e viaggia con noi sulle &#8220;Strade della Contraddizione&#8221;<br \/>\n[\/et_pb_text][\/et_pb_column][\/et_pb_row][et_pb_row padding_mobile=&#8221;on&#8221; column_padding_mobile=&#8221;on&#8221; admin_label=&#8221;row&#8221; _builder_version=&#8221;4.8.2&#8243; background_size=&#8221;initial&#8221; background_position=&#8221;top_left&#8221; background_repeat=&#8221;repeat&#8221; custom_margin=&#8221;10px||||false|false&#8221; custom_padding=&#8221;0px|||&#8221; make_fullwidth=&#8221;off&#8221; use_custom_width=&#8221;off&#8221; width_unit=&#8221;on&#8221; custom_width_px=&#8221;1080&#8243; custom_width_percent=&#8221;80&#8243;][et_pb_column type=&#8221;4_4&#8243; _builder_version=&#8221;3.25&#8243; custom_padding=&#8221;|||&#8221; custom_padding__hover=&#8221;|||&#8221;][et_pb_divider _builder_version=&#8221;4.8.2&#8243; _module_preset=&#8221;default&#8221;][\/et_pb_divider][\/et_pb_column][\/et_pb_row][et_pb_row column_structure=&#8221;1_3,2_3&#8243; padding_mobile=&#8221;on&#8221; column_padding_mobile=&#8221;on&#8221; admin_label=&#8221;row&#8221; _builder_version=&#8221;4.8.2&#8243; background_size=&#8221;initial&#8221; background_position=&#8221;top_left&#8221; background_repeat=&#8221;repeat&#8221; custom_margin=&#8221;10px||||false|false&#8221; custom_padding=&#8221;0px|||&#8221; make_fullwidth=&#8221;off&#8221; use_custom_width=&#8221;off&#8221; width_unit=&#8221;on&#8221; custom_width_px=&#8221;1080&#8243; custom_width_percent=&#8221;80&#8243;][et_pb_column type=&#8221;1_3&#8243; _builder_version=&#8221;3.25&#8243; custom_padding=&#8221;|||&#8221; custom_padding__hover=&#8221;|||&#8221;][\/et_pb_column][et_pb_column type=&#8221;2_3&#8243; _builder_version=&#8221;3.25&#8243; custom_padding=&#8221;|||&#8221; custom_padding__hover=&#8221;|||&#8221;][et_pb_text admin_label=&#8221;Blocco testo 1&#8243; _builder_version=&#8221;4.8.2&#8243; text_font=&#8221;PT Sans||||&#8221; text_text_color=&#8221;#363636&#8243; text_font_size=&#8221;20&#8243; text_letter_spacing=&#8221;0&#8243; text_line_height=&#8221;1.2em&#8221; header_font_size=&#8221;30&#8243; header_letter_spacing=&#8221;0&#8243; header_line_height=&#8221;1&#8243; background_size=&#8221;initial&#8221; background_position=&#8221;top_left&#8221; background_repeat=&#8221;repeat&#8221; max_width=&#8221;620px&#8221; custom_margin=&#8221;0px||0px||false|false&#8221; text_font_size_tablet=&#8221;&#8221; text_font_size_phone=&#8221;&#8221; text_font_size_last_edited=&#8221;on|tablet&#8221; use_border_color=&#8221;off&#8221; border_color=&#8221;#ffffff&#8221; border_width=&#8221;1&#8243; border_style=&#8221;solid&#8221;]<\/p>\n<h3 dir=\"auto\"><span style=\"color: #800000;\">Il turismo dei sensi<\/span><\/h3>\n<p dir=\"auto\">La prima tappa, il 26 aprile, a Montalbano Jonico, presso Palazzo Rondinelli, ha avuto il respiro delle grandi occasioni. Il convegno inaugurale e l\u2019apertura della mostra dedicata a Nicola Romeo hanno dato forma a una giornata ricca di contenuti e partecipazione. \u00c8 stato bello ritrovare<strong> Ivan Scelsa<\/strong>, presidente di CinemAlfa, da sempre amico del museo e compagno di tanti progetti condivisi. Con lui molto soci CinemAlfa di Calabria e Puglia che hanno portato bellissime Alfa nella piazza del paese, affacciata sui Calanchi.<\/p>\n<p dir=\"auto\">Davvero speciale poi, l\u2019incontro con\u00a0<strong>Leonardo Giordano<\/strong>, ideatore della mostra documentaria e fotografica e autore di un prezioso volume dedicato alla vita di Nicola Romeo. Un uomo eccezionale, che mi ha davvero affascinata con la sua cultura, i suoi modi gentili e un amore fortissimo per la sua terra.<\/p>\n<p dir=\"auto\">Tra racconti, approfondimenti storici e momenti di confronto, la giornata ha assunto anche una dimensione profondamente umana, culminata con una cerimonia di premiazione intensa ed emozionante.<\/p>\n<p dir=\"auto\">In questo contesto abbiamo avuto l\u2019onore di raccontare del Museo Fratelli Cozzi e di presentare\u00a0il nostro\u00a0progetto fotografico\u00a0<span style=\"color: #800000;\"><a style=\"color: #800000;\" href=\"https:\/\/www.museofratellicozzi.com\/news\/donne-e-motori-gioie-e-basta-4-edizione-le-protagoniste\/\" target=\"_blank\" rel=\"noopener noreferrer\"><strong>Donne e Motori? Gioie e Basta<\/strong><\/a><\/span>.<\/p>\n<p dir=\"auto\">Vedere la mostra allestita nel cortile di Palazzo Rondinelli e poter raccontare il nostro percorso, il museo e il valore di una riflessione condivisa dedicata all\u2019empowerment femminile e alla parit\u00e0 di genere, ha reso ancora pi\u00f9 significativa la nostra partecipazione.\u00a0Non ci siamo sentiti semplicemente ospiti, ma <strong>parte viva di una comunit\u00e0<\/strong> pronta ad ascoltare, condividere e costruire ponti culturali autentici.<\/p>\n<p>[\/et_pb_text][\/et_pb_column][\/et_pb_row][et_pb_row _builder_version=&#8221;4.8.2&#8243; _module_preset=&#8221;default&#8221; custom_padding=&#8221;||0px|||&#8221;][et_pb_column type=&#8221;4_4&#8243; _builder_version=&#8221;4.8.2&#8243; _module_preset=&#8221;default&#8221;][et_pb_image src=&#8221;https:\/\/www.museofratellicozzi.com\/news\/wp-content\/uploads\/2026\/04\/You-Tube-SEMPIONE-90.jpg&#8221; title_text=&#8221;Annullo Filatelico Nicola Romeo&#8221; _builder_version=&#8221;4.8.2&#8243; _module_preset=&#8221;default&#8221;][\/et_pb_image][et_pb_text _builder_version=&#8221;4.8.2&#8243; _module_preset=&#8221;default&#8221;]<\/p>\n<p>Annullo filatelico dedicato alla nascita di Nicola Romeo<\/p>\n<p>[\/et_pb_text][et_pb_text _builder_version=&#8221;4.8.2&#8243; _module_preset=&#8221;default&#8221;][\/et_pb_text][et_pb_text _builder_version=&#8221;4.8.2&#8243; _module_preset=&#8221;default&#8221;][\/et_pb_text][\/et_pb_column][\/et_pb_row][et_pb_row column_structure=&#8221;1_3,2_3&#8243; padding_mobile=&#8221;on&#8221; column_padding_mobile=&#8221;on&#8221; admin_label=&#8221;row&#8221; _builder_version=&#8221;4.8.2&#8243; background_size=&#8221;initial&#8221; background_position=&#8221;top_left&#8221; background_repeat=&#8221;repeat&#8221; custom_margin=&#8221;10px||||false|false&#8221; custom_padding=&#8221;0px|||&#8221; make_fullwidth=&#8221;off&#8221; use_custom_width=&#8221;off&#8221; width_unit=&#8221;on&#8221; custom_width_px=&#8221;1080&#8243; custom_width_percent=&#8221;80&#8243;][et_pb_column type=&#8221;1_3&#8243; _builder_version=&#8221;3.25&#8243; custom_padding=&#8221;|||&#8221; custom_padding__hover=&#8221;|||&#8221;][\/et_pb_column][et_pb_column type=&#8221;2_3&#8243; _builder_version=&#8221;3.25&#8243; custom_padding=&#8221;|||&#8221; custom_padding__hover=&#8221;|||&#8221;][et_pb_text admin_label=&#8221;Blocco testo 1&#8243; _builder_version=&#8221;4.8.2&#8243; text_font=&#8221;PT Sans||||&#8221; text_text_color=&#8221;#363636&#8243; text_font_size=&#8221;20&#8243; text_letter_spacing=&#8221;0&#8243; text_line_height=&#8221;1.2em&#8221; header_font_size=&#8221;30&#8243; header_letter_spacing=&#8221;0&#8243; header_line_height=&#8221;1&#8243; background_size=&#8221;initial&#8221; background_position=&#8221;top_left&#8221; background_repeat=&#8221;repeat&#8221; max_width=&#8221;620px&#8221; custom_margin=&#8221;0px||0px||false|false&#8221; text_font_size_tablet=&#8221;&#8221; text_font_size_phone=&#8221;&#8221; text_font_size_last_edited=&#8221;on|tablet&#8221; use_border_color=&#8221;off&#8221; border_color=&#8221;#ffffff&#8221; border_width=&#8221;1&#8243; border_style=&#8221;solid&#8221;]<\/p>\n<h3 dir=\"auto\"><span style=\"color: #800000;\">Il Turismo delle Radici e delle passioni<\/span><\/h3>\n<p dir=\"auto\">Il giorno successivo, il 27 aprile, il viaggio \u00e8 proseguito a Montemurro.\u00a0\u00a0Anche qui il clima \u00e8 stato quello di una partecipazione vera, sentita. Dopo i saluti istituzionali, si sono susseguiti interventi di grande significato dedicati alla conservazione e <strong>valorizzazione del patrimonio culturale identitario<\/strong>, testimonianze preziose e riflessioni capaci di collegare memoria e futuro. Incontri che confermano quanto la cultura, quando \u00e8 vissuta con seriet\u00e0 e passione, possa diventare strumento concreto di crescita collettiva.<\/p>\n<p dir=\"auto\">Il<strong> 28 aprile, giorno esatto della nascita di Nicola Romeo<\/strong>, \u00e8 stato il momento simbolicamente pi\u00f9 forte. Le auto storiche della Scuderia Brutia Historic Cars, l<strong>\u2019annullo filatelico<\/strong> commemorativo realizzato con Poste Italiane, i saluti istituzionali, il convegno dedicato ai valori e alle prospettive future: tutto ha contribuito a trasformare la celebrazione in un gesto di memoria condivisa. Non nostalgia, ma continuit\u00e0. Non semplice ricordo, ma volont\u00e0 di custodire un\u2019eredit\u00e0 e renderla fertile per il domani.<\/p>\n<p dir=\"auto\">Infine, oltre al valore culturale e istituzionale dell\u2019iniziativa, ci\u00f2 che porter\u00f2 con me \u00e8 soprattutto l\u2019anima di questa terra:<strong> l\u2019autenticit\u00e0 della Basilicata, delle sue persone gentili, dei suoi deliziosi paesini.<\/strong><\/p>\n<div>\n<div>\n<p dir=\"auto\">Attraverso la cultura, una cultura\u00a0antichissima,\u00a0attraverso i volti incontrati lungo il cammino, attraverso la bellezza di paesaggi capaci di sorprendere e commuovere,<strong>\u00a0<\/strong><strong>questi luoghi sanno affascinare con una forza rara: quella della verit\u00e0<\/strong>. I <strong>Calanchi della Basilicata<\/strong> sono stati una scoperta straordinaria: scenari potenti, quasi ancestrali, in grado di suscitare emozioni profonde e di ricordare quanto esista ancora, in Italia, un patrimonio umano e naturale tutto da esplorare.<\/p>\n<\/div>\n<\/div>\n<p>Queste sono forse<strong> strade ancora poco raccontate<\/strong>, ma proprio per questo preziose. Strade che meritano di essere percorse lentamente, lasciandosi guidare dalla loro autenticit\u00e0, magari a bordo di un\u2019Alfa Romeo d\u2019epoca!<\/p>\n<p dir=\"auto\">Resta quindi<strong> una gratitudine profonda<\/strong>. Per chi ha ideato e reso possibile tutto questo, per l\u2019accoglienza ricevuta, per la generosit\u00e0 con cui siamo stati accolti, per la qualit\u00e0 umana degli incontri vissuti. Un grazie sentito a CK Associati, alla dottoressa <strong>Martina Donato Manzolillo<\/strong>, che ormai considero un&#8217;amica, alle istituzioni coinvolte, ai Comuni protagonisti, alla Fondazione Super Sud e a tutte le persone che hanno contribuito a rendere queste giornate indimenticabili.<\/p>\n<p dir=\"auto\">Alcuni viaggi finiscono al ritorno. Altri continuano dentro di noi.\u00a0<\/p>\n<p dir=\"auto\">Come questo per me.<\/p>\n<p dir=\"auto\"><span style=\"color: #800000;\"><em>Elisabetta\u00a0<\/em><\/span><\/p>\n<p>[\/et_pb_text][\/et_pb_column][\/et_pb_row][et_pb_row _builder_version=&#8221;4.8.2&#8243; _module_preset=&#8221;default&#8221; custom_padding=&#8221;||0px|||&#8221;][et_pb_column type=&#8221;4_4&#8243; _builder_version=&#8221;4.8.2&#8243; _module_preset=&#8221;default&#8221;][et_pb_image src=&#8221;https:\/\/www.museofratellicozzi.com\/news\/wp-content\/uploads\/2026\/04\/You-Tube-SEMPIONE-87.jpg&#8221; title_text=&#8221;Basilicata Nicola Romeo&#8221; _builder_version=&#8221;4.8.2&#8243; _module_preset=&#8221;default&#8221;][\/et_pb_image][et_pb_text _builder_version=&#8221;4.8.2&#8243; _module_preset=&#8221;default&#8221;]<\/p>\n<p>La Consigliera Regionale Ivana Pipponzi premia Elisabetta Cozzi: \u00abPer l&#8217;impegno nel superare gli stereotipi di genere e nella diffusione della cultura industriale e automobilistica&#8221;<\/p>\n<p>[\/et_pb_text][et_pb_text _builder_version=&#8221;4.8.2&#8243; _module_preset=&#8221;default&#8221;][\/et_pb_text][\/et_pb_column][\/et_pb_row][et_pb_row column_structure=&#8221;1_2,1_2&#8243; padding_mobile=&#8221;on&#8221; column_padding_mobile=&#8221;on&#8221; admin_label=&#8221;row&#8221; _builder_version=&#8221;4.8.2&#8243; background_size=&#8221;initial&#8221; background_position=&#8221;top_left&#8221; background_repeat=&#8221;repeat&#8221; custom_margin=&#8221;10px||||false|false&#8221; custom_padding=&#8221;0px|||&#8221; make_fullwidth=&#8221;off&#8221; use_custom_width=&#8221;off&#8221; width_unit=&#8221;on&#8221; custom_width_px=&#8221;1080&#8243; custom_width_percent=&#8221;80&#8243;][et_pb_column type=&#8221;1_2&#8243; _builder_version=&#8221;3.25&#8243; custom_padding=&#8221;|||&#8221; custom_padding__hover=&#8221;|||&#8221;][et_pb_text admin_label=&#8221;Blocco testo 1&#8243; _builder_version=&#8221;4.8.2&#8243; text_font=&#8221;PT Sans||||&#8221; text_text_color=&#8221;#363636&#8243; text_font_size=&#8221;20&#8243; text_letter_spacing=&#8221;0&#8243; text_line_height=&#8221;1.2em&#8221; header_font_size=&#8221;30&#8243; header_letter_spacing=&#8221;0&#8243; header_line_height=&#8221;1&#8243; background_size=&#8221;initial&#8221; background_position=&#8221;top_left&#8221; background_repeat=&#8221;repeat&#8221; max_width=&#8221;620px&#8221; custom_margin=&#8221;0px||0px||false|false&#8221; text_font_size_tablet=&#8221;&#8221; text_font_size_phone=&#8221;&#8221; text_font_size_last_edited=&#8221;on|tablet&#8221; use_border_color=&#8221;off&#8221; border_color=&#8221;#ffffff&#8221; border_width=&#8221;1&#8243; border_style=&#8221;solid&#8221;]<\/p>\n<h3 dir=\"auto\" style=\"text-align: left;\"><span style=\"color: #800000;\">La tecnologia al servizio dell&#8217;uomo\u00a0<\/span><\/h3>\n<p>Un viaggio intenso tra memoria, industria e identit\u00e0 ha acceso i riflettori su<span>\u00a0<\/span>Montalbano Jonico<span>\u00a0<\/span>e<span>\u00a0<\/span>Montemurro, trasformate nel palcoscenico dell\u2019evento<span>\u00a0<\/span><em>\u201cLe strade delle contraddizioni: Radici, Sensi e Passioni\u201d<\/em>.\u00a0Un appuntamento capace di <strong>intrecciare emozione e visione<\/strong>, riportando al centro del racconto una figura straordinaria:<span>\u00a0<\/span>Nicola Romeo.<\/p>\n<p>Sebbene nato a\u00a0Sant\u2019Antimo, le sue origini affondano profondamente tra Montalbano Jonico, paese in cui nacque il padre Maurizio, e Cirigliano, dove nacque il nonno Nicola.\u00a0Durante l\u2019evento \u00e8 emerso con forza <strong>il ritratto di un uomo ben oltre l\u2019industriale<\/strong>: Romeo fu un intellettuale, un visionario capace di fondere tecnica e umanesimo.<\/p>\n<p>In un\u2019epoca di cambiamenti radicali, considerava <strong>la tecnologia uno strumento al servizio dell\u2019uomo<\/strong>, trovando nei libri un rifugio per custodire la propria integrit\u00e0 morale.\u00a0E non dimentic\u00f2 mai il Sud: anche dopo l\u2019esperienza in Alfa Romeo, continu\u00f2 a investire nel Mezzogiorno, promuovendo lo sviluppo industriale con le Officine Ferroviarie Meridionali di Napoli.<\/p>\n<p><strong>L<\/strong><span><strong>a scintilla<\/strong> che ha acceso l&#8217;anima dell&#8217;evento, portando una ventata di eleganza e di civilt\u00e0, <strong>\u00e8 stata <\/strong><\/span><strong>Elisabetta Cozzi<\/strong><span>.\u00a0<\/span><span>La sua presenza ha trasformato la passione per i motori in una battaglia culturale necessaria.\u00a0<\/span><span>Con la mostra <\/span>&#8220;<em>Donne e motori: gioia e basta<\/em>&#8220;<span>, ha compiuto un gesto di rottura straordinario: ha deciso di agire contro l&#8217;ingiustizia dell&#8217;oggettificazione femminile.<\/span><\/p>\n<p><span><strong>Il risultato della sua &#8220;piccola azione concreta&#8221; \u00e8 quasi incredibile<\/strong>: solo quattro anni fa, digitando &#8220;donne e motori&#8221; su Google, si veniva sommersi da immagini volgari e degradanti.\u00a0<\/span><span>Oggi, grazie al suo lavoro di divulgazione instancabile, <\/span>pi\u00f9 della met\u00e0 dei risultati di Google restituisce l&#8217;eleganza e il rispetto dei suoi scatti<span>. <\/span><\/p>\n<p><em><\/em><\/p>\n<p>[\/et_pb_text][\/et_pb_column][et_pb_column type=&#8221;1_2&#8243; _builder_version=&#8221;3.25&#8243; custom_padding=&#8221;|||&#8221; custom_padding__hover=&#8221;|||&#8221;][et_pb_text admin_label=&#8221;Blocco testo 1&#8243; _builder_version=&#8221;4.8.2&#8243; text_font=&#8221;PT Sans||||&#8221; text_text_color=&#8221;#363636&#8243; text_font_size=&#8221;20&#8243; text_letter_spacing=&#8221;0&#8243; text_line_height=&#8221;1.2em&#8221; header_font_size=&#8221;30&#8243; header_letter_spacing=&#8221;0&#8243; header_line_height=&#8221;1&#8243; background_size=&#8221;initial&#8221; background_position=&#8221;top_left&#8221; background_repeat=&#8221;repeat&#8221; max_width=&#8221;620px&#8221; custom_margin=&#8221;0px||0px||false|false&#8221; text_font_size_tablet=&#8221;&#8221; text_font_size_phone=&#8221;&#8221; text_font_size_last_edited=&#8221;on|tablet&#8221; use_border_color=&#8221;off&#8221; border_color=&#8221;#ffffff&#8221; border_width=&#8221;1&#8243; border_style=&#8221;solid&#8221;]<\/p>\n<p><span>Elisabetta ci ha ricordato che &#8220;la mancanza di rispetto \u00e8 l&#8217;anticamera della violenza&#8221; e che la parit\u00e0 non \u00e8 un problema delle donne, ma una questione di dignit\u00e0 umana che richiede uomini alleati, pronti a metterci la faccia come nel movimento &#8220;<strong>He for She<\/strong>&#8220;.<\/span><\/p>\n<p>A rafforzare questo percorso, gli interventi di<span>\u00a0<\/span><strong>Ivana Pipponzi<\/strong><span>, Consigliera Regionale di Parit\u00e0, <\/span>e<span>\u00a0<\/span><strong>Vittoria Rotunno<\/strong>, Presidente della Commissione Regionale per le Pari Opportunit\u00e0,<span>\u00a0<\/span>hanno evidenziato l\u2019urgenza di politiche di welfare realmente inclusive e di un cambiamento culturale capace di superare antichi modelli come quello del \u201cpater familias\u201d.\u00a0Un elemento che ha reso le tre giornate ancora pi\u00f9 significative \u00e8 stato il contributo corale di tutti gli ospiti intervenuti.<\/p>\n<p><strong>Studiosi, amministratori, professionisti e testimoni<\/strong> del territorio hanno arricchito il dibattito con prospettive diverse ma complementari: chi ha riportato alla luce memorie storiche e identitarie, chi ha offerto analisi concrete sulle opportunit\u00e0 economiche del Mezzogiorno, chi ha condiviso esperienze dirette di impegno civile e culturale.<\/p>\n<p>Questo intreccio di voci ha generato<strong> un dialogo autentico<\/strong> e dinamico, capace di andare oltre la celebrazione per trasformarsi in proposta, visione e responsabilit\u00e0 condivisa.\u00a0\u00c8 proprio in questa pluralit\u00e0 di contributi che l\u2019evento ha trovato la sua forza pi\u00f9 autentica.\u00a0L\u2019evento si \u00e8 chiuso con un messaggio forte e condiviso: la<strong> Basilicata, \u201cterra di luce\u201d<\/strong>, non intende pi\u00f9 essere periferia, ma cuore pulsante di creativit\u00e0, cultura e rinascita.<\/p>\n<p>Non \u00e8 stata solo una celebrazione, ma una presa di coscienza collettiva.\u00a0<strong>Quando le radici sono profonde, nessuna contraddizione pu\u00f2 spezzare il sogno<\/strong>.<\/p>\n<p><strong><em>Donata Martina Manzolillo <\/em><\/strong><\/p>\n<p><em>Responsabile della Comunicazione Fondazione Super Sud<\/em><\/p>\n<p>[\/et_pb_text][\/et_pb_column][\/et_pb_row][et_pb_row padding_mobile=&#8221;on&#8221; column_padding_mobile=&#8221;on&#8221; admin_label=&#8221;row&#8221; _builder_version=&#8221;4.8.2&#8243; background_size=&#8221;initial&#8221; background_position=&#8221;top_left&#8221; background_repeat=&#8221;repeat&#8221; custom_margin=&#8221;10px||||false|false&#8221; custom_padding=&#8221;0px|||&#8221; make_fullwidth=&#8221;off&#8221; use_custom_width=&#8221;off&#8221; width_unit=&#8221;on&#8221; custom_width_px=&#8221;1080&#8243; custom_width_percent=&#8221;80&#8243;][et_pb_column type=&#8221;4_4&#8243; _builder_version=&#8221;3.25&#8243; custom_padding=&#8221;|||&#8221; custom_padding__hover=&#8221;|||&#8221;][et_pb_divider _builder_version=&#8221;4.8.2&#8243; _module_preset=&#8221;default&#8221;][\/et_pb_divider][\/et_pb_column][\/et_pb_row][\/et_pb_section]<\/p>\n","protected":false},"excerpt":{"rendered":"<p>[et_pb_section fb_built=&#8221;1&#8243; admin_label=&#8221;Sezione&#8221; _builder_version=&#8221;3.22&#8243; custom_padding=&#8221;0px|||&#8221; transparent_background=&#8221;off&#8221; make_fullwidth=&#8221;off&#8221; use_custom_width=&#8221;off&#8221; width_unit=&#8221;on&#8221; custom_width_px=&#8221;1080&#8243; custom_width_percent=&#8221;80&#8243;][et_pb_row _builder_version=&#8221;4.8.2&#8243; _module_preset=&#8221;default&#8221;][et_pb_column type=&#8221;4_4&#8243; _builder_version=&#8221;4.8.2&#8243; _module_preset=&#8221;default&#8221;][et_pb_image src=&#8221;https:\/\/www.museofratellicozzi.com\/news\/wp-content\/uploads\/2026\/04\/You-Tube-SEMPIONE-84.jpg&#8221; title_text=&#8221;Basilicata Nicola Romeo&#8221; _builder_version=&#8221;4.8.2&#8243; _module_preset=&#8221;default&#8221;][\/et_pb_image][et_pb_text admin_label=&#8221;Titolo&#8221; _builder_version=&#8221;4.8.2&#8243; text_font=&#8221;PT Sans||||&#8221; text_text_color=&#8221;#000000&#8243; text_font_size=&#8221;55px&#8221; text_letter_spacing=&#8221;0&#8243; text_line_height=&#8221;1.1&#8243; header_font=&#8221;PT Sans||||&#8221; header_text_color=&#8221;#000000&#8243; header_font_size=&#8221;48&#8243; header_letter_spacing=&#8221;0&#8243; header_line_height=&#8221;1.1em&#8221; background_size=&#8221;initial&#8221; background_position=&#8221;top_left&#8221; background_repeat=&#8221;repeat&#8221; custom_margin=&#8221;0px||0px|&#8221; text_font_size_tablet=&#8221;60&#8243; text_font_size_phone=&#8221;&#8221; text_font_size_last_edited=&#8221;on|phone&#8221; text_letter_spacing_tablet=&#8221;&#8221; text_letter_spacing_phone=&#8221;&#8221; text_letter_spacing_last_edited=&#8221;on|desktop&#8221; text_line_height_tablet=&#8221;&#8221; text_line_height_phone=&#8221;&#8221; text_line_height_last_edited=&#8221;on|&#8221; header_font_size_tablet=&#8221;46&#8243; header_font_size_phone=&#8221;38px&#8221; header_font_size_last_edited=&#8221;on|phone&#8221; use_border_color=&#8221;off&#8221; border_color=&#8221;#ffffff&#8221; border_width=&#8221;1&#8243; [&hellip;]<\/p>\n","protected":false},"author":7,"featured_media":26053,"comment_status":"open","ping_status":"open","sticky":false,"template":"","format":"standard","meta":{"_et_pb_use_builder":"on","_et_pb_old_content":"","_et_gb_content_width":"","_jetpack_memberships_contains_paid_content":false,"footnotes":""},"categories":[1],"tags":[936,209,937,180,406,938],"class_list":["post-25996","post","type-post","status-publish","format-standard","has-post-thumbnail","hentry","category-senza-categoria","tag-_nicola-romeo","tag-automotive","tag-basilicata","tag-cozzi","tag-museo-fratelli-cozzi","tag-strade","et-has-post-format-content","et_post_format-et-post-format-standard"],"yoast_head":"<!-- This site is optimized with the Yoast SEO plugin v26.8 - https:\/\/yoast.com\/product\/yoast-seo-wordpress\/ -->\n<title>Nel nome di Nicola Romeo -<\/title>\n<meta name=\"description\" content=\"Venite con noi sulle &quot;Strade della Contraddizione&quot; per riscoprire Sensi, Radici e Passioni raccontate da Elisabetta Cozzi\" \/>\n<meta name=\"robots\" content=\"index, follow, max-snippet:-1, max-image-preview:large, max-video-preview:-1\" \/>\n<link rel=\"canonical\" href=\"https:\/\/www.museofratellicozzi.com\/news\/nel-nome-di-nicola-romeo\/\" \/>\n<meta property=\"og:locale\" content=\"it_IT\" \/>\n<meta property=\"og:type\" content=\"article\" \/>\n<meta property=\"og:title\" content=\"Nel nome di Nicola Romeo -\" \/>\n<meta property=\"og:description\" content=\"Venite con noi sulle &quot;Strade della Contraddizione&quot; per riscoprire Sensi, Radici e Passioni raccontate da Elisabetta Cozzi\" \/>\n<meta property=\"og:url\" content=\"https:\/\/www.museofratellicozzi.com\/news\/nel-nome-di-nicola-romeo\/\" \/>\n<meta property=\"og:site_name\" content=\"eNews Museo Fratelli Cozzi\" \/>\n<meta property=\"article:published_time\" content=\"2026-04-29T13:59:12+00:00\" \/>\n<meta property=\"article:modified_time\" content=\"2026-04-29T21:11:03+00:00\" \/>\n<meta property=\"og:image\" content=\"https:\/\/www.museofratellicozzi.com\/news\/wp-content\/uploads\/2026\/04\/You-Tube-SEMPIONE-84.jpg\" \/>\n\t<meta property=\"og:image:width\" content=\"1920\" \/>\n\t<meta property=\"og:image:height\" content=\"1080\" \/>\n\t<meta property=\"og:image:type\" content=\"image\/jpeg\" \/>\n<meta name=\"author\" content=\"Elisabetta Cozzi\" \/>\n<meta name=\"twitter:card\" content=\"summary_large_image\" \/>\n<meta name=\"twitter:label1\" content=\"Scritto da\" \/>\n\t<meta name=\"twitter:data1\" content=\"Elisabetta Cozzi\" \/>\n\t<meta name=\"twitter:label2\" content=\"Tempo di lettura stimato\" \/>\n\t<meta name=\"twitter:data2\" content=\"7 minuti\" \/>\n<script type=\"application\/ld+json\" class=\"yoast-schema-graph\">{\"@context\":\"https:\/\/schema.org\",\"@graph\":[{\"@type\":\"Article\",\"@id\":\"https:\/\/www.museofratellicozzi.com\/news\/nel-nome-di-nicola-romeo\/#article\",\"isPartOf\":{\"@id\":\"https:\/\/www.museofratellicozzi.com\/news\/nel-nome-di-nicola-romeo\/\"},\"author\":{\"name\":\"Elisabetta Cozzi\",\"@id\":\"https:\/\/www.museofratellicozzi.com\/news\/#\/schema\/person\/3c2c242e79e59f9be7b62a0d9673e40d\"},\"headline\":\"Nel nome di Nicola Romeo\",\"datePublished\":\"2026-04-29T13:59:12+00:00\",\"dateModified\":\"2026-04-29T21:11:03+00:00\",\"mainEntityOfPage\":{\"@id\":\"https:\/\/www.museofratellicozzi.com\/news\/nel-nome-di-nicola-romeo\/\"},\"wordCount\":3721,\"commentCount\":0,\"publisher\":{\"@id\":\"https:\/\/www.museofratellicozzi.com\/news\/#organization\"},\"image\":{\"@id\":\"https:\/\/www.museofratellicozzi.com\/news\/nel-nome-di-nicola-romeo\/#primaryimage\"},\"thumbnailUrl\":\"https:\/\/www.museofratellicozzi.com\/news\/wp-content\/uploads\/2026\/04\/You-Tube-SEMPIONE-84.jpg\",\"keywords\":[\"_Nicola Romeo\",\"automotive\",\"Basilicata\",\"cozzi\",\"Museo Fratelli Cozzi\",\"Strade\"],\"inLanguage\":\"it-IT\",\"potentialAction\":[{\"@type\":\"CommentAction\",\"name\":\"Comment\",\"target\":[\"https:\/\/www.museofratellicozzi.com\/news\/nel-nome-di-nicola-romeo\/#respond\"]}]},{\"@type\":\"WebPage\",\"@id\":\"https:\/\/www.museofratellicozzi.com\/news\/nel-nome-di-nicola-romeo\/\",\"url\":\"https:\/\/www.museofratellicozzi.com\/news\/nel-nome-di-nicola-romeo\/\",\"name\":\"Nel nome di Nicola Romeo -\",\"isPartOf\":{\"@id\":\"https:\/\/www.museofratellicozzi.com\/news\/#website\"},\"primaryImageOfPage\":{\"@id\":\"https:\/\/www.museofratellicozzi.com\/news\/nel-nome-di-nicola-romeo\/#primaryimage\"},\"image\":{\"@id\":\"https:\/\/www.museofratellicozzi.com\/news\/nel-nome-di-nicola-romeo\/#primaryimage\"},\"thumbnailUrl\":\"https:\/\/www.museofratellicozzi.com\/news\/wp-content\/uploads\/2026\/04\/You-Tube-SEMPIONE-84.jpg\",\"datePublished\":\"2026-04-29T13:59:12+00:00\",\"dateModified\":\"2026-04-29T21:11:03+00:00\",\"description\":\"Venite con noi sulle \\\"Strade della Contraddizione\\\" per riscoprire Sensi, Radici e Passioni raccontate da Elisabetta Cozzi\",\"breadcrumb\":{\"@id\":\"https:\/\/www.museofratellicozzi.com\/news\/nel-nome-di-nicola-romeo\/#breadcrumb\"},\"inLanguage\":\"it-IT\",\"potentialAction\":[{\"@type\":\"ReadAction\",\"target\":[\"https:\/\/www.museofratellicozzi.com\/news\/nel-nome-di-nicola-romeo\/\"]}]},{\"@type\":\"ImageObject\",\"inLanguage\":\"it-IT\",\"@id\":\"https:\/\/www.museofratellicozzi.com\/news\/nel-nome-di-nicola-romeo\/#primaryimage\",\"url\":\"https:\/\/www.museofratellicozzi.com\/news\/wp-content\/uploads\/2026\/04\/You-Tube-SEMPIONE-84.jpg\",\"contentUrl\":\"https:\/\/www.museofratellicozzi.com\/news\/wp-content\/uploads\/2026\/04\/You-Tube-SEMPIONE-84.jpg\",\"width\":1920,\"height\":1080},{\"@type\":\"BreadcrumbList\",\"@id\":\"https:\/\/www.museofratellicozzi.com\/news\/nel-nome-di-nicola-romeo\/#breadcrumb\",\"itemListElement\":[{\"@type\":\"ListItem\",\"position\":1,\"name\":\"Home\",\"item\":\"https:\/\/www.museofratellicozzi.com\/news\/\"},{\"@type\":\"ListItem\",\"position\":2,\"name\":\"Nel nome di Nicola Romeo\"}]},{\"@type\":\"WebSite\",\"@id\":\"https:\/\/www.museofratellicozzi.com\/news\/#website\",\"url\":\"https:\/\/www.museofratellicozzi.com\/news\/\",\"name\":\"eNews Museo Fratelli Cozzi\",\"description\":\"Alfa Romeo: un mito che resiste al tempo\",\"publisher\":{\"@id\":\"https:\/\/www.museofratellicozzi.com\/news\/#organization\"},\"potentialAction\":[{\"@type\":\"SearchAction\",\"target\":{\"@type\":\"EntryPoint\",\"urlTemplate\":\"https:\/\/www.museofratellicozzi.com\/news\/?s={search_term_string}\"},\"query-input\":{\"@type\":\"PropertyValueSpecification\",\"valueRequired\":true,\"valueName\":\"search_term_string\"}}],\"inLanguage\":\"it-IT\"},{\"@type\":\"Organization\",\"@id\":\"https:\/\/www.museofratellicozzi.com\/news\/#organization\",\"name\":\"Museo Fratelli Cozzi\",\"url\":\"https:\/\/www.museofratellicozzi.com\/news\/\",\"logo\":{\"@type\":\"ImageObject\",\"inLanguage\":\"it-IT\",\"@id\":\"https:\/\/www.museofratellicozzi.com\/news\/#\/schema\/logo\/image\/\",\"url\":\"https:\/\/www.museofratellicozzi.com\/news\/wp-content\/uploads\/2017\/04\/home.png\",\"contentUrl\":\"https:\/\/www.museofratellicozzi.com\/news\/wp-content\/uploads\/2017\/04\/home.png\",\"width\":497,\"height\":512,\"caption\":\"Museo Fratelli Cozzi\"},\"image\":{\"@id\":\"https:\/\/www.museofratellicozzi.com\/news\/#\/schema\/logo\/image\/\"}},{\"@type\":\"Person\",\"@id\":\"https:\/\/www.museofratellicozzi.com\/news\/#\/schema\/person\/3c2c242e79e59f9be7b62a0d9673e40d\",\"name\":\"Elisabetta Cozzi\",\"image\":{\"@type\":\"ImageObject\",\"inLanguage\":\"it-IT\",\"@id\":\"https:\/\/www.museofratellicozzi.com\/news\/#\/schema\/person\/image\/\",\"url\":\"https:\/\/secure.gravatar.com\/avatar\/a761e7642145a4506dbd3685a69db0fc?s=96&d=mm&r=g\",\"contentUrl\":\"https:\/\/secure.gravatar.com\/avatar\/a761e7642145a4506dbd3685a69db0fc?s=96&d=mm&r=g\",\"caption\":\"Elisabetta Cozzi\"}}]}<\/script>\n<!-- \/ Yoast SEO plugin. -->","yoast_head_json":{"title":"Nel nome di Nicola Romeo -","description":"Venite con noi sulle \"Strade della Contraddizione\" per riscoprire Sensi, Radici e Passioni raccontate da Elisabetta Cozzi","robots":{"index":"index","follow":"follow","max-snippet":"max-snippet:-1","max-image-preview":"max-image-preview:large","max-video-preview":"max-video-preview:-1"},"canonical":"https:\/\/www.museofratellicozzi.com\/news\/nel-nome-di-nicola-romeo\/","og_locale":"it_IT","og_type":"article","og_title":"Nel nome di Nicola Romeo -","og_description":"Venite con noi sulle \"Strade della Contraddizione\" per riscoprire Sensi, Radici e Passioni raccontate da Elisabetta Cozzi","og_url":"https:\/\/www.museofratellicozzi.com\/news\/nel-nome-di-nicola-romeo\/","og_site_name":"eNews Museo Fratelli Cozzi","article_published_time":"2026-04-29T13:59:12+00:00","article_modified_time":"2026-04-29T21:11:03+00:00","og_image":[{"width":1920,"height":1080,"url":"https:\/\/www.museofratellicozzi.com\/news\/wp-content\/uploads\/2026\/04\/You-Tube-SEMPIONE-84.jpg","type":"image\/jpeg"}],"author":"Elisabetta Cozzi","twitter_card":"summary_large_image","twitter_misc":{"Scritto da":"Elisabetta Cozzi","Tempo di lettura stimato":"7 minuti"},"schema":{"@context":"https:\/\/schema.org","@graph":[{"@type":"Article","@id":"https:\/\/www.museofratellicozzi.com\/news\/nel-nome-di-nicola-romeo\/#article","isPartOf":{"@id":"https:\/\/www.museofratellicozzi.com\/news\/nel-nome-di-nicola-romeo\/"},"author":{"name":"Elisabetta Cozzi","@id":"https:\/\/www.museofratellicozzi.com\/news\/#\/schema\/person\/3c2c242e79e59f9be7b62a0d9673e40d"},"headline":"Nel nome di Nicola Romeo","datePublished":"2026-04-29T13:59:12+00:00","dateModified":"2026-04-29T21:11:03+00:00","mainEntityOfPage":{"@id":"https:\/\/www.museofratellicozzi.com\/news\/nel-nome-di-nicola-romeo\/"},"wordCount":3721,"commentCount":0,"publisher":{"@id":"https:\/\/www.museofratellicozzi.com\/news\/#organization"},"image":{"@id":"https:\/\/www.museofratellicozzi.com\/news\/nel-nome-di-nicola-romeo\/#primaryimage"},"thumbnailUrl":"https:\/\/www.museofratellicozzi.com\/news\/wp-content\/uploads\/2026\/04\/You-Tube-SEMPIONE-84.jpg","keywords":["_Nicola Romeo","automotive","Basilicata","cozzi","Museo Fratelli Cozzi","Strade"],"inLanguage":"it-IT","potentialAction":[{"@type":"CommentAction","name":"Comment","target":["https:\/\/www.museofratellicozzi.com\/news\/nel-nome-di-nicola-romeo\/#respond"]}]},{"@type":"WebPage","@id":"https:\/\/www.museofratellicozzi.com\/news\/nel-nome-di-nicola-romeo\/","url":"https:\/\/www.museofratellicozzi.com\/news\/nel-nome-di-nicola-romeo\/","name":"Nel nome di Nicola Romeo -","isPartOf":{"@id":"https:\/\/www.museofratellicozzi.com\/news\/#website"},"primaryImageOfPage":{"@id":"https:\/\/www.museofratellicozzi.com\/news\/nel-nome-di-nicola-romeo\/#primaryimage"},"image":{"@id":"https:\/\/www.museofratellicozzi.com\/news\/nel-nome-di-nicola-romeo\/#primaryimage"},"thumbnailUrl":"https:\/\/www.museofratellicozzi.com\/news\/wp-content\/uploads\/2026\/04\/You-Tube-SEMPIONE-84.jpg","datePublished":"2026-04-29T13:59:12+00:00","dateModified":"2026-04-29T21:11:03+00:00","description":"Venite con noi sulle \"Strade della Contraddizione\" per riscoprire Sensi, Radici e Passioni raccontate da Elisabetta Cozzi","breadcrumb":{"@id":"https:\/\/www.museofratellicozzi.com\/news\/nel-nome-di-nicola-romeo\/#breadcrumb"},"inLanguage":"it-IT","potentialAction":[{"@type":"ReadAction","target":["https:\/\/www.museofratellicozzi.com\/news\/nel-nome-di-nicola-romeo\/"]}]},{"@type":"ImageObject","inLanguage":"it-IT","@id":"https:\/\/www.museofratellicozzi.com\/news\/nel-nome-di-nicola-romeo\/#primaryimage","url":"https:\/\/www.museofratellicozzi.com\/news\/wp-content\/uploads\/2026\/04\/You-Tube-SEMPIONE-84.jpg","contentUrl":"https:\/\/www.museofratellicozzi.com\/news\/wp-content\/uploads\/2026\/04\/You-Tube-SEMPIONE-84.jpg","width":1920,"height":1080},{"@type":"BreadcrumbList","@id":"https:\/\/www.museofratellicozzi.com\/news\/nel-nome-di-nicola-romeo\/#breadcrumb","itemListElement":[{"@type":"ListItem","position":1,"name":"Home","item":"https:\/\/www.museofratellicozzi.com\/news\/"},{"@type":"ListItem","position":2,"name":"Nel nome di Nicola Romeo"}]},{"@type":"WebSite","@id":"https:\/\/www.museofratellicozzi.com\/news\/#website","url":"https:\/\/www.museofratellicozzi.com\/news\/","name":"eNews Museo Fratelli Cozzi","description":"Alfa Romeo: un mito che resiste al tempo","publisher":{"@id":"https:\/\/www.museofratellicozzi.com\/news\/#organization"},"potentialAction":[{"@type":"SearchAction","target":{"@type":"EntryPoint","urlTemplate":"https:\/\/www.museofratellicozzi.com\/news\/?s={search_term_string}"},"query-input":{"@type":"PropertyValueSpecification","valueRequired":true,"valueName":"search_term_string"}}],"inLanguage":"it-IT"},{"@type":"Organization","@id":"https:\/\/www.museofratellicozzi.com\/news\/#organization","name":"Museo Fratelli Cozzi","url":"https:\/\/www.museofratellicozzi.com\/news\/","logo":{"@type":"ImageObject","inLanguage":"it-IT","@id":"https:\/\/www.museofratellicozzi.com\/news\/#\/schema\/logo\/image\/","url":"https:\/\/www.museofratellicozzi.com\/news\/wp-content\/uploads\/2017\/04\/home.png","contentUrl":"https:\/\/www.museofratellicozzi.com\/news\/wp-content\/uploads\/2017\/04\/home.png","width":497,"height":512,"caption":"Museo Fratelli Cozzi"},"image":{"@id":"https:\/\/www.museofratellicozzi.com\/news\/#\/schema\/logo\/image\/"}},{"@type":"Person","@id":"https:\/\/www.museofratellicozzi.com\/news\/#\/schema\/person\/3c2c242e79e59f9be7b62a0d9673e40d","name":"Elisabetta Cozzi","image":{"@type":"ImageObject","inLanguage":"it-IT","@id":"https:\/\/www.museofratellicozzi.com\/news\/#\/schema\/person\/image\/","url":"https:\/\/secure.gravatar.com\/avatar\/a761e7642145a4506dbd3685a69db0fc?s=96&d=mm&r=g","contentUrl":"https:\/\/secure.gravatar.com\/avatar\/a761e7642145a4506dbd3685a69db0fc?s=96&d=mm&r=g","caption":"Elisabetta Cozzi"}}]}},"jetpack_featured_media_url":"https:\/\/www.museofratellicozzi.com\/news\/wp-content\/uploads\/2026\/04\/You-Tube-SEMPIONE-84.jpg","jetpack_shortlink":"https:\/\/wp.me\/p90Eth-6Li","jetpack_sharing_enabled":true,"post_mailing_queue_ids":[],"_links":{"self":[{"href":"https:\/\/www.museofratellicozzi.com\/news\/wp-json\/wp\/v2\/posts\/25996","targetHints":{"allow":["GET"]}}],"collection":[{"href":"https:\/\/www.museofratellicozzi.com\/news\/wp-json\/wp\/v2\/posts"}],"about":[{"href":"https:\/\/www.museofratellicozzi.com\/news\/wp-json\/wp\/v2\/types\/post"}],"author":[{"embeddable":true,"href":"https:\/\/www.museofratellicozzi.com\/news\/wp-json\/wp\/v2\/users\/7"}],"replies":[{"embeddable":true,"href":"https:\/\/www.museofratellicozzi.com\/news\/wp-json\/wp\/v2\/comments?post=25996"}],"version-history":[{"count":37,"href":"https:\/\/www.museofratellicozzi.com\/news\/wp-json\/wp\/v2\/posts\/25996\/revisions"}],"predecessor-version":[{"id":26130,"href":"https:\/\/www.museofratellicozzi.com\/news\/wp-json\/wp\/v2\/posts\/25996\/revisions\/26130"}],"wp:featuredmedia":[{"embeddable":true,"href":"https:\/\/www.museofratellicozzi.com\/news\/wp-json\/wp\/v2\/media\/26053"}],"wp:attachment":[{"href":"https:\/\/www.museofratellicozzi.com\/news\/wp-json\/wp\/v2\/media?parent=25996"}],"wp:term":[{"taxonomy":"category","embeddable":true,"href":"https:\/\/www.museofratellicozzi.com\/news\/wp-json\/wp\/v2\/categories?post=25996"},{"taxonomy":"post_tag","embeddable":true,"href":"https:\/\/www.museofratellicozzi.com\/news\/wp-json\/wp\/v2\/tags?post=25996"}],"curies":[{"name":"wp","href":"https:\/\/api.w.org\/{rel}","templated":true}]}}