{"id":27123,"date":"2026-08-24T18:07:34","date_gmt":"2026-08-24T16:07:34","guid":{"rendered":"https:\/\/www.museofratellicozzi.com\/news\/?p=27123"},"modified":"2026-09-01T16:46:07","modified_gmt":"2026-09-01T14:46:07","slug":"1522-motori-in-marcia-contro-la-violenza-sulle-donne-settembre","status":"publish","type":"post","link":"https:\/\/www.museofratellicozzi.com\/news\/1522-motori-in-marcia-contro-la-violenza-sulle-donne-settembre\/","title":{"rendered":"1522 | Motori in marcia contro la violenza sulle donne"},"content":{"rendered":"<p>[et_pb_section fb_built=&#8221;1&#8243; admin_label=&#8221;Sezione&#8221; _builder_version=&#8221;3.22&#8243; custom_padding=&#8221;0px|||&#8221; transparent_background=&#8221;off&#8221; make_fullwidth=&#8221;off&#8221; use_custom_width=&#8221;off&#8221; width_unit=&#8221;on&#8221; custom_width_px=&#8221;1080&#8243; custom_width_percent=&#8221;80&#8243;][et_pb_row use_custom_gutter=&#8221;on&#8221; gutter_width=&#8221;1&#8243; disabled_on=&#8221;off|off|off&#8221; admin_label=&#8221;Riga&#8221; module_class=&#8221; et_pb_row_fullwidth&#8221; _builder_version=&#8221;3.25&#8243; background_size=&#8221;initial&#8221; background_position=&#8221;top_left&#8221; background_repeat=&#8221;repeat&#8221; width=&#8221;100%&#8221; width_tablet=&#8221;100%&#8221; width_phone=&#8221;&#8221; width_last_edited=&#8221;on|desktop&#8221; max_width=&#8221;100%&#8221; max_width_tablet=&#8221;100%&#8221; max_width_phone=&#8221;&#8221; max_width_last_edited=&#8221;on|desktop&#8221; custom_padding=&#8221;0px|||&#8221; make_fullwidth=&#8221;on&#8221; use_custom_width=&#8221;off&#8221; width_unit=&#8221;on&#8221; custom_width_px=&#8221;1080&#8243; custom_width_percent=&#8221;80&#8243;][et_pb_column type=&#8221;4_4&#8243; _builder_version=&#8221;3.25&#8243; custom_padding=&#8221;|||&#8221; custom_padding__hover=&#8221;|||&#8221;][et_pb_image src=&#8221;https:\/\/www.museofratellicozzi.com\/news\/wp-content\/uploads\/2026\/08\/You-Tube-SEMPIONE-2026-08-23T205101.162.jpg&#8221; alt=&#8221;Alfa Romeo Arna &#8221; title_text=&#8221;1522 agg settembre&#8221; force_fullwidth=&#8221;on&#8221; align_tablet=&#8221;center&#8221; align_phone=&#8221;&#8221; align_last_edited=&#8221;on|desktop&#8221; admin_label=&#8221;Immagine principale&#8221; _builder_version=&#8221;4.8.2&#8243; animation=&#8221;off&#8221; sticky=&#8221;off&#8221; use_border_color=&#8221;off&#8221; border_color=&#8221;#ffffff&#8221; border_width=&#8221;1&#8243; border_style=&#8221;solid&#8221; always_center_on_mobile=&#8221;on&#8221;][\/et_pb_image][\/et_pb_column][\/et_pb_row][et_pb_row admin_label=&#8221;Riga&#8221; _builder_version=&#8221;4.8.2&#8243; background_size=&#8221;initial&#8221; background_position=&#8221;top_left&#8221; background_repeat=&#8221;repeat&#8221; custom_padding=&#8221;20px||0px|&#8221; make_fullwidth=&#8221;off&#8221; use_custom_width=&#8221;off&#8221; width_unit=&#8221;on&#8221; custom_width_px=&#8221;1080&#8243; custom_width_percent=&#8221;80&#8243;][et_pb_column type=&#8221;4_4&#8243; _builder_version=&#8221;3.25&#8243; custom_padding=&#8221;|||&#8221; custom_padding__hover=&#8221;|||&#8221;][et_pb_text admin_label=&#8221;Titolo&#8221; _builder_version=&#8221;4.8.2&#8243; text_font=&#8221;PT Sans||||&#8221; text_text_color=&#8221;#000000&#8243; text_font_size=&#8221;65px&#8221; text_letter_spacing=&#8221;0&#8243; text_line_height=&#8221;1.1&#8243; header_font=&#8221;PT Sans||||&#8221; header_text_color=&#8221;#000000&#8243; header_font_size=&#8221;48&#8243; header_letter_spacing=&#8221;0&#8243; header_line_height=&#8221;1.1em&#8221; background_size=&#8221;initial&#8221; background_position=&#8221;top_left&#8221; background_repeat=&#8221;repeat&#8221; custom_margin=&#8221;0px||0px|&#8221; hover_enabled=&#8221;0&#8243; text_font_size_tablet=&#8221;60&#8243; text_font_size_phone=&#8221;&#8221; text_font_size_last_edited=&#8221;on|phone&#8221; text_letter_spacing_tablet=&#8221;&#8221; text_letter_spacing_phone=&#8221;&#8221; text_letter_spacing_last_edited=&#8221;on|desktop&#8221; text_line_height_tablet=&#8221;&#8221; text_line_height_phone=&#8221;&#8221; text_line_height_last_edited=&#8221;on|&#8221; header_font_size_tablet=&#8221;46&#8243; header_font_size_phone=&#8221;38px&#8221; header_font_size_last_edited=&#8221;on|phone&#8221; use_border_color=&#8221;off&#8221; border_color=&#8221;#ffffff&#8221; border_width=&#8221;1&#8243; border_style=&#8221;solid&#8221; sticky_enabled=&#8221;0&#8243;]<\/p>\n<p><span style=\"color: #800000;\"><strong>1522<\/strong><\/span><strong> |<\/strong>\u00a0Motori in marcia contro la violenza sulle donne<\/p>\n<p>[\/et_pb_text][\/et_pb_column][\/et_pb_row][\/et_pb_section][et_pb_section fb_built=&#8221;1&#8243; admin_label=&#8221;Section&#8221; _builder_version=&#8221;3.22&#8243; background_color=&#8221;#f7f7f4&#8243; transparent_background=&#8221;off&#8221; make_fullwidth=&#8221;off&#8221; use_custom_width=&#8221;off&#8221; width_unit=&#8221;on&#8221; custom_width_px=&#8221;1080&#8243; custom_width_percent=&#8221;80&#8243;][et_pb_row column_structure=&#8221;1_3,2_3&#8243; padding_mobile=&#8221;on&#8221; column_padding_mobile=&#8221;on&#8221; admin_label=&#8221;row&#8221; _builder_version=&#8221;4.8.2&#8243; background_size=&#8221;initial&#8221; background_position=&#8221;top_left&#8221; background_repeat=&#8221;repeat&#8221; custom_margin=&#8221;10px||||false|false&#8221; custom_padding=&#8221;0px|||&#8221; make_fullwidth=&#8221;off&#8221; use_custom_width=&#8221;off&#8221; width_unit=&#8221;on&#8221; custom_width_px=&#8221;1080&#8243; custom_width_percent=&#8221;80&#8243;][et_pb_column type=&#8221;1_3&#8243; _builder_version=&#8221;3.25&#8243; custom_padding=&#8221;|||&#8221; custom_padding__hover=&#8221;|||&#8221;][et_pb_text admin_label=&#8221;Occhiello&#8221; _builder_version=&#8221;4.8.2&#8243; text_font=&#8221;PT Sans|on|||&#8221; text_text_color=&#8221;#363636&#8243; text_font_size=&#8221;24&#8243; text_letter_spacing=&#8221;0&#8243; text_line_height=&#8221;1.4&#8243; header_font_size=&#8221;30&#8243; header_letter_spacing=&#8221;0&#8243; header_line_height=&#8221;1&#8243; header_3_font_size=&#8221;19px&#8221; header_3_line_height=&#8221;1.2em&#8221; background_size=&#8221;initial&#8221; background_position=&#8221;top_left&#8221; background_repeat=&#8221;repeat&#8221; max_width=&#8221;620px&#8221; custom_margin=&#8221;0px|20px|0px||false|false&#8221; custom_padding=&#8221;||0px|||&#8221; text_font_size_tablet=&#8221;&#8221; text_font_size_phone=&#8221;&#8221; text_font_size_last_edited=&#8221;on|desktop&#8221; use_border_color=&#8221;off&#8221; border_color=&#8221;#ffffff&#8221; border_width=&#8221;1&#8243; border_style=&#8221;solid&#8221;]<\/p>\n<p><span style=\"color: #800000;\">1522<\/span> | Motori in marcia contro la violenza sulle donne, il raduno itinerante di auto e moto d\u2019epoca ha una nuova data ufficiale: domenica <strong>20 settembre 2026<\/strong><\/p>\n<p>[\/et_pb_text][\/et_pb_column][et_pb_column type=&#8221;2_3&#8243; _builder_version=&#8221;3.25&#8243; custom_padding=&#8221;|||&#8221; custom_padding__hover=&#8221;|||&#8221;][et_pb_text admin_label=&#8221;Blocco testo 1&#8243; _builder_version=&#8221;4.8.2&#8243; text_font=&#8221;PT Sans||||&#8221; text_text_color=&#8221;#363636&#8243; text_font_size=&#8221;20&#8243; text_letter_spacing=&#8221;0&#8243; text_line_height=&#8221;1.2em&#8221; header_font_size=&#8221;30&#8243; header_letter_spacing=&#8221;0&#8243; header_line_height=&#8221;1&#8243; background_size=&#8221;initial&#8221; background_position=&#8221;top_left&#8221; background_repeat=&#8221;repeat&#8221; max_width=&#8221;620px&#8221; custom_margin=&#8221;0px||0px||false|false&#8221; text_font_size_tablet=&#8221;&#8221; text_font_size_phone=&#8221;&#8221; text_font_size_last_edited=&#8221;on|tablet&#8221; use_border_color=&#8221;off&#8221; border_color=&#8221;#ffffff&#8221; border_width=&#8221;1&#8243; border_style=&#8221;solid&#8221;]<\/p>\n<h3>Non una competizione, ma un&#8217;alleanza!<\/h3>\n<p><span style=\"text-decoration: underline;\">Da Legnano al cuore di Milano, auto e moto storiche sfilano unite per sostenere il 1522, numero nazionale antiviolenza e stalking<\/span>, con una raccolta fondi dedicata alla Fondazione Una Nessuna Centomila per la prevenzione e il contrasto della violenza sulle donne.<\/p>\n<p><a href=\"https:\/\/www.eventbrite.it\/o\/museo-fratelli-cozzi-9007933212\" target=\"_blank\" rel=\"noopener noreferrer\"><span style=\"color: #800000;\"><strong><em>Scopri come partecipare, sostenere l&#8217;evento e assistere al raduno\u00a0<\/em><\/strong><\/span><\/a><\/p>\n<p>[\/et_pb_text][\/et_pb_column][\/et_pb_row][et_pb_row column_structure=&#8221;1_2,1_2&#8243; _builder_version=&#8221;4.8.2&#8243; _module_preset=&#8221;default&#8221;][et_pb_column type=&#8221;1_2&#8243; _builder_version=&#8221;4.8.2&#8243; _module_preset=&#8221;default&#8221;][et_pb_image src=&#8221;https:\/\/www.museofratellicozzi.com\/news\/wp-content\/uploads\/2026\/08\/museo-Foto-interne-articolo-12.jpg&#8221; title_text=&#8221;1522&#8243; _builder_version=&#8221;4.8.2&#8243; _module_preset=&#8221;default&#8221; custom_padding=&#8221;|||0px||&#8221;][\/et_pb_image][et_pb_text _builder_version=&#8221;4.8.2&#8243; _module_preset=&#8221;default&#8221; custom_margin=&#8221;|-443px||||&#8221;]<\/p>\n<p>Elisabetta Cozzi con la 2500 Super Sport\u00a0allestita con il bollo 1522<\/p>\n<p>[\/et_pb_text][\/et_pb_column][et_pb_column type=&#8221;1_2&#8243; _builder_version=&#8221;4.8.2&#8243; _module_preset=&#8221;default&#8221;][et_pb_image src=&#8221;https:\/\/www.museofratellicozzi.com\/news\/wp-content\/uploads\/2026\/08\/museo-Foto-interne-articolo-14.jpg&#8221; title_text=&#8221;1522&#8243; _builder_version=&#8221;4.8.2&#8243; _module_preset=&#8221;default&#8221; custom_padding=&#8221;|||0px||&#8221;][\/et_pb_image][\/et_pb_column][\/et_pb_row][et_pb_row column_structure=&#8221;1_3,2_3&#8243; padding_mobile=&#8221;on&#8221; column_padding_mobile=&#8221;on&#8221; admin_label=&#8221;row&#8221; _builder_version=&#8221;4.8.2&#8243; background_size=&#8221;initial&#8221; background_position=&#8221;top_left&#8221; background_repeat=&#8221;repeat&#8221; custom_margin=&#8221;10px||||false|false&#8221; custom_padding=&#8221;0px|||&#8221; make_fullwidth=&#8221;off&#8221; use_custom_width=&#8221;off&#8221; width_unit=&#8221;on&#8221; custom_width_px=&#8221;1080&#8243; custom_width_percent=&#8221;80&#8243;][et_pb_column type=&#8221;1_3&#8243; _builder_version=&#8221;3.25&#8243; custom_padding=&#8221;|||&#8221; custom_padding__hover=&#8221;|||&#8221;][\/et_pb_column][et_pb_column type=&#8221;2_3&#8243; _builder_version=&#8221;3.25&#8243; custom_padding=&#8221;|||&#8221; custom_padding__hover=&#8221;|||&#8221;][et_pb_text admin_label=&#8221;Blocco testo 1&#8243; _builder_version=&#8221;4.8.2&#8243; text_font=&#8221;PT Sans||||&#8221; text_text_color=&#8221;#363636&#8243; text_font_size=&#8221;20&#8243; text_letter_spacing=&#8221;0&#8243; text_line_height=&#8221;1.2em&#8221; header_font_size=&#8221;30&#8243; header_letter_spacing=&#8221;0&#8243; header_line_height=&#8221;1&#8243; background_size=&#8221;initial&#8221; background_position=&#8221;top_left&#8221; background_repeat=&#8221;repeat&#8221; max_width=&#8221;620px&#8221; custom_margin=&#8221;0px||0px||false|false&#8221; text_font_size_tablet=&#8221;&#8221; text_font_size_phone=&#8221;&#8221; text_font_size_last_edited=&#8221;on|tablet&#8221; use_border_color=&#8221;off&#8221; border_color=&#8221;#ffffff&#8221; border_width=&#8221;1&#8243; border_style=&#8221;solid&#8221;]<\/p>\n<p>L\u2019eccellenza dell\u2019automobilismo storico scende in strada per <strong>una missione\u00a0sociale senza precedenti<\/strong>: &#8220;<strong><span style=\"color: #800000;\">1522 | Motori in marcia contro la violenza sulle donne<\/span><\/strong>&#8221; \u00e8 l&#8217;evento\u00a0istituzionale e culturale che trasforma i veicoli d&#8217;epoca in ambasciatori di consapevolezza. Dopo il\u00a0rinvio dello scorso mese di maggio a causa del maltempo, <strong>domenica 20 settembre 2026<\/strong> sar\u00e0 la\u00a0nuova data ufficiale del raduno.<\/p>\n<p>Unire il motorismo storico, la cultura e l&#8217;impegno istituzionale a sostegno di una causa dal profondo\u00a0valore sociale. \u00c8 questo il fulcro dell&#8217;iniziativa nata dalla collaborazione tra la <strong>Citt\u00e0 Metropolitana<\/strong>, il\u00a0<strong>Museo Fratelli Cozzi di Legnano<\/strong> \u2014 con il progetto &#8220;Donne e Motori? Gioie e Basta&#8221; \u2014, la realt\u00e0\u00a0di <strong>UpTown Milano<\/strong> con il simbolo delle<strong> 100 Sedie Rosse<\/strong>, la <strong>Scuderia Sant Ambroeus<\/strong> e il <strong>Raduno\u00a0della Domenica Auto Storiche di Milano<\/strong>. Una convergenza di forze finalizzata a promuovere un\u00a0forte messaggio di solidariet\u00e0 e sensibilizzazione sul territorio.<\/p>\n<p>Fulcro dell\u2019evento, infatti, \u00e8 la promozione capillare del <strong><span style=\"color: #800000;\">1522<\/span>, il numero nazionale antiviolenza e\u00a0stalking<\/strong>. Istituito dal Dipartimento per le Pari Opportunit\u00e0 della Presidenza del Consiglio dei Ministri,\u00a0il servizio \u00e8 attivo 24 ore su 24, a titolo gratuito, per offrire supporto immediato e anonimo alle donne\u00a0che subiscono violenza. In questa occasione, il numero abbandona la dimensione privata per\u00a0occupare lo spazio pubblico attraverso un gesto simbolico di forte impatto: ogni auto e moto\u00a0partecipante al raduno rinuncer\u00e0 ai classici numeri di gara per esporre esclusivamente il bollo\u00a0&#8220;1522&#8221;.<\/p>\n<p>Questa scelta trasforma il corteo in un&#8217;alleanza collettiva anzich\u00e9 in una competizione, utilizzando il\u00a0fascino dei motori classici come veicolo per un messaggio di solidariet\u00e0 che attraversa l&#8217;intero\u00a0territorio metropolitano. Unendo<strong> istituzioni, cultura e comunit\u00e0<\/strong>, la manifestazione punta a generare\u00a0un coinvolgimento reale e mediatico, ribadendo che il contrasto alla violenza di genere \u00e8 una\u00a0responsabilit\u00e0 condivisa da tutta la societ\u00e0 civile.<\/p>\n<p>&nbsp;<\/p>\n<p>[\/et_pb_text][\/et_pb_column][\/et_pb_row][et_pb_row column_structure=&#8221;1_3,2_3&#8243; _builder_version=&#8221;4.8.2&#8243; _module_preset=&#8221;default&#8221;][et_pb_column type=&#8221;1_3&#8243; _builder_version=&#8221;4.8.2&#8243; _module_preset=&#8221;default&#8221;][et_pb_text _builder_version=&#8221;4.8.2&#8243; _module_preset=&#8221;default&#8221;][\/et_pb_text][\/et_pb_column][et_pb_column type=&#8221;2_3&#8243; _builder_version=&#8221;4.8.2&#8243; _module_preset=&#8221;default&#8221;][et_pb_image src=&#8221;https:\/\/www.museofratellicozzi.com\/news\/wp-content\/uploads\/2026\/08\/museo-Foto-interne-articolo-10.jpg&#8221; alt=&#8221;Alfa Romeo Arna&#8221; title_text=&#8221;1522&#8243; _builder_version=&#8221;4.8.2&#8243; _module_preset=&#8221;default&#8221;][\/et_pb_image][et_pb_text _builder_version=&#8221;4.8.2&#8243; _module_preset=&#8221;default&#8221;]<\/p>\n<p>Elisabetta Cozzi con Alfasud collezione Museo Fratelli Cozzi con bollo 1522<\/p>\n<p>[\/et_pb_text][\/et_pb_column][\/et_pb_row][et_pb_row column_structure=&#8221;1_3,2_3&#8243; padding_mobile=&#8221;on&#8221; column_padding_mobile=&#8221;on&#8221; admin_label=&#8221;row&#8221; _builder_version=&#8221;4.8.2&#8243; background_size=&#8221;initial&#8221; background_position=&#8221;top_left&#8221; background_repeat=&#8221;repeat&#8221; custom_margin=&#8221;10px||||false|false&#8221; custom_padding=&#8221;0px|||&#8221; make_fullwidth=&#8221;off&#8221; use_custom_width=&#8221;off&#8221; width_unit=&#8221;on&#8221; custom_width_px=&#8221;1080&#8243; custom_width_percent=&#8221;80&#8243;][et_pb_column type=&#8221;1_3&#8243; _builder_version=&#8221;3.25&#8243; custom_padding=&#8221;|||&#8221; custom_padding__hover=&#8221;|||&#8221;][et_pb_image src=&#8221;https:\/\/www.museofratellicozzi.com\/news\/wp-content\/uploads\/2026\/08\/QR-CODE-_1522-_-Motori-in-marcia-contro-la-violenza-sulle-donne.png&#8221; title_text=&#8221;QR CODE _1522 _ Motori in marcia contro la violenza sulle donne&#8221; _builder_version=&#8221;4.8.2&#8243; _module_preset=&#8221;default&#8221;][\/et_pb_image][et_pb_text _builder_version=&#8221;4.8.2&#8243; _module_preset=&#8221;default&#8221;]<\/p>\n<p>Inquadra il QR Code e iscriviti all&#8217;evento<\/p>\n<p>[\/et_pb_text][\/et_pb_column][et_pb_column type=&#8221;2_3&#8243; _builder_version=&#8221;3.25&#8243; custom_padding=&#8221;|||&#8221; custom_padding__hover=&#8221;|||&#8221;][et_pb_text admin_label=&#8221;Blocco testo 1&#8243; _builder_version=&#8221;4.8.2&#8243; text_font=&#8221;PT Sans||||&#8221; text_text_color=&#8221;#363636&#8243; text_font_size=&#8221;20&#8243; text_letter_spacing=&#8221;0&#8243; text_line_height=&#8221;1.2em&#8221; header_font_size=&#8221;30&#8243; header_letter_spacing=&#8221;0&#8243; header_line_height=&#8221;1&#8243; background_size=&#8221;initial&#8221; background_position=&#8221;top_left&#8221; background_repeat=&#8221;repeat&#8221; max_width=&#8221;620px&#8221; custom_margin=&#8221;0px||0px||false|false&#8221; text_font_size_tablet=&#8221;&#8221; text_font_size_phone=&#8221;&#8221; text_font_size_last_edited=&#8221;on|tablet&#8221; use_border_color=&#8221;off&#8221; border_color=&#8221;#ffffff&#8221; border_width=&#8221;1&#8243; border_style=&#8221;solid&#8221;]<\/p>\n<h3><span style=\"color: #800000;\">Il programmma: dalle Istituzioni alla strada<\/span><\/h3>\n<p>Il debutto ufficiale avverr\u00e0 marted\u00ec 15 settembre alle ore 11.00 presso Palazzo Isimbardi, a\u00a0Milano, con una conferenza stampa istituzionale. All&#8217;evento interverranno figure chiave del settore\u00a0sociale e culturale, tra cui <strong>Susanna Galli e Diana De Marchi<\/strong> per Citt\u00e0 Metropolitana, <strong>Elisabetta\u00a0Cozzi<\/strong> (Museo Fratelli Cozzi) e <strong>Valeria Lorenzelli<\/strong> (100 Sedie Rosse di UpTown Milano), per\u00a0delineare l&#8217;impatto e le finalit\u00e0 del progetto.<\/p>\n<p>Il cuore pulsante della manifestazione sar\u00e0 il raduno itinerante di domenica 20 settembre. Il corteo\u00a0di auto e moto d&#8217;epoca, tutte caratterizzate dal<strong> bollo adesivo &#8220;1522&#8221;<\/strong> &#8211; simbolo di un&#8217;alleanza che\u00a0trasforma il fascino dei motori storici e youngtimer in uno strumento di responsabilit\u00e0 collettiva e\u00a0supporto reale alle vittime di violenza &#8211; <strong>partir\u00e0 anche in caso di maltempo, dal Museo Fratelli Cozzi<\/strong>\u00a0di Legnano e da Viale De Gasperi a Milano.<\/p>\n<p>In supporto alla carovana dei mezzi iscritti al raduno,\u00a0anche alcune auto storiche dell\u2019Autocentro di Milano della Polizia di Stato.\u00a0L\u2019itinerario costegger\u00e0 l\u2019Arco della Pace, proseguir\u00e0 verso l\u2019Arena di Milano, puntando dritto al centro\u00a0della citt\u00e0, per poi concludersi a Cascina Merlata SpazioVivo in UpTown Milano con un pranzo e un\u00a0momento celebrativo dedicato alla sensibilizzazione.<\/p>\n<p>Alle ore 14.45 prender\u00e0 il via, alla presenza delle autorit\u00e0, la presentazione dell\u2019iniziativa.<\/p>\n<p>Alle ore\u00a015.22 tutti invitati al \u201cmega selfie\u201d con drone a Cascina Merlata \u2013 SpazioVivo, con persone e auto\u00a0protagoniste di uno scatto collettivo. Il pubblico potr\u00e0 accedere all\u2019area e visitare le vetture esposte.\u00a0<\/p>\n<p>L&#8217;iscrizione al raduno \u00e8 ufficialmente aperta e limitata a <strong>50 automobili\u00a0e 30 moto immatricolate entro il 2006<\/strong>.<\/p>\n<p>L\u2019iniziativa sostiene una causa concreta: la partecipazione\u00a0prevede infatti una donazione libera (minimo consigliato 20\u20ac a equipaggio) a favore della <span style=\"color: #800000;\"><strong>Fondazione Una Nessuna Centomila.<\/strong><\/span><\/p>\n<p><a href=\"https:\/\/www.eventbrite.it\/o\/museo-fratelli-cozzi-9007933212\" target=\"_blank\" rel=\"noopener noreferrer\"><span style=\"color: #800000;\"><strong>Se vuoi partecipare all&#8217;evento, prenota qui\u00a0<\/strong><\/span><\/a><\/p>\n<p><strong><span style=\"color: #800000;\"><a href=\"https:\/\/www.eventbrite.it\/e\/biglietti-museo-aperto-visita-anche-la-nuova-area-museo-officina-1986623901568?aff=ebdssbdestsearch\" target=\"_blank\" rel=\"noopener noreferrer\" style=\"color: #800000;\"><\/a><\/span><\/strong><\/p>\n<p>[\/et_pb_text][\/et_pb_column][\/et_pb_row][et_pb_row column_structure=&#8221;1_3,2_3&#8243; _builder_version=&#8221;4.8.2&#8243; _module_preset=&#8221;default&#8221;][et_pb_column type=&#8221;1_3&#8243; _builder_version=&#8221;4.8.2&#8243; _module_preset=&#8221;default&#8221;][et_pb_text _builder_version=&#8221;4.8.2&#8243; _module_preset=&#8221;default&#8221;][\/et_pb_text][\/et_pb_column][et_pb_column type=&#8221;2_3&#8243; _builder_version=&#8221;4.8.2&#8243; _module_preset=&#8221;default&#8221;][et_pb_image src=&#8221;https:\/\/www.museofratellicozzi.com\/news\/wp-content\/uploads\/2026\/08\/museo-Foto-interne-articolo-11.jpg&#8221; alt=&#8221;Alfa Romeo Arna&#8221; title_text=&#8221;1522&#8243; _builder_version=&#8221;4.8.2&#8243; _module_preset=&#8221;default&#8221;][\/et_pb_image][et_pb_text _builder_version=&#8221;4.8.2&#8243; _module_preset=&#8221;default&#8221;]<\/p>\n<p>Elisabetta Cozzi con Alfasud collezione Museo Fratelli Cozzi con bollo 1522<\/p>\n<p>[\/et_pb_text][\/et_pb_column][\/et_pb_row][et_pb_row column_structure=&#8221;1_3,2_3&#8243; padding_mobile=&#8221;on&#8221; column_padding_mobile=&#8221;on&#8221; admin_label=&#8221;row&#8221; _builder_version=&#8221;4.8.2&#8243; background_size=&#8221;initial&#8221; background_position=&#8221;top_left&#8221; background_repeat=&#8221;repeat&#8221; custom_margin=&#8221;10px||||false|false&#8221; custom_padding=&#8221;0px|||&#8221; make_fullwidth=&#8221;off&#8221; use_custom_width=&#8221;off&#8221; width_unit=&#8221;on&#8221; custom_width_px=&#8221;1080&#8243; custom_width_percent=&#8221;80&#8243;][et_pb_column type=&#8221;1_3&#8243; _builder_version=&#8221;3.25&#8243; custom_padding=&#8221;|||&#8221; custom_padding__hover=&#8221;|||&#8221;][\/et_pb_column][et_pb_column type=&#8221;2_3&#8243; _builder_version=&#8221;3.25&#8243; custom_padding=&#8221;|||&#8221; custom_padding__hover=&#8221;|||&#8221;][et_pb_text admin_label=&#8221;Blocco testo 1&#8243; _builder_version=&#8221;4.8.2&#8243; text_font=&#8221;PT Sans||||&#8221; text_text_color=&#8221;#363636&#8243; text_font_size=&#8221;20&#8243; text_letter_spacing=&#8221;0&#8243; text_line_height=&#8221;1.2em&#8221; header_font_size=&#8221;30&#8243; header_letter_spacing=&#8221;0&#8243; header_line_height=&#8221;1&#8243; background_size=&#8221;initial&#8221; background_position=&#8221;top_left&#8221; background_repeat=&#8221;repeat&#8221; max_width=&#8221;620px&#8221; custom_margin=&#8221;0px||0px||false|false&#8221; custom_padding=&#8221;||2px|||&#8221; text_font_size_tablet=&#8221;&#8221; text_font_size_phone=&#8221;&#8221; text_font_size_last_edited=&#8221;on|tablet&#8221; use_border_color=&#8221;off&#8221; border_color=&#8221;#ffffff&#8221; border_width=&#8221;1&#8243; border_style=&#8221;solid&#8221;]<\/p>\n<h3>Patricini, partnership e alleanze<\/h3>\n<p>L&#8217;iniziativa si pone come\u00a0obiettivo comune la promozione e il rafforzamento della conoscenza del 1522 , numero nazionale antiviolenza e stalking ed \u00e8 nata dall&#8217;incontro tra<\/p>\n<ul>\n<li>Citt\u00e0 Metropolitana di Milano<\/li>\n<li>Museo Fratelli Cozzi di Legnano, con il progetto fotografico \u201c Donne e Motori? Gioie e Basta\u201d (Friends of Museo Fratelli Cozzi ETS)<\/li>\n<li>Cascina Merlata &#8211; UpTown Milano , con il Parco delle 100 Sedie Rosse<\/li>\n<li>Scuderia Sant Ambroeus di Milano<\/li>\n<li>Raduno della Domenica Auto Storiche di Milano<\/li>\n<\/ul>\n<p><strong>L&#8217;evento ha il prezioso patricinio di:<\/strong><\/p>\n<ul>\n<li>ASI<\/li>\n<li>ACI Storico<\/li>\n<li>Commissione Europea<\/li>\n<li>Comune di Legnano<\/li>\n<li>Comune di Milano<\/li>\n<\/ul>\n<p><strong>Partner dell&#8217;iniziativa:<\/strong><\/p>\n<p>Fondazione Una Nessuna Centomila, AIDA (Associazione Italiana Donne per l&#8217;Automotive)<\/p>\n<p>Media Partner: Ruoteclassiche<\/p>\n<p>Ufficio Stampa: Desir\u00e9e Baldini<\/p>\n<p>&nbsp;<\/p>\n<p>[\/et_pb_text][et_pb_button button_url=&#8221;https:\/\/www.eventbrite.it\/o\/museo-fratelli-cozzi-9007933212&#8243; url_new_window=&#8221;on&#8221; button_text=&#8221;Partecipa all&#8217;evento 1522  con la tua auto o la tua moto &#8221; button_alignment=&#8221;center&#8221; _builder_version=&#8221;4.8.2&#8243; _module_preset=&#8221;default&#8221; custom_button=&#8221;on&#8221; button_text_size=&#8221;20px&#8221; button_text_color=&#8221;#000000&#8243; button_bg_color=&#8221;#E02B20&#8243; button_border_width=&#8221;2px&#8221; button_border_color=&#8221;#FFFFFF&#8221; animation_style=&#8221;slide&#8221; box_shadow_style=&#8221;preset1&#8243;][\/et_pb_button][\/et_pb_column][\/et_pb_row][et_pb_row padding_mobile=&#8221;on&#8221; column_padding_mobile=&#8221;on&#8221; admin_label=&#8221;row&#8221; _builder_version=&#8221;4.8.2&#8243; background_size=&#8221;initial&#8221; background_position=&#8221;top_left&#8221; background_repeat=&#8221;repeat&#8221; custom_margin=&#8221;10px||||false|false&#8221; custom_padding=&#8221;0px|||&#8221; make_fullwidth=&#8221;off&#8221; use_custom_width=&#8221;off&#8221; width_unit=&#8221;on&#8221; custom_width_px=&#8221;1080&#8243; custom_width_percent=&#8221;80&#8243;][et_pb_column type=&#8221;4_4&#8243; _builder_version=&#8221;3.25&#8243; custom_padding=&#8221;|||&#8221; custom_padding__hover=&#8221;|||&#8221;][et_pb_divider _builder_version=&#8221;4.8.2&#8243; _module_preset=&#8221;default&#8221;][\/et_pb_divider][\/et_pb_column][\/et_pb_row][et_pb_row column_structure=&#8221;1_3,2_3&#8243; padding_mobile=&#8221;on&#8221; column_padding_mobile=&#8221;on&#8221; admin_label=&#8221;row&#8221; _builder_version=&#8221;4.8.2&#8243; background_size=&#8221;initial&#8221; background_position=&#8221;top_left&#8221; background_repeat=&#8221;repeat&#8221; custom_margin=&#8221;10px||||false|false&#8221; custom_padding=&#8221;0px|||&#8221; make_fullwidth=&#8221;off&#8221; use_custom_width=&#8221;off&#8221; width_unit=&#8221;on&#8221; custom_width_px=&#8221;1080&#8243; custom_width_percent=&#8221;80&#8243;][et_pb_column type=&#8221;1_3&#8243; _builder_version=&#8221;3.25&#8243; custom_padding=&#8221;|||&#8221; custom_padding__hover=&#8221;|||&#8221;][\/et_pb_column][et_pb_column type=&#8221;2_3&#8243; _builder_version=&#8221;3.25&#8243; custom_padding=&#8221;|||&#8221; custom_padding__hover=&#8221;|||&#8221;][et_pb_text admin_label=&#8221;Blocco testo 1&#8243; _builder_version=&#8221;4.8.2&#8243; text_font=&#8221;PT Sans||||&#8221; text_text_color=&#8221;#363636&#8243; text_font_size=&#8221;20&#8243; text_letter_spacing=&#8221;0&#8243; text_line_height=&#8221;1.2em&#8221; header_font_size=&#8221;30&#8243; header_letter_spacing=&#8221;0&#8243; header_line_height=&#8221;1&#8243; background_size=&#8221;initial&#8221; background_position=&#8221;top_left&#8221; background_repeat=&#8221;repeat&#8221; max_width=&#8221;620px&#8221; custom_margin=&#8221;0px||0px||false|false&#8221; text_font_size_tablet=&#8221;&#8221; text_font_size_phone=&#8221;&#8221; text_font_size_last_edited=&#8221;on|tablet&#8221; use_border_color=&#8221;off&#8221; border_color=&#8221;#ffffff&#8221; border_width=&#8221;1&#8243; border_style=&#8221;solid&#8221;]<\/p>\n<h3><span style=\"color: #800000;\">Il programma di domenica 20 settembre &#8211; <\/span><b>Raduno itinerante 1522<\/b><\/h3>\n<p><b>Legnano \u2192 Milano \u2192 Cascina Merlata \/ UpTown Milano<\/b><\/p>\n<p><span style=\"font-weight: 400;\">Un raduno di auto e moto d\u2019epoca allestite con il bollo adesivo \u201c1522\u201d, in un percorso simbolico che attraversa la Citt\u00e0 metropolitana e culmina in un momento conviviale e pubblico.<\/span><\/p>\n<p><b>09:00 \u2013 10:30<\/b><\/p>\n<p><span style=\"font-weight: 400;\">\ud83d\udccd<\/span> <b>Museo Fratelli Cozzi \u2013 Legnano\u00a0 &#8211; <\/b><span style=\"font-weight: 400;\">Punto di partenza ufficiale\u00a0<\/span><\/p>\n<ul>\n<li style=\"font-weight: 400;\" aria-level=\"1\"><span style=\"font-weight: 400;\">distribuzione bolli \u201c1522\u201d<\/span><\/li>\n<li style=\"font-weight: 400;\" aria-level=\"1\"><span style=\"font-weight: 400;\">visita guidata al Museo (ingresso per due persone per equipaggio auto\/moto incluso nell&#8217;iscrizione)<\/span><\/li>\n<\/ul>\n<p><b>10:30<\/b><span style=\"font-weight: 400;\"><br \/> <\/span><span style=\"font-weight: 400;\">Partenza verso Milano<\/span><\/p>\n<p><span style=\"font-weight: 400;\">\ud83d\udccd<\/span><b>\u00a0 Milano \u2013 Viale De Gasperi <\/b><span style=\"font-weight: 400;\">\u00a0(angolo via privata Grosio) &#8211; Punto di aggregazione intermedio<\/span> (distribuzione bolli per chi si unisce in questa fase)<\/p>\n<p><b>11:15<\/b><span style=\"font-weight: 400;\"><br \/> <\/span><span style=\"font-weight: 400;\">Partenza del gruppo verso il centro citt\u00e0<\/span><\/p>\n<p><b>12:30<\/b><span style=\"font-weight: 400;\"><br \/> <\/span><span style=\"font-weight: 400;\">Trasferimento verso Cascina Merlata \/ UpTown Milano<\/span><\/p>\n<p><span style=\"font-weight: 400;\">\ud83d\udccd<\/span> <b>UpTown Milano \u2013 Cascina Merlata &#8211; <\/b><span style=\"font-weight: 400;\">Arrivo e conclusione dell\u2019evento nel Parco delle 100 Sedie Rosse<\/span><\/p>\n<p><strong><span dir=\"auto\">13:15<\/span><\/strong><br \/> <span dir=\"auto\">Arrivo equipaggi<\/span><\/p>\n<p><strong><span dir=\"auto\">13:30 \u2013 15:22<\/span><\/strong><\/p>\n<ul>\n<li><span dir=\"auto\">pranzo (incluso nell&#8217;iscrizione per massimo due membri per auto o moto e intrattenimento)\u00a0<\/span><\/li>\n<li>speech istituzionali e testimonianze con momento conclusivo dedicato al 1522<\/li>\n<\/ul>\n<p><strong><span dir=\"auto\">ORE <span style=\"color: #800000;\">15:22:<\/span> foto di gruppo<\/span><\/strong><\/p>\n<p><em><span dir=\"auto\">L&#8217;evento si terr\u00e0 <span style=\"color: #800000;\">anche in caso di maltempo<\/span> (non in caso di situazioni pericolose, ovviamente), perch\u00e9 il pranzo potr\u00e0 essere fatto anche al coperto<\/span><\/em><\/p>\n<p>[\/et_pb_text][\/et_pb_column][\/et_pb_row][et_pb_row _builder_version=&#8221;4.8.2&#8243; _module_preset=&#8221;default&#8221;][et_pb_column type=&#8221;4_4&#8243; _builder_version=&#8221;4.8.2&#8243; _module_preset=&#8221;default&#8221;][et_pb_image src=&#8221;https:\/\/www.museofratellicozzi.com\/news\/wp-content\/uploads\/2026\/08\/You-Tube-SEMPIONE-2026-08-27T191742.311.jpg&#8221; title_text=&#8221;1522&#8243; _builder_version=&#8221;4.8.2&#8243; _module_preset=&#8221;default&#8221;][\/et_pb_image][et_pb_text _builder_version=&#8221;4.8.2&#8243; _module_preset=&#8221;default&#8221;]<\/p>\n<p>2500 Super Sport della collezione Museo Fratelli Cozzi con il bollo 1522<\/p>\n<p>[\/et_pb_text][\/et_pb_column][\/et_pb_row][et_pb_row _builder_version=&#8221;4.8.2&#8243; _module_preset=&#8221;default&#8221; min_height=&#8221;53.2px&#8221;][et_pb_column type=&#8221;4_4&#8243; _builder_version=&#8221;4.8.2&#8243; _module_preset=&#8221;default&#8221;][et_pb_divider _builder_version=&#8221;4.8.2&#8243; _module_preset=&#8221;default&#8221;][\/et_pb_divider][\/et_pb_column][\/et_pb_row][et_pb_row _builder_version=&#8221;4.8.2&#8243; _module_preset=&#8221;default&#8221; min_height=&#8221;53.2px&#8221;][et_pb_column type=&#8221;4_4&#8243; _builder_version=&#8221;4.8.2&#8243; _module_preset=&#8221;default&#8221;][et_pb_text _builder_version=&#8221;4.8.2&#8243; _module_preset=&#8221;default&#8221;]<\/p>\n<h4>Chi Siamo<\/h4>\n<p>[\/et_pb_text][\/et_pb_column][\/et_pb_row][et_pb_row column_structure=&#8221;1_2,1_2&#8243; padding_mobile=&#8221;on&#8221; column_padding_mobile=&#8221;on&#8221; admin_label=&#8221;row&#8221; _builder_version=&#8221;4.8.2&#8243; background_size=&#8221;initial&#8221; background_position=&#8221;top_left&#8221; background_repeat=&#8221;repeat&#8221; min_height=&#8221;257.1px&#8221; custom_margin=&#8221;10px||||false|false&#8221; custom_padding=&#8221;0px|||||&#8221; make_fullwidth=&#8221;off&#8221; use_custom_width=&#8221;off&#8221; width_unit=&#8221;on&#8221; custom_width_px=&#8221;1080&#8243; custom_width_percent=&#8221;80&#8243;][et_pb_column type=&#8221;1_2&#8243; _builder_version=&#8221;3.25&#8243; custom_padding=&#8221;|||&#8221; custom_padding__hover=&#8221;|||&#8221;][et_pb_text _builder_version=&#8221;4.8.2&#8243; _module_preset=&#8221;default&#8221;]<\/p>\n<h4><span style=\"color: #800000;\">mUSEO FRATELLI COZZI e FRIENDS OF MFC<\/span><\/h4>\n<p>Il Museo Fratelli Cozzi di Legnano\u00a0raccoglie oltre 60 Alfa Romeo dal 1950 al 2015, comprende 2 auto uniche al mondo ed alcuni\u00a0modelli rarissimi. Contempla anche un archivio documentale, a testimonianza del percorso\u00a0commerciale, delle tecniche di vendita e marketing legate alla Casa del Biscione.Il Museo,\u00a0attraverso l\u2019Associazione Friends of Museo Fratelli Cozzi ETS, sostiene la valorizzazione e la\u00a0divulgazione della cultura della scienza e della tecnica nel settore dell\u2019automobile e promuove\u00a0lo sviluppo e la crescita del territorio attraverso il proprio patrimonio storico. L\u2019Associazione\u00a0\u00e8 da anni impegnata su progetti di carattere sociale e culturale, a sostegno della parit\u00e0 di\u00a0genere, delle giovani generazioni e dell\u2019inclusione.<\/p>\n<p>&nbsp;<\/p>\n<p>[\/et_pb_text][\/et_pb_column][et_pb_column type=&#8221;1_2&#8243; _builder_version=&#8221;3.25&#8243; custom_padding=&#8221;|||&#8221; custom_padding__hover=&#8221;|||&#8221;][et_pb_text _builder_version=&#8221;4.8.2&#8243; _module_preset=&#8221;default&#8221; custom_padding=&#8221;5px|||||&#8221;]<\/p>\n<h4><span style=\"color: #800000;\">Scuderia Sant Ambroeus<\/span><\/h4>\n<p>Fondata a Milano il 13 marzo 1951, la Scuderia Sant Ambroeus\u00a0nacque per iniziativa di alcuni appassionati \u2014 tra cui Elio Zagato, Eugenio Dragoni e Filippo\u00a0Meda \u2014 con l&#8217;obiettivo di sostenere i piloti emergenti italiani. Gi\u00e0 nel 1955 conta oltre\u00a0settanta piloti \u2014 tra cui Giancarlo Baghetti, Ludovico Scarfiotti, Giorgio Pianta e tanti altri \u2014\u00a0gareggiando sui circuiti e sulle strade pi\u00f9 leggendarie: Mille Miglia, Le Mans, N\u00fcrburgring,\u00a0Targa Florio. Oggi la Scuderia Sant Ambroeus, grazie all\u2019impegno dei suoi soci, contribuisce a\u00a0custodire la tradizione sportiva, motoristica e culturale del nostro Paese, valorizzando un\u00a0patrimonio automobilistico che appartiene all\u2019intero panorama internazionale.<\/p>\n<p>[\/et_pb_text][\/et_pb_column][\/et_pb_row][et_pb_row column_structure=&#8221;1_2,1_2&#8243; padding_mobile=&#8221;on&#8221; column_padding_mobile=&#8221;on&#8221; admin_label=&#8221;row&#8221; _builder_version=&#8221;4.8.2&#8243; background_size=&#8221;initial&#8221; background_position=&#8221;top_left&#8221; background_repeat=&#8221;repeat&#8221; min_height=&#8221;257.1px&#8221; custom_margin=&#8221;10px||||false|false&#8221; custom_padding=&#8221;0px|||||&#8221; make_fullwidth=&#8221;off&#8221; use_custom_width=&#8221;off&#8221; width_unit=&#8221;on&#8221; custom_width_px=&#8221;1080&#8243; custom_width_percent=&#8221;80&#8243;][et_pb_column type=&#8221;1_2&#8243; _builder_version=&#8221;3.25&#8243; custom_padding=&#8221;|||&#8221; custom_padding__hover=&#8221;|||&#8221;][et_pb_text _builder_version=&#8221;4.8.2&#8243; _module_preset=&#8221;default&#8221;]<\/p>\n<h4><span style=\"color: #800000;\">100 Sedie Rosse &#8211; UpTown Milano\u00a0<\/span><\/h4>\n<p>Le \u201c100 Sedie Rosse\u201d si inseriscono nel progetto di\u00a0rigenerazione urbana di UpTown Milano, quartiere nell\u2019area nord-ovest della citt\u00e0, oggi<br \/> ampiamente realizzato, dove residenze, commercio, scuole, servizi e un parco di 30.000 mq\u00a0convivono in modo integrato e favoriscono qualit\u00e0 della vita e socialit\u00e0. In questo scenario,\u00a0l\u2019installazione \u2013 realizzata nel 2020 e collocata\u00a0nell\u2019aia\u00a0di Cascina\u00a0SpazioVivo,\u00a0piazza storica\u00a0del quartiere \u2013 rappresenta un gesto collettivo che unisce convivialit\u00e0 e iniziative di\u00a0empowerment e impegno civile. Il rosso richiama la lotta contro la violenza di genere e\u00a0contribuisce a definire uno spazio pubblico vissuto, condiviso e consapevole.<\/p>\n<p>&nbsp;<\/p>\n<p>[\/et_pb_text][\/et_pb_column][et_pb_column type=&#8221;1_2&#8243; _builder_version=&#8221;3.25&#8243; custom_padding=&#8221;|||&#8221; custom_padding__hover=&#8221;|||&#8221;][et_pb_text _builder_version=&#8221;4.8.2&#8243; _module_preset=&#8221;default&#8221;]<\/p>\n<h4><span style=\"color: #800000;\">Raduno della Domenica Auto Storiche Milano<\/span><\/h4>\n<p>Ogni domenica mattina, il cuore di Milano si\u00a0trasforma in un museo a cielo aperto grazie al raduno ideato da Carlo Maria Del Conte. Nato il\u00a018 aprile 2021 e stabilmente ospitato nella cornice di Piazza Affari da giugno 2023, l&#8217;evento\u00a0rappresenta un presidio di socialit\u00e0 reale e cultura motoristica. Si tratta di un incontro\u00a0spontaneo e gratuito che richiama appassionati e collezionisti, offrendo ai proprietari di auto\u00a0storiche l&#8217;occasione di far rivivere i propri mezzi fuori dai circuiti virtuali. Divenuto ormai un\u00a0appuntamento fisso e un&#8217;attrazione turistica di rilievo per la citt\u00e0, il raduno permette a cittadini e nuove generazioni di ammirare da vicino pezzi pregiati della storia\u00a0dell&#8217;automobilismo, consolidando un punto di riferimento unico per l&#8217;aggregazione urbana e\u00a0la passione condivisa.<\/p>\n<p>[\/et_pb_text][\/et_pb_column][\/et_pb_row][et_pb_row column_structure=&#8221;1_2,1_2&#8243; padding_mobile=&#8221;on&#8221; column_padding_mobile=&#8221;on&#8221; admin_label=&#8221;row&#8221; _builder_version=&#8221;4.8.2&#8243; background_size=&#8221;initial&#8221; background_position=&#8221;top_left&#8221; background_repeat=&#8221;repeat&#8221; min_height=&#8221;190.1px&#8221; custom_margin=&#8221;10px||||false|false&#8221; custom_padding=&#8221;0px|||||&#8221; make_fullwidth=&#8221;off&#8221; use_custom_width=&#8221;off&#8221; width_unit=&#8221;on&#8221; custom_width_px=&#8221;1080&#8243; custom_width_percent=&#8221;80&#8243;][et_pb_column type=&#8221;1_2&#8243; _builder_version=&#8221;3.25&#8243; custom_padding=&#8221;|||&#8221; custom_padding__hover=&#8221;|||&#8221;][et_pb_text _builder_version=&#8221;4.8.2&#8243; _module_preset=&#8221;default&#8221;]<\/p>\n<h4><span style=\"color: #800000;\">AIDA &#8211; Associazione Italiana Donne per l\u2019Automotive<\/span><\/h4>\n<p>Nasce a Torino nel 2024, AIDA \u00e8 un progetto che unisce donne e uomini del settore, e non solo, con una visione audace: promuovere la presenza e l\u2019avanzamento delle donne nel mondo automotive, del motorsport e dei trasporti. AIDA si impegna ogni giorno per sfidare gli stereotipi, sostenere la formazione e creare nuove opportunit\u00e0 per le generazioni presenti e future.<\/p>\n<p>&nbsp;<\/p>\n<p>[\/et_pb_text][\/et_pb_column][et_pb_column type=&#8221;1_2&#8243; _builder_version=&#8221;3.25&#8243; custom_padding=&#8221;|||&#8221; custom_padding__hover=&#8221;|||&#8221;][et_pb_text _builder_version=&#8221;4.8.2&#8243; _module_preset=&#8221;default&#8221;]<\/p>\n<h4><span style=\"color: #800000;\">Fondazione Una Nessuna Centomila<\/span><\/h4>\n<p>E&#8217; la prima fondazione italiana\u00a0che vuole sostenere i Centri Antiviolenza, promuovere la prevenzione e il contrasto della\u00a0violenza contro le donne, anche attraverso un cambiamento culturale nella societ\u00e0,\u00a0utilizzando linguaggi artistici e immediati come la musica, il teatro, il cinema ed entrando\u00a0nelle scuole italiane con iniziative educative sull\u2019affettivit\u00e0, coinvolgendo insegnanti, ragazzi e\u00a0ragazze.<\/p>\n<p>[\/et_pb_text][\/et_pb_column][\/et_pb_row][et_pb_row padding_mobile=&#8221;on&#8221; column_padding_mobile=&#8221;on&#8221; admin_label=&#8221;row&#8221; _builder_version=&#8221;4.8.2&#8243; background_size=&#8221;initial&#8221; background_position=&#8221;top_left&#8221; background_repeat=&#8221;repeat&#8221; custom_margin=&#8221;10px||||false|false&#8221; custom_padding=&#8221;0px|||&#8221; make_fullwidth=&#8221;off&#8221; use_custom_width=&#8221;off&#8221; width_unit=&#8221;on&#8221; custom_width_px=&#8221;1080&#8243; custom_width_percent=&#8221;80&#8243;][et_pb_column type=&#8221;4_4&#8243; _builder_version=&#8221;3.25&#8243; custom_padding=&#8221;|||&#8221; custom_padding__hover=&#8221;|||&#8221;][et_pb_divider _builder_version=&#8221;4.8.2&#8243; _module_preset=&#8221;default&#8221;][\/et_pb_divider][\/et_pb_column][\/et_pb_row][et_pb_row padding_mobile=&#8221;on&#8221; column_padding_mobile=&#8221;on&#8221; admin_label=&#8221;row&#8221; _builder_version=&#8221;4.8.2&#8243; background_size=&#8221;initial&#8221; background_position=&#8221;top_left&#8221; background_repeat=&#8221;repeat&#8221; custom_margin=&#8221;10px||||false|false&#8221; custom_padding=&#8221;0px|||&#8221; make_fullwidth=&#8221;off&#8221; use_custom_width=&#8221;off&#8221; width_unit=&#8221;on&#8221; custom_width_px=&#8221;1080&#8243; custom_width_percent=&#8221;80&#8243;][et_pb_column type=&#8221;4_4&#8243; _builder_version=&#8221;3.25&#8243; custom_padding=&#8221;|||&#8221; custom_padding__hover=&#8221;|||&#8221;][et_pb_text _builder_version=&#8221;4.8.2&#8243; _module_preset=&#8221;default&#8221;]<\/p>\n<h2><span style=\"color: #800000;\"><em>Dicono di noi&#8230; <\/em><\/span><\/h2>\n<h2>qui una breve rassegna stampa dedicata all&#8217;evento<\/h2>\n<p>[\/et_pb_text][\/et_pb_column][\/et_pb_row][et_pb_row column_structure=&#8221;1_4,3_4&#8243; padding_mobile=&#8221;on&#8221; column_padding_mobile=&#8221;on&#8221; admin_label=&#8221;row&#8221; _builder_version=&#8221;4.8.2&#8243; background_size=&#8221;initial&#8221; background_position=&#8221;top_left&#8221; background_repeat=&#8221;repeat&#8221; custom_margin=&#8221;10px||||false|false&#8221; custom_padding=&#8221;0px|||&#8221; make_fullwidth=&#8221;off&#8221; use_custom_width=&#8221;off&#8221; width_unit=&#8221;on&#8221; custom_width_px=&#8221;1080&#8243; custom_width_percent=&#8221;80&#8243;][et_pb_column type=&#8221;1_4&#8243; _builder_version=&#8221;3.25&#8243; custom_padding=&#8221;|||&#8221; custom_padding__hover=&#8221;|||&#8221;][\/et_pb_column][et_pb_column type=&#8221;3_4&#8243; _builder_version=&#8221;3.25&#8243; custom_padding=&#8221;|||&#8221; custom_padding__hover=&#8221;|||&#8221;][et_pb_text admin_label=&#8221;Blocco testo 1&#8243; _builder_version=&#8221;4.8.2&#8243; text_font=&#8221;PT Sans||||&#8221; text_text_color=&#8221;#363636&#8243; text_font_size=&#8221;20&#8243; text_letter_spacing=&#8221;0&#8243; text_line_height=&#8221;1.2em&#8221; header_font_size=&#8221;30&#8243; header_letter_spacing=&#8221;0&#8243; header_line_height=&#8221;1&#8243; background_size=&#8221;initial&#8221; background_position=&#8221;top_left&#8221; background_repeat=&#8221;repeat&#8221; max_width=&#8221;620px&#8221; custom_margin=&#8221;0px||0px||false|false&#8221; text_font_size_tablet=&#8221;&#8221; text_font_size_phone=&#8221;&#8221; text_font_size_last_edited=&#8221;on|tablet&#8221; use_border_color=&#8221;off&#8221; border_color=&#8221;#ffffff&#8221; border_width=&#8221;1&#8243; border_style=&#8221;solid&#8221;]<\/p>\n<p><iframe src=\"https:\/\/player-radio24.ilsole24ore.com\/?theme=standard&amp;episode=eyJpIjoiaHR0cHM6Ly9pMi5yZXMuMjRvLml0L3JhZGlvMjQvYXNzZXRzL2ltZy9SYWRpbzI0L19JbW1hZ2luaS8yMDI2LzA0LzI4MDQyNi1hdXRvLWVwb2NhLmpwZz9yPTU3NngzNjAmZmlsdGVyPWFwcCIsInMiOiJodHRwczovL3BvZGNhc3QtcmFkaW8yNC5pbHNvbGUyNG9yZS5jb20vcmFkaW8yNF9hdWRpby8yMDI2LzI2MDQyOC1zbWFydC1jYXIubXAzP2F3Q29sbGVjdGlvbklkPXNtYXJ0LWNhciZhd0VwaXNvZGVJZD0yNjA0Mjgtc21hcnQtY2FyIiwidCI6IjE1MjIgTW90b3JpIGluIE1hcmNpYTogaW4gcGlzdGEgcGVyIHVuIGZ1dHVybyBzZW56YSB2aW9sZW56YSBkaSBnZW5lcmUiLCJwIjoiU21hcnQgQ2FyIiwiZCI6IkNvbsKgRWxpc2FiZXR0YSBDb3p6aSwgcHJlc2lkZW50ZSBlIGZvbmRhdHJpY2UgZGVsIE11c2VvIEZyYXRlbGxpIENvenppTOKAmWluaXppYXRpdmEgMTUyMiBNb3RvcmkgaW4gbWFyY2lhIHRyYXNmb3JtYSBpbCBtb3RvcmlzbW8gc3RvcmljbyBpbiB1bidhbGxlYW56YSBjb2xsZXR0aXZhIGRpIHJlc3BvbnNhYmlsaXTDoCBjaXZpbGUsIGRvdmUgYXV0byBlIG1vdG8gZOKAmWVwb2NhIHNmaWxhbm8gbm9uIHBlciBjb21wZXRlcmUsIG1hIHBlciBjb250cmFzdGFyZSB1bml0aSBsYSB2aW9sZW56YSBkaSBnZW5lcmUuIEF0dHJhdmVyc28gbCdlc3Bvc2l6aW9uZSBkZWwgbnVtZXJvIDE1MjIgc3UgcG9ydGllcmUgZSBjb2ZhbmksIGkgdmVpY29saSBkaXZlbnRhbm8gbWVzc2FnZ2VyaSBpdGluZXJhbnRpIGRpIHVuYSByZXRlIGRpIHN1cHBvcnRvIGZvbmRhbWVudGFsZSwgcHJvbXVvdmVuZG8gbGEgY29uc2FwZXZvbGV6emEgZSBsYSBzb2xpZGFyaWV0w6AgbHVuZ28gdHV0dG8gaWwgcGVyY29yc28gZGVsIHJhZHVuby4gUXVlc3RhIHNpbmVyZ2lhIHRyYSBwYXNzaW9uZSBwZXIgaSBtb3RvcmkgZSBpbXBlZ25vIGlzdGl0dXppb25hbGUgcGVybWV0dGUgZGkgbW9iaWxpdGFyZSBsYSBjb2xsZXR0aXZpdMOgIGUgc29zdGVuZXJlIGNhdXNlIGNvbmNyZXRlLCBjb25mZXJtYW5kbyBpbCBydW9sbyBzb2NpYWxlIGRlbGxhIGN1bHR1cmEgYXV0b21vYmlsaXN0aWNhIG5lbCBwcm9tdW92ZXJlIHVuIGNhbWJpYW1lbnRvIGN1bHR1cmFsZSB1cmdlbnRlIC0gc290dG9saW5lYSBFbGlzYWJldHRhIENvenppLCBwcmVzaWRlbnRlIGUgZm9uZGF0cmljZSBkZWwgTXVzZW8gRnJhdGVsbGkgQ296emkuIiwibCI6Imh0dHBzOi8vd3d3LnJhZGlvMjQuaWxzb2xlMjRvcmUuY29tL3Byb2dyYW1taS9zbWFydC1jYXIvcHVudGF0YS90cmFzbWlzc2lvbmUtMjgtYXByaWxlLTIwMjYtNzAwMC0yMzI2ODExNzk5NDk1MTgyIn0=\" frameborder=\"0\" allow=\"autoplay; clipboard-write; encrypted-media; fullscreen; picture-in-picture\" loading=\"lazy\" allowfullscreen=\"\" style=\"width: 100%; height: 200px; border: 0px;\"><\/iframe><\/p>\n<p>[\/et_pb_text][et_pb_divider _builder_version=&#8221;4.8.2&#8243; _module_preset=&#8221;default&#8221;][\/et_pb_divider][et_pb_text admin_label=&#8221;Blocco testo 1&#8243; _builder_version=&#8221;4.8.2&#8243; text_font=&#8221;PT Sans||||&#8221; text_text_color=&#8221;#363636&#8243; text_font_size=&#8221;20&#8243; text_letter_spacing=&#8221;0&#8243; text_line_height=&#8221;1.2em&#8221; header_font_size=&#8221;30&#8243; header_letter_spacing=&#8221;0&#8243; header_line_height=&#8221;1&#8243; background_size=&#8221;initial&#8221; background_position=&#8221;top_left&#8221; background_repeat=&#8221;repeat&#8221; max_width=&#8221;620px&#8221; custom_margin=&#8221;0px||0px||false|false&#8221; text_font_size_tablet=&#8221;&#8221; text_font_size_phone=&#8221;&#8221; text_font_size_last_edited=&#8221;on|tablet&#8221; use_border_color=&#8221;off&#8221; border_color=&#8221;#ffffff&#8221; border_width=&#8221;1&#8243; border_style=&#8221;solid&#8221;]<\/p>\n<h4><span style=\"color: #800000;\"><a href=\"https:\/\/ruoteclassiche.quattroruote.it\/le-auto-storiche-contro-la-violenza-di-genere\/\" target=\"_blank\" rel=\"noopener noreferrer\" style=\"color: #800000;\">Ruoteclassiche\u00a0<\/a><\/span><\/h4>\n<p>Le auto storiche contro la violenza di genere<br \/> Con \u201c1522 | Motori in marcia contro la violenza sulle donne\u201d, macchine e moto d\u2019epoca sfilano per un importante impegno sociale<\/p>\n<h4><span style=\"color: #800000;\"><a href=\"https:\/\/www.lautomobile.aci.it\/attualita\/motori-in-marcia-contro-la-violenza-sulle-donne\/\" target=\"_blank\" rel=\"noopener noreferrer\" style=\"color: #800000;\">L&#8217;Automobile &#8211; ACI<\/a><\/span><\/h4>\n<p>Non \u00e8 una sfilata, non \u00e8 un semplice raduno. \u00c8 un corteo che parla, attraversa le citt\u00e0 e chiede attenzione. Il mondo delle auto e moto storiche scende in strada il prossimo 10 maggio da Legnano al centro di Milano con un messaggio preciso e urgente: dire basta alla violenza sulle donne.<\/p>\n<h4><span style=\"color: #800000;\"><a href=\"https:\/\/www.donneinauto.it\/2026\/04\/motori-in-marcia-contro-la-violenza-sulle-donne-1522\/\" target=\"_blank\" rel=\"noopener noreferrer\" style=\"color: #800000;\">Donne In Auto<\/a><\/span><\/h4>\n<p>Motori in marcia contro la violenza sulle donne: da Legnano a Milano il raduno che sostiene il 1522<br \/> Ci sono eventi che uniscono la passione. E poi ce ne sono altri che la trasformano in qualcosa di pi\u00f9 dirompente: un messaggio, un impegno, una presa di posizione collettiva.<br \/> \u201c1522 | Motori in marcia contro la violenza sulle donne\u201d appartiene senza dubbio alla seconda categoria.<\/p>\n<p>[\/et_pb_text][\/et_pb_column][\/et_pb_row][\/et_pb_section][et_pb_section fb_built=&#8221;1&#8243; fullwidth=&#8221;on&#8221; _builder_version=&#8221;4.8.2&#8243; _module_preset=&#8221;default&#8221;][et_pb_fullwidth_image src=&#8221;https:\/\/www.museofratellicozzi.com\/news\/wp-content\/uploads\/2026\/08\/1522_adesivo-con-3-loghi-orizzontale-pdf.jpg&#8221; title_text=&#8221;1522_adesivo con 3 loghi orizzontale&#8221; _builder_version=&#8221;4.8.2&#8243; _module_preset=&#8221;default&#8221;][\/et_pb_fullwidth_image][\/et_pb_section]<\/p>\n","protected":false},"excerpt":{"rendered":"<p>[et_pb_section fb_built=&#8221;1&#8243; admin_label=&#8221;Sezione&#8221; _builder_version=&#8221;3.22&#8243; custom_padding=&#8221;0px|||&#8221; transparent_background=&#8221;off&#8221; make_fullwidth=&#8221;off&#8221; use_custom_width=&#8221;off&#8221; width_unit=&#8221;on&#8221; custom_width_px=&#8221;1080&#8243; custom_width_percent=&#8221;80&#8243;][et_pb_row use_custom_gutter=&#8221;on&#8221; gutter_width=&#8221;1&#8243; disabled_on=&#8221;off|off|off&#8221; admin_label=&#8221;Riga&#8221; module_class=&#8221; et_pb_row_fullwidth&#8221; _builder_version=&#8221;3.25&#8243; background_size=&#8221;initial&#8221; background_position=&#8221;top_left&#8221; background_repeat=&#8221;repeat&#8221; width=&#8221;100%&#8221; width_tablet=&#8221;100%&#8221; width_phone=&#8221;&#8221; width_last_edited=&#8221;on|desktop&#8221; max_width=&#8221;100%&#8221; max_width_tablet=&#8221;100%&#8221; max_width_phone=&#8221;&#8221; max_width_last_edited=&#8221;on|desktop&#8221; custom_padding=&#8221;0px|||&#8221; make_fullwidth=&#8221;on&#8221; use_custom_width=&#8221;off&#8221; width_unit=&#8221;on&#8221; custom_width_px=&#8221;1080&#8243; custom_width_percent=&#8221;80&#8243;][et_pb_column type=&#8221;4_4&#8243; _builder_version=&#8221;3.25&#8243; custom_padding=&#8221;|||&#8221; custom_padding__hover=&#8221;|||&#8221;][et_pb_image src=&#8221;https:\/\/www.museofratellicozzi.com\/news\/wp-content\/uploads\/2026\/08\/You-Tube-SEMPIONE-2026-08-23T205101.162.jpg&#8221; alt=&#8221;Alfa Romeo Arna &#8221; title_text=&#8221;1522 agg settembre&#8221; force_fullwidth=&#8221;on&#8221; align_tablet=&#8221;center&#8221; align_phone=&#8221;&#8221; align_last_edited=&#8221;on|desktop&#8221; admin_label=&#8221;Immagine principale&#8221; _builder_version=&#8221;4.8.2&#8243; animation=&#8221;off&#8221; [&hellip;]<\/p>\n","protected":false},"author":7,"featured_media":27124,"comment_status":"open","ping_status":"open","sticky":false,"template":"","format":"standard","meta":{"_et_pb_use_builder":"on","_et_pb_old_content":"","_et_gb_content_width":"","_jetpack_memberships_contains_paid_content":false,"footnotes":""},"categories":[775,777,872,776,1],"tags":[966,21,209,180,112,113,406,967],"class_list":["post-27123","post","type-post","status-publish","format-standard","has-post-thumbnail","hentry","category-associazione","category-cultura-dimpresa","category-donne-e-motori","category-woman-in-power","category-senza-categoria","tag-966","tag-alfa-romeo","tag-automotive","tag-cozzi","tag-donne","tag-motori","tag-museo-fratelli-cozzi","tag-violenza-di-genere","et-has-post-format-content","et_post_format-et-post-format-standard"],"yoast_head":"<!-- This site is optimized with the Yoast SEO plugin v26.8 - https:\/\/yoast.com\/product\/yoast-seo-wordpress\/ -->\n<title>1522 | Motori in marcia contro la violenza sulle donne -<\/title>\n<meta name=\"description\" content=\"Domenica 20 settembre, auto e moto storiche unite per combattere la violenza. Scopri l&#039;evento 1522,\u00a0raduno itinerante di auto e moto d\u2019epoca\" \/>\n<meta name=\"robots\" content=\"index, follow, max-snippet:-1, max-image-preview:large, max-video-preview:-1\" \/>\n<link rel=\"canonical\" href=\"https:\/\/www.museofratellicozzi.com\/news\/1522-motori-in-marcia-contro-la-violenza-sulle-donne-settembre\/\" \/>\n<meta property=\"og:locale\" content=\"it_IT\" \/>\n<meta property=\"og:type\" content=\"article\" \/>\n<meta property=\"og:title\" content=\"1522 | Motori in marcia contro la violenza sulle donne -\" \/>\n<meta property=\"og:description\" content=\"Domenica 20 settembre, auto e moto storiche unite per combattere la violenza. Scopri l&#039;evento 1522,\u00a0raduno itinerante di auto e moto d\u2019epoca\" \/>\n<meta property=\"og:url\" content=\"https:\/\/www.museofratellicozzi.com\/news\/1522-motori-in-marcia-contro-la-violenza-sulle-donne-settembre\/\" \/>\n<meta property=\"og:site_name\" content=\"eNews Museo Fratelli Cozzi\" \/>\n<meta property=\"article:published_time\" content=\"2026-08-24T16:07:34+00:00\" \/>\n<meta property=\"article:modified_time\" content=\"2026-09-01T14:46:07+00:00\" \/>\n<meta property=\"og:image\" content=\"https:\/\/www.museofratellicozzi.com\/news\/wp-content\/uploads\/2026\/08\/You-Tube-SEMPIONE-2026-08-23T205101.162.jpg\" \/>\n\t<meta property=\"og:image:width\" content=\"1920\" \/>\n\t<meta property=\"og:image:height\" content=\"1080\" \/>\n\t<meta property=\"og:image:type\" content=\"image\/jpeg\" \/>\n<meta name=\"author\" content=\"Elisabetta Cozzi\" \/>\n<meta name=\"twitter:card\" content=\"summary_large_image\" \/>\n<meta name=\"twitter:label1\" content=\"Scritto da\" \/>\n\t<meta name=\"twitter:data1\" content=\"Elisabetta Cozzi\" \/>\n\t<meta name=\"twitter:label2\" content=\"Tempo di lettura stimato\" \/>\n\t<meta name=\"twitter:data2\" content=\"6 minuti\" \/>\n<script type=\"application\/ld+json\" class=\"yoast-schema-graph\">{\"@context\":\"https:\/\/schema.org\",\"@graph\":[{\"@type\":\"Article\",\"@id\":\"https:\/\/www.museofratellicozzi.com\/news\/1522-motori-in-marcia-contro-la-violenza-sulle-donne-settembre\/#article\",\"isPartOf\":{\"@id\":\"https:\/\/www.museofratellicozzi.com\/news\/1522-motori-in-marcia-contro-la-violenza-sulle-donne-settembre\/\"},\"author\":{\"name\":\"Elisabetta Cozzi\",\"@id\":\"https:\/\/www.museofratellicozzi.com\/news\/#\/schema\/person\/3c2c242e79e59f9be7b62a0d9673e40d\"},\"headline\":\"1522 | Motori in marcia contro la violenza sulle donne\",\"datePublished\":\"2026-08-24T16:07:34+00:00\",\"dateModified\":\"2026-09-01T14:46:07+00:00\",\"mainEntityOfPage\":{\"@id\":\"https:\/\/www.museofratellicozzi.com\/news\/1522-motori-in-marcia-contro-la-violenza-sulle-donne-settembre\/\"},\"wordCount\":4466,\"commentCount\":0,\"publisher\":{\"@id\":\"https:\/\/www.museofratellicozzi.com\/news\/#organization\"},\"image\":{\"@id\":\"https:\/\/www.museofratellicozzi.com\/news\/1522-motori-in-marcia-contro-la-violenza-sulle-donne-settembre\/#primaryimage\"},\"thumbnailUrl\":\"https:\/\/www.museofratellicozzi.com\/news\/wp-content\/uploads\/2026\/08\/You-Tube-SEMPIONE-2026-08-23T205101.162.jpg\",\"keywords\":[\"1522\",\"alfa romeo\",\"automotive\",\"cozzi\",\"donne\",\"motori\",\"Museo Fratelli Cozzi\",\"Violenza di genere\"],\"articleSection\":[\"Associazione\",\"Cultura d'impresa\",\"Donne e Motori\",\"Empowerment femminile\"],\"inLanguage\":\"it-IT\",\"potentialAction\":[{\"@type\":\"CommentAction\",\"name\":\"Comment\",\"target\":[\"https:\/\/www.museofratellicozzi.com\/news\/1522-motori-in-marcia-contro-la-violenza-sulle-donne-settembre\/#respond\"]}]},{\"@type\":\"WebPage\",\"@id\":\"https:\/\/www.museofratellicozzi.com\/news\/1522-motori-in-marcia-contro-la-violenza-sulle-donne-settembre\/\",\"url\":\"https:\/\/www.museofratellicozzi.com\/news\/1522-motori-in-marcia-contro-la-violenza-sulle-donne-settembre\/\",\"name\":\"1522 | Motori in marcia contro la violenza sulle donne -\",\"isPartOf\":{\"@id\":\"https:\/\/www.museofratellicozzi.com\/news\/#website\"},\"primaryImageOfPage\":{\"@id\":\"https:\/\/www.museofratellicozzi.com\/news\/1522-motori-in-marcia-contro-la-violenza-sulle-donne-settembre\/#primaryimage\"},\"image\":{\"@id\":\"https:\/\/www.museofratellicozzi.com\/news\/1522-motori-in-marcia-contro-la-violenza-sulle-donne-settembre\/#primaryimage\"},\"thumbnailUrl\":\"https:\/\/www.museofratellicozzi.com\/news\/wp-content\/uploads\/2026\/08\/You-Tube-SEMPIONE-2026-08-23T205101.162.jpg\",\"datePublished\":\"2026-08-24T16:07:34+00:00\",\"dateModified\":\"2026-09-01T14:46:07+00:00\",\"description\":\"Domenica 20 settembre, auto e moto storiche unite per combattere la violenza. Scopri l'evento 1522,\u00a0raduno itinerante di auto e moto d\u2019epoca\",\"breadcrumb\":{\"@id\":\"https:\/\/www.museofratellicozzi.com\/news\/1522-motori-in-marcia-contro-la-violenza-sulle-donne-settembre\/#breadcrumb\"},\"inLanguage\":\"it-IT\",\"potentialAction\":[{\"@type\":\"ReadAction\",\"target\":[\"https:\/\/www.museofratellicozzi.com\/news\/1522-motori-in-marcia-contro-la-violenza-sulle-donne-settembre\/\"]}]},{\"@type\":\"ImageObject\",\"inLanguage\":\"it-IT\",\"@id\":\"https:\/\/www.museofratellicozzi.com\/news\/1522-motori-in-marcia-contro-la-violenza-sulle-donne-settembre\/#primaryimage\",\"url\":\"https:\/\/www.museofratellicozzi.com\/news\/wp-content\/uploads\/2026\/08\/You-Tube-SEMPIONE-2026-08-23T205101.162.jpg\",\"contentUrl\":\"https:\/\/www.museofratellicozzi.com\/news\/wp-content\/uploads\/2026\/08\/You-Tube-SEMPIONE-2026-08-23T205101.162.jpg\",\"width\":1920,\"height\":1080},{\"@type\":\"BreadcrumbList\",\"@id\":\"https:\/\/www.museofratellicozzi.com\/news\/1522-motori-in-marcia-contro-la-violenza-sulle-donne-settembre\/#breadcrumb\",\"itemListElement\":[{\"@type\":\"ListItem\",\"position\":1,\"name\":\"Home\",\"item\":\"https:\/\/www.museofratellicozzi.com\/news\/\"},{\"@type\":\"ListItem\",\"position\":2,\"name\":\"1522 | Motori in marcia contro la violenza sulle donne\"}]},{\"@type\":\"WebSite\",\"@id\":\"https:\/\/www.museofratellicozzi.com\/news\/#website\",\"url\":\"https:\/\/www.museofratellicozzi.com\/news\/\",\"name\":\"eNews Museo Fratelli Cozzi\",\"description\":\"Alfa Romeo: un mito che resiste al tempo\",\"publisher\":{\"@id\":\"https:\/\/www.museofratellicozzi.com\/news\/#organization\"},\"potentialAction\":[{\"@type\":\"SearchAction\",\"target\":{\"@type\":\"EntryPoint\",\"urlTemplate\":\"https:\/\/www.museofratellicozzi.com\/news\/?s={search_term_string}\"},\"query-input\":{\"@type\":\"PropertyValueSpecification\",\"valueRequired\":true,\"valueName\":\"search_term_string\"}}],\"inLanguage\":\"it-IT\"},{\"@type\":\"Organization\",\"@id\":\"https:\/\/www.museofratellicozzi.com\/news\/#organization\",\"name\":\"Museo Fratelli Cozzi\",\"url\":\"https:\/\/www.museofratellicozzi.com\/news\/\",\"logo\":{\"@type\":\"ImageObject\",\"inLanguage\":\"it-IT\",\"@id\":\"https:\/\/www.museofratellicozzi.com\/news\/#\/schema\/logo\/image\/\",\"url\":\"https:\/\/www.museofratellicozzi.com\/news\/wp-content\/uploads\/2017\/04\/home.png\",\"contentUrl\":\"https:\/\/www.museofratellicozzi.com\/news\/wp-content\/uploads\/2017\/04\/home.png\",\"width\":497,\"height\":512,\"caption\":\"Museo Fratelli Cozzi\"},\"image\":{\"@id\":\"https:\/\/www.museofratellicozzi.com\/news\/#\/schema\/logo\/image\/\"}},{\"@type\":\"Person\",\"@id\":\"https:\/\/www.museofratellicozzi.com\/news\/#\/schema\/person\/3c2c242e79e59f9be7b62a0d9673e40d\",\"name\":\"Elisabetta Cozzi\",\"image\":{\"@type\":\"ImageObject\",\"inLanguage\":\"it-IT\",\"@id\":\"https:\/\/www.museofratellicozzi.com\/news\/#\/schema\/person\/image\/\",\"url\":\"https:\/\/secure.gravatar.com\/avatar\/a761e7642145a4506dbd3685a69db0fc?s=96&d=mm&r=g\",\"contentUrl\":\"https:\/\/secure.gravatar.com\/avatar\/a761e7642145a4506dbd3685a69db0fc?s=96&d=mm&r=g\",\"caption\":\"Elisabetta Cozzi\"}}]}<\/script>\n<!-- \/ Yoast SEO plugin. -->","yoast_head_json":{"title":"1522 | Motori in marcia contro la violenza sulle donne -","description":"Domenica 20 settembre, auto e moto storiche unite per combattere la violenza. Scopri l'evento 1522,\u00a0raduno itinerante di auto e moto d\u2019epoca","robots":{"index":"index","follow":"follow","max-snippet":"max-snippet:-1","max-image-preview":"max-image-preview:large","max-video-preview":"max-video-preview:-1"},"canonical":"https:\/\/www.museofratellicozzi.com\/news\/1522-motori-in-marcia-contro-la-violenza-sulle-donne-settembre\/","og_locale":"it_IT","og_type":"article","og_title":"1522 | Motori in marcia contro la violenza sulle donne -","og_description":"Domenica 20 settembre, auto e moto storiche unite per combattere la violenza. Scopri l'evento 1522,\u00a0raduno itinerante di auto e moto d\u2019epoca","og_url":"https:\/\/www.museofratellicozzi.com\/news\/1522-motori-in-marcia-contro-la-violenza-sulle-donne-settembre\/","og_site_name":"eNews Museo Fratelli Cozzi","article_published_time":"2026-08-24T16:07:34+00:00","article_modified_time":"2026-09-01T14:46:07+00:00","og_image":[{"width":1920,"height":1080,"url":"https:\/\/www.museofratellicozzi.com\/news\/wp-content\/uploads\/2026\/08\/You-Tube-SEMPIONE-2026-08-23T205101.162.jpg","type":"image\/jpeg"}],"author":"Elisabetta Cozzi","twitter_card":"summary_large_image","twitter_misc":{"Scritto da":"Elisabetta Cozzi","Tempo di lettura stimato":"6 minuti"},"schema":{"@context":"https:\/\/schema.org","@graph":[{"@type":"Article","@id":"https:\/\/www.museofratellicozzi.com\/news\/1522-motori-in-marcia-contro-la-violenza-sulle-donne-settembre\/#article","isPartOf":{"@id":"https:\/\/www.museofratellicozzi.com\/news\/1522-motori-in-marcia-contro-la-violenza-sulle-donne-settembre\/"},"author":{"name":"Elisabetta Cozzi","@id":"https:\/\/www.museofratellicozzi.com\/news\/#\/schema\/person\/3c2c242e79e59f9be7b62a0d9673e40d"},"headline":"1522 | Motori in marcia contro la violenza sulle donne","datePublished":"2026-08-24T16:07:34+00:00","dateModified":"2026-09-01T14:46:07+00:00","mainEntityOfPage":{"@id":"https:\/\/www.museofratellicozzi.com\/news\/1522-motori-in-marcia-contro-la-violenza-sulle-donne-settembre\/"},"wordCount":4466,"commentCount":0,"publisher":{"@id":"https:\/\/www.museofratellicozzi.com\/news\/#organization"},"image":{"@id":"https:\/\/www.museofratellicozzi.com\/news\/1522-motori-in-marcia-contro-la-violenza-sulle-donne-settembre\/#primaryimage"},"thumbnailUrl":"https:\/\/www.museofratellicozzi.com\/news\/wp-content\/uploads\/2026\/08\/You-Tube-SEMPIONE-2026-08-23T205101.162.jpg","keywords":["1522","alfa romeo","automotive","cozzi","donne","motori","Museo Fratelli Cozzi","Violenza di genere"],"articleSection":["Associazione","Cultura d'impresa","Donne e Motori","Empowerment femminile"],"inLanguage":"it-IT","potentialAction":[{"@type":"CommentAction","name":"Comment","target":["https:\/\/www.museofratellicozzi.com\/news\/1522-motori-in-marcia-contro-la-violenza-sulle-donne-settembre\/#respond"]}]},{"@type":"WebPage","@id":"https:\/\/www.museofratellicozzi.com\/news\/1522-motori-in-marcia-contro-la-violenza-sulle-donne-settembre\/","url":"https:\/\/www.museofratellicozzi.com\/news\/1522-motori-in-marcia-contro-la-violenza-sulle-donne-settembre\/","name":"1522 | Motori in marcia contro la violenza sulle donne -","isPartOf":{"@id":"https:\/\/www.museofratellicozzi.com\/news\/#website"},"primaryImageOfPage":{"@id":"https:\/\/www.museofratellicozzi.com\/news\/1522-motori-in-marcia-contro-la-violenza-sulle-donne-settembre\/#primaryimage"},"image":{"@id":"https:\/\/www.museofratellicozzi.com\/news\/1522-motori-in-marcia-contro-la-violenza-sulle-donne-settembre\/#primaryimage"},"thumbnailUrl":"https:\/\/www.museofratellicozzi.com\/news\/wp-content\/uploads\/2026\/08\/You-Tube-SEMPIONE-2026-08-23T205101.162.jpg","datePublished":"2026-08-24T16:07:34+00:00","dateModified":"2026-09-01T14:46:07+00:00","description":"Domenica 20 settembre, auto e moto storiche unite per combattere la violenza. Scopri l'evento 1522,\u00a0raduno itinerante di auto e moto d\u2019epoca","breadcrumb":{"@id":"https:\/\/www.museofratellicozzi.com\/news\/1522-motori-in-marcia-contro-la-violenza-sulle-donne-settembre\/#breadcrumb"},"inLanguage":"it-IT","potentialAction":[{"@type":"ReadAction","target":["https:\/\/www.museofratellicozzi.com\/news\/1522-motori-in-marcia-contro-la-violenza-sulle-donne-settembre\/"]}]},{"@type":"ImageObject","inLanguage":"it-IT","@id":"https:\/\/www.museofratellicozzi.com\/news\/1522-motori-in-marcia-contro-la-violenza-sulle-donne-settembre\/#primaryimage","url":"https:\/\/www.museofratellicozzi.com\/news\/wp-content\/uploads\/2026\/08\/You-Tube-SEMPIONE-2026-08-23T205101.162.jpg","contentUrl":"https:\/\/www.museofratellicozzi.com\/news\/wp-content\/uploads\/2026\/08\/You-Tube-SEMPIONE-2026-08-23T205101.162.jpg","width":1920,"height":1080},{"@type":"BreadcrumbList","@id":"https:\/\/www.museofratellicozzi.com\/news\/1522-motori-in-marcia-contro-la-violenza-sulle-donne-settembre\/#breadcrumb","itemListElement":[{"@type":"ListItem","position":1,"name":"Home","item":"https:\/\/www.museofratellicozzi.com\/news\/"},{"@type":"ListItem","position":2,"name":"1522 | Motori in marcia contro la violenza sulle donne"}]},{"@type":"WebSite","@id":"https:\/\/www.museofratellicozzi.com\/news\/#website","url":"https:\/\/www.museofratellicozzi.com\/news\/","name":"eNews Museo Fratelli Cozzi","description":"Alfa Romeo: un mito che resiste al tempo","publisher":{"@id":"https:\/\/www.museofratellicozzi.com\/news\/#organization"},"potentialAction":[{"@type":"SearchAction","target":{"@type":"EntryPoint","urlTemplate":"https:\/\/www.museofratellicozzi.com\/news\/?s={search_term_string}"},"query-input":{"@type":"PropertyValueSpecification","valueRequired":true,"valueName":"search_term_string"}}],"inLanguage":"it-IT"},{"@type":"Organization","@id":"https:\/\/www.museofratellicozzi.com\/news\/#organization","name":"Museo Fratelli Cozzi","url":"https:\/\/www.museofratellicozzi.com\/news\/","logo":{"@type":"ImageObject","inLanguage":"it-IT","@id":"https:\/\/www.museofratellicozzi.com\/news\/#\/schema\/logo\/image\/","url":"https:\/\/www.museofratellicozzi.com\/news\/wp-content\/uploads\/2017\/04\/home.png","contentUrl":"https:\/\/www.museofratellicozzi.com\/news\/wp-content\/uploads\/2017\/04\/home.png","width":497,"height":512,"caption":"Museo Fratelli Cozzi"},"image":{"@id":"https:\/\/www.museofratellicozzi.com\/news\/#\/schema\/logo\/image\/"}},{"@type":"Person","@id":"https:\/\/www.museofratellicozzi.com\/news\/#\/schema\/person\/3c2c242e79e59f9be7b62a0d9673e40d","name":"Elisabetta Cozzi","image":{"@type":"ImageObject","inLanguage":"it-IT","@id":"https:\/\/www.museofratellicozzi.com\/news\/#\/schema\/person\/image\/","url":"https:\/\/secure.gravatar.com\/avatar\/a761e7642145a4506dbd3685a69db0fc?s=96&d=mm&r=g","contentUrl":"https:\/\/secure.gravatar.com\/avatar\/a761e7642145a4506dbd3685a69db0fc?s=96&d=mm&r=g","caption":"Elisabetta Cozzi"}}]}},"jetpack_featured_media_url":"https:\/\/www.museofratellicozzi.com\/news\/wp-content\/uploads\/2026\/08\/You-Tube-SEMPIONE-2026-08-23T205101.162.jpg","jetpack_shortlink":"https:\/\/wp.me\/p90Eth-73t","jetpack_sharing_enabled":true,"post_mailing_queue_ids":[],"_links":{"self":[{"href":"https:\/\/www.museofratellicozzi.com\/news\/wp-json\/wp\/v2\/posts\/27123","targetHints":{"allow":["GET"]}}],"collection":[{"href":"https:\/\/www.museofratellicozzi.com\/news\/wp-json\/wp\/v2\/posts"}],"about":[{"href":"https:\/\/www.museofratellicozzi.com\/news\/wp-json\/wp\/v2\/types\/post"}],"author":[{"embeddable":true,"href":"https:\/\/www.museofratellicozzi.com\/news\/wp-json\/wp\/v2\/users\/7"}],"replies":[{"embeddable":true,"href":"https:\/\/www.museofratellicozzi.com\/news\/wp-json\/wp\/v2\/comments?post=27123"}],"version-history":[{"count":17,"href":"https:\/\/www.museofratellicozzi.com\/news\/wp-json\/wp\/v2\/posts\/27123\/revisions"}],"predecessor-version":[{"id":27367,"href":"https:\/\/www.museofratellicozzi.com\/news\/wp-json\/wp\/v2\/posts\/27123\/revisions\/27367"}],"wp:featuredmedia":[{"embeddable":true,"href":"https:\/\/www.museofratellicozzi.com\/news\/wp-json\/wp\/v2\/media\/27124"}],"wp:attachment":[{"href":"https:\/\/www.museofratellicozzi.com\/news\/wp-json\/wp\/v2\/media?parent=27123"}],"wp:term":[{"taxonomy":"category","embeddable":true,"href":"https:\/\/www.museofratellicozzi.com\/news\/wp-json\/wp\/v2\/categories?post=27123"},{"taxonomy":"post_tag","embeddable":true,"href":"https:\/\/www.museofratellicozzi.com\/news\/wp-json\/wp\/v2\/tags?post=27123"}],"curies":[{"name":"wp","href":"https:\/\/api.w.org\/{rel}","templated":true}]}}