{"id":27131,"date":"2026-08-24T18:43:55","date_gmt":"2026-08-24T16:43:55","guid":{"rendered":"https:\/\/www.museofratellicozzi.com\/news\/?p=27131"},"modified":"2026-09-01T16:45:09","modified_gmt":"2026-09-01T14:45:09","slug":"la-montreal-non-corre-solo-su-strada","status":"publish","type":"post","link":"https:\/\/www.museofratellicozzi.com\/news\/la-montreal-non-corre-solo-su-strada\/","title":{"rendered":"La Montreal non corre solo su strada"},"content":{"rendered":"<p>[et_pb_section fb_built=&#8221;1&#8243; admin_label=&#8221;Sezione&#8221; _builder_version=&#8221;3.22&#8243; custom_padding=&#8221;0px|||&#8221; transparent_background=&#8221;off&#8221; make_fullwidth=&#8221;off&#8221; use_custom_width=&#8221;off&#8221; width_unit=&#8221;on&#8221; custom_width_px=&#8221;1080&#8243; custom_width_percent=&#8221;80&#8243;][et_pb_row _builder_version=&#8221;4.8.2&#8243; _module_preset=&#8221;default&#8221;][et_pb_column type=&#8221;4_4&#8243; _builder_version=&#8221;4.8.2&#8243; _module_preset=&#8221;default&#8221;][et_pb_image src=&#8221;https:\/\/www.museofratellicozzi.com\/news\/wp-content\/uploads\/2026\/08\/You-Tube-SEMPIONE-2026-08-24T123252.695.jpg&#8221; title_text=&#8221;Montreal Cavalli marini&#8221; _builder_version=&#8221;4.8.2&#8243; _module_preset=&#8221;default&#8221;][\/et_pb_image][\/et_pb_column][\/et_pb_row][et_pb_row admin_label=&#8221;Riga&#8221; _builder_version=&#8221;3.25&#8243; background_size=&#8221;initial&#8221; background_position=&#8221;top_left&#8221; background_repeat=&#8221;repeat&#8221; custom_padding=&#8221;20px||0px|&#8221; make_fullwidth=&#8221;off&#8221; use_custom_width=&#8221;off&#8221; width_unit=&#8221;on&#8221; custom_width_px=&#8221;1080&#8243; custom_width_percent=&#8221;80&#8243;][et_pb_column type=&#8221;4_4&#8243; _builder_version=&#8221;3.25&#8243; custom_padding=&#8221;|||&#8221; custom_padding__hover=&#8221;|||&#8221;][et_pb_text admin_label=&#8221;Titolo&#8221; _builder_version=&#8221;4.8.2&#8243; text_font=&#8221;PT Sans||||&#8221; text_text_color=&#8221;#000000&#8243; text_font_size=&#8221;55px&#8221; text_letter_spacing=&#8221;0&#8243; text_line_height=&#8221;1.1&#8243; header_font=&#8221;PT Sans||||&#8221; header_text_color=&#8221;#000000&#8243; header_font_size=&#8221;48&#8243; header_letter_spacing=&#8221;0&#8243; header_line_height=&#8221;1.1em&#8221; background_size=&#8221;initial&#8221; background_position=&#8221;top_left&#8221; background_repeat=&#8221;repeat&#8221; custom_margin=&#8221;0px||0px|&#8221; text_font_size_tablet=&#8221;60&#8243; text_font_size_phone=&#8221;&#8221; text_font_size_last_edited=&#8221;on|phone&#8221; text_letter_spacing_tablet=&#8221;&#8221; text_letter_spacing_phone=&#8221;&#8221; text_letter_spacing_last_edited=&#8221;on|desktop&#8221; text_line_height_tablet=&#8221;&#8221; text_line_height_phone=&#8221;&#8221; text_line_height_last_edited=&#8221;on|&#8221; header_font_size_tablet=&#8221;46&#8243; header_font_size_phone=&#8221;38px&#8221; header_font_size_last_edited=&#8221;on|phone&#8221; use_border_color=&#8221;off&#8221; border_color=&#8221;#ffffff&#8221; border_width=&#8221;1&#8243; border_style=&#8221;solid&#8221;]<\/p>\n<p style=\"font-weight: 400;\">La<span style=\"color: #800000;\"> Montreal<\/span> non corre solo su strada<\/p>\n<p>[\/et_pb_text][\/et_pb_column][\/et_pb_row][\/et_pb_section][et_pb_section fb_built=&#8221;1&#8243; admin_label=&#8221;Section&#8221; _builder_version=&#8221;3.22&#8243; background_color=&#8221;#f7f7f4&#8243; transparent_background=&#8221;off&#8221; make_fullwidth=&#8221;off&#8221; use_custom_width=&#8221;off&#8221; width_unit=&#8221;on&#8221; custom_width_px=&#8221;1080&#8243; custom_width_percent=&#8221;80&#8243;][et_pb_row column_structure=&#8221;1_3,2_3&#8243; padding_mobile=&#8221;on&#8221; column_padding_mobile=&#8221;on&#8221; admin_label=&#8221;row&#8221; _builder_version=&#8221;4.8.2&#8243; background_size=&#8221;initial&#8221; background_position=&#8221;top_left&#8221; background_repeat=&#8221;repeat&#8221; custom_margin=&#8221;10px||||false|false&#8221; custom_padding=&#8221;0px|||&#8221; make_fullwidth=&#8221;off&#8221; use_custom_width=&#8221;off&#8221; width_unit=&#8221;on&#8221; custom_width_px=&#8221;1080&#8243; custom_width_percent=&#8221;80&#8243;][et_pb_column type=&#8221;1_3&#8243; _builder_version=&#8221;3.25&#8243; custom_padding=&#8221;|||&#8221; custom_padding__hover=&#8221;|||&#8221;][et_pb_text admin_label=&#8221;Occhiello&#8221; _builder_version=&#8221;4.8.2&#8243; text_font=&#8221;PT Sans|on|||&#8221; text_text_color=&#8221;#363636&#8243; text_font_size=&#8221;24&#8243; text_letter_spacing=&#8221;0&#8243; text_line_height=&#8221;1.4&#8243; header_font_size=&#8221;30&#8243; header_letter_spacing=&#8221;0&#8243; header_line_height=&#8221;1&#8243; header_3_font_size=&#8221;19px&#8221; header_3_line_height=&#8221;1.2em&#8221; background_size=&#8221;initial&#8221; background_position=&#8221;top_left&#8221; background_repeat=&#8221;repeat&#8221; max_width=&#8221;620px&#8221; custom_margin=&#8221;0px|20px|0px||false|false&#8221; custom_padding=&#8221;||0px|||&#8221; text_font_size_tablet=&#8221;&#8221; text_font_size_phone=&#8221;&#8221; text_font_size_last_edited=&#8221;on|desktop&#8221; use_border_color=&#8221;off&#8221; border_color=&#8221;#ffffff&#8221; border_width=&#8221;1&#8243; border_style=&#8221;solid&#8221;]<\/p>\n<p>Avete mai visto una Montreal spingere un motoscafo? Marco Cuppini s\u00ec, e ce lo racconta. Benvenuti all&#8217;ASI Nautic Show<\/p>\n<p>[\/et_pb_text][\/et_pb_column][et_pb_column type=&#8221;2_3&#8243; _builder_version=&#8221;3.25&#8243; custom_padding=&#8221;|||&#8221; custom_padding__hover=&#8221;|||&#8221;][et_pb_text admin_label=&#8221;Blocco testo 1&#8243; _builder_version=&#8221;4.8.2&#8243; text_font=&#8221;PT Sans||||&#8221; text_text_color=&#8221;#363636&#8243; text_font_size=&#8221;20&#8243; text_letter_spacing=&#8221;0&#8243; text_line_height=&#8221;1.2em&#8221; header_font_size=&#8221;30&#8243; header_letter_spacing=&#8221;0&#8243; header_line_height=&#8221;1&#8243; background_size=&#8221;initial&#8221; background_position=&#8221;top_left&#8221; background_repeat=&#8221;repeat&#8221; max_width=&#8221;620px&#8221; custom_margin=&#8221;0px||0px||false|false&#8221; hover_enabled=&#8221;0&#8243; text_font_size_tablet=&#8221;&#8221; text_font_size_phone=&#8221;&#8221; text_font_size_last_edited=&#8221;on|tablet&#8221; use_border_color=&#8221;off&#8221; border_color=&#8221;#ffffff&#8221; border_width=&#8221;1&#8243; border_style=&#8221;solid&#8221; sticky_enabled=&#8221;0&#8243;]<\/p>\n<p>Chi pensa che il rombo di un\u2019Alfa Romeo appartenga solo all\u2019asfalto, probabilmente non ha mai visto <strong>una Montreal spingere\u2026 un motoscafo<\/strong>.<\/p>\n<p>Sabato 18 luglio, il <span style=\"color: #800000;\"><strong>Museo Barca Lariana<\/strong><\/span> ha ospitato l\u2019<strong>ASI Nautic Show<\/strong>, appuntamento del calendario ASI Circuito Tricolore organizzato da ASDEC, Barche Storiche da Corsa e Scuderia Sant Ambroeus. Una giornata dedicata ai cento anni dei record di velocit\u00e0 sul Lago di Como e alle grandi innovazioni nate nell\u2019epoca futurista.<\/p>\n<p>La particolarit\u00e0 dell\u2019evento?<strong> Auto e barche affiancate, unite dallo stesso cuore meccanico<\/strong>. Molti dei motori che hanno reso leggendarie alcune Alfa Romeo sono infatti stati protagonisti anche nella motonautica, dove hanno conquistato titoli mondiali, vittorie nelle gare in linea degli anni Settanta e Ottanta e record di velocit\u00e0 impressionanti, come i 211,04 km\/h stabiliti nel 1974.<\/p>\n<p data-path-to-node=\"2,1\">[\/et_pb_text][\/et_pb_column][\/et_pb_row][et_pb_row padding_mobile=&#8221;on&#8221; column_padding_mobile=&#8221;on&#8221; admin_label=&#8221;row&#8221; _builder_version=&#8221;4.8.2&#8243; background_size=&#8221;initial&#8221; background_position=&#8221;top_left&#8221; background_repeat=&#8221;repeat&#8221; min_height=&#8221;13px&#8221; custom_margin=&#8221;10px||||false|false&#8221; custom_padding=&#8221;0px||7px|||&#8221; make_fullwidth=&#8221;off&#8221; use_custom_width=&#8221;off&#8221; width_unit=&#8221;on&#8221; custom_width_px=&#8221;1080&#8243; custom_width_percent=&#8221;80&#8243;][et_pb_column type=&#8221;4_4&#8243; _builder_version=&#8221;3.25&#8243; custom_padding=&#8221;|||&#8221; custom_padding__hover=&#8221;|||&#8221;][et_pb_divider _builder_version=&#8221;4.8.2&#8243; _module_preset=&#8221;default&#8221;][\/et_pb_divider][\/et_pb_column][\/et_pb_row][et_pb_row padding_mobile=&#8221;on&#8221; column_padding_mobile=&#8221;on&#8221; admin_label=&#8221;row&#8221; _builder_version=&#8221;4.8.2&#8243; background_size=&#8221;initial&#8221; background_position=&#8221;top_left&#8221; background_repeat=&#8221;repeat&#8221; custom_margin=&#8221;10px||||false|false&#8221; custom_padding=&#8221;0px|||&#8221; make_fullwidth=&#8221;off&#8221; use_custom_width=&#8221;off&#8221; width_unit=&#8221;on&#8221; custom_width_px=&#8221;1080&#8243; custom_width_percent=&#8221;80&#8243;][et_pb_column type=&#8221;4_4&#8243; _builder_version=&#8221;3.25&#8243; custom_padding=&#8221;|||&#8221; custom_padding__hover=&#8221;|||&#8221;][et_pb_image src=&#8221;https:\/\/www.museofratellicozzi.com\/news\/wp-content\/uploads\/2026\/08\/You-Tube-SEMPIONE-2026-08-27T181600.443.jpg&#8221; title_text=&#8221;Montreal Cavalli marini&#8221; _builder_version=&#8221;4.8.2&#8243; _module_preset=&#8221;default&#8221;][\/et_pb_image][\/et_pb_column][\/et_pb_row][et_pb_row column_structure=&#8221;1_3,1_3,1_3&#8243; padding_mobile=&#8221;on&#8221; column_padding_mobile=&#8221;on&#8221; admin_label=&#8221;row&#8221; _builder_version=&#8221;4.8.2&#8243; background_size=&#8221;initial&#8221; background_position=&#8221;top_left&#8221; background_repeat=&#8221;repeat&#8221; custom_margin=&#8221;10px||||false|false&#8221; custom_padding=&#8221;0px|||&#8221; make_fullwidth=&#8221;off&#8221; use_custom_width=&#8221;off&#8221; width_unit=&#8221;on&#8221; custom_width_px=&#8221;1080&#8243; custom_width_percent=&#8221;80&#8243;][et_pb_column type=&#8221;1_3&#8243; _builder_version=&#8221;3.25&#8243; custom_padding=&#8221;|||&#8221; custom_padding__hover=&#8221;|||&#8221;][et_pb_image src=&#8221;https:\/\/www.museofratellicozzi.com\/news\/wp-content\/uploads\/2026\/08\/Foto-Paparella-40.jpg&#8221; title_text=&#8221;Montreal Cavalli marini&#8221; _builder_version=&#8221;4.8.2&#8243; _module_preset=&#8221;default&#8221;][\/et_pb_image][\/et_pb_column][et_pb_column type=&#8221;1_3&#8243; _builder_version=&#8221;3.25&#8243; custom_padding=&#8221;|||&#8221; custom_padding__hover=&#8221;|||&#8221;][et_pb_image src=&#8221;https:\/\/www.museofratellicozzi.com\/news\/wp-content\/uploads\/2026\/08\/Foto-Paparella-41.jpg&#8221; title_text=&#8221;Montreal Cavalli marini&#8221; _builder_version=&#8221;4.8.2&#8243; _module_preset=&#8221;default&#8221;][\/et_pb_image][\/et_pb_column][et_pb_column type=&#8221;1_3&#8243; _builder_version=&#8221;3.25&#8243; custom_padding=&#8221;|||&#8221; custom_padding__hover=&#8221;|||&#8221;][et_pb_image src=&#8221;https:\/\/www.museofratellicozzi.com\/news\/wp-content\/uploads\/2026\/08\/Foto-Paparella-42.jpg&#8221; title_text=&#8221;Montreal Cavalli marini&#8221; _builder_version=&#8221;4.8.2&#8243; _module_preset=&#8221;default&#8221;][\/et_pb_image][\/et_pb_column][\/et_pb_row][et_pb_row column_structure=&#8221;1_3,2_3&#8243; padding_mobile=&#8221;on&#8221; column_padding_mobile=&#8221;on&#8221; admin_label=&#8221;row&#8221; _builder_version=&#8221;4.8.2&#8243; background_size=&#8221;initial&#8221; background_position=&#8221;top_left&#8221; background_repeat=&#8221;repeat&#8221; min_height=&#8221;360.2px&#8221; custom_margin=&#8221;25px|auto||auto|false|false&#8221; custom_padding=&#8221;0px|||||&#8221; make_fullwidth=&#8221;off&#8221; use_custom_width=&#8221;off&#8221; width_unit=&#8221;on&#8221; custom_width_px=&#8221;1080&#8243; custom_width_percent=&#8221;80&#8243;][et_pb_column type=&#8221;1_3&#8243; _builder_version=&#8221;3.25&#8243; custom_padding=&#8221;|||&#8221; custom_padding__hover=&#8221;|||&#8221;][et_pb_testimonial author=&#8221;Marco Cuppini &#8221; job_title=&#8221;Founder Friends of Museo Fratelli Cozzi&#8221; portrait_url=&#8221;https:\/\/www.museofratellicozzi.com\/news\/wp-content\/uploads\/2026\/06\/003summer2026-29.jpg&#8221; _builder_version=&#8221;4.8.2&#8243; _module_preset=&#8221;default&#8221; min_height=&#8221;302px&#8221;]<\/p>\n<p><em><\/em>Ama le auto e scoprire storie nascoste. Per il Museo Fratelli Cozzi cura la rubrica &#8220;Marco in archivio&#8221;<\/p>\n<p>&nbsp;<\/p>\n<p>[\/et_pb_testimonial][\/et_pb_column][et_pb_column type=&#8221;2_3&#8243; _builder_version=&#8221;3.25&#8243; custom_padding=&#8221;|||&#8221; custom_padding__hover=&#8221;|||&#8221;][et_pb_text admin_label=&#8221;Blocco testo 1&#8243; _builder_version=&#8221;4.8.2&#8243; text_font=&#8221;PT Sans||||&#8221; text_text_color=&#8221;#363636&#8243; text_font_size=&#8221;20&#8243; text_letter_spacing=&#8221;0&#8243; text_line_height=&#8221;1.2em&#8221; header_font_size=&#8221;30&#8243; header_letter_spacing=&#8221;0&#8243; header_line_height=&#8221;1&#8243; background_size=&#8221;initial&#8221; background_position=&#8221;top_left&#8221; background_repeat=&#8221;repeat&#8221; max_width=&#8221;620px&#8221; custom_margin=&#8221;0px||0px||false|false&#8221; text_font_size_tablet=&#8221;&#8221; text_font_size_phone=&#8221;&#8221; text_font_size_last_edited=&#8221;on|tablet&#8221; use_border_color=&#8221;off&#8221; border_color=&#8221;#ffffff&#8221; border_width=&#8221;1&#8243; border_style=&#8221;solid&#8221;]<\/p>\n<p>Tra le auto esposte spiccavano una <strong>Giulia 1600 Spider<\/strong>, una <strong>Spider Veloce<\/strong>, un\u2019<strong>Alfetta 2000<\/strong>, una <strong>75 Twin Spark<\/strong> e la <span style=\"color: #800000;\"><strong>Montreal del Museo Fratelli Cozzi<\/strong><\/span>. A completare la rassegna automobilistica anche una BMW Z1, una Maserati 3500 GT e una Citro\u00ebn SM Maserati.<\/p>\n<p>La foto di apertura racconta proprio l\u2019abbinamento che ci emoziona di pi\u00f9: la Montreal rossa del museo accanto al racer<strong> Lucini Tre Punti motorizzato Montreal 3000 del 1972.<\/strong> E s\u00ec, gli appassionati pi\u00f9 attenti avranno gi\u00e0 notato il dettaglio: la<strong> Montreal di serie un V8 da 2.6 litr<\/strong><strong style=\"letter-spacing: 0px;\">i<\/strong><span style=\"letter-spacing: 0px;\"> (comunemente indicato come 2.6\/2.8), non un 3.0. Nelle competizioni motonautiche, per\u00f2, quei motori venivano elaborati fino a raggiungere i 3.000 cc.<\/span><\/p>\n<p>Naturalmente non potevano mancare le dimostrazioni in acqua. Alcuni scafi sono scesi nel lago e hanno regalato al pubblico spettacolari passaggi ad alta velocit\u00e0. E il commento pi\u00f9 ricorrente \u00e8 stato lo stesso: vedere correre una barca <strong>\u00e8 tutta un\u2019altra esperienza<\/strong>. Niente freni, una superficie in continuo movimento e sensazioni che l\u2019asfalto non pu\u00f2 offrire.<\/p>\n<h6><span style=\"color: #808080;\"><\/span><\/h6>\n<p>[\/et_pb_text][\/et_pb_column][\/et_pb_row][et_pb_row column_structure=&#8221;1_3,1_3,1_3&#8243; _builder_version=&#8221;4.8.2&#8243; _module_preset=&#8221;default&#8221; min_height=&#8221;95.4px&#8221; custom_margin=&#8221;|auto|-43px|auto||&#8221; custom_padding=&#8221;||0px|||&#8221;][et_pb_column type=&#8221;1_3&#8243; _builder_version=&#8221;4.8.2&#8243; _module_preset=&#8221;default&#8221;][et_pb_image src=&#8221;https:\/\/www.museofratellicozzi.com\/news\/wp-content\/uploads\/2026\/08\/Foto-Paparella-32.jpg&#8221; title_text=&#8221;Montreal Cavalli marini&#8221; _builder_version=&#8221;4.8.2&#8243; _module_preset=&#8221;default&#8221;][\/et_pb_image][et_pb_text _builder_version=&#8221;4.8.2&#8243; _module_preset=&#8221;default&#8221;]<\/p>\n<p>Dettaglio motore Alfa Romeo V8<\/p>\n<p>[\/et_pb_text][\/et_pb_column][et_pb_column type=&#8221;1_3&#8243; _builder_version=&#8221;4.8.2&#8243; _module_preset=&#8221;default&#8221;][et_pb_image src=&#8221;https:\/\/www.museofratellicozzi.com\/news\/wp-content\/uploads\/2026\/08\/Foto-Paparella-31.jpg&#8221; title_text=&#8221;Montreal Cavalli marini&#8221; _builder_version=&#8221;4.8.2&#8243; _module_preset=&#8221;default&#8221;][\/et_pb_image][et_pb_text _builder_version=&#8221;4.8.2&#8243; _module_preset=&#8221;default&#8221;]<\/p>\n<p>Elisabetta con alcuni amici presenti alla manifestazione tra cui Marco Galassi e Felice Graziani di ASI<\/p>\n<p>[\/et_pb_text][\/et_pb_column][et_pb_column type=&#8221;1_3&#8243; _builder_version=&#8221;4.8.2&#8243; _module_preset=&#8221;default&#8221;][et_pb_image src=&#8221;https:\/\/www.museofratellicozzi.com\/news\/wp-content\/uploads\/2026\/08\/Foto-Paparella-43.jpg&#8221; title_text=&#8221;Montreal Cavalli marini&#8221; _builder_version=&#8221;4.8.2&#8243; _module_preset=&#8221;default&#8221;][\/et_pb_image][et_pb_text _builder_version=&#8221;4.8.2&#8243; _module_preset=&#8221;default&#8221;]<\/p>\n<p>Elisabetta Cozzi con la &#8220;nostra&#8221; Montreal rossa<\/p>\n<p>[\/et_pb_text][\/et_pb_column][\/et_pb_row][et_pb_row _builder_version=&#8221;4.8.2&#8243; _module_preset=&#8221;default&#8221; min_height=&#8221;33.4px&#8221; custom_margin=&#8221;47px|auto|-43px|auto||&#8221; custom_padding=&#8221;||0px|||&#8221;][et_pb_column type=&#8221;4_4&#8243; _builder_version=&#8221;4.8.2&#8243; _module_preset=&#8221;default&#8221;][et_pb_divider _builder_version=&#8221;4.8.2&#8243; _module_preset=&#8221;default&#8221;][\/et_pb_divider][\/et_pb_column][\/et_pb_row][et_pb_row column_structure=&#8221;1_3,2_3&#8243; padding_mobile=&#8221;on&#8221; column_padding_mobile=&#8221;on&#8221; admin_label=&#8221;row&#8221; _builder_version=&#8221;4.8.2&#8243; background_size=&#8221;initial&#8221; background_position=&#8221;top_left&#8221; background_repeat=&#8221;repeat&#8221; custom_margin=&#8221;10px||||false|false&#8221; custom_padding=&#8221;0px|||&#8221; make_fullwidth=&#8221;off&#8221; use_custom_width=&#8221;off&#8221; width_unit=&#8221;on&#8221; custom_width_px=&#8221;1080&#8243; custom_width_percent=&#8221;80&#8243;][et_pb_column type=&#8221;1_3&#8243; _builder_version=&#8221;3.25&#8243; custom_padding=&#8221;|||&#8221; custom_padding__hover=&#8221;|||&#8221;][\/et_pb_column][et_pb_column type=&#8221;2_3&#8243; _builder_version=&#8221;3.25&#8243; custom_padding=&#8221;|||&#8221; custom_padding__hover=&#8221;|||&#8221;][et_pb_text admin_label=&#8221;Blocco testo 1&#8243; _builder_version=&#8221;4.8.2&#8243; text_font=&#8221;PT Sans||||&#8221; text_text_color=&#8221;#363636&#8243; text_font_size=&#8221;20&#8243; text_letter_spacing=&#8221;0&#8243; text_line_height=&#8221;1.2em&#8221; header_font_size=&#8221;30&#8243; header_letter_spacing=&#8221;0&#8243; header_line_height=&#8221;1&#8243; background_size=&#8221;initial&#8221; background_position=&#8221;top_left&#8221; background_repeat=&#8221;repeat&#8221; max_width=&#8221;620px&#8221; custom_margin=&#8221;0px||0px||false|false&#8221; text_font_size_tablet=&#8221;&#8221; text_font_size_phone=&#8221;&#8221; text_font_size_last_edited=&#8221;on|tablet&#8221; use_border_color=&#8221;off&#8221; border_color=&#8221;#ffffff&#8221; border_width=&#8221;1&#8243; border_style=&#8221;solid&#8221;]<\/p>\n<h3>Un amore &#8220;Storico&#8221;<\/h3>\n<p>Sfogliando le raccolte dello storico magazine Alfa Romeo <strong>Il Quadrifoglio<\/strong>, abbiamo ritrovato numerose testimonianze di questa affascinante pagina di storia. Tra le pi\u00f9 significative, uno scafo Abbate equipaggiato con motore Montreal che conquist\u00f2 tre record mondiali \u2014 velocit\u00e0, fondo e ora \u2014 sulle acque di Sarnico.<\/p>\n<p>Insomma, <strong>i motori Alfa Romeo<\/strong> non hanno fatto la storia soltanto sulle strade. <strong>Hanno lasciato il segno anche sull\u2019acqua.<\/strong><\/p>\n<p>[\/et_pb_text][\/et_pb_column][\/et_pb_row][et_pb_row padding_mobile=&#8221;on&#8221; column_padding_mobile=&#8221;on&#8221; admin_label=&#8221;row&#8221; _builder_version=&#8221;4.8.2&#8243; background_size=&#8221;initial&#8221; background_position=&#8221;top_left&#8221; background_repeat=&#8221;repeat&#8221; custom_margin=&#8221;10px||||false|false&#8221; custom_padding=&#8221;0px|||&#8221; make_fullwidth=&#8221;off&#8221; use_custom_width=&#8221;off&#8221; width_unit=&#8221;on&#8221; custom_width_px=&#8221;1080&#8243; custom_width_percent=&#8221;80&#8243;][et_pb_column type=&#8221;4_4&#8243; _builder_version=&#8221;3.25&#8243; custom_padding=&#8221;|||&#8221; custom_padding__hover=&#8221;|||&#8221;][et_pb_image src=&#8221;https:\/\/www.museofratellicozzi.com\/news\/wp-content\/uploads\/2026\/08\/You-Tube-SEMPIONE-2026-08-24T122225.610.jpg&#8221; title_text=&#8221;Montreal Cavalli marini&#8221; _builder_version=&#8221;4.8.2&#8243; _module_preset=&#8221;default&#8221;][\/et_pb_image][\/et_pb_column][\/et_pb_row][et_pb_row padding_mobile=&#8221;on&#8221; column_padding_mobile=&#8221;on&#8221; admin_label=&#8221;row&#8221; _builder_version=&#8221;4.8.2&#8243; background_size=&#8221;initial&#8221; background_position=&#8221;top_left&#8221; background_repeat=&#8221;repeat&#8221; custom_margin=&#8221;10px||||false|false&#8221; custom_padding=&#8221;0px|||&#8221; make_fullwidth=&#8221;off&#8221; use_custom_width=&#8221;off&#8221; width_unit=&#8221;on&#8221; custom_width_px=&#8221;1080&#8243; custom_width_percent=&#8221;80&#8243;][et_pb_column type=&#8221;4_4&#8243; _builder_version=&#8221;3.25&#8243; custom_padding=&#8221;|||&#8221; custom_padding__hover=&#8221;|||&#8221;][et_pb_gallery gallery_ids=&#8221;27143,27142,27141,27146,27145,27144,27147,27148&#8243; show_title_and_caption=&#8221;off&#8221; show_pagination=&#8221;off&#8221; _builder_version=&#8221;4.8.2&#8243; _module_preset=&#8221;default&#8221;][\/et_pb_gallery][\/et_pb_column][\/et_pb_row][et_pb_row padding_mobile=&#8221;on&#8221; column_padding_mobile=&#8221;on&#8221; admin_label=&#8221;row&#8221; _builder_version=&#8221;4.8.2&#8243; background_size=&#8221;initial&#8221; background_position=&#8221;top_left&#8221; background_repeat=&#8221;repeat&#8221; custom_margin=&#8221;10px||||false|false&#8221; custom_padding=&#8221;0px|||&#8221; make_fullwidth=&#8221;off&#8221; use_custom_width=&#8221;off&#8221; width_unit=&#8221;on&#8221; custom_width_px=&#8221;1080&#8243; custom_width_percent=&#8221;80&#8243;][et_pb_column type=&#8221;4_4&#8243; _builder_version=&#8221;3.25&#8243; custom_padding=&#8221;|||&#8221; custom_padding__hover=&#8221;|||&#8221;][et_pb_text _builder_version=&#8221;4.8.2&#8243; _module_preset=&#8221;default&#8221;]<\/p>\n<p>Sfoglia la galleria fotografica con gli articoli d&#8217;archivio de &#8220;Il Quadrifoglio&#8221;<\/p>\n<p>[\/et_pb_text][\/et_pb_column][\/et_pb_row][et_pb_row column_structure=&#8221;1_3,2_3&#8243; padding_mobile=&#8221;on&#8221; column_padding_mobile=&#8221;on&#8221; admin_label=&#8221;row&#8221; _builder_version=&#8221;4.8.2&#8243; background_size=&#8221;initial&#8221; background_position=&#8221;top_left&#8221; background_repeat=&#8221;repeat&#8221; custom_margin=&#8221;10px||||false|false&#8221; custom_padding=&#8221;0px|||&#8221; make_fullwidth=&#8221;off&#8221; use_custom_width=&#8221;off&#8221; width_unit=&#8221;on&#8221; custom_width_px=&#8221;1080&#8243; custom_width_percent=&#8221;80&#8243;][et_pb_column type=&#8221;1_3&#8243; _builder_version=&#8221;3.25&#8243; custom_padding=&#8221;|||&#8221; custom_padding__hover=&#8221;|||&#8221;][\/et_pb_column][et_pb_column type=&#8221;2_3&#8243; _builder_version=&#8221;3.25&#8243; custom_padding=&#8221;|||&#8221; custom_padding__hover=&#8221;|||&#8221;][et_pb_text admin_label=&#8221;Blocco testo 1&#8243; _builder_version=&#8221;4.8.2&#8243; text_font=&#8221;PT Sans||||&#8221; text_text_color=&#8221;#363636&#8243; text_font_size=&#8221;20&#8243; text_letter_spacing=&#8221;0&#8243; text_line_height=&#8221;1.2em&#8221; header_font_size=&#8221;30&#8243; header_letter_spacing=&#8221;0&#8243; header_line_height=&#8221;1&#8243; background_size=&#8221;initial&#8221; background_position=&#8221;top_left&#8221; background_repeat=&#8221;repeat&#8221; max_width=&#8221;620px&#8221; custom_margin=&#8221;0px||0px||false|false&#8221; text_font_size_tablet=&#8221;&#8221; text_font_size_phone=&#8221;&#8221; text_font_size_last_edited=&#8221;on|tablet&#8221; use_border_color=&#8221;off&#8221; border_color=&#8221;#ffffff&#8221; border_width=&#8221;1&#8243; border_style=&#8221;solid&#8221;]<\/p>\n<h3>Un amore &#8220;Storico&#8221;<\/h3>\n<p>Qui l&#8217;elenco dei motoscafi presenti all&#8217;evento:<\/p>\n<ul>\n<li>racer MOLIVIO tre punti motorizzato Alfetta &#8211; 1968<\/li>\n<li>racer LUCINI \u00a0 \u00a0tre punti.motorizzato Alfetta &#8211; 1973 ( C. Mondiale 1975)<\/li>\n<li>racer TIMOSSI tre punti motorizzato BMW 2500 &#8211; 1970 ( Record di velocit\u00e0 211,04 km\/h nel 1974)<\/li>\n<li>racer LUCINI.\u00a0 Tre punti motorizzato.Alfetta &#8211; 1992<\/li>\n<li>racer \u00a0SAN\u00a0MARCO\u00a0tre punti motorizzato BPM 2400 &#8211; 1954<\/li>\n<li>racer \u00a0LUCINI \u00a0 tre punti motorizzato Montreal 3000 &#8211; 1972 ( C. Mondiale 1973)<\/li>\n<li>racer TIMOSSI tre punti motorizzato Maserati 3500 &#8211; 1969<\/li>\n<li>racer LUCINI \u00a0tre punti motorizzato Twin Spark &#8211; 1975<\/li>\n<li>racer SAN\u00a0MARCO\u00a0tre punti motorizzato Chevrolet &#8211; 1954<\/li>\n<li>monocarena Albatro \u00a0motorizzato 2 motori mercury 2.4 &#8211; 1993<\/li>\n<li>catamarano Angelo Molinari motorizzato Evinrude 225 cv\u00a0 &#8211; 1978<\/li>\n<li>monocarena \u00a0Carrera Boat motore Ilmor V 10 &#8211; 1980 (secondo assoluto raid PV-VE 2025)<\/li>\n<\/ul>\n<p>[\/et_pb_text][\/et_pb_column][\/et_pb_row][\/et_pb_section]<\/p>\n","protected":false},"excerpt":{"rendered":"<p>[et_pb_section fb_built=&#8221;1&#8243; admin_label=&#8221;Sezione&#8221; _builder_version=&#8221;3.22&#8243; custom_padding=&#8221;0px|||&#8221; transparent_background=&#8221;off&#8221; make_fullwidth=&#8221;off&#8221; use_custom_width=&#8221;off&#8221; width_unit=&#8221;on&#8221; custom_width_px=&#8221;1080&#8243; custom_width_percent=&#8221;80&#8243;][et_pb_row _builder_version=&#8221;4.8.2&#8243; _module_preset=&#8221;default&#8221;][et_pb_column type=&#8221;4_4&#8243; _builder_version=&#8221;4.8.2&#8243; _module_preset=&#8221;default&#8221;][et_pb_image src=&#8221;https:\/\/www.museofratellicozzi.com\/news\/wp-content\/uploads\/2026\/08\/You-Tube-SEMPIONE-2026-08-24T123252.695.jpg&#8221; title_text=&#8221;Montreal Cavalli marini&#8221; _builder_version=&#8221;4.8.2&#8243; _module_preset=&#8221;default&#8221;][\/et_pb_image][\/et_pb_column][\/et_pb_row][et_pb_row admin_label=&#8221;Riga&#8221; _builder_version=&#8221;3.25&#8243; background_size=&#8221;initial&#8221; background_position=&#8221;top_left&#8221; background_repeat=&#8221;repeat&#8221; custom_padding=&#8221;20px||0px|&#8221; make_fullwidth=&#8221;off&#8221; use_custom_width=&#8221;off&#8221; width_unit=&#8221;on&#8221; custom_width_px=&#8221;1080&#8243; custom_width_percent=&#8221;80&#8243;][et_pb_column type=&#8221;4_4&#8243; _builder_version=&#8221;3.25&#8243; custom_padding=&#8221;|||&#8221; custom_padding__hover=&#8221;|||&#8221;][et_pb_text admin_label=&#8221;Titolo&#8221; _builder_version=&#8221;4.8.2&#8243; text_font=&#8221;PT Sans||||&#8221; text_text_color=&#8221;#000000&#8243; text_font_size=&#8221;55px&#8221; text_letter_spacing=&#8221;0&#8243; text_line_height=&#8221;1.1&#8243; header_font=&#8221;PT Sans||||&#8221; header_text_color=&#8221;#000000&#8243; header_font_size=&#8221;48&#8243; header_letter_spacing=&#8221;0&#8243; header_line_height=&#8221;1.1em&#8221; background_size=&#8221;initial&#8221; background_position=&#8221;top_left&#8221; background_repeat=&#8221;repeat&#8221; custom_margin=&#8221;0px||0px|&#8221; [&hellip;]<\/p>\n","protected":false},"author":7,"featured_media":27134,"comment_status":"open","ping_status":"open","sticky":false,"template":"","format":"standard","meta":{"_et_pb_use_builder":"on","_et_pb_old_content":"","_et_gb_content_width":"","_jetpack_memberships_contains_paid_content":false,"footnotes":""},"categories":[152],"tags":[21,355,968,301],"class_list":["post-27131","post","type-post","status-publish","format-standard","has-post-thumbnail","hentry","category-passione","tag-alfa-romeo","tag-archivio","tag-asi-nautic-show","tag-montreal","et-has-post-format-content","et_post_format-et-post-format-standard"],"yoast_head":"<!-- This site is optimized with the Yoast SEO plugin v26.8 - https:\/\/yoast.com\/product\/yoast-seo-wordpress\/ -->\n<title>La Montreal non corre solo su strada -<\/title>\n<meta name=\"description\" content=\"Avete mai visto una Montreal spingere un motoscafo? Marco Cuppini, s\u00ec e ce lo racconta. Benvenuti al\u00a0ASI Nautic Show\" \/>\n<meta name=\"robots\" content=\"index, follow, max-snippet:-1, max-image-preview:large, max-video-preview:-1\" \/>\n<link rel=\"canonical\" href=\"https:\/\/www.museofratellicozzi.com\/news\/la-montreal-non-corre-solo-su-strada\/\" \/>\n<meta property=\"og:locale\" content=\"it_IT\" \/>\n<meta property=\"og:type\" content=\"article\" \/>\n<meta property=\"og:title\" content=\"La Montreal non corre solo su strada -\" \/>\n<meta property=\"og:description\" content=\"Avete mai visto una Montreal spingere un motoscafo? Marco Cuppini, s\u00ec e ce lo racconta. Benvenuti al\u00a0ASI Nautic Show\" \/>\n<meta property=\"og:url\" content=\"https:\/\/www.museofratellicozzi.com\/news\/la-montreal-non-corre-solo-su-strada\/\" \/>\n<meta property=\"og:site_name\" content=\"eNews Museo Fratelli Cozzi\" \/>\n<meta property=\"article:published_time\" content=\"2026-08-24T16:43:55+00:00\" \/>\n<meta property=\"article:modified_time\" content=\"2026-09-01T14:45:09+00:00\" \/>\n<meta property=\"og:image\" content=\"https:\/\/www.museofratellicozzi.com\/news\/wp-content\/uploads\/2026\/08\/You-Tube-SEMPIONE-2026-08-24T123252.695.jpg\" \/>\n\t<meta property=\"og:image:width\" content=\"1920\" \/>\n\t<meta property=\"og:image:height\" content=\"1080\" \/>\n\t<meta property=\"og:image:type\" content=\"image\/jpeg\" \/>\n<meta name=\"author\" content=\"Elisabetta Cozzi\" \/>\n<meta name=\"twitter:card\" content=\"summary_large_image\" \/>\n<meta name=\"twitter:label1\" content=\"Scritto da\" \/>\n\t<meta name=\"twitter:data1\" content=\"Elisabetta Cozzi\" \/>\n\t<meta name=\"twitter:label2\" content=\"Tempo di lettura stimato\" \/>\n\t<meta name=\"twitter:data2\" content=\"7 minuti\" \/>\n<script type=\"application\/ld+json\" class=\"yoast-schema-graph\">{\"@context\":\"https:\/\/schema.org\",\"@graph\":[{\"@type\":\"Article\",\"@id\":\"https:\/\/www.museofratellicozzi.com\/news\/la-montreal-non-corre-solo-su-strada\/#article\",\"isPartOf\":{\"@id\":\"https:\/\/www.museofratellicozzi.com\/news\/la-montreal-non-corre-solo-su-strada\/\"},\"author\":{\"name\":\"Elisabetta Cozzi\",\"@id\":\"https:\/\/www.museofratellicozzi.com\/news\/#\/schema\/person\/3c2c242e79e59f9be7b62a0d9673e40d\"},\"headline\":\"La Montreal non corre solo su strada\",\"datePublished\":\"2026-08-24T16:43:55+00:00\",\"dateModified\":\"2026-09-01T14:45:09+00:00\",\"mainEntityOfPage\":{\"@id\":\"https:\/\/www.museofratellicozzi.com\/news\/la-montreal-non-corre-solo-su-strada\/\"},\"wordCount\":2501,\"commentCount\":0,\"publisher\":{\"@id\":\"https:\/\/www.museofratellicozzi.com\/news\/#organization\"},\"image\":{\"@id\":\"https:\/\/www.museofratellicozzi.com\/news\/la-montreal-non-corre-solo-su-strada\/#primaryimage\"},\"thumbnailUrl\":\"https:\/\/www.museofratellicozzi.com\/news\/wp-content\/uploads\/2026\/08\/You-Tube-SEMPIONE-2026-08-24T123252.695.jpg\",\"keywords\":[\"alfa romeo\",\"Archivio\",\"ASI Nautic Show\",\"montreal\"],\"articleSection\":[\"Passione Alfa\"],\"inLanguage\":\"it-IT\",\"potentialAction\":[{\"@type\":\"CommentAction\",\"name\":\"Comment\",\"target\":[\"https:\/\/www.museofratellicozzi.com\/news\/la-montreal-non-corre-solo-su-strada\/#respond\"]}]},{\"@type\":\"WebPage\",\"@id\":\"https:\/\/www.museofratellicozzi.com\/news\/la-montreal-non-corre-solo-su-strada\/\",\"url\":\"https:\/\/www.museofratellicozzi.com\/news\/la-montreal-non-corre-solo-su-strada\/\",\"name\":\"La Montreal non corre solo su strada -\",\"isPartOf\":{\"@id\":\"https:\/\/www.museofratellicozzi.com\/news\/#website\"},\"primaryImageOfPage\":{\"@id\":\"https:\/\/www.museofratellicozzi.com\/news\/la-montreal-non-corre-solo-su-strada\/#primaryimage\"},\"image\":{\"@id\":\"https:\/\/www.museofratellicozzi.com\/news\/la-montreal-non-corre-solo-su-strada\/#primaryimage\"},\"thumbnailUrl\":\"https:\/\/www.museofratellicozzi.com\/news\/wp-content\/uploads\/2026\/08\/You-Tube-SEMPIONE-2026-08-24T123252.695.jpg\",\"datePublished\":\"2026-08-24T16:43:55+00:00\",\"dateModified\":\"2026-09-01T14:45:09+00:00\",\"description\":\"Avete mai visto una Montreal spingere un motoscafo? Marco Cuppini, s\u00ec e ce lo racconta. Benvenuti al\u00a0ASI Nautic Show\",\"breadcrumb\":{\"@id\":\"https:\/\/www.museofratellicozzi.com\/news\/la-montreal-non-corre-solo-su-strada\/#breadcrumb\"},\"inLanguage\":\"it-IT\",\"potentialAction\":[{\"@type\":\"ReadAction\",\"target\":[\"https:\/\/www.museofratellicozzi.com\/news\/la-montreal-non-corre-solo-su-strada\/\"]}]},{\"@type\":\"ImageObject\",\"inLanguage\":\"it-IT\",\"@id\":\"https:\/\/www.museofratellicozzi.com\/news\/la-montreal-non-corre-solo-su-strada\/#primaryimage\",\"url\":\"https:\/\/www.museofratellicozzi.com\/news\/wp-content\/uploads\/2026\/08\/You-Tube-SEMPIONE-2026-08-24T123252.695.jpg\",\"contentUrl\":\"https:\/\/www.museofratellicozzi.com\/news\/wp-content\/uploads\/2026\/08\/You-Tube-SEMPIONE-2026-08-24T123252.695.jpg\",\"width\":1920,\"height\":1080},{\"@type\":\"BreadcrumbList\",\"@id\":\"https:\/\/www.museofratellicozzi.com\/news\/la-montreal-non-corre-solo-su-strada\/#breadcrumb\",\"itemListElement\":[{\"@type\":\"ListItem\",\"position\":1,\"name\":\"Home\",\"item\":\"https:\/\/www.museofratellicozzi.com\/news\/\"},{\"@type\":\"ListItem\",\"position\":2,\"name\":\"La Montreal non corre solo su strada\"}]},{\"@type\":\"WebSite\",\"@id\":\"https:\/\/www.museofratellicozzi.com\/news\/#website\",\"url\":\"https:\/\/www.museofratellicozzi.com\/news\/\",\"name\":\"eNews Museo Fratelli Cozzi\",\"description\":\"Alfa Romeo: un mito che resiste al tempo\",\"publisher\":{\"@id\":\"https:\/\/www.museofratellicozzi.com\/news\/#organization\"},\"potentialAction\":[{\"@type\":\"SearchAction\",\"target\":{\"@type\":\"EntryPoint\",\"urlTemplate\":\"https:\/\/www.museofratellicozzi.com\/news\/?s={search_term_string}\"},\"query-input\":{\"@type\":\"PropertyValueSpecification\",\"valueRequired\":true,\"valueName\":\"search_term_string\"}}],\"inLanguage\":\"it-IT\"},{\"@type\":\"Organization\",\"@id\":\"https:\/\/www.museofratellicozzi.com\/news\/#organization\",\"name\":\"Museo Fratelli Cozzi\",\"url\":\"https:\/\/www.museofratellicozzi.com\/news\/\",\"logo\":{\"@type\":\"ImageObject\",\"inLanguage\":\"it-IT\",\"@id\":\"https:\/\/www.museofratellicozzi.com\/news\/#\/schema\/logo\/image\/\",\"url\":\"https:\/\/www.museofratellicozzi.com\/news\/wp-content\/uploads\/2017\/04\/home.png\",\"contentUrl\":\"https:\/\/www.museofratellicozzi.com\/news\/wp-content\/uploads\/2017\/04\/home.png\",\"width\":497,\"height\":512,\"caption\":\"Museo Fratelli Cozzi\"},\"image\":{\"@id\":\"https:\/\/www.museofratellicozzi.com\/news\/#\/schema\/logo\/image\/\"}},{\"@type\":\"Person\",\"@id\":\"https:\/\/www.museofratellicozzi.com\/news\/#\/schema\/person\/3c2c242e79e59f9be7b62a0d9673e40d\",\"name\":\"Elisabetta Cozzi\",\"image\":{\"@type\":\"ImageObject\",\"inLanguage\":\"it-IT\",\"@id\":\"https:\/\/www.museofratellicozzi.com\/news\/#\/schema\/person\/image\/\",\"url\":\"https:\/\/secure.gravatar.com\/avatar\/a761e7642145a4506dbd3685a69db0fc?s=96&d=mm&r=g\",\"contentUrl\":\"https:\/\/secure.gravatar.com\/avatar\/a761e7642145a4506dbd3685a69db0fc?s=96&d=mm&r=g\",\"caption\":\"Elisabetta Cozzi\"}}]}<\/script>\n<!-- \/ Yoast SEO plugin. -->","yoast_head_json":{"title":"La Montreal non corre solo su strada -","description":"Avete mai visto una Montreal spingere un motoscafo? Marco Cuppini, s\u00ec e ce lo racconta. Benvenuti al\u00a0ASI Nautic Show","robots":{"index":"index","follow":"follow","max-snippet":"max-snippet:-1","max-image-preview":"max-image-preview:large","max-video-preview":"max-video-preview:-1"},"canonical":"https:\/\/www.museofratellicozzi.com\/news\/la-montreal-non-corre-solo-su-strada\/","og_locale":"it_IT","og_type":"article","og_title":"La Montreal non corre solo su strada -","og_description":"Avete mai visto una Montreal spingere un motoscafo? Marco Cuppini, s\u00ec e ce lo racconta. Benvenuti al\u00a0ASI Nautic Show","og_url":"https:\/\/www.museofratellicozzi.com\/news\/la-montreal-non-corre-solo-su-strada\/","og_site_name":"eNews Museo Fratelli Cozzi","article_published_time":"2026-08-24T16:43:55+00:00","article_modified_time":"2026-09-01T14:45:09+00:00","og_image":[{"width":1920,"height":1080,"url":"https:\/\/www.museofratellicozzi.com\/news\/wp-content\/uploads\/2026\/08\/You-Tube-SEMPIONE-2026-08-24T123252.695.jpg","type":"image\/jpeg"}],"author":"Elisabetta Cozzi","twitter_card":"summary_large_image","twitter_misc":{"Scritto da":"Elisabetta Cozzi","Tempo di lettura stimato":"7 minuti"},"schema":{"@context":"https:\/\/schema.org","@graph":[{"@type":"Article","@id":"https:\/\/www.museofratellicozzi.com\/news\/la-montreal-non-corre-solo-su-strada\/#article","isPartOf":{"@id":"https:\/\/www.museofratellicozzi.com\/news\/la-montreal-non-corre-solo-su-strada\/"},"author":{"name":"Elisabetta Cozzi","@id":"https:\/\/www.museofratellicozzi.com\/news\/#\/schema\/person\/3c2c242e79e59f9be7b62a0d9673e40d"},"headline":"La Montreal non corre solo su strada","datePublished":"2026-08-24T16:43:55+00:00","dateModified":"2026-09-01T14:45:09+00:00","mainEntityOfPage":{"@id":"https:\/\/www.museofratellicozzi.com\/news\/la-montreal-non-corre-solo-su-strada\/"},"wordCount":2501,"commentCount":0,"publisher":{"@id":"https:\/\/www.museofratellicozzi.com\/news\/#organization"},"image":{"@id":"https:\/\/www.museofratellicozzi.com\/news\/la-montreal-non-corre-solo-su-strada\/#primaryimage"},"thumbnailUrl":"https:\/\/www.museofratellicozzi.com\/news\/wp-content\/uploads\/2026\/08\/You-Tube-SEMPIONE-2026-08-24T123252.695.jpg","keywords":["alfa romeo","Archivio","ASI Nautic Show","montreal"],"articleSection":["Passione Alfa"],"inLanguage":"it-IT","potentialAction":[{"@type":"CommentAction","name":"Comment","target":["https:\/\/www.museofratellicozzi.com\/news\/la-montreal-non-corre-solo-su-strada\/#respond"]}]},{"@type":"WebPage","@id":"https:\/\/www.museofratellicozzi.com\/news\/la-montreal-non-corre-solo-su-strada\/","url":"https:\/\/www.museofratellicozzi.com\/news\/la-montreal-non-corre-solo-su-strada\/","name":"La Montreal non corre solo su strada -","isPartOf":{"@id":"https:\/\/www.museofratellicozzi.com\/news\/#website"},"primaryImageOfPage":{"@id":"https:\/\/www.museofratellicozzi.com\/news\/la-montreal-non-corre-solo-su-strada\/#primaryimage"},"image":{"@id":"https:\/\/www.museofratellicozzi.com\/news\/la-montreal-non-corre-solo-su-strada\/#primaryimage"},"thumbnailUrl":"https:\/\/www.museofratellicozzi.com\/news\/wp-content\/uploads\/2026\/08\/You-Tube-SEMPIONE-2026-08-24T123252.695.jpg","datePublished":"2026-08-24T16:43:55+00:00","dateModified":"2026-09-01T14:45:09+00:00","description":"Avete mai visto una Montreal spingere un motoscafo? Marco Cuppini, s\u00ec e ce lo racconta. Benvenuti al\u00a0ASI Nautic Show","breadcrumb":{"@id":"https:\/\/www.museofratellicozzi.com\/news\/la-montreal-non-corre-solo-su-strada\/#breadcrumb"},"inLanguage":"it-IT","potentialAction":[{"@type":"ReadAction","target":["https:\/\/www.museofratellicozzi.com\/news\/la-montreal-non-corre-solo-su-strada\/"]}]},{"@type":"ImageObject","inLanguage":"it-IT","@id":"https:\/\/www.museofratellicozzi.com\/news\/la-montreal-non-corre-solo-su-strada\/#primaryimage","url":"https:\/\/www.museofratellicozzi.com\/news\/wp-content\/uploads\/2026\/08\/You-Tube-SEMPIONE-2026-08-24T123252.695.jpg","contentUrl":"https:\/\/www.museofratellicozzi.com\/news\/wp-content\/uploads\/2026\/08\/You-Tube-SEMPIONE-2026-08-24T123252.695.jpg","width":1920,"height":1080},{"@type":"BreadcrumbList","@id":"https:\/\/www.museofratellicozzi.com\/news\/la-montreal-non-corre-solo-su-strada\/#breadcrumb","itemListElement":[{"@type":"ListItem","position":1,"name":"Home","item":"https:\/\/www.museofratellicozzi.com\/news\/"},{"@type":"ListItem","position":2,"name":"La Montreal non corre solo su strada"}]},{"@type":"WebSite","@id":"https:\/\/www.museofratellicozzi.com\/news\/#website","url":"https:\/\/www.museofratellicozzi.com\/news\/","name":"eNews Museo Fratelli Cozzi","description":"Alfa Romeo: un mito che resiste al tempo","publisher":{"@id":"https:\/\/www.museofratellicozzi.com\/news\/#organization"},"potentialAction":[{"@type":"SearchAction","target":{"@type":"EntryPoint","urlTemplate":"https:\/\/www.museofratellicozzi.com\/news\/?s={search_term_string}"},"query-input":{"@type":"PropertyValueSpecification","valueRequired":true,"valueName":"search_term_string"}}],"inLanguage":"it-IT"},{"@type":"Organization","@id":"https:\/\/www.museofratellicozzi.com\/news\/#organization","name":"Museo Fratelli Cozzi","url":"https:\/\/www.museofratellicozzi.com\/news\/","logo":{"@type":"ImageObject","inLanguage":"it-IT","@id":"https:\/\/www.museofratellicozzi.com\/news\/#\/schema\/logo\/image\/","url":"https:\/\/www.museofratellicozzi.com\/news\/wp-content\/uploads\/2017\/04\/home.png","contentUrl":"https:\/\/www.museofratellicozzi.com\/news\/wp-content\/uploads\/2017\/04\/home.png","width":497,"height":512,"caption":"Museo Fratelli Cozzi"},"image":{"@id":"https:\/\/www.museofratellicozzi.com\/news\/#\/schema\/logo\/image\/"}},{"@type":"Person","@id":"https:\/\/www.museofratellicozzi.com\/news\/#\/schema\/person\/3c2c242e79e59f9be7b62a0d9673e40d","name":"Elisabetta Cozzi","image":{"@type":"ImageObject","inLanguage":"it-IT","@id":"https:\/\/www.museofratellicozzi.com\/news\/#\/schema\/person\/image\/","url":"https:\/\/secure.gravatar.com\/avatar\/a761e7642145a4506dbd3685a69db0fc?s=96&d=mm&r=g","contentUrl":"https:\/\/secure.gravatar.com\/avatar\/a761e7642145a4506dbd3685a69db0fc?s=96&d=mm&r=g","caption":"Elisabetta Cozzi"}}]}},"jetpack_featured_media_url":"https:\/\/www.museofratellicozzi.com\/news\/wp-content\/uploads\/2026\/08\/You-Tube-SEMPIONE-2026-08-24T123252.695.jpg","jetpack_shortlink":"https:\/\/wp.me\/p90Eth-73B","jetpack_sharing_enabled":true,"post_mailing_queue_ids":[],"_links":{"self":[{"href":"https:\/\/www.museofratellicozzi.com\/news\/wp-json\/wp\/v2\/posts\/27131","targetHints":{"allow":["GET"]}}],"collection":[{"href":"https:\/\/www.museofratellicozzi.com\/news\/wp-json\/wp\/v2\/posts"}],"about":[{"href":"https:\/\/www.museofratellicozzi.com\/news\/wp-json\/wp\/v2\/types\/post"}],"author":[{"embeddable":true,"href":"https:\/\/www.museofratellicozzi.com\/news\/wp-json\/wp\/v2\/users\/7"}],"replies":[{"embeddable":true,"href":"https:\/\/www.museofratellicozzi.com\/news\/wp-json\/wp\/v2\/comments?post=27131"}],"version-history":[{"count":25,"href":"https:\/\/www.museofratellicozzi.com\/news\/wp-json\/wp\/v2\/posts\/27131\/revisions"}],"predecessor-version":[{"id":27363,"href":"https:\/\/www.museofratellicozzi.com\/news\/wp-json\/wp\/v2\/posts\/27131\/revisions\/27363"}],"wp:featuredmedia":[{"embeddable":true,"href":"https:\/\/www.museofratellicozzi.com\/news\/wp-json\/wp\/v2\/media\/27134"}],"wp:attachment":[{"href":"https:\/\/www.museofratellicozzi.com\/news\/wp-json\/wp\/v2\/media?parent=27131"}],"wp:term":[{"taxonomy":"category","embeddable":true,"href":"https:\/\/www.museofratellicozzi.com\/news\/wp-json\/wp\/v2\/categories?post=27131"},{"taxonomy":"post_tag","embeddable":true,"href":"https:\/\/www.museofratellicozzi.com\/news\/wp-json\/wp\/v2\/tags?post=27131"}],"curies":[{"name":"wp","href":"https:\/\/api.w.org\/{rel}","templated":true}]}}