{"id":27202,"date":"2026-08-24T18:42:10","date_gmt":"2026-08-24T16:42:10","guid":{"rendered":"https:\/\/www.museofratellicozzi.com\/news\/?p=27202"},"modified":"2026-09-01T16:45:52","modified_gmt":"2026-09-01T14:45:52","slug":"donne-e-motori-nuovo-tour-iv-edizione-agosto","status":"publish","type":"post","link":"https:\/\/www.museofratellicozzi.com\/news\/donne-e-motori-nuovo-tour-iv-edizione-agosto\/","title":{"rendered":"Donne e motori nuovo tour IV edizione &#8211; agosto"},"content":{"rendered":"<p>[et_pb_section fb_built=&#8221;1&#8243; admin_label=&#8221;Sezione&#8221; _builder_version=&#8221;3.22&#8243; custom_padding=&#8221;0px|||&#8221; transparent_background=&#8221;off&#8221; make_fullwidth=&#8221;off&#8221; use_custom_width=&#8221;off&#8221; width_unit=&#8221;on&#8221; custom_width_px=&#8221;1080&#8243; custom_width_percent=&#8221;80&#8243;][et_pb_row use_custom_gutter=&#8221;on&#8221; gutter_width=&#8221;1&#8243; disabled_on=&#8221;off|off|off&#8221; admin_label=&#8221;Riga&#8221; module_class=&#8221; et_pb_row_fullwidth&#8221; _builder_version=&#8221;3.25&#8243; background_size=&#8221;initial&#8221; background_position=&#8221;top_left&#8221; background_repeat=&#8221;repeat&#8221; width=&#8221;100%&#8221; width_tablet=&#8221;100%&#8221; width_phone=&#8221;&#8221; width_last_edited=&#8221;on|desktop&#8221; max_width=&#8221;100%&#8221; max_width_tablet=&#8221;100%&#8221; max_width_phone=&#8221;&#8221; max_width_last_edited=&#8221;on|desktop&#8221; custom_padding=&#8221;0px|||&#8221; make_fullwidth=&#8221;on&#8221; use_custom_width=&#8221;off&#8221; width_unit=&#8221;on&#8221; custom_width_px=&#8221;1080&#8243; custom_width_percent=&#8221;80&#8243;][et_pb_column type=&#8221;4_4&#8243; _builder_version=&#8221;3.25&#8243; custom_padding=&#8221;|||&#8221; custom_padding__hover=&#8221;|||&#8221;][et_pb_image src=&#8221;https:\/\/www.museofratellicozzi.com\/news\/wp-content\/uploads\/2026\/07\/You-Tube-SEMPIONE-2026-07-20T221216.632.jpg&#8221; alt=&#8221;Elisabetta Cozzi presenta il Tour 2025 %22Donne e Motori? Gioie e basta%22&#8243; title_text=&#8221;Cascina Merlata 2026&#8243; _builder_version=&#8221;4.8.2&#8243; _module_preset=&#8221;default&#8221;][\/et_pb_image][\/et_pb_column][\/et_pb_row][et_pb_row admin_label=&#8221;Riga&#8221; _builder_version=&#8221;3.25&#8243; background_size=&#8221;initial&#8221; background_position=&#8221;top_left&#8221; background_repeat=&#8221;repeat&#8221; custom_padding=&#8221;20px||0px|&#8221; make_fullwidth=&#8221;off&#8221; use_custom_width=&#8221;off&#8221; width_unit=&#8221;on&#8221; custom_width_px=&#8221;1080&#8243; custom_width_percent=&#8221;80&#8243;][et_pb_column type=&#8221;4_4&#8243; _builder_version=&#8221;3.25&#8243; custom_padding=&#8221;|||&#8221; custom_padding__hover=&#8221;|||&#8221;][et_pb_text admin_label=&#8221;Titolo&#8221; _builder_version=&#8221;4.8.2&#8243; text_font=&#8221;PT Sans||||&#8221; text_text_color=&#8221;#000000&#8243; text_font_size=&#8221;72&#8243; text_letter_spacing=&#8221;0&#8243; text_line_height=&#8221;1.1&#8243; header_font=&#8221;PT Sans||||&#8221; header_text_color=&#8221;#000000&#8243; header_font_size=&#8221;48&#8243; header_letter_spacing=&#8221;0&#8243; header_line_height=&#8221;1.1em&#8221; background_size=&#8221;initial&#8221; background_position=&#8221;top_left&#8221; background_repeat=&#8221;repeat&#8221; custom_margin=&#8221;0px||0px|&#8221; text_font_size_tablet=&#8221;60&#8243; text_font_size_phone=&#8221;&#8221; text_font_size_last_edited=&#8221;on|phone&#8221; text_letter_spacing_tablet=&#8221;&#8221; text_letter_spacing_phone=&#8221;&#8221; text_letter_spacing_last_edited=&#8221;on|desktop&#8221; text_line_height_tablet=&#8221;&#8221; text_line_height_phone=&#8221;&#8221; text_line_height_last_edited=&#8221;on|&#8221; header_font_size_tablet=&#8221;46&#8243; header_font_size_phone=&#8221;38px&#8221; header_font_size_last_edited=&#8221;on|phone&#8221; use_border_color=&#8221;off&#8221; border_color=&#8221;#ffffff&#8221; border_width=&#8221;1&#8243; border_style=&#8221;solid&#8221;]<\/p>\n<p>Donne e Motori? Gioie e&#8230; storie in tour &#8211; agosto<\/p>\n<p>[\/et_pb_text][\/et_pb_column][\/et_pb_row][\/et_pb_section][et_pb_section fb_built=&#8221;1&#8243; admin_label=&#8221;Section&#8221; _builder_version=&#8221;3.22&#8243; background_color=&#8221;#f7f7f4&#8243; transparent_background=&#8221;off&#8221; make_fullwidth=&#8221;off&#8221; use_custom_width=&#8221;off&#8221; width_unit=&#8221;on&#8221; custom_width_px=&#8221;1080&#8243; custom_width_percent=&#8221;80&#8243;][et_pb_row column_structure=&#8221;1_3,2_3&#8243; padding_mobile=&#8221;on&#8221; column_padding_mobile=&#8221;on&#8221; admin_label=&#8221;row&#8221; _builder_version=&#8221;4.8.2&#8243; background_size=&#8221;initial&#8221; background_position=&#8221;top_left&#8221; background_repeat=&#8221;repeat&#8221; min_height=&#8221;459.2px&#8221; custom_margin=&#8221;10px||||false|false&#8221; custom_padding=&#8221;0px||0px|||&#8221; make_fullwidth=&#8221;off&#8221; use_custom_width=&#8221;off&#8221; width_unit=&#8221;on&#8221; custom_width_px=&#8221;1080&#8243; custom_width_percent=&#8221;80&#8243;][et_pb_column type=&#8221;1_3&#8243; _builder_version=&#8221;3.25&#8243; custom_padding=&#8221;|||&#8221; custom_padding__hover=&#8221;|||&#8221;][et_pb_text admin_label=&#8221;Occhiello&#8221; _builder_version=&#8221;4.8.2&#8243; text_font=&#8221;PT Sans|on|||&#8221; text_text_color=&#8221;#363636&#8243; text_font_size=&#8221;24&#8243; text_letter_spacing=&#8221;0&#8243; text_line_height=&#8221;1.4&#8243; header_font_size=&#8221;30&#8243; header_letter_spacing=&#8221;0&#8243; header_line_height=&#8221;1&#8243; header_3_font_size=&#8221;19px&#8221; header_3_line_height=&#8221;1.2em&#8221; background_size=&#8221;initial&#8221; background_position=&#8221;top_left&#8221; background_repeat=&#8221;repeat&#8221; max_width=&#8221;620px&#8221; custom_margin=&#8221;0px|20px|0px||false|false&#8221; custom_padding=&#8221;||0px|||&#8221; text_font_size_tablet=&#8221;&#8221; text_font_size_phone=&#8221;&#8221; text_font_size_last_edited=&#8221;on|desktop&#8221; use_border_color=&#8221;off&#8221; border_color=&#8221;#ffffff&#8221; border_width=&#8221;1&#8243; border_style=&#8221;solid&#8221;]<\/p>\n<p><strong>Come ogni mese, vi accompagniamo alla scoperta dei luoghi che hanno ospitato e ospiteranno la mostra. Scopri dove sono stati i nostri compagni di viaggio\u00a0e motori del cambiamento\u00a0ad agosto<\/strong><\/p>\n<p>[\/et_pb_text][\/et_pb_column][et_pb_column type=&#8221;2_3&#8243; _builder_version=&#8221;3.25&#8243; custom_padding=&#8221;|||&#8221; custom_padding__hover=&#8221;|||&#8221;][et_pb_text admin_label=&#8221;Blocco testo 1&#8243; _builder_version=&#8221;4.8.2&#8243; text_font=&#8221;PT Sans||||&#8221; text_text_color=&#8221;#363636&#8243; text_font_size=&#8221;20&#8243; text_letter_spacing=&#8221;0&#8243; text_line_height=&#8221;1.2em&#8221; header_font_size=&#8221;30&#8243; header_letter_spacing=&#8221;0&#8243; header_line_height=&#8221;1&#8243; background_size=&#8221;initial&#8221; background_position=&#8221;top_left&#8221; background_repeat=&#8221;repeat&#8221; max_width=&#8221;620px&#8221; custom_margin=&#8221;0px||0px||false|false&#8221; custom_padding=&#8221;||0px|||&#8221; text_font_size_tablet=&#8221;&#8221; text_font_size_phone=&#8221;&#8221; text_font_size_last_edited=&#8221;on|tablet&#8221; use_border_color=&#8221;off&#8221; border_color=&#8221;#ffffff&#8221; border_width=&#8221;1&#8243; border_style=&#8221;solid&#8221;]<\/p>\n<p><strong>Se \u00e8 la tua prima volta qui, benvenuta\/benvenuto!\u202f\u202f\u00a0<\/strong><\/p>\n<p><span data-contrast=\"auto\">Con il progetto\u00a0<\/span><em><span style=\"color: #800000;\"><a href=\"https:\/\/www.museofratellicozzi.com\/news\/donne-e-motori-gioie-e-basta-4-edizione-le-protagoniste\/\" target=\"_blank\" rel=\"noopener noreferrer\" style=\"color: #800000;\"><strong>Donne e motori? Gioie e basta<\/strong><\/a><\/span><\/em><span data-contrast=\"auto\">, il Museo Fratelli Cozzi accelera oltre i luoghi comuni e spezza gli stereotipi. Protagoniste:\u00a0<\/span><strong>20 donne, 20 storie di talento e determinazione<\/strong><span data-contrast=\"auto\">, raccontate attraverso lo sguardo intenso e autentico di\u00a0<\/span><strong>Camilla Albertini<\/strong><span data-contrast=\"auto\">.\u00a0E non solo!\u00a0La\u00a0<\/span><strong>quarta edizione<\/strong><span data-contrast=\"auto\">\u00a0ingrana una marcia in pi\u00f9: ogni testimonial \u00e8\u00a0stata\u00a0chiamata a scegliere il suo<strong>\u00a0<\/strong><\/span><strong>alleato al maschile<\/strong><span data-contrast=\"auto\">, chi ha davvero creduto nella parit\u00e0 e l\u2019ha sostenuta nel proprio percorso professionale.\u00a0<\/span><span data-ccp-props=\"{&quot;134233117&quot;:false,&quot;134233118&quot;:false,&quot;201341983&quot;:0,&quot;335551550&quot;:6,&quot;335551620&quot;:6,&quot;335559738&quot;:0,&quot;335559739&quot;:0,&quot;335559740&quot;:240}\">\u00a0<\/span><\/p>\n<p><span data-contrast=\"auto\">Un dettaglio che fa riflettere e parlare:\u00a0<\/span><strong>non tutte lo hanno ancora trovato<\/strong><span data-contrast=\"auto\">.<\/span><span data-ccp-props=\"{&quot;134233117&quot;:false,&quot;134233118&quot;:false,&quot;201341983&quot;:0,&quot;335551550&quot;:6,&quot;335551620&quot;:6,&quot;335559738&quot;:0,&quot;335559739&quot;:0,&quot;335559740&quot;:240}\">\u00a0<\/span><\/p>\n<p>Come ogni mese, vi accompagniamo alla scoperta dei luoghi che hanno ospitato e ospiteranno la mostra e il progetto.\u00a0Per tutto l\u2019anno i nostri ritratti di alleanza saranno ospitati presso <strong>Cascina SpazioVIVO<\/strong> (Cascina Merlata, Milano), un centro di aggregazione dinamico, con eventi, corsi e attivit\u00e0 per tutte le et\u00e0, finalizzati a promuovere incontro e benessere comunitario.<\/p>\n<p>Alleati in tour: scopri dove sono stati i nostri compagni di viaggio e motori del cambiamento agosto!<\/p>\n<p>[\/et_pb_text][\/et_pb_column][\/et_pb_row][et_pb_row padding_mobile=&#8221;on&#8221; column_padding_mobile=&#8221;on&#8221; admin_label=&#8221;row&#8221; _builder_version=&#8221;4.8.2&#8243; background_size=&#8221;initial&#8221; background_position=&#8221;top_left&#8221; background_repeat=&#8221;repeat&#8221; custom_margin=&#8221;10px||||false|false&#8221; custom_padding=&#8221;0px|||&#8221; make_fullwidth=&#8221;off&#8221; use_custom_width=&#8221;off&#8221; width_unit=&#8221;on&#8221; custom_width_px=&#8221;1080&#8243; custom_width_percent=&#8221;80&#8243;][et_pb_column type=&#8221;4_4&#8243; _builder_version=&#8221;3.25&#8243; custom_padding=&#8221;|||&#8221; custom_padding__hover=&#8221;|||&#8221;][et_pb_divider _builder_version=&#8221;4.8.2&#8243; _module_preset=&#8221;default&#8221;][\/et_pb_divider][\/et_pb_column][\/et_pb_row][et_pb_row column_structure=&#8221;1_3,2_3&#8243; padding_mobile=&#8221;on&#8221; column_padding_mobile=&#8221;on&#8221; admin_label=&#8221;row&#8221; _builder_version=&#8221;4.8.2&#8243; background_size=&#8221;initial&#8221; background_position=&#8221;top_left&#8221; background_repeat=&#8221;repeat&#8221; custom_margin=&#8221;10px||||false|false&#8221; custom_padding=&#8221;0px|||&#8221; make_fullwidth=&#8221;off&#8221; use_custom_width=&#8221;off&#8221; width_unit=&#8221;on&#8221; custom_width_px=&#8221;1080&#8243; custom_width_percent=&#8221;80&#8243;][et_pb_column type=&#8221;1_3&#8243; _builder_version=&#8221;3.25&#8243; custom_padding=&#8221;|||&#8221; custom_padding__hover=&#8221;|||&#8221;][\/et_pb_column][et_pb_column type=&#8221;2_3&#8243; _builder_version=&#8221;3.25&#8243; custom_padding=&#8221;|||&#8221; custom_padding__hover=&#8221;|||&#8221;][et_pb_text admin_label=&#8221;Blocco testo 1&#8243; _builder_version=&#8221;4.8.2&#8243; text_font=&#8221;PT Sans||||&#8221; text_text_color=&#8221;#363636&#8243; text_font_size=&#8221;20&#8243; text_letter_spacing=&#8221;0&#8243; text_line_height=&#8221;1.2em&#8221; header_font_size=&#8221;30&#8243; header_letter_spacing=&#8221;0&#8243; header_line_height=&#8221;1&#8243; background_size=&#8221;initial&#8221; background_position=&#8221;top_left&#8221; background_repeat=&#8221;repeat&#8221; max_width=&#8221;620px&#8221; custom_margin=&#8221;0px||0px||false|false&#8221; custom_padding=&#8221;||0px|||&#8221; text_font_size_tablet=&#8221;&#8221; text_font_size_phone=&#8221;&#8221; text_font_size_last_edited=&#8221;on|tablet&#8221; use_border_color=&#8221;off&#8221; border_color=&#8221;#ffffff&#8221; border_width=&#8221;1&#8243; border_style=&#8221;solid&#8221;]<\/p>\n<h3><span style=\"color: #800000;\"><strong>Cascina Merlata\u00a0<\/strong><\/span><\/h3>\n<p>Prosegue l&#8217;esposizione della mostra nell&#8217;aia di Cascina Spazio Vivo, dove trova spazio anche &#8220;<strong>100 Sedie Rosse<\/strong>&#8220;, l&#8217;installazione permanente realizzata nel 2020 grazie a <strong>EMU Group e UpTown Milano<\/strong>. Il progetto interpreta il design urbano come strumento di inclusione, promuovendo il rispetto, la parit\u00e0 di genere e la condivisione degli spazi pubblici.<\/p>\n<p>Le sedie, liberamente utilizzabili,<strong> invitano le persone a incontrarsi, sostare e vivere la piazza in modo spontaneo<\/strong>, trasformandola in un luogo di relazione e partecipazione. In questo contesto, &#8220;Donne e motori? Gioie e basta&#8221;, visitabile fino al 25 novembre, si inserisce in un calendario di iniziative dedicate alla valorizzazione del ruolo delle donne e alla promozione di una cultura dell&#8217;inclusione.<\/p>\n<p><span style=\"color: #800000;\"><a href=\"https:\/\/www.museofratellicozzi.com\/news\/1522-motori-in-marcia-contro-la-violenza-sulle-donne-settembre\/\" target=\"_blank\" rel=\"noopener noreferrer\" style=\"color: #800000;\"><em>Il 20 settembre non perdere l&#8217;evento 1522\u00a0Motori in marcia contro la violenza sulle donne con ritrovo finale a Cascina Merlata\u00a0<\/em><\/a><\/span><\/p>\n<p>[\/et_pb_text][\/et_pb_column][\/et_pb_row][et_pb_row _builder_version=&#8221;4.8.2&#8243; _module_preset=&#8221;default&#8221;][et_pb_column type=&#8221;4_4&#8243; _builder_version=&#8221;4.8.2&#8243; _module_preset=&#8221;default&#8221;][et_pb_text _builder_version=&#8221;4.8.2&#8243; _module_preset=&#8221;default&#8221;]<\/p>\n<p>Nella foto di copertina, Elisabetta Cozzi con\u00a0Valeria Lorenzelli responsabile Marketing del gruppo Euromilano Near, partner del progetto. Valeria Lorenzelli \u00e8 tra le testimonial della IV edizione di &#8220;Donne e motori? Gioie e Basta&#8221; insieme ad Attilio di Cunto, CEO di Euromilano-Near<\/p>\n<p>[\/et_pb_text][\/et_pb_column][\/et_pb_row][et_pb_row column_structure=&#8221;1_2,1_2&#8243; _builder_version=&#8221;4.8.2&#8243; _module_preset=&#8221;default&#8221;][et_pb_column type=&#8221;1_2&#8243; _builder_version=&#8221;4.8.2&#8243; _module_preset=&#8221;default&#8221;][et_pb_image src=&#8221;https:\/\/www.museofratellicozzi.com\/news\/wp-content\/uploads\/2026\/07\/FOTO-DURALFA-48.jpg&#8221; title_text=&#8221;Cascina Merlata 2026&#8243; _builder_version=&#8221;4.8.2&#8243; _module_preset=&#8221;default&#8221;][\/et_pb_image][\/et_pb_column][et_pb_column type=&#8221;1_2&#8243; _builder_version=&#8221;4.8.2&#8243; _module_preset=&#8221;default&#8221;][et_pb_image src=&#8221;https:\/\/www.museofratellicozzi.com\/news\/wp-content\/uploads\/2026\/07\/FOTO-DURALFA-47.jpg&#8221; title_text=&#8221;Cascina Merlata 2026&#8243; _builder_version=&#8221;4.8.2&#8243; _module_preset=&#8221;default&#8221;][\/et_pb_image][\/et_pb_column][\/et_pb_row][et_pb_row column_structure=&#8221;1_3,2_3&#8243; padding_mobile=&#8221;on&#8221; column_padding_mobile=&#8221;on&#8221; admin_label=&#8221;row&#8221; _builder_version=&#8221;4.8.2&#8243; background_size=&#8221;initial&#8221; background_position=&#8221;top_left&#8221; background_repeat=&#8221;repeat&#8221; custom_margin=&#8221;10px||||false|false&#8221; custom_padding=&#8221;0px|||&#8221; make_fullwidth=&#8221;off&#8221; use_custom_width=&#8221;off&#8221; width_unit=&#8221;on&#8221; custom_width_px=&#8221;1080&#8243; custom_width_percent=&#8221;80&#8243;][et_pb_column type=&#8221;1_3&#8243; _builder_version=&#8221;3.25&#8243; custom_padding=&#8221;|||&#8221; custom_padding__hover=&#8221;|||&#8221;][\/et_pb_column][et_pb_column type=&#8221;2_3&#8243; _builder_version=&#8221;3.25&#8243; custom_padding=&#8221;|||&#8221; custom_padding__hover=&#8221;|||&#8221;][et_pb_text admin_label=&#8221;Blocco testo 1&#8243; _builder_version=&#8221;4.8.2&#8243; text_font=&#8221;PT Sans||||&#8221; text_text_color=&#8221;#363636&#8243; text_font_size=&#8221;20&#8243; text_letter_spacing=&#8221;0&#8243; text_line_height=&#8221;1.2em&#8221; header_font_size=&#8221;30&#8243; header_letter_spacing=&#8221;0&#8243; header_line_height=&#8221;1&#8243; background_size=&#8221;initial&#8221; background_position=&#8221;top_left&#8221; background_repeat=&#8221;repeat&#8221; max_width=&#8221;620px&#8221; custom_margin=&#8221;0px||0px||false|false&#8221; custom_padding=&#8221;||0px|||&#8221; text_font_size_tablet=&#8221;&#8221; text_font_size_phone=&#8221;&#8221; text_font_size_last_edited=&#8221;on|tablet&#8221; use_border_color=&#8221;off&#8221; border_color=&#8221;#ffffff&#8221; border_width=&#8221;1&#8243; border_style=&#8221;solid&#8221;]<\/p>\n<h3><span style=\"color: #800000;\"><strong>Ufficio Postale, Saronno<\/strong><\/span><\/h3>\n<p>In un <strong>luogo di transito aperto a un pubblico variegato,<\/strong> il percorso espositivo ha intercettato giovani donne in cerca di ispirazione, uomini consapevoli e rispettosi, di oggi e di domani, donne mature che continuano a coltivare sogni e aspirazioni senza tempo, e tutti coloro che vorranno accogliere e riflettere sul significato profondo del nostro messaggio.<\/p>\n<p><span style=\"color: #993366;\"><em><strong>Partecipa al finissage della mostra il 4 settembre alle ore 11, ti aspettiamo!<\/strong><\/em><\/span><\/p>\n<p>[\/et_pb_text][\/et_pb_column][\/et_pb_row][et_pb_row _builder_version=&#8221;4.8.2&#8243; _module_preset=&#8221;default&#8221;][et_pb_column type=&#8221;4_4&#8243; _builder_version=&#8221;4.8.2&#8243; _module_preset=&#8221;default&#8221;][et_pb_text _builder_version=&#8221;4.8.2&#8243; _module_preset=&#8221;default&#8221;]<\/p>\n<p>La mostra esposta presso la sede centrale di Poste Italiane a Saronno<\/p>\n<p>[\/et_pb_text][et_pb_image src=&#8221;https:\/\/www.museofratellicozzi.com\/news\/wp-content\/uploads\/2026\/08\/WhatsApp-Image-2026-08-26-at-09.00.52-7.jpeg&#8221; title_text=&#8221;Poste Monza 2026&#8243; _builder_version=&#8221;4.8.2&#8243; _module_preset=&#8221;default&#8221;][\/et_pb_image][\/et_pb_column][\/et_pb_row][et_pb_row _builder_version=&#8221;4.8.2&#8243; _module_preset=&#8221;default&#8221;][et_pb_column type=&#8221;4_4&#8243; _builder_version=&#8221;4.8.2&#8243; _module_preset=&#8221;default&#8221;][et_pb_gallery gallery_ids=&#8221;27236,27237,27238,27239,27240,27241,27242,27243,27244&#8243; show_title_and_caption=&#8221;off&#8221; show_pagination=&#8221;off&#8221; _builder_version=&#8221;4.8.2&#8243; _module_preset=&#8221;default&#8221;][\/et_pb_gallery][\/et_pb_column][\/et_pb_row][et_pb_row _builder_version=&#8221;4.8.2&#8243; _module_preset=&#8221;default&#8221;][et_pb_column type=&#8221;4_4&#8243; _builder_version=&#8221;4.8.2&#8243; _module_preset=&#8221;default&#8221;][et_pb_divider _builder_version=&#8221;4.8.2&#8243; _module_preset=&#8221;default&#8221;][\/et_pb_divider][\/et_pb_column][\/et_pb_row][et_pb_row column_structure=&#8221;1_3,2_3&#8243; padding_mobile=&#8221;on&#8221; column_padding_mobile=&#8221;on&#8221; admin_label=&#8221;row&#8221; _builder_version=&#8221;4.8.2&#8243; background_size=&#8221;initial&#8221; background_position=&#8221;top_left&#8221; background_repeat=&#8221;repeat&#8221; custom_margin=&#8221;10px||||false|false&#8221; custom_padding=&#8221;0px|||&#8221; make_fullwidth=&#8221;off&#8221; use_custom_width=&#8221;off&#8221; width_unit=&#8221;on&#8221; custom_width_px=&#8221;1080&#8243; custom_width_percent=&#8221;80&#8243;][et_pb_column type=&#8221;1_3&#8243; _builder_version=&#8221;3.25&#8243; custom_padding=&#8221;|||&#8221; custom_padding__hover=&#8221;|||&#8221;][\/et_pb_column][et_pb_column type=&#8221;2_3&#8243; _builder_version=&#8221;3.25&#8243; custom_padding=&#8221;|||&#8221; custom_padding__hover=&#8221;|||&#8221;][et_pb_text admin_label=&#8221;Blocco testo 1&#8243; _builder_version=&#8221;4.8.2&#8243; text_font=&#8221;PT Sans||||&#8221; text_text_color=&#8221;#363636&#8243; text_font_size=&#8221;20&#8243; text_letter_spacing=&#8221;0&#8243; text_line_height=&#8221;1.2em&#8221; header_font_size=&#8221;30&#8243; header_letter_spacing=&#8221;0&#8243; header_line_height=&#8221;1&#8243; background_size=&#8221;initial&#8221; background_position=&#8221;top_left&#8221; background_repeat=&#8221;repeat&#8221; max_width=&#8221;620px&#8221; custom_margin=&#8221;0px||0px||false|false&#8221; custom_padding=&#8221;||0px|||&#8221; text_font_size_tablet=&#8221;&#8221; text_font_size_phone=&#8221;&#8221; text_font_size_last_edited=&#8221;on|tablet&#8221; use_border_color=&#8221;off&#8221; border_color=&#8221;#ffffff&#8221; border_width=&#8221;1&#8243; border_style=&#8221;solid&#8221;]<\/p>\n<h3><span style=\"color: #800000;\"><strong>Casa Autopromotec, Anzola dell&#8217;Emilia (BO)<\/strong><\/span><\/h3>\n<p>Dal 1965 Autopromotec rappresenta uno dei principali punti di riferimento internazionali per il settore delle attrezzature e dell&#8217;aftermarket automobilistico. Attraverso la biennale di Bologna, gli Autopromotec Talks e numerose iniziative di divulgazione e networking, l&#8217;organizzazione promuove l&#8217;innovazione, il trasferimento di competenze e il dialogo tra imprese, istituzioni e professionisti della filiera. Casa Autopromotec, nella sede di Anzola dell&#8217;Emilia, \u00e8 il luogo in cui queste attivit\u00e0 prendono forma durante tutto l&#8217;anno, ospitando incontri, eventi e progetti dedicati all&#8217;evoluzione della mobilit\u00e0 e dell&#8217;automotive.<\/p>\n<p><strong>Autopromotec<\/strong>, prendendo atto de valore del progetto, ha deciso di stampare una copia aggiuntiva di &#8220;Donne e motori? Gioie e basta&#8221;, che per tutto il mese di agosto \u00e8 stata ospitata negli spazi di <strong>Casa Autopromotec<\/strong>, rafforzando il legame con una realt\u00e0 che da anni sostiene la crescita culturale e tecnologica del comparto automotive. La presenza della mostra in questo luogo proseguir\u00e0 anche nel corso dei prossimi mesi e rappresenta un&#8217;ulteriore occasione per valorizzare il contributo delle donne nel settore e promuovere una cultura dell&#8217;inclusione, del merito e dell&#8217;innovazione. Un sentito ringraziamento va ad <strong>Autopromotec<\/strong> per l&#8217;ospitalit\u00e0 e per il costante sostegno al progetto.<\/p>\n<p>[\/et_pb_text][\/et_pb_column][\/et_pb_row][et_pb_row padding_mobile=&#8221;on&#8221; column_padding_mobile=&#8221;on&#8221; admin_label=&#8221;row&#8221; _builder_version=&#8221;3.25&#8243; background_size=&#8221;initial&#8221; background_position=&#8221;top_left&#8221; background_repeat=&#8221;repeat&#8221; custom_margin=&#8221;21px|38px||auto||&#8221; custom_padding=&#8221;0px|||&#8221; make_fullwidth=&#8221;off&#8221; use_custom_width=&#8221;off&#8221; width_unit=&#8221;on&#8221;][et_pb_column type=&#8221;4_4&#8243; _builder_version=&#8221;3.25&#8243; custom_padding=&#8221;|||&#8221; custom_padding__hover=&#8221;|||&#8221;][et_pb_divider _builder_version=&#8221;4.8.2&#8243; _module_preset=&#8221;default&#8221;][\/et_pb_divider][\/et_pb_column][\/et_pb_row][et_pb_row column_structure=&#8221;1_3,2_3&#8243; padding_mobile=&#8221;on&#8221; column_padding_mobile=&#8221;on&#8221; admin_label=&#8221;row&#8221; _builder_version=&#8221;4.8.2&#8243; background_size=&#8221;initial&#8221; background_position=&#8221;top_left&#8221; background_repeat=&#8221;repeat&#8221; custom_margin=&#8221;10px||||false|false&#8221; custom_padding=&#8221;0px|||&#8221; make_fullwidth=&#8221;off&#8221; use_custom_width=&#8221;off&#8221; width_unit=&#8221;on&#8221; custom_width_px=&#8221;1080&#8243; custom_width_percent=&#8221;80&#8243;][et_pb_column type=&#8221;1_3&#8243; _builder_version=&#8221;3.25&#8243; custom_padding=&#8221;|||&#8221; custom_padding__hover=&#8221;|||&#8221;][\/et_pb_column][et_pb_column type=&#8221;2_3&#8243; _builder_version=&#8221;3.25&#8243; custom_padding=&#8221;|||&#8221; custom_padding__hover=&#8221;|||&#8221;][et_pb_text admin_label=&#8221;Blocco testo 1&#8243; _builder_version=&#8221;4.8.2&#8243; text_font=&#8221;PT Sans||||&#8221; text_text_color=&#8221;#363636&#8243; text_font_size=&#8221;20&#8243; text_letter_spacing=&#8221;0&#8243; text_line_height=&#8221;1.2em&#8221; header_font_size=&#8221;30&#8243; header_letter_spacing=&#8221;0&#8243; header_line_height=&#8221;1&#8243; background_size=&#8221;initial&#8221; background_position=&#8221;top_left&#8221; background_repeat=&#8221;repeat&#8221; max_width=&#8221;620px&#8221; custom_margin=&#8221;0px||0px||false|false&#8221; custom_padding=&#8221;||0px|||&#8221; hover_enabled=&#8221;0&#8243; text_font_size_tablet=&#8221;&#8221; text_font_size_phone=&#8221;&#8221; text_font_size_last_edited=&#8221;on|tablet&#8221; use_border_color=&#8221;off&#8221; border_color=&#8221;#ffffff&#8221; border_width=&#8221;1&#8243; border_style=&#8221;solid&#8221; sticky_enabled=&#8221;0&#8243;]<\/p>\n<h3><span style=\"color: #800000;\"><strong>Le sorelle in tour: i prossimi appuntamenti<\/strong><\/span><\/h3>\n<p><strong>Continuano le esposizioni presso Cascina Merlata, Casa Autopromotec e Poste Saronno, ma il tour prevede anche nuove tappe:<\/strong><strong><\/strong><\/p>\n<p><span style=\"color: #800000;\"><strong>Fermata \u201cSuperga\u201d della tramvia GTT Sassi &#8211; Superga, Torino<\/strong><\/span><\/p>\n<p>La <strong>tranvia storica Sassi\u2013Superga<\/strong> collega il cuore di Torino alla collina, offrendo un percorso suggestivo tra boschi e panorami che si aprono gradualmente sulla citt\u00e0 e sulle Alpi. In pochi minuti si passa dal tessuto urbano a un paesaggio naturale e silenzioso, con un\u2019esperienza di viaggio dal fascino d\u2019altri tempi. Al termine della salita si raggiunge la <strong>Basilica di Superga<\/strong>, capolavoro barocco di Filippo Juvarra, che domina Torino con la sua inconfondibile cupola. Il complesso, oltre a custodire le tombe reali dei Savoia, regala una delle vedute pi\u00f9 ampie e spettacolari del territorio: un punto d\u2019incontro tra architettura, storia e natura, che restituisce al visitatore la misura della citt\u00e0 e delle sue radici.<br \/> L\u2019esposizione della mostra sar\u00e0 allestita a settembre all\u2019interno dei locali della fermata \u201cSuperga\u201d. Un ringraziamento speciale va a<strong> Linda Villano<\/strong>, Presidente di AIDA e protagonista di questa quarta edizione, e a <strong>Maria Paola Stola Ariusso<\/strong>, protagonista della terza edizione. Le Sister torinesi non si fermano mai!<\/p>\n<p><strong>Quando?<\/strong> Dal 1\u00b0 al 9 settembre<\/p>\n<p>Luned\u00ec-venerd\u00ec 10:30-18:30;\u00a0Sabato 9:30-23:30;\u00a0Domenica 9:30-20:30. Mercoled\u00ec chiuso<\/p>\n<p><strong>Dove?<\/strong> La mostra sar\u00e0 esposta negli spazi della stazione Superga.<\/p>\n<p>Dal 1\u00b0 al 19 settembre Donne &amp; Motori? Gioie e basta sar\u00e0 in modalit\u00e0 digitale alle <strong>fermate della metropolitana, alle pensiline dei bus e sugli schermi presenti sui mezzi di GTT.<\/strong><\/p>\n<p>[\/et_pb_text][\/et_pb_column][\/et_pb_row][et_pb_row _builder_version=&#8221;4.8.2&#8243; _module_preset=&#8221;default&#8221;][et_pb_column type=&#8221;4_4&#8243; _builder_version=&#8221;4.8.2&#8243; _module_preset=&#8221;default&#8221;][et_pb_image src=&#8221;https:\/\/www.museofratellicozzi.com\/news\/wp-content\/uploads\/2026\/08\/You-Tube-SEMPIONE-2026-08-31T164728.100.jpg&#8221; title_text=&#8221;GTT Torino 2026&#8243; _builder_version=&#8221;4.8.2&#8243; _module_preset=&#8221;default&#8221;][\/et_pb_image][et_pb_text _builder_version=&#8221;4.8.2&#8243; _module_preset=&#8221;default&#8221;]<\/p>\n<p>Anteprima esposizione\u00a0fermata \u201cSuperga\u201d della tramvia GTT Sassi &#8211; Superga, Torino<\/p>\n<p>[\/et_pb_text][\/et_pb_column][\/et_pb_row][et_pb_row column_structure=&#8221;1_3,2_3&#8243; padding_mobile=&#8221;on&#8221; column_padding_mobile=&#8221;on&#8221; admin_label=&#8221;row&#8221; _builder_version=&#8221;4.8.2&#8243; background_size=&#8221;initial&#8221; background_position=&#8221;top_left&#8221; background_repeat=&#8221;repeat&#8221; custom_margin=&#8221;10px||||false|false&#8221; custom_padding=&#8221;0px|||&#8221; make_fullwidth=&#8221;off&#8221; use_custom_width=&#8221;off&#8221; width_unit=&#8221;on&#8221; custom_width_px=&#8221;1080&#8243; custom_width_percent=&#8221;80&#8243;][et_pb_column type=&#8221;1_3&#8243; _builder_version=&#8221;3.25&#8243; custom_padding=&#8221;|||&#8221; custom_padding__hover=&#8221;|||&#8221;][\/et_pb_column][et_pb_column type=&#8221;2_3&#8243; _builder_version=&#8221;3.25&#8243; custom_padding=&#8221;|||&#8221; custom_padding__hover=&#8221;|||&#8221;][et_pb_text admin_label=&#8221;Blocco testo 1&#8243; _builder_version=&#8221;4.8.2&#8243; text_font=&#8221;PT Sans||||&#8221; text_text_color=&#8221;#363636&#8243; text_font_size=&#8221;20&#8243; text_letter_spacing=&#8221;0&#8243; text_line_height=&#8221;1.2em&#8221; header_font_size=&#8221;30&#8243; header_letter_spacing=&#8221;0&#8243; header_line_height=&#8221;1&#8243; background_size=&#8221;initial&#8221; background_position=&#8221;top_left&#8221; background_repeat=&#8221;repeat&#8221; max_width=&#8221;620px&#8221; custom_margin=&#8221;0px||0px||false|false&#8221; custom_padding=&#8221;||0px|||&#8221; text_font_size_tablet=&#8221;&#8221; text_font_size_phone=&#8221;&#8221; text_font_size_last_edited=&#8221;on|tablet&#8221; use_border_color=&#8221;off&#8221; border_color=&#8221;#ffffff&#8221; border_width=&#8221;1&#8243; border_style=&#8221;solid&#8221;]<\/p>\n<h3><span style=\"color: #800000;\"><strong>Le sorelle in tour: i prossimi appuntamenti<\/strong><\/span><\/h3>\n<p><strong><\/strong><\/p>\n<p><strong>Continuano le esposizioni presso Cascina Merlata, Casa Autopromotec e Poste Saronno, ma il tour prevede anche nuove tappe:<\/strong><\/p>\n<p><span style=\"color: #800000;\"><strong>Fermata \u201cSuperga\u201d della tramvia GTT Sassi &#8211; Superga, Torino<\/strong><\/span><\/p>\n<p>La <strong>tranvia storica Sassi\u2013Superga<\/strong> collega il cuore di Torino alla collina, offrendo un percorso suggestivo tra boschi e panorami che si aprono gradualmente sulla citt\u00e0 e sulle Alpi. In pochi minuti si passa dal tessuto urbano a un paesaggio naturale e silenzioso, con un\u2019esperienza di viaggio dal fascino d\u2019altri tempi. Al termine della salita si raggiunge la <strong>Basilica di Superga<\/strong>, capolavoro barocco di Filippo Juvarra, che domina Torino con la sua inconfondibile cupola. Il complesso, oltre a custodire le tombe reali dei Savoia, regala una delle vedute pi\u00f9 ampie e spettacolari del territorio: un punto d\u2019incontro tra architettura, storia e natura, che restituisce al visitatore la misura della citt\u00e0 e delle sue radici.<br \/>L\u2019esposizione della mostra sar\u00e0 allestita a settembre all\u2019interno dei locali della fermata \u201cSuperga\u201d. Un ringraziamento speciale va a<strong> Linda Villano<\/strong>, Presidente di AIDA e protagonista di questa quarta edizione, e a <strong>Maria Paola Stola Ariusso<\/strong>, protagonista della terza edizione. Le Sister torinesi non si fermano mai!<\/p>\n<p><strong>Quando?<\/strong> Dal 1\u00b0 al 9 settembre<\/p>\n<p><strong>Dove?<\/strong> La mostra sar\u00e0 esposta negli spazi della stazione Superga.<\/p>\n<p>Dal 1\u00b0 al 19 settembre Donne &amp; Motori? Gioie e basta sar\u00e0 in modalit\u00e0 digitale alle <strong>fermate della metropolitana, alle pensiline dei bus e sugli schermi presenti sui mezzi di GTT<\/strong><\/p>\n<p><span style=\"color: #800000;\"><strong>Sede Pininfarina, Cambiano (TO)<\/strong><\/span><\/p>\n<p>Dal 1930 Pininfarina rappresenta una delle firme pi\u00f9 autorevoli del design italiano nel mondo. Nata come carrozzeria d&#8217;eccellenza, l&#8217;azienda ha contribuito a scrivere la storia dell&#8217;automobile attraverso modelli diventati iconici, evolvendosi nel tempo in un gruppo internazionale attivo nei settori del design, dell&#8217;ingegneria, dell&#8217;architettura e dell&#8217;innovazione. La sede di Cambiano, alle porte di Torino, \u00e8 il cuore di questa eredit\u00e0: un luogo dove creativit\u00e0, ricerca e competenze progettuali si incontrano per dare forma a soluzioni che coniugano estetica, tecnologia e funzionalit\u00e0. Qui trovano spazio anche la prestigiosa Collezione Pininfarina e gli ambienti in cui prendono vita progetti che continuano a rappresentare l&#8217;eccellenza del Made in Italy nel mondo.<\/p>\n<p>Dal <strong>7 al 16 settembre<\/strong>, la sede Pininfarina ospiter\u00e0 <strong>&#8220;Donne e motori? Gioie e basta&#8221;<\/strong>, in un contesto che ha contribuito a definire la cultura del design automobilistico italiano. Un&#8217;occasione particolarmente significativa per raccontare, all&#8217;interno di uno dei luoghi simbolo dell&#8217;innovazione e dello stile, il talento, la competenza e il contributo delle donne nel mondo dell&#8217;automotive. Un ringraziamento speciale va a <strong>Linda Villano<\/strong>, Presidente di AIDA e protagonista di questa quarta edizione.<\/p>\n<p><strong>Quando? <\/strong>Dal 7 al 16 settembre.<\/p>\n<p><strong>Dove? <\/strong>Pininfarina Headquarters, Via Nazionale 30, Cambiano (Torino).<\/p>\n<p><span style=\"color: #800000;\"><strong>Spazio Filatelia Torino<\/strong><\/span><\/p>\n<p>Nel cuore di Torino, lo Spazio Filatelia di Poste Italiane \u00e8 un punto di riferimento per collezionisti e appassionati, ma anche un luogo in cui la filatelia diventa strumento di divulgazione culturale e valorizzazione del patrimonio italiano. Oltre a custodire emissioni, folder e prodotti da collezione, ospita eventi e iniziative che raccontano il territorio attraverso la storia postale.<\/p>\n<p>Dal <strong>10 settembre al 6 ottobre<\/strong>, in concomitanza con il <strong>Salone Auto Torino<\/strong>, lo Spazio Filatelia ospiter\u00e0 <strong>&#8220;Donne e motori? Gioie e basta&#8221;<\/strong>. Per celebrare questa tappa \u00e8 stata realizzata un&#8217;esclusiva <strong>cartolina postale dedicata alla mostra<\/strong>, accompagnata da uno <strong>speciale annullo filatelico commemorativo<\/strong>, creati appositamente per l&#8217;occasione e destinati a diventare un ricordo unico dell&#8217;esposizione.<\/p>\n<p><strong>Quando?<\/strong> Dal 10 settembre al 6 ottobre, dal luned\u00ec al venerd\u00ec 8.20 &#8211; 15.30. Nell&#8217;ultima settimana del mese che comprende il sabato: luned\u00ec-venerd\u00ec 8.20 &#8211; 13.35, sabato 8.20 &#8211; 12.35.<\/p>\n<p><strong>Dove?<\/strong> Spazio Filatelia Torino, Via Vittorio Alfieri 10, Torino.<\/p>\n<p><span style=\"color: #800000;\"><strong>MUG \u2013 Magazzini Generativi, Bologna<\/strong><\/span><\/p>\n<p>MUG \u2013 Magazzini Generativi \u00e8 l&#8217;hub dell&#8217;innovazione ideato da Emil Banca e nato dalla rigenerazione di un ex magazzino industriale nel cuore di Bologna. Oggi \u00e8 uno spazio aperto alla collaborazione, dove startup, imprese, organizzazioni del terzo settore e professionisti condividono idee, competenze e progetti ad alto impatto sociale. Dotato di coworking, uffici, sale meeting, workshop e auditorium, MUG \u00e8 stato concepito come un luogo in cui innovazione tecnologica, sostenibilit\u00e0 e centralit\u00e0 delle persone si incontrano per generare valore per il territorio.<\/p>\n<p>Dal <strong>17 settembre al 19 ottobre<\/strong>, <strong>&#8220;Donne e motori? Gioie e basta&#8221;<\/strong> sar\u00e0 ospitata negli spazi di MUG, portando il proprio messaggio di inclusione e valorizzazione del talento femminile all&#8217;interno di un contesto che fa dell&#8217;innovazione e della collaborazione i propri valori fondanti. L&#8217;esposizione \u00e8 resa possibile grazie alla preziosa partnership con <strong>Autopromotec<\/strong>, punto di riferimento internazionale per il settore dell&#8217;aftermarket automobilistico, da sempre impegnata nel promuovere la cultura dell&#8217;innovazione e lo sviluppo della filiera automotive. Un sentito ringraziamento va ad <strong>Autopromotec<\/strong> per aver reso possibile questa tappa della mostra.<\/p>\n<p><strong>Quando?<\/strong> Dal 17 settembre al 19 ottobre.<\/p>\n<p><strong>Dove?<\/strong> MUG \u2013 Magazzini Generativi, Via Emilia Levante 9\/F, Bologna.<\/p>\n<p>[\/et_pb_text][\/et_pb_column][\/et_pb_row][et_pb_row padding_mobile=&#8221;on&#8221; column_padding_mobile=&#8221;on&#8221; admin_label=&#8221;row&#8221; _builder_version=&#8221;3.25&#8243; background_size=&#8221;initial&#8221; background_position=&#8221;top_left&#8221; background_repeat=&#8221;repeat&#8221; custom_margin=&#8221;21px|38px||auto||&#8221; custom_padding=&#8221;0px|||&#8221; make_fullwidth=&#8221;off&#8221; use_custom_width=&#8221;off&#8221; width_unit=&#8221;on&#8221;][et_pb_column type=&#8221;4_4&#8243; _builder_version=&#8221;3.25&#8243; custom_padding=&#8221;|||&#8221; custom_padding__hover=&#8221;|||&#8221;][et_pb_divider _builder_version=&#8221;4.8.2&#8243; _module_preset=&#8221;default&#8221;][\/et_pb_divider][\/et_pb_column][\/et_pb_row][et_pb_row column_structure=&#8221;1_3,2_3&#8243; padding_mobile=&#8221;on&#8221; column_padding_mobile=&#8221;on&#8221; admin_label=&#8221;row&#8221; _builder_version=&#8221;4.8.2&#8243; background_size=&#8221;initial&#8221; background_position=&#8221;top_left&#8221; background_repeat=&#8221;repeat&#8221; custom_margin=&#8221;10px||||false|false&#8221; custom_padding=&#8221;0px|||&#8221; make_fullwidth=&#8221;off&#8221; use_custom_width=&#8221;off&#8221; width_unit=&#8221;on&#8221; custom_width_px=&#8221;1080&#8243; custom_width_percent=&#8221;80&#8243;][et_pb_column type=&#8221;1_3&#8243; _builder_version=&#8221;3.25&#8243; custom_padding=&#8221;|||&#8221; custom_padding__hover=&#8221;|||&#8221;][\/et_pb_column][et_pb_column type=&#8221;2_3&#8243; _builder_version=&#8221;3.25&#8243; custom_padding=&#8221;|||&#8221; custom_padding__hover=&#8221;|||&#8221;][et_pb_text admin_label=&#8221;Blocco testo 1&#8243; _builder_version=&#8221;4.8.2&#8243; text_font=&#8221;PT Sans||||&#8221; text_text_color=&#8221;#363636&#8243; text_font_size=&#8221;20&#8243; text_letter_spacing=&#8221;0&#8243; text_line_height=&#8221;1.2em&#8221; header_font_size=&#8221;30&#8243; header_letter_spacing=&#8221;0&#8243; header_line_height=&#8221;1&#8243; background_size=&#8221;initial&#8221; background_position=&#8221;top_left&#8221; background_repeat=&#8221;repeat&#8221; max_width=&#8221;620px&#8221; min_height=&#8221;267px&#8221; custom_margin=&#8221;0px||0px||false|false&#8221; custom_padding=&#8221;||0px|||&#8221; text_font_size_tablet=&#8221;&#8221; text_font_size_phone=&#8221;&#8221; text_font_size_last_edited=&#8221;on|tablet&#8221; use_border_color=&#8221;off&#8221; border_color=&#8221;#ffffff&#8221; border_width=&#8221;1&#8243; border_style=&#8221;solid&#8221;]<\/p>\n<p><strong>Condividi i nostri valori e vuoi anche tu\u00a0essere motore\u00a0del cambiamento ospitando gratuitamente la mostra?\u00a0<\/strong><br \/> Scrivi a\u00a0info@museofratellicozzi.com\u00a0e scopri come poterla accogliere <span style=\"color: #800000;\"><strong><a href=\"https:\/\/www.museofratellicozzi.com\/news\/donne-motori-nuovo-tour\/[\" target=\"_blank\" rel=\"noopener noreferrer\" style=\"color: #800000;\">visitando la pagina che trovi a questo link<\/a><\/strong><\/span><\/p>\n<p>Ringraziamo i sostenitori del progetto,\u00a0nostri preziosi alleati:<strong>\u00a0ACI Storico,\u00a0ASI,\u00a0FIVA<\/strong>, European Commission,\u00a0<strong>Universit\u00e0 LIUC, AIDA\u00a0\u00a0<\/strong>e i nostri sponsor<strong>\u00a0Pirelli,\u00a0LKQ\u00a0Rhiag,\u00a0MAWDY Services,\u00a0Autopromotec, UpTown, <a href=\"https:\/\/www.linkedin.com\/company\/near-spa-benefit\/\" target=\"_blank\" rel=\"noopener noreferrer\"><span>Near<\/span><\/a><\/strong>. Grazie ai Media Partner che ci aiutano a divulgare il nostro messaggio:\u00a0<strong>Quattroruote|\u00a0Ruoteclassiche<\/strong>.<\/p>\n<p>[\/et_pb_text][\/et_pb_column][\/et_pb_row][\/et_pb_section]<\/p>\n","protected":false},"excerpt":{"rendered":"<p>[et_pb_section fb_built=&#8221;1&#8243; admin_label=&#8221;Sezione&#8221; _builder_version=&#8221;3.22&#8243; custom_padding=&#8221;0px|||&#8221; transparent_background=&#8221;off&#8221; make_fullwidth=&#8221;off&#8221; use_custom_width=&#8221;off&#8221; width_unit=&#8221;on&#8221; custom_width_px=&#8221;1080&#8243; custom_width_percent=&#8221;80&#8243;][et_pb_row use_custom_gutter=&#8221;on&#8221; gutter_width=&#8221;1&#8243; disabled_on=&#8221;off|off|off&#8221; admin_label=&#8221;Riga&#8221; module_class=&#8221; et_pb_row_fullwidth&#8221; _builder_version=&#8221;3.25&#8243; background_size=&#8221;initial&#8221; background_position=&#8221;top_left&#8221; background_repeat=&#8221;repeat&#8221; width=&#8221;100%&#8221; width_tablet=&#8221;100%&#8221; width_phone=&#8221;&#8221; width_last_edited=&#8221;on|desktop&#8221; max_width=&#8221;100%&#8221; max_width_tablet=&#8221;100%&#8221; max_width_phone=&#8221;&#8221; max_width_last_edited=&#8221;on|desktop&#8221; custom_padding=&#8221;0px|||&#8221; make_fullwidth=&#8221;on&#8221; use_custom_width=&#8221;off&#8221; width_unit=&#8221;on&#8221; custom_width_px=&#8221;1080&#8243; custom_width_percent=&#8221;80&#8243;][et_pb_column type=&#8221;4_4&#8243; _builder_version=&#8221;3.25&#8243; custom_padding=&#8221;|||&#8221; custom_padding__hover=&#8221;|||&#8221;][et_pb_image src=&#8221;https:\/\/www.museofratellicozzi.com\/news\/wp-content\/uploads\/2026\/07\/You-Tube-SEMPIONE-2026-07-20T221216.632.jpg&#8221; alt=&#8221;Elisabetta Cozzi presenta il Tour 2025 %22Donne e Motori? Gioie e basta%22&#8243; title_text=&#8221;Cascina Merlata 2026&#8243; [&hellip;]<\/p>\n","protected":false},"author":7,"featured_media":26979,"comment_status":"open","ping_status":"open","sticky":false,"template":"","format":"standard","meta":{"_et_pb_use_builder":"on","_et_pb_old_content":"","_et_gb_content_width":"","_jetpack_memberships_contains_paid_content":false,"footnotes":""},"categories":[775,777,872,776],"tags":[21,209,842,180,841,291,13,365,406,846,963,844,191,340],"class_list":["post-27202","post","type-post","status-publish","format-standard","has-post-thumbnail","hentry","category-associazione","category-cultura-dimpresa","category-donne-e-motori","category-woman-in-power","tag-alfa-romeo","tag-automotive","tag-camilla-albertini","tag-cozzi","tag-donne-e-motori","tag-gender-gap","tag-legnano","tag-mostra","tag-museo-fratelli-cozzi","tag-pari-opportunita","tag-poste-italiane","tag-regione","tag-scuole","tag-torino","et-has-post-format-content","et_post_format-et-post-format-standard"],"yoast_head":"<!-- This site is optimized with the Yoast SEO plugin v26.8 - https:\/\/yoast.com\/product\/yoast-seo-wordpress\/ -->\n<title>Donne e motori nuovo tour IV edizione - agosto -<\/title>\n<meta name=\"description\" content=\"La IV edizione di &quot;Donne e motori? Gioie e basta&quot; \u00e8 stata inaugurata ufficialmente e ora \u00e8 in tour: scopri le tappe di questo mese\" \/>\n<meta name=\"robots\" content=\"index, follow, max-snippet:-1, max-image-preview:large, max-video-preview:-1\" \/>\n<link rel=\"canonical\" href=\"https:\/\/www.museofratellicozzi.com\/news\/donne-e-motori-nuovo-tour-iv-edizione-agosto\/\" \/>\n<meta property=\"og:locale\" content=\"it_IT\" \/>\n<meta property=\"og:type\" content=\"article\" \/>\n<meta property=\"og:title\" content=\"Donne e motori nuovo tour IV edizione - agosto -\" \/>\n<meta property=\"og:description\" content=\"La IV edizione di &quot;Donne e motori? Gioie e basta&quot; \u00e8 stata inaugurata ufficialmente e ora \u00e8 in tour: scopri le tappe di questo mese\" \/>\n<meta property=\"og:url\" content=\"https:\/\/www.museofratellicozzi.com\/news\/donne-e-motori-nuovo-tour-iv-edizione-agosto\/\" \/>\n<meta property=\"og:site_name\" content=\"eNews Museo Fratelli Cozzi\" \/>\n<meta property=\"article:published_time\" content=\"2026-08-24T16:42:10+00:00\" \/>\n<meta property=\"article:modified_time\" content=\"2026-09-01T14:45:52+00:00\" \/>\n<meta property=\"og:image\" content=\"https:\/\/www.museofratellicozzi.com\/news\/wp-content\/uploads\/2026\/07\/You-Tube-SEMPIONE-2026-07-20T221216.632.jpg\" \/>\n\t<meta property=\"og:image:width\" content=\"1920\" \/>\n\t<meta property=\"og:image:height\" content=\"1080\" \/>\n\t<meta property=\"og:image:type\" content=\"image\/jpeg\" \/>\n<meta name=\"author\" content=\"Elisabetta Cozzi\" \/>\n<meta name=\"twitter:card\" content=\"summary_large_image\" \/>\n<meta name=\"twitter:label1\" content=\"Scritto da\" \/>\n\t<meta name=\"twitter:data1\" content=\"Elisabetta Cozzi\" \/>\n\t<meta name=\"twitter:label2\" content=\"Tempo di lettura stimato\" \/>\n\t<meta name=\"twitter:data2\" content=\"5 minuti\" \/>\n<script type=\"application\/ld+json\" class=\"yoast-schema-graph\">{\"@context\":\"https:\/\/schema.org\",\"@graph\":[{\"@type\":\"Article\",\"@id\":\"https:\/\/www.museofratellicozzi.com\/news\/donne-e-motori-nuovo-tour-iv-edizione-agosto\/#article\",\"isPartOf\":{\"@id\":\"https:\/\/www.museofratellicozzi.com\/news\/donne-e-motori-nuovo-tour-iv-edizione-agosto\/\"},\"author\":{\"name\":\"Elisabetta Cozzi\",\"@id\":\"https:\/\/www.museofratellicozzi.com\/news\/#\/schema\/person\/3c2c242e79e59f9be7b62a0d9673e40d\"},\"headline\":\"Donne e motori nuovo tour IV edizione &#8211; agosto\",\"datePublished\":\"2026-08-24T16:42:10+00:00\",\"dateModified\":\"2026-09-01T14:45:52+00:00\",\"mainEntityOfPage\":{\"@id\":\"https:\/\/www.museofratellicozzi.com\/news\/donne-e-motori-nuovo-tour-iv-edizione-agosto\/\"},\"wordCount\":3980,\"commentCount\":0,\"publisher\":{\"@id\":\"https:\/\/www.museofratellicozzi.com\/news\/#organization\"},\"image\":{\"@id\":\"https:\/\/www.museofratellicozzi.com\/news\/donne-e-motori-nuovo-tour-iv-edizione-agosto\/#primaryimage\"},\"thumbnailUrl\":\"https:\/\/www.museofratellicozzi.com\/news\/wp-content\/uploads\/2026\/07\/You-Tube-SEMPIONE-2026-07-20T221216.632.jpg\",\"keywords\":[\"alfa romeo\",\"automotive\",\"camilla albertini\",\"cozzi\",\"donne e motori\",\"gender gap\",\"Legnano\",\"mostra\",\"Museo Fratelli Cozzi\",\"Pari opportunit\u00e0\",\"Poste Italiane\",\"regione\",\"scuole\",\"Torino\"],\"articleSection\":[\"Associazione\",\"Cultura d'impresa\",\"Donne e Motori\",\"Empowerment femminile\"],\"inLanguage\":\"it-IT\",\"potentialAction\":[{\"@type\":\"CommentAction\",\"name\":\"Comment\",\"target\":[\"https:\/\/www.museofratellicozzi.com\/news\/donne-e-motori-nuovo-tour-iv-edizione-agosto\/#respond\"]}]},{\"@type\":\"WebPage\",\"@id\":\"https:\/\/www.museofratellicozzi.com\/news\/donne-e-motori-nuovo-tour-iv-edizione-agosto\/\",\"url\":\"https:\/\/www.museofratellicozzi.com\/news\/donne-e-motori-nuovo-tour-iv-edizione-agosto\/\",\"name\":\"Donne e motori nuovo tour IV edizione - agosto -\",\"isPartOf\":{\"@id\":\"https:\/\/www.museofratellicozzi.com\/news\/#website\"},\"primaryImageOfPage\":{\"@id\":\"https:\/\/www.museofratellicozzi.com\/news\/donne-e-motori-nuovo-tour-iv-edizione-agosto\/#primaryimage\"},\"image\":{\"@id\":\"https:\/\/www.museofratellicozzi.com\/news\/donne-e-motori-nuovo-tour-iv-edizione-agosto\/#primaryimage\"},\"thumbnailUrl\":\"https:\/\/www.museofratellicozzi.com\/news\/wp-content\/uploads\/2026\/07\/You-Tube-SEMPIONE-2026-07-20T221216.632.jpg\",\"datePublished\":\"2026-08-24T16:42:10+00:00\",\"dateModified\":\"2026-09-01T14:45:52+00:00\",\"description\":\"La IV edizione di \\\"Donne e motori? Gioie e basta\\\" \u00e8 stata inaugurata ufficialmente e ora \u00e8 in tour: scopri le tappe di questo mese\",\"breadcrumb\":{\"@id\":\"https:\/\/www.museofratellicozzi.com\/news\/donne-e-motori-nuovo-tour-iv-edizione-agosto\/#breadcrumb\"},\"inLanguage\":\"it-IT\",\"potentialAction\":[{\"@type\":\"ReadAction\",\"target\":[\"https:\/\/www.museofratellicozzi.com\/news\/donne-e-motori-nuovo-tour-iv-edizione-agosto\/\"]}]},{\"@type\":\"ImageObject\",\"inLanguage\":\"it-IT\",\"@id\":\"https:\/\/www.museofratellicozzi.com\/news\/donne-e-motori-nuovo-tour-iv-edizione-agosto\/#primaryimage\",\"url\":\"https:\/\/www.museofratellicozzi.com\/news\/wp-content\/uploads\/2026\/07\/You-Tube-SEMPIONE-2026-07-20T221216.632.jpg\",\"contentUrl\":\"https:\/\/www.museofratellicozzi.com\/news\/wp-content\/uploads\/2026\/07\/You-Tube-SEMPIONE-2026-07-20T221216.632.jpg\",\"width\":1920,\"height\":1080},{\"@type\":\"BreadcrumbList\",\"@id\":\"https:\/\/www.museofratellicozzi.com\/news\/donne-e-motori-nuovo-tour-iv-edizione-agosto\/#breadcrumb\",\"itemListElement\":[{\"@type\":\"ListItem\",\"position\":1,\"name\":\"Home\",\"item\":\"https:\/\/www.museofratellicozzi.com\/news\/\"},{\"@type\":\"ListItem\",\"position\":2,\"name\":\"Donne e motori nuovo tour IV edizione &#8211; agosto\"}]},{\"@type\":\"WebSite\",\"@id\":\"https:\/\/www.museofratellicozzi.com\/news\/#website\",\"url\":\"https:\/\/www.museofratellicozzi.com\/news\/\",\"name\":\"eNews Museo Fratelli Cozzi\",\"description\":\"Alfa Romeo: un mito che resiste al tempo\",\"publisher\":{\"@id\":\"https:\/\/www.museofratellicozzi.com\/news\/#organization\"},\"potentialAction\":[{\"@type\":\"SearchAction\",\"target\":{\"@type\":\"EntryPoint\",\"urlTemplate\":\"https:\/\/www.museofratellicozzi.com\/news\/?s={search_term_string}\"},\"query-input\":{\"@type\":\"PropertyValueSpecification\",\"valueRequired\":true,\"valueName\":\"search_term_string\"}}],\"inLanguage\":\"it-IT\"},{\"@type\":\"Organization\",\"@id\":\"https:\/\/www.museofratellicozzi.com\/news\/#organization\",\"name\":\"Museo Fratelli Cozzi\",\"url\":\"https:\/\/www.museofratellicozzi.com\/news\/\",\"logo\":{\"@type\":\"ImageObject\",\"inLanguage\":\"it-IT\",\"@id\":\"https:\/\/www.museofratellicozzi.com\/news\/#\/schema\/logo\/image\/\",\"url\":\"https:\/\/www.museofratellicozzi.com\/news\/wp-content\/uploads\/2017\/04\/home.png\",\"contentUrl\":\"https:\/\/www.museofratellicozzi.com\/news\/wp-content\/uploads\/2017\/04\/home.png\",\"width\":497,\"height\":512,\"caption\":\"Museo Fratelli Cozzi\"},\"image\":{\"@id\":\"https:\/\/www.museofratellicozzi.com\/news\/#\/schema\/logo\/image\/\"}},{\"@type\":\"Person\",\"@id\":\"https:\/\/www.museofratellicozzi.com\/news\/#\/schema\/person\/3c2c242e79e59f9be7b62a0d9673e40d\",\"name\":\"Elisabetta Cozzi\",\"image\":{\"@type\":\"ImageObject\",\"inLanguage\":\"it-IT\",\"@id\":\"https:\/\/www.museofratellicozzi.com\/news\/#\/schema\/person\/image\/\",\"url\":\"https:\/\/secure.gravatar.com\/avatar\/a761e7642145a4506dbd3685a69db0fc?s=96&d=mm&r=g\",\"contentUrl\":\"https:\/\/secure.gravatar.com\/avatar\/a761e7642145a4506dbd3685a69db0fc?s=96&d=mm&r=g\",\"caption\":\"Elisabetta Cozzi\"}}]}<\/script>\n<!-- \/ Yoast SEO plugin. -->","yoast_head_json":{"title":"Donne e motori nuovo tour IV edizione - agosto -","description":"La IV edizione di \"Donne e motori? Gioie e basta\" \u00e8 stata inaugurata ufficialmente e ora \u00e8 in tour: scopri le tappe di questo mese","robots":{"index":"index","follow":"follow","max-snippet":"max-snippet:-1","max-image-preview":"max-image-preview:large","max-video-preview":"max-video-preview:-1"},"canonical":"https:\/\/www.museofratellicozzi.com\/news\/donne-e-motori-nuovo-tour-iv-edizione-agosto\/","og_locale":"it_IT","og_type":"article","og_title":"Donne e motori nuovo tour IV edizione - agosto -","og_description":"La IV edizione di \"Donne e motori? Gioie e basta\" \u00e8 stata inaugurata ufficialmente e ora \u00e8 in tour: scopri le tappe di questo mese","og_url":"https:\/\/www.museofratellicozzi.com\/news\/donne-e-motori-nuovo-tour-iv-edizione-agosto\/","og_site_name":"eNews Museo Fratelli Cozzi","article_published_time":"2026-08-24T16:42:10+00:00","article_modified_time":"2026-09-01T14:45:52+00:00","og_image":[{"width":1920,"height":1080,"url":"https:\/\/www.museofratellicozzi.com\/news\/wp-content\/uploads\/2026\/07\/You-Tube-SEMPIONE-2026-07-20T221216.632.jpg","type":"image\/jpeg"}],"author":"Elisabetta Cozzi","twitter_card":"summary_large_image","twitter_misc":{"Scritto da":"Elisabetta Cozzi","Tempo di lettura stimato":"5 minuti"},"schema":{"@context":"https:\/\/schema.org","@graph":[{"@type":"Article","@id":"https:\/\/www.museofratellicozzi.com\/news\/donne-e-motori-nuovo-tour-iv-edizione-agosto\/#article","isPartOf":{"@id":"https:\/\/www.museofratellicozzi.com\/news\/donne-e-motori-nuovo-tour-iv-edizione-agosto\/"},"author":{"name":"Elisabetta Cozzi","@id":"https:\/\/www.museofratellicozzi.com\/news\/#\/schema\/person\/3c2c242e79e59f9be7b62a0d9673e40d"},"headline":"Donne e motori nuovo tour IV edizione &#8211; agosto","datePublished":"2026-08-24T16:42:10+00:00","dateModified":"2026-09-01T14:45:52+00:00","mainEntityOfPage":{"@id":"https:\/\/www.museofratellicozzi.com\/news\/donne-e-motori-nuovo-tour-iv-edizione-agosto\/"},"wordCount":3980,"commentCount":0,"publisher":{"@id":"https:\/\/www.museofratellicozzi.com\/news\/#organization"},"image":{"@id":"https:\/\/www.museofratellicozzi.com\/news\/donne-e-motori-nuovo-tour-iv-edizione-agosto\/#primaryimage"},"thumbnailUrl":"https:\/\/www.museofratellicozzi.com\/news\/wp-content\/uploads\/2026\/07\/You-Tube-SEMPIONE-2026-07-20T221216.632.jpg","keywords":["alfa romeo","automotive","camilla albertini","cozzi","donne e motori","gender gap","Legnano","mostra","Museo Fratelli Cozzi","Pari opportunit\u00e0","Poste Italiane","regione","scuole","Torino"],"articleSection":["Associazione","Cultura d'impresa","Donne e Motori","Empowerment femminile"],"inLanguage":"it-IT","potentialAction":[{"@type":"CommentAction","name":"Comment","target":["https:\/\/www.museofratellicozzi.com\/news\/donne-e-motori-nuovo-tour-iv-edizione-agosto\/#respond"]}]},{"@type":"WebPage","@id":"https:\/\/www.museofratellicozzi.com\/news\/donne-e-motori-nuovo-tour-iv-edizione-agosto\/","url":"https:\/\/www.museofratellicozzi.com\/news\/donne-e-motori-nuovo-tour-iv-edizione-agosto\/","name":"Donne e motori nuovo tour IV edizione - agosto -","isPartOf":{"@id":"https:\/\/www.museofratellicozzi.com\/news\/#website"},"primaryImageOfPage":{"@id":"https:\/\/www.museofratellicozzi.com\/news\/donne-e-motori-nuovo-tour-iv-edizione-agosto\/#primaryimage"},"image":{"@id":"https:\/\/www.museofratellicozzi.com\/news\/donne-e-motori-nuovo-tour-iv-edizione-agosto\/#primaryimage"},"thumbnailUrl":"https:\/\/www.museofratellicozzi.com\/news\/wp-content\/uploads\/2026\/07\/You-Tube-SEMPIONE-2026-07-20T221216.632.jpg","datePublished":"2026-08-24T16:42:10+00:00","dateModified":"2026-09-01T14:45:52+00:00","description":"La IV edizione di \"Donne e motori? Gioie e basta\" \u00e8 stata inaugurata ufficialmente e ora \u00e8 in tour: scopri le tappe di questo mese","breadcrumb":{"@id":"https:\/\/www.museofratellicozzi.com\/news\/donne-e-motori-nuovo-tour-iv-edizione-agosto\/#breadcrumb"},"inLanguage":"it-IT","potentialAction":[{"@type":"ReadAction","target":["https:\/\/www.museofratellicozzi.com\/news\/donne-e-motori-nuovo-tour-iv-edizione-agosto\/"]}]},{"@type":"ImageObject","inLanguage":"it-IT","@id":"https:\/\/www.museofratellicozzi.com\/news\/donne-e-motori-nuovo-tour-iv-edizione-agosto\/#primaryimage","url":"https:\/\/www.museofratellicozzi.com\/news\/wp-content\/uploads\/2026\/07\/You-Tube-SEMPIONE-2026-07-20T221216.632.jpg","contentUrl":"https:\/\/www.museofratellicozzi.com\/news\/wp-content\/uploads\/2026\/07\/You-Tube-SEMPIONE-2026-07-20T221216.632.jpg","width":1920,"height":1080},{"@type":"BreadcrumbList","@id":"https:\/\/www.museofratellicozzi.com\/news\/donne-e-motori-nuovo-tour-iv-edizione-agosto\/#breadcrumb","itemListElement":[{"@type":"ListItem","position":1,"name":"Home","item":"https:\/\/www.museofratellicozzi.com\/news\/"},{"@type":"ListItem","position":2,"name":"Donne e motori nuovo tour IV edizione &#8211; agosto"}]},{"@type":"WebSite","@id":"https:\/\/www.museofratellicozzi.com\/news\/#website","url":"https:\/\/www.museofratellicozzi.com\/news\/","name":"eNews Museo Fratelli Cozzi","description":"Alfa Romeo: un mito che resiste al tempo","publisher":{"@id":"https:\/\/www.museofratellicozzi.com\/news\/#organization"},"potentialAction":[{"@type":"SearchAction","target":{"@type":"EntryPoint","urlTemplate":"https:\/\/www.museofratellicozzi.com\/news\/?s={search_term_string}"},"query-input":{"@type":"PropertyValueSpecification","valueRequired":true,"valueName":"search_term_string"}}],"inLanguage":"it-IT"},{"@type":"Organization","@id":"https:\/\/www.museofratellicozzi.com\/news\/#organization","name":"Museo Fratelli Cozzi","url":"https:\/\/www.museofratellicozzi.com\/news\/","logo":{"@type":"ImageObject","inLanguage":"it-IT","@id":"https:\/\/www.museofratellicozzi.com\/news\/#\/schema\/logo\/image\/","url":"https:\/\/www.museofratellicozzi.com\/news\/wp-content\/uploads\/2017\/04\/home.png","contentUrl":"https:\/\/www.museofratellicozzi.com\/news\/wp-content\/uploads\/2017\/04\/home.png","width":497,"height":512,"caption":"Museo Fratelli Cozzi"},"image":{"@id":"https:\/\/www.museofratellicozzi.com\/news\/#\/schema\/logo\/image\/"}},{"@type":"Person","@id":"https:\/\/www.museofratellicozzi.com\/news\/#\/schema\/person\/3c2c242e79e59f9be7b62a0d9673e40d","name":"Elisabetta Cozzi","image":{"@type":"ImageObject","inLanguage":"it-IT","@id":"https:\/\/www.museofratellicozzi.com\/news\/#\/schema\/person\/image\/","url":"https:\/\/secure.gravatar.com\/avatar\/a761e7642145a4506dbd3685a69db0fc?s=96&d=mm&r=g","contentUrl":"https:\/\/secure.gravatar.com\/avatar\/a761e7642145a4506dbd3685a69db0fc?s=96&d=mm&r=g","caption":"Elisabetta Cozzi"}}]}},"jetpack_featured_media_url":"https:\/\/www.museofratellicozzi.com\/news\/wp-content\/uploads\/2026\/07\/You-Tube-SEMPIONE-2026-07-20T221216.632.jpg","jetpack_shortlink":"https:\/\/wp.me\/p90Eth-74K","jetpack_sharing_enabled":true,"post_mailing_queue_ids":[],"_links":{"self":[{"href":"https:\/\/www.museofratellicozzi.com\/news\/wp-json\/wp\/v2\/posts\/27202","targetHints":{"allow":["GET"]}}],"collection":[{"href":"https:\/\/www.museofratellicozzi.com\/news\/wp-json\/wp\/v2\/posts"}],"about":[{"href":"https:\/\/www.museofratellicozzi.com\/news\/wp-json\/wp\/v2\/types\/post"}],"author":[{"embeddable":true,"href":"https:\/\/www.museofratellicozzi.com\/news\/wp-json\/wp\/v2\/users\/7"}],"replies":[{"embeddable":true,"href":"https:\/\/www.museofratellicozzi.com\/news\/wp-json\/wp\/v2\/comments?post=27202"}],"version-history":[{"count":22,"href":"https:\/\/www.museofratellicozzi.com\/news\/wp-json\/wp\/v2\/posts\/27202\/revisions"}],"predecessor-version":[{"id":27378,"href":"https:\/\/www.museofratellicozzi.com\/news\/wp-json\/wp\/v2\/posts\/27202\/revisions\/27378"}],"wp:featuredmedia":[{"embeddable":true,"href":"https:\/\/www.museofratellicozzi.com\/news\/wp-json\/wp\/v2\/media\/26979"}],"wp:attachment":[{"href":"https:\/\/www.museofratellicozzi.com\/news\/wp-json\/wp\/v2\/media?parent=27202"}],"wp:term":[{"taxonomy":"category","embeddable":true,"href":"https:\/\/www.museofratellicozzi.com\/news\/wp-json\/wp\/v2\/categories?post=27202"},{"taxonomy":"post_tag","embeddable":true,"href":"https:\/\/www.museofratellicozzi.com\/news\/wp-json\/wp\/v2\/tags?post=27202"}],"curies":[{"name":"wp","href":"https:\/\/api.w.org\/{rel}","templated":true}]}}