{"id":5334,"date":"2017-11-27T14:49:06","date_gmt":"2017-11-27T13:49:06","guid":{"rendered":"https:\/\/news.museofratellicozzi.com\/?p=5334"},"modified":"2024-01-17T16:19:49","modified_gmt":"2024-01-17T15:19:49","slug":"oscard-di-montigny","status":"publish","type":"post","link":"https:\/\/www.museofratellicozzi.com\/news\/oscard-di-montigny\/","title":{"rendered":"Oscar di Montigny: Amore 0.0"},"content":{"rendered":"<p>[et_pb_section fb_built=&#8221;1&#8243; custom_padding=&#8221;0px|||&#8221; custom_width_percent=&#8221;80&#8243; admin_label=&#8221;Sezione&#8221;][et_pb_row make_fullwidth=&#8221;on&#8221; custom_width_percent=&#8221;80&#8243; use_custom_gutter=&#8221;on&#8221; gutter_width=&#8221;1&#8243; custom_padding=&#8221;0px|||&#8221; parallax_method_1=&#8221;off&#8221; disabled_on=&#8221;off|off|off&#8221; admin_label=&#8221;Riga&#8221;][et_pb_column type=&#8221;4_4&#8243; parallax=&#8221;off&#8221; parallax_method=&#8221;off&#8221;][et_pb_video src=&#8221;https:\/\/youtu.be\/Z2PokO8oa5Q&#8221; admin_label=&#8221;Video&#8221;] [\/et_pb_video][\/et_pb_column][\/et_pb_row][et_pb_row custom_width_percent=&#8221;80&#8243; custom_padding=&#8221;20px||0px|&#8221; parallax_method_1=&#8221;off&#8221; admin_label=&#8221;Riga&#8221;][et_pb_column type=&#8221;4_4&#8243; parallax=&#8221;off&#8221; parallax_method=&#8221;off&#8221;][et_pb_text admin_label=&#8221;Categoria&#8221; header_font_size=&#8221;30&#8243; header_letter_spacing=&#8221;0&#8243; header_line_height=&#8221;1&#8243; text_text_color=&#8221;#bcbcbc&#8221; text_letter_spacing=&#8221;2&#8243; text_line_height=&#8221;1.7&#8243; custom_margin=&#8221;||10px|&#8221; custom_margin_last_edited=&#8221;on|tablet&#8221;]<\/p>\n<p><strong>CULTURA<\/strong><\/p>\n<p>[\/et_pb_text][et_pb_text admin_label=&#8221;Titolo&#8221; header_font=&#8221;PT Sans||||&#8221; header_font_size=&#8221;48&#8243; header_font_size_tablet=&#8221;46&#8243; header_font_size_last_edited=&#8221;on|desktop&#8221; header_text_color=&#8221;#000000&#8243; header_letter_spacing=&#8221;0&#8243; header_line_height=&#8221;1.2&#8243; text_font=&#8221;PT Sans||||&#8221; text_font_size=&#8221;72&#8243; text_font_size_tablet=&#8221;60&#8243; text_font_size_last_edited=&#8221;on|desktop&#8221; text_text_color=&#8221;#000000&#8243; text_letter_spacing=&#8221;0&#8243; text_letter_spacing_last_edited=&#8221;on|desktop&#8221; text_line_height=&#8221;1.1&#8243; text_line_height_last_edited=&#8221;on|&#8221; custom_margin=&#8221;0px||0px|&#8221;]<\/p>\n<p>L&#8217;amore dei Nuovi Eroi alla Settimana della Cultura d&#8217;Impresa<\/p>\n<p>[\/et_pb_text][et_pb_text admin_label=&#8221;Data&#8221; header_font_size=&#8221;30&#8243; header_letter_spacing=&#8221;0&#8243; header_line_height=&#8221;1&#8243; text_font=&#8221;PT Sans|on|||&#8221; text_font_size=&#8221;18&#8243; text_text_color=&#8221;#363636&#8243; text_letter_spacing=&#8221;0&#8243; text_line_height=&#8221;1.7&#8243; custom_margin=&#8221;10px||0px|&#8221;]<\/p>\n<p>12 novembre, 2017<\/p>\n<p>[\/et_pb_text][\/et_pb_column][\/et_pb_row][\/et_pb_section][et_pb_section fb_built=&#8221;1&#8243; background_color=&#8221;#f7f7f4&#8243; custom_width_percent=&#8221;80&#8243; admin_label=&#8221;Section&#8221;][et_pb_row custom_width_percent=&#8221;80&#8243; custom_padding=&#8221;0px|||&#8221; padding_mobile=&#8221;on&#8221; column_padding_mobile=&#8221;on&#8221; parallax_method_1=&#8221;off&#8221; parallax_method_2=&#8221;off&#8221; admin_label=&#8221;row&#8221;][et_pb_column type=&#8221;1_3&#8243; parallax=&#8221;off&#8221; parallax_method=&#8221;off&#8221; column_padding_mobile=&#8221;on&#8221;][\/et_pb_column][et_pb_column type=&#8221;2_3&#8243; parallax=&#8221;off&#8221; parallax_method=&#8221;off&#8221; column_padding_mobile=&#8221;on&#8221;][et_pb_text max_width=&#8221;620px&#8221; admin_label=&#8221;Occhiello&#8221; header_font_size=&#8221;30&#8243; header_letter_spacing=&#8221;0&#8243; header_line_height=&#8221;1&#8243; text_font=&#8221;PT Sans|on|||&#8221; text_font_size=&#8221;24&#8243; text_font_size_last_edited=&#8221;on|desktop&#8221; text_text_color=&#8221;#363636&#8243; text_letter_spacing=&#8221;0&#8243; text_line_height=&#8221;1.4&#8243; custom_margin=&#8221;10px||0px|&#8221;]<\/p>\n<p>Leggere il libro di Oscar \u00e8 un viaggio attraverso modi e mondi diversi: un percorso guidato da pensieri e citazioni\u00a0 che aprono varchi nei muri dei timori e delle paure.<\/p>\n<p>[\/et_pb_text][et_pb_text max_width=&#8221;620px&#8221; admin_label=&#8221;Blocco testo 1&#8243; header_font_size=&#8221;30&#8243; header_letter_spacing=&#8221;0&#8243; header_line_height=&#8221;1&#8243; text_font=&#8221;PT Sans||||&#8221; text_font_size=&#8221;20&#8243; text_font_size_last_edited=&#8221;on|tablet&#8221; text_text_color=&#8221;#363636&#8243; text_letter_spacing=&#8221;0&#8243; text_line_height=&#8221;1.5&#8243; custom_margin=&#8221;30px||0px|&#8221;]<\/p>\n<p>Anteprima di prestigio per la nostra prima Settimana della Cultura d&#8217;Impresa, grazie alla presenza di <strong>Oscar di Montigny<\/strong> che ha presentato il suo libro &#8220;<em>Il tempo dei nuovi Eroi<\/em>&#8220;. La sua partecipazione \u00e8 stata straordinaria, a distanza di giorni riceviamo ancora mail e messaggi di ringraziamento da parte di coloro che hanno partecipato alla serata. Le parole, l&#8217;energia e l&#8217;Amore che Oscar ha portato al Museo, sono stati d&#8217;ispirazione per molte persone che custodivano nei propri progetti un Eroe che aveva solo bisogno di credere in s\u00e8 e che ha trovato il coraggio di donarsi al futuro.<\/p>\n<p>La serata \u00e8 stata moderata da Amanda Colombo, criti e libraria legnanese.<\/p>\n<p>[\/et_pb_text][\/et_pb_column][\/et_pb_row][et_pb_row custom_width_percent=&#8221;80&#8243; custom_padding=&#8221;50px|||&#8221; custom_padding_tablet=&#8221;17px|||&#8221; column_padding_mobile=&#8221;on&#8221; parallax_method_1=&#8221;off&#8221; parallax_method_2=&#8221;off&#8221; disabled_on=&#8221;off||&#8221; admin_label=&#8221;Row&#8221; custom_padding_last_edited=&#8221;on|tablet&#8221;][et_pb_column type=&#8221;4_4&#8243; parallax=&#8221;off&#8221; parallax_method=&#8221;off&#8221; column_padding_mobile=&#8221;on&#8221;][et_pb_image src=&#8221;https:\/\/www.museofratellicozzi.com\/news\/wp-content\/uploads\/2017\/11\/60.jpg&#8221; animation=&#8221;fade_in&#8221; sticky=&#8221;on&#8221; admin_label=&#8221;Immagine&#8221;] [\/et_pb_image][\/et_pb_column][\/et_pb_row][et_pb_row custom_padding=&#8221;0px|||&#8221; padding_mobile=&#8221;on&#8221; column_padding_mobile=&#8221;on&#8221; parallax_method_1=&#8221;off&#8221; parallax_method_2=&#8221;off&#8221; admin_label=&#8221;row&#8221;][et_pb_column type=&#8221;1_3&#8243; parallax=&#8221;off&#8221; parallax_method=&#8221;off&#8221; column_padding_mobile=&#8221;on&#8221;][\/et_pb_column][et_pb_column type=&#8221;2_3&#8243; parallax=&#8221;off&#8221; parallax_method=&#8221;off&#8221; column_padding_mobile=&#8221;on&#8221;][et_pb_text max_width=&#8221;620px&#8221; admin_label=&#8221;Blocco testo 2&#8243; header_font_size=&#8221;30&#8243; header_letter_spacing=&#8221;0&#8243; header_line_height=&#8221;1&#8243; text_font=&#8221;PT Sans||||&#8221; text_font_size=&#8221;20&#8243; text_font_size_last_edited=&#8221;on|tablet&#8221; text_text_color=&#8221;#363636&#8243; text_letter_spacing=&#8221;0&#8243; text_line_height=&#8221;1.5&#8243; custom_margin=&#8221;30px||0px|&#8221;]<\/p>\n<p>Leggere il libro di Oscar \u00e8 un viaggio attraverso modi e mondi diversi: un percorso guidato da pensieri e citazioni\u00a0 che aprono varchi nei muri dei timori e delle paure. &#8220;E se parlasse anche di me?&#8221; Spesso si leggono parole che sembrano estratte dal proprio diario personale, non \u00e8 una magia, non \u00e8 un trucco, \u00e8 la consapevolezza che dentro ognuno di noi \u00e8 seduto un &#8220;eroe&#8221; che vuole alzarsi e iniziare il proprio cammino. &#8220;Non abbiate paura di essere speciali&#8221;, sembra dirci Oscar dalle pagine de &#8220;Il tempo dei Nuovi Eroi&#8221;, perch\u00e8 non serve rivoluzionare il mondo, \u00e8 molto pi\u00f9 probabile che basti guardarlo con occhi velati di Amore 0.0.<\/p>\n<p>[\/et_pb_text][\/et_pb_column][\/et_pb_row][et_pb_row custom_width_percent=&#8221;80&#8243; custom_padding=&#8221;50px|||&#8221; padding_mobile=&#8221;on&#8221; column_padding_mobile=&#8221;on&#8221; parallax_method_1=&#8221;off&#8221; disabled_on=&#8221;off|off|off&#8221; admin_label=&#8221;Row&#8221;][et_pb_column type=&#8221;4_4&#8243; parallax=&#8221;off&#8221; parallax_method=&#8221;off&#8221; column_padding_mobile=&#8221;on&#8221;][et_pb_divider color=&#8221;#aeaeac&#8221; show_divider=&#8221;on&#8221; divider_style=&#8221;solid&#8221; divider_position=&#8221;top&#8221; hide_on_mobile=&#8221;off&#8221; admin_label=&#8221;Linea citazione&#8221;] [\/et_pb_divider][et_pb_text text_orientation=&#8221;center&#8221; max_width=&#8221;900px&#8221; admin_label=&#8221;Citazione&#8221; header_font_size=&#8221;30&#8243; header_letter_spacing=&#8221;0&#8243; header_line_height=&#8221;1&#8243; text_font=&#8221;PT Serif||||&#8221; text_font_size=&#8221;48&#8243; text_font_size_tablet=&#8221;38&#8243; text_font_size_last_edited=&#8221;on|tablet&#8221; text_text_color=&#8221;#363636&#8243; text_letter_spacing=&#8221;0&#8243; text_line_height=&#8221;1.3&#8243; custom_margin=&#8221;16px||30px|&#8221;]<\/p>\n<p>&#8220;<em><strong>La risposta sta nelle relazioni.<\/strong> Relazioni che fanno scaturire emozioni, come \u00e8 accaduto a me, vedendo questo Museo, oppure quando vedo il bello intorno a noi.<\/em>&#8221;<\/p>\n<p>[\/et_pb_text][et_pb_divider color=&#8221;#aeaeac&#8221; show_divider=&#8221;on&#8221; divider_style=&#8221;solid&#8221; divider_position=&#8221;top&#8221; hide_on_mobile=&#8221;off&#8221; admin_label=&#8221;Linea citazione&#8221;] [\/et_pb_divider][\/et_pb_column][\/et_pb_row][et_pb_row custom_padding=&#8221;17px|||&#8221; padding_mobile=&#8221;on&#8221; column_padding_mobile=&#8221;on&#8221; parallax_method_1=&#8221;off&#8221; parallax_method_2=&#8221;off&#8221; admin_label=&#8221;row&#8221;][et_pb_column type=&#8221;1_3&#8243; parallax=&#8221;off&#8221; parallax_method=&#8221;off&#8221; column_padding_mobile=&#8221;on&#8221;][\/et_pb_column][et_pb_column type=&#8221;2_3&#8243; parallax=&#8221;off&#8221; parallax_method=&#8221;off&#8221; column_padding_mobile=&#8221;on&#8221;][et_pb_text max_width=&#8221;620px&#8221; admin_label=&#8221;Blocco testo 3&#8243; header_font_size=&#8221;30&#8243; header_letter_spacing=&#8221;0&#8243; header_line_height=&#8221;1&#8243; text_font=&#8221;PT Sans||||&#8221; text_font_size=&#8221;20&#8243; text_font_size_last_edited=&#8221;on|tablet&#8221; text_text_color=&#8221;#363636&#8243; text_letter_spacing=&#8221;0&#8243; text_line_height=&#8221;1.5&#8243; custom_margin=&#8221;30px||0px|&#8221;]<\/p>\n<p><strong>Rassegna stampa<\/strong>:<\/p>\n<p><a href=\"http:\/\/www.sempionenews.it\/cultura\/lamore-tempo-dei-nuovi-eroi-nelleconomia-0-0-oscar-montigny-al-museo-fratelli-cozzi\/\" target=\"_blank\" rel=\"noopener\">SempioneNews coming up<br \/>\n<\/a><\/p>\n<p><a href=\"http:\/\/www.sempionenews.it\/cultura\/lamore-tempo-dei-nuovi-eroi-nelleconomia-0-0-oscar-montigny-al-museo-fratelli-cozzi\/\" target=\"_blank\" rel=\"noopener\">SempioneNews: L&#8217;amore al tempo dei Nuovi Eroi <\/a><\/p>\n<p><a href=\"http:\/\/www.legnanonews.com\/news\/eventi\/909824\/oscar_di_montigny_al_museo_fratelli_cozzi_\" target=\"_blank\" rel=\"noopener\">LegnanoNews<\/a><\/p>\n<p>[\/et_pb_text][\/et_pb_column][\/et_pb_row][\/et_pb_section]<\/p>\n","protected":false},"excerpt":{"rendered":"<p>[et_pb_section fb_built=&#8221;1&#8243; custom_padding=&#8221;0px|||&#8221; custom_width_percent=&#8221;80&#8243; admin_label=&#8221;Sezione&#8221;][et_pb_row make_fullwidth=&#8221;on&#8221; custom_width_percent=&#8221;80&#8243; use_custom_gutter=&#8221;on&#8221; gutter_width=&#8221;1&#8243; custom_padding=&#8221;0px|||&#8221; parallax_method_1=&#8221;off&#8221; disabled_on=&#8221;off|off|off&#8221; admin_label=&#8221;Riga&#8221;][et_pb_column type=&#8221;4_4&#8243; parallax=&#8221;off&#8221; parallax_method=&#8221;off&#8221;][et_pb_video src=&#8221;https:\/\/youtu.be\/Z2PokO8oa5Q&#8221; admin_label=&#8221;Video&#8221;] [\/et_pb_video][\/et_pb_column][\/et_pb_row][et_pb_row custom_width_percent=&#8221;80&#8243; custom_padding=&#8221;20px||0px|&#8221; parallax_method_1=&#8221;off&#8221; admin_label=&#8221;Riga&#8221;][et_pb_column type=&#8221;4_4&#8243; parallax=&#8221;off&#8221; parallax_method=&#8221;off&#8221;][et_pb_text admin_label=&#8221;Categoria&#8221; header_font_size=&#8221;30&#8243; header_letter_spacing=&#8221;0&#8243; header_line_height=&#8221;1&#8243; text_text_color=&#8221;#bcbcbc&#8221; text_letter_spacing=&#8221;2&#8243; text_line_height=&#8221;1.7&#8243; custom_margin=&#8221;||10px|&#8221; custom_margin_last_edited=&#8221;on|tablet&#8221;] CULTURA [\/et_pb_text][et_pb_text admin_label=&#8221;Titolo&#8221; header_font=&#8221;PT Sans||||&#8221; header_font_size=&#8221;48&#8243; header_font_size_tablet=&#8221;46&#8243; header_font_size_last_edited=&#8221;on|desktop&#8221; header_text_color=&#8221;#000000&#8243; header_letter_spacing=&#8221;0&#8243; header_line_height=&#8221;1.2&#8243; text_font=&#8221;PT Sans||||&#8221; text_font_size=&#8221;72&#8243; text_font_size_tablet=&#8221;60&#8243; text_font_size_last_edited=&#8221;on|desktop&#8221; text_text_color=&#8221;#000000&#8243; text_letter_spacing=&#8221;0&#8243; text_letter_spacing_last_edited=&#8221;on|desktop&#8221; text_line_height=&#8221;1.1&#8243; [&hellip;]<\/p>\n","protected":false},"author":5,"featured_media":5372,"comment_status":"closed","ping_status":"closed","sticky":false,"template":"","format":"standard","meta":{"_et_pb_use_builder":"on","_et_pb_old_content":"","_et_gb_content_width":"","_jetpack_memberships_contains_paid_content":false,"footnotes":""},"categories":[151,805],"tags":[242,50,228,222,220],"class_list":["post-5334","post","type-post","status-publish","format-standard","has-post-thumbnail","hentry","category-eventi","category-succede-al-museo","tag-linguaggidellacrescita","tag-settimanaculturaimpresa","tag-economia-0-0","tag-eroi","tag-oscar-di-montigny","et-has-post-format-content","et_post_format-et-post-format-standard"],"yoast_head":"<!-- This site is optimized with the Yoast SEO plugin v26.8 - https:\/\/yoast.com\/product\/yoast-seo-wordpress\/ -->\n<title>Oscar di Montigny: Amore 0.0 - eNews Museo Fratelli Cozzi<\/title>\n<meta name=\"description\" content=\"Anteprima di prestigio per la prima #SettimanaCulturaImpresa con Oscar di Montigny. A distanza di giorni riceviamo ancora messaggi di ringraziamento\" \/>\n<meta name=\"robots\" content=\"index, follow, max-snippet:-1, max-image-preview:large, max-video-preview:-1\" \/>\n<link rel=\"canonical\" href=\"https:\/\/www.museofratellicozzi.com\/news\/oscard-di-montigny\/\" \/>\n<meta property=\"og:locale\" content=\"it_IT\" \/>\n<meta property=\"og:type\" content=\"article\" \/>\n<meta property=\"og:title\" content=\"Oscar di Montigny: Amore 0.0 - eNews Museo Fratelli Cozzi\" \/>\n<meta property=\"og:description\" content=\"Anteprima di prestigio per la prima #SettimanaCulturaImpresa con Oscar di Montigny. A distanza di giorni riceviamo ancora messaggi di ringraziamento\" \/>\n<meta property=\"og:url\" content=\"https:\/\/www.museofratellicozzi.com\/news\/oscard-di-montigny\/\" \/>\n<meta property=\"og:site_name\" content=\"eNews Museo Fratelli Cozzi\" \/>\n<meta property=\"article:published_time\" content=\"2017-11-27T13:49:06+00:00\" \/>\n<meta property=\"article:modified_time\" content=\"2024-01-17T15:19:49+00:00\" \/>\n<meta property=\"og:image\" content=\"https:\/\/www.museofratellicozzi.com\/news\/wp-content\/uploads\/2017\/11\/60.jpg\" \/>\n\t<meta property=\"og:image:width\" content=\"2000\" \/>\n\t<meta property=\"og:image:height\" content=\"1333\" \/>\n\t<meta property=\"og:image:type\" content=\"image\/jpeg\" \/>\n<meta name=\"author\" content=\"Laura Defendi\" \/>\n<meta name=\"twitter:card\" content=\"summary_large_image\" \/>\n<meta name=\"twitter:label1\" content=\"Scritto da\" \/>\n\t<meta name=\"twitter:data1\" content=\"Laura Defendi\" \/>\n\t<meta name=\"twitter:label2\" content=\"Tempo di lettura stimato\" \/>\n\t<meta name=\"twitter:data2\" content=\"6 minuti\" \/>\n<script type=\"application\/ld+json\" class=\"yoast-schema-graph\">{\"@context\":\"https:\/\/schema.org\",\"@graph\":[{\"@type\":\"Article\",\"@id\":\"https:\/\/www.museofratellicozzi.com\/news\/oscard-di-montigny\/#article\",\"isPartOf\":{\"@id\":\"https:\/\/www.museofratellicozzi.com\/news\/oscard-di-montigny\/\"},\"author\":{\"name\":\"Laura Defendi\",\"@id\":\"https:\/\/www.museofratellicozzi.com\/news\/#\/schema\/person\/9c1de5abfab71104e0bfe41cca1b7072\"},\"headline\":\"Oscar di Montigny: Amore 0.0\",\"datePublished\":\"2017-11-27T13:49:06+00:00\",\"dateModified\":\"2024-01-17T15:19:49+00:00\",\"mainEntityOfPage\":{\"@id\":\"https:\/\/www.museofratellicozzi.com\/news\/oscard-di-montigny\/\"},\"wordCount\":1175,\"publisher\":{\"@id\":\"https:\/\/www.museofratellicozzi.com\/news\/#organization\"},\"image\":{\"@id\":\"https:\/\/www.museofratellicozzi.com\/news\/oscard-di-montigny\/#primaryimage\"},\"thumbnailUrl\":\"https:\/\/www.museofratellicozzi.com\/news\/wp-content\/uploads\/2017\/11\/60.jpg\",\"keywords\":[\"#linguaggidellacrescita\",\"#SettimanaCulturaImpresa\",\"economia 0.0\",\"eroi\",\"oscar di montigny\"],\"articleSection\":[\"Eventi\",\"Succede al museo\"],\"inLanguage\":\"it-IT\"},{\"@type\":\"WebPage\",\"@id\":\"https:\/\/www.museofratellicozzi.com\/news\/oscard-di-montigny\/\",\"url\":\"https:\/\/www.museofratellicozzi.com\/news\/oscard-di-montigny\/\",\"name\":\"Oscar di Montigny: Amore 0.0 - eNews Museo Fratelli Cozzi\",\"isPartOf\":{\"@id\":\"https:\/\/www.museofratellicozzi.com\/news\/#website\"},\"primaryImageOfPage\":{\"@id\":\"https:\/\/www.museofratellicozzi.com\/news\/oscard-di-montigny\/#primaryimage\"},\"image\":{\"@id\":\"https:\/\/www.museofratellicozzi.com\/news\/oscard-di-montigny\/#primaryimage\"},\"thumbnailUrl\":\"https:\/\/www.museofratellicozzi.com\/news\/wp-content\/uploads\/2017\/11\/60.jpg\",\"datePublished\":\"2017-11-27T13:49:06+00:00\",\"dateModified\":\"2024-01-17T15:19:49+00:00\",\"description\":\"Anteprima di prestigio per la prima #SettimanaCulturaImpresa con Oscar di Montigny. A distanza di giorni riceviamo ancora messaggi di ringraziamento\",\"breadcrumb\":{\"@id\":\"https:\/\/www.museofratellicozzi.com\/news\/oscard-di-montigny\/#breadcrumb\"},\"inLanguage\":\"it-IT\",\"potentialAction\":[{\"@type\":\"ReadAction\",\"target\":[\"https:\/\/www.museofratellicozzi.com\/news\/oscard-di-montigny\/\"]}]},{\"@type\":\"ImageObject\",\"inLanguage\":\"it-IT\",\"@id\":\"https:\/\/www.museofratellicozzi.com\/news\/oscard-di-montigny\/#primaryimage\",\"url\":\"https:\/\/www.museofratellicozzi.com\/news\/wp-content\/uploads\/2017\/11\/60.jpg\",\"contentUrl\":\"https:\/\/www.museofratellicozzi.com\/news\/wp-content\/uploads\/2017\/11\/60.jpg\",\"width\":1600,\"height\":1066,\"caption\":\"Foto di Francesco Morello\"},{\"@type\":\"BreadcrumbList\",\"@id\":\"https:\/\/www.museofratellicozzi.com\/news\/oscard-di-montigny\/#breadcrumb\",\"itemListElement\":[{\"@type\":\"ListItem\",\"position\":1,\"name\":\"Home\",\"item\":\"https:\/\/www.museofratellicozzi.com\/news\/\"},{\"@type\":\"ListItem\",\"position\":2,\"name\":\"Oscar di Montigny: Amore 0.0\"}]},{\"@type\":\"WebSite\",\"@id\":\"https:\/\/www.museofratellicozzi.com\/news\/#website\",\"url\":\"https:\/\/www.museofratellicozzi.com\/news\/\",\"name\":\"eNews Museo Fratelli Cozzi\",\"description\":\"Alfa Romeo: un mito che resiste al tempo\",\"publisher\":{\"@id\":\"https:\/\/www.museofratellicozzi.com\/news\/#organization\"},\"potentialAction\":[{\"@type\":\"SearchAction\",\"target\":{\"@type\":\"EntryPoint\",\"urlTemplate\":\"https:\/\/www.museofratellicozzi.com\/news\/?s={search_term_string}\"},\"query-input\":{\"@type\":\"PropertyValueSpecification\",\"valueRequired\":true,\"valueName\":\"search_term_string\"}}],\"inLanguage\":\"it-IT\"},{\"@type\":\"Organization\",\"@id\":\"https:\/\/www.museofratellicozzi.com\/news\/#organization\",\"name\":\"Museo Fratelli Cozzi\",\"url\":\"https:\/\/www.museofratellicozzi.com\/news\/\",\"logo\":{\"@type\":\"ImageObject\",\"inLanguage\":\"it-IT\",\"@id\":\"https:\/\/www.museofratellicozzi.com\/news\/#\/schema\/logo\/image\/\",\"url\":\"https:\/\/www.museofratellicozzi.com\/news\/wp-content\/uploads\/2017\/04\/home.png\",\"contentUrl\":\"https:\/\/www.museofratellicozzi.com\/news\/wp-content\/uploads\/2017\/04\/home.png\",\"width\":497,\"height\":512,\"caption\":\"Museo Fratelli Cozzi\"},\"image\":{\"@id\":\"https:\/\/www.museofratellicozzi.com\/news\/#\/schema\/logo\/image\/\"}},{\"@type\":\"Person\",\"@id\":\"https:\/\/www.museofratellicozzi.com\/news\/#\/schema\/person\/9c1de5abfab71104e0bfe41cca1b7072\",\"name\":\"Laura Defendi\",\"image\":{\"@type\":\"ImageObject\",\"inLanguage\":\"it-IT\",\"@id\":\"https:\/\/www.museofratellicozzi.com\/news\/#\/schema\/person\/image\/\",\"url\":\"https:\/\/secure.gravatar.com\/avatar\/fa196a116a28416a994aad4b629b4ae8?s=96&d=mm&r=g\",\"contentUrl\":\"https:\/\/secure.gravatar.com\/avatar\/fa196a116a28416a994aad4b629b4ae8?s=96&d=mm&r=g\",\"caption\":\"Laura Defendi\"}}]}<\/script>\n<!-- \/ Yoast SEO plugin. -->","yoast_head_json":{"title":"Oscar di Montigny: Amore 0.0 - eNews Museo Fratelli Cozzi","description":"Anteprima di prestigio per la prima #SettimanaCulturaImpresa con Oscar di Montigny. A distanza di giorni riceviamo ancora messaggi di ringraziamento","robots":{"index":"index","follow":"follow","max-snippet":"max-snippet:-1","max-image-preview":"max-image-preview:large","max-video-preview":"max-video-preview:-1"},"canonical":"https:\/\/www.museofratellicozzi.com\/news\/oscard-di-montigny\/","og_locale":"it_IT","og_type":"article","og_title":"Oscar di Montigny: Amore 0.0 - eNews Museo Fratelli Cozzi","og_description":"Anteprima di prestigio per la prima #SettimanaCulturaImpresa con Oscar di Montigny. A distanza di giorni riceviamo ancora messaggi di ringraziamento","og_url":"https:\/\/www.museofratellicozzi.com\/news\/oscard-di-montigny\/","og_site_name":"eNews Museo Fratelli Cozzi","article_published_time":"2017-11-27T13:49:06+00:00","article_modified_time":"2024-01-17T15:19:49+00:00","og_image":[{"width":2000,"height":1333,"url":"https:\/\/www.museofratellicozzi.com\/news\/wp-content\/uploads\/2017\/11\/60.jpg","type":"image\/jpeg"}],"author":"Laura Defendi","twitter_card":"summary_large_image","twitter_misc":{"Scritto da":"Laura Defendi","Tempo di lettura stimato":"6 minuti"},"schema":{"@context":"https:\/\/schema.org","@graph":[{"@type":"Article","@id":"https:\/\/www.museofratellicozzi.com\/news\/oscard-di-montigny\/#article","isPartOf":{"@id":"https:\/\/www.museofratellicozzi.com\/news\/oscard-di-montigny\/"},"author":{"name":"Laura Defendi","@id":"https:\/\/www.museofratellicozzi.com\/news\/#\/schema\/person\/9c1de5abfab71104e0bfe41cca1b7072"},"headline":"Oscar di Montigny: Amore 0.0","datePublished":"2017-11-27T13:49:06+00:00","dateModified":"2024-01-17T15:19:49+00:00","mainEntityOfPage":{"@id":"https:\/\/www.museofratellicozzi.com\/news\/oscard-di-montigny\/"},"wordCount":1175,"publisher":{"@id":"https:\/\/www.museofratellicozzi.com\/news\/#organization"},"image":{"@id":"https:\/\/www.museofratellicozzi.com\/news\/oscard-di-montigny\/#primaryimage"},"thumbnailUrl":"https:\/\/www.museofratellicozzi.com\/news\/wp-content\/uploads\/2017\/11\/60.jpg","keywords":["#linguaggidellacrescita","#SettimanaCulturaImpresa","economia 0.0","eroi","oscar di montigny"],"articleSection":["Eventi","Succede al museo"],"inLanguage":"it-IT"},{"@type":"WebPage","@id":"https:\/\/www.museofratellicozzi.com\/news\/oscard-di-montigny\/","url":"https:\/\/www.museofratellicozzi.com\/news\/oscard-di-montigny\/","name":"Oscar di Montigny: Amore 0.0 - eNews Museo Fratelli Cozzi","isPartOf":{"@id":"https:\/\/www.museofratellicozzi.com\/news\/#website"},"primaryImageOfPage":{"@id":"https:\/\/www.museofratellicozzi.com\/news\/oscard-di-montigny\/#primaryimage"},"image":{"@id":"https:\/\/www.museofratellicozzi.com\/news\/oscard-di-montigny\/#primaryimage"},"thumbnailUrl":"https:\/\/www.museofratellicozzi.com\/news\/wp-content\/uploads\/2017\/11\/60.jpg","datePublished":"2017-11-27T13:49:06+00:00","dateModified":"2024-01-17T15:19:49+00:00","description":"Anteprima di prestigio per la prima #SettimanaCulturaImpresa con Oscar di Montigny. A distanza di giorni riceviamo ancora messaggi di ringraziamento","breadcrumb":{"@id":"https:\/\/www.museofratellicozzi.com\/news\/oscard-di-montigny\/#breadcrumb"},"inLanguage":"it-IT","potentialAction":[{"@type":"ReadAction","target":["https:\/\/www.museofratellicozzi.com\/news\/oscard-di-montigny\/"]}]},{"@type":"ImageObject","inLanguage":"it-IT","@id":"https:\/\/www.museofratellicozzi.com\/news\/oscard-di-montigny\/#primaryimage","url":"https:\/\/www.museofratellicozzi.com\/news\/wp-content\/uploads\/2017\/11\/60.jpg","contentUrl":"https:\/\/www.museofratellicozzi.com\/news\/wp-content\/uploads\/2017\/11\/60.jpg","width":1600,"height":1066,"caption":"Foto di Francesco Morello"},{"@type":"BreadcrumbList","@id":"https:\/\/www.museofratellicozzi.com\/news\/oscard-di-montigny\/#breadcrumb","itemListElement":[{"@type":"ListItem","position":1,"name":"Home","item":"https:\/\/www.museofratellicozzi.com\/news\/"},{"@type":"ListItem","position":2,"name":"Oscar di Montigny: Amore 0.0"}]},{"@type":"WebSite","@id":"https:\/\/www.museofratellicozzi.com\/news\/#website","url":"https:\/\/www.museofratellicozzi.com\/news\/","name":"eNews Museo Fratelli Cozzi","description":"Alfa Romeo: un mito che resiste al tempo","publisher":{"@id":"https:\/\/www.museofratellicozzi.com\/news\/#organization"},"potentialAction":[{"@type":"SearchAction","target":{"@type":"EntryPoint","urlTemplate":"https:\/\/www.museofratellicozzi.com\/news\/?s={search_term_string}"},"query-input":{"@type":"PropertyValueSpecification","valueRequired":true,"valueName":"search_term_string"}}],"inLanguage":"it-IT"},{"@type":"Organization","@id":"https:\/\/www.museofratellicozzi.com\/news\/#organization","name":"Museo Fratelli Cozzi","url":"https:\/\/www.museofratellicozzi.com\/news\/","logo":{"@type":"ImageObject","inLanguage":"it-IT","@id":"https:\/\/www.museofratellicozzi.com\/news\/#\/schema\/logo\/image\/","url":"https:\/\/www.museofratellicozzi.com\/news\/wp-content\/uploads\/2017\/04\/home.png","contentUrl":"https:\/\/www.museofratellicozzi.com\/news\/wp-content\/uploads\/2017\/04\/home.png","width":497,"height":512,"caption":"Museo Fratelli Cozzi"},"image":{"@id":"https:\/\/www.museofratellicozzi.com\/news\/#\/schema\/logo\/image\/"}},{"@type":"Person","@id":"https:\/\/www.museofratellicozzi.com\/news\/#\/schema\/person\/9c1de5abfab71104e0bfe41cca1b7072","name":"Laura Defendi","image":{"@type":"ImageObject","inLanguage":"it-IT","@id":"https:\/\/www.museofratellicozzi.com\/news\/#\/schema\/person\/image\/","url":"https:\/\/secure.gravatar.com\/avatar\/fa196a116a28416a994aad4b629b4ae8?s=96&d=mm&r=g","contentUrl":"https:\/\/secure.gravatar.com\/avatar\/fa196a116a28416a994aad4b629b4ae8?s=96&d=mm&r=g","caption":"Laura Defendi"}}]}},"jetpack_featured_media_url":"https:\/\/www.museofratellicozzi.com\/news\/wp-content\/uploads\/2017\/11\/60.jpg","jetpack_shortlink":"https:\/\/wp.me\/p90Eth-1o2","jetpack_sharing_enabled":true,"post_mailing_queue_ids":[],"_links":{"self":[{"href":"https:\/\/www.museofratellicozzi.com\/news\/wp-json\/wp\/v2\/posts\/5334","targetHints":{"allow":["GET"]}}],"collection":[{"href":"https:\/\/www.museofratellicozzi.com\/news\/wp-json\/wp\/v2\/posts"}],"about":[{"href":"https:\/\/www.museofratellicozzi.com\/news\/wp-json\/wp\/v2\/types\/post"}],"author":[{"embeddable":true,"href":"https:\/\/www.museofratellicozzi.com\/news\/wp-json\/wp\/v2\/users\/5"}],"replies":[{"embeddable":true,"href":"https:\/\/www.museofratellicozzi.com\/news\/wp-json\/wp\/v2\/comments?post=5334"}],"version-history":[{"count":8,"href":"https:\/\/www.museofratellicozzi.com\/news\/wp-json\/wp\/v2\/posts\/5334\/revisions"}],"predecessor-version":[{"id":5378,"href":"https:\/\/www.museofratellicozzi.com\/news\/wp-json\/wp\/v2\/posts\/5334\/revisions\/5378"}],"wp:featuredmedia":[{"embeddable":true,"href":"https:\/\/www.museofratellicozzi.com\/news\/wp-json\/wp\/v2\/media\/5372"}],"wp:attachment":[{"href":"https:\/\/www.museofratellicozzi.com\/news\/wp-json\/wp\/v2\/media?parent=5334"}],"wp:term":[{"taxonomy":"category","embeddable":true,"href":"https:\/\/www.museofratellicozzi.com\/news\/wp-json\/wp\/v2\/categories?post=5334"},{"taxonomy":"post_tag","embeddable":true,"href":"https:\/\/www.museofratellicozzi.com\/news\/wp-json\/wp\/v2\/tags?post=5334"}],"curies":[{"name":"wp","href":"https:\/\/api.w.org\/{rel}","templated":true}]}}