{"id":5458,"date":"2017-12-17T07:49:19","date_gmt":"2017-12-17T06:49:19","guid":{"rendered":"https:\/\/news.museofratellicozzi.com\/?p=5458"},"modified":"2021-04-07T09:51:49","modified_gmt":"2021-04-07T07:51:49","slug":"angelino-langelo-piccolino-amico-di-ogni-bambino-2","status":"publish","type":"post","link":"https:\/\/www.museofratellicozzi.com\/news\/angelino-langelo-piccolino-amico-di-ogni-bambino-2\/","title":{"rendered":"ANGELINO L\u2019Angelo piccolino amico di ogni bambino"},"content":{"rendered":"\n\n\n[et_pb_section fb_built=&#8221;1&#8243; custom_padding=&#8221;0px|||&#8221; custom_width_percent=&#8221;80&#8243; admin_label=&#8221;Sezione&#8221;][et_pb_row make_fullwidth=&#8221;on&#8221; custom_width_percent=&#8221;80&#8243; use_custom_gutter=&#8221;on&#8221; gutter_width=&#8221;1&#8243; custom_padding=&#8221;0px|||&#8221; parallax_method_1=&#8221;off&#8221; disabled_on=&#8221;off|off|off&#8221; admin_label=&#8221;Riga&#8221;][et_pb_column type=&#8221;4_4&#8243; parallax=&#8221;off&#8221; parallax_method=&#8221;off&#8221;][et_pb_image src=&#8221;https:\/\/www.museofratellicozzi.com\/news\/wp-content\/uploads\/2017\/02\/elvira-ruocco-alfa-romeo-fratelli-cozzi-18.jpg&#8221; admin_label=&#8221;Immagine&#8221;] [\/et_pb_image][\/et_pb_column][\/et_pb_row][et_pb_row custom_width_percent=&#8221;80&#8243; custom_padding=&#8221;20px||0px|&#8221; parallax_method_1=&#8221;off&#8221; admin_label=&#8221;Riga&#8221;][et_pb_column type=&#8221;4_4&#8243; parallax=&#8221;off&#8221; parallax_method=&#8221;off&#8221;][et_pb_text admin_label=&#8221;Categoria&#8221; header_font_size=&#8221;30&#8243; header_letter_spacing=&#8221;0&#8243; header_line_height=&#8221;1&#8243; text_text_color=&#8221;#bcbcbc&#8221; text_letter_spacing=&#8221;2&#8243; text_line_height=&#8221;1.7&#8243; custom_margin=&#8221;||10px|&#8221; custom_margin_last_edited=&#8221;on|tablet&#8221;]\n\nELVIRA RACCONTA\n\n[\/et_pb_text][et_pb_text admin_label=&#8221;Titolo&#8221; header_font=&#8221;PT Sans||||&#8221; header_font_size=&#8221;50&#8243; header_text_color=&#8221;#000000&#8243; header_letter_spacing=&#8221;0&#8243; header_line_height=&#8221;1.3&#8243; text_font=&#8221;PT Sans||||&#8221; text_font_size=&#8221;50&#8243; text_font_size_tablet=&#8221;60&#8243; text_font_size_last_edited=&#8221;on|desktop&#8221; text_text_color=&#8221;#000000&#8243; text_letter_spacing=&#8221;0&#8243; text_letter_spacing_last_edited=&#8221;on|desktop&#8221; text_line_height=&#8221;1.1&#8243; text_line_height_last_edited=&#8221;on|&#8221; custom_margin=&#8221;0px||0px|&#8221;]\n<p class=\"\">Angelino: l\u2019Angelo piccolino amico di ogni bambino<\/p>\n3\u00b0 capitolo\n\n[\/et_pb_text][et_pb_text admin_label=&#8221;Data&#8221; header_font_size=&#8221;30&#8243; header_letter_spacing=&#8221;0&#8243; header_line_height=&#8221;1&#8243; text_font=&#8221;PT Sans|on|||&#8221; text_font_size=&#8221;18&#8243; text_text_color=&#8221;#363636&#8243; text_letter_spacing=&#8221;0&#8243; text_line_height=&#8221;1.7&#8243; custom_margin=&#8221;10px||0px|&#8221;]\n\n17 dicembre, 2017\n\n[\/et_pb_text][\/et_pb_column][\/et_pb_row][\/et_pb_section][et_pb_section fb_built=&#8221;1&#8243; background_color=&#8221;#f7f7f4&#8243; custom_width_percent=&#8221;80&#8243; admin_label=&#8221;Section&#8221;][et_pb_row custom_width_percent=&#8221;80&#8243; custom_padding=&#8221;0px|||&#8221; padding_mobile=&#8221;on&#8221; column_padding_mobile=&#8221;on&#8221; parallax_method_1=&#8221;off&#8221; parallax_method_2=&#8221;off&#8221; admin_label=&#8221;row&#8221;][et_pb_column type=&#8221;1_3&#8243; parallax=&#8221;off&#8221; parallax_method=&#8221;off&#8221; column_padding_mobile=&#8221;on&#8221;][\/et_pb_column][et_pb_column type=&#8221;2_3&#8243; parallax=&#8221;off&#8221; parallax_method=&#8221;off&#8221; column_padding_mobile=&#8221;on&#8221;][et_pb_text max_width=&#8221;620px&#8221; admin_label=&#8221;Occhiello&#8221; header_font_size=&#8221;30&#8243; header_letter_spacing=&#8221;0&#8243; header_line_height=&#8221;1&#8243; text_font=&#8221;PT Sans|on|||&#8221; text_font_size=&#8221;24&#8243; text_font_size_last_edited=&#8221;on|desktop&#8221; text_text_color=&#8221;#363636&#8243; text_letter_spacing=&#8221;0&#8243; text_line_height=&#8221;1.4&#8243; custom_margin=&#8221;10px||0px|&#8221;]\n\n\u201cElvira Ruocco ha scritto una bellissima storia di Natale dedicata ai piccoli alfisti, di oggi, domani &#8230; e di ieri. Un appuntamento che ci terr\u00e0 compagnia per tutto il mese di dicembre. Ecco a voi il&nbsp;terzo capitolo. <a href=\"https:\/\/wp.me\/p90Eth-1pL\"><span style=\"text-decoration: underline;\">Se hai perso la seconda uscita clicca qui.&nbsp;<\/span><\/a>\n\nBuona lettura\n\n&nbsp;\n\n[\/et_pb_text][et_pb_image src=&#8221;https:\/\/www.museofratellicozzi.com\/news\/wp-content\/uploads\/2017\/12\/angelino-1.jpg&#8221; admin_label=&#8221;Immagine&#8221;] [\/et_pb_image][et_pb_text max_width=&#8221;620px&#8221; admin_label=&#8221;Blocco testo 1&#8243; header_font_size=&#8221;30&#8243; header_letter_spacing=&#8221;0&#8243; header_line_height=&#8221;1&#8243; text_font=&#8221;PT Sans||||&#8221; text_font_size=&#8221;20&#8243; text_font_size_last_edited=&#8221;on|tablet&#8221; text_text_color=&#8221;#363636&#8243; text_letter_spacing=&#8221;0&#8243; text_line_height=&#8221;1.5&#8243; custom_margin=&#8221;30px||0px|&#8221;]\n<h3><em>ANGELINO:&nbsp;<\/em><em>L\u2019Angelo piccolino amico di ogni bambino<\/em><\/h3>\n\u201cDopo qualche ora di viaggio, senza alcuna pausa, Miss Speed parcheggi\u00f2 la sua vettura in un ampio garage accanto ad altre macchine, tutte in ordine perfetto, sembrava che fossero esposte in un Museo.\nSegu\u00ec la pilotessa in casa e fu subito colpito da tutti i trofei, le coppe che facevano bella mostra di s\u00e9 e dalle tante foto che la ritraevano dopo una vittoria, ma soprattutto, con il viso sorridente incorniciato dalla foltissima chioma, accanto a tanti bambini in moltissime occasioni. In un album aperto su un tavolino, decine e decine di foto con personaggi famosi della cultura, della medicina e del cinema. Sotto ogni foto era scritto, con una calligrafia chiara e precisa, la data e il luogo dell\u2019avvenimento.\nAngelino pens\u00f2 che quella era una donna importante e molto importante era la sua attivit\u00e0 di beneficenza rivolta ai bambini, che pi\u00f9 di tutti hanno bisogno di aiuto perch\u00e9 la sofferenza e il dolore fisico per un bambino non \u00e8 n\u00e9 concepibile n\u00e9 accettabile.\nLe luci della casa immersa nel verde si andarono a spegnere piano piano e Angelino si addorment\u00f2 su quell\u2019album e sogn\u00f2 di essere ancora seduto su quella bellissima auto rossa, di sentire forte l\u2019odore della pelle dei sedili, e di correre \u2026.correre.. correre su strade impervie accanto alla sua pilotessa.\nAll\u2019alba si alz\u00f2 in volo e lasci\u00f2 momentaneamente quella casa, aveva i suoi giri da fare, i suoi piccoli amici da visitare e un\u2019idea che cominciava a frullargli per la testa.\nVolava alto su case e palazzi e la vita degli uomini da lass\u00f9 gli sembrava lontanissima, ogni tanto planava un pochino per vedere quella fila di macchine che dall\u2019alto sembravano dei giocattolini, tanto erano piccine.\nAd un tratto, passando davanti ad una finestra aperta sent\u00ec il pianto di un bambino, torn\u00f2 indietro e si introdusse in quella stanza.\nUn bimbo entrava in quel momento e si dirigeva col visetto sbattuto e gli occhi gonfi verso un\u2019anziana signora, seduta su una poltrona, e le tese un quaderno riprendendo a piangere.\n\u201cCosa \u00e8 successo? Uno zero?\u201d esclam\u00f2 la donna. Il bimbo, rinforzando i singhiozzi, afferm\u00f2. Lo prese in braccio e gli disse:\n\u201cSu, su, che diamine! Un omino si vergogna a piangere! Ora star\u00e0 buono e la nonna gli asciuga gli occhietti, cos\u00ec\u2026, e gli racconta una bella favola!\u201d\nIl piccolo le sorrise tra le lacrime e le si sedette in grembo. \u201cC\u2019era una volta\u2026.\u201d\nSapete perch\u00e9 non aveva sgridato il nipotino? Perch\u00e9 si era ricordata del suo primo zero. Aveva sei anni, e chiudendo gli occhi rivedeva ancora la sua classe: uno stanzone chiaro, pieno di banchi, con una tavola in fondo per la maestra e un vecchio armadio sulla destra che tutti chiamavano, il museo. L\u00e0 dentro, sotto chiave, stavano cianfrusaglie d\u2019ogni genere: palline di lana, cubetti e mattoncini in legno di tutti i colori, frutta di creta e macchinine di cartone, tutti i lavori di varie generazioni di scolari.\nLei, ai suoi tempi, soprannominata il moto perpetuo, godeva del raro privilegio di non avere il posto fisso: la mattina, quando la maestra dettava, occupa un banco i prima fila: nel pomeriggio, quando c\u2019erano le interrogazioni orali si spostava negli ultimi posti con la speranza di non essere interrogata.\n\n[\/et_pb_text][\/et_pb_column][\/et_pb_row][et_pb_row custom_width_percent=&#8221;80&#8243; custom_padding=&#8221;0px|||&#8221; padding_mobile=&#8221;on&#8221; column_padding_mobile=&#8221;on&#8221; parallax_method_1=&#8221;off&#8221; parallax_method_2=&#8221;off&#8221; admin_label=&#8221;row&#8221;][et_pb_column type=&#8221;1_2&#8243; parallax=&#8221;off&#8221; parallax_method=&#8221;off&#8221; column_padding_mobile=&#8221;on&#8221;][et_pb_text admin_label=&#8221;Testo&#8221; header_font_size=&#8221;30&#8243; header_letter_spacing=&#8221;0&#8243; header_line_height=&#8221;1&#8243; text_letter_spacing=&#8221;0&#8243; text_line_height=&#8221;1.7&#8243;]\n\nLa foto di copertina \u00e8 stata scattata da Sylvia Oberti nell&#8217;ufficio di Elvira Ruocco, presso l\u2019Archivio Storico e&nbsp;durante la sua visita.\n\n[\/et_pb_text][\/et_pb_column][et_pb_column type=&#8221;1_2&#8243; parallax=&#8221;off&#8221; parallax_method=&#8221;off&#8221; column_padding_mobile=&#8221;on&#8221;][et_pb_image src=&#8221;https:\/\/www.museofratellicozzi.com\/news\/wp-content\/uploads\/2017\/12\/Alfa-Historian-RUOCCO-Elvira.jpg&#8221; admin_label=&#8221;Immagine&#8221;] [\/et_pb_image][\/et_pb_column][\/et_pb_row][et_pb_row custom_width_percent=&#8221;80&#8243; custom_padding=&#8221;0px|||&#8221; padding_mobile=&#8221;on&#8221; column_padding_mobile=&#8221;on&#8221; parallax_method_1=&#8221;off&#8221; parallax_method_2=&#8221;off&#8221; admin_label=&#8221;row&#8221;][et_pb_column type=&#8221;1_3&#8243; parallax=&#8221;off&#8221; parallax_method=&#8221;off&#8221; column_padding_mobile=&#8221;on&#8221;][\/et_pb_column][et_pb_column type=&#8221;2_3&#8243; parallax=&#8221;off&#8221; parallax_method=&#8221;off&#8221; column_padding_mobile=&#8221;on&#8221;][et_pb_text max_width=&#8221;620px&#8221; admin_label=&#8221;Blocco testo 1&#8243; header_font_size=&#8221;30&#8243; header_letter_spacing=&#8221;0&#8243; header_line_height=&#8221;1&#8243; text_font=&#8221;PT Sans||||&#8221; text_font_size=&#8221;20&#8243; text_font_size_last_edited=&#8221;on|tablet&#8221; text_text_color=&#8221;#363636&#8243; text_letter_spacing=&#8221;0&#8243; text_line_height=&#8221;1.5&#8243; custom_margin=&#8221;30px||0px|&#8221;]\n\nFino dall\u2019infanzia detestava l\u2019aritmetica, e il ricordo di quelle ore l\u2019angosciava ancora. Il piccolo l\u2019ascoltava rapito, e Angelino fissava tutti e due..\n\u201cUna mattina \u2013 riprende la nonna \u2013 ero particolarmente annoiata, presi il mio mozzicone di matita e iniziai a fare ghirigori in calce ad ogni pagina del mio quaderno, omini con la testa tonda e le mani a rastrello, casette, alberi, draghi, fiori fino a riempire tutte le pagine del quaderno. Come mi sembravano belli i miei disegni! Ma ohim\u00e9! La maestra impensierita dal mio silenzio, si alz\u00f2 e venne a vedere, mi prese il quaderno, si accorse del disastro, mi prese la matita e con essa tracci\u00f2 sull\u2019ultima pagina ancora bianca un terribile zero tagliato, il che nel nostro codice scolastico equivaleva ad una pena infamante\u201d.\nGli occhi del bambino si sgranarono e Angelino si lasci\u00f2 sfuggire un: Oh! ma fu come un fruscio appena percettibile..\n\u201cIo fissai il cerchio rosso \u2013 continu\u00f2 la nonna \u2013 e il cuore mi cadde, mi sembr\u00f2 come se fosse finito in quel cerchio. Mi sentii abbandonata e infinitamente triste, sola, davanti a quello zero, e piansi tutte le lacrime pi\u00f9 amare. Quando tornai a casa raccontai tutto alla mia mamma, che, invece di sgridarmi, come temevo, mi accarezz\u00f2, mi sistem\u00f2 i capelli e mi baci\u00f2 sorridendo. Disse soltanto: \u201cE\u2019 triste, vedi, far male ed essere puniti. E nella vita, sempre, ad ogni colpa segue la pena. Tienilo bene a mente piccina mia.\u201d.\nCalmata, ripensai a quelle semplici parole e le compresi cos\u00ec chiaramente che quello zero \u00e8 rimasto unico nella mia lunga carriera di scolara, non solo, ma \u00e8 diventato un simbolo che mi ha aiutato molto nella vita. Ricorda, bambino mio che uno zero ed un consiglio assennato, purch\u00e8 arrivino in tempo, operano miracoli: solo bisogna sapersene valere\u201d. Il bimbo le sorrise e l\u2019abbracci\u00f2.\nAngelino, li lasci\u00f2 cos\u00ec, stretti in quell\u2019abbraccio. Riprese a volare e pensava a quel cerchio rosso sul quaderno e subito gli vennero in mente altri cerchi, quelli sui quali le bellissime macchine della sua pilotessa percorrevano le strade e i circuiti per vincere, perch\u00e9 ogni vittoria era un\u2019occasione per raccogliere fondi che dovevano asciugare altre lacrime, ben diverse da quelle che aveva visto versare da quel bambino tanto amato e protetto.\nAngelino sent\u00ec forte il richiamo di tornare dalla sua pilotessa, e riprese a volare attraversando nuvole e facendosi scaldare dal sole. Arriv\u00f2 appena in tempo per vedere Miss Speed infilarsi il casco e salire sulla sua bellissima Alfa rossa.\nAllora si adagi\u00f2 tra quei sedili, respir\u00f2 quel profumo che gli era familiare e, insieme a lei, and\u00f2 incontro alla vittoria.\n<p class=\"\"><em style=\"font-variant-ligatures: normal; font-variant-caps: normal; font-weight: 400; font-size: 20px; font-family: 'PT Sans', Helvetica, Arial, Lucida, sans-serif; text-align: right;\">Storia scritta e ideata da Elvira Ruocco&nbsp;<\/em><\/p>\n&nbsp;\n\n[\/et_pb_text][\/et_pb_column][\/et_pb_row][et_pb_row custom_width_percent=&#8221;80&#8243; custom_padding=&#8221;0px|||&#8221; padding_mobile=&#8221;on&#8221; column_padding_mobile=&#8221;on&#8221; parallax_method_1=&#8221;off&#8221; parallax_method_2=&#8221;off&#8221; admin_label=&#8221;row&#8221;][et_pb_column type=&#8221;1_2&#8243; parallax=&#8221;off&#8221; parallax_method=&#8221;off&#8221; column_padding_mobile=&#8221;on&#8221;][et_pb_image src=&#8221;https:\/\/www.museofratellicozzi.com\/news\/wp-content\/uploads\/2017\/02\/elvira-ruocco-alfa-romeo-fratelli-cozzi-28.jpg&#8221; admin_label=&#8221;Immagine&#8221;] [\/et_pb_image][\/et_pb_column][et_pb_column type=&#8221;1_2&#8243; parallax=&#8221;off&#8221; parallax_method=&#8221;off&#8221; column_padding_mobile=&#8221;on&#8221;][et_pb_text admin_label=&#8221;Testo&#8221; header_font_size=&#8221;30&#8243; header_font_size_tablet=&#8221;30&#8243; header_font_size_phone=&#8221;30&#8243; header_letter_spacing=&#8221;0&#8243; header_letter_spacing_tablet=&#8221;0&#8243; header_letter_spacing_phone=&#8221;0&#8243; header_line_height=&#8221;1&#8243; header_line_height_tablet=&#8221;1&#8243; header_line_height_phone=&#8221;1&#8243; text_letter_spacing=&#8221;0&#8243; text_letter_spacing_tablet=&#8221;0&#8243; text_letter_spacing_phone=&#8221;0&#8243; text_line_height=&#8221;1.7&#8243; text_line_height_tablet=&#8221;1.7&#8243; text_line_height_phone=&#8221;1.7&#8243;]\n\n<em>Elvira Ruocco Memoria storica dell\u2019Alfa Romeo grazie alla sua ultra ventennale esperienza presso il Centro di Documentazione&nbsp;Storica Alfa Romeo, \u00e8 entra a far parte del team del Museo e nella rubrica \u201cElvira Racconta\u201d condivider\u00e0 curiosit\u00e0 e aneddoti che non si&nbsp; conoscono o non si ricordano. Ripercorreremo insieme a lei la leggendaria storia dell\u2019Alfa Romeo<b>.<\/b><\/em>\n\n[\/et_pb_text][\/et_pb_column][\/et_pb_row][\/et_pb_section]\n\n\n","protected":false},"excerpt":{"rendered":"","protected":false},"author":5,"featured_media":5442,"comment_status":"closed","ping_status":"closed","sticky":false,"template":"","format":"standard","meta":{"_et_pb_use_builder":"on","_et_pb_old_content":"","_et_gb_content_width":"","_jetpack_memberships_contains_paid_content":false,"footnotes":""},"categories":[88],"tags":[21,249,46,250],"class_list":["post-5458","post","type-post","status-publish","format-standard","has-post-thumbnail","hentry","category-elvira-racconta","tag-alfa-romeo","tag-angelino","tag-elvira-ruocco","tag-sylvia-oberti","et-has-post-format-content","et_post_format-et-post-format-standard"],"yoast_head":"<!-- This site is optimized with the Yoast SEO plugin v26.8 - https:\/\/yoast.com\/product\/yoast-seo-wordpress\/ -->\n<title>ANGELINO L\u2019Angelo piccolino amico di ogni bambino cap.3<\/title>\n<meta name=\"description\" content=\"Si avvicina il Natale e la nostra Elvira ha preparato uno splendido regalo dedicato a piccoli e grandi alfisti: la storia di Angelino 3\u00b0 capitolo.\" \/>\n<meta name=\"robots\" content=\"index, follow, max-snippet:-1, max-image-preview:large, max-video-preview:-1\" \/>\n<link rel=\"canonical\" href=\"https:\/\/www.museofratellicozzi.com\/news\/angelino-langelo-piccolino-amico-di-ogni-bambino-2\/\" \/>\n<meta property=\"og:locale\" content=\"it_IT\" \/>\n<meta property=\"og:type\" content=\"article\" \/>\n<meta property=\"og:title\" content=\"ANGELINO L\u2019Angelo piccolino amico di ogni bambino cap.3\" \/>\n<meta property=\"og:description\" content=\"Si avvicina il Natale e la nostra Elvira ha preparato uno splendido regalo dedicato a piccoli e grandi alfisti: la storia di Angelino 3\u00b0 capitolo.\" \/>\n<meta property=\"og:url\" content=\"https:\/\/www.museofratellicozzi.com\/news\/angelino-langelo-piccolino-amico-di-ogni-bambino-2\/\" \/>\n<meta property=\"og:site_name\" content=\"eNews Museo Fratelli Cozzi\" \/>\n<meta property=\"article:published_time\" content=\"2017-12-17T06:49:19+00:00\" \/>\n<meta property=\"article:modified_time\" content=\"2021-04-07T07:51:49+00:00\" \/>\n<meta property=\"og:image\" content=\"https:\/\/www.museofratellicozzi.com\/news\/wp-content\/uploads\/2017\/12\/angelino-1.jpg\" \/>\n\t<meta property=\"og:image:width\" content=\"306\" \/>\n\t<meta property=\"og:image:height\" content=\"336\" \/>\n\t<meta property=\"og:image:type\" content=\"image\/jpeg\" \/>\n<meta name=\"author\" content=\"Laura Defendi\" \/>\n<meta name=\"twitter:card\" content=\"summary_large_image\" \/>\n<meta name=\"twitter:label1\" content=\"Scritto da\" \/>\n\t<meta name=\"twitter:data1\" content=\"Laura Defendi\" \/>\n\t<meta name=\"twitter:label2\" content=\"Tempo di lettura stimato\" \/>\n\t<meta name=\"twitter:data2\" content=\"6 minuti\" \/>\n<script type=\"application\/ld+json\" class=\"yoast-schema-graph\">{\"@context\":\"https:\/\/schema.org\",\"@graph\":[{\"@type\":\"Article\",\"@id\":\"https:\/\/www.museofratellicozzi.com\/news\/angelino-langelo-piccolino-amico-di-ogni-bambino-2\/#article\",\"isPartOf\":{\"@id\":\"https:\/\/www.museofratellicozzi.com\/news\/angelino-langelo-piccolino-amico-di-ogni-bambino-2\/\"},\"author\":{\"name\":\"Laura Defendi\",\"@id\":\"https:\/\/www.museofratellicozzi.com\/news\/#\/schema\/person\/9c1de5abfab71104e0bfe41cca1b7072\"},\"headline\":\"ANGELINO L\u2019Angelo piccolino amico di ogni bambino\",\"datePublished\":\"2017-12-17T06:49:19+00:00\",\"dateModified\":\"2021-04-07T07:51:49+00:00\",\"mainEntityOfPage\":{\"@id\":\"https:\/\/www.museofratellicozzi.com\/news\/angelino-langelo-piccolino-amico-di-ogni-bambino-2\/\"},\"wordCount\":1956,\"publisher\":{\"@id\":\"https:\/\/www.museofratellicozzi.com\/news\/#organization\"},\"image\":{\"@id\":\"https:\/\/www.museofratellicozzi.com\/news\/angelino-langelo-piccolino-amico-di-ogni-bambino-2\/#primaryimage\"},\"thumbnailUrl\":\"https:\/\/www.museofratellicozzi.com\/news\/wp-content\/uploads\/2017\/12\/angelino-1.jpg\",\"keywords\":[\"alfa romeo\",\"angelino\",\"Elvira ruocco\",\"Sylvia Oberti\"],\"articleSection\":[\"Elvira Racconta: storie d'archivio raccontate da Elvira Ruocco\"],\"inLanguage\":\"it-IT\"},{\"@type\":\"WebPage\",\"@id\":\"https:\/\/www.museofratellicozzi.com\/news\/angelino-langelo-piccolino-amico-di-ogni-bambino-2\/\",\"url\":\"https:\/\/www.museofratellicozzi.com\/news\/angelino-langelo-piccolino-amico-di-ogni-bambino-2\/\",\"name\":\"ANGELINO L\u2019Angelo piccolino amico di ogni bambino cap.3\",\"isPartOf\":{\"@id\":\"https:\/\/www.museofratellicozzi.com\/news\/#website\"},\"primaryImageOfPage\":{\"@id\":\"https:\/\/www.museofratellicozzi.com\/news\/angelino-langelo-piccolino-amico-di-ogni-bambino-2\/#primaryimage\"},\"image\":{\"@id\":\"https:\/\/www.museofratellicozzi.com\/news\/angelino-langelo-piccolino-amico-di-ogni-bambino-2\/#primaryimage\"},\"thumbnailUrl\":\"https:\/\/www.museofratellicozzi.com\/news\/wp-content\/uploads\/2017\/12\/angelino-1.jpg\",\"datePublished\":\"2017-12-17T06:49:19+00:00\",\"dateModified\":\"2021-04-07T07:51:49+00:00\",\"description\":\"Si avvicina il Natale e la nostra Elvira ha preparato uno splendido regalo dedicato a piccoli e grandi alfisti: la storia di Angelino 3\u00b0 capitolo.\",\"breadcrumb\":{\"@id\":\"https:\/\/www.museofratellicozzi.com\/news\/angelino-langelo-piccolino-amico-di-ogni-bambino-2\/#breadcrumb\"},\"inLanguage\":\"it-IT\",\"potentialAction\":[{\"@type\":\"ReadAction\",\"target\":[\"https:\/\/www.museofratellicozzi.com\/news\/angelino-langelo-piccolino-amico-di-ogni-bambino-2\/\"]}]},{\"@type\":\"ImageObject\",\"inLanguage\":\"it-IT\",\"@id\":\"https:\/\/www.museofratellicozzi.com\/news\/angelino-langelo-piccolino-amico-di-ogni-bambino-2\/#primaryimage\",\"url\":\"https:\/\/www.museofratellicozzi.com\/news\/wp-content\/uploads\/2017\/12\/angelino-1.jpg\",\"contentUrl\":\"https:\/\/www.museofratellicozzi.com\/news\/wp-content\/uploads\/2017\/12\/angelino-1.jpg\",\"width\":306,\"height\":336},{\"@type\":\"BreadcrumbList\",\"@id\":\"https:\/\/www.museofratellicozzi.com\/news\/angelino-langelo-piccolino-amico-di-ogni-bambino-2\/#breadcrumb\",\"itemListElement\":[{\"@type\":\"ListItem\",\"position\":1,\"name\":\"Home\",\"item\":\"https:\/\/www.museofratellicozzi.com\/news\/\"},{\"@type\":\"ListItem\",\"position\":2,\"name\":\"ANGELINO L\u2019Angelo piccolino amico di ogni bambino\"}]},{\"@type\":\"WebSite\",\"@id\":\"https:\/\/www.museofratellicozzi.com\/news\/#website\",\"url\":\"https:\/\/www.museofratellicozzi.com\/news\/\",\"name\":\"eNews Museo Fratelli Cozzi\",\"description\":\"Alfa Romeo: un mito che resiste al tempo\",\"publisher\":{\"@id\":\"https:\/\/www.museofratellicozzi.com\/news\/#organization\"},\"potentialAction\":[{\"@type\":\"SearchAction\",\"target\":{\"@type\":\"EntryPoint\",\"urlTemplate\":\"https:\/\/www.museofratellicozzi.com\/news\/?s={search_term_string}\"},\"query-input\":{\"@type\":\"PropertyValueSpecification\",\"valueRequired\":true,\"valueName\":\"search_term_string\"}}],\"inLanguage\":\"it-IT\"},{\"@type\":\"Organization\",\"@id\":\"https:\/\/www.museofratellicozzi.com\/news\/#organization\",\"name\":\"Museo Fratelli Cozzi\",\"url\":\"https:\/\/www.museofratellicozzi.com\/news\/\",\"logo\":{\"@type\":\"ImageObject\",\"inLanguage\":\"it-IT\",\"@id\":\"https:\/\/www.museofratellicozzi.com\/news\/#\/schema\/logo\/image\/\",\"url\":\"https:\/\/www.museofratellicozzi.com\/news\/wp-content\/uploads\/2017\/04\/home.png\",\"contentUrl\":\"https:\/\/www.museofratellicozzi.com\/news\/wp-content\/uploads\/2017\/04\/home.png\",\"width\":497,\"height\":512,\"caption\":\"Museo Fratelli Cozzi\"},\"image\":{\"@id\":\"https:\/\/www.museofratellicozzi.com\/news\/#\/schema\/logo\/image\/\"}},{\"@type\":\"Person\",\"@id\":\"https:\/\/www.museofratellicozzi.com\/news\/#\/schema\/person\/9c1de5abfab71104e0bfe41cca1b7072\",\"name\":\"Laura Defendi\",\"image\":{\"@type\":\"ImageObject\",\"inLanguage\":\"it-IT\",\"@id\":\"https:\/\/www.museofratellicozzi.com\/news\/#\/schema\/person\/image\/\",\"url\":\"https:\/\/secure.gravatar.com\/avatar\/fa196a116a28416a994aad4b629b4ae8?s=96&d=mm&r=g\",\"contentUrl\":\"https:\/\/secure.gravatar.com\/avatar\/fa196a116a28416a994aad4b629b4ae8?s=96&d=mm&r=g\",\"caption\":\"Laura Defendi\"}}]}<\/script>\n<!-- \/ Yoast SEO plugin. -->","yoast_head_json":{"title":"ANGELINO L\u2019Angelo piccolino amico di ogni bambino cap.3","description":"Si avvicina il Natale e la nostra Elvira ha preparato uno splendido regalo dedicato a piccoli e grandi alfisti: la storia di Angelino 3\u00b0 capitolo.","robots":{"index":"index","follow":"follow","max-snippet":"max-snippet:-1","max-image-preview":"max-image-preview:large","max-video-preview":"max-video-preview:-1"},"canonical":"https:\/\/www.museofratellicozzi.com\/news\/angelino-langelo-piccolino-amico-di-ogni-bambino-2\/","og_locale":"it_IT","og_type":"article","og_title":"ANGELINO L\u2019Angelo piccolino amico di ogni bambino cap.3","og_description":"Si avvicina il Natale e la nostra Elvira ha preparato uno splendido regalo dedicato a piccoli e grandi alfisti: la storia di Angelino 3\u00b0 capitolo.","og_url":"https:\/\/www.museofratellicozzi.com\/news\/angelino-langelo-piccolino-amico-di-ogni-bambino-2\/","og_site_name":"eNews Museo Fratelli Cozzi","article_published_time":"2017-12-17T06:49:19+00:00","article_modified_time":"2021-04-07T07:51:49+00:00","og_image":[{"width":306,"height":336,"url":"https:\/\/www.museofratellicozzi.com\/news\/wp-content\/uploads\/2017\/12\/angelino-1.jpg","type":"image\/jpeg"}],"author":"Laura Defendi","twitter_card":"summary_large_image","twitter_misc":{"Scritto da":"Laura Defendi","Tempo di lettura stimato":"6 minuti"},"schema":{"@context":"https:\/\/schema.org","@graph":[{"@type":"Article","@id":"https:\/\/www.museofratellicozzi.com\/news\/angelino-langelo-piccolino-amico-di-ogni-bambino-2\/#article","isPartOf":{"@id":"https:\/\/www.museofratellicozzi.com\/news\/angelino-langelo-piccolino-amico-di-ogni-bambino-2\/"},"author":{"name":"Laura Defendi","@id":"https:\/\/www.museofratellicozzi.com\/news\/#\/schema\/person\/9c1de5abfab71104e0bfe41cca1b7072"},"headline":"ANGELINO L\u2019Angelo piccolino amico di ogni bambino","datePublished":"2017-12-17T06:49:19+00:00","dateModified":"2021-04-07T07:51:49+00:00","mainEntityOfPage":{"@id":"https:\/\/www.museofratellicozzi.com\/news\/angelino-langelo-piccolino-amico-di-ogni-bambino-2\/"},"wordCount":1956,"publisher":{"@id":"https:\/\/www.museofratellicozzi.com\/news\/#organization"},"image":{"@id":"https:\/\/www.museofratellicozzi.com\/news\/angelino-langelo-piccolino-amico-di-ogni-bambino-2\/#primaryimage"},"thumbnailUrl":"https:\/\/www.museofratellicozzi.com\/news\/wp-content\/uploads\/2017\/12\/angelino-1.jpg","keywords":["alfa romeo","angelino","Elvira ruocco","Sylvia Oberti"],"articleSection":["Elvira Racconta: storie d'archivio raccontate da Elvira Ruocco"],"inLanguage":"it-IT"},{"@type":"WebPage","@id":"https:\/\/www.museofratellicozzi.com\/news\/angelino-langelo-piccolino-amico-di-ogni-bambino-2\/","url":"https:\/\/www.museofratellicozzi.com\/news\/angelino-langelo-piccolino-amico-di-ogni-bambino-2\/","name":"ANGELINO L\u2019Angelo piccolino amico di ogni bambino cap.3","isPartOf":{"@id":"https:\/\/www.museofratellicozzi.com\/news\/#website"},"primaryImageOfPage":{"@id":"https:\/\/www.museofratellicozzi.com\/news\/angelino-langelo-piccolino-amico-di-ogni-bambino-2\/#primaryimage"},"image":{"@id":"https:\/\/www.museofratellicozzi.com\/news\/angelino-langelo-piccolino-amico-di-ogni-bambino-2\/#primaryimage"},"thumbnailUrl":"https:\/\/www.museofratellicozzi.com\/news\/wp-content\/uploads\/2017\/12\/angelino-1.jpg","datePublished":"2017-12-17T06:49:19+00:00","dateModified":"2021-04-07T07:51:49+00:00","description":"Si avvicina il Natale e la nostra Elvira ha preparato uno splendido regalo dedicato a piccoli e grandi alfisti: la storia di Angelino 3\u00b0 capitolo.","breadcrumb":{"@id":"https:\/\/www.museofratellicozzi.com\/news\/angelino-langelo-piccolino-amico-di-ogni-bambino-2\/#breadcrumb"},"inLanguage":"it-IT","potentialAction":[{"@type":"ReadAction","target":["https:\/\/www.museofratellicozzi.com\/news\/angelino-langelo-piccolino-amico-di-ogni-bambino-2\/"]}]},{"@type":"ImageObject","inLanguage":"it-IT","@id":"https:\/\/www.museofratellicozzi.com\/news\/angelino-langelo-piccolino-amico-di-ogni-bambino-2\/#primaryimage","url":"https:\/\/www.museofratellicozzi.com\/news\/wp-content\/uploads\/2017\/12\/angelino-1.jpg","contentUrl":"https:\/\/www.museofratellicozzi.com\/news\/wp-content\/uploads\/2017\/12\/angelino-1.jpg","width":306,"height":336},{"@type":"BreadcrumbList","@id":"https:\/\/www.museofratellicozzi.com\/news\/angelino-langelo-piccolino-amico-di-ogni-bambino-2\/#breadcrumb","itemListElement":[{"@type":"ListItem","position":1,"name":"Home","item":"https:\/\/www.museofratellicozzi.com\/news\/"},{"@type":"ListItem","position":2,"name":"ANGELINO L\u2019Angelo piccolino amico di ogni bambino"}]},{"@type":"WebSite","@id":"https:\/\/www.museofratellicozzi.com\/news\/#website","url":"https:\/\/www.museofratellicozzi.com\/news\/","name":"eNews Museo Fratelli Cozzi","description":"Alfa Romeo: un mito che resiste al tempo","publisher":{"@id":"https:\/\/www.museofratellicozzi.com\/news\/#organization"},"potentialAction":[{"@type":"SearchAction","target":{"@type":"EntryPoint","urlTemplate":"https:\/\/www.museofratellicozzi.com\/news\/?s={search_term_string}"},"query-input":{"@type":"PropertyValueSpecification","valueRequired":true,"valueName":"search_term_string"}}],"inLanguage":"it-IT"},{"@type":"Organization","@id":"https:\/\/www.museofratellicozzi.com\/news\/#organization","name":"Museo Fratelli Cozzi","url":"https:\/\/www.museofratellicozzi.com\/news\/","logo":{"@type":"ImageObject","inLanguage":"it-IT","@id":"https:\/\/www.museofratellicozzi.com\/news\/#\/schema\/logo\/image\/","url":"https:\/\/www.museofratellicozzi.com\/news\/wp-content\/uploads\/2017\/04\/home.png","contentUrl":"https:\/\/www.museofratellicozzi.com\/news\/wp-content\/uploads\/2017\/04\/home.png","width":497,"height":512,"caption":"Museo Fratelli Cozzi"},"image":{"@id":"https:\/\/www.museofratellicozzi.com\/news\/#\/schema\/logo\/image\/"}},{"@type":"Person","@id":"https:\/\/www.museofratellicozzi.com\/news\/#\/schema\/person\/9c1de5abfab71104e0bfe41cca1b7072","name":"Laura Defendi","image":{"@type":"ImageObject","inLanguage":"it-IT","@id":"https:\/\/www.museofratellicozzi.com\/news\/#\/schema\/person\/image\/","url":"https:\/\/secure.gravatar.com\/avatar\/fa196a116a28416a994aad4b629b4ae8?s=96&d=mm&r=g","contentUrl":"https:\/\/secure.gravatar.com\/avatar\/fa196a116a28416a994aad4b629b4ae8?s=96&d=mm&r=g","caption":"Laura Defendi"}}]}},"jetpack_featured_media_url":"https:\/\/www.museofratellicozzi.com\/news\/wp-content\/uploads\/2017\/12\/angelino-1.jpg","jetpack_shortlink":"https:\/\/wp.me\/p90Eth-1q2","jetpack_sharing_enabled":true,"post_mailing_queue_ids":[],"_links":{"self":[{"href":"https:\/\/www.museofratellicozzi.com\/news\/wp-json\/wp\/v2\/posts\/5458","targetHints":{"allow":["GET"]}}],"collection":[{"href":"https:\/\/www.museofratellicozzi.com\/news\/wp-json\/wp\/v2\/posts"}],"about":[{"href":"https:\/\/www.museofratellicozzi.com\/news\/wp-json\/wp\/v2\/types\/post"}],"author":[{"embeddable":true,"href":"https:\/\/www.museofratellicozzi.com\/news\/wp-json\/wp\/v2\/users\/5"}],"replies":[{"embeddable":true,"href":"https:\/\/www.museofratellicozzi.com\/news\/wp-json\/wp\/v2\/comments?post=5458"}],"version-history":[{"count":6,"href":"https:\/\/www.museofratellicozzi.com\/news\/wp-json\/wp\/v2\/posts\/5458\/revisions"}],"predecessor-version":[{"id":12256,"href":"https:\/\/www.museofratellicozzi.com\/news\/wp-json\/wp\/v2\/posts\/5458\/revisions\/12256"}],"wp:featuredmedia":[{"embeddable":true,"href":"https:\/\/www.museofratellicozzi.com\/news\/wp-json\/wp\/v2\/media\/5442"}],"wp:attachment":[{"href":"https:\/\/www.museofratellicozzi.com\/news\/wp-json\/wp\/v2\/media?parent=5458"}],"wp:term":[{"taxonomy":"category","embeddable":true,"href":"https:\/\/www.museofratellicozzi.com\/news\/wp-json\/wp\/v2\/categories?post=5458"},{"taxonomy":"post_tag","embeddable":true,"href":"https:\/\/www.museofratellicozzi.com\/news\/wp-json\/wp\/v2\/tags?post=5458"}],"curies":[{"name":"wp","href":"https:\/\/api.w.org\/{rel}","templated":true}]}}