{"id":5472,"date":"2017-12-19T15:15:34","date_gmt":"2017-12-19T14:15:34","guid":{"rendered":"https:\/\/news.museofratellicozzi.com\/?p=5472"},"modified":"2024-01-17T16:16:03","modified_gmt":"2024-01-17T15:16:03","slug":"regione-lombardia-museo","status":"publish","type":"post","link":"https:\/\/www.museofratellicozzi.com\/news\/regione-lombardia-museo\/","title":{"rendered":"Regione Lombardia in visita al Museo"},"content":{"rendered":"<p>[et_pb_section bb_built=&#8221;1&#8243; admin_label=&#8221;Sezione&#8221; custom_padding=&#8221;0px|||&#8221; custom_width_percent=&#8221;80&#8243;][et_pb_row admin_label=&#8221;Riga&#8221; make_fullwidth=&#8221;on&#8221; custom_width_percent=&#8221;80&#8243; use_custom_gutter=&#8221;on&#8221; gutter_width=&#8221;1&#8243; custom_padding=&#8221;0px|||&#8221; parallax_method_1=&#8221;off&#8221; disabled_on=&#8221;off|off|off&#8221;][et_pb_column type=&#8221;4_4&#8243;][et_pb_image admin_label=&#8221;Immagine principale&#8221; src=&#8221;https:\/\/www.museofratellicozzi.com\/news\/wp-content\/uploads\/2017\/12\/ext.jpg&#8221; animation=&#8221;off&#8221; force_fullwidth=&#8221;on&#8221;]<\/p>\n<p>&nbsp;<\/p>\n<p>[\/et_pb_image][\/et_pb_column][\/et_pb_row][et_pb_row admin_label=&#8221;Riga&#8221; custom_width_percent=&#8221;80&#8243; custom_padding=&#8221;20px||0px|&#8221; parallax_method_1=&#8221;off&#8221;][et_pb_column type=&#8221;4_4&#8243;][et_pb_text admin_label=&#8221;Categoria&#8221; header_font_size=&#8221;30&#8243; header_letter_spacing=&#8221;0&#8243; header_line_height=&#8221;1&#8243; text_text_color=&#8221;#bcbcbc&#8221; text_letter_spacing=&#8221;2&#8243; text_line_height=&#8221;1.7&#8243; custom_margin=&#8221;||10px|&#8221; custom_margin_last_edited=&#8221;on|tablet&#8221;]<\/p>\n<p><strong>CULTURA<\/strong><\/p>\n<p>[\/et_pb_text][et_pb_text admin_label=&#8221;Titolo&#8221; header_font=&#8221;PT Sans||||&#8221; header_font_size=&#8221;48&#8243; header_font_size_tablet=&#8221;46&#8243; header_font_size_last_edited=&#8221;on|desktop&#8221; header_text_color=&#8221;#000000&#8243; header_letter_spacing=&#8221;0&#8243; header_line_height=&#8221;1.2&#8243; text_font=&#8221;PT Sans||||&#8221; text_font_size=&#8221;72&#8243; text_font_size_tablet=&#8221;60&#8243; text_font_size_last_edited=&#8221;on|desktop&#8221; text_text_color=&#8221;#000000&#8243; text_letter_spacing=&#8221;0&#8243; text_letter_spacing_last_edited=&#8221;on|desktop&#8221; text_line_height=&#8221;1.1&#8243; text_line_height_last_edited=&#8221;on|&#8221; custom_margin=&#8221;0px||0px|&#8221;]<\/p>\n<h2 class=\"main-c-subtitle\">La Commissione Attivit\u00e0 Produttive Regione Lombardia Visita il Museo<\/h2>\n<p>[\/et_pb_text][et_pb_text admin_label=&#8221;Data&#8221; header_font_size=&#8221;30&#8243; header_letter_spacing=&#8221;0&#8243; header_line_height=&#8221;1&#8243; text_font=&#8221;PT Sans|on|||&#8221; text_font_size=&#8221;18&#8243; text_text_color=&#8221;#363636&#8243; text_letter_spacing=&#8221;0&#8243; text_line_height=&#8221;1.7&#8243; custom_margin=&#8221;10px||0px|&#8221;]<\/p>\n<p>15 dicembre, 2017<\/p>\n<p>[\/et_pb_text][\/et_pb_column][\/et_pb_row][\/et_pb_section][et_pb_section bb_built=&#8221;1&#8243; admin_label=&#8221;Section&#8221; background_color=&#8221;#f7f7f4&#8243; custom_width_percent=&#8221;80&#8243;][et_pb_row admin_label=&#8221;row&#8221; custom_width_percent=&#8221;80&#8243; custom_padding=&#8221;0px|||&#8221; padding_mobile=&#8221;on&#8221; column_padding_mobile=&#8221;on&#8221; parallax_method_1=&#8221;off&#8221; parallax_method_2=&#8221;off&#8221;][et_pb_column type=&#8221;1_3&#8243;][\/et_pb_column][et_pb_column type=&#8221;2_3&#8243;][et_pb_text admin_label=&#8221;Occhiello&#8221; max_width=&#8221;620px&#8221; header_font_size=&#8221;30&#8243; header_letter_spacing=&#8221;0&#8243; header_line_height=&#8221;1&#8243; text_font=&#8221;PT Sans|on|||&#8221; text_font_size=&#8221;24&#8243; text_font_size_last_edited=&#8221;on|desktop&#8221; text_text_color=&#8221;#363636&#8243; text_letter_spacing=&#8221;0&#8243; text_line_height=&#8221;1.4&#8243; custom_margin=&#8221;10px||0px|&#8221;]<\/p>\n<p>La Commissione Regionale Attivit\u00e0 Produttive della Regione Lombardia ha visitato il Museo Fratelli Cozzi, grazie all&#8217;invito della consigliera Carolina Toia, sempre attenta alle proposte culturali e sociali che la Citt\u00e0 di Legnano offre alla collettivit\u00e0.<\/p>\n<p>[\/et_pb_text][et_pb_text admin_label=&#8221;Blocco testo 1&#8243; max_width=&#8221;620px&#8221; header_font_size=&#8221;30&#8243; header_letter_spacing=&#8221;0&#8243; header_line_height=&#8221;1&#8243; text_font=&#8221;PT Sans||||&#8221; text_font_size=&#8221;20&#8243; text_font_size_last_edited=&#8221;on|tablet&#8221; text_text_color=&#8221;#363636&#8243; text_letter_spacing=&#8221;0&#8243; text_line_height=&#8221;1.5&#8243; custom_margin=&#8221;30px||0px|&#8221;]<\/p>\n<p>La Commissione,\u00a0guidata dal presidente Pietro Foroni, ha visitato il museo gioved\u00ec 14 dicembre, accolti da Elisabetta Cozzi e guidati da uno straordinario Pietro Cozzi, che ha raccontato oltre sessant&#8217;anni di storia commerciale, industriale, sociale italiana attraverso le icone Alfa Romeo: &#8220;<em>Un vanto nazionale che \u00e8 anche un vanto del nostro territorio nord-ovest e alto milanese\u201d.<\/em><\/p>\n<p>[\/et_pb_text][\/et_pb_column][\/et_pb_row][et_pb_row admin_label=&#8221;Row&#8221; custom_width_percent=&#8221;80&#8243; custom_padding=&#8221;50px|||&#8221; custom_padding_tablet=&#8221;17px|||&#8221; column_padding_mobile=&#8221;on&#8221; parallax_method_1=&#8221;off&#8221; parallax_method_2=&#8221;off&#8221; disabled_on=&#8221;off||&#8221; custom_padding_last_edited=&#8221;on|tablet&#8221;][et_pb_column type=&#8221;1_2&#8243;][et_pb_image admin_label=&#8221;Immagine&#8221; src=&#8221;https:\/\/www.museofratellicozzi.com\/news\/wp-content\/uploads\/2017\/12\/ext-1.jpg&#8221; animation=&#8221;fade_in&#8221; sticky=&#8221;on&#8221;]<\/p>\n<p>&nbsp;<\/p>\n<p>[\/et_pb_image][\/et_pb_column][et_pb_column type=&#8221;1_2&#8243;][et_pb_image admin_label=&#8221;Immagine&#8221; src=&#8221;https:\/\/www.museofratellicozzi.com\/news\/wp-content\/uploads\/2017\/12\/25440116_1298568373623279_4278208483865131727_o.jpg&#8221; animation=&#8221;fade_in&#8221; sticky=&#8221;on&#8221; show_in_lightbox=&#8221;off&#8221; url_new_window=&#8221;off&#8221; use_overlay=&#8221;off&#8221; align=&#8221;left&#8221; force_fullwidth=&#8221;off&#8221; always_center_on_mobile=&#8221;on&#8221; use_border_color=&#8221;off&#8221; border_color=&#8221;#ffffff&#8221; border_width=&#8221;1&#8243; border_style=&#8221;solid&#8221;]<\/p>\n<p>&nbsp;<\/p>\n<p>[\/et_pb_image][\/et_pb_column][\/et_pb_row][et_pb_row admin_label=&#8221;row&#8221; custom_padding=&#8221;0px|||&#8221; padding_mobile=&#8221;on&#8221; column_padding_mobile=&#8221;on&#8221; parallax_method_1=&#8221;off&#8221; parallax_method_2=&#8221;off&#8221;][et_pb_column type=&#8221;1_3&#8243;][\/et_pb_column][et_pb_column type=&#8221;2_3&#8243;][et_pb_text admin_label=&#8221;Blocco testo 2&#8243; max_width=&#8221;620px&#8221; header_font_size=&#8221;30&#8243; header_letter_spacing=&#8221;0&#8243; header_line_height=&#8221;1&#8243; text_font=&#8221;PT Sans||||&#8221; text_font_size=&#8221;20&#8243; text_font_size_last_edited=&#8221;on|tablet&#8221; text_text_color=&#8221;#363636&#8243; text_letter_spacing=&#8221;0&#8243; text_line_height=&#8221;1.5&#8243; custom_margin=&#8221;30px||0px|&#8221;]<\/p>\n<p>Il Museo ha a cuore tre grandi temi: la passione, gli eventi e la cultura. Proprio quest&#8217;ultima ha visto l&#8217;attivarsi di molte collaborazioni con gli istituti superiori del territorio e con le universit\u00e0. Collaborazione sempre pi\u00f9 attiva anche con le istituzioni sia a livello locale, sia a livello nazionale grazie all&#8217;adesione all&#8217;associazione Museimpresa che, da pochi giorni, <a href=\"https:\/\/www.museofratellicozzi.com\/news\/museimpresa-mibact-accordo\/\">ha firmato un accordo con il <strong>MiBACT<\/strong><\/a>.<\/p>\n<p>Fondamentale quindi il dialogo con <strong>Regione Lombardia<\/strong> che ci auguriamo sia rimasta piacevolmente colpita dalla passione che si respira in Viale Toselli. Hanno partecipato alla mattinata\u00a0Donatella Martinazzoli (Lega Nord), Carlo Borghetti e Fabio Pizzul (PD), Carolina Toia e Marco Tizzoni (Lista Maroni) ai quali si sono aggregati anche il sindaco di Legnano, Gianbattista Fratus, e l&#8217;assessore all&#8217;Urbanistica, Gianluca Alpoggio.<\/p>\n<p>Messaggero e punto di unione tra Legnano e Regione Lombardia la consigliera Carolina Toia che ha dichiarato:\u00a0&#8220;<em>Il Museo Fratelli Cozzi<\/em>\u00a0\u00a0<em>\u00e8 considerato un pezzo di storia e un fiore all\u2019occhiello per la nostra citt\u00e0 e per la nostra Regione. Tutto ebbe inizio nel 1955, quando nacque a Legnano la Fratelli Cozzi, storica concessionaria Alfa Romeo. Intuito e passione di Pietro Cozzi spingono i titolari a collezionare un esemplare per ogni Alfa Romeo costruita dal 1950, scegliendo fra i modelli pi\u00f9 performanti e di carattere. Quella che \u00e8 nata come una collezione privata si \u00e8 poi trasformata in un museo aperto al pubblico, per rendere partecipi tutti i cittadini appassionati di auto\u201d<\/em>.<\/p>\n<p><a href=\"http:\/\/www.sempionenews.it\/territorio\/commissione-regionale-visita-museo-fratelli-cozzi\/\" target=\"_blank\" rel=\"noopener\">Fonte SempioneNews\u00a0<\/a><\/p>\n<p>[\/et_pb_text][\/et_pb_column][\/et_pb_row][et_pb_row admin_label=&#8221;Row&#8221; custom_width_percent=&#8221;80&#8243; custom_padding=&#8221;50px|||&#8221; custom_padding_tablet=&#8221;17px|||&#8221; column_padding_mobile=&#8221;on&#8221; parallax_method_1=&#8221;off&#8221; parallax_method_2=&#8221;off&#8221; disabled_on=&#8221;off||&#8221; custom_padding_last_edited=&#8221;on|tablet&#8221;][et_pb_column type=&#8221;1_2&#8243;][et_pb_image admin_label=&#8221;Immagine&#8221; src=&#8221;https:\/\/www.museofratellicozzi.com\/news\/wp-content\/uploads\/2017\/12\/25311244_1299045526908897_3609473738862765178_o.jpg&#8221; animation=&#8221;fade_in&#8221; sticky=&#8221;on&#8221;]<\/p>\n<p>&nbsp;<\/p>\n<p>[\/et_pb_image][et_pb_text admin_label=&#8221;Testo&#8221; background_layout=&#8221;light&#8221; text_orientation=&#8221;left&#8221; header_font_size=&#8221;30&#8243; header_font_size_tablet=&#8221;30&#8243; header_font_size_phone=&#8221;30&#8243; header_letter_spacing=&#8221;0&#8243; header_letter_spacing_tablet=&#8221;0&#8243; header_letter_spacing_phone=&#8221;0&#8243; header_line_height=&#8221;1&#8243; header_line_height_tablet=&#8221;1&#8243; header_line_height_phone=&#8221;1&#8243; text_letter_spacing=&#8221;0&#8243; text_letter_spacing_tablet=&#8221;0&#8243; text_letter_spacing_phone=&#8221;0&#8243; text_line_height=&#8221;1.7&#8243; text_line_height_tablet=&#8221;1.7&#8243; text_line_height_phone=&#8221;1.7&#8243; use_border_color=&#8221;off&#8221; border_color=&#8221;#ffffff&#8221; border_width=&#8221;1&#8243; border_style=&#8221;solid&#8221;]<\/p>\n<p>Gli articoli sono di<\/p>\n<p>Paolo Girotti per Il Giorno<\/p>\n<p>ed Elena Montagnoli per Settegiorni<\/p>\n<p>[\/et_pb_text][\/et_pb_column][et_pb_column type=&#8221;1_2&#8243;][et_pb_image admin_label=&#8221;Immagine&#8221; src=&#8221;https:\/\/www.museofratellicozzi.com\/news\/wp-content\/uploads\/2017\/12\/25358473_1299267333553383_1689118334290681509_o.jpg&#8221; animation=&#8221;fade_in&#8221; sticky=&#8221;on&#8221;]<\/p>\n<p>&nbsp;<\/p>\n<p>[\/et_pb_image][\/et_pb_column][\/et_pb_row][et_pb_row admin_label=&#8221;row&#8221; custom_padding=&#8221;0px|||&#8221; padding_mobile=&#8221;on&#8221; column_padding_mobile=&#8221;on&#8221; parallax_method_1=&#8221;off&#8221; parallax_method_2=&#8221;off&#8221;][et_pb_column type=&#8221;1_3&#8243;][\/et_pb_column][et_pb_column type=&#8221;2_3&#8243;][et_pb_text admin_label=&#8221;Blocco testo 2&#8243; max_width=&#8221;620px&#8221; header_font_size=&#8221;30&#8243; header_letter_spacing=&#8221;0&#8243; header_line_height=&#8221;1&#8243; text_font=&#8221;PT Sans||||&#8221; text_font_size=&#8221;20&#8243; text_font_size_last_edited=&#8221;on|tablet&#8221; text_text_color=&#8221;#363636&#8243; text_letter_spacing=&#8221;0&#8243; text_line_height=&#8221;1.5&#8243; custom_margin=&#8221;30px||0px|&#8221; background_layout=&#8221;light&#8221; text_orientation=&#8221;left&#8221; use_border_color=&#8221;off&#8221; border_color=&#8221;#ffffff&#8221; border_width=&#8221;1&#8243; border_style=&#8221;solid&#8221;]<\/p>\n<p>Ringraziamo il Consigliere Regionale Carlo Borghetti per queste bellissime parole:<\/p>\n<p>\u201cALFA ROMEO, UN CUORE CHE BATTE ANCHE A LEGNANO. E IL RITORNO ALLA F1 SIA AUSPICIO DI UN NUOVO SVILUPPO INDUSTRIALE\u201d.<\/p>\n<p>Un\u2019emozione. A Legnano con i colleghi consiglieri regionali ho partecipato alla visita del Museo Fratelli Cozzi, che espone una collezione fantastica di auto Alfa Romeo che abbraccia un po\u2019 tutta la storia della celebre casa. Un vanto nazionale che \u00e8 anche un vanto del nostro territorio nord-ovest e alto milanese.<\/p>\n<p>Chi nella sua vita non ha avuto a che fare con Alfa Romeo? Io ho imparato a guidare su una Giulietta, e non si contano le famiglie che dalle nostre parti hanno avuto nel passato un qualche proprio parente che ha lavorato negli stabilimenti di Arese. Questa collezione ha il merito di farti non solo vedere le macchine, ma di fartele toccare e di fartele sentire ancora vive, nient\u2019affatto pezzi da museo. Un plauso a Pietro Cozzi che cura da sempre con una passione paterna questo piccolo tempio Alfa Romeo.<\/p>\n<p>La speranza ora \u00e8 che, anche attraverso il ritorno alla Formula Uno, questo glorioso marchio possa tornare a spingere l\u2019industria automobilistica italiana, portando sviluppo industriale e posti di lavoro: e questo deve essere l\u2019impegno per tutti noi impegnati in politica, ciascuno al suo livello, e per quanto mi riguarda, in Regione Lombardia.<\/p>\n<p>Carlo Borghetti<br \/>\nConsigliere regionale<br \/>\nGruppo PD della Lombardia<\/p>\n<p>&nbsp;<\/p>\n<p>&nbsp;<\/p>\n<p><a href=\"http:\/\/www.legnanonews.com\/news\/cronaca\/911264\/amministratori_di_regione_lombardia_al_museo_f_ll_cozzi\" target=\"_blank\" rel=\"noopener\">Leggi anche l&#8217;articolo di LegnanoNews\u00a0<\/a><\/p>\n<p>[\/et_pb_text][\/et_pb_column][\/et_pb_row][et_pb_row admin_label=&#8221;Row&#8221; custom_width_percent=&#8221;80&#8243; custom_padding=&#8221;50px|||&#8221; padding_mobile=&#8221;on&#8221; column_padding_mobile=&#8221;on&#8221; parallax_method_1=&#8221;off&#8221; disabled_on=&#8221;off|off|off&#8221;][et_pb_column type=&#8221;4_4&#8243;][et_pb_divider admin_label=&#8221;Linea citazione&#8221; color=&#8221;#aeaeac&#8221; show_divider=&#8221;on&#8221; divider_style=&#8221;solid&#8221; divider_position=&#8221;top&#8221; hide_on_mobile=&#8221;off&#8221;]<\/p>\n<p>&nbsp;<\/p>\n<p>[\/et_pb_divider][et_pb_text admin_label=&#8221;Citazione&#8221; text_orientation=&#8221;center&#8221; max_width=&#8221;900px&#8221; header_font_size=&#8221;30&#8243; header_letter_spacing=&#8221;0&#8243; header_line_height=&#8221;1&#8243; text_font=&#8221;PT Serif||||&#8221; text_font_size=&#8221;48&#8243; text_font_size_tablet=&#8221;38&#8243; text_font_size_last_edited=&#8221;on|tablet&#8221; text_text_color=&#8221;#363636&#8243; text_letter_spacing=&#8221;0&#8243; text_line_height=&#8221;1.3&#8243; custom_margin=&#8221;16px||30px|&#8221; background_layout=&#8221;light&#8221; use_border_color=&#8221;off&#8221; border_color=&#8221;#ffffff&#8221; border_width=&#8221;1&#8243; border_style=&#8221;solid&#8221;]<\/p>\n<p>&#8220;La speranza ora \u00e8 che questo glorioso marchio possa tornare a spingere l\u2019industria automobilistica italiana, portando sviluppo industriale e posti di lavoro&#8221;<\/p>\n<p>[\/et_pb_text][et_pb_divider admin_label=&#8221;Linea citazione&#8221; color=&#8221;#aeaeac&#8221; show_divider=&#8221;on&#8221; divider_style=&#8221;solid&#8221; divider_position=&#8221;top&#8221; hide_on_mobile=&#8221;off&#8221;]<\/p>\n<p>&nbsp;<\/p>\n<p>[\/et_pb_divider][\/et_pb_column][\/et_pb_row][\/et_pb_section]<\/p>\n","protected":false},"excerpt":{"rendered":"<p>[et_pb_section bb_built=&#8221;1&#8243; admin_label=&#8221;Sezione&#8221; custom_padding=&#8221;0px|||&#8221; custom_width_percent=&#8221;80&#8243;][et_pb_row admin_label=&#8221;Riga&#8221; make_fullwidth=&#8221;on&#8221; custom_width_percent=&#8221;80&#8243; use_custom_gutter=&#8221;on&#8221; gutter_width=&#8221;1&#8243; custom_padding=&#8221;0px|||&#8221; parallax_method_1=&#8221;off&#8221; disabled_on=&#8221;off|off|off&#8221;][et_pb_column type=&#8221;4_4&#8243;][et_pb_image admin_label=&#8221;Immagine principale&#8221; src=&#8221;https:\/\/www.museofratellicozzi.com\/news\/wp-content\/uploads\/2017\/12\/ext.jpg&#8221; animation=&#8221;off&#8221; force_fullwidth=&#8221;on&#8221;] &nbsp; [\/et_pb_image][\/et_pb_column][\/et_pb_row][et_pb_row admin_label=&#8221;Riga&#8221; custom_width_percent=&#8221;80&#8243; custom_padding=&#8221;20px||0px|&#8221; parallax_method_1=&#8221;off&#8221;][et_pb_column type=&#8221;4_4&#8243;][et_pb_text admin_label=&#8221;Categoria&#8221; header_font_size=&#8221;30&#8243; header_letter_spacing=&#8221;0&#8243; header_line_height=&#8221;1&#8243; text_text_color=&#8221;#bcbcbc&#8221; text_letter_spacing=&#8221;2&#8243; text_line_height=&#8221;1.7&#8243; custom_margin=&#8221;||10px|&#8221; custom_margin_last_edited=&#8221;on|tablet&#8221;] CULTURA [\/et_pb_text][et_pb_text admin_label=&#8221;Titolo&#8221; header_font=&#8221;PT Sans||||&#8221; header_font_size=&#8221;48&#8243; header_font_size_tablet=&#8221;46&#8243; header_font_size_last_edited=&#8221;on|desktop&#8221; header_text_color=&#8221;#000000&#8243; header_letter_spacing=&#8221;0&#8243; header_line_height=&#8221;1.2&#8243; text_font=&#8221;PT Sans||||&#8221; text_font_size=&#8221;72&#8243; text_font_size_tablet=&#8221;60&#8243; text_font_size_last_edited=&#8221;on|desktop&#8221; text_text_color=&#8221;#000000&#8243; text_letter_spacing=&#8221;0&#8243; text_letter_spacing_last_edited=&#8221;on|desktop&#8221; text_line_height=&#8221;1.1&#8243; [&hellip;]<\/p>\n","protected":false},"author":5,"featured_media":5477,"comment_status":"open","ping_status":"open","sticky":false,"template":"","format":"standard","meta":{"_et_pb_use_builder":"on","_et_pb_old_content":"","_et_gb_content_width":"","_jetpack_memberships_contains_paid_content":false,"footnotes":""},"categories":[114,805],"tags":[253,252],"class_list":["post-5472","post","type-post","status-publish","format-standard","has-post-thumbnail","hentry","category-istituzioni","category-succede-al-museo","tag-carolina-toia","tag-regione-lombardia","et-has-post-format-content","et_post_format-et-post-format-standard"],"yoast_head":"<!-- This site is optimized with the Yoast SEO plugin v26.8 - https:\/\/yoast.com\/product\/yoast-seo-wordpress\/ -->\n<title>Regione Lombardia in visita al Museo - eNews Museo Fratelli Cozzi<\/title>\n<meta name=\"description\" content=\"La commissione regionale Attivit\u00e0 Produttive della Regione Lombardia in visita al Museo Fratelli Cozzi, guidati dalla consigliera legnanese Carolina Toia\" \/>\n<meta name=\"robots\" content=\"index, follow, max-snippet:-1, max-image-preview:large, max-video-preview:-1\" \/>\n<link rel=\"canonical\" href=\"https:\/\/www.museofratellicozzi.com\/news\/regione-lombardia-museo\/\" \/>\n<meta property=\"og:locale\" content=\"it_IT\" \/>\n<meta property=\"og:type\" content=\"article\" \/>\n<meta property=\"og:title\" content=\"Regione Lombardia in visita al Museo - eNews Museo Fratelli Cozzi\" \/>\n<meta property=\"og:description\" content=\"La commissione regionale Attivit\u00e0 Produttive della Regione Lombardia in visita al Museo Fratelli Cozzi, guidati dalla consigliera legnanese Carolina Toia\" \/>\n<meta property=\"og:url\" content=\"https:\/\/www.museofratellicozzi.com\/news\/regione-lombardia-museo\/\" \/>\n<meta property=\"og:site_name\" content=\"eNews Museo Fratelli Cozzi\" \/>\n<meta property=\"article:published_time\" content=\"2017-12-19T14:15:34+00:00\" \/>\n<meta property=\"article:modified_time\" content=\"2024-01-17T15:16:03+00:00\" \/>\n<meta property=\"og:image\" content=\"https:\/\/www.museofratellicozzi.com\/news\/wp-content\/uploads\/2017\/12\/ext.jpg\" \/>\n\t<meta property=\"og:image:width\" content=\"1125\" \/>\n\t<meta property=\"og:image:height\" content=\"795\" \/>\n\t<meta property=\"og:image:type\" content=\"image\/jpeg\" \/>\n<meta name=\"author\" content=\"Laura Defendi\" \/>\n<meta name=\"twitter:card\" content=\"summary_large_image\" \/>\n<meta name=\"twitter:label1\" content=\"Scritto da\" \/>\n\t<meta name=\"twitter:data1\" content=\"Laura Defendi\" \/>\n\t<meta name=\"twitter:label2\" content=\"Tempo di lettura stimato\" \/>\n\t<meta name=\"twitter:data2\" content=\"9 minuti\" \/>\n<script type=\"application\/ld+json\" class=\"yoast-schema-graph\">{\"@context\":\"https:\/\/schema.org\",\"@graph\":[{\"@type\":\"Article\",\"@id\":\"https:\/\/www.museofratellicozzi.com\/news\/regione-lombardia-museo\/#article\",\"isPartOf\":{\"@id\":\"https:\/\/www.museofratellicozzi.com\/news\/regione-lombardia-museo\/\"},\"author\":{\"name\":\"Laura Defendi\",\"@id\":\"https:\/\/www.museofratellicozzi.com\/news\/#\/schema\/person\/9c1de5abfab71104e0bfe41cca1b7072\"},\"headline\":\"Regione Lombardia in visita al Museo\",\"datePublished\":\"2017-12-19T14:15:34+00:00\",\"dateModified\":\"2024-01-17T15:16:03+00:00\",\"mainEntityOfPage\":{\"@id\":\"https:\/\/www.museofratellicozzi.com\/news\/regione-lombardia-museo\/\"},\"wordCount\":1711,\"commentCount\":0,\"publisher\":{\"@id\":\"https:\/\/www.museofratellicozzi.com\/news\/#organization\"},\"image\":{\"@id\":\"https:\/\/www.museofratellicozzi.com\/news\/regione-lombardia-museo\/#primaryimage\"},\"thumbnailUrl\":\"https:\/\/www.museofratellicozzi.com\/news\/wp-content\/uploads\/2017\/12\/ext.jpg\",\"keywords\":[\"Carolina Toia\",\"Regione Lombardia\"],\"articleSection\":[\"Istituzioni\",\"Succede al museo\"],\"inLanguage\":\"it-IT\",\"potentialAction\":[{\"@type\":\"CommentAction\",\"name\":\"Comment\",\"target\":[\"https:\/\/www.museofratellicozzi.com\/news\/regione-lombardia-museo\/#respond\"]}]},{\"@type\":\"WebPage\",\"@id\":\"https:\/\/www.museofratellicozzi.com\/news\/regione-lombardia-museo\/\",\"url\":\"https:\/\/www.museofratellicozzi.com\/news\/regione-lombardia-museo\/\",\"name\":\"Regione Lombardia in visita al Museo - eNews Museo Fratelli Cozzi\",\"isPartOf\":{\"@id\":\"https:\/\/www.museofratellicozzi.com\/news\/#website\"},\"primaryImageOfPage\":{\"@id\":\"https:\/\/www.museofratellicozzi.com\/news\/regione-lombardia-museo\/#primaryimage\"},\"image\":{\"@id\":\"https:\/\/www.museofratellicozzi.com\/news\/regione-lombardia-museo\/#primaryimage\"},\"thumbnailUrl\":\"https:\/\/www.museofratellicozzi.com\/news\/wp-content\/uploads\/2017\/12\/ext.jpg\",\"datePublished\":\"2017-12-19T14:15:34+00:00\",\"dateModified\":\"2024-01-17T15:16:03+00:00\",\"description\":\"La commissione regionale Attivit\u00e0 Produttive della Regione Lombardia in visita al Museo Fratelli Cozzi, guidati dalla consigliera legnanese Carolina Toia\",\"breadcrumb\":{\"@id\":\"https:\/\/www.museofratellicozzi.com\/news\/regione-lombardia-museo\/#breadcrumb\"},\"inLanguage\":\"it-IT\",\"potentialAction\":[{\"@type\":\"ReadAction\",\"target\":[\"https:\/\/www.museofratellicozzi.com\/news\/regione-lombardia-museo\/\"]}]},{\"@type\":\"ImageObject\",\"inLanguage\":\"it-IT\",\"@id\":\"https:\/\/www.museofratellicozzi.com\/news\/regione-lombardia-museo\/#primaryimage\",\"url\":\"https:\/\/www.museofratellicozzi.com\/news\/wp-content\/uploads\/2017\/12\/ext.jpg\",\"contentUrl\":\"https:\/\/www.museofratellicozzi.com\/news\/wp-content\/uploads\/2017\/12\/ext.jpg\",\"width\":1125,\"height\":795},{\"@type\":\"BreadcrumbList\",\"@id\":\"https:\/\/www.museofratellicozzi.com\/news\/regione-lombardia-museo\/#breadcrumb\",\"itemListElement\":[{\"@type\":\"ListItem\",\"position\":1,\"name\":\"Home\",\"item\":\"https:\/\/www.museofratellicozzi.com\/news\/\"},{\"@type\":\"ListItem\",\"position\":2,\"name\":\"Regione Lombardia in visita al Museo\"}]},{\"@type\":\"WebSite\",\"@id\":\"https:\/\/www.museofratellicozzi.com\/news\/#website\",\"url\":\"https:\/\/www.museofratellicozzi.com\/news\/\",\"name\":\"eNews Museo Fratelli Cozzi\",\"description\":\"Alfa Romeo: un mito che resiste al tempo\",\"publisher\":{\"@id\":\"https:\/\/www.museofratellicozzi.com\/news\/#organization\"},\"potentialAction\":[{\"@type\":\"SearchAction\",\"target\":{\"@type\":\"EntryPoint\",\"urlTemplate\":\"https:\/\/www.museofratellicozzi.com\/news\/?s={search_term_string}\"},\"query-input\":{\"@type\":\"PropertyValueSpecification\",\"valueRequired\":true,\"valueName\":\"search_term_string\"}}],\"inLanguage\":\"it-IT\"},{\"@type\":\"Organization\",\"@id\":\"https:\/\/www.museofratellicozzi.com\/news\/#organization\",\"name\":\"Museo Fratelli Cozzi\",\"url\":\"https:\/\/www.museofratellicozzi.com\/news\/\",\"logo\":{\"@type\":\"ImageObject\",\"inLanguage\":\"it-IT\",\"@id\":\"https:\/\/www.museofratellicozzi.com\/news\/#\/schema\/logo\/image\/\",\"url\":\"https:\/\/www.museofratellicozzi.com\/news\/wp-content\/uploads\/2017\/04\/home.png\",\"contentUrl\":\"https:\/\/www.museofratellicozzi.com\/news\/wp-content\/uploads\/2017\/04\/home.png\",\"width\":497,\"height\":512,\"caption\":\"Museo Fratelli Cozzi\"},\"image\":{\"@id\":\"https:\/\/www.museofratellicozzi.com\/news\/#\/schema\/logo\/image\/\"}},{\"@type\":\"Person\",\"@id\":\"https:\/\/www.museofratellicozzi.com\/news\/#\/schema\/person\/9c1de5abfab71104e0bfe41cca1b7072\",\"name\":\"Laura Defendi\",\"image\":{\"@type\":\"ImageObject\",\"inLanguage\":\"it-IT\",\"@id\":\"https:\/\/www.museofratellicozzi.com\/news\/#\/schema\/person\/image\/\",\"url\":\"https:\/\/secure.gravatar.com\/avatar\/fa196a116a28416a994aad4b629b4ae8?s=96&d=mm&r=g\",\"contentUrl\":\"https:\/\/secure.gravatar.com\/avatar\/fa196a116a28416a994aad4b629b4ae8?s=96&d=mm&r=g\",\"caption\":\"Laura Defendi\"}}]}<\/script>\n<!-- \/ Yoast SEO plugin. -->","yoast_head_json":{"title":"Regione Lombardia in visita al Museo - eNews Museo Fratelli Cozzi","description":"La commissione regionale Attivit\u00e0 Produttive della Regione Lombardia in visita al Museo Fratelli Cozzi, guidati dalla consigliera legnanese Carolina Toia","robots":{"index":"index","follow":"follow","max-snippet":"max-snippet:-1","max-image-preview":"max-image-preview:large","max-video-preview":"max-video-preview:-1"},"canonical":"https:\/\/www.museofratellicozzi.com\/news\/regione-lombardia-museo\/","og_locale":"it_IT","og_type":"article","og_title":"Regione Lombardia in visita al Museo - eNews Museo Fratelli Cozzi","og_description":"La commissione regionale Attivit\u00e0 Produttive della Regione Lombardia in visita al Museo Fratelli Cozzi, guidati dalla consigliera legnanese Carolina Toia","og_url":"https:\/\/www.museofratellicozzi.com\/news\/regione-lombardia-museo\/","og_site_name":"eNews Museo Fratelli Cozzi","article_published_time":"2017-12-19T14:15:34+00:00","article_modified_time":"2024-01-17T15:16:03+00:00","og_image":[{"width":1125,"height":795,"url":"https:\/\/www.museofratellicozzi.com\/news\/wp-content\/uploads\/2017\/12\/ext.jpg","type":"image\/jpeg"}],"author":"Laura Defendi","twitter_card":"summary_large_image","twitter_misc":{"Scritto da":"Laura Defendi","Tempo di lettura stimato":"9 minuti"},"schema":{"@context":"https:\/\/schema.org","@graph":[{"@type":"Article","@id":"https:\/\/www.museofratellicozzi.com\/news\/regione-lombardia-museo\/#article","isPartOf":{"@id":"https:\/\/www.museofratellicozzi.com\/news\/regione-lombardia-museo\/"},"author":{"name":"Laura Defendi","@id":"https:\/\/www.museofratellicozzi.com\/news\/#\/schema\/person\/9c1de5abfab71104e0bfe41cca1b7072"},"headline":"Regione Lombardia in visita al Museo","datePublished":"2017-12-19T14:15:34+00:00","dateModified":"2024-01-17T15:16:03+00:00","mainEntityOfPage":{"@id":"https:\/\/www.museofratellicozzi.com\/news\/regione-lombardia-museo\/"},"wordCount":1711,"commentCount":0,"publisher":{"@id":"https:\/\/www.museofratellicozzi.com\/news\/#organization"},"image":{"@id":"https:\/\/www.museofratellicozzi.com\/news\/regione-lombardia-museo\/#primaryimage"},"thumbnailUrl":"https:\/\/www.museofratellicozzi.com\/news\/wp-content\/uploads\/2017\/12\/ext.jpg","keywords":["Carolina Toia","Regione Lombardia"],"articleSection":["Istituzioni","Succede al museo"],"inLanguage":"it-IT","potentialAction":[{"@type":"CommentAction","name":"Comment","target":["https:\/\/www.museofratellicozzi.com\/news\/regione-lombardia-museo\/#respond"]}]},{"@type":"WebPage","@id":"https:\/\/www.museofratellicozzi.com\/news\/regione-lombardia-museo\/","url":"https:\/\/www.museofratellicozzi.com\/news\/regione-lombardia-museo\/","name":"Regione Lombardia in visita al Museo - eNews Museo Fratelli Cozzi","isPartOf":{"@id":"https:\/\/www.museofratellicozzi.com\/news\/#website"},"primaryImageOfPage":{"@id":"https:\/\/www.museofratellicozzi.com\/news\/regione-lombardia-museo\/#primaryimage"},"image":{"@id":"https:\/\/www.museofratellicozzi.com\/news\/regione-lombardia-museo\/#primaryimage"},"thumbnailUrl":"https:\/\/www.museofratellicozzi.com\/news\/wp-content\/uploads\/2017\/12\/ext.jpg","datePublished":"2017-12-19T14:15:34+00:00","dateModified":"2024-01-17T15:16:03+00:00","description":"La commissione regionale Attivit\u00e0 Produttive della Regione Lombardia in visita al Museo Fratelli Cozzi, guidati dalla consigliera legnanese Carolina Toia","breadcrumb":{"@id":"https:\/\/www.museofratellicozzi.com\/news\/regione-lombardia-museo\/#breadcrumb"},"inLanguage":"it-IT","potentialAction":[{"@type":"ReadAction","target":["https:\/\/www.museofratellicozzi.com\/news\/regione-lombardia-museo\/"]}]},{"@type":"ImageObject","inLanguage":"it-IT","@id":"https:\/\/www.museofratellicozzi.com\/news\/regione-lombardia-museo\/#primaryimage","url":"https:\/\/www.museofratellicozzi.com\/news\/wp-content\/uploads\/2017\/12\/ext.jpg","contentUrl":"https:\/\/www.museofratellicozzi.com\/news\/wp-content\/uploads\/2017\/12\/ext.jpg","width":1125,"height":795},{"@type":"BreadcrumbList","@id":"https:\/\/www.museofratellicozzi.com\/news\/regione-lombardia-museo\/#breadcrumb","itemListElement":[{"@type":"ListItem","position":1,"name":"Home","item":"https:\/\/www.museofratellicozzi.com\/news\/"},{"@type":"ListItem","position":2,"name":"Regione Lombardia in visita al Museo"}]},{"@type":"WebSite","@id":"https:\/\/www.museofratellicozzi.com\/news\/#website","url":"https:\/\/www.museofratellicozzi.com\/news\/","name":"eNews Museo Fratelli Cozzi","description":"Alfa Romeo: un mito che resiste al tempo","publisher":{"@id":"https:\/\/www.museofratellicozzi.com\/news\/#organization"},"potentialAction":[{"@type":"SearchAction","target":{"@type":"EntryPoint","urlTemplate":"https:\/\/www.museofratellicozzi.com\/news\/?s={search_term_string}"},"query-input":{"@type":"PropertyValueSpecification","valueRequired":true,"valueName":"search_term_string"}}],"inLanguage":"it-IT"},{"@type":"Organization","@id":"https:\/\/www.museofratellicozzi.com\/news\/#organization","name":"Museo Fratelli Cozzi","url":"https:\/\/www.museofratellicozzi.com\/news\/","logo":{"@type":"ImageObject","inLanguage":"it-IT","@id":"https:\/\/www.museofratellicozzi.com\/news\/#\/schema\/logo\/image\/","url":"https:\/\/www.museofratellicozzi.com\/news\/wp-content\/uploads\/2017\/04\/home.png","contentUrl":"https:\/\/www.museofratellicozzi.com\/news\/wp-content\/uploads\/2017\/04\/home.png","width":497,"height":512,"caption":"Museo Fratelli Cozzi"},"image":{"@id":"https:\/\/www.museofratellicozzi.com\/news\/#\/schema\/logo\/image\/"}},{"@type":"Person","@id":"https:\/\/www.museofratellicozzi.com\/news\/#\/schema\/person\/9c1de5abfab71104e0bfe41cca1b7072","name":"Laura Defendi","image":{"@type":"ImageObject","inLanguage":"it-IT","@id":"https:\/\/www.museofratellicozzi.com\/news\/#\/schema\/person\/image\/","url":"https:\/\/secure.gravatar.com\/avatar\/fa196a116a28416a994aad4b629b4ae8?s=96&d=mm&r=g","contentUrl":"https:\/\/secure.gravatar.com\/avatar\/fa196a116a28416a994aad4b629b4ae8?s=96&d=mm&r=g","caption":"Laura Defendi"}}]}},"jetpack_featured_media_url":"https:\/\/www.museofratellicozzi.com\/news\/wp-content\/uploads\/2017\/12\/ext.jpg","jetpack_shortlink":"https:\/\/wp.me\/p90Eth-1qg","jetpack_sharing_enabled":true,"post_mailing_queue_ids":[],"_links":{"self":[{"href":"https:\/\/www.museofratellicozzi.com\/news\/wp-json\/wp\/v2\/posts\/5472","targetHints":{"allow":["GET"]}}],"collection":[{"href":"https:\/\/www.museofratellicozzi.com\/news\/wp-json\/wp\/v2\/posts"}],"about":[{"href":"https:\/\/www.museofratellicozzi.com\/news\/wp-json\/wp\/v2\/types\/post"}],"author":[{"embeddable":true,"href":"https:\/\/www.museofratellicozzi.com\/news\/wp-json\/wp\/v2\/users\/5"}],"replies":[{"embeddable":true,"href":"https:\/\/www.museofratellicozzi.com\/news\/wp-json\/wp\/v2\/comments?post=5472"}],"version-history":[{"count":10,"href":"https:\/\/www.museofratellicozzi.com\/news\/wp-json\/wp\/v2\/posts\/5472\/revisions"}],"predecessor-version":[{"id":5558,"href":"https:\/\/www.museofratellicozzi.com\/news\/wp-json\/wp\/v2\/posts\/5472\/revisions\/5558"}],"wp:featuredmedia":[{"embeddable":true,"href":"https:\/\/www.museofratellicozzi.com\/news\/wp-json\/wp\/v2\/media\/5477"}],"wp:attachment":[{"href":"https:\/\/www.museofratellicozzi.com\/news\/wp-json\/wp\/v2\/media?parent=5472"}],"wp:term":[{"taxonomy":"category","embeddable":true,"href":"https:\/\/www.museofratellicozzi.com\/news\/wp-json\/wp\/v2\/categories?post=5472"},{"taxonomy":"post_tag","embeddable":true,"href":"https:\/\/www.museofratellicozzi.com\/news\/wp-json\/wp\/v2\/tags?post=5472"}],"curies":[{"name":"wp","href":"https:\/\/api.w.org\/{rel}","templated":true}]}}