{"id":5479,"date":"2017-12-19T11:41:48","date_gmt":"2017-12-19T10:41:48","guid":{"rendered":"https:\/\/news.museofratellicozzi.com\/?p=5479"},"modified":"2021-03-04T14:54:20","modified_gmt":"2021-03-04T13:54:20","slug":"angelino-langelo-piccolino-amico-di-ogni-bambino-2-2","status":"publish","type":"post","link":"https:\/\/www.museofratellicozzi.com\/news\/angelino-langelo-piccolino-amico-di-ogni-bambino-2-2\/","title":{"rendered":"ANGELINO L\u2019Angelo piccolino amico di ogni bambino"},"content":{"rendered":"\n\n\n[et_pb_section bb_built=&#8221;1&#8243; admin_label=&#8221;Sezione&#8221; custom_padding=&#8221;0px|||&#8221; custom_width_percent=&#8221;80&#8243;][et_pb_row admin_label=&#8221;Riga&#8221; make_fullwidth=&#8221;on&#8221; custom_width_percent=&#8221;80&#8243; use_custom_gutter=&#8221;on&#8221; gutter_width=&#8221;1&#8243; custom_padding=&#8221;0px|||&#8221; parallax_method_1=&#8221;off&#8221; disabled_on=&#8221;off|off|off&#8221;][et_pb_column type=&#8221;4_4&#8243;][et_pb_video admin_label=&#8221;Video&#8221; src=&#8221;https:\/\/youtu.be\/l8JGqxhD6WA&#8221;] [\/et_pb_video][\/et_pb_column][\/et_pb_row][et_pb_row admin_label=&#8221;Riga&#8221; custom_width_percent=&#8221;80&#8243; custom_padding=&#8221;20px||0px|&#8221; parallax_method_1=&#8221;off&#8221;][et_pb_column type=&#8221;4_4&#8243;][et_pb_text admin_label=&#8221;Categoria&#8221; header_font_size=&#8221;30&#8243; header_letter_spacing=&#8221;0&#8243; header_line_height=&#8221;1&#8243; text_text_color=&#8221;#bcbcbc&#8221; text_letter_spacing=&#8221;2&#8243; text_line_height=&#8221;1.7&#8243; custom_margin=&#8221;||10px|&#8221; custom_margin_last_edited=&#8221;on|tablet&#8221;]\r\n\r\nELVIRA RACCONTA\r\n\r\n[\/et_pb_text][et_pb_text admin_label=&#8221;Titolo&#8221; header_font=&#8221;PT Sans||||&#8221; header_font_size=&#8221;50&#8243; header_text_color=&#8221;#000000&#8243; header_letter_spacing=&#8221;0&#8243; header_line_height=&#8221;1.3&#8243; text_font=&#8221;PT Sans||||&#8221; text_font_size=&#8221;50&#8243; text_font_size_tablet=&#8221;60&#8243; text_font_size_last_edited=&#8221;on|desktop&#8221; text_text_color=&#8221;#000000&#8243; text_letter_spacing=&#8221;0&#8243; text_letter_spacing_last_edited=&#8221;on|desktop&#8221; text_line_height=&#8221;1.1&#8243; text_line_height_last_edited=&#8221;on|&#8221; custom_margin=&#8221;0px||0px|&#8221;]\r\n<p class=\"\">Angelino: l\u2019Angelo piccolino amico di ogni bambino<\/p>\r\n&nbsp;\r\n\r\n[\/et_pb_text][et_pb_text admin_label=&#8221;Data&#8221; header_font_size=&#8221;30&#8243; header_letter_spacing=&#8221;0&#8243; header_line_height=&#8221;1&#8243; text_font=&#8221;PT Sans|on|||&#8221; text_font_size=&#8221;18&#8243; text_text_color=&#8221;#363636&#8243; text_letter_spacing=&#8221;0&#8243; text_line_height=&#8221;1.7&#8243; custom_margin=&#8221;10px||0px|&#8221;]\r\n\r\n17 dicembre, 2017\r\n\r\n[\/et_pb_text][\/et_pb_column][\/et_pb_row][\/et_pb_section][et_pb_section bb_built=&#8221;1&#8243; admin_label=&#8221;Section&#8221; background_color=&#8221;#f7f7f4&#8243; custom_width_percent=&#8221;80&#8243;][et_pb_row admin_label=&#8221;row&#8221; custom_width_percent=&#8221;80&#8243; custom_padding=&#8221;0px|||&#8221; padding_mobile=&#8221;on&#8221; column_padding_mobile=&#8221;on&#8221; parallax_method_1=&#8221;off&#8221; parallax_method_2=&#8221;off&#8221;][et_pb_column type=&#8221;1_3&#8243;][\/et_pb_column][et_pb_column type=&#8221;2_3&#8243;][et_pb_text admin_label=&#8221;Occhiello&#8221; max_width=&#8221;620px&#8221; header_font_size=&#8221;30&#8243; header_letter_spacing=&#8221;0&#8243; header_line_height=&#8221;1&#8243; text_font=&#8221;PT Sans|on|||&#8221; text_font_size=&#8221;24&#8243; text_font_size_last_edited=&#8221;on|desktop&#8221; text_text_color=&#8221;#363636&#8243; text_letter_spacing=&#8221;0&#8243; text_line_height=&#8221;1.4&#8243; custom_margin=&#8221;10px||0px|&#8221;]\r\n\r\nAuguro a tutti i lettori della pagina del Museo Fratelli Cozzi un sereno e\u00a0gioioso Natale. \u00a0\u00a0Natale \u00e8 una parola che trasmette felicit\u00e0 solo a pronunciarla. \u00a0Il pi\u00f9 grande augurio che possiamo farci \u00a0\u00e8 che sia Natale ogni giorno!\u00a0\u00a0Agli amici Alfisti chiedo di unirsi a me per aggiungere a questo Natale un significato particolare: per la nostra Alfa sia sempre viva nei nostri cuori la tenerezza per il passato, la consapevolezza del presente e la speranza per il futuro.\r\n\r\n&nbsp;\r\n\r\n[\/et_pb_text][et_pb_image admin_label=&#8221;Immagine&#8221; src=&#8221;https:\/\/www.museofratellicozzi.com\/news\/wp-content\/uploads\/2017\/12\/angelino-1.jpg&#8221;] [\/et_pb_image][et_pb_text admin_label=&#8221;Blocco testo 1&#8243; max_width=&#8221;620px&#8221; header_font_size=&#8221;30&#8243; header_letter_spacing=&#8221;0&#8243; header_line_height=&#8221;1&#8243; text_font=&#8221;PT Sans||||&#8221; text_font_size=&#8221;20&#8243; text_font_size_last_edited=&#8221;on|tablet&#8221; text_text_color=&#8221;#363636&#8243; text_letter_spacing=&#8221;0&#8243; text_line_height=&#8221;1.5&#8243; custom_margin=&#8221;30px||0px|&#8221;]\r\n\r\nCarissimi, \u00e8 con piacere che dono ai bambini di tutte le et\u00e0 una favola che mi era stata ispirata da un bellissimo incontro avvenuto nel 2004, quando lavoravo in Alfa Romeo, con la pilotessa californiana Sylvia Oberti, una grande donna nonch\u00e9 un\u2019abile pilota con la passione della velocit\u00e0 e della solidariet\u00e0 che da molti anni partecipa a corse di livello mondiale per raccogliere fondi per i bambini oncologici. Quell\u2019anno l\u2019Alfa Romeo sponsorizz\u00f2 la sua partecipazione alle Mille Miglia. Durante le soste era possibile acquistare la mascotte Angelino, il suo libro: \u201cIl viaggio di Angelino, della piccola Magica Barchetta Rossa e della Pilotessa\u201d ed un modello in scala dell\u2019aereo Angelo dei Bimbi. Il ricavato fu devoluto a diversi ospedali per bambini. Venne a trovarmi in Archivio e rimasi affascinata dalla sua bellezza e dolcezza. Mi regal\u00f2 la mascotte che \u00e8 diventato il mio portafortuna e una copia del suo libro. Prima di lasciarci, promettendoci di restare in contatto ed emozionata da quell\u2019incontro, le dissi che avrei provato a scrivere anch\u2019io una favola su Angelino. Mi misi subito a scriverla e gliela mandai. La intitolai: \u201c<strong>Angelino, l\u2019angelo piccolino amico di ogni bambino\u201d. \u00a0 <\/strong>\r\n\r\n\u201cAngelino, fermati\u2026dove vai cos\u00ec di fretta e su un\u2019auto.. poi?\u201d Il vecchio custode della fabbrica, era uscito dalla guardiola per cercare di fermare quel piccolo angelo tanto indaffarato a portare un sorriso a tutti i bambini del mondo.\u00a0Da un po\u2019 di tempo, le ali le usava poco, Angelino si era motorizzato. Da quando aveva incontrato una persona speciale, una \u201cpilotessa\u201d, s\u00ec, proprio cos\u00ec, una donna pilota dolce e generosa , Angelino era stato preso dalla febbre dei motori. Non era pi\u00f9 lui, aveva dimenticato di usare le sue soffici ali, quel mezzo di trasporto che chiss\u00e0 quanti automobilisti, spesso bloccati in lunghe code di traffico, vorrebbero volentieri vedersi spuntare.\u00a0Angelino aveva incontrato Miss Speed in Ospedale per una manifestazione di beneficenza durante la quale, la bella e temeraria signora, avrebbe destinato una somma raccolta per l\u2019acquisto di nuove attrezzature per il reparto di Pediatria.\r\n\r\n[\/et_pb_text][\/et_pb_column][\/et_pb_row][et_pb_row admin_label=&#8221;row&#8221; custom_width_percent=&#8221;80&#8243; custom_padding=&#8221;0px|||&#8221; padding_mobile=&#8221;on&#8221; column_padding_mobile=&#8221;on&#8221; parallax_method_1=&#8221;off&#8221; parallax_method_2=&#8221;off&#8221;][et_pb_column type=&#8221;1_2&#8243;][et_pb_text admin_label=&#8221;Testo&#8221; header_font_size=&#8221;30&#8243; header_letter_spacing=&#8221;0&#8243; header_line_height=&#8221;1&#8243; text_letter_spacing=&#8221;0&#8243; text_line_height=&#8221;1.7&#8243;]\r\n\r\nLa foto di copertina \u00e8 stata scattata da Sylvia Oberti nell&#8217;ufficio di Elvira Ruocco, presso l\u2019Archivio Storico e\u00a0durante la sua visita.\r\n\r\n[\/et_pb_text][\/et_pb_column][et_pb_column type=&#8221;1_2&#8243;][et_pb_image admin_label=&#8221;Immagine&#8221; src=&#8221;https:\/\/www.museofratellicozzi.com\/news\/wp-content\/uploads\/2017\/12\/Alfa-Historian-RUOCCO-Elvira.jpg&#8221;] [\/et_pb_image][\/et_pb_column][\/et_pb_row][et_pb_row admin_label=&#8221;row&#8221; custom_width_percent=&#8221;80&#8243; custom_padding=&#8221;0px|||&#8221; padding_mobile=&#8221;on&#8221; column_padding_mobile=&#8221;on&#8221; parallax_method_1=&#8221;off&#8221; parallax_method_2=&#8221;off&#8221;][et_pb_column type=&#8221;1_3&#8243;][\/et_pb_column][et_pb_column type=&#8221;2_3&#8243;][et_pb_text admin_label=&#8221;Blocco testo 1&#8243; max_width=&#8221;620px&#8221; header_font_size=&#8221;30&#8243; header_letter_spacing=&#8221;0&#8243; header_line_height=&#8221;1&#8243; text_font=&#8221;PT Sans||||&#8221; text_font_size=&#8221;20&#8243; text_font_size_last_edited=&#8221;on|tablet&#8221; text_text_color=&#8221;#363636&#8243; text_letter_spacing=&#8221;0&#8243; text_line_height=&#8221;1.5&#8243; custom_margin=&#8221;30px||0px|&#8221;]\r\n\r\nAngelino era l\u00e0, sensibile alle sofferenze di quei bambini che si trovavano a combattere contro qualcosa di sconosciuto, pi\u00f9 grande di loro che persino ad un angelo era incomprensibile, per esaudire un desiderio e portare un sorriso.Angelino era visibile soltanto ai bambini, gli adulti non lo vedevano, anzi a loro a volte faceva qualche scherzetto\u00a0 come far volare di mano dei fogli alla caposala o scambiare, nelle cucine, il barattolo dello zucchero con quello del sale, quando nelle pause, le infermiere bevevano il caff\u00e8.Quel giorno era una gran festa, la pilotessa che indossava una bellissima tuta rossa, distribuiva doni e dolciumi\u00a0 mentre nell\u2019aria si diffondevano dolcissime note e quando l\u2019ultimo giocattolo fu donato, Miss Speed raccolse tutti i bambini intorno a s\u00e9 e cominci\u00f2 a raccontare la storia della Mille Miglia, la storia della corsa che senza dubbio aveva contribuito al progresso dell\u2019automobile.I bambini seguivano rapiti e affascinati le rocambolesche avventure di piloti che correvano tra una straordinaria cornice di pubblico festante in un percorso che attraversava alcune tra le localit\u00e0 italiane pi\u00f9 cariche di storia e pi\u00f9 ricche di bellezze artistiche. Correvano stando stretti in angusti abitacoli, con i piedi arrostiti dai tubi di scarico posti sotto il pianale in lamiera, e manovravano con affanno grossi volanti di legno. Odore di olio bruciato\u2026 brusio di lamiere\u00a0 scricchiolanti, ma ne valeva la pena. Il pubblico li considerava eroi, li ammirava per la loro temerariet\u00e0. Quella signora l\u2019aveva incuriosito parecchio e, alla fine della festa decise di seguirla perch\u00e8 voleva sapere tutto di lei, non aveva mai visto una donna correre in auto, di solito sono gli uomini ad essere pi\u00f9 appassionati di motori e velocit\u00e0.Alla fine della festa, i bambini rientrarono nelle loro camerette stanchi ma felici di aver trascorso una cos\u00ec bella giornata. Miss Speed si accomiat\u00f2 dalle autorit\u00e0 e si diresse all\u2019uscita per tornare alla sua auto rossa scoperta che l\u2019avrebbe riportata a casa.Angelino, in un batter d\u2019ali, s\u2019infil\u00f2 e si nascose nel sedile posteriore di quella macchina piccola e veloce e i suoi occhi si soffermarono sulla lunga chioma di capelli neri della donna che il casco conteneva a stento e che svolazzavano facendo arrivare alle sue narici un profumo di miele e mandorle amare. Quella donna gli piaceva non tanto per il suo aspetto fisico, ma per il coraggio e la bont\u00e0 che aveva dimostrato di avere. In ospedale i bambini erano rimasti affascinati e lui pi\u00f9 di ogni altro sapeva riconoscere l\u2019intensit\u00e0 di quella luce di gioia e di curiosit\u00e0 che aveva letto nei loro occhi.\r\n\r\n[\/et_pb_text][\/et_pb_column][\/et_pb_row][et_pb_row admin_label=&#8221;row&#8221; custom_width_percent=&#8221;80&#8243; custom_padding=&#8221;0px|||&#8221; padding_mobile=&#8221;on&#8221; column_padding_mobile=&#8221;on&#8221; parallax_method_1=&#8221;off&#8221; parallax_method_2=&#8221;off&#8221;][et_pb_column type=&#8221;1_2&#8243;][\/et_pb_column][et_pb_column type=&#8221;1_2&#8243;][et_pb_image admin_label=&#8221;Immagine&#8221; src=&#8221;https:\/\/www.museofratellicozzi.com\/news\/wp-content\/uploads\/2017\/12\/23795825_10212686094820426_1434497733617638816_n-2.jpg&#8221;] [\/et_pb_image][\/et_pb_column][\/et_pb_row][et_pb_row admin_label=&#8221;row&#8221; custom_width_percent=&#8221;80&#8243; custom_padding=&#8221;1px|||&#8221; column_padding_mobile=&#8221;on&#8221; parallax_method_1=&#8221;off&#8221; parallax_method_2=&#8221;off&#8221;][et_pb_column type=&#8221;1_3&#8243;][\/et_pb_column][et_pb_column type=&#8221;2_3&#8243;][et_pb_text admin_label=&#8221;Blocco testo 1&#8243; max_width=&#8221;620px&#8221; header_font_size=&#8221;30&#8243; header_letter_spacing=&#8221;0&#8243; header_line_height=&#8221;1&#8243; text_font=&#8221;PT Sans||||&#8221; text_font_size=&#8221;20&#8243; text_font_size_last_edited=&#8221;on|tablet&#8221; text_text_color=&#8221;#363636&#8243; text_letter_spacing=&#8221;0&#8243; text_line_height=&#8221;1.5&#8243; custom_margin=&#8221;30px||0px|&#8221; background_layout=&#8221;light&#8221; text_orientation=&#8221;left&#8221; use_border_color=&#8221;off&#8221; border_color=&#8221;#ffffff&#8221; border_width=&#8221;1&#8243; border_style=&#8221;solid&#8221;]\r\n\r\nDopo qualche ora di viaggio, senza alcuna pausa, Miss Speed parcheggi\u00f2\u00a0 la sua vettura in un ampio garage accanto ad altre macchine, tutte in ordine perfetto, sembrava che fossero esposte in un Museo.Dopo qualche ora di viaggio, senza alcuna pausa, Miss Speed parcheggi\u00f2\u00a0 la sua vettura in un ampio garage accanto ad altre macchine, tutte in ordine perfetto, sembrava che fossero esposte in un Museo.Segu\u00ec la pilotessa in casa e fu subito colpito da tutti i trofei, le coppe che facevano bella mostra di s\u00e9 e dalle tante\u00a0 foto che la ritraevano dopo una vittoria, ma soprattutto, con il viso sorridente incorniciato dalla foltissima chioma, accanto a tanti bambini in moltissime occasioni. In un album aperto su un tavolino, decine e decine di foto con personaggi famosi della cultura, della medicina e del cinema. Sotto ogni foto era scritto, con una calligrafia chiara e precisa, la data e il luogo dell\u2019avvenimento.Angelino pens\u00f2 che quella era una donna importante e molto importante era la sua attivit\u00e0 di beneficenza rivolta ai bambini, che pi\u00f9 di tutti hanno bisogno di aiuto perch\u00e9 la sofferenza e il dolore fisico per un bambino non \u00e8 n\u00e9 concepibile n\u00e9 accettabile.Le luci della casa immersa nel verde si andarono a spegnere piano piano e Angelino si addorment\u00f2 su quell\u2019album e sogn\u00f2 di essere ancora seduto su quella bellissima auto rossa, di sentire forte l\u2019odore della pelle dei sedili, e di correre \u2026.correre.. correre\u00a0 su strade impervie accanto alla sua pilotessa.All\u2019alba si alz\u00f2 in volo e lasci\u00f2 momentaneamente quella casa, aveva i suoi giri da fare, i suoi piccoli amici da visitare e un\u2019idea che cominciava a frullargli per la testa.Volava alto su case e palazzi e la vita degli uomini da lass\u00f9 gli sembrava lontanissima, ogni tanto planava un pochino per vedere quella fila di macchine che dall\u2019alto sembravano dei giocattolini, tanto erano piccine.Ad un tratto, passando davanti ad una finestra aperta sent\u00ec il pianto di un bambino, torn\u00f2 indietro e si introdusse in quella stanza.\u00a0Un bimbo entrava in quel momento e si dirigeva col visetto sbattuto e gli occhi gonfi verso un\u2019anziana signora, seduta su una poltrona, e le tese un quaderno\u00a0 riprendendo a piangere.\u201cCosa \u00e8 successo? Uno zero?\u201d esclam\u00f2 la donna. Il bimbo, rinforzando i singhiozzi, afferm\u00f2. Lo prese in braccio\u00a0 e gli disse:\u201cSu, su, che diamine! Un omino si vergogna a piangere! Ora star\u00e0 buono e la nonna gli asciuga gli occhietti, cos\u00ec\u2026, e gli racconta una bella favola!\u201dIl piccolo le sorrise tra le lacrime e le si sedette in grembo. \u201cC\u2019era una volta\u2026.\u201dSapete perch\u00e9 non aveva sgridato il nipotino? Perch\u00e9 si era ricordata del suo primo zero. Aveva sei anni, e chiudendo gli occhi rivedeva ancora la sua classe: uno stanzone chiaro, pieno di banchi, con una tavola in fondo per la maestra e un vecchio armadio sulla destra che tutti chiamavano, il museo. L\u00e0 dentro, sotto chiave, stavano cianfrusaglie d\u2019ogni genere: palline di lana, cubetti e mattoncini in legno di tutti i colori, frutta di creta e macchinine di cartone, tutti i lavori di varie generazioni di scolari.Lei, ai suoi tempi, soprannominata il moto perpetuo, godeva del raro privilegio di non avere il posto fisso: la mattina, quando la maestra dettava, occupa un banco i prima fila: nel pomeriggio, quando c\u2019erano le interrogazioni orali si spostava negli ultimi posti con la speranza di non essere interrogata.Fino dall\u2019infanzia detestava l\u2019aritmetica, e il ricordo di quelle ore l\u2019angosciava ancora. Il piccolo l\u2019ascoltava rapito, e Angelino fissava tutti e due..\u201cUna mattina \u2013 riprende la nonna \u2013 ero particolarmente annoiata, presi il mio mozzicone di matita e iniziai a fare ghirigori in calce ad ogni pagina del mio quaderno, omini con la testa tonda e le mani a rastrello, casette, alberi, draghi, fiori fino a riempire tutte le pagine del quaderno. Come mi sembravano belli i miei disegni!\u00a0 Ma ohim\u00e9! La maestra impensierita dal mio silenzio, si alz\u00f2 e venne a vedere, mi prese il quaderno, si accorse del disastro, mi prese la matita e con essa tracci\u00f2 sull\u2019ultima pagina ancora bianca un terribile zero tagliato, il che nel nostro codice scolastico equivaleva ad una pena infamante\u201d.Gli occhi del bambino si sgranarono e Angelino si lasci\u00f2 sfuggire un: Oh! ma fu come un fruscio appena percettibile..\u201cIo fissai il cerchio rosso \u2013 continu\u00f2 la nonna \u2013 e il cuore mi cadde, mi sembr\u00f2 come se fosse finito in quel cerchio. Mi sentii abbandonata e infinitamente triste, sola, davanti a quello zero, e piansi tutte le lacrime pi\u00f9 amare. Quando tornai a casa raccontai tutto alla mia mamma, che, invece di sgridarmi, come temevo, mi accarezz\u00f2, mi sistem\u00f2 i capelli e mi baci\u00f2 sorridendo. Disse soltanto: \u201cE\u2019 triste, vedi, far male ed essere puniti. E nella vita, sempre, ad ogni colpa segue la pena. Tienilo bene a mente piccina mia.\u201d.Calmata, ripensai a quelle semplici parole e le compresi cos\u00ec chiaramente che quello zero \u00e8 rimasto unico nella mia lunga carriera di scolara, non solo, ma \u00e8 diventato un simbolo che mi ha aiutato molto nella vita. Ricorda, bambino mio che uno zero ed un consiglio assennato, purch\u00e8 arrivino in tempo, operano miracoli: solo bisogna sapersene valere\u201d.\u00a0 Il bimbo le sorrise e l\u2019abbracci\u00f2.\u00a0Angelino, li lasci\u00f2 cos\u00ec, stretti in quell\u2019abbraccio. Riprese a volare e pensava a quel cerchio rosso sul quaderno e subito gli vennero in mente altri cerchi, quelli sui quali le bellissime macchine della sua pilotessa percorrevano le strade e i circuiti per vincere, perch\u00e9 ogni vittoria era un\u2019occasione per raccogliere fondi che dovevano asciugare altre lacrime, ben diverse da quelle che aveva visto versare da quel bambino tanto amato e protetto.Angelino sent\u00ec forte il richiamo di tornare dalla sua pilotessa, e riprese a volare attraversando nuvole e facendosi scaldare dal sole. Arriv\u00f2 appena in tempo per vedere Miss Speed infilarsi il casco e salire sulla sua bellissima Alfa rossa.Allora si adagi\u00f2 tra quei sedili, respir\u00f2 quel profumo che gli era familiare e, insieme a lei, and\u00f2 incontro alla vittoria.\r\n\r\n&nbsp;\r\n\r\n&nbsp;\r\n\r\nElvira Ruocco\r\n\r\n&nbsp;\r\n\r\n&nbsp;\r\n\r\n&nbsp;\r\n\r\n&nbsp;\r\n\r\n[\/et_pb_text][\/et_pb_column][\/et_pb_row][et_pb_row admin_label=&#8221;row&#8221; custom_width_percent=&#8221;80&#8243; custom_padding=&#8221;0px|||&#8221; padding_mobile=&#8221;on&#8221; column_padding_mobile=&#8221;on&#8221; parallax_method_1=&#8221;off&#8221; parallax_method_2=&#8221;off&#8221;][et_pb_column type=&#8221;1_2&#8243;][et_pb_image admin_label=&#8221;Immagine&#8221; src=&#8221;https:\/\/www.museofratellicozzi.com\/news\/wp-content\/uploads\/2017\/02\/elvira-ruocco-alfa-romeo-fratelli-cozzi-28.jpg&#8221;] [\/et_pb_image][\/et_pb_column][et_pb_column type=&#8221;1_2&#8243;][et_pb_text admin_label=&#8221;Testo&#8221; header_font_size=&#8221;30&#8243; header_font_size_tablet=&#8221;30&#8243; header_font_size_phone=&#8221;30&#8243; header_letter_spacing=&#8221;0&#8243; header_letter_spacing_tablet=&#8221;0&#8243; header_letter_spacing_phone=&#8221;0&#8243; header_line_height=&#8221;1&#8243; header_line_height_tablet=&#8221;1&#8243; header_line_height_phone=&#8221;1&#8243; text_letter_spacing=&#8221;0&#8243; text_letter_spacing_tablet=&#8221;0&#8243; text_letter_spacing_phone=&#8221;0&#8243; text_line_height=&#8221;1.7&#8243; text_line_height_tablet=&#8221;1.7&#8243; text_line_height_phone=&#8221;1.7&#8243;]\r\n\r\n<em>Elvira Ruocco Memoria storica dell\u2019Alfa Romeo grazie alla sua ultra ventennale esperienza presso il Centro di Documentazione\u00a0Storica Alfa Romeo, \u00e8 entra a far parte del team del Museo e nella rubrica \u201cElvira Racconta\u201d condivider\u00e0 curiosit\u00e0 e aneddoti che non si\u00a0 conoscono o non si ricordano. Ripercorreremo insieme a lei la leggendaria storia dell\u2019Alfa Romeo<b>.<\/b><\/em>\r\n\r\n[\/et_pb_text][\/et_pb_column][\/et_pb_row][\/et_pb_section]\n\n\n","protected":false},"excerpt":{"rendered":"","protected":false},"author":5,"featured_media":5488,"comment_status":"closed","ping_status":"closed","sticky":false,"template":"","format":"standard","meta":{"_et_pb_use_builder":"on","_et_pb_old_content":"","_et_gb_content_width":"","_jetpack_memberships_contains_paid_content":false,"footnotes":""},"categories":[1],"tags":[21,249,46,250],"class_list":["post-5479","post","type-post","status-publish","format-standard","has-post-thumbnail","hentry","category-senza-categoria","tag-alfa-romeo","tag-angelino","tag-elvira-ruocco","tag-sylvia-oberti","et-has-post-format-content","et_post_format-et-post-format-standard"],"yoast_head":"<!-- This site is optimized with the Yoast SEO plugin v26.8 - https:\/\/yoast.com\/product\/yoast-seo-wordpress\/ -->\n<title>ANGELINO Angelo piccolino amico di ogni bambino | Museo Fratelli Cozzi<\/title>\n<meta name=\"description\" content=\"Si avvicina il Natale e la nostra Elvira ha preparato uno splendido regalo dedicato a piccoli e grandi alfisti: la storia di Angelino in un nuovo capitolo\" \/>\n<meta name=\"robots\" content=\"index, follow, max-snippet:-1, max-image-preview:large, max-video-preview:-1\" \/>\n<link rel=\"canonical\" href=\"https:\/\/www.museofratellicozzi.com\/news\/angelino-langelo-piccolino-amico-di-ogni-bambino-2-2\/\" \/>\n<meta property=\"og:locale\" content=\"it_IT\" \/>\n<meta property=\"og:type\" content=\"article\" \/>\n<meta property=\"og:title\" content=\"ANGELINO Angelo piccolino amico di ogni bambino | Museo Fratelli Cozzi\" \/>\n<meta property=\"og:description\" content=\"Si avvicina il Natale e la nostra Elvira ha preparato uno splendido regalo dedicato a piccoli e grandi alfisti: la storia di Angelino in un nuovo capitolo\" \/>\n<meta property=\"og:url\" content=\"https:\/\/www.museofratellicozzi.com\/news\/angelino-langelo-piccolino-amico-di-ogni-bambino-2-2\/\" \/>\n<meta property=\"og:site_name\" content=\"eNews Museo Fratelli Cozzi\" \/>\n<meta property=\"article:published_time\" content=\"2017-12-19T10:41:48+00:00\" \/>\n<meta property=\"article:modified_time\" content=\"2021-03-04T13:54:20+00:00\" \/>\n<meta property=\"og:image\" content=\"https:\/\/www.museofratellicozzi.com\/news\/wp-content\/uploads\/2017\/12\/IMG_20171219_1219371-e1513682828919.jpg\" \/>\n\t<meta property=\"og:image:width\" content=\"1024\" \/>\n\t<meta property=\"og:image:height\" content=\"870\" \/>\n\t<meta property=\"og:image:type\" content=\"image\/jpeg\" \/>\n<meta name=\"author\" content=\"Laura Defendi\" \/>\n<meta name=\"twitter:card\" content=\"summary_large_image\" \/>\n<meta name=\"twitter:label1\" content=\"Scritto da\" \/>\n\t<meta name=\"twitter:data1\" content=\"Laura Defendi\" \/>\n\t<meta name=\"twitter:label2\" content=\"Tempo di lettura stimato\" \/>\n\t<meta name=\"twitter:data2\" content=\"10 minuti\" \/>\n<script type=\"application\/ld+json\" class=\"yoast-schema-graph\">{\"@context\":\"https:\/\/schema.org\",\"@graph\":[{\"@type\":\"Article\",\"@id\":\"https:\/\/www.museofratellicozzi.com\/news\/angelino-langelo-piccolino-amico-di-ogni-bambino-2-2\/#article\",\"isPartOf\":{\"@id\":\"https:\/\/www.museofratellicozzi.com\/news\/angelino-langelo-piccolino-amico-di-ogni-bambino-2-2\/\"},\"author\":{\"name\":\"Laura Defendi\",\"@id\":\"https:\/\/www.museofratellicozzi.com\/news\/#\/schema\/person\/9c1de5abfab71104e0bfe41cca1b7072\"},\"headline\":\"ANGELINO L\u2019Angelo piccolino amico di ogni bambino\",\"datePublished\":\"2017-12-19T10:41:48+00:00\",\"dateModified\":\"2021-03-04T13:54:20+00:00\",\"mainEntityOfPage\":{\"@id\":\"https:\/\/www.museofratellicozzi.com\/news\/angelino-langelo-piccolino-amico-di-ogni-bambino-2-2\/\"},\"wordCount\":2863,\"publisher\":{\"@id\":\"https:\/\/www.museofratellicozzi.com\/news\/#organization\"},\"image\":{\"@id\":\"https:\/\/www.museofratellicozzi.com\/news\/angelino-langelo-piccolino-amico-di-ogni-bambino-2-2\/#primaryimage\"},\"thumbnailUrl\":\"https:\/\/www.museofratellicozzi.com\/news\/wp-content\/uploads\/2017\/12\/IMG_20171219_1219371-e1513682828919.jpg\",\"keywords\":[\"alfa romeo\",\"angelino\",\"Elvira ruocco\",\"Sylvia Oberti\"],\"inLanguage\":\"it-IT\"},{\"@type\":\"WebPage\",\"@id\":\"https:\/\/www.museofratellicozzi.com\/news\/angelino-langelo-piccolino-amico-di-ogni-bambino-2-2\/\",\"url\":\"https:\/\/www.museofratellicozzi.com\/news\/angelino-langelo-piccolino-amico-di-ogni-bambino-2-2\/\",\"name\":\"ANGELINO Angelo piccolino amico di ogni bambino | Museo Fratelli Cozzi\",\"isPartOf\":{\"@id\":\"https:\/\/www.museofratellicozzi.com\/news\/#website\"},\"primaryImageOfPage\":{\"@id\":\"https:\/\/www.museofratellicozzi.com\/news\/angelino-langelo-piccolino-amico-di-ogni-bambino-2-2\/#primaryimage\"},\"image\":{\"@id\":\"https:\/\/www.museofratellicozzi.com\/news\/angelino-langelo-piccolino-amico-di-ogni-bambino-2-2\/#primaryimage\"},\"thumbnailUrl\":\"https:\/\/www.museofratellicozzi.com\/news\/wp-content\/uploads\/2017\/12\/IMG_20171219_1219371-e1513682828919.jpg\",\"datePublished\":\"2017-12-19T10:41:48+00:00\",\"dateModified\":\"2021-03-04T13:54:20+00:00\",\"description\":\"Si avvicina il Natale e la nostra Elvira ha preparato uno splendido regalo dedicato a piccoli e grandi alfisti: la storia di Angelino in un nuovo capitolo\",\"breadcrumb\":{\"@id\":\"https:\/\/www.museofratellicozzi.com\/news\/angelino-langelo-piccolino-amico-di-ogni-bambino-2-2\/#breadcrumb\"},\"inLanguage\":\"it-IT\",\"potentialAction\":[{\"@type\":\"ReadAction\",\"target\":[\"https:\/\/www.museofratellicozzi.com\/news\/angelino-langelo-piccolino-amico-di-ogni-bambino-2-2\/\"]}]},{\"@type\":\"ImageObject\",\"inLanguage\":\"it-IT\",\"@id\":\"https:\/\/www.museofratellicozzi.com\/news\/angelino-langelo-piccolino-amico-di-ogni-bambino-2-2\/#primaryimage\",\"url\":\"https:\/\/www.museofratellicozzi.com\/news\/wp-content\/uploads\/2017\/12\/IMG_20171219_1219371-e1513682828919.jpg\",\"contentUrl\":\"https:\/\/www.museofratellicozzi.com\/news\/wp-content\/uploads\/2017\/12\/IMG_20171219_1219371-e1513682828919.jpg\",\"width\":1024,\"height\":870,\"caption\":\"sdr\"},{\"@type\":\"BreadcrumbList\",\"@id\":\"https:\/\/www.museofratellicozzi.com\/news\/angelino-langelo-piccolino-amico-di-ogni-bambino-2-2\/#breadcrumb\",\"itemListElement\":[{\"@type\":\"ListItem\",\"position\":1,\"name\":\"Home\",\"item\":\"https:\/\/www.museofratellicozzi.com\/news\/\"},{\"@type\":\"ListItem\",\"position\":2,\"name\":\"ANGELINO L\u2019Angelo piccolino amico di ogni bambino\"}]},{\"@type\":\"WebSite\",\"@id\":\"https:\/\/www.museofratellicozzi.com\/news\/#website\",\"url\":\"https:\/\/www.museofratellicozzi.com\/news\/\",\"name\":\"eNews Museo Fratelli Cozzi\",\"description\":\"Alfa Romeo: un mito che resiste al tempo\",\"publisher\":{\"@id\":\"https:\/\/www.museofratellicozzi.com\/news\/#organization\"},\"potentialAction\":[{\"@type\":\"SearchAction\",\"target\":{\"@type\":\"EntryPoint\",\"urlTemplate\":\"https:\/\/www.museofratellicozzi.com\/news\/?s={search_term_string}\"},\"query-input\":{\"@type\":\"PropertyValueSpecification\",\"valueRequired\":true,\"valueName\":\"search_term_string\"}}],\"inLanguage\":\"it-IT\"},{\"@type\":\"Organization\",\"@id\":\"https:\/\/www.museofratellicozzi.com\/news\/#organization\",\"name\":\"Museo Fratelli Cozzi\",\"url\":\"https:\/\/www.museofratellicozzi.com\/news\/\",\"logo\":{\"@type\":\"ImageObject\",\"inLanguage\":\"it-IT\",\"@id\":\"https:\/\/www.museofratellicozzi.com\/news\/#\/schema\/logo\/image\/\",\"url\":\"https:\/\/www.museofratellicozzi.com\/news\/wp-content\/uploads\/2017\/04\/home.png\",\"contentUrl\":\"https:\/\/www.museofratellicozzi.com\/news\/wp-content\/uploads\/2017\/04\/home.png\",\"width\":497,\"height\":512,\"caption\":\"Museo Fratelli Cozzi\"},\"image\":{\"@id\":\"https:\/\/www.museofratellicozzi.com\/news\/#\/schema\/logo\/image\/\"}},{\"@type\":\"Person\",\"@id\":\"https:\/\/www.museofratellicozzi.com\/news\/#\/schema\/person\/9c1de5abfab71104e0bfe41cca1b7072\",\"name\":\"Laura Defendi\",\"image\":{\"@type\":\"ImageObject\",\"inLanguage\":\"it-IT\",\"@id\":\"https:\/\/www.museofratellicozzi.com\/news\/#\/schema\/person\/image\/\",\"url\":\"https:\/\/secure.gravatar.com\/avatar\/fa196a116a28416a994aad4b629b4ae8?s=96&d=mm&r=g\",\"contentUrl\":\"https:\/\/secure.gravatar.com\/avatar\/fa196a116a28416a994aad4b629b4ae8?s=96&d=mm&r=g\",\"caption\":\"Laura Defendi\"}}]}<\/script>\n<!-- \/ Yoast SEO plugin. -->","yoast_head_json":{"title":"ANGELINO Angelo piccolino amico di ogni bambino | Museo Fratelli Cozzi","description":"Si avvicina il Natale e la nostra Elvira ha preparato uno splendido regalo dedicato a piccoli e grandi alfisti: la storia di Angelino in un nuovo capitolo","robots":{"index":"index","follow":"follow","max-snippet":"max-snippet:-1","max-image-preview":"max-image-preview:large","max-video-preview":"max-video-preview:-1"},"canonical":"https:\/\/www.museofratellicozzi.com\/news\/angelino-langelo-piccolino-amico-di-ogni-bambino-2-2\/","og_locale":"it_IT","og_type":"article","og_title":"ANGELINO Angelo piccolino amico di ogni bambino | Museo Fratelli Cozzi","og_description":"Si avvicina il Natale e la nostra Elvira ha preparato uno splendido regalo dedicato a piccoli e grandi alfisti: la storia di Angelino in un nuovo capitolo","og_url":"https:\/\/www.museofratellicozzi.com\/news\/angelino-langelo-piccolino-amico-di-ogni-bambino-2-2\/","og_site_name":"eNews Museo Fratelli Cozzi","article_published_time":"2017-12-19T10:41:48+00:00","article_modified_time":"2021-03-04T13:54:20+00:00","og_image":[{"width":1024,"height":870,"url":"https:\/\/www.museofratellicozzi.com\/news\/wp-content\/uploads\/2017\/12\/IMG_20171219_1219371-e1513682828919.jpg","type":"image\/jpeg"}],"author":"Laura Defendi","twitter_card":"summary_large_image","twitter_misc":{"Scritto da":"Laura Defendi","Tempo di lettura stimato":"10 minuti"},"schema":{"@context":"https:\/\/schema.org","@graph":[{"@type":"Article","@id":"https:\/\/www.museofratellicozzi.com\/news\/angelino-langelo-piccolino-amico-di-ogni-bambino-2-2\/#article","isPartOf":{"@id":"https:\/\/www.museofratellicozzi.com\/news\/angelino-langelo-piccolino-amico-di-ogni-bambino-2-2\/"},"author":{"name":"Laura Defendi","@id":"https:\/\/www.museofratellicozzi.com\/news\/#\/schema\/person\/9c1de5abfab71104e0bfe41cca1b7072"},"headline":"ANGELINO L\u2019Angelo piccolino amico di ogni bambino","datePublished":"2017-12-19T10:41:48+00:00","dateModified":"2021-03-04T13:54:20+00:00","mainEntityOfPage":{"@id":"https:\/\/www.museofratellicozzi.com\/news\/angelino-langelo-piccolino-amico-di-ogni-bambino-2-2\/"},"wordCount":2863,"publisher":{"@id":"https:\/\/www.museofratellicozzi.com\/news\/#organization"},"image":{"@id":"https:\/\/www.museofratellicozzi.com\/news\/angelino-langelo-piccolino-amico-di-ogni-bambino-2-2\/#primaryimage"},"thumbnailUrl":"https:\/\/www.museofratellicozzi.com\/news\/wp-content\/uploads\/2017\/12\/IMG_20171219_1219371-e1513682828919.jpg","keywords":["alfa romeo","angelino","Elvira ruocco","Sylvia Oberti"],"inLanguage":"it-IT"},{"@type":"WebPage","@id":"https:\/\/www.museofratellicozzi.com\/news\/angelino-langelo-piccolino-amico-di-ogni-bambino-2-2\/","url":"https:\/\/www.museofratellicozzi.com\/news\/angelino-langelo-piccolino-amico-di-ogni-bambino-2-2\/","name":"ANGELINO Angelo piccolino amico di ogni bambino | Museo Fratelli Cozzi","isPartOf":{"@id":"https:\/\/www.museofratellicozzi.com\/news\/#website"},"primaryImageOfPage":{"@id":"https:\/\/www.museofratellicozzi.com\/news\/angelino-langelo-piccolino-amico-di-ogni-bambino-2-2\/#primaryimage"},"image":{"@id":"https:\/\/www.museofratellicozzi.com\/news\/angelino-langelo-piccolino-amico-di-ogni-bambino-2-2\/#primaryimage"},"thumbnailUrl":"https:\/\/www.museofratellicozzi.com\/news\/wp-content\/uploads\/2017\/12\/IMG_20171219_1219371-e1513682828919.jpg","datePublished":"2017-12-19T10:41:48+00:00","dateModified":"2021-03-04T13:54:20+00:00","description":"Si avvicina il Natale e la nostra Elvira ha preparato uno splendido regalo dedicato a piccoli e grandi alfisti: la storia di Angelino in un nuovo capitolo","breadcrumb":{"@id":"https:\/\/www.museofratellicozzi.com\/news\/angelino-langelo-piccolino-amico-di-ogni-bambino-2-2\/#breadcrumb"},"inLanguage":"it-IT","potentialAction":[{"@type":"ReadAction","target":["https:\/\/www.museofratellicozzi.com\/news\/angelino-langelo-piccolino-amico-di-ogni-bambino-2-2\/"]}]},{"@type":"ImageObject","inLanguage":"it-IT","@id":"https:\/\/www.museofratellicozzi.com\/news\/angelino-langelo-piccolino-amico-di-ogni-bambino-2-2\/#primaryimage","url":"https:\/\/www.museofratellicozzi.com\/news\/wp-content\/uploads\/2017\/12\/IMG_20171219_1219371-e1513682828919.jpg","contentUrl":"https:\/\/www.museofratellicozzi.com\/news\/wp-content\/uploads\/2017\/12\/IMG_20171219_1219371-e1513682828919.jpg","width":1024,"height":870,"caption":"sdr"},{"@type":"BreadcrumbList","@id":"https:\/\/www.museofratellicozzi.com\/news\/angelino-langelo-piccolino-amico-di-ogni-bambino-2-2\/#breadcrumb","itemListElement":[{"@type":"ListItem","position":1,"name":"Home","item":"https:\/\/www.museofratellicozzi.com\/news\/"},{"@type":"ListItem","position":2,"name":"ANGELINO L\u2019Angelo piccolino amico di ogni bambino"}]},{"@type":"WebSite","@id":"https:\/\/www.museofratellicozzi.com\/news\/#website","url":"https:\/\/www.museofratellicozzi.com\/news\/","name":"eNews Museo Fratelli Cozzi","description":"Alfa Romeo: un mito che resiste al tempo","publisher":{"@id":"https:\/\/www.museofratellicozzi.com\/news\/#organization"},"potentialAction":[{"@type":"SearchAction","target":{"@type":"EntryPoint","urlTemplate":"https:\/\/www.museofratellicozzi.com\/news\/?s={search_term_string}"},"query-input":{"@type":"PropertyValueSpecification","valueRequired":true,"valueName":"search_term_string"}}],"inLanguage":"it-IT"},{"@type":"Organization","@id":"https:\/\/www.museofratellicozzi.com\/news\/#organization","name":"Museo Fratelli Cozzi","url":"https:\/\/www.museofratellicozzi.com\/news\/","logo":{"@type":"ImageObject","inLanguage":"it-IT","@id":"https:\/\/www.museofratellicozzi.com\/news\/#\/schema\/logo\/image\/","url":"https:\/\/www.museofratellicozzi.com\/news\/wp-content\/uploads\/2017\/04\/home.png","contentUrl":"https:\/\/www.museofratellicozzi.com\/news\/wp-content\/uploads\/2017\/04\/home.png","width":497,"height":512,"caption":"Museo Fratelli Cozzi"},"image":{"@id":"https:\/\/www.museofratellicozzi.com\/news\/#\/schema\/logo\/image\/"}},{"@type":"Person","@id":"https:\/\/www.museofratellicozzi.com\/news\/#\/schema\/person\/9c1de5abfab71104e0bfe41cca1b7072","name":"Laura Defendi","image":{"@type":"ImageObject","inLanguage":"it-IT","@id":"https:\/\/www.museofratellicozzi.com\/news\/#\/schema\/person\/image\/","url":"https:\/\/secure.gravatar.com\/avatar\/fa196a116a28416a994aad4b629b4ae8?s=96&d=mm&r=g","contentUrl":"https:\/\/secure.gravatar.com\/avatar\/fa196a116a28416a994aad4b629b4ae8?s=96&d=mm&r=g","caption":"Laura Defendi"}}]}},"jetpack_featured_media_url":"https:\/\/www.museofratellicozzi.com\/news\/wp-content\/uploads\/2017\/12\/IMG_20171219_1219371-e1513682828919.jpg","jetpack_shortlink":"https:\/\/wp.me\/p90Eth-1qn","jetpack_sharing_enabled":true,"post_mailing_queue_ids":[],"_links":{"self":[{"href":"https:\/\/www.museofratellicozzi.com\/news\/wp-json\/wp\/v2\/posts\/5479","targetHints":{"allow":["GET"]}}],"collection":[{"href":"https:\/\/www.museofratellicozzi.com\/news\/wp-json\/wp\/v2\/posts"}],"about":[{"href":"https:\/\/www.museofratellicozzi.com\/news\/wp-json\/wp\/v2\/types\/post"}],"author":[{"embeddable":true,"href":"https:\/\/www.museofratellicozzi.com\/news\/wp-json\/wp\/v2\/users\/5"}],"replies":[{"embeddable":true,"href":"https:\/\/www.museofratellicozzi.com\/news\/wp-json\/wp\/v2\/comments?post=5479"}],"version-history":[{"count":6,"href":"https:\/\/www.museofratellicozzi.com\/news\/wp-json\/wp\/v2\/posts\/5479\/revisions"}],"predecessor-version":[{"id":11664,"href":"https:\/\/www.museofratellicozzi.com\/news\/wp-json\/wp\/v2\/posts\/5479\/revisions\/11664"}],"wp:featuredmedia":[{"embeddable":true,"href":"https:\/\/www.museofratellicozzi.com\/news\/wp-json\/wp\/v2\/media\/5488"}],"wp:attachment":[{"href":"https:\/\/www.museofratellicozzi.com\/news\/wp-json\/wp\/v2\/media?parent=5479"}],"wp:term":[{"taxonomy":"category","embeddable":true,"href":"https:\/\/www.museofratellicozzi.com\/news\/wp-json\/wp\/v2\/categories?post=5479"},{"taxonomy":"post_tag","embeddable":true,"href":"https:\/\/www.museofratellicozzi.com\/news\/wp-json\/wp\/v2\/tags?post=5479"}],"curies":[{"name":"wp","href":"https:\/\/api.w.org\/{rel}","templated":true}]}}