{"id":5992,"date":"2018-03-25T01:00:28","date_gmt":"2018-03-24T23:00:28","guid":{"rendered":"https:\/\/news.museofratellicozzi.com\/?p=5992"},"modified":"2021-01-29T15:33:51","modified_gmt":"2021-01-29T14:33:51","slug":"ugo-gobbato","status":"publish","type":"post","link":"https:\/\/www.museofratellicozzi.com\/news\/ugo-gobbato\/","title":{"rendered":"Ugo  Gobbato, un grande manager  dell\u2019Alfa Romeo"},"content":{"rendered":"\n\n[et_pb_section fb_built=&#8221;1&#8243; custom_padding=&#8221;0px|||&#8221; custom_width_percent=&#8221;80&#8243; admin_label=&#8221;Sezione&#8221;][et_pb_row make_fullwidth=&#8221;on&#8221; custom_width_percent=&#8221;80&#8243; use_custom_gutter=&#8221;on&#8221; gutter_width=&#8221;1&#8243; custom_padding=&#8221;0px|||&#8221; parallax_method_1=&#8221;off&#8221; disabled_on=&#8221;off|off|off&#8221; admin_label=&#8221;Riga&#8221;][et_pb_column type=&#8221;4_4&#8243; parallax=&#8221;off&#8221; parallax_method=&#8221;off&#8221;][et_pb_video src=&#8221;https:\/\/youtu.be\/dnqQEYAnqqI&#8221; admin_label=&#8221;Video&#8221;][\/et_pb_video][\/et_pb_column][\/et_pb_row][et_pb_row custom_width_percent=&#8221;80&#8243; custom_padding=&#8221;20px||0px|&#8221; parallax_method_1=&#8221;off&#8221; admin_label=&#8221;Riga&#8221;][et_pb_column type=&#8221;4_4&#8243; parallax=&#8221;off&#8221; parallax_method=&#8221;off&#8221;][et_pb_text admin_label=&#8221;Categoria&#8221; header_font_size=&#8221;30&#8243; header_letter_spacing=&#8221;0&#8243; header_line_height=&#8221;1&#8243; text_text_color=&#8221;#bcbcbc&#8221; text_letter_spacing=&#8221;2&#8243; text_line_height=&#8221;1.7&#8243; custom_margin=&#8221;||10px|&#8221; custom_margin_last_edited=&#8221;on|tablet&#8221;]\n\nELVIRA RACCONTA\n\n[\/et_pb_text][et_pb_text admin_label=&#8221;Titolo&#8221; header_font=&#8221;PT Sans||||&#8221; header_font_size=&#8221;50&#8243; header_text_color=&#8221;#000000&#8243; header_letter_spacing=&#8221;0&#8243; header_line_height=&#8221;1.3&#8243; text_font=&#8221;PT Sans||||&#8221; text_font_size=&#8221;50&#8243; text_font_size_tablet=&#8221;60&#8243; text_font_size_last_edited=&#8221;on|desktop&#8221; text_text_color=&#8221;#000000&#8243; text_letter_spacing=&#8221;0&#8243; text_letter_spacing_last_edited=&#8221;on|desktop&#8221; text_line_height=&#8221;1.1&#8243; text_line_height_last_edited=&#8221;on|&#8221; custom_margin=&#8221;0px||0px|&#8221;]\n\nUgo Gobbato, un grande manager dell\u2019Alfa Romeo\n\n[\/et_pb_text][et_pb_text admin_label=&#8221;Data&#8221; header_font_size=&#8221;30&#8243; header_letter_spacing=&#8221;0&#8243; header_line_height=&#8221;1&#8243; text_font=&#8221;PT Sans|on|||&#8221; text_font_size=&#8221;18&#8243; text_text_color=&#8221;#363636&#8243; text_letter_spacing=&#8221;0&#8243; text_line_height=&#8221;1.7&#8243; custom_margin=&#8221;10px||0px|&#8221;]\n\n \n\n24 marzo 2018\n\n \n\n[\/et_pb_text][\/et_pb_column][\/et_pb_row][\/et_pb_section][et_pb_section fb_built=&#8221;1&#8243; background_color=&#8221;#f7f7f4&#8243; custom_width_percent=&#8221;80&#8243; admin_label=&#8221;Section&#8221;][et_pb_row custom_width_percent=&#8221;80&#8243; custom_padding=&#8221;0px||17px|&#8221; column_padding_mobile=&#8221;on&#8221; parallax_method_1=&#8221;off&#8221; parallax_method_2=&#8221;off&#8221; admin_label=&#8221;row&#8221;][et_pb_column type=&#8221;1_3&#8243; parallax=&#8221;off&#8221; parallax_method=&#8221;off&#8221; column_padding_mobile=&#8221;on&#8221;][\/et_pb_column][et_pb_column type=&#8221;2_3&#8243; parallax=&#8221;off&#8221; parallax_method=&#8221;off&#8221; column_padding_mobile=&#8221;on&#8221;][et_pb_text max_width=&#8221;620px&#8221; admin_label=&#8221;Occhiello&#8221; header_font_size=&#8221;30&#8243; header_letter_spacing=&#8221;0&#8243; header_line_height=&#8221;1&#8243; text_font=&#8221;PT Sans|on|||&#8221; text_font_size=&#8221;24&#8243; text_font_size_last_edited=&#8221;on|desktop&#8221; text_text_color=&#8221;#363636&#8243; text_letter_spacing=&#8221;0&#8243; text_line_height=&#8221;1.4&#8243; custom_margin=&#8221;10px||0px|&#8221;]\n<p class=\"\"><span style=\"font-family: 'PTSans',Helvetica,Arial,Lucida,sans-serif;\"><b>Un grande uomo Alfa, raccontato dalla nostra &#8220;Signora in rosso&#8221; Elvira Ruocco, un&#8217;altra pagina di storia  imperdibile da condividere con gli amici alfisti. <\/b><\/span><\/p>\n[\/et_pb_text][et_pb_text max_width=&#8221;620px&#8221; admin_label=&#8221;Blocco testo 1&#8243; header_font_size=&#8221;30&#8243; header_letter_spacing=&#8221;0&#8243; header_line_height=&#8221;1&#8243; text_font=&#8221;PT Sans||||&#8221; text_font_size=&#8221;20&#8243; text_font_size_last_edited=&#8221;on|tablet&#8221; text_text_color=&#8221;#363636&#8243; text_letter_spacing=&#8221;0&#8243; text_line_height=&#8221;1.5&#8243; custom_margin=&#8221;30px||0px|&#8221;] Ugo Gobbato nacque nel 1888 a Volpago di Montello, vicino a Trieste da una famiglia di piccoli agricoltori. Comp\u00ec studi tecnici e si laure\u00f2 in ingegneria. Dopo esperienze in piccole aziende entr\u00f2 alla Ercole Marelli e dopo la prima guerra mondiale entr\u00f2 in Fiat e, nel giro di due anni, divent\u00f2 direttore di tutto il complesso del Lingotto dove rimase dal 1921 al 1929, anno in cui la Fiat gli assegn\u00f2 compiti all\u2019estero: prima in Germania, poi in Spagna dove conobbe l\u2019ing. Ricart che arriver\u00e0 all\u2019Alfa Romeo nell\u2019ottobre del 1936. Nel 1931 fu inviato a Mosca per costruire il primo stabilimento russo di cuscinetti a sfera. [\/et_pb_text][\/et_pb_column][\/et_pb_row][et_pb_row custom_width_percent=&#8221;80&#8243; custom_padding=&#8221;0px|||&#8221; padding_mobile=&#8221;on&#8221; column_padding_mobile=&#8221;on&#8221; parallax_method_1=&#8221;off&#8221; parallax_method_2=&#8221;off&#8221; admin_label=&#8221;row&#8221;][et_pb_column type=&#8221;1_2&#8243; parallax=&#8221;off&#8221; parallax_method=&#8221;off&#8221; column_padding_mobile=&#8221;on&#8221;][\/et_pb_column][et_pb_column type=&#8221;1_2&#8243; parallax=&#8221;off&#8221; parallax_method=&#8221;off&#8221; column_padding_mobile=&#8221;on&#8221;][et_pb_image src=&#8221;https:\/\/www.museofratellicozzi.com\/news\/wp-content\/uploads\/2018\/03\/ugo-gobbato-2.png&#8221; admin_label=&#8221;Immagine&#8221;]\n\n[\/et_pb_image][\/et_pb_column][\/et_pb_row][et_pb_row custom_width_percent=&#8221;80&#8243; custom_padding=&#8221;0px|||&#8221; padding_mobile=&#8221;on&#8221; column_padding_mobile=&#8221;on&#8221; parallax_method_1=&#8221;off&#8221; parallax_method_2=&#8221;off&#8221; admin_label=&#8221;row&#8221;][et_pb_column type=&#8221;1_3&#8243; parallax=&#8221;off&#8221; parallax_method=&#8221;off&#8221; column_padding_mobile=&#8221;on&#8221;][\/et_pb_column][et_pb_column type=&#8221;2_3&#8243; parallax=&#8221;off&#8221; parallax_method=&#8221;off&#8221; column_padding_mobile=&#8221;on&#8221;][et_pb_text max_width=&#8221;620px&#8221; admin_label=&#8221;Blocco testo 1&#8243; header_font_size=&#8221;30&#8243; header_letter_spacing=&#8221;0&#8243; header_line_height=&#8221;1&#8243; text_font=&#8221;PT Sans||||&#8221; text_font_size=&#8221;20&#8243; text_font_size_last_edited=&#8221;on|tablet&#8221; text_text_color=&#8221;#363636&#8243; text_letter_spacing=&#8221;0&#8243; text_line_height=&#8221;1.5&#8243; custom_margin=&#8221;30px||0px|&#8221;]\n\nNel mese di dicembre del 1933 fu chiamato in Alfa su diretta richiesta di Mussolini e con il benestare della Fiat che probabilmente pensava che sarebbe stato un bene avere all\u2019Alfa una persona che avesse rapporti stretti con l\u2019azienda torinese. Ma negli anni in cui fu all\u2019Alfa (1933-1945) , Gobbato fu spesso in contrasto con la Fiat, lavor\u00f2 con notevole impegno per far crescere l\u2019Alfa Romeo fino a farle conquistare una grossa fetta di mercato nel settore dei motori di aviazione a spese del gruppo Caproni e della stessa Fiat. Realizz\u00f2, inoltre, una importante riorganizzazione dello stabilimento del Portello superando ostacoli tecnici, di formazione professionale e di reclutamento di manodopera.\n\n[\/et_pb_text][\/et_pb_column][\/et_pb_row][et_pb_row custom_width_percent=&#8221;80&#8243; custom_padding=&#8221;0px|||&#8221; padding_mobile=&#8221;on&#8221; column_padding_mobile=&#8221;on&#8221; parallax_method_1=&#8221;off&#8221; parallax_method_2=&#8221;off&#8221; admin_label=&#8221;row&#8221;][et_pb_column type=&#8221;1_2&#8243; parallax=&#8221;off&#8221; parallax_method=&#8221;off&#8221; column_padding_mobile=&#8221;on&#8221;][\/et_pb_column][et_pb_column type=&#8221;1_2&#8243; parallax=&#8221;off&#8221; parallax_method=&#8221;off&#8221; column_padding_mobile=&#8221;on&#8221;][et_pb_image src=&#8221;https:\/\/www.museofratellicozzi.com\/news\/wp-content\/uploads\/2018\/03\/tl_1945a.jpg&#8221; admin_label=&#8221;Immagine&#8221;]\n\n[\/et_pb_image][\/et_pb_column][\/et_pb_row][et_pb_row custom_width_percent=&#8221;80&#8243; custom_padding=&#8221;0px|||&#8221; padding_mobile=&#8221;on&#8221; column_padding_mobile=&#8221;on&#8221; parallax_method_1=&#8221;off&#8221; parallax_method_2=&#8221;off&#8221; admin_label=&#8221;row&#8221;][et_pb_column type=&#8221;1_3&#8243; parallax=&#8221;off&#8221; parallax_method=&#8221;off&#8221; column_padding_mobile=&#8221;on&#8221;][\/et_pb_column][et_pb_column type=&#8221;2_3&#8243; parallax=&#8221;off&#8221; parallax_method=&#8221;off&#8221; column_padding_mobile=&#8221;on&#8221;][et_pb_text max_width=&#8221;620px&#8221; admin_label=&#8221;Blocco testo 1&#8243; header_font_size=&#8221;30&#8243; header_letter_spacing=&#8221;0&#8243; header_line_height=&#8221;1&#8243; text_font=&#8221;PT Sans||||&#8221; text_font_size=&#8221;20&#8243; text_font_size_last_edited=&#8221;on|tablet&#8221; text_text_color=&#8221;#363636&#8243; text_letter_spacing=&#8221;0&#8243; text_line_height=&#8221;1.5&#8243; custom_margin=&#8221;30px||0px|&#8221;]\n\nLo stabilimento aeronautico di San Martino a Pomigliano d\u2019Arco (NA), i cui lavori iniziarono nel 1938, lo pianific\u00f2 ex-novo e per lui fu una grossa sfida come si desume da alcune sue espressioni: \u201cbisogna agire a Pomigliano con fede di apostolo ed entusiasmo\u201d, e ancora: \u201cin questa fabbrica vogliano che regni la pi\u00f9 perfetta armonia e vogliamo soprattutto che tutto sia cristallino, dal punto di vista dei lavori, della gestione e delle commesse\u201d.\n\nGobbato era un uomo di officina, girava moltissimo nella fabbrica, non solo per osservare il comportamento del personale, ma per poter scambiare qualche parola d\u2019incitamento e per fare, quando occorreva, qualche correzione o per controllare la buona esecuzione tecnica del lavoro.\n\nL\u2019epilogo \u00e8 purtroppo noto: Ugo Gobbato fu ucciso il 28 aprile del 1945. Mentre tornava in bicicletta dal proprio ufficio, venne raggiunto da una vettura Lancia Augusta blu con tre uomini armati a bordo, nei pressi di via Domodossola, in zona Fiera i quali fecero fuoco uccidendolo. L\u2019industria italiana perse un grande manager, un uomo che avrebbe potuto dare un importante contributo all\u2019industria e alla societ\u00e0 italiana del dopoguerra.\n\n[\/et_pb_text][\/et_pb_column][\/et_pb_row][et_pb_row custom_width_percent=&#8221;80&#8243; custom_padding=&#8221;0px|||&#8221; padding_mobile=&#8221;on&#8221; column_padding_mobile=&#8221;on&#8221; parallax_method_1=&#8221;off&#8221; parallax_method_2=&#8221;off&#8221; admin_label=&#8221;row&#8221;][et_pb_column type=&#8221;1_3&#8243; parallax=&#8221;off&#8221; parallax_method=&#8221;off&#8221; column_padding_mobile=&#8221;on&#8221;][\/et_pb_column][et_pb_column type=&#8221;2_3&#8243; parallax=&#8221;off&#8221; parallax_method=&#8221;off&#8221; column_padding_mobile=&#8221;on&#8221;][\/et_pb_column][\/et_pb_row][et_pb_row custom_width_percent=&#8221;80&#8243; custom_padding=&#8221;0px|||&#8221; padding_mobile=&#8221;on&#8221; column_padding_mobile=&#8221;on&#8221; parallax_method_1=&#8221;off&#8221; parallax_method_2=&#8221;off&#8221; admin_label=&#8221;row&#8221;][et_pb_column type=&#8221;1_2&#8243; parallax=&#8221;off&#8221; parallax_method=&#8221;off&#8221; column_padding_mobile=&#8221;on&#8221;][et_pb_image src=&#8221;https:\/\/www.museofratellicozzi.com\/news\/wp-content\/uploads\/2017\/02\/elvira-ruocco-alfa-romeo-fratelli-cozzi-28.jpg&#8221; admin_label=&#8221;Immagine&#8221;]\n\n[\/et_pb_image][\/et_pb_column][et_pb_column type=&#8221;1_2&#8243; parallax=&#8221;off&#8221; parallax_method=&#8221;off&#8221; column_padding_mobile=&#8221;on&#8221;][et_pb_text admin_label=&#8221;Testo&#8221; header_font_size=&#8221;30&#8243; header_font_size_tablet=&#8221;30&#8243; header_font_size_phone=&#8221;30&#8243; header_letter_spacing=&#8221;0&#8243; header_letter_spacing_tablet=&#8221;0&#8243; header_letter_spacing_phone=&#8221;0&#8243; header_line_height=&#8221;1&#8243; header_line_height_tablet=&#8221;1&#8243; header_line_height_phone=&#8221;1&#8243; text_letter_spacing=&#8221;0&#8243; text_letter_spacing_tablet=&#8221;0&#8243; text_letter_spacing_phone=&#8221;0&#8243; text_line_height=&#8221;1.7&#8243; text_line_height_tablet=&#8221;1.7&#8243; text_line_height_phone=&#8221;1.7&#8243;]\n<div class=\"et_pb_row et_pb_row_5\">\n<div class=\"et_pb_column et_pb_column_1_2 et_pb_column_9\">\n<div class=\"et_pb_text et_pb_module et_pb_bg_layout_light et_pb_text_align_left et_pb_text_8\">\n<p style=\"text-align: left;\"><i>Elvira Ruocco Memoria storica dell\u2019Alfa Romeo grazie alla sua ultra ventennale esperienza presso il Centro di Documentazione Storica Alfa Romeo, \u00e8 entra a far parte del team del Museo e nella rubrica \u201cElvira Racconta\u201d condivider\u00e0 curiosit\u00e0 e aneddoti che non si  conoscono o non si ricordano. Ripercorreremo insieme a lei la leggendaria storia dell\u2019Alfa Romeo<\/i><b><i>.<\/i><\/b><\/p>\n<\/div>\n<\/div>\n<\/div>\n<p style=\"text-align: left;\"><\/p>\n[\/et_pb_text][\/et_pb_column][\/et_pb_row][\/et_pb_section]\n\n","protected":false},"excerpt":{"rendered":"","protected":false},"author":5,"featured_media":5996,"comment_status":"closed","ping_status":"closed","sticky":false,"template":"","format":"standard","meta":{"_et_pb_use_builder":"on","_et_pb_old_content":"","_et_gb_content_width":"","_jetpack_memberships_contains_paid_content":false,"footnotes":""},"categories":[88],"tags":[21,46,300],"class_list":["post-5992","post","type-post","status-publish","format-standard","has-post-thumbnail","hentry","category-elvira-racconta","tag-alfa-romeo","tag-elvira-ruocco","tag-ugo-gobbato","et-has-post-format-content","et_post_format-et-post-format-standard"],"yoast_head":"<!-- This site is optimized with the Yoast SEO plugin v26.8 - https:\/\/yoast.com\/product\/yoast-seo-wordpress\/ -->\n<title>Ugo Gobbato, un grande manager dell\u2019Alfa Romeo Museo Fratelli Cozzi<\/title>\n<meta name=\"description\" content=\"Un grande uomo Alfa Raccontato dalla nostra Signora in rosso Elvira Ruocco, per la rubrica &quot;Elvira Racconta&quot;\" \/>\n<meta name=\"robots\" content=\"index, follow, max-snippet:-1, max-image-preview:large, max-video-preview:-1\" \/>\n<link rel=\"canonical\" href=\"https:\/\/www.museofratellicozzi.com\/news\/ugo-gobbato\/\" \/>\n<meta property=\"og:locale\" content=\"it_IT\" \/>\n<meta property=\"og:type\" content=\"article\" \/>\n<meta property=\"og:title\" content=\"Ugo Gobbato, un grande manager dell\u2019Alfa Romeo Museo Fratelli Cozzi\" \/>\n<meta property=\"og:description\" content=\"Un grande uomo Alfa Raccontato dalla nostra Signora in rosso Elvira Ruocco, per la rubrica &quot;Elvira Racconta&quot;\" \/>\n<meta property=\"og:url\" content=\"https:\/\/www.museofratellicozzi.com\/news\/ugo-gobbato\/\" \/>\n<meta property=\"og:site_name\" content=\"eNews Museo Fratelli Cozzi\" \/>\n<meta property=\"article:published_time\" content=\"2018-03-24T23:00:28+00:00\" \/>\n<meta property=\"article:modified_time\" content=\"2021-01-29T14:33:51+00:00\" \/>\n<meta property=\"og:image\" content=\"https:\/\/www.museofratellicozzi.com\/news\/wp-content\/uploads\/2018\/03\/ugo-gobbato-2.png\" \/>\n\t<meta property=\"og:image:width\" content=\"887\" \/>\n\t<meta property=\"og:image:height\" content=\"556\" \/>\n\t<meta property=\"og:image:type\" content=\"image\/png\" \/>\n<meta name=\"author\" content=\"Laura Defendi\" \/>\n<meta name=\"twitter:card\" content=\"summary_large_image\" \/>\n<meta name=\"twitter:label1\" content=\"Scritto da\" \/>\n\t<meta name=\"twitter:data1\" content=\"Laura Defendi\" \/>\n\t<meta name=\"twitter:label2\" content=\"Tempo di lettura stimato\" \/>\n\t<meta name=\"twitter:data2\" content=\"4 minuti\" \/>\n<script type=\"application\/ld+json\" class=\"yoast-schema-graph\">{\"@context\":\"https:\/\/schema.org\",\"@graph\":[{\"@type\":\"Article\",\"@id\":\"https:\/\/www.museofratellicozzi.com\/news\/ugo-gobbato\/#article\",\"isPartOf\":{\"@id\":\"https:\/\/www.museofratellicozzi.com\/news\/ugo-gobbato\/\"},\"author\":{\"name\":\"Laura Defendi\",\"@id\":\"https:\/\/www.museofratellicozzi.com\/news\/#\/schema\/person\/9c1de5abfab71104e0bfe41cca1b7072\"},\"headline\":\"Ugo Gobbato, un grande manager dell\u2019Alfa Romeo\",\"datePublished\":\"2018-03-24T23:00:28+00:00\",\"dateModified\":\"2021-01-29T14:33:51+00:00\",\"mainEntityOfPage\":{\"@id\":\"https:\/\/www.museofratellicozzi.com\/news\/ugo-gobbato\/\"},\"wordCount\":1505,\"publisher\":{\"@id\":\"https:\/\/www.museofratellicozzi.com\/news\/#organization\"},\"image\":{\"@id\":\"https:\/\/www.museofratellicozzi.com\/news\/ugo-gobbato\/#primaryimage\"},\"thumbnailUrl\":\"https:\/\/www.museofratellicozzi.com\/news\/wp-content\/uploads\/2018\/03\/ugo-gobbato-2.png\",\"keywords\":[\"alfa romeo\",\"Elvira ruocco\",\"ugo gobbato\"],\"articleSection\":[\"Elvira Racconta: storie d'archivio raccontate da Elvira Ruocco\"],\"inLanguage\":\"it-IT\"},{\"@type\":\"WebPage\",\"@id\":\"https:\/\/www.museofratellicozzi.com\/news\/ugo-gobbato\/\",\"url\":\"https:\/\/www.museofratellicozzi.com\/news\/ugo-gobbato\/\",\"name\":\"Ugo Gobbato, un grande manager dell\u2019Alfa Romeo Museo Fratelli Cozzi\",\"isPartOf\":{\"@id\":\"https:\/\/www.museofratellicozzi.com\/news\/#website\"},\"primaryImageOfPage\":{\"@id\":\"https:\/\/www.museofratellicozzi.com\/news\/ugo-gobbato\/#primaryimage\"},\"image\":{\"@id\":\"https:\/\/www.museofratellicozzi.com\/news\/ugo-gobbato\/#primaryimage\"},\"thumbnailUrl\":\"https:\/\/www.museofratellicozzi.com\/news\/wp-content\/uploads\/2018\/03\/ugo-gobbato-2.png\",\"datePublished\":\"2018-03-24T23:00:28+00:00\",\"dateModified\":\"2021-01-29T14:33:51+00:00\",\"description\":\"Un grande uomo Alfa Raccontato dalla nostra Signora in rosso Elvira Ruocco, per la rubrica \\\"Elvira Racconta\\\"\",\"breadcrumb\":{\"@id\":\"https:\/\/www.museofratellicozzi.com\/news\/ugo-gobbato\/#breadcrumb\"},\"inLanguage\":\"it-IT\",\"potentialAction\":[{\"@type\":\"ReadAction\",\"target\":[\"https:\/\/www.museofratellicozzi.com\/news\/ugo-gobbato\/\"]}]},{\"@type\":\"ImageObject\",\"inLanguage\":\"it-IT\",\"@id\":\"https:\/\/www.museofratellicozzi.com\/news\/ugo-gobbato\/#primaryimage\",\"url\":\"https:\/\/www.museofratellicozzi.com\/news\/wp-content\/uploads\/2018\/03\/ugo-gobbato-2.png\",\"contentUrl\":\"https:\/\/www.museofratellicozzi.com\/news\/wp-content\/uploads\/2018\/03\/ugo-gobbato-2.png\",\"width\":887,\"height\":556,\"caption\":\"Immagini dal web\"},{\"@type\":\"BreadcrumbList\",\"@id\":\"https:\/\/www.museofratellicozzi.com\/news\/ugo-gobbato\/#breadcrumb\",\"itemListElement\":[{\"@type\":\"ListItem\",\"position\":1,\"name\":\"Home\",\"item\":\"https:\/\/www.museofratellicozzi.com\/news\/\"},{\"@type\":\"ListItem\",\"position\":2,\"name\":\"Ugo Gobbato, un grande manager dell\u2019Alfa Romeo\"}]},{\"@type\":\"WebSite\",\"@id\":\"https:\/\/www.museofratellicozzi.com\/news\/#website\",\"url\":\"https:\/\/www.museofratellicozzi.com\/news\/\",\"name\":\"eNews Museo Fratelli Cozzi\",\"description\":\"Alfa Romeo: un mito che resiste al tempo\",\"publisher\":{\"@id\":\"https:\/\/www.museofratellicozzi.com\/news\/#organization\"},\"potentialAction\":[{\"@type\":\"SearchAction\",\"target\":{\"@type\":\"EntryPoint\",\"urlTemplate\":\"https:\/\/www.museofratellicozzi.com\/news\/?s={search_term_string}\"},\"query-input\":{\"@type\":\"PropertyValueSpecification\",\"valueRequired\":true,\"valueName\":\"search_term_string\"}}],\"inLanguage\":\"it-IT\"},{\"@type\":\"Organization\",\"@id\":\"https:\/\/www.museofratellicozzi.com\/news\/#organization\",\"name\":\"Museo Fratelli Cozzi\",\"url\":\"https:\/\/www.museofratellicozzi.com\/news\/\",\"logo\":{\"@type\":\"ImageObject\",\"inLanguage\":\"it-IT\",\"@id\":\"https:\/\/www.museofratellicozzi.com\/news\/#\/schema\/logo\/image\/\",\"url\":\"https:\/\/www.museofratellicozzi.com\/news\/wp-content\/uploads\/2017\/04\/home.png\",\"contentUrl\":\"https:\/\/www.museofratellicozzi.com\/news\/wp-content\/uploads\/2017\/04\/home.png\",\"width\":497,\"height\":512,\"caption\":\"Museo Fratelli Cozzi\"},\"image\":{\"@id\":\"https:\/\/www.museofratellicozzi.com\/news\/#\/schema\/logo\/image\/\"}},{\"@type\":\"Person\",\"@id\":\"https:\/\/www.museofratellicozzi.com\/news\/#\/schema\/person\/9c1de5abfab71104e0bfe41cca1b7072\",\"name\":\"Laura Defendi\",\"image\":{\"@type\":\"ImageObject\",\"inLanguage\":\"it-IT\",\"@id\":\"https:\/\/www.museofratellicozzi.com\/news\/#\/schema\/person\/image\/\",\"url\":\"https:\/\/secure.gravatar.com\/avatar\/fa196a116a28416a994aad4b629b4ae8?s=96&d=mm&r=g\",\"contentUrl\":\"https:\/\/secure.gravatar.com\/avatar\/fa196a116a28416a994aad4b629b4ae8?s=96&d=mm&r=g\",\"caption\":\"Laura Defendi\"}}]}<\/script>\n<!-- \/ Yoast SEO plugin. -->","yoast_head_json":{"title":"Ugo Gobbato, un grande manager dell\u2019Alfa Romeo Museo Fratelli Cozzi","description":"Un grande uomo Alfa Raccontato dalla nostra Signora in rosso Elvira Ruocco, per la rubrica \"Elvira Racconta\"","robots":{"index":"index","follow":"follow","max-snippet":"max-snippet:-1","max-image-preview":"max-image-preview:large","max-video-preview":"max-video-preview:-1"},"canonical":"https:\/\/www.museofratellicozzi.com\/news\/ugo-gobbato\/","og_locale":"it_IT","og_type":"article","og_title":"Ugo Gobbato, un grande manager dell\u2019Alfa Romeo Museo Fratelli Cozzi","og_description":"Un grande uomo Alfa Raccontato dalla nostra Signora in rosso Elvira Ruocco, per la rubrica \"Elvira Racconta\"","og_url":"https:\/\/www.museofratellicozzi.com\/news\/ugo-gobbato\/","og_site_name":"eNews Museo Fratelli Cozzi","article_published_time":"2018-03-24T23:00:28+00:00","article_modified_time":"2021-01-29T14:33:51+00:00","og_image":[{"width":887,"height":556,"url":"https:\/\/www.museofratellicozzi.com\/news\/wp-content\/uploads\/2018\/03\/ugo-gobbato-2.png","type":"image\/png"}],"author":"Laura Defendi","twitter_card":"summary_large_image","twitter_misc":{"Scritto da":"Laura Defendi","Tempo di lettura stimato":"4 minuti"},"schema":{"@context":"https:\/\/schema.org","@graph":[{"@type":"Article","@id":"https:\/\/www.museofratellicozzi.com\/news\/ugo-gobbato\/#article","isPartOf":{"@id":"https:\/\/www.museofratellicozzi.com\/news\/ugo-gobbato\/"},"author":{"name":"Laura Defendi","@id":"https:\/\/www.museofratellicozzi.com\/news\/#\/schema\/person\/9c1de5abfab71104e0bfe41cca1b7072"},"headline":"Ugo Gobbato, un grande manager dell\u2019Alfa Romeo","datePublished":"2018-03-24T23:00:28+00:00","dateModified":"2021-01-29T14:33:51+00:00","mainEntityOfPage":{"@id":"https:\/\/www.museofratellicozzi.com\/news\/ugo-gobbato\/"},"wordCount":1505,"publisher":{"@id":"https:\/\/www.museofratellicozzi.com\/news\/#organization"},"image":{"@id":"https:\/\/www.museofratellicozzi.com\/news\/ugo-gobbato\/#primaryimage"},"thumbnailUrl":"https:\/\/www.museofratellicozzi.com\/news\/wp-content\/uploads\/2018\/03\/ugo-gobbato-2.png","keywords":["alfa romeo","Elvira ruocco","ugo gobbato"],"articleSection":["Elvira Racconta: storie d'archivio raccontate da Elvira Ruocco"],"inLanguage":"it-IT"},{"@type":"WebPage","@id":"https:\/\/www.museofratellicozzi.com\/news\/ugo-gobbato\/","url":"https:\/\/www.museofratellicozzi.com\/news\/ugo-gobbato\/","name":"Ugo Gobbato, un grande manager dell\u2019Alfa Romeo Museo Fratelli Cozzi","isPartOf":{"@id":"https:\/\/www.museofratellicozzi.com\/news\/#website"},"primaryImageOfPage":{"@id":"https:\/\/www.museofratellicozzi.com\/news\/ugo-gobbato\/#primaryimage"},"image":{"@id":"https:\/\/www.museofratellicozzi.com\/news\/ugo-gobbato\/#primaryimage"},"thumbnailUrl":"https:\/\/www.museofratellicozzi.com\/news\/wp-content\/uploads\/2018\/03\/ugo-gobbato-2.png","datePublished":"2018-03-24T23:00:28+00:00","dateModified":"2021-01-29T14:33:51+00:00","description":"Un grande uomo Alfa Raccontato dalla nostra Signora in rosso Elvira Ruocco, per la rubrica \"Elvira Racconta\"","breadcrumb":{"@id":"https:\/\/www.museofratellicozzi.com\/news\/ugo-gobbato\/#breadcrumb"},"inLanguage":"it-IT","potentialAction":[{"@type":"ReadAction","target":["https:\/\/www.museofratellicozzi.com\/news\/ugo-gobbato\/"]}]},{"@type":"ImageObject","inLanguage":"it-IT","@id":"https:\/\/www.museofratellicozzi.com\/news\/ugo-gobbato\/#primaryimage","url":"https:\/\/www.museofratellicozzi.com\/news\/wp-content\/uploads\/2018\/03\/ugo-gobbato-2.png","contentUrl":"https:\/\/www.museofratellicozzi.com\/news\/wp-content\/uploads\/2018\/03\/ugo-gobbato-2.png","width":887,"height":556,"caption":"Immagini dal web"},{"@type":"BreadcrumbList","@id":"https:\/\/www.museofratellicozzi.com\/news\/ugo-gobbato\/#breadcrumb","itemListElement":[{"@type":"ListItem","position":1,"name":"Home","item":"https:\/\/www.museofratellicozzi.com\/news\/"},{"@type":"ListItem","position":2,"name":"Ugo Gobbato, un grande manager dell\u2019Alfa Romeo"}]},{"@type":"WebSite","@id":"https:\/\/www.museofratellicozzi.com\/news\/#website","url":"https:\/\/www.museofratellicozzi.com\/news\/","name":"eNews Museo Fratelli Cozzi","description":"Alfa Romeo: un mito che resiste al tempo","publisher":{"@id":"https:\/\/www.museofratellicozzi.com\/news\/#organization"},"potentialAction":[{"@type":"SearchAction","target":{"@type":"EntryPoint","urlTemplate":"https:\/\/www.museofratellicozzi.com\/news\/?s={search_term_string}"},"query-input":{"@type":"PropertyValueSpecification","valueRequired":true,"valueName":"search_term_string"}}],"inLanguage":"it-IT"},{"@type":"Organization","@id":"https:\/\/www.museofratellicozzi.com\/news\/#organization","name":"Museo Fratelli Cozzi","url":"https:\/\/www.museofratellicozzi.com\/news\/","logo":{"@type":"ImageObject","inLanguage":"it-IT","@id":"https:\/\/www.museofratellicozzi.com\/news\/#\/schema\/logo\/image\/","url":"https:\/\/www.museofratellicozzi.com\/news\/wp-content\/uploads\/2017\/04\/home.png","contentUrl":"https:\/\/www.museofratellicozzi.com\/news\/wp-content\/uploads\/2017\/04\/home.png","width":497,"height":512,"caption":"Museo Fratelli Cozzi"},"image":{"@id":"https:\/\/www.museofratellicozzi.com\/news\/#\/schema\/logo\/image\/"}},{"@type":"Person","@id":"https:\/\/www.museofratellicozzi.com\/news\/#\/schema\/person\/9c1de5abfab71104e0bfe41cca1b7072","name":"Laura Defendi","image":{"@type":"ImageObject","inLanguage":"it-IT","@id":"https:\/\/www.museofratellicozzi.com\/news\/#\/schema\/person\/image\/","url":"https:\/\/secure.gravatar.com\/avatar\/fa196a116a28416a994aad4b629b4ae8?s=96&d=mm&r=g","contentUrl":"https:\/\/secure.gravatar.com\/avatar\/fa196a116a28416a994aad4b629b4ae8?s=96&d=mm&r=g","caption":"Laura Defendi"}}]}},"jetpack_featured_media_url":"https:\/\/www.museofratellicozzi.com\/news\/wp-content\/uploads\/2018\/03\/ugo-gobbato-2.png","jetpack_shortlink":"https:\/\/wp.me\/p90Eth-1yE","jetpack_sharing_enabled":true,"post_mailing_queue_ids":[],"_links":{"self":[{"href":"https:\/\/www.museofratellicozzi.com\/news\/wp-json\/wp\/v2\/posts\/5992","targetHints":{"allow":["GET"]}}],"collection":[{"href":"https:\/\/www.museofratellicozzi.com\/news\/wp-json\/wp\/v2\/posts"}],"about":[{"href":"https:\/\/www.museofratellicozzi.com\/news\/wp-json\/wp\/v2\/types\/post"}],"author":[{"embeddable":true,"href":"https:\/\/www.museofratellicozzi.com\/news\/wp-json\/wp\/v2\/users\/5"}],"replies":[{"embeddable":true,"href":"https:\/\/www.museofratellicozzi.com\/news\/wp-json\/wp\/v2\/comments?post=5992"}],"version-history":[{"count":7,"href":"https:\/\/www.museofratellicozzi.com\/news\/wp-json\/wp\/v2\/posts\/5992\/revisions"}],"predecessor-version":[{"id":11798,"href":"https:\/\/www.museofratellicozzi.com\/news\/wp-json\/wp\/v2\/posts\/5992\/revisions\/11798"}],"wp:featuredmedia":[{"embeddable":true,"href":"https:\/\/www.museofratellicozzi.com\/news\/wp-json\/wp\/v2\/media\/5996"}],"wp:attachment":[{"href":"https:\/\/www.museofratellicozzi.com\/news\/wp-json\/wp\/v2\/media?parent=5992"}],"wp:term":[{"taxonomy":"category","embeddable":true,"href":"https:\/\/www.museofratellicozzi.com\/news\/wp-json\/wp\/v2\/categories?post=5992"},{"taxonomy":"post_tag","embeddable":true,"href":"https:\/\/www.museofratellicozzi.com\/news\/wp-json\/wp\/v2\/tags?post=5992"}],"curies":[{"name":"wp","href":"https:\/\/api.w.org\/{rel}","templated":true}]}}