{"id":7465,"date":"2019-01-28T18:18:32","date_gmt":"2019-01-28T17:18:32","guid":{"rendered":"https:\/\/news.museofratellicozzi.com\/?p=7465"},"modified":"2021-03-18T09:55:58","modified_gmt":"2021-03-18T08:55:58","slug":"in-tutte-le-lingue-del-mondo","status":"publish","type":"post","link":"https:\/\/www.museofratellicozzi.com\/news\/in-tutte-le-lingue-del-mondo\/","title":{"rendered":"In tutte le lingue del mondo"},"content":{"rendered":"\n[et_pb_section fb_built=&#8221;1&#8243; custom_padding=&#8221;0px|||&#8221; custom_width_percent=&#8221;80&#8243; admin_label=&#8221;Sezione&#8221;][et_pb_row make_fullwidth=&#8221;on&#8221; custom_width_percent=&#8221;80&#8243; use_custom_gutter=&#8221;on&#8221; gutter_width=&#8221;1&#8243; custom_padding=&#8221;0px|||&#8221; parallax_method_1=&#8221;off&#8221; disabled_on=&#8221;off|off|off&#8221; admin_label=&#8221;Riga&#8221;][et_pb_column type=&#8221;4_4&#8243; parallax=&#8221;off&#8221; parallax_method=&#8221;off&#8221;][et_pb_image src=&#8221;https:\/\/www.museofratellicozzi.com\/news\/wp-content\/uploads\/2019\/01\/muro-ti-amo-parigi.jpg&#8221; animation=&#8221;off&#8221; force_fullwidth=&#8221;on&#8221; admin_label=&#8221;Immagine principale&#8221;]\r\n\r\n[\/et_pb_image][\/et_pb_column][\/et_pb_row][et_pb_row custom_width_percent=&#8221;80&#8243; custom_padding=&#8221;20px||0px|&#8221; parallax_method_1=&#8221;off&#8221; admin_label=&#8221;Riga&#8221;][et_pb_column type=&#8221;4_4&#8243; parallax=&#8221;off&#8221; parallax_method=&#8221;off&#8221;][et_pb_text admin_label=&#8221;Categoria&#8221; header_font_size=&#8221;30&#8243; header_letter_spacing=&#8221;0&#8243; header_line_height=&#8221;1&#8243; text_text_color=&#8221;#bcbcbc&#8221; text_letter_spacing=&#8221;2&#8243; text_line_height=&#8221;1.7&#8243; custom_margin=&#8221;||10px|&#8221; custom_margin_last_edited=&#8221;on|tablet&#8221;]\r\n\r\n<strong>PASSIONE<\/strong>\r\n\r\n[\/et_pb_text][et_pb_text admin_label=&#8221;Titolo&#8221; header_font=&#8221;PT Sans||||&#8221; header_font_size=&#8221;48&#8243; header_font_size_tablet=&#8221;46&#8243; header_font_size_last_edited=&#8221;on|desktop&#8221; header_text_color=&#8221;#000000&#8243; header_letter_spacing=&#8221;0&#8243; header_line_height=&#8221;1.2&#8243; text_font=&#8221;PT Sans||||&#8221; text_font_size=&#8221;72&#8243; text_font_size_tablet=&#8221;60&#8243; text_font_size_last_edited=&#8221;on|desktop&#8221; text_text_color=&#8221;#000000&#8243; text_letter_spacing=&#8221;0&#8243; text_letter_spacing_last_edited=&#8221;on|desktop&#8221; text_line_height=&#8221;1.1&#8243; text_line_height_last_edited=&#8221;on|&#8221; custom_margin=&#8221;0px||0px|&#8221;]\r\n\r\nThat&#8217;s Amore\r\n\r\n[\/et_pb_text][et_pb_text admin_label=&#8221;Data&#8221; header_font_size=&#8221;30&#8243; header_letter_spacing=&#8221;0&#8243; header_line_height=&#8221;1&#8243; text_font=&#8221;PT Sans|on|||&#8221; text_font_size=&#8221;18&#8243; text_text_color=&#8221;#363636&#8243; text_letter_spacing=&#8221;0&#8243; text_line_height=&#8221;1.7&#8243; custom_margin=&#8221;10px||0px|&#8221;]\r\n\r\n24 gennaio, 2019\r\n\r\n[\/et_pb_text][\/et_pb_column][\/et_pb_row][\/et_pb_section][et_pb_section fb_built=&#8221;1&#8243; background_color=&#8221;#f7f7f4&#8243; custom_width_percent=&#8221;80&#8243; admin_label=&#8221;Section&#8221;][et_pb_row custom_width_percent=&#8221;80&#8243; custom_padding=&#8221;0px|||&#8221; padding_mobile=&#8221;on&#8221; column_padding_mobile=&#8221;on&#8221; parallax_method_1=&#8221;off&#8221; parallax_method_2=&#8221;off&#8221; admin_label=&#8221;row&#8221;][et_pb_column type=&#8221;1_3&#8243; parallax=&#8221;off&#8221; parallax_method=&#8221;off&#8221; column_padding_mobile=&#8221;on&#8221;][\/et_pb_column][et_pb_column type=&#8221;2_3&#8243; parallax=&#8221;off&#8221; parallax_method=&#8221;off&#8221; column_padding_mobile=&#8221;on&#8221;][et_pb_text max_width=&#8221;620px&#8221; admin_label=&#8221;Occhiello&#8221; header_font_size=&#8221;30&#8243; header_letter_spacing=&#8221;0&#8243; header_line_height=&#8221;1&#8243; text_font=&#8221;PT Sans|on|||&#8221; text_font_size=&#8221;24&#8243; text_font_size_last_edited=&#8221;on|desktop&#8221; text_text_color=&#8221;#363636&#8243; text_letter_spacing=&#8221;0&#8243; text_line_height=&#8221;1.4&#8243; custom_margin=&#8221;10px||0px|&#8221;]\r\n\r\nA Montmartre, una delle zone pi\u00f9 belle di Parigi, esiste &#8220;Il Muro dei ti amo&#8221;, un&#8217;opera realizzata da Jehan Rictus. Nei suoi 40 mq sono raccolti 311 &#8220;Ti amo&#8221; in 280 lingue del mondo. Noi non possiamo ancora vantare cifre cos\u00ec importanti, ma di sicuro le vostre 142 recensioni su Tripadvisor, scritte in 4 lingue diverse, ci fanno sentire molto amati.\r\n\r\n[\/et_pb_text][et_pb_text max_width=&#8221;620px&#8221; admin_label=&#8221;Blocco testo 1&#8243; header_font_size=&#8221;30&#8243; header_letter_spacing=&#8221;0&#8243; header_line_height=&#8221;1&#8243; text_font=&#8221;PT Sans||||&#8221; text_font_size=&#8221;20&#8243; text_font_size_last_edited=&#8221;on|tablet&#8221; text_text_color=&#8221;#363636&#8243; text_letter_spacing=&#8221;0&#8243; text_line_height=&#8221;1.5&#8243; custom_margin=&#8221;30px||0px|&#8221;]\r\n\r\nSar\u00e0 l&#8217;aria di San Valentino o gli innumerevoli cuori che ci regalate su Instagram, ma in questo periodo ci sentiamo decisamente amati. Il tempo e le parole che ci dedicate ci spronano a fare sempre del nostro meglio perch\u00e9 il certificato d&#8217;ecccellenza Tripadvisor e il punteggio pieno su Facebook, vogliamo proprio meritarcelo.\r\n\r\n[\/et_pb_text][\/et_pb_column][\/et_pb_row][et_pb_row custom_width_percent=&#8221;80&#8243; custom_padding=&#8221;50px|||&#8221; custom_padding_tablet=&#8221;17px|||&#8221; column_padding_mobile=&#8221;on&#8221; parallax_method_1=&#8221;off&#8221; parallax_method_2=&#8221;off&#8221; disabled_on=&#8221;off||&#8221; admin_label=&#8221;Row&#8221; custom_padding_last_edited=&#8221;on|tablet&#8221;][et_pb_column type=&#8221;1_3&#8243; parallax=&#8221;off&#8221; parallax_method=&#8221;off&#8221; column_padding_mobile=&#8221;on&#8221;][\/et_pb_column][et_pb_column type=&#8221;2_3&#8243; parallax=&#8221;off&#8221; parallax_method=&#8221;off&#8221; column_padding_mobile=&#8221;on&#8221;][et_pb_image src=&#8221;https:\/\/www.museofratellicozzi.com\/news\/wp-content\/uploads\/2019\/01\/IMG_20190128_161343.jpg&#8221; animation=&#8221;fade_in&#8221; sticky=&#8221;on&#8221; admin_label=&#8221;Immagine&#8221;]\r\n\r\n[\/et_pb_image][\/et_pb_column][\/et_pb_row][et_pb_row custom_width_percent=&#8221;80&#8243; custom_padding=&#8221;50px|||&#8221; custom_padding_tablet=&#8221;17px|||&#8221; column_padding_mobile=&#8221;on&#8221; parallax_method_1=&#8221;off&#8221; parallax_method_2=&#8221;off&#8221; disabled_on=&#8221;off||&#8221; admin_label=&#8221;Row&#8221; custom_padding_last_edited=&#8221;on|tablet&#8221;][et_pb_column type=&#8221;1_3&#8243; parallax=&#8221;off&#8221; parallax_method=&#8221;off&#8221; column_padding_mobile=&#8221;on&#8221;][\/et_pb_column][et_pb_column type=&#8221;2_3&#8243; parallax=&#8221;off&#8221; parallax_method=&#8221;off&#8221; column_padding_mobile=&#8221;on&#8221;][et_pb_text max_width=&#8221;620px&#8221; admin_label=&#8221;Testo&#8221; header_font_size=&#8221;30&#8243; header_letter_spacing=&#8221;0&#8243; header_line_height=&#8221;1&#8243; text_font=&#8221;PT Sans||||&#8221; text_font_size=&#8221;20&#8243; text_text_color=&#8221;#000000&#8243; text_letter_spacing=&#8221;0&#8243; text_line_height=&#8221;1.7&#8243;]\r\n<h3>CON PAROLE VOSTRE<\/h3>\r\nQueste sono le parole che avete scelto per raccontare il Museo sul nostro profilo Tripadvisor, buona lettura.\r\n\r\n<em>Il museo \u00e8 tenuto in maniera splendida ed \u00e8 splendido per le soluzioni trovate, siamo rimasti esterrefatti per la bellezza e gestione di questo luogo: una collezione viva, aperta alla gente, un simbolo della capacit\u00e0 italiana e del nostro buon gusto. Un museo non asettico, non didascalico, ma vivace e pulsante. Da vedere e rivedere.<\/em>\r\n\r\n<em>Qui\u00a0Sono raccolte le auto ricevute in permuta dai loro affezionati clienti e molte altre ancora, veri e propri gioielli da collezione. Lo stesso sig. Cozzi racconta storie e aneddoti delle auto e della gloriosa storia delle Alfa Romeo. C&#8217;\u00e8 esposta persino la 155 che ha ottenuto un importante record di velocit\u00e0 a Bonnenville e tante altre curiosit\u00e0 sportive e non. La\u00a0spiegazione \u00e8 veramente ottima si vede che c&#8217;\u00e8 passione nel raccontare alle persone la passione per le auto.<\/em>\r\n\r\n<em>Cordialit\u00e0 , cortesia, garbo, eleganza e ricercatezza, ma anche storia, cultura, valori , passione: uno spaccato del patrimonio culturale italiano proposto con amore e sensibilit\u00e0, attraverso un preziosissimo parco Alfa Romeo di esemplari spesso unici&#8230; belli da mozzare il fiato!\u00a0Insomma un importante museo a pochi passi da Milano.<\/em>\r\n\r\n[\/et_pb_text][\/et_pb_column][\/et_pb_row][et_pb_row custom_width_percent=&#8221;80&#8243; custom_padding=&#8221;46px|||&#8221; custom_padding_tablet=&#8221;17px|||&#8221; column_padding_mobile=&#8221;on&#8221; parallax_method_1=&#8221;off&#8221; parallax_method_2=&#8221;off&#8221; disabled_on=&#8221;off||&#8221; admin_label=&#8221;Row&#8221; custom_padding_last_edited=&#8221;on|tablet&#8221;][et_pb_column type=&#8221;1_3&#8243; parallax=&#8221;off&#8221; parallax_method=&#8221;off&#8221; column_padding_mobile=&#8221;on&#8221;][et_pb_image src=&#8221;https:\/\/www.museofratellicozzi.com\/news\/wp-content\/uploads\/2019\/01\/Progetto-senza-titolo-32.png&#8221; animation=&#8221;fade_in&#8221; sticky=&#8221;on&#8221; admin_label=&#8221;Immagine&#8221;]\r\n\r\n[\/et_pb_image][\/et_pb_column][et_pb_column type=&#8221;2_3&#8243; parallax=&#8221;off&#8221; parallax_method=&#8221;off&#8221; column_padding_mobile=&#8221;on&#8221;][et_pb_text max_width=&#8221;620px&#8221; admin_label=&#8221;Testo&#8221; header_font_size=&#8221;30&#8243; header_letter_spacing=&#8221;0&#8243; header_line_height=&#8221;1&#8243; text_font=&#8221;PT Sans||||&#8221; text_font_size=&#8221;20&#8243; text_text_color=&#8221;#000000&#8243; text_letter_spacing=&#8221;0&#8243; text_line_height=&#8221;1.7&#8243;]\r\n<div class=\"quote\"><a id=\"rn477907068\" class=\"title \" href=\"https:\/\/www.tripadvisor.it\/ShowUserReviews-g670658-d8763983-r477907068-Museo_Fratelli_Cozzi_Alfa_Romeo-Legnano_Province_of_Milan_Lombardy.html\"><span class=\"noQuotes\">Gro\u00dfartige Sammlung von Alfa Romeos<\/span><\/a><\/div>\r\n<div class=\"prw_rup prw_reviews_text_summary_hsx\" data-prwidget-name=\"reviews_text_summary_hsx\" data-prwidget-init=\"handlers\">\r\n<div class=\"entry\">\r\n\r\nGoogle Traduttore\r\nGro\u00dfartige Sammlung von Alfa Romeos aus vielen Epochen. Darunter auch echte Seltenheiten. Dazu eine sehr freundliche Begr\u00fc\u00dfung und informative F\u00fchrung. Ein MUSS f\u00fcr alle Alfisti. Und unbedingt sehenswert f\u00fcr Liebhaber alter und besonderer Fahrzeuge!\r\n\r\n(Grande collezione di Alfa Romeos di molte epoche. Comprese le vere rarit\u00e0. Inoltre un saluto molto cordiale e una guida informativa. Un must per tutti gli Alfisti. E assolutamente da vedere per gli amanti dei veicoli vecchi e speciali!)\r\n<p class=\"\"><em><span style=\"font-size: small;\">(anche le traduzioni sono tratte da Tripadvisor)<\/span><\/em><\/p>\r\n\r\n<\/div>\r\n<\/div>\r\n[\/et_pb_text][\/et_pb_column][\/et_pb_row][et_pb_row custom_width_percent=&#8221;80&#8243; custom_padding=&#8221;50px|||&#8221; custom_padding_tablet=&#8221;17px|||&#8221; column_padding_mobile=&#8221;on&#8221; parallax_method_1=&#8221;off&#8221; parallax_method_2=&#8221;off&#8221; disabled_on=&#8221;off||&#8221; admin_label=&#8221;Row&#8221; custom_padding_last_edited=&#8221;on|tablet&#8221;][et_pb_column type=&#8221;1_3&#8243; parallax=&#8221;off&#8221; parallax_method=&#8221;off&#8221; column_padding_mobile=&#8221;on&#8221;][et_pb_image src=&#8221;https:\/\/www.museofratellicozzi.com\/news\/wp-content\/uploads\/2019\/01\/Progetto-senza-titolo-34.png&#8221; animation=&#8221;fade_in&#8221; sticky=&#8221;on&#8221; admin_label=&#8221;Immagine&#8221;]\r\n\r\n[\/et_pb_image][\/et_pb_column][et_pb_column type=&#8221;2_3&#8243; parallax=&#8221;off&#8221; parallax_method=&#8221;off&#8221; column_padding_mobile=&#8221;on&#8221;][et_pb_text max_width=&#8221;620px&#8221; admin_label=&#8221;Testo&#8221; header_font_size=&#8221;30&#8243; header_letter_spacing=&#8221;0&#8243; header_line_height=&#8221;1&#8243; text_font=&#8221;PT Sans||||&#8221; text_font_size=&#8221;20&#8243; text_text_color=&#8221;#000000&#8243; text_letter_spacing=&#8221;0&#8243; text_line_height=&#8221;1.7&#8243;]\r\n<div class=\"prw_rup prw_reviews_text_summary_hsx\" data-prwidget-name=\"reviews_text_summary_hsx\" data-prwidget-init=\"handlers\">\r\n<div class=\"entry\">\r\n\r\n<a id=\"rn619444493\" class=\"title \" href=\"https:\/\/www.tripadvisor.it\/ShowUserReviews-g670658-d8763983-r619444493-Museo_Fratelli_Cozzi_Alfa_Romeo-Legnano_Province_of_Milan_Lombardy.html\"><span class=\"noQuotes\">Sortie du Registre Suisse Alfa Romeo le 15 septembre 2018<\/span><\/a>\r\n\r\nExtraordinaire ! Encore une fois un grand Merci \u00e0 Elisabetta et son team pour nous avoir fait d\u00e9couvrir ce Mus\u00e9e d\u00e9di\u00e9 \u00e0 la marque Alfa Romeo et constitu\u00e9 par son papa depuis la fin des ann\u00e9es cinquante. L&#8217;architecture du b\u00e2timent est superbe et la pr\u00e9sentation des autos de toute beaut\u00e9. De plus nous avons eu droit \u00e0 des explications claires et pr\u00e9cises sur chaque des voitures pr\u00e9sent\u00e9es, ainsi qu&#8217;un film et de la nombreuse documentation. Apr\u00e8s cela, un fantastique buffet nous attendait, ce qui a permis \u00e0 chacun des 26 participants de continuer les discussions. A conseiller fortement !!!\r\n\r\n(Straordinario! Ancora una volta un grande grazie a Elisabetta e al suo team per averci fatto scoprire questo museo dedicato al marchio Alfa Romeo e costituito da suo padre dalla fine degli anni Cinquanta. L&#8217;architettura dell&#8217;edificio \u00e8 superba e la presentazione di macchine di bellezza. Inoltre, abbiamo avuto il diritto a spiegazioni chiare e precise su ciascuna delle vetture presentate, oltre a un film e alla documentazione numerosa. Dopo di ci\u00f2, ci aspettava un fantastico buffet che consentiva a ciascuno dei 26 partecipanti di continuare le discussioni. Per consigliare fortemente!!!).\r\n<p class=\"\"><em style=\"font-variant-ligatures: normal; font-variant-caps: normal; font-weight: 400; font-size: 20px; font-family: 'PT Sans', Helvetica, Arial, Lucida, sans-serif;\"><span style=\"font-size: small;\">(anche le traduzioni sono tratte da Tripadvisor)<\/span><\/em><\/p>\r\n&nbsp;\r\n\r\n<\/div>\r\n<\/div>\r\n[\/et_pb_text][\/et_pb_column][\/et_pb_row][et_pb_row custom_padding=&#8221;0px|||&#8221; padding_mobile=&#8221;on&#8221; column_padding_mobile=&#8221;on&#8221; parallax_method_1=&#8221;off&#8221; parallax_method_2=&#8221;off&#8221; admin_label=&#8221;row&#8221;][et_pb_column type=&#8221;1_3&#8243; parallax=&#8221;off&#8221; parallax_method=&#8221;off&#8221; column_padding_mobile=&#8221;on&#8221;][et_pb_image src=&#8221;https:\/\/www.museofratellicozzi.com\/news\/wp-content\/uploads\/2019\/01\/Progetto-senza-titolo-35.png&#8221; admin_label=&#8221;Immagine&#8221;]\r\n\r\n[\/et_pb_image][\/et_pb_column][et_pb_column type=&#8221;2_3&#8243; parallax=&#8221;off&#8221; parallax_method=&#8221;off&#8221; column_padding_mobile=&#8221;on&#8221;][et_pb_text max_width=&#8221;620px&#8221; admin_label=&#8221;Blocco testo 2&#8243; header_font=&#8221;PT Sans||||&#8221; header_font_size=&#8221;30&#8243; header_letter_spacing=&#8221;0&#8243; header_line_height=&#8221;1&#8243; text_font=&#8221;PT Sans||||&#8221; text_font_size=&#8221;20&#8243; text_font_size_last_edited=&#8221;on|tablet&#8221; text_text_color=&#8221;#363636&#8243; text_letter_spacing=&#8221;0&#8243; text_line_height=&#8221;1.5&#8243; custom_margin=&#8221;30px||0px|&#8221;]\r\n<p class=\"\">Visitamos el museo con mi familia , la verdad es una excelente opci\u00f3n para el que le gustan los autos. La atenci\u00f3n es de primera, el museo abre una vez por mes. Los alfas van de los a\u00f1os 50 a la actualidad, todos en impecable estado. Muy recomendable.<\/p>\r\n<p class=\"\">(Abbiamo visitato il museo con la mia famiglia, la verit\u00e0 \u00e8 un&#8217;opzione eccellente per chi ama le auto. L&#8217;attenzione \u00e8 prima di tutto, il museo si apre una volta al mese. Gli alpha vanno dagli anni &#8217;50 ad oggi, il tutto in condizioni impeccabili. Altamente raccomandato.)<\/p>\r\n<p class=\"\"><em style=\"font-family: 'PT Sans', Helvetica, Arial, Lucida, sans-serif; font-size: 20px; font-variant-ligatures: normal; font-variant-caps: normal; font-weight: 400; letter-spacing: 0px; color: #000000;\"><span style=\"font-size: small;\">(anche le traduzioni sono tratte da Tripadvisor)<\/span><\/em><\/p>\r\n[\/et_pb_text][\/et_pb_column][\/et_pb_row][et_pb_row custom_width_percent=&#8221;80&#8243; custom_padding=&#8221;50px|||&#8221; padding_mobile=&#8221;on&#8221; column_padding_mobile=&#8221;on&#8221; parallax_method_1=&#8221;off&#8221; disabled_on=&#8221;off|off|off&#8221; admin_label=&#8221;Row&#8221;][et_pb_column type=&#8221;4_4&#8243; parallax=&#8221;off&#8221; parallax_method=&#8221;off&#8221; column_padding_mobile=&#8221;on&#8221;][et_pb_divider color=&#8221;#aeaeac&#8221; show_divider=&#8221;on&#8221; divider_style=&#8221;solid&#8221; divider_position=&#8221;top&#8221; hide_on_mobile=&#8221;off&#8221; admin_label=&#8221;Linea citazione&#8221;]\r\n\r\n[\/et_pb_divider][et_pb_text text_orientation=&#8221;center&#8221; max_width=&#8221;900px&#8221; admin_label=&#8221;Citazione&#8221; header_font_size=&#8221;30&#8243; header_letter_spacing=&#8221;0&#8243; header_line_height=&#8221;1&#8243; text_font=&#8221;PT Serif||||&#8221; text_font_size=&#8221;48&#8243; text_font_size_tablet=&#8221;38&#8243; text_font_size_last_edited=&#8221;on|tablet&#8221; text_text_color=&#8221;#363636&#8243; text_letter_spacing=&#8221;0&#8243; text_line_height=&#8221;1.3&#8243; custom_margin=&#8221;16px||30px|&#8221;]\r\n\r\n&#8221;\u00a0Un museo non asettico, non didascalico, ma vivace e pulsante. Da vedere e rivedere.&#8221;\r\n\r\n[\/et_pb_text][et_pb_divider color=&#8221;#aeaeac&#8221; show_divider=&#8221;on&#8221; divider_style=&#8221;solid&#8221; divider_position=&#8221;top&#8221; hide_on_mobile=&#8221;off&#8221; admin_label=&#8221;Linea citazione&#8221;]\r\n\r\n[\/et_pb_divider][\/et_pb_column][\/et_pb_row][\/et_pb_section]\n","protected":false},"excerpt":{"rendered":"","protected":false},"author":5,"featured_media":7483,"comment_status":"open","ping_status":"open","sticky":false,"template":"","format":"standard","meta":{"_et_pb_use_builder":"on","_et_pb_old_content":"","_et_gb_content_width":"","_jetpack_memberships_contains_paid_content":false,"footnotes":""},"categories":[22,152],"tags":[21,167,405,406,32,404,17,366],"class_list":["post-7465","post","type-post","status-publish","format-standard","has-post-thumbnail","hentry","category-alfismo","category-passione","tag-alfa-romeo","tag-facebook","tag-instagram","tag-museo-fratelli-cozzi","tag-recensioni","tag-social","tag-tripadvisor","tag-visite","et-has-post-format-content","et_post_format-et-post-format-standard"],"yoast_head":"<!-- This site is optimized with the Yoast SEO plugin v26.8 - https:\/\/yoast.com\/product\/yoast-seo-wordpress\/ -->\n<title>In tutte le lingue del mondo - eNews Museo Fratelli Cozzi<\/title>\n<meta name=\"description\" content=\"Grazie per le 142 recensioni su Tripadvisor, scritte in 4 lingue diverse, ci fanno sentire molto amati.\" \/>\n<meta name=\"robots\" content=\"index, follow, max-snippet:-1, max-image-preview:large, max-video-preview:-1\" \/>\n<link rel=\"canonical\" href=\"https:\/\/www.museofratellicozzi.com\/news\/in-tutte-le-lingue-del-mondo\/\" \/>\n<meta property=\"og:locale\" content=\"it_IT\" \/>\n<meta property=\"og:type\" content=\"article\" \/>\n<meta property=\"og:title\" content=\"In tutte le lingue del mondo - eNews Museo Fratelli Cozzi\" \/>\n<meta property=\"og:description\" content=\"Grazie per le 142 recensioni su Tripadvisor, scritte in 4 lingue diverse, ci fanno sentire molto amati.\" \/>\n<meta property=\"og:url\" content=\"https:\/\/www.museofratellicozzi.com\/news\/in-tutte-le-lingue-del-mondo\/\" \/>\n<meta property=\"og:site_name\" content=\"eNews Museo Fratelli Cozzi\" \/>\n<meta property=\"article:published_time\" content=\"2019-01-28T17:18:32+00:00\" \/>\n<meta property=\"article:modified_time\" content=\"2021-03-18T08:55:58+00:00\" \/>\n<meta property=\"og:image\" content=\"https:\/\/www.museofratellicozzi.com\/news\/wp-content\/uploads\/2019\/01\/muro-ti-amo-parigi.jpg\" \/>\n\t<meta property=\"og:image:width\" content=\"590\" \/>\n\t<meta property=\"og:image:height\" content=\"350\" \/>\n\t<meta property=\"og:image:type\" content=\"image\/jpeg\" \/>\n<meta name=\"author\" content=\"Laura Defendi\" \/>\n<meta name=\"twitter:card\" content=\"summary_large_image\" \/>\n<meta name=\"twitter:label1\" content=\"Scritto da\" \/>\n\t<meta name=\"twitter:data1\" content=\"Laura Defendi\" \/>\n\t<meta name=\"twitter:label2\" content=\"Tempo di lettura stimato\" \/>\n\t<meta name=\"twitter:data2\" content=\"5 minuti\" \/>\n<script type=\"application\/ld+json\" class=\"yoast-schema-graph\">{\"@context\":\"https:\/\/schema.org\",\"@graph\":[{\"@type\":\"Article\",\"@id\":\"https:\/\/www.museofratellicozzi.com\/news\/in-tutte-le-lingue-del-mondo\/#article\",\"isPartOf\":{\"@id\":\"https:\/\/www.museofratellicozzi.com\/news\/in-tutte-le-lingue-del-mondo\/\"},\"author\":{\"name\":\"Laura Defendi\",\"@id\":\"https:\/\/www.museofratellicozzi.com\/news\/#\/schema\/person\/9c1de5abfab71104e0bfe41cca1b7072\"},\"headline\":\"In tutte le lingue del mondo\",\"datePublished\":\"2019-01-28T17:18:32+00:00\",\"dateModified\":\"2021-03-18T08:55:58+00:00\",\"mainEntityOfPage\":{\"@id\":\"https:\/\/www.museofratellicozzi.com\/news\/in-tutte-le-lingue-del-mondo\/\"},\"wordCount\":1922,\"commentCount\":0,\"publisher\":{\"@id\":\"https:\/\/www.museofratellicozzi.com\/news\/#organization\"},\"image\":{\"@id\":\"https:\/\/www.museofratellicozzi.com\/news\/in-tutte-le-lingue-del-mondo\/#primaryimage\"},\"thumbnailUrl\":\"https:\/\/www.museofratellicozzi.com\/news\/wp-content\/uploads\/2019\/01\/muro-ti-amo-parigi.jpg\",\"keywords\":[\"alfa romeo\",\"facebook\",\"instagram\",\"Museo Fratelli Cozzi\",\"recensioni\",\"social\",\"Tripadvisor\",\"visite\"],\"articleSection\":[\"Alfismo\",\"Passione Alfa\"],\"inLanguage\":\"it-IT\",\"potentialAction\":[{\"@type\":\"CommentAction\",\"name\":\"Comment\",\"target\":[\"https:\/\/www.museofratellicozzi.com\/news\/in-tutte-le-lingue-del-mondo\/#respond\"]}]},{\"@type\":\"WebPage\",\"@id\":\"https:\/\/www.museofratellicozzi.com\/news\/in-tutte-le-lingue-del-mondo\/\",\"url\":\"https:\/\/www.museofratellicozzi.com\/news\/in-tutte-le-lingue-del-mondo\/\",\"name\":\"In tutte le lingue del mondo - eNews Museo Fratelli Cozzi\",\"isPartOf\":{\"@id\":\"https:\/\/www.museofratellicozzi.com\/news\/#website\"},\"primaryImageOfPage\":{\"@id\":\"https:\/\/www.museofratellicozzi.com\/news\/in-tutte-le-lingue-del-mondo\/#primaryimage\"},\"image\":{\"@id\":\"https:\/\/www.museofratellicozzi.com\/news\/in-tutte-le-lingue-del-mondo\/#primaryimage\"},\"thumbnailUrl\":\"https:\/\/www.museofratellicozzi.com\/news\/wp-content\/uploads\/2019\/01\/muro-ti-amo-parigi.jpg\",\"datePublished\":\"2019-01-28T17:18:32+00:00\",\"dateModified\":\"2021-03-18T08:55:58+00:00\",\"description\":\"Grazie per le 142 recensioni su Tripadvisor, scritte in 4 lingue diverse, ci fanno sentire molto amati.\",\"breadcrumb\":{\"@id\":\"https:\/\/www.museofratellicozzi.com\/news\/in-tutte-le-lingue-del-mondo\/#breadcrumb\"},\"inLanguage\":\"it-IT\",\"potentialAction\":[{\"@type\":\"ReadAction\",\"target\":[\"https:\/\/www.museofratellicozzi.com\/news\/in-tutte-le-lingue-del-mondo\/\"]}]},{\"@type\":\"ImageObject\",\"inLanguage\":\"it-IT\",\"@id\":\"https:\/\/www.museofratellicozzi.com\/news\/in-tutte-le-lingue-del-mondo\/#primaryimage\",\"url\":\"https:\/\/www.museofratellicozzi.com\/news\/wp-content\/uploads\/2019\/01\/muro-ti-amo-parigi.jpg\",\"contentUrl\":\"https:\/\/www.museofratellicozzi.com\/news\/wp-content\/uploads\/2019\/01\/muro-ti-amo-parigi.jpg\",\"width\":590,\"height\":350},{\"@type\":\"BreadcrumbList\",\"@id\":\"https:\/\/www.museofratellicozzi.com\/news\/in-tutte-le-lingue-del-mondo\/#breadcrumb\",\"itemListElement\":[{\"@type\":\"ListItem\",\"position\":1,\"name\":\"Home\",\"item\":\"https:\/\/www.museofratellicozzi.com\/news\/\"},{\"@type\":\"ListItem\",\"position\":2,\"name\":\"In tutte le lingue del mondo\"}]},{\"@type\":\"WebSite\",\"@id\":\"https:\/\/www.museofratellicozzi.com\/news\/#website\",\"url\":\"https:\/\/www.museofratellicozzi.com\/news\/\",\"name\":\"eNews Museo Fratelli Cozzi\",\"description\":\"Alfa Romeo: un mito che resiste al tempo\",\"publisher\":{\"@id\":\"https:\/\/www.museofratellicozzi.com\/news\/#organization\"},\"potentialAction\":[{\"@type\":\"SearchAction\",\"target\":{\"@type\":\"EntryPoint\",\"urlTemplate\":\"https:\/\/www.museofratellicozzi.com\/news\/?s={search_term_string}\"},\"query-input\":{\"@type\":\"PropertyValueSpecification\",\"valueRequired\":true,\"valueName\":\"search_term_string\"}}],\"inLanguage\":\"it-IT\"},{\"@type\":\"Organization\",\"@id\":\"https:\/\/www.museofratellicozzi.com\/news\/#organization\",\"name\":\"Museo Fratelli Cozzi\",\"url\":\"https:\/\/www.museofratellicozzi.com\/news\/\",\"logo\":{\"@type\":\"ImageObject\",\"inLanguage\":\"it-IT\",\"@id\":\"https:\/\/www.museofratellicozzi.com\/news\/#\/schema\/logo\/image\/\",\"url\":\"https:\/\/www.museofratellicozzi.com\/news\/wp-content\/uploads\/2017\/04\/home.png\",\"contentUrl\":\"https:\/\/www.museofratellicozzi.com\/news\/wp-content\/uploads\/2017\/04\/home.png\",\"width\":497,\"height\":512,\"caption\":\"Museo Fratelli Cozzi\"},\"image\":{\"@id\":\"https:\/\/www.museofratellicozzi.com\/news\/#\/schema\/logo\/image\/\"}},{\"@type\":\"Person\",\"@id\":\"https:\/\/www.museofratellicozzi.com\/news\/#\/schema\/person\/9c1de5abfab71104e0bfe41cca1b7072\",\"name\":\"Laura Defendi\",\"image\":{\"@type\":\"ImageObject\",\"inLanguage\":\"it-IT\",\"@id\":\"https:\/\/www.museofratellicozzi.com\/news\/#\/schema\/person\/image\/\",\"url\":\"https:\/\/secure.gravatar.com\/avatar\/fa196a116a28416a994aad4b629b4ae8?s=96&d=mm&r=g\",\"contentUrl\":\"https:\/\/secure.gravatar.com\/avatar\/fa196a116a28416a994aad4b629b4ae8?s=96&d=mm&r=g\",\"caption\":\"Laura Defendi\"}}]}<\/script>\n<!-- \/ Yoast SEO plugin. -->","yoast_head_json":{"title":"In tutte le lingue del mondo - eNews Museo Fratelli Cozzi","description":"Grazie per le 142 recensioni su Tripadvisor, scritte in 4 lingue diverse, ci fanno sentire molto amati.","robots":{"index":"index","follow":"follow","max-snippet":"max-snippet:-1","max-image-preview":"max-image-preview:large","max-video-preview":"max-video-preview:-1"},"canonical":"https:\/\/www.museofratellicozzi.com\/news\/in-tutte-le-lingue-del-mondo\/","og_locale":"it_IT","og_type":"article","og_title":"In tutte le lingue del mondo - eNews Museo Fratelli Cozzi","og_description":"Grazie per le 142 recensioni su Tripadvisor, scritte in 4 lingue diverse, ci fanno sentire molto amati.","og_url":"https:\/\/www.museofratellicozzi.com\/news\/in-tutte-le-lingue-del-mondo\/","og_site_name":"eNews Museo Fratelli Cozzi","article_published_time":"2019-01-28T17:18:32+00:00","article_modified_time":"2021-03-18T08:55:58+00:00","og_image":[{"width":590,"height":350,"url":"https:\/\/www.museofratellicozzi.com\/news\/wp-content\/uploads\/2019\/01\/muro-ti-amo-parigi.jpg","type":"image\/jpeg"}],"author":"Laura Defendi","twitter_card":"summary_large_image","twitter_misc":{"Scritto da":"Laura Defendi","Tempo di lettura stimato":"5 minuti"},"schema":{"@context":"https:\/\/schema.org","@graph":[{"@type":"Article","@id":"https:\/\/www.museofratellicozzi.com\/news\/in-tutte-le-lingue-del-mondo\/#article","isPartOf":{"@id":"https:\/\/www.museofratellicozzi.com\/news\/in-tutte-le-lingue-del-mondo\/"},"author":{"name":"Laura Defendi","@id":"https:\/\/www.museofratellicozzi.com\/news\/#\/schema\/person\/9c1de5abfab71104e0bfe41cca1b7072"},"headline":"In tutte le lingue del mondo","datePublished":"2019-01-28T17:18:32+00:00","dateModified":"2021-03-18T08:55:58+00:00","mainEntityOfPage":{"@id":"https:\/\/www.museofratellicozzi.com\/news\/in-tutte-le-lingue-del-mondo\/"},"wordCount":1922,"commentCount":0,"publisher":{"@id":"https:\/\/www.museofratellicozzi.com\/news\/#organization"},"image":{"@id":"https:\/\/www.museofratellicozzi.com\/news\/in-tutte-le-lingue-del-mondo\/#primaryimage"},"thumbnailUrl":"https:\/\/www.museofratellicozzi.com\/news\/wp-content\/uploads\/2019\/01\/muro-ti-amo-parigi.jpg","keywords":["alfa romeo","facebook","instagram","Museo Fratelli Cozzi","recensioni","social","Tripadvisor","visite"],"articleSection":["Alfismo","Passione Alfa"],"inLanguage":"it-IT","potentialAction":[{"@type":"CommentAction","name":"Comment","target":["https:\/\/www.museofratellicozzi.com\/news\/in-tutte-le-lingue-del-mondo\/#respond"]}]},{"@type":"WebPage","@id":"https:\/\/www.museofratellicozzi.com\/news\/in-tutte-le-lingue-del-mondo\/","url":"https:\/\/www.museofratellicozzi.com\/news\/in-tutte-le-lingue-del-mondo\/","name":"In tutte le lingue del mondo - eNews Museo Fratelli Cozzi","isPartOf":{"@id":"https:\/\/www.museofratellicozzi.com\/news\/#website"},"primaryImageOfPage":{"@id":"https:\/\/www.museofratellicozzi.com\/news\/in-tutte-le-lingue-del-mondo\/#primaryimage"},"image":{"@id":"https:\/\/www.museofratellicozzi.com\/news\/in-tutte-le-lingue-del-mondo\/#primaryimage"},"thumbnailUrl":"https:\/\/www.museofratellicozzi.com\/news\/wp-content\/uploads\/2019\/01\/muro-ti-amo-parigi.jpg","datePublished":"2019-01-28T17:18:32+00:00","dateModified":"2021-03-18T08:55:58+00:00","description":"Grazie per le 142 recensioni su Tripadvisor, scritte in 4 lingue diverse, ci fanno sentire molto amati.","breadcrumb":{"@id":"https:\/\/www.museofratellicozzi.com\/news\/in-tutte-le-lingue-del-mondo\/#breadcrumb"},"inLanguage":"it-IT","potentialAction":[{"@type":"ReadAction","target":["https:\/\/www.museofratellicozzi.com\/news\/in-tutte-le-lingue-del-mondo\/"]}]},{"@type":"ImageObject","inLanguage":"it-IT","@id":"https:\/\/www.museofratellicozzi.com\/news\/in-tutte-le-lingue-del-mondo\/#primaryimage","url":"https:\/\/www.museofratellicozzi.com\/news\/wp-content\/uploads\/2019\/01\/muro-ti-amo-parigi.jpg","contentUrl":"https:\/\/www.museofratellicozzi.com\/news\/wp-content\/uploads\/2019\/01\/muro-ti-amo-parigi.jpg","width":590,"height":350},{"@type":"BreadcrumbList","@id":"https:\/\/www.museofratellicozzi.com\/news\/in-tutte-le-lingue-del-mondo\/#breadcrumb","itemListElement":[{"@type":"ListItem","position":1,"name":"Home","item":"https:\/\/www.museofratellicozzi.com\/news\/"},{"@type":"ListItem","position":2,"name":"In tutte le lingue del mondo"}]},{"@type":"WebSite","@id":"https:\/\/www.museofratellicozzi.com\/news\/#website","url":"https:\/\/www.museofratellicozzi.com\/news\/","name":"eNews Museo Fratelli Cozzi","description":"Alfa Romeo: un mito che resiste al tempo","publisher":{"@id":"https:\/\/www.museofratellicozzi.com\/news\/#organization"},"potentialAction":[{"@type":"SearchAction","target":{"@type":"EntryPoint","urlTemplate":"https:\/\/www.museofratellicozzi.com\/news\/?s={search_term_string}"},"query-input":{"@type":"PropertyValueSpecification","valueRequired":true,"valueName":"search_term_string"}}],"inLanguage":"it-IT"},{"@type":"Organization","@id":"https:\/\/www.museofratellicozzi.com\/news\/#organization","name":"Museo Fratelli Cozzi","url":"https:\/\/www.museofratellicozzi.com\/news\/","logo":{"@type":"ImageObject","inLanguage":"it-IT","@id":"https:\/\/www.museofratellicozzi.com\/news\/#\/schema\/logo\/image\/","url":"https:\/\/www.museofratellicozzi.com\/news\/wp-content\/uploads\/2017\/04\/home.png","contentUrl":"https:\/\/www.museofratellicozzi.com\/news\/wp-content\/uploads\/2017\/04\/home.png","width":497,"height":512,"caption":"Museo Fratelli Cozzi"},"image":{"@id":"https:\/\/www.museofratellicozzi.com\/news\/#\/schema\/logo\/image\/"}},{"@type":"Person","@id":"https:\/\/www.museofratellicozzi.com\/news\/#\/schema\/person\/9c1de5abfab71104e0bfe41cca1b7072","name":"Laura Defendi","image":{"@type":"ImageObject","inLanguage":"it-IT","@id":"https:\/\/www.museofratellicozzi.com\/news\/#\/schema\/person\/image\/","url":"https:\/\/secure.gravatar.com\/avatar\/fa196a116a28416a994aad4b629b4ae8?s=96&d=mm&r=g","contentUrl":"https:\/\/secure.gravatar.com\/avatar\/fa196a116a28416a994aad4b629b4ae8?s=96&d=mm&r=g","caption":"Laura Defendi"}}]}},"jetpack_featured_media_url":"https:\/\/www.museofratellicozzi.com\/news\/wp-content\/uploads\/2019\/01\/muro-ti-amo-parigi.jpg","jetpack_shortlink":"https:\/\/wp.me\/p90Eth-1Wp","jetpack_sharing_enabled":true,"post_mailing_queue_ids":[],"_links":{"self":[{"href":"https:\/\/www.museofratellicozzi.com\/news\/wp-json\/wp\/v2\/posts\/7465","targetHints":{"allow":["GET"]}}],"collection":[{"href":"https:\/\/www.museofratellicozzi.com\/news\/wp-json\/wp\/v2\/posts"}],"about":[{"href":"https:\/\/www.museofratellicozzi.com\/news\/wp-json\/wp\/v2\/types\/post"}],"author":[{"embeddable":true,"href":"https:\/\/www.museofratellicozzi.com\/news\/wp-json\/wp\/v2\/users\/5"}],"replies":[{"embeddable":true,"href":"https:\/\/www.museofratellicozzi.com\/news\/wp-json\/wp\/v2\/comments?post=7465"}],"version-history":[{"count":20,"href":"https:\/\/www.museofratellicozzi.com\/news\/wp-json\/wp\/v2\/posts\/7465\/revisions"}],"predecessor-version":[{"id":12267,"href":"https:\/\/www.museofratellicozzi.com\/news\/wp-json\/wp\/v2\/posts\/7465\/revisions\/12267"}],"wp:featuredmedia":[{"embeddable":true,"href":"https:\/\/www.museofratellicozzi.com\/news\/wp-json\/wp\/v2\/media\/7483"}],"wp:attachment":[{"href":"https:\/\/www.museofratellicozzi.com\/news\/wp-json\/wp\/v2\/media?parent=7465"}],"wp:term":[{"taxonomy":"category","embeddable":true,"href":"https:\/\/www.museofratellicozzi.com\/news\/wp-json\/wp\/v2\/categories?post=7465"},{"taxonomy":"post_tag","embeddable":true,"href":"https:\/\/www.museofratellicozzi.com\/news\/wp-json\/wp\/v2\/tags?post=7465"}],"curies":[{"name":"wp","href":"https:\/\/api.w.org\/{rel}","templated":true}]}}