{"id":9046,"date":"2019-11-27T17:15:19","date_gmt":"2019-11-27T16:15:19","guid":{"rendered":"https:\/\/news.museofratellicozzi.com\/?p=9046"},"modified":"2024-01-17T16:19:37","modified_gmt":"2024-01-17T15:19:37","slug":"fdo-creativi-contagio","status":"publish","type":"post","link":"https:\/\/www.museofratellicozzi.com\/news\/fdo-creativi-contagio\/","title":{"rendered":"FDO: creativi per contagio"},"content":{"rendered":"<p>[et_pb_section fb_built=&#8221;1&#8243; custom_padding=&#8221;0px|||&#8221; custom_width_percent=&#8221;80&#8243; admin_label=&#8221;Sezione&#8221;][et_pb_row make_fullwidth=&#8221;on&#8221; custom_width_percent=&#8221;80&#8243; use_custom_gutter=&#8221;on&#8221; gutter_width=&#8221;1&#8243; custom_padding=&#8221;0px|||&#8221; parallax_method_1=&#8221;off&#8221; disabled_on=&#8221;off|off|off&#8221; admin_label=&#8221;Riga&#8221;][et_pb_column type=&#8221;4_4&#8243; parallax=&#8221;off&#8221; parallax_method=&#8221;off&#8221;][et_pb_image src=&#8221;https:\/\/www.museofratellicozzi.com\/news\/wp-content\/uploads\/2019\/11\/4.jpeg&#8221; animation=&#8221;off&#8221; force_fullwidth=&#8221;on&#8221; admin_label=&#8221;Immagine principale&#8221;]<\/p>\n<p>[\/et_pb_image][\/et_pb_column][\/et_pb_row][et_pb_row custom_width_percent=&#8221;80&#8243; custom_padding=&#8221;20px||0px|&#8221; parallax_method_1=&#8221;off&#8221; admin_label=&#8221;Riga&#8221;][et_pb_column type=&#8221;4_4&#8243; parallax=&#8221;off&#8221; parallax_method=&#8221;off&#8221;][et_pb_text admin_label=&#8221;Categoria&#8221; header_font_size=&#8221;30&#8243; header_letter_spacing=&#8221;0&#8243; header_line_height=&#8221;1&#8243; text_text_color=&#8221;#bcbcbc&#8221; text_letter_spacing=&#8221;2&#8243; text_line_height=&#8221;1.7&#8243; custom_margin=&#8221;||10px|&#8221; custom_margin_last_edited=&#8221;on|tablet&#8221;]<\/p>\n<p><strong>EVENTI<\/strong><\/p>\n<p>[\/et_pb_text][et_pb_text admin_label=&#8221;Titolo&#8221; header_font=&#8221;PT Sans||||&#8221; header_font_size=&#8221;48&#8243; header_font_size_tablet=&#8221;46&#8243; header_font_size_last_edited=&#8221;on|desktop&#8221; header_text_color=&#8221;#000000&#8243; header_letter_spacing=&#8221;0&#8243; header_line_height=&#8221;1.2&#8243; text_font=&#8221;PT Sans||||&#8221; text_font_size=&#8221;72&#8243; text_font_size_tablet=&#8221;60&#8243; text_font_size_last_edited=&#8221;on|desktop&#8221; text_text_color=&#8221;#000000&#8243; text_letter_spacing=&#8221;0&#8243; text_letter_spacing_last_edited=&#8221;on|desktop&#8221; text_line_height=&#8221;1.1&#8243; text_line_height_last_edited=&#8221;on|&#8221; custom_margin=&#8221;0px||0px|&#8221;]<\/p>\n<p class=\"\">Creativi per contagio<\/p>\n<p>[\/et_pb_text][et_pb_text admin_label=&#8221;Data&#8221; header_font_size=&#8221;30&#8243; header_letter_spacing=&#8221;0&#8243; header_line_height=&#8221;1&#8243; text_font=&#8221;PT Sans|on|||&#8221; text_font_size=&#8221;18&#8243; text_text_color=&#8221;#363636&#8243; text_letter_spacing=&#8221;0&#8243; text_line_height=&#8221;1.7&#8243; custom_margin=&#8221;10px||0px|&#8221;]<\/p>\n<p>24 novembre, 2019<\/p>\n<p>[\/et_pb_text][\/et_pb_column][\/et_pb_row][\/et_pb_section][et_pb_section fb_built=&#8221;1&#8243; background_color=&#8221;#f7f7f4&#8243; custom_width_percent=&#8221;80&#8243; admin_label=&#8221;Section&#8221;][et_pb_row custom_width_percent=&#8221;80&#8243; custom_padding=&#8221;0px|||&#8221; padding_mobile=&#8221;on&#8221; column_padding_mobile=&#8221;on&#8221; parallax_method_1=&#8221;off&#8221; parallax_method_2=&#8221;off&#8221; admin_label=&#8221;row&#8221;][et_pb_column type=&#8221;1_3&#8243; parallax=&#8221;off&#8221; parallax_method=&#8221;off&#8221; column_padding_mobile=&#8221;on&#8221;][\/et_pb_column][et_pb_column type=&#8221;2_3&#8243; parallax=&#8221;off&#8221; parallax_method=&#8221;off&#8221; column_padding_mobile=&#8221;on&#8221;][et_pb_text max_width=&#8221;620px&#8221; admin_label=&#8221;Occhiello&#8221; header_font_size=&#8221;30&#8243; header_letter_spacing=&#8221;0&#8243; header_line_height=&#8221;1&#8243; text_font=&#8221;PT Sans|on|||&#8221; text_font_size=&#8221;24&#8243; text_font_size_last_edited=&#8221;on|desktop&#8221; text_text_color=&#8221;#363636&#8243; text_letter_spacing=&#8221;0&#8243; text_line_height=&#8221;1.4&#8243; custom_margin=&#8221;10px||0px|&#8221;]<\/p>\n<p>Costruire partendo da punti di vista diversi, talvolta sperimentali, sempre innovativi. Questi i racconti della 13\u00b0 tappa di FDO, il format nato per rompere gli schemi, contagiare e diffondere \u201cla creativit\u00e0 per contagio\u201d. A condurre un sempre magistrale Germano Lanzoni.<\/p>\n<p>[\/et_pb_text][et_pb_text max_width=&#8221;620px&#8221; admin_label=&#8221;Blocco testo 1&#8243; header_font_size=&#8221;30&#8243; header_letter_spacing=&#8221;0&#8243; header_line_height=&#8221;1&#8243; text_font=&#8221;PT Sans||||&#8221; text_font_size=&#8221;20&#8243; text_font_size_last_edited=&#8221;on|tablet&#8221; text_text_color=&#8221;#363636&#8243; text_letter_spacing=&#8221;0&#8243; text_line_height=&#8221;1.5&#8243; custom_margin=&#8221;30px||0px|&#8221;]<\/p>\n<p>E&#8217; la seconda volta che il Museo Fratelli Cozzi ha il piacere di ospitare FDO (*) e, anche questa volta, siamo rimasti colpiti positivamente dalla serata e ci siamo interrogati sul perch\u00e9 il pubblico, sempre numerosissimo, abbia scelto di non perdere anche la 13\u00b0 tappa di questo tour.<\/p>\n<p class=\"\">La risposta, secondo noi, \u00e8 nella fotografia che trovate qui sopra. C&#8217;\u00e8 un personaggio proiettato nello schermo 6&#215;3, c&#8217;\u00e8 la sua storia, le sue immagini icona che raccontano il suo percorso professionale.\u00a0 <strong>Davanti allo schermo, la persona&#8230;<\/strong>\u00a0seduta, e immersa nell&#8217;atmosfera intima e suggestiva del Museo, di fronte una vasta platea e il microfono in mano.\u00a0 Accanto a lei, <span style=\"color: #e02b20;\"><strong>Germano Lanzoni<\/strong> <\/span>(sempre straordinario) uno dei personaggi cult degli ultimi anni, che giocando con le nevrosi metropolitane, aiuta a stigmatizzare e a ironizzare sull&#8217;imbruttimento che talvolta ci coglie tra un meeting e una call.<\/p>\n<p class=\"\">Un mix di elementi cos\u00ec apparentemente inconciliabili che creano un cortocircuito, dove <strong>nulla \u00e8 pi\u00f9 possibile, se non l&#8217;autenticit\u00e0<\/strong>. Eccol\u00ec l\u00ec, allora, uomini e donne a raccontare di loro, mettendosi a nudo, non per guidare, non per fare proselitismo, ma per &#8220;<em>diffondere la<span style=\"font-size: inherit; font-style: inherit; font-variant-ligatures: inherit; font-variant-caps: inherit; font-weight: inherit; letter-spacing: 0px; font-family: Ebrima;\">\u00a0creativit\u00e0<\/span> <\/em><span style=\"font-size: inherit; font-style: inherit; font-variant-ligatures: inherit; font-variant-caps: inherit; font-weight: inherit; letter-spacing: 0px; font-family: Ebrima;\"><em>per contagio<\/em>\u201d.\u00a0<\/span><\/p>\n<p>[\/et_pb_text][\/et_pb_column][\/et_pb_row][et_pb_row custom_width_percent=&#8221;80&#8243; custom_padding=&#8221;50px|||&#8221; custom_padding_tablet=&#8221;17px|||&#8221; column_padding_mobile=&#8221;on&#8221; parallax_method_1=&#8221;off&#8221; parallax_method_2=&#8221;off&#8221; disabled_on=&#8221;off||&#8221; admin_label=&#8221;Row&#8221; custom_padding_last_edited=&#8221;on|tablet&#8221;][et_pb_column type=&#8221;1_4&#8243; parallax=&#8221;off&#8221; parallax_method=&#8221;off&#8221; column_padding_mobile=&#8221;on&#8221;][\/et_pb_column][et_pb_column type=&#8221;3_4&#8243; parallax=&#8221;off&#8221; parallax_method=&#8221;off&#8221; column_padding_mobile=&#8221;on&#8221;][et_pb_image src=&#8221;https:\/\/www.museofratellicozzi.com\/news\/wp-content\/uploads\/2019\/11\/74574885_489095848620754_3824921436561080320_o.jpg&#8221; animation=&#8221;fade_in&#8221; sticky=&#8221;on&#8221; admin_label=&#8221;Immagine&#8221;]<\/p>\n<p>[\/et_pb_image][\/et_pb_column][\/et_pb_row][et_pb_row custom_padding=&#8221;0px|||&#8221; padding_mobile=&#8221;on&#8221; column_padding_mobile=&#8221;on&#8221; parallax_method_1=&#8221;off&#8221; parallax_method_2=&#8221;off&#8221; admin_label=&#8221;row&#8221;][et_pb_column type=&#8221;1_3&#8243; parallax=&#8221;off&#8221; parallax_method=&#8221;off&#8221; column_padding_mobile=&#8221;on&#8221;][\/et_pb_column][et_pb_column type=&#8221;2_3&#8243; parallax=&#8221;off&#8221; parallax_method=&#8221;off&#8221; column_padding_mobile=&#8221;on&#8221;][et_pb_text max_width=&#8221;620px&#8221; admin_label=&#8221;Blocco testo 2&#8243; header_font_size=&#8221;30&#8243; header_letter_spacing=&#8221;0&#8243; header_line_height=&#8221;1&#8243; text_font=&#8221;PT Sans||||&#8221; text_font_size=&#8221;20&#8243; text_font_size_last_edited=&#8221;on|tablet&#8221; text_text_color=&#8221;#363636&#8243; text_letter_spacing=&#8221;0&#8243; text_line_height=&#8221;1.5&#8243; custom_margin=&#8221;30px||0px|&#8221;]<\/p>\n<p class=\"\">La serata, organizzata da <strong>Egidio Alagia<\/strong>, \u00e8 stata introdotta da <strong>Riccardo Bovetti<\/strong>\u00a0 e condotta da <strong>Germano Lanzoni.\u00a0 <\/strong>Si sono raccontati in questa tappa<strong>\u00a0 Valeria Margherita Mosca Caglio<\/strong> (Wooding), <strong>Enrica Mannari<\/strong> (Illustratrice) e<strong> Tommaso Ebhardt<\/strong> che ha &#8220;acceso i nostri motori&#8221; con il racconto pubblicato da Sperling e Kupfer che disegna il profilo di un indedito <em>SERGIO MARCHIONNE\u00a0<\/em>svelando aneddoti e storie di vita lontani dai riflettori.<\/p>\n<p class=\"\">L&#8217;eleganza della musica delle <strong>Big Bubbles<\/strong>, ha reso magica l&#8217;atmosfera.<\/p>\n<p class=\"\">La serata \u00e8 stata condivisa da\u00a0<span style=\"text-decoration: underline;\"><a href=\"https:\/\/www.sempionenews.it\/event\/fdo13-al-museo-fratelli-cozzi-a-legnano\/\" target=\"_blank\" rel=\"noopener\">SempioneNews<\/a>,\u00a0<a href=\"http:\/\/www.legnanonews.com\/news\/eventi\/932950\/fdo_chiusura_2019_al_museo_fratelli_cozzi\" target=\"_blank\" rel=\"noopener\">LegnanoNews<\/a>\u00a0e\u00a0<a href=\"https:\/\/blog.cepar.eu\/fdo-13-idee-in-circolo-al-museo-fratelli-cozzi?utm_source=facebook.com&amp;utm_medium=referral&amp;utm_content=FDO+13+Idee+In+Circolo+Al+Museo+Fratelli+Cozzi&amp;utm_campaign=Post\" target=\"_blank\" rel=\"noopener\">Cepar<\/a><\/span><\/p>\n<p>[\/et_pb_text][\/et_pb_column][\/et_pb_row][et_pb_row use_custom_gutter=&#8221;on&#8221; gutter_width=&#8221;2&#8243; custom_padding=&#8221;50px|||&#8221; custom_padding_tablet=&#8221;30px|||&#8221; padding_mobile=&#8221;on&#8221; column_padding_mobile=&#8221;on&#8221; parallax_method_1=&#8221;off&#8221; parallax_method_2=&#8221;off&#8221; admin_label=&#8221;Row&#8221; custom_padding_last_edited=&#8221;on|tablet&#8221;][et_pb_column type=&#8221;4_4&#8243; parallax=&#8221;off&#8221; parallax_method=&#8221;off&#8221; column_padding_mobile=&#8221;on&#8221;][et_pb_gallery gallery_ids=&#8221;9139,9141,9142,9143,9144,9145,9146,9148,9149,9150,9151,9152,9153,9154,9155,9156,9157,9158,9159,9160,9161,9162,9163,9164,9165,9166,9167,9168,9169,9171,9172,9173,9174,9175,9176,9177,9178,9179,9180,9181,9182,9183,9184,9185,9186,9187,9188,9189,9190,9191,9192,9193,9194,9195,9196,9198,9199,9201,9203,9204,9205,9206,9207,9208,9209,9211,9213,9219,9222,9226,9228,9230,9233,9241,9245,9249,9251,9253,9254,9259,9266,9270,9271&#8243; fullwidth=&#8221;on&#8221; admin_label=&#8221;Galleria&#8221; title_letter_spacing=&#8221;0&#8243; title_line_height=&#8221;1&#8243;]<br \/>\n[\/et_pb_gallery][\/et_pb_column][\/et_pb_row][et_pb_row custom_padding=&#8221;17px|||&#8221; padding_mobile=&#8221;on&#8221; column_padding_mobile=&#8221;on&#8221; parallax_method_1=&#8221;off&#8221; parallax_method_2=&#8221;off&#8221; admin_label=&#8221;row&#8221;][et_pb_column type=&#8221;1_3&#8243; parallax=&#8221;off&#8221; parallax_method=&#8221;off&#8221; column_padding_mobile=&#8221;on&#8221;][\/et_pb_column][et_pb_column type=&#8221;2_3&#8243; parallax=&#8221;off&#8221; parallax_method=&#8221;off&#8221; column_padding_mobile=&#8221;on&#8221;][et_pb_text max_width=&#8221;620px&#8221; admin_label=&#8221;Blocco testo 3&#8243; header_font_size=&#8221;30&#8243; header_letter_spacing=&#8221;0&#8243; header_line_height=&#8221;1&#8243; text_font=&#8221;PT Sans||||&#8221; text_font_size=&#8221;20&#8243; text_font_size_last_edited=&#8221;on|tablet&#8221; text_text_color=&#8221;#363636&#8243; text_letter_spacing=&#8221;0&#8243; text_line_height=&#8221;1.5&#8243; custom_margin=&#8221;30px||0px|&#8221;]<\/p>\n<p class=\"\"><strong>(*) FDO:<\/strong><\/p>\n<p class=\"\">Siamo partiti con un noi perch\u00e9 tutte le grande storie partono al plurale, quindi abbiamo creato un team di giovani imprenditori e manager che hanno deciso di dedicare parte del proprio tempo libero per provare a fare qualcosa di diverso.<\/p>\n<p class=\"\">Non si studia l\u2019innovazione o il cambiamento, ci si contamina con l\u2019innovazione ed il cambiamento. FDO sar\u00e0 un percorso, un racconto, sar\u00e0 storie da ascoltare e persone da conoscere, sar\u00e0 occasioni di crescita personale ed altre di opportunit\u00e0 di business. Abbiamo iniziato a Gallarate da VALORE BF, il 26 settembre, con un evento gi\u00e0 decisivo.<\/p>\n<p class=\"\">Da l\u00ec ci siamo spostati in Universit\u00e0 Cattolica a Milano, perch\u00e9 senza l\u2019appoggio di chi studia e di chi si prepara oggi al futuro non esiste prospettiva di cambiamento.<\/p>\n<p class=\"\">Il 7 novembre siamo stati da un altro partner, CEPAR Digital Agency, nella sua sede in TAG \u2013 Talent Garden Calabiana per intercettare chi ama lavorare con gli altri (o non pu\u00f2 ancora permettersi ne un ufficio tutto suo ne un garage da cui scalare il mondo).<\/p>\n<p class=\"\">E poi, e poi, e poi ancora studenti, con la seconda puntata in UniCatt e poi di corsa al Salone dello Studente a Roma, per poi approdare a Firenze.<\/p>\n<p class=\"\">Il contagio sta diventando incontrollabile.<\/p>\n<p>&nbsp;<\/p>\n<p>[\/et_pb_text][\/et_pb_column][\/et_pb_row][\/et_pb_section]<\/p>\n","protected":false},"excerpt":{"rendered":"<p>Costruire partendo da punti di vista diversi, talvolta sperimentali, sempre innovativi. Questi i racconti della 13\u00b0 tappa di FDO, il format nato per rompere gli schemi e contagiare e diffondere \u201cla creativit\u00e0 per contagio\u201d. A condurre un sempre magistrale Germano Lanzoni. <\/p>\n","protected":false},"author":5,"featured_media":9281,"comment_status":"open","ping_status":"open","sticky":false,"template":"","format":"standard","meta":{"_et_pb_use_builder":"on","_et_pb_old_content":"","_et_gb_content_width":"","_jetpack_memberships_contains_paid_content":false,"footnotes":""},"categories":[151,805],"tags":[516,134,403,413,132],"class_list":["post-9046","post","type-post","status-publish","format-standard","has-post-thumbnail","hentry","category-eventi","category-succede-al-museo","tag-cepar","tag-eventi","tag-fdo","tag-germano-lanzoni","tag-meeting","et-has-post-format-content","et_post_format-et-post-format-standard"],"yoast_head":"<!-- This site is optimized with the Yoast SEO plugin v26.8 - https:\/\/yoast.com\/product\/yoast-seo-wordpress\/ -->\n<title>FDO: creativi per contagio - eNews Museo Fratelli Cozzi<\/title>\n<meta name=\"description\" content=\"Costruire partendo da punti di vista diversi, talvolta sperimentali, sempre innovativi. Questi i racconti della 13\u00b0 tappa di FDO,\" \/>\n<meta name=\"robots\" content=\"index, follow, max-snippet:-1, max-image-preview:large, max-video-preview:-1\" \/>\n<link rel=\"canonical\" href=\"https:\/\/www.museofratellicozzi.com\/news\/fdo-creativi-contagio\/\" \/>\n<meta property=\"og:locale\" content=\"it_IT\" \/>\n<meta property=\"og:type\" content=\"article\" \/>\n<meta property=\"og:title\" content=\"FDO: creativi per contagio - eNews Museo Fratelli Cozzi\" \/>\n<meta property=\"og:description\" content=\"Costruire partendo da punti di vista diversi, talvolta sperimentali, sempre innovativi. Questi i racconti della 13\u00b0 tappa di FDO,\" \/>\n<meta property=\"og:url\" content=\"https:\/\/www.museofratellicozzi.com\/news\/fdo-creativi-contagio\/\" \/>\n<meta property=\"og:site_name\" content=\"eNews Museo Fratelli Cozzi\" \/>\n<meta property=\"article:published_time\" content=\"2019-11-27T16:15:19+00:00\" \/>\n<meta property=\"article:modified_time\" content=\"2024-01-17T15:19:37+00:00\" \/>\n<meta property=\"og:image\" content=\"https:\/\/www.museofratellicozzi.com\/news\/wp-content\/uploads\/2019\/11\/Progetto-senza-titolo-21.png\" \/>\n\t<meta property=\"og:image:width\" content=\"560\" \/>\n\t<meta property=\"og:image:height\" content=\"315\" \/>\n\t<meta property=\"og:image:type\" content=\"image\/png\" \/>\n<meta name=\"author\" content=\"Laura Defendi\" \/>\n<meta name=\"twitter:card\" content=\"summary_large_image\" \/>\n<meta name=\"twitter:label1\" content=\"Scritto da\" \/>\n\t<meta name=\"twitter:data1\" content=\"Laura Defendi\" \/>\n\t<meta name=\"twitter:label2\" content=\"Tempo di lettura stimato\" \/>\n\t<meta name=\"twitter:data2\" content=\"7 minuti\" \/>\n<script type=\"application\/ld+json\" class=\"yoast-schema-graph\">{\"@context\":\"https:\/\/schema.org\",\"@graph\":[{\"@type\":\"Article\",\"@id\":\"https:\/\/www.museofratellicozzi.com\/news\/fdo-creativi-contagio\/#article\",\"isPartOf\":{\"@id\":\"https:\/\/www.museofratellicozzi.com\/news\/fdo-creativi-contagio\/\"},\"author\":{\"name\":\"Laura Defendi\",\"@id\":\"https:\/\/www.museofratellicozzi.com\/news\/#\/schema\/person\/9c1de5abfab71104e0bfe41cca1b7072\"},\"headline\":\"FDO: creativi per contagio\",\"datePublished\":\"2019-11-27T16:15:19+00:00\",\"dateModified\":\"2024-01-17T15:19:37+00:00\",\"mainEntityOfPage\":{\"@id\":\"https:\/\/www.museofratellicozzi.com\/news\/fdo-creativi-contagio\/\"},\"wordCount\":1353,\"commentCount\":1,\"publisher\":{\"@id\":\"https:\/\/www.museofratellicozzi.com\/news\/#organization\"},\"image\":{\"@id\":\"https:\/\/www.museofratellicozzi.com\/news\/fdo-creativi-contagio\/#primaryimage\"},\"thumbnailUrl\":\"https:\/\/www.museofratellicozzi.com\/news\/wp-content\/uploads\/2019\/11\/Progetto-senza-titolo-21.png\",\"keywords\":[\"Cepar\",\"eventi\",\"fdo\",\"Germano Lanzoni\",\"meeting\"],\"articleSection\":[\"Eventi\",\"Succede al museo\"],\"inLanguage\":\"it-IT\",\"potentialAction\":[{\"@type\":\"CommentAction\",\"name\":\"Comment\",\"target\":[\"https:\/\/www.museofratellicozzi.com\/news\/fdo-creativi-contagio\/#respond\"]}]},{\"@type\":\"WebPage\",\"@id\":\"https:\/\/www.museofratellicozzi.com\/news\/fdo-creativi-contagio\/\",\"url\":\"https:\/\/www.museofratellicozzi.com\/news\/fdo-creativi-contagio\/\",\"name\":\"FDO: creativi per contagio - eNews Museo Fratelli Cozzi\",\"isPartOf\":{\"@id\":\"https:\/\/www.museofratellicozzi.com\/news\/#website\"},\"primaryImageOfPage\":{\"@id\":\"https:\/\/www.museofratellicozzi.com\/news\/fdo-creativi-contagio\/#primaryimage\"},\"image\":{\"@id\":\"https:\/\/www.museofratellicozzi.com\/news\/fdo-creativi-contagio\/#primaryimage\"},\"thumbnailUrl\":\"https:\/\/www.museofratellicozzi.com\/news\/wp-content\/uploads\/2019\/11\/Progetto-senza-titolo-21.png\",\"datePublished\":\"2019-11-27T16:15:19+00:00\",\"dateModified\":\"2024-01-17T15:19:37+00:00\",\"description\":\"Costruire partendo da punti di vista diversi, talvolta sperimentali, sempre innovativi. Questi i racconti della 13\u00b0 tappa di FDO,\",\"breadcrumb\":{\"@id\":\"https:\/\/www.museofratellicozzi.com\/news\/fdo-creativi-contagio\/#breadcrumb\"},\"inLanguage\":\"it-IT\",\"potentialAction\":[{\"@type\":\"ReadAction\",\"target\":[\"https:\/\/www.museofratellicozzi.com\/news\/fdo-creativi-contagio\/\"]}]},{\"@type\":\"ImageObject\",\"inLanguage\":\"it-IT\",\"@id\":\"https:\/\/www.museofratellicozzi.com\/news\/fdo-creativi-contagio\/#primaryimage\",\"url\":\"https:\/\/www.museofratellicozzi.com\/news\/wp-content\/uploads\/2019\/11\/Progetto-senza-titolo-21.png\",\"contentUrl\":\"https:\/\/www.museofratellicozzi.com\/news\/wp-content\/uploads\/2019\/11\/Progetto-senza-titolo-21.png\",\"width\":560,\"height\":315},{\"@type\":\"BreadcrumbList\",\"@id\":\"https:\/\/www.museofratellicozzi.com\/news\/fdo-creativi-contagio\/#breadcrumb\",\"itemListElement\":[{\"@type\":\"ListItem\",\"position\":1,\"name\":\"Home\",\"item\":\"https:\/\/www.museofratellicozzi.com\/news\/\"},{\"@type\":\"ListItem\",\"position\":2,\"name\":\"FDO: creativi per contagio\"}]},{\"@type\":\"WebSite\",\"@id\":\"https:\/\/www.museofratellicozzi.com\/news\/#website\",\"url\":\"https:\/\/www.museofratellicozzi.com\/news\/\",\"name\":\"eNews Museo Fratelli Cozzi\",\"description\":\"Alfa Romeo: un mito che resiste al tempo\",\"publisher\":{\"@id\":\"https:\/\/www.museofratellicozzi.com\/news\/#organization\"},\"potentialAction\":[{\"@type\":\"SearchAction\",\"target\":{\"@type\":\"EntryPoint\",\"urlTemplate\":\"https:\/\/www.museofratellicozzi.com\/news\/?s={search_term_string}\"},\"query-input\":{\"@type\":\"PropertyValueSpecification\",\"valueRequired\":true,\"valueName\":\"search_term_string\"}}],\"inLanguage\":\"it-IT\"},{\"@type\":\"Organization\",\"@id\":\"https:\/\/www.museofratellicozzi.com\/news\/#organization\",\"name\":\"Museo Fratelli Cozzi\",\"url\":\"https:\/\/www.museofratellicozzi.com\/news\/\",\"logo\":{\"@type\":\"ImageObject\",\"inLanguage\":\"it-IT\",\"@id\":\"https:\/\/www.museofratellicozzi.com\/news\/#\/schema\/logo\/image\/\",\"url\":\"https:\/\/www.museofratellicozzi.com\/news\/wp-content\/uploads\/2017\/04\/home.png\",\"contentUrl\":\"https:\/\/www.museofratellicozzi.com\/news\/wp-content\/uploads\/2017\/04\/home.png\",\"width\":497,\"height\":512,\"caption\":\"Museo Fratelli Cozzi\"},\"image\":{\"@id\":\"https:\/\/www.museofratellicozzi.com\/news\/#\/schema\/logo\/image\/\"}},{\"@type\":\"Person\",\"@id\":\"https:\/\/www.museofratellicozzi.com\/news\/#\/schema\/person\/9c1de5abfab71104e0bfe41cca1b7072\",\"name\":\"Laura Defendi\",\"image\":{\"@type\":\"ImageObject\",\"inLanguage\":\"it-IT\",\"@id\":\"https:\/\/www.museofratellicozzi.com\/news\/#\/schema\/person\/image\/\",\"url\":\"https:\/\/secure.gravatar.com\/avatar\/fa196a116a28416a994aad4b629b4ae8?s=96&d=mm&r=g\",\"contentUrl\":\"https:\/\/secure.gravatar.com\/avatar\/fa196a116a28416a994aad4b629b4ae8?s=96&d=mm&r=g\",\"caption\":\"Laura Defendi\"}}]}<\/script>\n<!-- \/ Yoast SEO plugin. -->","yoast_head_json":{"title":"FDO: creativi per contagio - eNews Museo Fratelli Cozzi","description":"Costruire partendo da punti di vista diversi, talvolta sperimentali, sempre innovativi. Questi i racconti della 13\u00b0 tappa di FDO,","robots":{"index":"index","follow":"follow","max-snippet":"max-snippet:-1","max-image-preview":"max-image-preview:large","max-video-preview":"max-video-preview:-1"},"canonical":"https:\/\/www.museofratellicozzi.com\/news\/fdo-creativi-contagio\/","og_locale":"it_IT","og_type":"article","og_title":"FDO: creativi per contagio - eNews Museo Fratelli Cozzi","og_description":"Costruire partendo da punti di vista diversi, talvolta sperimentali, sempre innovativi. Questi i racconti della 13\u00b0 tappa di FDO,","og_url":"https:\/\/www.museofratellicozzi.com\/news\/fdo-creativi-contagio\/","og_site_name":"eNews Museo Fratelli Cozzi","article_published_time":"2019-11-27T16:15:19+00:00","article_modified_time":"2024-01-17T15:19:37+00:00","og_image":[{"width":560,"height":315,"url":"https:\/\/www.museofratellicozzi.com\/news\/wp-content\/uploads\/2019\/11\/Progetto-senza-titolo-21.png","type":"image\/png"}],"author":"Laura Defendi","twitter_card":"summary_large_image","twitter_misc":{"Scritto da":"Laura Defendi","Tempo di lettura stimato":"7 minuti"},"schema":{"@context":"https:\/\/schema.org","@graph":[{"@type":"Article","@id":"https:\/\/www.museofratellicozzi.com\/news\/fdo-creativi-contagio\/#article","isPartOf":{"@id":"https:\/\/www.museofratellicozzi.com\/news\/fdo-creativi-contagio\/"},"author":{"name":"Laura Defendi","@id":"https:\/\/www.museofratellicozzi.com\/news\/#\/schema\/person\/9c1de5abfab71104e0bfe41cca1b7072"},"headline":"FDO: creativi per contagio","datePublished":"2019-11-27T16:15:19+00:00","dateModified":"2024-01-17T15:19:37+00:00","mainEntityOfPage":{"@id":"https:\/\/www.museofratellicozzi.com\/news\/fdo-creativi-contagio\/"},"wordCount":1353,"commentCount":1,"publisher":{"@id":"https:\/\/www.museofratellicozzi.com\/news\/#organization"},"image":{"@id":"https:\/\/www.museofratellicozzi.com\/news\/fdo-creativi-contagio\/#primaryimage"},"thumbnailUrl":"https:\/\/www.museofratellicozzi.com\/news\/wp-content\/uploads\/2019\/11\/Progetto-senza-titolo-21.png","keywords":["Cepar","eventi","fdo","Germano Lanzoni","meeting"],"articleSection":["Eventi","Succede al museo"],"inLanguage":"it-IT","potentialAction":[{"@type":"CommentAction","name":"Comment","target":["https:\/\/www.museofratellicozzi.com\/news\/fdo-creativi-contagio\/#respond"]}]},{"@type":"WebPage","@id":"https:\/\/www.museofratellicozzi.com\/news\/fdo-creativi-contagio\/","url":"https:\/\/www.museofratellicozzi.com\/news\/fdo-creativi-contagio\/","name":"FDO: creativi per contagio - eNews Museo Fratelli Cozzi","isPartOf":{"@id":"https:\/\/www.museofratellicozzi.com\/news\/#website"},"primaryImageOfPage":{"@id":"https:\/\/www.museofratellicozzi.com\/news\/fdo-creativi-contagio\/#primaryimage"},"image":{"@id":"https:\/\/www.museofratellicozzi.com\/news\/fdo-creativi-contagio\/#primaryimage"},"thumbnailUrl":"https:\/\/www.museofratellicozzi.com\/news\/wp-content\/uploads\/2019\/11\/Progetto-senza-titolo-21.png","datePublished":"2019-11-27T16:15:19+00:00","dateModified":"2024-01-17T15:19:37+00:00","description":"Costruire partendo da punti di vista diversi, talvolta sperimentali, sempre innovativi. Questi i racconti della 13\u00b0 tappa di FDO,","breadcrumb":{"@id":"https:\/\/www.museofratellicozzi.com\/news\/fdo-creativi-contagio\/#breadcrumb"},"inLanguage":"it-IT","potentialAction":[{"@type":"ReadAction","target":["https:\/\/www.museofratellicozzi.com\/news\/fdo-creativi-contagio\/"]}]},{"@type":"ImageObject","inLanguage":"it-IT","@id":"https:\/\/www.museofratellicozzi.com\/news\/fdo-creativi-contagio\/#primaryimage","url":"https:\/\/www.museofratellicozzi.com\/news\/wp-content\/uploads\/2019\/11\/Progetto-senza-titolo-21.png","contentUrl":"https:\/\/www.museofratellicozzi.com\/news\/wp-content\/uploads\/2019\/11\/Progetto-senza-titolo-21.png","width":560,"height":315},{"@type":"BreadcrumbList","@id":"https:\/\/www.museofratellicozzi.com\/news\/fdo-creativi-contagio\/#breadcrumb","itemListElement":[{"@type":"ListItem","position":1,"name":"Home","item":"https:\/\/www.museofratellicozzi.com\/news\/"},{"@type":"ListItem","position":2,"name":"FDO: creativi per contagio"}]},{"@type":"WebSite","@id":"https:\/\/www.museofratellicozzi.com\/news\/#website","url":"https:\/\/www.museofratellicozzi.com\/news\/","name":"eNews Museo Fratelli Cozzi","description":"Alfa Romeo: un mito che resiste al tempo","publisher":{"@id":"https:\/\/www.museofratellicozzi.com\/news\/#organization"},"potentialAction":[{"@type":"SearchAction","target":{"@type":"EntryPoint","urlTemplate":"https:\/\/www.museofratellicozzi.com\/news\/?s={search_term_string}"},"query-input":{"@type":"PropertyValueSpecification","valueRequired":true,"valueName":"search_term_string"}}],"inLanguage":"it-IT"},{"@type":"Organization","@id":"https:\/\/www.museofratellicozzi.com\/news\/#organization","name":"Museo Fratelli Cozzi","url":"https:\/\/www.museofratellicozzi.com\/news\/","logo":{"@type":"ImageObject","inLanguage":"it-IT","@id":"https:\/\/www.museofratellicozzi.com\/news\/#\/schema\/logo\/image\/","url":"https:\/\/www.museofratellicozzi.com\/news\/wp-content\/uploads\/2017\/04\/home.png","contentUrl":"https:\/\/www.museofratellicozzi.com\/news\/wp-content\/uploads\/2017\/04\/home.png","width":497,"height":512,"caption":"Museo Fratelli Cozzi"},"image":{"@id":"https:\/\/www.museofratellicozzi.com\/news\/#\/schema\/logo\/image\/"}},{"@type":"Person","@id":"https:\/\/www.museofratellicozzi.com\/news\/#\/schema\/person\/9c1de5abfab71104e0bfe41cca1b7072","name":"Laura Defendi","image":{"@type":"ImageObject","inLanguage":"it-IT","@id":"https:\/\/www.museofratellicozzi.com\/news\/#\/schema\/person\/image\/","url":"https:\/\/secure.gravatar.com\/avatar\/fa196a116a28416a994aad4b629b4ae8?s=96&d=mm&r=g","contentUrl":"https:\/\/secure.gravatar.com\/avatar\/fa196a116a28416a994aad4b629b4ae8?s=96&d=mm&r=g","caption":"Laura Defendi"}}]}},"jetpack_featured_media_url":"https:\/\/www.museofratellicozzi.com\/news\/wp-content\/uploads\/2019\/11\/Progetto-senza-titolo-21.png","jetpack_shortlink":"https:\/\/wp.me\/p90Eth-2lU","jetpack_sharing_enabled":true,"post_mailing_queue_ids":[],"_links":{"self":[{"href":"https:\/\/www.museofratellicozzi.com\/news\/wp-json\/wp\/v2\/posts\/9046","targetHints":{"allow":["GET"]}}],"collection":[{"href":"https:\/\/www.museofratellicozzi.com\/news\/wp-json\/wp\/v2\/posts"}],"about":[{"href":"https:\/\/www.museofratellicozzi.com\/news\/wp-json\/wp\/v2\/types\/post"}],"author":[{"embeddable":true,"href":"https:\/\/www.museofratellicozzi.com\/news\/wp-json\/wp\/v2\/users\/5"}],"replies":[{"embeddable":true,"href":"https:\/\/www.museofratellicozzi.com\/news\/wp-json\/wp\/v2\/comments?post=9046"}],"version-history":[{"count":10,"href":"https:\/\/www.museofratellicozzi.com\/news\/wp-json\/wp\/v2\/posts\/9046\/revisions"}],"predecessor-version":[{"id":9330,"href":"https:\/\/www.museofratellicozzi.com\/news\/wp-json\/wp\/v2\/posts\/9046\/revisions\/9330"}],"wp:featuredmedia":[{"embeddable":true,"href":"https:\/\/www.museofratellicozzi.com\/news\/wp-json\/wp\/v2\/media\/9281"}],"wp:attachment":[{"href":"https:\/\/www.museofratellicozzi.com\/news\/wp-json\/wp\/v2\/media?parent=9046"}],"wp:term":[{"taxonomy":"category","embeddable":true,"href":"https:\/\/www.museofratellicozzi.com\/news\/wp-json\/wp\/v2\/categories?post=9046"},{"taxonomy":"post_tag","embeddable":true,"href":"https:\/\/www.museofratellicozzi.com\/news\/wp-json\/wp\/v2\/tags?post=9046"}],"curies":[{"name":"wp","href":"https:\/\/api.w.org\/{rel}","templated":true}]}}