{"id":9615,"date":"2020-02-17T13:27:11","date_gmt":"2020-02-17T12:27:11","guid":{"rendered":"https:\/\/news.museofratellicozzi.com\/?p=9615"},"modified":"2024-01-17T16:19:34","modified_gmt":"2024-01-17T15:19:34","slug":"programma-museocity","status":"publish","type":"post","link":"https:\/\/www.museofratellicozzi.com\/news\/programma-museocity\/","title":{"rendered":"Programma MuseoCity"},"content":{"rendered":"\n[et_pb_section bb_built=&#8221;1&#8243; admin_label=&#8221;Sezione&#8221; custom_padding=&#8221;0px|||&#8221; custom_width_percent=&#8221;80&#8243;][et_pb_row admin_label=&#8221;Riga&#8221; make_fullwidth=&#8221;on&#8221; custom_width_percent=&#8221;80&#8243; use_custom_gutter=&#8221;on&#8221; gutter_width=&#8221;1&#8243; custom_padding=&#8221;0px|||&#8221; parallax_method_1=&#8221;off&#8221; disabled_on=&#8221;off|off|off&#8221;][et_pb_column type=&#8221;4_4&#8243;][et_pb_image admin_label=&#8221;Immagine principale&#8221; src=&#8221;https:\/\/www.museofratellicozzi.com\/news\/wp-content\/uploads\/2020\/02\/musei.jpg&#8221; animation=&#8221;off&#8221; force_fullwidth=&#8221;on&#8221;]\r\n[\/et_pb_image][\/et_pb_column][\/et_pb_row][et_pb_row admin_label=&#8221;Riga&#8221; custom_width_percent=&#8221;80&#8243; custom_padding=&#8221;20px||0px|&#8221; parallax_method_1=&#8221;off&#8221;][et_pb_column type=&#8221;4_4&#8243;][et_pb_text admin_label=&#8221;Categoria&#8221; header_font_size=&#8221;30&#8243; header_letter_spacing=&#8221;0&#8243; header_line_height=&#8221;1&#8243; text_text_color=&#8221;#bcbcbc&#8221; text_letter_spacing=&#8221;2&#8243; text_line_height=&#8221;1.7&#8243; custom_margin=&#8221;||10px|&#8221; custom_margin_last_edited=&#8221;on|tablet&#8221;]\r\n\r\n<strong>CULTURA<\/strong>\r\n\r\n[\/et_pb_text][et_pb_text admin_label=&#8221;Titolo&#8221; header_font=&#8221;PT Sans||||&#8221; header_font_size=&#8221;48&#8243; header_font_size_tablet=&#8221;46&#8243; header_font_size_last_edited=&#8221;on|desktop&#8221; header_text_color=&#8221;#000000&#8243; header_letter_spacing=&#8221;0&#8243; header_line_height=&#8221;1.2&#8243; text_font=&#8221;PT Sans||||&#8221; text_font_size=&#8221;72&#8243; text_font_size_tablet=&#8221;60&#8243; text_font_size_last_edited=&#8221;on|desktop&#8221; text_text_color=&#8221;#000000&#8243; text_letter_spacing=&#8221;0&#8243; text_letter_spacing_last_edited=&#8221;on|desktop&#8221; text_line_height=&#8221;1.1&#8243; text_line_height_last_edited=&#8221;on|&#8221; custom_margin=&#8221;0px||0px|&#8221;]\r\n\r\nMuseoCity 2020: variazione programma\r\n\r\n[\/et_pb_text][et_pb_text admin_label=&#8221;Data&#8221; header_font_size=&#8221;30&#8243; header_letter_spacing=&#8221;0&#8243; header_line_height=&#8221;1&#8243; text_font=&#8221;PT Sans|on|||&#8221; text_font_size=&#8221;18&#8243; text_text_color=&#8221;#363636&#8243; text_letter_spacing=&#8221;0&#8243; text_line_height=&#8221;1.7&#8243; custom_margin=&#8221;10px||0px|&#8221;]\r\n\r\n26 febbraio 2016\r\n\r\n[\/et_pb_text][\/et_pb_column][\/et_pb_row][\/et_pb_section][et_pb_section bb_built=&#8221;1&#8243; admin_label=&#8221;Section&#8221; background_color=&#8221;#f7f7f4&#8243; custom_width_percent=&#8221;80&#8243;][et_pb_row admin_label=&#8221;row&#8221; custom_width_percent=&#8221;80&#8243; custom_padding=&#8221;0px|||&#8221; padding_mobile=&#8221;on&#8221; column_padding_mobile=&#8221;on&#8221; parallax_method_1=&#8221;off&#8221; parallax_method_2=&#8221;off&#8221;][et_pb_column type=&#8221;1_3&#8243;][\/et_pb_column][et_pb_column type=&#8221;2_3&#8243;][et_pb_text admin_label=&#8221;Occhiello&#8221; max_width=&#8221;620px&#8221; header_font_size=&#8221;30&#8243; header_letter_spacing=&#8221;0&#8243; header_line_height=&#8221;1&#8243; text_font=&#8221;PT Sans|on|||&#8221; text_font_size=&#8221;24&#8243; text_font_size_last_edited=&#8221;on|desktop&#8221; text_text_color=&#8221;#363636&#8243; text_letter_spacing=&#8221;0&#8243; text_line_height=&#8221;1.4&#8243; custom_margin=&#8221;10px||0px|&#8221;]\r\n\r\nFlessibilit\u00e0 e resilienza, anche questi sono elementi caratteristici della cultura meneghina, e cos\u00ec eccoci qui a fare i conti con qualche cambio di programma.\r\n\r\n[\/et_pb_text][et_pb_text admin_label=&#8221;Blocco testo 1&#8243; max_width=&#8221;620px&#8221; header_font_size=&#8221;30&#8243; header_letter_spacing=&#8221;0&#8243; header_line_height=&#8221;1&#8243; text_font=&#8221;PT Sans||||&#8221; text_font_size=&#8221;20&#8243; text_font_size_last_edited=&#8221;on|tablet&#8221; text_text_color=&#8221;#363636&#8243; text_letter_spacing=&#8221;0&#8243; text_line_height=&#8221;1.5&#8243; custom_margin=&#8221;30px||0px|&#8221;]\r\n\r\nLa contingente situazione ci obbliga a dover modificare il programma che avevamo preparato per MuseoCity 2020 per rispettare quanto indicato dall&#8217;ordinanza di Regione Lombardia in materia di contenimento del Corona Virus.\r\n<p class=\"\">Abbiamo dovuto per questo annullare l&#8217;apertura prevista in data 6 marzo e rimandare, a data da destinarsi, la conferenza\u00a0<span style=\"font-family: 'PT Sans', Helvetica, Arial, Lucida, sans-serif; font-size: 20px; font-style: normal; font-variant-ligatures: normal; font-variant-caps: normal; font-weight: 400; letter-spacing: 0px;\">\u00a0che vedeva come ospiti due donne straordinarie\u00a0 alla guida di musei prestigiosi come\u00a0<\/span><span style=\"font-family: 'PT Sans', Helvetica, Arial, Lucida, sans-serif; font-size: 20px; font-style: normal; font-variant-ligatures: normal; font-variant-caps: normal; font-weight: 400; letter-spacing: 0px; color: #e02b20;\">Mariella Mengozzi<\/span><span style=\"font-family: 'PT Sans', Helvetica, Arial, Lucida, sans-serif; font-size: 20px; font-style: normal; font-variant-ligatures: normal; font-variant-caps: normal; font-weight: 400; letter-spacing: 0px;\">\u00a0direttrice del\u00a0<\/span><a style=\"font-family: 'PT Sans', Helvetica, Arial, Lucida, sans-serif; font-size: 20px; font-style: normal; font-variant-ligatures: normal; font-variant-caps: normal; font-weight: 400; letter-spacing: 0px;\" href=\"http:\/\/www.museoauto.com\/\"><strong>Mauto<\/strong><\/a><span style=\"font-family: 'PT Sans', Helvetica, Arial, Lucida, sans-serif; font-size: 20px; font-style: normal; font-variant-ligatures: normal; font-variant-caps: normal; font-weight: 400; letter-spacing: 0px;\">\u00a0e\u00a0<\/span><span style=\"font-family: 'PT Sans', Helvetica, Arial, Lucida, sans-serif; font-size: 20px; font-style: normal; font-variant-ligatures: normal; font-variant-caps: normal; font-weight: 400; letter-spacing: 0px; color: #e02b20;\">Silvia Nicolis<\/span><span style=\"font-family: 'PT Sans', Helvetica, Arial, Lucida, sans-serif; font-size: 20px; font-style: normal; font-variant-ligatures: normal; font-variant-caps: normal; font-weight: 400; letter-spacing: 0px;\">\u00a0presidente del\u00a0<\/span><strong style=\"font-family: 'PT Sans', Helvetica, Arial, Lucida, sans-serif; font-size: 20px; font-style: normal; font-variant-ligatures: normal; font-variant-caps: normal; letter-spacing: 0px;\"><a href=\"http:\/\/www.museonicolis.com\/\">Museo Nicolis.<\/a><\/strong><\/p>\r\n<p class=\"\">Abbiamo deciso per\u00f2, di accogliere l&#8217;invito del sindaco Giuseppe Sala a &#8220;non fermare Milano&#8221;.\u00a0 In rispetto alle normative ad oggi vigenti e dei nostri visitatori, vogliamo sostenere l&#8217;auspicato <em>ritorno alla normalit\u00e0<\/em>,\u00a0con un&#8217;<strong>apertura speciale gratuita<\/strong>. Vi aspettiamo al Museo\u00a0<strong>domenica 8 marzo per una visita guidata<\/strong> che avr\u00e0 inizio alle ore 15.00.<\/p>\r\n<p class=\"\"><em><span style=\"font-size: small;\">(Il programma verr\u00e0 aggiornato qualora ci fossero ulteriori disposizioni di Regione Lombardia)<\/span><\/em><\/p>\r\n<p class=\"\">Come sempre, vi chiediamo di prenotare la vostra visita per aiutarci a ottimizzare l&#8217;organizzazione.<\/p>\r\n[\/et_pb_text][\/et_pb_column][\/et_pb_row][et_pb_row admin_label=&#8221;Row&#8221; custom_width_percent=&#8221;80&#8243; custom_padding=&#8221;50px|||&#8221; column_padding_mobile=&#8221;on&#8221; parallax_method_1=&#8221;off&#8221; disabled_on=&#8221;off|off|off&#8221;][et_pb_column type=&#8221;4_4&#8243;][et_pb_divider admin_label=&#8221;Linea citazione&#8221; color=&#8221;#aeaeac&#8221; show_divider=&#8221;on&#8221; divider_style=&#8221;solid&#8221; divider_position=&#8221;top&#8221; hide_on_mobile=&#8221;off&#8221;]\r\n[\/et_pb_divider][et_pb_text admin_label=&#8221;Citazione&#8221; text_orientation=&#8221;center&#8221; max_width=&#8221;900px&#8221; header_font_size=&#8221;30&#8243; header_letter_spacing=&#8221;0&#8243; header_line_height=&#8221;1&#8243; text_font=&#8221;PT Serif||||&#8221; text_font_size=&#8221;48&#8243; text_font_size_tablet=&#8221;38&#8243; text_font_size_last_edited=&#8221;on|tablet&#8221; text_text_color=&#8221;#363636&#8243; text_letter_spacing=&#8221;0&#8243; text_line_height=&#8221;1.3&#8243; custom_margin=&#8221;16px||30px|&#8221; background_layout=&#8221;light&#8221; use_border_color=&#8221;off&#8221; border_color=&#8221;#ffffff&#8221; border_width=&#8221;1&#8243; border_style=&#8221;solid&#8221;]\r\n<p style=\"text-align: center;\"><a href=\"https:\/\/www.eventbrite.it\/o\/museo-fratelli-cozzi-9007933212\" target=\"_blank\" rel=\"noopener\">&#8220;Prenota il tuo biglietto gratuito qui&#8221;<\/a><\/p>\r\n[\/et_pb_text][et_pb_divider admin_label=&#8221;Linea citazione&#8221; color=&#8221;#aeaeac&#8221; show_divider=&#8221;on&#8221; divider_style=&#8221;solid&#8221; divider_position=&#8221;top&#8221; hide_on_mobile=&#8221;off&#8221;]\r\n[\/et_pb_divider][\/et_pb_column][\/et_pb_row][et_pb_row admin_label=&#8221;row&#8221; custom_padding=&#8221;17px|||&#8221; padding_mobile=&#8221;on&#8221; column_padding_mobile=&#8221;on&#8221; parallax_method_1=&#8221;off&#8221; parallax_method_2=&#8221;off&#8221;][et_pb_column type=&#8221;1_3&#8243;][\/et_pb_column][et_pb_column type=&#8221;2_3&#8243;][et_pb_text admin_label=&#8221;Blocco testo 3&#8243; max_width=&#8221;620px&#8221; header_font_size=&#8221;30&#8243; header_letter_spacing=&#8221;0&#8243; header_line_height=&#8221;1&#8243; text_font=&#8221;PT Sans||||&#8221; text_font_size=&#8221;20&#8243; text_font_size_last_edited=&#8221;on|tablet&#8221; text_text_color=&#8221;#363636&#8243; text_letter_spacing=&#8221;0&#8243; text_line_height=&#8221;1.5&#8243; custom_margin=&#8221;30px||0px|&#8221;]\r\n\r\nMUSEOCITY2020 Il Museo Fratelli Cozzi ha il piacere di annunciare la partecipazione a Milano MuseoCity, iniziativa promossa e coordinata dal Comune di Milano in Collaborazione con l&#8217;Associazione MuseoCity. MILANO MUSEOCITY La manifestazione diffusa, giunta alla sua quarta edizione, coinvolge i Musei esaltandone la funzione culturale e promuovendo la conoscenza di uno straordinario patrimonio. Saranno oltre 89 i musei d&#8217;arte, di storia, musei scientifici, casa museo, case d&#8217;artista, archivi e musei d&#8217;impresa diffusi su tutto il territorio cittadino con alcune &#8220;incursioni &#8221; nell&#8217;area della Citt\u00e0 Metropolitana. Proprio una di queste &#8220;incursioni&#8221; vedr\u00e0 protagonista il MUSEO FRATELLI COZZI, onorato di essere annoverato insieme a realt\u00e0 prestigiose ed entusiasta di contribuire raccontando pagine inedite legate a un tema da noi sempre amato: &#8220;I talenti delle donne&#8221;. Questo, infatti, il tema scelto da MuseoCity per questa edizione: &#8220;donne protagoniste del pensiero creativo, dalle figure esemplari del passato alle tante testimoni di oggi nel mondo dell\u2019arte, della cultura, dell\u2019imprenditoria, dello sport, della scienza&#8221;. Un tema che non potevamo che sostenere, visto l&#8217;impegno da sempre profuso nel perseguire una comunicazione etica, avulsa da ogni stereotipo di genere e volta a contrastare il clich\u00e8 &#8220;Donne e Motori&#8221; che, al Museo, significa sempre e solo &#8220;Gioie e basta&#8221;.\r\n\r\n[\/et_pb_text][\/et_pb_column][\/et_pb_row][et_pb_row admin_label=&#8221;Row&#8221; use_custom_gutter=&#8221;on&#8221; gutter_width=&#8221;2&#8243; custom_padding=&#8221;50px|||&#8221; custom_padding_tablet=&#8221;30px|||&#8221; padding_mobile=&#8221;on&#8221; column_padding_mobile=&#8221;on&#8221; parallax_method_1=&#8221;off&#8221; parallax_method_2=&#8221;off&#8221; custom_padding_last_edited=&#8221;on|tablet&#8221;][et_pb_column type=&#8221;4_4&#8243;][et_pb_image admin_label=&#8221;immagine&#8221; src=&#8221;https:\/\/www.museofratellicozzi.com\/news\/wp-content\/uploads\/2020\/02\/unnamed-3.png&#8221; animation=&#8221;fade_in&#8221; force_fullwidth=&#8221;on&#8221;]\r\n[\/et_pb_image][\/et_pb_column][\/et_pb_row][et_pb_row admin_label=&#8221;row&#8221; custom_padding=&#8221;17px|||&#8221; padding_mobile=&#8221;on&#8221; column_padding_mobile=&#8221;on&#8221; parallax_method_1=&#8221;off&#8221; parallax_method_2=&#8221;off&#8221;][et_pb_column type=&#8221;1_3&#8243;][\/et_pb_column][et_pb_column type=&#8221;2_3&#8243;][et_pb_text admin_label=&#8221;Blocco testo 4&#8243; max_width=&#8221;620px&#8221; header_font_size=&#8221;30&#8243; header_letter_spacing=&#8221;0&#8243; header_line_height=&#8221;1&#8243; text_font=&#8221;PT Sans||||&#8221; text_font_size=&#8221;20&#8243; text_font_size_last_edited=&#8221;on|tablet&#8221; text_text_color=&#8221;#363636&#8243; text_letter_spacing=&#8221;0&#8243; text_line_height=&#8221;1.5&#8243; custom_margin=&#8221;30px||0px|&#8221;]\r\n\r\n<strong>ASSOCIAZIONE MUSEOCITY<\/strong> MuseoCity \u00e8 un&#8217;associazione senza scopo di lucro che opera per la promozione e valorizzazione del grande patrimonio museale della citt\u00e0 di Milano e del suo Hinterland. L&#8217;intento \u00e8 quello di favorire la partecipazione di un pubblico sempre pi\u00f9 vasto alla vita artistico-culturale della citt\u00e0, sottolineando anche la dimensione confortevole e accogliente dei musei. Dal 2016 l&#8217;Associazione, insieme al Comune di Milano, organizza nel primo fine settimana di marzo un festival urbano intitolato Milano MuseoCity, che coinvolge 80 musei e vede l&#8217;affluenza di circa 80.000 persone. Tra questi troviamo musei d&#8217;arte, scientifici, storici, d&#8217;impresa, sportivi e case museo, musei pubblici e privati, che rendono la citt\u00e0 speciale anche dal punto di vista dell&#8217;arte diffusa. L&#8217;Associazione sviluppa diverse attivit\u00e0 anche durante il resto dell&#8217;anno, volte a far conoscere la bellezza dei musei a numerosi visitatori, con particolare attenzione ai bambini, a cui sono dedicate cicli di visite guidate, grazie alla collaborazione di Milanoguida, e per cui nasce il progetto Cartolina d&#8217;Autore. I nostri sono solo esempi di quanto si pu\u00f2 fare, nella speranza che qualcuno dei musei decida di farli propri. Comitato Scientifico: Anna Detheridge, Fulvio Irace, Christine Macel Consiglio Direttivo: Maria Grazia Mazzocchi, Peter Hefti, Fulvio Irace.\r\n\r\n[\/et_pb_text][\/et_pb_column][\/et_pb_row][\/et_pb_section]\n","protected":false},"excerpt":{"rendered":"<p>Che magia essere tra i \u201cMusei Segreti\u201d della Citt\u00e0 Metropolitana di Milano e che orgoglio essere tra gli 80 luoghi d\u2019Arte aperti in occasione di MuseoCity 2020. Il motore di tutto questo? Le Donne!<\/p>\n","protected":false},"author":5,"featured_media":9712,"comment_status":"open","ping_status":"open","sticky":false,"template":"","format":"standard","meta":{"_et_pb_use_builder":"on","_et_pb_old_content":"","_et_gb_content_width":"","_jetpack_memberships_contains_paid_content":false,"footnotes":""},"categories":[151,805],"tags":[555,554,258,25,553,552,556],"class_list":["post-9615","post","type-post","status-publish","format-standard","has-post-thumbnail","hentry","category-eventi","category-succede-al-museo","tag-corona-virus","tag-giuseppe-sala","tag-milano","tag-museo","tag-museocity","tag-programma","tag-visita-guidata","et-has-post-format-content","et_post_format-et-post-format-standard"],"yoast_head":"<!-- This site is optimized with the Yoast SEO plugin v26.8 - https:\/\/yoast.com\/product\/yoast-seo-wordpress\/ -->\n<title>Programma MuseoCity - eNews Museo Fratelli Cozzi<\/title>\n<meta name=\"description\" content=\"MUSEOCITY2020 Il Museo Fratelli Cozzi ha il piacere di annunciare la partecipazione a Milano MuseoCity\" \/>\n<meta name=\"robots\" content=\"index, follow, max-snippet:-1, max-image-preview:large, max-video-preview:-1\" \/>\n<link rel=\"canonical\" href=\"https:\/\/www.museofratellicozzi.com\/news\/programma-museocity\/\" \/>\n<meta property=\"og:locale\" content=\"it_IT\" \/>\n<meta property=\"og:type\" content=\"article\" \/>\n<meta property=\"og:title\" content=\"Programma MuseoCity - eNews Museo Fratelli Cozzi\" \/>\n<meta property=\"og:description\" content=\"MUSEOCITY2020 Il Museo Fratelli Cozzi ha il piacere di annunciare la partecipazione a Milano MuseoCity\" \/>\n<meta property=\"og:url\" content=\"https:\/\/www.museofratellicozzi.com\/news\/programma-museocity\/\" \/>\n<meta property=\"og:site_name\" content=\"eNews Museo Fratelli Cozzi\" \/>\n<meta property=\"article:published_time\" content=\"2020-02-17T12:27:11+00:00\" \/>\n<meta property=\"article:modified_time\" content=\"2024-01-17T15:19:34+00:00\" \/>\n<meta property=\"og:image\" content=\"https:\/\/www.museofratellicozzi.com\/news\/wp-content\/uploads\/2020\/02\/musei.jpg\" \/>\n\t<meta property=\"og:image:width\" content=\"588\" \/>\n\t<meta property=\"og:image:height\" content=\"308\" \/>\n\t<meta property=\"og:image:type\" content=\"image\/jpeg\" \/>\n<meta name=\"author\" content=\"Laura Defendi\" \/>\n<meta name=\"twitter:card\" content=\"summary_large_image\" \/>\n<meta name=\"twitter:label1\" content=\"Scritto da\" \/>\n\t<meta name=\"twitter:data1\" content=\"Laura Defendi\" \/>\n\t<meta name=\"twitter:label2\" content=\"Tempo di lettura stimato\" \/>\n\t<meta name=\"twitter:data2\" content=\"4 minuti\" \/>\n<script type=\"application\/ld+json\" class=\"yoast-schema-graph\">{\"@context\":\"https:\/\/schema.org\",\"@graph\":[{\"@type\":\"Article\",\"@id\":\"https:\/\/www.museofratellicozzi.com\/news\/programma-museocity\/#article\",\"isPartOf\":{\"@id\":\"https:\/\/www.museofratellicozzi.com\/news\/programma-museocity\/\"},\"author\":{\"name\":\"Laura Defendi\",\"@id\":\"https:\/\/www.museofratellicozzi.com\/news\/#\/schema\/person\/9c1de5abfab71104e0bfe41cca1b7072\"},\"headline\":\"Programma MuseoCity\",\"datePublished\":\"2020-02-17T12:27:11+00:00\",\"dateModified\":\"2024-01-17T15:19:34+00:00\",\"mainEntityOfPage\":{\"@id\":\"https:\/\/www.museofratellicozzi.com\/news\/programma-museocity\/\"},\"wordCount\":1404,\"commentCount\":2,\"publisher\":{\"@id\":\"https:\/\/www.museofratellicozzi.com\/news\/#organization\"},\"image\":{\"@id\":\"https:\/\/www.museofratellicozzi.com\/news\/programma-museocity\/#primaryimage\"},\"thumbnailUrl\":\"https:\/\/www.museofratellicozzi.com\/news\/wp-content\/uploads\/2020\/02\/musei.jpg\",\"keywords\":[\"Corona Virus\",\"Giuseppe Sala\",\"milano\",\"museo\",\"MuseoCity\",\"Programma\",\"Visita Guidata\"],\"articleSection\":[\"Eventi\",\"Succede al museo\"],\"inLanguage\":\"it-IT\",\"potentialAction\":[{\"@type\":\"CommentAction\",\"name\":\"Comment\",\"target\":[\"https:\/\/www.museofratellicozzi.com\/news\/programma-museocity\/#respond\"]}]},{\"@type\":\"WebPage\",\"@id\":\"https:\/\/www.museofratellicozzi.com\/news\/programma-museocity\/\",\"url\":\"https:\/\/www.museofratellicozzi.com\/news\/programma-museocity\/\",\"name\":\"Programma MuseoCity - eNews Museo Fratelli Cozzi\",\"isPartOf\":{\"@id\":\"https:\/\/www.museofratellicozzi.com\/news\/#website\"},\"primaryImageOfPage\":{\"@id\":\"https:\/\/www.museofratellicozzi.com\/news\/programma-museocity\/#primaryimage\"},\"image\":{\"@id\":\"https:\/\/www.museofratellicozzi.com\/news\/programma-museocity\/#primaryimage\"},\"thumbnailUrl\":\"https:\/\/www.museofratellicozzi.com\/news\/wp-content\/uploads\/2020\/02\/musei.jpg\",\"datePublished\":\"2020-02-17T12:27:11+00:00\",\"dateModified\":\"2024-01-17T15:19:34+00:00\",\"description\":\"MUSEOCITY2020 Il Museo Fratelli Cozzi ha il piacere di annunciare la partecipazione a Milano MuseoCity\",\"breadcrumb\":{\"@id\":\"https:\/\/www.museofratellicozzi.com\/news\/programma-museocity\/#breadcrumb\"},\"inLanguage\":\"it-IT\",\"potentialAction\":[{\"@type\":\"ReadAction\",\"target\":[\"https:\/\/www.museofratellicozzi.com\/news\/programma-museocity\/\"]}]},{\"@type\":\"ImageObject\",\"inLanguage\":\"it-IT\",\"@id\":\"https:\/\/www.museofratellicozzi.com\/news\/programma-museocity\/#primaryimage\",\"url\":\"https:\/\/www.museofratellicozzi.com\/news\/wp-content\/uploads\/2020\/02\/musei.jpg\",\"contentUrl\":\"https:\/\/www.museofratellicozzi.com\/news\/wp-content\/uploads\/2020\/02\/musei.jpg\",\"width\":588,\"height\":308},{\"@type\":\"BreadcrumbList\",\"@id\":\"https:\/\/www.museofratellicozzi.com\/news\/programma-museocity\/#breadcrumb\",\"itemListElement\":[{\"@type\":\"ListItem\",\"position\":1,\"name\":\"Home\",\"item\":\"https:\/\/www.museofratellicozzi.com\/news\/\"},{\"@type\":\"ListItem\",\"position\":2,\"name\":\"Programma MuseoCity\"}]},{\"@type\":\"WebSite\",\"@id\":\"https:\/\/www.museofratellicozzi.com\/news\/#website\",\"url\":\"https:\/\/www.museofratellicozzi.com\/news\/\",\"name\":\"eNews Museo Fratelli Cozzi\",\"description\":\"Alfa Romeo: un mito che resiste al tempo\",\"publisher\":{\"@id\":\"https:\/\/www.museofratellicozzi.com\/news\/#organization\"},\"potentialAction\":[{\"@type\":\"SearchAction\",\"target\":{\"@type\":\"EntryPoint\",\"urlTemplate\":\"https:\/\/www.museofratellicozzi.com\/news\/?s={search_term_string}\"},\"query-input\":{\"@type\":\"PropertyValueSpecification\",\"valueRequired\":true,\"valueName\":\"search_term_string\"}}],\"inLanguage\":\"it-IT\"},{\"@type\":\"Organization\",\"@id\":\"https:\/\/www.museofratellicozzi.com\/news\/#organization\",\"name\":\"Museo Fratelli Cozzi\",\"url\":\"https:\/\/www.museofratellicozzi.com\/news\/\",\"logo\":{\"@type\":\"ImageObject\",\"inLanguage\":\"it-IT\",\"@id\":\"https:\/\/www.museofratellicozzi.com\/news\/#\/schema\/logo\/image\/\",\"url\":\"https:\/\/www.museofratellicozzi.com\/news\/wp-content\/uploads\/2017\/04\/home.png\",\"contentUrl\":\"https:\/\/www.museofratellicozzi.com\/news\/wp-content\/uploads\/2017\/04\/home.png\",\"width\":497,\"height\":512,\"caption\":\"Museo Fratelli Cozzi\"},\"image\":{\"@id\":\"https:\/\/www.museofratellicozzi.com\/news\/#\/schema\/logo\/image\/\"}},{\"@type\":\"Person\",\"@id\":\"https:\/\/www.museofratellicozzi.com\/news\/#\/schema\/person\/9c1de5abfab71104e0bfe41cca1b7072\",\"name\":\"Laura Defendi\",\"image\":{\"@type\":\"ImageObject\",\"inLanguage\":\"it-IT\",\"@id\":\"https:\/\/www.museofratellicozzi.com\/news\/#\/schema\/person\/image\/\",\"url\":\"https:\/\/secure.gravatar.com\/avatar\/fa196a116a28416a994aad4b629b4ae8?s=96&d=mm&r=g\",\"contentUrl\":\"https:\/\/secure.gravatar.com\/avatar\/fa196a116a28416a994aad4b629b4ae8?s=96&d=mm&r=g\",\"caption\":\"Laura Defendi\"}}]}<\/script>\n<!-- \/ Yoast SEO plugin. -->","yoast_head_json":{"title":"Programma MuseoCity - eNews Museo Fratelli Cozzi","description":"MUSEOCITY2020 Il Museo Fratelli Cozzi ha il piacere di annunciare la partecipazione a Milano MuseoCity","robots":{"index":"index","follow":"follow","max-snippet":"max-snippet:-1","max-image-preview":"max-image-preview:large","max-video-preview":"max-video-preview:-1"},"canonical":"https:\/\/www.museofratellicozzi.com\/news\/programma-museocity\/","og_locale":"it_IT","og_type":"article","og_title":"Programma MuseoCity - eNews Museo Fratelli Cozzi","og_description":"MUSEOCITY2020 Il Museo Fratelli Cozzi ha il piacere di annunciare la partecipazione a Milano MuseoCity","og_url":"https:\/\/www.museofratellicozzi.com\/news\/programma-museocity\/","og_site_name":"eNews Museo Fratelli Cozzi","article_published_time":"2020-02-17T12:27:11+00:00","article_modified_time":"2024-01-17T15:19:34+00:00","og_image":[{"width":588,"height":308,"url":"https:\/\/www.museofratellicozzi.com\/news\/wp-content\/uploads\/2020\/02\/musei.jpg","type":"image\/jpeg"}],"author":"Laura Defendi","twitter_card":"summary_large_image","twitter_misc":{"Scritto da":"Laura Defendi","Tempo di lettura stimato":"4 minuti"},"schema":{"@context":"https:\/\/schema.org","@graph":[{"@type":"Article","@id":"https:\/\/www.museofratellicozzi.com\/news\/programma-museocity\/#article","isPartOf":{"@id":"https:\/\/www.museofratellicozzi.com\/news\/programma-museocity\/"},"author":{"name":"Laura Defendi","@id":"https:\/\/www.museofratellicozzi.com\/news\/#\/schema\/person\/9c1de5abfab71104e0bfe41cca1b7072"},"headline":"Programma MuseoCity","datePublished":"2020-02-17T12:27:11+00:00","dateModified":"2024-01-17T15:19:34+00:00","mainEntityOfPage":{"@id":"https:\/\/www.museofratellicozzi.com\/news\/programma-museocity\/"},"wordCount":1404,"commentCount":2,"publisher":{"@id":"https:\/\/www.museofratellicozzi.com\/news\/#organization"},"image":{"@id":"https:\/\/www.museofratellicozzi.com\/news\/programma-museocity\/#primaryimage"},"thumbnailUrl":"https:\/\/www.museofratellicozzi.com\/news\/wp-content\/uploads\/2020\/02\/musei.jpg","keywords":["Corona Virus","Giuseppe Sala","milano","museo","MuseoCity","Programma","Visita Guidata"],"articleSection":["Eventi","Succede al museo"],"inLanguage":"it-IT","potentialAction":[{"@type":"CommentAction","name":"Comment","target":["https:\/\/www.museofratellicozzi.com\/news\/programma-museocity\/#respond"]}]},{"@type":"WebPage","@id":"https:\/\/www.museofratellicozzi.com\/news\/programma-museocity\/","url":"https:\/\/www.museofratellicozzi.com\/news\/programma-museocity\/","name":"Programma MuseoCity - eNews Museo Fratelli Cozzi","isPartOf":{"@id":"https:\/\/www.museofratellicozzi.com\/news\/#website"},"primaryImageOfPage":{"@id":"https:\/\/www.museofratellicozzi.com\/news\/programma-museocity\/#primaryimage"},"image":{"@id":"https:\/\/www.museofratellicozzi.com\/news\/programma-museocity\/#primaryimage"},"thumbnailUrl":"https:\/\/www.museofratellicozzi.com\/news\/wp-content\/uploads\/2020\/02\/musei.jpg","datePublished":"2020-02-17T12:27:11+00:00","dateModified":"2024-01-17T15:19:34+00:00","description":"MUSEOCITY2020 Il Museo Fratelli Cozzi ha il piacere di annunciare la partecipazione a Milano MuseoCity","breadcrumb":{"@id":"https:\/\/www.museofratellicozzi.com\/news\/programma-museocity\/#breadcrumb"},"inLanguage":"it-IT","potentialAction":[{"@type":"ReadAction","target":["https:\/\/www.museofratellicozzi.com\/news\/programma-museocity\/"]}]},{"@type":"ImageObject","inLanguage":"it-IT","@id":"https:\/\/www.museofratellicozzi.com\/news\/programma-museocity\/#primaryimage","url":"https:\/\/www.museofratellicozzi.com\/news\/wp-content\/uploads\/2020\/02\/musei.jpg","contentUrl":"https:\/\/www.museofratellicozzi.com\/news\/wp-content\/uploads\/2020\/02\/musei.jpg","width":588,"height":308},{"@type":"BreadcrumbList","@id":"https:\/\/www.museofratellicozzi.com\/news\/programma-museocity\/#breadcrumb","itemListElement":[{"@type":"ListItem","position":1,"name":"Home","item":"https:\/\/www.museofratellicozzi.com\/news\/"},{"@type":"ListItem","position":2,"name":"Programma MuseoCity"}]},{"@type":"WebSite","@id":"https:\/\/www.museofratellicozzi.com\/news\/#website","url":"https:\/\/www.museofratellicozzi.com\/news\/","name":"eNews Museo Fratelli Cozzi","description":"Alfa Romeo: un mito che resiste al tempo","publisher":{"@id":"https:\/\/www.museofratellicozzi.com\/news\/#organization"},"potentialAction":[{"@type":"SearchAction","target":{"@type":"EntryPoint","urlTemplate":"https:\/\/www.museofratellicozzi.com\/news\/?s={search_term_string}"},"query-input":{"@type":"PropertyValueSpecification","valueRequired":true,"valueName":"search_term_string"}}],"inLanguage":"it-IT"},{"@type":"Organization","@id":"https:\/\/www.museofratellicozzi.com\/news\/#organization","name":"Museo Fratelli Cozzi","url":"https:\/\/www.museofratellicozzi.com\/news\/","logo":{"@type":"ImageObject","inLanguage":"it-IT","@id":"https:\/\/www.museofratellicozzi.com\/news\/#\/schema\/logo\/image\/","url":"https:\/\/www.museofratellicozzi.com\/news\/wp-content\/uploads\/2017\/04\/home.png","contentUrl":"https:\/\/www.museofratellicozzi.com\/news\/wp-content\/uploads\/2017\/04\/home.png","width":497,"height":512,"caption":"Museo Fratelli Cozzi"},"image":{"@id":"https:\/\/www.museofratellicozzi.com\/news\/#\/schema\/logo\/image\/"}},{"@type":"Person","@id":"https:\/\/www.museofratellicozzi.com\/news\/#\/schema\/person\/9c1de5abfab71104e0bfe41cca1b7072","name":"Laura Defendi","image":{"@type":"ImageObject","inLanguage":"it-IT","@id":"https:\/\/www.museofratellicozzi.com\/news\/#\/schema\/person\/image\/","url":"https:\/\/secure.gravatar.com\/avatar\/fa196a116a28416a994aad4b629b4ae8?s=96&d=mm&r=g","contentUrl":"https:\/\/secure.gravatar.com\/avatar\/fa196a116a28416a994aad4b629b4ae8?s=96&d=mm&r=g","caption":"Laura Defendi"}}]}},"jetpack_featured_media_url":"https:\/\/www.museofratellicozzi.com\/news\/wp-content\/uploads\/2020\/02\/musei.jpg","jetpack_shortlink":"https:\/\/wp.me\/p90Eth-2v5","jetpack_sharing_enabled":true,"post_mailing_queue_ids":[],"_links":{"self":[{"href":"https:\/\/www.museofratellicozzi.com\/news\/wp-json\/wp\/v2\/posts\/9615","targetHints":{"allow":["GET"]}}],"collection":[{"href":"https:\/\/www.museofratellicozzi.com\/news\/wp-json\/wp\/v2\/posts"}],"about":[{"href":"https:\/\/www.museofratellicozzi.com\/news\/wp-json\/wp\/v2\/types\/post"}],"author":[{"embeddable":true,"href":"https:\/\/www.museofratellicozzi.com\/news\/wp-json\/wp\/v2\/users\/5"}],"replies":[{"embeddable":true,"href":"https:\/\/www.museofratellicozzi.com\/news\/wp-json\/wp\/v2\/comments?post=9615"}],"version-history":[{"count":11,"href":"https:\/\/www.museofratellicozzi.com\/news\/wp-json\/wp\/v2\/posts\/9615\/revisions"}],"predecessor-version":[{"id":11964,"href":"https:\/\/www.museofratellicozzi.com\/news\/wp-json\/wp\/v2\/posts\/9615\/revisions\/11964"}],"wp:featuredmedia":[{"embeddable":true,"href":"https:\/\/www.museofratellicozzi.com\/news\/wp-json\/wp\/v2\/media\/9712"}],"wp:attachment":[{"href":"https:\/\/www.museofratellicozzi.com\/news\/wp-json\/wp\/v2\/media?parent=9615"}],"wp:term":[{"taxonomy":"category","embeddable":true,"href":"https:\/\/www.museofratellicozzi.com\/news\/wp-json\/wp\/v2\/categories?post=9615"},{"taxonomy":"post_tag","embeddable":true,"href":"https:\/\/www.museofratellicozzi.com\/news\/wp-json\/wp\/v2\/tags?post=9615"}],"curies":[{"name":"wp","href":"https:\/\/api.w.org\/{rel}","templated":true}]}}