{"id":9620,"date":"2020-02-18T15:05:19","date_gmt":"2020-02-18T14:05:19","guid":{"rendered":"https:\/\/news.museofratellicozzi.com\/?p=9620"},"modified":"2024-01-17T16:15:54","modified_gmt":"2024-01-17T15:15:54","slug":"siamo-pop","status":"publish","type":"post","link":"https:\/\/www.museofratellicozzi.com\/news\/siamo-pop\/","title":{"rendered":"Siamo Pop"},"content":{"rendered":"\n[et_pb_section fb_built=&#8221;1&#8243; custom_padding=&#8221;0px|||&#8221; custom_width_percent=&#8221;80&#8243; admin_label=&#8221;Sezione&#8221;][et_pb_row make_fullwidth=&#8221;on&#8221; custom_width_percent=&#8221;80&#8243; use_custom_gutter=&#8221;on&#8221; gutter_width=&#8221;1&#8243; custom_padding=&#8221;0px|||&#8221; parallax_method_1=&#8221;off&#8221; disabled_on=&#8221;off|off|off&#8221; admin_label=&#8221;Riga&#8221;][et_pb_column type=&#8221;4_4&#8243; parallax=&#8221;off&#8221; parallax_method=&#8221;off&#8221;][et_pb_image src=&#8221;https:\/\/www.museofratellicozzi.com\/news\/wp-content\/uploads\/2020\/02\/2.jpg&#8221; animation=&#8221;off&#8221; force_fullwidth=&#8221;on&#8221; admin_label=&#8221;Immagine principale&#8221;]\r\n\r\n\r\n\r\n[\/et_pb_image][\/et_pb_column][\/et_pb_row][et_pb_row custom_width_percent=&#8221;80&#8243; custom_padding=&#8221;20px||0px|&#8221; parallax_method_1=&#8221;off&#8221; admin_label=&#8221;Riga&#8221;][et_pb_column type=&#8221;4_4&#8243; parallax=&#8221;off&#8221; parallax_method=&#8221;off&#8221;][et_pb_text admin_label=&#8221;Categoria&#8221; header_font_size=&#8221;30&#8243; header_letter_spacing=&#8221;0&#8243; header_line_height=&#8221;1&#8243; text_text_color=&#8221;#bcbcbc&#8221; text_letter_spacing=&#8221;2&#8243; text_line_height=&#8221;1.7&#8243; custom_margin=&#8221;||10px|&#8221; custom_margin_last_edited=&#8221;on|tablet&#8221;]\r\n\r\n<strong>CULTURA<\/strong>\r\n\r\n[\/et_pb_text][et_pb_text admin_label=&#8221;Titolo&#8221; header_font=&#8221;PT Sans||||&#8221; header_font_size=&#8221;48&#8243; header_font_size_tablet=&#8221;46&#8243; header_font_size_last_edited=&#8221;on|desktop&#8221; header_text_color=&#8221;#000000&#8243; header_letter_spacing=&#8221;0&#8243; header_line_height=&#8221;1.2&#8243; text_font=&#8221;PT Sans||||&#8221; text_font_size=&#8221;72&#8243; text_font_size_tablet=&#8221;60&#8243; text_font_size_last_edited=&#8221;on|desktop&#8221; text_text_color=&#8221;#000000&#8243; text_letter_spacing=&#8221;0&#8243; text_letter_spacing_last_edited=&#8221;on|desktop&#8221; text_line_height=&#8221;1.1&#8243; text_line_height_last_edited=&#8221;on|&#8221; custom_margin=&#8221;0px||0px|&#8221;]\r\n\r\nSiamo (a) Pop!\r\n\r\n[\/et_pb_text][et_pb_text admin_label=&#8221;Data&#8221; header_font_size=&#8221;30&#8243; header_letter_spacing=&#8221;0&#8243; header_line_height=&#8221;1&#8243; text_font=&#8221;PT Sans|on|||&#8221; text_font_size=&#8221;18&#8243; text_text_color=&#8221;#363636&#8243; text_letter_spacing=&#8221;0&#8243; text_line_height=&#8221;1.7&#8243; custom_margin=&#8221;10px||0px|&#8221;]\r\n\r\n20 febbraio, 2020\r\n\r\n[\/et_pb_text][\/et_pb_column][\/et_pb_row][\/et_pb_section][et_pb_section fb_built=&#8221;1&#8243; background_color=&#8221;#f7f7f4&#8243; custom_width_percent=&#8221;80&#8243; admin_label=&#8221;Section&#8221;][et_pb_row custom_width_percent=&#8221;80&#8243; custom_padding=&#8221;0px||22px|&#8221; column_padding_mobile=&#8221;on&#8221; parallax_method_1=&#8221;off&#8221; parallax_method_2=&#8221;off&#8221; admin_label=&#8221;row&#8221;][et_pb_column type=&#8221;1_3&#8243; parallax=&#8221;off&#8221; parallax_method=&#8221;off&#8221; column_padding_mobile=&#8221;on&#8221;][\/et_pb_column][et_pb_column type=&#8221;2_3&#8243; parallax=&#8221;off&#8221; parallax_method=&#8221;off&#8221; column_padding_mobile=&#8221;on&#8221;][et_pb_text max_width=&#8221;620px&#8221; admin_label=&#8221;Occhiello&#8221; header_font_size=&#8221;30&#8243; header_letter_spacing=&#8221;0&#8243; header_line_height=&#8221;1&#8243; text_font=&#8221;PT Sans|on|||&#8221; text_font_size=&#8221;24&#8243; text_font_size_last_edited=&#8221;on|desktop&#8221; text_text_color=&#8221;#363636&#8243; text_letter_spacing=&#8221;0&#8243; text_line_height=&#8221;1.4&#8243; custom_margin=&#8221;10px||0px|&#8221;]\r\n\r\n<p>Non c&#8217;\u00e8 viaggio senza colonna sonora. Non c&#8217;\u00e8 mattina senza il motivetto che accompagner\u00e0 la giornata. Non c&#8217;\u00e8 notte senza una canzone che ti trafigge il cuore.<\/p>\r\n\r\n[\/et_pb_text][et_pb_text max_width=&#8221;620px&#8221; admin_label=&#8221;Blocco testo 1&#8243; header_font_size=&#8221;30&#8243; header_letter_spacing=&#8221;0&#8243; header_line_height=&#8221;1&#8243; text_font=&#8221;PT Sans||||&#8221; text_font_size=&#8221;20&#8243; text_font_size_last_edited=&#8221;on|tablet&#8221; text_text_color=&#8221;#363636&#8243; text_letter_spacing=&#8221;0&#8243; text_line_height=&#8221;1.5&#8243; custom_margin=&#8221;30px||0px|&#8221;]<p>La radio, le voci che ci accompagnano e che diventano famigliari, la musica che non ci lascia soli. Il binomio tra auto e radio &egrave; davvero inscindibile e nemmeno le auto pi&ugrave; incredibili possono rinunciare a questo piccolo, prezioso, accessorio.<\/p>\n<p class=\"\">Potrete immaginare quindi il nostro entusiasmo quando, grazie al Circuito Lombardo dei Musei del Design, ci &egrave; stata data la possibilit&agrave; di partecipare a &#8220;<em>Italian Style<\/em>&#8221; la trasmissione condotta da<strong> Giampiero Kesten<\/strong> in onda sulla storica <strong><a href=\"https:\/\/www.radiopopolare.it\/\">Radio Popolare<\/a>.<\/strong><\/p>\n[\/et_pb_text][\/et_pb_column][\/et_pb_row][et_pb_row custom_width_percent=&#8221;80&#8243; custom_padding=&#8221;50px|||&#8221; custom_padding_tablet=&#8221;17px|||&#8221; column_padding_mobile=&#8221;on&#8221; parallax_method_1=&#8221;off&#8221; parallax_method_2=&#8221;off&#8221; disabled_on=&#8221;off||&#8221; admin_label=&#8221;Row&#8221; custom_padding_last_edited=&#8221;on|tablet&#8221;][et_pb_column type=&#8221;4_4&#8243; parallax=&#8221;off&#8221; parallax_method=&#8221;off&#8221; column_padding_mobile=&#8221;on&#8221;][et_pb_image src=&#8221;https:\/\/www.museofratellicozzi.com\/news\/wp-content\/uploads\/2020\/02\/mappa_musei.jpg&#8221; animation=&#8221;fade_in&#8221; sticky=&#8221;on&#8221; admin_label=&#8221;Immagine&#8221;]\r\n\r\n\r\n\r\n[\/et_pb_image][\/et_pb_column][\/et_pb_row][et_pb_row custom_padding=&#8221;0px|||&#8221; padding_mobile=&#8221;on&#8221; column_padding_mobile=&#8221;on&#8221; parallax_method_1=&#8221;off&#8221; parallax_method_2=&#8221;off&#8221; admin_label=&#8221;row&#8221;][et_pb_column type=&#8221;1_3&#8243; parallax=&#8221;off&#8221; parallax_method=&#8221;off&#8221; column_padding_mobile=&#8221;on&#8221;][\/et_pb_column][et_pb_column type=&#8221;2_3&#8243; parallax=&#8221;off&#8221; parallax_method=&#8221;off&#8221; column_padding_mobile=&#8221;on&#8221;][et_pb_text max_width=&#8221;620px&#8221; admin_label=&#8221;Blocco testo 2&#8243; header_font_size=&#8221;30&#8243; header_letter_spacing=&#8221;0&#8243; header_line_height=&#8221;1&#8243; text_font=&#8221;PT Sans||||&#8221; text_font_size=&#8221;20&#8243; text_font_size_last_edited=&#8221;on|tablet&#8221; text_text_color=&#8221;#363636&#8243; text_letter_spacing=&#8221;0&#8243; text_line_height=&#8221;1.5&#8243; custom_margin=&#8221;30px||0px|&#8221;]<p><strong><a href=\"https:\/\/museidesign.it\/\">CIRCUITO LOMBARDO DEI MUSEI DEL DESIGN<\/a><\/strong>&nbsp;<\/p>\n<p>Il Circuito nasce per dare valore al patrimonio posseduto da archivi e musei di Design della Lombardia; collezioni di grande interesse e di levatura internazionale, ospitate in spazi museali di eccezionale cura e fascino.<\/p>\n<p class=\"\">Grazie alla collaborazione con Radio Popolare nasce &#8220;<em>Italian style &ndash; Viaggi nei luoghi del Design<\/em>&#8221; la&nbsp;trasmissione in onda tutte le domeniche, dal 26 gennaio 2020, dalle 15.35 alle 16.00 che vi consente di viaggiare alla scoperta dei <strong>Musei lombardi icone del Design<\/strong>: un vero e proprio&nbsp;giro della Lombardia attraverso le industrie e gli oggetti che hanno reso lo stile italiano famoso nel mondo.<\/p>\n<p class=\"\">Qui puoi ascoltare il podcast delle due puntate dedicate al Museo Fratelli Cozzi.<\/p>[\/et_pb_text][\/et_pb_column][\/et_pb_row][et_pb_row custom_width_percent=&#8221;80&#8243; custom_padding=&#8221;50px|||&#8221; padding_mobile=&#8221;on&#8221; column_padding_mobile=&#8221;on&#8221; parallax_method_1=&#8221;off&#8221; disabled_on=&#8221;off|off|off&#8221; admin_label=&#8221;Row&#8221;][et_pb_column type=&#8221;4_4&#8243; parallax=&#8221;off&#8221; parallax_method=&#8221;off&#8221; column_padding_mobile=&#8221;on&#8221;][et_pb_divider color=&#8221;#aeaeac&#8221; show_divider=&#8221;on&#8221; divider_style=&#8221;solid&#8221; divider_position=&#8221;top&#8221; hide_on_mobile=&#8221;off&#8221; admin_label=&#8221;Linea citazione&#8221;]\r\n\r\n\r\n\r\n[\/et_pb_divider][et_pb_audio audio=&#8221;https:\/\/www.museofratellicozzi.com\/news\/wp-content\/uploads\/2020\/02\/italianstyle_1_16_02_2020-1.mp3&#8243; admin_label=&#8221;Audio&#8221; title_letter_spacing=&#8221;0&#8243; title_letter_spacing_tablet=&#8221;0&#8243; title_letter_spacing_phone=&#8221;0&#8243; title_line_height=&#8221;1.7&#8243; title_line_height_tablet=&#8221;1.7&#8243; title_line_height_phone=&#8221;1.7&#8243; caption_letter_spacing=&#8221;0&#8243; caption_letter_spacing_tablet=&#8221;0&#8243; caption_letter_spacing_phone=&#8221;0&#8243; caption_line_height=&#8221;1.7&#8243; caption_line_height_tablet=&#8221;1.7&#8243; caption_line_height_phone=&#8221;1.7&#8243; background_color=&#8221;#e32124&#8243;]\r\n\r\n\r\n\r\n[\/et_pb_audio][et_pb_audio audio=&#8221;https:\/\/www.museofratellicozzi.com\/news\/wp-content\/uploads\/2020\/02\/italianstyle_1_01_03_2020.mp3&#8243; admin_label=&#8221;Audio&#8221; title_letter_spacing=&#8221;0&#8243; title_line_height=&#8221;1.7&#8243; caption_letter_spacing=&#8221;0&#8243; caption_line_height=&#8221;1.7&#8243; background_color=&#8221;#e32124&#8243;]\r\n\r\n\r\n\r\n[\/et_pb_audio][et_pb_divider color=&#8221;#aeaeac&#8221; show_divider=&#8221;on&#8221; divider_style=&#8221;solid&#8221; divider_position=&#8221;top&#8221; hide_on_mobile=&#8221;off&#8221; admin_label=&#8221;Linea citazione&#8221;]\r\n\r\n\r\n\r\n[\/et_pb_divider][\/et_pb_column][\/et_pb_row][et_pb_row custom_padding=&#8221;17px|||&#8221; padding_mobile=&#8221;on&#8221; column_padding_mobile=&#8221;on&#8221; parallax_method_1=&#8221;off&#8221; parallax_method_2=&#8221;off&#8221; admin_label=&#8221;row&#8221;][et_pb_column type=&#8221;1_3&#8243; parallax=&#8221;off&#8221; parallax_method=&#8221;off&#8221; column_padding_mobile=&#8221;on&#8221;][\/et_pb_column][et_pb_column type=&#8221;2_3&#8243; parallax=&#8221;off&#8221; parallax_method=&#8221;off&#8221; column_padding_mobile=&#8221;on&#8221;][et_pb_text max_width=&#8221;620px&#8221; admin_label=&#8221;Blocco testo 3&#8243; header_font_size=&#8221;30&#8243; header_letter_spacing=&#8221;0&#8243; header_line_height=&#8221;1&#8243; text_font=&#8221;PT Sans||||&#8221; text_font_size=&#8221;20&#8243; text_font_size_last_edited=&#8221;on|tablet&#8221; text_text_color=&#8221;#363636&#8243; text_letter_spacing=&#8221;0&#8243; text_line_height=&#8221;1.5&#8243; custom_margin=&#8221;30px||0px|&#8221;]<p><strong>RADIO POPOLARE<\/strong><\/p>\n<p>Fondata nel 1976, anno 0 della radiofonia libera, sotto la direzione di Piero Scaramucci, &#8220;<em>\u00e8 un&#8217;emittente indipendente, imperniata su una cooperativa formata da lavoratori e collaboratori, con la partecipazione di rappresentanti di forze politiche e sindacali che storicamente hanno sostenuto l&#8217;esperienza<\/em>&#8220;.<\/p>\n<p>Nel 1985, all&#8217;interno dello storico programma <em>Bar Sport<\/em>, debutt\u00f2 il trio comico della <strong>Gialappa&#8217;s Band<\/strong>.<\/p>\n<p>Dopo la direzione di Danilo De Biasio, fino al 31 gennaio 2013 la direzione ad interim \u00e8 stata tenuta da un gruppo costituito dall&#8217;allora direttore dei programmi Gianmarco Bachi e da Luigi Ambrosio, Massimo Bacchetta, Raffaele Liguori e Marina Petrillo. Successivamente la direzione editoriale viene affidata a Michele Migone che resta in carica fino al dicembre 2018. Attualmente la direzione editoriale \u00e8 affidata ad una reggenza composta da Claudio Agostoni, Massimo Bacchetta e Chawki Senouci.<\/p>\n<p><strong>Autonomia ed abbonamento:<\/strong><\/p>\n<p>1976: redazione di Radio Milano Centrale, altra emittente della sinistra milanese che nel 1976 confluir\u00e0 in Radio Popolare<br \/>\nAutonoma da propriet\u00e0 editoriali e politiche, \u00e8 controllata dalla societ\u00e0 cooperativa dei suoi lavoratori e da un vasto azionariato popolare, diffuso tra i propri ascoltatori (11.975 azionisti). La radio inoltre si mantiene libera grazie ad inserzioni autonomamente prodotte e ad un vero e proprio abbonamento annuale, che gli ascoltatori sono spesso invitati a sottoscrivere.\u00a0Per mantenere iscritti i medesimi ed al contempo acquisirne di nuovi, ad intervalli abbastanza regolari la radio propone delle campagne di abbonamento che in genere durano dai 3 ai 5 giorni (attualmente la cifra minima richiesta \u00e8 di 90 euro annui). Attualmente gli abbonati sono circa 15.000.<\/p>\n<p><strong>Il &#8220;Microfono aperto&#8221;<\/strong><br \/>\nUn tratto caratteristico della radio \u00e8 dato dalla presenza di una trasmissione chiamata Microfono aperto. L&#8217;idea di aprire i microfoni liberamente agli ascoltatori senza alcuna forma di censura risale agli anni &#8217;70. Tale idea si \u00e8 dimostrata vincente, tanto da esser poi ripresa da molte altre radio e televisioni, sia locali che nazionali.<\/p>\n[\/et_pb_text][\/et_pb_column][\/et_pb_row][et_pb_row custom_width_percent=&#8221;80&#8243; custom_padding=&#8221;50px|||&#8221; padding_mobile=&#8221;on&#8221; column_padding_mobile=&#8221;on&#8221; parallax_method_1=&#8221;off&#8221; disabled_on=&#8221;off|off|off&#8221; admin_label=&#8221;Row&#8221;][et_pb_column type=&#8221;4_4&#8243; parallax=&#8221;off&#8221; parallax_method=&#8221;off&#8221; column_padding_mobile=&#8221;on&#8221;][et_pb_divider color=&#8221;#aeaeac&#8221; show_divider=&#8221;on&#8221; divider_style=&#8221;solid&#8221; divider_position=&#8221;top&#8221; hide_on_mobile=&#8221;off&#8221; admin_label=&#8221;Linea citazione&#8221;]\r\n\r\n\r\n\r\n[\/et_pb_divider][et_pb_text text_orientation=&#8221;center&#8221; max_width=&#8221;900px&#8221; admin_label=&#8221;Citazione&#8221; header_font_size=&#8221;30&#8243; header_letter_spacing=&#8221;0&#8243; header_line_height=&#8221;1&#8243; text_font=&#8221;PT Serif||||&#8221; text_font_size=&#8221;48&#8243; text_font_size_tablet=&#8221;38&#8243; text_font_size_last_edited=&#8221;on|tablet&#8221; text_text_color=&#8221;#363636&#8243; text_letter_spacing=&#8221;0&#8243; text_line_height=&#8221;1.3&#8243; custom_margin=&#8221;16px||30px|&#8221;]\r\n\r\n<p style=\"text-align: justify;\">&#8220;Amo la radio perch\u00e9 arriva dalla gente, entra nelle case e ci parla direttamente&#8221;. La Radio E. Finardi<\/p>\r\n\r\n[\/et_pb_text][et_pb_divider color=&#8221;#aeaeac&#8221; show_divider=&#8221;on&#8221; divider_style=&#8221;solid&#8221; divider_position=&#8221;top&#8221; hide_on_mobile=&#8221;off&#8221; admin_label=&#8221;Linea citazione&#8221;]\r\n\r\n\r\n\r\n[\/et_pb_divider][\/et_pb_column][\/et_pb_row][\/et_pb_section]\n","protected":false},"excerpt":{"rendered":"<p>Il Museo raccontato da \u201cItalian Style\u201d celebre trasmissione di Radio Popolare, grazie alla collaborazione del circuito dei Musei del Design.<\/p>\n","protected":false},"author":5,"featured_media":9652,"comment_status":"open","ping_status":"open","sticky":false,"template":"","format":"standard","meta":{"_et_pb_use_builder":"on","_et_pb_old_content":"","_et_gb_content_width":"","_jetpack_memberships_contains_paid_content":false,"footnotes":""},"categories":[6,1,805],"tags":[302,320,52,550,549,548,551],"class_list":["post-9620","post","type-post","status-publish","format-standard","has-post-thumbnail","hentry","category-cultura","category-senza-categoria","category-succede-al-museo","tag-design","tag-lombardia","tag-musei","tag-podcast","tag-popolare","tag-radio","tag-viaggi-e-miraggi","et-has-post-format-content","et_post_format-et-post-format-standard"],"yoast_head":"<!-- This site is optimized with the Yoast SEO plugin v26.8 - https:\/\/yoast.com\/product\/yoast-seo-wordpress\/ -->\n<title>Siamo Pop - eNews Museo Fratelli Cozzi<\/title>\n<meta name=\"description\" content=\"\u201cAmo la radio perch\u00e9 arriva dalla gente, entra nelle case e ci parla direttamente\u201d. La Radio E. Finardi\" \/>\n<meta name=\"robots\" content=\"index, follow, max-snippet:-1, max-image-preview:large, max-video-preview:-1\" \/>\n<link rel=\"canonical\" href=\"https:\/\/www.museofratellicozzi.com\/news\/siamo-pop\/\" \/>\n<meta property=\"og:locale\" content=\"it_IT\" \/>\n<meta property=\"og:type\" content=\"article\" \/>\n<meta property=\"og:title\" content=\"Siamo Pop - eNews Museo Fratelli Cozzi\" \/>\n<meta property=\"og:description\" content=\"\u201cAmo la radio perch\u00e9 arriva dalla gente, entra nelle case e ci parla direttamente\u201d. La Radio E. Finardi\" \/>\n<meta property=\"og:url\" content=\"https:\/\/www.museofratellicozzi.com\/news\/siamo-pop\/\" \/>\n<meta property=\"og:site_name\" content=\"eNews Museo Fratelli Cozzi\" \/>\n<meta property=\"article:published_time\" content=\"2020-02-18T14:05:19+00:00\" \/>\n<meta property=\"article:modified_time\" content=\"2024-01-17T15:15:54+00:00\" \/>\n<meta property=\"og:image\" content=\"https:\/\/www.museofratellicozzi.com\/news\/wp-content\/uploads\/2020\/02\/2.jpg\" \/>\n\t<meta property=\"og:image:width\" content=\"509\" \/>\n\t<meta property=\"og:image:height\" content=\"503\" \/>\n\t<meta property=\"og:image:type\" content=\"image\/jpeg\" \/>\n<meta name=\"author\" content=\"Laura Defendi\" \/>\n<meta name=\"twitter:card\" content=\"summary_large_image\" \/>\n<meta name=\"twitter:label1\" content=\"Scritto da\" \/>\n\t<meta name=\"twitter:data1\" content=\"Laura Defendi\" \/>\n\t<meta name=\"twitter:label2\" content=\"Tempo di lettura stimato\" \/>\n\t<meta name=\"twitter:data2\" content=\"4 minuti\" \/>\n<script type=\"application\/ld+json\" class=\"yoast-schema-graph\">{\"@context\":\"https:\/\/schema.org\",\"@graph\":[{\"@type\":\"Article\",\"@id\":\"https:\/\/www.museofratellicozzi.com\/news\/siamo-pop\/#article\",\"isPartOf\":{\"@id\":\"https:\/\/www.museofratellicozzi.com\/news\/siamo-pop\/\"},\"author\":{\"name\":\"Laura Defendi\",\"@id\":\"https:\/\/www.museofratellicozzi.com\/news\/#\/schema\/person\/9c1de5abfab71104e0bfe41cca1b7072\"},\"headline\":\"Siamo Pop\",\"datePublished\":\"2020-02-18T14:05:19+00:00\",\"dateModified\":\"2024-01-17T15:15:54+00:00\",\"mainEntityOfPage\":{\"@id\":\"https:\/\/www.museofratellicozzi.com\/news\/siamo-pop\/\"},\"wordCount\":1626,\"commentCount\":0,\"publisher\":{\"@id\":\"https:\/\/www.museofratellicozzi.com\/news\/#organization\"},\"image\":{\"@id\":\"https:\/\/www.museofratellicozzi.com\/news\/siamo-pop\/#primaryimage\"},\"thumbnailUrl\":\"https:\/\/www.museofratellicozzi.com\/news\/wp-content\/uploads\/2020\/02\/2.jpg\",\"keywords\":[\"design\",\"lombardia\",\"Musei\",\"Podcast\",\"Popolare\",\"Radio\",\"Viaggi e Miraggi\"],\"articleSection\":{\"0\":\"Cultura\",\"2\":\"Succede al museo\"},\"inLanguage\":\"it-IT\",\"potentialAction\":[{\"@type\":\"CommentAction\",\"name\":\"Comment\",\"target\":[\"https:\/\/www.museofratellicozzi.com\/news\/siamo-pop\/#respond\"]}]},{\"@type\":\"WebPage\",\"@id\":\"https:\/\/www.museofratellicozzi.com\/news\/siamo-pop\/\",\"url\":\"https:\/\/www.museofratellicozzi.com\/news\/siamo-pop\/\",\"name\":\"Siamo Pop - eNews Museo Fratelli Cozzi\",\"isPartOf\":{\"@id\":\"https:\/\/www.museofratellicozzi.com\/news\/#website\"},\"primaryImageOfPage\":{\"@id\":\"https:\/\/www.museofratellicozzi.com\/news\/siamo-pop\/#primaryimage\"},\"image\":{\"@id\":\"https:\/\/www.museofratellicozzi.com\/news\/siamo-pop\/#primaryimage\"},\"thumbnailUrl\":\"https:\/\/www.museofratellicozzi.com\/news\/wp-content\/uploads\/2020\/02\/2.jpg\",\"datePublished\":\"2020-02-18T14:05:19+00:00\",\"dateModified\":\"2024-01-17T15:15:54+00:00\",\"description\":\"\u201cAmo la radio perch\u00e9 arriva dalla gente, entra nelle case e ci parla direttamente\u201d. La Radio E. Finardi\",\"breadcrumb\":{\"@id\":\"https:\/\/www.museofratellicozzi.com\/news\/siamo-pop\/#breadcrumb\"},\"inLanguage\":\"it-IT\",\"potentialAction\":[{\"@type\":\"ReadAction\",\"target\":[\"https:\/\/www.museofratellicozzi.com\/news\/siamo-pop\/\"]}]},{\"@type\":\"ImageObject\",\"inLanguage\":\"it-IT\",\"@id\":\"https:\/\/www.museofratellicozzi.com\/news\/siamo-pop\/#primaryimage\",\"url\":\"https:\/\/www.museofratellicozzi.com\/news\/wp-content\/uploads\/2020\/02\/2.jpg\",\"contentUrl\":\"https:\/\/www.museofratellicozzi.com\/news\/wp-content\/uploads\/2020\/02\/2.jpg\",\"width\":509,\"height\":503},{\"@type\":\"BreadcrumbList\",\"@id\":\"https:\/\/www.museofratellicozzi.com\/news\/siamo-pop\/#breadcrumb\",\"itemListElement\":[{\"@type\":\"ListItem\",\"position\":1,\"name\":\"Home\",\"item\":\"https:\/\/www.museofratellicozzi.com\/news\/\"},{\"@type\":\"ListItem\",\"position\":2,\"name\":\"Siamo Pop\"}]},{\"@type\":\"WebSite\",\"@id\":\"https:\/\/www.museofratellicozzi.com\/news\/#website\",\"url\":\"https:\/\/www.museofratellicozzi.com\/news\/\",\"name\":\"eNews Museo Fratelli Cozzi\",\"description\":\"Alfa Romeo: un mito che resiste al tempo\",\"publisher\":{\"@id\":\"https:\/\/www.museofratellicozzi.com\/news\/#organization\"},\"potentialAction\":[{\"@type\":\"SearchAction\",\"target\":{\"@type\":\"EntryPoint\",\"urlTemplate\":\"https:\/\/www.museofratellicozzi.com\/news\/?s={search_term_string}\"},\"query-input\":{\"@type\":\"PropertyValueSpecification\",\"valueRequired\":true,\"valueName\":\"search_term_string\"}}],\"inLanguage\":\"it-IT\"},{\"@type\":\"Organization\",\"@id\":\"https:\/\/www.museofratellicozzi.com\/news\/#organization\",\"name\":\"Museo Fratelli Cozzi\",\"url\":\"https:\/\/www.museofratellicozzi.com\/news\/\",\"logo\":{\"@type\":\"ImageObject\",\"inLanguage\":\"it-IT\",\"@id\":\"https:\/\/www.museofratellicozzi.com\/news\/#\/schema\/logo\/image\/\",\"url\":\"https:\/\/www.museofratellicozzi.com\/news\/wp-content\/uploads\/2017\/04\/home.png\",\"contentUrl\":\"https:\/\/www.museofratellicozzi.com\/news\/wp-content\/uploads\/2017\/04\/home.png\",\"width\":497,\"height\":512,\"caption\":\"Museo Fratelli Cozzi\"},\"image\":{\"@id\":\"https:\/\/www.museofratellicozzi.com\/news\/#\/schema\/logo\/image\/\"}},{\"@type\":\"Person\",\"@id\":\"https:\/\/www.museofratellicozzi.com\/news\/#\/schema\/person\/9c1de5abfab71104e0bfe41cca1b7072\",\"name\":\"Laura Defendi\",\"image\":{\"@type\":\"ImageObject\",\"inLanguage\":\"it-IT\",\"@id\":\"https:\/\/www.museofratellicozzi.com\/news\/#\/schema\/person\/image\/\",\"url\":\"https:\/\/secure.gravatar.com\/avatar\/fa196a116a28416a994aad4b629b4ae8?s=96&d=mm&r=g\",\"contentUrl\":\"https:\/\/secure.gravatar.com\/avatar\/fa196a116a28416a994aad4b629b4ae8?s=96&d=mm&r=g\",\"caption\":\"Laura Defendi\"}}]}<\/script>\n<!-- \/ Yoast SEO plugin. -->","yoast_head_json":{"title":"Siamo Pop - eNews Museo Fratelli Cozzi","description":"\u201cAmo la radio perch\u00e9 arriva dalla gente, entra nelle case e ci parla direttamente\u201d. La Radio E. Finardi","robots":{"index":"index","follow":"follow","max-snippet":"max-snippet:-1","max-image-preview":"max-image-preview:large","max-video-preview":"max-video-preview:-1"},"canonical":"https:\/\/www.museofratellicozzi.com\/news\/siamo-pop\/","og_locale":"it_IT","og_type":"article","og_title":"Siamo Pop - eNews Museo Fratelli Cozzi","og_description":"\u201cAmo la radio perch\u00e9 arriva dalla gente, entra nelle case e ci parla direttamente\u201d. La Radio E. Finardi","og_url":"https:\/\/www.museofratellicozzi.com\/news\/siamo-pop\/","og_site_name":"eNews Museo Fratelli Cozzi","article_published_time":"2020-02-18T14:05:19+00:00","article_modified_time":"2024-01-17T15:15:54+00:00","og_image":[{"width":509,"height":503,"url":"https:\/\/www.museofratellicozzi.com\/news\/wp-content\/uploads\/2020\/02\/2.jpg","type":"image\/jpeg"}],"author":"Laura Defendi","twitter_card":"summary_large_image","twitter_misc":{"Scritto da":"Laura Defendi","Tempo di lettura stimato":"4 minuti"},"schema":{"@context":"https:\/\/schema.org","@graph":[{"@type":"Article","@id":"https:\/\/www.museofratellicozzi.com\/news\/siamo-pop\/#article","isPartOf":{"@id":"https:\/\/www.museofratellicozzi.com\/news\/siamo-pop\/"},"author":{"name":"Laura Defendi","@id":"https:\/\/www.museofratellicozzi.com\/news\/#\/schema\/person\/9c1de5abfab71104e0bfe41cca1b7072"},"headline":"Siamo Pop","datePublished":"2020-02-18T14:05:19+00:00","dateModified":"2024-01-17T15:15:54+00:00","mainEntityOfPage":{"@id":"https:\/\/www.museofratellicozzi.com\/news\/siamo-pop\/"},"wordCount":1626,"commentCount":0,"publisher":{"@id":"https:\/\/www.museofratellicozzi.com\/news\/#organization"},"image":{"@id":"https:\/\/www.museofratellicozzi.com\/news\/siamo-pop\/#primaryimage"},"thumbnailUrl":"https:\/\/www.museofratellicozzi.com\/news\/wp-content\/uploads\/2020\/02\/2.jpg","keywords":["design","lombardia","Musei","Podcast","Popolare","Radio","Viaggi e Miraggi"],"articleSection":{"0":"Cultura","2":"Succede al museo"},"inLanguage":"it-IT","potentialAction":[{"@type":"CommentAction","name":"Comment","target":["https:\/\/www.museofratellicozzi.com\/news\/siamo-pop\/#respond"]}]},{"@type":"WebPage","@id":"https:\/\/www.museofratellicozzi.com\/news\/siamo-pop\/","url":"https:\/\/www.museofratellicozzi.com\/news\/siamo-pop\/","name":"Siamo Pop - eNews Museo Fratelli Cozzi","isPartOf":{"@id":"https:\/\/www.museofratellicozzi.com\/news\/#website"},"primaryImageOfPage":{"@id":"https:\/\/www.museofratellicozzi.com\/news\/siamo-pop\/#primaryimage"},"image":{"@id":"https:\/\/www.museofratellicozzi.com\/news\/siamo-pop\/#primaryimage"},"thumbnailUrl":"https:\/\/www.museofratellicozzi.com\/news\/wp-content\/uploads\/2020\/02\/2.jpg","datePublished":"2020-02-18T14:05:19+00:00","dateModified":"2024-01-17T15:15:54+00:00","description":"\u201cAmo la radio perch\u00e9 arriva dalla gente, entra nelle case e ci parla direttamente\u201d. La Radio E. Finardi","breadcrumb":{"@id":"https:\/\/www.museofratellicozzi.com\/news\/siamo-pop\/#breadcrumb"},"inLanguage":"it-IT","potentialAction":[{"@type":"ReadAction","target":["https:\/\/www.museofratellicozzi.com\/news\/siamo-pop\/"]}]},{"@type":"ImageObject","inLanguage":"it-IT","@id":"https:\/\/www.museofratellicozzi.com\/news\/siamo-pop\/#primaryimage","url":"https:\/\/www.museofratellicozzi.com\/news\/wp-content\/uploads\/2020\/02\/2.jpg","contentUrl":"https:\/\/www.museofratellicozzi.com\/news\/wp-content\/uploads\/2020\/02\/2.jpg","width":509,"height":503},{"@type":"BreadcrumbList","@id":"https:\/\/www.museofratellicozzi.com\/news\/siamo-pop\/#breadcrumb","itemListElement":[{"@type":"ListItem","position":1,"name":"Home","item":"https:\/\/www.museofratellicozzi.com\/news\/"},{"@type":"ListItem","position":2,"name":"Siamo Pop"}]},{"@type":"WebSite","@id":"https:\/\/www.museofratellicozzi.com\/news\/#website","url":"https:\/\/www.museofratellicozzi.com\/news\/","name":"eNews Museo Fratelli Cozzi","description":"Alfa Romeo: un mito che resiste al tempo","publisher":{"@id":"https:\/\/www.museofratellicozzi.com\/news\/#organization"},"potentialAction":[{"@type":"SearchAction","target":{"@type":"EntryPoint","urlTemplate":"https:\/\/www.museofratellicozzi.com\/news\/?s={search_term_string}"},"query-input":{"@type":"PropertyValueSpecification","valueRequired":true,"valueName":"search_term_string"}}],"inLanguage":"it-IT"},{"@type":"Organization","@id":"https:\/\/www.museofratellicozzi.com\/news\/#organization","name":"Museo Fratelli Cozzi","url":"https:\/\/www.museofratellicozzi.com\/news\/","logo":{"@type":"ImageObject","inLanguage":"it-IT","@id":"https:\/\/www.museofratellicozzi.com\/news\/#\/schema\/logo\/image\/","url":"https:\/\/www.museofratellicozzi.com\/news\/wp-content\/uploads\/2017\/04\/home.png","contentUrl":"https:\/\/www.museofratellicozzi.com\/news\/wp-content\/uploads\/2017\/04\/home.png","width":497,"height":512,"caption":"Museo Fratelli Cozzi"},"image":{"@id":"https:\/\/www.museofratellicozzi.com\/news\/#\/schema\/logo\/image\/"}},{"@type":"Person","@id":"https:\/\/www.museofratellicozzi.com\/news\/#\/schema\/person\/9c1de5abfab71104e0bfe41cca1b7072","name":"Laura Defendi","image":{"@type":"ImageObject","inLanguage":"it-IT","@id":"https:\/\/www.museofratellicozzi.com\/news\/#\/schema\/person\/image\/","url":"https:\/\/secure.gravatar.com\/avatar\/fa196a116a28416a994aad4b629b4ae8?s=96&d=mm&r=g","contentUrl":"https:\/\/secure.gravatar.com\/avatar\/fa196a116a28416a994aad4b629b4ae8?s=96&d=mm&r=g","caption":"Laura Defendi"}}]}},"jetpack_featured_media_url":"https:\/\/www.museofratellicozzi.com\/news\/wp-content\/uploads\/2020\/02\/2.jpg","jetpack_shortlink":"https:\/\/wp.me\/p90Eth-2va","jetpack_sharing_enabled":true,"post_mailing_queue_ids":[],"_links":{"self":[{"href":"https:\/\/www.museofratellicozzi.com\/news\/wp-json\/wp\/v2\/posts\/9620","targetHints":{"allow":["GET"]}}],"collection":[{"href":"https:\/\/www.museofratellicozzi.com\/news\/wp-json\/wp\/v2\/posts"}],"about":[{"href":"https:\/\/www.museofratellicozzi.com\/news\/wp-json\/wp\/v2\/types\/post"}],"author":[{"embeddable":true,"href":"https:\/\/www.museofratellicozzi.com\/news\/wp-json\/wp\/v2\/users\/5"}],"replies":[{"embeddable":true,"href":"https:\/\/www.museofratellicozzi.com\/news\/wp-json\/wp\/v2\/comments?post=9620"}],"version-history":[{"count":13,"href":"https:\/\/www.museofratellicozzi.com\/news\/wp-json\/wp\/v2\/posts\/9620\/revisions"}],"predecessor-version":[{"id":11957,"href":"https:\/\/www.museofratellicozzi.com\/news\/wp-json\/wp\/v2\/posts\/9620\/revisions\/11957"}],"wp:featuredmedia":[{"embeddable":true,"href":"https:\/\/www.museofratellicozzi.com\/news\/wp-json\/wp\/v2\/media\/9652"}],"wp:attachment":[{"href":"https:\/\/www.museofratellicozzi.com\/news\/wp-json\/wp\/v2\/media?parent=9620"}],"wp:term":[{"taxonomy":"category","embeddable":true,"href":"https:\/\/www.museofratellicozzi.com\/news\/wp-json\/wp\/v2\/categories?post=9620"},{"taxonomy":"post_tag","embeddable":true,"href":"https:\/\/www.museofratellicozzi.com\/news\/wp-json\/wp\/v2\/tags?post=9620"}],"curies":[{"name":"wp","href":"https:\/\/api.w.org\/{rel}","templated":true}]}}