{"id":9622,"date":"2020-02-18T15:06:17","date_gmt":"2020-02-18T14:06:17","guid":{"rendered":"https:\/\/news.museofratellicozzi.com\/?p=9622"},"modified":"2024-01-17T16:15:53","modified_gmt":"2024-01-17T15:15:53","slug":"smeg-adotta-unauto","status":"publish","type":"post","link":"https:\/\/www.museofratellicozzi.com\/news\/smeg-adotta-unauto\/","title":{"rendered":"Smeg adotta un&#8217;auto"},"content":{"rendered":"<p>[et_pb_section bb_built=&#8221;1&#8243; admin_label=&#8221;Sezione&#8221; custom_padding=&#8221;0px|||&#8221; custom_width_percent=&#8221;80&#8243;][et_pb_row admin_label=&#8221;Riga&#8221; make_fullwidth=&#8221;on&#8221; custom_width_percent=&#8221;80&#8243; use_custom_gutter=&#8221;on&#8221; gutter_width=&#8221;1&#8243; custom_padding=&#8221;0px|||&#8221; parallax_method_1=&#8221;off&#8221; disabled_on=&#8221;off|off|off&#8221;][et_pb_column type=&#8221;4_4&#8243;][et_pb_image admin_label=&#8221;Immagine principale&#8221; src=&#8221;https:\/\/www.museofratellicozzi.com\/news\/wp-content\/uploads\/2020\/02\/GIULIETTA-T.I.-1960.jpg&#8221; animation=&#8221;off&#8221; force_fullwidth=&#8221;on&#8221;]<\/p>\n<p>[\/et_pb_image][\/et_pb_column][\/et_pb_row][et_pb_row admin_label=&#8221;Riga&#8221; custom_width_percent=&#8221;80&#8243; custom_padding=&#8221;20px||0px|&#8221; parallax_method_1=&#8221;off&#8221;][et_pb_column type=&#8221;4_4&#8243;][et_pb_text admin_label=&#8221;Categoria&#8221; header_font_size=&#8221;30&#8243; header_letter_spacing=&#8221;0&#8243; header_line_height=&#8221;1&#8243; text_text_color=&#8221;#bcbcbc&#8221; text_letter_spacing=&#8221;2&#8243; text_line_height=&#8221;1.7&#8243; custom_margin=&#8221;||10px|&#8221; custom_margin_last_edited=&#8221;on|tablet&#8221;]<\/p>\n<p><strong>CULTURA-EVENTI<\/strong><\/p>\n<p>[\/et_pb_text][et_pb_text admin_label=&#8221;Titolo&#8221; header_font=&#8221;PT Sans||||&#8221; header_font_size=&#8221;48&#8243; header_font_size_tablet=&#8221;46&#8243; header_font_size_last_edited=&#8221;on|desktop&#8221; header_text_color=&#8221;#000000&#8243; header_letter_spacing=&#8221;0&#8243; header_line_height=&#8221;1.2&#8243; text_font=&#8221;PT Sans||||&#8221; text_font_size=&#8221;72&#8243; text_font_size_tablet=&#8221;60&#8243; text_font_size_last_edited=&#8221;on|desktop&#8221; text_text_color=&#8221;#000000&#8243; text_letter_spacing=&#8221;0&#8243; text_letter_spacing_last_edited=&#8221;on|desktop&#8221; text_line_height=&#8221;1.1&#8243; text_line_height_last_edited=&#8221;on|&#8221; custom_margin=&#8221;0px||0px|&#8221;]<\/p>\n<p>Era destino&#8230;<\/p>\n<p>[\/et_pb_text][et_pb_text admin_label=&#8221;Data&#8221; header_font_size=&#8221;30&#8243; header_letter_spacing=&#8221;0&#8243; header_line_height=&#8221;1&#8243; text_font=&#8221;PT Sans|on|||&#8221; text_font_size=&#8221;18&#8243; text_text_color=&#8221;#363636&#8243; text_letter_spacing=&#8221;0&#8243; text_line_height=&#8221;1.7&#8243; custom_margin=&#8221;10px||0px|&#8221;]<\/p>\n<p>14 febbraio, 2020<\/p>\n<p>[\/et_pb_text][\/et_pb_column][\/et_pb_row][\/et_pb_section][et_pb_section bb_built=&#8221;1&#8243; admin_label=&#8221;Section&#8221; background_color=&#8221;#f7f7f4&#8243; custom_width_percent=&#8221;80&#8243;][et_pb_row admin_label=&#8221;row&#8221; custom_width_percent=&#8221;80&#8243; custom_padding=&#8221;0px|||&#8221; padding_mobile=&#8221;on&#8221; column_padding_mobile=&#8221;on&#8221; parallax_method_1=&#8221;off&#8221; parallax_method_2=&#8221;off&#8221;][et_pb_column type=&#8221;1_3&#8243;][\/et_pb_column][et_pb_column type=&#8221;2_3&#8243;][et_pb_text admin_label=&#8221;Occhiello&#8221; max_width=&#8221;620px&#8221; header_font_size=&#8221;30&#8243; header_letter_spacing=&#8221;0&#8243; header_line_height=&#8221;1&#8243; text_font=&#8221;PT Sans|on|||&#8221; text_font_size=&#8221;24&#8243; text_font_size_last_edited=&#8221;on|desktop&#8221; text_text_color=&#8221;#363636&#8243; text_letter_spacing=&#8221;0&#8243; text_line_height=&#8221;1.4&#8243; custom_margin=&#8221;10px||0px|&#8221;]<\/p>\n<p class=\"western\">Galeotta fu la passione per le cromature. Nel mese dell\u2019Amore, un\u2019altra \u201cpiccola\u201d del Museo ha trovato famiglia con Smeg.<\/p>\n<p>[\/et_pb_text][et_pb_text admin_label=&#8221;Blocco testo 1&#8243; max_width=&#8221;620px&#8221; header_font_size=&#8221;30&#8243; header_letter_spacing=&#8221;0&#8243; header_line_height=&#8221;1&#8243; text_font=&#8221;PT Sans||||&#8221; text_font_size=&#8221;20&#8243; text_font_size_last_edited=&#8221;on|tablet&#8221; text_text_color=&#8221;#363636&#8243; text_letter_spacing=&#8221;0&#8243; text_line_height=&#8221;1.5&#8243; custom_margin=&#8221;30px||0px|&#8221;]<\/p>\n<p>Questa storia nasce <em>&#8220;nell\u2019immediato dopoguerra, in un contesto economico di sviluppo e di crescente urbanizzazione, che porteranno a un radicale cambiamento dei modelli sociali [&#8230;]. I mutati ritmi della vita cittadina, la nuova struttura dei nuclei familiari, la figura della donna lavoratrice sono le esigenze sulle quali l\u2019azienda inizia a studiare prodotti che rispondano alle richieste di tecnologia e di rinnovamento [&#8230;]&#8221;<\/em> creando<em> &#8220;oggetti da esibire come veri e propri status symbol, contribuiscono al cambiamento dei costumi&#8221;.<\/em><\/p>\n<p>Avrete sicuramente sentito tante volte ripetere questo aneddoto durante l&#8217;introduzione alla visita guidata al Museo, ma questa volta non stiamo parlando di noi!<\/p>\n<p>[\/et_pb_text][\/et_pb_column][\/et_pb_row][et_pb_row admin_label=&#8221;Row&#8221; custom_width_percent=&#8221;80&#8243; custom_padding=&#8221;50px|||&#8221; custom_padding_tablet=&#8221;17px|||&#8221; column_padding_mobile=&#8221;on&#8221; parallax_method_1=&#8221;off&#8221; parallax_method_2=&#8221;off&#8221; disabled_on=&#8221;off||&#8221; custom_padding_last_edited=&#8221;on|tablet&#8221;][et_pb_column type=&#8221;1_4&#8243;][\/et_pb_column][et_pb_column type=&#8221;3_4&#8243;][et_pb_image admin_label=&#8221;Immagine&#8221; src=&#8221;https:\/\/www.museofratellicozzi.com\/news\/wp-content\/uploads\/2020\/02\/3.jpeg&#8221; animation=&#8221;fade_in&#8221; sticky=&#8221;on&#8221;]<\/p>\n<p>[\/et_pb_image][\/et_pb_column][\/et_pb_row][et_pb_row admin_label=&#8221;row&#8221; custom_padding=&#8221;0px|||&#8221; padding_mobile=&#8221;on&#8221; column_padding_mobile=&#8221;on&#8221; parallax_method_1=&#8221;off&#8221; parallax_method_2=&#8221;off&#8221;][et_pb_column type=&#8221;1_3&#8243;][\/et_pb_column][et_pb_column type=&#8221;2_3&#8243;][et_pb_text admin_label=&#8221;Blocco testo 2&#8243; max_width=&#8221;620px&#8221; header_font_size=&#8221;30&#8243; header_letter_spacing=&#8221;0&#8243; header_line_height=&#8221;1&#8243; text_font=&#8221;PT Sans||||&#8221; text_font_size=&#8221;20&#8243; text_font_size_last_edited=&#8221;on|tablet&#8221; text_text_color=&#8221;#363636&#8243; text_letter_spacing=&#8221;0&#8243; text_line_height=&#8221;1.5&#8243; custom_margin=&#8221;30px||0px|&#8221;]<\/p>\n<p class=\"\">Parliamo di SMEG, che con il suo claim &#8220;La tecnologia che arreda&#8221;, racconta la sua vocazione all&#8217;innovazione che non rinuncia alla cura estetica.&nbsp; Oltre a condividere le origini in un momento storico straordinario per l&#8217;Italia, cos&igrave; come avete appena letto, abbiamo lo stessa passione per il design. Cos&igrave; come il Museo si &egrave; avvalso della collaborazione di prestigiosi architetti come Oscar e Gabriele Buratti, anche Smeg&nbsp;si avvale della collaborazione di architetti e designer di fama mondiale quali&nbsp;<strong>Guido Canali (<a href=\"https:\/\/www.smeg.it\/news\/smeg-e-guido-canali\/\">guarda l&#8217;intervista<\/a>), Mario Bellini<\/strong>, lo studio&nbsp;<strong>Piano Design, Marc Newson, Giancarlo Candeago,&nbsp;Matteo Bazzicalupo e Raffaella Mangiarotti (deepdesign)<\/strong>. Grazie a loro Smeg, ha creato prodotti divenuti, con il tempo, vere e proprie icone Made in Italy.<\/p>\n<p>[\/et_pb_text][\/et_pb_column][\/et_pb_row][et_pb_row admin_label=&#8221;Row&#8221; custom_width_percent=&#8221;80&#8243; custom_padding=&#8221;50px|||&#8221; custom_padding_tablet=&#8221;17px|||&#8221; column_padding_mobile=&#8221;on&#8221; parallax_method_1=&#8221;off&#8221; parallax_method_2=&#8221;off&#8221; disabled_on=&#8221;off||&#8221; custom_padding_last_edited=&#8221;on|tablet&#8221;][et_pb_column type=&#8221;1_4&#8243;][\/et_pb_column][et_pb_column type=&#8221;3_4&#8243;][et_pb_image admin_label=&#8221;Immagine&#8221; src=&#8221;https:\/\/www.museofratellicozzi.com\/news\/wp-content\/uploads\/2020\/02\/IMG-20200228-WA0018.jpg&#8221; animation=&#8221;fade_in&#8221; sticky=&#8221;on&#8221; show_in_lightbox=&#8221;off&#8221; url_new_window=&#8221;off&#8221; use_overlay=&#8221;off&#8221; align=&#8221;left&#8221; force_fullwidth=&#8221;off&#8221; always_center_on_mobile=&#8221;on&#8221; use_border_color=&#8221;off&#8221; border_color=&#8221;#ffffff&#8221; border_width=&#8221;1&#8243; border_style=&#8221;solid&#8221;]<\/p>\n<p>[\/et_pb_image][\/et_pb_column][\/et_pb_row][et_pb_row admin_label=&#8221;row&#8221; custom_padding=&#8221;17px|||&#8221; padding_mobile=&#8221;on&#8221; column_padding_mobile=&#8221;on&#8221; parallax_method_1=&#8221;off&#8221; parallax_method_2=&#8221;off&#8221;][et_pb_column type=&#8221;1_3&#8243;][\/et_pb_column][et_pb_column type=&#8221;2_3&#8243;][et_pb_text admin_label=&#8221;Blocco testo 3&#8243; max_width=&#8221;620px&#8221; header_font_size=&#8221;30&#8243; header_letter_spacing=&#8221;0&#8243; header_line_height=&#8221;1&#8243; text_font=&#8221;PT Sans||||&#8221; text_font_size=&#8221;20&#8243; text_font_size_last_edited=&#8221;on|tablet&#8221; text_text_color=&#8221;#363636&#8243; text_letter_spacing=&#8221;0&#8243; text_line_height=&#8221;1.5&#8243; custom_margin=&#8221;30px||0px|&#8221;]<\/p>\n<p class=\"\">Fotografie fedeli del Paese dello Stile, gli elettrodomestici Smeg, come il frigorifero anni 50 o le cucine interamente in acciaio, diventano oggetti in grado di<strong>\u00a0influenzare l\u2019evoluzione del gusto<\/strong>\u00a0e di creare relazioni che vanno al di l\u00e0 delle necessit\u00e0 pratiche. \u00c8 con questo preciso spirito che nascono le\u00a0<strong>collaborazioni con i grandi designers e architetti<\/strong>\u00a0e, nel contempo, si consolidano progetti di sviluppo interno in grado di\u00a0<strong>interpretare gusti e tendenze<\/strong>.<\/p>\n<p class=\"\">Per questo l&#8217;auto adottata da SMEG \u00e8 la Giulietta T.I. giallo cina&#8230; eh s\u00ec, proprio l&#8217;auto da cui tutto ebbe inizio. L&#8217;auto per cui Pietro Cozzi disse per la prima volta: &#8220;Mettila l\u00ec&#8221;, l&#8217;auto del boom economico, l&#8217;auto che racconta perfettamente il periodo storico in cui SMEG vide la sua nascita e la sua affermazione.<\/p>\n<p>[\/et_pb_text][\/et_pb_column][\/et_pb_row][et_pb_row admin_label=&#8221;Row&#8221; custom_width_percent=&#8221;80&#8243; custom_padding=&#8221;50px|||&#8221; padding_mobile=&#8221;on&#8221; column_padding_mobile=&#8221;on&#8221; parallax_method_1=&#8221;off&#8221; disabled_on=&#8221;off|off|off&#8221;][et_pb_column type=&#8221;4_4&#8243;][et_pb_divider admin_label=&#8221;Linea citazione&#8221; color=&#8221;#aeaeac&#8221; show_divider=&#8221;on&#8221; divider_style=&#8221;solid&#8221; divider_position=&#8221;top&#8221; hide_on_mobile=&#8221;off&#8221;]<\/p>\n<p>[\/et_pb_divider][et_pb_text admin_label=&#8221;Citazione&#8221; text_orientation=&#8221;center&#8221; max_width=&#8221;900px&#8221; header_font_size=&#8221;30&#8243; header_letter_spacing=&#8221;0&#8243; header_line_height=&#8221;1&#8243; text_font=&#8221;PT Serif||||&#8221; text_font_size=&#8221;48&#8243; text_font_size_tablet=&#8221;38&#8243; text_font_size_last_edited=&#8221;on|tablet&#8221; text_text_color=&#8221;#363636&#8243; text_letter_spacing=&#8221;0&#8243; text_line_height=&#8221;1.3&#8243; custom_margin=&#8221;16px||30px|&#8221;]<\/p>\n<p style=\"text-align: center;\">&#8220;Grazie SMEG&#8221;<\/p>\n<p>[\/et_pb_text][et_pb_divider admin_label=&#8221;Linea citazione&#8221; color=&#8221;#aeaeac&#8221; show_divider=&#8221;on&#8221; divider_style=&#8221;solid&#8221; divider_position=&#8221;top&#8221; hide_on_mobile=&#8221;off&#8221;]<\/p>\n<p>[\/et_pb_divider][\/et_pb_column][\/et_pb_row][et_pb_row admin_label=&#8221;row&#8221; custom_padding=&#8221;17px|||&#8221; padding_mobile=&#8221;on&#8221; column_padding_mobile=&#8221;on&#8221; parallax_method_1=&#8221;off&#8221; parallax_method_2=&#8221;off&#8221;][et_pb_column type=&#8221;1_3&#8243;][\/et_pb_column][et_pb_column type=&#8221;2_3&#8243;][et_pb_text admin_label=&#8221;Blocco testo 4&#8243; max_width=&#8221;620px&#8221; header_font_size=&#8221;30&#8243; header_letter_spacing=&#8221;0&#8243; header_line_height=&#8221;1&#8243; text_font=&#8221;PT Sans||||&#8221; text_font_size=&#8221;20&#8243; text_font_size_last_edited=&#8221;on|tablet&#8221; text_text_color=&#8221;#363636&#8243; text_letter_spacing=&#8221;0&#8243; text_line_height=&#8221;1.5&#8243; custom_margin=&#8221;30px||0px|&#8221;]<\/p>\n<p class=\"\" style=\"font-style: normal; font-variant-ligatures: normal; font-variant-caps: normal; font-weight: 400; font-size: 20px; font-family: 'PT Sans', Helvetica, Arial, Lucida, sans-serif;\"><strong>COSA SIGNIFICA ADOTTARE UN&#8217;AUTO?<\/strong><\/p>\n<p class=\"\" style=\"font-style: normal; font-variant-ligatures: normal; font-variant-caps: normal; font-weight: 400; font-size: 20px; font-family: 'PT Sans', Helvetica, Arial, Lucida, sans-serif;\">Significa contribuire a tutto questo per mostrare che storia, arte, bellezza ed ingegno italiani sono importanti per lei. La Responsabilit\u00e0 sociale di impresa \u00e9 fatta di azioni concrete che comunicano a tutti gli stakeholder ci\u00f2 in cui l\u2019impresa crede.<\/p>\n<p style=\"font-style: normal; font-variant-ligatures: normal; font-variant-caps: normal; font-weight: 400; font-size: 20px; font-family: 'PT Sans', Helvetica, Arial, Lucida, sans-serif;\">Il logo dell\u2019impresa sar\u00e0 presente sull\u2019auto nel Museo. Ricever\u00e0 1000 cartoline con l\u2019auto che adotta. Dedicheremo a questa notizia un post su Facebook, un post su Instagram e uno spazio nella newsletter. Sono migliaia le persone che cos\u00ec verranno a conoscenza dei questa scelta!<\/p>\n<p style=\"font-style: normal; font-variant-ligatures: normal; font-variant-caps: normal; font-weight: 400; font-size: 20px; font-family: 'PT Sans', Helvetica, Arial, Lucida, sans-serif;\">Potr\u00e0 anche usufruire di un \u201cInvito al Museo\u201d e cio\u00e8 il Museo a disposizione per due ore, comprensivo di visita guidata, con un massimo di 6 ospiti.<\/p>\n<p class=\"\"><span style=\"text-decoration: underline;\"><a href=\"https:\/\/www.museofratellicozzi.com\/news\/adotta-unauto\/\">Continua a leggere qui&#8230;<\/a><\/span><\/p>\n<p>[\/et_pb_text][\/et_pb_column][\/et_pb_row][\/et_pb_section]<\/p>\n","protected":false},"excerpt":{"rendered":"<p>Galeotta fu la passione per le cromature. Nel mese dell\u2019Amore, un\u2019altra \u201cpiccola\u201d del Museo ha trovato famiglia con Smeg.<\/p>\n","protected":false},"author":5,"featured_media":9638,"comment_status":"open","ping_status":"open","sticky":false,"template":"","format":"standard","meta":{"_et_pb_use_builder":"on","_et_pb_old_content":"","_et_gb_content_width":"","_jetpack_memberships_contains_paid_content":false,"footnotes":""},"categories":[6,1,805],"tags":[490,21,464,100,134,557],"class_list":["post-9622","post","type-post","status-publish","format-standard","has-post-thumbnail","hentry","category-cultura","category-senza-categoria","category-succede-al-museo","tag-adozioni","tag-alfa-romeo","tag-brandawarnes","tag-cultura","tag-eventi","tag-smeg","et-has-post-format-content","et_post_format-et-post-format-standard"],"yoast_head":"<!-- This site is optimized with the Yoast SEO plugin v26.8 - https:\/\/yoast.com\/product\/yoast-seo-wordpress\/ -->\n<title>Smeg adotta un&#039;auto - eNews Museo Fratelli Cozzi<\/title>\n<meta name=\"description\" content=\"Galeotta fu la passione per le cromature. Nel mese dell\u2019Amore, un\u2019altra \u201cpiccola\u201d del Museo ha trovato famiglia con Smeg.\" \/>\n<meta name=\"robots\" content=\"index, follow, max-snippet:-1, max-image-preview:large, max-video-preview:-1\" \/>\n<link rel=\"canonical\" href=\"https:\/\/www.museofratellicozzi.com\/news\/smeg-adotta-unauto\/\" \/>\n<meta property=\"og:locale\" content=\"it_IT\" \/>\n<meta property=\"og:type\" content=\"article\" \/>\n<meta property=\"og:title\" content=\"Smeg adotta un&#039;auto - eNews Museo Fratelli Cozzi\" \/>\n<meta property=\"og:description\" content=\"Galeotta fu la passione per le cromature. Nel mese dell\u2019Amore, un\u2019altra \u201cpiccola\u201d del Museo ha trovato famiglia con Smeg.\" \/>\n<meta property=\"og:url\" content=\"https:\/\/www.museofratellicozzi.com\/news\/smeg-adotta-unauto\/\" \/>\n<meta property=\"og:site_name\" content=\"eNews Museo Fratelli Cozzi\" \/>\n<meta property=\"article:published_time\" content=\"2020-02-18T14:06:17+00:00\" \/>\n<meta property=\"article:modified_time\" content=\"2024-01-17T15:15:53+00:00\" \/>\n<meta property=\"og:image\" content=\"https:\/\/www.museofratellicozzi.com\/news\/wp-content\/uploads\/2020\/02\/Progetto-senza-titolo-9.jpg\" \/>\n\t<meta property=\"og:image:width\" content=\"1050\" \/>\n\t<meta property=\"og:image:height\" content=\"600\" \/>\n\t<meta property=\"og:image:type\" content=\"image\/jpeg\" \/>\n<meta name=\"author\" content=\"Laura Defendi\" \/>\n<meta name=\"twitter:card\" content=\"summary_large_image\" \/>\n<meta name=\"twitter:label1\" content=\"Scritto da\" \/>\n\t<meta name=\"twitter:data1\" content=\"Laura Defendi\" \/>\n\t<meta name=\"twitter:label2\" content=\"Tempo di lettura stimato\" \/>\n\t<meta name=\"twitter:data2\" content=\"8 minuti\" \/>\n<script type=\"application\/ld+json\" class=\"yoast-schema-graph\">{\"@context\":\"https:\/\/schema.org\",\"@graph\":[{\"@type\":\"Article\",\"@id\":\"https:\/\/www.museofratellicozzi.com\/news\/smeg-adotta-unauto\/#article\",\"isPartOf\":{\"@id\":\"https:\/\/www.museofratellicozzi.com\/news\/smeg-adotta-unauto\/\"},\"author\":{\"name\":\"Laura Defendi\",\"@id\":\"https:\/\/www.museofratellicozzi.com\/news\/#\/schema\/person\/9c1de5abfab71104e0bfe41cca1b7072\"},\"headline\":\"Smeg adotta un&#8217;auto\",\"datePublished\":\"2020-02-18T14:06:17+00:00\",\"dateModified\":\"2024-01-17T15:15:53+00:00\",\"mainEntityOfPage\":{\"@id\":\"https:\/\/www.museofratellicozzi.com\/news\/smeg-adotta-unauto\/\"},\"wordCount\":1513,\"commentCount\":0,\"publisher\":{\"@id\":\"https:\/\/www.museofratellicozzi.com\/news\/#organization\"},\"image\":{\"@id\":\"https:\/\/www.museofratellicozzi.com\/news\/smeg-adotta-unauto\/#primaryimage\"},\"thumbnailUrl\":\"https:\/\/www.museofratellicozzi.com\/news\/wp-content\/uploads\/2020\/02\/Progetto-senza-titolo-9.jpg\",\"keywords\":[\"adozioni\",\"alfa romeo\",\"brandawarnes\",\"cultura\",\"eventi\",\"Smeg\"],\"articleSection\":{\"0\":\"Cultura\",\"2\":\"Succede al museo\"},\"inLanguage\":\"it-IT\",\"potentialAction\":[{\"@type\":\"CommentAction\",\"name\":\"Comment\",\"target\":[\"https:\/\/www.museofratellicozzi.com\/news\/smeg-adotta-unauto\/#respond\"]}]},{\"@type\":\"WebPage\",\"@id\":\"https:\/\/www.museofratellicozzi.com\/news\/smeg-adotta-unauto\/\",\"url\":\"https:\/\/www.museofratellicozzi.com\/news\/smeg-adotta-unauto\/\",\"name\":\"Smeg adotta un'auto - eNews Museo Fratelli Cozzi\",\"isPartOf\":{\"@id\":\"https:\/\/www.museofratellicozzi.com\/news\/#website\"},\"primaryImageOfPage\":{\"@id\":\"https:\/\/www.museofratellicozzi.com\/news\/smeg-adotta-unauto\/#primaryimage\"},\"image\":{\"@id\":\"https:\/\/www.museofratellicozzi.com\/news\/smeg-adotta-unauto\/#primaryimage\"},\"thumbnailUrl\":\"https:\/\/www.museofratellicozzi.com\/news\/wp-content\/uploads\/2020\/02\/Progetto-senza-titolo-9.jpg\",\"datePublished\":\"2020-02-18T14:06:17+00:00\",\"dateModified\":\"2024-01-17T15:15:53+00:00\",\"description\":\"Galeotta fu la passione per le cromature. Nel mese dell\u2019Amore, un\u2019altra \u201cpiccola\u201d del Museo ha trovato famiglia con Smeg.\",\"breadcrumb\":{\"@id\":\"https:\/\/www.museofratellicozzi.com\/news\/smeg-adotta-unauto\/#breadcrumb\"},\"inLanguage\":\"it-IT\",\"potentialAction\":[{\"@type\":\"ReadAction\",\"target\":[\"https:\/\/www.museofratellicozzi.com\/news\/smeg-adotta-unauto\/\"]}]},{\"@type\":\"ImageObject\",\"inLanguage\":\"it-IT\",\"@id\":\"https:\/\/www.museofratellicozzi.com\/news\/smeg-adotta-unauto\/#primaryimage\",\"url\":\"https:\/\/www.museofratellicozzi.com\/news\/wp-content\/uploads\/2020\/02\/Progetto-senza-titolo-9.jpg\",\"contentUrl\":\"https:\/\/www.museofratellicozzi.com\/news\/wp-content\/uploads\/2020\/02\/Progetto-senza-titolo-9.jpg\",\"width\":1050,\"height\":600},{\"@type\":\"BreadcrumbList\",\"@id\":\"https:\/\/www.museofratellicozzi.com\/news\/smeg-adotta-unauto\/#breadcrumb\",\"itemListElement\":[{\"@type\":\"ListItem\",\"position\":1,\"name\":\"Home\",\"item\":\"https:\/\/www.museofratellicozzi.com\/news\/\"},{\"@type\":\"ListItem\",\"position\":2,\"name\":\"Smeg adotta un&#8217;auto\"}]},{\"@type\":\"WebSite\",\"@id\":\"https:\/\/www.museofratellicozzi.com\/news\/#website\",\"url\":\"https:\/\/www.museofratellicozzi.com\/news\/\",\"name\":\"eNews Museo Fratelli Cozzi\",\"description\":\"Alfa Romeo: un mito che resiste al tempo\",\"publisher\":{\"@id\":\"https:\/\/www.museofratellicozzi.com\/news\/#organization\"},\"potentialAction\":[{\"@type\":\"SearchAction\",\"target\":{\"@type\":\"EntryPoint\",\"urlTemplate\":\"https:\/\/www.museofratellicozzi.com\/news\/?s={search_term_string}\"},\"query-input\":{\"@type\":\"PropertyValueSpecification\",\"valueRequired\":true,\"valueName\":\"search_term_string\"}}],\"inLanguage\":\"it-IT\"},{\"@type\":\"Organization\",\"@id\":\"https:\/\/www.museofratellicozzi.com\/news\/#organization\",\"name\":\"Museo Fratelli Cozzi\",\"url\":\"https:\/\/www.museofratellicozzi.com\/news\/\",\"logo\":{\"@type\":\"ImageObject\",\"inLanguage\":\"it-IT\",\"@id\":\"https:\/\/www.museofratellicozzi.com\/news\/#\/schema\/logo\/image\/\",\"url\":\"https:\/\/www.museofratellicozzi.com\/news\/wp-content\/uploads\/2017\/04\/home.png\",\"contentUrl\":\"https:\/\/www.museofratellicozzi.com\/news\/wp-content\/uploads\/2017\/04\/home.png\",\"width\":497,\"height\":512,\"caption\":\"Museo Fratelli Cozzi\"},\"image\":{\"@id\":\"https:\/\/www.museofratellicozzi.com\/news\/#\/schema\/logo\/image\/\"}},{\"@type\":\"Person\",\"@id\":\"https:\/\/www.museofratellicozzi.com\/news\/#\/schema\/person\/9c1de5abfab71104e0bfe41cca1b7072\",\"name\":\"Laura Defendi\",\"image\":{\"@type\":\"ImageObject\",\"inLanguage\":\"it-IT\",\"@id\":\"https:\/\/www.museofratellicozzi.com\/news\/#\/schema\/person\/image\/\",\"url\":\"https:\/\/secure.gravatar.com\/avatar\/fa196a116a28416a994aad4b629b4ae8?s=96&d=mm&r=g\",\"contentUrl\":\"https:\/\/secure.gravatar.com\/avatar\/fa196a116a28416a994aad4b629b4ae8?s=96&d=mm&r=g\",\"caption\":\"Laura Defendi\"}}]}<\/script>\n<!-- \/ Yoast SEO plugin. -->","yoast_head_json":{"title":"Smeg adotta un'auto - eNews Museo Fratelli Cozzi","description":"Galeotta fu la passione per le cromature. Nel mese dell\u2019Amore, un\u2019altra \u201cpiccola\u201d del Museo ha trovato famiglia con Smeg.","robots":{"index":"index","follow":"follow","max-snippet":"max-snippet:-1","max-image-preview":"max-image-preview:large","max-video-preview":"max-video-preview:-1"},"canonical":"https:\/\/www.museofratellicozzi.com\/news\/smeg-adotta-unauto\/","og_locale":"it_IT","og_type":"article","og_title":"Smeg adotta un'auto - eNews Museo Fratelli Cozzi","og_description":"Galeotta fu la passione per le cromature. Nel mese dell\u2019Amore, un\u2019altra \u201cpiccola\u201d del Museo ha trovato famiglia con Smeg.","og_url":"https:\/\/www.museofratellicozzi.com\/news\/smeg-adotta-unauto\/","og_site_name":"eNews Museo Fratelli Cozzi","article_published_time":"2020-02-18T14:06:17+00:00","article_modified_time":"2024-01-17T15:15:53+00:00","og_image":[{"width":1050,"height":600,"url":"https:\/\/www.museofratellicozzi.com\/news\/wp-content\/uploads\/2020\/02\/Progetto-senza-titolo-9.jpg","type":"image\/jpeg"}],"author":"Laura Defendi","twitter_card":"summary_large_image","twitter_misc":{"Scritto da":"Laura Defendi","Tempo di lettura stimato":"8 minuti"},"schema":{"@context":"https:\/\/schema.org","@graph":[{"@type":"Article","@id":"https:\/\/www.museofratellicozzi.com\/news\/smeg-adotta-unauto\/#article","isPartOf":{"@id":"https:\/\/www.museofratellicozzi.com\/news\/smeg-adotta-unauto\/"},"author":{"name":"Laura Defendi","@id":"https:\/\/www.museofratellicozzi.com\/news\/#\/schema\/person\/9c1de5abfab71104e0bfe41cca1b7072"},"headline":"Smeg adotta un&#8217;auto","datePublished":"2020-02-18T14:06:17+00:00","dateModified":"2024-01-17T15:15:53+00:00","mainEntityOfPage":{"@id":"https:\/\/www.museofratellicozzi.com\/news\/smeg-adotta-unauto\/"},"wordCount":1513,"commentCount":0,"publisher":{"@id":"https:\/\/www.museofratellicozzi.com\/news\/#organization"},"image":{"@id":"https:\/\/www.museofratellicozzi.com\/news\/smeg-adotta-unauto\/#primaryimage"},"thumbnailUrl":"https:\/\/www.museofratellicozzi.com\/news\/wp-content\/uploads\/2020\/02\/Progetto-senza-titolo-9.jpg","keywords":["adozioni","alfa romeo","brandawarnes","cultura","eventi","Smeg"],"articleSection":{"0":"Cultura","2":"Succede al museo"},"inLanguage":"it-IT","potentialAction":[{"@type":"CommentAction","name":"Comment","target":["https:\/\/www.museofratellicozzi.com\/news\/smeg-adotta-unauto\/#respond"]}]},{"@type":"WebPage","@id":"https:\/\/www.museofratellicozzi.com\/news\/smeg-adotta-unauto\/","url":"https:\/\/www.museofratellicozzi.com\/news\/smeg-adotta-unauto\/","name":"Smeg adotta un'auto - eNews Museo Fratelli Cozzi","isPartOf":{"@id":"https:\/\/www.museofratellicozzi.com\/news\/#website"},"primaryImageOfPage":{"@id":"https:\/\/www.museofratellicozzi.com\/news\/smeg-adotta-unauto\/#primaryimage"},"image":{"@id":"https:\/\/www.museofratellicozzi.com\/news\/smeg-adotta-unauto\/#primaryimage"},"thumbnailUrl":"https:\/\/www.museofratellicozzi.com\/news\/wp-content\/uploads\/2020\/02\/Progetto-senza-titolo-9.jpg","datePublished":"2020-02-18T14:06:17+00:00","dateModified":"2024-01-17T15:15:53+00:00","description":"Galeotta fu la passione per le cromature. Nel mese dell\u2019Amore, un\u2019altra \u201cpiccola\u201d del Museo ha trovato famiglia con Smeg.","breadcrumb":{"@id":"https:\/\/www.museofratellicozzi.com\/news\/smeg-adotta-unauto\/#breadcrumb"},"inLanguage":"it-IT","potentialAction":[{"@type":"ReadAction","target":["https:\/\/www.museofratellicozzi.com\/news\/smeg-adotta-unauto\/"]}]},{"@type":"ImageObject","inLanguage":"it-IT","@id":"https:\/\/www.museofratellicozzi.com\/news\/smeg-adotta-unauto\/#primaryimage","url":"https:\/\/www.museofratellicozzi.com\/news\/wp-content\/uploads\/2020\/02\/Progetto-senza-titolo-9.jpg","contentUrl":"https:\/\/www.museofratellicozzi.com\/news\/wp-content\/uploads\/2020\/02\/Progetto-senza-titolo-9.jpg","width":1050,"height":600},{"@type":"BreadcrumbList","@id":"https:\/\/www.museofratellicozzi.com\/news\/smeg-adotta-unauto\/#breadcrumb","itemListElement":[{"@type":"ListItem","position":1,"name":"Home","item":"https:\/\/www.museofratellicozzi.com\/news\/"},{"@type":"ListItem","position":2,"name":"Smeg adotta un&#8217;auto"}]},{"@type":"WebSite","@id":"https:\/\/www.museofratellicozzi.com\/news\/#website","url":"https:\/\/www.museofratellicozzi.com\/news\/","name":"eNews Museo Fratelli Cozzi","description":"Alfa Romeo: un mito che resiste al tempo","publisher":{"@id":"https:\/\/www.museofratellicozzi.com\/news\/#organization"},"potentialAction":[{"@type":"SearchAction","target":{"@type":"EntryPoint","urlTemplate":"https:\/\/www.museofratellicozzi.com\/news\/?s={search_term_string}"},"query-input":{"@type":"PropertyValueSpecification","valueRequired":true,"valueName":"search_term_string"}}],"inLanguage":"it-IT"},{"@type":"Organization","@id":"https:\/\/www.museofratellicozzi.com\/news\/#organization","name":"Museo Fratelli Cozzi","url":"https:\/\/www.museofratellicozzi.com\/news\/","logo":{"@type":"ImageObject","inLanguage":"it-IT","@id":"https:\/\/www.museofratellicozzi.com\/news\/#\/schema\/logo\/image\/","url":"https:\/\/www.museofratellicozzi.com\/news\/wp-content\/uploads\/2017\/04\/home.png","contentUrl":"https:\/\/www.museofratellicozzi.com\/news\/wp-content\/uploads\/2017\/04\/home.png","width":497,"height":512,"caption":"Museo Fratelli Cozzi"},"image":{"@id":"https:\/\/www.museofratellicozzi.com\/news\/#\/schema\/logo\/image\/"}},{"@type":"Person","@id":"https:\/\/www.museofratellicozzi.com\/news\/#\/schema\/person\/9c1de5abfab71104e0bfe41cca1b7072","name":"Laura Defendi","image":{"@type":"ImageObject","inLanguage":"it-IT","@id":"https:\/\/www.museofratellicozzi.com\/news\/#\/schema\/person\/image\/","url":"https:\/\/secure.gravatar.com\/avatar\/fa196a116a28416a994aad4b629b4ae8?s=96&d=mm&r=g","contentUrl":"https:\/\/secure.gravatar.com\/avatar\/fa196a116a28416a994aad4b629b4ae8?s=96&d=mm&r=g","caption":"Laura Defendi"}}]}},"jetpack_featured_media_url":"https:\/\/www.museofratellicozzi.com\/news\/wp-content\/uploads\/2020\/02\/Progetto-senza-titolo-9.jpg","jetpack_shortlink":"https:\/\/wp.me\/p90Eth-2vc","jetpack_sharing_enabled":true,"post_mailing_queue_ids":[],"_links":{"self":[{"href":"https:\/\/www.museofratellicozzi.com\/news\/wp-json\/wp\/v2\/posts\/9622","targetHints":{"allow":["GET"]}}],"collection":[{"href":"https:\/\/www.museofratellicozzi.com\/news\/wp-json\/wp\/v2\/posts"}],"about":[{"href":"https:\/\/www.museofratellicozzi.com\/news\/wp-json\/wp\/v2\/types\/post"}],"author":[{"embeddable":true,"href":"https:\/\/www.museofratellicozzi.com\/news\/wp-json\/wp\/v2\/users\/5"}],"replies":[{"embeddable":true,"href":"https:\/\/www.museofratellicozzi.com\/news\/wp-json\/wp\/v2\/comments?post=9622"}],"version-history":[{"count":10,"href":"https:\/\/www.museofratellicozzi.com\/news\/wp-json\/wp\/v2\/posts\/9622\/revisions"}],"predecessor-version":[{"id":9727,"href":"https:\/\/www.museofratellicozzi.com\/news\/wp-json\/wp\/v2\/posts\/9622\/revisions\/9727"}],"wp:featuredmedia":[{"embeddable":true,"href":"https:\/\/www.museofratellicozzi.com\/news\/wp-json\/wp\/v2\/media\/9638"}],"wp:attachment":[{"href":"https:\/\/www.museofratellicozzi.com\/news\/wp-json\/wp\/v2\/media?parent=9622"}],"wp:term":[{"taxonomy":"category","embeddable":true,"href":"https:\/\/www.museofratellicozzi.com\/news\/wp-json\/wp\/v2\/categories?post=9622"},{"taxonomy":"post_tag","embeddable":true,"href":"https:\/\/www.museofratellicozzi.com\/news\/wp-json\/wp\/v2\/tags?post=9622"}],"curies":[{"name":"wp","href":"https:\/\/api.w.org\/{rel}","templated":true}]}}