{"id":9624,"date":"2020-02-18T15:08:03","date_gmt":"2020-02-18T14:08:03","guid":{"rendered":"https:\/\/news.museofratellicozzi.com\/?p=9624"},"modified":"2024-01-17T16:13:28","modified_gmt":"2024-01-17T15:13:28","slug":"restare-insieme","status":"publish","type":"post","link":"https:\/\/www.museofratellicozzi.com\/news\/restare-insieme\/","title":{"rendered":"Restare insieme"},"content":{"rendered":"\n[et_pb_section bb_built=&#8221;1&#8243; admin_label=&#8221;Sezione&#8221; custom_padding=&#8221;0px|||&#8221; custom_width_percent=&#8221;80&#8243;][et_pb_row admin_label=&#8221;Riga&#8221; make_fullwidth=&#8221;on&#8221; custom_width_percent=&#8221;80&#8243; use_custom_gutter=&#8221;on&#8221; gutter_width=&#8221;1&#8243; custom_padding=&#8221;0px|||&#8221; parallax_method_1=&#8221;off&#8221; disabled_on=&#8221;off|off|off&#8221;][et_pb_column type=&#8221;4_4&#8243;][et_pb_image admin_label=&#8221;Immagine principale&#8221; src=&#8221;https:\/\/www.museofratellicozzi.com\/news\/wp-content\/uploads\/2020\/02\/87668964_839369356475631_2803215469224394752_o.jpg&#8221; animation=&#8221;off&#8221; force_fullwidth=&#8221;on&#8221;]\r\n[\/et_pb_image][\/et_pb_column][\/et_pb_row][et_pb_row admin_label=&#8221;Riga&#8221; custom_width_percent=&#8221;80&#8243; custom_padding=&#8221;20px||0px|&#8221; parallax_method_1=&#8221;off&#8221;][et_pb_column type=&#8221;4_4&#8243;][et_pb_text admin_label=&#8221;Categoria&#8221; header_font_size=&#8221;30&#8243; header_letter_spacing=&#8221;0&#8243; header_line_height=&#8221;1&#8243; text_text_color=&#8221;#bcbcbc&#8221; text_letter_spacing=&#8221;2&#8243; text_line_height=&#8221;1.7&#8243; custom_margin=&#8221;||10px|&#8221; custom_margin_last_edited=&#8221;on|tablet&#8221;]\r\n\r\n<strong>EVENTI<\/strong>\r\n\r\n[\/et_pb_text][et_pb_text admin_label=&#8221;Titolo&#8221; header_font=&#8221;PT Sans||||&#8221; header_font_size=&#8221;48&#8243; header_font_size_tablet=&#8221;46&#8243; header_font_size_last_edited=&#8221;on|desktop&#8221; header_text_color=&#8221;#000000&#8243; header_letter_spacing=&#8221;0&#8243; header_line_height=&#8221;1.2&#8243; text_font=&#8221;PT Sans||||&#8221; text_font_size=&#8221;72&#8243; text_font_size_tablet=&#8221;60&#8243; text_font_size_last_edited=&#8221;on|desktop&#8221; text_text_color=&#8221;#000000&#8243; text_letter_spacing=&#8221;0&#8243; text_letter_spacing_last_edited=&#8221;on|desktop&#8221; text_line_height=&#8221;1.1&#8243; text_line_height_last_edited=&#8221;on|&#8221; custom_margin=&#8221;0px||0px|&#8221;]\r\n\r\nInsieme&#8230; un successo\r\n\r\n[\/et_pb_text][et_pb_text admin_label=&#8221;Data&#8221; header_font_size=&#8221;30&#8243; header_letter_spacing=&#8221;0&#8243; header_line_height=&#8221;1&#8243; text_font=&#8221;PT Sans|on|||&#8221; text_font_size=&#8221;18&#8243; text_text_color=&#8221;#363636&#8243; text_letter_spacing=&#8221;0&#8243; text_line_height=&#8221;1.7&#8243; custom_margin=&#8221;10px||0px|&#8221;]\r\n\r\n19 febbraio, 2020\r\n\r\n[\/et_pb_text][\/et_pb_column][\/et_pb_row][\/et_pb_section][et_pb_section bb_built=&#8221;1&#8243; admin_label=&#8221;Section&#8221; background_color=&#8221;#f7f7f4&#8243; custom_width_percent=&#8221;80&#8243;][et_pb_row admin_label=&#8221;row&#8221; custom_width_percent=&#8221;80&#8243; custom_padding=&#8221;0px|||&#8221; padding_mobile=&#8221;on&#8221; column_padding_mobile=&#8221;on&#8221; parallax_method_1=&#8221;off&#8221; parallax_method_2=&#8221;off&#8221;][et_pb_column type=&#8221;1_3&#8243;][\/et_pb_column][et_pb_column type=&#8221;2_3&#8243;][et_pb_text admin_label=&#8221;Occhiello&#8221; max_width=&#8221;620px&#8221; header_font_size=&#8221;30&#8243; header_letter_spacing=&#8221;0&#8243; header_line_height=&#8221;1&#8243; text_font=&#8221;PT Sans|on|||&#8221; text_font_size=&#8221;24&#8243; text_font_size_last_edited=&#8221;on|desktop&#8221; text_text_color=&#8221;#363636&#8243; text_letter_spacing=&#8221;0&#8243; text_line_height=&#8221;1.4&#8243; custom_margin=&#8221;10px||0px|&#8221; background_layout=&#8221;light&#8221; text_orientation=&#8221;left&#8221; use_border_color=&#8221;off&#8221; border_color=&#8221;#ffffff&#8221; border_width=&#8221;1&#8243; border_style=&#8221;solid&#8221;]\r\n\r\nFor Disruptor Only torna al Museo Fratelli Cozzi per la prima tappa 2020 con un format rinnovato per rendere ancora pi\u00f9 &#8220;contagiosa&#8221; la tua esperienza.\r\n\r\n[\/et_pb_text][et_pb_text admin_label=&#8221;Blocco testo 1&#8243; max_width=&#8221;620px&#8221; header_font_size=&#8221;30&#8243; header_letter_spacing=&#8221;0&#8243; header_line_height=&#8221;1&#8243; text_font=&#8221;PT Sans||||&#8221; text_font_size=&#8221;20&#8243; text_font_size_last_edited=&#8221;on|tablet&#8221; text_text_color=&#8221;#363636&#8243; text_letter_spacing=&#8221;0&#8243; text_line_height=&#8221;1.5&#8243; custom_margin=&#8221;30px||0px|&#8221;]\r\n<p class=\"\">Un celebre aforisma di Herry Ford recita &#8220;<em>Mettersi insieme \u00e8 un inizio, rimanere insieme \u00e8 un progresso,\u00a0<\/em><em style=\"letter-spacing: 0px;\">lavorare insieme \u00e8 un successo<\/em><span style=\"letter-spacing: 0px;\">&#8220;.\u00a0\u00a0<\/span><span style=\"letter-spacing: 0px;\">Se pensiamo quindi ch<\/span><a style=\"letter-spacing: 0px;\" href=\"https:\/\/www.museofratellicozzi.com\/news\/fdo-creativi-contagio\/\">e <span style=\"text-decoration-line: underline;\">l&#8217;ultima tappa del 2019 di FDO \u00e8 stata ospitata dal Museo Fratelli Cozzi<\/span><\/a><span style=\"letter-spacing: 0px;\"> e cos\u00ec anche la prima del 2020, possiamo di certo considerare questa sinergia un successo.\u00a0<\/span><\/p>\r\n<p class=\"\"><i style=\"letter-spacing: 0px;\">Tra i protagonisti della 14\u00b0 tappa di FDO, che si \u00e8 tenuta al Museo lo scorso 18 febbraio, alcuni graditi ritorni e alcune entusiasmanti novit\u00e0:\u00a0\u00a0<\/i><\/p>\r\n<p class=\"\"><i><strong>Angelica Donati<\/strong>\u00a0<\/i><i style=\"letter-spacing: 0px;\">con il suo intervento &#8220;<\/i><i style=\"letter-spacing: 0px;\">Proptech e trasformazione digitale nel mercato immobiliare&#8221;<\/i><i style=\"letter-spacing: 0px;\">(CEO Donati Immobiliare Group, Vice Presidente Nazionale e Coord. Internazionalizzazione ANCE Giovani)<\/i><\/p>\r\n<p class=\"\"><strong style=\"letter-spacing: 0px;\">Gerardo Forliano<\/strong><span style=\"letter-spacing: 0px;\"> (Growth Hacker &amp; Startup Mentor) che ha presentato il libro\u00a0<\/span><i>\u201cGrowth Hacking \u2013 Strategie e strumenti per far crescere startup e PMI\u201d.<\/i><\/p>\r\n<p class=\"\"><i>Graditissimo ritorno quello di\u00a0<strong> Marzio Gussago\u00a0<\/strong><\/i><span style=\"letter-spacing: 0px;\">(Sales Director, Pictet Asset Management)<\/span><i style=\"letter-spacing: 0px;\">, che ha traghettato gli ospiti in un viaggio nel tempo: &#8220;<\/i><em>Da Leonardo ai giorni nostri, uno sguardo al futuro del genere umano&#8221;<\/em><i style=\"letter-spacing: 0px;\">.<\/i><\/p>\r\n<i>Le conclusioni della serata sono state affidate a <strong>Riccardo Bovetti<\/strong> (Partner EY)\u00a0 anche lui ormai di casa al Museo, mentre\u00a0<\/i><i><strong>GianMaria Paganini<\/strong> (CEO, the ZEN agency) ed\u00a0<strong>Egidio Alagia<\/strong>, hanno\u00a0accolto gli ospiti e condotto la serata.<\/i>\r\n\r\n[\/et_pb_text][\/et_pb_column][\/et_pb_row][et_pb_row admin_label=&#8221;Row&#8221; custom_width_percent=&#8221;80&#8243; custom_padding=&#8221;50px|||&#8221; custom_padding_tablet=&#8221;17px|||&#8221; column_padding_mobile=&#8221;on&#8221; parallax_method_1=&#8221;off&#8221; parallax_method_2=&#8221;off&#8221; disabled_on=&#8221;off||&#8221; custom_padding_last_edited=&#8221;on|tablet&#8221;][et_pb_column type=&#8221;1_2&#8243;][et_pb_image admin_label=&#8221;Immagine&#8221; src=&#8221;https:\/\/www.museofratellicozzi.com\/news\/wp-content\/uploads\/2020\/02\/Bianco-Scarpe-Moda-Instagram-Post.jpg&#8221; animation=&#8221;fade_in&#8221; sticky=&#8221;on&#8221;]\r\n[\/et_pb_image][\/et_pb_column][et_pb_column type=&#8221;1_2&#8243;][et_pb_image admin_label=&#8221;Immagine&#8221; src=&#8221;https:\/\/www.museofratellicozzi.com\/news\/wp-content\/uploads\/2020\/02\/Bianco-Scarpe-Moda-Instagram-Post-1.jpg&#8221; animation=&#8221;fade_in&#8221; sticky=&#8221;on&#8221;]\r\n[\/et_pb_image][\/et_pb_column][\/et_pb_row][et_pb_row admin_label=&#8221;row&#8221; custom_padding=&#8221;0px||18px|&#8221; column_padding_mobile=&#8221;on&#8221; parallax_method_1=&#8221;off&#8221; parallax_method_2=&#8221;off&#8221;][et_pb_column type=&#8221;1_3&#8243;][\/et_pb_column][et_pb_column type=&#8221;2_3&#8243;][et_pb_text admin_label=&#8221;Blocco testo 2&#8243; max_width=&#8221;620px&#8221; header_font_size=&#8221;30&#8243; header_letter_spacing=&#8221;0&#8243; header_line_height=&#8221;1&#8243; text_font=&#8221;PT Sans||||&#8221; text_font_size=&#8221;20&#8243; text_font_size_last_edited=&#8221;on|tablet&#8221; text_text_color=&#8221;#363636&#8243; text_letter_spacing=&#8221;0&#8243; text_line_height=&#8221;1.5&#8243; custom_margin=&#8221;30px||0px|&#8221;]\r\n\r\nNovit\u00e0 2020, la possibilit\u00e0 di incontrarsi e gustare l&#8217;aperitivo curato da<strong> Davide<\/strong> e lo staff del <strong>&#8220;<a href=\"https:\/\/www.tripadvisor.it\/ShowUserReviews-g670658-d3860280-r122819248-Ristorante_Il_Maragasc-Legnano_Province_of_Milan_Lombardy.html\">Maragasc<\/a>&#8220;.<\/strong> Dopo una giornata intensa di lavoro e prima di lasciarsi contaminare dalla &#8220;Disruptor mania&#8221;, un aperitivo stuzzicante e del tempo di qualit\u00e0 per relazionarsi \u00e8 davvero quello che ci vuole!\r\n<p class=\"\">E per rendere ancora tutto pi\u00f9 armonioso, non poteva mancare la musica delle <strong>Big Bubbles<\/strong>.<\/p>\r\n&nbsp;\r\n<p class=\"\"><em>&#8230; sfoglia a nostra gallery &#8230;<\/em><\/p>\r\n[\/et_pb_text][\/et_pb_column][\/et_pb_row][et_pb_row admin_label=&#8221;Row&#8221; custom_width_percent=&#8221;80&#8243; custom_padding=&#8221;50px|||&#8221; padding_mobile=&#8221;on&#8221; column_padding_mobile=&#8221;on&#8221; parallax_method_1=&#8221;off&#8221; disabled_on=&#8221;off|off|off&#8221;][et_pb_column type=&#8221;4_4&#8243;][et_pb_divider admin_label=&#8221;Linea citazione&#8221; color=&#8221;#aeaeac&#8221; show_divider=&#8221;on&#8221; divider_style=&#8221;solid&#8221; divider_position=&#8221;top&#8221; hide_on_mobile=&#8221;off&#8221;]\r\n[\/et_pb_divider][et_pb_gallery admin_label=&#8221;Galleria&#8221; gallery_ids=&#8221;9671,9672,9675,9676,9677,9678,9679,9680,9681,9682,9683,9684,9685,9686,9687,9689,9690,9691,9692,9693&#8243; fullwidth=&#8221;on&#8221; caption_letter_spacing_tablet=&#8221;0&#8243; caption_letter_spacing_phone=&#8221;0&#8243; caption_line_height_tablet=&#8221;18&#8243; caption_line_height_phone=&#8221;18&#8243; title_letter_spacing=&#8221;0&#8243; title_letter_spacing_tablet=&#8221;0&#8243; title_letter_spacing_phone=&#8221;0&#8243; title_line_height=&#8221;1&#8243; title_line_height_tablet=&#8221;1&#8243; title_line_height_phone=&#8221;1&#8243;]\r\n[\/et_pb_gallery][et_pb_divider admin_label=&#8221;Linea citazione&#8221; color=&#8221;#aeaeac&#8221; show_divider=&#8221;on&#8221; divider_style=&#8221;solid&#8221; divider_position=&#8221;top&#8221; hide_on_mobile=&#8221;off&#8221;]\r\n[\/et_pb_divider][\/et_pb_column][\/et_pb_row][et_pb_row admin_label=&#8221;row&#8221; custom_padding=&#8221;17px|||&#8221; padding_mobile=&#8221;on&#8221; column_padding_mobile=&#8221;on&#8221; parallax_method_1=&#8221;off&#8221; parallax_method_2=&#8221;off&#8221;][et_pb_column type=&#8221;1_3&#8243;][\/et_pb_column][et_pb_column type=&#8221;2_3&#8243;][et_pb_text admin_label=&#8221;Blocco testo 3&#8243; max_width=&#8221;620px&#8221; header_font_size=&#8221;30&#8243; header_letter_spacing=&#8221;0&#8243; header_line_height=&#8221;1&#8243; text_font=&#8221;PT Sans||||&#8221; text_font_size=&#8221;20&#8243; text_font_size_last_edited=&#8221;on|tablet&#8221; text_text_color=&#8221;#363636&#8243; text_letter_spacing=&#8221;0&#8243; text_line_height=&#8221;1.5&#8243; custom_margin=&#8221;30px||0px|&#8221;]\r\n<p class=\"\"><strong>(*) FDO:<\/strong><\/p>\r\n<p class=\"\">Siamo partiti con un noi perch\u00e9 tutte le grande storie partono al plurale, quindi abbiamo creato un team di giovani imprenditori e manager che hanno deciso di dedicare parte del proprio tempo libero per provare a fare qualcosa di diverso.<\/p>\r\n<p class=\"\">Non si studia l\u2019innovazione o il cambiamento, ci si contamina con l\u2019innovazione ed il cambiamento. FDO sar\u00e0 un percorso, un racconto, sar\u00e0 storie da ascoltare e persone da conoscere, sar\u00e0 occasioni di crescita personale ed altre di opportunit\u00e0 di business. Abbiamo iniziato a Gallarate da VALORE BF, il 26 settembre, con un evento gi\u00e0 decisivo.<\/p>\r\n<p class=\"\">Da l\u00ec ci siamo spostati in Universit\u00e0 Cattolica a Milano, perch\u00e9 senza l\u2019appoggio di chi studia e di chi si prepara oggi al futuro non esiste prospettiva di cambiamento.<\/p>\r\n<p class=\"\">Il 7 novembre siamo stati da un altro partner, CEPAR Digital Agency, nella sua sede in TAG \u2013 Talent Garden Calabiana per intercettare chi ama lavorare con gli altri (o non pu\u00f2 ancora permettersi ne un ufficio tutto suo ne un garage da cui scalare il mondo).<\/p>\r\n<p class=\"\">E poi, e poi, e poi ancora studenti, con la seconda puntata in UniCatt e poi di corsa al Salone dello Studente a Roma, per poi approdare a Firenze.<\/p>\r\n<p class=\"\">Il contagio sta diventando incontrollabile.<\/p>\r\n[\/et_pb_text][\/et_pb_column][\/et_pb_row][\/et_pb_section]\n","protected":false},"excerpt":{"rendered":"<p>For Disruptor Only torna al Museo Fratelli Cozzi per la prima tappa 2020 con un format rinnovato per rendere ancora pi\u00f9 &#8220;contagiosa&#8221; la tua esperienza.\u00a0<\/p>\n","protected":false},"author":5,"featured_media":9914,"comment_status":"open","ping_status":"open","sticky":false,"template":"","format":"standard","meta":{"_et_pb_use_builder":"on","_et_pb_old_content":"","_et_gb_content_width":"","_jetpack_memberships_contains_paid_content":false,"footnotes":""},"categories":[153,805],"tags":[414,134,403,406],"class_list":["post-9624","post","type-post","status-publish","format-standard","has-post-thumbnail","hentry","category-amici-del-museo","category-succede-al-museo","tag-disruptor","tag-eventi","tag-fdo","tag-museo-fratelli-cozzi","et-has-post-format-content","et_post_format-et-post-format-standard"],"yoast_head":"<!-- This site is optimized with the Yoast SEO plugin v26.8 - https:\/\/yoast.com\/product\/yoast-seo-wordpress\/ -->\n<title>Eventi: Nuova tappa di #FDO<\/title>\n<meta name=\"description\" content=\"For Disruptor Only torna al Museo Fratelli Cozzi per la prima tappa 2020 con un format rinnovato. Non mancare!\" \/>\n<meta name=\"robots\" content=\"index, follow, max-snippet:-1, max-image-preview:large, max-video-preview:-1\" \/>\n<link rel=\"canonical\" href=\"https:\/\/www.museofratellicozzi.com\/news\/restare-insieme\/\" \/>\n<meta property=\"og:locale\" content=\"it_IT\" \/>\n<meta property=\"og:type\" content=\"article\" \/>\n<meta property=\"og:title\" content=\"Eventi: Nuova tappa di #FDO\" \/>\n<meta property=\"og:description\" content=\"For Disruptor Only torna al Museo Fratelli Cozzi per la prima tappa 2020 con un format rinnovato. Non mancare!\" \/>\n<meta property=\"og:url\" content=\"https:\/\/www.museofratellicozzi.com\/news\/restare-insieme\/\" \/>\n<meta property=\"og:site_name\" content=\"eNews Museo Fratelli Cozzi\" \/>\n<meta property=\"article:published_time\" content=\"2020-02-18T14:08:03+00:00\" \/>\n<meta property=\"article:modified_time\" content=\"2024-01-17T15:13:28+00:00\" \/>\n<meta property=\"og:image\" content=\"https:\/\/www.museofratellicozzi.com\/news\/wp-content\/uploads\/2020\/02\/Immagine-in-evidenza-Museo-5.jpg\" \/>\n\t<meta property=\"og:image:width\" content=\"1280\" \/>\n\t<meta property=\"og:image:height\" content=\"720\" \/>\n\t<meta property=\"og:image:type\" content=\"image\/jpeg\" \/>\n<meta name=\"author\" content=\"Laura Defendi\" \/>\n<meta name=\"twitter:card\" content=\"summary_large_image\" \/>\n<meta name=\"twitter:label1\" content=\"Scritto da\" \/>\n\t<meta name=\"twitter:data1\" content=\"Laura Defendi\" \/>\n\t<meta name=\"twitter:label2\" content=\"Tempo di lettura stimato\" \/>\n\t<meta name=\"twitter:data2\" content=\"4 minuti\" \/>\n<script type=\"application\/ld+json\" class=\"yoast-schema-graph\">{\"@context\":\"https:\/\/schema.org\",\"@graph\":[{\"@type\":\"Article\",\"@id\":\"https:\/\/www.museofratellicozzi.com\/news\/restare-insieme\/#article\",\"isPartOf\":{\"@id\":\"https:\/\/www.museofratellicozzi.com\/news\/restare-insieme\/\"},\"author\":{\"name\":\"Laura Defendi\",\"@id\":\"https:\/\/www.museofratellicozzi.com\/news\/#\/schema\/person\/9c1de5abfab71104e0bfe41cca1b7072\"},\"headline\":\"Restare insieme\",\"datePublished\":\"2020-02-18T14:08:03+00:00\",\"dateModified\":\"2024-01-17T15:13:28+00:00\",\"mainEntityOfPage\":{\"@id\":\"https:\/\/www.museofratellicozzi.com\/news\/restare-insieme\/\"},\"wordCount\":1343,\"commentCount\":0,\"publisher\":{\"@id\":\"https:\/\/www.museofratellicozzi.com\/news\/#organization\"},\"image\":{\"@id\":\"https:\/\/www.museofratellicozzi.com\/news\/restare-insieme\/#primaryimage\"},\"thumbnailUrl\":\"https:\/\/www.museofratellicozzi.com\/news\/wp-content\/uploads\/2020\/02\/Immagine-in-evidenza-Museo-5.jpg\",\"keywords\":[\"disruptor\",\"eventi\",\"fdo\",\"Museo Fratelli Cozzi\"],\"articleSection\":[\"Amici del Museo\",\"Succede al museo\"],\"inLanguage\":\"it-IT\",\"potentialAction\":[{\"@type\":\"CommentAction\",\"name\":\"Comment\",\"target\":[\"https:\/\/www.museofratellicozzi.com\/news\/restare-insieme\/#respond\"]}]},{\"@type\":\"WebPage\",\"@id\":\"https:\/\/www.museofratellicozzi.com\/news\/restare-insieme\/\",\"url\":\"https:\/\/www.museofratellicozzi.com\/news\/restare-insieme\/\",\"name\":\"Eventi: Nuova tappa di #FDO\",\"isPartOf\":{\"@id\":\"https:\/\/www.museofratellicozzi.com\/news\/#website\"},\"primaryImageOfPage\":{\"@id\":\"https:\/\/www.museofratellicozzi.com\/news\/restare-insieme\/#primaryimage\"},\"image\":{\"@id\":\"https:\/\/www.museofratellicozzi.com\/news\/restare-insieme\/#primaryimage\"},\"thumbnailUrl\":\"https:\/\/www.museofratellicozzi.com\/news\/wp-content\/uploads\/2020\/02\/Immagine-in-evidenza-Museo-5.jpg\",\"datePublished\":\"2020-02-18T14:08:03+00:00\",\"dateModified\":\"2024-01-17T15:13:28+00:00\",\"description\":\"For Disruptor Only torna al Museo Fratelli Cozzi per la prima tappa 2020 con un format rinnovato. Non mancare!\",\"breadcrumb\":{\"@id\":\"https:\/\/www.museofratellicozzi.com\/news\/restare-insieme\/#breadcrumb\"},\"inLanguage\":\"it-IT\",\"potentialAction\":[{\"@type\":\"ReadAction\",\"target\":[\"https:\/\/www.museofratellicozzi.com\/news\/restare-insieme\/\"]}]},{\"@type\":\"ImageObject\",\"inLanguage\":\"it-IT\",\"@id\":\"https:\/\/www.museofratellicozzi.com\/news\/restare-insieme\/#primaryimage\",\"url\":\"https:\/\/www.museofratellicozzi.com\/news\/wp-content\/uploads\/2020\/02\/Immagine-in-evidenza-Museo-5.jpg\",\"contentUrl\":\"https:\/\/www.museofratellicozzi.com\/news\/wp-content\/uploads\/2020\/02\/Immagine-in-evidenza-Museo-5.jpg\",\"width\":1280,\"height\":720},{\"@type\":\"BreadcrumbList\",\"@id\":\"https:\/\/www.museofratellicozzi.com\/news\/restare-insieme\/#breadcrumb\",\"itemListElement\":[{\"@type\":\"ListItem\",\"position\":1,\"name\":\"Home\",\"item\":\"https:\/\/www.museofratellicozzi.com\/news\/\"},{\"@type\":\"ListItem\",\"position\":2,\"name\":\"Restare insieme\"}]},{\"@type\":\"WebSite\",\"@id\":\"https:\/\/www.museofratellicozzi.com\/news\/#website\",\"url\":\"https:\/\/www.museofratellicozzi.com\/news\/\",\"name\":\"eNews Museo Fratelli Cozzi\",\"description\":\"Alfa Romeo: un mito che resiste al tempo\",\"publisher\":{\"@id\":\"https:\/\/www.museofratellicozzi.com\/news\/#organization\"},\"potentialAction\":[{\"@type\":\"SearchAction\",\"target\":{\"@type\":\"EntryPoint\",\"urlTemplate\":\"https:\/\/www.museofratellicozzi.com\/news\/?s={search_term_string}\"},\"query-input\":{\"@type\":\"PropertyValueSpecification\",\"valueRequired\":true,\"valueName\":\"search_term_string\"}}],\"inLanguage\":\"it-IT\"},{\"@type\":\"Organization\",\"@id\":\"https:\/\/www.museofratellicozzi.com\/news\/#organization\",\"name\":\"Museo Fratelli Cozzi\",\"url\":\"https:\/\/www.museofratellicozzi.com\/news\/\",\"logo\":{\"@type\":\"ImageObject\",\"inLanguage\":\"it-IT\",\"@id\":\"https:\/\/www.museofratellicozzi.com\/news\/#\/schema\/logo\/image\/\",\"url\":\"https:\/\/www.museofratellicozzi.com\/news\/wp-content\/uploads\/2017\/04\/home.png\",\"contentUrl\":\"https:\/\/www.museofratellicozzi.com\/news\/wp-content\/uploads\/2017\/04\/home.png\",\"width\":497,\"height\":512,\"caption\":\"Museo Fratelli Cozzi\"},\"image\":{\"@id\":\"https:\/\/www.museofratellicozzi.com\/news\/#\/schema\/logo\/image\/\"}},{\"@type\":\"Person\",\"@id\":\"https:\/\/www.museofratellicozzi.com\/news\/#\/schema\/person\/9c1de5abfab71104e0bfe41cca1b7072\",\"name\":\"Laura Defendi\",\"image\":{\"@type\":\"ImageObject\",\"inLanguage\":\"it-IT\",\"@id\":\"https:\/\/www.museofratellicozzi.com\/news\/#\/schema\/person\/image\/\",\"url\":\"https:\/\/secure.gravatar.com\/avatar\/fa196a116a28416a994aad4b629b4ae8?s=96&d=mm&r=g\",\"contentUrl\":\"https:\/\/secure.gravatar.com\/avatar\/fa196a116a28416a994aad4b629b4ae8?s=96&d=mm&r=g\",\"caption\":\"Laura Defendi\"}}]}<\/script>\n<!-- \/ Yoast SEO plugin. -->","yoast_head_json":{"title":"Eventi: Nuova tappa di #FDO","description":"For Disruptor Only torna al Museo Fratelli Cozzi per la prima tappa 2020 con un format rinnovato. Non mancare!","robots":{"index":"index","follow":"follow","max-snippet":"max-snippet:-1","max-image-preview":"max-image-preview:large","max-video-preview":"max-video-preview:-1"},"canonical":"https:\/\/www.museofratellicozzi.com\/news\/restare-insieme\/","og_locale":"it_IT","og_type":"article","og_title":"Eventi: Nuova tappa di #FDO","og_description":"For Disruptor Only torna al Museo Fratelli Cozzi per la prima tappa 2020 con un format rinnovato. Non mancare!","og_url":"https:\/\/www.museofratellicozzi.com\/news\/restare-insieme\/","og_site_name":"eNews Museo Fratelli Cozzi","article_published_time":"2020-02-18T14:08:03+00:00","article_modified_time":"2024-01-17T15:13:28+00:00","og_image":[{"width":1280,"height":720,"url":"https:\/\/www.museofratellicozzi.com\/news\/wp-content\/uploads\/2020\/02\/Immagine-in-evidenza-Museo-5.jpg","type":"image\/jpeg"}],"author":"Laura Defendi","twitter_card":"summary_large_image","twitter_misc":{"Scritto da":"Laura Defendi","Tempo di lettura stimato":"4 minuti"},"schema":{"@context":"https:\/\/schema.org","@graph":[{"@type":"Article","@id":"https:\/\/www.museofratellicozzi.com\/news\/restare-insieme\/#article","isPartOf":{"@id":"https:\/\/www.museofratellicozzi.com\/news\/restare-insieme\/"},"author":{"name":"Laura Defendi","@id":"https:\/\/www.museofratellicozzi.com\/news\/#\/schema\/person\/9c1de5abfab71104e0bfe41cca1b7072"},"headline":"Restare insieme","datePublished":"2020-02-18T14:08:03+00:00","dateModified":"2024-01-17T15:13:28+00:00","mainEntityOfPage":{"@id":"https:\/\/www.museofratellicozzi.com\/news\/restare-insieme\/"},"wordCount":1343,"commentCount":0,"publisher":{"@id":"https:\/\/www.museofratellicozzi.com\/news\/#organization"},"image":{"@id":"https:\/\/www.museofratellicozzi.com\/news\/restare-insieme\/#primaryimage"},"thumbnailUrl":"https:\/\/www.museofratellicozzi.com\/news\/wp-content\/uploads\/2020\/02\/Immagine-in-evidenza-Museo-5.jpg","keywords":["disruptor","eventi","fdo","Museo Fratelli Cozzi"],"articleSection":["Amici del Museo","Succede al museo"],"inLanguage":"it-IT","potentialAction":[{"@type":"CommentAction","name":"Comment","target":["https:\/\/www.museofratellicozzi.com\/news\/restare-insieme\/#respond"]}]},{"@type":"WebPage","@id":"https:\/\/www.museofratellicozzi.com\/news\/restare-insieme\/","url":"https:\/\/www.museofratellicozzi.com\/news\/restare-insieme\/","name":"Eventi: Nuova tappa di #FDO","isPartOf":{"@id":"https:\/\/www.museofratellicozzi.com\/news\/#website"},"primaryImageOfPage":{"@id":"https:\/\/www.museofratellicozzi.com\/news\/restare-insieme\/#primaryimage"},"image":{"@id":"https:\/\/www.museofratellicozzi.com\/news\/restare-insieme\/#primaryimage"},"thumbnailUrl":"https:\/\/www.museofratellicozzi.com\/news\/wp-content\/uploads\/2020\/02\/Immagine-in-evidenza-Museo-5.jpg","datePublished":"2020-02-18T14:08:03+00:00","dateModified":"2024-01-17T15:13:28+00:00","description":"For Disruptor Only torna al Museo Fratelli Cozzi per la prima tappa 2020 con un format rinnovato. Non mancare!","breadcrumb":{"@id":"https:\/\/www.museofratellicozzi.com\/news\/restare-insieme\/#breadcrumb"},"inLanguage":"it-IT","potentialAction":[{"@type":"ReadAction","target":["https:\/\/www.museofratellicozzi.com\/news\/restare-insieme\/"]}]},{"@type":"ImageObject","inLanguage":"it-IT","@id":"https:\/\/www.museofratellicozzi.com\/news\/restare-insieme\/#primaryimage","url":"https:\/\/www.museofratellicozzi.com\/news\/wp-content\/uploads\/2020\/02\/Immagine-in-evidenza-Museo-5.jpg","contentUrl":"https:\/\/www.museofratellicozzi.com\/news\/wp-content\/uploads\/2020\/02\/Immagine-in-evidenza-Museo-5.jpg","width":1280,"height":720},{"@type":"BreadcrumbList","@id":"https:\/\/www.museofratellicozzi.com\/news\/restare-insieme\/#breadcrumb","itemListElement":[{"@type":"ListItem","position":1,"name":"Home","item":"https:\/\/www.museofratellicozzi.com\/news\/"},{"@type":"ListItem","position":2,"name":"Restare insieme"}]},{"@type":"WebSite","@id":"https:\/\/www.museofratellicozzi.com\/news\/#website","url":"https:\/\/www.museofratellicozzi.com\/news\/","name":"eNews Museo Fratelli Cozzi","description":"Alfa Romeo: un mito che resiste al tempo","publisher":{"@id":"https:\/\/www.museofratellicozzi.com\/news\/#organization"},"potentialAction":[{"@type":"SearchAction","target":{"@type":"EntryPoint","urlTemplate":"https:\/\/www.museofratellicozzi.com\/news\/?s={search_term_string}"},"query-input":{"@type":"PropertyValueSpecification","valueRequired":true,"valueName":"search_term_string"}}],"inLanguage":"it-IT"},{"@type":"Organization","@id":"https:\/\/www.museofratellicozzi.com\/news\/#organization","name":"Museo Fratelli Cozzi","url":"https:\/\/www.museofratellicozzi.com\/news\/","logo":{"@type":"ImageObject","inLanguage":"it-IT","@id":"https:\/\/www.museofratellicozzi.com\/news\/#\/schema\/logo\/image\/","url":"https:\/\/www.museofratellicozzi.com\/news\/wp-content\/uploads\/2017\/04\/home.png","contentUrl":"https:\/\/www.museofratellicozzi.com\/news\/wp-content\/uploads\/2017\/04\/home.png","width":497,"height":512,"caption":"Museo Fratelli Cozzi"},"image":{"@id":"https:\/\/www.museofratellicozzi.com\/news\/#\/schema\/logo\/image\/"}},{"@type":"Person","@id":"https:\/\/www.museofratellicozzi.com\/news\/#\/schema\/person\/9c1de5abfab71104e0bfe41cca1b7072","name":"Laura Defendi","image":{"@type":"ImageObject","inLanguage":"it-IT","@id":"https:\/\/www.museofratellicozzi.com\/news\/#\/schema\/person\/image\/","url":"https:\/\/secure.gravatar.com\/avatar\/fa196a116a28416a994aad4b629b4ae8?s=96&d=mm&r=g","contentUrl":"https:\/\/secure.gravatar.com\/avatar\/fa196a116a28416a994aad4b629b4ae8?s=96&d=mm&r=g","caption":"Laura Defendi"}}]}},"jetpack_featured_media_url":"https:\/\/www.museofratellicozzi.com\/news\/wp-content\/uploads\/2020\/02\/Immagine-in-evidenza-Museo-5.jpg","jetpack_shortlink":"https:\/\/wp.me\/p90Eth-2ve","jetpack_sharing_enabled":true,"post_mailing_queue_ids":[],"_links":{"self":[{"href":"https:\/\/www.museofratellicozzi.com\/news\/wp-json\/wp\/v2\/posts\/9624","targetHints":{"allow":["GET"]}}],"collection":[{"href":"https:\/\/www.museofratellicozzi.com\/news\/wp-json\/wp\/v2\/posts"}],"about":[{"href":"https:\/\/www.museofratellicozzi.com\/news\/wp-json\/wp\/v2\/types\/post"}],"author":[{"embeddable":true,"href":"https:\/\/www.museofratellicozzi.com\/news\/wp-json\/wp\/v2\/users\/5"}],"replies":[{"embeddable":true,"href":"https:\/\/www.museofratellicozzi.com\/news\/wp-json\/wp\/v2\/comments?post=9624"}],"version-history":[{"count":9,"href":"https:\/\/www.museofratellicozzi.com\/news\/wp-json\/wp\/v2\/posts\/9624\/revisions"}],"predecessor-version":[{"id":13871,"href":"https:\/\/www.museofratellicozzi.com\/news\/wp-json\/wp\/v2\/posts\/9624\/revisions\/13871"}],"wp:featuredmedia":[{"embeddable":true,"href":"https:\/\/www.museofratellicozzi.com\/news\/wp-json\/wp\/v2\/media\/9914"}],"wp:attachment":[{"href":"https:\/\/www.museofratellicozzi.com\/news\/wp-json\/wp\/v2\/media?parent=9624"}],"wp:term":[{"taxonomy":"category","embeddable":true,"href":"https:\/\/www.museofratellicozzi.com\/news\/wp-json\/wp\/v2\/categories?post=9624"},{"taxonomy":"post_tag","embeddable":true,"href":"https:\/\/www.museofratellicozzi.com\/news\/wp-json\/wp\/v2\/tags?post=9624"}],"curies":[{"name":"wp","href":"https:\/\/api.w.org\/{rel}","templated":true}]}}