{"id":9741,"date":"2020-03-19T21:29:48","date_gmt":"2020-03-19T20:29:48","guid":{"rendered":"https:\/\/news.museofratellicozzi.com\/?p=9741"},"modified":"2024-01-17T16:34:47","modified_gmt":"2024-01-17T15:34:47","slug":"le-storie-pietro-web","status":"publish","type":"post","link":"https:\/\/www.museofratellicozzi.com\/news\/le-storie-pietro-web\/","title":{"rendered":"Le storie di Pietro Web"},"content":{"rendered":"<p>[et_pb_section bb_built=&#8221;1&#8243; admin_label=&#8221;Sezione&#8221; custom_padding=&#8221;0px|||&#8221; custom_width_percent=&#8221;80&#8243;][et_pb_row admin_label=&#8221;Riga&#8221; make_fullwidth=&#8221;on&#8221; custom_width_percent=&#8221;80&#8243; use_custom_gutter=&#8221;on&#8221; gutter_width=&#8221;1&#8243; custom_padding=&#8221;0px|||&#8221; parallax_method_1=&#8221;off&#8221; disabled_on=&#8221;off|off|off&#8221;][et_pb_column type=&#8221;4_4&#8243;][et_pb_image admin_label=&#8221;Immagine principale&#8221; src=&#8221;https:\/\/www.museofratellicozzi.com\/news\/wp-content\/uploads\/2020\/03\/1.png&#8221; animation=&#8221;off&#8221; force_fullwidth=&#8221;on&#8221;]<br \/>\n[\/et_pb_image][\/et_pb_column][\/et_pb_row][et_pb_row admin_label=&#8221;Riga&#8221; custom_width_percent=&#8221;80&#8243; custom_padding=&#8221;20px||0px|&#8221; parallax_method_1=&#8221;off&#8221;][et_pb_column type=&#8221;4_4&#8243;][et_pb_text admin_label=&#8221;Categoria&#8221; header_font_size=&#8221;30&#8243; header_letter_spacing=&#8221;0&#8243; header_line_height=&#8221;1&#8243; text_text_color=&#8221;#bcbcbc&#8221; text_letter_spacing=&#8221;2&#8243; text_line_height=&#8221;1.7&#8243; custom_margin=&#8221;||10px|&#8221; custom_margin_last_edited=&#8221;on|tablet&#8221;]<\/p>\n<p><strong>CULTURA e PASSIONE<\/strong><\/p>\n<p>[\/et_pb_text][et_pb_text admin_label=&#8221;Titolo&#8221; header_font=&#8221;PT Sans||||&#8221; header_font_size=&#8221;48&#8243; header_font_size_tablet=&#8221;46&#8243; header_font_size_last_edited=&#8221;on|desktop&#8221; header_text_color=&#8221;#000000&#8243; header_letter_spacing=&#8221;0&#8243; header_line_height=&#8221;1.2&#8243; text_font=&#8221;PT Sans||||&#8221; text_font_size=&#8221;72&#8243; text_font_size_tablet=&#8221;60&#8243; text_font_size_last_edited=&#8221;on|desktop&#8221; text_text_color=&#8221;#000000&#8243; text_letter_spacing=&#8221;0&#8243; text_letter_spacing_last_edited=&#8221;on|desktop&#8221; text_line_height=&#8221;1.1&#8243; text_line_height_last_edited=&#8221;on|&#8221; custom_margin=&#8221;0px||0px|&#8221;]<\/p>\n<p>Le storie di Pietro Web<\/p>\n<p>[\/et_pb_text][et_pb_text admin_label=&#8221;Data&#8221; header_font_size=&#8221;30&#8243; header_letter_spacing=&#8221;0&#8243; header_line_height=&#8221;1&#8243; text_font=&#8221;PT Sans|on|||&#8221; text_font_size=&#8221;18&#8243; text_text_color=&#8221;#363636&#8243; text_letter_spacing=&#8221;0&#8243; text_line_height=&#8221;1.7&#8243; custom_margin=&#8221;10px||0px|&#8221;]<\/p>\n<p>25 marzo, 2020<\/p>\n<p>[\/et_pb_text][\/et_pb_column][\/et_pb_row][\/et_pb_section][et_pb_section bb_built=&#8221;1&#8243; admin_label=&#8221;Section&#8221; background_color=&#8221;#f7f7f4&#8243; custom_width_percent=&#8221;80&#8243;][et_pb_row admin_label=&#8221;row&#8221; custom_width_percent=&#8221;80&#8243; custom_padding=&#8221;0px|||&#8221; padding_mobile=&#8221;on&#8221; column_padding_mobile=&#8221;on&#8221; parallax_method_1=&#8221;off&#8221; parallax_method_2=&#8221;off&#8221;][et_pb_column type=&#8221;1_3&#8243;][\/et_pb_column][et_pb_column type=&#8221;2_3&#8243;][et_pb_text admin_label=&#8221;Occhiello&#8221; max_width=&#8221;620px&#8221; header_font_size=&#8221;30&#8243; header_letter_spacing=&#8221;0&#8243; header_line_height=&#8221;1&#8243; text_font=&#8221;PT Sans|on|||&#8221; text_font_size=&#8221;24&#8243; text_font_size_last_edited=&#8221;on|desktop&#8221; text_text_color=&#8221;#363636&#8243; text_letter_spacing=&#8221;0&#8243; text_line_height=&#8221;1.4&#8243; custom_margin=&#8221;10px||0px|&#8221; background_layout=&#8221;light&#8221; text_orientation=&#8221;left&#8221; use_border_color=&#8221;off&#8221; border_color=&#8221;#ffffff&#8221; border_width=&#8221;1&#8243; border_style=&#8221;solid&#8221;]<\/p>\n<p>Pi\u00f9 di 5000 persone hanno seguito le \u201cStorie di Pietro\u201d web edition, un gesto importante per dire tutti insieme che #LaCulturaNonSiFerma<\/p>\n<p>[\/et_pb_text][et_pb_text admin_label=&#8221;Blocco testo 1&#8243; max_width=&#8221;620px&#8221; header_font_size=&#8221;30&#8243; header_letter_spacing=&#8221;0&#8243; header_line_height=&#8221;1&#8243; text_font=&#8221;PT Sans||||&#8221; text_font_size=&#8221;20&#8243; text_font_size_last_edited=&#8221;on|tablet&#8221; text_text_color=&#8221;#363636&#8243; text_letter_spacing=&#8221;0&#8243; text_line_height=&#8221;1.5&#8243; custom_margin=&#8221;30px||0px|&#8221;]<\/p>\n<p>Anche noi, come tutti, siamo rimasti travolti da quanto sta accadendo nel nostro Paese e, ormai, nel mondo. La pandemia \u00e8 una tragedia per moltissimi e, credeteci, ci siamo interrogati molto su cosa fare e se farlo, poi abbiamo scelto. Abbiamo scelto di cercare di trasmettere quella forza e quella passione che contraddistinguono la storia del Museo. In oltre 60 anni di storia si sono avvicendate crisi, terrorismo, rinascite e ogni volta abbiamo tenuto duro e non vogliamo smettere di farlo ora. Per questo abbiamo pensato a un piccolo esperimento che, <strong>grazie alla vostra passione e al vostro carattere da veri alfisti,<\/strong> ha dato ottimi risultati.<\/p>\n<p>[\/et_pb_text][\/et_pb_column][\/et_pb_row][et_pb_row admin_label=&#8221;Row&#8221; custom_width_percent=&#8221;80&#8243; custom_padding=&#8221;50px|||&#8221; custom_padding_tablet=&#8221;17px|||&#8221; column_padding_mobile=&#8221;on&#8221; parallax_method_1=&#8221;off&#8221; parallax_method_2=&#8221;off&#8221; disabled_on=&#8221;off||&#8221; custom_padding_last_edited=&#8221;on|tablet&#8221;][et_pb_column type=&#8221;1_4&#8243;][\/et_pb_column][et_pb_column type=&#8221;3_4&#8243;][et_pb_video admin_label=&#8221;Video&#8221; src=&#8221;https:\/\/www.museofratellicozzi.com\/news\/wp-content\/uploads\/2020\/03\/trailer-action-corretto.mp4&#8243;]<br \/>\n[\/et_pb_video][\/et_pb_column][\/et_pb_row][et_pb_row admin_label=&#8221;row&#8221; custom_padding=&#8221;0px|||&#8221; padding_mobile=&#8221;on&#8221; column_padding_mobile=&#8221;on&#8221; parallax_method_1=&#8221;off&#8221; parallax_method_2=&#8221;off&#8221;][et_pb_column type=&#8221;1_3&#8243;][\/et_pb_column][et_pb_column type=&#8221;2_3&#8243;][et_pb_text admin_label=&#8221;Blocco testo 2&#8243; max_width=&#8221;620px&#8221; header_font_size=&#8221;30&#8243; header_letter_spacing=&#8221;0&#8243; header_line_height=&#8221;1&#8243; text_font=&#8221;PT Sans||||&#8221; text_font_size=&#8221;20&#8243; text_font_size_last_edited=&#8221;on|tablet&#8221; text_text_color=&#8221;#363636&#8243; text_letter_spacing=&#8221;0&#8243; text_line_height=&#8221;1.5&#8243; custom_margin=&#8221;30px||0px|&#8221;]<\/p>\n<p>Abbiamo creato\u00a0 un evento WEB, che potesse trasmettere un senso di <strong>condivisione<\/strong> e<strong> vicinanza<\/strong>, chiamando all&#8217;appello la nostra &#8220;star&#8221; Pietro Cozzi e tutta la community che segue il nostro profilo Facebook. 3 video con le &#8220;Storie di Pietro&#8221;\u00a0pubblicati\u00a0in 30 minuti, mezz&#8217;ora di tempo per sostenere due messaggi importanti:<\/p>\n<p class=\"\" style=\"text-align: center;\"><span style=\"color: #e02b20;\">#LaCulturaNonSiFerma e #DivisiMaUniti #LaCulturaCura<\/span><\/p>\n<p>Il risultato \u00e8 stato sorprendente! Quasi 5000 le visualizzazioni in soli 30 minuti (oggi ampiamente superate) con pi\u00f9 di 1000 interazioni. Grazie di cuore per aver\u00a0 fatto sentire cos\u00ec forte il vostro affetto.\u00a0Vogliamo contraccambiare continuando a starvi vicini insieme ai nostri Partner. Nei loro siti troverete tantissime attivit\u00e0 da svolgere da casa, alcune dedicate anche agli alfisti pi\u00f9 piccoli. Ne abbiamo selezionate alcune che trovate qui di seguito.<\/p>\n<p>[\/et_pb_text][\/et_pb_column][\/et_pb_row][et_pb_row admin_label=&#8221;Row&#8221; custom_width_percent=&#8221;80&#8243; custom_padding=&#8221;50px|||&#8221; padding_mobile=&#8221;on&#8221; column_padding_mobile=&#8221;on&#8221; parallax_method_1=&#8221;off&#8221; disabled_on=&#8221;off|off|off&#8221;][et_pb_column type=&#8221;4_4&#8243;][et_pb_divider admin_label=&#8221;Linea citazione&#8221; color=&#8221;#aeaeac&#8221; show_divider=&#8221;on&#8221; divider_style=&#8221;solid&#8221; divider_position=&#8221;top&#8221; hide_on_mobile=&#8221;off&#8221;]<br \/>\n[\/et_pb_divider][et_pb_image admin_label=&#8221;Immagine&#8221; src=&#8221;https:\/\/www.museofratellicozzi.com\/news\/wp-content\/uploads\/2020\/03\/89293770_2126830884130353_1368831958708125696_o.jpg&#8221;]<br \/>\n[\/et_pb_image][et_pb_divider admin_label=&#8221;Linea citazione&#8221; color=&#8221;#aeaeac&#8221; show_divider=&#8221;on&#8221; divider_style=&#8221;solid&#8221; divider_position=&#8221;top&#8221; hide_on_mobile=&#8221;off&#8221;]<br \/>\n[\/et_pb_divider][\/et_pb_column][\/et_pb_row][et_pb_row admin_label=&#8221;row&#8221; custom_padding=&#8221;17px|||&#8221; padding_mobile=&#8221;on&#8221; column_padding_mobile=&#8221;on&#8221; parallax_method_1=&#8221;off&#8221; parallax_method_2=&#8221;off&#8221;][et_pb_column type=&#8221;1_3&#8243;][\/et_pb_column][et_pb_column type=&#8221;2_3&#8243;][et_pb_text admin_label=&#8221;Blocco testo 3&#8243; max_width=&#8221;620px&#8221; header_font_size=&#8221;30&#8243; header_letter_spacing=&#8221;0&#8243; header_line_height=&#8221;1&#8243; text_font=&#8221;PT Sans||||&#8221; text_font_size=&#8221;20&#8243; text_font_size_last_edited=&#8221;on|tablet&#8221; text_text_color=&#8221;#363636&#8243; text_letter_spacing=&#8221;0&#8243; text_line_height=&#8221;1.5&#8243; custom_margin=&#8221;30px||0px|&#8221;]<\/p>\n<p class=\"\"><strong>LA PROPOSTA DI MUSEOCITY consiglia&#8230;<\/strong><\/p>\n<p><strong>Pinacoteca di Brera:\u00a0<\/strong>Appunti per una #ResistenzaCulturale Brera non \u00e8 solo un bel palazzo nel centro di Milano, una sequenza di sale, una &#8211; seppur meravigliosa &#8211; raccolta di capolavori. Brera \u00e8 una visione e un\u2019anima nel cuore della sua citt\u00e0: le porte chiudono, ma il cuore deve continuare a battere. Come raggiungere lo scopo principale, il servizio al pubblico, in un simile contesto? Come affiancare Milano e i suoi cittadini in questo momento buio? Rendendo la cultura &#8220;agile&#8221;: attraverso le iniziative social la Pinacoteca sta garantendo l&#8217;accesso al museo e alla biblioteca, in attesa che quest\u2019ombra passi.\u00a0<span style=\"text-decoration: underline;\"><a href=\"https:\/\/www.youtube.com\/channel\/UCMjoBnR_-4w7rkInxAbXh1g\">Scopri tutti gli approfondimenti sul canale YouTube della Pinacoteca<\/a>.<\/span><\/p>\n<p><strong style=\"font-style: normal; font-variant-ligatures: normal; font-variant-caps: normal; font-size: 20px; font-family: 'PT Sans', Helvetica, Arial, Lucida, sans-serif;\"><a href=\"https:\/\/iscrizioni.fondoambiente.it\/\">LA PROPOSTA DEL FAI #ItaliaMiManchi\u00a0<\/a><\/strong><\/p>\n<p>Alla Casa Noha, Lella Costa legge \u201c<a href=\"https:\/\/youtu.be\/UGwMNM5gFX0\">Cristo si \u00e8 fermato a Eboli<\/a>\u201d di Carlo Levi.\u00a0Dal cuore dei Sassi, direttamente dal Bene FAI in cui viene proiettato, un suggestivo estratto dal video immersivo \u201cViaggio straordinario nella storia di Matera\u201d.<\/p>\n<p class=\"\"><a href=\"https:\/\/www.museimpresa.com\/.\"><strong>LA PROPOSTA DI MUSEIMPRESA<\/strong><\/a><\/p>\n<p class=\"\">Museimpresa crede nell\u2019importanza di continuare a diffondere cultura, utilizzando al meglio i propri canali, adesso soprattutto quelli digitali, per arrivare a parlare ad un pubblico sempre maggiore e perch\u00e9 no, in queste giornate in cui la riflessione si fa pi\u00f9 attenta, pi\u00f9 aperto a conoscere nuovi temi, come quelli legati alla cultura d\u2019impresa, alla storia economica, alle esperienze che nel corso del tempo hanno costruito sintesi originali tra saperi umanistici e conoscenze scientifiche, memoria e innovazione.<\/p>\n<p>[\/et_pb_text][\/et_pb_column][\/et_pb_row][et_pb_row admin_label=&#8221;Row&#8221; use_custom_gutter=&#8221;on&#8221; gutter_width=&#8221;2&#8243; custom_padding=&#8221;50px|||&#8221; custom_padding_tablet=&#8221;30px|||&#8221; padding_mobile=&#8221;on&#8221; column_padding_mobile=&#8221;on&#8221; parallax_method_1=&#8221;off&#8221; parallax_method_2=&#8221;off&#8221; custom_padding_last_edited=&#8221;on|tablet&#8221;][et_pb_column type=&#8221;4_4&#8243;][et_pb_image admin_label=&#8221;immagine&#8221; src=&#8221;https:\/\/www.museofratellicozzi.com\/news\/wp-content\/uploads\/2020\/03\/Testo-in-Grassetto-Tramonto-in-Spiaggia-Post-di-Twitter.jpg&#8221; animation=&#8221;fade_in&#8221; force_fullwidth=&#8221;on&#8221; custom_margin=&#8221;34px|||&#8221;]<br \/>\n[\/et_pb_image][\/et_pb_column][\/et_pb_row][\/et_pb_section]<\/p>\n","protected":false},"excerpt":{"rendered":"<p>#LaCulturaNonSiFerma e il successo del nostro evento &#8220;Le Storie di Pietro WEB&#8221; lo ha dimostrato. Grazie per l&#8217;affetto che ci avete trasmesso<\/p>\n","protected":false},"author":5,"featured_media":9912,"comment_status":"open","ping_status":"open","sticky":false,"template":"","format":"standard","meta":{"_et_pb_use_builder":"on","_et_pb_old_content":"","_et_gb_content_width":"","_jetpack_memberships_contains_paid_content":false,"footnotes":""},"categories":[152,399],"tags":[564,561,21,563,562,38,102,25,406,553,560,558,584],"class_list":["post-9741","post","type-post","status-publish","format-standard","has-post-thumbnail","hentry","category-passione","category-vita-da-alfista","tag-distantimauniti","tag-laculturanonsiferma","tag-alfa-romeo","tag-coronavirus","tag-covid","tag-fai","tag-museimpresa","tag-museo","tag-museo-fratelli-cozzi","tag-museocity","tag-pietro","tag-storie","tag-storytelling-laculturacura","et-has-post-format-content","et_post_format-et-post-format-standard"],"yoast_head":"<!-- This site is optimized with the Yoast SEO plugin v26.8 - https:\/\/yoast.com\/product\/yoast-seo-wordpress\/ -->\n<title>Le storie di Pietro Web - eNews Museo Fratelli Cozzi<\/title>\n<meta name=\"description\" content=\"#LaCulturaNonSiFerma e il successo del nostro evento &quot;Le Storie di Pietro WEB&quot; lo ha dimostrato. Grazie per l&#039;affetto che ci avete trasmesso\" \/>\n<meta name=\"robots\" content=\"index, follow, max-snippet:-1, max-image-preview:large, max-video-preview:-1\" \/>\n<link rel=\"canonical\" href=\"https:\/\/www.museofratellicozzi.com\/news\/le-storie-pietro-web\/\" \/>\n<meta property=\"og:locale\" content=\"it_IT\" \/>\n<meta property=\"og:type\" content=\"article\" \/>\n<meta property=\"og:title\" content=\"Le storie di Pietro Web - eNews Museo Fratelli Cozzi\" \/>\n<meta property=\"og:description\" content=\"#LaCulturaNonSiFerma e il successo del nostro evento &quot;Le Storie di Pietro WEB&quot; lo ha dimostrato. Grazie per l&#039;affetto che ci avete trasmesso\" \/>\n<meta property=\"og:url\" content=\"https:\/\/www.museofratellicozzi.com\/news\/le-storie-pietro-web\/\" \/>\n<meta property=\"og:site_name\" content=\"eNews Museo Fratelli Cozzi\" \/>\n<meta property=\"article:published_time\" content=\"2020-03-19T20:29:48+00:00\" \/>\n<meta property=\"article:modified_time\" content=\"2024-01-17T15:34:47+00:00\" \/>\n<meta property=\"og:image\" content=\"https:\/\/www.museofratellicozzi.com\/news\/wp-content\/uploads\/2020\/03\/Immagine-in-evidenza-Museo.png\" \/>\n\t<meta property=\"og:image:width\" content=\"1280\" \/>\n\t<meta property=\"og:image:height\" content=\"720\" \/>\n\t<meta property=\"og:image:type\" content=\"image\/png\" \/>\n<meta name=\"author\" content=\"Laura Defendi\" \/>\n<meta name=\"twitter:card\" content=\"summary_large_image\" \/>\n<meta name=\"twitter:label1\" content=\"Scritto da\" \/>\n\t<meta name=\"twitter:data1\" content=\"Laura Defendi\" \/>\n\t<meta name=\"twitter:label2\" content=\"Tempo di lettura stimato\" \/>\n\t<meta name=\"twitter:data2\" content=\"7 minuti\" \/>\n<script type=\"application\/ld+json\" class=\"yoast-schema-graph\">{\"@context\":\"https:\/\/schema.org\",\"@graph\":[{\"@type\":\"Article\",\"@id\":\"https:\/\/www.museofratellicozzi.com\/news\/le-storie-pietro-web\/#article\",\"isPartOf\":{\"@id\":\"https:\/\/www.museofratellicozzi.com\/news\/le-storie-pietro-web\/\"},\"author\":{\"name\":\"Laura Defendi\",\"@id\":\"https:\/\/www.museofratellicozzi.com\/news\/#\/schema\/person\/9c1de5abfab71104e0bfe41cca1b7072\"},\"headline\":\"Le storie di Pietro Web\",\"datePublished\":\"2020-03-19T20:29:48+00:00\",\"dateModified\":\"2024-01-17T15:34:47+00:00\",\"mainEntityOfPage\":{\"@id\":\"https:\/\/www.museofratellicozzi.com\/news\/le-storie-pietro-web\/\"},\"wordCount\":1360,\"commentCount\":0,\"publisher\":{\"@id\":\"https:\/\/www.museofratellicozzi.com\/news\/#organization\"},\"image\":{\"@id\":\"https:\/\/www.museofratellicozzi.com\/news\/le-storie-pietro-web\/#primaryimage\"},\"thumbnailUrl\":\"https:\/\/www.museofratellicozzi.com\/news\/wp-content\/uploads\/2020\/03\/Immagine-in-evidenza-Museo.png\",\"keywords\":[\"#distantimauniti\",\"#LaCulturaNonSiFerma\",\"alfa romeo\",\"Coronavirus\",\"Covid\",\"FAI\",\"museimpresa\",\"museo\",\"Museo Fratelli Cozzi\",\"MuseoCity\",\"pietro\",\"Storie\",\"storytelling #Laculturacura\"],\"articleSection\":[\"Passione Alfa\",\"Vita da Alfista\"],\"inLanguage\":\"it-IT\",\"potentialAction\":[{\"@type\":\"CommentAction\",\"name\":\"Comment\",\"target\":[\"https:\/\/www.museofratellicozzi.com\/news\/le-storie-pietro-web\/#respond\"]}]},{\"@type\":\"WebPage\",\"@id\":\"https:\/\/www.museofratellicozzi.com\/news\/le-storie-pietro-web\/\",\"url\":\"https:\/\/www.museofratellicozzi.com\/news\/le-storie-pietro-web\/\",\"name\":\"Le storie di Pietro Web - eNews Museo Fratelli Cozzi\",\"isPartOf\":{\"@id\":\"https:\/\/www.museofratellicozzi.com\/news\/#website\"},\"primaryImageOfPage\":{\"@id\":\"https:\/\/www.museofratellicozzi.com\/news\/le-storie-pietro-web\/#primaryimage\"},\"image\":{\"@id\":\"https:\/\/www.museofratellicozzi.com\/news\/le-storie-pietro-web\/#primaryimage\"},\"thumbnailUrl\":\"https:\/\/www.museofratellicozzi.com\/news\/wp-content\/uploads\/2020\/03\/Immagine-in-evidenza-Museo.png\",\"datePublished\":\"2020-03-19T20:29:48+00:00\",\"dateModified\":\"2024-01-17T15:34:47+00:00\",\"description\":\"#LaCulturaNonSiFerma e il successo del nostro evento \\\"Le Storie di Pietro WEB\\\" lo ha dimostrato. Grazie per l'affetto che ci avete trasmesso\",\"breadcrumb\":{\"@id\":\"https:\/\/www.museofratellicozzi.com\/news\/le-storie-pietro-web\/#breadcrumb\"},\"inLanguage\":\"it-IT\",\"potentialAction\":[{\"@type\":\"ReadAction\",\"target\":[\"https:\/\/www.museofratellicozzi.com\/news\/le-storie-pietro-web\/\"]}]},{\"@type\":\"ImageObject\",\"inLanguage\":\"it-IT\",\"@id\":\"https:\/\/www.museofratellicozzi.com\/news\/le-storie-pietro-web\/#primaryimage\",\"url\":\"https:\/\/www.museofratellicozzi.com\/news\/wp-content\/uploads\/2020\/03\/Immagine-in-evidenza-Museo.png\",\"contentUrl\":\"https:\/\/www.museofratellicozzi.com\/news\/wp-content\/uploads\/2020\/03\/Immagine-in-evidenza-Museo.png\",\"width\":1280,\"height\":720},{\"@type\":\"BreadcrumbList\",\"@id\":\"https:\/\/www.museofratellicozzi.com\/news\/le-storie-pietro-web\/#breadcrumb\",\"itemListElement\":[{\"@type\":\"ListItem\",\"position\":1,\"name\":\"Home\",\"item\":\"https:\/\/www.museofratellicozzi.com\/news\/\"},{\"@type\":\"ListItem\",\"position\":2,\"name\":\"Le storie di Pietro Web\"}]},{\"@type\":\"WebSite\",\"@id\":\"https:\/\/www.museofratellicozzi.com\/news\/#website\",\"url\":\"https:\/\/www.museofratellicozzi.com\/news\/\",\"name\":\"eNews Museo Fratelli Cozzi\",\"description\":\"Alfa Romeo: un mito che resiste al tempo\",\"publisher\":{\"@id\":\"https:\/\/www.museofratellicozzi.com\/news\/#organization\"},\"potentialAction\":[{\"@type\":\"SearchAction\",\"target\":{\"@type\":\"EntryPoint\",\"urlTemplate\":\"https:\/\/www.museofratellicozzi.com\/news\/?s={search_term_string}\"},\"query-input\":{\"@type\":\"PropertyValueSpecification\",\"valueRequired\":true,\"valueName\":\"search_term_string\"}}],\"inLanguage\":\"it-IT\"},{\"@type\":\"Organization\",\"@id\":\"https:\/\/www.museofratellicozzi.com\/news\/#organization\",\"name\":\"Museo Fratelli Cozzi\",\"url\":\"https:\/\/www.museofratellicozzi.com\/news\/\",\"logo\":{\"@type\":\"ImageObject\",\"inLanguage\":\"it-IT\",\"@id\":\"https:\/\/www.museofratellicozzi.com\/news\/#\/schema\/logo\/image\/\",\"url\":\"https:\/\/www.museofratellicozzi.com\/news\/wp-content\/uploads\/2017\/04\/home.png\",\"contentUrl\":\"https:\/\/www.museofratellicozzi.com\/news\/wp-content\/uploads\/2017\/04\/home.png\",\"width\":497,\"height\":512,\"caption\":\"Museo Fratelli Cozzi\"},\"image\":{\"@id\":\"https:\/\/www.museofratellicozzi.com\/news\/#\/schema\/logo\/image\/\"}},{\"@type\":\"Person\",\"@id\":\"https:\/\/www.museofratellicozzi.com\/news\/#\/schema\/person\/9c1de5abfab71104e0bfe41cca1b7072\",\"name\":\"Laura Defendi\",\"image\":{\"@type\":\"ImageObject\",\"inLanguage\":\"it-IT\",\"@id\":\"https:\/\/www.museofratellicozzi.com\/news\/#\/schema\/person\/image\/\",\"url\":\"https:\/\/secure.gravatar.com\/avatar\/fa196a116a28416a994aad4b629b4ae8?s=96&d=mm&r=g\",\"contentUrl\":\"https:\/\/secure.gravatar.com\/avatar\/fa196a116a28416a994aad4b629b4ae8?s=96&d=mm&r=g\",\"caption\":\"Laura Defendi\"}}]}<\/script>\n<!-- \/ Yoast SEO plugin. -->","yoast_head_json":{"title":"Le storie di Pietro Web - eNews Museo Fratelli Cozzi","description":"#LaCulturaNonSiFerma e il successo del nostro evento \"Le Storie di Pietro WEB\" lo ha dimostrato. Grazie per l'affetto che ci avete trasmesso","robots":{"index":"index","follow":"follow","max-snippet":"max-snippet:-1","max-image-preview":"max-image-preview:large","max-video-preview":"max-video-preview:-1"},"canonical":"https:\/\/www.museofratellicozzi.com\/news\/le-storie-pietro-web\/","og_locale":"it_IT","og_type":"article","og_title":"Le storie di Pietro Web - eNews Museo Fratelli Cozzi","og_description":"#LaCulturaNonSiFerma e il successo del nostro evento \"Le Storie di Pietro WEB\" lo ha dimostrato. Grazie per l'affetto che ci avete trasmesso","og_url":"https:\/\/www.museofratellicozzi.com\/news\/le-storie-pietro-web\/","og_site_name":"eNews Museo Fratelli Cozzi","article_published_time":"2020-03-19T20:29:48+00:00","article_modified_time":"2024-01-17T15:34:47+00:00","og_image":[{"width":1280,"height":720,"url":"https:\/\/www.museofratellicozzi.com\/news\/wp-content\/uploads\/2020\/03\/Immagine-in-evidenza-Museo.png","type":"image\/png"}],"author":"Laura Defendi","twitter_card":"summary_large_image","twitter_misc":{"Scritto da":"Laura Defendi","Tempo di lettura stimato":"7 minuti"},"schema":{"@context":"https:\/\/schema.org","@graph":[{"@type":"Article","@id":"https:\/\/www.museofratellicozzi.com\/news\/le-storie-pietro-web\/#article","isPartOf":{"@id":"https:\/\/www.museofratellicozzi.com\/news\/le-storie-pietro-web\/"},"author":{"name":"Laura Defendi","@id":"https:\/\/www.museofratellicozzi.com\/news\/#\/schema\/person\/9c1de5abfab71104e0bfe41cca1b7072"},"headline":"Le storie di Pietro Web","datePublished":"2020-03-19T20:29:48+00:00","dateModified":"2024-01-17T15:34:47+00:00","mainEntityOfPage":{"@id":"https:\/\/www.museofratellicozzi.com\/news\/le-storie-pietro-web\/"},"wordCount":1360,"commentCount":0,"publisher":{"@id":"https:\/\/www.museofratellicozzi.com\/news\/#organization"},"image":{"@id":"https:\/\/www.museofratellicozzi.com\/news\/le-storie-pietro-web\/#primaryimage"},"thumbnailUrl":"https:\/\/www.museofratellicozzi.com\/news\/wp-content\/uploads\/2020\/03\/Immagine-in-evidenza-Museo.png","keywords":["#distantimauniti","#LaCulturaNonSiFerma","alfa romeo","Coronavirus","Covid","FAI","museimpresa","museo","Museo Fratelli Cozzi","MuseoCity","pietro","Storie","storytelling #Laculturacura"],"articleSection":["Passione Alfa","Vita da Alfista"],"inLanguage":"it-IT","potentialAction":[{"@type":"CommentAction","name":"Comment","target":["https:\/\/www.museofratellicozzi.com\/news\/le-storie-pietro-web\/#respond"]}]},{"@type":"WebPage","@id":"https:\/\/www.museofratellicozzi.com\/news\/le-storie-pietro-web\/","url":"https:\/\/www.museofratellicozzi.com\/news\/le-storie-pietro-web\/","name":"Le storie di Pietro Web - eNews Museo Fratelli Cozzi","isPartOf":{"@id":"https:\/\/www.museofratellicozzi.com\/news\/#website"},"primaryImageOfPage":{"@id":"https:\/\/www.museofratellicozzi.com\/news\/le-storie-pietro-web\/#primaryimage"},"image":{"@id":"https:\/\/www.museofratellicozzi.com\/news\/le-storie-pietro-web\/#primaryimage"},"thumbnailUrl":"https:\/\/www.museofratellicozzi.com\/news\/wp-content\/uploads\/2020\/03\/Immagine-in-evidenza-Museo.png","datePublished":"2020-03-19T20:29:48+00:00","dateModified":"2024-01-17T15:34:47+00:00","description":"#LaCulturaNonSiFerma e il successo del nostro evento \"Le Storie di Pietro WEB\" lo ha dimostrato. Grazie per l'affetto che ci avete trasmesso","breadcrumb":{"@id":"https:\/\/www.museofratellicozzi.com\/news\/le-storie-pietro-web\/#breadcrumb"},"inLanguage":"it-IT","potentialAction":[{"@type":"ReadAction","target":["https:\/\/www.museofratellicozzi.com\/news\/le-storie-pietro-web\/"]}]},{"@type":"ImageObject","inLanguage":"it-IT","@id":"https:\/\/www.museofratellicozzi.com\/news\/le-storie-pietro-web\/#primaryimage","url":"https:\/\/www.museofratellicozzi.com\/news\/wp-content\/uploads\/2020\/03\/Immagine-in-evidenza-Museo.png","contentUrl":"https:\/\/www.museofratellicozzi.com\/news\/wp-content\/uploads\/2020\/03\/Immagine-in-evidenza-Museo.png","width":1280,"height":720},{"@type":"BreadcrumbList","@id":"https:\/\/www.museofratellicozzi.com\/news\/le-storie-pietro-web\/#breadcrumb","itemListElement":[{"@type":"ListItem","position":1,"name":"Home","item":"https:\/\/www.museofratellicozzi.com\/news\/"},{"@type":"ListItem","position":2,"name":"Le storie di Pietro Web"}]},{"@type":"WebSite","@id":"https:\/\/www.museofratellicozzi.com\/news\/#website","url":"https:\/\/www.museofratellicozzi.com\/news\/","name":"eNews Museo Fratelli Cozzi","description":"Alfa Romeo: un mito che resiste al tempo","publisher":{"@id":"https:\/\/www.museofratellicozzi.com\/news\/#organization"},"potentialAction":[{"@type":"SearchAction","target":{"@type":"EntryPoint","urlTemplate":"https:\/\/www.museofratellicozzi.com\/news\/?s={search_term_string}"},"query-input":{"@type":"PropertyValueSpecification","valueRequired":true,"valueName":"search_term_string"}}],"inLanguage":"it-IT"},{"@type":"Organization","@id":"https:\/\/www.museofratellicozzi.com\/news\/#organization","name":"Museo Fratelli Cozzi","url":"https:\/\/www.museofratellicozzi.com\/news\/","logo":{"@type":"ImageObject","inLanguage":"it-IT","@id":"https:\/\/www.museofratellicozzi.com\/news\/#\/schema\/logo\/image\/","url":"https:\/\/www.museofratellicozzi.com\/news\/wp-content\/uploads\/2017\/04\/home.png","contentUrl":"https:\/\/www.museofratellicozzi.com\/news\/wp-content\/uploads\/2017\/04\/home.png","width":497,"height":512,"caption":"Museo Fratelli Cozzi"},"image":{"@id":"https:\/\/www.museofratellicozzi.com\/news\/#\/schema\/logo\/image\/"}},{"@type":"Person","@id":"https:\/\/www.museofratellicozzi.com\/news\/#\/schema\/person\/9c1de5abfab71104e0bfe41cca1b7072","name":"Laura Defendi","image":{"@type":"ImageObject","inLanguage":"it-IT","@id":"https:\/\/www.museofratellicozzi.com\/news\/#\/schema\/person\/image\/","url":"https:\/\/secure.gravatar.com\/avatar\/fa196a116a28416a994aad4b629b4ae8?s=96&d=mm&r=g","contentUrl":"https:\/\/secure.gravatar.com\/avatar\/fa196a116a28416a994aad4b629b4ae8?s=96&d=mm&r=g","caption":"Laura Defendi"}}]}},"jetpack_featured_media_url":"https:\/\/www.museofratellicozzi.com\/news\/wp-content\/uploads\/2020\/03\/Immagine-in-evidenza-Museo.png","jetpack_shortlink":"https:\/\/wp.me\/p90Eth-2x7","jetpack_sharing_enabled":true,"post_mailing_queue_ids":[],"_links":{"self":[{"href":"https:\/\/www.museofratellicozzi.com\/news\/wp-json\/wp\/v2\/posts\/9741","targetHints":{"allow":["GET"]}}],"collection":[{"href":"https:\/\/www.museofratellicozzi.com\/news\/wp-json\/wp\/v2\/posts"}],"about":[{"href":"https:\/\/www.museofratellicozzi.com\/news\/wp-json\/wp\/v2\/types\/post"}],"author":[{"embeddable":true,"href":"https:\/\/www.museofratellicozzi.com\/news\/wp-json\/wp\/v2\/users\/5"}],"replies":[{"embeddable":true,"href":"https:\/\/www.museofratellicozzi.com\/news\/wp-json\/wp\/v2\/comments?post=9741"}],"version-history":[{"count":13,"href":"https:\/\/www.museofratellicozzi.com\/news\/wp-json\/wp\/v2\/posts\/9741\/revisions"}],"predecessor-version":[{"id":9913,"href":"https:\/\/www.museofratellicozzi.com\/news\/wp-json\/wp\/v2\/posts\/9741\/revisions\/9913"}],"wp:featuredmedia":[{"embeddable":true,"href":"https:\/\/www.museofratellicozzi.com\/news\/wp-json\/wp\/v2\/media\/9912"}],"wp:attachment":[{"href":"https:\/\/www.museofratellicozzi.com\/news\/wp-json\/wp\/v2\/media?parent=9741"}],"wp:term":[{"taxonomy":"category","embeddable":true,"href":"https:\/\/www.museofratellicozzi.com\/news\/wp-json\/wp\/v2\/categories?post=9741"},{"taxonomy":"post_tag","embeddable":true,"href":"https:\/\/www.museofratellicozzi.com\/news\/wp-json\/wp\/v2\/tags?post=9741"}],"curies":[{"name":"wp","href":"https:\/\/api.w.org\/{rel}","templated":true}]}}