{"id":9743,"date":"2020-03-19T21:35:53","date_gmt":"2020-03-19T20:35:53","guid":{"rendered":"https:\/\/news.museofratellicozzi.com\/?p=9743"},"modified":"2024-01-17T16:13:28","modified_gmt":"2024-01-17T15:13:28","slug":"diamogli-valore","status":"publish","type":"post","link":"https:\/\/www.museofratellicozzi.com\/news\/diamogli-valore\/","title":{"rendered":"Diamogli valore"},"content":{"rendered":"<p>[et_pb_section bb_built=&#8221;1&#8243; admin_label=&#8221;Sezione&#8221; custom_padding=&#8221;0px|||&#8221; custom_width_percent=&#8221;80&#8243;][et_pb_row admin_label=&#8221;Riga&#8221; make_fullwidth=&#8221;on&#8221; custom_width_percent=&#8221;80&#8243; use_custom_gutter=&#8221;on&#8221; gutter_width=&#8221;1&#8243; custom_padding=&#8221;0px|||&#8221; parallax_method_1=&#8221;off&#8221; disabled_on=&#8221;off|off|off&#8221;][et_pb_column type=&#8221;4_4&#8243;][et_pb_video admin_label=&#8221;Video&#8221; src=&#8221;https:\/\/www.museofratellicozzi.com\/news\/wp-content\/uploads\/2020\/03\/WhatsApp-Video-2020-03-19-at-3.32.27-PM.mp4&#8243;]<br \/>\n[\/et_pb_video][\/et_pb_column][\/et_pb_row][et_pb_row admin_label=&#8221;Riga&#8221; custom_width_percent=&#8221;80&#8243; custom_padding=&#8221;20px||0px|&#8221; parallax_method_1=&#8221;off&#8221;][et_pb_column type=&#8221;4_4&#8243;][et_pb_text admin_label=&#8221;Categoria&#8221; header_font_size=&#8221;30&#8243; header_letter_spacing=&#8221;0&#8243; header_line_height=&#8221;1&#8243; text_text_color=&#8221;#bcbcbc&#8221; text_letter_spacing=&#8221;2&#8243; text_line_height=&#8221;1.7&#8243; custom_margin=&#8221;||10px|&#8221; custom_margin_last_edited=&#8221;on|tablet&#8221;]<\/p>\n<p><strong>CHARITY<\/strong><\/p>\n<p>[\/et_pb_text][et_pb_text admin_label=&#8221;Titolo&#8221; header_font=&#8221;PT Sans||||&#8221; header_font_size=&#8221;48&#8243; header_font_size_tablet=&#8221;46&#8243; header_font_size_last_edited=&#8221;on|desktop&#8221; header_text_color=&#8221;#000000&#8243; header_letter_spacing=&#8221;0&#8243; header_line_height=&#8221;1.2&#8243; text_font=&#8221;PT Sans||||&#8221; text_font_size=&#8221;72&#8243; text_font_size_tablet=&#8221;60&#8243; text_font_size_last_edited=&#8221;on|desktop&#8221; text_text_color=&#8221;#000000&#8243; text_letter_spacing=&#8221;0&#8243; text_letter_spacing_last_edited=&#8221;on|desktop&#8221; text_line_height=&#8221;1.1&#8243; text_line_height_last_edited=&#8221;on|&#8221; custom_margin=&#8221;0px||0px|&#8221;]<\/p>\n<p>Di<span style=\"color: #ff0000;\">AMO<\/span>gli Valore<\/p>\n<p>[\/et_pb_text][et_pb_text admin_label=&#8221;Data&#8221; header_font_size=&#8221;30&#8243; header_letter_spacing=&#8221;0&#8243; header_line_height=&#8221;1&#8243; text_font=&#8221;PT Sans|on|||&#8221; text_font_size=&#8221;18&#8243; text_text_color=&#8221;#363636&#8243; text_letter_spacing=&#8221;0&#8243; text_line_height=&#8221;1.7&#8243; custom_margin=&#8221;10px||0px|&#8221;]<\/p>\n<p>25 marzo, 2020<\/p>\n<p>[\/et_pb_text][\/et_pb_column][\/et_pb_row][\/et_pb_section][et_pb_section bb_built=&#8221;1&#8243; admin_label=&#8221;Section&#8221; background_color=&#8221;#f7f7f4&#8243; custom_width_percent=&#8221;80&#8243;][et_pb_row admin_label=&#8221;row&#8221; custom_width_percent=&#8221;80&#8243; custom_padding=&#8221;0px|||&#8221; padding_mobile=&#8221;on&#8221; column_padding_mobile=&#8221;on&#8221; parallax_method_1=&#8221;off&#8221; parallax_method_2=&#8221;off&#8221;][et_pb_column type=&#8221;1_3&#8243;][\/et_pb_column][et_pb_column type=&#8221;2_3&#8243;][et_pb_text admin_label=&#8221;Occhiello&#8221; max_width=&#8221;620px&#8221; header_font_size=&#8221;30&#8243; header_letter_spacing=&#8221;0&#8243; header_line_height=&#8221;1&#8243; text_font=&#8221;PT Sans|on|||&#8221; text_font_size=&#8221;24&#8243; text_font_size_last_edited=&#8221;on|desktop&#8221; text_text_color=&#8221;#363636&#8243; text_letter_spacing=&#8221;0&#8243; text_line_height=&#8221;1.4&#8243; custom_margin=&#8221;10px||0px|&#8221;]<\/p>\n<p>&#8220;L&#8217;Italia con le bandiere, l&#8217;Italia nuda come sempre, l&#8217;Italia con gli occhi aperti nella notte triste. Viva l&#8217;Italia che resiste&#8221;.<\/p>\n<p>[\/et_pb_text][et_pb_text admin_label=&#8221;Blocco testo 1&#8243; max_width=&#8221;620px&#8221; header_font_size=&#8221;30&#8243; header_letter_spacing=&#8221;0&#8243; header_line_height=&#8221;1&#8243; text_font=&#8221;PT Sans||||&#8221; text_font_size=&#8221;20&#8243; text_font_size_last_edited=&#8221;on|tablet&#8221; text_text_color=&#8221;#363636&#8243; text_letter_spacing=&#8221;0&#8243; text_line_height=&#8221;1.5&#8243; custom_margin=&#8221;30px||0px|&#8221; background_layout=&#8221;light&#8221; text_orientation=&#8221;left&#8221; use_border_color=&#8221;off&#8221; border_color=&#8221;#ffffff&#8221; border_width=&#8221;1&#8243; border_style=&#8221;solid&#8221;]<\/p>\n<p>Spesso a ispirarci sono le canzoni che passano nelle nostre autoradio e oggi sono le parole di Francesco De Gregori a darci forza con la sua W l&#8217;Italia: <em>&#8220;L&#8217;Italia con le bandiere,\u00a0L&#8217;Italia nuda come sempre,\u00a0L&#8217;Italia con gli occhi aperti nella notte triste<\/em><br \/>\n<em> Viva l&#8217;Italia,\u00a0L&#8217;Italia che resiste&#8221;<\/em>. S\u00ec, perch\u00e9 se c&#8217;\u00e8 una cosa che questo drammatico momento di fragilit\u00e0 ha fatto emergere \u00e8 la straordinaria capacit\u00e0 di resistere di medici, infermieri, personale ospedaliero, forze dell&#8217;ordine e la capacit\u00e0 di muoversi, fondersi, alimentarsi di innumerevoli iniziative volte ad aiutare gli altri. C&#8217;\u00e8 chi ha riconvertito le produzioni per fornire camici e mascherine, chi si \u00e8 organizzato per la spesa solidale. Noi abbiamo accolto l&#8217;appello del professore <strong>Salvatore Forte, presidente della Fondazione Comunitaria Ticino Olona,<\/strong> per sostenere le RSA , RSD e CSS del territorio che hanno urgente bisogno di sostegno. Condividiamo di seguito la sua lettera.<\/p>\n<p class=\"\"><span style=\"color: #e02b20; font-family: 'PT Sans', Helvetica, Arial, Lucida, sans-serif; font-size: 20px; font-style: normal; font-variant-ligatures: normal; font-variant-caps: normal; font-weight: 400;\">#LaCulturaNonSiFerma #DistantiMaUniti #LaCulturaCura<\/span><\/p>\n<p>[\/et_pb_text][\/et_pb_column][\/et_pb_row][et_pb_row admin_label=&#8221;Row&#8221; custom_width_percent=&#8221;80&#8243; custom_padding=&#8221;50px|||&#8221; padding_mobile=&#8221;on&#8221; column_padding_mobile=&#8221;on&#8221; parallax_method_1=&#8221;off&#8221; disabled_on=&#8221;off|off|off&#8221;][et_pb_column type=&#8221;4_4&#8243;][et_pb_divider admin_label=&#8221;Linea citazione&#8221; color=&#8221;#aeaeac&#8221; show_divider=&#8221;on&#8221; divider_style=&#8221;solid&#8221; divider_position=&#8221;top&#8221; hide_on_mobile=&#8221;off&#8221;]<br \/>\n[\/et_pb_divider][et_pb_text admin_label=&#8221;Citazione&#8221; text_orientation=&#8221;center&#8221; max_width=&#8221;900px&#8221; header_font_size=&#8221;30&#8243; header_letter_spacing=&#8221;0&#8243; header_line_height=&#8221;1&#8243; text_font=&#8221;PT Serif||||&#8221; text_font_size=&#8221;48&#8243; text_font_size_tablet=&#8221;38&#8243; text_font_size_last_edited=&#8221;on|tablet&#8221; text_text_color=&#8221;#363636&#8243; text_letter_spacing=&#8221;0&#8243; text_line_height=&#8221;1.3&#8243; custom_margin=&#8221;16px||30px|&#8221;]<\/p>\n<p>&#8220;La parola comunit\u00e0 evoca tutto ci\u00f2 di cui sentiamo il bisogno e che ci manca per sentirci fiduciosi, tranquilli e sicuri di noi.&#8221;<br \/>\n(Zygmunt Bauman)<\/p>\n<p>[\/et_pb_text][et_pb_divider admin_label=&#8221;Linea citazione&#8221; color=&#8221;#aeaeac&#8221; show_divider=&#8221;on&#8221; divider_style=&#8221;solid&#8221; divider_position=&#8221;top&#8221; hide_on_mobile=&#8221;off&#8221;]<br \/>\n[\/et_pb_divider][\/et_pb_column][\/et_pb_row][et_pb_row admin_label=&#8221;row&#8221; custom_padding=&#8221;0px|||&#8221; padding_mobile=&#8221;on&#8221; column_padding_mobile=&#8221;on&#8221; parallax_method_1=&#8221;off&#8221; parallax_method_2=&#8221;off&#8221;][et_pb_column type=&#8221;1_3&#8243;][\/et_pb_column][et_pb_column type=&#8221;2_3&#8243;][et_pb_text admin_label=&#8221;Blocco testo 2&#8243; max_width=&#8221;620px&#8221; header_font_size=&#8221;30&#8243; header_letter_spacing=&#8221;0&#8243; header_line_height=&#8221;1&#8243; text_font=&#8221;PT Sans||||&#8221; text_font_size=&#8221;20&#8243; text_font_size_last_edited=&#8221;on|tablet&#8221; text_text_color=&#8221;#363636&#8243; text_letter_spacing=&#8221;0&#8243; text_line_height=&#8221;1.5&#8243; custom_margin=&#8221;30px||0px|&#8221;]<\/p>\n<p class=\"\"><span id=\"docs-internal-guid-6359c66b-7fff-b4a4-3a3b-4f5a602b8337\" style=\"font-weight: normal;\"><span style=\"font-size: 18pt; font-family: Calibri, sans-serif; color: #000000; background-color: transparent; font-weight: bold; font-style: italic; font-variant: normal; white-space: pre-wrap;\">Il tempo stringe, di<\/span><span style=\"font-size: 18pt; font-family: Calibri, sans-serif; color: #ff0000; background-color: transparent; font-weight: bold; font-style: italic; font-variant: normal; white-space: pre-wrap;\">AMO<\/span><span style=\"font-size: 18pt; font-family: Calibri, sans-serif; color: #000000; background-color: transparent; font-weight: bold; font-style: italic; font-variant: normal; white-space: pre-wrap;\">gli valore<\/span><\/span><\/p>\n<p>\u201cNon c\u2019\u00e8 pi\u00f9 tempo\u201d diceva poco pi\u00f9 di una settimana fa il Presidente del Consiglio, Giuseppe Conte, annunciando provvedimenti restrittivi a salvaguardia della salute degli italiani e al fine di contrastare e debellare il micidiale virus noto come COVID-19. E in effetti da quel giorno la situazione \u00e8 peggiorata, i contagi si sono estesi e tutti noi ci auguriamo che le restrizioni che stiamo vivendo diano tra qualche settimana i risultati sperati.\u00a0Nel frattempo si sono aggravati gli aspetti sanitari e gli effetti collaterali legati alla cura della malattia.<\/p>\n<p>Sul nostro territorio due categorie appaiono particolarmente vulnerabili: gli <strong>anziani<\/strong> e le <strong>persone con disabilit\u00e0<\/strong>. Esse ci sembrano le pi\u00f9 fragili di fronte al virus e chi li assiste deve moltiplicare le cautele per non essere involontariamente veicolo di infezione o contagiato a sua volta. Viene inoltre a mancare, per le severe norme di distanziamento e i vincoli agli spostamenti e ai contatti, il supporto fondamentale dei familiari e dei volontari, che in condizioni di normalit\u00e0 integrano l\u2019assistenza professionale. Questo rende ancora pi\u00f9 difficile la loro quotidianit\u00e0 e l\u2019operativit\u00e0 del personale e delle strutture preposte alla loro cura.<br \/>\nIn questa situazione di emergenza nazionale e consapevole dei grossi disagi che la Regione Lombardia &#8211; la pi\u00f9 provata dal virus &#8211; sta affrontando, Fondazione Ticino Olona, con il supporto e la collaborazione di numerosi stakeholder locali, lancia una raccolta di donazioni a sostegno delle persone anziane o disabili e dei soggetti che svolgono servizi a loro favore con la costituzione del <strong>FONDO EMERGENZA COVID-19.<\/strong><br \/>\nIl Fondo \u00e8 dotato di un plafond iniziale di 65.000 euro e sosterr\u00e0 iniziative individuate con un bando ad hoc secondo un ordine di priorit\u00e0 dettato dalla contingenza. I soggetti che possono partecipare al bando e richiedere contributi sono le <strong>RSA<\/strong> [Residenza Sanitaria Assistenziale], le <strong>RSD<\/strong> [Residenza Sanitaria per le persone con disabilit\u00e0] e le <strong>CSS<\/strong> [Comunit\u00e0 Alloggio sociosanitarie per persone con disabilit\u00e0] rette da Enti Non Profit presenti sul territorio di competenza della Fondazione.<br \/>\n<span style=\"color: #e02b20;\">Chiediamo a tutta la Comunit\u00e0 di unirsi in questo sforzo solidale a protezione di chi nell\u2019emergenza \u00e8 pi\u00f9 vulnerabile: <\/span>facciamo sentire a chi \u00e8 pi\u00f9 fragile il nostro abbraccio virtuale ma concreto!<\/p>\n<p style=\"text-align: right;\"><em>Salvatore Forte\u00a0<\/em><\/p>\n<p>[\/et_pb_text][\/et_pb_column][\/et_pb_row][et_pb_row admin_label=&#8221;Row&#8221; custom_width_percent=&#8221;80&#8243; custom_padding=&#8221;50px|||&#8221; custom_padding_tablet=&#8221;17px|||&#8221; column_padding_mobile=&#8221;on&#8221; parallax_method_1=&#8221;off&#8221; parallax_method_2=&#8221;off&#8221; disabled_on=&#8221;off||&#8221; custom_padding_last_edited=&#8221;on|tablet&#8221;][et_pb_column type=&#8221;4_4&#8243;][et_pb_image admin_label=&#8221;Immagine&#8221; src=&#8221;https:\/\/www.museofratellicozzi.com\/news\/wp-content\/uploads\/2020\/03\/Fondo-Emergenza.jpg&#8221; url=&#8221;http:\/\/www.fondazioneticinoolona.it\/fondo-emergenza-covid19\/&#8221; url_new_window=&#8221;on&#8221; animation=&#8221;fade_in&#8221; sticky=&#8221;on&#8221;]<br \/>\n[\/et_pb_image][et_pb_text admin_label=&#8221;Didascalia&#8221; header_font_size=&#8221;30&#8243; header_font_size_tablet=&#8221;30&#8243; header_font_size_phone=&#8221;30&#8243; header_letter_spacing=&#8221;0&#8243; header_letter_spacing_tablet=&#8221;0&#8243; header_letter_spacing_phone=&#8221;0&#8243; header_line_height=&#8221;1&#8243; header_line_height_tablet=&#8221;1&#8243; header_line_height_phone=&#8221;1&#8243; text_font=&#8221;PT Serif||on||&#8221; text_font_size=&#8221;16&#8243; text_text_color=&#8221;#363636&#8243; text_letter_spacing=&#8221;0&#8243; text_letter_spacing_tablet=&#8221;0&#8243; text_letter_spacing_phone=&#8221;0&#8243; text_line_height=&#8221;1&#8243; text_line_height_tablet=&#8221;1&#8243; text_line_height_phone=&#8221;1&#8243; custom_margin=&#8221;20px||0px|&#8221;]<\/p>\n<p>Clicca sull&#8217;immagine per conoscere la Fondazione Comunitaria Ticino Olona Onlus.<\/p>\n<p>[\/et_pb_text][\/et_pb_column][\/et_pb_row][et_pb_row admin_label=&#8221;row&#8221; custom_padding=&#8221;17px|||&#8221; padding_mobile=&#8221;on&#8221; column_padding_mobile=&#8221;on&#8221; parallax_method_1=&#8221;off&#8221; parallax_method_2=&#8221;off&#8221;][et_pb_column type=&#8221;1_3&#8243;][\/et_pb_column][et_pb_column type=&#8221;2_3&#8243;][et_pb_text admin_label=&#8221;Blocco testo 2&#8243; max_width=&#8221;620px&#8221; header_font_size=&#8221;30&#8243; header_letter_spacing=&#8221;0&#8243; header_line_height=&#8221;1&#8243; text_font=&#8221;PT Sans||||&#8221; text_font_size=&#8221;20&#8243; text_font_size_last_edited=&#8221;on|tablet&#8221; text_text_color=&#8221;#363636&#8243; text_letter_spacing=&#8221;0&#8243; text_line_height=&#8221;1.5&#8243; custom_margin=&#8221;30px||0px|&#8221;]<\/p>\n<p>Chiunque &#8211; persona fisica o giuridica &#8211; pu\u00f2 dare il proprio contributo e sostenere il Fondo Emergenza Coronavirus con una donazione di qualsiasi entit\u00e0.<\/p>\n<p><strong>COME DONARE<\/strong><\/p>\n<p>Bonifico bancario sul c\/c intestato a Fondazione Comunitaria del Ticino Olona Onlus<br \/>\nBANCO BPM<br \/>\nCodice IBAN:IT64X0503420211000000008000<br \/>\nCausale: EMERGENZA COVID-19<br \/>\nDonazione online con carta di credito o Paypal cliccando sul tasto DONA ORA al seguente link: www.fondazioneticinoolona.it\/fondo-emergenza-covid19\/<\/p>\n<p>La Fondazione e i suoi partner opereranno come sempre con criteri di massima trasparenza, provvedendo a tenere costantemente aggiornata la Comunit\u00e0 sull&#8217;andamento della raccolta in corso e sulle destinazioni dei contributi.<br \/>\nLa Fondazione Ticino Olona \u00e8 una ONLUS e ogni donazione effettuata a suo favore gode dei vantaggi fiscali riservati a tale categoria. Per maggiori informazioni: www.fondazioneticinoolona.it\/diventadonatore\/<br \/>\nLe Organizzazioni non profit che intendessero candidare dei progetti in linea con il Regolamento del Bando, dovranno compilare il Modulo di candidatura e la Dichiarazione ex Art.28 del DPR n.600\/73 scaricabili dal sito della fondazione www.fondazioneticinoolona.it\/bandi\/e inviarli esclusivamente a mezzo mail all\u2019indirizzo info@fondazioneticinoolona.it<\/p>\n<p>Per ogni altra informazione si pu\u00f2 inviare una mail a info@fondazioneticinoolona.it<br \/>\nDestinatari dell\u2019iniziativa: RSA, RSD, CSS<br \/>\nPartners dell\u2019iniziativa:\u00a0Famiglia Legnanese,\u00a0Comune di Canegrate,\u00a0Forum del Terzo Settore Alto Milanese,\u00a0Comune di Corbetta,\u00a0Lions Club Rescaldina Sempione e Lions Club San Vittore Olona,\u00a0Rotary e Rotaract di Magenta,\u00a0Casa del Volontariato di Legnano,\u00a0Accademia Concertante d\u2019Archi di Milano,\u00a0Museo Fratelli Cozzi Alfa Romeo Legnano,\u00a0Associazione Culturale ScenAperta Altomilanese Teatri<\/p>\n<p style=\"text-align: center;\">Tutti insieme<br \/>\nper non disperdere la memoria storica dei nostri nonni e<br \/>\nper non rinunciare alle abilit\u00e0 dei disabili<\/p>\n<p>[\/et_pb_text][\/et_pb_column][\/et_pb_row][\/et_pb_section]<\/p>\n","protected":false},"excerpt":{"rendered":"<p>Abbiamo accolto l&#8217;appello del professore Salvatore Forte, presidente della Fondazione Comunitaria Ticino Olona. #LaCulturaCura<\/p>\n","protected":false},"author":5,"featured_media":9910,"comment_status":"open","ping_status":"open","sticky":false,"template":"","format":"standard","meta":{"_et_pb_use_builder":"on","_et_pb_old_content":"","_et_gb_content_width":"","_jetpack_memberships_contains_paid_content":false,"footnotes":""},"categories":[153,805],"tags":[564,561,572,555,571,566,565,568,573,569,570,583],"class_list":["post-9743","post","type-post","status-publish","format-standard","has-post-thumbnail","hentry","category-amici-del-museo","category-succede-al-museo","tag-distantimauniti","tag-laculturanonsiferma","tag-charity","tag-corona-virus","tag-emergenza","tag-fondazione","tag-fondazione-ticino-olona","tag-olona","tag-raccolta-fondi","tag-rsa","tag-rsd","tag-ticino-laculturacura","et-has-post-format-content","et_post_format-et-post-format-standard"],"yoast_head":"<!-- This site is optimized with the Yoast SEO plugin v26.8 - https:\/\/yoast.com\/product\/yoast-seo-wordpress\/ -->\n<title>Diamogli Valore: Uniti contro il Covid-19<\/title>\n<meta name=\"description\" content=\"Abbiamo accolto l&#039;appello del professore Salvatore Forte, presidente della Fondazione Comunitaria Ticino Olona.\" \/>\n<meta name=\"robots\" content=\"index, follow, max-snippet:-1, max-image-preview:large, max-video-preview:-1\" \/>\n<link rel=\"canonical\" href=\"https:\/\/www.museofratellicozzi.com\/news\/diamogli-valore\/\" \/>\n<meta property=\"og:locale\" content=\"it_IT\" \/>\n<meta property=\"og:type\" content=\"article\" \/>\n<meta property=\"og:title\" content=\"Diamogli Valore: Uniti contro il Covid-19\" \/>\n<meta property=\"og:description\" content=\"Abbiamo accolto l&#039;appello del professore Salvatore Forte, presidente della Fondazione Comunitaria Ticino Olona.\" \/>\n<meta property=\"og:url\" content=\"https:\/\/www.museofratellicozzi.com\/news\/diamogli-valore\/\" \/>\n<meta property=\"og:site_name\" content=\"eNews Museo Fratelli Cozzi\" \/>\n<meta property=\"article:published_time\" content=\"2020-03-19T20:35:53+00:00\" \/>\n<meta property=\"article:modified_time\" content=\"2024-01-17T15:13:28+00:00\" \/>\n<meta property=\"og:image\" content=\"https:\/\/www.museofratellicozzi.com\/news\/wp-content\/uploads\/2020\/03\/Immagine-in-evidenza-Museo-4.jpg\" \/>\n\t<meta property=\"og:image:width\" content=\"1280\" \/>\n\t<meta property=\"og:image:height\" content=\"720\" \/>\n\t<meta property=\"og:image:type\" content=\"image\/jpeg\" \/>\n<meta name=\"author\" content=\"Laura Defendi\" \/>\n<meta name=\"twitter:card\" content=\"summary_large_image\" \/>\n<meta name=\"twitter:label1\" content=\"Scritto da\" \/>\n\t<meta name=\"twitter:data1\" content=\"Laura Defendi\" \/>\n\t<meta name=\"twitter:label2\" content=\"Tempo di lettura stimato\" \/>\n\t<meta name=\"twitter:data2\" content=\"9 minuti\" \/>\n<script type=\"application\/ld+json\" class=\"yoast-schema-graph\">{\"@context\":\"https:\/\/schema.org\",\"@graph\":[{\"@type\":\"Article\",\"@id\":\"https:\/\/www.museofratellicozzi.com\/news\/diamogli-valore\/#article\",\"isPartOf\":{\"@id\":\"https:\/\/www.museofratellicozzi.com\/news\/diamogli-valore\/\"},\"author\":{\"name\":\"Laura Defendi\",\"@id\":\"https:\/\/www.museofratellicozzi.com\/news\/#\/schema\/person\/9c1de5abfab71104e0bfe41cca1b7072\"},\"headline\":\"Diamogli valore\",\"datePublished\":\"2020-03-19T20:35:53+00:00\",\"dateModified\":\"2024-01-17T15:13:28+00:00\",\"mainEntityOfPage\":{\"@id\":\"https:\/\/www.museofratellicozzi.com\/news\/diamogli-valore\/\"},\"wordCount\":1757,\"commentCount\":0,\"publisher\":{\"@id\":\"https:\/\/www.museofratellicozzi.com\/news\/#organization\"},\"image\":{\"@id\":\"https:\/\/www.museofratellicozzi.com\/news\/diamogli-valore\/#primaryimage\"},\"thumbnailUrl\":\"https:\/\/www.museofratellicozzi.com\/news\/wp-content\/uploads\/2020\/03\/Immagine-in-evidenza-Museo-4.jpg\",\"keywords\":[\"#distantimauniti\",\"#LaCulturaNonSiFerma\",\"charity\",\"Corona Virus\",\"emergenza\",\"Fondazione\",\"Fondazione Ticino Olona\",\"Olona\",\"raccolta fondi\",\"RSA\",\"RsD\",\"Ticino #Laculturacura\"],\"articleSection\":[\"Amici del Museo\",\"Succede al museo\"],\"inLanguage\":\"it-IT\",\"potentialAction\":[{\"@type\":\"CommentAction\",\"name\":\"Comment\",\"target\":[\"https:\/\/www.museofratellicozzi.com\/news\/diamogli-valore\/#respond\"]}]},{\"@type\":\"WebPage\",\"@id\":\"https:\/\/www.museofratellicozzi.com\/news\/diamogli-valore\/\",\"url\":\"https:\/\/www.museofratellicozzi.com\/news\/diamogli-valore\/\",\"name\":\"Diamogli Valore: Uniti contro il Covid-19\",\"isPartOf\":{\"@id\":\"https:\/\/www.museofratellicozzi.com\/news\/#website\"},\"primaryImageOfPage\":{\"@id\":\"https:\/\/www.museofratellicozzi.com\/news\/diamogli-valore\/#primaryimage\"},\"image\":{\"@id\":\"https:\/\/www.museofratellicozzi.com\/news\/diamogli-valore\/#primaryimage\"},\"thumbnailUrl\":\"https:\/\/www.museofratellicozzi.com\/news\/wp-content\/uploads\/2020\/03\/Immagine-in-evidenza-Museo-4.jpg\",\"datePublished\":\"2020-03-19T20:35:53+00:00\",\"dateModified\":\"2024-01-17T15:13:28+00:00\",\"description\":\"Abbiamo accolto l'appello del professore Salvatore Forte, presidente della Fondazione Comunitaria Ticino Olona.\",\"breadcrumb\":{\"@id\":\"https:\/\/www.museofratellicozzi.com\/news\/diamogli-valore\/#breadcrumb\"},\"inLanguage\":\"it-IT\",\"potentialAction\":[{\"@type\":\"ReadAction\",\"target\":[\"https:\/\/www.museofratellicozzi.com\/news\/diamogli-valore\/\"]}]},{\"@type\":\"ImageObject\",\"inLanguage\":\"it-IT\",\"@id\":\"https:\/\/www.museofratellicozzi.com\/news\/diamogli-valore\/#primaryimage\",\"url\":\"https:\/\/www.museofratellicozzi.com\/news\/wp-content\/uploads\/2020\/03\/Immagine-in-evidenza-Museo-4.jpg\",\"contentUrl\":\"https:\/\/www.museofratellicozzi.com\/news\/wp-content\/uploads\/2020\/03\/Immagine-in-evidenza-Museo-4.jpg\",\"width\":1280,\"height\":720},{\"@type\":\"BreadcrumbList\",\"@id\":\"https:\/\/www.museofratellicozzi.com\/news\/diamogli-valore\/#breadcrumb\",\"itemListElement\":[{\"@type\":\"ListItem\",\"position\":1,\"name\":\"Home\",\"item\":\"https:\/\/www.museofratellicozzi.com\/news\/\"},{\"@type\":\"ListItem\",\"position\":2,\"name\":\"Diamogli valore\"}]},{\"@type\":\"WebSite\",\"@id\":\"https:\/\/www.museofratellicozzi.com\/news\/#website\",\"url\":\"https:\/\/www.museofratellicozzi.com\/news\/\",\"name\":\"eNews Museo Fratelli Cozzi\",\"description\":\"Alfa Romeo: un mito che resiste al tempo\",\"publisher\":{\"@id\":\"https:\/\/www.museofratellicozzi.com\/news\/#organization\"},\"potentialAction\":[{\"@type\":\"SearchAction\",\"target\":{\"@type\":\"EntryPoint\",\"urlTemplate\":\"https:\/\/www.museofratellicozzi.com\/news\/?s={search_term_string}\"},\"query-input\":{\"@type\":\"PropertyValueSpecification\",\"valueRequired\":true,\"valueName\":\"search_term_string\"}}],\"inLanguage\":\"it-IT\"},{\"@type\":\"Organization\",\"@id\":\"https:\/\/www.museofratellicozzi.com\/news\/#organization\",\"name\":\"Museo Fratelli Cozzi\",\"url\":\"https:\/\/www.museofratellicozzi.com\/news\/\",\"logo\":{\"@type\":\"ImageObject\",\"inLanguage\":\"it-IT\",\"@id\":\"https:\/\/www.museofratellicozzi.com\/news\/#\/schema\/logo\/image\/\",\"url\":\"https:\/\/www.museofratellicozzi.com\/news\/wp-content\/uploads\/2017\/04\/home.png\",\"contentUrl\":\"https:\/\/www.museofratellicozzi.com\/news\/wp-content\/uploads\/2017\/04\/home.png\",\"width\":497,\"height\":512,\"caption\":\"Museo Fratelli Cozzi\"},\"image\":{\"@id\":\"https:\/\/www.museofratellicozzi.com\/news\/#\/schema\/logo\/image\/\"}},{\"@type\":\"Person\",\"@id\":\"https:\/\/www.museofratellicozzi.com\/news\/#\/schema\/person\/9c1de5abfab71104e0bfe41cca1b7072\",\"name\":\"Laura Defendi\",\"image\":{\"@type\":\"ImageObject\",\"inLanguage\":\"it-IT\",\"@id\":\"https:\/\/www.museofratellicozzi.com\/news\/#\/schema\/person\/image\/\",\"url\":\"https:\/\/secure.gravatar.com\/avatar\/fa196a116a28416a994aad4b629b4ae8?s=96&d=mm&r=g\",\"contentUrl\":\"https:\/\/secure.gravatar.com\/avatar\/fa196a116a28416a994aad4b629b4ae8?s=96&d=mm&r=g\",\"caption\":\"Laura Defendi\"}}]}<\/script>\n<!-- \/ Yoast SEO plugin. -->","yoast_head_json":{"title":"Diamogli Valore: Uniti contro il Covid-19","description":"Abbiamo accolto l'appello del professore Salvatore Forte, presidente della Fondazione Comunitaria Ticino Olona.","robots":{"index":"index","follow":"follow","max-snippet":"max-snippet:-1","max-image-preview":"max-image-preview:large","max-video-preview":"max-video-preview:-1"},"canonical":"https:\/\/www.museofratellicozzi.com\/news\/diamogli-valore\/","og_locale":"it_IT","og_type":"article","og_title":"Diamogli Valore: Uniti contro il Covid-19","og_description":"Abbiamo accolto l'appello del professore Salvatore Forte, presidente della Fondazione Comunitaria Ticino Olona.","og_url":"https:\/\/www.museofratellicozzi.com\/news\/diamogli-valore\/","og_site_name":"eNews Museo Fratelli Cozzi","article_published_time":"2020-03-19T20:35:53+00:00","article_modified_time":"2024-01-17T15:13:28+00:00","og_image":[{"width":1280,"height":720,"url":"https:\/\/www.museofratellicozzi.com\/news\/wp-content\/uploads\/2020\/03\/Immagine-in-evidenza-Museo-4.jpg","type":"image\/jpeg"}],"author":"Laura Defendi","twitter_card":"summary_large_image","twitter_misc":{"Scritto da":"Laura Defendi","Tempo di lettura stimato":"9 minuti"},"schema":{"@context":"https:\/\/schema.org","@graph":[{"@type":"Article","@id":"https:\/\/www.museofratellicozzi.com\/news\/diamogli-valore\/#article","isPartOf":{"@id":"https:\/\/www.museofratellicozzi.com\/news\/diamogli-valore\/"},"author":{"name":"Laura Defendi","@id":"https:\/\/www.museofratellicozzi.com\/news\/#\/schema\/person\/9c1de5abfab71104e0bfe41cca1b7072"},"headline":"Diamogli valore","datePublished":"2020-03-19T20:35:53+00:00","dateModified":"2024-01-17T15:13:28+00:00","mainEntityOfPage":{"@id":"https:\/\/www.museofratellicozzi.com\/news\/diamogli-valore\/"},"wordCount":1757,"commentCount":0,"publisher":{"@id":"https:\/\/www.museofratellicozzi.com\/news\/#organization"},"image":{"@id":"https:\/\/www.museofratellicozzi.com\/news\/diamogli-valore\/#primaryimage"},"thumbnailUrl":"https:\/\/www.museofratellicozzi.com\/news\/wp-content\/uploads\/2020\/03\/Immagine-in-evidenza-Museo-4.jpg","keywords":["#distantimauniti","#LaCulturaNonSiFerma","charity","Corona Virus","emergenza","Fondazione","Fondazione Ticino Olona","Olona","raccolta fondi","RSA","RsD","Ticino #Laculturacura"],"articleSection":["Amici del Museo","Succede al museo"],"inLanguage":"it-IT","potentialAction":[{"@type":"CommentAction","name":"Comment","target":["https:\/\/www.museofratellicozzi.com\/news\/diamogli-valore\/#respond"]}]},{"@type":"WebPage","@id":"https:\/\/www.museofratellicozzi.com\/news\/diamogli-valore\/","url":"https:\/\/www.museofratellicozzi.com\/news\/diamogli-valore\/","name":"Diamogli Valore: Uniti contro il Covid-19","isPartOf":{"@id":"https:\/\/www.museofratellicozzi.com\/news\/#website"},"primaryImageOfPage":{"@id":"https:\/\/www.museofratellicozzi.com\/news\/diamogli-valore\/#primaryimage"},"image":{"@id":"https:\/\/www.museofratellicozzi.com\/news\/diamogli-valore\/#primaryimage"},"thumbnailUrl":"https:\/\/www.museofratellicozzi.com\/news\/wp-content\/uploads\/2020\/03\/Immagine-in-evidenza-Museo-4.jpg","datePublished":"2020-03-19T20:35:53+00:00","dateModified":"2024-01-17T15:13:28+00:00","description":"Abbiamo accolto l'appello del professore Salvatore Forte, presidente della Fondazione Comunitaria Ticino Olona.","breadcrumb":{"@id":"https:\/\/www.museofratellicozzi.com\/news\/diamogli-valore\/#breadcrumb"},"inLanguage":"it-IT","potentialAction":[{"@type":"ReadAction","target":["https:\/\/www.museofratellicozzi.com\/news\/diamogli-valore\/"]}]},{"@type":"ImageObject","inLanguage":"it-IT","@id":"https:\/\/www.museofratellicozzi.com\/news\/diamogli-valore\/#primaryimage","url":"https:\/\/www.museofratellicozzi.com\/news\/wp-content\/uploads\/2020\/03\/Immagine-in-evidenza-Museo-4.jpg","contentUrl":"https:\/\/www.museofratellicozzi.com\/news\/wp-content\/uploads\/2020\/03\/Immagine-in-evidenza-Museo-4.jpg","width":1280,"height":720},{"@type":"BreadcrumbList","@id":"https:\/\/www.museofratellicozzi.com\/news\/diamogli-valore\/#breadcrumb","itemListElement":[{"@type":"ListItem","position":1,"name":"Home","item":"https:\/\/www.museofratellicozzi.com\/news\/"},{"@type":"ListItem","position":2,"name":"Diamogli valore"}]},{"@type":"WebSite","@id":"https:\/\/www.museofratellicozzi.com\/news\/#website","url":"https:\/\/www.museofratellicozzi.com\/news\/","name":"eNews Museo Fratelli Cozzi","description":"Alfa Romeo: un mito che resiste al tempo","publisher":{"@id":"https:\/\/www.museofratellicozzi.com\/news\/#organization"},"potentialAction":[{"@type":"SearchAction","target":{"@type":"EntryPoint","urlTemplate":"https:\/\/www.museofratellicozzi.com\/news\/?s={search_term_string}"},"query-input":{"@type":"PropertyValueSpecification","valueRequired":true,"valueName":"search_term_string"}}],"inLanguage":"it-IT"},{"@type":"Organization","@id":"https:\/\/www.museofratellicozzi.com\/news\/#organization","name":"Museo Fratelli Cozzi","url":"https:\/\/www.museofratellicozzi.com\/news\/","logo":{"@type":"ImageObject","inLanguage":"it-IT","@id":"https:\/\/www.museofratellicozzi.com\/news\/#\/schema\/logo\/image\/","url":"https:\/\/www.museofratellicozzi.com\/news\/wp-content\/uploads\/2017\/04\/home.png","contentUrl":"https:\/\/www.museofratellicozzi.com\/news\/wp-content\/uploads\/2017\/04\/home.png","width":497,"height":512,"caption":"Museo Fratelli Cozzi"},"image":{"@id":"https:\/\/www.museofratellicozzi.com\/news\/#\/schema\/logo\/image\/"}},{"@type":"Person","@id":"https:\/\/www.museofratellicozzi.com\/news\/#\/schema\/person\/9c1de5abfab71104e0bfe41cca1b7072","name":"Laura Defendi","image":{"@type":"ImageObject","inLanguage":"it-IT","@id":"https:\/\/www.museofratellicozzi.com\/news\/#\/schema\/person\/image\/","url":"https:\/\/secure.gravatar.com\/avatar\/fa196a116a28416a994aad4b629b4ae8?s=96&d=mm&r=g","contentUrl":"https:\/\/secure.gravatar.com\/avatar\/fa196a116a28416a994aad4b629b4ae8?s=96&d=mm&r=g","caption":"Laura Defendi"}}]}},"jetpack_featured_media_url":"https:\/\/www.museofratellicozzi.com\/news\/wp-content\/uploads\/2020\/03\/Immagine-in-evidenza-Museo-4.jpg","jetpack_shortlink":"https:\/\/wp.me\/p90Eth-2x9","jetpack_sharing_enabled":true,"post_mailing_queue_ids":[],"_links":{"self":[{"href":"https:\/\/www.museofratellicozzi.com\/news\/wp-json\/wp\/v2\/posts\/9743","targetHints":{"allow":["GET"]}}],"collection":[{"href":"https:\/\/www.museofratellicozzi.com\/news\/wp-json\/wp\/v2\/posts"}],"about":[{"href":"https:\/\/www.museofratellicozzi.com\/news\/wp-json\/wp\/v2\/types\/post"}],"author":[{"embeddable":true,"href":"https:\/\/www.museofratellicozzi.com\/news\/wp-json\/wp\/v2\/users\/5"}],"replies":[{"embeddable":true,"href":"https:\/\/www.museofratellicozzi.com\/news\/wp-json\/wp\/v2\/comments?post=9743"}],"version-history":[{"count":13,"href":"https:\/\/www.museofratellicozzi.com\/news\/wp-json\/wp\/v2\/posts\/9743\/revisions"}],"predecessor-version":[{"id":9918,"href":"https:\/\/www.museofratellicozzi.com\/news\/wp-json\/wp\/v2\/posts\/9743\/revisions\/9918"}],"wp:featuredmedia":[{"embeddable":true,"href":"https:\/\/www.museofratellicozzi.com\/news\/wp-json\/wp\/v2\/media\/9910"}],"wp:attachment":[{"href":"https:\/\/www.museofratellicozzi.com\/news\/wp-json\/wp\/v2\/media?parent=9743"}],"wp:term":[{"taxonomy":"category","embeddable":true,"href":"https:\/\/www.museofratellicozzi.com\/news\/wp-json\/wp\/v2\/categories?post=9743"},{"taxonomy":"post_tag","embeddable":true,"href":"https:\/\/www.museofratellicozzi.com\/news\/wp-json\/wp\/v2\/tags?post=9743"}],"curies":[{"name":"wp","href":"https:\/\/api.w.org\/{rel}","templated":true}]}}