{"id":9933,"date":"2020-04-22T19:58:04","date_gmt":"2020-04-22T17:58:04","guid":{"rendered":"https:\/\/news.museofratellicozzi.com\/?p=9933"},"modified":"2024-01-17T16:21:10","modified_gmt":"2024-01-17T15:21:10","slug":"podcast","status":"publish","type":"post","link":"https:\/\/www.museofratellicozzi.com\/news\/podcast\/","title":{"rendered":"Podcast"},"content":{"rendered":"<p>[et_pb_section fb_built=&#8221;1&#8243; custom_padding=&#8221;0px|||&#8221; custom_width_percent=&#8221;80&#8243; admin_label=&#8221;Sezione&#8221;][et_pb_row make_fullwidth=&#8221;on&#8221; custom_width_percent=&#8221;80&#8243; use_custom_gutter=&#8221;on&#8221; gutter_width=&#8221;1&#8243; custom_padding=&#8221;0px|||&#8221; parallax_method_1=&#8221;off&#8221; disabled_on=&#8221;off|off|off&#8221; admin_label=&#8221;Riga&#8221;][et_pb_column type=&#8221;4_4&#8243; parallax=&#8221;off&#8221; parallax_method=&#8221;off&#8221;][et_pb_image src=&#8221;https:\/\/www.museofratellicozzi.com\/news\/wp-content\/uploads\/2020\/04\/2-2.jpg&#8221; animation=&#8221;off&#8221; force_fullwidth=&#8221;on&#8221; admin_label=&#8221;Immagine principale&#8221;]<br \/>\n[\/et_pb_image][\/et_pb_column][\/et_pb_row][et_pb_row custom_width_percent=&#8221;80&#8243; custom_padding=&#8221;20px||0px|&#8221; parallax_method_1=&#8221;off&#8221; admin_label=&#8221;Riga&#8221;][et_pb_column type=&#8221;4_4&#8243; parallax=&#8221;off&#8221; parallax_method=&#8221;off&#8221;][et_pb_text admin_label=&#8221;Categoria&#8221; header_font_size=&#8221;30&#8243; header_letter_spacing=&#8221;0&#8243; header_line_height=&#8221;1&#8243; text_text_color=&#8221;#bcbcbc&#8221; text_letter_spacing=&#8221;2&#8243; text_line_height=&#8221;1.7&#8243; custom_margin=&#8221;||10px|&#8221; custom_margin_last_edited=&#8221;on|tablet&#8221;]<\/p>\n<p><strong>CULTURA<\/strong><\/p>\n<p>[\/et_pb_text][et_pb_text admin_label=&#8221;Titolo&#8221; header_font=&#8221;PT Sans||||&#8221; header_font_size=&#8221;48&#8243; header_font_size_tablet=&#8221;46&#8243; header_font_size_last_edited=&#8221;on|desktop&#8221; header_text_color=&#8221;#000000&#8243; header_letter_spacing=&#8221;0&#8243; header_line_height=&#8221;1.2&#8243; text_font=&#8221;PT Sans||||&#8221; text_font_size=&#8221;72&#8243; text_font_size_tablet=&#8221;60&#8243; text_font_size_last_edited=&#8221;on|desktop&#8221; text_text_color=&#8221;#000000&#8243; text_letter_spacing=&#8221;0&#8243; text_letter_spacing_last_edited=&#8221;on|desktop&#8221; text_line_height=&#8221;1.1&#8243; text_line_height_last_edited=&#8221;on|&#8221; custom_margin=&#8221;0px||0px|&#8221;]<\/p>\n<p>Pausa Caff\u00e8 al Museo<\/p>\n<p>[\/et_pb_text][et_pb_text admin_label=&#8221;Data&#8221; header_font_size=&#8221;30&#8243; header_letter_spacing=&#8221;0&#8243; header_line_height=&#8221;1&#8243; text_font=&#8221;PT Sans|on|||&#8221; text_font_size=&#8221;18&#8243; text_text_color=&#8221;#363636&#8243; text_letter_spacing=&#8221;0&#8243; text_line_height=&#8221;1.7&#8243; custom_margin=&#8221;10px||0px|&#8221;]<\/p>\n<p>20 aprile, 2020<\/p>\n<p>[\/et_pb_text][\/et_pb_column][\/et_pb_row][\/et_pb_section][et_pb_section fb_built=&#8221;1&#8243; background_color=&#8221;#f7f7f4&#8243; custom_width_percent=&#8221;80&#8243; admin_label=&#8221;Section&#8221;][et_pb_row custom_width_percent=&#8221;80&#8243; custom_padding=&#8221;0px|||&#8221; padding_mobile=&#8221;on&#8221; column_padding_mobile=&#8221;on&#8221; parallax_method_1=&#8221;off&#8221; parallax_method_2=&#8221;off&#8221; admin_label=&#8221;row&#8221;][et_pb_column type=&#8221;1_3&#8243; parallax=&#8221;off&#8221; parallax_method=&#8221;off&#8221; column_padding_mobile=&#8221;on&#8221;][\/et_pb_column][et_pb_column type=&#8221;2_3&#8243; parallax=&#8221;off&#8221; parallax_method=&#8221;off&#8221; column_padding_mobile=&#8221;on&#8221;][et_pb_text max_width=&#8221;620px&#8221; admin_label=&#8221;Occhiello&#8221; header_font_size=&#8221;30&#8243; header_letter_spacing=&#8221;0&#8243; header_line_height=&#8221;1&#8243; text_font=&#8221;PT Sans|on|||&#8221; text_font_size=&#8221;24&#8243; text_font_size_last_edited=&#8221;on|desktop&#8221; text_text_color=&#8221;#363636&#8243; text_letter_spacing=&#8221;0&#8243; text_line_height=&#8221;1.4&#8243; custom_margin=&#8221;10px||0px|&#8221;]<\/p>\n<p>Che ne dite di prenderci una Pausa Caff\u00e8 insieme? 15\u00a0 minuti con MuseoCity e Mumac per condividere tante storie&#8230; e bere un buon caff\u00e8.<\/p>\n<p>[\/et_pb_text][et_pb_text max_width=&#8221;620px&#8221; admin_label=&#8221;Blocco testo 1&#8243; header_font_size=&#8221;30&#8243; header_letter_spacing=&#8221;0&#8243; header_line_height=&#8221;1&#8243; text_font=&#8221;PT Sans||||&#8221; text_font_size=&#8221;20&#8243; text_font_size_last_edited=&#8221;on|tablet&#8221; text_text_color=&#8221;#363636&#8243; text_letter_spacing=&#8221;0&#8243; text_line_height=&#8221;1.5&#8243; custom_margin=&#8221;30px||0px|&#8221;]<\/p>\n<p>Carissimi, abbiamo il piacere di condividere il progetto di <strong><a href=\"https:\/\/www.museocity.it\/evento\/5e823210aa7cde001c8fee36\/\">MuseoCity &#8220;Pausa Caff&egrave;&#8221;<\/a><\/strong>, che vuole dare voce a tutti quei musei della <strong>citt&agrave; metropolitana di Milano<\/strong> che al momento non sono aperti al pubblico, ma che hanno molto da raccontare. Il progetto &egrave; stato realizzato grazie al contributo di <strong>MUMAC<\/strong>&nbsp;Museo della macchina per il caff&egrave; di Gruppo Cimbali,&nbsp;anche loro come noi parte di&nbsp;<strong><a href=\"https:\/\/www.museimpresa.com\/\">Museimpresa<\/a>.<\/strong><\/p>\n<p>Pausa Caff&egrave; MuseoCity offre un racconto ricco di curiosit&agrave; che si snoda attraverso la citt&agrave;: un appuntamento che potrebbe diventare un rito, come il caff&egrave;, tracce audio &ndash; disponibili su Spotify, Spreaker e Storytel &ndash; che &egrave; possibile ascoltare pi&ugrave; volte, anche off-line, in qualsiasi momento della giornata. E&#8217; il nostro modo per dire che #LaCulturaNonSiFerma e #LaCulturaCura.<\/p>\n<p class=\"\">Tra gli speaker che hanno realizzato l&#8217;interviste troverete, insieme a <strong>Jacopo Balestrini <\/strong>e<strong> Davide Sanavio<\/strong>, anche la voce di <strong>Laura Defendi<\/strong>, che molti di voi avranno conosciuto durante le visite guidate e gli eventi. Di seguito pubblichiamo il podcast dedicato al nostro Museo, ma vi consigliamo l&#8217;ascolto di tutti gli interventi.<\/p>\n<p>[\/et_pb_text][\/et_pb_column][\/et_pb_row][et_pb_row custom_width_percent=&#8221;80&#8243; custom_padding=&#8221;50px|||&#8221; custom_padding_tablet=&#8221;17px|||&#8221; column_padding_mobile=&#8221;on&#8221; parallax_method_1=&#8221;off&#8221; parallax_method_2=&#8221;off&#8221; disabled_on=&#8221;off||&#8221; admin_label=&#8221;Row&#8221; custom_padding_last_edited=&#8221;on|tablet&#8221;][et_pb_column type=&#8221;4_4&#8243; parallax=&#8221;off&#8221; parallax_method=&#8221;off&#8221; column_padding_mobile=&#8221;on&#8221;][et_pb_code admin_label=&#8221;Codice&#8221;]&lt;iframe src=&quot;https:\/\/open.spotify.com\/embed-podcast\/episode\/55tA9CsCjPqbuENcyWdyct&quot; width=&quot;100%&quot; height=&quot;232&quot; frameborder=&quot;0&quot; allowtransparency=&quot;true&quot; allow=&quot;encrypted-media&quot;&gt;&lt;\/iframe&gt;[\/et_pb_code][\/et_pb_column][\/et_pb_row][et_pb_row custom_padding=&#8221;0px|||&#8221; padding_mobile=&#8221;on&#8221; column_padding_mobile=&#8221;on&#8221; parallax_method_1=&#8221;off&#8221; parallax_method_2=&#8221;off&#8221; admin_label=&#8221;row&#8221;][et_pb_column type=&#8221;1_3&#8243; parallax=&#8221;off&#8221; parallax_method=&#8221;off&#8221; column_padding_mobile=&#8221;on&#8221;][\/et_pb_column][et_pb_column type=&#8221;2_3&#8243; parallax=&#8221;off&#8221; parallax_method=&#8221;off&#8221; column_padding_mobile=&#8221;on&#8221;][et_pb_text max_width=&#8221;620px&#8221; admin_label=&#8221;Blocco testo 2&#8243; header_font_size=&#8221;30&#8243; header_letter_spacing=&#8221;0&#8243; header_line_height=&#8221;1&#8243; text_font=&#8221;PT Sans||||&#8221; text_font_size=&#8221;20&#8243; text_font_size_last_edited=&#8221;on|tablet&#8221; text_text_color=&#8221;#363636&#8243; text_letter_spacing=&#8221;0&#8243; text_line_height=&#8221;1.5&#8243; custom_margin=&#8221;30px||0px|&#8221;]<\/p>\n<p class=\"\"><strong>CONOSCI MUSEOCITY?<\/strong><\/p>\n<p><strong>MuseoCity<\/strong> \u00e8 un&#8217;Associazione senza scopo di lucro che opera per la promozione e valorizzazione del grande patrimonio museale della citt\u00e0 di Milano e del suo Hinterland. La sua mission \u00e8 quella di favorire la partecipazione di un pubblico sempre pi\u00f9 vasto alla vita artistico-culturale della citt\u00e0, anche proponendo ai Musei delle opportunit\u00e0 per renderli sempre pi\u00f9 confortevoli e accoglienti. Dal 2017 l&#8217;Associazione, in stretta collaborazione con il Comune di Milano, Assessorato alla Cultura, organizza nel primo fine settimana di marzo un format di tre giorni di eventi intitolato Milano MuseoCity, che coinvolge oltre 89 musei e vede l&#8217;affluenza di oltre 70.000 persone.<\/p>\n<p>Dal 2019, grazie anche al contributo di Fondazione Cariplo, l\u2019Associazione ha potuto sviluppare durante tutto l\u2019anno diverse attivit\u00e0 volte a far conoscere la bellezza dei musei a numerosi visitatori, con particolare attenzione ai bambini.<\/p>\n<p>Comitato Scientifico: Anna Detheridge, Fulvio Irace, Christine Macel. Consiglio Direttivo: Maria Grazia Mazzocchi, Peter Hefti, Fulvio Irace.<\/p>\n<p>[\/et_pb_text][\/et_pb_column][\/et_pb_row][et_pb_row custom_width_percent=&#8221;80&#8243; custom_padding=&#8221;50px|||&#8221; padding_mobile=&#8221;on&#8221; column_padding_mobile=&#8221;on&#8221; parallax_method_1=&#8221;off&#8221; disabled_on=&#8221;off|off|off&#8221; admin_label=&#8221;Row&#8221;][et_pb_column type=&#8221;4_4&#8243; parallax=&#8221;off&#8221; parallax_method=&#8221;off&#8221; column_padding_mobile=&#8221;on&#8221;][et_pb_divider color=&#8221;#aeaeac&#8221; show_divider=&#8221;on&#8221; divider_style=&#8221;solid&#8221; divider_position=&#8221;top&#8221; hide_on_mobile=&#8221;off&#8221; admin_label=&#8221;Linea citazione&#8221;]<br \/>\n[\/et_pb_divider][et_pb_text text_orientation=&#8221;center&#8221; max_width=&#8221;900px&#8221; admin_label=&#8221;Citazione&#8221; header_font_size=&#8221;30&#8243; header_letter_spacing=&#8221;0&#8243; header_line_height=&#8221;1&#8243; text_font=&#8221;PT Serif||||&#8221; text_font_size=&#8221;48&#8243; text_font_size_tablet=&#8221;38&#8243; text_font_size_last_edited=&#8221;on|tablet&#8221; text_text_color=&#8221;#363636&#8243; text_letter_spacing=&#8221;0&#8243; text_line_height=&#8221;1.3&#8243; custom_margin=&#8221;16px||30px|&#8221;]<\/p>\n<p style=\"text-align: center;\"><span style=\"color: #ff0000;\">&#8220;#LaCulturaNonSiFerma&#8221;<\/span><\/p>\n<p>[\/et_pb_text][et_pb_divider color=&#8221;#aeaeac&#8221; show_divider=&#8221;on&#8221; divider_style=&#8221;solid&#8221; divider_position=&#8221;top&#8221; hide_on_mobile=&#8221;off&#8221; admin_label=&#8221;Linea citazione&#8221;]<br \/>\n[\/et_pb_divider][\/et_pb_column][\/et_pb_row][et_pb_row custom_padding=&#8221;17px|||&#8221; padding_mobile=&#8221;on&#8221; column_padding_mobile=&#8221;on&#8221; parallax_method_1=&#8221;off&#8221; parallax_method_2=&#8221;off&#8221; admin_label=&#8221;row&#8221;][et_pb_column type=&#8221;1_3&#8243; parallax=&#8221;off&#8221; parallax_method=&#8221;off&#8221; column_padding_mobile=&#8221;on&#8221;][\/et_pb_column][et_pb_column type=&#8221;2_3&#8243; parallax=&#8221;off&#8221; parallax_method=&#8221;off&#8221; column_padding_mobile=&#8221;on&#8221;][et_pb_text max_width=&#8221;620px&#8221; admin_label=&#8221;Blocco testo 4&#8243; header_font_size=&#8221;30&#8243; header_letter_spacing=&#8221;0&#8243; header_line_height=&#8221;1&#8243; text_font=&#8221;PT Sans||||&#8221; text_font_size=&#8221;20&#8243; text_font_size_last_edited=&#8221;on|tablet&#8221; text_text_color=&#8221;#363636&#8243; text_letter_spacing=&#8221;0&#8243; text_line_height=&#8221;1.5&#8243; custom_margin=&#8221;30px||0px|&#8221;]<\/p>\n<p><strong>MUMAC \u2013 Museo della macchina per caff\u00e8 di Gruppo Cimbali<\/strong><\/p>\n<p>MUMAC \u2013 Museo della Macchina per Caff\u00e8 di Gruppo Cimbali, grazie alle collezioni Cimbali e Maltoni \u00e8 la pi\u00f9 grande esposizione permanente dedicata alla storia, al mondo e alla cultura delle macchine professionali per il caff\u00e8 espresso; con pi\u00f9 di 100 pezzi esposti all\u2019interno dell\u2019headquarter di Gruppo Cimbali situato a Binasco (Milano) racconta pi\u00f9 di 100 anni di storia e di evoluzione di un intero settore del Made in Italy.<\/p>\n<p>Oltre alla parte espositiva, MUMAC \u00e8 dotato di altri 200 pezzi a disposizione per rotazioni all\u2019interno del museo o prestiti worldwide e di un fondo librario di cui fanno parte 1.300 volumi tematici e circa 25 mila documenti tra foto, brevetti, lettere, cataloghi e tutto il materiale necessario per ricostruire la storia della macchina per caff\u00e8 espresso.<\/p>\n<p>MUMAC organizza inoltre, iniziative culturali ed educational dedicati a scuole, universit\u00e0 e famiglie e, attraverso MUMAC Academy, corsi rivolti ai professionisti del settore e ai coffee lovers.<\/p>\n<p>[\/et_pb_text][\/et_pb_column][\/et_pb_row][et_pb_row use_custom_gutter=&#8221;on&#8221; gutter_width=&#8221;2&#8243; custom_padding=&#8221;50px|||&#8221; custom_padding_tablet=&#8221;30px|||&#8221; padding_mobile=&#8221;on&#8221; column_padding_mobile=&#8221;on&#8221; parallax_method_1=&#8221;off&#8221; parallax_method_2=&#8221;off&#8221; admin_label=&#8221;Row&#8221; custom_padding_last_edited=&#8221;on|tablet&#8221;][et_pb_column type=&#8221;1_2&#8243; parallax=&#8221;off&#8221; parallax_method=&#8221;off&#8221; column_padding_mobile=&#8221;on&#8221;][et_pb_image src=&#8221;https:\/\/www.museofratellicozzi.com\/news\/wp-content\/uploads\/2020\/04\/Immagine-MUSEO-interno-articolo-Divi-1.png&#8221; animation=&#8221;fade_in&#8221; force_fullwidth=&#8221;on&#8221; admin_label=&#8221;immagine&#8221; custom_margin=&#8221;34px|||&#8221;]<br \/>\n[\/et_pb_image][\/et_pb_column][et_pb_column type=&#8221;1_2&#8243; parallax=&#8221;off&#8221; parallax_method=&#8221;off&#8221; column_padding_mobile=&#8221;on&#8221;][et_pb_image src=&#8221;https:\/\/www.museofratellicozzi.com\/news\/wp-content\/uploads\/2020\/04\/Immagine-MUSEO-interno-articolo-Divi-2.png&#8221; animation=&#8221;fade_in&#8221; force_fullwidth=&#8221;on&#8221; admin_label=&#8221;immagine&#8221; custom_margin=&#8221;34px|||&#8221;]<br \/>\n[\/et_pb_image][\/et_pb_column][\/et_pb_row][\/et_pb_section]<\/p>\n","protected":false},"excerpt":{"rendered":"<p>La cultura non si ferma, cerca nuovi mezzi di comunicazione e nuove \u201calleanze\u201d, ecco come \u00e8 nato il Podcast di MuseoCity.<\/p>\n","protected":false},"author":5,"featured_media":10025,"comment_status":"open","ping_status":"open","sticky":false,"template":"","format":"standard","meta":{"_et_pb_use_builder":"on","_et_pb_old_content":"","_et_gb_content_width":"","_jetpack_memberships_contains_paid_content":false,"footnotes":""},"categories":[805,103],"tags":[589,581,561,594,100,25],"class_list":["post-9933","post","type-post","status-publish","format-standard","has-post-thumbnail","hentry","category-succede-al-museo","category-vivere-il-museo","tag-insiemeperilclassico","tag-laculturacura","tag-laculturanonsiferma","tag-museocity-podcast-distantimauniti","tag-cultura","tag-museo","et-has-post-format-content","et_post_format-et-post-format-standard"],"yoast_head":"<!-- This site is optimized with the Yoast SEO plugin v26.8 - https:\/\/yoast.com\/product\/yoast-seo-wordpress\/ -->\n<title>MuseoCity - Il Podcast -<\/title>\n<meta name=\"description\" content=\"La cultura non si ferma, cerca nuovi mezzi di comunicazione e nuove \u201calleanze\u201d, ecco come \u00e8 nato il Podcast di MuseoCity.\" \/>\n<meta name=\"robots\" content=\"index, follow, max-snippet:-1, max-image-preview:large, max-video-preview:-1\" \/>\n<link rel=\"canonical\" href=\"https:\/\/www.museofratellicozzi.com\/news\/podcast\/\" \/>\n<meta property=\"og:locale\" content=\"it_IT\" \/>\n<meta property=\"og:type\" content=\"article\" \/>\n<meta property=\"og:title\" content=\"MuseoCity - Il Podcast -\" \/>\n<meta property=\"og:description\" content=\"La cultura non si ferma, cerca nuovi mezzi di comunicazione e nuove \u201calleanze\u201d, ecco come \u00e8 nato il Podcast di MuseoCity.\" \/>\n<meta property=\"og:url\" content=\"https:\/\/www.museofratellicozzi.com\/news\/podcast\/\" \/>\n<meta property=\"og:site_name\" content=\"eNews Museo Fratelli Cozzi\" \/>\n<meta property=\"article:published_time\" content=\"2020-04-22T17:58:04+00:00\" \/>\n<meta property=\"article:modified_time\" content=\"2024-01-17T15:21:10+00:00\" \/>\n<meta property=\"og:image\" content=\"https:\/\/www.museofratellicozzi.com\/news\/wp-content\/uploads\/2020\/04\/Immagine-evidenza-WIP-7.png\" \/>\n\t<meta property=\"og:image:width\" content=\"560\" \/>\n\t<meta property=\"og:image:height\" content=\"315\" \/>\n\t<meta property=\"og:image:type\" content=\"image\/png\" \/>\n<meta name=\"author\" content=\"Laura Defendi\" \/>\n<meta name=\"twitter:card\" content=\"summary_large_image\" \/>\n<meta name=\"twitter:label1\" content=\"Scritto da\" \/>\n\t<meta name=\"twitter:data1\" content=\"Laura Defendi\" \/>\n\t<meta name=\"twitter:label2\" content=\"Tempo di lettura stimato\" \/>\n\t<meta name=\"twitter:data2\" content=\"8 minuti\" \/>\n<script type=\"application\/ld+json\" class=\"yoast-schema-graph\">{\"@context\":\"https:\/\/schema.org\",\"@graph\":[{\"@type\":\"Article\",\"@id\":\"https:\/\/www.museofratellicozzi.com\/news\/podcast\/#article\",\"isPartOf\":{\"@id\":\"https:\/\/www.museofratellicozzi.com\/news\/podcast\/\"},\"author\":{\"name\":\"Laura Defendi\",\"@id\":\"https:\/\/www.museofratellicozzi.com\/news\/#\/schema\/person\/9c1de5abfab71104e0bfe41cca1b7072\"},\"headline\":\"Podcast\",\"datePublished\":\"2020-04-22T17:58:04+00:00\",\"dateModified\":\"2024-01-17T15:21:10+00:00\",\"mainEntityOfPage\":{\"@id\":\"https:\/\/www.museofratellicozzi.com\/news\/podcast\/\"},\"wordCount\":1564,\"commentCount\":0,\"publisher\":{\"@id\":\"https:\/\/www.museofratellicozzi.com\/news\/#organization\"},\"image\":{\"@id\":\"https:\/\/www.museofratellicozzi.com\/news\/podcast\/#primaryimage\"},\"thumbnailUrl\":\"https:\/\/www.museofratellicozzi.com\/news\/wp-content\/uploads\/2020\/04\/Immagine-evidenza-WIP-7.png\",\"keywords\":[\"#Insiemeperilclassico\",\"#Laculturacura\",\"#LaCulturaNonSiFerma\",\"#MuseoCity #Podcast #DistantiMaUniti\",\"cultura\",\"museo\"],\"articleSection\":[\"Succede al museo\",\"Vivi il Museo\"],\"inLanguage\":\"it-IT\",\"potentialAction\":[{\"@type\":\"CommentAction\",\"name\":\"Comment\",\"target\":[\"https:\/\/www.museofratellicozzi.com\/news\/podcast\/#respond\"]}]},{\"@type\":\"WebPage\",\"@id\":\"https:\/\/www.museofratellicozzi.com\/news\/podcast\/\",\"url\":\"https:\/\/www.museofratellicozzi.com\/news\/podcast\/\",\"name\":\"MuseoCity - Il Podcast -\",\"isPartOf\":{\"@id\":\"https:\/\/www.museofratellicozzi.com\/news\/#website\"},\"primaryImageOfPage\":{\"@id\":\"https:\/\/www.museofratellicozzi.com\/news\/podcast\/#primaryimage\"},\"image\":{\"@id\":\"https:\/\/www.museofratellicozzi.com\/news\/podcast\/#primaryimage\"},\"thumbnailUrl\":\"https:\/\/www.museofratellicozzi.com\/news\/wp-content\/uploads\/2020\/04\/Immagine-evidenza-WIP-7.png\",\"datePublished\":\"2020-04-22T17:58:04+00:00\",\"dateModified\":\"2024-01-17T15:21:10+00:00\",\"description\":\"La cultura non si ferma, cerca nuovi mezzi di comunicazione e nuove \u201calleanze\u201d, ecco come \u00e8 nato il Podcast di MuseoCity.\",\"breadcrumb\":{\"@id\":\"https:\/\/www.museofratellicozzi.com\/news\/podcast\/#breadcrumb\"},\"inLanguage\":\"it-IT\",\"potentialAction\":[{\"@type\":\"ReadAction\",\"target\":[\"https:\/\/www.museofratellicozzi.com\/news\/podcast\/\"]}]},{\"@type\":\"ImageObject\",\"inLanguage\":\"it-IT\",\"@id\":\"https:\/\/www.museofratellicozzi.com\/news\/podcast\/#primaryimage\",\"url\":\"https:\/\/www.museofratellicozzi.com\/news\/wp-content\/uploads\/2020\/04\/Immagine-evidenza-WIP-7.png\",\"contentUrl\":\"https:\/\/www.museofratellicozzi.com\/news\/wp-content\/uploads\/2020\/04\/Immagine-evidenza-WIP-7.png\",\"width\":560,\"height\":315},{\"@type\":\"BreadcrumbList\",\"@id\":\"https:\/\/www.museofratellicozzi.com\/news\/podcast\/#breadcrumb\",\"itemListElement\":[{\"@type\":\"ListItem\",\"position\":1,\"name\":\"Home\",\"item\":\"https:\/\/www.museofratellicozzi.com\/news\/\"},{\"@type\":\"ListItem\",\"position\":2,\"name\":\"Podcast\"}]},{\"@type\":\"WebSite\",\"@id\":\"https:\/\/www.museofratellicozzi.com\/news\/#website\",\"url\":\"https:\/\/www.museofratellicozzi.com\/news\/\",\"name\":\"eNews Museo Fratelli Cozzi\",\"description\":\"Alfa Romeo: un mito che resiste al tempo\",\"publisher\":{\"@id\":\"https:\/\/www.museofratellicozzi.com\/news\/#organization\"},\"potentialAction\":[{\"@type\":\"SearchAction\",\"target\":{\"@type\":\"EntryPoint\",\"urlTemplate\":\"https:\/\/www.museofratellicozzi.com\/news\/?s={search_term_string}\"},\"query-input\":{\"@type\":\"PropertyValueSpecification\",\"valueRequired\":true,\"valueName\":\"search_term_string\"}}],\"inLanguage\":\"it-IT\"},{\"@type\":\"Organization\",\"@id\":\"https:\/\/www.museofratellicozzi.com\/news\/#organization\",\"name\":\"Museo Fratelli Cozzi\",\"url\":\"https:\/\/www.museofratellicozzi.com\/news\/\",\"logo\":{\"@type\":\"ImageObject\",\"inLanguage\":\"it-IT\",\"@id\":\"https:\/\/www.museofratellicozzi.com\/news\/#\/schema\/logo\/image\/\",\"url\":\"https:\/\/www.museofratellicozzi.com\/news\/wp-content\/uploads\/2017\/04\/home.png\",\"contentUrl\":\"https:\/\/www.museofratellicozzi.com\/news\/wp-content\/uploads\/2017\/04\/home.png\",\"width\":497,\"height\":512,\"caption\":\"Museo Fratelli Cozzi\"},\"image\":{\"@id\":\"https:\/\/www.museofratellicozzi.com\/news\/#\/schema\/logo\/image\/\"}},{\"@type\":\"Person\",\"@id\":\"https:\/\/www.museofratellicozzi.com\/news\/#\/schema\/person\/9c1de5abfab71104e0bfe41cca1b7072\",\"name\":\"Laura Defendi\",\"image\":{\"@type\":\"ImageObject\",\"inLanguage\":\"it-IT\",\"@id\":\"https:\/\/www.museofratellicozzi.com\/news\/#\/schema\/person\/image\/\",\"url\":\"https:\/\/secure.gravatar.com\/avatar\/fa196a116a28416a994aad4b629b4ae8?s=96&d=mm&r=g\",\"contentUrl\":\"https:\/\/secure.gravatar.com\/avatar\/fa196a116a28416a994aad4b629b4ae8?s=96&d=mm&r=g\",\"caption\":\"Laura Defendi\"}}]}<\/script>\n<!-- \/ Yoast SEO plugin. -->","yoast_head_json":{"title":"MuseoCity - Il Podcast -","description":"La cultura non si ferma, cerca nuovi mezzi di comunicazione e nuove \u201calleanze\u201d, ecco come \u00e8 nato il Podcast di MuseoCity.","robots":{"index":"index","follow":"follow","max-snippet":"max-snippet:-1","max-image-preview":"max-image-preview:large","max-video-preview":"max-video-preview:-1"},"canonical":"https:\/\/www.museofratellicozzi.com\/news\/podcast\/","og_locale":"it_IT","og_type":"article","og_title":"MuseoCity - Il Podcast -","og_description":"La cultura non si ferma, cerca nuovi mezzi di comunicazione e nuove \u201calleanze\u201d, ecco come \u00e8 nato il Podcast di MuseoCity.","og_url":"https:\/\/www.museofratellicozzi.com\/news\/podcast\/","og_site_name":"eNews Museo Fratelli Cozzi","article_published_time":"2020-04-22T17:58:04+00:00","article_modified_time":"2024-01-17T15:21:10+00:00","og_image":[{"width":560,"height":315,"url":"https:\/\/www.museofratellicozzi.com\/news\/wp-content\/uploads\/2020\/04\/Immagine-evidenza-WIP-7.png","type":"image\/png"}],"author":"Laura Defendi","twitter_card":"summary_large_image","twitter_misc":{"Scritto da":"Laura Defendi","Tempo di lettura stimato":"8 minuti"},"schema":{"@context":"https:\/\/schema.org","@graph":[{"@type":"Article","@id":"https:\/\/www.museofratellicozzi.com\/news\/podcast\/#article","isPartOf":{"@id":"https:\/\/www.museofratellicozzi.com\/news\/podcast\/"},"author":{"name":"Laura Defendi","@id":"https:\/\/www.museofratellicozzi.com\/news\/#\/schema\/person\/9c1de5abfab71104e0bfe41cca1b7072"},"headline":"Podcast","datePublished":"2020-04-22T17:58:04+00:00","dateModified":"2024-01-17T15:21:10+00:00","mainEntityOfPage":{"@id":"https:\/\/www.museofratellicozzi.com\/news\/podcast\/"},"wordCount":1564,"commentCount":0,"publisher":{"@id":"https:\/\/www.museofratellicozzi.com\/news\/#organization"},"image":{"@id":"https:\/\/www.museofratellicozzi.com\/news\/podcast\/#primaryimage"},"thumbnailUrl":"https:\/\/www.museofratellicozzi.com\/news\/wp-content\/uploads\/2020\/04\/Immagine-evidenza-WIP-7.png","keywords":["#Insiemeperilclassico","#Laculturacura","#LaCulturaNonSiFerma","#MuseoCity #Podcast #DistantiMaUniti","cultura","museo"],"articleSection":["Succede al museo","Vivi il Museo"],"inLanguage":"it-IT","potentialAction":[{"@type":"CommentAction","name":"Comment","target":["https:\/\/www.museofratellicozzi.com\/news\/podcast\/#respond"]}]},{"@type":"WebPage","@id":"https:\/\/www.museofratellicozzi.com\/news\/podcast\/","url":"https:\/\/www.museofratellicozzi.com\/news\/podcast\/","name":"MuseoCity - Il Podcast -","isPartOf":{"@id":"https:\/\/www.museofratellicozzi.com\/news\/#website"},"primaryImageOfPage":{"@id":"https:\/\/www.museofratellicozzi.com\/news\/podcast\/#primaryimage"},"image":{"@id":"https:\/\/www.museofratellicozzi.com\/news\/podcast\/#primaryimage"},"thumbnailUrl":"https:\/\/www.museofratellicozzi.com\/news\/wp-content\/uploads\/2020\/04\/Immagine-evidenza-WIP-7.png","datePublished":"2020-04-22T17:58:04+00:00","dateModified":"2024-01-17T15:21:10+00:00","description":"La cultura non si ferma, cerca nuovi mezzi di comunicazione e nuove \u201calleanze\u201d, ecco come \u00e8 nato il Podcast di MuseoCity.","breadcrumb":{"@id":"https:\/\/www.museofratellicozzi.com\/news\/podcast\/#breadcrumb"},"inLanguage":"it-IT","potentialAction":[{"@type":"ReadAction","target":["https:\/\/www.museofratellicozzi.com\/news\/podcast\/"]}]},{"@type":"ImageObject","inLanguage":"it-IT","@id":"https:\/\/www.museofratellicozzi.com\/news\/podcast\/#primaryimage","url":"https:\/\/www.museofratellicozzi.com\/news\/wp-content\/uploads\/2020\/04\/Immagine-evidenza-WIP-7.png","contentUrl":"https:\/\/www.museofratellicozzi.com\/news\/wp-content\/uploads\/2020\/04\/Immagine-evidenza-WIP-7.png","width":560,"height":315},{"@type":"BreadcrumbList","@id":"https:\/\/www.museofratellicozzi.com\/news\/podcast\/#breadcrumb","itemListElement":[{"@type":"ListItem","position":1,"name":"Home","item":"https:\/\/www.museofratellicozzi.com\/news\/"},{"@type":"ListItem","position":2,"name":"Podcast"}]},{"@type":"WebSite","@id":"https:\/\/www.museofratellicozzi.com\/news\/#website","url":"https:\/\/www.museofratellicozzi.com\/news\/","name":"eNews Museo Fratelli Cozzi","description":"Alfa Romeo: un mito che resiste al tempo","publisher":{"@id":"https:\/\/www.museofratellicozzi.com\/news\/#organization"},"potentialAction":[{"@type":"SearchAction","target":{"@type":"EntryPoint","urlTemplate":"https:\/\/www.museofratellicozzi.com\/news\/?s={search_term_string}"},"query-input":{"@type":"PropertyValueSpecification","valueRequired":true,"valueName":"search_term_string"}}],"inLanguage":"it-IT"},{"@type":"Organization","@id":"https:\/\/www.museofratellicozzi.com\/news\/#organization","name":"Museo Fratelli Cozzi","url":"https:\/\/www.museofratellicozzi.com\/news\/","logo":{"@type":"ImageObject","inLanguage":"it-IT","@id":"https:\/\/www.museofratellicozzi.com\/news\/#\/schema\/logo\/image\/","url":"https:\/\/www.museofratellicozzi.com\/news\/wp-content\/uploads\/2017\/04\/home.png","contentUrl":"https:\/\/www.museofratellicozzi.com\/news\/wp-content\/uploads\/2017\/04\/home.png","width":497,"height":512,"caption":"Museo Fratelli Cozzi"},"image":{"@id":"https:\/\/www.museofratellicozzi.com\/news\/#\/schema\/logo\/image\/"}},{"@type":"Person","@id":"https:\/\/www.museofratellicozzi.com\/news\/#\/schema\/person\/9c1de5abfab71104e0bfe41cca1b7072","name":"Laura Defendi","image":{"@type":"ImageObject","inLanguage":"it-IT","@id":"https:\/\/www.museofratellicozzi.com\/news\/#\/schema\/person\/image\/","url":"https:\/\/secure.gravatar.com\/avatar\/fa196a116a28416a994aad4b629b4ae8?s=96&d=mm&r=g","contentUrl":"https:\/\/secure.gravatar.com\/avatar\/fa196a116a28416a994aad4b629b4ae8?s=96&d=mm&r=g","caption":"Laura Defendi"}}]}},"jetpack_featured_media_url":"https:\/\/www.museofratellicozzi.com\/news\/wp-content\/uploads\/2020\/04\/Immagine-evidenza-WIP-7.png","jetpack_shortlink":"https:\/\/wp.me\/s90Eth-podcast","jetpack_sharing_enabled":true,"post_mailing_queue_ids":[],"_links":{"self":[{"href":"https:\/\/www.museofratellicozzi.com\/news\/wp-json\/wp\/v2\/posts\/9933","targetHints":{"allow":["GET"]}}],"collection":[{"href":"https:\/\/www.museofratellicozzi.com\/news\/wp-json\/wp\/v2\/posts"}],"about":[{"href":"https:\/\/www.museofratellicozzi.com\/news\/wp-json\/wp\/v2\/types\/post"}],"author":[{"embeddable":true,"href":"https:\/\/www.museofratellicozzi.com\/news\/wp-json\/wp\/v2\/users\/5"}],"replies":[{"embeddable":true,"href":"https:\/\/www.museofratellicozzi.com\/news\/wp-json\/wp\/v2\/comments?post=9933"}],"version-history":[{"count":11,"href":"https:\/\/www.museofratellicozzi.com\/news\/wp-json\/wp\/v2\/posts\/9933\/revisions"}],"predecessor-version":[{"id":10072,"href":"https:\/\/www.museofratellicozzi.com\/news\/wp-json\/wp\/v2\/posts\/9933\/revisions\/10072"}],"wp:featuredmedia":[{"embeddable":true,"href":"https:\/\/www.museofratellicozzi.com\/news\/wp-json\/wp\/v2\/media\/10025"}],"wp:attachment":[{"href":"https:\/\/www.museofratellicozzi.com\/news\/wp-json\/wp\/v2\/media?parent=9933"}],"wp:term":[{"taxonomy":"category","embeddable":true,"href":"https:\/\/www.museofratellicozzi.com\/news\/wp-json\/wp\/v2\/categories?post=9933"},{"taxonomy":"post_tag","embeddable":true,"href":"https:\/\/www.museofratellicozzi.com\/news\/wp-json\/wp\/v2\/tags?post=9933"}],"curies":[{"name":"wp","href":"https:\/\/api.w.org\/{rel}","templated":true}]}}