{"id":9938,"date":"2020-04-23T17:54:55","date_gmt":"2020-04-23T15:54:55","guid":{"rendered":"https:\/\/news.museofratellicozzi.com\/?p=9938"},"modified":"2024-01-17T16:19:33","modified_gmt":"2024-01-17T15:19:33","slug":"bianco-rosso-verdone","status":"publish","type":"post","link":"https:\/\/www.museofratellicozzi.com\/news\/bianco-rosso-verdone\/","title":{"rendered":"Tutti al Cinema 3 PUNTATA"},"content":{"rendered":"\n[et_pb_section bb_built=&#8221;1&#8243; admin_label=&#8221;Sezione&#8221; custom_padding=&#8221;0px|||&#8221; custom_width_percent=&#8221;80&#8243;][et_pb_row admin_label=&#8221;Riga&#8221; make_fullwidth=&#8221;on&#8221; custom_width_percent=&#8221;80&#8243; use_custom_gutter=&#8221;on&#8221; gutter_width=&#8221;1&#8243; custom_padding=&#8221;0px|||&#8221; parallax_method_1=&#8221;off&#8221; disabled_on=&#8221;off|off|off&#8221;][et_pb_column type=&#8221;4_4&#8243;][et_pb_video admin_label=&#8221;Video&#8221; src=&#8221;https:\/\/youtu.be\/FyT3tK77ujY&#8221;]\r\n[\/et_pb_video][\/et_pb_column][\/et_pb_row][et_pb_row admin_label=&#8221;Riga&#8221; custom_width_percent=&#8221;80&#8243; custom_padding=&#8221;22px||0px|&#8221; parallax_method_1=&#8221;off&#8221;][et_pb_column type=&#8221;4_4&#8243;][et_pb_text admin_label=&#8221;Categoria&#8221; header_font_size=&#8221;30&#8243; header_letter_spacing=&#8221;0&#8243; header_line_height=&#8221;1&#8243; text_text_color=&#8221;#bcbcbc&#8221; text_letter_spacing=&#8221;2&#8243; text_line_height=&#8221;1.7&#8243; custom_margin=&#8221;||10px|&#8221; custom_margin_last_edited=&#8221;on|tablet&#8221;]\r\n\r\n<strong>CINEMALFA 3\u00b0PUNTATA<\/strong>\r\n\r\n[\/et_pb_text][et_pb_text admin_label=&#8221;Titolo&#8221; header_font=&#8221;PT Sans||||&#8221; header_font_size=&#8221;48&#8243; header_font_size_tablet=&#8221;46&#8243; header_font_size_last_edited=&#8221;on|desktop&#8221; header_text_color=&#8221;#000000&#8243; header_letter_spacing=&#8221;0&#8243; header_line_height=&#8221;1.2&#8243; text_font=&#8221;PT Sans||||&#8221; text_font_size=&#8221;72&#8243; text_font_size_tablet=&#8221;60&#8243; text_font_size_last_edited=&#8221;on|desktop&#8221; text_text_color=&#8221;#000000&#8243; text_letter_spacing=&#8221;0&#8243; text_letter_spacing_last_edited=&#8221;on|desktop&#8221; text_line_height=&#8221;1.1&#8243; text_line_height_last_edited=&#8221;on|&#8221; custom_margin=&#8221;0px||0px|&#8221;]\r\n<p style=\"margin-bottom: 0cm; line-height: 100%; orphans: 0; widows: 0;\">Bianco, Rosso e Verdone<\/p>\r\n[\/et_pb_text][et_pb_text admin_label=&#8221;Data&#8221; header_font_size=&#8221;30&#8243; header_letter_spacing=&#8221;0&#8243; header_line_height=&#8221;1&#8243; text_font=&#8221;PT Sans|on|||&#8221; text_font_size=&#8221;18&#8243; text_text_color=&#8221;#363636&#8243; text_letter_spacing=&#8221;0&#8243; text_line_height=&#8221;1.7&#8243; custom_margin=&#8221;10px||0px|&#8221;]\r\n\r\n24 aprile, 2020\r\n\r\n[\/et_pb_text][\/et_pb_column][\/et_pb_row][\/et_pb_section][et_pb_section bb_built=&#8221;1&#8243; admin_label=&#8221;Section&#8221; background_color=&#8221;#f7f7f4&#8243; custom_padding=&#8221;36.4219px|0px|36.4219px|5px&#8221; custom_width_percent=&#8221;80&#8243;][et_pb_row admin_label=&#8221;row&#8221; custom_width_percent=&#8221;80&#8243; custom_padding=&#8221;0px|||&#8221; padding_mobile=&#8221;on&#8221; column_padding_mobile=&#8221;on&#8221; parallax_method_1=&#8221;off&#8221; parallax_method_2=&#8221;off&#8221;][et_pb_column type=&#8221;1_3&#8243;][\/et_pb_column][et_pb_column type=&#8221;2_3&#8243;][et_pb_text admin_label=&#8221;Occhiello&#8221; max_width=&#8221;620px&#8221; header_font_size=&#8221;30&#8243; header_letter_spacing=&#8221;0&#8243; header_line_height=&#8221;1&#8243; text_font=&#8221;PT Sans|on|||&#8221; text_font_size=&#8221;24&#8243; text_font_size_last_edited=&#8221;on|desktop&#8221; text_text_color=&#8221;#363636&#8243; text_letter_spacing=&#8221;0&#8243; text_line_height=&#8221;1.4&#8243; custom_margin=&#8221;10px||0px|&#8221;]\r\n\r\nCosa c&#8217;\u00e8 di pi\u00f9 bello di andare al cinema? Andare al cinema con gli amici! Ecco perch\u00e9 siamo felici di annunciarvi che, a partire da questa puntata, il nostro &#8220;Drive-In&#8221; virtuale si arricchisce della presenza del Museo Fisogni, un museo capace di stupirvi e che, come noi, appartiene al Circuito Lombardo Musei Design.\r\n\r\n[\/et_pb_text][et_pb_text admin_label=&#8221;Blocco testo 1&#8243; max_width=&#8221;620px&#8221; header_font_size=&#8221;30&#8243; header_letter_spacing=&#8221;0&#8243; header_line_height=&#8221;1&#8243; text_font=&#8221;PT Sans||||&#8221; text_font_size=&#8221;20&#8243; text_font_size_last_edited=&#8221;on|tablet&#8221; text_text_color=&#8221;#363636&#8243; text_letter_spacing=&#8221;0&#8243; text_line_height=&#8221;1.5&#8243; custom_margin=&#8221;30px||0px|&#8221;]\r\n<p class=\"\">Oggi, insieme agli amici di <strong>CinemAlfa<\/strong>, incontriamo anche il <strong>Museo Fisogni di Tradate<\/strong> che, dopo aver seguito le prime puntate, ha deciso di regalarci approfondimenti sulle pompe di benzina che si vedono nei film proposti.<\/p>\r\n<p class=\"\"><strong>CONOSCI IL MUSEO FISOGNI?<\/strong><\/p>\r\nIl\u00a0<a href=\"http:\/\/www.museo-fisogni.org\/\" target=\"_blank\" rel=\"noopener\"><strong>Museo Fisogni<\/strong> <\/a>di Tradate, conserva\u00a0oggetti unici al mondo relativi a stazioni di servizio e societ\u00e0 petrolifere; s\u00ec, perch\u00e9 dove ci sono\u00a0delle auto, ci sono anche delle pompe di benzina.\u00a0 \u201cNelle pellicole cinematografiche \u2013 spiegano al\u00a0Fisogni \u2013 le stazioni di servizio sono pi\u00f9 presenti di quanto si possa pensare. Dai classici di\u00a0<strong>Hitchcock<\/strong> ai cult come \u201c<strong>Ritorno a Futuro<\/strong>\u201d, dai cinepanettoni ai film di <strong>James Bond<\/strong>, non \u00e8 affatto\u00a0raro che vi sia una scena ambientata in un benzinaio\u201d. \u00c8 proprio per questo che il Museo tradatese\u00a0ha deciso di partecipare all\u2019iniziativa lanciata dal Museo Fratelli Cozzi, gi\u00e0 partner nel Circuito Lombardo\u00a0Musei Design: oltre a commentare i film proposti dalla rassegna e descrivere le splendide Alfa che\u00a0compaiono nella pellicola, si potranno quindi scoprire anche numerose curiosit\u00e0 sulle stazioni di\u00a0riferimento, con spunti interessanti e divertenti che stupiranno certamente i lettori.\r\n<h3>ECCO LE PRIME CURIOSITA&#8217;<\/h3>\r\nIl film oggi protagonista nel nostro &#8220;Drive-In&#8221; \u00e8 un grande cult della risata, che ha saputo disegnare personaggi divenuti vere e proprie icone capaci di raccontare tic e paranoie della societ\u00e0. Chi di noi non si \u00e8 mai sentita Magda che si chiude in bagno dicendo &#8220;Non ce la faccio pi\u00f9&#8221;??? Stiamo ovviamente parlando di Bianco, Rosso e Verdone e prima di lasciarvi alla &#8220;visione&#8221; del film, vi anticipiamo alcune curiosit\u00e0 offerte dal Museo Fisogni.\r\n\r\n<em><span style=\"font-weight: 400;\">Verdone e la benzina: durante il loro viaggio, Pasquale e Furio si fermano alla stessa stazione di servizio, probabilmente situata a Tolfa; si pu\u00f2 notare che, come spesso di usava all\u2019epoca, si tratta di un impianto a doppio marchio, API e Fina. Come ricorda Guido Fisogni, in questi impianti i gestori delle diverse societ\u00e0 si contendevano gli automobilisti, cercando di attirarli alla propria pompa di benzina. A proposito di pompe, \u00e8 ben riconoscibile anche il modello di distributore usato dalla Fina, prodotto su licenza dall\u2019italiana Castellazzo.<\/span><\/em>\r\n\r\n<em><span style=\"font-weight: 400;\">Curiosit\u00e0 interessante, il precisissimo Furio sceglie di farsi servire dalla Fina: forse lo avr\u00e0 convinto lo slogan che promette &#8220;pi\u00f9 chilometri con meno olio&#8221;?<\/span><\/em>\r\n<p class=\"\" style=\"text-align: center;\"><span style=\"color: #e02b20;\">#LaCulturaNonSiFerma #DistantiMaUniti #LaCulturaCura<\/span><\/p>\r\n[\/et_pb_text][et_pb_text admin_label=&#8221;Blocco testo 1&#8243; max_width=&#8221;620px&#8221; header_font_size=&#8221;30&#8243; header_letter_spacing=&#8221;0&#8243; header_line_height=&#8221;1&#8243; text_font=&#8221;PT Sans||||&#8221; text_font_size=&#8221;20&#8243; text_font_size_last_edited=&#8221;on|tablet&#8221; text_text_color=&#8221;#363636&#8243; text_letter_spacing=&#8221;0&#8243; text_line_height=&#8221;1.5&#8243; custom_margin=&#8221;30px||0px|&#8221;]\r\n[\/et_pb_text][\/et_pb_column][\/et_pb_row][et_pb_row admin_label=&#8221;Row&#8221; custom_width_percent=&#8221;80&#8243; custom_padding=&#8221;50px|||&#8221; custom_padding_tablet=&#8221;17px|||&#8221; column_padding_mobile=&#8221;on&#8221; parallax_method_1=&#8221;off&#8221; parallax_method_2=&#8221;off&#8221; disabled_on=&#8221;off||&#8221; custom_padding_last_edited=&#8221;on|tablet&#8221;][et_pb_column type=&#8221;1_4&#8243;][\/et_pb_column][et_pb_column type=&#8221;3_4&#8243;][et_pb_gallery admin_label=&#8221;Galleria&#8221; gallery_ids=&#8221;9956,9957,9959&#8243; fullwidth=&#8221;on&#8221; title_letter_spacing=&#8221;0&#8243; title_line_height=&#8221;1&#8243;]\r\n[\/et_pb_gallery][\/et_pb_column][\/et_pb_row][et_pb_row admin_label=&#8221;row&#8221; custom_width_percent=&#8221;80&#8243; custom_padding=&#8221;0px|||&#8221; padding_mobile=&#8221;on&#8221; column_padding_mobile=&#8221;on&#8221; parallax_method_1=&#8221;off&#8221; parallax_method_2=&#8221;off&#8221;][et_pb_column type=&#8221;1_3&#8243;][\/et_pb_column][et_pb_column type=&#8221;2_3&#8243;][et_pb_text admin_label=&#8221;Blocco testo 1&#8243; max_width=&#8221;620px&#8221; header_font_size=&#8221;30&#8243; header_letter_spacing=&#8221;0&#8243; header_line_height=&#8221;1&#8243; text_font=&#8221;PT Sans||||&#8221; text_font_size=&#8221;20&#8243; text_font_size_last_edited=&#8221;on|tablet&#8221; text_text_color=&#8221;#363636&#8243; text_letter_spacing=&#8221;0&#8243; text_line_height=&#8221;1.5&#8243; custom_margin=&#8221;30px||0px|&#8221;]\r\n\r\n<span style=\"color: #999999;\">Bianco<\/span><span style=\"color: #ff0000;\"> Rosso<\/span> e <span style=\"color: #008000;\">Verdone<\/span> (1981)\r\n\r\nDurata 109 minuti \u2013 Genere: commedia \u2013 Regia: Carlo Verdone\r\nCast: Carlo Verdone, Irina Sanpiter, Elena Fabrizi, Angelo Infanti, Milena Vukotic, Eolo Capritti, Mario Brega.\r\n\r\nIn questo film divenuto ormai un cult, Carlo Verdone interpreta tre personaggi completamente\u00a0diversi ma psicologicamente affini, ognuno con una sua peculiarit\u00e0. Furio, Mimmo e Pasquale\u00a0devono recarsi a votare, affrontando un viaggio che li porter\u00e0 alla fine dello stesso ad una presa di\u00a0coscienza della loro situazione umana. Ma il nostro viaggio cinematografico in Alfa Romeo \u00e8\r\naccanto a Pasquale Amitrano che dalla Germania parte per raggiungere Matera a bordo della sua\u00a0Alfasud rossa piena di \u201cgadget\u201d un po kitsch (sedili in pelliccia, bambolina e antenna\r\n\u201cfrustapopoli\u201d).\r\n\r\n[\/et_pb_text][\/et_pb_column][\/et_pb_row][et_pb_row admin_label=&#8221;Row&#8221; custom_width_percent=&#8221;80&#8243; custom_padding=&#8221;50px|||&#8221; custom_padding_tablet=&#8221;17px|||&#8221; column_padding_mobile=&#8221;on&#8221; parallax_method_1=&#8221;off&#8221; parallax_method_2=&#8221;off&#8221; disabled_on=&#8221;off||&#8221; custom_padding_last_edited=&#8221;on|tablet&#8221;][et_pb_column type=&#8221;1_4&#8243;][\/et_pb_column][et_pb_column type=&#8221;3_4&#8243;][et_pb_gallery admin_label=&#8221;Galleria&#8221; gallery_ids=&#8221;9940,9941,9942,9943,9944,9945,9946,9947,9948,9949,9950,9951,9952&#8243; fullwidth=&#8221;on&#8221; caption_letter_spacing_tablet=&#8221;0&#8243; caption_letter_spacing_phone=&#8221;0&#8243; caption_line_height_tablet=&#8221;18&#8243; caption_line_height_phone=&#8221;18&#8243; title_letter_spacing=&#8221;0&#8243; title_letter_spacing_tablet=&#8221;0&#8243; title_letter_spacing_phone=&#8221;0&#8243; title_line_height=&#8221;1&#8243; title_line_height_tablet=&#8221;1&#8243; title_line_height_phone=&#8221;1&#8243;]\r\n[\/et_pb_gallery][\/et_pb_column][\/et_pb_row][et_pb_row admin_label=&#8221;row&#8221; custom_width_percent=&#8221;80&#8243; custom_padding=&#8221;0px|||&#8221; padding_mobile=&#8221;on&#8221; column_padding_mobile=&#8221;on&#8221; parallax_method_1=&#8221;off&#8221; parallax_method_2=&#8221;off&#8221;][et_pb_column type=&#8221;1_3&#8243;][\/et_pb_column][et_pb_column type=&#8221;2_3&#8243;][et_pb_text admin_label=&#8221;Blocco testo 1&#8243; max_width=&#8221;620px&#8221; header_font_size=&#8221;30&#8243; header_letter_spacing=&#8221;0&#8243; header_line_height=&#8221;1&#8243; text_font=&#8221;PT Sans||||&#8221; text_font_size=&#8221;20&#8243; text_font_size_last_edited=&#8221;on|tablet&#8221; text_text_color=&#8221;#363636&#8243; text_letter_spacing=&#8221;0&#8243; text_line_height=&#8221;1.5&#8243; custom_margin=&#8221;30px||0px|&#8221;]\r\n\r\nDurante questo viaggio che parte col sorriso alla frontiera del Brennero e finisce con la rabbia sul\u00a0volto in Basilicata, Pasquale subisce furti, aggressioni, offese, senza mai avere un contatto umano\u00a0(vedi la scena del bus tedesco e della radio spenta sulle notizie elettorali).\r\nIl tutto sempre in silenzio fino all\u2019esplosione in un monologo incomprensibile e senza una pausa\u00a0all\u2019interno del seggio elettorale, dove la \u201cX\u201d tracciata sembra quasi una vendetta nei confronti\u00a0dell\u2019Italia e il colorito arrivederci fa da chiusura prima dei titoli di coda.\r\nCornice di questo splendido road movie della comicit\u00e0 \u00e8 la colonna sonora di Ennio Morricone.\r\nCuriosit\u00e0: la canzone che fa da sottofondo agli acquisti sfrenati di Pasquale nell\u2019Autogrill diventer\u00e0,\u00a0opportunamente riadattata la canzone del cartone giapponese Supercar Gattiger.\r\nC\u2019\u00e8 da notare inoltre che le auto utilizzate nel film hanno i colori della bandiera italiana: Fiat 1100\u00a0D verde, Fiat 131 panorama bianca e Alfasud rossa.\r\n\r\n[\/et_pb_text][\/et_pb_column][\/et_pb_row][et_pb_row admin_label=&#8221;Row&#8221; custom_width_percent=&#8221;80&#8243; custom_padding=&#8221;50px|||&#8221; custom_padding_tablet=&#8221;17px|||&#8221; column_padding_mobile=&#8221;on&#8221; parallax_method_1=&#8221;off&#8221; parallax_method_2=&#8221;off&#8221; disabled_on=&#8221;off||&#8221; custom_padding_last_edited=&#8221;on|tablet&#8221;][et_pb_column type=&#8221;1_4&#8243;][\/et_pb_column][et_pb_column type=&#8221;3_4&#8243;][et_pb_image admin_label=&#8221;Immagine&#8221; src=&#8221;https:\/\/www.museofratellicozzi.com\/news\/wp-content\/uploads\/2020\/03\/Buone-vacanze.png&#8221;]\r\n[\/et_pb_image][\/et_pb_column][\/et_pb_row][et_pb_row admin_label=&#8221;row&#8221; custom_padding=&#8221;0px|||&#8221; padding_mobile=&#8221;on&#8221; column_padding_mobile=&#8221;on&#8221; parallax_method_1=&#8221;off&#8221; parallax_method_2=&#8221;off&#8221;][et_pb_column type=&#8221;1_3&#8243;][\/et_pb_column][et_pb_column type=&#8221;2_3&#8243;][et_pb_text admin_label=&#8221;Blocco testo 2&#8243; max_width=&#8221;620px&#8221; header_font_size=&#8221;30&#8243; header_letter_spacing=&#8221;0&#8243; header_line_height=&#8221;1&#8243; text_font=&#8221;PT Sans||||&#8221; text_font_size=&#8221;20&#8243; text_font_size_last_edited=&#8221;on|tablet&#8221; text_text_color=&#8221;#363636&#8243; text_letter_spacing=&#8221;0&#8243; text_line_height=&#8221;1.5&#8243; custom_margin=&#8221;30px||0px|&#8221; background_layout=&#8221;light&#8221; text_orientation=&#8221;left&#8221; use_border_color=&#8221;off&#8221; border_color=&#8221;#ffffff&#8221; border_width=&#8221;1&#8243; border_style=&#8221;solid&#8221;]\r\n\r\n<strong>CINEM<span style=\"color: #ff0000;\">ALFA<\/span><\/strong> <span style=\"font-weight: 400;\">Sul palcoscenico cinematografico del bel paese il Marchio che pi\u00f9 di tutti rappresenta i cambiamenti di costume della nostra societ\u00e0, la passione ed il made in Italy \u00e8 sicuramente l&#8217;Alfa Romeo. Basta ricordare pellicole che hanno fatto la storia e dalla pregevole fattura come &#8220;<strong>Il laureato<\/strong>\u201d con Dustin Hoffman, &#8220;<strong>Rocco e i suoi fratelli<\/strong>&#8221; di Luchino Visconti, &#8220;<strong>Roma a mano armata<\/strong>&#8221; di Umberto Lenzi, fino al recentissimo &#8220;<strong>Vallanzasca Gli Angeli del Male<\/strong>&#8221; di Michele Placido per collocare indiscutibilmente la Casa milanese nell\u2019olimpo dei marchi pi\u00f9 fascinosi e famosi al mondo.<\/span> <span style=\"font-weight: 400;\">CinemAlfa nasce proprio da questo: \u00e8 l\u2019ambiziosa idea di <span style=\"text-decoration: underline;\"><em>riunire gli appassionati di automobilismo e cinematografia<\/em><\/span> in un\u2019Associazione unica nel suo genere. E\u2019 anche Centro Studi per chi vuole studiare, approfondire la propria cultura cine-automobilistica con testi suddivisi in due distinte aree d\u2019interesse, quello automobilistico e quello cinematografico, tutti consultabili nella sede bergamasca del club.<\/span> <span style=\"font-weight: 400;\">I soci, con le proprie autovetture, hanno collaborato alla realizzazione ed al lancio di molti progetti cinematografici tra cui cortometraggi, pubblicit\u00e0, videoclip musicali e pellicole cinematografiche di caratura internazionale tra cui \u201cEra Santo, era uomo\u201d per la regia di Lino Zani, le fiction \u201c1993\u201d e \u201c1994\u201d per Sky, \u201cMaltese. Il romanzo del Commissario\u201d, \u201cNoi e la Giulia!\u201d, \u201cAll the money in the world\u201d di Ridley Scott, solo per citarne alcuni.<\/span> <span style=\"font-weight: 400;\">Le Sedi operative, poi, ospitano alcune vetture ed una ricca ed interessante galleria fotografica che accompagna il visitatore in piccolo viaggio tra cent\u2019anni di ricordi e storia del cinema.<\/span> <span style=\"font-weight: 400;\">L\u2019Associazione \u00e8 presente in rete con un proprio sito <a href=\"http:\/\/www.cinemalfa.it\/\">(<\/a><\/span><span style=\"font-weight: 400;\">www.cinemalfa.it<\/span><span style=\"font-weight: 400;\">), con un canale You Tube ed attivissimo profilo Facebook in cui i soci e gli amici discutono le novit\u00e0 del settore automobilistico e cinematografico.\u00a0<\/span>\r\n\r\n[\/et_pb_text][\/et_pb_column][\/et_pb_row][\/et_pb_section]\n","protected":false},"excerpt":{"rendered":"<p>#RestateACasa\u2026 ci pensiamo noi a farvi compagnia e a portarvi al cinema, in Alfa ovviamente: 3\u00b0 puntata &#8220;Bianco, Rosso e Verdone&#8221;<\/p>\n","protected":false},"author":5,"featured_media":9953,"comment_status":"closed","ping_status":"closed","sticky":false,"template":"","format":"standard","meta":{"_et_pb_use_builder":"on","_et_pb_old_content":"","_et_gb_content_width":"","_jetpack_memberships_contains_paid_content":false,"footnotes":""},"categories":[151,805],"tags":[21,352,574,474,456,587,575,588,580],"class_list":["post-9938","post","type-post","status-publish","format-standard","has-post-thumbnail","hentry","category-eventi","category-succede-al-museo","tag-alfa-romeo","tag-cinema","tag-cinemalfa","tag-drive-in","tag-evento","tag-parigi","tag-pellicola","tag-valeria-golino","tag-web-laculturacura","et-has-post-format-content","et_post_format-et-post-format-standard"],"yoast_head":"<!-- This site is optimized with the Yoast SEO plugin v26.8 - https:\/\/yoast.com\/product\/yoast-seo-wordpress\/ -->\n<title>Tutti al Cinema 3 PUNTATA - eNews Museo Fratelli Cozzi<\/title>\n<meta name=\"description\" content=\"3 Puntata #RestateACasa #LaCulturaNonSiFerma\u2026 ci pensiamo noi a farvi compagnia e a portarvi al cinema, in Alfa ovviamente. Non dimenticate il pop corn\" \/>\n<meta name=\"robots\" content=\"index, follow, max-snippet:-1, max-image-preview:large, max-video-preview:-1\" \/>\n<link rel=\"canonical\" href=\"https:\/\/www.museofratellicozzi.com\/news\/bianco-rosso-verdone\/\" \/>\n<meta property=\"og:locale\" content=\"it_IT\" \/>\n<meta property=\"og:type\" content=\"article\" \/>\n<meta property=\"og:title\" content=\"Tutti al Cinema 3 PUNTATA - eNews Museo Fratelli Cozzi\" \/>\n<meta property=\"og:description\" content=\"3 Puntata #RestateACasa #LaCulturaNonSiFerma\u2026 ci pensiamo noi a farvi compagnia e a portarvi al cinema, in Alfa ovviamente. Non dimenticate il pop corn\" \/>\n<meta property=\"og:url\" content=\"https:\/\/www.museofratellicozzi.com\/news\/bianco-rosso-verdone\/\" \/>\n<meta property=\"og:site_name\" content=\"eNews Museo Fratelli Cozzi\" \/>\n<meta property=\"article:published_time\" content=\"2020-04-23T15:54:55+00:00\" \/>\n<meta property=\"article:modified_time\" content=\"2024-01-17T15:19:33+00:00\" \/>\n<meta property=\"og:image\" content=\"https:\/\/www.museofratellicozzi.com\/news\/wp-content\/uploads\/2020\/04\/Immagine-in-evidenza-Museo-6.jpg\" \/>\n\t<meta property=\"og:image:width\" content=\"1280\" \/>\n\t<meta property=\"og:image:height\" content=\"720\" \/>\n\t<meta property=\"og:image:type\" content=\"image\/jpeg\" \/>\n<meta name=\"author\" content=\"Laura Defendi\" \/>\n<meta name=\"twitter:card\" content=\"summary_large_image\" \/>\n<meta name=\"twitter:label1\" content=\"Scritto da\" \/>\n\t<meta name=\"twitter:data1\" content=\"Laura Defendi\" \/>\n\t<meta name=\"twitter:label2\" content=\"Tempo di lettura stimato\" \/>\n\t<meta name=\"twitter:data2\" content=\"6 minuti\" \/>\n<script type=\"application\/ld+json\" class=\"yoast-schema-graph\">{\"@context\":\"https:\/\/schema.org\",\"@graph\":[{\"@type\":\"Article\",\"@id\":\"https:\/\/www.museofratellicozzi.com\/news\/bianco-rosso-verdone\/#article\",\"isPartOf\":{\"@id\":\"https:\/\/www.museofratellicozzi.com\/news\/bianco-rosso-verdone\/\"},\"author\":{\"name\":\"Laura Defendi\",\"@id\":\"https:\/\/www.museofratellicozzi.com\/news\/#\/schema\/person\/9c1de5abfab71104e0bfe41cca1b7072\"},\"headline\":\"Tutti al Cinema 3 PUNTATA\",\"datePublished\":\"2020-04-23T15:54:55+00:00\",\"dateModified\":\"2024-01-17T15:19:33+00:00\",\"mainEntityOfPage\":{\"@id\":\"https:\/\/www.museofratellicozzi.com\/news\/bianco-rosso-verdone\/\"},\"wordCount\":1984,\"publisher\":{\"@id\":\"https:\/\/www.museofratellicozzi.com\/news\/#organization\"},\"image\":{\"@id\":\"https:\/\/www.museofratellicozzi.com\/news\/bianco-rosso-verdone\/#primaryimage\"},\"thumbnailUrl\":\"https:\/\/www.museofratellicozzi.com\/news\/wp-content\/uploads\/2020\/04\/Immagine-in-evidenza-Museo-6.jpg\",\"keywords\":[\"alfa romeo\",\"cinema\",\"Cinemalfa\",\"drive in\",\"evento\",\"Parigi\",\"Pellicola\",\"Valeria Golino\",\"web #Laculturacura\"],\"articleSection\":[\"Eventi\",\"Succede al museo\"],\"inLanguage\":\"it-IT\"},{\"@type\":\"WebPage\",\"@id\":\"https:\/\/www.museofratellicozzi.com\/news\/bianco-rosso-verdone\/\",\"url\":\"https:\/\/www.museofratellicozzi.com\/news\/bianco-rosso-verdone\/\",\"name\":\"Tutti al Cinema 3 PUNTATA - eNews Museo Fratelli Cozzi\",\"isPartOf\":{\"@id\":\"https:\/\/www.museofratellicozzi.com\/news\/#website\"},\"primaryImageOfPage\":{\"@id\":\"https:\/\/www.museofratellicozzi.com\/news\/bianco-rosso-verdone\/#primaryimage\"},\"image\":{\"@id\":\"https:\/\/www.museofratellicozzi.com\/news\/bianco-rosso-verdone\/#primaryimage\"},\"thumbnailUrl\":\"https:\/\/www.museofratellicozzi.com\/news\/wp-content\/uploads\/2020\/04\/Immagine-in-evidenza-Museo-6.jpg\",\"datePublished\":\"2020-04-23T15:54:55+00:00\",\"dateModified\":\"2024-01-17T15:19:33+00:00\",\"description\":\"3 Puntata #RestateACasa #LaCulturaNonSiFerma\u2026 ci pensiamo noi a farvi compagnia e a portarvi al cinema, in Alfa ovviamente. Non dimenticate il pop corn\",\"breadcrumb\":{\"@id\":\"https:\/\/www.museofratellicozzi.com\/news\/bianco-rosso-verdone\/#breadcrumb\"},\"inLanguage\":\"it-IT\",\"potentialAction\":[{\"@type\":\"ReadAction\",\"target\":[\"https:\/\/www.museofratellicozzi.com\/news\/bianco-rosso-verdone\/\"]}]},{\"@type\":\"ImageObject\",\"inLanguage\":\"it-IT\",\"@id\":\"https:\/\/www.museofratellicozzi.com\/news\/bianco-rosso-verdone\/#primaryimage\",\"url\":\"https:\/\/www.museofratellicozzi.com\/news\/wp-content\/uploads\/2020\/04\/Immagine-in-evidenza-Museo-6.jpg\",\"contentUrl\":\"https:\/\/www.museofratellicozzi.com\/news\/wp-content\/uploads\/2020\/04\/Immagine-in-evidenza-Museo-6.jpg\",\"width\":1280,\"height\":720},{\"@type\":\"BreadcrumbList\",\"@id\":\"https:\/\/www.museofratellicozzi.com\/news\/bianco-rosso-verdone\/#breadcrumb\",\"itemListElement\":[{\"@type\":\"ListItem\",\"position\":1,\"name\":\"Home\",\"item\":\"https:\/\/www.museofratellicozzi.com\/news\/\"},{\"@type\":\"ListItem\",\"position\":2,\"name\":\"Tutti al Cinema 3 PUNTATA\"}]},{\"@type\":\"WebSite\",\"@id\":\"https:\/\/www.museofratellicozzi.com\/news\/#website\",\"url\":\"https:\/\/www.museofratellicozzi.com\/news\/\",\"name\":\"eNews Museo Fratelli Cozzi\",\"description\":\"Alfa Romeo: un mito che resiste al tempo\",\"publisher\":{\"@id\":\"https:\/\/www.museofratellicozzi.com\/news\/#organization\"},\"potentialAction\":[{\"@type\":\"SearchAction\",\"target\":{\"@type\":\"EntryPoint\",\"urlTemplate\":\"https:\/\/www.museofratellicozzi.com\/news\/?s={search_term_string}\"},\"query-input\":{\"@type\":\"PropertyValueSpecification\",\"valueRequired\":true,\"valueName\":\"search_term_string\"}}],\"inLanguage\":\"it-IT\"},{\"@type\":\"Organization\",\"@id\":\"https:\/\/www.museofratellicozzi.com\/news\/#organization\",\"name\":\"Museo Fratelli Cozzi\",\"url\":\"https:\/\/www.museofratellicozzi.com\/news\/\",\"logo\":{\"@type\":\"ImageObject\",\"inLanguage\":\"it-IT\",\"@id\":\"https:\/\/www.museofratellicozzi.com\/news\/#\/schema\/logo\/image\/\",\"url\":\"https:\/\/www.museofratellicozzi.com\/news\/wp-content\/uploads\/2017\/04\/home.png\",\"contentUrl\":\"https:\/\/www.museofratellicozzi.com\/news\/wp-content\/uploads\/2017\/04\/home.png\",\"width\":497,\"height\":512,\"caption\":\"Museo Fratelli Cozzi\"},\"image\":{\"@id\":\"https:\/\/www.museofratellicozzi.com\/news\/#\/schema\/logo\/image\/\"}},{\"@type\":\"Person\",\"@id\":\"https:\/\/www.museofratellicozzi.com\/news\/#\/schema\/person\/9c1de5abfab71104e0bfe41cca1b7072\",\"name\":\"Laura Defendi\",\"image\":{\"@type\":\"ImageObject\",\"inLanguage\":\"it-IT\",\"@id\":\"https:\/\/www.museofratellicozzi.com\/news\/#\/schema\/person\/image\/\",\"url\":\"https:\/\/secure.gravatar.com\/avatar\/fa196a116a28416a994aad4b629b4ae8?s=96&d=mm&r=g\",\"contentUrl\":\"https:\/\/secure.gravatar.com\/avatar\/fa196a116a28416a994aad4b629b4ae8?s=96&d=mm&r=g\",\"caption\":\"Laura Defendi\"}}]}<\/script>\n<!-- \/ Yoast SEO plugin. -->","yoast_head_json":{"title":"Tutti al Cinema 3 PUNTATA - eNews Museo Fratelli Cozzi","description":"3 Puntata #RestateACasa #LaCulturaNonSiFerma\u2026 ci pensiamo noi a farvi compagnia e a portarvi al cinema, in Alfa ovviamente. Non dimenticate il pop corn","robots":{"index":"index","follow":"follow","max-snippet":"max-snippet:-1","max-image-preview":"max-image-preview:large","max-video-preview":"max-video-preview:-1"},"canonical":"https:\/\/www.museofratellicozzi.com\/news\/bianco-rosso-verdone\/","og_locale":"it_IT","og_type":"article","og_title":"Tutti al Cinema 3 PUNTATA - eNews Museo Fratelli Cozzi","og_description":"3 Puntata #RestateACasa #LaCulturaNonSiFerma\u2026 ci pensiamo noi a farvi compagnia e a portarvi al cinema, in Alfa ovviamente. Non dimenticate il pop corn","og_url":"https:\/\/www.museofratellicozzi.com\/news\/bianco-rosso-verdone\/","og_site_name":"eNews Museo Fratelli Cozzi","article_published_time":"2020-04-23T15:54:55+00:00","article_modified_time":"2024-01-17T15:19:33+00:00","og_image":[{"width":1280,"height":720,"url":"https:\/\/www.museofratellicozzi.com\/news\/wp-content\/uploads\/2020\/04\/Immagine-in-evidenza-Museo-6.jpg","type":"image\/jpeg"}],"author":"Laura Defendi","twitter_card":"summary_large_image","twitter_misc":{"Scritto da":"Laura Defendi","Tempo di lettura stimato":"6 minuti"},"schema":{"@context":"https:\/\/schema.org","@graph":[{"@type":"Article","@id":"https:\/\/www.museofratellicozzi.com\/news\/bianco-rosso-verdone\/#article","isPartOf":{"@id":"https:\/\/www.museofratellicozzi.com\/news\/bianco-rosso-verdone\/"},"author":{"name":"Laura Defendi","@id":"https:\/\/www.museofratellicozzi.com\/news\/#\/schema\/person\/9c1de5abfab71104e0bfe41cca1b7072"},"headline":"Tutti al Cinema 3 PUNTATA","datePublished":"2020-04-23T15:54:55+00:00","dateModified":"2024-01-17T15:19:33+00:00","mainEntityOfPage":{"@id":"https:\/\/www.museofratellicozzi.com\/news\/bianco-rosso-verdone\/"},"wordCount":1984,"publisher":{"@id":"https:\/\/www.museofratellicozzi.com\/news\/#organization"},"image":{"@id":"https:\/\/www.museofratellicozzi.com\/news\/bianco-rosso-verdone\/#primaryimage"},"thumbnailUrl":"https:\/\/www.museofratellicozzi.com\/news\/wp-content\/uploads\/2020\/04\/Immagine-in-evidenza-Museo-6.jpg","keywords":["alfa romeo","cinema","Cinemalfa","drive in","evento","Parigi","Pellicola","Valeria Golino","web #Laculturacura"],"articleSection":["Eventi","Succede al museo"],"inLanguage":"it-IT"},{"@type":"WebPage","@id":"https:\/\/www.museofratellicozzi.com\/news\/bianco-rosso-verdone\/","url":"https:\/\/www.museofratellicozzi.com\/news\/bianco-rosso-verdone\/","name":"Tutti al Cinema 3 PUNTATA - eNews Museo Fratelli Cozzi","isPartOf":{"@id":"https:\/\/www.museofratellicozzi.com\/news\/#website"},"primaryImageOfPage":{"@id":"https:\/\/www.museofratellicozzi.com\/news\/bianco-rosso-verdone\/#primaryimage"},"image":{"@id":"https:\/\/www.museofratellicozzi.com\/news\/bianco-rosso-verdone\/#primaryimage"},"thumbnailUrl":"https:\/\/www.museofratellicozzi.com\/news\/wp-content\/uploads\/2020\/04\/Immagine-in-evidenza-Museo-6.jpg","datePublished":"2020-04-23T15:54:55+00:00","dateModified":"2024-01-17T15:19:33+00:00","description":"3 Puntata #RestateACasa #LaCulturaNonSiFerma\u2026 ci pensiamo noi a farvi compagnia e a portarvi al cinema, in Alfa ovviamente. Non dimenticate il pop corn","breadcrumb":{"@id":"https:\/\/www.museofratellicozzi.com\/news\/bianco-rosso-verdone\/#breadcrumb"},"inLanguage":"it-IT","potentialAction":[{"@type":"ReadAction","target":["https:\/\/www.museofratellicozzi.com\/news\/bianco-rosso-verdone\/"]}]},{"@type":"ImageObject","inLanguage":"it-IT","@id":"https:\/\/www.museofratellicozzi.com\/news\/bianco-rosso-verdone\/#primaryimage","url":"https:\/\/www.museofratellicozzi.com\/news\/wp-content\/uploads\/2020\/04\/Immagine-in-evidenza-Museo-6.jpg","contentUrl":"https:\/\/www.museofratellicozzi.com\/news\/wp-content\/uploads\/2020\/04\/Immagine-in-evidenza-Museo-6.jpg","width":1280,"height":720},{"@type":"BreadcrumbList","@id":"https:\/\/www.museofratellicozzi.com\/news\/bianco-rosso-verdone\/#breadcrumb","itemListElement":[{"@type":"ListItem","position":1,"name":"Home","item":"https:\/\/www.museofratellicozzi.com\/news\/"},{"@type":"ListItem","position":2,"name":"Tutti al Cinema 3 PUNTATA"}]},{"@type":"WebSite","@id":"https:\/\/www.museofratellicozzi.com\/news\/#website","url":"https:\/\/www.museofratellicozzi.com\/news\/","name":"eNews Museo Fratelli Cozzi","description":"Alfa Romeo: un mito che resiste al tempo","publisher":{"@id":"https:\/\/www.museofratellicozzi.com\/news\/#organization"},"potentialAction":[{"@type":"SearchAction","target":{"@type":"EntryPoint","urlTemplate":"https:\/\/www.museofratellicozzi.com\/news\/?s={search_term_string}"},"query-input":{"@type":"PropertyValueSpecification","valueRequired":true,"valueName":"search_term_string"}}],"inLanguage":"it-IT"},{"@type":"Organization","@id":"https:\/\/www.museofratellicozzi.com\/news\/#organization","name":"Museo Fratelli Cozzi","url":"https:\/\/www.museofratellicozzi.com\/news\/","logo":{"@type":"ImageObject","inLanguage":"it-IT","@id":"https:\/\/www.museofratellicozzi.com\/news\/#\/schema\/logo\/image\/","url":"https:\/\/www.museofratellicozzi.com\/news\/wp-content\/uploads\/2017\/04\/home.png","contentUrl":"https:\/\/www.museofratellicozzi.com\/news\/wp-content\/uploads\/2017\/04\/home.png","width":497,"height":512,"caption":"Museo Fratelli Cozzi"},"image":{"@id":"https:\/\/www.museofratellicozzi.com\/news\/#\/schema\/logo\/image\/"}},{"@type":"Person","@id":"https:\/\/www.museofratellicozzi.com\/news\/#\/schema\/person\/9c1de5abfab71104e0bfe41cca1b7072","name":"Laura Defendi","image":{"@type":"ImageObject","inLanguage":"it-IT","@id":"https:\/\/www.museofratellicozzi.com\/news\/#\/schema\/person\/image\/","url":"https:\/\/secure.gravatar.com\/avatar\/fa196a116a28416a994aad4b629b4ae8?s=96&d=mm&r=g","contentUrl":"https:\/\/secure.gravatar.com\/avatar\/fa196a116a28416a994aad4b629b4ae8?s=96&d=mm&r=g","caption":"Laura Defendi"}}]}},"jetpack_featured_media_url":"https:\/\/www.museofratellicozzi.com\/news\/wp-content\/uploads\/2020\/04\/Immagine-in-evidenza-Museo-6.jpg","jetpack_shortlink":"https:\/\/wp.me\/p90Eth-2Ai","jetpack_sharing_enabled":true,"post_mailing_queue_ids":[],"_links":{"self":[{"href":"https:\/\/www.museofratellicozzi.com\/news\/wp-json\/wp\/v2\/posts\/9938","targetHints":{"allow":["GET"]}}],"collection":[{"href":"https:\/\/www.museofratellicozzi.com\/news\/wp-json\/wp\/v2\/posts"}],"about":[{"href":"https:\/\/www.museofratellicozzi.com\/news\/wp-json\/wp\/v2\/types\/post"}],"author":[{"embeddable":true,"href":"https:\/\/www.museofratellicozzi.com\/news\/wp-json\/wp\/v2\/users\/5"}],"replies":[{"embeddable":true,"href":"https:\/\/www.museofratellicozzi.com\/news\/wp-json\/wp\/v2\/comments?post=9938"}],"version-history":[{"count":11,"href":"https:\/\/www.museofratellicozzi.com\/news\/wp-json\/wp\/v2\/posts\/9938\/revisions"}],"predecessor-version":[{"id":11644,"href":"https:\/\/www.museofratellicozzi.com\/news\/wp-json\/wp\/v2\/posts\/9938\/revisions\/11644"}],"wp:featuredmedia":[{"embeddable":true,"href":"https:\/\/www.museofratellicozzi.com\/news\/wp-json\/wp\/v2\/media\/9953"}],"wp:attachment":[{"href":"https:\/\/www.museofratellicozzi.com\/news\/wp-json\/wp\/v2\/media?parent=9938"}],"wp:term":[{"taxonomy":"category","embeddable":true,"href":"https:\/\/www.museofratellicozzi.com\/news\/wp-json\/wp\/v2\/categories?post=9938"},{"taxonomy":"post_tag","embeddable":true,"href":"https:\/\/www.museofratellicozzi.com\/news\/wp-json\/wp\/v2\/tags?post=9938"}],"curies":[{"name":"wp","href":"https:\/\/api.w.org\/{rel}","templated":true}]}}