{"id":9974,"date":"2020-04-28T16:40:13","date_gmt":"2020-04-28T14:40:13","guid":{"rendered":"https:\/\/news.museofratellicozzi.com\/?p=9974"},"modified":"2020-11-12T16:54:19","modified_gmt":"2020-11-12T15:54:19","slug":"insieme-per-il-classico","status":"publish","type":"post","link":"https:\/\/www.museofratellicozzi.com\/news\/insieme-per-il-classico\/","title":{"rendered":"Insieme per il classico"},"content":{"rendered":"<p>[et_pb_section bb_built=&#8221;1&#8243; admin_label=&#8221;Sezione&#8221; custom_padding=&#8221;0px|||&#8221; custom_width_percent=&#8221;80&#8243;][et_pb_row admin_label=&#8221;Riga&#8221; make_fullwidth=&#8221;on&#8221; custom_width_percent=&#8221;80&#8243; use_custom_gutter=&#8221;on&#8221; gutter_width=&#8221;1&#8243; custom_padding=&#8221;0px|||&#8221; parallax_method_1=&#8221;off&#8221; disabled_on=&#8221;off|off|off&#8221;][et_pb_column type=&#8221;4_4&#8243;][et_pb_image admin_label=&#8221;Immagine principale&#8221; src=&#8221;https:\/\/www.museofratellicozzi.com\/news\/wp-content\/uploads\/2020\/04\/Immagine-MUSEO-interno-articolo-Divi.png&#8221; animation=&#8221;off&#8221; force_fullwidth=&#8221;on&#8221;]<\/p>\n<p>&nbsp;<\/p>\n<p>[\/et_pb_image][\/et_pb_column][\/et_pb_row][et_pb_row admin_label=&#8221;Riga&#8221; custom_width_percent=&#8221;80&#8243; custom_padding=&#8221;20px||0px|&#8221; parallax_method_1=&#8221;off&#8221;][et_pb_column type=&#8221;4_4&#8243;][et_pb_text admin_label=&#8221;Categoria&#8221; header_font_size=&#8221;30&#8243; header_letter_spacing=&#8221;0&#8243; header_line_height=&#8221;1&#8243; text_text_color=&#8221;#bcbcbc&#8221; text_letter_spacing=&#8221;2&#8243; text_line_height=&#8221;1.7&#8243; custom_margin=&#8221;||10px|&#8221; custom_margin_last_edited=&#8221;on|tablet&#8221;]<\/p>\n<p><strong>PASSIONE<\/strong><\/p>\n<p>[\/et_pb_text][et_pb_text admin_label=&#8221;Titolo&#8221; header_font=&#8221;PT Sans||||&#8221; header_font_size=&#8221;48&#8243; header_font_size_tablet=&#8221;46&#8243; header_font_size_last_edited=&#8221;on|desktop&#8221; header_text_color=&#8221;#000000&#8243; header_letter_spacing=&#8221;0&#8243; header_line_height=&#8221;1.2&#8243; text_font=&#8221;PT Sans||||&#8221; text_font_size=&#8221;72&#8243; text_font_size_tablet=&#8221;60&#8243; text_font_size_last_edited=&#8221;on|desktop&#8221; text_text_color=&#8221;#000000&#8243; text_letter_spacing=&#8221;0&#8243; text_letter_spacing_last_edited=&#8221;on|desktop&#8221; text_line_height=&#8221;1.1&#8243; text_line_height_last_edited=&#8221;on|&#8221; custom_margin=&#8221;0px||0px|&#8221;]<\/p>\n<p>#InsiemePerIlClassico<\/p>\n<p>[\/et_pb_text][et_pb_text admin_label=&#8221;Data&#8221; header_font_size=&#8221;30&#8243; header_letter_spacing=&#8221;0&#8243; header_line_height=&#8221;1&#8243; text_font=&#8221;PT Sans|on|||&#8221; text_font_size=&#8221;18&#8243; text_text_color=&#8221;#363636&#8243; text_letter_spacing=&#8221;0&#8243; text_line_height=&#8221;1.7&#8243; custom_margin=&#8221;10px||0px|&#8221;]<\/p>\n<p>28 aprile, 2020<\/p>\n<p>[\/et_pb_text][\/et_pb_column][\/et_pb_row][\/et_pb_section][et_pb_section bb_built=&#8221;1&#8243; admin_label=&#8221;Section&#8221; background_color=&#8221;#f7f7f4&#8243; custom_width_percent=&#8221;80&#8243;][et_pb_row admin_label=&#8221;row&#8221; custom_width_percent=&#8221;80&#8243; custom_padding=&#8221;0px|||&#8221; padding_mobile=&#8221;on&#8221; column_padding_mobile=&#8221;on&#8221; parallax_method_1=&#8221;off&#8221; parallax_method_2=&#8221;off&#8221;][et_pb_column type=&#8221;1_3&#8243;][\/et_pb_column][et_pb_column type=&#8221;2_3&#8243;][et_pb_text admin_label=&#8221;Occhiello&#8221; max_width=&#8221;620px&#8221; header_font_size=&#8221;30&#8243; header_letter_spacing=&#8221;0&#8243; header_line_height=&#8221;1&#8243; text_font=&#8221;PT Sans|on|||&#8221; text_font_size=&#8221;24&#8243; text_font_size_last_edited=&#8221;on|desktop&#8221; text_text_color=&#8221;#363636&#8243; text_letter_spacing=&#8221;0&#8243; text_line_height=&#8221;1.4&#8243; custom_margin=&#8221;10px||0px|&#8221;]<\/p>\n<p>Un manifesto per condividere intenti, esperienze e idee per rimettere in moto l\u2019economia del settore &#8220;heritage&#8221; divulgando le iniziative messe in campo dalla categoria. Stay connected!<\/p>\n<p>[\/et_pb_text][et_pb_text admin_label=&#8221;Blocco testo 1&#8243; max_width=&#8221;620px&#8221; header_font_size=&#8221;30&#8243; header_letter_spacing=&#8221;0&#8243; header_line_height=&#8221;1&#8243; text_font=&#8221;PT Sans||||&#8221; text_font_size=&#8221;20&#8243; text_font_size_last_edited=&#8221;on|tablet&#8221; text_text_color=&#8221;#363636&#8243; text_letter_spacing=&#8221;0&#8243; text_line_height=&#8221;1.5&#8243; custom_margin=&#8221;30px||0px|&#8221;]<\/p>\n<p>Un giorno racconteremo questo periodo. Molti di noi avranno racconti dolorosi da condividere, altri storie di eroismi quotidiani. Di certo, ognuno di noi ha scoperto nuove fragilit\u00e0 e nuove risorse che non immaginava di possedere. Ci saranno da ricostruire relazioni, professioni, attivit\u00e0, passioni, in una parola &#8220;Vite&#8221;.<\/p>\n<p class=\"\">Torneremo a sorridere e a incontrarci, torneremo a stare insieme, ma non \u00e8 nel nostro stile attendere che gli eventi semplicemente accadano, quindi vogliamo ripartire subito con gli strumenti e le possibilit\u00e0 che abbiamo a disposizione in questo momento. Per questo siamo entusiasti di aderire al manifesto di Ruoteclassiche <span style=\"color: #e02b20;\">#InsiemePerIlClassico<\/span>. Lasciamo a <strong>David Giudici<\/strong>,\u00a0Direttore <strong><a href=\"https:\/\/ruoteclassiche.quattroruote.it\/\">Ruoteclassiche<\/a><\/strong> e <strong><a href=\"https:\/\/ruoteclassiche.quattroruote.it\/tag\/youngtimer\/\">Youngtimer<\/a><\/strong>, la parola per raccontarvi di cosa si tratta.<\/p>\n<p class=\"\">E non temete&#8230;\u00a0 continuiamo a prenderci cura delle nostre &#8220;piccole&#8221;.<\/p>\n<p>[\/et_pb_text][\/et_pb_column][\/et_pb_row][et_pb_row admin_label=&#8221;Row&#8221; custom_width_percent=&#8221;80&#8243; custom_padding=&#8221;50px|||&#8221; custom_padding_tablet=&#8221;17px|||&#8221; column_padding_mobile=&#8221;on&#8221; parallax_method_1=&#8221;off&#8221; parallax_method_2=&#8221;off&#8221; disabled_on=&#8221;off||&#8221; custom_padding_last_edited=&#8221;on|tablet&#8221;][et_pb_column type=&#8221;4_4&#8243;][et_pb_image admin_label=&#8221;Immagine&#8221; src=&#8221;https:\/\/www.museofratellicozzi.com\/news\/wp-content\/uploads\/2018\/06\/WhatsApp-Image-2018-06-27-at-4.54.29-PM-2.jpeg&#8221; animation=&#8221;fade_in&#8221; sticky=&#8221;on&#8221;]<\/p>\n<p>&nbsp;<\/p>\n<p>[\/et_pb_image][\/et_pb_column][\/et_pb_row][et_pb_row admin_label=&#8221;row&#8221; custom_padding=&#8221;0px|||&#8221; padding_mobile=&#8221;on&#8221; column_padding_mobile=&#8221;on&#8221; parallax_method_1=&#8221;off&#8221; parallax_method_2=&#8221;off&#8221;][et_pb_column type=&#8221;1_3&#8243;][\/et_pb_column][et_pb_column type=&#8221;2_3&#8243;][et_pb_text admin_label=&#8221;Blocco testo 2&#8243; max_width=&#8221;620px&#8221; header_font_size=&#8221;30&#8243; header_letter_spacing=&#8221;0&#8243; header_line_height=&#8221;1&#8243; text_font=&#8221;PT Sans||||&#8221; text_font_size=&#8221;20&#8243; text_font_size_last_edited=&#8221;on|tablet&#8221; text_text_color=&#8221;#363636&#8243; text_letter_spacing=&#8221;0&#8243; text_line_height=&#8221;1.5&#8243; custom_margin=&#8221;30px||0px|&#8221;]<\/p>\n<p><strong>MANIFESTO <span style=\"color: #e02b20;\">#INSIEMEPERILCLASSICO<\/span><\/strong><br \/>\n<em>Cari amici appassionati, la tragedia che ha colpito e sconvolto le nostre esistenze cos\u00ec violentemente e in maniera inaspettata e improvvisa, impone una serie di riflessioni e di azioni a cui nemmeno noi vogliamo sottrarci.<\/em><br \/>\n<em> L&#8217;Italia si sta avviando verso una lenta e faticosa ripartenza, in attesa di tornare a una sorta di normalit\u00e0 apparente, una volta debellato il nemico che tiene sotto scacco l\u2019intero pianeta. <strong>Anche il mondo del collezionismo e dei veicoli storici ha accusato un colpo durissimo<\/strong>. Ancora non siamo neppure in grado di stimare quanto.<\/em><br \/>\n<em> Oggi le nostre automobili classiche, le nostre motociclette storiche sono ferme e, con esse, si \u00e8 bloccato l\u2019immenso circuito di specialisti del settore, della compravendita, dell\u2019organizzazione degli eventi. Il nostro \u00e8 indubbiamente un mondo fatto di <strong>condivisione<\/strong>, di<strong> rapporti interpersonali<\/strong>, di grandi e piccoli momenti d\u2019<strong>aggregazione<\/strong> e <strong>comunanza<\/strong> d\u2019interessi. La <strong>passione<\/strong> per tutto ci\u00f2 che \u00e8 classico vive e si alimenta sull\u2019interazione tra le persone, a qualsiasi livello e a qualsiasi titolo, in pressoch\u00e9 tutte le sue forme.<\/em><\/p>\n<p>[\/et_pb_text][\/et_pb_column][\/et_pb_row][et_pb_row admin_label=&#8221;Row&#8221; custom_width_percent=&#8221;80&#8243; custom_padding=&#8221;50px|||&#8221; padding_mobile=&#8221;on&#8221; column_padding_mobile=&#8221;on&#8221; parallax_method_1=&#8221;off&#8221; disabled_on=&#8221;off|off|off&#8221;][et_pb_column type=&#8221;4_4&#8243;][et_pb_divider admin_label=&#8221;Linea citazione&#8221; color=&#8221;#aeaeac&#8221; show_divider=&#8221;on&#8221; divider_style=&#8221;solid&#8221; divider_position=&#8221;top&#8221; hide_on_mobile=&#8221;off&#8221;]<\/p>\n<p>&nbsp;<\/p>\n<p>[\/et_pb_divider][et_pb_text admin_label=&#8221;Citazione&#8221; text_orientation=&#8221;center&#8221; max_width=&#8221;900px&#8221; header_font_size=&#8221;30&#8243; header_letter_spacing=&#8221;0&#8243; header_line_height=&#8221;1&#8243; text_font=&#8221;PT Serif||||&#8221; text_font_size=&#8221;48&#8243; text_font_size_tablet=&#8221;38&#8243; text_font_size_last_edited=&#8221;on|tablet&#8221; text_text_color=&#8221;#363636&#8243; text_letter_spacing=&#8221;0&#8243; text_line_height=&#8221;1.3&#8243; custom_margin=&#8221;16px||30px|&#8221;]<\/p>\n<p>&#8220;Guarda laggi\u00f9. Laggi\u00f9 c&#8217;\u00e8 il giro perfetto: nessun errore, ogni cambio di marcia, ogni curva&#8230; tutto perfetto, lo vedi?&#8221;<em><span style=\"font-size: large;\">dal film Le Mans 66<\/span><\/em><\/p>\n<p>[\/et_pb_text][et_pb_divider admin_label=&#8221;Linea citazione&#8221; color=&#8221;#aeaeac&#8221; show_divider=&#8221;on&#8221; divider_style=&#8221;solid&#8221; divider_position=&#8221;top&#8221; hide_on_mobile=&#8221;off&#8221;]<\/p>\n<p>&nbsp;<\/p>\n<p>[\/et_pb_divider][\/et_pb_column][\/et_pb_row][et_pb_row admin_label=&#8221;row&#8221; custom_padding=&#8221;17px|||&#8221; padding_mobile=&#8221;on&#8221; column_padding_mobile=&#8221;on&#8221; parallax_method_1=&#8221;off&#8221; parallax_method_2=&#8221;off&#8221;][et_pb_column type=&#8221;1_3&#8243;][\/et_pb_column][et_pb_column type=&#8221;2_3&#8243;][et_pb_text admin_label=&#8221;Blocco testo 2&#8243; max_width=&#8221;620px&#8221; header_font_size=&#8221;30&#8243; header_letter_spacing=&#8221;0&#8243; header_line_height=&#8221;1&#8243; text_font=&#8221;PT Sans||||&#8221; text_font_size=&#8221;20&#8243; text_font_size_last_edited=&#8221;on|tablet&#8221; text_text_color=&#8221;#363636&#8243; text_letter_spacing=&#8221;0&#8243; text_line_height=&#8221;1.5&#8243; custom_margin=&#8221;30px||0px|&#8221;]<\/p>\n<p><em>Il settore dei veicoli di interesse storico e collezionistico \u00e8 un elemento primario del nostro Paese, che in passato ha avuto grande rilevanza per lo sviluppo e la diffusione dell\u2019automobile, per il suo ruolo nel mondo delle competizioni e perch\u00e9 ha dato alla luce alcuni tra i pi\u00f9 geniali costruttori, designer e tecnici di sempre. Inoltre, il nostro comparto interpreta universalmente straordinari valori di cultura, di turismo, di storia e di fine artigianato e rappresenta un patrimonio che tutto il mondo ci invidia: \u00e8 dunque fondamentale che istituzioni, club, musei e tutte le aziende attive in questo ambito in Italia si uniscano con comunione d&#8217;intenti e condivisione di vedute per salvaguardare tanto il patrimonio storico quanto il conseguente sostanzioso indotto &#8211; oltre 2,2 miliardi di euro al 2018 &#8211; generato dalle pi\u00f9 svariate attivit\u00e0.<\/em><br \/>\n<em> Editoriale Domus \u00e8 con le sue testate dal 1929 il trait d\u2019union fra l\u2019industria e i consumatori, parlando all\u2019opinione pubblica con voce autorevole e indipendente. In ossequio a tale funzione, Ruoteclassiche e Youngtimer promuovono<\/em><em>\u00a0<strong>#InsiemePerIlClassico<\/strong><\/em><em style=\"letter-spacing: 0px;\">\u00a0un <strong>movimento volto a sostenere all&#8217;insegna della solidariet\u00e0 e della sensibilizzazione l&#8217;agire comune<\/strong> del comparto heritage, a partire dalle associazioni di categoria alle quali viene qui chiesto il patrocinio.<\/em><\/p>\n<p><em> L&#8217;obbiettivo primo di\u00a0<strong>#InsiemePerIlClassico<\/strong><\/em><em style=\"font-family: 'PT Sans', Helvetica, Arial, Lucida, sans-serif; font-size: 20px; font-variant-ligatures: normal; font-variant-caps: normal; font-weight: 400; letter-spacing: 0px;\"><strong>\u00a0<\/strong><\/em><em style=\"letter-spacing: 0px;\">\u00e8 di diventare una piattaforma di condivisione di intenti, iniziative, esperienze e idee per rimettere in moto l\u2019economia\u00a0del nostro settore e per dare voce e visibilit\u00e0 persistente ai partner che vi aderiscono, divulgando in maniera organica e autorevole presso il grande pubblico di appassionati le iniziative messe in campo dalla categoria in questa tragica contingenza.<\/em><\/p>\n<p>[\/et_pb_text][\/et_pb_column][\/et_pb_row][et_pb_row admin_label=&#8221;Row&#8221; custom_width_percent=&#8221;80&#8243; custom_padding=&#8221;50px|||&#8221; custom_padding_tablet=&#8221;17px|||&#8221; column_padding_mobile=&#8221;on&#8221; parallax_method_1=&#8221;off&#8221; parallax_method_2=&#8221;off&#8221; disabled_on=&#8221;off||&#8221; custom_padding_last_edited=&#8221;on|tablet&#8221;][et_pb_column type=&#8221;4_4&#8243;][et_pb_image admin_label=&#8221;Immagine&#8221; src=&#8221;https:\/\/www.museofratellicozzi.com\/news\/wp-content\/uploads\/2020\/04\/Riviste.png&#8221; animation=&#8221;fade_in&#8221; sticky=&#8221;on&#8221;]<\/p>\n<p>&nbsp;<\/p>\n<p>[\/et_pb_image][\/et_pb_column][\/et_pb_row][et_pb_row admin_label=&#8221;row&#8221; custom_padding=&#8221;17px|||&#8221; padding_mobile=&#8221;on&#8221; column_padding_mobile=&#8221;on&#8221; parallax_method_1=&#8221;off&#8221; parallax_method_2=&#8221;off&#8221;][et_pb_column type=&#8221;1_3&#8243;][\/et_pb_column][et_pb_column type=&#8221;2_3&#8243;][et_pb_text admin_label=&#8221;Blocco testo 2&#8243; max_width=&#8221;620px&#8221; header_font_size=&#8221;30&#8243; header_letter_spacing=&#8221;0&#8243; header_line_height=&#8221;1&#8243; text_font=&#8221;PT Sans||||&#8221; text_font_size=&#8221;20&#8243; text_font_size_last_edited=&#8221;on|tablet&#8221; text_text_color=&#8221;#363636&#8243; text_letter_spacing=&#8221;0&#8243; text_line_height=&#8221;1.5&#8243; custom_margin=&#8221;30px||0px|&#8221; background_layout=&#8221;light&#8221; text_orientation=&#8221;left&#8221; use_border_color=&#8221;off&#8221; border_color=&#8221;#ffffff&#8221; border_width=&#8221;1&#8243; border_style=&#8221;solid&#8221;]<\/p>\n<p><em><span style=\"color: #e02b20;\">#insiemeperilclassico<\/span>\u00a0ha preso il via luned\u00ec 27 aprile con le prime iniziative social identificate dall\u2019omonimo hashtag, attiveremo insieme una sezione dedicata sul nostro sito <strong><a href=\"http:\/\/www.ruoteclassiche.it\">ruoteclassiche.it<\/a><\/strong><\/em><br \/>\n<em> e un contenitore sui nostri giornali. Sin da subito, riuniti dall\u2019hashtag,\u00a0\u00a0i player del settore heritage potranno utilizzare la cassa di risonanza garantita dalle property digitali di Ruoteclassiche per informare sulla ripresa delle rispettive attivit\u00e0 e sulle eventuali azioni intraprese in favore della comunit\u00e0 degli appassionati. Per aumentare il coinvolgimento, anche il nostro pubblico potr\u00e0 essere compreso nell&#8217;iniziativa: chiederemo a lettori e personaggi pi\u00f9 conosciuti del nostro mondo di partecipare a incontri virtuali sui nostri profili social il cui messaggio sar\u00e0 semplice e diretto: <strong>&#8220;Siamo #DistantiMaVicini, #InsiemePerIlClassico&#8221;.\u00a0<\/strong><\/em><\/p>\n<p><em><strong>#InsiemePerIlClassico<\/strong>\u00a0<\/em><em>sar\u00e0 la leva ideale per facilitare lo scambio fra gli addetti ai lavori del comparto auto\/moto classiche e l\u2019immensa platea di appassionati, disegnando la strada per il futuro e rappresentando esigenze e opportunit\u00e0 di una categoria alle prese con una crisi senza precedenti, tale da poter potenzialmente compromettere l&#8217;indiscusso patrimonio occupazionale e le eccellenze espresse dagli operatori del settore.<\/em><br \/>\n<em> In sintesi, mettiamo a disposizione di tutti il nostro articolato e strutturato apparato di comunicazione (sito, social media, giornali) per amplificare i vostri messaggi legati all\u2019iniziativa\u00a0<\/em><em style=\"font-variant-ligatures: normal; font-variant-caps: normal; font-weight: 400; font-size: 20px; font-family: 'PT Sans', Helvetica, Arial, Lucida, sans-serif;\"><strong>#InsiemePerIlClassico\u00a0<\/strong><\/em><em>e ci proponiamo di essere i promotori di un evento nella parte finale dell\u2019anno, quando sar\u00e0 possibile tornare a incontrarci sia allo scopo di condividere quanto fatto nel frattempo sia per definire i prossimi passi.<\/em><br \/>\n<em> Condividete i vostri propositi e le vostre riflessioni a:\u00a0 \u00a0<\/em>insiemeperilclassico@ruoteclassiche.it<br \/>\n<em> Restiamo fermamente convinti che tutti noi insieme, uniti e con lo stesso obiettivo comune torneremo pi\u00f9 forti e pi\u00f9 grandi di prima.<\/em><br \/>\n<em> Con il solito affetto che ci lega da pi\u00f9 trent\u2019anni, vi aspettiamo numerosi.<\/em><\/p>\n<p>David Giudici<br \/>\n<em> Direttore Ruoteclassiche e Youngtimer<\/em><\/p>\n<p>[\/et_pb_text][\/et_pb_column][\/et_pb_row][\/et_pb_section]<\/p>\n","protected":false},"excerpt":{"rendered":"<p>Condivisione di intenti, iniziative, esperienze e idee per rimettere in moto l\u2019economia del settore &#8220;heritage&#8221; divulgando le iniziative messe in campo dalla categoria. Stay connected!<\/p>\n","protected":false},"author":5,"featured_media":9978,"comment_status":"open","ping_status":"open","sticky":false,"template":"","format":"standard","meta":{"_et_pb_use_builder":"on","_et_pb_old_content":"","_et_gb_content_width":"","_jetpack_memberships_contains_paid_content":false,"footnotes":""},"categories":[157],"tags":[589,84],"class_list":["post-9974","post","type-post","status-publish","format-standard","has-post-thumbnail","hentry","category-storie-con-alfa","tag-insiemeperilclassico","tag-ruoteclassiche","et-has-post-format-content","et_post_format-et-post-format-standard"],"yoast_head":"<!-- This site is optimized with the Yoast SEO plugin v26.8 - https:\/\/yoast.com\/product\/yoast-seo-wordpress\/ -->\n<title>Insieme per il classico - eNews Museo Fratelli Cozzi<\/title>\n<meta name=\"description\" content=\"Condivisione di intenti, iniziative, esperienze e idee per rimettere in moto l\u2019economia del settore &quot;heritage&quot;.\" \/>\n<meta name=\"robots\" content=\"index, follow, max-snippet:-1, max-image-preview:large, max-video-preview:-1\" \/>\n<link rel=\"canonical\" href=\"https:\/\/www.museofratellicozzi.com\/news\/insieme-per-il-classico\/\" \/>\n<meta property=\"og:locale\" content=\"it_IT\" \/>\n<meta property=\"og:type\" content=\"article\" \/>\n<meta property=\"og:title\" content=\"Insieme per il classico - eNews Museo Fratelli Cozzi\" \/>\n<meta property=\"og:description\" content=\"Condivisione di intenti, iniziative, esperienze e idee per rimettere in moto l\u2019economia del settore &quot;heritage&quot;.\" \/>\n<meta property=\"og:url\" content=\"https:\/\/www.museofratellicozzi.com\/news\/insieme-per-il-classico\/\" \/>\n<meta property=\"og:site_name\" content=\"eNews Museo Fratelli Cozzi\" \/>\n<meta property=\"article:published_time\" content=\"2020-04-28T14:40:13+00:00\" \/>\n<meta property=\"article:modified_time\" content=\"2020-11-12T15:54:19+00:00\" \/>\n<meta property=\"og:image\" content=\"https:\/\/www.museofratellicozzi.com\/news\/wp-content\/uploads\/2020\/04\/Immagine-evidenza-WIP-2.png\" \/>\n\t<meta property=\"og:image:width\" content=\"560\" \/>\n\t<meta property=\"og:image:height\" content=\"315\" \/>\n\t<meta property=\"og:image:type\" content=\"image\/png\" \/>\n<meta name=\"author\" content=\"Laura Defendi\" \/>\n<meta name=\"twitter:card\" content=\"summary_large_image\" \/>\n<meta name=\"twitter:label1\" content=\"Scritto da\" \/>\n\t<meta name=\"twitter:data1\" content=\"Laura Defendi\" \/>\n\t<meta name=\"twitter:label2\" content=\"Tempo di lettura stimato\" \/>\n\t<meta name=\"twitter:data2\" content=\"9 minuti\" \/>\n<script type=\"application\/ld+json\" class=\"yoast-schema-graph\">{\"@context\":\"https:\/\/schema.org\",\"@graph\":[{\"@type\":\"Article\",\"@id\":\"https:\/\/www.museofratellicozzi.com\/news\/insieme-per-il-classico\/#article\",\"isPartOf\":{\"@id\":\"https:\/\/www.museofratellicozzi.com\/news\/insieme-per-il-classico\/\"},\"author\":{\"name\":\"Laura Defendi\",\"@id\":\"https:\/\/www.museofratellicozzi.com\/news\/#\/schema\/person\/9c1de5abfab71104e0bfe41cca1b7072\"},\"headline\":\"Insieme per il classico\",\"datePublished\":\"2020-04-28T14:40:13+00:00\",\"dateModified\":\"2020-11-12T15:54:19+00:00\",\"mainEntityOfPage\":{\"@id\":\"https:\/\/www.museofratellicozzi.com\/news\/insieme-per-il-classico\/\"},\"wordCount\":1894,\"commentCount\":1,\"publisher\":{\"@id\":\"https:\/\/www.museofratellicozzi.com\/news\/#organization\"},\"image\":{\"@id\":\"https:\/\/www.museofratellicozzi.com\/news\/insieme-per-il-classico\/#primaryimage\"},\"thumbnailUrl\":\"https:\/\/www.museofratellicozzi.com\/news\/wp-content\/uploads\/2020\/04\/Immagine-evidenza-WIP-2.png\",\"keywords\":[\"#Insiemeperilclassico\",\"ruoteclassiche\"],\"articleSection\":[\"Storie con alfa\"],\"inLanguage\":\"it-IT\",\"potentialAction\":[{\"@type\":\"CommentAction\",\"name\":\"Comment\",\"target\":[\"https:\/\/www.museofratellicozzi.com\/news\/insieme-per-il-classico\/#respond\"]}]},{\"@type\":\"WebPage\",\"@id\":\"https:\/\/www.museofratellicozzi.com\/news\/insieme-per-il-classico\/\",\"url\":\"https:\/\/www.museofratellicozzi.com\/news\/insieme-per-il-classico\/\",\"name\":\"Insieme per il classico - eNews Museo Fratelli Cozzi\",\"isPartOf\":{\"@id\":\"https:\/\/www.museofratellicozzi.com\/news\/#website\"},\"primaryImageOfPage\":{\"@id\":\"https:\/\/www.museofratellicozzi.com\/news\/insieme-per-il-classico\/#primaryimage\"},\"image\":{\"@id\":\"https:\/\/www.museofratellicozzi.com\/news\/insieme-per-il-classico\/#primaryimage\"},\"thumbnailUrl\":\"https:\/\/www.museofratellicozzi.com\/news\/wp-content\/uploads\/2020\/04\/Immagine-evidenza-WIP-2.png\",\"datePublished\":\"2020-04-28T14:40:13+00:00\",\"dateModified\":\"2020-11-12T15:54:19+00:00\",\"description\":\"Condivisione di intenti, iniziative, esperienze e idee per rimettere in moto l\u2019economia del settore \\\"heritage\\\".\",\"breadcrumb\":{\"@id\":\"https:\/\/www.museofratellicozzi.com\/news\/insieme-per-il-classico\/#breadcrumb\"},\"inLanguage\":\"it-IT\",\"potentialAction\":[{\"@type\":\"ReadAction\",\"target\":[\"https:\/\/www.museofratellicozzi.com\/news\/insieme-per-il-classico\/\"]}]},{\"@type\":\"ImageObject\",\"inLanguage\":\"it-IT\",\"@id\":\"https:\/\/www.museofratellicozzi.com\/news\/insieme-per-il-classico\/#primaryimage\",\"url\":\"https:\/\/www.museofratellicozzi.com\/news\/wp-content\/uploads\/2020\/04\/Immagine-evidenza-WIP-2.png\",\"contentUrl\":\"https:\/\/www.museofratellicozzi.com\/news\/wp-content\/uploads\/2020\/04\/Immagine-evidenza-WIP-2.png\",\"width\":560,\"height\":315},{\"@type\":\"BreadcrumbList\",\"@id\":\"https:\/\/www.museofratellicozzi.com\/news\/insieme-per-il-classico\/#breadcrumb\",\"itemListElement\":[{\"@type\":\"ListItem\",\"position\":1,\"name\":\"Home\",\"item\":\"https:\/\/www.museofratellicozzi.com\/news\/\"},{\"@type\":\"ListItem\",\"position\":2,\"name\":\"Insieme per il classico\"}]},{\"@type\":\"WebSite\",\"@id\":\"https:\/\/www.museofratellicozzi.com\/news\/#website\",\"url\":\"https:\/\/www.museofratellicozzi.com\/news\/\",\"name\":\"eNews Museo Fratelli Cozzi\",\"description\":\"Alfa Romeo: un mito che resiste al tempo\",\"publisher\":{\"@id\":\"https:\/\/www.museofratellicozzi.com\/news\/#organization\"},\"potentialAction\":[{\"@type\":\"SearchAction\",\"target\":{\"@type\":\"EntryPoint\",\"urlTemplate\":\"https:\/\/www.museofratellicozzi.com\/news\/?s={search_term_string}\"},\"query-input\":{\"@type\":\"PropertyValueSpecification\",\"valueRequired\":true,\"valueName\":\"search_term_string\"}}],\"inLanguage\":\"it-IT\"},{\"@type\":\"Organization\",\"@id\":\"https:\/\/www.museofratellicozzi.com\/news\/#organization\",\"name\":\"Museo Fratelli Cozzi\",\"url\":\"https:\/\/www.museofratellicozzi.com\/news\/\",\"logo\":{\"@type\":\"ImageObject\",\"inLanguage\":\"it-IT\",\"@id\":\"https:\/\/www.museofratellicozzi.com\/news\/#\/schema\/logo\/image\/\",\"url\":\"https:\/\/www.museofratellicozzi.com\/news\/wp-content\/uploads\/2017\/04\/home.png\",\"contentUrl\":\"https:\/\/www.museofratellicozzi.com\/news\/wp-content\/uploads\/2017\/04\/home.png\",\"width\":497,\"height\":512,\"caption\":\"Museo Fratelli Cozzi\"},\"image\":{\"@id\":\"https:\/\/www.museofratellicozzi.com\/news\/#\/schema\/logo\/image\/\"}},{\"@type\":\"Person\",\"@id\":\"https:\/\/www.museofratellicozzi.com\/news\/#\/schema\/person\/9c1de5abfab71104e0bfe41cca1b7072\",\"name\":\"Laura Defendi\",\"image\":{\"@type\":\"ImageObject\",\"inLanguage\":\"it-IT\",\"@id\":\"https:\/\/www.museofratellicozzi.com\/news\/#\/schema\/person\/image\/\",\"url\":\"https:\/\/secure.gravatar.com\/avatar\/fa196a116a28416a994aad4b629b4ae8?s=96&d=mm&r=g\",\"contentUrl\":\"https:\/\/secure.gravatar.com\/avatar\/fa196a116a28416a994aad4b629b4ae8?s=96&d=mm&r=g\",\"caption\":\"Laura Defendi\"}}]}<\/script>\n<!-- \/ Yoast SEO plugin. -->","yoast_head_json":{"title":"Insieme per il classico - eNews Museo Fratelli Cozzi","description":"Condivisione di intenti, iniziative, esperienze e idee per rimettere in moto l\u2019economia del settore \"heritage\".","robots":{"index":"index","follow":"follow","max-snippet":"max-snippet:-1","max-image-preview":"max-image-preview:large","max-video-preview":"max-video-preview:-1"},"canonical":"https:\/\/www.museofratellicozzi.com\/news\/insieme-per-il-classico\/","og_locale":"it_IT","og_type":"article","og_title":"Insieme per il classico - eNews Museo Fratelli Cozzi","og_description":"Condivisione di intenti, iniziative, esperienze e idee per rimettere in moto l\u2019economia del settore \"heritage\".","og_url":"https:\/\/www.museofratellicozzi.com\/news\/insieme-per-il-classico\/","og_site_name":"eNews Museo Fratelli Cozzi","article_published_time":"2020-04-28T14:40:13+00:00","article_modified_time":"2020-11-12T15:54:19+00:00","og_image":[{"width":560,"height":315,"url":"https:\/\/www.museofratellicozzi.com\/news\/wp-content\/uploads\/2020\/04\/Immagine-evidenza-WIP-2.png","type":"image\/png"}],"author":"Laura Defendi","twitter_card":"summary_large_image","twitter_misc":{"Scritto da":"Laura Defendi","Tempo di lettura stimato":"9 minuti"},"schema":{"@context":"https:\/\/schema.org","@graph":[{"@type":"Article","@id":"https:\/\/www.museofratellicozzi.com\/news\/insieme-per-il-classico\/#article","isPartOf":{"@id":"https:\/\/www.museofratellicozzi.com\/news\/insieme-per-il-classico\/"},"author":{"name":"Laura Defendi","@id":"https:\/\/www.museofratellicozzi.com\/news\/#\/schema\/person\/9c1de5abfab71104e0bfe41cca1b7072"},"headline":"Insieme per il classico","datePublished":"2020-04-28T14:40:13+00:00","dateModified":"2020-11-12T15:54:19+00:00","mainEntityOfPage":{"@id":"https:\/\/www.museofratellicozzi.com\/news\/insieme-per-il-classico\/"},"wordCount":1894,"commentCount":1,"publisher":{"@id":"https:\/\/www.museofratellicozzi.com\/news\/#organization"},"image":{"@id":"https:\/\/www.museofratellicozzi.com\/news\/insieme-per-il-classico\/#primaryimage"},"thumbnailUrl":"https:\/\/www.museofratellicozzi.com\/news\/wp-content\/uploads\/2020\/04\/Immagine-evidenza-WIP-2.png","keywords":["#Insiemeperilclassico","ruoteclassiche"],"articleSection":["Storie con alfa"],"inLanguage":"it-IT","potentialAction":[{"@type":"CommentAction","name":"Comment","target":["https:\/\/www.museofratellicozzi.com\/news\/insieme-per-il-classico\/#respond"]}]},{"@type":"WebPage","@id":"https:\/\/www.museofratellicozzi.com\/news\/insieme-per-il-classico\/","url":"https:\/\/www.museofratellicozzi.com\/news\/insieme-per-il-classico\/","name":"Insieme per il classico - eNews Museo Fratelli Cozzi","isPartOf":{"@id":"https:\/\/www.museofratellicozzi.com\/news\/#website"},"primaryImageOfPage":{"@id":"https:\/\/www.museofratellicozzi.com\/news\/insieme-per-il-classico\/#primaryimage"},"image":{"@id":"https:\/\/www.museofratellicozzi.com\/news\/insieme-per-il-classico\/#primaryimage"},"thumbnailUrl":"https:\/\/www.museofratellicozzi.com\/news\/wp-content\/uploads\/2020\/04\/Immagine-evidenza-WIP-2.png","datePublished":"2020-04-28T14:40:13+00:00","dateModified":"2020-11-12T15:54:19+00:00","description":"Condivisione di intenti, iniziative, esperienze e idee per rimettere in moto l\u2019economia del settore \"heritage\".","breadcrumb":{"@id":"https:\/\/www.museofratellicozzi.com\/news\/insieme-per-il-classico\/#breadcrumb"},"inLanguage":"it-IT","potentialAction":[{"@type":"ReadAction","target":["https:\/\/www.museofratellicozzi.com\/news\/insieme-per-il-classico\/"]}]},{"@type":"ImageObject","inLanguage":"it-IT","@id":"https:\/\/www.museofratellicozzi.com\/news\/insieme-per-il-classico\/#primaryimage","url":"https:\/\/www.museofratellicozzi.com\/news\/wp-content\/uploads\/2020\/04\/Immagine-evidenza-WIP-2.png","contentUrl":"https:\/\/www.museofratellicozzi.com\/news\/wp-content\/uploads\/2020\/04\/Immagine-evidenza-WIP-2.png","width":560,"height":315},{"@type":"BreadcrumbList","@id":"https:\/\/www.museofratellicozzi.com\/news\/insieme-per-il-classico\/#breadcrumb","itemListElement":[{"@type":"ListItem","position":1,"name":"Home","item":"https:\/\/www.museofratellicozzi.com\/news\/"},{"@type":"ListItem","position":2,"name":"Insieme per il classico"}]},{"@type":"WebSite","@id":"https:\/\/www.museofratellicozzi.com\/news\/#website","url":"https:\/\/www.museofratellicozzi.com\/news\/","name":"eNews Museo Fratelli Cozzi","description":"Alfa Romeo: un mito che resiste al tempo","publisher":{"@id":"https:\/\/www.museofratellicozzi.com\/news\/#organization"},"potentialAction":[{"@type":"SearchAction","target":{"@type":"EntryPoint","urlTemplate":"https:\/\/www.museofratellicozzi.com\/news\/?s={search_term_string}"},"query-input":{"@type":"PropertyValueSpecification","valueRequired":true,"valueName":"search_term_string"}}],"inLanguage":"it-IT"},{"@type":"Organization","@id":"https:\/\/www.museofratellicozzi.com\/news\/#organization","name":"Museo Fratelli Cozzi","url":"https:\/\/www.museofratellicozzi.com\/news\/","logo":{"@type":"ImageObject","inLanguage":"it-IT","@id":"https:\/\/www.museofratellicozzi.com\/news\/#\/schema\/logo\/image\/","url":"https:\/\/www.museofratellicozzi.com\/news\/wp-content\/uploads\/2017\/04\/home.png","contentUrl":"https:\/\/www.museofratellicozzi.com\/news\/wp-content\/uploads\/2017\/04\/home.png","width":497,"height":512,"caption":"Museo Fratelli Cozzi"},"image":{"@id":"https:\/\/www.museofratellicozzi.com\/news\/#\/schema\/logo\/image\/"}},{"@type":"Person","@id":"https:\/\/www.museofratellicozzi.com\/news\/#\/schema\/person\/9c1de5abfab71104e0bfe41cca1b7072","name":"Laura Defendi","image":{"@type":"ImageObject","inLanguage":"it-IT","@id":"https:\/\/www.museofratellicozzi.com\/news\/#\/schema\/person\/image\/","url":"https:\/\/secure.gravatar.com\/avatar\/fa196a116a28416a994aad4b629b4ae8?s=96&d=mm&r=g","contentUrl":"https:\/\/secure.gravatar.com\/avatar\/fa196a116a28416a994aad4b629b4ae8?s=96&d=mm&r=g","caption":"Laura Defendi"}}]}},"jetpack_featured_media_url":"https:\/\/www.museofratellicozzi.com\/news\/wp-content\/uploads\/2020\/04\/Immagine-evidenza-WIP-2.png","jetpack_shortlink":"https:\/\/wp.me\/p90Eth-2AS","jetpack_sharing_enabled":true,"post_mailing_queue_ids":[],"_links":{"self":[{"href":"https:\/\/www.museofratellicozzi.com\/news\/wp-json\/wp\/v2\/posts\/9974","targetHints":{"allow":["GET"]}}],"collection":[{"href":"https:\/\/www.museofratellicozzi.com\/news\/wp-json\/wp\/v2\/posts"}],"about":[{"href":"https:\/\/www.museofratellicozzi.com\/news\/wp-json\/wp\/v2\/types\/post"}],"author":[{"embeddable":true,"href":"https:\/\/www.museofratellicozzi.com\/news\/wp-json\/wp\/v2\/users\/5"}],"replies":[{"embeddable":true,"href":"https:\/\/www.museofratellicozzi.com\/news\/wp-json\/wp\/v2\/comments?post=9974"}],"version-history":[{"count":18,"href":"https:\/\/www.museofratellicozzi.com\/news\/wp-json\/wp\/v2\/posts\/9974\/revisions"}],"predecessor-version":[{"id":11187,"href":"https:\/\/www.museofratellicozzi.com\/news\/wp-json\/wp\/v2\/posts\/9974\/revisions\/11187"}],"wp:featuredmedia":[{"embeddable":true,"href":"https:\/\/www.museofratellicozzi.com\/news\/wp-json\/wp\/v2\/media\/9978"}],"wp:attachment":[{"href":"https:\/\/www.museofratellicozzi.com\/news\/wp-json\/wp\/v2\/media?parent=9974"}],"wp:term":[{"taxonomy":"category","embeddable":true,"href":"https:\/\/www.museofratellicozzi.com\/news\/wp-json\/wp\/v2\/categories?post=9974"},{"taxonomy":"post_tag","embeddable":true,"href":"https:\/\/www.museofratellicozzi.com\/news\/wp-json\/wp\/v2\/tags?post=9974"}],"curies":[{"name":"wp","href":"https:\/\/api.w.org\/{rel}","templated":true}]}}